{"id":70760,"date":"2018-12-28T06:16:37","date_gmt":"2018-12-28T05:16:37","guid":{"rendered":"http:\/\/www.radiopiu.net\/wordpress\/?p=70760"},"modified":"2018-12-28T10:56:07","modified_gmt":"2018-12-28T09:56:07","slug":"giornale-radiopiu-28-dicembre-2018-direttore-mirko-mezzacasa","status":"publish","type":"post","link":"https:\/\/www.radiopiu.net\/wordpress\/giornale-radiopiu-28-dicembre-2018-direttore-mirko-mezzacasa\/","title":{"rendered":"GIORNALE RADIOPIU 28 DICEMBRE 2018 DIRETTORE MIRKO MEZZACASA"},"content":{"rendered":"<p>&nbsp;<\/p>\n<p><strong>La solidariet\u00e0<\/strong> per i bellunesi trova oggi spazio in prima pagina del Corriere delle Alpi, nel fondo welfare della Provincia sono arrivate 136 donazioni per 280 mila euro ed \u00e8 solo il primo bilancio. Giornate intense anche per il <strong>Soccorso Alpino<\/strong> intervenuto per togliere dai guai 3 giovani di Ponte di Piave bloccati in un canale ad Erto e Casso sopra le rocce, erano equipaggiati per le ore pi\u00f9 buie e fredde, in attesa dei soccorsi avevano acceso il fuoco, 12 i soccorritori coinvolti. Altro intervento a Livinallongo per\u00a0 soccorrere sciatori fuori pista, soliti fenomeni di stagione che hanno sfidato i pendii verso il rifugio Burz, incapaci di proseguire hanno chiamato il 118 e uno di loro \u00e8 stato trasportato a valle con il toboga. A <strong>Sospirolo<\/strong> botto nella notte di Natale, alle 2.50 un automobilista pare di nazionalit\u00e0 straniera si \u00e8 schiantato contro il muro di una casa, poi \u00e8 fuggito a piedi tra i campi, edificio inagibile e il sindaco Mauro De Bon che si fa portavoce di chi vive in zona e vorrebbe maggiori controlli sulla velocit\u00e0 anche con l&#8217;installazione dell&#8217;autovelox.\u00a0<strong>A Limana\u00a0<\/strong>dopo 11 anni di attivit\u00e0, chiude l\u2019associazione Amici di Roccia che come atto finale ha effettuato un versamento al Comune di Rocca Pietore: 800 euro per la rinascita del paese. A\u00a0<strong>Canale d&#8217;Agordo\u00a0<\/strong>ieri \u00e8 arrivata un&#8217;importante notizia con l&#8217;auspicio di Monsignor Renato Marangoni, ovvero che Albino Luciani venga riconosciuto Beato gi\u00e0 nel 2019, sembra infatti prossimo il riconoscimento del miracolo di Buenos Aires. A\u00a0 <strong>Fonzaso<\/strong> I Carabinieri hanno stabilito che il colpo al bancomat del 23 dicembre alla filiale di Arten della Cassa Rurale Valsugana ha fruttato ai rapinatori un bottino di 50mila euro, le indagini proseguono ma gli indizi disponibili non sono molti. Oggi a <strong>La Valle Agordina<\/strong> si svolgeranno i funerali di Tito Dell&#8217;Osbel, l&#8217;artista del legno \u00e8 deceduto a 67 anni dopo una lunga malattia, lascia i fratelli Licia e Siro.<\/p>\n<p>&nbsp;<\/p>\n<p>&nbsp;<\/p>\n<blockquote>\n<h1>ACQUA POTABILE<\/h1>\n<p align=\"JUSTIFY\"><span style=\"font-family: Arial, sans-serif;\">Gestione Servizi Pubblici informa che \u00e8 di nuovo potabile, ed utilizzabile per scopi alimentari, l&#8217;acqua erogata a\u00a0<\/span><span style=\"font-family: Arial, sans-serif;\"><strong>Gosaldo<\/strong> nelle localit\u00e0 Bitti, Col Tamai, Ren, Lambroi, Incasal, Le Case, Curti, Melane, Foche, Selle, Giardoi;\u00a0<\/span><span style=\"font-family: Arial, sans-serif;\"><strong>La Valle Agordina,<\/strong> tutto il comune;\u00a0<\/span><span style=\"font-family: Arial, sans-serif;\"><strong>Rivamonte Agordino,<\/strong> in tutto il comune tranne Lonie e Santel;\u00a0<\/span><span style=\"font-family: Arial, sans-serif;\"><strong>San Tomaso Agordino<\/strong> in tutto il comune tranne Avoscan, Roi, La Costa, Sot Colaru&#8217;, Ronch e Canaced\u00e8<\/span><\/p>\n<\/blockquote>\n<p>&nbsp;<\/p>\n<p>&nbsp;<\/p>\n<p>&nbsp;<\/p>\n<h1>INCIDENTE A SANTO STEFANO, INVESTIMENTO A BORCA<\/h1>\n<p>Sono intervenuti i vigili del fuoco del distaccamento di Santo Stefano per un incidente che ha coinvolto 2 autovetture in localit\u00e0 Lacuna. Una ragazzi quindicenne di Vigonza \u00e8 stata elitrasportata all&#8217; ospedale di Belluno, per un trauma cranico e diverse contusioni. Al pronto Soccorso di Pieve di Cadore sono state medicate altre tre persone, due arrivate autonomamente. L\u2019incidente causato\u00a0\u00a0da una mancata precedenza, coinvolti una Fiat Punto e una Opel Corsa sono entrate in collisione. Nel tardo pomeriggio, una donna \u00e8 stata investita a Borca, ma avrebbe riportato conseguenze limitate.<\/p>\n\n\t\t\t<style type='text\/css'>\n\t\t\t\t#gallery-1 {\n\t\t\t\t\tmargin: auto;\n\t\t\t\t}\n\t\t\t\t#gallery-1 .gallery-item {\n\t\t\t\t\tfloat: left;\n\t\t\t\t\tmargin-top: 10px;\n\t\t\t\t\ttext-align: center;\n\t\t\t\t\twidth: 33%;\n\t\t\t\t}\n\t\t\t\t#gallery-1 img {\n\t\t\t\t\tborder: 2px solid #cfcfcf;\n\t\t\t\t}\n\t\t\t\t#gallery-1 .gallery-caption {\n\t\t\t\t\tmargin-left: 0;\n\t\t\t\t}\n\t\t\t\t\/* see gallery_shortcode() in wp-includes\/media.php *\/\n\t\t\t<\/style>\n\t\t<div id='gallery-1' class='dt-gallery-container gallery galleryid-70760 gallery-columns-3 gallery-size-thumbnail'><dl class='gallery-item'>\n\t\t\t\t<dt class='gallery-icon landscape'>\n\t\t\t\t\t<a class=\"rollover\" href='https:\/\/www.radiopiu.net\/wordpress\/giornale-radiopiu-28-dicembre-2018-direttore-mirko-mezzacasa\/olympus-digital-camera-177\/'><img loading=\"lazy\" decoding=\"async\" width=\"150\" height=\"150\" src=\"https:\/\/www.radiopiu.net\/wordpress\/wp-content\/uploads\/2018\/12\/1-1-150x150.jpg\" class=\"attachment-thumbnail size-thumbnail\" alt=\"\" \/><\/a>\n\t\t\t\t<\/dt><\/dl><dl class='gallery-item'>\n\t\t\t\t<dt class='gallery-icon landscape'>\n\t\t\t\t\t<a class=\"rollover\" href='https:\/\/www.radiopiu.net\/wordpress\/giornale-radiopiu-28-dicembre-2018-direttore-mirko-mezzacasa\/olympus-digital-camera-178\/'><img loading=\"lazy\" decoding=\"async\" width=\"150\" height=\"150\" src=\"https:\/\/www.radiopiu.net\/wordpress\/wp-content\/uploads\/2018\/12\/2-150x150.jpg\" class=\"attachment-thumbnail size-thumbnail\" alt=\"\" \/><\/a>\n\t\t\t\t<\/dt><\/dl><dl class='gallery-item'>\n\t\t\t\t<dt class='gallery-icon landscape'>\n\t\t\t\t\t<a class=\"rollover\" href='https:\/\/www.radiopiu.net\/wordpress\/giornale-radiopiu-28-dicembre-2018-direttore-mirko-mezzacasa\/olympus-digital-camera-179\/'><img loading=\"lazy\" decoding=\"async\" width=\"150\" height=\"150\" src=\"https:\/\/www.radiopiu.net\/wordpress\/wp-content\/uploads\/2018\/12\/3-150x150.jpg\" class=\"attachment-thumbnail size-thumbnail\" alt=\"\" \/><\/a>\n\t\t\t\t<\/dt><\/dl><br style=\"clear: both\" \/>\n\t\t\t<\/div>\n\n<p>&nbsp;<\/p>\n<p>&nbsp;<\/p>\n<h1>SCIATORI IN DIFFICOLT\u00c0 IN FUORI PISTA<\/h1>\n<p><strong>LIVINALLONGO<\/strong> Per un eventuale supporto alle operazioni, nel pomeriggio una squadra del Soccorso alpino di Livinallongo \u00e8 stata inviata dalla Centrale del 118 lungo la pista nera del Burz, dove alcuni sciatori usciti dal tracciato si erano trovati in difficolt\u00e0. Una volta sul posto, uno degli sciatori che si era fatto male \u00e8 stato caricato sul toboga dall&#8217;assistenza piste e portato a valle, mentre i compagni, impauriti, sono stati riaccompagnati dal gatto delle nevi degli impianti di risalita.<\/p>\n<p>&nbsp;<\/p>\n<p>&nbsp;<\/p>\n<h1>INCIDENTI SUGLI SCI<\/h1>\n<p>Incidente ieri, ad Arabba, coinvolta una undicenne, che ha riportato diversi traumi, dopo l\u2019impatto con un altro sciatore. La giovanissima\u00a0 \u00e8 stata soccorsa gi\u00e0 in pista e poi imbarellata per il trasporto all\u2019ospedale di Bolzano con l\u2019elicottero dell\u2019Aiut Alpin Dolomites con ferite di media gravit\u00e0. Un 18enne di Pavia, \u00e8 caduto a Sappada, ma senza gravi conseguenze.\u00a0Sta meglio Gianmarco Rocco di Torrepadula, l&#8217;attore,\u00a046enne bolognese, che ha recitato anche nel cinepanettone Vacanze di Natale 2000 insieme a Massimo Boldi e Christian De Sica, era stato portato in Rianimazione, dopo essere caduto sulla Belvedere di Arabba e aver riportato un politrauma.<\/p>\n<p>&nbsp;<\/p>\n<p>&nbsp;<\/p>\n<h1>FESTE IN CARCERE PER FARSI PASSARE LA SBRONZA<\/h1>\n<p><strong>BELLUNO.<\/strong> \u00a0Un 24enne di nazionalit\u00e0 ucraina, ma residente a Trichiana, \u00e8 stato arrestato dalla polizia per resistenza a pubblico ufficiale.\u00a0 Nella serata della vigilia di Natale ha\u00a0infastidito i gestori e avventori della casette di piazza dei Martiri e poi quelli dell\u2019osteria al Bocia ed\u00a0\u00a0\u00e8 stato chiamato il 113.\u00a0 L\u2019uomo si \u00e8 sarebbe scagliato sia sulla convivente che sugli agenti, pertanto \u00e8 stato arrestato e portato nel carcere di Baldenich dove rimane in attesa dell\u2019udienza di convalida.<\/p>\n<p>&nbsp;<\/p>\n<p>&nbsp;<\/p>\n<p>&nbsp;<\/p>\n<h1>IL RECUPERO DEL BOSCO DIPENDE DALLE STRADE SILVO PASTORALI. SI INTERVENGA.<\/h1>\n<p><strong><a class=\"dt-pswp-item\" href=\"http:\/\/www.radiopiu.net\/wordpress\/wp-content\/uploads\/2018\/12\/45121064_10218097811418401_6856386495985483776_n.jpg\" data-dt-img-description=\"\" data-large_image_width=\"960\" data-large_image_height=\"642\"><img loading=\"lazy\" decoding=\"async\" class=\"size-medium wp-image-69346 alignleft\" src=\"http:\/\/www.radiopiu.net\/wordpress\/wp-content\/uploads\/2018\/12\/45121064_10218097811418401_6856386495985483776_n-300x201.jpg\" alt=\"\" width=\"300\" height=\"201\" srcset=\"https:\/\/www.radiopiu.net\/wordpress\/wp-content\/uploads\/2018\/12\/45121064_10218097811418401_6856386495985483776_n-300x201.jpg 300w, https:\/\/www.radiopiu.net\/wordpress\/wp-content\/uploads\/2018\/12\/45121064_10218097811418401_6856386495985483776_n-768x514.jpg 768w, https:\/\/www.radiopiu.net\/wordpress\/wp-content\/uploads\/2018\/12\/45121064_10218097811418401_6856386495985483776_n.jpg 960w\" sizes=\"auto, (max-width: 300px) 100vw, 300px\" \/><\/a>AGORDO<\/strong> Roberto Chissal\u00e8 ha chiesto attenzione per le strade silvo pastorali mai cosi&#8217; importanti dopo gli eventi calamitosi, &#8220;Si pensi alla manutenzione delle strade silvo pastorali, la situazione dei boschi \u00e8 preoccupante e brutta da vedere &#8211; ha detto Chissal\u00e8 &#8211; sarebbe opportuno anche attraverso contributi di realizzare delle piste forestali per agevolare il Comune che vanta propriet\u00e0 boschive, ma anche per i privati. Il nostro territorio necessita di interventi anche per l&#8217;estetica dei luoghi e per le malattie dei boschi&#8221;.<\/p>\n<p>Il sindaco Sisto Da Roit ha assicurato che il problema ha l&#8217;attenzione degli amministratori &#8220;Abbiamo provveduto &#8211; ha detto- ad informare chi di competenza circa le strade che abbisognano di manutenzione. Le piste forestali sono previste nei piani del Commisssario Delegato (Luca Zaia ndr.) purch\u00e9 poi a fine emergenza venga ripristinato il bosco. Attendiamo risposte dal settore forestale della Regione Veneto&#8221;.<br \/>\n<strong>IL SINDACO DI AGORDO SISTO DA ROIT<\/strong><\/p>\n<audio class=\"wp-audio-shortcode\" id=\"audio-70760-1\" preload=\"none\" style=\"width: 100%;\" controls=\"controls\"><source type=\"audio\/mpeg\" src=\"http:\/\/www.radiopiu.net\/wordpress\/wp-content\/uploads\/2018\/12\/DA-ROIT-PASTORALI.mp3?_=1\" \/><a href=\"http:\/\/www.radiopiu.net\/wordpress\/wp-content\/uploads\/2018\/12\/DA-ROIT-PASTORALI.mp3\">http:\/\/www.radiopiu.net\/wordpress\/wp-content\/uploads\/2018\/12\/DA-ROIT-PASTORALI.mp3<\/a><\/audio>\n<h1>L&#8217;ASSESSORE AI LAVORI PUBBLICI STEFANO TOME&#8217; E LA MANUTENZIONE DELLE STRADE COMUNALI, 40 MILA GLI EURO PER LE PROGETTAZIONI<\/h1>\n<p>Ben 300 mila euro saranno spesi per le manutenzioni delle strade comunali, ad iniziare dalle barriere di protezione, lo ha spiegato l&#8217;assessore e vicesindaco Stefano Tom\u00e8.<\/p>\n<audio class=\"wp-audio-shortcode\" id=\"audio-70760-2\" preload=\"none\" style=\"width: 100%;\" controls=\"controls\"><source type=\"audio\/mpeg\" src=\"http:\/\/www.radiopiu.net\/wordpress\/wp-content\/uploads\/2018\/12\/STEFANO-TOME.mp3?_=2\" \/><a href=\"http:\/\/www.radiopiu.net\/wordpress\/wp-content\/uploads\/2018\/12\/STEFANO-TOME.mp3\">http:\/\/www.radiopiu.net\/wordpress\/wp-content\/uploads\/2018\/12\/STEFANO-TOME.mp3<\/a><\/audio>\n<p>Il consigliere comunale Roberto Chissal\u00e8 cos\u00ec ha commentato le scelte del gruppo di maggioranza. Dichiarazione lapidaria &#8220;non avete le idee tanto chiare&#8221;,\u00a0 sintomo di insoddisfazione.<\/p>\n<audio class=\"wp-audio-shortcode\" id=\"audio-70760-3\" preload=\"none\" style=\"width: 100%;\" controls=\"controls\"><source type=\"audio\/mpeg\" src=\"http:\/\/www.radiopiu.net\/wordpress\/wp-content\/uploads\/2018\/12\/CHISSALE-CHIUSURA-1.mp3?_=3\" \/><a href=\"http:\/\/www.radiopiu.net\/wordpress\/wp-content\/uploads\/2018\/12\/CHISSALE-CHIUSURA-1.mp3\">http:\/\/www.radiopiu.net\/wordpress\/wp-content\/uploads\/2018\/12\/CHISSALE-CHIUSURA-1.mp3<\/a><\/audio>\n<p>&nbsp;<\/p>\n<p>&nbsp;<\/p>\n<h1><\/h1>\n<p>&nbsp;<\/p>\n<h1>ANCHE AGORDO NEL PROGETTO &#8220;SERVIZI AGLI STRANIERI&#8221;<\/h1>\n<blockquote><p><em>Presentato il progetto M.A.R.I. dei comuni di Belluno, Agordo e Feltre<\/em><\/p><\/blockquote>\n<p><strong><a class=\"dt-pswp-item\" href=\"http:\/\/www.radiopiu.net\/wordpress\/wp-content\/uploads\/2018\/12\/Presentazione-progetto-M.A.R.I.-3.jpg\" data-dt-img-description=\"\" data-large_image_width=\"4950\" data-large_image_height=\"3300\"><img loading=\"lazy\" decoding=\"async\" class=\"size-medium wp-image-70763 alignleft\" src=\"http:\/\/www.radiopiu.net\/wordpress\/wp-content\/uploads\/2018\/12\/Presentazione-progetto-M.A.R.I.-3-300x200.jpg\" alt=\"\" width=\"300\" height=\"200\" srcset=\"https:\/\/www.radiopiu.net\/wordpress\/wp-content\/uploads\/2018\/12\/Presentazione-progetto-M.A.R.I.-3-300x200.jpg 300w, https:\/\/www.radiopiu.net\/wordpress\/wp-content\/uploads\/2018\/12\/Presentazione-progetto-M.A.R.I.-3-768x512.jpg 768w, https:\/\/www.radiopiu.net\/wordpress\/wp-content\/uploads\/2018\/12\/Presentazione-progetto-M.A.R.I.-3-1024x683.jpg 1024w\" sizes=\"auto, (max-width: 300px) 100vw, 300px\" \/><\/a>BELLUNO<\/strong> Modulistica tradotta in quattro lingue, assistenza linguistica agli operatori dei servizi demografici e una brochure contenente tutte le indicazioni e i recapiti dei servizi pubblici utili ai cittadini stranieri: questi i risultati del progetto M.A.R.I. &#8211; Multicultural Actions Regional Immigration, sostenuto dal F.A.M.I. &#8211; Fondo asilo migrazione e integrazione, che ha coinvolto i comuni di Belluno (nel ruolo di capofila per il territorio dell&#8217;Ulss 1 Dolomiti), Agordo e Feltre, assieme alla Regione Veneto ed altri comuni e aziende sanitarie del territorio regionale. Il finanziamento, al 50% tra Unione Europea e Stato, \u00e8 stato di poco inferiore ai 10mila euro. A presentare l&#8217;iniziativa, gli assessori del Comune di Belluno alle politiche dei flussi migratori, Valentina Tomasi, e ai servizi demografici, Maurizio Busatta, oltre al Sindaco di Agordo, Sisto Da Roit, e a Anna Della Lucia, esperta in flussi migratori e diritti umani che ha seguito la realizzazione del progetto:<\/p>\n<p><strong>L&#8217;ASSESSORE VALENTINA TOMASI\u00a0<\/strong><\/p>\n<audio class=\"wp-audio-shortcode\" id=\"audio-70760-4\" preload=\"none\" style=\"width: 100%;\" controls=\"controls\"><source type=\"audio\/mpeg\" src=\"http:\/\/www.radiopiu.net\/wordpress\/wp-content\/uploads\/2018\/12\/Valentina-Tomasi-Assessore-politiche-flussi-migratori-Progetto-MARI.mp3?_=4\" \/><a href=\"http:\/\/www.radiopiu.net\/wordpress\/wp-content\/uploads\/2018\/12\/Valentina-Tomasi-Assessore-politiche-flussi-migratori-Progetto-MARI.mp3\">http:\/\/www.radiopiu.net\/wordpress\/wp-content\/uploads\/2018\/12\/Valentina-Tomasi-Assessore-politiche-flussi-migratori-Progetto-MARI.mp3<\/a><\/audio>\n<p>\u00abEssendo un progetto dinamico, che richiede frequenti aggiornamenti ed integrazioni, &#8211; aggiunge Maurizio Busatta \u2013 abbiamo deciso di caricare la brochure e la modulistica tradotta sul sito del Comune di Belluno, oltre ad aver stampato alcune centinaia di copie della brochure che saranno presto distribuite presso tutti gli uffici pubblici frequentati da cittadini stranieri\u00bb.<\/p>\n<p><strong>SISTO DA ROIT, SINDACO DI AGORDO<\/strong><\/p>\n<audio class=\"wp-audio-shortcode\" id=\"audio-70760-5\" preload=\"none\" style=\"width: 100%;\" controls=\"controls\"><source type=\"audio\/mpeg\" src=\"http:\/\/www.radiopiu.net\/wordpress\/wp-content\/uploads\/2018\/12\/Sisto-Da-Roit-Sindaco-di-Agordo-Progetto-MARI.mp3?_=5\" \/><a href=\"http:\/\/www.radiopiu.net\/wordpress\/wp-content\/uploads\/2018\/12\/Sisto-Da-Roit-Sindaco-di-Agordo-Progetto-MARI.mp3\">http:\/\/www.radiopiu.net\/wordpress\/wp-content\/uploads\/2018\/12\/Sisto-Da-Roit-Sindaco-di-Agordo-Progetto-MARI.mp3<\/a><\/audio>\n<p><a class=\"dt-pswp-item\" href=\"http:\/\/www.radiopiu.net\/wordpress\/wp-content\/uploads\/2018\/12\/Presentazione-progetto-M.A.R.I.-2.jpg\" data-dt-img-description=\"\" data-large_image_width=\"5184\" data-large_image_height=\"3456\"><img loading=\"lazy\" decoding=\"async\" class=\"size-medium wp-image-70762 alignleft\" src=\"http:\/\/www.radiopiu.net\/wordpress\/wp-content\/uploads\/2018\/12\/Presentazione-progetto-M.A.R.I.-2-300x200.jpg\" alt=\"\" width=\"300\" height=\"200\" srcset=\"https:\/\/www.radiopiu.net\/wordpress\/wp-content\/uploads\/2018\/12\/Presentazione-progetto-M.A.R.I.-2-300x200.jpg 300w, https:\/\/www.radiopiu.net\/wordpress\/wp-content\/uploads\/2018\/12\/Presentazione-progetto-M.A.R.I.-2-768x512.jpg 768w, https:\/\/www.radiopiu.net\/wordpress\/wp-content\/uploads\/2018\/12\/Presentazione-progetto-M.A.R.I.-2-1024x683.jpg 1024w\" sizes=\"auto, (max-width: 300px) 100vw, 300px\" \/><\/a>Le guide sono state pubblicate in inglese, francese, portoghese e, per il Comune di Belluno, anche in arabo. L&#8217;idea per un futuro sviluppo del progetto include anche l&#8217;estensione delle traduzioni anche al cinese e allo spagnolo. La guida contiene tutte le indicazioni per i servizi ai cittadini: indirizzi, orari, attivit\u00e0 dei vari uffici, dal rilascio dei documenti ai corsi di formazione per adulti, passando per le iscrizioni dei bambini a scuola, i servizi per gli anziani o i centri per l&#8217;impiego.<\/p>\n<p><strong>ANNA DELLA LUCIA, PROGETTO MARI<\/strong><\/p>\n<audio class=\"wp-audio-shortcode\" id=\"audio-70760-6\" preload=\"none\" style=\"width: 100%;\" controls=\"controls\"><source type=\"audio\/mpeg\" src=\"http:\/\/www.radiopiu.net\/wordpress\/wp-content\/uploads\/2018\/12\/Anna-Della-Lucia-Progetto-MARI.mp3?_=6\" \/><a href=\"http:\/\/www.radiopiu.net\/wordpress\/wp-content\/uploads\/2018\/12\/Anna-Della-Lucia-Progetto-MARI.mp3\">http:\/\/www.radiopiu.net\/wordpress\/wp-content\/uploads\/2018\/12\/Anna-Della-Lucia-Progetto-MARI.mp3<\/a><\/audio>\n<p>A curare la realizzazione del progetto, in collaborazione con gli uffici dei tre comuni interessati, \u00e8 stata Anna Della Lucia: \u00abIl progetto mirava a tre azioni principali: il supporto linguistico agli operatori degli sportelli demografici, la traduzione della modulistica presente sui siti dei tre comuni e la realizzazione di un vademecum. Tutto questo \u00e8 una risposta alle richieste dei cittadini stranieri che hanno necessit\u00e0 di orientarsi tra i servizi sociali, lavorativi, sanitari, etc per migliorare la loro integrazione; non parliamo solo di diritti, ma anche di doveri, e per questo la traduzione diventa indispensabile per chiarire alcuni termini tecnici e burocratici altrimenti difficili da capire\u00bb.<\/p>\n<p>&nbsp;<\/p>\n<p>&nbsp;<\/p>\n<p>&nbsp;<\/p>\n<p>&nbsp;<\/p>\n<h2>ARIA, PM10 E ALTRI INQUINANTI, GRAVEMENTE PENALIZZATI I PENDOLARI CHE DEVONO ENTRARE IN CITTA&#8217;. UNCEM: &#8220;SUL LEGNO PROMUOVIAMO I MIGLIORI E PIU&#8217; MODERNI IMPIANTI PER LA PRODUZIONE ENERGETICA, ANCHE CON TELERISCALDAMENTO&#8221;<\/h2>\n<div style=\"text-align: left;\">\n<p><strong><a class=\"dt-pswp-item\" href=\"http:\/\/www.radiopiu.net\/wordpress\/wp-content\/uploads\/2018\/12\/argentera_ferrere-2.jpg\" data-dt-img-description=\"\" data-large_image_width=\"865\" data-large_image_height=\"330\"><img loading=\"lazy\" decoding=\"async\" class=\" wp-image-70718 alignleft\" src=\"http:\/\/www.radiopiu.net\/wordpress\/wp-content\/uploads\/2018\/12\/argentera_ferrere-2-300x114.jpg\" alt=\"\" width=\"316\" height=\"120\" srcset=\"https:\/\/www.radiopiu.net\/wordpress\/wp-content\/uploads\/2018\/12\/argentera_ferrere-2-300x114.jpg 300w, https:\/\/www.radiopiu.net\/wordpress\/wp-content\/uploads\/2018\/12\/argentera_ferrere-2-768x293.jpg 768w, https:\/\/www.radiopiu.net\/wordpress\/wp-content\/uploads\/2018\/12\/argentera_ferrere-2.jpg 865w\" sizes=\"auto, (max-width: 316px) 100vw, 316px\" \/><\/a>Non solo i blocchi del traffico<\/strong> che penalizzano sempre chi dall&#8217;esterno delle citt\u00e0 deve entrare nelle zone urbane per lavorare, studiare o per svago. Non solo la limitazione di euro 1, 2, 3 e 4 che mina gli scambi tra citt\u00e0 e zone rurali, aumentando divari e ampiezza delle periferie. Non solo continue penalizzazioni senza particolari riscontri nella riduzione dell&#8217;inquinamento. &#8220;Ora finiscono, in Piemonte e in altre Regioni, sotto attacco pellet e legna &#8211; sottolinea il Presidente Uncem Marco Bussone &#8211; In citt\u00e0, limitare come \u00e8 stato fatto l&#8217;installazione di stufe a legna va bene. Ma nelle aree rurali e montane \u00e8 assurdo. Grave, direi. Perch\u00e9 rischia di danneggiare, prendere in giro, quei residenti e proprietari di immobili nei 1800 Comuni italiani non metanizzati. Dunque costretti a spendere migliaia di euro l&#8217;anno in gpl e bombole, oppure usare legno del proprio bosco o pellet. Vale per moltissimi Comuni della provincia di Torino, come per tutta la Sardegna, gran parte di Emilia-Romagna, Veneto, Lombardia. <strong>Chi demonizza il legno venga a vivere in un Comune non metanizzato, senza teleriscaldamento<\/strong>. Si sieda a un tavolo e proponga con noi opportunit\u00e0 per far risparmiare le famiglie grazie a una strategia energetica sostenibile ambientalmente ed economicamente&#8221;. Uncem ha sempre proposto numerose soluzioni all&#8217;aumento del Pm10 e di altri inquinanti causati da biomasse. &#8220;Intanto abbiamo <strong>sancito a dicembre un accordo con Aiel<\/strong>, l&#8217;Associazione italiana Energie Agroforestali, per spiegare che <strong>i nuovi apparecchi, domestici e non, <\/strong><strong>a legna e pellet, devono essere ad alto rendimento e basse\u00a0<\/strong><strong>emissioni, impiegare combustibili legnosi di qualit\u00e0 certificata<\/strong>, prevedere installazioni e manutenzioni a\u00a0regola d&#8217;arte &#8211; prosegue Bussone &#8211; Come scrivono Legambiente e Aiel, il legno \u00e8 una risorsa irrinunciabile e rappresenta un terzo delle energie rinnovabili in Italia. Insieme a eolico, fotovoltaico,\u00a0idroelettrico e solare contribuisce in maniera significativa al raggiungimento degli obiettivi europei che per il 2030 si\u00a0prefiggono di raggiungere il 32% di produzione di energia da fonti rinnovabili. <strong>Vogliamo per\u00f2<\/strong><strong>\u00a0garantire una migliore qualit\u00e0 dell&#8217;aria attraverso una\u00a0<\/strong><strong>strategia di rottamazione delle vecchie stufe obsolete con le nuove tecnologie<\/strong>, che riducono le emissioni nocive fino\u00a0all&#8217;80%&#8221;. Aiel ribadisce che il turn-over degli impianti a biomasse forestali riduce drasticamente il Pm10. Cos\u00ec gli impianti energetici a biomasse gestiti dai Comuni o da societ\u00e0 partecipate che alimentano piccole reti di teriscaldamento. <strong>Energia verde grazie ad avanzate caldaie che usano materiale rinnovabile proveniente da &#8216;metri zero&#8217;<\/strong>. &#8220;Demonizzare il legno senza spiegare nel dettaglio cosa prevedono le normative regionali su impianti e materie prime, \u00e8 assurdo &#8211; commenta Bussone &#8211; Piuttosto le Agenzie regionali per l&#8217;Ambiente lavorino con noi per creare una nuova cultura tra gli utenti e per sensibilizzare la politica nel mantenere, ad esempio, Conto termico ed Ecobonus, promuovendo la gestione forestale attiva, con certificazione dei prodotti estratti e degli impianti termici ovvero cogenerativi, come ci insegna Aiel&#8221;.<\/p>\n<\/div>\n<p>&nbsp;<\/p>\n<blockquote><p>&nbsp;<\/p>\n<h1><\/h1>\n<\/blockquote>\n<h1 class=\"pre\">APERTURA IMPIANTI A SAN VITO, PER D&#8217;INCA&#8217; FRUTTO DEL LAVORO DI SQUADRA<\/h1>\n<div class=\"pre\"><a class=\"dt-pswp-item\" href=\"http:\/\/www.radiopiu.net\/wordpress\/wp-content\/uploads\/2018\/12\/download-3.jpg\" data-dt-img-description=\"\" data-large_image_width=\"354\" data-large_image_height=\"142\"><img loading=\"lazy\" decoding=\"async\" class=\" wp-image-70772 alignleft\" src=\"http:\/\/www.radiopiu.net\/wordpress\/wp-content\/uploads\/2018\/12\/download-3-300x120.jpg\" alt=\"\" width=\"383\" height=\"153\" srcset=\"https:\/\/www.radiopiu.net\/wordpress\/wp-content\/uploads\/2018\/12\/download-3-300x120.jpg 300w, https:\/\/www.radiopiu.net\/wordpress\/wp-content\/uploads\/2018\/12\/download-3.jpg 354w\" sizes=\"auto, (max-width: 383px) 100vw, 383px\" \/><\/a>Federico D&#8217;Inc\u00e0, deputato Questore della Camera dei deputati, commenta soddisfatto l&#8217;apertura degli impianti sciistici di San Vito, risultato di un ottima sinergia e lavoro di squadra.\u00a0Un&#8217;interpretazione restrittiva del Ministero delle Infrastrutture e dei Trasporti a una comunicazione dell&#8217;ufficio competente della Regione Veneto ha rischiato di far saltare l&#8217;apertura degli impianti. Tecnicamente si \u00e8 trattato di un&#8217;incomprensione giustificata dalle primarie esigenze di sicurezza che il Ministero pone dinanzi a tutto, soprattutto dopo la tragedia nell&#8217;estate del 2015 causata del fenomeno chiamato debris flow, quando una colata detritica piomb\u00f2 su un parcheggio. Tutto questo accadeva durante la stagione estiva ed \u00e8 appunto per questo che la Regione Veneto ha inteso chiarire la sua prima nota che bloccava il nulla osta degli impianti da parte degli uffici del Ministero. Grazie alla documentazione fornita che ha permesso di comprendere che \u00e8 esclusa la possibilit\u00e0 di colate detritiche durante la stagione invernale, sono state rilasciate le opportune dichiarazioni di conformit\u00e0 all\u2019utilizzo degli impianti.\u00a0 \u201cMi preme sottolineare \u2013 dichiara il deputato del Movimento 5 Stelle \u2013 come la risoluzione della problematica sia stata trovata in meno di una settimana, dal momento che sono venuto a conoscenza da parte del sindaco De Bon, del possibile blocco che avrebbe messo in ginocchio la stagione turistica di San Vito e della Valle del Boite\u201d.\u00a0\u00a0Questo \u00e8 stato possibile dando una corsia preferenziale al Ministero delle Infrastrutture e dei Trasporti in grande sinergia con i tecnici della Regione Veneto, della Provincia di Belluno, dello stesso sindaco di San Vito Franco De Bon. \u201cCredo sia stato uno dei migliori esempi di professionalit\u00e0 all\u2019interno della Pubblica Amministrazione degli ultimi anni \u2013 conclude il parlamentare bellunese \u2013 Adesso non resta altro che invitare i turisti a passare le festivit\u00e0 e le settimane bianche sulle Dolomiti\u201d.<\/div>\n<div><\/div>\n<div><\/div>\n<div><\/div>\n<p>&nbsp;<\/p>\n<p>&nbsp;<\/p>\n<p>&nbsp;<\/p>\n<blockquote><p>&nbsp;<\/p><\/blockquote>\n<div>\n<h1>SEQUESTRO AUTO CON TARGA ESTERA, DE MENECH INTERROGA<\/h1>\n<blockquote>\n<h3><em>\u00abUrgente abrogare una norma anacronistica\u00bb<\/em><\/h3>\n<\/blockquote>\n<\/div>\n<p>audio<\/p>\n<audio class=\"wp-audio-shortcode\" id=\"audio-70760-7\" preload=\"none\" style=\"width: 100%;\" controls=\"controls\"><source type=\"audio\/mpeg\" src=\"http:\/\/www.radiopiu.net\/wordpress\/wp-content\/uploads\/2018\/12\/roger.mp3?_=7\" \/><a href=\"http:\/\/www.radiopiu.net\/wordpress\/wp-content\/uploads\/2018\/12\/roger.mp3\">http:\/\/www.radiopiu.net\/wordpress\/wp-content\/uploads\/2018\/12\/roger.mp3<\/a><\/audio>\n<div>\n<p><a class=\"dt-pswp-item\" href=\"http:\/\/www.radiopiu.net\/wordpress\/wp-content\/uploads\/2018\/12\/isaaa.jpg\" data-dt-img-description=\"\" data-large_image_width=\"206\" data-large_image_height=\"206\"><img loading=\"lazy\" decoding=\"async\" class=\" wp-image-69485 alignleft\" src=\"http:\/\/www.radiopiu.net\/wordpress\/wp-content\/uploads\/2018\/12\/isaaa.jpg\" alt=\"\" width=\"229\" height=\"229\" srcset=\"https:\/\/www.radiopiu.net\/wordpress\/wp-content\/uploads\/2018\/12\/isaaa.jpg 206w, https:\/\/www.radiopiu.net\/wordpress\/wp-content\/uploads\/2018\/12\/isaaa-150x150.jpg 150w\" sizes=\"auto, (max-width: 229px) 100vw, 229px\" \/><\/a>\u00abIl decreto sicurezza dimostra come i provvedimenti di Lega e 5 Stelle riescano a creare problemi nuovi senza risolvere quelli esistenti. Solo nel Bellunese stanno arrivando molte segnalazioni di lavoratori stagionali a cui \u00e8 stata sequestrata l\u2019autovettura perch\u00e9 immatricolata con targa tedesca, rumena o austriaca\u00bb. Il deputato bellunese Roger De Menech ha presentato in questi giorni un\u2019interrogazione ai ministri dell\u2019Interno, degli Esteri e delle Infrastrutture per chiedere come intendano affrontare il problema creato da un loro stesso provvedimento. \u00abLa soluzione pi\u00f9 immediata sarebbe l\u2019abrogazione di questa norma assurda\u00bb, afferma De Menech. \u00abC\u2019\u00e8 anche un\u2019altra strada percorribile e cio\u00e8 gli accordi con tutti i paesi esteri, ma mi sembra molto pi\u00f9 lunga e complicata. L\u2019obbligo di guidare veicoli con targa italiana per tutti i residenti da oltre 60 giorni nel nostro paese \u00e8 una delle regole pi\u00f9 bizzarre e anacronistiche varate da questo governo. Immagina un\u2019Italia che non c\u2019\u00e8 pi\u00f9 da molti decenni, in cui le persone, crescono, vivono e invecchiano nello stesso posto dove sono nate. Per fortuna non \u00e8 pi\u00f9 cos\u00ec\u00bb. Oggi, soprattutto grazie all\u2019Unione europea le opportunit\u00e0 di lavoro possono essere trovate in ciascuno degli altri 27 paesi membri. Fra l\u2019altro la stessa Unione europea prevede la doppia residenza. \u00c8 quindi molto frequente che lavoratori residenti in Italia possiedano un veicolo immatricolato in un altro paese membro. \u00abIl problema lo avevamo segnalato per tempo\u00bb, ricorda il deputato, \u00abavessimo potuto intervenire avremmo fatto un emendamento soppressivo, ma purtroppo su questa legge di bilancio, come \u00e8 noto, il Parlamento non pu\u00f2 mettere becco. Pu\u00f2 solo approvarla o respingerla\u00bb. Tra i principali settori colpiti dalla demagogia leghista e grillina c\u2019\u00e8 quello dei lavoratori stagionali che dal Bellunese si spostano in Germania, Austria, Slovenia e Romania dove hanno imprese, attivit\u00e0 commerciali e aziende. \u00abCi sono stati e ci saranno diversi incontri formali e informali a cui sto cercando di partecipare, con molte persone e gruppi, come quello di stasera in Zoldo\u00bb, spiega De Menech.<\/p>\n<\/div>\n<p>&nbsp;<\/p>\n<p>&nbsp;<\/p>\n<p>&nbsp;<\/p>\n<h1>IL SALUTO ALLA DOTTORESSA ROSANNA MEL<\/h1>\n<p align=\"JUSTIFY\"><span style=\"font-family: Calibri, sans-serif;\"><span style=\"font-size: medium;\"><a class=\"dt-pswp-item\" href=\"http:\/\/www.radiopiu.net\/wordpress\/wp-content\/uploads\/2018\/12\/IMG-20181227-WA0001.jpg\" data-dt-img-description=\"\" data-large_image_width=\"1200\" data-large_image_height=\"1600\"><img loading=\"lazy\" decoding=\"async\" class=\" wp-image-70775 alignleft\" src=\"http:\/\/www.radiopiu.net\/wordpress\/wp-content\/uploads\/2018\/12\/IMG-20181227-WA0001-225x300.jpg\" alt=\"\" width=\"272\" height=\"363\" srcset=\"https:\/\/www.radiopiu.net\/wordpress\/wp-content\/uploads\/2018\/12\/IMG-20181227-WA0001-225x300.jpg 225w, https:\/\/www.radiopiu.net\/wordpress\/wp-content\/uploads\/2018\/12\/IMG-20181227-WA0001-768x1024.jpg 768w, https:\/\/www.radiopiu.net\/wordpress\/wp-content\/uploads\/2018\/12\/IMG-20181227-WA0001.jpg 1200w\" sizes=\"auto, (max-width: 272px) 100vw, 272px\" \/><\/a>A decorrere dal 1\u00b0 gennaio 2019 cesser\u00e0 il servizio per quiescenza la dottoressa Rosanna Mel <\/span><\/span><span style=\"font-family: Calibri, sans-serif;\"><span style=\"font-size: medium;\">&#8211; Dirigente Medico Servizio Igiene e Sanit\u00e0 Pubblica dell\u2019ULSS 1 Dolomiti.\u00a0<\/span><\/span><span style=\"color: #000000;\"><span style=\"font-family: Arial Narrow, sans-serif;\"><span style=\"font-size: medium;\"><span style=\"font-family: Calibri, sans-serif;\">Laureata nel 1980 in Medicina e Chirurgia all\u2019Universit\u00e0 di Padova si \u00e8 successivamente specializzata nel 1984 in Nefrologia presso la stessa Universit\u00e0.\u00a0<\/span><\/span><\/span><\/span><span style=\"color: #000000;\"><span style=\"font-family: Arial Narrow, sans-serif;\"><span style=\"font-size: medium;\"><span style=\"font-family: Calibri, sans-serif;\">Nel mese di maggio del 2005 ha conseguito a Lisbona il Certificate in Travel Health ISTM.\u00a0<\/span><\/span><\/span><\/span><span style=\"font-size: medium; font-family: Calibri, sans-serif;\">Ha iniziato la sua attivit\u00e0 a Belluno nell\u201987 e dal 1989 a tutt\u2019oggi \u00e8 stata dirigente medico Servizio Igiene e Sanit\u00e0 Pubblica dove ha ricoperto i seguenti incarichi:\u00a0<\/span><span style=\"font-family: Calibri, sans-serif; font-size: medium; color: #000000;\">Referente per la profilassi vaccinale e malattie infettive;\u00a0<\/span><span style=\"font-size: medium; font-family: Calibri, sans-serif;\">Responsabile Qualit\u00e0 dell\u2019Attivit\u00e0 di sorveglianza e profilassi delle Malattie infettive del Servizio Igiene e Sanit\u00e0 Pubblica dell\u2019ULSL n. 1 di Belluno;\u00a0<\/span><span style=\"font-size: medium; font-family: Calibri, sans-serif;\">Responsabile Unit\u00e0 Operativa Semplice Dipartimentale di Epidemiologia;\u00a0<\/span><span style=\"font-size: medium; font-family: Calibri, sans-serif;\">Responsabile organizzativo aziendale degli screening oncologici;\u00a0<\/span><span style=\"font-size: medium; font-family: Calibri, sans-serif;\">Responsabile Unit\u00e0 Operativa Semplice dipartimentale di Epidemiologia.\u00a0<\/span><span style=\"font-family: Calibri, sans-serif;\"><span style=\"font-size: medium;\">Nel corso della sua carriera ha partecipato, in particolare, <\/span><\/span><span style=\"font-family: Calibri, sans-serif;\"><span style=\"font-size: medium;\">al secondo corso di perfezionamento \u201cVaccini e strategie di vaccinazione\u201d, diretto dal Prof. Paolo Bonanni, tenutosi presso l\u2019Universit\u00e0 degli Studi di Firenze e alla conduzione del progetto di ricerca finalizzata \u201cEpidemiologia delle Vaccinazioni in Italia\u201d in collaborazione con la Direzione regionale per la Prevenzione della Regione Veneto.\u00a0<\/span><\/span><span style=\"font-size: medium; font-family: Calibri, sans-serif;\">Ha partecipato inoltre alla gestione tecnico-amministrativa del programma della Regione Veneto di informazione della popolazione e di formazione del personale nel campo delle vaccinazioni, a studi clinici ed indagini epidemiologiche relativamente alle malattie trasmesse da zecche (Borreliosi di Lyme e TBE) e a vari corsi di formazione relativamente alla profilassi vaccinale, alle malattie infettive, alle malattie del viaggiatore. E\u2019 stata formatore e refe<\/span><span style=\"font-size: medium; font-family: Calibri, sans-serif;\">rente del progetto aziendale di promozione alla salute \u201cGenitori Pi\u00f9\u201d.\u00a0<\/span><\/p>\n<blockquote>\n<p align=\"JUSTIFY\"><em><span style=\"font-family: Calibri, sans-serif;\"><span style=\"font-size: medium;\">Il Direttore Generale, nel corso di un incontro tenutosi oggi, ha espresso apprezzamento per la professionalit\u00e0 sempre dimostrata dalla dirigente uscente e la ha ringraziata per l\u2019attivit\u00e0 svolta e per l\u2019 impegno profuso in un clima di grande collaborazione e rispetto verso tutti.<\/span><\/span><\/em><\/p>\n<h1><\/h1>\n<\/blockquote>\n<p>&nbsp;<\/p>\n<p>&nbsp;<\/p>\n<blockquote><p>&nbsp;<\/p><\/blockquote>\n<p align=\"JUSTIFY\"><span style=\"font-size: medium;\"><b>ZAIA: \u201cHA RAGIONE SALVINI: IL VERO VOLONTARIATO VA TUTELATO, NON PENALIZZATO. SI METTA MANO ALLA MANOVRA\u201d <\/b><\/span><\/p>\n<p align=\"JUSTIFY\"><span style=\"font-size: medium;\">VENEZIA\u00a0 \u00a0<\/span>\u201c<span style=\"font-size: medium;\">Una persona ogni cinque in Veneto fa volontariato e quest\u2019ultimo \u00e8 parte integrante della nostra societ\u00e0. \u00c8 giusto smascherare e punire chi fa solo finta di essere volontario, ma di questi furbi nel Veneto credo non ce ne siano. Pertanto ben venga l\u2019impegno del vicepremier Matteo Salvini che, attraverso la posizione ribadita oggi, ha annunciato che mediante modifiche alla manovra andr\u00e0 a tutelare le associazioni\u00a0che utilizzano soltanto a scopi sociali i loro fondi, facendo\u00a0in modo che il volontariato puro e reale non sia in alcun modo penalizzato. Lo ringraziamo per questa difesa di chi ha davvero a cuore la tutela delle fasce deboli della nostra societ\u00e0, di chi aiuta i pi\u00f9 sfortunati, di chi opera quotidianamente con seriet\u00e0 e competenza\u201d.<\/span>\u00a0\u00a0<span style=\"font-size: medium;\">Lo afferma il presidente della Regione del Veneto, Luca Zaia, in riferimento alle dichiarazioni del\u00a0vicepremier Matteo Salvini\u00a0sulla necessit\u00e0 di riconsiderare l\u2019aumento dell\u2019Ires per gli enti del Terzo settore previsto nella manovra finanziaria.\u00a0<\/span><\/p>\n<p>&nbsp;<\/p>\n<p>&nbsp;<\/p>\n<p>&nbsp;<\/p>\n<h1>NOMADI TRA CHI NOMADE E&#8217; STATO<\/h1>\n<p>AUDIO<\/p>\n<audio class=\"wp-audio-shortcode\" id=\"audio-70760-8\" preload=\"none\" style=\"width: 100%;\" controls=\"controls\"><source type=\"audio\/mpeg\" src=\"http:\/\/www.radiopiu.net\/wordpress\/wp-content\/uploads\/2018\/12\/gr-28-nomadi-a-falcade.mp3?_=8\" \/><a href=\"http:\/\/www.radiopiu.net\/wordpress\/wp-content\/uploads\/2018\/12\/gr-28-nomadi-a-falcade.mp3\">http:\/\/www.radiopiu.net\/wordpress\/wp-content\/uploads\/2018\/12\/gr-28-nomadi-a-falcade.mp3<\/a><\/audio>\n<p><strong><a class=\"dt-pswp-item\" href=\"http:\/\/www.radiopiu.net\/wordpress\/wp-content\/uploads\/2018\/12\/c86ea189-e20b-45ec-8495-ebc25617d520.jpg\" data-dt-img-description=\"\" data-large_image_width=\"1599\" data-large_image_height=\"799\"><img loading=\"lazy\" decoding=\"async\" class=\"size-medium wp-image-70727 alignleft\" src=\"http:\/\/www.radiopiu.net\/wordpress\/wp-content\/uploads\/2018\/12\/c86ea189-e20b-45ec-8495-ebc25617d520-300x150.jpg\" alt=\"\" width=\"300\" height=\"150\" srcset=\"https:\/\/www.radiopiu.net\/wordpress\/wp-content\/uploads\/2018\/12\/c86ea189-e20b-45ec-8495-ebc25617d520-300x150.jpg 300w, https:\/\/www.radiopiu.net\/wordpress\/wp-content\/uploads\/2018\/12\/c86ea189-e20b-45ec-8495-ebc25617d520-768x384.jpg 768w, https:\/\/www.radiopiu.net\/wordpress\/wp-content\/uploads\/2018\/12\/c86ea189-e20b-45ec-8495-ebc25617d520-1024x512.jpg 1024w, https:\/\/www.radiopiu.net\/wordpress\/wp-content\/uploads\/2018\/12\/c86ea189-e20b-45ec-8495-ebc25617d520.jpg 1599w\" sizes=\"auto, (max-width: 300px) 100vw, 300px\" \/><\/a>FALCADE<\/strong> Anche da sotto gli alberi sradicati dal vento batte il cuore nomade, fortissimo all&#8217;unisono degli 800 presenti che hanno cantato al Palafalcade con il gruppo emiliano di nuovo in Valle del Biois come nel 2016 e, anche questa volta con una novit\u00e0: la nuova potente voce di Yuri Cilloni. Due ore e mezza di successi per tutte le generazioni e ad ogni occasione un cenno di solidariet\u00e0 per le zone alluvionate della vallata. Non a caso i sei musicisti sono saliti sul palco con la maglietta &#8220;Agordino, dove rinascono le Dolomiti&#8221; consegnate prima del concerto da un emozionato Maurizio Farenzena sostenitore dell&#8217;ormai noto marchio. Nemmeno il sindaco Michele Costa \u00e8 salito sul palco a mani vuote, ma con un disegno di Franco Murer &#8220;Omaggio ai Nomadi&#8221;. Il primo cittadino che con il Comune ha collaborato all&#8217;evento cos\u00ec ha salutato la banda. &#8220;Negli ultimi mesi ci siamo sentiti un po&#8217; nomadi anche noi, la natura ha sconvolto vite e vallate, sentirci nomadi ha significato raggrupparci tutti insieme come questa sera per essere un&#8217;unica grande famiglia e sentirci solidali ribadendo che dobbiamo ripartire e rinascere&#8221;. Le altre emozioni sono state tutte tradotte in musica nello spettacolo semplice ma mai caotico con il nuovo front man di una umilt\u00e0 <a class=\"dt-pswp-item\" href=\"http:\/\/www.radiopiu.net\/wordpress\/wp-content\/uploads\/2018\/12\/48419388_10205813972544583_6161476653101875200_n.jpg\" data-dt-img-description=\"\" data-large_image_width=\"464\" data-large_image_height=\"709\"><img loading=\"lazy\" decoding=\"async\" class=\"size-medium wp-image-70771 alignright\" src=\"http:\/\/www.radiopiu.net\/wordpress\/wp-content\/uploads\/2018\/12\/48419388_10205813972544583_6161476653101875200_n-196x300.jpg\" alt=\"\" width=\"196\" height=\"300\" srcset=\"https:\/\/www.radiopiu.net\/wordpress\/wp-content\/uploads\/2018\/12\/48419388_10205813972544583_6161476653101875200_n-196x300.jpg 196w, https:\/\/www.radiopiu.net\/wordpress\/wp-content\/uploads\/2018\/12\/48419388_10205813972544583_6161476653101875200_n.jpg 464w\" sizes=\"auto, (max-width: 196px) 100vw, 196px\" \/><\/a>disarmante, preciso anche nell&#8217;interpretatazione delle &#8220;vecchie&#8221; a firma di Augusto. A Beppe Carletti, fondatore dei Nomadi va riconosciuto il merito di aver sempre saputo scegliere voci importanti dopo la morte nel 1992 di Daolio. Danilo Sacco per 18 anni ha continuato sulla strada iniziata nel 1963, poi Cristiano Turato per 5 anni dei tre quello che ha meno convinto e quindi Yuri Cilloni che non ha pretese di emulare le uniche e storiche voci ed \u00e8 un&#8217;altra nota di merito. Gli agordini negli ultimi 18 anni sono stati fortunati avendo pututo ascoltare Danilo Sacco nel 2002 ad Alleghe e Cristiano Turato nel concerto falcadino del 2016. A Carletti va anche riconosciuto un altro merito da dietro le quinte, al Palafalcade gi\u00e0 febbricitante \u00e8 arrivato poco prima delle 18 giusto in tempo per il soundceck, al posto delle cena dalla sempre ospitale Giulia Serafini dell&#8217;Hotel Stella Alpina, una paio d&#8217;ore di ulteriore riposo nel camerino per affrontare poi 150 minuti di spettacolo senza mai andare fuori tempo.<\/p>\n<blockquote><p><strong><em>A Falcade c&#8217;erano anche i fans da Bergamo e dal Comelico che hanno consegnato il simbolo &#8220;Claretta una di Noi&#8221; direttamente a Yuri Cilloni e a Beppe Carletti per fargli conoscere storia di Claretta e la pagina facebook.<\/em><\/strong><\/p>\n<p>&nbsp;<\/p><\/blockquote>\n<p>&nbsp;<\/p>\n<p>&nbsp;<\/p>\n<p>&nbsp;<\/p>\n<h1>ASCA AGORDO, SELEZIONE PERSONALE INFERMIERISTICO<\/h1>\n<p><a class=\"dt-pswp-item\" href=\"http:\/\/www.radiopiu.net\/wordpress\/wp-content\/uploads\/2018\/09\/POLIFUNZIONALE3.jpg\" data-dt-img-description=\"\" data-large_image_width=\"251\" data-large_image_height=\"201\"><img loading=\"lazy\" decoding=\"async\" class=\" wp-image-61887 alignleft\" src=\"http:\/\/www.radiopiu.net\/wordpress\/wp-content\/uploads\/2018\/09\/POLIFUNZIONALE3.jpg\" alt=\"\" width=\"148\" height=\"118\" \/><\/a>ASCA ha indetto una nuova selezione pubblica finalizzata alla formulazione di una graduatoria cui attingere per l\u2019assunzione a tempo determinato e indeterminato di infermieri. Le modalit\u00e0 di presentazione delle domande si trovano sul sito aziendale <a href=\"http:\/\/www.servizisocialiasca.it\">www.servizisocialiasca.it<\/a>. Il termine perentorio previsto per la presentazione della domanda \u00e8 fissato per luned\u00ec 21 gennaio 2019 entro le ore 12.00, mentre le selezioni verranno effettuate nelle giornate del 25 e 26 gennaio 2019.<\/p>\n<p>&nbsp;<\/p>\n<p>&nbsp;<\/p>\n<p>&nbsp;<\/p>\n<p>&nbsp;<\/p>\n<h1>PER RESTART DOLOMITI DARIO SOGMAISTER<\/h1>\n<div style=\"width: 848px;\" class=\"wp-video\"><video class=\"wp-video-shortcode\" id=\"video-70760-1\" width=\"848\" height=\"480\" preload=\"metadata\" controls=\"controls\"><source type=\"video\/mp4\" src=\"http:\/\/www.radiopiu.net\/wordpress\/wp-content\/uploads\/2018\/12\/WhatsApp-Video-2018-12-28-at-05.38.57.mp4?_=1\" \/><a href=\"http:\/\/www.radiopiu.net\/wordpress\/wp-content\/uploads\/2018\/12\/WhatsApp-Video-2018-12-28-at-05.38.57.mp4\">http:\/\/www.radiopiu.net\/wordpress\/wp-content\/uploads\/2018\/12\/WhatsApp-Video-2018-12-28-at-05.38.57.mp4<\/a><\/video><\/div>\n<p>Ad ogni primavera la natura, dopo le difficolt\u00e0 dell&#8217;inverno, rinasce. Tanto pi\u00f9 lo dovr\u00e0 fare quest&#8217;anno, dopo la disastrosa alluvione-uragano dello scorso 29 ottobre&#8221;. In questa chiave il mosaicista Dario Sogmaister ha realizzato la sua opera per #RESTARTDOLOMITI che rappresenta due cardellini su un ramoscello, chiaro simbolo della bella stagione pronta a ripartire. Il lavoro musivo dell&#8217;artista bellunese di Santa Giustina ha previsto l&#8217;utilizzo di sassi recuperati nel fiume Piave e nei suoi affluenti. &#8220;Come per il mio quadro &#8211; \u00e8 l&#8217;auspicio di Sogmaister &#8211; spero che anche per il Bellunese ogni tessera possa tornare al proprio posto&#8221;.<\/p>\n<blockquote>\n<h3><em> Prenota qui il tuo biglietto d&#8217;ingresso\u2028https:\/\/www.eventbrite.it\/e\/restartdolomiti-tickets-53266614879<\/em><\/h3>\n<\/blockquote>\n<p>&nbsp;<\/p>\n<p>&nbsp;<\/p>\n<p>&nbsp;<\/p>\n<p>&nbsp;<\/p>\n<p>&nbsp;<\/p>\n<p><a class=\"dt-pswp-item\" href=\"http:\/\/www.radiopiu.net\/wordpress\/wp-content\/uploads\/2018\/09\/appuntamenti.jpeg\" data-dt-img-description=\"\" data-large_image_width=\"800\" data-large_image_height=\"100\"><img loading=\"lazy\" decoding=\"async\" class=\"alignnone wp-image-61958 size-full\" src=\"http:\/\/www.radiopiu.net\/wordpress\/wp-content\/uploads\/2018\/09\/appuntamenti.jpeg\" alt=\"\" width=\"800\" height=\"100\" srcset=\"https:\/\/www.radiopiu.net\/wordpress\/wp-content\/uploads\/2018\/09\/appuntamenti.jpeg 800w, https:\/\/www.radiopiu.net\/wordpress\/wp-content\/uploads\/2018\/09\/appuntamenti-300x38.jpeg 300w, https:\/\/www.radiopiu.net\/wordpress\/wp-content\/uploads\/2018\/09\/appuntamenti-768x96.jpeg 768w\" sizes=\"auto, (max-width: 800px) 100vw, 800px\" \/><\/a><\/p>\n<p><strong>NADEL INTE I TABIEI DA NON PERDERE A SOTTOGUDA NEL POMERIGGIO FINO AL 30 DICEMBRE ascolta l&#8217;invito<\/strong><\/p>\n<audio class=\"wp-audio-shortcode\" id=\"audio-70760-9\" preload=\"none\" style=\"width: 100%;\" controls=\"controls\"><source type=\"audio\/mpeg\" src=\"http:\/\/www.radiopiu.net\/wordpress\/wp-content\/uploads\/2018\/12\/NADEL-INTE-I-TABIEI-OK-BASE-1.mp3?_=9\" \/><a href=\"http:\/\/www.radiopiu.net\/wordpress\/wp-content\/uploads\/2018\/12\/NADEL-INTE-I-TABIEI-OK-BASE-1.mp3\">http:\/\/www.radiopiu.net\/wordpress\/wp-content\/uploads\/2018\/12\/NADEL-INTE-I-TABIEI-OK-BASE-1.mp3<\/a><\/audio>\n<p><strong>TAIBON QUESTA SERA LA FESTA A SAN CIPRIANO SOTTO L&#8217;ALBERO, ascolta l&#8217;invito<\/strong><\/p>\n<audio class=\"wp-audio-shortcode\" id=\"audio-70760-10\" preload=\"none\" style=\"width: 100%;\" controls=\"controls\"><source type=\"audio\/mpeg\" src=\"http:\/\/www.radiopiu.net\/wordpress\/wp-content\/uploads\/2018\/12\/NATALE-SOTTO-LALBERO.mp3?_=10\" \/><a href=\"http:\/\/www.radiopiu.net\/wordpress\/wp-content\/uploads\/2018\/12\/NATALE-SOTTO-LALBERO.mp3\">http:\/\/www.radiopiu.net\/wordpress\/wp-content\/uploads\/2018\/12\/NATALE-SOTTO-LALBERO.mp3<\/a><\/audio>\n<p>&nbsp;<\/p>\n<p><strong>SELVA DI CADORE LA FIACCOLATA, L&#8217;ATTESO APPUNTAMENTO DI FINE ANNO, ascolta l&#8217;invito<\/strong><\/p>\n<audio class=\"wp-audio-shortcode\" id=\"audio-70760-11\" preload=\"none\" style=\"width: 100%;\" controls=\"controls\"><source type=\"audio\/mpeg\" src=\"http:\/\/www.radiopiu.net\/wordpress\/wp-content\/uploads\/2018\/12\/gr-11-fiaccolata-selva-di-cadore.mp3?_=11\" \/><a href=\"http:\/\/www.radiopiu.net\/wordpress\/wp-content\/uploads\/2018\/12\/gr-11-fiaccolata-selva-di-cadore.mp3\">http:\/\/www.radiopiu.net\/wordpress\/wp-content\/uploads\/2018\/12\/gr-11-fiaccolata-selva-di-cadore.mp3<\/a><\/audio>\n<p>&nbsp;<\/p>\n<p>&nbsp;<\/p>\n<h1>IL SENATORE RAZZI AD ALLEGHE<\/h1>\n<p>Oggi alle 18, nella sala Stoppani della scuola elementare di Alleghe\u201d, sar\u00e0 presentato il libro \u201cUn senatore possibile\u201d di Antonio Razzi. Dopo i saluti dei sindaci Siro De Biasio (Alleghe) e Andrea De Bernardin(Rocca Pietore), interverranno Maurizio Paniz, Remo Sernagiotto, Luca Bellotti e Giacomo Bezzi. Alleghe. Il senatore Razzi metter\u00e0 a disposizione dei Comuni colpiti dall\u2019alluvione il ricavato della vendita di 100 libri.<\/p>\n<p>&nbsp;<\/p>\n<p>&nbsp;<\/p>\n<p>&nbsp;<\/p>\n<p><strong>QUESTA SERA A SOSPIROLO<\/strong><\/p>\n<p><span style=\"font-family: georgia,serif;\">la Biblioteca civica di Sospirolo\u00a0 \u00e8 lieta di concludere in bellezza il 2018 con la serata\u00a0<\/span><img loading=\"lazy\" decoding=\"async\" src=\"https:\/\/gallery.mailchimp.com\/b1dc9942d048c3f73f22edcfe\/images\/7e6eb238-c694-4297-bf1b-79ea70960eaa.jpg\" alt=\"omaggio\" width=\"250\" height=\"353\" align=\"left\" data-file-id=\"198215\" data-cke-saved-src=\"https:\/\/gallery.mailchimp.com\/b1dc9942d048c3f73f22edcfe\/images\/7e6eb238-c694-4297-bf1b-79ea70960eaa.jpg\" \/><br \/>\n<span style=\"font-size: medium;\"><em><strong>Omagg<\/strong><\/em><em><strong>io alla montagna <\/strong><br \/>\nComu<\/em><em>nicare una passione<br \/>\nattraverso l&#8217;audiovisivo fotografico analogico<\/em><br \/>\n<\/span>proiezioni dei fotografi<br \/>\n<strong>Mario Minute e Francesco<\/strong> <strong>Cerpelloni<\/strong><br \/>\n<span style=\"font-family: georgia,serif;\">Una panoramica fotografica attraverso i Monti del Sole, cuore selvaggio del Parco nazionale Dolomiti Bellunesi, la Schiara, regina del Parco dipinta nella prosa di Dino Buzzati e il Vajont, la Valle dei silenzi, dalla cui desolazione si rinnova un ricordo in grado di alimentare nuove<br \/>\nforme di solidariet\u00e0.<br \/>\n<\/span><\/p>\n<p><span style=\"font-family: georgia,serif;\"><b>Nel corso della serata verranno raccolti fondi da destinare alle popolazioni del Nord della provincia di<br \/>\nBelluno provate dall&#8217;alluvione di fine ottobre scorso.<\/b><\/span><\/p>\n<p><span style=\"font-family: georgia,serif;\"><b>INGRESSO LIBERO<\/b><\/span><\/p>\n<p>&nbsp;<\/p>\n<p>&nbsp;<\/p>\n<p>&nbsp;<\/p>\n<p><strong>COLLE SANTA LUCIA<\/strong> Questa sera alle 18 incontro con l&#8217;autore alle scuole elementari di Colle Santa Lucia con Matteo Righetto &#8220;Ultima patria&#8221;, una chiacchierata con lo scrittore per parlare del suo ultimo libro e del suo particolare rapporto con la montagna e il paese di Colle Santa Lucia. Interverrano come mediatori della serata Roberto Reale e Giulia Tasser<\/p>\n<p>&nbsp;<\/p>\n<p>&nbsp;<\/p>\n<p>&nbsp;<\/p>\n<p><a class=\"dt-pswp-item\" href=\"http:\/\/www.radiopiu.net\/wordpress\/wp-content\/uploads\/2018\/12\/ManifestoNataleSanTomaso-1.jpg\" data-dt-img-description=\"\" data-large_image_width=\"3508\" data-large_image_height=\"4961\"><img loading=\"lazy\" decoding=\"async\" class=\"size-medium wp-image-70719 alignleft\" src=\"http:\/\/www.radiopiu.net\/wordpress\/wp-content\/uploads\/2018\/12\/ManifestoNataleSanTomaso-1-212x300.jpg\" alt=\"\" width=\"212\" height=\"300\" srcset=\"https:\/\/www.radiopiu.net\/wordpress\/wp-content\/uploads\/2018\/12\/ManifestoNataleSanTomaso-1-212x300.jpg 212w, https:\/\/www.radiopiu.net\/wordpress\/wp-content\/uploads\/2018\/12\/ManifestoNataleSanTomaso-1-768x1086.jpg 768w, https:\/\/www.radiopiu.net\/wordpress\/wp-content\/uploads\/2018\/12\/ManifestoNataleSanTomaso-1-724x1024.jpg 724w\" sizes=\"auto, (max-width: 212px) 100vw, 212px\" \/><\/a><\/p>\n<p>&nbsp;<\/p>\n<h1>NATALE A SAN TOMASO<\/h1>\n<p>Proposte di solidariet\u00e0 in paese a Celat. DOMANI\u00a0 alle 18 presentazione del libro &#8220;La spadaia&#8221; di Isabella Dal Pont. Venerdi 4 gennaio alle 20.30 concerto di beneficienza dei giovani musicisti Federica Colombo, Jacopo Rossi e Giovanni Timpano. Sabato 12 gennaio alle 20 proiezione del cortrometraggio Tra il cuore e l&#8217;ascella del regista Eros De Bona tratto dal racconto di G. Bortoluzzi. A cura della Proloco di San Tomaso per raccogliere fondi per sistemare i danni del maltempo.<\/p>\n<p>&nbsp;<\/p>\n<p>&nbsp;<\/p>\n<p>&nbsp;<\/p>\n<p>&nbsp;<\/p>\n<p>&nbsp;<\/p>\n<p>&nbsp;<\/p>\n<h1>DOMANI IN NEVEGAL:\u00a0 LA VITA AVVENTUROSA DI GIROLAMO SEGATO RACCONTATA DA MICHELE SBARDELLA<\/h1>\n<p><a class=\"dt-pswp-item\" href=\"http:\/\/www.radiopiu.net\/wordpress\/wp-content\/uploads\/2018\/12\/Girolamo-Segato-Nevegal.jpeg\" data-dt-img-description=\"\" data-large_image_width=\"1131\" data-large_image_height=\"1599\"><img loading=\"lazy\" decoding=\"async\" class=\"size-medium wp-image-70817 alignleft\" src=\"http:\/\/www.radiopiu.net\/wordpress\/wp-content\/uploads\/2018\/12\/Girolamo-Segato-Nevegal-212x300.jpeg\" alt=\"\" width=\"212\" height=\"300\" srcset=\"https:\/\/www.radiopiu.net\/wordpress\/wp-content\/uploads\/2018\/12\/Girolamo-Segato-Nevegal-212x300.jpeg 212w, https:\/\/www.radiopiu.net\/wordpress\/wp-content\/uploads\/2018\/12\/Girolamo-Segato-Nevegal-768x1086.jpeg 768w, https:\/\/www.radiopiu.net\/wordpress\/wp-content\/uploads\/2018\/12\/Girolamo-Segato-Nevegal-724x1024.jpeg 724w, https:\/\/www.radiopiu.net\/wordpress\/wp-content\/uploads\/2018\/12\/Girolamo-Segato-Nevegal.jpeg 1131w\" sizes=\"auto, (max-width: 212px) 100vw, 212px\" \/><\/a>La vita avventurosa del bellunese Girolamo Segato, tra le Dolomiti e le piramidi d\u2019Egitto, tra salotti fiorentini e laboratori di anatomia. La vita di un uomo che ha sempre sfidato le regole e che si \u00e8 portato nella tomba il segreto della sua pi\u00f9 macabra scoperta. Domani alle 20.30 nella sala comunale del palazzo Le Torri in Nevegal andr\u00e0 in scena \u201cAnatomie di un viaggiatore \u2013 Girolamo Segato\u201d, spettacolo ideato e recitato da Michele Sbardella con accompagnamento musicale di Andrea Palonta. Uno spettacolo ideato e portato in scena da bellunesi, che racconta con un monologo avvincente la vita di un personaggio della nostra storia, nato a Belluno e sepolto nella basilica di Santa Croce a Firenze. Girolamo Segato os\u00f2 sfidare le regole della natura, ma mor\u00ec prima di confessare a qualcuno la sua scoperta pi\u00f9 importante: la pietrificazione dei corpi. Da sempre l\u2019associazione Vivaio Dolomiti, che organizza la serata, punta a valorizzare i territorio bellunese, i suoi talenti e i suoi personaggi illustri e questo spettacolo va proprio in questa direzione. La serata \u00e8 ad ingresso libero e l\u2019evento gode del patrocinio della Provincia e del Comune di Belluno. Si ringraziano tutti gli sponsor che hanno aiutato ad organizzare la serata.<\/p>\n<p>&nbsp;<\/p>\n<p>&nbsp;<\/p>\n<p><strong>SOSPIROLO<\/strong> Ritornano i viaggi nell\u2019arte con la Tilia organizzati dalla Pro loco \u201cMonti del Sole\u201d domenica 13 gennaio. La meta \u00e8 Venezia e il titolo della trasferta \u00e8 \u201cAmore, caff\u00e8, gioco e maschere nei teatri\u201d. Partenza da Sospirolo (ritrovo in Piazza Lexy) alle 6.30 per Venezia con cambio a Mogliano e arrivo a Venezia alle 8.46. A seguire visita guidata al laboratorio di maschere C\u00e0 Macana, poi al Teatro di Carlo Goldoni a Casa Goldoni con visita guidata e animata. Segue il pranzo e nel pomeriggio passeggiata guidata tra amore, gioco e caff\u00e8. Alle 18.05 partenza per il rientro; su prenotazione entro il 31 dicembre. Info: <a href=\"mailto:segreteria@sospirolo.net\">segreteria@sospirolo.net<\/a>; 328 124 5781.<\/p>\n<p>&nbsp;<\/p>\n<p><strong>COLLE SANTA LUCIA<\/strong> Giovedi 3 gennaio alle 18 Coro Musicol, serata di canti in piazza sotto l&#8217;albero con l&#8217;apertura del chiosco e sabato 5 alle 18 arrivano le Donaze-Pan e vin, nei pressi dei magazzini comunali, poi festa in piazza con chiosco.<\/p>\n<p>&nbsp;<\/p>\n<p>&nbsp;<\/p>\n<p>&nbsp;<\/p>\n<p><a class=\"dt-pswp-item\" href=\"http:\/\/www.radiopiu.net\/wordpress\/wp-content\/uploads\/2018\/09\/banner-speciali-1.png\" data-dt-img-description=\"\" data-large_image_width=\"250\" data-large_image_height=\"175\"><img loading=\"lazy\" decoding=\"async\" class=\"alignnone size-full wp-image-59743\" src=\"http:\/\/www.radiopiu.net\/wordpress\/wp-content\/uploads\/2018\/09\/banner-speciali-1.png\" alt=\"\" width=\"250\" height=\"175\" \/><\/a><\/p>\n<div class=\"page-title-head hgroup\">\n<h1 class=\"entry-title\">SPECIALE, SAN GOTTARDO DI LASTE E IL REBUS DEDICAZIONE DI RENATO BONA<\/h1>\n<\/div>\n<div class=\"page-title-breadcrumbs\"><\/div>\n<blockquote class=\"wp-embedded-content\" data-secret=\"IyMMgxlbVB\"><p><a href=\"http:\/\/www.radiopiu.net\/wordpress\/speciale-san-gottardo-di-laste-e-il-rebus-dedicazione-di-renato-bona\/\">SPECIALE,  SAN GOTTARDO DI LASTE E IL REBUS DEDICAZIONE DI RENATO BONA<\/a><\/p><\/blockquote>\n<p><iframe loading=\"lazy\" class=\"wp-embedded-content\" sandbox=\"allow-scripts\" security=\"restricted\" style=\"position: absolute; clip: rect(1px, 1px, 1px, 1px);\" src=\"http:\/\/www.radiopiu.net\/wordpress\/speciale-san-gottardo-di-laste-e-il-rebus-dedicazione-di-renato-bona\/embed\/#?secret=IyMMgxlbVB\" data-secret=\"IyMMgxlbVB\" width=\"600\" height=\"338\" title=\"&#8220;SPECIALE,  SAN GOTTARDO DI LASTE E IL REBUS DEDICAZIONE DI RENATO BONA&#8221; &#8212; Radio Pi\u00f9\" frameborder=\"0\" marginwidth=\"0\" marginheight=\"0\" scrolling=\"no\"><\/iframe><\/p>\n<p>&nbsp;<\/p>\n<p>&nbsp;<\/p>\n<p>&nbsp;<\/p>\n<p>&nbsp;<\/p>\n<p><a class=\"dt-pswp-item\" href=\"http:\/\/www.radiopiu.net\/wordpress\/wp-content\/uploads\/2018\/09\/sport.jpg\" data-dt-img-description=\"\" data-large_image_width=\"800\" data-large_image_height=\"100\"><img loading=\"lazy\" decoding=\"async\" class=\"alignnone wp-image-60761 size-full\" src=\"http:\/\/www.radiopiu.net\/wordpress\/wp-content\/uploads\/2018\/09\/sport.jpg\" alt=\"\" width=\"800\" height=\"100\" srcset=\"https:\/\/www.radiopiu.net\/wordpress\/wp-content\/uploads\/2018\/09\/sport.jpg 800w, https:\/\/www.radiopiu.net\/wordpress\/wp-content\/uploads\/2018\/09\/sport-300x38.jpg 300w, https:\/\/www.radiopiu.net\/wordpress\/wp-content\/uploads\/2018\/09\/sport-768x96.jpg 768w\" sizes=\"auto, (max-width: 800px) 100vw, 800px\" \/><\/a><\/p>\n<p>&nbsp;<\/p>\n<p>&nbsp;<\/p>\n<p>&nbsp;<\/p>\n<div class=\"page-title-head hgroup\">\n<h1 class=\"entry-title\">SI CHIUDE CON UNA SCONFITTA LA PRIMA FASE DEL CAMPIONATO PER L\u2019ALLEGHE<\/h1>\n<\/div>\n<blockquote class=\"wp-embedded-content\" data-secret=\"q2waPR9oGw\"><p><a href=\"http:\/\/www.radiopiu.net\/wordpress\/si-chiude-con-una-sconfitta-la-prima-fase-del-campionato-per-lalleghe\/\">SI CHIUDE CON UNA SCONFITTA LA PRIMA FASE DEL CAMPIONATO PER L\u2019ALLEGHE<\/a><\/p><\/blockquote>\n<p><iframe loading=\"lazy\" class=\"wp-embedded-content\" sandbox=\"allow-scripts\" security=\"restricted\" style=\"position: absolute; clip: rect(1px, 1px, 1px, 1px);\" src=\"http:\/\/www.radiopiu.net\/wordpress\/si-chiude-con-una-sconfitta-la-prima-fase-del-campionato-per-lalleghe\/embed\/#?secret=q2waPR9oGw\" data-secret=\"q2waPR9oGw\" width=\"600\" height=\"338\" title=\"&#8220;SI CHIUDE CON UNA SCONFITTA LA PRIMA FASE DEL CAMPIONATO PER L\u2019ALLEGHE&#8221; &#8212; Radio Pi\u00f9\" frameborder=\"0\" marginwidth=\"0\" marginheight=\"0\" scrolling=\"no\"><\/iframe><\/p>\n<p>&nbsp;<\/p>\n<p>&nbsp;<\/p>\n<p>&nbsp;<\/p>\n<p><a class=\"dt-pswp-item\" href=\"http:\/\/www.radiopiu.net\/wordpress\/wp-content\/uploads\/2018\/09\/WhatsApp-Image-2018-09-20-at-16.04.06.jpeg\" data-dt-img-description=\"\" data-large_image_width=\"800\" data-large_image_height=\"100\"><img loading=\"lazy\" decoding=\"async\" class=\"alignnone wp-image-61378 size-full\" src=\"http:\/\/www.radiopiu.net\/wordpress\/wp-content\/uploads\/2018\/09\/WhatsApp-Image-2018-09-20-at-16.04.06.jpeg\" alt=\"\" width=\"800\" height=\"100\" srcset=\"https:\/\/www.radiopiu.net\/wordpress\/wp-content\/uploads\/2018\/09\/WhatsApp-Image-2018-09-20-at-16.04.06.jpeg 800w, https:\/\/www.radiopiu.net\/wordpress\/wp-content\/uploads\/2018\/09\/WhatsApp-Image-2018-09-20-at-16.04.06-300x38.jpeg 300w, https:\/\/www.radiopiu.net\/wordpress\/wp-content\/uploads\/2018\/09\/WhatsApp-Image-2018-09-20-at-16.04.06-768x96.jpeg 768w\" sizes=\"auto, (max-width: 800px) 100vw, 800px\" \/><\/a><\/p>\n<h1>DA OGGI A LUNEDI<\/h1>\n<p><strong>Venerdi 28<\/strong><br \/>\nTempo atteso: Tempo solo in parte soleggiato per nubi alte e medio-alte che potranno limitare significativamente il soleggiamento. Clima sempre molto mite in quota e inversione termica nelle valli, in possibile attenuazione in giornata per effetto della copertura nuvolosa.<br \/>\nPrecipitazioni: Assenti (0%).<br \/>\nTemperature: Stazionarie nelle valli, o in lieve aumento le minime in caso di copertura notturna; in ulteriore lieve aumento in quota, con persistente inversione termica. Su Prealpi a 1500 m min 4\u00b0C max 9\u00b0C, a 2000 m min 2\u00b0C max 6\u00b0C. Su Dolomiti a 2000 m min 0\u00b0C max 4\u00b0C, a 3000 m min -5\u00b0C max -3\u00b0C.<br \/>\nVenti: Nelle valli perlopi\u00f9 deboli di direzione variabile, con qualche locale rinforzo di F\u00f6hn alla sera; in quota da deboli a moderati da Nord Nord-Ovest, a 5-25 km\/h a 2000 m, 10-40 km\/h a 3000 m.<br \/>\n<strong>Sabato 29<\/strong><br \/>\nTempo atteso: Tempo ben soleggiato, con residua nuvolosit\u00e0 alta seguita da ampie schiarite con cielo sereno. Clima sempre mite in quota, anche se con lieve calo termico, con inversione termica notturna nelle valli, persistente di giorno nelle zone in ombra, anche se meno marcata dei giorni precedenti, che si esaurir\u00e0 in caso di F\u00f6hn. Clima ventoso soprattutto nella seconda parte della giornata.<br \/>\nPrecipitazioni: Assenti (0%).<br \/>\nTemperature: Minime in calo, registrate alla sera soprattutto in quota. Massime stazionarie nelle valli, in calo in quota. Su Prealpi a 1500 m min 3\u00b0C max 6\u00b0C, a 2000 m min -1\u00b0C max 3\u00b0C. Su Dolomiti a 2000 m min -3\u00b0C max 1\u00b0C, a 3000 m min -8\u00b0C max -5\u00b0C.<br \/>\nVenti: Nelle valli perlopi\u00f9 deboli di direzione variabile, con F\u00f6hn in qualche valle dolomitica; in quota da deboli a moderati\/tesi settentrionali, a 10-35 km\/h a 2000 m, 20-60 km\/h a 3000 m.<br \/>\n<strong>Domenica 30<\/strong><br \/>\nTempo abbastanza soleggiato, anche se con qualche nube medio-alta durante la giornata. Clima sempre mite in quota con inversione termica nelle valli, eccetto in caso di F\u00f6hn, nel qual caso si avr\u00e0 un rialzo termico anche a fondovalle. Venti in intensificazione fino a forti da Nord in quota, con possibile F\u00f6hn nelle valli.<br \/>\n<strong>Lunedi 31<\/strong><br \/>\nTempo abbastanza soleggiato, con qualche possibile addensamento da Nord soprattutto sulle Dolomiti e parziale copertura per nubi alte. Clima sempre ventoso in quota, anche con F\u00f6hn in qualche valle, con venti in attenuazione. Temperature senza notevoli variazioni. Previsore: G.M<\/p>\n<p>&nbsp;<\/p>\n","protected":false},"excerpt":{"rendered":"<p>&nbsp; La solidariet\u00e0 per i bellunesi trova oggi spazio in prima pagina del Corriere delle Alpi, nel fondo welfare della Provincia sono arrivate 136 donazioni per 280 mila euro ed \u00e8 solo il primo bilancio. Giornate intense anche per il Soccorso Alpino intervenuto per togliere dai guai 3 giovani di Ponte di Piave bloccati in&hellip;<\/p>\n","protected":false},"author":1,"featured_media":70810,"comment_status":"closed","ping_status":"closed","sticky":false,"template":"","format":"standard","meta":{"_monsterinsights_skip_tracking":false,"_monsterinsights_sitenote_active":false,"_monsterinsights_sitenote_note":"","_monsterinsights_sitenote_category":0,"footnotes":""},"categories":[86],"tags":[],"class_list":["post-70760","post","type-post","status-publish","format-standard","has-post-thumbnail","hentry","category-gr","category-86","description-off"],"img_url":"https:\/\/www.radiopiu.net\/wordpress\/wp-content\/uploads\/2018\/12\/48926425_312810842661131_8171931173409259520_n.jpg","_links":{"self":[{"href":"https:\/\/www.radiopiu.net\/wordpress\/wp-json\/wp\/v2\/posts\/70760","targetHints":{"allow":["GET"]}}],"collection":[{"href":"https:\/\/www.radiopiu.net\/wordpress\/wp-json\/wp\/v2\/posts"}],"about":[{"href":"https:\/\/www.radiopiu.net\/wordpress\/wp-json\/wp\/v2\/types\/post"}],"author":[{"embeddable":true,"href":"https:\/\/www.radiopiu.net\/wordpress\/wp-json\/wp\/v2\/users\/1"}],"replies":[{"embeddable":true,"href":"https:\/\/www.radiopiu.net\/wordpress\/wp-json\/wp\/v2\/comments?post=70760"}],"version-history":[{"count":0,"href":"https:\/\/www.radiopiu.net\/wordpress\/wp-json\/wp\/v2\/posts\/70760\/revisions"}],"wp:featuredmedia":[{"embeddable":true,"href":"https:\/\/www.radiopiu.net\/wordpress\/wp-json\/wp\/v2\/media\/70810"}],"wp:attachment":[{"href":"https:\/\/www.radiopiu.net\/wordpress\/wp-json\/wp\/v2\/media?parent=70760"}],"wp:term":[{"taxonomy":"category","embeddable":true,"href":"https:\/\/www.radiopiu.net\/wordpress\/wp-json\/wp\/v2\/categories?post=70760"},{"taxonomy":"post_tag","embeddable":true,"href":"https:\/\/www.radiopiu.net\/wordpress\/wp-json\/wp\/v2\/tags?post=70760"}],"curies":[{"name":"wp","href":"https:\/\/api.w.org\/{rel}","templated":true}]}}