{"id":70805,"date":"2018-12-28T05:19:31","date_gmt":"2018-12-28T04:19:31","guid":{"rendered":"http:\/\/www.radiopiu.net\/wordpress\/?p=70805"},"modified":"2018-12-28T06:22:55","modified_gmt":"2018-12-28T05:22:55","slug":"speciale-san-gottardo-di-laste-e-il-rebus-dedicazione-di-renato-bona","status":"publish","type":"post","link":"https:\/\/www.radiopiu.net\/wordpress\/speciale-san-gottardo-di-laste-e-il-rebus-dedicazione-di-renato-bona\/","title":{"rendered":"SPECIALE,  SAN GOTTARDO DI LASTE E IL REBUS DEDICAZIONE DI RENATO BONA"},"content":{"rendered":"<div class=\"_4tdt _ua1\">\n<div class=\"_ua2\">\n<div class=\"_4tdv\">\n<div class=\"_5wd4 _1nc7\">\n<div class=\"._1dlq _h8t\">\n<div class=\"_5wd9 direction_ltr clearfix\">\n<div class=\"_1e-x _n4o\">\n<div class=\"_3_bl\">\n<div class=\"_5w1r _3_om _5wdf\">\n<div class=\"_4gx_\">\n<div class=\"_1aa6\"><span class=\"_5yl5\">Nel libro \u201cStoria breve dell\u2019Agordino\u201d dello scomparso storico prof. don Ferdinando Tamis, edito nel marzo 1989 dall<\/span><img loading=\"lazy\" decoding=\"async\" class=\"img alignleft\" src=\"https:\/\/scontent.fmxp1-1.fna.fbcdn.net\/v\/t1.0-1\/c13.0.50.50a\/p50x50\/553085_385905871470280_1626001170_n.jpg?_nc_cat=110&amp;_nc_ht=scontent.fmxp1-1.fna&amp;oh=3c6f8b768e4779fff64619db138d0460&amp;oe=5C91864C\" alt=\"\" width=\"61\" height=\"61\" \/><span class=\"_5yl5\">a tipografia Piave di Belluno, a proposito della chiesa di Laste di Rocca Pietore (amministratore parrocchiale \u00e8 padre Romeo Simonetti) si pu\u00f2 leggere: \u201cChiesa consacrata il 5 giugno 1440, parrocchia dal 1626. La nuova chiesa fu costruita negli anni 1863-1866\u201d. Dario Fontanive, autore nel 1994 per Edizioni turismo veneto di una piccola guida intitolata \u201cRocca Pietore\u201d scrive a sua volta: \u201cL\u2019attuale chiesa di San Gottardo, posta sopra un piccolo colle in posizione panoramica di straordinaria bellezza da cui si domina gran parte della sottostante vallata dell\u2019Alto Cordevole e si possono ammirare le maestose pareti del Civetta e del Pelmo, venne costruita nel 1863 su disegno dell\u2019architetto feltrino Giuseppe Segusini. Originariamente il progetto era stato steso per la diocesi di Treviso che per\u00f2 non lo consider\u00f2 idoneo. Successivamente fu presentato alla popolazione di Laste che lo accett\u00f2 per la nuova chiesa purch\u00e9 vi fossero apportate alcune modifiche.. La chiesa venne costruita poco lontano da quella vecchia, ormai da tempo abbandonata, che era stata costruita nella prima met\u00e0 del XV secolo e consacrata il 5 gi<\/span>ugno 1440. Il 29 dicembre 1626 il vescovo Giovanni Delfino concedeva alla popolazione di Laste che la loro chiesa fosse staccata da quella di Rocca Pietore, erigendola a parrocchia\u201d. Altre informazioni, dal sito wikipedia: Laste di Rocca Pietore \u00e8 costituita da tredici abitati distinti, arroccati in posizione sopraelevata alla destra del torrente Cordevole. La parrocchiale della frazione, intitolata a San Gottardo \u00e8 a Val, una delle tre borgate contigue (le altre sono Soppera-Sopi\u00e8ra e Dagai-Dagh\u00e8i) lungo la provinciale di Laste, con 68 abitanti e a 1.451 metri d&#8217;altitudine. Intitolata a San Gottardo la chiesa fu costruita nel 1863 su progetto del feltrino Giuseppe Segusini. Infine il sito dolomiti.org: \u201cLa chiesa di San Gottardo, \u00e8 situata sopra un piccolo colle in posizione panoramica di unica bellezza da cui si domina gran parte della vallata dell&#8217;alto Cordevole. Venne costruita nel 1863 dall&#8217;architetto feltrino Giuseppe Segusini\u201d. Osserviamo, sommessamente, che a fronte di queste notizie di siti autorevoli, sul numero 61, il penultimo di quest\u2019anno, di \u201cDomenica, il settimanale edito dalla Diocesi di Belluno-Feltre e diretto dal vescovo emerito monsignor Giuseppe Andrich, si indica la data di mercoled\u00ec 26 dicembre 2018, giorno di Santo Stefano, come quella dell\u2019anniversario della dedicazione, nel 1993, della chiesa, che sarebbe dunque avvenuta solo 25 anni or sono.<\/div>\n<div><\/div>\n<div class=\"_1aa6\">NELLE FOTO (Dario Fontanive, Stock-Photo, Wikipedia): suggestive immagini, anche notturne, della chiesa di Laste.<\/div>\n<\/div>\n<\/div>\n<\/div>\n<p><i class=\"img sp_ZjI7DwtqPed sx_6e77f1\"><\/i><\/div>\n<\/div>\n<\/div>\n<div class=\"_40qi\"><\/div>\n<\/div>\n<\/div>\n<\/div>\n<\/div>\n<div class=\"_4tdt _ua1\">\n<div class=\"_ua2\">\n<div class=\"_4tdv\">\n<div class=\"_5wd4 _1nc7 _2_-t\">\n<div class=\"._1dlq _h8t\">\n<div class=\"_5wd9 direction_ltr clearfix\">\n<div class=\"_3e7u _n4o _1a6y \" data-testid=\"attachment_root\">\n<div class=\"_55pk\">\n\n\t\t\t<style type='text\/css'>\n\t\t\t\t#gallery-1 {\n\t\t\t\t\tmargin: auto;\n\t\t\t\t}\n\t\t\t\t#gallery-1 .gallery-item {\n\t\t\t\t\tfloat: left;\n\t\t\t\t\tmargin-top: 10px;\n\t\t\t\t\ttext-align: center;\n\t\t\t\t\twidth: 33%;\n\t\t\t\t}\n\t\t\t\t#gallery-1 img {\n\t\t\t\t\tborder: 2px solid #cfcfcf;\n\t\t\t\t}\n\t\t\t\t#gallery-1 .gallery-caption {\n\t\t\t\t\tmargin-left: 0;\n\t\t\t\t}\n\t\t\t\t\/* see gallery_shortcode() in wp-includes\/media.php *\/\n\t\t\t<\/style>\n\t\t<div id='gallery-1' class='dt-gallery-container gallery galleryid-70805 gallery-columns-3 gallery-size-thumbnail'><dl class='gallery-item'>\n\t\t\t\t<dt class='gallery-icon landscape'>\n\t\t\t\t\t<a class=\"rollover\" href='https:\/\/www.radiopiu.net\/wordpress\/speciale-san-gottardo-di-laste-e-il-rebus-dedicazione-di-renato-bona\/48418853_2506509196045721_6968731484555313152_n\/'><img loading=\"lazy\" decoding=\"async\" width=\"150\" height=\"150\" src=\"https:\/\/www.radiopiu.net\/wordpress\/wp-content\/uploads\/2018\/12\/48418853_2506509196045721_6968731484555313152_n-150x150.jpg\" class=\"attachment-thumbnail size-thumbnail\" alt=\"\" \/><\/a>\n\t\t\t\t<\/dt><\/dl><dl class='gallery-item'>\n\t\t\t\t<dt class='gallery-icon landscape'>\n\t\t\t\t\t<a class=\"rollover\" href='https:\/\/www.radiopiu.net\/wordpress\/speciale-san-gottardo-di-laste-e-il-rebus-dedicazione-di-renato-bona\/48419449_422115361658707_6286649867171266560_n\/'><img loading=\"lazy\" decoding=\"async\" width=\"150\" height=\"150\" src=\"https:\/\/www.radiopiu.net\/wordpress\/wp-content\/uploads\/2018\/12\/48419449_422115361658707_6286649867171266560_n-150x150.jpg\" class=\"attachment-thumbnail size-thumbnail\" alt=\"\" \/><\/a>\n\t\t\t\t<\/dt><\/dl><dl class='gallery-item'>\n\t\t\t\t<dt class='gallery-icon landscape'>\n\t\t\t\t\t<a class=\"rollover\" href='https:\/\/www.radiopiu.net\/wordpress\/speciale-san-gottardo-di-laste-e-il-rebus-dedicazione-di-renato-bona\/48419824_355013088622543_249573175111712768_n\/'><img loading=\"lazy\" decoding=\"async\" width=\"150\" height=\"150\" src=\"https:\/\/www.radiopiu.net\/wordpress\/wp-content\/uploads\/2018\/12\/48419824_355013088622543_249573175111712768_n-150x150.jpg\" class=\"attachment-thumbnail size-thumbnail\" alt=\"\" \/><\/a>\n\t\t\t\t<\/dt><\/dl><br style=\"clear: both\" \/><dl class='gallery-item'>\n\t\t\t\t<dt class='gallery-icon portrait'>\n\t\t\t\t\t<a class=\"rollover\" href='https:\/\/www.radiopiu.net\/wordpress\/speciale-san-gottardo-di-laste-e-il-rebus-dedicazione-di-renato-bona\/48423289_586711115099216_8389519778607267840_n\/'><img loading=\"lazy\" decoding=\"async\" width=\"110\" height=\"150\" src=\"https:\/\/www.radiopiu.net\/wordpress\/wp-content\/uploads\/2018\/12\/48423289_586711115099216_8389519778607267840_n-110x150.jpg\" class=\"attachment-thumbnail size-thumbnail\" alt=\"\" \/><\/a>\n\t\t\t\t<\/dt><\/dl><dl class='gallery-item'>\n\t\t\t\t<dt class='gallery-icon landscape'>\n\t\t\t\t\t<a class=\"rollover\" href='https:\/\/www.radiopiu.net\/wordpress\/speciale-san-gottardo-di-laste-e-il-rebus-dedicazione-di-renato-bona\/48926425_312810842661131_8171931173409259520_n\/'><img loading=\"lazy\" decoding=\"async\" width=\"150\" height=\"150\" src=\"https:\/\/www.radiopiu.net\/wordpress\/wp-content\/uploads\/2018\/12\/48926425_312810842661131_8171931173409259520_n-150x150.jpg\" class=\"attachment-thumbnail size-thumbnail\" alt=\"\" \/><\/a>\n\t\t\t\t<\/dt><\/dl><dl class='gallery-item'>\n\t\t\t\t<dt class='gallery-icon landscape'>\n\t\t\t\t\t<a class=\"rollover\" href='https:\/\/www.radiopiu.net\/wordpress\/speciale-san-gottardo-di-laste-e-il-rebus-dedicazione-di-renato-bona\/48416737_299287953906401_7656270880091144192_n\/'><img loading=\"lazy\" decoding=\"async\" width=\"150\" height=\"150\" src=\"https:\/\/www.radiopiu.net\/wordpress\/wp-content\/uploads\/2018\/12\/48416737_299287953906401_7656270880091144192_n-150x150.jpg\" class=\"attachment-thumbnail size-thumbnail\" alt=\"\" \/><\/a>\n\t\t\t\t<\/dt><\/dl><br style=\"clear: both\" \/>\n\t\t\t<\/div>\n\n<\/div>\n<\/div>\n<\/div>\n<\/div>\n<\/div>\n<\/div>\n<\/div>\n<\/div>\n","protected":false},"excerpt":{"rendered":"<p>Nel libro \u201cStoria breve dell\u2019Agordino\u201d dello scomparso storico prof. don Ferdinando Tamis, edito nel marzo 1989 dalla tipografia Piave di Belluno, a proposito della chiesa di Laste di Rocca Pietore (amministratore parrocchiale \u00e8 padre Romeo Simonetti) si pu\u00f2 leggere: \u201cChiesa consacrata il 5 giugno 1440, parrocchia dal 1626. La nuova chiesa fu costruita negli anni&hellip;<\/p>\n","protected":false},"author":1,"featured_media":70806,"comment_status":"closed","ping_status":"closed","sticky":false,"template":"","format":"standard","meta":{"_monsterinsights_skip_tracking":false,"_monsterinsights_sitenote_active":false,"_monsterinsights_sitenote_note":"","_monsterinsights_sitenote_category":0,"footnotes":""},"categories":[51,49,84],"tags":[],"class_list":["post-70805","post","type-post","status-publish","format-standard","has-post-thumbnail","hentry","category-evidenza-top","category-news-18","category-speciali","category-51","category-49","category-84","description-off"],"img_url":"https:\/\/www.radiopiu.net\/wordpress\/wp-content\/uploads\/2018\/12\/48418853_2506509196045721_6968731484555313152_n.jpg","_links":{"self":[{"href":"https:\/\/www.radiopiu.net\/wordpress\/wp-json\/wp\/v2\/posts\/70805","targetHints":{"allow":["GET"]}}],"collection":[{"href":"https:\/\/www.radiopiu.net\/wordpress\/wp-json\/wp\/v2\/posts"}],"about":[{"href":"https:\/\/www.radiopiu.net\/wordpress\/wp-json\/wp\/v2\/types\/post"}],"author":[{"embeddable":true,"href":"https:\/\/www.radiopiu.net\/wordpress\/wp-json\/wp\/v2\/users\/1"}],"replies":[{"embeddable":true,"href":"https:\/\/www.radiopiu.net\/wordpress\/wp-json\/wp\/v2\/comments?post=70805"}],"version-history":[{"count":0,"href":"https:\/\/www.radiopiu.net\/wordpress\/wp-json\/wp\/v2\/posts\/70805\/revisions"}],"wp:featuredmedia":[{"embeddable":true,"href":"https:\/\/www.radiopiu.net\/wordpress\/wp-json\/wp\/v2\/media\/70806"}],"wp:attachment":[{"href":"https:\/\/www.radiopiu.net\/wordpress\/wp-json\/wp\/v2\/media?parent=70805"}],"wp:term":[{"taxonomy":"category","embeddable":true,"href":"https:\/\/www.radiopiu.net\/wordpress\/wp-json\/wp\/v2\/categories?post=70805"},{"taxonomy":"post_tag","embeddable":true,"href":"https:\/\/www.radiopiu.net\/wordpress\/wp-json\/wp\/v2\/tags?post=70805"}],"curies":[{"name":"wp","href":"https:\/\/api.w.org\/{rel}","templated":true}]}}