{"id":70820,"date":"2018-12-28T05:32:03","date_gmt":"2018-12-28T04:32:03","guid":{"rendered":"http:\/\/www.radiopiu.net\/wordpress\/?p=70820"},"modified":"2018-12-28T05:32:03","modified_gmt":"2018-12-28T04:32:03","slug":"domani-in-nevegal-la-vita-avventurosa-di-girolamo-segato-raccontata-da-michele-sbardella","status":"publish","type":"post","link":"https:\/\/www.radiopiu.net\/wordpress\/domani-in-nevegal-la-vita-avventurosa-di-girolamo-segato-raccontata-da-michele-sbardella\/","title":{"rendered":"DOMANI IN NEVEGAL:\u00a0 LA VITA AVVENTUROSA DI GIROLAMO SEGATO RACCONTATA DA MICHELE SBARDELLA"},"content":{"rendered":"<h1><\/h1>\n<p><a class=\"dt-pswp-item\" href=\"http:\/\/www.radiopiu.net\/wordpress\/wp-content\/uploads\/2018\/12\/Girolamo-Segato-Nevegal.jpeg\" data-dt-img-description=\"\" data-large_image_width=\"1131\" data-large_image_height=\"1599\"><img loading=\"lazy\" decoding=\"async\" class=\"size-medium wp-image-70817 alignleft\" src=\"http:\/\/www.radiopiu.net\/wordpress\/wp-content\/uploads\/2018\/12\/Girolamo-Segato-Nevegal-212x300.jpeg\" alt=\"\" width=\"212\" height=\"300\" srcset=\"https:\/\/www.radiopiu.net\/wordpress\/wp-content\/uploads\/2018\/12\/Girolamo-Segato-Nevegal-212x300.jpeg 212w, https:\/\/www.radiopiu.net\/wordpress\/wp-content\/uploads\/2018\/12\/Girolamo-Segato-Nevegal-768x1086.jpeg 768w, https:\/\/www.radiopiu.net\/wordpress\/wp-content\/uploads\/2018\/12\/Girolamo-Segato-Nevegal-724x1024.jpeg 724w, https:\/\/www.radiopiu.net\/wordpress\/wp-content\/uploads\/2018\/12\/Girolamo-Segato-Nevegal.jpeg 1131w\" sizes=\"auto, (max-width: 212px) 100vw, 212px\" \/><\/a>La vita avventurosa del bellunese Girolamo Segato, tra le Dolomiti e le piramidi d\u2019Egitto, tra salotti fiorentini e laboratori di anatomia. La vita di un uomo che ha sempre sfidato le regole e che si \u00e8 portato nella tomba il segreto della sua pi\u00f9 macabra scoperta. Domani\u00a0 alle 20.30 nella sala comunale del palazzo Le Torri in Nevegal andr\u00e0 in scena \u201cAnatomie di un viaggiatore \u2013 Girolamo Segato\u201d, spettacolo ideato e recitato da Michele Sbardella con accompagnamento musicale di Andrea Palonta. Uno spettacolo ideato e portato in scena da bellunesi, che racconta con un monologo avvincente la vita di un personaggio della nostra storia, nato a Belluno e sepolto nella basilica di Santa Croce a Firenze. Girolamo Segato os\u00f2 sfidare le regole della natura, ma mor\u00ec prima di confessare a qualcuno la sua scoperta pi\u00f9 importante: la pietrificazione dei corpi. Da sempre l\u2019associazione Vivaio Dolomiti, che organizza la serata, punta a valorizzare i territorio bellunese, i suoi talenti e i suoi personaggi illustri e questo spettacolo va proprio in questa direzione. La serata \u00e8 ad ingresso libero e l\u2019evento gode del patrocinio della Provincia e del Comune di Belluno. Si ringraziano tutti gli sponsor che hanno aiutato ad organizzare la serata.<\/p>\n<p>&nbsp;<\/p>\n<p><strong>SOSPIROLO<\/strong> Ritornano i viaggi nell\u2019arte con la Tilia organizzati dalla Pro loco \u201cMonti del Sole\u201d domenica 13 gennaio. La meta \u00e8 Venezia e il titolo della trasferta \u00e8 \u201cAmore, caff\u00e8, gioco e maschere nei teatri\u201d. Partenza da Sospirolo (ritrovo in Piazza Lexy) alle 6.30 per Venezia con cambio a Mogliano e arrivo a Venezia alle 8.46. A seguire visita guidata al laboratorio di maschere C\u00e0 Macana, poi al Teatro di Carlo Goldoni a Casa Goldoni con visita guidata e animata. Segue il pranzo e nel pomeriggio passeggiata guidata tra amore, gioco e caff\u00e8. Alle 18.05 partenza per il rientro; su prenotazione entro il 31 dicembre. Info: <a href=\"mailto:segreteria@sospirolo.net\">segreteria@sospirolo.net<\/a>; 328 124 5781.<\/p>\n","protected":false},"excerpt":{"rendered":"<p>La vita avventurosa del bellunese Girolamo Segato, tra le Dolomiti e le piramidi d\u2019Egitto, tra salotti fiorentini e laboratori di anatomia. La vita di un uomo che ha sempre sfidato le regole e che si \u00e8 portato nella tomba il segreto della sua pi\u00f9 macabra scoperta. Domani\u00a0 alle 20.30 nella sala comunale del palazzo Le&hellip;<\/p>\n","protected":false},"author":1,"featured_media":70817,"comment_status":"closed","ping_status":"closed","sticky":false,"template":"","format":"standard","meta":{"_monsterinsights_skip_tracking":false,"_monsterinsights_sitenote_active":false,"_monsterinsights_sitenote_note":"","_monsterinsights_sitenote_category":0,"footnotes":""},"categories":[49],"tags":[],"class_list":["post-70820","post","type-post","status-publish","format-standard","has-post-thumbnail","hentry","category-news-18","category-49","description-off"],"img_url":"https:\/\/www.radiopiu.net\/wordpress\/wp-content\/uploads\/2018\/12\/Girolamo-Segato-Nevegal.jpeg","_links":{"self":[{"href":"https:\/\/www.radiopiu.net\/wordpress\/wp-json\/wp\/v2\/posts\/70820","targetHints":{"allow":["GET"]}}],"collection":[{"href":"https:\/\/www.radiopiu.net\/wordpress\/wp-json\/wp\/v2\/posts"}],"about":[{"href":"https:\/\/www.radiopiu.net\/wordpress\/wp-json\/wp\/v2\/types\/post"}],"author":[{"embeddable":true,"href":"https:\/\/www.radiopiu.net\/wordpress\/wp-json\/wp\/v2\/users\/1"}],"replies":[{"embeddable":true,"href":"https:\/\/www.radiopiu.net\/wordpress\/wp-json\/wp\/v2\/comments?post=70820"}],"version-history":[{"count":0,"href":"https:\/\/www.radiopiu.net\/wordpress\/wp-json\/wp\/v2\/posts\/70820\/revisions"}],"wp:featuredmedia":[{"embeddable":true,"href":"https:\/\/www.radiopiu.net\/wordpress\/wp-json\/wp\/v2\/media\/70817"}],"wp:attachment":[{"href":"https:\/\/www.radiopiu.net\/wordpress\/wp-json\/wp\/v2\/media?parent=70820"}],"wp:term":[{"taxonomy":"category","embeddable":true,"href":"https:\/\/www.radiopiu.net\/wordpress\/wp-json\/wp\/v2\/categories?post=70820"},{"taxonomy":"post_tag","embeddable":true,"href":"https:\/\/www.radiopiu.net\/wordpress\/wp-json\/wp\/v2\/tags?post=70820"}],"curies":[{"name":"wp","href":"https:\/\/api.w.org\/{rel}","templated":true}]}}