{"id":70840,"date":"2018-12-28T10:13:22","date_gmt":"2018-12-28T09:13:22","guid":{"rendered":"http:\/\/www.radiopiu.net\/wordpress\/?p=70840"},"modified":"2018-12-28T10:13:22","modified_gmt":"2018-12-28T09:13:22","slug":"inte-per-anter-passeggiando-tra-i-presepi-di-la-valle-agordina-e-il-5-gennaio-scendera-la-befana","status":"publish","type":"post","link":"https:\/\/www.radiopiu.net\/wordpress\/inte-per-anter-passeggiando-tra-i-presepi-di-la-valle-agordina-e-il-5-gennaio-scendera-la-befana\/","title":{"rendered":"&#8220;INTE PER ANTER&#8221; passeggiando tra i presepi di La Valle Agordina E IL 5 GENNAIO SCENDERA&#8217;&#8230;.LA BEFANA"},"content":{"rendered":"<div>\n<div class=\"_1t_p clearfix\">\n<div class=\"_41ud\">\n<div class=\"clearfix _o46 _3erg _29_7 direction_ltr text_align_ltr\">\n<div id=\"js_dh\" class=\"_3058 _ui9 _hh7 _s1- _52mr _3oh-\" data-tooltip-content=\"09:57\" data-hover=\"tooltip\" data-tooltip-position=\"left\" aria-describedby=\"js_2p\">\n<div class=\"_aok\" tabindex=\"0\" aria-label=\"Buongiorno Mirko e Buone Feste! Spero tutto proceda alla grande come il solito. \n\nTi chiedo un piacere, avresti voglia di spingere un po\u2019 sulla manifestazione Inte per Anter? \n\n* * * \n\nNoi ci stiamo preparando per il 5 gennaio, la Befana, e sta andando alla grande anche \u201cInte per Anter \/ i presepi di La Valle Agordina\u201d. \n\nSi tratta della 4a edizione di un\u2019esposizione di presepi (41 quest\u2019anno) per le strade e per le burele di La Valle. La gente pu\u00f2 prendere le mappe nei 5 punti informativi (Edicola Tabaccheria di Romina in piazza della Chiesa; Pensione al Cervo di Gianna e Alimentari Ganz di Maura e Bar Larin di Moira sulla via principale; Bar El Forner di William presso il panificio del paese. \n\nI presepi son dislocati in quasi tutte le fazioni: \n- 2 Noach \n- 1 Ronchet \n- 2 Gaidon \n- 3 Torsas \n- 10 Gisia\n- 8 Conaia\n- 10 Cugnach\n- 3 Fades \n- 2 Lantrach \nParticolare la Frazione di Conaggia con pochi abitanti, ma con tantissimi presepi (ed \u00e8 anche la pi\u00f9 suggestiva). \n\nChi vuole pu\u00f2 prendere anche delle schede di votazione, dove potr\u00e0 dare 3 preferenze. \n\nOvviamente non \u00e8 importante il concorso, ma la volont\u00e0 di fare comunit\u00e0 in ogni modo possibile (anche e soprattutto per il Natale), chi partecipa o ha partecipato, alle nostre iniziative comprende che ci impegniamo per il paese ed \u00e8 questo che li spinge ad esserci vicini. \n\nQuindi spero che la gente venga a scoprire la magia di La Valle Agordina.\"><span class=\"_3oh- _58nk\"><a class=\"dt-pswp-item\" href=\"http:\/\/www.radiopiu.net\/wordpress\/wp-content\/uploads\/2018\/12\/49204524_331717771001323_4401849245083107328_n.jpg\" data-dt-img-description=\"\" data-large_image_width=\"2048\" data-large_image_height=\"1448\"><img loading=\"lazy\" decoding=\"async\" class=\"size-medium wp-image-70841 alignleft\" src=\"http:\/\/www.radiopiu.net\/wordpress\/wp-content\/uploads\/2018\/12\/49204524_331717771001323_4401849245083107328_n-300x212.jpg\" alt=\"\" width=\"300\" height=\"212\" srcset=\"https:\/\/www.radiopiu.net\/wordpress\/wp-content\/uploads\/2018\/12\/49204524_331717771001323_4401849245083107328_n-300x212.jpg 300w, https:\/\/www.radiopiu.net\/wordpress\/wp-content\/uploads\/2018\/12\/49204524_331717771001323_4401849245083107328_n-768x543.jpg 768w, https:\/\/www.radiopiu.net\/wordpress\/wp-content\/uploads\/2018\/12\/49204524_331717771001323_4401849245083107328_n-1024x724.jpg 1024w, https:\/\/www.radiopiu.net\/wordpress\/wp-content\/uploads\/2018\/12\/49204524_331717771001323_4401849245083107328_n.jpg 2048w\" sizes=\"auto, (max-width: 300px) 100vw, 300px\" \/><\/a>\u201cInte per Anter \/ i presepi di La Valle Agordina\u201d. Si tratta della 4a edizione di un\u2019esposizione di presepi (41) per le strade o per le &#8220;burele&#8221; di La Valle. La gente pu\u00f2 prendere le mappe nei 5 punti informativi (Edicola Tabaccheria di Romina in piazza della Chiesa; Pensione al Cervo di Gianna e Alimentari Ganz di Maura e Bar Larin di Moira sulla via principale; Bar El Forner di William presso il panificio del paese. I presepi sono dislocati in quasi tutte le fazioni: &#8211; 2 Noach &#8211; 1 Ronchet &#8211; 2 Gaidon &#8211; 3 Torsas &#8211; 10 Gisia &#8211; 8 Conaia &#8211; 10 Cugnach &#8211; 3 Fades &#8211; 2 Lantrach Particolare e suggestiva la Frazione di Conaggia con pochi abitanti, ma con tantissimi presepi. Chi vuole pu\u00f2 prendere anche delle schede di votazione, dove potr\u00e0 dare 3 preferenze. Ovviamente non \u00e8 importante il concorso, ma la volont\u00e0 di fare comunit\u00e0 in ogni modo possibile, chi partecipa o ha partecipato, alle iniziative conosce l&#8217;impegno dei promotori per il paese.<\/span><\/div>\n<div tabindex=\"0\" aria-label=\"Buongiorno Mirko e Buone Feste! Spero tutto proceda alla grande come il solito. \n\nTi chiedo un piacere, avresti voglia di spingere un po\u2019 sulla manifestazione Inte per Anter? \n\n* * * \n\nNoi ci stiamo preparando per il 5 gennaio, la Befana, e sta andando alla grande anche \u201cInte per Anter \/ i presepi di La Valle Agordina\u201d. \n\nSi tratta della 4a edizione di un\u2019esposizione di presepi (41 quest\u2019anno) per le strade e per le burele di La Valle. La gente pu\u00f2 prendere le mappe nei 5 punti informativi (Edicola Tabaccheria di Romina in piazza della Chiesa; Pensione al Cervo di Gianna e Alimentari Ganz di Maura e Bar Larin di Moira sulla via principale; Bar El Forner di William presso il panificio del paese. \n\nI presepi son dislocati in quasi tutte le fazioni: \n- 2 Noach \n- 1 Ronchet \n- 2 Gaidon \n- 3 Torsas \n- 10 Gisia\n- 8 Conaia\n- 10 Cugnach\n- 3 Fades \n- 2 Lantrach \nParticolare la Frazione di Conaggia con pochi abitanti, ma con tantissimi presepi (ed \u00e8 anche la pi\u00f9 suggestiva). \n\nChi vuole pu\u00f2 prendere anche delle schede di votazione, dove potr\u00e0 dare 3 preferenze. \n\nOvviamente non \u00e8 importante il concorso, ma la volont\u00e0 di fare comunit\u00e0 in ogni modo possibile (anche e soprattutto per il Natale), chi partecipa o ha partecipato, alle nostre iniziative comprende che ci impegniamo per il paese ed \u00e8 questo che li spinge ad esserci vicini. \n\nQuindi spero che la gente venga a scoprire la magia di La Valle Agordina.\"><a class=\"dt-pswp-item\" href=\"http:\/\/www.radiopiu.net\/wordpress\/wp-content\/uploads\/2018\/12\/49110304_556442631434328_8218541107693223936_n.jpg\" data-dt-img-description=\"\" data-large_image_width=\"2048\" data-large_image_height=\"1448\"><img loading=\"lazy\" decoding=\"async\" class=\"alignnone wp-image-70842 size-large\" src=\"http:\/\/www.radiopiu.net\/wordpress\/wp-content\/uploads\/2018\/12\/49110304_556442631434328_8218541107693223936_n-1024x724.jpg\" alt=\"\" width=\"1024\" height=\"724\" srcset=\"https:\/\/www.radiopiu.net\/wordpress\/wp-content\/uploads\/2018\/12\/49110304_556442631434328_8218541107693223936_n-1024x724.jpg 1024w, https:\/\/www.radiopiu.net\/wordpress\/wp-content\/uploads\/2018\/12\/49110304_556442631434328_8218541107693223936_n-300x212.jpg 300w, https:\/\/www.radiopiu.net\/wordpress\/wp-content\/uploads\/2018\/12\/49110304_556442631434328_8218541107693223936_n-768x543.jpg 768w, https:\/\/www.radiopiu.net\/wordpress\/wp-content\/uploads\/2018\/12\/49110304_556442631434328_8218541107693223936_n.jpg 2048w\" sizes=\"auto, (max-width: 1024px) 100vw, 1024px\" \/><\/a><\/div>\n<\/div>\n<\/div>\n<\/div>\n<\/div>\n<\/div>\n<div>\n<div class=\"_1t_p clearfix\">\n<div class=\"_41ud\">\n<div class=\"clearfix _o46 _3erg _29_7 direction_ltr text_align_ltr\">\n<div class=\"_3058 _ui9 _hh7 _s1- _52mr _3oh-\" data-tooltip-content=\"09:58\" data-hover=\"tooltip\" data-tooltip-position=\"left\">\n<div class=\"_aok\" tabindex=\"0\" aria-label=\"Grazie!!\"><\/div>\n<\/div>\n<\/div>\n<\/div>\n<\/div>\n<\/div>\n","protected":false},"excerpt":{"rendered":"<p>\u201cInte per Anter \/ i presepi di La Valle Agordina\u201d. Si tratta della 4a edizione di un\u2019esposizione di presepi (41) per le strade o per le &#8220;burele&#8221; di La Valle. La gente pu\u00f2 prendere le mappe nei 5 punti informativi (Edicola Tabaccheria di Romina in piazza della Chiesa; Pensione al Cervo di Gianna e Alimentari&hellip;<\/p>\n","protected":false},"author":1,"featured_media":70841,"comment_status":"closed","ping_status":"closed","sticky":false,"template":"","format":"standard","meta":{"_monsterinsights_skip_tracking":false,"_monsterinsights_sitenote_active":false,"_monsterinsights_sitenote_note":"","_monsterinsights_sitenote_category":0,"footnotes":""},"categories":[49],"tags":[],"class_list":["post-70840","post","type-post","status-publish","format-standard","has-post-thumbnail","hentry","category-news-18","category-49","description-off"],"img_url":"https:\/\/www.radiopiu.net\/wordpress\/wp-content\/uploads\/2018\/12\/49204524_331717771001323_4401849245083107328_n.jpg","_links":{"self":[{"href":"https:\/\/www.radiopiu.net\/wordpress\/wp-json\/wp\/v2\/posts\/70840","targetHints":{"allow":["GET"]}}],"collection":[{"href":"https:\/\/www.radiopiu.net\/wordpress\/wp-json\/wp\/v2\/posts"}],"about":[{"href":"https:\/\/www.radiopiu.net\/wordpress\/wp-json\/wp\/v2\/types\/post"}],"author":[{"embeddable":true,"href":"https:\/\/www.radiopiu.net\/wordpress\/wp-json\/wp\/v2\/users\/1"}],"replies":[{"embeddable":true,"href":"https:\/\/www.radiopiu.net\/wordpress\/wp-json\/wp\/v2\/comments?post=70840"}],"version-history":[{"count":0,"href":"https:\/\/www.radiopiu.net\/wordpress\/wp-json\/wp\/v2\/posts\/70840\/revisions"}],"wp:featuredmedia":[{"embeddable":true,"href":"https:\/\/www.radiopiu.net\/wordpress\/wp-json\/wp\/v2\/media\/70841"}],"wp:attachment":[{"href":"https:\/\/www.radiopiu.net\/wordpress\/wp-json\/wp\/v2\/media?parent=70840"}],"wp:term":[{"taxonomy":"category","embeddable":true,"href":"https:\/\/www.radiopiu.net\/wordpress\/wp-json\/wp\/v2\/categories?post=70840"},{"taxonomy":"post_tag","embeddable":true,"href":"https:\/\/www.radiopiu.net\/wordpress\/wp-json\/wp\/v2\/tags?post=70840"}],"curies":[{"name":"wp","href":"https:\/\/api.w.org\/{rel}","templated":true}]}}