{"id":70858,"date":"2018-12-29T05:52:49","date_gmt":"2018-12-29T04:52:49","guid":{"rendered":"http:\/\/www.radiopiu.net\/wordpress\/?p=70858"},"modified":"2018-12-29T10:46:03","modified_gmt":"2018-12-29T09:46:03","slug":"giornale-radio-29-dicembre-2018-direttore-mirko-mezzacasa","status":"publish","type":"post","link":"https:\/\/www.radiopiu.net\/wordpress\/giornale-radio-29-dicembre-2018-direttore-mirko-mezzacasa\/","title":{"rendered":"GIORNALE RADIO 29 DICEMBRE 2018 DIRETTORE MIRKO MEZZACASA"},"content":{"rendered":"<p>&nbsp;<\/p>\n<div class=\"\" data-block=\"true\" data-editor=\"c13is\" data-offset-key=\"fkn58-0-0\">\n<blockquote>\n<div class=\"_1mf _1mj\" data-offset-key=\"fkn58-0-0\"><em><strong>IL DOTT. BAROSSO MEDICO A VOLTAGO E RIVAMONTE, INFORMA CHE:\u00a0NON VIENE SOSTITUITO DALLA DOTTORESSA GUBERT MA SOLAMENTE AFFIANCATO<\/strong><\/em><\/div>\n<\/blockquote>\n<\/div>\n<p>&nbsp;<\/p>\n<p><strong>Fine anno<\/strong>, la sanit\u00e0 bellunese fa i conti (Corriere delle Alpi), nel tracciare il bilancio il direttore generale Rasi Caldogno sottolinea i punti positivi come gli investimenti per 81 milioni e l&#8217;emergenza per i pochi medici invece per l&#8217;elisoccorso\u00a0 tutto \u00e8 rinviato mancando 13 piazzole e pure l&#8217;appalto. <strong>Il Corriere del Veneto<\/strong> propone oggi i volti noti del 2018, anche il sindaco di Rocca Pietore Andrea De Bernardin che ha seguito minuto dopo minuto l&#8217;evolversi degli effetti dell&#8217;uragano Vaia nel Comune maggiormente colpito. E sempre il Corriere Del Veneto scrive della\u00a0<strong>lettera di insulti\u00a0<\/strong>al Pubblico Ministero che segue anche l&#8217;inchiesta Erostrato, nel mirino il magistrato Simone Marcon, l&#8217;autore rischia una sanzione molto pesante.\u00a0<strong>Nei Comuni alluvionati\u00a0<\/strong>si contano i soldi, quelli che ha inviato il Governo a due mesi dall&#8217;alluvione, ma non coprono tutte le spese dell&#8217;emergenza. La Regione ha accreditato ad un centinaio di Comuni veneti 6 milioni di euro a copertura degli interventi di somma urgenza,\u00a0I sindaci\u00a0 sorpresi per la rapidit\u00e0 auspicano sia solo la prima piccola parte. Ed \u00e8 di nuovo <strong>allerta meteo\u00a0<\/strong>per colpa del previsto vento forte di fine anno. Per chi si muove <strong>con il treno<\/strong> le brutte notizie: da gennaio i biglietti aumenteranno del 2% ma non \u00e8 una novit\u00e0 succede ogni primo di gennaio con Regione e TrenItalia che ritoccano i prezzi in base al contratto pluriennale. <strong>Ilario Tancon<\/strong> dal Corriere delle Alpi oggi anticipa che l&#8217;Agordino ospiter\u00e0 l&#8217;atto conclusivo del Giro d&#8217;Italia Under 23, \u00e8 un progetto che sta prendendo forma, un omaggio alla terra ferita dall&#8217;alluvione nel ricordo di quella famosa tappa che incoron\u00f2 Marco Pantani\u00a0 protagonista ai Piani di Pezz\u00e8. (mm)<\/p>\n<p>&nbsp;<\/p>\n<p>&nbsp;<\/p>\n<p>&nbsp;<\/p>\n<h1>METEO. IN VENETO FINE ANNO COL VENTO FORTE. DICHIARATO LO STATO DI ATTENZIONE SU ZONE MONTANE E PEDEMONTANE<\/h1>\n<p class=\"western\">La fine del 2018 sar\u00e0 caratterizzata, in Veneto, da condizioni meteorologiche di vento forte. Alla luce di queste previsioni, emesse dall\u2019Arpav, il Centro Funzionale Decentrato della Protezione Civile della Regione Veneto ha dichiarato lo Stato di ttenzione per Vento Forte sulle zone montane e pedemontane, valevole per le intere giornate del 30 e 31 dicembre. In particolare, tra domenica 30 e luned\u00ec 31, sono previsti venti da nord, forti in quota, anche molto forti in alta quota; a tratti, venti tesi o forti anche nelle valli e localmente sulle zone pedemontane per raffiche di Foehn.<\/p>\n<p>&nbsp;<\/p>\n<p>&nbsp;<\/p>\n<p>&nbsp;<\/p>\n<h1>SCIVOLA SUL SENTIERO<\/h1>\n<p><strong>SOSPIROLO\u00a0<\/strong> Ieri Attorno alle 13.30 la Centrale del 118 ha allertato il Soccorso alpino di Belluno per un escursionista caduto all&#8217;imbocco del sentiero della Val de Vido, non distante da San Gottardo. L&#8217;uomo, V.R., 63 anni, di Rocca Pietore (BL), che si trovava assieme alla moglie quando era scivolato e non riusciva pi\u00f9 a camminare, \u00e8 stato raggiunto da una squadra in jeep che lo ha caricato a bordo e accompagnato all&#8217;ospedale di Agordo per le verifiche del caso.<\/p>\n<p>&nbsp;<\/p>\n<p>&nbsp;<\/p>\n<p>&nbsp;<\/p>\n<h1>DAL TRIBUNALE ALLE DIMISSIONI DI GRUPPO. QUALE FUTURO PER LA LIA DA MONT FODOM?<\/h1>\n<p><strong><a class=\"dt-pswp-item\" href=\"http:\/\/www.radiopiu.net\/wordpress\/wp-content\/uploads\/2018\/12\/14102485_10207915009573314_4948232573351630033_n.jpg\" data-dt-img-description=\"\" data-large_image_width=\"960\" data-large_image_height=\"540\"><img loading=\"lazy\" decoding=\"async\" class=\" wp-image-70879 alignleft\" src=\"http:\/\/www.radiopiu.net\/wordpress\/wp-content\/uploads\/2018\/12\/14102485_10207915009573314_4948232573351630033_n-300x169.jpg\" alt=\"\" width=\"270\" height=\"152\" srcset=\"https:\/\/www.radiopiu.net\/wordpress\/wp-content\/uploads\/2018\/12\/14102485_10207915009573314_4948232573351630033_n-300x169.jpg 300w, https:\/\/www.radiopiu.net\/wordpress\/wp-content\/uploads\/2018\/12\/14102485_10207915009573314_4948232573351630033_n-768x432.jpg 768w, https:\/\/www.radiopiu.net\/wordpress\/wp-content\/uploads\/2018\/12\/14102485_10207915009573314_4948232573351630033_n.jpg 960w\" sizes=\"auto, (max-width: 270px) 100vw, 270px\" \/><\/a>LIVINALLONGO<\/strong> Nel pomeriggio di ieri l&#8217;intero consiglio della Lia da Mont Fodom e Col ha rassegnato le dimissioni. La vicenda Glacion\u00a0 (una torre di ghiaccio naturale per favorire i giovani del luogo e i turisti), la denuncia di un operatore del territorio, la sanzione da 19 mila euro che costringe al mutuo e la paura di finire davanti ad un Pubblico Ministero azzera la sezione Cai di Livinallongo a rischio commissariamento proprio quando boschi e sentieri necessitano della mano dell&#8217;uomo, ma non quello della pianura che seppur bravo non conosce i segreti e gli anfratti delle montagne che gli associati Lia da Mont dei Paesi alti frequentano fin dalla nascita. L&#8217;intervista al presidente uscente Diego Grones.<\/p>\n<p>&nbsp;<\/p>\n<audio class=\"wp-audio-shortcode\" id=\"audio-70858-1\" preload=\"none\" style=\"width: 100%;\" controls=\"controls\"><source type=\"audio\/mpeg\" src=\"http:\/\/www.radiopiu.net\/wordpress\/wp-content\/uploads\/2018\/12\/DIEGO-GRONESE.mp3?_=1\" \/><a href=\"http:\/\/www.radiopiu.net\/wordpress\/wp-content\/uploads\/2018\/12\/DIEGO-GRONESE.mp3\">http:\/\/www.radiopiu.net\/wordpress\/wp-content\/uploads\/2018\/12\/DIEGO-GRONESE.mp3<\/a><\/audio>\n<h1><\/h1>\n<h1>THE END OF GLACIONS DA R\u00c8BA RIASSUNTO CON DIEGO GRONES<\/h1>\n<p><strong><a class=\"dt-pswp-item\" href=\"http:\/\/www.radiopiu.net\/wordpress\/wp-content\/uploads\/2018\/12\/10647088_10203512249991488_2183276732860451311_n.jpg\" data-dt-img-description=\"\" data-large_image_width=\"720\" data-large_image_height=\"960\"><img loading=\"lazy\" decoding=\"async\" class=\" wp-image-70880 alignleft\" src=\"http:\/\/www.radiopiu.net\/wordpress\/wp-content\/uploads\/2018\/12\/10647088_10203512249991488_2183276732860451311_n-225x300.jpg\" alt=\"\" width=\"281\" height=\"375\" srcset=\"https:\/\/www.radiopiu.net\/wordpress\/wp-content\/uploads\/2018\/12\/10647088_10203512249991488_2183276732860451311_n-225x300.jpg 225w, https:\/\/www.radiopiu.net\/wordpress\/wp-content\/uploads\/2018\/12\/10647088_10203512249991488_2183276732860451311_n.jpg 720w\" sizes=\"auto, (max-width: 281px) 100vw, 281px\" \/><\/a>08.01.2016<\/strong> \u2013 una segnalazoine al BIM GSP informava che stavamo usavamo l\u00b4acqua abusivamente per fare il ghiaccio per arrampicare, in seguito al sopralluogo di un dipendente BIM GSP chiudiamo l\u00b4acqua, chiudendo l\u00b4acqua si sono ghiacciate le tubature mobili che servono per formare il ghiaccio uniformemente sulla gru. Tramite un contratto con BIM GSP \u201efornitura temporanea servizio idrico\u201c di \u20ac 103,85 possiamo usufruire dell\u00b4acqua dal 12.01.2016 al 10.02.2016.<br \/>\n<strong>08.02.2016<\/strong> \u2013 viene fatta richiesta al BIM GSP per sapere chi ha fatto la segnalazione. BIM GSP risponde che non da l\u00b4informazione richiesta.<br \/>\n<strong>06.05.2016<\/strong> \u2013 giunge al Comune di Livinallongo una lettera firmata\u00a0 con un elenco di 10 segnalazioni, una di queste riguarda la nostra gru per arrampicata Glacions da R\u00e8ba, la segnalazione riporta quanto segue: \u201e Chiedo copia autorizzazione ambientale della fatiscente struttura di ghiaccio posizionata vicino al campo di hockey \u2013 Arabba.\u201c<br \/>\n<strong>25.06.2016<\/strong> &#8211; Tecnici del Comune effettuano un sopralluogo constatando che la gru adibita ad arrampicata su ghiaccio \u00e9 stata posizionata senza permesso: abuso edilizio su suolo pubblico.<br \/>\n<strong>09.09.2016 &#8211;<\/strong> il Comune ordina la demolizione.<br \/>\n<strong>29.09.2016<\/strong>\u00a0La minoranza del Comune di LIvinallongo esce sulla stampa locale: &#8220;Stiamo studiando un ordine di diffida che impone la regolarizzazione dello stato dei luoghi per opere edilizie abusive su suolo di propriet\u00e1 del Comune\u2026\u201c \u201e\u2026per conoscere se tra li abusivi ci siano Consiglieri Comunali o parenti\u201c (Diego Grones presidente della Lia da Mont, CAI Livinallongo \u00e9 fratello del Sindaco di Livinallongo), e fa riferimento alla \u201efatiscente struttura vicino al campo da hockey\u201c.<br \/>\n<strong>25.11.2016<\/strong> &#8211; la gru viene abbassa e messa a terra grazie al servizio gratuito della ditta Zelger G.b.H. che mette a disposizione un camion con autogru sufficentemente grande<br \/>\nDurante l\u00b4inverno la gru rimane a terra e si pensa ad una possibilit\u00e1 per rimetterla in piedi e continuare ad usarla per l\u00b4arrampicata su ghiaccio, ampliando in questo modo l\u00b4offerta turistica e sportiva di Arabba. Ma con i tempi burocratici e le\u00a0 alte spese e la mancanza di un contributo regionale adatto non viene trovata nessuna soluzione.<br \/>\n<strong>05.03.2017<\/strong> il Comune ci informa che \u00e9 stata preventivata una spese di \u20ac 3.000 affidando la demolizione ad una ditta specializzata. Inoltre ci sar\u00e1 da pagare il canone di affitto del terreno e la sanzione che verranno calcolati dalla COSAP.<br \/>\n<strong>19.04.2017<\/strong> \u2013 la ditta di ferro vecchio Casagrande di Vittorio Veneto, da noi contattata preleva la gru evitando in questo modo la spesa di \u20ac 3.000 preventivata dal Comune per la rimozione e il ripristino del terreno. I volontari della Lia da Mont Fodom e C\u00f2l \u2013 CAI Livinallongo ripristinano l\u00b4area,<br \/>\n<strong>11.09.2017<\/strong> &#8211; il Comune invia il conto canone suolo, sottosuolo e sanzione in base al regolamento COSAP: \u20ac 18.590,00 da pagare entro il 60 giorni dal ricevimento della raccomandata, altrimenti la cifra sarebbe di \u20ac 37.162,82.<br \/>\n<strong>27.09.2017<\/strong> \u2013 arriva una PEC\u00a0 indirizzata al Comune di Livinallongo e p.c. alla Guardia di Finanza. Il mittente scrive: \u201e&#8221;il signor Diego Grones ha svolto un\u00b4attivit\u00e1 abusiva usufruendo di suolo pubblico, acqua e elettricit\u00e1 degli enti pubblici\u201c. Successivamente vengono sentiti dalla Polizia Municipale di Livinallongo 3 volontari dei \u201eGlacions da R\u00e8ba\u201c che hanno eseguito il presunto allaccio abusivo di energia elettrica a spese degli enti pubblici. L\u00b4indagine \u00e9 tuttora in corso!<br \/>\n<strong>20.11.2017<\/strong> &#8211; Lia da Mont Fodom e C\u00f2l \u2013 CAI Livinallongo paga la sanzione di \u20ac 18.590,00 con un muto su fidjussione a nome Diego Grones a scadenza il 30.09.2025 con la Cassa Raiffeisen Val Badia di 8 anni con 16 rate semestrali di EURO 1.345,00<br \/>\n<strong>23.10.2017<\/strong> \u2013 la Procura della Repubblica emette una richiesta di emissione di decreto penale di condanna nei confronti di Diego Grones, \u20ac 16.375,00 di ammenda + \u20ac 1.125,00, \u201ein zona sottoposta a vincolo paesaggistico ambientale eseguiva lavori in totale assenza del prescritto permesso di costruire: in particolare, installava una parte di gru da cantiere su una superficie di ca 20 mq, appoggiata a terra su quattro blocchi di cemento e ancorata mediante cordini\u201c, \u201eal fine di trarne un profitto\u201c<br \/>\n<strong>29.01.2018 \u2013<\/strong> Il Tribunale di Belluno trasmette il Decreto Penale di condanna nei confronti di Diego Grones, \u20ac 16.375,00 di ammenda + \u20ac 1.125,00<br \/>\n<strong>28.11.2018<\/strong> \u2013 prima udienza Processo Penale<br \/>\n<strong>07.12.2018<\/strong> \u2013 seconda udienza Processo Penale<br \/>\n<strong>28.12.2018 \u2013<\/strong> viene richiesto al Comune di Livinallongo un accesso agli atti riguardo presunto allaccio abusivo di energia elettrica a spese degli enti pubblici. L\u00b4indagine \u00e9 tuttora in corso.<br \/>\n<strong>15.01.2019<\/strong> \u2013 fissata la terza udienza Processo Penale con testimoni<\/p>\n<blockquote><p><em><strong>DIEGO GRONES<\/strong>: Oltre al grosso danno economico e di immagine che hanno provocato le segnalazioni anonime e non, si \u00e9 creato un forte malessere all\u00b4interno del gruppo di volontari che da una mano nella sistemazione e mantenimento dei sentieri, spesso questi volontari non sono nemmeno soci CAI, ma danno una mano perch\u00e9 ci tengono alla montagna, per il piacere di farlo ed ora l\u00b4aiuto di queste persone verr\u00e1 a mancare anche per il timore di entrare in rogne giudiziarie. \u00c9 impensabile mantenere i sentieri nella nostra zona senza l\u00b4aiuto dei volontari, purtroppo molti si sono tirati indietro perch\u00e9 il lavoro e le opere realizzate sono poi misconosciute addirittura penalizzate&#8221;.<\/em><\/p><\/blockquote>\n<p>&nbsp;<\/p>\n<p>&nbsp;<\/p>\n<p>&nbsp;<\/p>\n<p>&nbsp;<\/p>\n<h1>STRADA DEL MIS SEMPRE CHIUSA. NESSUNA BUONA NOTIZIA NONOSTANTE SECONDO LE PROMESSE DI UNA SETTIMANA FA IERI QUALCHE COSA AVREBBE DOVUTO MUOVERSI.<\/h1>\n<p><strong>GOSALDO<\/strong> Dopo due mesi la provinciale della Valle del Mis \u00e8 ancora chiusa. Grazie a Giuseppe De Don\u00e0 documentiamo uno dei punti pi\u00f9 critici della strada che collega l&#8217;Agordino alla Valbelluna e Feltrino passando per Sospirolo.\u00a0Siamo al al km 17.9 ed \u00e8 lungo circa 70 metri. Che decideranno i tecnici:\u00a0 rilevato? muro a sostegno? scogliera? A quando il via ai lavori?. Nei tre km dal 15 al 18 c&#8217;\u00e8 poco altro. Forse un piccolo tratto franato da mettere in sicurezza. In ogni caso la strada per la Valle del Mis non risulta disastrata come altre rotabili gi\u00e0 sistemate in tutta la Provincia. &#8220;E&#8217; vero &#8211; dice il sindaco Giocondo Dalle Feste &#8211; ieri dovevano iniziare i sopralluoghi ma non ho visto n\u00e8 saputo nulla&#8221;. Dopo due mesi nessuno \u00e8 intervenuto in modo concreto, per fortuna che non ci sono state interruzioni lungo la regionale 203 agordina perch\u00e9 la provinciale del Mis come successo spesso (passi Dolomiti a parte) \u00e8 l&#8217;unica alternativa all&#8217;isolamento di un&#8217;intera vallata.<\/p>\n<p><a class=\"dt-pswp-item\" href=\"http:\/\/www.radiopiu.net\/wordpress\/wp-content\/uploads\/2018\/12\/49165542_2296662000618207_2268813652318486528_n.jpg\" data-dt-img-description=\"\" data-large_image_width=\"714\" data-large_image_height=\"960\"><img loading=\"lazy\" decoding=\"async\" class=\"alignnone wp-image-70860 \" src=\"http:\/\/www.radiopiu.net\/wordpress\/wp-content\/uploads\/2018\/12\/49165542_2296662000618207_2268813652318486528_n-223x300.jpg\" alt=\"\" width=\"362\" height=\"487\" srcset=\"https:\/\/www.radiopiu.net\/wordpress\/wp-content\/uploads\/2018\/12\/49165542_2296662000618207_2268813652318486528_n-223x300.jpg 223w, https:\/\/www.radiopiu.net\/wordpress\/wp-content\/uploads\/2018\/12\/49165542_2296662000618207_2268813652318486528_n.jpg 714w\" sizes=\"auto, (max-width: 362px) 100vw, 362px\" \/><\/a><a class=\"dt-pswp-item\" href=\"http:\/\/www.radiopiu.net\/wordpress\/wp-content\/uploads\/2018\/12\/49418622_2296661703951570_7692684854072180736_n.jpg\" data-dt-img-description=\"\" data-large_image_width=\"714\" data-large_image_height=\"960\"><img loading=\"lazy\" decoding=\"async\" class=\"alignnone wp-image-70861\" src=\"http:\/\/www.radiopiu.net\/wordpress\/wp-content\/uploads\/2018\/12\/49418622_2296661703951570_7692684854072180736_n-223x300.jpg\" alt=\"\" width=\"362\" height=\"487\" srcset=\"https:\/\/www.radiopiu.net\/wordpress\/wp-content\/uploads\/2018\/12\/49418622_2296661703951570_7692684854072180736_n-223x300.jpg 223w, https:\/\/www.radiopiu.net\/wordpress\/wp-content\/uploads\/2018\/12\/49418622_2296661703951570_7692684854072180736_n.jpg 714w\" sizes=\"auto, (max-width: 362px) 100vw, 362px\" \/><\/a><\/p>\n<p>&nbsp;<\/p>\n<p>&nbsp;<\/p>\n<p>&nbsp;<\/p>\n<p>&nbsp;<\/p>\n<h1>L&#8217;ARTICOLO 1 CHE TANTO PIACE A DARIO BOND<\/h1>\n<p>Sono interessati tutti i Comuni, contributi per &#8220;piccoli&#8221; lavori, 40 mila euro per i paesi pi\u00f9 piccoli fino a 100 mila euro per Comuni con 20mila abitanti evitando fastidiose lungaggini burocratiche e facendo lavorare le imprese del territorio. Spiega tutto lo stesso Deputato Dario Bond.<\/p>\n<audio class=\"wp-audio-shortcode\" id=\"audio-70858-2\" preload=\"none\" style=\"width: 100%;\" controls=\"controls\"><source type=\"audio\/ogg\" src=\"http:\/\/www.radiopiu.net\/wordpress\/wp-content\/uploads\/2018\/12\/bond-1.ogg?_=2\" \/><a href=\"http:\/\/www.radiopiu.net\/wordpress\/wp-content\/uploads\/2018\/12\/bond-1.ogg\">http:\/\/www.radiopiu.net\/wordpress\/wp-content\/uploads\/2018\/12\/bond-1.ogg<\/a><\/audio>\n<p>&nbsp;<\/p>\n<p>&nbsp;<\/p>\n<p>&nbsp;<\/p>\n<p>&nbsp;<\/p>\n<div class=\"page-title-head hgroup\">\n<h1 class=\"entry-title\">OSPEDALE DI AGORDO I SINDACI NON HANNO DECISO. A MARZO ERANO PER IL \u201cNO\u201d, OGGI QUALCUNO E\u2019 PER IL \u201cSI\u201d E POI C\u2019E\u2019 CHI\u2026 STA NELL\u2019OMBRA<\/h1>\n<\/div>\n<p>&nbsp;<\/p>\n<blockquote class=\"wp-embedded-content\" data-secret=\"kpclzJzHaL\"><p><a href=\"http:\/\/www.radiopiu.net\/wordpress\/ospedale-di-agordo-i-sindaci-non-hanno-deciso-a-marzo-erano-per-il-no-oggi-qualcuno-e-per-il-si-e-poi-ce-chi-sta-nellombra\/\">OSPEDALE DI AGORDO I SINDACI NON HANNO DECISO. A MARZO ERANO PER IL &#8220;NO&#8221;, OGGI QUALCUNO E&#8217; PER IL &#8220;SI&#8221; E POI C&#8217;E&#8217; CHI&#8230; STA NELL&#8217;OMBRA<\/a><\/p><\/blockquote>\n<p><iframe loading=\"lazy\" class=\"wp-embedded-content\" sandbox=\"allow-scripts\" security=\"restricted\" style=\"position: absolute; clip: rect(1px, 1px, 1px, 1px);\" src=\"http:\/\/www.radiopiu.net\/wordpress\/ospedale-di-agordo-i-sindaci-non-hanno-deciso-a-marzo-erano-per-il-no-oggi-qualcuno-e-per-il-si-e-poi-ce-chi-sta-nellombra\/embed\/#?secret=kpclzJzHaL\" data-secret=\"kpclzJzHaL\" width=\"600\" height=\"338\" title=\"&#8220;OSPEDALE DI AGORDO I SINDACI NON HANNO DECISO. A MARZO ERANO PER IL &#8220;NO&#8221;, OGGI QUALCUNO E&#8217; PER IL &#8220;SI&#8221; E POI C&#8217;E&#8217; CHI&#8230; STA NELL&#8217;OMBRA&#8221; &#8212; Radio Pi\u00f9\" frameborder=\"0\" marginwidth=\"0\" marginheight=\"0\" scrolling=\"no\"><\/iframe><\/p>\n<p>&nbsp;<\/p>\n<p>&nbsp;<\/p>\n<p>&nbsp;<\/p>\n<h1>OFFERTE DI LAVORO DALL&#8217;UFFICIO PER L&#8217;IMPIEGO DI AGORDO<\/h1>\n<p><strong>AGORDO<\/strong> La candidature vanno presentate personalmente al Centro per l&#8217;Impiego di Agordo, oppure via fax, pec, posta ordinaria, utilizzando il modello di candidatura, entro le 10 del 4 gennaio. COMUNE DI TAIBON cerca un operaio generico conduttore per macchine operatrici complesse, a tempo pieno determinato per 2 mesi (prorogabili) da gennaio<\/p>\n<p>&nbsp;<\/p>\n<p>&nbsp;<\/p>\n<p>&nbsp;<\/p>\n<p>&nbsp;<\/p>\n<h1>ZAIA RICEVE GENERALE DI CORPO D\u2019ARMATA AMEDEO SPEROTTO<\/h1>\n<p><a class=\"dt-pswp-item\" href=\"http:\/\/www.radiopiu.net\/wordpress\/wp-content\/uploads\/2018\/12\/ZAIA-CON-GEN-SPEROTTO.png\" data-dt-img-description=\"\" data-large_image_width=\"569\" data-large_image_height=\"382\"><img loading=\"lazy\" decoding=\"async\" class=\"alignnone wp-image-70883 size-full\" src=\"http:\/\/www.radiopiu.net\/wordpress\/wp-content\/uploads\/2018\/12\/ZAIA-CON-GEN-SPEROTTO.png\" alt=\"\" width=\"569\" height=\"382\" srcset=\"https:\/\/www.radiopiu.net\/wordpress\/wp-content\/uploads\/2018\/12\/ZAIA-CON-GEN-SPEROTTO.png 569w, https:\/\/www.radiopiu.net\/wordpress\/wp-content\/uploads\/2018\/12\/ZAIA-CON-GEN-SPEROTTO-300x201.png 300w\" sizes=\"auto, (max-width: 569px) 100vw, 569px\" \/><\/a><br \/>\nIl Presidente della Regione del Veneto, Luca Zaia, ha ricevuto\u00a0 in visita ufficiale, il Generale di Corpo d\u2019Armata Amedeo Sperotto. Il Generale Sperotto, veneto di Fara Vicentino, ricopre il ruolo di Comandante delle Forze Operative Nord dal luglio scorso.<\/p>\n<p>&nbsp;<\/p>\n<p>&nbsp;<\/p>\n<h1 class=\"entry-title\">IL CALENDARIO DI CLAUDIO PRA, L\u2019AUTORE DE \u201cLA MONTAGNA NEL CUORE, 360 GRADI DI PASSIONE AD ALTA QUOTA\u201d<\/h1>\n<blockquote class=\"wp-embedded-content\" data-secret=\"zPkzrjDCMJ\"><p><a href=\"http:\/\/www.radiopiu.net\/wordpress\/il-calendario-di-claudio-pra-lautore-de-la-montagna-nel-cuore-360-gradi-di-passione-ad-alta-quota\/\">IL CALENDARIO DI CLAUDIO PRA, L&#8217;AUTORE DE &#8220;LA MONTAGNA NEL CUORE, 360 GRADI DI PASSIONE AD ALTA QUOTA&#8221;<\/a><\/p><\/blockquote>\n<p><iframe loading=\"lazy\" class=\"wp-embedded-content\" sandbox=\"allow-scripts\" security=\"restricted\" style=\"position: absolute; clip: rect(1px, 1px, 1px, 1px);\" src=\"http:\/\/www.radiopiu.net\/wordpress\/il-calendario-di-claudio-pra-lautore-de-la-montagna-nel-cuore-360-gradi-di-passione-ad-alta-quota\/embed\/#?secret=zPkzrjDCMJ\" data-secret=\"zPkzrjDCMJ\" width=\"600\" height=\"338\" title=\"&#8220;IL CALENDARIO DI CLAUDIO PRA, L&#8217;AUTORE DE &#8220;LA MONTAGNA NEL CUORE, 360 GRADI DI PASSIONE AD ALTA QUOTA&#8221;&#8221; &#8212; Radio Pi\u00f9\" frameborder=\"0\" marginwidth=\"0\" marginheight=\"0\" scrolling=\"no\"><\/iframe><\/p>\n<p>&nbsp;<\/p>\n<p>&nbsp;<\/p>\n<h1>DOLOMITI EMERGENCY CONTRIBUTI E SITO INTERNET<\/h1>\n<p><a class=\"dt-pswp-item\" href=\"http:\/\/www.radiopiu.net\/wordpress\/wp-content\/uploads\/2016\/05\/dolomiti-emergency1.jpg\" data-dt-img-description=\"\" data-large_image_width=\"611\" data-large_image_height=\"297\"><img loading=\"lazy\" decoding=\"async\" class=\"size-medium wp-image-19271 alignleft\" src=\"http:\/\/www.radiopiu.net\/wordpress\/wp-content\/uploads\/2016\/05\/dolomiti-emergency1-300x146.jpg\" alt=\"\" width=\"300\" height=\"146\" \/><\/a>Contributi per un totale di 120 mila euro alle associazioni che si occupano di attivit\u00e0 di soccorso e assistenza sanitaria, un nuovo sito internet e il \u201cProgetto droni\u201d. Sono le principali tematiche di cui ha discusso gioved\u00ec 20 dicembre il consiglio direttivo di Dolomiti Emergency.\u00a0 \u00abFare questa riunione entro la fine dell\u2019anno era indispensabile per l\u2019assegnazione dei contributi\u00bb, sottolinea Laura Menegus, presidente della Onlus, ricordando che nei mesi scorsi era stato pubblicato un bando per l\u2019assegnazione di contributi economici volti all\u2019acquisto di ambulanze. Un avviso rivolto alle associazioni di volontari di ambulanze, soci fondatori o istituzionali di Dolomiti Emergency. \u00abAbbiamo ricevuto cinque domande\u00bb, spiega la Menegus. \u00abDi queste, quattro sono finanziate. Una non \u00e8 stata accolta perch\u00e9 non possedeva i requisiti previsti dal bando. Il contributo complessivo stanziato ammonta a 120 mila euro, quindi sono stati assegnati 30 mila euro a testa alle quattro realt\u00e0 beneficiarie: Eva Alpago, Valbelluna Emergenza, Croce Verde di Zoldo Onlus, associazione di volontariato Seas (soccorso e aiuto sociale) del Comelico\u00bb.\u00a0 Dolomiti Emergency ha inoltre dato il suo contributo al \u201cProgetto droni\u201d, che ha permesso al Soccorso Alpino Dolomiti Bellunesi di provvedere alla formazione di 10 piloti autorizzati al volo e all\u2019acquisto di 5 apparecchi. \u00abUna delle finalit\u00e0 dell\u2019associazione \u00e8 la prevenzione in montagna, anche per chi va a soccorrere\u00bb, ribadisce la Menegus. \u00abAbbiamo subito sposato questo progetto importante. Il risultato, ben visibile ai nostri 14mila associati, di cosa concretamente facciamo, cio\u00e8 finalizzare gli utili per gli enti con cui collaboriamo: Ulss, Volontari ambulanze, Suem, Soccorso alpino\u00bb. La progettualit\u00e0 \u00e8 stata realizzata grazie al contributo di 50.743 euro. Il consiglio direttivo di Dolomiti Emergency annuncia poi che dal 7 gennaio 2019 sar\u00e0 attivo il nuovo sito internet dell\u2019associazione. \u00abUn portale che risulter\u00e0 pi\u00f9 performante e ancor pi\u00f9 accessibile agli utenti della rete\u00bb, anticipa la Menegus.\u00a0 I consiglieri hanno anche preso atto della recente convenzione siglata con Patagonia, la nota azienda di abbigliamento sportivo. \u00abDolomiti Emergency \u00e8 la prima Onlus in Italia ad aver firmato una convenzione con Patagonia, la cui casa madre europea ha sede in Olanda\u00bb, ricorda la Menegus. \u00abGli associati alla Onlus, per l\u2019anno di iscrizione 2019, potranno beneficiare di uno sconto del 15% sui prodotti acquistati nei negozi monomarca di Patagonia\u00bb.<\/p>\n<p>&nbsp;<\/p>\n<p>&nbsp;<\/p>\n<p>&nbsp;<\/p>\n<h1>LA NAZIONALE FEMMINILE ITALIANA E FRANCESE IN ALLENAMENTO AL PASSO SAN PELLEGRINO<\/h1>\n<p>audio, RENZO MINELLA DALLA RASSEGNA STAMPA DELLE 8.05<\/p>\n<audio class=\"wp-audio-shortcode\" id=\"audio-70858-3\" preload=\"none\" style=\"width: 100%;\" controls=\"controls\"><source type=\"audio\/ogg\" src=\"http:\/\/www.radiopiu.net\/wordpress\/wp-content\/uploads\/2018\/12\/renzo.ogg?_=3\" \/><a href=\"http:\/\/www.radiopiu.net\/wordpress\/wp-content\/uploads\/2018\/12\/renzo.ogg\">http:\/\/www.radiopiu.net\/wordpress\/wp-content\/uploads\/2018\/12\/renzo.ogg<\/a><\/audio>\n<p><a class=\"dt-pswp-item\" href=\"http:\/\/www.radiopiu.net\/wordpress\/wp-content\/uploads\/2018\/12\/h-1.jpg\" data-dt-img-description=\"\" data-large_image_width=\"750\" data-large_image_height=\"199\"><img loading=\"lazy\" decoding=\"async\" class=\"alignnone wp-image-70893 size-full\" src=\"http:\/\/www.radiopiu.net\/wordpress\/wp-content\/uploads\/2018\/12\/h-1.jpg\" alt=\"\" width=\"750\" height=\"199\" srcset=\"https:\/\/www.radiopiu.net\/wordpress\/wp-content\/uploads\/2018\/12\/h-1.jpg 750w, https:\/\/www.radiopiu.net\/wordpress\/wp-content\/uploads\/2018\/12\/h-1-300x80.jpg 300w\" sizes=\"auto, (max-width: 750px) 100vw, 750px\" \/><\/a>Dal 3 al 7 gennaio ritorna sulla pista La VolatA il grande sci internazionale 28 dicembre 2018, Passo San Pellegrino (TN) &#8211; Per il secondo anno consecutivo ritorna presso la Ski Area San Pellegrino il grande appuntamento con le stelle pi\u00f9 brillanti della scena sciistica internazionale. Dal 3 al 7 gennaio la pista La VolatA sar\u00e0 infatti il banco di prova della velocit\u00e0 femminile delle azzurre\u00a0e\u00a0delle cugine francesi. Al termine di ogni giornata di allenamento, verso le ore 10:30 circa, le atlete\u00a0saranno a disposizione dei fan e degli appassionati dello sci per foto e autografi vicino alla partenza della funivia Col Margherita. La VolatA \u00e8 stata realizzata sul versante pi\u00f9 ripido del Col Margherita, proprio con l&#8217;obiettivo di ospitare gare e allenamenti di calibro internazionale. Nei primi mesi\u00a0del 2019 infatti, La VolatA sar\u00e0 teatro di due eventi internazionali imperdibili: dal 15 al 18 gennaio per il secondo anno consecutivo si svolgeranno le gare di discesa libera femminile Memorial Alberto Vendruscolo valide per la Coppa Europa, mentre a Febbraio, dal 18 al 27,\u00a0le pi\u00f9 forti promesse dello sci mondiale maschile e femminile, 500 atleti tra i 16 e i 20 anni provenienti da circa 50 nazioni, si sfideranno con prove di discesa libera, superG e combinata per contendersi il titolo di campione del mondo Junior Val di Fassa 2019.<\/p>\n<p>&nbsp;<\/p>\n<p>&nbsp;<\/p>\n<p>&nbsp;<\/p>\n<h1>BELLUNO ALZA LA VOCE, DOMANI ALLE 17 MOMENTO DI SOLIDARIETA&#8217; IN PIAZZA A MEL<\/h1>\n<p align=\"JUSTIFY\"><span style=\"font-size: large;\"><a class=\"dt-pswp-item\" href=\"http:\/\/www.radiopiu.net\/wordpress\/wp-content\/uploads\/2018\/12\/Belluno_alza_la_voce.png\" data-dt-img-description=\"\" data-large_image_width=\"744\" data-large_image_height=\"1052\"><img loading=\"lazy\" decoding=\"async\" class=\" wp-image-70944 alignleft\" src=\"http:\/\/www.radiopiu.net\/wordpress\/wp-content\/uploads\/2018\/12\/Belluno_alza_la_voce-212x300.png\" alt=\"\" width=\"235\" height=\"333\" srcset=\"https:\/\/www.radiopiu.net\/wordpress\/wp-content\/uploads\/2018\/12\/Belluno_alza_la_voce-212x300.png 212w, https:\/\/www.radiopiu.net\/wordpress\/wp-content\/uploads\/2018\/12\/Belluno_alza_la_voce-724x1024.png 724w, https:\/\/www.radiopiu.net\/wordpress\/wp-content\/uploads\/2018\/12\/Belluno_alza_la_voce.png 744w\" sizes=\"auto, (max-width: 235px) 100vw, 235px\" \/><\/a>In occasione di Natale a Mel, in Piazza Papa Luciani si esibir\u00e0 \u201cBelluno Alza la Voce\u201d, il gruppo di 40 artisti bellunesi che ha inciso l&#8217;omonimo brano i cui proventi andranno alla ricostruzione dopo gli eventi del maltempo dello scorso ottobre. <\/span><\/p>\n<p align=\"JUSTIFY\"><span style=\"font-size: large;\">Insieme a \u201cBelluno Alza la Voce\u201d si esibiranno anche il Gruppo Teatrale Zumellese con letture di poesie di Ignazio Chiarelli e la Banda di Lentiai con pezzi di repertorio. Al termine vi sar\u00e0 un breve momento di saluto e di ringraziamento da parte dei Sindaci di Mel, Lentiai e Trichiana per l&#8217;importante risultato della fusione di Borgo Valbelluna. Chiuder\u00e0 l&#8217;iniziativa una sorpresa pirotecnica.<\/span><\/p>\n<p align=\"JUSTIFY\"><span style=\"font-size: large;\">Natale a Mel, iniziativa benefica volta alla raccolta fondi per le popolazioni alluvionate a seguito del maltempo dello scorso ottobre, domenica, vede la presenza per tutta la giornata alla casetta del Brul\u00e8 del gruppo Negrisia \u2013 Valmaor che proporr\u00e0 come intrattenimento il trono e la slitta di Babbo Natale.<\/span><\/p>\n<blockquote>\n<p align=\"JUSTIFY\"><span style=\"font-size: large;\">Sar\u00e0 possibile visitare il Municipio accompagnati dai volontari di Frammenti d&#8217;Arte in Valbelluna dalle 11:00 e dalle 15:00 e sono aperti anche il Museo Civico Archeologico (9:00 \u2013 12:00 e 15:00 \u2013 18:00), la mostra Pikadi par an fi\u00e0 (ultimo giorno di apertura 9:00 \u2013 12:00 e 15:00 -18:00) e il cortile della Farmacia.<\/span><\/p>\n<\/blockquote>\n<p>&nbsp;<\/p>\n<h1><\/h1>\n<h1><\/h1>\n<h1 class=\"entry-title\">I PRESEPI DALLE EMOZIONI CONTAGIOSE<\/h1>\n<blockquote class=\"wp-embedded-content\" data-secret=\"xOIf0Dzqho\"><p><a href=\"http:\/\/www.radiopiu.net\/wordpress\/i-presepi-dalle-emiozioni-contagiose-di-mirko-mezzacasa\/\">I PRESEPI DALLE EMOZIONI CONTAGIOSE di Mirko Mezzacasa<\/a><\/p><\/blockquote>\n<p><iframe loading=\"lazy\" class=\"wp-embedded-content\" sandbox=\"allow-scripts\" security=\"restricted\" style=\"position: absolute; clip: rect(1px, 1px, 1px, 1px);\" src=\"http:\/\/www.radiopiu.net\/wordpress\/i-presepi-dalle-emiozioni-contagiose-di-mirko-mezzacasa\/embed\/#?secret=xOIf0Dzqho\" data-secret=\"xOIf0Dzqho\" width=\"600\" height=\"338\" title=\"&#8220;I PRESEPI DALLE EMOZIONI CONTAGIOSE di Mirko Mezzacasa&#8221; &#8212; Radio Pi\u00f9\" frameborder=\"0\" marginwidth=\"0\" marginheight=\"0\" scrolling=\"no\"><\/iframe><\/p>\n<p>&nbsp;<\/p>\n<p>&nbsp;<\/p>\n<p>&nbsp;<\/p>\n<h1>CAPODANNO AD ARABBA FODOM, GLI EVENTI DA CAPODANNO<\/h1>\n\n\t\t\t<style type='text\/css'>\n\t\t\t\t#gallery-1 {\n\t\t\t\t\tmargin: auto;\n\t\t\t\t}\n\t\t\t\t#gallery-1 .gallery-item {\n\t\t\t\t\tfloat: left;\n\t\t\t\t\tmargin-top: 10px;\n\t\t\t\t\ttext-align: center;\n\t\t\t\t\twidth: 33%;\n\t\t\t\t}\n\t\t\t\t#gallery-1 img {\n\t\t\t\t\tborder: 2px solid #cfcfcf;\n\t\t\t\t}\n\t\t\t\t#gallery-1 .gallery-caption {\n\t\t\t\t\tmargin-left: 0;\n\t\t\t\t}\n\t\t\t\t\/* see gallery_shortcode() in wp-includes\/media.php *\/\n\t\t\t<\/style>\n\t\t<div id='gallery-1' class='dt-gallery-container gallery galleryid-70858 gallery-columns-3 gallery-size-thumbnail'><dl class='gallery-item'>\n\t\t\t\t<dt class='gallery-icon landscape'>\n\t\t\t\t\t<a class=\"rollover\" href='https:\/\/www.radiopiu.net\/wordpress\/giornale-radio-29-dicembre-2018-direttore-mirko-mezzacasa\/fiaccolata-pista-arabba-archivo-arabba-fodom-turismo\/'><img loading=\"lazy\" decoding=\"async\" width=\"150\" height=\"150\" src=\"https:\/\/www.radiopiu.net\/wordpress\/wp-content\/uploads\/2018\/12\/fiaccolata-pista-arabba-archivo-Arabba-Fodom-Turismo-150x150.jpg\" class=\"attachment-thumbnail size-thumbnail\" alt=\"\" \/><\/a>\n\t\t\t\t<\/dt><\/dl><dl class='gallery-item'>\n\t\t\t\t<dt class='gallery-icon landscape'>\n\t\t\t\t\t<a class=\"rollover\" href='https:\/\/www.radiopiu.net\/wordpress\/giornale-radio-29-dicembre-2018-direttore-mirko-mezzacasa\/fiaccolata-sfondo-boe-archivio-arabba-fodom-turismo\/'><img loading=\"lazy\" decoding=\"async\" width=\"150\" height=\"150\" src=\"https:\/\/www.radiopiu.net\/wordpress\/wp-content\/uploads\/2018\/12\/fiaccolata-sfondo-boe-archivio-Arabba-Fodom-Turismo-150x150.jpg\" class=\"attachment-thumbnail size-thumbnail\" alt=\"\" \/><\/a>\n\t\t\t\t<\/dt><\/dl><dl class='gallery-item'>\n\t\t\t\t<dt class='gallery-icon landscape'>\n\t\t\t\t\t<a class=\"rollover\" href='https:\/\/www.radiopiu.net\/wordpress\/giornale-radio-29-dicembre-2018-direttore-mirko-mezzacasa\/arabba-by-nightarabba_fodom_turismo0t8a6520\/'><img loading=\"lazy\" decoding=\"async\" width=\"150\" height=\"150\" src=\"https:\/\/www.radiopiu.net\/wordpress\/wp-content\/uploads\/2018\/12\/arabba-by-night\u00a9Arabba_Fodom_Turismo0T8A6520-150x150.jpg\" class=\"attachment-thumbnail size-thumbnail\" alt=\"\" \/><\/a>\n\t\t\t\t<\/dt><\/dl><br style=\"clear: both\" \/>\n\t\t\t<\/div>\n\n<p>Tra\u00a0 la\u00a0 corsa\u00a0 ai\u00a0 regali\u00a0 e\u00a0 i\u00a0 primi\u00a0 auguri,\u00a0 comincia\u00a0 il\u00a0 conto\u00a0 alla\u00a0 rovescia\u00a0 per\u00a0 il Capodanno, e\u00a0 la valle di Fodom\u00a0 si\u00a0 prepara\u00a0 a\u00a0 concludere\u00a0 il\u00a0 2018\u00a0 in\u00a0 bellezza\u00a0 con il concerto della Banda e Mini-banda da Fodom e la tradizionale fiaccolata con i maestri di sci. Il Capodanno\u00a0 per antonomasia in alta quota ha un carattere unico, grazie al candore della neve e\u00a0 al\u00a0 turbinio\u00a0 di\u00a0 luci\u00a0 che\u00a0 illuminano\u00a0 le\u00a0 vie\u00a0 del\u00a0 paese in\u00a0 un\u00a0 clima\u00a0 ricco\u00a0 di\u00a0 magia.\u00a0 Arabba, un gioiello nelle Dolomiti,\u00a0 \u00a0si\u00a0 appresta quindi\u00a0 a\u00a0 salutare\u00a0 l\u2019anno\u00a0 appena\u00a0 trascorso con degli eventi per accogliere il 2019 festosi e carichi di aspettative. S&#8217;inizia\u00a0 oggi alle ore 20:45 in Sala Congressi di Arabba con l&#8217;esibizione della Banda da Fodom diretta dal maestro Giuliano Federa e della Mini-Banda da Fodom diretta dal maestro Eleonora De Mattia, entrata libera.<br \/>\nPer poi proseguire il 31 dicembre\u00a0 alle ore 17:45 con la tradizionale Fiaccolata in compagnia dei maestri di sci delle scuole sci &amp; snowboard di Arabba lungo la pista che dal Monte Burz\u00a0 porta ad Arabba . La pista scintiller\u00e0 dalle fiaccole portate dai maestri che si cimenteranno nella discesa al calar del giorno e scenderanno in paese ancora con gli sci ai piedi dopo una giornata di lavoro. Uno spettacolo magico che ogni anno richiama l\u2019attenzione di moltissimi partecipanti. Aperta al\u00a0 pubblico\u00a0\u00a0(ritrovo con i maestri entro e non oltre le ore 16:20 all&#8217;arrivo della seggiovia),\u00a0 la\u00a0 fiaccolata\u00a0 coinvolge\u00a0 tutti:\u00a0 anche\u00a0 i\u00a0 turisti\u00a0 possono\u00a0 attivamente\u00a0 partecipare.\u00a0 Per in non sciatori il ritrovo \u00e8 alle ore 17:30 ai\u00a0 piedi\u00a0 della\u00a0 pista, proprio alla partenza dell&#8217;impianto Arabba-Monte Burz; una\u00a0 grande brigata\u00a0 aspetter\u00e0\u00a0 i\u00a0 partecipati\u00a0 dell&#8217;evento,\u00a0 pronti ad applaudire il serpentone che scender\u00e0 a valle. Oltre\u00a0 ad\u00a0 essere\u00a0 di\u00a0 buon\u00a0 auspicio,\u00a0 le\u00a0 fiamme\u00a0 gioiose\u00a0 delle fiaccole\u00a0 danno\u00a0 il\u00a0 via\u00a0 ufficiale\u00a0 ai festeggiamenti\u00a0 del\u00a0 Capodanno,\u00a0 che\u00a0 gi\u00e0\u00a0 dall&#8217;imbrunire\u00a0 inizieranno\u00a0 in\u00a0 tutti\u00a0 i\u00a0 locali,\u00a0 hotel, bar e ristoranti del paese e in quota. Per ulteriori informazioni: Telefono 0436 780019 &#8211; info@arabba.it &#8211; www.arabba.it<\/p>\n<p>&nbsp;<\/p>\n<p>&nbsp;<\/p>\n<p>&nbsp;<\/p>\n<h1>MYPASS SCI: Il 30 DICEMBRE SARA&#8217; LA GIORNATA PIU&#8217; SCIATA IN ITALIA<\/h1>\n<p><a class=\"dt-pswp-item\" href=\"http:\/\/www.radiopiu.net\/wordpress\/wp-content\/uploads\/2018\/12\/image001.jpg\" data-dt-img-description=\"\" data-large_image_width=\"356\" data-large_image_height=\"102\"><img loading=\"lazy\" decoding=\"async\" class=\" wp-image-70887 alignleft\" src=\"http:\/\/www.radiopiu.net\/wordpress\/wp-content\/uploads\/2018\/12\/image001-300x86.jpg\" alt=\"\" width=\"328\" height=\"94\" srcset=\"https:\/\/www.radiopiu.net\/wordpress\/wp-content\/uploads\/2018\/12\/image001-300x86.jpg 300w, https:\/\/www.radiopiu.net\/wordpress\/wp-content\/uploads\/2018\/12\/image001.jpg 356w\" sizes=\"auto, (max-width: 328px) 100vw, 328px\" \/><\/a>Complici il bel tempo su tutta l\u2019Italia ed un calendario favorevole, l\u2019Italia si prepara a vivere il 30 Dicembre come la giornata dei record: sar\u00e0 la giornata pi\u00f9 sciata della stagione! A fare questa previsione \u00e8 MyPass, la societ\u00e0 partecipata dal gruppo Banca Sella che da 4 anni, grazie al suo sistema \u201cPay per Use\u201d, fa sciare ogni giorno migliaia di appassionati. MyPass Sci \u00e8 una tecnologia in grado di offrire agli sciatori la libert\u00e0 di scegliere fra oltre 1000 chilometri di piste nei comprensori pi\u00f9 belli delle Alpi, dal Piemonte al Trentino, saltare la coda in biglietteria e pagare solo ci\u00f2 che si \u00e8 effettivamente sciato. Il sistema di MyPass \u00a0\u00e8 l\u2019unico attualmente esistente in Europa in grado di gestire tariffe orarie, plurigiornalieri, sconti junior e baby, a seconda delle offerte nei comprensori convenzionati, rilevando in automatico la tariffazione pi\u00f9 conveniente per lo sciatore. E proprio grazie ai big data MyPass \u00e8 in grado di restituire una fotografia molto credibile delle abitudini degli italiani sugli sci. Ecco allora che gli sciatori italiani preferiscono sempre di pi\u00f9 soluzioni flessibili con una tendenza a sciare max 3\/4 ore; sfruttatissima, dove il comprensorio lo consente, la finestra di due ore di sci. Tanti sciano solamente un giorno alla settimana. Molti scelgono il weekend per scendere in pista e i periodi pi\u00f9 lunghi oscillano al massimo sui 6\/7 giorni. Si nota un turismo sempre pi\u00f9 itinerante tra le localit\u00e0 e molto meno ripetitivo rispetto al passato. Oggi si tende a scegliere stazioni sciistiche\u00a0 in grado di offrire servizi tecnologicamente evoluti con un\u2019attenzione particolare al benessere ed alla gastronomia. Cresce la percentuale di under 12 che scia tutti i weekend, segnale che lo sci \u00e8 uno sport molto amato dalle nuove generazioni- L\u2019algoritmo di MyPass e i suoi sistemi di previsioni hanno una certezza: il 30 dicembre \u00a0sar\u00e0 la giornata pi\u00f9 sciata di questa stagione. Le previsioni meteo annunciano sole su tutte le piste e temperature in ribasso oltre i 1700 metri\u2026condizione ideale per tutti gli amanti della neve. E anche il calendario \u00e8 favorevole: sabato 29 inizia il lungo weekend di capodanno.<\/p>\n<p>&nbsp;<\/p>\n<p>&nbsp;<\/p>\n<p>&nbsp;<\/p>\n<p>&nbsp;<\/p>\n<h1>CORSO ANTINCENDIO RISCHIO ALTO PER LE ASSOCIAZIONI CHE ORGANIZZANO GROSSE MANIFESTAZIONI<\/h1>\n<blockquote>\n<h3><em>Lezioni da met\u00e0 a fine gennaio, corso gratuito con frequenza al 90 per cento<\/em><\/h3>\n<\/blockquote>\n<p>Inizier\u00e0 marted\u00ec 15 gennaio 2019 il primo corso per addetti antincendio rischio alto organizzato dallo Sportello sicurezza del Csv Belluno. Le lezioni sono 4, 3 teoriche dalle 18 alle 22 di marted\u00ec 15, venerd\u00ec 18 e marted\u00ec 22 gennaio alla Casa del Volontariato di via del Piave 5 a Belluno, secondo piano, l&#8217;ultima pratica sabato 26 dalle 8.30 alle 12.30 al Comando provinciale dei Vigili del Fuoco di Belluno. I posti sono limitati al numero massimo di 20 e la frequenza \u00e8 obbligatoria al 90 per cento. Se l&#8217;offerta non dovesse soddisfare il numero di richieste, il Csv si premunir\u00e0 di organizzare un altro quanto prima, anche in altre zone della provincia. Il corso \u00e8 gratuito e permetter\u00e0 di avere una preparazione completa nella gestione dell&#8217;emergenza e della lotta antincendio. \u00c8 infatti un requisito indispensabile per tutte le associazioni che organizzano sagre, feste e grandi eventi, come previsto dalle circolari del 2017 e del 2018 sulla Safety and Security nelle pubbliche manifestazioni. Il corso \u00e8 utile anche per i gruppi di Protezione Civile che possono essere coinvolti in questi eventi. Gli argomenti trattati saranno le caratteristiche dell&#8217;incendio, le misure di prevenzione e protezione antincendio e una prova pratica di spegnimento di un incendio. Iscrizioni entro il 9 gennaio a info@csvbelluno.it oppure chiamando lo 0437 950374.<\/p>\n<p>&nbsp;<\/p>\n<p>&nbsp;<\/p>\n<p>&nbsp;<\/p>\n<h1><a class=\"dt-pswp-item\" href=\"http:\/\/www.radiopiu.net\/wordpress\/wp-content\/uploads\/2018\/12\/28dd36b0-2cd0-4d19-9426-5ffdf7f0e61f.jpg\" data-dt-img-description=\"\" data-large_image_width=\"799\" data-large_image_height=\"1599\"><img loading=\"lazy\" decoding=\"async\" class=\"wp-image-70901 alignleft\" src=\"http:\/\/www.radiopiu.net\/wordpress\/wp-content\/uploads\/2018\/12\/28dd36b0-2cd0-4d19-9426-5ffdf7f0e61f.jpg\" alt=\"\" width=\"110\" height=\"220\" srcset=\"https:\/\/www.radiopiu.net\/wordpress\/wp-content\/uploads\/2018\/12\/28dd36b0-2cd0-4d19-9426-5ffdf7f0e61f.jpg 799w, https:\/\/www.radiopiu.net\/wordpress\/wp-content\/uploads\/2018\/12\/28dd36b0-2cd0-4d19-9426-5ffdf7f0e61f-150x300.jpg 150w, https:\/\/www.radiopiu.net\/wordpress\/wp-content\/uploads\/2018\/12\/28dd36b0-2cd0-4d19-9426-5ffdf7f0e61f-768x1537.jpg 768w, https:\/\/www.radiopiu.net\/wordpress\/wp-content\/uploads\/2018\/12\/28dd36b0-2cd0-4d19-9426-5ffdf7f0e61f-512x1024.jpg 512w\" sizes=\"auto, (max-width: 110px) 100vw, 110px\" \/><\/a><\/h1>\n<h1><\/h1>\n<h1>SAN CIPRIANO, LA FESTA IN PIAZZA: UN SUCCESSO.<\/h1>\n<p><strong>TAIBON<\/strong> Tanta gente ieri sera a Taibon per la prima festa natalizia in Piazza a San Cipriano tra fisarmoniche, la messa con il Coro Agordo nella chiesa di San Cipriano del XV secolo, brindisi e cena all&#8217;aperto. Radio Pi\u00f9 lo documento con un lungo video<\/p>\n<h1><span style=\"color: #0000ff;\"><a style=\"color: #0000ff;\" href=\"https:\/\/www.facebook.com\/mirko.mezzacasa\/videos\/10218621330471293\/\">CLICCA QUI<\/a><\/span><\/h1>\n<p>&nbsp;<\/p>\n<h1><\/h1>\n<p>&nbsp;<\/p>\n<div class=\"page-title-head hgroup\">\n<h1 class=\"entry-title\">L\u2019INTERVISTA DI FINE ANNO, AL PRESIDENTE DELL\u2019UNIONE MONTANA FABIO LUCHETTA<\/h1>\n<\/div>\n<div class=\"page-title-breadcrumbs\"><\/div>\n<blockquote class=\"wp-embedded-content\" data-secret=\"MJTQzXFTtP\"><p><a href=\"http:\/\/www.radiopiu.net\/wordpress\/lintervista-di-fine-anno-al-presidente-dellunione-montana-fabio-luchetta\/\">L&#8217;INTERVISTA DI FINE ANNO, AL PRESIDENTE DELL&#8217;UNIONE MONTANA FABIO LUCHETTA<\/a><\/p><\/blockquote>\n<p><iframe loading=\"lazy\" class=\"wp-embedded-content\" sandbox=\"allow-scripts\" security=\"restricted\" style=\"position: absolute; clip: rect(1px, 1px, 1px, 1px);\" src=\"http:\/\/www.radiopiu.net\/wordpress\/lintervista-di-fine-anno-al-presidente-dellunione-montana-fabio-luchetta\/embed\/#?secret=MJTQzXFTtP\" data-secret=\"MJTQzXFTtP\" width=\"600\" height=\"338\" title=\"&#8220;L&#8217;INTERVISTA DI FINE ANNO, AL PRESIDENTE DELL&#8217;UNIONE MONTANA FABIO LUCHETTA&#8221; &#8212; Radio Pi\u00f9\" frameborder=\"0\" marginwidth=\"0\" marginheight=\"0\" scrolling=\"no\"><\/iframe><\/p>\n<h1><\/h1>\n<h1><\/h1>\n<h1>RESTART DOLOMITI, C&#8217;E&#8217; ANCHE SARA CASAL A RADIO PIU&#8217; NOTA PER LE SUE BELLE POESIE DA &#8220;IN VIVO VERSO&#8221;<\/h1>\n<div style=\"width: 848px;\" class=\"wp-video\"><video class=\"wp-video-shortcode\" id=\"video-70858-1\" width=\"848\" height=\"480\" preload=\"metadata\" controls=\"controls\"><source type=\"video\/mp4\" src=\"http:\/\/www.radiopiu.net\/wordpress\/wp-content\/uploads\/2018\/12\/WhatsApp-Video-2018-12-29-at-05.17.13.mp4?_=1\" \/><a href=\"http:\/\/www.radiopiu.net\/wordpress\/wp-content\/uploads\/2018\/12\/WhatsApp-Video-2018-12-29-at-05.17.13.mp4\">http:\/\/www.radiopiu.net\/wordpress\/wp-content\/uploads\/2018\/12\/WhatsApp-Video-2018-12-29-at-05.17.13.mp4<\/a><\/video><\/div>\n<p>Sono radici divelte, quelle dipinte da Sara Casal, ma allo stesso tempo legami tra le tante persone che hanno contribuito, e lo stanno facendo ancora, alla ricostruzione del territorio bellunese martoriato dall&#8217;alluvione-uragano dello scorso 29 ottobre: solidariet\u00e0 allo stato puro. Con questo messaggio di speranza la pittrice e scultrice della Val di Zoldo ha aderito al progetto #RESTARTDOLOMITI. Prenota qui il tuo biglietto d&#8217;ingresso\u2028https:\/\/www.eventbrite.it\/e\/restartdolomiti-tickets-53266614879 Rimani sintonizzato sulla pagina dell&#8217;evento:\u2028https:\/\/www.facebook.com\/events\/293090331314122\/?active_tab=discussion<\/p>\n<p>&nbsp;<\/p>\n<p>&nbsp;<\/p>\n<p>&nbsp;<\/p>\n<p>&nbsp;<\/p>\n<h1><a class=\"dt-pswp-item\" href=\"http:\/\/www.radiopiu.net\/wordpress\/wp-content\/uploads\/2018\/09\/sport.jpg\" data-dt-img-description=\"\" data-large_image_width=\"800\" data-large_image_height=\"100\"><img loading=\"lazy\" decoding=\"async\" class=\"alignnone wp-image-60761 size-full\" src=\"http:\/\/www.radiopiu.net\/wordpress\/wp-content\/uploads\/2018\/09\/sport.jpg\" alt=\"\" width=\"800\" height=\"100\" srcset=\"https:\/\/www.radiopiu.net\/wordpress\/wp-content\/uploads\/2018\/09\/sport.jpg 800w, https:\/\/www.radiopiu.net\/wordpress\/wp-content\/uploads\/2018\/09\/sport-300x38.jpg 300w, https:\/\/www.radiopiu.net\/wordpress\/wp-content\/uploads\/2018\/09\/sport-768x96.jpg 768w\" sizes=\"auto, (max-width: 800px) 100vw, 800px\" \/><\/a><\/h1>\n<h1>ALLEGHE IN CASA CONTRO IL PERGINE PER GARA 1 DEI QUARTI DI FINALE DI COPPA ITALIA<\/h1>\n<p>Con il finale della prima fase dell&#8217;Italian Hockey League, per l&#8217;Alleghe Hockey inizia l&#8217;avventura in Coppa Italia. La squadra di Eskola far\u00e0 il suo esordio stasera all&#8217;Alvise De Toni di Alleghe dove arriver\u00e0 il Pergine per giocare gara 1 dei quarti di finale. Quarti di finale che verranno giocati in due partite e la differenza gol decreter\u00e0 chi passer\u00e0 il turno alle semifinali. Gara 2 in programma il 10 gennaio. Alleghe \u2013 Pergine alle ore 20:30, partita che Radio Pi\u00f9 seguir\u00e0 all&#8217;interno di \u201cHockey Al Punto Giusto\u201d. Anche le giovanili dell&#8217;Alleghe in campo questo fine settimana. Il Fassa\/Alleghe under 17 giocher\u00e0 ad Alba Di Canazei oggi alle 13 contro il Valpusteria mentre l&#8217;under 13 \u00e8 in trasferta e questa sera alle 17:30 giocher\u00e0 in terra altoatesina contro il Bressanone. Dovevano scendere in campo anche le ragazze dell&#8217;Alleghe Girls per giocare contro il Como ma la formazione lariana si \u00e8 ritirata dal campionato quindi settimana di riposo per Schivo &amp; C.<\/p>\n<p>&nbsp;<\/p>\n<p>&nbsp;<\/p>\n<p>&nbsp;<\/p>\n<h1>RAGAZZI ALLIEVI DI SCI ALPINO, IL GRAND PRIX 2018-2019 TARGATO EMAPRICE<\/h1>\n<p><strong><a class=\"dt-pswp-item\" href=\"http:\/\/www.radiopiu.net\/wordpress\/wp-content\/uploads\/2018\/12\/@Ti-Comunicazione_19-presentazione-GP-EMAPRICE.jpg\" data-dt-img-description=\"\" data-large_image_width=\"1900\" data-large_image_height=\"1267\"><img loading=\"lazy\" decoding=\"async\" class=\" wp-image-70894 alignleft\" src=\"http:\/\/www.radiopiu.net\/wordpress\/wp-content\/uploads\/2018\/12\/@Ti-Comunicazione_19-presentazione-GP-EMAPRICE-300x200.jpg\" alt=\"\" width=\"326\" height=\"217\" srcset=\"https:\/\/www.radiopiu.net\/wordpress\/wp-content\/uploads\/2018\/12\/@Ti-Comunicazione_19-presentazione-GP-EMAPRICE-300x200.jpg 300w, https:\/\/www.radiopiu.net\/wordpress\/wp-content\/uploads\/2018\/12\/@Ti-Comunicazione_19-presentazione-GP-EMAPRICE-768x512.jpg 768w, https:\/\/www.radiopiu.net\/wordpress\/wp-content\/uploads\/2018\/12\/@Ti-Comunicazione_19-presentazione-GP-EMAPRICE-1024x683.jpg 1024w, https:\/\/www.radiopiu.net\/wordpress\/wp-content\/uploads\/2018\/12\/@Ti-Comunicazione_19-presentazione-GP-EMAPRICE.jpg 1900w\" sizes=\"auto, (max-width: 326px) 100vw, 326px\" \/><\/a>BELLUNO<\/strong>\u00a0 \u00c8 stata presentata nella serata del 27 dicembre, al ristorante Ca&#8217; del Poggio di San Pietro di Feletto (Treviso), l&#8217;edizione 2018-2019 del Grand Prix Allievi-Ragazzi di sci alpino, circuito del comitato veneto della Federazione italiana sport invernali. Il Grand Prix quest&#8217;anno sar\u00e0 sponsorizzato da E.Ma.Pri.Ce., azienda trevigiana di costruzioni appartenente al Gruppo Daniele, realt\u00e0 che comprende anche Settentrionale Trasporti e Graneco Rubber (www.emaprice.com). Il Grand Prix, rivolto alle categorie Children, vale a dire gli Under 14 (Ragazzi) e gli Under 16 (Allievi), si articoler\u00e0 come tradizione in una prima fase circorscrizionale e in una fase finale. Le gare di circoscrizione (Belluno Alta, Belluno Bassa, Verona-Vicenza e Padova-Treviso-Rovigo-Venezia) prenderanno il via il 6 gennaio. Le finali, che determineranno il contingente veneto che parteciper\u00e0 ai campionati italiani di categoria, si svolgeranno invece dal 16 febbraio al 2 marzo tra Alleghe e Passo San Pellegrino, per l&#8217;organizzazione del Centro Agonistico Veneziano. \u00abSiamo pronti per un&#8217;altra edizione del Grand Prix Ragazzi Allievi, il circuito che introduce all&#8217;agonismo e che costituisce una sorta di serbatoio per le squadre del comitato. Sono categorie-cerniera, quella dei Ragazzi e degli Allievi, di grandissima importanza, che introducono i giovani atleti ad un&#8217;attivit\u00e0 di livello nazionale\u00bb ha affermato Roberto Bortoluzzi, presidente di Fisi Veneto. \u00abFondamentale, per garantire un&#8217;attivit\u00e0 articolata e di livello, \u00e8 il supporto di realt\u00e0 come E.Ma.Pri.Ce., che ringraziamo davvero di cuore\u00bb. \u00abE.Ma.Pri.Ce. ha sede operativa a Possagno e sedi operative a Innsbruck e Cortina\u00bb ha affermato Enrico Renosto, responsabile marketing ed eventi di E.Ma.Pri.Ce. \u00abTra i diversi lavori nei quali siamo impegnati ci sono anche quelli della finish area dei Mondiali di sci alpino di Cortina 2021. Abbiamo iniziato questa collaborazione con Fisi Veneto perch\u00e9 vogliamo investire nel territorio e, in particolare, con i giovani, per i quali lo sport \u00e8 una fondamentale palestra di vita\u00bb. Per approfondimenti sul Grand Prix:\u00a0http:\/\/www.fisiveneto.com\/wp-content\/uploads\/2018\/12\/Agenda2019.pdf<\/p>\n<p>&nbsp;<\/p>\n<p>&nbsp;<\/p>\n<p>&nbsp;<\/p>\n<p>&nbsp;<\/p>\n<p><a class=\"dt-pswp-item\" href=\"http:\/\/www.radiopiu.net\/wordpress\/wp-content\/uploads\/2018\/09\/WhatsApp-Image-2018-09-20-at-16.04.06.jpeg\" data-dt-img-description=\"\" data-large_image_width=\"800\" data-large_image_height=\"100\"><img loading=\"lazy\" decoding=\"async\" class=\"alignnone wp-image-61378 size-full\" src=\"http:\/\/www.radiopiu.net\/wordpress\/wp-content\/uploads\/2018\/09\/WhatsApp-Image-2018-09-20-at-16.04.06.jpeg\" alt=\"\" width=\"800\" height=\"100\" srcset=\"https:\/\/www.radiopiu.net\/wordpress\/wp-content\/uploads\/2018\/09\/WhatsApp-Image-2018-09-20-at-16.04.06.jpeg 800w, https:\/\/www.radiopiu.net\/wordpress\/wp-content\/uploads\/2018\/09\/WhatsApp-Image-2018-09-20-at-16.04.06-300x38.jpeg 300w, https:\/\/www.radiopiu.net\/wordpress\/wp-content\/uploads\/2018\/09\/WhatsApp-Image-2018-09-20-at-16.04.06-768x96.jpeg 768w\" sizes=\"auto, (max-width: 800px) 100vw, 800px\" \/><\/a><\/p>\n<h1>DA OGGI A MARTEDI<\/h1>\n<p><strong>Sabato 29<\/strong><br \/>\nTempo atteso: Tempo ben soleggiato, con cielo perlopi\u00f9 sereno al mattino; tendenza a parziale aumento della nuvolosit\u00e0 alta al pomeriggio\/sera. Clima sempre mite in quota, anche se con lieve calo termico, con inversione termica notturna nelle valli, persistente di giorno nelle zone in ombra, anche se meno marcata dei giorni precedenti, che si esaurir\u00e0 in caso di F\u00f6hn. Clima ventoso nella seconda parte della giornata.<br \/>\nPrecipitazioni: Assenti (0%).<br \/>\nTemperature: Minime in calo, registrate alla sera in quota. Massime stazionarie nelle valli, in calo in quota. Su Prealpi a 1500 m min 3\u00b0C max 6\u00b0C, a 2000 m min 1\u00b0C max 4\u00b0C. Su Dolomiti a 2000 m min -1\u00b0C max 2\u00b0C, a 3000 m min -6\u00b0C max -4\u00b0C.<br \/>\nVenti: Nelle valli perlopi\u00f9 deboli di direzione variabile, con rinforzi di F\u00f6hn in qualche valle dolomitica dal pomeriggio; in quota da deboli\/moderati a moderati\/tesi settentrionali, a 10-30 km\/h a 2000 m, 25-45 km\/h a 3000 m.<br \/>\n<strong>Domenica 30<\/strong><br \/>\nTempo atteso: Tempo abbastanza soleggiato, anche se con qualche nube medio-alta di sottovento durante la giornata e possibili addensamenti irregolari sulle Dolomiti, specie verso Nord. Clima meno mite in quota con sensibile attenuazione dell&#8217;inversione termica. Clima molto ventoso in quota e sulle dorsali prealpine, e anche in molte valli per F\u00f6hn.<br \/>\nPrecipitazioni: Generalmente assenti (0%), anche se qualche burrasca di neve non potr\u00e0 essere esclusa sulle Dolomiti centro-settentrionali al pomeriggio\/sera (10\/30%).<br \/>\nTemperature: Minime stazionarie nelle valli, in calo in quota; massime in aumento nelle valli specie in caso di F\u00f6hn, in calo in quota. Su Prealpi a 1500 m min 1\u00b0C max 5\u00b0C, a 2000 m min -2\u00b0C max 2\u00b0C. Su Dolomiti a 2000 m min -3\u00b0C max 0\u00b0C, a 3000 m min -11\u00b0C max -6\u00b0C.<br \/>\nVenti: Nelle valli moderati da Nord, con F\u00f6hn in molte valli; in quota forti, o anche molto forti alle quote pi\u00f9 elevate, settentrionali, a 25-60 km\/h a 2000 m, 65-105 km\/h a 3000 m, con raffiche anche a 120-130 km\/h oltre i 2500 m nelle zone aperte a Nord.<br \/>\n<strong>Lunedi 31<\/strong><br \/>\nTempo abbastanza soleggiato, con qualche possibile addensamento da Nord soprattutto sulle Dolomiti e parziale copertura per nubi medio-alte di sottovento. Clima sempre ventoso in quota, anche con F\u00f6hn in qualche valle. Temperature senza notevoli variazioni.<br \/>\n<strong>Martedi 1<\/strong><br \/>\nTempo in prevalenza soleggiato con qualche nube alta in transito e possibili nubi medio-basse su alcuni settori prealpini. Clima nuovamente mite in quota, con accentuazione dell&#8217;inversione termica. Sensibile attenuazione dei venti. Previsore: G.M<\/p>\n<p>&nbsp;<\/p>\n","protected":false},"excerpt":{"rendered":"<p>&nbsp; IL DOTT. BAROSSO MEDICO A VOLTAGO E RIVAMONTE, INFORMA CHE:\u00a0NON VIENE SOSTITUITO DALLA DOTTORESSA GUBERT MA SOLAMENTE AFFIANCATO &nbsp; Fine anno, la sanit\u00e0 bellunese fa i conti (Corriere delle Alpi), nel tracciare il bilancio il direttore generale Rasi Caldogno sottolinea i punti positivi come gli investimenti per 81 milioni e l&#8217;emergenza per i pochi&hellip;<\/p>\n","protected":false},"author":1,"featured_media":70891,"comment_status":"closed","ping_status":"closed","sticky":false,"template":"","format":"standard","meta":{"_monsterinsights_skip_tracking":false,"_monsterinsights_sitenote_active":false,"_monsterinsights_sitenote_note":"","_monsterinsights_sitenote_category":0,"footnotes":""},"categories":[86],"tags":[],"class_list":["post-70858","post","type-post","status-publish","format-standard","has-post-thumbnail","hentry","category-gr","category-86","description-off"],"img_url":"https:\/\/www.radiopiu.net\/wordpress\/wp-content\/uploads\/2018\/12\/arabba-by-night\u00a9Arabba_Fodom_Turismo0T8A6520.jpg","_links":{"self":[{"href":"https:\/\/www.radiopiu.net\/wordpress\/wp-json\/wp\/v2\/posts\/70858","targetHints":{"allow":["GET"]}}],"collection":[{"href":"https:\/\/www.radiopiu.net\/wordpress\/wp-json\/wp\/v2\/posts"}],"about":[{"href":"https:\/\/www.radiopiu.net\/wordpress\/wp-json\/wp\/v2\/types\/post"}],"author":[{"embeddable":true,"href":"https:\/\/www.radiopiu.net\/wordpress\/wp-json\/wp\/v2\/users\/1"}],"replies":[{"embeddable":true,"href":"https:\/\/www.radiopiu.net\/wordpress\/wp-json\/wp\/v2\/comments?post=70858"}],"version-history":[{"count":0,"href":"https:\/\/www.radiopiu.net\/wordpress\/wp-json\/wp\/v2\/posts\/70858\/revisions"}],"wp:featuredmedia":[{"embeddable":true,"href":"https:\/\/www.radiopiu.net\/wordpress\/wp-json\/wp\/v2\/media\/70891"}],"wp:attachment":[{"href":"https:\/\/www.radiopiu.net\/wordpress\/wp-json\/wp\/v2\/media?parent=70858"}],"wp:term":[{"taxonomy":"category","embeddable":true,"href":"https:\/\/www.radiopiu.net\/wordpress\/wp-json\/wp\/v2\/categories?post=70858"},{"taxonomy":"post_tag","embeddable":true,"href":"https:\/\/www.radiopiu.net\/wordpress\/wp-json\/wp\/v2\/tags?post=70858"}],"curies":[{"name":"wp","href":"https:\/\/api.w.org\/{rel}","templated":true}]}}