{"id":70922,"date":"2018-12-29T06:54:58","date_gmt":"2018-12-29T05:54:58","guid":{"rendered":"http:\/\/www.radiopiu.net\/wordpress\/?p=70922"},"modified":"2018-12-29T06:54:58","modified_gmt":"2018-12-29T05:54:58","slug":"la-nazionale-femminile-italiana-e-francese-in-allenamento-al-passo-san-pellegrino","status":"publish","type":"post","link":"https:\/\/www.radiopiu.net\/wordpress\/la-nazionale-femminile-italiana-e-francese-in-allenamento-al-passo-san-pellegrino\/","title":{"rendered":"LA NAZIONALE FEMMINILE ITALIANA E FRANCESE IN ALLENAMENTO AL PASSO SAN PELLEGRINO"},"content":{"rendered":"<h1><\/h1>\n<h1>audio, RENZO MINELLA DALLA RASSEGNA STAMPA DELLE 8.05<\/h1>\n<audio class=\"wp-audio-shortcode\" id=\"audio-70922-1\" preload=\"none\" style=\"width: 100%;\" controls=\"controls\"><source type=\"audio\/ogg\" src=\"http:\/\/www.radiopiu.net\/wordpress\/wp-content\/uploads\/2018\/12\/renzo.ogg?_=1\" \/><a href=\"http:\/\/www.radiopiu.net\/wordpress\/wp-content\/uploads\/2018\/12\/renzo.ogg\">http:\/\/www.radiopiu.net\/wordpress\/wp-content\/uploads\/2018\/12\/renzo.ogg<\/a><\/audio>\n<p>&nbsp;<\/p>\n<p>&nbsp;<\/p>\n<p><a class=\"dt-pswp-item\" href=\"http:\/\/www.radiopiu.net\/wordpress\/wp-content\/uploads\/2018\/12\/h-1.jpg\" data-dt-img-description=\"\" data-large_image_width=\"750\" data-large_image_height=\"199\"><img loading=\"lazy\" decoding=\"async\" class=\"alignnone wp-image-70893 size-full\" src=\"http:\/\/www.radiopiu.net\/wordpress\/wp-content\/uploads\/2018\/12\/h-1.jpg\" alt=\"\" width=\"750\" height=\"199\" srcset=\"https:\/\/www.radiopiu.net\/wordpress\/wp-content\/uploads\/2018\/12\/h-1.jpg 750w, https:\/\/www.radiopiu.net\/wordpress\/wp-content\/uploads\/2018\/12\/h-1-300x80.jpg 300w\" sizes=\"auto, (max-width: 750px) 100vw, 750px\" \/><\/a>Dal 3 al 7 gennaio ritorna sulla pista La VolatA il grande sci internazionale 28 dicembre 2018, Passo San Pellegrino (TN) &#8211; Per il secondo anno consecutivo ritorna presso la Ski Area San Pellegrino il grande appuntamento con le stelle pi\u00f9 brillanti della scena sciistica internazionale. Dal 3 al 7 gennaio la pista La VolatA sar\u00e0 infatti il banco di prova della velocit\u00e0 femminile delle azzurre\u00a0e\u00a0delle cugine francesi. Al termine di ogni giornata di allenamento, verso le ore 10:30 circa, le atlete\u00a0saranno a disposizione dei fan e degli appassionati dello sci per foto e autografi vicino alla partenza della funivia Col Margherita. La VolatA \u00e8 stata realizzata sul versante pi\u00f9 ripido del Col Margherita, proprio con l&#8217;obiettivo di ospitare gare e allenamenti di calibro internazionale. Nei primi mesi\u00a0del 2019 infatti, La VolatA sar\u00e0 teatro di due eventi internazionali imperdibili: dal 15 al 18 gennaio per il secondo anno consecutivo si svolgeranno le gare di discesa libera femminile Memorial Alberto Vendruscolo valide per la Coppa Europa, mentre a Febbraio, dal 18 al 27,\u00a0le pi\u00f9 forti promesse dello sci mondiale maschile e femminile, 500 atleti tra i 16 e i 20 anni provenienti da circa 50 nazioni, si sfideranno con prove di discesa libera, superG e combinata per contendersi il titolo di campione del mondo Junior Val di Fassa 2019.<\/p>\n","protected":false},"excerpt":{"rendered":"<p>audio, RENZO MINELLA DALLA RASSEGNA STAMPA DELLE 8.05 &nbsp; &nbsp; Dal 3 al 7 gennaio ritorna sulla pista La VolatA il grande sci internazionale 28 dicembre 2018, Passo San Pellegrino (TN) &#8211; Per il secondo anno consecutivo ritorna presso la Ski Area San Pellegrino il grande appuntamento con le stelle pi\u00f9 brillanti della scena sciistica&hellip;<\/p>\n","protected":false},"author":1,"featured_media":70893,"comment_status":"closed","ping_status":"closed","sticky":false,"template":"","format":"standard","meta":{"_monsterinsights_skip_tracking":false,"_monsterinsights_sitenote_active":false,"_monsterinsights_sitenote_note":"","_monsterinsights_sitenote_category":0,"footnotes":""},"categories":[49],"tags":[],"class_list":["post-70922","post","type-post","status-publish","format-standard","has-post-thumbnail","hentry","category-news-18","category-49","description-off"],"img_url":"https:\/\/www.radiopiu.net\/wordpress\/wp-content\/uploads\/2018\/12\/h-1.jpg","_links":{"self":[{"href":"https:\/\/www.radiopiu.net\/wordpress\/wp-json\/wp\/v2\/posts\/70922","targetHints":{"allow":["GET"]}}],"collection":[{"href":"https:\/\/www.radiopiu.net\/wordpress\/wp-json\/wp\/v2\/posts"}],"about":[{"href":"https:\/\/www.radiopiu.net\/wordpress\/wp-json\/wp\/v2\/types\/post"}],"author":[{"embeddable":true,"href":"https:\/\/www.radiopiu.net\/wordpress\/wp-json\/wp\/v2\/users\/1"}],"replies":[{"embeddable":true,"href":"https:\/\/www.radiopiu.net\/wordpress\/wp-json\/wp\/v2\/comments?post=70922"}],"version-history":[{"count":0,"href":"https:\/\/www.radiopiu.net\/wordpress\/wp-json\/wp\/v2\/posts\/70922\/revisions"}],"wp:featuredmedia":[{"embeddable":true,"href":"https:\/\/www.radiopiu.net\/wordpress\/wp-json\/wp\/v2\/media\/70893"}],"wp:attachment":[{"href":"https:\/\/www.radiopiu.net\/wordpress\/wp-json\/wp\/v2\/media?parent=70922"}],"wp:term":[{"taxonomy":"category","embeddable":true,"href":"https:\/\/www.radiopiu.net\/wordpress\/wp-json\/wp\/v2\/categories?post=70922"},{"taxonomy":"post_tag","embeddable":true,"href":"https:\/\/www.radiopiu.net\/wordpress\/wp-json\/wp\/v2\/tags?post=70922"}],"curies":[{"name":"wp","href":"https:\/\/api.w.org\/{rel}","templated":true}]}}