{"id":70972,"date":"2018-12-30T10:41:06","date_gmt":"2018-12-30T09:41:06","guid":{"rendered":"http:\/\/www.radiopiu.net\/wordpress\/?p=70972"},"modified":"2019-01-16T07:37:59","modified_gmt":"2019-01-16T06:37:59","slug":"vvf-dario-bond-forza-italia-vigilero-sulle-nuove-assunzioni-intanto-bene-larmonizzazione-assicurativa-per-i-volontari","status":"publish","type":"post","link":"https:\/\/www.radiopiu.net\/wordpress\/vvf-dario-bond-forza-italia-vigilero-sulle-nuove-assunzioni-intanto-bene-larmonizzazione-assicurativa-per-i-volontari\/","title":{"rendered":"VVF &#8211; DARIO BOND (FORZA ITALIA): \u00abVIGILER\u00d2 SULLE NUOVE ASSUNZIONI. INTANTO, BENE L\u2019ARMONIZZAZIONE ASSICURATIVA PER I VOLONTARI\u00bb"},"content":{"rendered":"<p>\u00abAvvicinare i volontari al personale di ruolo dei Vigili del Fuoco sul fronte assicurativo \u00e8 un passo in avanti importante e fondamentale nel sistema della gestione delle emergenze\u00bb. \u00c8 quanto afferma il deputato di Forza Italia Dario Bond in riferimento all\u2019articolo 1 comma 368 della manovra finanziaria passata al Senato (\u201cArmonizzazione<br \/>\ntrattamento assicurativo personale volontario Vigilo del Fuoco\u201d). \u00abLa misura prevede uno stanziamento per l\u2019incremento dei massimali assicurativi\u00bb spiega Dario Bond. \u00abIn questo modo viene armonizzato il trattamento di infortuni e malattie professionali di chi presta volontariato con i Vigili del Fuoco, assicurando pronta gestione delle emergenze; queste persone sono il cuore del sistema dei Vigili del Fuoco, soprattutto in zone di montagna come la provincia di Belluno, ed \u00e8 doveroso riconoscerlo a qualsiasi livello politico e decisionale.<br \/>\nSi tratta di un\u2019operazione di buonsenso che va incontro alle istanze del volontariato e fa seguito alle richieste avanzate anche da parte mia subito dopo l\u2019emergenza maltempo\u00bb.<br \/>\n\u00abRicordo anche che nel decreto sicurezza e nel decreto fiscale sono previste nuove assunzioni per il personale dei Vigili del Fuoco\u00bb aggiunge Dario Bond. \u00abIl bando dovrebbe uscire nei prossimi mesi e consentire l\u2019arruolamento di molti volontari, che saranno integrati nello status per cos\u00ec dire completo dei Vigili del Fuoco. Vigiler\u00f2 in tutte le sedi e in tutte le commissioni affinch\u00e9 questa misura possa andare avanti senza intoppi. La questione mi sta particolarmente a cuore perch\u00e9 \u00e8 fondamentale per garantire sicurezza in zone<br \/>\nperiferiche\u00bb.<\/p>\n","protected":false},"excerpt":{"rendered":"<p>\u00abAvvicinare i volontari al personale di ruolo dei Vigili del Fuoco sul fronte assicurativo \u00e8 un passo in avanti importante e fondamentale nel sistema della gestione delle emergenze\u00bb. \u00c8 quanto afferma il deputato di Forza Italia Dario Bond in riferimento all\u2019articolo 1 comma 368 della manovra finanziaria passata al Senato (\u201cArmonizzazione trattamento assicurativo personale volontario&hellip;<\/p>\n","protected":false},"author":1,"featured_media":45236,"comment_status":"closed","ping_status":"closed","sticky":false,"template":"","format":"standard","meta":{"_monsterinsights_skip_tracking":false,"_monsterinsights_sitenote_active":false,"_monsterinsights_sitenote_note":"","_monsterinsights_sitenote_category":0,"footnotes":""},"categories":[49],"tags":[],"class_list":["post-70972","post","type-post","status-publish","format-standard","has-post-thumbnail","hentry","category-news-18","category-49","description-off"],"img_url":"https:\/\/www.radiopiu.net\/wordpress\/wp-content\/uploads\/2018\/03\/BOND-1.jpg","_links":{"self":[{"href":"https:\/\/www.radiopiu.net\/wordpress\/wp-json\/wp\/v2\/posts\/70972","targetHints":{"allow":["GET"]}}],"collection":[{"href":"https:\/\/www.radiopiu.net\/wordpress\/wp-json\/wp\/v2\/posts"}],"about":[{"href":"https:\/\/www.radiopiu.net\/wordpress\/wp-json\/wp\/v2\/types\/post"}],"author":[{"embeddable":true,"href":"https:\/\/www.radiopiu.net\/wordpress\/wp-json\/wp\/v2\/users\/1"}],"replies":[{"embeddable":true,"href":"https:\/\/www.radiopiu.net\/wordpress\/wp-json\/wp\/v2\/comments?post=70972"}],"version-history":[{"count":0,"href":"https:\/\/www.radiopiu.net\/wordpress\/wp-json\/wp\/v2\/posts\/70972\/revisions"}],"wp:featuredmedia":[{"embeddable":true,"href":"https:\/\/www.radiopiu.net\/wordpress\/wp-json\/wp\/v2\/media\/45236"}],"wp:attachment":[{"href":"https:\/\/www.radiopiu.net\/wordpress\/wp-json\/wp\/v2\/media?parent=70972"}],"wp:term":[{"taxonomy":"category","embeddable":true,"href":"https:\/\/www.radiopiu.net\/wordpress\/wp-json\/wp\/v2\/categories?post=70972"},{"taxonomy":"post_tag","embeddable":true,"href":"https:\/\/www.radiopiu.net\/wordpress\/wp-json\/wp\/v2\/tags?post=70972"}],"curies":[{"name":"wp","href":"https:\/\/api.w.org\/{rel}","templated":true}]}}