{"id":70982,"date":"2018-12-31T06:07:37","date_gmt":"2018-12-31T05:07:37","guid":{"rendered":"http:\/\/www.radiopiu.net\/wordpress\/?p=70982"},"modified":"2019-01-02T10:28:28","modified_gmt":"2019-01-02T09:28:28","slug":"giornale-radiopiu-31-dicembre-2018-direttore-mirko-mezzacasa","status":"publish","type":"post","link":"https:\/\/www.radiopiu.net\/wordpress\/giornale-radiopiu-31-dicembre-2018-direttore-mirko-mezzacasa\/","title":{"rendered":"GIORNALE RADIOPIU 31 DICEMBRE 2018 DIRETTORE MIRKO MEZZACASA"},"content":{"rendered":"<p><strong>Oggi alle 12.30\u00a0<\/strong> Radio Pi\u00f9 nel notiziario principale trasmette l&#8217;intervista di fine anno al presidente dell&#8217;Unione Montana Fabio Luchetta. <strong>Per questa notte<\/strong> tutto \u00e8 pronto a Falcade in piazza per il Capodanno con la musica dei dj agordini, i nostri dj CLAUDIO LALLO, JACOPO JACK E BATTAGLIA, rinviata la fiaccolata di Selva di Cadore per il forte vento previsto. Ieri le forti raffiche di vento hanno causato la chiusura degli impianti di risalita in Marmolada,\u00a0 nel Sellaronda e al lago Cavia-Col Margheria, ancora alberi sradicati e lamiere svolazzanti ad Agordo in via Cesare Battisti a Gosaldo dove un albero si \u00e8 schiantato sui cavi delle telecom ed Alleghe. <strong>Il forte vento\u00a0<\/strong>\u00e8 la motivazione principale che ha portato il sindaco di Belluno a firmare un&#8217;ordinanza che vieta i botti di capodanno anche per la festa in piazza dei Martiri.\u00a0 La legge di stabilit\u00e0 e il fondo Letta: una beffa (CorrieredelleAlpi),\u00a0confermato il rifinanziamento del contenitore per i comuni di confine, ma ampliato alla Lombardia e al Piemonte, depennando i comuni bellunesi che non confinano con nessuna autonomia speciale e quindi non ricevono alcun fondo.<strong> Federico D&#8217;Inc\u00e0<\/strong> plaude la manovra perch\u00e9 secondo il deputato pentastellato ha riservato attenzione ai territori e sostegno ai sindaci con l&#8217;attivazione di un fondo da 400 milioni per finanziare le piccole opere.<strong> A Belluno<\/strong> il Pd ha deciso, sar\u00e0 Monica Lotto la nuova segretaria provinciale, succede ad Erika Dal Farra.<\/p>\n<p>&nbsp;<\/p>\n<p>&nbsp;<\/p>\n<p>&nbsp;<\/p>\n<p>&nbsp;<\/p>\n<h1>OMAGGIO A:\u00a0 SOTTOGUDA IL NATALE TRA I FIENILI.<\/h1>\n<blockquote><p><em>Nad\u00e8l ite i tabi\u00e8i | Natale nei fienili 2018\u00a0<\/em><em>Organizzato da Marmolada &#8211; Val Pettorina | Dolomiti e Comitato Borgo di Sottoguda<\/em><\/p><\/blockquote>\n<p>&nbsp;<\/p>\n<div id=\"fb-root\"><\/div>\n<p><script async=\"1\" defer=\"1\" crossorigin=\"anonymous\" src=\"https:\/\/connect.facebook.net\/it_IT\/sdk.js#xfbml=1&amp;version=v6.0\"><\/script><\/p>\n<div class=\"fb-video\" data-href=\"https:\/\/www.facebook.com\/mirko.mezzacasa\/videos\/10218640391387804\/\" data-width=\"1200\">\n<blockquote cite=\"https:\/\/www.facebook.com\/mirko.mezzacasa\/videos\/10218640391387804\/\" class=\"fb-xfbml-parse-ignore\"><p><a href=\"https:\/\/www.facebook.com\/mirko.mezzacasa\/videos\/10218640391387804\/\"><\/a><\/p>\n<p>SOTTOGUDAIL NATALE TRA I FIENILI.Nad\u00e8l ite i tabi\u00e8i | Natale nei fienili 2018Organizzato da Marmolada &#8211; Val Pettorina | Dolomiti e Comitato Borgo di Sottoguda<\/p>\n<p>Pubblicato da <a href=\"https:\/\/www.facebook.com\/mirko.mezzacasa\">Mirko Mezzacasa<\/a> su Domenica 30 dicembre 2018<\/p><\/blockquote>\n<\/div>\n<p>&nbsp;<\/p>\n<p>&nbsp;<\/p>\n<p>&nbsp;<\/p>\n<p>&nbsp;<\/p>\n<p>&nbsp;<\/p>\n<p>&nbsp;<\/p>\n<h1>MONICA LOTTO PRONTA PER GUIDARE IL PD PROVINCIALE<\/h1>\n<p>Si \u00e8 riunita la \u201cCommissione Congresso\u201d del Partito Democratico provinciale, con all\u2019ordine del giorno la validazione delle candidature alla carica di segretario provinciale, e le candidature per l\u2019Assemblea provinciale. La commissione ha certificato che l\u2019unico nome presentato entro i termini, con le relative firme a sostegno e lista collegata per l\u2019Assemblea Provinciale \u00e8 quello di Monica Lotto, gi\u00e0 vice segretaria provinciale. Sono stati inoltre approvati i criteri per la nomina dei membri della convenzione provinciale che elegger\u00e0 i delegati all\u2019assemblea nazionale per la nomina del segretario. Si \u00e8 deciso altres\u00ec che la discussione della mozione e la votazione per il congresso provinciale vengano celebrati nei circoli contestualmente al dibattito per la convenzione nazionale e nei giorni concordati fra la commissione e i circoli stessi (fra il 7 e il 23 gennaio). In due circoli si andr\u00e0 anche a scegliere il nuovo segretario e il nuovo direttivo; nel Circolo del Cadore e nel nuovo circolo di Borgo Valbelluna che nascer\u00e0 a seguito della fusione fra i comuni di Trichiana, Mel e Lentiai. &#8220;Confidando &#8211; si legge nella nota del PD- che il Paese possa velocemente uscire dalla palude in cui l\u2019attuale governo ci ha portati&#8221;.<\/p>\n<p>&nbsp;<\/p>\n<p>&nbsp;<\/p>\n<p>&nbsp;<\/p>\n<p>&nbsp;<\/p>\n<h1>MANOVRA:\u00a0 400 MILIONI AI SINDACI PER IL TERRITORIO<\/h1>\n<p>\u201cCon la nostra manovra l\u2019attenzione per i territori ed il sostegno ai sindaci sono assolute priorit\u00e0\u201d: a dirlo \u00e8 il deputato veneto del Movimento 5 Stelle Federico D&#8217;Inc\u00e0. \u201cAttiviamo un fondo da 400 milioni di euro per cofinanziare piccole opere nei comuni \u2013 continua il parlamentare &#8211; Incentiviamo settori vitali come l\u2019edilizia pubblica, la manutenzione e la sicurezza del territorio, la manutenzione della rete viaria, la prevenzione del rischio sismico e la valorizzazione dei beni culturali e ambientali. In particolare introduciamo un contributo di 40mila euro per i comuni fino a 2 mila abitanti, di 50mila euro per quelli fino a 5mila abitanti, di 70mila euro per i comuni fino a 10mila abitanti e di 100mila euro per quelli fino a 20mila abitanti. Con il contributo andiamo a coprire fino al 50% dell&#8217;importo delle opere\u201d. \u201cQuesti maggiori investimenti locali si vanno ad aggiungere ad 1 miliardo di maggiori fondi derivanti dallo sblocco degli avanzi di amministrazione per i comuni virtuosi \u2013 spiega il deputato del Movimento 5 Stelle \u2013 Diamo ossigeno agli enti territoriali che sono sempre in prima linea nel rispondere alle esigenze dei cittadini. \u201d\u00a0 \u201cOltre a questo \u2013 spiega D&#8217;Inc\u00e0 \u2013 voglio sottolineare che vi sar\u00e0 l\u2019attribuzione di un contributo straordinario per le Regioni a statuto ordinario di 250 milioni di euro annuale dal 2019 al 2033 (pari a 3,750 miliardi ) per finanziari piani di sicurezza per la manutenzione di strade e scuole.\u201d \u201cInfine cosa ancora pi\u00f9 importante per il Veneto e le zone colpite dall\u2019alluvione, vi sono 2,6 miliardi di euro tra il 2019 e il 2021 per permettere di realizzare investimenti per contrastare il rischio idrogeologico in cui \u00e8 stato dichiarato lo stato di emergenza da non oltre 6 mesi, come per l\u2019appunto sono le aeree del veneto e del bellunese \u2013 conclude il parlamentare bellunese \u2013 Questa \u00e8 una grande prova di vicinanza da parte del governo a tutte le comunit\u00e0 pesantemente colpite negli ultimi mesi.\u201d<\/p>\n<p>&nbsp;<\/p>\n<p>&nbsp;<\/p>\n<p>&nbsp;<\/p>\n<p>&nbsp;<\/p>\n<h1>VVF \u2013 DARIO BOND (FORZA ITALIA): \u00abVIGILER\u00d2 SULLE NUOVE ASSUNZIONI. INTANTO, BENE L\u2019ARMONIZZAZIONE ASSICURATIVA PER I VOLONTARI\u00bb<\/h1>\n<p><a class=\"dt-pswp-item\" href=\"http:\/\/www.radiopiu.net\/wordpress\/wp-content\/uploads\/2018\/12\/Vigili-del-fuoco-e1462166495384.jpg\" data-dt-img-description=\"\" data-large_image_width=\"800\" data-large_image_height=\"529\"><img loading=\"lazy\" decoding=\"async\" class=\"size-medium wp-image-71034 alignleft\" src=\"http:\/\/www.radiopiu.net\/wordpress\/wp-content\/uploads\/2018\/12\/Vigili-del-fuoco-e1462166495384-300x198.jpg\" alt=\"\" width=\"300\" height=\"198\" srcset=\"https:\/\/www.radiopiu.net\/wordpress\/wp-content\/uploads\/2018\/12\/Vigili-del-fuoco-e1462166495384-300x198.jpg 300w, https:\/\/www.radiopiu.net\/wordpress\/wp-content\/uploads\/2018\/12\/Vigili-del-fuoco-e1462166495384-768x508.jpg 768w, https:\/\/www.radiopiu.net\/wordpress\/wp-content\/uploads\/2018\/12\/Vigili-del-fuoco-e1462166495384.jpg 800w\" sizes=\"auto, (max-width: 300px) 100vw, 300px\" \/><\/a><\/p>\n<p>&nbsp;<\/p>\n<p>&nbsp;<\/p>\n<p>&nbsp;<\/p>\n<p>&nbsp;<\/p>\n<p>&nbsp;<\/p>\n<p>AUDIO<\/p>\n<audio class=\"wp-audio-shortcode\" id=\"audio-70982-1\" preload=\"none\" style=\"width: 100%;\" controls=\"controls\"><source type=\"audio\/ogg\" src=\"http:\/\/www.radiopiu.net\/wordpress\/wp-content\/uploads\/2018\/12\/BOND-1.ogg?_=1\" \/><a href=\"http:\/\/www.radiopiu.net\/wordpress\/wp-content\/uploads\/2018\/12\/BOND-1.ogg\">http:\/\/www.radiopiu.net\/wordpress\/wp-content\/uploads\/2018\/12\/BOND-1.ogg<\/a><\/audio>\n<blockquote class=\"wp-embedded-content\" data-secret=\"DhhpmeJR8s\"><p><a href=\"http:\/\/www.radiopiu.net\/wordpress\/vvf-dario-bond-forza-italia-vigilero-sulle-nuove-assunzioni-intanto-bene-larmonizzazione-assicurativa-per-i-volontari\/\">VVF &#8211; DARIO BOND (FORZA ITALIA): \u00abVIGILER\u00d2 SULLE NUOVE ASSUNZIONI. INTANTO, BENE L\u2019ARMONIZZAZIONE ASSICURATIVA PER I VOLONTARI\u00bb<\/a><\/p><\/blockquote>\n<p><iframe loading=\"lazy\" class=\"wp-embedded-content\" sandbox=\"allow-scripts\" security=\"restricted\" style=\"position: absolute; clip: rect(1px, 1px, 1px, 1px);\" src=\"http:\/\/www.radiopiu.net\/wordpress\/vvf-dario-bond-forza-italia-vigilero-sulle-nuove-assunzioni-intanto-bene-larmonizzazione-assicurativa-per-i-volontari\/embed\/#?secret=DhhpmeJR8s\" data-secret=\"DhhpmeJR8s\" width=\"600\" height=\"338\" title=\"&#8220;VVF &#8211; DARIO BOND (FORZA ITALIA): \u00abVIGILER\u00d2 SULLE NUOVE ASSUNZIONI. INTANTO, BENE L\u2019ARMONIZZAZIONE ASSICURATIVA PER I VOLONTARI\u00bb&#8221; &#8212; Radio Pi\u00f9\" frameborder=\"0\" marginwidth=\"0\" marginheight=\"0\" scrolling=\"no\"><\/iframe><\/p>\n<p>&nbsp;<\/p>\n<p>&nbsp;<\/p>\n<p>&nbsp;<\/p>\n<p>&nbsp;<\/p>\n<h1>A FALCADE E ROCCA PIETORE I MIGLIORI CICLISTI DELLA NUOVA GENERAZIONE, ANCHE LA CRONO CHE DECRETERA&#8217; IL VINCITORE<\/h1>\n<p><a class=\"dt-pswp-item\" href=\"http:\/\/www.radiopiu.net\/wordpress\/wp-content\/uploads\/2018\/12\/DSCF0269.jpg\" data-dt-img-description=\"\" data-large_image_width=\"640\" data-large_image_height=\"480\"><img loading=\"lazy\" decoding=\"async\" class=\"size-medium wp-image-71030 alignleft\" src=\"http:\/\/www.radiopiu.net\/wordpress\/wp-content\/uploads\/2018\/12\/DSCF0269-300x225.jpg\" alt=\"\" width=\"300\" height=\"225\" srcset=\"https:\/\/www.radiopiu.net\/wordpress\/wp-content\/uploads\/2018\/12\/DSCF0269-300x225.jpg 300w, https:\/\/www.radiopiu.net\/wordpress\/wp-content\/uploads\/2018\/12\/DSCF0269.jpg 640w\" sizes=\"auto, (max-width: 300px) 100vw, 300px\" \/><\/a><\/p>\n<p>&nbsp;<\/p>\n<p>&nbsp;<\/p>\n<p>&nbsp;<\/p>\n<p>&nbsp;<\/p>\n<p>Sulle strade agordine due tappe del Giro d&#8217;Italia Under 23, gara i prestigio internazionale.<\/p>\n<p><strong>DI ILARIO TANCON\u00a0<\/strong><\/p>\n<audio class=\"wp-audio-shortcode\" id=\"audio-70982-2\" preload=\"none\" style=\"width: 100%;\" controls=\"controls\"><source type=\"audio\/ogg\" src=\"http:\/\/www.radiopiu.net\/wordpress\/wp-content\/uploads\/2018\/12\/ILARIO.ogg?_=2\" \/><a href=\"http:\/\/www.radiopiu.net\/wordpress\/wp-content\/uploads\/2018\/12\/ILARIO.ogg\">http:\/\/www.radiopiu.net\/wordpress\/wp-content\/uploads\/2018\/12\/ILARIO.ogg<\/a><\/audio>\n<p>&nbsp;<\/p>\n<p>&nbsp;<\/p>\n<p>&nbsp;<\/p>\n<div class=\"page-title-head hgroup\">\n<h1 class=\"entry-title\">CANALE DI TRASFORMAZIONE EX TEMPORE DI SCULTURA A CANALE D\u2019AGORDO IN OMAGGIO A GIULIANO DE ROCCO<\/h1>\n<\/div>\n<div class=\"page-title-breadcrumbs\"><\/div>\n<blockquote class=\"wp-embedded-content\" data-secret=\"cwpKQTKTw5\"><p><a href=\"http:\/\/www.radiopiu.net\/wordpress\/canale-di-trasformazione-ex-tempore-di-scultura-a-canale-dagordo-in-omaggio-a-giuliano-de-rocco\/\">Canale di trasformazione ex tempore di scultura a Canale d\u2019Agordo in omaggio a Giuliano De Rocco<\/a><\/p><\/blockquote>\n<p><iframe loading=\"lazy\" class=\"wp-embedded-content\" sandbox=\"allow-scripts\" security=\"restricted\" style=\"position: absolute; clip: rect(1px, 1px, 1px, 1px);\" src=\"http:\/\/www.radiopiu.net\/wordpress\/canale-di-trasformazione-ex-tempore-di-scultura-a-canale-dagordo-in-omaggio-a-giuliano-de-rocco\/embed\/#?secret=cwpKQTKTw5\" data-secret=\"cwpKQTKTw5\" width=\"600\" height=\"338\" title=\"&#8220;Canale di trasformazione ex tempore di scultura a Canale d\u2019Agordo in omaggio a Giuliano De Rocco&#8221; &#8212; Radio Pi\u00f9\" frameborder=\"0\" marginwidth=\"0\" marginheight=\"0\" scrolling=\"no\"><\/iframe><\/p>\n<p>&nbsp;<\/p>\n<p>&nbsp;<\/p>\n<p>&nbsp;<\/p>\n<p>&nbsp;<\/p>\n<h1>LUCE ANCHE PER VIA REVINAL E VIA FELTRE UN&#8217;ATTESA DURATA 15 ANNI<\/h1>\n<p><a class=\"dt-pswp-item\" href=\"http:\/\/www.radiopiu.net\/wordpress\/wp-content\/uploads\/2018\/12\/Taglio-del-nastro-Via-Revinal.jpeg\" data-dt-img-description=\"\" data-large_image_width=\"1383\" data-large_image_height=\"1038\"><img loading=\"lazy\" decoding=\"async\" class=\"size-medium wp-image-71003 alignleft\" src=\"http:\/\/www.radiopiu.net\/wordpress\/wp-content\/uploads\/2018\/12\/Taglio-del-nastro-Via-Revinal-300x225.jpeg\" alt=\"\" width=\"300\" height=\"225\" srcset=\"https:\/\/www.radiopiu.net\/wordpress\/wp-content\/uploads\/2018\/12\/Taglio-del-nastro-Via-Revinal-300x225.jpeg 300w, https:\/\/www.radiopiu.net\/wordpress\/wp-content\/uploads\/2018\/12\/Taglio-del-nastro-Via-Revinal-768x576.jpeg 768w, https:\/\/www.radiopiu.net\/wordpress\/wp-content\/uploads\/2018\/12\/Taglio-del-nastro-Via-Revinal-1024x769.jpeg 1024w, https:\/\/www.radiopiu.net\/wordpress\/wp-content\/uploads\/2018\/12\/Taglio-del-nastro-Via-Revinal.jpeg 1383w\" sizes=\"auto, (max-width: 300px) 100vw, 300px\" \/><\/a>Si sono conclusi in questi giorni due importanti progetti di illuminazione pubblica nel capoluogo.<br \/>\nIl primo ha interessato un tratto di Via Revinal, a Sossai, dove sono stati installati quattro punti luce, per una spesa complessiva di poco inferiore agli 8mila euro: \u00abPu\u00f2 sembrare un piccolo intervento, &#8211; spiega l&#8217;assessore ai servizi manutentivi, Biagio Giannone \u2013 ma per i residenti ha un significato particolare. Era da pi\u00f9 di 15 anni che attendevano questo lavoro ed ora, dopo aver completato i lavori di posa del cavidotto interrato, siamo riusciti anche ad installare i punti luce\u00bb.<br \/>\n<a class=\"dt-pswp-item\" href=\"http:\/\/www.radiopiu.net\/wordpress\/wp-content\/uploads\/2018\/12\/Torta-Via-Revinal.jpeg\" data-dt-img-description=\"\" data-large_image_width=\"742\" data-large_image_height=\"556\"><img loading=\"lazy\" decoding=\"async\" class=\"size-medium wp-image-71004 alignright\" src=\"http:\/\/www.radiopiu.net\/wordpress\/wp-content\/uploads\/2018\/12\/Torta-Via-Revinal-300x225.jpeg\" alt=\"\" width=\"300\" height=\"225\" srcset=\"https:\/\/www.radiopiu.net\/wordpress\/wp-content\/uploads\/2018\/12\/Torta-Via-Revinal-300x225.jpeg 300w, https:\/\/www.radiopiu.net\/wordpress\/wp-content\/uploads\/2018\/12\/Torta-Via-Revinal.jpeg 742w\" sizes=\"auto, (max-width: 300px) 100vw, 300px\" \/><\/a>Per festeggiare l&#8217;evento, i residenti hanno anche organizzato un simbolico taglio del nastro, seguito da un rinfresco la cui protagonista \u00e8 stata una torta rappresentante la via con i nuovi lampioni e una candelina con il numero 15.<br \/>\nL&#8217;altro intervento ha invece interessato Via Feltre: \u00abCome annunciato proprio un anno fa di questi tempi, si sono conclusi i lavori per la conversione a led dell&#8217;illuminazione pubblica in Via Feltre, da Via dei Dendrofori a Piazzale Marconi esclusi. &#8211; sottolinea Giannone \u2013 Siamo intervenuti su 41 armature, investendo 36mila euro; questo lavoro ci consentir\u00e0 un risparmio energetico pari circa al 35%, quindi poco pi\u00f9 di 3700 euro all&#8217;anno. In 10 anni, l&#8217;investimento sar\u00e0 quindi ripagato e avremo fin da ora una strada pi\u00f9 illuminata e quindi pi\u00f9 sicura per gli automobilisti, i pedoni ed i residenti\u00bb.<\/p>\n<p>&nbsp;<\/p>\n<p>&nbsp;<\/p>\n<p>&nbsp;<\/p>\n<h1>CAPODANNO IN SICUREZZA, LE ORDINANZE ANTIBOTTI<\/h1>\n<p><strong><a class=\"dt-pswp-item\" href=\"http:\/\/www.radiopiu.net\/wordpress\/wp-content\/uploads\/2018\/12\/capodanno-ph-bellunolanotte.comFB_.jpg\" data-dt-img-description=\"\" data-large_image_width=\"960\" data-large_image_height=\"639\"><img loading=\"lazy\" decoding=\"async\" class=\"size-medium wp-image-71023 alignleft\" src=\"http:\/\/www.radiopiu.net\/wordpress\/wp-content\/uploads\/2018\/12\/capodanno-ph-bellunolanotte.comFB_-300x200.jpg\" alt=\"\" width=\"300\" height=\"200\" \/><\/a>BELLUNO\u00a0<\/strong> Capodanno pi\u00f9 sicuro nel capoluogo: il sindaco Jacopo Massaro ha predisposto due ordinanze che permetteranno di trascorrere la notte di San Silvestro in maggior sicurezza. La prima riguarda la questione botti e petardi,\u00a0 una decisione che va incontro anche al benessere animale. Sempre legata all&#8217;allerta vento, c&#8217;\u00e8 l&#8217;invito a non sostare in prossimit\u00e0 di alberi pericolanti. L&#8217;altra ordinanza riguarda invece il centro citt\u00e0, impegnato nella festa di piazza per il Capodanno: alle attivit\u00e0 di somministrazione alimenti e bevande di Piazza dei Martiri \u00e8 fatto divieto di vendere o servire bevande in contenitori di vetro o lattine di metallo. Ai microfoni di RADIO PIU\u00a0 il sindaco di Belluno Jacopo Massaro. (FOTO BELLUNOLANOTTE)<\/p>\n<audio class=\"wp-audio-shortcode\" id=\"audio-70982-3\" preload=\"none\" style=\"width: 100%;\" controls=\"controls\"><source type=\"audio\/mpeg\" src=\"http:\/\/www.radiopiu.net\/wordpress\/wp-content\/uploads\/2018\/12\/Massaro-Ordinanze-Capodanno.mp3?_=3\" \/><a href=\"http:\/\/www.radiopiu.net\/wordpress\/wp-content\/uploads\/2018\/12\/Massaro-Ordinanze-Capodanno.mp3\">http:\/\/www.radiopiu.net\/wordpress\/wp-content\/uploads\/2018\/12\/Massaro-Ordinanze-Capodanno.mp3<\/a><\/audio>\n<p>&nbsp;<\/p>\n<p>&nbsp;<\/p>\n<p>&nbsp;<\/p>\n<blockquote class=\"wp-embedded-content\" data-secret=\"DKMFx4EzfH\"><p><a href=\"http:\/\/www.radiopiu.net\/wordpress\/protezione-civile-altri-600-mila-euro-alle-associazioni-assessore-bottacin-nel-2018-assegnati-due-milioni-di-euro\/\">PROTEZIONE CIVILE: ALTRI 600 MILA EURO ALLE ASSOCIAZIONI, ASSESSORE BOTTACIN, \u201cNEL 2018 ASSEGNATI DUE MILIONI DI EURO<\/a><\/p><\/blockquote>\n<p><iframe loading=\"lazy\" class=\"wp-embedded-content\" sandbox=\"allow-scripts\" security=\"restricted\" style=\"position: absolute; clip: rect(1px, 1px, 1px, 1px);\" src=\"http:\/\/www.radiopiu.net\/wordpress\/protezione-civile-altri-600-mila-euro-alle-associazioni-assessore-bottacin-nel-2018-assegnati-due-milioni-di-euro\/embed\/#?secret=DKMFx4EzfH\" data-secret=\"DKMFx4EzfH\" width=\"600\" height=\"338\" title=\"&#8220;PROTEZIONE CIVILE: ALTRI 600 MILA EURO ALLE ASSOCIAZIONI, ASSESSORE BOTTACIN, \u201cNEL 2018 ASSEGNATI DUE MILIONI DI EURO&#8221; &#8212; Radio Pi\u00f9\" frameborder=\"0\" marginwidth=\"0\" marginheight=\"0\" scrolling=\"no\"><\/iframe><\/p>\n<p>&nbsp;<\/p>\n<p>&nbsp;<\/p>\n<p>&nbsp;<\/p>\n<p>&nbsp;<\/p>\n<h1>ANTONIA E ORLANDO GLI AMICI DEL CORO AGORDO 2018<\/h1>\n<p><a class=\"dt-pswp-item\" href=\"http:\/\/www.radiopiu.net\/wordpress\/wp-content\/uploads\/2018\/12\/DSC00833.jpg\" data-dt-img-description=\"\" data-large_image_width=\"3456\" data-large_image_height=\"2592\"><img loading=\"lazy\" decoding=\"async\" class=\"alignnone wp-image-71024 size-large\" src=\"http:\/\/www.radiopiu.net\/wordpress\/wp-content\/uploads\/2018\/12\/DSC00833-1024x768.jpg\" alt=\"\" width=\"1024\" height=\"768\" srcset=\"https:\/\/www.radiopiu.net\/wordpress\/wp-content\/uploads\/2018\/12\/DSC00833-1024x768.jpg 1024w, https:\/\/www.radiopiu.net\/wordpress\/wp-content\/uploads\/2018\/12\/DSC00833-300x225.jpg 300w, https:\/\/www.radiopiu.net\/wordpress\/wp-content\/uploads\/2018\/12\/DSC00833-768x576.jpg 768w\" sizes=\"auto, (max-width: 1024px) 100vw, 1024px\" \/><\/a><\/p>\n<p>DI GIANNI SANTOMASO<\/p>\n<audio class=\"wp-audio-shortcode\" id=\"audio-70982-4\" preload=\"none\" style=\"width: 100%;\" controls=\"controls\"><source type=\"audio\/ogg\" src=\"http:\/\/www.radiopiu.net\/wordpress\/wp-content\/uploads\/2018\/12\/GIANNI-ANTONIA.ogg?_=4\" \/><a href=\"http:\/\/www.radiopiu.net\/wordpress\/wp-content\/uploads\/2018\/12\/GIANNI-ANTONIA.ogg\">http:\/\/www.radiopiu.net\/wordpress\/wp-content\/uploads\/2018\/12\/GIANNI-ANTONIA.ogg<\/a><\/audio>\n<p>&nbsp;<\/p>\n<p>&nbsp;<\/p>\n<p>&nbsp;<\/p>\n<p>&nbsp;<\/p>\n<h2>AUTOSTRADE, BLOCCARE GLI AUMENTI. SULLA A24 E A25, SINDACI SONO DA ASCOLTARE. UNCEM: &#8220;INDIVIDUARE PERCENTUALI DI PEDAGGIO DESTINATE AI TERRITORI PER LA MANUTENZIONE DELLE STRADE SECONDARIE E PER IL FONDO MONTAGNA&#8221;<\/h2>\n<p><a class=\"dt-pswp-item\" href=\"http:\/\/www.radiopiu.net\/wordpress\/wp-content\/uploads\/2018\/12\/argentera_ferrere-3.jpg\" data-dt-img-description=\"\" data-large_image_width=\"865\" data-large_image_height=\"330\"><img loading=\"lazy\" decoding=\"async\" class=\" wp-image-71005 alignleft\" src=\"http:\/\/www.radiopiu.net\/wordpress\/wp-content\/uploads\/2018\/12\/argentera_ferrere-3-300x114.jpg\" alt=\"\" width=\"366\" height=\"139\" srcset=\"https:\/\/www.radiopiu.net\/wordpress\/wp-content\/uploads\/2018\/12\/argentera_ferrere-3-300x114.jpg 300w, https:\/\/www.radiopiu.net\/wordpress\/wp-content\/uploads\/2018\/12\/argentera_ferrere-3-768x293.jpg 768w, https:\/\/www.radiopiu.net\/wordpress\/wp-content\/uploads\/2018\/12\/argentera_ferrere-3.jpg 865w\" sizes=\"auto, (max-width: 366px) 100vw, 366px\" \/><\/a>I rincari autostradali sono da bloccare. \u00c8 prioritario oggi stoppare gli aumenti dal primo gennaio, su tutta la rete nazionale. Per la A24 e A25, ad esempio, i Sindaci e Uncem Lazio sono stati chiari scendendo pi\u00f9 volte in piazza\u00a0negli ultimi mesi: no agli aumenti delle tariffe. Devono essere ascoltati. I Sindaci non possono accettare, cos\u00ec come tutti gli utenti, un aumento del 15 per cento delle tariffe sulla Strada dei Parchi. Vale per tutti i 6940 chilometri di autostrade italiane. Un terzo di queste vie di comunicazione attraversa Alpi e Appennini. Solo in Piemonte, sono gi\u00e0 scadute diverse concessioni, compresa la tangenziale di Torino. Nella nuova gara, i territori devono avere un ruolo: vanno individuati precisi ristorni e investimenti locali. Uncem ha scritto a tutti i Concessionari e al Ministero dei Trasporti chiedendo di bloccare gli aumenti. Ma il tema \u00e8, secondo Uncem, politico. Richiede cio\u00e8 una presa di posizione del Parlamento e del Governo. &#8220;Deve essere previsto che una parte del canone incassato dallo Stato torni sui territori&#8221;, sottolinea Marco Bussone, Presidente nazionale Uncem. Ad esempio per finanziare il fondo nazionale montagna. Lo prevedeva un emendamento alla legge di bilancio, non accolto. Bussone prosegue: &#8220;Era necessario prevedere il ristorno di una parte dei canoni versati allo Stato dai concessionari autostradali, ai fini di compensazioni ambientali i territori montani compromessi dal punto di vista paesaggistico e ambientale dalla presenza di queste grandi infrastrutture, delle autostrade. Una parte dei proventi derivanti dai canoni versati a seguito delle concessioni dovrebbero essere usati per rimpinguare tre fondi: il fondo manutenzioni dell&#8217;Anas, il fondo per il trasporto pubblico locale e, appunto, il fondo per la montagna&#8221;.\u00a0&#8220;Si sarebbe trattato, nella legge di bilancio varata ieri, di un provvedimento storico per gli enti locali della montagna italiana &#8211; commenta Bussone &#8211; per assicurare un&#8217;alimentazione finanziaria a progetti di sviluppo e di compensazione ambientale, introducendo un meccanismo innovativo che non grava sulla finanza pubblica ma ripristina una logica di naturale compensazione ambientale secondo la logica del pagamento dei servizi ecosistemici&#8221;.<\/p>\n<p>&nbsp;<\/p>\n<p>&nbsp;<\/p>\n<blockquote class=\"wp-embedded-content\" data-secret=\"SWMR13zKMf\"><p><a href=\"http:\/\/www.radiopiu.net\/wordpress\/il-calendario-di-claudio-pra-lautore-de-la-montagna-nel-cuore-360-gradi-di-passione-ad-alta-quota\/\">IL CALENDARIO DI CLAUDIO PRA, L&#8217;AUTORE DE &#8220;LA MONTAGNA NEL CUORE, 360 GRADI DI PASSIONE AD ALTA QUOTA&#8221;<\/a><\/p><\/blockquote>\n<p><iframe loading=\"lazy\" class=\"wp-embedded-content\" sandbox=\"allow-scripts\" security=\"restricted\" style=\"position: absolute; clip: rect(1px, 1px, 1px, 1px);\" src=\"http:\/\/www.radiopiu.net\/wordpress\/il-calendario-di-claudio-pra-lautore-de-la-montagna-nel-cuore-360-gradi-di-passione-ad-alta-quota\/embed\/#?secret=SWMR13zKMf\" data-secret=\"SWMR13zKMf\" width=\"600\" height=\"338\" title=\"&#8220;IL CALENDARIO DI CLAUDIO PRA, L&#8217;AUTORE DE &#8220;LA MONTAGNA NEL CUORE, 360 GRADI DI PASSIONE AD ALTA QUOTA&#8221;&#8221; &#8212; Radio Pi\u00f9\" frameborder=\"0\" marginwidth=\"0\" marginheight=\"0\" scrolling=\"no\"><\/iframe><\/p>\n<p>&nbsp;<\/p>\n<p>&nbsp;<\/p>\n<p>&nbsp;<\/p>\n<p><a class=\"dt-pswp-item\" href=\"http:\/\/www.radiopiu.net\/wordpress\/wp-content\/uploads\/2018\/09\/sport.jpg\" data-dt-img-description=\"\" data-large_image_width=\"800\" data-large_image_height=\"100\"><img loading=\"lazy\" decoding=\"async\" class=\"alignnone wp-image-60761 size-full\" src=\"http:\/\/www.radiopiu.net\/wordpress\/wp-content\/uploads\/2018\/09\/sport.jpg\" alt=\"\" width=\"800\" height=\"100\" srcset=\"https:\/\/www.radiopiu.net\/wordpress\/wp-content\/uploads\/2018\/09\/sport.jpg 800w, https:\/\/www.radiopiu.net\/wordpress\/wp-content\/uploads\/2018\/09\/sport-300x38.jpg 300w, https:\/\/www.radiopiu.net\/wordpress\/wp-content\/uploads\/2018\/09\/sport-768x96.jpg 768w\" sizes=\"auto, (max-width: 800px) 100vw, 800px\" \/><\/a><\/p>\n<p>&nbsp;<\/p>\n<h1>TORNEO\u00a0 AGORDINO DI HOCKEY SU GHIACCIO.<\/h1>\n<p>Inizia mercoledi il torneo agordino di hockey con la partita in programma a Vallada alle 20.40 tra La Valle e Vallada. Giovedi\u00a0 alle 20.30 a Falcade, Canale d&#8217;Agordo-Amatori Alleghe e venerdi alle 20.30 Red Muss Feltre-San Tomaso a La Valle Agordina.<\/p>\n<p>&nbsp;<\/p>\n<p>&nbsp;<\/p>\n<p>&nbsp;<\/p>\n<blockquote class=\"wp-embedded-content\" data-secret=\"TcaKLTNdPd\"><p><a href=\"http:\/\/www.radiopiu.net\/wordpress\/il-fine-settimana-dellalleghe-hockey-dalla-prima-squadra-allunder-13\/\">IL FINE SETTIMANA DELL&#8217;ALLEGHE HOCKEY&#8230;DALLA PRIMA SQUADRA ALL&#8217;UNDER 13<\/a><\/p><\/blockquote>\n<p><iframe loading=\"lazy\" class=\"wp-embedded-content\" sandbox=\"allow-scripts\" security=\"restricted\" style=\"position: absolute; clip: rect(1px, 1px, 1px, 1px);\" src=\"http:\/\/www.radiopiu.net\/wordpress\/il-fine-settimana-dellalleghe-hockey-dalla-prima-squadra-allunder-13\/embed\/#?secret=TcaKLTNdPd\" data-secret=\"TcaKLTNdPd\" width=\"600\" height=\"338\" title=\"&#8220;IL FINE SETTIMANA DELL&#8217;ALLEGHE HOCKEY&#8230;DALLA PRIMA SQUADRA ALL&#8217;UNDER 13&#8221; &#8212; Radio Pi\u00f9\" frameborder=\"0\" marginwidth=\"0\" marginheight=\"0\" scrolling=\"no\"><\/iframe><\/p>\n<p>&nbsp;<\/p>\n<p>&nbsp;<\/p>\n<p>&nbsp;<\/p>\n<p><a class=\"dt-pswp-item\" href=\"http:\/\/www.radiopiu.net\/wordpress\/wp-content\/uploads\/2018\/09\/WhatsApp-Image-2018-09-20-at-16.04.06.jpeg\" data-dt-img-description=\"\" data-large_image_width=\"800\" data-large_image_height=\"100\"><img loading=\"lazy\" decoding=\"async\" class=\"alignnone wp-image-61378 size-full\" src=\"http:\/\/www.radiopiu.net\/wordpress\/wp-content\/uploads\/2018\/09\/WhatsApp-Image-2018-09-20-at-16.04.06.jpeg\" alt=\"\" width=\"800\" height=\"100\" srcset=\"https:\/\/www.radiopiu.net\/wordpress\/wp-content\/uploads\/2018\/09\/WhatsApp-Image-2018-09-20-at-16.04.06.jpeg 800w, https:\/\/www.radiopiu.net\/wordpress\/wp-content\/uploads\/2018\/09\/WhatsApp-Image-2018-09-20-at-16.04.06-300x38.jpeg 300w, https:\/\/www.radiopiu.net\/wordpress\/wp-content\/uploads\/2018\/09\/WhatsApp-Image-2018-09-20-at-16.04.06-768x96.jpeg 768w\" sizes=\"auto, (max-width: 800px) 100vw, 800px\" \/><\/a><\/p>\n<h1>DA OGGI A GIOVEDI<\/h1>\n<p><strong>Lunedi 31<\/strong><br \/>\nTempo atteso: Giornata in prevalenza soleggiata e ancora ventosa in alta quota. Il cielo sar\u00e0 generalmente poco nuvoloso, salvo annuvolamenti un po&#8217; pi\u00f9 estesi sulle Dolomiti settentrionali, soprattutto al mattino, associati a qualche residuo e debole fenomeno in quota.<br \/>\nPrecipitazioni: Generalmente assenti (0-10%) salvo qualche residua burrasca di neve in quota sulle Dolomiti settentrionali nella notte e al mattino.<br \/>\nTemperature: Senza notevoli variazioni, salvo aumentare un po&#8217; le massime in quota. Su Prealpi a 1500 m min -1\u00b0C max 1\u00b0C, a 2000 m min -4\u00b0C max -1\u00b0C. Su Dolomiti a 2000 m min -6\u00b0C max -2\u00b0C, a 3000 m min -8\u00b0C max -6\u00b0C.<br \/>\nVenti: Nelle valli deboli o moderati, con residue raffiche di F\u00f6hn al mattino, specie nelle valli dolomitiche; in quota tesi o forti da Nord, anche molto forti sulle cime pi\u00f9 alte, 20-40 km\/h a 2000 m, 60-90 km\/h a 3000 m, con qualche raffica superiore a 100 km\/h<br \/>\n<strong>Martedi 1<\/strong><br \/>\nTempo atteso: Cielo sereno o al pi\u00f9 parzialmente velato per nubi alte e sottili, pi\u00f9 probabili al mattino. Clima ancora ventoso, ma solo in alta quota.<br \/>\nPrecipitazioni: Assenti (0%)<br \/>\nTemperature: Stazionarie, salvo aumentare le massime in quota. Su Prealpi a 1500 m min 0\u00b0C max 6\u00b0C, a 2000 m min -1\u00b0C max 4\u00b0C. Su Dolomiti a 2000 m min -4\u00b0C max 2\u00b0C, a 3000 m min -5\u00b0C max -1\u00b0C.<br \/>\nVenti: Nelle valli deboli o moderati, con primi rinforzi di F\u00f6hn in serata; in quota tesi o forti da Nord, in rotazione a Nord-Ovest e in intensificazione in serata, 15-25 km\/h a 2000 m, 50-80 km\/h a 3000 m.<br \/>\n<strong>Mercoledi 2<\/strong><br \/>\nGiornata ventosa e sempre pi\u00f9 fredda. Sulle Dolomiti parzialmente nuvoloso con burrasche di neve in quota e localmente a fondovalle, sulle Prealpi poco nuvoloso. Temperature in forte diminuzione in quota, pi\u00f9 contenuta nelle valli per il F\u00f6hn. Venti in quota forti o molto forti da Nord, nelle valli moderati o forti, con frequenti raffiche.<br \/>\n<strong>Giovedi 3<\/strong><br \/>\nCondizioni simili a quelle di mercoled\u00ec, ma con maggior soleggiamento sulle Dolomiti, dove le eventuali burrasche di neve si avranno solo sulle zone di confine, e maggior sensazione di freddo a tutte le quote, con notevole effetto wind-chill sui monti. Temperature ben al di sotto della norma, venti in quota ancora forti. Previsore: B.R.<\/p>\n<p>&nbsp;<\/p>\n","protected":false},"excerpt":{"rendered":"<p>Oggi alle 12.30\u00a0 Radio Pi\u00f9 nel notiziario principale trasmette l&#8217;intervista di fine anno al presidente dell&#8217;Unione Montana Fabio Luchetta. Per questa notte tutto \u00e8 pronto a Falcade in piazza per il Capodanno con la musica dei dj agordini, i nostri dj CLAUDIO LALLO, JACOPO JACK E BATTAGLIA, rinviata la fiaccolata di Selva di Cadore per&hellip;<\/p>\n","protected":false},"author":1,"featured_media":70987,"comment_status":"closed","ping_status":"closed","sticky":false,"template":"","format":"standard","meta":{"_monsterinsights_skip_tracking":false,"_monsterinsights_sitenote_active":false,"_monsterinsights_sitenote_note":"","_monsterinsights_sitenote_category":0,"footnotes":""},"categories":[86],"tags":[],"class_list":["post-70982","post","type-post","status-publish","format-standard","has-post-thumbnail","hentry","category-gr","category-86","description-off"],"img_url":"https:\/\/www.radiopiu.net\/wordpress\/wp-content\/uploads\/2018\/12\/d5d7c709-6741-484d-b049-1385dbfb8075.jpg","_links":{"self":[{"href":"https:\/\/www.radiopiu.net\/wordpress\/wp-json\/wp\/v2\/posts\/70982","targetHints":{"allow":["GET"]}}],"collection":[{"href":"https:\/\/www.radiopiu.net\/wordpress\/wp-json\/wp\/v2\/posts"}],"about":[{"href":"https:\/\/www.radiopiu.net\/wordpress\/wp-json\/wp\/v2\/types\/post"}],"author":[{"embeddable":true,"href":"https:\/\/www.radiopiu.net\/wordpress\/wp-json\/wp\/v2\/users\/1"}],"replies":[{"embeddable":true,"href":"https:\/\/www.radiopiu.net\/wordpress\/wp-json\/wp\/v2\/comments?post=70982"}],"version-history":[{"count":0,"href":"https:\/\/www.radiopiu.net\/wordpress\/wp-json\/wp\/v2\/posts\/70982\/revisions"}],"wp:featuredmedia":[{"embeddable":true,"href":"https:\/\/www.radiopiu.net\/wordpress\/wp-json\/wp\/v2\/media\/70987"}],"wp:attachment":[{"href":"https:\/\/www.radiopiu.net\/wordpress\/wp-json\/wp\/v2\/media?parent=70982"}],"wp:term":[{"taxonomy":"category","embeddable":true,"href":"https:\/\/www.radiopiu.net\/wordpress\/wp-json\/wp\/v2\/categories?post=70982"},{"taxonomy":"post_tag","embeddable":true,"href":"https:\/\/www.radiopiu.net\/wordpress\/wp-json\/wp\/v2\/tags?post=70982"}],"curies":[{"name":"wp","href":"https:\/\/api.w.org\/{rel}","templated":true}]}}