{"id":77890,"date":"2019-03-02T06:16:18","date_gmt":"2019-03-02T05:16:18","guid":{"rendered":"http:\/\/www.radiopiu.net\/wordpress\/?p=77890"},"modified":"2019-03-02T06:15:57","modified_gmt":"2019-03-02T05:15:57","slug":"elicottero-ai-box","status":"publish","type":"post","link":"https:\/\/www.radiopiu.net\/wordpress\/elicottero-ai-box\/","title":{"rendered":"ELICOTTERO&#8230; AI BOX"},"content":{"rendered":"<p><a class=\"dt-pswp-item\" href=\"http:\/\/www.radiopiu.net\/wordpress\/wp-content\/uploads\/2019\/03\/WhatsApp-Image-2019-03-01-at-13.57.35.jpeg\" data-dt-img-description=\"\" data-large_image_width=\"1600\" data-large_image_height=\"1288\"><img loading=\"lazy\" decoding=\"async\" class=\"alignnone size-large wp-image-77891\" src=\"http:\/\/www.radiopiu.net\/wordpress\/wp-content\/uploads\/2019\/03\/WhatsApp-Image-2019-03-01-at-13.57.35-1024x824.jpeg\" alt=\"\" width=\"1024\" height=\"824\" srcset=\"https:\/\/www.radiopiu.net\/wordpress\/wp-content\/uploads\/2019\/03\/WhatsApp-Image-2019-03-01-at-13.57.35-1024x824.jpeg 1024w, https:\/\/www.radiopiu.net\/wordpress\/wp-content\/uploads\/2019\/03\/WhatsApp-Image-2019-03-01-at-13.57.35-300x242.jpeg 300w, https:\/\/www.radiopiu.net\/wordpress\/wp-content\/uploads\/2019\/03\/WhatsApp-Image-2019-03-01-at-13.57.35-768x618.jpeg 768w, https:\/\/www.radiopiu.net\/wordpress\/wp-content\/uploads\/2019\/03\/WhatsApp-Image-2019-03-01-at-13.57.35.jpeg 1600w\" sizes=\"auto, (max-width: 1024px) 100vw, 1024px\" \/><\/a><\/p>\n<p><strong>CAPRILE DI ALLEGHE L&#8217;elicottero del Suem attualmente \u00e8 &#8220;parcheggiato&#8221; in localit\u00e0 ai Tufi a Caprile di Alleghe probabilmente per problemi tecnici. Gi\u00e0 istituito il servizio di sorveglianza in attesa dell&#8217;arrivo dei tecnici.<\/strong><\/p>\n<p>&nbsp;<\/p>\n","protected":false},"excerpt":{"rendered":"<p>CAPRILE DI ALLEGHE L&#8217;elicottero del Suem attualmente \u00e8 &#8220;parcheggiato&#8221; in localit\u00e0 ai Tufi a Caprile di Alleghe probabilmente per problemi tecnici. Gi\u00e0 istituito il servizio di sorveglianza in attesa dell&#8217;arrivo dei tecnici. &nbsp;<\/p>\n","protected":false},"author":1,"featured_media":77891,"comment_status":"closed","ping_status":"closed","sticky":false,"template":"","format":"standard","meta":{"_monsterinsights_skip_tracking":false,"_monsterinsights_sitenote_active":false,"_monsterinsights_sitenote_note":"","_monsterinsights_sitenote_category":0,"footnotes":""},"categories":[49],"tags":[],"class_list":["post-77890","post","type-post","status-publish","format-standard","has-post-thumbnail","hentry","category-news-18","category-49","description-off"],"img_url":"https:\/\/www.radiopiu.net\/wordpress\/wp-content\/uploads\/2019\/03\/WhatsApp-Image-2019-03-01-at-13.57.35.jpeg","_links":{"self":[{"href":"https:\/\/www.radiopiu.net\/wordpress\/wp-json\/wp\/v2\/posts\/77890","targetHints":{"allow":["GET"]}}],"collection":[{"href":"https:\/\/www.radiopiu.net\/wordpress\/wp-json\/wp\/v2\/posts"}],"about":[{"href":"https:\/\/www.radiopiu.net\/wordpress\/wp-json\/wp\/v2\/types\/post"}],"author":[{"embeddable":true,"href":"https:\/\/www.radiopiu.net\/wordpress\/wp-json\/wp\/v2\/users\/1"}],"replies":[{"embeddable":true,"href":"https:\/\/www.radiopiu.net\/wordpress\/wp-json\/wp\/v2\/comments?post=77890"}],"version-history":[{"count":0,"href":"https:\/\/www.radiopiu.net\/wordpress\/wp-json\/wp\/v2\/posts\/77890\/revisions"}],"wp:featuredmedia":[{"embeddable":true,"href":"https:\/\/www.radiopiu.net\/wordpress\/wp-json\/wp\/v2\/media\/77891"}],"wp:attachment":[{"href":"https:\/\/www.radiopiu.net\/wordpress\/wp-json\/wp\/v2\/media?parent=77890"}],"wp:term":[{"taxonomy":"category","embeddable":true,"href":"https:\/\/www.radiopiu.net\/wordpress\/wp-json\/wp\/v2\/categories?post=77890"},{"taxonomy":"post_tag","embeddable":true,"href":"https:\/\/www.radiopiu.net\/wordpress\/wp-json\/wp\/v2\/tags?post=77890"}],"curies":[{"name":"wp","href":"https:\/\/api.w.org\/{rel}","templated":true}]}}