{"id":77998,"date":"2019-03-02T06:12:57","date_gmt":"2019-03-02T05:12:57","guid":{"rendered":"http:\/\/www.radiopiu.net\/wordpress\/?p=77998"},"modified":"2019-03-03T18:14:16","modified_gmt":"2019-03-03T17:14:16","slug":"disordine-di-via-teto-piciol-il-sindaco-risponde-ma-non-detta-i-tempi-dipende-dalla-regione-come-e-quando","status":"publish","type":"post","link":"https:\/\/www.radiopiu.net\/wordpress\/disordine-di-via-teto-piciol-il-sindaco-risponde-ma-non-detta-i-tempi-dipende-dalla-regione-come-e-quando\/","title":{"rendered":"DISORDINE DI VIA TETO PICIOL, IL SINDACO RISPONDE MA NON DETTA I TEMPI,  DIPENDE DALLA REGIONE COME E QUANDO"},"content":{"rendered":"<p><span style=\"color: #ff0000;\"><strong>LA RISPOSTA DEL SINDACO DI AGORDO SISTO DA ROIT:<\/strong><\/span><\/p>\n<p><strong><em>&#8220;Fatta la verifica. Ho avuto rassicurazione dalla struttura regionale competente che appena verranno riaperti i cantieri di difesa idrogeologica, il materiale, depositato temporaneamente in via Teto Piciol, sar\u00e0 asportato&#8221;.<\/em><\/strong><\/p>\n<p>Nella risposta data al sindaco dalla struttura regionale non si fa cenno a quando verranno riaperti i cantieri di difesa idrogeologica.<\/p>\n<p><strong>DAL NOTIZIARIO DI IERI<\/strong><\/p>\n<div id=\"fb-root\"><\/div>\n<p><script async=\"1\" defer=\"1\" crossorigin=\"anonymous\" src=\"https:\/\/connect.facebook.net\/it_IT\/sdk.js#xfbml=1&amp;version=v6.0\"><\/script><\/p>\n<div class=\"fb-video\" data-href=\"https:\/\/www.facebook.com\/mirko.mezzacasa\/videos\/10219112485629865\/\" data-width=\"1200\">\n<blockquote cite=\"https:\/\/www.facebook.com\/mirko.mezzacasa\/videos\/10219112485629865\/\" class=\"fb-xfbml-parse-ignore\"><p><a href=\"https:\/\/www.facebook.com\/mirko.mezzacasa\/videos\/10219112485629865\/\"><\/a><\/p>\n<p>Pubblicato da <a href=\"https:\/\/www.facebook.com\/mirko.mezzacasa\">Mirko Mezzacasa<\/a> su Gioved\u00ec 28 febbraio 2019<\/p><\/blockquote>\n<\/div>\n<p><strong>DALLE NOSTRE PAGINE FACEBOOK\u00a0<\/strong><em>Sar\u00f2 di parte, abitandoci, ma \u00e8 veramente una schifezza, scaricare materiale destinato ad un&#8217;eventuale ripiena di fronte a delle abitazioni, non nascondiamoci davanti all&#8217;emergenza, per non parlare di una cinquantina di metri pi\u00f9 sotto ci sono alberi che quando c&#8217;\u00e8 il vento si appoggiano sulla linea elettrica e un palo dei 20000 V che praticamente \u00e8 quasi nel torrente a causa dell&#8217;alluvione, queasto e il palo successivo sono ancora in piedi perch\u00e8, oltre agli enti competenti anche i cittadini hanno vigilato evitando che il Torrente erodesse verso la strada come aveva cominciato a fare la notte del 28 ottobre. <\/em><strong>Ezio.<\/strong><\/p>\n<p><em><span class=\"UFICommentBody _1n4g\">Sono anch\u2019io di parte anzi ancora un po\u2019 di pi\u00f9 dato che tutta questa schifezza ce l\u2019ho davanti a casa. Incredibile la scelta di mettere tanto\u00a0 materiale in una zona abitata davanti alla porta di casa, sapendo che ci sono tantissimi luoghi dove sarebbe stata anche bene riempiendo dei\u00a0 buchi. Spero che chi di dovere provveda a sistemare tutta via Teto Piciol compreso in fondo al torrente come ha detto\u00a0 Ezio. Siamo stati dimenticati , dopo l\u2019emergenza sono passati 4 mesi, abbiamo aspettato abbastanza. Siamo cittadini di serie B?. <\/span><\/em><strong><span class=\"UFICommentBody _1n4g\">LORELLA<\/span><\/strong><\/p>\n","protected":false},"excerpt":{"rendered":"<p>LA RISPOSTA DEL SINDACO DI AGORDO SISTO DA ROIT: &#8220;Fatta la verifica. Ho avuto rassicurazione dalla struttura regionale competente che appena verranno riaperti i cantieri di difesa idrogeologica, il materiale, depositato temporaneamente in via Teto Piciol, sar\u00e0 asportato&#8221;. Nella risposta data al sindaco dalla struttura regionale non si fa cenno a quando verranno riaperti i&hellip;<\/p>\n","protected":false},"author":1,"featured_media":77999,"comment_status":"closed","ping_status":"closed","sticky":false,"template":"","format":"standard","meta":{"_monsterinsights_skip_tracking":false,"_monsterinsights_sitenote_active":false,"_monsterinsights_sitenote_note":"","_monsterinsights_sitenote_category":0,"footnotes":""},"categories":[51,49],"tags":[],"class_list":["post-77998","post","type-post","status-publish","format-standard","has-post-thumbnail","hentry","category-evidenza-top","category-news-18","category-51","category-49","description-off"],"img_url":"https:\/\/www.radiopiu.net\/wordpress\/wp-content\/uploads\/2019\/03\/TETO.png","_links":{"self":[{"href":"https:\/\/www.radiopiu.net\/wordpress\/wp-json\/wp\/v2\/posts\/77998","targetHints":{"allow":["GET"]}}],"collection":[{"href":"https:\/\/www.radiopiu.net\/wordpress\/wp-json\/wp\/v2\/posts"}],"about":[{"href":"https:\/\/www.radiopiu.net\/wordpress\/wp-json\/wp\/v2\/types\/post"}],"author":[{"embeddable":true,"href":"https:\/\/www.radiopiu.net\/wordpress\/wp-json\/wp\/v2\/users\/1"}],"replies":[{"embeddable":true,"href":"https:\/\/www.radiopiu.net\/wordpress\/wp-json\/wp\/v2\/comments?post=77998"}],"version-history":[{"count":0,"href":"https:\/\/www.radiopiu.net\/wordpress\/wp-json\/wp\/v2\/posts\/77998\/revisions"}],"wp:featuredmedia":[{"embeddable":true,"href":"https:\/\/www.radiopiu.net\/wordpress\/wp-json\/wp\/v2\/media\/77999"}],"wp:attachment":[{"href":"https:\/\/www.radiopiu.net\/wordpress\/wp-json\/wp\/v2\/media?parent=77998"}],"wp:term":[{"taxonomy":"category","embeddable":true,"href":"https:\/\/www.radiopiu.net\/wordpress\/wp-json\/wp\/v2\/categories?post=77998"},{"taxonomy":"post_tag","embeddable":true,"href":"https:\/\/www.radiopiu.net\/wordpress\/wp-json\/wp\/v2\/tags?post=77998"}],"curies":[{"name":"wp","href":"https:\/\/api.w.org\/{rel}","templated":true}]}}