{"id":78041,"date":"2019-03-04T05:57:10","date_gmt":"2019-03-04T04:57:10","guid":{"rendered":"http:\/\/www.radiopiu.net\/wordpress\/?p=78041"},"modified":"2019-03-04T16:15:37","modified_gmt":"2019-03-04T15:15:37","slug":"giornale-radiopiu-04-marzo-2019-direttore-mirko-mezzacasa","status":"publish","type":"post","link":"https:\/\/www.radiopiu.net\/wordpress\/giornale-radiopiu-04-marzo-2019-direttore-mirko-mezzacasa\/","title":{"rendered":"GIORNALE RADIOPIU 04 MARZO 2019 DIRETTORE MIRKO MEZZACASA"},"content":{"rendered":"<p>Anche in provincia di Belluno <strong>Zingaretti<\/strong>\u00a0 eletto Segretario, ha superato il 60 per cento delle preferenze alle primarie del Pd dove hanno votato in 3300 ovvero 500 votanti in pi\u00f9 delle precedenti. Sono 15 gli <strong>sfollati<\/strong> dell&#8217;incendio di Venas di Cadore che ha distrutto il tetto di un condominio, una donna portata in ospedale. Numerosi anche nel fine settimana gli interventi del Soccorso Alpino coppia in difficolt\u00e0 anche in Valle del Biois. Ultima domenica di <strong>carnevale\u00a0<\/strong>con eventi di successo in tutta la provincia, dal carnevale di Belluno alla <strong>Zinghenesta<\/strong> di Canale d&#8217;Agordo, a <strong>Taibon la Proloco<\/strong> porta gioia alla casa di soggiorno del paese. Ad Alleghe ieri l&#8217;assemblea dei <strong>donatori del sangue<\/strong> con il grazie agli 84 donatori, il sito di Radio Pi\u00f9 pubblica oggi la relazione del segretario Paolo Bellenzier.\u00a0Disavventura imbarazzante\u00a0per una coppia di turisti con il <strong>camper insabbiato<\/strong> nelle \u00a0grave del Piave, sono intervenuti in loro aiuto i Vigili del Fuoco. <strong>Un\u00a0suv<\/strong> \u00e8 rimasto bloccato in mezzo alla neve lungo il percorso che porta all\u2019agriturismo Malga Maraia, tra Auronzo e Misurina anche qui ci hanno pensato i pompieri a togliere i turisti dai guai cosi&#8217; come a Saviner di Rocca Pietore dove\u00a0\u00a0furgone che \u00e8 precipitato nel torrente a causa del parcheggio senza tirare il freno a mano,\u00a0nessuno si \u00e8 fatto male<\/p>\n<p>&nbsp;<\/p>\n<p>&nbsp;<\/p>\n<p>&nbsp;<\/p>\n<p><strong><a class=\"dt-pswp-item\" href=\"http:\/\/www.radiopiu.net\/wordpress\/wp-content\/uploads\/2015\/06\/bimgsp.jpg\" data-dt-img-description=\"\" data-large_image_width=\"300\" data-large_image_height=\"168\"><img loading=\"lazy\" decoding=\"async\" class=\"wp-image-6703 alignleft\" src=\"http:\/\/www.radiopiu.net\/wordpress\/wp-content\/uploads\/2015\/06\/bimgsp.jpg\" alt=\"\" width=\"98\" height=\"55\" \/><\/a>SELVA DI CADORE<\/strong> Gestione Servizi Pubblici informa che a SELVA DI CADORE nelle LOCALITA&#8217; L\u2019ANDRIA e TOFFOL\u00a0 l&#8217;acqua erogata dall&#8217;acquedotto non \u00e8 potabile e pu\u00f2 essere usata per scopi alimentari solo dopo bollitura.<\/p>\n<p>&nbsp;<\/p>\n<p>&nbsp;<\/p>\n<p>&nbsp;<\/p>\n<p>&nbsp;<\/p>\n<h2>DA OGGI SU RADIO PIU: L&#8217;ALMANACCO LADINO, APPUNTAMENTO SETTIMANALE<\/h2>\n<p>Progetto dell&#8217;Istitut Cultural Ladin Cesa de Jan. Lo presentiamo con Denni Dorigo<\/p>\n<audio class=\"wp-audio-shortcode\" id=\"audio-78041-1\" preload=\"none\" style=\"width: 100%;\" controls=\"controls\"><source type=\"audio\/mpeg\" src=\"http:\/\/www.radiopiu.net\/wordpress\/wp-content\/uploads\/2019\/03\/DENNI.mp3?_=1\" \/><a href=\"http:\/\/www.radiopiu.net\/wordpress\/wp-content\/uploads\/2019\/03\/DENNI.mp3\">http:\/\/www.radiopiu.net\/wordpress\/wp-content\/uploads\/2019\/03\/DENNI.mp3<\/a><\/audio>\n<p><span style=\"color: #0000ff;\">LA SIGLA DEL PROGRAMMA IN ONDA IL LUNEDI ALLE 8.30, IL MARTEDI ALLE 12.25, IL MERCOLEDI ALLE 18.25<\/span><\/p>\n<audio class=\"wp-audio-shortcode\" id=\"audio-78041-2\" preload=\"none\" style=\"width: 100%;\" controls=\"controls\"><source type=\"audio\/mpeg\" src=\"http:\/\/www.radiopiu.net\/wordpress\/wp-content\/uploads\/2019\/03\/ALMANACCO-LADINO.mp3?_=2\" \/><a href=\"http:\/\/www.radiopiu.net\/wordpress\/wp-content\/uploads\/2019\/03\/ALMANACCO-LADINO.mp3\">http:\/\/www.radiopiu.net\/wordpress\/wp-content\/uploads\/2019\/03\/ALMANACCO-LADINO.mp3<\/a><\/audio>\n<p>&nbsp;<\/p>\n<p>&nbsp;<\/p>\n<h2>CONDOMINIO IN FIAMME, EVACUATE 15 PERSONE. NESSUN FERITO<\/h2>\n<p><strong>VALLE DI CADORE<\/strong> Notte di fiamme e fuoco in Cadore, \u00e8 bruciato un tetto di 1500 mq, di legno e lamiera di un condominio di via Stazione, che ha coinvolto gli otto alloggi mansardati sottostanti. Nessuna persona \u00e8 rimasta ferita. Evacuate 15 persone, che occupavano alcuni degli appartamenti dello stabile, composto principalmente da seconde abitazioni. Una delle proprietarie che ha dato l\u2019allarme \u00e8 stata portata in ospedale in stato di shock. L\u2019incendio \u00e8 divampato sabato sera poco prima delle 21.30. Le squadre dei vigili del fuoco intervenuti in forze con personale permanente da Pieve di Cadore, Cortina e Belluno e personale volontario da Valle di Cadore, Borca di Cadore, Calalzo di Cadore, San Vito di Cadore, Lozzo di Cadore e Longarone con otto autopompe serbatoio, tre autobotti, tre autoscale, e un carro aria, sono riusciti a circoscrivere le fiamme alla copertura del terzo livello mansardato dove sono andati distrutte le residenze degli appartamenti dell\u2019ex occhialeria, trasformata in residenza di civile abitazione. L\u2019apporto in massa dei 48 vigili del fuoco tra permanenti e volontari, i quali si sono dati il cambio nella notte, utilizzando oltre 100 bombole di aria per gli autorespiratori, ha permesso il salvataggio dei due piani inferiori dello stabile, che hanno subito danni solo da fumo e da acqua.<\/p>\n\n\t\t\t<style type='text\/css'>\n\t\t\t\t#gallery-1 {\n\t\t\t\t\tmargin: auto;\n\t\t\t\t}\n\t\t\t\t#gallery-1 .gallery-item {\n\t\t\t\t\tfloat: left;\n\t\t\t\t\tmargin-top: 10px;\n\t\t\t\t\ttext-align: center;\n\t\t\t\t\twidth: 33%;\n\t\t\t\t}\n\t\t\t\t#gallery-1 img {\n\t\t\t\t\tborder: 2px solid #cfcfcf;\n\t\t\t\t}\n\t\t\t\t#gallery-1 .gallery-caption {\n\t\t\t\t\tmargin-left: 0;\n\t\t\t\t}\n\t\t\t\t\/* see gallery_shortcode() in wp-includes\/media.php *\/\n\t\t\t<\/style>\n\t\t<div id='gallery-1' class='dt-gallery-container gallery galleryid-78041 gallery-columns-3 gallery-size-thumbnail'><dl class='gallery-item'>\n\t\t\t\t<dt class='gallery-icon landscape'>\n\t\t\t\t\t<a class=\"rollover\" href='https:\/\/www.radiopiu.net\/wordpress\/condominio-in-fiamme-evacuate-15-persone-nessun-ferito\/img_20190303_090038_909_wm\/'><img loading=\"lazy\" decoding=\"async\" width=\"150\" height=\"150\" src=\"https:\/\/www.radiopiu.net\/wordpress\/wp-content\/uploads\/2019\/03\/IMG_20190303_090038_909_wm-150x150.jpg\" class=\"attachment-thumbnail size-thumbnail\" alt=\"\" \/><\/a>\n\t\t\t\t<\/dt><\/dl><dl class='gallery-item'>\n\t\t\t\t<dt class='gallery-icon landscape'>\n\t\t\t\t\t<a class=\"rollover\" href='https:\/\/www.radiopiu.net\/wordpress\/condominio-in-fiamme-evacuate-15-persone-nessun-ferito\/img_20190303_094348_272_wm\/'><img loading=\"lazy\" decoding=\"async\" width=\"150\" height=\"150\" src=\"https:\/\/www.radiopiu.net\/wordpress\/wp-content\/uploads\/2019\/03\/IMG_20190303_094348_272_wm-150x150.jpg\" class=\"attachment-thumbnail size-thumbnail\" alt=\"\" \/><\/a>\n\t\t\t\t<\/dt><\/dl><dl class='gallery-item'>\n\t\t\t\t<dt class='gallery-icon landscape'>\n\t\t\t\t\t<a class=\"rollover\" href='https:\/\/www.radiopiu.net\/wordpress\/condominio-in-fiamme-evacuate-15-persone-nessun-ferito\/img_20190303_094352_831_wm\/'><img loading=\"lazy\" decoding=\"async\" width=\"150\" height=\"150\" src=\"https:\/\/www.radiopiu.net\/wordpress\/wp-content\/uploads\/2019\/03\/IMG_20190303_094352_831_wm-150x150.jpg\" class=\"attachment-thumbnail size-thumbnail\" alt=\"\" \/><\/a>\n\t\t\t\t<\/dt><\/dl><br style=\"clear: both\" \/><dl class='gallery-item'>\n\t\t\t\t<dt class='gallery-icon landscape'>\n\t\t\t\t\t<a class=\"rollover\" href='https:\/\/www.radiopiu.net\/wordpress\/condominio-in-fiamme-evacuate-15-persone-nessun-ferito\/img_20190303_094334_234_wm\/'><img loading=\"lazy\" decoding=\"async\" width=\"150\" height=\"150\" src=\"https:\/\/www.radiopiu.net\/wordpress\/wp-content\/uploads\/2019\/03\/IMG_20190303_094334_234_wm-150x150.jpg\" class=\"attachment-thumbnail size-thumbnail\" alt=\"\" \/><\/a>\n\t\t\t\t<\/dt><\/dl><dl class='gallery-item'>\n\t\t\t\t<dt class='gallery-icon portrait'>\n\t\t\t\t\t<a class=\"rollover\" href='https:\/\/www.radiopiu.net\/wordpress\/condominio-in-fiamme-evacuate-15-persone-nessun-ferito\/img_20190303_094343_667_wm\/'><img loading=\"lazy\" decoding=\"async\" width=\"150\" height=\"150\" src=\"https:\/\/www.radiopiu.net\/wordpress\/wp-content\/uploads\/2019\/03\/IMG_20190303_094343_667_wm-150x150.jpg\" class=\"attachment-thumbnail size-thumbnail\" alt=\"\" \/><\/a>\n\t\t\t\t<\/dt><\/dl><dl class='gallery-item'>\n\t\t\t\t<dt class='gallery-icon portrait'>\n\t\t\t\t\t<a class=\"rollover\" href='https:\/\/www.radiopiu.net\/wordpress\/condominio-in-fiamme-evacuate-15-persone-nessun-ferito\/img_20190303_090034_652_wm\/'><img loading=\"lazy\" decoding=\"async\" width=\"150\" height=\"150\" src=\"https:\/\/www.radiopiu.net\/wordpress\/wp-content\/uploads\/2019\/03\/IMG_20190303_090034_652_wm-150x150.jpg\" class=\"attachment-thumbnail size-thumbnail\" alt=\"\" \/><\/a>\n\t\t\t\t<\/dt><\/dl><br style=\"clear: both\" \/><dl class='gallery-item'>\n\t\t\t\t<dt class='gallery-icon landscape'>\n\t\t\t\t\t<a class=\"rollover\" href='https:\/\/www.radiopiu.net\/wordpress\/condominio-in-fiamme-evacuate-15-persone-nessun-ferito\/img_20190303_090025_246_wm\/'><img loading=\"lazy\" decoding=\"async\" width=\"150\" height=\"150\" src=\"https:\/\/www.radiopiu.net\/wordpress\/wp-content\/uploads\/2019\/03\/IMG_20190303_090025_246_wm-150x150.jpg\" class=\"attachment-thumbnail size-thumbnail\" alt=\"\" \/><\/a>\n\t\t\t\t<\/dt><\/dl><dl class='gallery-item'>\n\t\t\t\t<dt class='gallery-icon landscape'>\n\t\t\t\t\t<a class=\"rollover\" href='https:\/\/www.radiopiu.net\/wordpress\/condominio-in-fiamme-evacuate-15-persone-nessun-ferito\/img_20190303_090007_457_wm\/'><img loading=\"lazy\" decoding=\"async\" width=\"150\" height=\"150\" src=\"https:\/\/www.radiopiu.net\/wordpress\/wp-content\/uploads\/2019\/03\/IMG_20190303_090007_457_wm-150x150.jpg\" class=\"attachment-thumbnail size-thumbnail\" alt=\"\" \/><\/a>\n\t\t\t\t<\/dt><\/dl><dl class='gallery-item'>\n\t\t\t\t<dt class='gallery-icon landscape'>\n\t\t\t\t\t<a class=\"rollover\" href='https:\/\/www.radiopiu.net\/wordpress\/condominio-in-fiamme-evacuate-15-persone-nessun-ferito\/img_20190303_090030_295_wm\/'><img loading=\"lazy\" decoding=\"async\" width=\"150\" height=\"150\" src=\"https:\/\/www.radiopiu.net\/wordpress\/wp-content\/uploads\/2019\/03\/IMG_20190303_090030_295_wm-150x150.jpg\" class=\"attachment-thumbnail size-thumbnail\" alt=\"\" \/><\/a>\n\t\t\t\t<\/dt><\/dl><br style=\"clear: both\" \/><dl class='gallery-item'>\n\t\t\t\t<dt class='gallery-icon landscape'>\n\t\t\t\t\t<a class=\"rollover\" href='https:\/\/www.radiopiu.net\/wordpress\/condominio-in-fiamme-evacuate-15-persone-nessun-ferito\/img_20190303_094336_948_wm\/'><img loading=\"lazy\" decoding=\"async\" width=\"150\" height=\"150\" src=\"https:\/\/www.radiopiu.net\/wordpress\/wp-content\/uploads\/2019\/03\/IMG_20190303_094336_948_wm-150x150.jpg\" class=\"attachment-thumbnail size-thumbnail\" alt=\"\" \/><\/a>\n\t\t\t\t<\/dt><\/dl><dl class='gallery-item'>\n\t\t\t\t<dt class='gallery-icon landscape'>\n\t\t\t\t\t<a class=\"rollover\" href='https:\/\/www.radiopiu.net\/wordpress\/condominio-in-fiamme-evacuate-15-persone-nessun-ferito\/img_20190303_094339_449_wm\/'><img loading=\"lazy\" decoding=\"async\" width=\"150\" height=\"150\" src=\"https:\/\/www.radiopiu.net\/wordpress\/wp-content\/uploads\/2019\/03\/IMG_20190303_094339_449_wm-150x150.jpg\" class=\"attachment-thumbnail size-thumbnail\" alt=\"\" \/><\/a>\n\t\t\t\t<\/dt><\/dl><dl class='gallery-item'>\n\t\t\t\t<dt class='gallery-icon portrait'>\n\t\t\t\t\t<a class=\"rollover\" href='https:\/\/www.radiopiu.net\/wordpress\/condominio-in-fiamme-evacuate-15-persone-nessun-ferito\/img_20190303_090017_119_wm\/'><img loading=\"lazy\" decoding=\"async\" width=\"150\" height=\"150\" src=\"https:\/\/www.radiopiu.net\/wordpress\/wp-content\/uploads\/2019\/03\/IMG_20190303_090017_119_wm-150x150.jpg\" class=\"attachment-thumbnail size-thumbnail\" alt=\"\" \/><\/a>\n\t\t\t\t<\/dt><\/dl><br style=\"clear: both\" \/>\n\t\t\t<\/div>\n\n<p>&nbsp;<\/p>\n<p>&nbsp;<\/p>\n<p>&nbsp;<\/p>\n<h3>SOCCORSA COPPIA IN DIFFICOLT\u00c0 SABATO IN VALLE DEL BIOIS<\/h3>\n<p><strong><a class=\"dt-pswp-item\" href=\"http:\/\/www.radiopiu.net\/wordpress\/wp-content\/uploads\/2019\/03\/IMG-20190302-WA0003_resized.jpg\" data-dt-img-description=\"\" data-large_image_width=\"573\" data-large_image_height=\"1026\"><img loading=\"lazy\" decoding=\"async\" class=\"size-medium wp-image-78055 alignleft\" src=\"http:\/\/www.radiopiu.net\/wordpress\/wp-content\/uploads\/2019\/03\/IMG-20190302-WA0003_resized-168x300.jpg\" alt=\"\" width=\"168\" height=\"300\" srcset=\"https:\/\/www.radiopiu.net\/wordpress\/wp-content\/uploads\/2019\/03\/IMG-20190302-WA0003_resized-168x300.jpg 168w, https:\/\/www.radiopiu.net\/wordpress\/wp-content\/uploads\/2019\/03\/IMG-20190302-WA0003_resized-572x1024.jpg 572w, https:\/\/www.radiopiu.net\/wordpress\/wp-content\/uploads\/2019\/03\/IMG-20190302-WA0003_resized.jpg 573w\" sizes=\"auto, (max-width: 168px) 100vw, 168px\" \/><\/a>FALCADE\u00a0<\/strong> Poco prima delle 17 di sabato\u00a0 il Soccorso alpino della Val Biois \u00e8 stato allertato per una coppia di escursionisti in difficolt\u00e0. I due, 35 anni lei, 54 anni lui, di Padova, erano partiti per un un giro con le ciaspe dal Rifugio Flora Alpina. Arrivati a Malga ai Lach avevano optato per un altro sentiero di rientro, perdendo per\u00f2 poco dopo la traccia. Dopo essere tornati alla Malga, preoccupati per l&#8217;avvicinarsi del buio, avevano contattato il 118. Messi in contatto con i soccorritori, una squadra \u00e8 andata incontro ai due escursionisti che avevano ripreso il percorso dell&#8217;andata e, una volta incrociati, li hanno riaccompagnati al Rifugio.<\/p>\n<h3>SOCCORSO IN FERRATA SABATO NEL LONGARONESE<\/h3>\n<p><strong>LONGARONE\u00a0<\/strong> Alle 16.20 di sabato la Centrale del Suem \u00e8 stata allertata da un escursionista, il cui amico era scivolato su un tratto strapiombante di una ferrata della Val Gallina e non riusciva pi\u00f9 a risalire. L&#8217;uomo, S.P., 34 anni, di Val di Zoldo (BL), che era rimasto agganciato al cavo con la longe attaccata all&#8217;imbrago, \u00e8 stato raggiunto da un tecnico del Soccorso alpino di Longarone, che lo ha assicurato e calato per qualche metro fino a un traverso sottostante, da dove con il supporto del resto della squadra lo ha accompagnato fino alla base.<\/p>\n<p><strong>SCIALPINISTA COLTO DA MALORE<\/strong><\/p>\n<p><strong>CADORE<\/strong>\u00a0Ieri alle 12.20 circa la Centrale del 118 \u00e8 stata contattata per uno scialpinista colto da malore mentre stava salendo verso Forcella Marmarole, a circa 2.300 metri di altitudine. L&#8217;elicottero del Suem di Pieve di Cadore ha individuato il punto in cui si trovava l&#8217;uomo, F.C., 60 anni, di Calalzo di Cadore (BL), che era stato spostato in uno spiazzo per facilitare il suo imbarco, anche grazie all&#8217;aiuto di un soccorritore presente sul posto. Fatto salire sull&#8217;eliambulanza in hovering, lo sciatore \u00e8 stato accompagnato all&#8217;ospedale di Belluno per le verifiche del caso. Allertato il Soccorso alpino di Auronzo, in caso di bisogno di supporto alle operazioni.<\/p>\n<p><strong>INFORTUNIO AL RIFUGIO CITT\u00c0 DI FIUME<\/strong><\/p>\n<p><strong>BORCA CADORE<\/strong> Ieri\u00a0 attorno alle 14 il Soccorso alpino della Val Fiorentina \u00e8 stato allertato dal 118 per un&#8217;escursionista che si era fatta male nei pressi del Rifugio Citt\u00e0 di Fiume. Una squadra \u00e8 salita con gli sci d&#8217;alpinismo dalla strada, portando la barella toboga. Una volta sul posto, i soccorritori hanno prestato le prime cure alla donna, una cinquantacinquenne di Marcon (VE), che era scivolata procurandosi un trauma al polso e manifestava giramenti di testa. Dopo averla imbarellata, la squadra l&#8217;ha quindi trainata sulla neve in discesa fino al parcheggio, da dove si \u00e8 allontanata autonomamente assieme al marito.<\/p>\n<p>&nbsp;<\/p>\n<p>&nbsp;<\/p>\n<p>&nbsp;<\/p>\n<p>&nbsp;<\/p>\n<h2>CICLISTA 94ENNE URTATO DA UN&#8217;AUTO, PER LUI FERITE LIEVI. DIMESSO ANCHE IL BIMBO DI 8 ANNI INFORTUNATOSI AD ARABBA<\/h2>\n<p><strong>BELLUNO<\/strong>\u00a0Qualche contusione ma \u00e8 gi\u00e0 tornato a casa il 94enne che ieri mattina, attorno alle 9, \u00e8 stato urtato da un\u2019auto mentre\u00a0 era in bicicletta a\u00a0Cavarzano.<\/p>\n<p><strong>ARABBA<\/strong> Dimesso\u00a0 anche il bambino di 8 anni che ieri pomeriggio \u00e8 caduto autonomamente mentre stava sciando ad Arabba, senza riportare ferite serie.<\/p>\n<p><strong>FALCADE\u00a0<\/strong> Frattura vertebrale per il 47enne veneziano che ieri attorno alle 10 \u00e8 caduto mentre stava sciando lungo la pista Laresei a Falcade.<\/p>\n<p><strong>VODO<\/strong>\u00a0 Due auto si sono scontrate e per due degli occupanti si \u00e8 reso necessario il trasporto all\u2019ospedale di Pieve di Cadore per accertamenti. Fortunatamente entrambi erano feriti solo lievemente.<\/p>\n<p>&nbsp;<\/p>\n<p>&nbsp;<\/p>\n<p>&nbsp;<\/p>\n<h3>ONCOLOGIA. ALLE 11 ALL\u2019OSPEDALE DI BELLUNO ZAIA INAUGURA UNITA\u2019 DI PRODUZIONE FARMACI ANTIBLASTICI<\/h3>\n<p><strong>BELLUNO<\/strong> L\u2019Ulss 1 entra a pieno titolo nell\u2019eccellenza dell\u2019oncologia veneta, con la realizzazione di una Unit\u00e0 Farmaci Antiblastici che permetter\u00e0 di produrre direttamente le medicine necessarie alle terapie per tutti i malati del territorio provinciale. La struttura sar\u00e0 inaugurata domani, luned\u00ec 4 marzo, dal Presidente della Regione del Veneto, Luca Zaia. L\u2019appuntamento \u00e8 alle ore 11.00 all\u2019Ospedale San Martino di Belluno.<\/p>\n<p>&nbsp;<\/p>\n<p>&nbsp;<\/p>\n<p>&nbsp;<\/p>\n<h3 style=\"text-align: left;\"><a class=\"dt-pswp-item\" href=\"http:\/\/www.radiopiu.net\/wordpress\/wp-content\/uploads\/2019\/03\/images.jpg\" data-dt-img-description=\"\" data-large_image_width=\"275\" data-large_image_height=\"183\"><img loading=\"lazy\" decoding=\"async\" class=\"size-full wp-image-77985 alignleft\" src=\"http:\/\/www.radiopiu.net\/wordpress\/wp-content\/uploads\/2019\/03\/images.jpg\" alt=\"\" width=\"275\" height=\"183\" \/><\/a><\/h3>\n<h3><\/h3>\n<h3 style=\"text-align: left;\">IL GALLO CHE NON CANTA PIU&#8217; PERCHE&#8217;\u00a0 DAVA FASTIDIO AL TURISTA A SAN TOMASO CHE E&#8217; DIVENTATO BEN PIU&#8217; <strong>&#8220;SGRADITO&#8221; DEL\u00a0 CANTERINO MATTUTINO: LO CONFERMANO I SOCIAL<\/strong><\/h3>\n<p>&nbsp;<\/p>\n<p><strong>DI GIANNI SANTOMASO<\/strong><\/p>\n<audio class=\"wp-audio-shortcode\" id=\"audio-78041-3\" preload=\"none\" style=\"width: 100%;\" controls=\"controls\"><source type=\"audio\/mpeg\" src=\"http:\/\/www.radiopiu.net\/wordpress\/wp-content\/uploads\/2019\/03\/GIANNI-GALLO-1.mp3?_=3\" \/><a href=\"http:\/\/www.radiopiu.net\/wordpress\/wp-content\/uploads\/2019\/03\/GIANNI-GALLO-1.mp3\">http:\/\/www.radiopiu.net\/wordpress\/wp-content\/uploads\/2019\/03\/GIANNI-GALLO-1.mp3<\/a><\/audio>\n<p>&nbsp;<\/p>\n<p>&nbsp;<\/p>\n<h3><\/h3>\n<p>&nbsp;<\/p>\n<h3>DA PADOVA AD AGORDO A PIEDI E DOPO 200 CHILOMETRI DI TAPIS ROULANT, L&#8217;OMAGGIO DA OLTRE 2000 EURO DI MATTEO ED AMICI AL CAI DI AGORDO PER I SENTIERI<\/h3>\n<p><strong><a class=\"dt-pswp-item\" href=\"http:\/\/www.radiopiu.net\/wordpress\/wp-content\/uploads\/2019\/03\/WhatsApp-Image-2019-03-02-at-21.47.29.jpeg\" data-dt-img-description=\"\" data-large_image_width=\"1600\" data-large_image_height=\"1200\"><img loading=\"lazy\" decoding=\"async\" class=\"wp-image-78046 alignleft\" src=\"http:\/\/www.radiopiu.net\/wordpress\/wp-content\/uploads\/2019\/03\/WhatsApp-Image-2019-03-02-at-21.47.29-300x225.jpeg\" alt=\"\" width=\"241\" height=\"181\" srcset=\"https:\/\/www.radiopiu.net\/wordpress\/wp-content\/uploads\/2019\/03\/WhatsApp-Image-2019-03-02-at-21.47.29-300x225.jpeg 300w, https:\/\/www.radiopiu.net\/wordpress\/wp-content\/uploads\/2019\/03\/WhatsApp-Image-2019-03-02-at-21.47.29-768x576.jpeg 768w, https:\/\/www.radiopiu.net\/wordpress\/wp-content\/uploads\/2019\/03\/WhatsApp-Image-2019-03-02-at-21.47.29-1024x768.jpeg 1024w, https:\/\/www.radiopiu.net\/wordpress\/wp-content\/uploads\/2019\/03\/WhatsApp-Image-2019-03-02-at-21.47.29.jpeg 1600w\" sizes=\"auto, (max-width: 241px) 100vw, 241px\" \/><\/a>AGORDO\u00a0\u00a0<\/strong>Non solo 24 ore al tapis roulant ma anche 124 chilometri (dislivello 1532 metri) dall&#8217;Arcella di Padova fino alla sede della sezione agordina del Cai di Agordo. Tutto questo per portare un importante contributo nel capoluogo, a uomini e donne del Cai per il ripristino dei sentieri danneggiati da Vaia. E&#8217; questa la bella storia scritta da Matteo Grassi che il 4 gennaio alla palestra New Athletic di Padova aveva compiuto l&#8217;impresa di correre ininterrottamente sul tapis roulant per 200 chilometri. Sabato invece la scarpinata fino al Municipio di Agordo. Partito alle 5 del mattino \u00e8 arrivato in piazza in serata accolto dalla presidente Anna Magro e da tanti iscritti al Cai per un corale &#8220;grazie amico&#8221;. Da Castelfranco a Caerano San Marco quindi Vidor, Vas, Sospirolo, Valle del Mis e quindi Agordo dove \u00e8 stato consegnato l&#8217;assegno con l&#8217;importo complessivo delle donazioni raccolte.<\/p>\n<p>&nbsp;<\/p>\n<p><strong>VIDEO 1, LUNGO IL PERCORSO<\/strong><\/p>\n<div style=\"width: 640px;\" class=\"wp-video\"><video class=\"wp-video-shortcode\" id=\"video-78041-1\" width=\"640\" height=\"352\" preload=\"metadata\" controls=\"controls\"><source type=\"video\/mp4\" src=\"http:\/\/www.radiopiu.net\/wordpress\/wp-content\/uploads\/2019\/03\/WhatsApp-Video-2019-03-02-at-21.47.37.mp4?_=1\" \/><a href=\"http:\/\/www.radiopiu.net\/wordpress\/wp-content\/uploads\/2019\/03\/WhatsApp-Video-2019-03-02-at-21.47.37.mp4\">http:\/\/www.radiopiu.net\/wordpress\/wp-content\/uploads\/2019\/03\/WhatsApp-Video-2019-03-02-at-21.47.37.mp4<\/a><\/video><\/div>\n<p><strong>VIDEO 2, L&#8217;APPLAUSO E L&#8217;ABBRACCIO DI AGORDO<\/strong><\/p>\n<div style=\"width: 640px;\" class=\"wp-video\"><video class=\"wp-video-shortcode\" id=\"video-78041-2\" width=\"640\" height=\"352\" preload=\"metadata\" controls=\"controls\"><source type=\"video\/mp4\" src=\"http:\/\/www.radiopiu.net\/wordpress\/wp-content\/uploads\/2019\/03\/WhatsApp-Video-2019-03-03-at-09.35.09.mp4?_=2\" \/><a href=\"http:\/\/www.radiopiu.net\/wordpress\/wp-content\/uploads\/2019\/03\/WhatsApp-Video-2019-03-03-at-09.35.09.mp4\">http:\/\/www.radiopiu.net\/wordpress\/wp-content\/uploads\/2019\/03\/WhatsApp-Video-2019-03-03-at-09.35.09.mp4<\/a><\/video><\/div>\n<p>&nbsp;<\/p>\n<p><strong><a class=\"dt-pswp-item\" href=\"http:\/\/www.radiopiu.net\/wordpress\/wp-content\/uploads\/2019\/03\/WhatsApp-Image-2019-03-02-at-21.47.30.jpeg\" data-dt-img-description=\"\" data-large_image_width=\"1600\" data-large_image_height=\"1200\"><img loading=\"lazy\" decoding=\"async\" class=\"wp-image-78044 alignleft\" src=\"http:\/\/www.radiopiu.net\/wordpress\/wp-content\/uploads\/2019\/03\/WhatsApp-Image-2019-03-02-at-21.47.30-300x225.jpeg\" alt=\"\" width=\"229\" height=\"172\" srcset=\"https:\/\/www.radiopiu.net\/wordpress\/wp-content\/uploads\/2019\/03\/WhatsApp-Image-2019-03-02-at-21.47.30-300x225.jpeg 300w, https:\/\/www.radiopiu.net\/wordpress\/wp-content\/uploads\/2019\/03\/WhatsApp-Image-2019-03-02-at-21.47.30-768x576.jpeg 768w, https:\/\/www.radiopiu.net\/wordpress\/wp-content\/uploads\/2019\/03\/WhatsApp-Image-2019-03-02-at-21.47.30-1024x768.jpeg 1024w, https:\/\/www.radiopiu.net\/wordpress\/wp-content\/uploads\/2019\/03\/WhatsApp-Image-2019-03-02-at-21.47.30.jpeg 1600w\" sizes=\"auto, (max-width: 229px) 100vw, 229px\" \/><\/a><\/strong><\/p>\n<p>&nbsp;<\/p>\n<p>&nbsp;<\/p>\n<p>&nbsp;<\/p>\n<p>&nbsp;<\/p>\n<p><strong>AUDIO, ANNA MAGRA_PRESIDENTE CAI E MATTEO GRASSI<\/strong><\/p>\n<audio class=\"wp-audio-shortcode\" id=\"audio-78041-4\" preload=\"none\" style=\"width: 100%;\" controls=\"controls\"><source type=\"audio\/mpeg\" src=\"http:\/\/www.radiopiu.net\/wordpress\/wp-content\/uploads\/2019\/03\/marco-anna.mp3?_=4\" \/><a href=\"http:\/\/www.radiopiu.net\/wordpress\/wp-content\/uploads\/2019\/03\/marco-anna.mp3\">http:\/\/www.radiopiu.net\/wordpress\/wp-content\/uploads\/2019\/03\/marco-anna.mp3<\/a><\/audio>\n<p>&nbsp;<\/p>\n<p><a class=\"dt-pswp-item\" href=\"http:\/\/www.radiopiu.net\/wordpress\/wp-content\/uploads\/2019\/03\/WhatsApp-Image-2019-03-02-at-21.47.30-1.jpeg\" data-dt-img-description=\"\" data-large_image_width=\"1600\" data-large_image_height=\"1200\"><img loading=\"lazy\" decoding=\"async\" class=\"alignnone wp-image-78045 size-large\" src=\"http:\/\/www.radiopiu.net\/wordpress\/wp-content\/uploads\/2019\/03\/WhatsApp-Image-2019-03-02-at-21.47.30-1-1024x768.jpeg\" alt=\"\" width=\"1024\" height=\"768\" srcset=\"https:\/\/www.radiopiu.net\/wordpress\/wp-content\/uploads\/2019\/03\/WhatsApp-Image-2019-03-02-at-21.47.30-1-1024x768.jpeg 1024w, https:\/\/www.radiopiu.net\/wordpress\/wp-content\/uploads\/2019\/03\/WhatsApp-Image-2019-03-02-at-21.47.30-1-300x225.jpeg 300w, https:\/\/www.radiopiu.net\/wordpress\/wp-content\/uploads\/2019\/03\/WhatsApp-Image-2019-03-02-at-21.47.30-1-768x576.jpeg 768w, https:\/\/www.radiopiu.net\/wordpress\/wp-content\/uploads\/2019\/03\/WhatsApp-Image-2019-03-02-at-21.47.30-1.jpeg 1600w\" sizes=\"auto, (max-width: 1024px) 100vw, 1024px\" \/><\/a><\/p>\n<p>&nbsp;<\/p>\n<p>&nbsp;<\/p>\n<p>&nbsp;<\/p>\n<h2>ZINGHENESTA SUCCESSO E FESTA CON MARIANNA<\/h2>\n<p>VIDEO DIRETTA RADIO PIU<\/p>\n<div id=\"fb-root\"><\/div>\n<p><script async=\"1\" defer=\"1\" crossorigin=\"anonymous\" src=\"https:\/\/connect.facebook.net\/it_IT\/sdk.js#xfbml=1&amp;version=v6.0\"><\/script><\/p>\n<div class=\"fb-video\" data-href=\"https:\/\/www.facebook.com\/mirko.mezzacasa\/videos\/10219137190207464\/\" data-width=\"1200\">\n<blockquote cite=\"https:\/\/www.facebook.com\/mirko.mezzacasa\/videos\/10219137190207464\/\" class=\"fb-xfbml-parse-ignore\"><p><a href=\"https:\/\/www.facebook.com\/mirko.mezzacasa\/videos\/10219137190207464\/\"><\/a><\/p>\n<p>LA ZINGHENESTA, 2019DIRETTA INTEGRALE DA CANALE D&#039;AGORDO, PIAZZA.SFILATABALLO CON MARIANNA LA PIU&#039; BELLA DEL PAESEIL PROCESSO A CARNEVALE AL 1h 25&#039;MINUTO 38 PARLA MARIANNAMINUTO 52 IL CAMPIONE ADRIANO TANCON<\/p>\n<p>Pubblicato da <a href=\"https:\/\/www.facebook.com\/mirko.mezzacasa\">Mirko Mezzacasa<\/a> su Domenica 3 marzo 2019<\/p><\/blockquote>\n<\/div>\n<h2><span style=\"font-family: verdana, sans-serif;\"><span style=\"color: #222222;\"><b>C<\/b><\/span><b>ARNEVALE A CANALE D&#8217;AGORDO, LA ZINGHENESTA 2019 \u00c8 MARIANNA SPAGNOLI<\/b><\/span><\/h2>\n<blockquote>\n<h3><em><span style=\"color: #222222;\"><span style=\"font-family: verdana, sans-serif;\"><b>Tanta gente per l&#8217;evento proposto dal Comitato La Zinghenesta che, a partire, dal 2013, ha rivitalizzato una tradizione che risale alla met\u00e0 del XVIII secolo<\/b><\/span><\/span><\/em><\/h3>\n<\/blockquote>\n<p><span style=\"font-family: verdana, sans-serif;\"><span style=\"color: #222222;\"><strong>CANALE D&#8217;AGORDO<\/strong> <\/span>Tantissima gente in piazza a Canale d&#8217;Agordo (Belluno), domenica 3 marzo, per la Zinghenesta, la tradizionale festa in maschera le cui origini risalgono al XVIII secolo e che il giovane e dinamico Comitato La Zinghenesta di Canale d\u2019Agordo ha rivitalizzato nel 2013.\u00a0<\/span>L\u2019iniziativa ha coinvolto tutta la Valle del Biois, per tutta la giornata: la sfilata \u00e8 partita alle 8 da Falcade in direzione Caviola e intorno a mezzogiorno \u00e8 giunta a Canale d\u2019Agordo, nella piazzetta di Tancon, davanti alla Casa delle Regole. Qui \u00e8 avvenuto uno dei momenti pi\u00f9 importanti della giornata: la rivelazione della Zinghenesta, cio\u00e8 della ragazza pi\u00f9 bella del paese. Quest&#8217;anno la scelta \u00e8 caduta su Marianna Spagnoli. \u00abNon me lo aspettavo di essere scelta tra tante ragazze\u00bb dice la diciannovenne di Canale. \u00abSon molto onorata di essere la Zinghenesta 2019, davvero una bella soddisfazione. E proprio una bella festa, divertente. Spero che venga mantenuta per tanti anni\u00bb.\u00a0 Dopo la pausa per il pranzo, la festa \u00e8 ripresa con la sfilata della Zinghenesta e del suo seguito, per il centro del paese, lungo \u201cstrada vecia\u201d e \u201cstrada nova\u201d, fino ad arrivare in Piazza Papa Luciani che ha ospitato l\u2019evento clou del pomeriggio: il processo al Carnevale. Il processo, celebrato dal &#8220;Regio tribunale di Canale&#8221;, ha toccato diversi temi di attualit\u00e0. Inevitabile, naturalmente, la condanna del Carnevale stesso.\u00a0 \u00abSiamo contenti, anzi di pi\u00f9\u00bb dice Simone Ongaro, del Comitato La Zinghenesta. \u00abOgni anno c&#8217;\u00e8 sempre pi\u00f9 gente e questo ci fa tantissimo piacere perch\u00e9 la Zinghenesta \u00e8 un&#8217;occasione di divertimento ma anche un&#8217;opportunit\u00e0 per valorizzare a trecentosessanta gradi la nostra storia e il nostro territorio. Quest&#8217;anno siamo stati aiutati anche dal tempo e la piazza era gremita. Nel 2013 abbiamo riscoperto questa festa e la abbiamo riproposta prima in una maniera semplice, ora pi\u00f9 articolata. Abbiamo qualche sogno nel cassetto per il futuro, ci stiamo lavorando. Intanto ci godiamo questo successo 2019\u00bb.<\/p>\n<p><strong>MARIANNA SPAGNOLI<\/strong><\/p>\n<audio class=\"wp-audio-shortcode\" id=\"audio-78041-5\" preload=\"none\" style=\"width: 100%;\" controls=\"controls\"><source type=\"audio\/mpeg\" src=\"http:\/\/www.radiopiu.net\/wordpress\/wp-content\/uploads\/2019\/03\/marianna-spagnoli.mp3?_=5\" \/><a href=\"http:\/\/www.radiopiu.net\/wordpress\/wp-content\/uploads\/2019\/03\/marianna-spagnoli.mp3\">http:\/\/www.radiopiu.net\/wordpress\/wp-content\/uploads\/2019\/03\/marianna-spagnoli.mp3<\/a><\/audio>\n<p><strong>SIMONE ONGARO<\/strong><\/p>\n<audio class=\"wp-audio-shortcode\" id=\"audio-78041-6\" preload=\"none\" style=\"width: 100%;\" controls=\"controls\"><source type=\"audio\/mpeg\" src=\"http:\/\/www.radiopiu.net\/wordpress\/wp-content\/uploads\/2019\/03\/simone-ongaro.mp3?_=6\" \/><a href=\"http:\/\/www.radiopiu.net\/wordpress\/wp-content\/uploads\/2019\/03\/simone-ongaro.mp3\">http:\/\/www.radiopiu.net\/wordpress\/wp-content\/uploads\/2019\/03\/simone-ongaro.mp3<\/a><\/audio>\n<p><strong>IL COMMENTO DI JONH FRANCIS DELLA PIETRA<\/strong><\/p>\n<blockquote><p><em>Dovremmo apprezzarle bene queste cose che non sono semplici manifestazioni del carnevale o gioiosi momenti d incontro interpersonale ma sono la vera identit\u00e0 morale della nostra societ\u00e0 agordina.\u00a0 Non solo tradizione il perpetuarsi del nostro carattere morale.\u00a0 Questa zhinghenesta\u00a0 giovane donna che ogni anno cambia di persona ma non di personalit\u00e0 rappresenta il\u00a0 modus vivendi nel tempo. La freschezza la spensieratezza ma pure la coscienza che rimangono presenti sempre in noi se le sappiamo cogliere\u00a0 attraverso questo simbolico ideale di giovane donna siamo per un attimo tutti uniti nella gioia dell&#8217;oggi dell&#8217;ieri \u00e8 del domani.\u00a0 Semplici e silenti protagonisti delle Dolomiti\u00a0 non avremo presenze mediatica nel mondo. Non importa cerchiamo di rimanere almeno ogni tanto.\u00a0 Noi stessi Agordini.<\/em><\/p><\/blockquote>\n<p>&nbsp;<\/p>\n<p>&nbsp;<\/p>\n<p>&nbsp;<\/p>\n<h2>ZUGLIANO TRA I GEMELLI AGORDINI CON L&#8217;ASSEGNO DA 1850 EURO<\/h2>\n<p><a class=\"dt-pswp-item\" href=\"http:\/\/www.radiopiu.net\/wordpress\/wp-content\/uploads\/2019\/03\/WhatsApp-Image-2019-03-03-at-17.05.44.jpeg\" data-dt-img-description=\"\" data-large_image_width=\"1600\" data-large_image_height=\"960\"><img loading=\"lazy\" decoding=\"async\" class=\"alignnone wp-image-78075 size-large\" src=\"http:\/\/www.radiopiu.net\/wordpress\/wp-content\/uploads\/2019\/03\/WhatsApp-Image-2019-03-03-at-17.05.44-1024x614.jpeg\" alt=\"\" width=\"1024\" height=\"614\" srcset=\"https:\/\/www.radiopiu.net\/wordpress\/wp-content\/uploads\/2019\/03\/WhatsApp-Image-2019-03-03-at-17.05.44-1024x614.jpeg 1024w, https:\/\/www.radiopiu.net\/wordpress\/wp-content\/uploads\/2019\/03\/WhatsApp-Image-2019-03-03-at-17.05.44-300x180.jpeg 300w, https:\/\/www.radiopiu.net\/wordpress\/wp-content\/uploads\/2019\/03\/WhatsApp-Image-2019-03-03-at-17.05.44-768x461.jpeg 768w, https:\/\/www.radiopiu.net\/wordpress\/wp-content\/uploads\/2019\/03\/WhatsApp-Image-2019-03-03-at-17.05.44.jpeg 1600w\" sizes=\"auto, (max-width: 1024px) 100vw, 1024px\" \/><\/a><\/p>\n<p><strong>AGORDO<\/strong> Sabato\u00a0 una delegazione del Comune di Zugliano si \u00e8 recata ad Agordo. I rappresentanti del Gruppo Alpini, il Presidente della locale ProLoco, il Sindaco e l&#8217;assessore alla cultura del Comune Vicentino gemellato con Agordo da ormai 30 anni hanno incontrato il Sindaco Sisto Da Roit. Erano presenti anche una rappresntanza del Comitato di Gemellaggio di Agordo e della sezione Ana di Agordo. Il Sindaco di Zugliano ha espresso la vicinanza del suo Comune alla citt\u00e0 di Agordo per i danni subiti a seguito dell&#8217;alluvione dello scorso ottobre e ha consegnato un assegno di 1850 euro come simbolo di solidariet\u00e0 di tutta la Comunit\u00e0 di Zugliano. &#8220;Questo contributo, mi rendo conto&#8221; ha detto il Sindaco Sandro Maculan &#8220;\u00e8 solo una piccola goccia ma testimonia l&#8217;affetto e la vicinanza che la Comunit\u00e0 di Zugliano ha per Agordo&#8221;. &#8220;Una goccia, assieme a tante altre gocce&#8221; ha risposto Sisto Da Roit &#8220;forma il mare. Anche le nostre montagne sono formate da tanti piccoli granelli ed \u00e8 con grande riconoscenza e gratitudine che la Comunit\u00e0 di Agordo accetta il vostro dono ringraziandovi di cuore&#8221;. Il capogruppo del Gruppo Alpini e quello della Pro Loco Zuglianese hanno puntualizzato come i fondi in favore di Agordo siano stati raccolti durante tutto l&#8217;autunno e l&#8217;inverno e testimoniano la vicinanza di tutta Zugliano per quanto accaduto ad Agordo. La Presidente del Comitato di Gemellaggio, Michela Paganin, ha ringraziato la delegazione di Zugliano sottolineando come questo gesto sia portatore dei valori pi\u00f9 veri di un legame sincero che unisce le due comunit\u00e0: l&#8217;amicizia, la condivisione e la solidariet\u00e0 nei momenti pi\u00f9 difficili. Successivamente il gruppo ha lasciato il Municipio e il Sindaco Sisto Da Roit ha accompagnato i suoi ospiti in alcuni luoghi particolarmente martoriati dall&#8217;alluvione come ad esempio la Val di Frela, il Parco giochi, la zona di Crostolin dove si possono vedere gli innumerevoli alberi caduti sul Col di Foglia e altre zone duramente colpite dall&#8217;uragano dello scorso ottobre. Il Sindaco ha elogiato il grande lavoro compiuto dai volontari di Agordo e da tutte le associazioni che hanno collaborato in quei giorni difficili, mettendosi al servizio della comunit\u00e0 con spirito di abnegazione e sacrificio. Il rappresentante del Gruppo Alpini di Agordo, Da Pr\u00e0 Giovanni ha invitato i gemelli di Zugliano ad un concerto evento in programma al PalaLuxottica per il prossimo 30 marzo. Il gesto che la comunit\u00e0 Vicentina ha compiuto verso Agordo testimonia un&#8217;amicizia viva, vera e solidale anche e soprattutto nelle difficolt\u00e0 ed assume un valore ancor pi\u00f9 profondo nell&#8217;anniversario dei trent&#8217;anni dalla costituzione del gemellaggio.<\/p>\n<p>&nbsp;<\/p>\n<p>&nbsp;<\/p>\n<p>&nbsp;<\/p>\n<h2>L&#8217;ASSEMBLEA DEI DONATORI DEL SANGUE DI ALLEGHE<\/h2>\n<p><strong>Partecipata assemblea e riconoscimenti ai donatori ieri ad Alleghe. Vi proponiamo il contenuto della relazione del segretario Paolo Bellenzier.<\/strong><\/p>\n<blockquote><p><a class=\"dt-pswp-item\" href=\"http:\/\/www.radiopiu.net\/wordpress\/wp-content\/uploads\/2019\/03\/alleghe.jpg\" data-dt-img-description=\"\" data-large_image_width=\"1024\" data-large_image_height=\"768\"><img loading=\"lazy\" decoding=\"async\" class=\"wp-image-78157 alignleft\" src=\"http:\/\/www.radiopiu.net\/wordpress\/wp-content\/uploads\/2019\/03\/alleghe-1024x768.jpg\" alt=\"\" width=\"260\" height=\"195\" srcset=\"https:\/\/www.radiopiu.net\/wordpress\/wp-content\/uploads\/2019\/03\/alleghe.jpg 1024w, https:\/\/www.radiopiu.net\/wordpress\/wp-content\/uploads\/2019\/03\/alleghe-300x225.jpg 300w, https:\/\/www.radiopiu.net\/wordpress\/wp-content\/uploads\/2019\/03\/alleghe-768x576.jpg 768w\" sizes=\"auto, (max-width: 260px) 100vw, 260px\" \/><\/a>L\u2019indice di salute della nostra sezione. Il numero totale di donatori al 31 dicembre 2018 \u00e8 di 84 donatori, suddivisi in 51 uomini e 33 donne. Nell\u2019anno scorso i donatori della nostra sezione hanno ceduto 113 unit\u00e0 di sangue. La sede provinciale ci segnala 6 sospensioni temporanee di carattere medico o generico. 5 sono i nuovi donatori, tutti provenienti dal comune di Selva di Cadore. A loro va un caloroso benvenuto, un grazie per la loro disponibilit\u00e0 e un in bocca al lupo per questo percorso di volontariato, condiviso da noi tutti. Ribadisco l\u2019importanza del sistema di chiamata presente sul territorio e gestito dalla nostra sede provinciale a Belluno. Non \u00e8 escluso che ogni donatore possa prenotarsi di sua spontanea volont\u00e0. Le modalit\u00e0 sono la consueta telefonata alla sede di Belluno, formando il numero 0437 27700, oppure installando l\u2019applicazione AVISNET, per dispositivi Android o IOS. Eventuali informazioni per l\u2019installazione o la configurazione, pu\u00f2 essere contattata la sede di Belluno oppure chiedendo al sottoscritto (\u2026). Non meno importante, dopo la prenotazione e la successiva conferma da parte della segreteria, \u00e8 portare con s\u00e9 la documentazione richiesta, quali il documento di identit\u00e0 e la tessera sanitaria, assieme al libretto delle donazioni. Quest\u2019anno abbiamo deciso di disgiungere le due nostre attivit\u00e0 di sezione principali. Con oggi all\u2019assemblea, mentre in separata sede ed in data da destinarsi, faremo una cena in cui tutti i donatori saranno invitati a partecipare, assieme ai nostri ex donatori che finora hanno ottenuto la medaglia d\u2019oro o il distintivo d\u2019oro, assieme anche alle autorit\u00e0 del territorio. Altra attivit\u00e0 solitamente tramandata era la gita sociale, ma visto il numero sempre minore di partecipanti crea ogni volta difficolt\u00e0 di gestione. Sar\u00e0 valutata in seguito l\u2019organizzazione di altro evento, avvalendosi di una agenzia viaggi. Nell\u2019anno trascorso segnalo l\u2019inizio dell\u2019appuntamento legato alle attivit\u00e0 estive, nello specifico la serata delle barche illuminate, con l\u2019installazione di un gazebo nel cortile del vecchio asilo, con la disponibilit\u00e0 di brochure, depliants ed informazioni riguardo la nostra attivit\u00e0 e l\u2019utilit\u00e0 del dono del sangue. Si \u00e8 avuta una\u00a0discreta partecipazione da parte dei giovani locali, coinvolti nell\u2019organizzazione della serata, sperando nel loro interessamento in un prossimo futuro. Per problemi di impegni personali, l\u2019anno scorso non ho proceduto all\u2019invio delle lettere di informazione ai giovani maggiorenni dei comuni di Alleghe, Selva di Cadore e Colle Santa Lucia. Contiamo di riprendere nell\u2019anno corrente, nel rispetto e le modalit\u00e0 dettate dalla nuova legge europea in materia di privacy, recepita recentemente. Stesso problema ho riscontrato per l\u2019organizzazione della giornata informativa nelle scuole primarie, auspico di poter organizzare tale giornata, in collaborazione con il delegato di zona. Dopo il contatto di Lina De Biasio con Renato ed il sottoscritto, inizieremo la collaborazione per l\u2019inserimento di informazioni di carattere storico e pratico sul periodico parrocchiale \u201cAlle gue del Civetta\u201d.<\/p><\/blockquote>\n<h2>DAL GIORNALE DI SABATO<\/h2>\n<blockquote class=\"wp-embedded-content\" data-secret=\"2j60Yyj5nq\"><p><a href=\"https:\/\/www.radiopiu.net\/wordpress\/donatori-in-assemblea-in-riva-al-lago\/\">DONATORI IN ASSEMBLEA IN RIVA AL LAGO<\/a><\/p><\/blockquote>\n<p><iframe loading=\"lazy\" class=\"wp-embedded-content\" sandbox=\"allow-scripts\" security=\"restricted\" style=\"position: absolute; clip: rect(1px, 1px, 1px, 1px);\" src=\"https:\/\/www.radiopiu.net\/wordpress\/donatori-in-assemblea-in-riva-al-lago\/embed\/#?secret=2j60Yyj5nq\" data-secret=\"2j60Yyj5nq\" width=\"600\" height=\"338\" title=\"&#8220;DONATORI IN ASSEMBLEA IN RIVA AL LAGO&#8221; &#8212; Radio Pi\u00f9\" frameborder=\"0\" marginwidth=\"0\" marginheight=\"0\" scrolling=\"no\"><\/iframe><\/p>\n<p>&nbsp;<\/p>\n<p>&nbsp;<\/p>\n<p>&nbsp;<\/p>\n<p>&nbsp;<\/p>\n<h1>SCHIANTI, VENERDI 8\u00a0 IPOTESI DI INTERVENTO<\/h1>\n<p><strong>AGORDO<\/strong> Venerdi alle 20 in sala consiliare del Municipio il sindaco di Agordo Sisto Da Roit incontra i proprietari delle particelle boschive della Pala dell&#8217;Arion e Sotto Baster. Riunione informativa dove verr\u00e0 illustrata la situazione dell&#8217;area e le ipotesi di intervento.<\/p>\n<p>&nbsp;<\/p>\n<p>&nbsp;<\/p>\n<p>&nbsp;<\/p>\n<h2>SCHIANTI,\u00a0 SABATO 9 MARZO\u00a0 \u00a0INCONTRO A SAN TOMASO<\/h2>\n<p><strong>SAN TOMASO <\/strong>L&#8217;incontro con la popolazione e con i cittadini che hanno subito danni boschivi: sabato 9 marzo alle 17 in Sala Giovani, localit\u00e0 Pian. Saranno esposte le modalit\u00e0 di un eventuale recupero della massa legnosa.<\/p>\n<p>&nbsp;<\/p>\n<p>&nbsp;<\/p>\n<p>&nbsp;<\/p>\n<blockquote><p>&nbsp;<\/p><\/blockquote>\n<h2>DONATORI DEL SANGUE DAGLI ALUNNI DELLA SCUOLA PRIMARIA AD AGORDO<\/h2>\n<p><strong>DI GIANNI SANTOMASO\u00a0<\/strong><\/p>\n<audio class=\"wp-audio-shortcode\" id=\"audio-78041-7\" preload=\"none\" style=\"width: 100%;\" controls=\"controls\"><source type=\"audio\/mpeg\" src=\"http:\/\/www.radiopiu.net\/wordpress\/wp-content\/uploads\/2019\/03\/GIANNI-DONATORI.mp3?_=7\" \/><a href=\"http:\/\/www.radiopiu.net\/wordpress\/wp-content\/uploads\/2019\/03\/GIANNI-DONATORI.mp3\">http:\/\/www.radiopiu.net\/wordpress\/wp-content\/uploads\/2019\/03\/GIANNI-DONATORI.mp3<\/a><\/audio>\n<p>&nbsp;<\/p>\n<h2><\/h2>\n<p>&nbsp;<\/p>\n<blockquote><p>&nbsp;<\/p><\/blockquote>\n<h2>PALIO, I PROGETTI PER ACCEDERE AI FINANZIAMENTI<\/h2>\n<p><strong><a class=\"dt-pswp-item\" href=\"http:\/\/www.radiopiu.net\/wordpress\/wp-content\/uploads\/2019\/02\/51757621_786919278332374_4057065011615367168_n.jpg\" data-dt-img-description=\"\" data-large_image_width=\"720\" data-large_image_height=\"540\"><img loading=\"lazy\" decoding=\"async\" class=\" wp-image-76193 alignleft\" src=\"http:\/\/www.radiopiu.net\/wordpress\/wp-content\/uploads\/2019\/02\/51757621_786919278332374_4057065011615367168_n-300x225.jpg\" alt=\"\" width=\"193\" height=\"145\" srcset=\"https:\/\/www.radiopiu.net\/wordpress\/wp-content\/uploads\/2019\/02\/51757621_786919278332374_4057065011615367168_n-300x225.jpg 300w, https:\/\/www.radiopiu.net\/wordpress\/wp-content\/uploads\/2019\/02\/51757621_786919278332374_4057065011615367168_n.jpg 720w\" sizes=\"auto, (max-width: 193px) 100vw, 193px\" \/><\/a>FELTRE<\/strong> Non perde tempo il Direttivo del Palio di Feltre che nella riunione di venerd\u00ec sera ha concordato la presentazione di quattro progetti al fine di attingere ai finanziamenti a supporto della storica rievocazione del 1404. Ma l\u2019\u00e9quipe feltrina si sta attivando anche per non lasciarsi sfuggire la partecipazione ai bandi regionali, grazie all\u2019accredito conseguito sul sito provinciale del progetto RetEventi che si propone di valorizzare e di arricchire le manifestazioni che nel territorio si caratterizzano non solo per il loro aspetto di \u201csvago\u201d ma anche e soprattutto per la loro capacit\u00e0 di \u201cfare cultura\u201d. Il Direttivo ha comunque sottolineato quanto sia importante affiancare a questa ricerca di fondi anche l\u2019attenzione costante alle varie Associazioni e sponsorizzazioni locali che certamente troveranno il dovuto riscontro alla loro collaborazione per una sempre migliore qualificazione dell\u2019evento feltrino.<\/p>\n<blockquote><p>&nbsp;<\/p><\/blockquote>\n<h2 style=\"text-align: left;\"><\/h2>\n<p>&nbsp;<\/p>\n<blockquote><p>&nbsp;<\/p><\/blockquote>\n<h2 style=\"text-align: left;\" align=\"center\"><strong>PIANO NAZIONALE PER LA SICUREZZA DEL TERRITORIO, PROMESSE MANTENUTE<\/strong><\/h2>\n<p>AUDIO DAL GIORNALE RADIO PRINCIPALE<\/p>\n<audio class=\"wp-audio-shortcode\" id=\"audio-78041-8\" preload=\"none\" style=\"width: 100%;\" controls=\"controls\"><source type=\"audio\/mpeg\" src=\"http:\/\/www.radiopiu.net\/wordpress\/wp-content\/uploads\/2019\/03\/INCA.mp3?_=8\" \/><a href=\"http:\/\/www.radiopiu.net\/wordpress\/wp-content\/uploads\/2019\/03\/INCA.mp3\">http:\/\/www.radiopiu.net\/wordpress\/wp-content\/uploads\/2019\/03\/INCA.mp3<\/a><\/audio>\n<p>&nbsp;<\/p>\n<p><a class=\"dt-pswp-item\" href=\"http:\/\/www.radiopiu.net\/wordpress\/wp-content\/uploads\/2019\/03\/Di-Maio-e-DInca\u0300.jpg\" data-dt-img-description=\"\" data-large_image_width=\"1280\" data-large_image_height=\"960\"><img loading=\"lazy\" decoding=\"async\" class=\"size-medium wp-image-78034 alignleft\" src=\"http:\/\/www.radiopiu.net\/wordpress\/wp-content\/uploads\/2019\/03\/Di-Maio-e-DInca\u0300-300x225.jpg\" alt=\"\" width=\"300\" height=\"225\" srcset=\"https:\/\/www.radiopiu.net\/wordpress\/wp-content\/uploads\/2019\/03\/Di-Maio-e-DInca\u0300-300x225.jpg 300w, https:\/\/www.radiopiu.net\/wordpress\/wp-content\/uploads\/2019\/03\/Di-Maio-e-DInca\u0300-768x576.jpg 768w, https:\/\/www.radiopiu.net\/wordpress\/wp-content\/uploads\/2019\/03\/Di-Maio-e-DInca\u0300-1024x768.jpg 1024w, https:\/\/www.radiopiu.net\/wordpress\/wp-content\/uploads\/2019\/03\/Di-Maio-e-DInca\u0300.jpg 1280w\" sizes=\"auto, (max-width: 300px) 100vw, 300px\" \/><\/a>\u00c8 stato firmato il decreto che attiva il \u201cPiano Nazionale per la sicurezza del territorio\u201d, il pi\u00f9 grande Piano mai realizzato prima contro il dissesto idrogeologico e il maltempo. Per questo Piano, chiamato \u201cProteggi Italia\u201d, stanziamo circa 11 miliardi di euro da spendere nel triennio 2019-2021, messi a disposizione di Regioni ed Enti locali. Ai progetti gi\u00e0 cantierabili, cio\u00e8 gi\u00e0 pronti a partire da quest\u2019anno, andranno i primi 3 miliardi di euro. A dare la notizia \u00e8 Federico D&#8217;Inc\u00e0 deputato bellunese del Movimento 5 Stelle e Questore della Camera dei deputati.\u00a0 \u201cIl Piano si basa su 4 pilastri \u2013 spiega il parlamentare bellunese \u2013 Rispondere alle emergenze, potenziare la prevenzione e la manutenzione, avviare una semplificazione delle procedure per velocizzare gli investimenti e rafforzare sia il controllo che la gestione degli stessi\u201d. \u201cAl Veneto e quindi soprattutto al bellunese arriveranno 756 milioni in 3 anni \u2013 dichiara il deputato bellunese \u2013 Una cifra mai vista prima che permetter\u00e0 di mettere in sicurezza una volta per tutte il territorio dagli effetti catastrofici delle ondate del maltempo\u201d. \u201cIl Movimento 5 Stelle crede fortemente nelle politiche di prevenzione del dissesto idrogeologico \u2013 commenta il portavoce del Movimento 5 Stelle \u2013 Le visite del Ministro Luigi Di Maio nel bellunese dopo l\u2019alluvione di ottobre e novembre dimostrano la massima attenzione del Governo a questi temi\u201d. \u201cGrazie a questi importanti fondi \u2013 prosegue il deputato veneto \u2013 potranno essere cantierabili in tempi brevissimi una quantit\u00e0 enorme di opere pubbliche che aiuteranno l\u2019economia del Veneto e le tante imprese che lavorano in questo campo\u201d. \u201cVoglio sottolineare come la politica con questo governo finalmente mantenga le promesse fatte, per questo mi sento di chiedere fiducia perch\u00e9 i risultati si stanno iniziando a vedere \u2013 conclude D&#8217;Inc\u00e0 \u2013 Avevamo promesso i soldi per la difesa del territorio e per i riparare i danni dell\u2019alluvione e lo abbiamo fatto\u201d.<\/p>\n<p>&nbsp;<\/p>\n<p>&nbsp;<\/p>\n<blockquote><p>&nbsp;<\/p><\/blockquote>\n<h1>CONSIGLI COMUNALI IN AGENDA<\/h1>\n<p><strong>ROCCA PIETORE<\/strong> Undici punti comunicazioni del sindaco Andrea De Bernardin comprese, \u00e8 il contenuto dell&#8217;invito inviato ai consigliere per la riunione di giovedi alle 17 in Municipio. Questi gli argomenti principali in discussione: prelevamento dal fondo di riserva, debito fuori bilancio per la sentenza del tribunale di Belluno, alienazione e valorizzazione patrimonio immobiliare, conferma aliquote canoni 2019, approvazione documento di programmazione, bilancio Asca e convenzione con i Comuni di La Valle, Colle Santa Lucia, Selva di Cadore, Livinallongo e Rocca Pietore per la gestione delle autorizzazioni paesaggistiche.<\/p>\n<p>&nbsp;<\/p>\n<p><strong>TAIBON<\/strong> Sabato 9 marzo consiglio comunale, ordine del giorno: Zona di degrado per il recupero del patrimonio esistente a Listolade, approvazione programma per il conferimento di incarichi di collaborazione autonoma, aliquote e detrazioni per l&#8217;IMU 2019, approvazione del documento programmatico<\/p>\n<p>&nbsp;<\/p>\n<p>&nbsp;<\/p>\n<h2>L&#8217;EX NOMADE DANILO SACCO PER POLLICINO<\/h2>\n<p><strong><a class=\"dt-pswp-item\" href=\"http:\/\/www.radiopiu.net\/wordpress\/wp-content\/uploads\/2019\/03\/danilo-sacco-001.png\" data-dt-img-description=\"\" data-large_image_width=\"1490\" data-large_image_height=\"1827\"><img loading=\"lazy\" decoding=\"async\" class=\" wp-image-78053 alignleft\" src=\"http:\/\/www.radiopiu.net\/wordpress\/wp-content\/uploads\/2019\/03\/danilo-sacco-001-245x300.png\" alt=\"\" width=\"198\" height=\"242\" srcset=\"https:\/\/www.radiopiu.net\/wordpress\/wp-content\/uploads\/2019\/03\/danilo-sacco-001-245x300.png 245w, https:\/\/www.radiopiu.net\/wordpress\/wp-content\/uploads\/2019\/03\/danilo-sacco-001-768x942.png 768w, https:\/\/www.radiopiu.net\/wordpress\/wp-content\/uploads\/2019\/03\/danilo-sacco-001-835x1024.png 835w, https:\/\/www.radiopiu.net\/wordpress\/wp-content\/uploads\/2019\/03\/danilo-sacco-001.png 1490w\" sizes=\"auto, (max-width: 198px) 100vw, 198px\" \/><\/a><\/strong><strong>SEDICO\u00a0 \u00a0<\/strong>E&#8217; Danilo Sacco l&#8217;artista scelto dal Comitato Pollicino per festeggiare degnamente anche a Sedico i dieci anni dall&#8217;inaugurazione di Casa Pollicino, a Petrosani. E quindi sabato 6 aprile , il cantante per quasi vent&#8217;anni dei Nomadi si esibir\u00e0 al Palaskating (ex Bocciodromo) di Sedico. \u201dGli amici coorganizzatori del WREvents, dopo il Pian dei Castaldi Music Festival hanno pensato a fare qualcosa di speciale per questa nostra importante ricorrenza &#8211; spiega Morena Pavei , presidentessa del Comitato Pollicino &#8211; e la scelta \u00e8 caduta quasi in maniera naturale su una persona, pi\u00f9 che un artista, che \u00e8 fortemente in linea con i nostri principi di solidariet\u00e0, amicizia e umanit\u00e0\u201d Danilo Sacco, detto anche Kakuen, Nomade nella polvere del vento, sapr\u00e0 alternare alcuni brani del suo nuovo disco alle canzoni che hanno fatto la sua storia , accompagnato da una band di 5 elementi, tra i quali spiccano Valerio Giambelli, gi\u00e0 chitarrista dei torinesi Statuto e il tastierista &#8211; fisarmonicista Andrea Mei, autore di moltissime canzoni dei Nomadi e non solo. Le prevendite on line sono gi\u00e0 disponibili sul sito <a class=\"moz-txt-link-abbreviated\" href=\"http:\/\/www.billetto.it\">www.billetto.it<\/a>. Informazioni ulteriori sul sito specifico dedicato all&#8217;evento <a class=\"moz-txt-link-freetext\" href=\"http:\/\/concertodanilosacco.wrevents.it\/\">http:\/\/concertodanilosacco.wrevents.it\/<\/a> Durante la serata all&#8217;esterno del palaskating sar\u00e0 in funzione un fornitissimo chiosco, aperto dal pomeriggio per accogliere anche i molti fans provenienti da tutto il triveneto e non solo. Gli organizzatori infatti hanno confermato di avere gi\u00e0 prenotazioni anche da Bergamo e Novellara (MO), due roccaforti storiche del cosiddetto \u201cpopolo Nomade\u201d<\/p>\n<p>&nbsp;<\/p>\n<p>&nbsp;<\/p>\n<p>&nbsp;<\/p>\n<h2><a class=\"dt-pswp-item\" href=\"http:\/\/www.radiopiu.net\/wordpress\/wp-content\/uploads\/2019\/03\/download.jpg\" data-dt-img-description=\"\" data-large_image_width=\"373\" data-large_image_height=\"135\"><img loading=\"lazy\" decoding=\"async\" class=\" wp-image-77846 alignleft\" src=\"http:\/\/www.radiopiu.net\/wordpress\/wp-content\/uploads\/2019\/03\/download-300x109.jpg\" alt=\"\" width=\"236\" height=\"85\" srcset=\"https:\/\/www.radiopiu.net\/wordpress\/wp-content\/uploads\/2019\/03\/download-300x109.jpg 300w, https:\/\/www.radiopiu.net\/wordpress\/wp-content\/uploads\/2019\/03\/download.jpg 373w\" sizes=\"auto, (max-width: 236px) 100vw, 236px\" \/><\/a><\/h2>\n<h2><\/h2>\n<h2>IL 30 MARZO LA FANFARA DELLA CADORE AL PALALUXOTTICA<br \/>\nDI GIANNI SANTOMASO<\/h2>\n<audio class=\"wp-audio-shortcode\" id=\"audio-78041-9\" preload=\"none\" style=\"width: 100%;\" controls=\"controls\"><source type=\"audio\/mpeg\" src=\"http:\/\/www.radiopiu.net\/wordpress\/wp-content\/uploads\/2019\/02\/FANFARA-GIANNI.mp3?_=9\" \/><a href=\"http:\/\/www.radiopiu.net\/wordpress\/wp-content\/uploads\/2019\/02\/FANFARA-GIANNI.mp3\">http:\/\/www.radiopiu.net\/wordpress\/wp-content\/uploads\/2019\/02\/FANFARA-GIANNI.mp3<\/a><\/audio>\n<p>&nbsp;<\/p>\n<p>&nbsp;<\/p>\n<p>&nbsp;<\/p>\n<h2>L\u2019ESEMPLARE IMPEGNO DI QUATTRO MISSIONARI NATIVI DELL\u2019AGORDINO DI RENATO BONA<\/h2>\n<p><a class=\"dt-pswp-item\" href=\"http:\/\/www.radiopiu.net\/wordpress\/wp-content\/uploads\/2019\/03\/53246912_257702845158112_9144432414855004160_n.png\" data-dt-img-description=\"\" data-large_image_width=\"249\" data-large_image_height=\"222\"><img loading=\"lazy\" decoding=\"async\" class=\"size-full wp-image-78153 alignleft\" src=\"http:\/\/www.radiopiu.net\/wordpress\/wp-content\/uploads\/2019\/03\/53246912_257702845158112_9144432414855004160_n.png\" alt=\"\" width=\"249\" height=\"222\" \/><\/a>Il libretto \u201cDalle nostre Sorgenti 2017\u201d, edito dal Centro missionario diocesano di Belluno-Feltre diretto da don Luigi Canal di occupa, fra l\u2019altro, di 4 missionari agordini che compiono gli anni. Ha aperto la serie, il giorno 2 di questo mese di marzo, il guanelliano padre Gianni Case. Nato a Tiser nel 1940, era entrato nella Congregazione nel 195; sacerdote novello, nel 1967 part\u00ec subito per il Cile dove rimase fino al 1995. Attualmente opera nella parrocchia di San Giovanni Battista a Campodolcino, comune di 947 anime in provincia di Sondrio. Padre Gianni ha avuto modo di ricordare all\u2019Amico del Popolo di Belluno i suoi 28 anni di missione in Cile: \u201cnella prima met\u00e0 vissuti al servizio dei ragazzi di strada, ed in seguito in una zona rurale al confine con l\u2019Argentina\u201d. Visitata una missione nelle Filippine, in occasione della festa pe\u00a0la consacrazione di un suo confratello autoctono, ha espresso rammarico per \u201cle difficili condizioni climatiche e i differenti (75!) idiomi delle Filippine\u201d che ne hanno frenato la partenza verso quella terra. E\u2019 rientrato in Italia anche padre Armando Agostini, nativo (nel 1940) di Colle Santa Lucia, missionario comboniano. Dal 1960 \u00e8 stato in Uganda per 12 anni venendo anche incarcerato ai tempi del dittatore Amin, prima di essere espulso dal paese. Successivamente \u00e8 stato a Malawi quindi \u00e8 rientrato in Italia a servizio di differenti stazioni della stessa Circoscrizione. Dal 2007 \u00e8 stato <a class=\"dt-pswp-item\" href=\"http:\/\/www.radiopiu.net\/wordpress\/wp-content\/uploads\/2019\/03\/53491979_799249120456378_1034155415375446016_n.jpg\" data-dt-img-description=\"\" data-large_image_width=\"871\" data-large_image_height=\"960\"><img loading=\"lazy\" decoding=\"async\" class=\"wp-image-78151 alignright\" src=\"http:\/\/www.radiopiu.net\/wordpress\/wp-content\/uploads\/2019\/03\/53491979_799249120456378_1034155415375446016_n.jpg\" alt=\"\" width=\"127\" height=\"140\" srcset=\"https:\/\/www.radiopiu.net\/wordpress\/wp-content\/uploads\/2019\/03\/53491979_799249120456378_1034155415375446016_n.jpg 871w, https:\/\/www.radiopiu.net\/wordpress\/wp-content\/uploads\/2019\/03\/53491979_799249120456378_1034155415375446016_n-272x300.jpg 272w, https:\/\/www.radiopiu.net\/wordpress\/wp-content\/uploads\/2019\/03\/53491979_799249120456378_1034155415375446016_n-768x846.jpg 768w\" sizes=\"auto, (max-width: 127px) 100vw, 127px\" \/><\/a>nelle Comunit\u00e0 comboniane di Cordenons, Trento e Verona dove vive attualmente nella casa madre della congregazione. Mercoled\u00ec 20 approder\u00e0 al traguardo dei 64 anni di et\u00e0 la missionaria orsolina suor Laura Rossi. Nata a Livinallongo del Col di Lana, pure provincia di Belluno, \u00e8 stata missionaria in Brasile dal 1999 a Cachoeiro de Itapermirin nello stato dello Spirito Santo, fino al marzo del 2005. Si \u00e8 quindi trasferita a Volta Redonda (R.J.) dove ha operato nell\u2019ambito pastorale: nella \u201cPastorale della Crian\u00e7a\u201d a livello diocesano e di area, accompagnando i progetti sociali nel settore, comprendente 24 comunit\u00e0 di base. A proposito della sua esperienza a Crianca ha avuto moto di specificare. \u201c\u2026Negli anni dal 1941 fino al 1993, la siderurgica dava lavoro a circa 40.000 operai. Con la privatizzazione, gli operai sono andati via via diminuendo a causa dei licenziamenti in massa, fino ad arrivare, attualmente, ai soli 5.000, provocando la mancanza di lavoro per molti di loro e, quindi, il consolidamento di situazioni di povert\u00e0 e di miseria, specialmente nella periferia della citt\u00e0 e anche in alcuni bairros del centro. <a class=\"dt-pswp-item\" href=\"http:\/\/www.radiopiu.net\/wordpress\/wp-content\/uploads\/2019\/03\/53091897_317115128994899_8428535652366155776_n.jpg\" data-dt-img-description=\"\" data-large_image_width=\"960\" data-large_image_height=\"741\"><img loading=\"lazy\" decoding=\"async\" class=\"wp-image-78152 alignright\" src=\"http:\/\/www.radiopiu.net\/wordpress\/wp-content\/uploads\/2019\/03\/53091897_317115128994899_8428535652366155776_n.jpg\" alt=\"\" width=\"302\" height=\"233\" srcset=\"https:\/\/www.radiopiu.net\/wordpress\/wp-content\/uploads\/2019\/03\/53091897_317115128994899_8428535652366155776_n.jpg 960w, https:\/\/www.radiopiu.net\/wordpress\/wp-content\/uploads\/2019\/03\/53091897_317115128994899_8428535652366155776_n-300x232.jpg 300w, https:\/\/www.radiopiu.net\/wordpress\/wp-content\/uploads\/2019\/03\/53091897_317115128994899_8428535652366155776_n-768x593.jpg 768w\" sizes=\"auto, (max-width: 302px) 100vw, 302px\" \/><\/a>La Chiesa Cattolica, organizzata nelle Comunit\u00e0 di Base e nei movimenti sociali, \u00e8 sempre stata in prima linea lottando in favore del bene comune. Le conquiste realizzate attraverso <a class=\"dt-pswp-item\" href=\"http:\/\/www.radiopiu.net\/wordpress\/wp-content\/uploads\/2019\/03\/53321414_2199424713436878_8054808849766416384_n.png\" data-dt-img-description=\"\" data-large_image_width=\"259\" data-large_image_height=\"193\"><img loading=\"lazy\" decoding=\"async\" class=\"wp-image-78150 alignleft\" src=\"http:\/\/www.radiopiu.net\/wordpress\/wp-content\/uploads\/2019\/03\/53321414_2199424713436878_8054808849766416384_n.png\" alt=\"\" width=\"166\" height=\"124\" \/><\/a>l\u2019impegno e le manifestazioni sociali e ecclesiali degli anni forti di scioperi e dei primi licenziamenti sono state importanti e hanno generato vari frutti: le pastorali sociali (che hanno pi\u00f9 o meno 10\u201312 anni di esistenza) e il sorgere dei Consigli Municipali di salute, educazione, antidroga, crian\u00e7a-adolescenti, ecc.., importanti strumenti per la rivendicazione dei diritti e delle necessit\u00e0 del popolo\u201d. Suor Laura ora vive in Italia nella casa della Congregazione di Vicenza. Concludiamo questa breve rassegna di missionari agordini citando, sempre dal libro \u201cDalle nostre Sorgenti 2017\u201d, padre Sante Ronchi,missionario oblato di Maria Immacolata. Nato il 28 marzo 1954 a Vallada Agordina, dopo molti anni in Italia tra Roma, Messina e dove ha svolto diverse attivit\u00e0 con tossicodipendenti, carcerati, gruppi giovanili e nella formazione, \u00e8 stato missionario per otto anni in Romania dove ha operato dal 2006 al 2014 e poi in Venezuela dove vive attualmente. Da San Cristobal ha avuto modo di ricordare la sua esperienza in una comunit\u00e0 di tre missionari: un polacco ed un venezuelano oltre a lui, ed alcuni giovani in formazione. La comunit\u00e0 si occupa di una parrocchia di circa 30 mila abitanti in Palo Gordo, adiacente alla citt\u00e0 di San Cristobal al confine con la Colombia, al centro dell\u2019attenzione mondiale in questi giorni di profonda cristi. L\u2019attivit\u00e0 \u2013 aveva spiegato \u2013 \u00e8 \u201ctipica di una parrocchia nel contesto peraltro della situazione problematica attuale del paese\u201d.<\/p>\n<p><strong>NELLE FOTO (riprodotte dal volumetto \u201cDalle nostre sorgenti 2017\u201d edito dal Centro missionario di Belluno-Feltre): padre Gianni Case, suor Laura Rossi, padre Sante Ronchi e lo stesso missionario con un gruppetto di indios.<\/strong><\/p>\n<p>&nbsp;<\/p>\n<p>&nbsp;<\/p>\n<p>&nbsp;<\/p>\n<blockquote class=\"wp-embedded-content\" data-secret=\"HVFLILEN1M\"><p><a href=\"http:\/\/www.radiopiu.net\/wordpress\/continua-ad-aumentare-lattesa-agli-sportelli-pubblici-soprattutto-al-sud\/\">CONTINUA AD AUMENTARE L\u2019ATTESA AGLI SPORTELLI PUBBLICI. SOPRATTUTTO AL SUD<\/a><\/p><\/blockquote>\n<p><iframe loading=\"lazy\" class=\"wp-embedded-content\" sandbox=\"allow-scripts\" security=\"restricted\" style=\"position: absolute; clip: rect(1px, 1px, 1px, 1px);\" src=\"http:\/\/www.radiopiu.net\/wordpress\/continua-ad-aumentare-lattesa-agli-sportelli-pubblici-soprattutto-al-sud\/embed\/#?secret=HVFLILEN1M\" data-secret=\"HVFLILEN1M\" width=\"600\" height=\"338\" title=\"&#8220;CONTINUA AD AUMENTARE L\u2019ATTESA AGLI SPORTELLI PUBBLICI. SOPRATTUTTO AL SUD&#8221; &#8212; Radio Pi\u00f9\" frameborder=\"0\" marginwidth=\"0\" marginheight=\"0\" scrolling=\"no\"><\/iframe><\/p>\n<p>&nbsp;<\/p>\n<p>&nbsp;<\/p>\n<h3>XXIII CORSO DI INTRODUZIONE ALLA SPELEOLOGIA (S1)<\/h3>\n<p><strong>FELTRE<\/strong> Il corso inizier\u00e0 il 4 maggio per concludersi il 7 luglio. Info e iscrizioni entro il 26 aprile in sede Cai di via Porta Imperiale il venerdi dalle 21. Referente Nevio De Col nevio.decol@gmail.com responsabile del gruppo spelelogico.<\/p>\n<p>&nbsp;<\/p>\n<p>&nbsp;<\/p>\n<h2>DA DOMANI IL CORSO DI FORMAZIONE PER UFFICIALI DI GARA A BELLUNO<\/h2>\n<audio class=\"wp-audio-shortcode\" id=\"audio-78041-10\" preload=\"none\" style=\"width: 100%;\" controls=\"controls\"><source type=\"audio\/mpeg\" src=\"http:\/\/www.radiopiu.net\/wordpress\/wp-content\/uploads\/2019\/03\/ROBERTO.mp3?_=10\" \/><a href=\"http:\/\/www.radiopiu.net\/wordpress\/wp-content\/uploads\/2019\/03\/ROBERTO.mp3\">http:\/\/www.radiopiu.net\/wordpress\/wp-content\/uploads\/2019\/03\/ROBERTO.mp3<\/a><\/audio>\n<p>&nbsp;<\/p>\n<p>&nbsp;<\/p>\n<p>&nbsp;<\/p>\n<p>&nbsp;<\/p>\n<h2><\/h2>\n<h2><\/h2>\n<p><strong>CENCENIGHE<\/strong> Puntuale ritorno del carnevale nell&#8217;Agordino, epicentro come consuetudine vuole il Nof Filo&#8217; di Cencenighe. La festa in maschera \u00e8 in calendario per domani\u00a0 ultimo di carnevale dalle 21.<\/p>\n<p><strong>CAVIOLA\u00a0<\/strong> \u00a0Festa in maschera per i bambini domani marted\u00ec \u201cGrasso\u201d, ritrovo delle maschere alle 14.30 nel piazzale della chiesa di Caviola. Il corteo proseguir\u00e0 lungo le vie del paese, al passaggio alla sede A.N.A. Caviola -Cime d\u2019Auta saranno offerti dolci e th\u00e8 caldo.<\/p>\n<blockquote>\n<h2><\/h2>\n<h2><\/h2>\n<\/blockquote>\n<h2>TRE APPUNTAMENTI PER CELEBRARE LA FESTA DELLA DONNA, INGRESSO LIBERO E GRATUITO<\/h2>\n<blockquote>\n<h4><em>UNA BIANCA, BIANCHISSIMA NUVOLA, OMAGGIO POETICO MUSICALE AD ALDA MERINI<\/em><\/h4>\n<\/blockquote>\n<p><strong><a class=\"dt-pswp-item\" href=\"http:\/\/www.radiopiu.net\/wordpress\/wp-content\/uploads\/2019\/03\/8-marzo-2019-2.jpg\" data-dt-img-description=\"\" data-large_image_width=\"1240\" data-large_image_height=\"1754\"><img loading=\"lazy\" decoding=\"async\" class=\"wp-image-77958 alignleft\" src=\"http:\/\/www.radiopiu.net\/wordpress\/wp-content\/uploads\/2019\/03\/8-marzo-2019-2-724x1024.jpg\" alt=\"\" width=\"130\" height=\"184\" srcset=\"https:\/\/www.radiopiu.net\/wordpress\/wp-content\/uploads\/2019\/03\/8-marzo-2019-2-724x1024.jpg 724w, https:\/\/www.radiopiu.net\/wordpress\/wp-content\/uploads\/2019\/03\/8-marzo-2019-2-212x300.jpg 212w, https:\/\/www.radiopiu.net\/wordpress\/wp-content\/uploads\/2019\/03\/8-marzo-2019-2-768x1086.jpg 768w, https:\/\/www.radiopiu.net\/wordpress\/wp-content\/uploads\/2019\/03\/8-marzo-2019-2.jpg 1240w\" sizes=\"auto, (max-width: 130px) 100vw, 130px\" \/><\/a>PIEVE D&#8217;ALPAGO<\/strong> I versi di Alice e le canzoni di Stefania in uno spettacolo sul rapporto tra arte e follia nelle opere della poetessa milanese Alda Merini. Venerdi 8 marzo alle 20.30 nel Municipio di Pieve d&#8217;Alpago<\/p>\n<blockquote>\n<h4><em>D&#8217;AMORE NON SI MUORE, SECONDA EDIZIONE. PER LA GIORNATA INTERNAZIONALE DELLA DONNA\u00a0<\/em><\/h4>\n<\/blockquote>\n<p><strong>PONTE NELLE ALPI <\/strong>Sabato 9 marzo alle 17 interventi di Anna Cubattoli, presidente dell&#8217;associazione Belluno Donna. Letture: Paola Bettiol, Patrizia Burigo, Alice De Toni, Mario Franco, Sacha Rosel. Musiche: Valentina De March (voce chitarra), Teresa Pante (violoncello), Stefania Pillon (recitazione e canto), Trio musicale Domi-tan: Federico De Carli, Tatiana Munaro e Anna Zanella. Danza: Laura Zago e gruppo Korarte.<\/p>\n<blockquote>\n<h4><em><a class=\"dt-pswp-item\" href=\"http:\/\/www.radiopiu.net\/wordpress\/wp-content\/uploads\/2019\/03\/9-marzo-2019-2.jpg\" data-dt-img-description=\"\" data-large_image_width=\"907\" data-large_image_height=\"1512\"><img loading=\"lazy\" decoding=\"async\" class=\"wp-image-77960 alignleft\" src=\"http:\/\/www.radiopiu.net\/wordpress\/wp-content\/uploads\/2019\/03\/9-marzo-2019-2-614x1024.jpg\" alt=\"\" width=\"117\" height=\"195\" srcset=\"https:\/\/www.radiopiu.net\/wordpress\/wp-content\/uploads\/2019\/03\/9-marzo-2019-2-614x1024.jpg 614w, https:\/\/www.radiopiu.net\/wordpress\/wp-content\/uploads\/2019\/03\/9-marzo-2019-2-180x300.jpg 180w, https:\/\/www.radiopiu.net\/wordpress\/wp-content\/uploads\/2019\/03\/9-marzo-2019-2-768x1280.jpg 768w, https:\/\/www.radiopiu.net\/wordpress\/wp-content\/uploads\/2019\/03\/9-marzo-2019-2.jpg 907w\" sizes=\"auto, (max-width: 117px) 100vw, 117px\" \/><\/a>DIRITTI DELLE DONNE, UNA QUESTIONE APERTA. RIFLESSIONI, PAROLE E MUSICHE\u00a0<\/em><\/h4>\n<\/blockquote>\n<p><strong>BELLUNO<\/strong> Lunedi 11 marzo alle 18 nell&#8217;aula magna dell&#8217;Istituto Catullo di via Garibaldi per la giornata internazionale della donna interventi di Giovanna Ninni (attivista di ieri) &#8220;Un percorso di passione&#8221;, Cristina Da Rold (giornalista) &#8220;Viaggio tra i femminismi del terzo millenio&#8221;, Maria Rita Gentilin (Spi Cgil Belluno) &#8220;I diritti senza limiti di et\u00e0&#8221;, Rossana Mungiello (consigliera di parit\u00e0 della Provincia di Belluno) &#8220;Il rischio di tornare indietro&#8221;, Chiara Sacchet (casa dei beni comuni) &#8220;Unire le voci, da un&#8217;esperienza recente a una proposta futura&#8221;. Coordina Enrico Bacchetti (direttore Isbrec), Letture e musiche Patrizia Burigo, Alice De Toni, Valentina De March, e Stefania Pillon.<\/p>\n<p>&nbsp;<\/p>\n<blockquote><p>&nbsp;<\/p><\/blockquote>\n<p>&nbsp;<\/p>\n<p><strong>VOLTAGO<\/strong> FINO AL 5 APRILE\u00a0 tutti i giorni sabati e domeniche compresi, senso unico alternato regolato da semaforo lungo la provinciale 347 in Comune di Voltago per <a class=\"dt-pswp-item\" href=\"http:\/\/www.radiopiu.net\/wordpress\/wp-content\/uploads\/2018\/08\/VIABILIA.jpeg\" data-dt-img-description=\"\" data-large_image_width=\"1280\" data-large_image_height=\"768\"><img loading=\"lazy\" decoding=\"async\" class=\"wp-image-57053 alignleft\" src=\"http:\/\/www.radiopiu.net\/wordpress\/wp-content\/uploads\/2018\/08\/VIABILIA-1024x614.jpeg\" alt=\"\" width=\"127\" height=\"76\" srcset=\"https:\/\/www.radiopiu.net\/wordpress\/wp-content\/uploads\/2018\/08\/VIABILIA-1024x614.jpeg 1024w, https:\/\/www.radiopiu.net\/wordpress\/wp-content\/uploads\/2018\/08\/VIABILIA-300x180.jpeg 300w, https:\/\/www.radiopiu.net\/wordpress\/wp-content\/uploads\/2018\/08\/VIABILIA-768x461.jpeg 768w, https:\/\/www.radiopiu.net\/wordpress\/wp-content\/uploads\/2018\/08\/VIABILIA.jpeg 1280w\" sizes=\"auto, (max-width: 127px) 100vw, 127px\" \/><\/a>lavori di somma urgenza e messa in sicurezza del piano viabile.<\/p>\n<p><strong>CENCENIGHE<\/strong> FINO ALL&#8217;8 MARZO in prossimit\u00e0 di Cencenighe lungo la regionale 203 agordina ,esclusi sabati e domeniche, senso unico regolato da semaforo\u00a0 IN PROSSIMITA&#8217; DI CENCENIGHE LUNGO LA REGIONALE 203 AGORDINA, ESCLUSI FESTIVI E PREFESTIVI<\/p>\n<p><strong>SOSPIROLO<\/strong>\u00a0FINO AL 15 MARZO provinciale 2 della Valle del Mis chiude in localit\u00e0 Pascoli e Pian Falcina (Comune di Sospirolo) dalle 8 alle 12 e alle 13.30 alle 17.30, tutti i giorni feriali ad esclusione dei sabati, domeniche e festivi infrasettimanali. In particolare: dalle 8 alle 12 e dalle 13.30 alle 17.30 durante le lavorazioni esterne alla galleria, dalle 8 alle 17.30 nel corso delle lavorazioni in galleria. Negli altri periodi senso unico alternato regolato da impianto semaforico.<\/p>\n<p><strong>FALCADE<\/strong>\u00a0 FINO\u00a0 ALL&#8217;8 MARZO\u00a0 con esclusione dei giorni festivi e prefestivi, senso unico alternato regolato da semaforo lungo la 346 del San Pellegrino in Comune di Falcade.<\/p>\n<p>&nbsp;<\/p>\n<p>&nbsp;<\/p>\n<p>&nbsp;<\/p>\n<p><a class=\"dt-pswp-item\" href=\"http:\/\/www.radiopiu.net\/wordpress\/wp-content\/uploads\/2018\/09\/sport.jpg\" data-dt-img-description=\"\" data-large_image_width=\"800\" data-large_image_height=\"100\"><img loading=\"lazy\" decoding=\"async\" class=\"alignnone wp-image-60761 size-full\" src=\"http:\/\/www.radiopiu.net\/wordpress\/wp-content\/uploads\/2018\/09\/sport.jpg\" alt=\"\" width=\"800\" height=\"100\" srcset=\"https:\/\/www.radiopiu.net\/wordpress\/wp-content\/uploads\/2018\/09\/sport.jpg 800w, https:\/\/www.radiopiu.net\/wordpress\/wp-content\/uploads\/2018\/09\/sport-300x38.jpg 300w, https:\/\/www.radiopiu.net\/wordpress\/wp-content\/uploads\/2018\/09\/sport-768x96.jpg 768w\" sizes=\"auto, (max-width: 800px) 100vw, 800px\" \/><\/a><\/p>\n<p>&nbsp;<\/p>\n<div class=\"page-title-head hgroup\">\n<h1 class=\"entry-title\">IL FINE SETTIMANA SPORTIVO\u2026CALCIO, HOCKEY, VOLLEY di Marco Gaz.<\/h1>\n<\/div>\n<div class=\"page-title-breadcrumbs\">\n<div class=\"entry-content\">\n<p class=\"p1\"><span class=\"s1\"><b>CALCIO<\/b><\/span><\/p>\n<p class=\"p1\"><span class=\"s1\"><b>SECONDA CATEGORIA GIR. R VENETO<\/b><\/span><\/p>\n<p class=\"p1\"><span class=\"s1\">TARZO REVINE LAGO \u2013 AGORDINA 3-2<\/span><\/p>\n<p class=\"p1\"><span class=\"s1\">GOL: 22\u2019 F. De Lazzer, 26\u2019 Tela, 60\u2019 Pam, 71\u2019 Zannoni, 73\u2019 Badsibassirou<\/span><\/p>\n<p class=\"p1\"><span class=\"s1\">Che beffa per l\u2019Agordina che perde immeritatamente la sfida trevigiana contro il Tarzo Revine Lago. 3 punti persi per la squadra di Lorenzi dopo una partita giocata bene. Agordini in vantaggio ma subito ripresi e superati dai padroni di casa. Intanto la classifica costringe la squadra di Agordo a rimanere in zona playout.<\/span><\/p>\n<p class=\"p1\"><span class=\"s1\">La partita inizia con 45\u2019 di ritardo su richiesta dell\u2019Agordina. Poche emozioni nei primi minuti di gara con le due formazioni che si studiano a lungo senza impegnare gli estremi difensori. I padroni di casa sembrano avere la partita in mano ma non riescono ad impensierire Somma. La squadra di Lorenzi passa in vantaggio alla prima vera azione da gol. Tutto parte da un calcio d\u2019angolo di Zannoni, palla al centro dove Flavio De Lazzer s\u2019inventa una rovesciata spettacolare che beffa l\u2019estremo trevigiano. Il Tarzo non resta a guardare e pochi minuti dopo pareggia i conti. Cross dalla sinistra per Tela che, solo in area, batte il portiere con un piattone destro. Nella ripresa la squadra di Lorenzi ingrana la marcia giusta e dopo pochi minuti si divora il 2 a 1. Zannoni ci prova dalla distanza con un tiro che impegna il portiere costretto ad un gran intervento per deviare in angolo la sfera. Nel momento migliore degli agordini il Tarzo si porta in vantaggio. Confusione in area e rocco vincente di Pam. L\u2019Agordina pareggia i conti con una punizione a 2 e Zannoni che gonfia la rete. Dura poco la felicit\u00e0 della squadra di Agordo e subito dopo il Tarzo si riporta in vantaggio<\/span><\/p>\n<p class=\"p1\"><span class=\"s1\"><b>PRIMA CATEGORIA GIR. G VENETO<\/b><\/span><\/p>\n<p class=\"p1\"><span class=\"s1\">VITSANGIACOMO \u2013 FIORI BARP MAS 2-3<\/span><\/p>\n<p class=\"p1\"><span class=\"s1\">GOL: Reginato, Balazs, Da Silva, Yusypha, Masoch<\/span><\/p>\n<p class=\"p1\"><span class=\"s1\">Il Fiori Barp incamera 3 punti importanti dopo una partita iniziata nel peggiore dei modi. Bella prestazione dei ragazzi di Mas che vanno sotto per 2 a 0 per poi ripigliarsi e vincere nella ripresa. Gol decisivo di masoch nel finale di gara.<\/span><\/p>\n<p class=\"p1\"><span class=\"s1\">Non parte bene la gara per gli uomini di De Battista che dopo pochi minuti vanno sotto di un gol. A siglare la prima rete dei trevigiani ci pensa Reginato. Un duro colpo per il Fiori Barp che stenta a macinare gioco e viene colpito ancora una volta dai padroni di casa con Balasz. Prova a reagire la squadra di Mas che riesce ad accorciare le distanze con Da Silva. Nella ripresa il Fiori Barp sembra essere messo meglio in campo e riesce a pareggiare i conti con Yusypha. Continua a spingere la squadra di De Battista che nel finale agguanta i 3 punti grazie a Masoch.<\/span><\/p>\n<p class=\"p1\"><span class=\"s1\"><b>GIOVANILI AGORDINA<\/b><\/span><\/p>\n<p class=\"p1\"><span class=\"s1\"><b>JUNIORES<\/b><\/span><\/p>\n<p class=\"p1\"><span class=\"s1\">AGORDINA \u2013 DOMEGGE RINVIATA<\/span><\/p>\n<p class=\"p1\"><span class=\"s1\"><b>ALLIEVI<\/b><\/span><\/p>\n<p class=\"p1\"><span class=\"s1\">AGORDINA \u2013 LIMANA 5-1<\/span><\/p>\n<p class=\"p1\"><span class=\"s1\">Prima uscita del 2019 e prima vittoria per gli allievi dell\u2019Agordina. Bella prestazione per i giovani agordini che battono con un sonoro 5 a 1 la formazione del Limana sul campo di Santa Giustina. Prima frazione di gara con l\u2019Agordina agguerrita che chiude il tempo con 4 gol messi a segno e la sfida gi\u00e0 in mano. Doppiette di Marcon e Fa\u00e8. Nel secondo tempo Viel chiude definitivamente il match e il Limana trova la rete della bandiera<\/span><\/p>\n<p class=\"p1\"><span class=\"s1\"><b>GIOVANISSIMI<\/b><\/span><\/p>\n<p class=\"p1\"><span class=\"s1\">AGORDINA \u2013 LIMANA 3-0<\/span><\/p>\n<p class=\"p1\"><span class=\"s1\">Subito una vittoria per la squadra allenata da Orzetti che al Dorigo di Agordo batte con un secco 3 a 0 il Limana. Partita discreta degli agordini che giocano abbastanza bene il primo tempo e calano il ritmo nella ripresa. A sbloccare il punteggio ci pensa Del Chin. Lo stesso Del Chin sigla il raddoppio nel secondo tempo e chiude la sfida Andrea Cancel. Per il Limana un solo tiro in porta in tutta la partita.<\/span><\/p>\n<p class=\"p1\"><span class=\"s1\">\u2014\u2014\u2014\u2014\u2014\u2014\u2014\u2014\u2014\u2014\u2014\u2014\u2014\u2014\u2014\u2014\u2014\u2014\u2014\u2014\u2014\u2014\u2014\u2014\u2014\u2014\u2014\u2014\u2014\u2014\u2014\u2014\u2014\u2014\u2014\u2014\u2014\u2014\u2014\u2014<\/span><\/p>\n<p class=\"p1\"><span class=\"s1\"><b>HOCKEY<\/b><\/span><\/p>\n<p class=\"p1\"><span class=\"s1\"><b>IHL<\/b><\/span><\/p>\n<p class=\"p1\"><span class=\"s1\"><b>QUARTI DI FINALE \u2013 GARA 2<\/b><\/span><\/p>\n<p class=\"p1\"><span class=\"s1\">ALLEGHE \u2013 MERANO 2-6<\/span><\/p>\n<p class=\"p1\"><span class=\"s1\">PARZIALI: 1-0, 0-3, 1-3<\/span><\/p>\n<p class=\"p1\"><span class=\"s1\">GOL: pt. 14\u201956\u201d Manuel Da Tos. st. 6\u201927\u201d e 17\u201947\u201d Thomas Mitterer, 17\u201947\u201d Patrick Cainelli, 19\u201912\u201d Lorenzo Piccinielli. tt. 11\u201921\u201d Manuel Lo Presti, 11\u201947\u201d Edgar De Toni, 12\u201906\u201d Sebastian Thaler, 19\u201954\u201d Manuel Lo Presti<\/span><\/p>\n<p class=\"p1\"><span class=\"s1\">Il Merano mette le mani sul pass valido per le semifinali dell\u2019Italian Hockey League. Costa caro all\u2019Alleghe un calo di concentrazione a fine secondo tempo e la squadra altoatesina porta la serie sul 2 a 0. Gli agordini passano in vantaggio nella prima frazione, subiscono il pareggio nel drittel centrale dove le aquile riescono a siglare altri due gol facendo sfumare le speranze delle civette di portare almeno a gara 4 la serie dei quarti di finale.<\/span><\/p>\n<p class=\"p1\"><span class=\"s1\">La sfida \u00e8 combattuta fin dalle prime battute. Le civette possono sfruttare un powerplay ma non riescono a farsi valere sugli altoatesini. Il Merano si sveglia ed inizia a prendere di mira Zanardi. Gli agordini sembrano aver paura e si chiudono in difesa. I meranesi continuano a commettere infrazioni ma i padroni di casa non riescono a sbloccare il punteggio. La partita si sblocca dopo 15\u2019 quando Manuel Da Tos prova un polsino dalla distanza, un tiro debole ma efficace con il disco che si infila alle spalle di Tura. Nel finale di tempo gli ospiti provano l\u2019assalto al pareggio ma Zanardi \u00e8 attento. Nel secondo tempo la partita ricomincia con un botta e risposta delle due formazioni che impegnano gli estremi avversari pi\u00f9 volte. Alla prima inferiorit\u00e0 numerica, le civette subiscono il pareggio meranese con uno slap di Mitterer. Si continua a combattere ma alla prima disattenzione il Merano passa in vantaggio. Le civette accusano il colpo e subito dopo subiscono il terzo gol della serata. Nel terzo drittel gli ospiti gestiscono al meglio il vantaggio maturato a fine secondo tempo. Le civette ci provano ma la difesa altoatesina non lascia passare nulla. Le squadre calano il ritmo e lo spettacolo ne risente. Intanto il Merano cala il poker con un tiro da distanza ravvicinata. Rispondono subito le civette che accorciano con De Toni. Subito il quinto gol ospite a firma di Thaler. Nel finale il sesto gol a porta vuota chiude definitivamente la sfida.<\/span><\/p>\n<p class=\"p1\"><span class=\"s1\"><b>IHL FEMMINILE<\/b><\/span><\/p>\n<p class=\"p1\"><span class=\"s1\"><b>SEMIFINALI \u2013 GARA 1<\/b><\/span><\/p>\n<p class=\"p1\"><span class=\"s1\">TORINO \u2013 ALLEGHE GIRLS 0-5<\/span><\/p>\n<p class=\"p1\"><span class=\"s1\">PARZIALI: 0-2, 0-1, 0-2<\/span><\/p>\n<p class=\"p1\"><span class=\"s1\">GOL ALLEGHE GIRLS: pt. 1\u201934\u201d Campo Bagatin, 9\u201949\u201d Palmieri. st. 18\u201905\u201d Toffano. tt. 7\u201959\u201d Zandegiacomo, 13\u201947\u201d Da Rech<\/span><\/p>\n<p class=\"p1\"><span class=\"s1\">Le ragazze dell\u2019Alleghe Girls incamerano la vittoria in gara 1 di semifinale scudetto contro il Torino. Bella prestazione delle agordine che gestiscono al meglio la sfida e non concedono gol alle avversarie. Basta poco pi\u00f9 di un minuto alle alleghesi per sbloccare il punteggio con Campo Bagatin. A met\u00e0 primo tempo il raddoppio a firma di Palmieri. Nel secondo drittel continua la supremazia dell\u2019Alleghe che va di nuovo a Segno, questa volta con Toffano. Terza frazione con Zandegiacomo e Da Rech che chiudono la partita.<\/span><\/p>\n<p class=\"p1\"><span class=\"s1\"><b>UNDER 19<\/b><\/span><\/p>\n<p class=\"p1\"><span class=\"s1\">ALLEGHE GIORNATA DI RIPOSO<\/span><\/p>\n<p class=\"p1\"><span class=\"s1\"><b>UNDER 17<\/b><\/span><\/p>\n<p class=\"p1\"><span class=\"s1\">FASSA\/ALLEGHE \u2013 APPIANO 1-4<\/span><\/p>\n<p class=\"p1\"><span class=\"s1\">PARZIALI: 0-1, 1-1, 0-2<\/span><\/p>\n<p class=\"p1\"><span class=\"s1\">GOL FASSA\/ALLEGHE: st. 18\u201913\u201d Martini<\/span><\/p>\n<p class=\"p1\"><span class=\"s1\">Termina con una sconfitta per il Fassa\/Alleghe la partita di andata degli ottavi di finale del campionato under 17. L\u2019Appiano vince nonostante una partita giocata alla pari dove gli altoatesini hanno saputo sfruttare meglio le occasioni sotto porta. Padroni di casa che siglano il gol della bandiera con Martini a fine secondo tempo ma gli avversari vanno a segno per 4 volte.<\/span><\/p>\n<p class=\"p1\"><span class=\"s1\"><b>UNDER 15<\/b><\/span><\/p>\n<p class=\"p1\"><span class=\"s1\">ALLEGHE \u2013 DOBBIACO 3-2 dtr<\/span><\/p>\n<p class=\"p1\"><span class=\"s1\">PARZIALI: 2-1, 0-1, 0-0, 0-0, 1-0<\/span><\/p>\n<p class=\"p1\"><span class=\"s1\">GOL ALLEGHE: pt. 11\u201926\u201d Angoletta, 18\u201918\u201d Targa. rig. Angoletta, Meneghetti<\/span><\/p>\n<p class=\"p1\"><span class=\"s1\">Ci sono voluti i tiri di rigore per decretare la vincente della sfida tra Alleghe e Dobbiaco valida per la Dolomiti Cup. Una partita combattuta rimasta in bilico fino alla fine che ha visto gli agordini vincere agli shout out. Angoletta porta in vantaggio le civette ma gli altoatesini pareggiano i conti.<span class=\"Apple-converted-space\">\u00a0\u00a0<\/span>Il primo tempo termina con i biancorossi in vantaggio grazie a Targa. Secondo tempo ancora combattuto ma con il Dobbiaco che pareggia di nuovo. Reti inviolate nel terzo periodo e anche nel supplementare. Decisivi i rigori di Angoletta e Meneghetti<\/span><\/p>\n<p class=\"p1\"><span class=\"s1\"><b>UNDER 13<\/b><\/span><\/p>\n<p class=\"p1\"><span class=\"s1\">ALLEGHE\/ZOLDO CAMPIONATO TERMINATO<\/span><\/p>\n<p class=\"p1\"><span class=\"s1\">\u2014\u2014\u2014\u2014\u2014\u2014\u2014\u2014\u2014\u2014\u2014\u2014\u2014\u2014\u2014\u2014\u2014\u2014\u2014\u2014\u2014\u2014\u2014\u2014\u2014\u2014\u2014\u2014\u2014\u2014\u2014\u2014\u2014\u2014\u2014\u2014\u2014\u2014\u2014\u2014<\/span><\/p>\n<p class=\"p1\"><span class=\"s1\"><b>VOLLEY UNDER 16 \u2013 TERZA DIVISIONE<\/b><\/span><\/p>\n<p class=\"p1\"><span class=\"s1\">RIPOSO<\/span><\/p>\n<p class=\"p1\"><span class=\"s1\"><b>UNDER 14<\/b><\/span><\/p>\n<p class=\"p1\"><span class=\"s1\">GRIFONE \u2013 VOLLEY CLUB AGORDINO 1-3<\/span><\/p>\n<p class=\"p1\"><span class=\"s1\">PARZIALI: 26-24, 21-25, 21-25, 18-25<\/span><\/p>\n<p class=\"p1\"><span class=\"s1\">Bella vittoria in provincia di Treviso per il Volley Club Agordino che incamera 3 punti contro l\u2019ultima della classe e consolida la terza posizione in classifica del campionato under 14. Grifone che vince il primo set giocato punto a punto. Le agordine si svegliano nel secondo tempo e dominano la sfida fino alla fine mettendo a segno un trittico vincente.<\/span><\/p>\n<\/div>\n<div class=\"post-meta wf-mobile-collapsed\">\n<div class=\"entry-meta\"><\/div>\n<\/div>\n<\/div>\n<div><\/div>\n<div><\/div>\n<p>&nbsp;<\/p>\n<p>&nbsp;<\/p>\n<p>&nbsp;<\/p>\n<h2>HOCKEY POSTICIPO PER LE FINALI DELL&#8217;AGORDINO<\/h2>\n<p><a class=\"dt-pswp-item\" href=\"http:\/\/www.radiopiu.net\/wordpress\/wp-content\/uploads\/2019\/02\/WhatsApp-Image-2019-02-26-at-10.12.09.jpeg\" data-dt-img-description=\"\" data-large_image_width=\"1050\" data-large_image_height=\"600\"><img loading=\"lazy\" decoding=\"async\" class=\"alignnone wp-image-77598 size-full\" src=\"http:\/\/www.radiopiu.net\/wordpress\/wp-content\/uploads\/2019\/02\/WhatsApp-Image-2019-02-26-at-10.12.09.jpeg\" alt=\"\" width=\"1050\" height=\"600\" srcset=\"https:\/\/www.radiopiu.net\/wordpress\/wp-content\/uploads\/2019\/02\/WhatsApp-Image-2019-02-26-at-10.12.09.jpeg 1050w, https:\/\/www.radiopiu.net\/wordpress\/wp-content\/uploads\/2019\/02\/WhatsApp-Image-2019-02-26-at-10.12.09-300x171.jpeg 300w, https:\/\/www.radiopiu.net\/wordpress\/wp-content\/uploads\/2019\/02\/WhatsApp-Image-2019-02-26-at-10.12.09-768x439.jpeg 768w, https:\/\/www.radiopiu.net\/wordpress\/wp-content\/uploads\/2019\/02\/WhatsApp-Image-2019-02-26-at-10.12.09-1024x585.jpeg 1024w\" sizes=\"auto, (max-width: 1050px) 100vw, 1050px\" \/><\/a><\/p>\n<p>Le finali del torneo agordino di hockey su ghiaccio sono posticipate di una settimana, non pi\u00f9 sabato 2 ma la settimana successiva.<\/p>\n<p>&nbsp;<\/p>\n<h2>BAIT NIGHT<\/h2>\n<p><strong>SELVA DI CADORE<\/strong> La gara di sci alpinismo Bait Night andr\u00e0 in scena mercoledi 6 marzo alle 19.45 sulla pista Bait e ciaune\u00a0 di Pescul. E&#8217; una gara non competitiva in notturna con gli d&#8217;alpinismo. Partenza da Pescul (1415msm) e risalita fino al ristoro Belvedere a 2082 metri. Lunghezza 3,5 chilometri, dislivello 667 m. Iscrizioni on line sul sito www.valfiorentina.it fino a martedi 5 marzo, sul posto priama della gara tra le 18 e le 19.<\/p>\n<p>&nbsp;<\/p>\n<p>&nbsp;<\/p>\n<h2>CIASPARUN 2019, CIASPOLATA NON COMPETITIVA A PASSO GIAU<\/h2>\n<p>sabato 9 marzo 9^ edizione della ciaspolata non competitiva, partenza alle 18 30, dal Rifugio Fedare, percorso ad anello di circa 5 km. La quota di iscrizione comprende anche la cena tipica con canederli e goulash presso il Rifugio Fedare, numerosi i premi a estrazione. Le iscrizioni (disponibile il servizio di noleggio ciaspole) sono aperte presso l\u2019ufficio turistico in piazza a Colle S.Lucia fino a venerd\u00ec 8 marzo, oppure il giorno della gara al Rifugio Fedare dalle 16.30, per maggiori informazioni 347\/6189044 in orario ufficio. In palio il super premio BAITNIGHT + CIASPARUN, verr\u00e0 sorteggiato nella serata della CIASPARUN<\/p>\n<p>&nbsp;<\/p>\n<p>&nbsp;<\/p>\n<p>&nbsp;<\/p>\n<p>&nbsp;<\/p>\n<h2><a class=\"dt-pswp-item\" href=\"http:\/\/www.radiopiu.net\/wordpress\/wp-content\/uploads\/2018\/09\/WhatsApp-Image-2018-09-20-at-16.04.06.jpeg\" data-dt-img-description=\"\" data-large_image_width=\"800\" data-large_image_height=\"100\"><img loading=\"lazy\" decoding=\"async\" class=\"alignnone wp-image-61378 size-full\" src=\"http:\/\/www.radiopiu.net\/wordpress\/wp-content\/uploads\/2018\/09\/WhatsApp-Image-2018-09-20-at-16.04.06.jpeg\" alt=\"\" width=\"800\" height=\"100\" srcset=\"https:\/\/www.radiopiu.net\/wordpress\/wp-content\/uploads\/2018\/09\/WhatsApp-Image-2018-09-20-at-16.04.06.jpeg 800w, https:\/\/www.radiopiu.net\/wordpress\/wp-content\/uploads\/2018\/09\/WhatsApp-Image-2018-09-20-at-16.04.06-300x38.jpeg 300w, https:\/\/www.radiopiu.net\/wordpress\/wp-content\/uploads\/2018\/09\/WhatsApp-Image-2018-09-20-at-16.04.06-768x96.jpeg 768w\" sizes=\"auto, (max-width: 800px) 100vw, 800px\" \/><\/a><\/h2>\n","protected":false},"excerpt":{"rendered":"<p>Anche in provincia di Belluno Zingaretti\u00a0 eletto Segretario, ha superato il 60 per cento delle preferenze alle primarie del Pd dove hanno votato in 3300 ovvero 500 votanti in pi\u00f9 delle precedenti. Sono 15 gli sfollati dell&#8217;incendio di Venas di Cadore che ha distrutto il tetto di un condominio, una donna portata in ospedale. Numerosi&hellip;<\/p>\n","protected":false},"author":1,"featured_media":78091,"comment_status":"closed","ping_status":"closed","sticky":false,"template":"","format":"standard","meta":{"_monsterinsights_skip_tracking":false,"_monsterinsights_sitenote_active":false,"_monsterinsights_sitenote_note":"","_monsterinsights_sitenote_category":0,"footnotes":""},"categories":[86],"tags":[],"class_list":["post-78041","post","type-post","status-publish","format-standard","has-post-thumbnail","hentry","category-gr","category-86","description-off"],"img_url":"https:\/\/www.radiopiu.net\/wordpress\/wp-content\/uploads\/2019\/03\/IMG-20190303-WA0039.jpg","_links":{"self":[{"href":"https:\/\/www.radiopiu.net\/wordpress\/wp-json\/wp\/v2\/posts\/78041","targetHints":{"allow":["GET"]}}],"collection":[{"href":"https:\/\/www.radiopiu.net\/wordpress\/wp-json\/wp\/v2\/posts"}],"about":[{"href":"https:\/\/www.radiopiu.net\/wordpress\/wp-json\/wp\/v2\/types\/post"}],"author":[{"embeddable":true,"href":"https:\/\/www.radiopiu.net\/wordpress\/wp-json\/wp\/v2\/users\/1"}],"replies":[{"embeddable":true,"href":"https:\/\/www.radiopiu.net\/wordpress\/wp-json\/wp\/v2\/comments?post=78041"}],"version-history":[{"count":0,"href":"https:\/\/www.radiopiu.net\/wordpress\/wp-json\/wp\/v2\/posts\/78041\/revisions"}],"wp:featuredmedia":[{"embeddable":true,"href":"https:\/\/www.radiopiu.net\/wordpress\/wp-json\/wp\/v2\/media\/78091"}],"wp:attachment":[{"href":"https:\/\/www.radiopiu.net\/wordpress\/wp-json\/wp\/v2\/media?parent=78041"}],"wp:term":[{"taxonomy":"category","embeddable":true,"href":"https:\/\/www.radiopiu.net\/wordpress\/wp-json\/wp\/v2\/categories?post=78041"},{"taxonomy":"post_tag","embeddable":true,"href":"https:\/\/www.radiopiu.net\/wordpress\/wp-json\/wp\/v2\/tags?post=78041"}],"curies":[{"name":"wp","href":"https:\/\/api.w.org\/{rel}","templated":true}]}}