{"id":78154,"date":"2019-03-04T05:18:23","date_gmt":"2019-03-04T04:18:23","guid":{"rendered":"http:\/\/www.radiopiu.net\/wordpress\/?p=78154"},"modified":"2019-03-04T05:18:23","modified_gmt":"2019-03-04T04:18:23","slug":"lesemplare-impegno-di-quattro-missionari-nativi-dellagordino-di-renato-bona","status":"publish","type":"post","link":"https:\/\/www.radiopiu.net\/wordpress\/lesemplare-impegno-di-quattro-missionari-nativi-dellagordino-di-renato-bona\/","title":{"rendered":"L\u2019ESEMPLARE IMPEGNO DI QUATTRO MISSIONARI NATIVI DELL\u2019AGORDINO DI RENATO BONA"},"content":{"rendered":"<h2><\/h2>\n<p><a class=\"dt-pswp-item\" href=\"http:\/\/www.radiopiu.net\/wordpress\/wp-content\/uploads\/2019\/03\/53246912_257702845158112_9144432414855004160_n.png\" data-dt-img-description=\"\" data-large_image_width=\"249\" data-large_image_height=\"222\"><img loading=\"lazy\" decoding=\"async\" class=\"size-full wp-image-78153 alignleft\" src=\"http:\/\/www.radiopiu.net\/wordpress\/wp-content\/uploads\/2019\/03\/53246912_257702845158112_9144432414855004160_n.png\" alt=\"\" width=\"249\" height=\"222\" \/><\/a>Il libretto \u201cDalle nostre Sorgenti 2017\u201d, edito dal Centro missionario diocesano di Belluno-Feltre diretto da don Luigi Canal di occupa, fra l\u2019altro, di 4 missionari agordini che compiono gli anni. Ha aperto la serie, il giorno 2 di questo mese di marzo, il guanelliano padre Gianni Case. Nato a Tiser nel 1940, era entrato nella Congregazione nel 195; sacerdote novello, nel 1967 part\u00ec subito per il Cile dove rimase fino al 1995. Attualmente opera nella parrocchia di San Giovanni Battista a Campodolcino, comune di 947 anime in provincia di Sondrio. Padre Gianni ha avuto modo di ricordare all\u2019Amico del Popolo di Belluno i suoi 28 anni di missione in Cile: \u201cnella prima met\u00e0 vissuti al servizio dei ragazzi di strada, ed in seguito in una zona rurale al confine con l\u2019Argentina\u201d. Visitata una missione nelle Filippine, in occasione della festa pe\u00a0la consacrazione di un suo confratello autoctono, ha espresso rammarico per \u201cle difficili condizioni climatiche e i differenti (75!) idiomi delle Filippine\u201d che ne hanno frenato la partenza verso quella terra. E\u2019 rientrato in Italia anche padre Armando Agostini, nativo (nel 1940) di Colle Santa Lucia, missionario comboniano. Dal 1960 \u00e8 stato in Uganda per 12 anni venendo anche incarcerato ai tempi del dittatore Amin, prima di essere espulso dal paese. Successivamente \u00e8 stato a Malawi quindi \u00e8 rientrato in Italia a servizio di differenti stazioni della stessa Circoscrizione. Dal 2007 \u00e8 stato <a class=\"dt-pswp-item\" href=\"http:\/\/www.radiopiu.net\/wordpress\/wp-content\/uploads\/2019\/03\/53491979_799249120456378_1034155415375446016_n.jpg\" data-dt-img-description=\"\" data-large_image_width=\"871\" data-large_image_height=\"960\"><img loading=\"lazy\" decoding=\"async\" class=\"wp-image-78151 alignright\" src=\"http:\/\/www.radiopiu.net\/wordpress\/wp-content\/uploads\/2019\/03\/53491979_799249120456378_1034155415375446016_n.jpg\" alt=\"\" width=\"127\" height=\"140\" srcset=\"https:\/\/www.radiopiu.net\/wordpress\/wp-content\/uploads\/2019\/03\/53491979_799249120456378_1034155415375446016_n.jpg 871w, https:\/\/www.radiopiu.net\/wordpress\/wp-content\/uploads\/2019\/03\/53491979_799249120456378_1034155415375446016_n-272x300.jpg 272w, https:\/\/www.radiopiu.net\/wordpress\/wp-content\/uploads\/2019\/03\/53491979_799249120456378_1034155415375446016_n-768x846.jpg 768w\" sizes=\"auto, (max-width: 127px) 100vw, 127px\" \/><\/a>nelle Comunit\u00e0 comboniane di Cordenons, Trento e Verona dove vive attualmente nella casa madre della congregazione. Mercoled\u00ec 20 approder\u00e0 al traguardo dei 64 anni di et\u00e0 la missionaria orsolina suor Laura Rossi. Nata a Livinallongo del Col di Lana, pure provincia di Belluno, \u00e8 stata missionaria in Brasile dal 1999 a Cachoeiro de Itapermirin nello stato dello Spirito Santo, fino al marzo del 2005. Si \u00e8 quindi trasferita a Volta Redonda (R.J.) dove ha operato nell\u2019ambito pastorale: nella \u201cPastorale della Crian\u00e7a\u201d a livello diocesano e di area, accompagnando i progetti sociali nel settore, comprendente 24 comunit\u00e0 di base. A proposito della sua esperienza a Crianca ha avuto moto di specificare. \u201c\u2026Negli anni dal 1941 fino al 1993, la siderurgica dava lavoro a circa 40.000 operai. Con la privatizzazione, gli operai sono andati via via diminuendo a causa dei licenziamenti in massa, fino ad arrivare, attualmente, ai soli 5.000, provocando la mancanza di lavoro per molti di loro e, quindi, il consolidamento di situazioni di povert\u00e0 e di miseria, specialmente nella periferia della citt\u00e0 e anche in alcuni bairros del centro. <a class=\"dt-pswp-item\" href=\"http:\/\/www.radiopiu.net\/wordpress\/wp-content\/uploads\/2019\/03\/53091897_317115128994899_8428535652366155776_n.jpg\" data-dt-img-description=\"\" data-large_image_width=\"960\" data-large_image_height=\"741\"><img loading=\"lazy\" decoding=\"async\" class=\"wp-image-78152 alignright\" src=\"http:\/\/www.radiopiu.net\/wordpress\/wp-content\/uploads\/2019\/03\/53091897_317115128994899_8428535652366155776_n.jpg\" alt=\"\" width=\"302\" height=\"233\" srcset=\"https:\/\/www.radiopiu.net\/wordpress\/wp-content\/uploads\/2019\/03\/53091897_317115128994899_8428535652366155776_n.jpg 960w, https:\/\/www.radiopiu.net\/wordpress\/wp-content\/uploads\/2019\/03\/53091897_317115128994899_8428535652366155776_n-300x232.jpg 300w, https:\/\/www.radiopiu.net\/wordpress\/wp-content\/uploads\/2019\/03\/53091897_317115128994899_8428535652366155776_n-768x593.jpg 768w\" sizes=\"auto, (max-width: 302px) 100vw, 302px\" \/><\/a>La Chiesa Cattolica, organizzata nelle Comunit\u00e0 di Base e nei movimenti sociali, \u00e8 sempre stata in prima linea lottando in favore del bene comune. Le conquiste realizzate attraverso <a class=\"dt-pswp-item\" href=\"http:\/\/www.radiopiu.net\/wordpress\/wp-content\/uploads\/2019\/03\/53321414_2199424713436878_8054808849766416384_n.png\" data-dt-img-description=\"\" data-large_image_width=\"259\" data-large_image_height=\"193\"><img loading=\"lazy\" decoding=\"async\" class=\"wp-image-78150 alignleft\" src=\"http:\/\/www.radiopiu.net\/wordpress\/wp-content\/uploads\/2019\/03\/53321414_2199424713436878_8054808849766416384_n.png\" alt=\"\" width=\"166\" height=\"124\" \/><\/a>l\u2019impegno e le manifestazioni sociali e ecclesiali degli anni forti di scioperi e dei primi licenziamenti sono state importanti e hanno generato vari frutti: le pastorali sociali (che hanno pi\u00f9 o meno 10\u201312 anni di esistenza) e il sorgere dei Consigli Municipali di salute, educazione, antidroga, crian\u00e7a-adolescenti, ecc.., importanti strumenti per la rivendicazione dei diritti e delle necessit\u00e0 del popolo\u201d. Suor Laura ora vive in Italia nella casa della Congregazione di Vicenza. Concludiamo questa breve rassegna di missionari agordini citando, sempre dal libro \u201cDalle nostre Sorgenti 2017\u201d, padre Sante Ronchi,missionario oblato di Maria Immacolata. Nato il 28 marzo 1954 a Vallada Agordina, dopo molti anni in Italia tra Roma, Messina e dove ha svolto diverse attivit\u00e0 con tossicodipendenti, carcerati, gruppi giovanili e nella formazione, \u00e8 stato missionario per otto anni in Romania dove ha operato dal 2006 al 2014 e poi in Venezuela dove vive attualmente. Da San Cristobal ha avuto modo di ricordare la sua esperienza in una comunit\u00e0 di tre missionari: un polacco ed un venezuelano oltre a lui, ed alcuni giovani in formazione. La comunit\u00e0 si occupa di una parrocchia di circa 30 mila abitanti in Palo Gordo, adiacente alla citt\u00e0 di San Cristobal al confine con la Colombia, al centro dell\u2019attenzione mondiale in questi giorni di profonda cristi. L\u2019attivit\u00e0 \u2013 aveva spiegato \u2013 \u00e8 \u201ctipica di una parrocchia nel contesto peraltro della situazione problematica attuale del paese\u201d.<\/p>\n<p>NELLE FOTO (riprodotte dal volumetto \u201cDalle nostre sorgenti 2017\u201d edito dal Centro missionario di Belluno-Feltre): padre Gianni Case, suor Laura Rossi, padre Sante Ronchi e lo stesso missionario con un gruppetto di indios.<\/p>\n","protected":false},"excerpt":{"rendered":"<p>Il libretto \u201cDalle nostre Sorgenti 2017\u201d, edito dal Centro missionario diocesano di Belluno-Feltre diretto da don Luigi Canal di occupa, fra l\u2019altro, di 4 missionari agordini che compiono gli anni. Ha aperto la serie, il giorno 2 di questo mese di marzo, il guanelliano padre Gianni Case. Nato a Tiser nel 1940, era entrato nella&hellip;<\/p>\n","protected":false},"author":1,"featured_media":78152,"comment_status":"closed","ping_status":"closed","sticky":false,"template":"","format":"standard","meta":{"_monsterinsights_skip_tracking":false,"_monsterinsights_sitenote_active":false,"_monsterinsights_sitenote_note":"","_monsterinsights_sitenote_category":0,"footnotes":""},"categories":[49,72],"tags":[],"class_list":["post-78154","post","type-post","status-publish","format-standard","has-post-thumbnail","hentry","category-news-18","category-sport","category-49","category-72","description-off"],"img_url":"https:\/\/www.radiopiu.net\/wordpress\/wp-content\/uploads\/2019\/03\/53091897_317115128994899_8428535652366155776_n.jpg","_links":{"self":[{"href":"https:\/\/www.radiopiu.net\/wordpress\/wp-json\/wp\/v2\/posts\/78154","targetHints":{"allow":["GET"]}}],"collection":[{"href":"https:\/\/www.radiopiu.net\/wordpress\/wp-json\/wp\/v2\/posts"}],"about":[{"href":"https:\/\/www.radiopiu.net\/wordpress\/wp-json\/wp\/v2\/types\/post"}],"author":[{"embeddable":true,"href":"https:\/\/www.radiopiu.net\/wordpress\/wp-json\/wp\/v2\/users\/1"}],"replies":[{"embeddable":true,"href":"https:\/\/www.radiopiu.net\/wordpress\/wp-json\/wp\/v2\/comments?post=78154"}],"version-history":[{"count":0,"href":"https:\/\/www.radiopiu.net\/wordpress\/wp-json\/wp\/v2\/posts\/78154\/revisions"}],"wp:featuredmedia":[{"embeddable":true,"href":"https:\/\/www.radiopiu.net\/wordpress\/wp-json\/wp\/v2\/media\/78152"}],"wp:attachment":[{"href":"https:\/\/www.radiopiu.net\/wordpress\/wp-json\/wp\/v2\/media?parent=78154"}],"wp:term":[{"taxonomy":"category","embeddable":true,"href":"https:\/\/www.radiopiu.net\/wordpress\/wp-json\/wp\/v2\/categories?post=78154"},{"taxonomy":"post_tag","embeddable":true,"href":"https:\/\/www.radiopiu.net\/wordpress\/wp-json\/wp\/v2\/tags?post=78154"}],"curies":[{"name":"wp","href":"https:\/\/api.w.org\/{rel}","templated":true}]}}