{"id":78208,"date":"2019-03-04T15:27:29","date_gmt":"2019-03-04T14:27:29","guid":{"rendered":"http:\/\/www.radiopiu.net\/wordpress\/?p=78208"},"modified":"2019-03-05T10:15:21","modified_gmt":"2019-03-05T09:15:21","slug":"giornale-radiopiu-05-marzo-2019-direttore-mirko-mezzacasa","status":"publish","type":"post","link":"https:\/\/www.radiopiu.net\/wordpress\/giornale-radiopiu-05-marzo-2019-direttore-mirko-mezzacasa\/","title":{"rendered":"GIORNALE RADIOPIU 05 MARZO 2019 DIRETTORE MIRKO MEZZACASA"},"content":{"rendered":"<p><strong>Grave incidente stradale in Valsugana<\/strong>, \u00e8 morta Gabriella Ocnaru, 47 anni, fatale lo scontro all&#8217;alba con un camion, dall&#8217;ospedale di Feltre dove era partita la dipendente Ulss,\u00a0 era diretta a casa a Borso del Grappa ed \u00e8 stata probabilmente tradita da un colpo di sonno (corriere delle alpi)<strong>. A Belluno brucia<\/strong> completamente un edificio da tempo sotto osservazione della Questura poich\u00e9 come risaputo pur disabitato veniva utilizzato come dimora dai senza tetto.\u00a0<strong>Ieri a Cortina<\/strong> il presidente dell&#8217;Anas Gemme si \u00e8 seduto al tavolo con sindaci ed amministratori per fare il punto della situazione sui lavori alla 51 di Alemagna in vista dei Mondiali 2021, il 14 marzo altro appuntamento a Roma per accelerare l&#8217;iter della variante. Ieri a Belluno il presidente della Regione<strong> Luca Zaia<\/strong> ha inaugurato il nuovo servizio unit\u00e0 farmaci antiblastici grazie ai soldi di un donatore, il governatore ha promesso che non chiuder\u00e0 nessun ospedale&#8230;<strong>sul pronto soccorso di Agordo<\/strong> da &#8220;terzo mondo&#8221; con i soldi di confine bloccati (2,5 milioni di cui si priveranno i Comuni agordini) nessuna novit\u00e0. <strong>Gino Silvestri<\/strong>, artista di origini bellunesi ha donato a palazzo Fulcis una quindicina di opere sue e di altri artisti del &#8216;900 per un valore di oltre 84 mila euro. <strong>Sedico\u00a0\u00a0<\/strong>340 gli iscritti alla \u201cQuatro Pas tra Peron e Mas\u201d,\u00a0la camminata benefica si \u00e8 svolta in ricordo di Marco Sossai\u00a0\u00a0il ricavato andr\u00e0 all\u2019associazione Cucchini. <strong>Soddisfazione all&#8217;Asca<\/strong> (Azienda Sanitaria Agordina), una rivista importante si occupa dell&#8217;welfare che diventa caso di studio da esportare.\u00a0 <strong>SPORT\u00a0<\/strong> lo snowboarder di Agordo\u00a0 Filippo De Martin ha vinto\u00a0 la finale nazionale dell\u2019Italian snowboard tour precedendo\u00a0 il veronese Markus Kerschhakel e il toscano Gianluca Pardini. In Svezia il fondista agordino\u00a0<strong>Lorenzo Busin<\/strong> pur influenzato e stretto nella morsa della tosse ha voluto prendere il via alla Vasaloppet, per gran parte della gara con i primi ha poi dovuto cedere il passo ma al traguardo \u00e8 arrivato ed anche in buona posizione.<strong> Alleghe Hockey<\/strong> all&#8217;ultima spiaggia questa sera a Merano, solo un vittoria lo riporter\u00e0 ad Alleghe giovedi per gara4 dei quarti di finale, diretta su Radio Pi\u00f9.<\/p>\n<p>&nbsp;<\/p>\n<p>&nbsp;<\/p>\n<p><strong><a class=\"dt-pswp-item\" href=\"http:\/\/www.radiopiu.net\/wordpress\/wp-content\/uploads\/2015\/06\/bimgsp.jpg\" data-dt-img-description=\"\" data-large_image_width=\"300\" data-large_image_height=\"168\"><img loading=\"lazy\" decoding=\"async\" class=\"wp-image-6703 alignleft\" src=\"http:\/\/www.radiopiu.net\/wordpress\/wp-content\/uploads\/2015\/06\/bimgsp.jpg\" alt=\"\" width=\"98\" height=\"55\" \/><\/a>SELVA DI CADORE<\/strong> Gestione Servizi Pubblici informa che a SELVA DI CADORE nelle LOCALITA&#8217; L\u2019ANDRIA e TOFFOL\u00a0 l&#8217;acqua erogata dall&#8217;acquedotto non \u00e8 potabile e pu\u00f2 essere usata per scopi alimentari solo dopo bollitura.<\/p>\n<p><strong>GOSALDO<\/strong> in TUTTO IL COMUNE TRANNE NELLE LOCALITA&#8217; LAGON, VASSERE, DELUBI, RENON, SABE, MORI, CARCOI, CENCI, SCUSSEI, PAGANIN, VALLASIN E PONGAN l&#8217;acqua erogata dall&#8217;acquedotto \u00e8 di nuovo potabile e pu\u00f2 essere usata, quindi, per scopi alimentari.<\/p>\n<p><strong>FALCADE\u00a0<\/strong> per lavori alla rete idrica comunale, giovedi\u00a0 dalle 9 a FINE LAVORI verr\u00e0 sospesa l\u2019erogazione dell\u2019acqua a FALCADE, in LOCALITA&#8217; CAVIOLA, vie TRENTO e SALPIAN.<\/p>\n<p>&nbsp;<\/p>\n<p>&nbsp;<\/p>\n<blockquote><p>&nbsp;<\/p>\n<p><em><a class=\"dt-pswp-item\" href=\"http:\/\/www.radiopiu.net\/wordpress\/wp-content\/uploads\/2019\/03\/img_2272.gif\" data-dt-img-description=\"\" data-large_image_width=\"500\" data-large_image_height=\"498\"><img loading=\"lazy\" decoding=\"async\" class=\"wp-image-78210 alignleft\" src=\"http:\/\/www.radiopiu.net\/wordpress\/wp-content\/uploads\/2019\/03\/img_2272.gif\" alt=\"\" width=\"95\" height=\"94\" \/><\/a>La strada provinciale della val Fiorentina, chiusa dallo scorso gennaio. A quando i lavori se si vuole tenere fede alla promessa che a maggio la stra riaprir\u00e0? Circa la strada per Rucav\u00e0-Belvedere, chi ha competenza sulle strade farebbe passare i propri figli sotto quel pericolo?<\/em><\/p>\n<p><strong>SELVA DI CADORE_COLLE SANTA LUCIA<\/strong> <em>Sono passati 40 giorni, tante promesse, ma i lavori devono ancora iniziare. Nessuno parla, si fanno ipotesi. La strada verr\u00e0 riaperta ad ottobre?\u00a0 A maggio chiuder\u00e0 quella di Colle? Le Regole\u00a0di Colle aspettano un&#8217;offerta migliore per il legname? Ci pu\u00f2 stare, ma intanto non si potrebbe togliere e accatastare? Non si pu\u00f2 fare niente da una parte, ma allora perch\u00e9 non ampliano la strada nel frattempo invece che tenere la strada chiusa. Siamo amareggiati proprio per il silenzio totale. E&#8217; cos\u00ec che nascono mille ipotesi,\u00a0 quale sar\u00e0 quella giusta? Spero che qualcuno si faccia sentire e mi spiace che nessun abitante chieda spiegazioni, tutti brontolano me non vanno oltre. Magari fosse periodo di elezioni anche da questa parti,\u00a0 le cose andrebbero diversamente.\u00a0 Dove passiamo oggi, dopo Rucava prima della postazione di una gru,\u00a0 c\u00e8 un bel ceppo esterno sopra le auto,\u00a0 trattenuto da qualche radice se cade Veneto Strade riponder\u00e0?\u00a0 Sempre sperando che nessuno si faccia male<\/em><\/p><\/blockquote>\n<p><span style=\"color: #ff0000;\">LA PRIMA RISPOSTA DA COLLE SANTA LUCIA<\/span><\/p>\n<p><strong>Il sindaco di Colle Santa Lucia Paolo Frena oggi alle 10.30 avr\u00e0 un incontro in sede Avepa a Padova per cercare di definire alcuni aspetti burocratici sia per quanto riguarda la Val Fiorentina che per quanto riguarda il resto del territorio del Comune. A breve l&#8217;aggiornamento sui tempi.<\/strong><\/p>\n<p>&nbsp;<\/p>\n<h2>SERVIZIO PRECEDENTE, 22 GENNAIO 2019_NOTIZIARIO RADIO PIU<\/h2>\n<blockquote class=\"wp-embedded-content\" data-secret=\"PtQLWrS79H\"><p><a href=\"http:\/\/www.radiopiu.net\/wordpress\/provinciale-20-val-fiorentina-sbarrata\/\">SBARRATA LA PROVINCIALE 20 VAL FIORENTINA<\/a><\/p><\/blockquote>\n<p><iframe loading=\"lazy\" class=\"wp-embedded-content\" sandbox=\"allow-scripts\" security=\"restricted\" style=\"position: absolute; clip: rect(1px, 1px, 1px, 1px);\" src=\"http:\/\/www.radiopiu.net\/wordpress\/provinciale-20-val-fiorentina-sbarrata\/embed\/#?secret=PtQLWrS79H\" data-secret=\"PtQLWrS79H\" width=\"600\" height=\"338\" title=\"&#8220;SBARRATA LA PROVINCIALE 20 VAL FIORENTINA&#8221; &#8212; Radio Pi\u00f9\" frameborder=\"0\" marginwidth=\"0\" marginheight=\"0\" scrolling=\"no\"><\/iframe><\/p>\n<p>&nbsp;<\/p>\n<p>&nbsp;<\/p>\n<p>&nbsp;<\/p>\n<h2><a class=\"dt-pswp-item\" href=\"http:\/\/www.radiopiu.net\/wordpress\/wp-content\/uploads\/2019\/03\/DSCN4240logo.jpg\" data-dt-img-description=\"\" data-large_image_width=\"4608\" data-large_image_height=\"3456\"><img loading=\"lazy\" decoding=\"async\" class=\"wp-image-78223 alignleft\" src=\"http:\/\/www.radiopiu.net\/wordpress\/wp-content\/uploads\/2019\/03\/DSCN4240logo-1024x768.jpg\" alt=\"\" width=\"233\" height=\"174\" srcset=\"https:\/\/www.radiopiu.net\/wordpress\/wp-content\/uploads\/2019\/03\/DSCN4240logo-1024x768.jpg 1024w, https:\/\/www.radiopiu.net\/wordpress\/wp-content\/uploads\/2019\/03\/DSCN4240logo-300x225.jpg 300w, https:\/\/www.radiopiu.net\/wordpress\/wp-content\/uploads\/2019\/03\/DSCN4240logo-768x576.jpg 768w\" sizes=\"auto, (max-width: 233px) 100vw, 233px\" \/><\/a><\/h2>\n<h2><\/h2>\n<h2>UN ALTRO INCENDIO DI ABITAZIONE<\/h2>\n<p><strong>BELLUNO<\/strong> Personale\u00a0 dei vigili del fuoco di Belluno\u00a0 \u00e8 intervenuto\u00a0 per un incendio di abitazione a Belluno, in via Matteo Cesa in riva all&#8217;Ardo sotto al ponte degli alpini. Sul posto 8 automezzi e 9 squadre\u00a0 tra permanenti e volontari della sede Centrale di belluno. I due clochard che vivevano all&#8217;interno si sono fortunatamente salvati, l&#8217;edificio completamente distrutto.\u00a0Sulla natura colposa dell\u2019evento che ha distrutto l\u2019edificio di propriet\u00e0 della famiglia Doglioni, non pare ci siano dubbi: i vigili del fuoco hanno operato anche con le informative alla autorit\u00e0 giudiziaria; segnalazioni sono state fatte dalla questura anche a Comune e prefettura.<\/p>\n<p>&nbsp;<\/p>\n<p>&nbsp;<\/p>\n<h3><\/h3>\n<h3><\/h3>\n<h3>SCI, MONDIALI CORTINA 2021. PRESENTATO IL PIANO DI POTENZIAMENTO DELLA VIABILIT\u00c0.<\/h3>\n<p><strong><a class=\"dt-pswp-item\" href=\"http:\/\/www.radiopiu.net\/wordpress\/wp-content\/uploads\/2019\/03\/ANAS_2.jpg\" data-dt-img-description=\"\" data-large_image_width=\"1600\" data-large_image_height=\"1200\"><img loading=\"lazy\" decoding=\"async\" class=\"wp-image-78276 alignleft\" src=\"http:\/\/www.radiopiu.net\/wordpress\/wp-content\/uploads\/2019\/03\/ANAS_2-1024x768.jpg\" alt=\"\" width=\"202\" height=\"151\" srcset=\"https:\/\/www.radiopiu.net\/wordpress\/wp-content\/uploads\/2019\/03\/ANAS_2-1024x768.jpg 1024w, https:\/\/www.radiopiu.net\/wordpress\/wp-content\/uploads\/2019\/03\/ANAS_2-300x225.jpg 300w, https:\/\/www.radiopiu.net\/wordpress\/wp-content\/uploads\/2019\/03\/ANAS_2-768x576.jpg 768w, https:\/\/www.radiopiu.net\/wordpress\/wp-content\/uploads\/2019\/03\/ANAS_2.jpg 1600w\" sizes=\"auto, (max-width: 202px) 100vw, 202px\" \/><\/a>VENEZIA\u00a0<\/strong> E\u2019 stato presentato oggi a Cortina il piano straordinario di interventi previsti da ANAS per l\u2019adeguamento della viabilit\u00e0 statale in provincia di Belluno in vista dell\u2019evento \u201cMondiali di Sci &#8211; Cortina 2021\u201d. Presenti all\u2019incontro l\u2019Assessore regionale a lavori pubblici, infrastrutture e trasporti Elisa De Berti ed il Commissario di Governo e Presidente di ANAS Claudio Andrea Gemme.<\/p>\n<p><em> \u201cIl programma di interventi sulla viabilit\u00e0 del bellunese \u2013 sottolinea l\u2019Assessore &#8211; costituisce una straordinaria opportunit\u00e0 per la provincia di Belluno e per le comunit\u00e0 locali di adeguamento ed ammodernamento della rete viaria, con obiettivo temporale che travalica il 2021. Deve essere, cio\u00e8, l\u2019occasione per trovare soluzioni tecniche, ambientali ed economicamente sostenibili per risolvere le storiche criticit\u00e0 della viabilit\u00e0 dell\u2019alto bellunese e favorire l\u2019accessibilit\u00e0 delle vallate, sia per la mobilit\u00e0 turistica, sia per quella locale e intervalliva.\u201d.<\/em><\/p>\n<p>&nbsp;<\/p>\n<p>&nbsp;<\/p>\n<p>&nbsp;<\/p>\n<h3><\/h3>\n<h3><\/h3>\n<h3>CORTINA ANAS 2021, IMPORTANTE PRESENZA DEL COMMISSARIO SUL TERRITORIO.<\/h3>\n<blockquote><p><em> Possiamo dire di essere finalmente in movimento per essere pronti alle Olimpiadi del 2026, dopo gli splendidi Mondiali 2021\u201d.<\/em><\/p><\/blockquote>\n<p><a class=\"dt-pswp-item\" href=\"http:\/\/www.radiopiu.net\/wordpress\/wp-content\/uploads\/2016\/03\/Federico-DInc\u00e0-e1466659213762.jpg\" data-dt-img-description=\"\" data-large_image_width=\"480\" data-large_image_height=\"360\"><img loading=\"lazy\" decoding=\"async\" class=\"wp-image-18062 alignleft\" src=\"http:\/\/www.radiopiu.net\/wordpress\/wp-content\/uploads\/2016\/03\/Federico-DInc\u00e0-e1466659213762.jpg\" alt=\"\" width=\"168\" height=\"125\" \/><\/a>\u00a0\u201cLa presenza del Presidente di Anas Gemme sul territorio bellunese \u00e8 molto importante \u2013 dichiara il deputato bellunese del Movimento 5 Stelle, Federico D&#8217;Inc\u00e0 \u2013 L\u2019incontro di Cortina ha seguito il nostro incontro di gennaio che ha portato ad un\u2019accelerazione delle procedure per arrivare al completamento delle opere per il Mondiale di sci 2021\u201d.<\/p>\n<audio class=\"wp-audio-shortcode\" id=\"audio-78208-1\" preload=\"none\" style=\"width: 100%;\" controls=\"controls\"><source type=\"audio\/mpeg\" src=\"http:\/\/www.radiopiu.net\/wordpress\/wp-content\/uploads\/2019\/03\/FEDERICO-1.mp3?_=1\" \/><a href=\"http:\/\/www.radiopiu.net\/wordpress\/wp-content\/uploads\/2019\/03\/FEDERICO-1.mp3\">http:\/\/www.radiopiu.net\/wordpress\/wp-content\/uploads\/2019\/03\/FEDERICO-1.mp3<\/a><\/audio>\n<p>&nbsp;<\/p>\n<p>&nbsp;<\/p>\n<p>&nbsp;<\/p>\n<h3>VIABILITA&#8217; LUNGO LA 51 DI ALEMAGNA IN VISTA DEI MONDIALI, IERI UN ALTRO INCONTRO A CORTINA<\/h3>\n<blockquote>\n<h5>Quanto finanziato due anni fa sta dando i suoi frutti nei cantieri aperti<\/h5>\n<\/blockquote>\n<p><em><a class=\"dt-pswp-item\" href=\"http:\/\/www.radiopiu.net\/wordpress\/wp-content\/uploads\/2019\/02\/bond1-e1550408229859.jpg\" data-dt-img-description=\"\" data-large_image_width=\"720\" data-large_image_height=\"416\"><img loading=\"lazy\" decoding=\"async\" class=\"wp-image-75798 alignleft\" src=\"http:\/\/www.radiopiu.net\/wordpress\/wp-content\/uploads\/2019\/02\/bond1-e1550408229859.jpg\" alt=\"\" width=\"143\" height=\"82\" srcset=\"https:\/\/www.radiopiu.net\/wordpress\/wp-content\/uploads\/2019\/02\/bond1-e1550408229859.jpg 720w, https:\/\/www.radiopiu.net\/wordpress\/wp-content\/uploads\/2019\/02\/bond1-e1550408229859-300x173.jpg 300w\" sizes=\"auto, (max-width: 143px) 100vw, 143px\" \/><\/a>Da risolvere la questione della strettoia di Longarone per evitare i soliti intasamenti e il blocco del traffico. Finalmente sar\u00e0 messo mano alla stazione capolinea di Calalzo.\u00a0<\/em><\/p>\n<p><strong>IL PARERE DEL DEPUTATO\u00a0 DARIO BOND<\/strong><\/p>\n<audio class=\"wp-audio-shortcode\" id=\"audio-78208-2\" preload=\"none\" style=\"width: 100%;\" controls=\"controls\"><source type=\"audio\/mpeg\" src=\"http:\/\/www.radiopiu.net\/wordpress\/wp-content\/uploads\/2019\/03\/BOND.mp3?_=2\" \/><a href=\"http:\/\/www.radiopiu.net\/wordpress\/wp-content\/uploads\/2019\/03\/BOND.mp3\">http:\/\/www.radiopiu.net\/wordpress\/wp-content\/uploads\/2019\/03\/BOND.mp3<\/a><\/audio>\n<p>&nbsp;<\/p>\n<p>&nbsp;<\/p>\n<p>&nbsp;<\/p>\n<h2>INAUGURATA L&#8217;UNITA\u2019 FARMACI ANTIBLASTICI A BELLUNO.<\/h2>\n<p><strong><a class=\"dt-pswp-item\" href=\"http:\/\/www.radiopiu.net\/wordpress\/wp-content\/uploads\/2019\/03\/ZAIA-BELLUNO-1.png\" data-dt-img-description=\"\" data-large_image_width=\"796\" data-large_image_height=\"544\"><img loading=\"lazy\" decoding=\"async\" class=\"wp-image-78230 alignleft\" src=\"http:\/\/www.radiopiu.net\/wordpress\/wp-content\/uploads\/2019\/03\/ZAIA-BELLUNO-1.png\" alt=\"\" width=\"263\" height=\"180\" srcset=\"https:\/\/www.radiopiu.net\/wordpress\/wp-content\/uploads\/2019\/03\/ZAIA-BELLUNO-1.png 796w, https:\/\/www.radiopiu.net\/wordpress\/wp-content\/uploads\/2019\/03\/ZAIA-BELLUNO-1-300x205.png 300w, https:\/\/www.radiopiu.net\/wordpress\/wp-content\/uploads\/2019\/03\/ZAIA-BELLUNO-1-768x525.png 768w\" sizes=\"auto, (max-width: 263px) 100vw, 263px\" \/><\/a>VENEZIA<\/strong>\u00a0 <em>\u201cCon le schede ospedaliere che discenderanno dal Piano Socio Sanitario 2019-2023 in Veneto non ridimensioneremo, n\u00e9 tanto meno chiuderemo, nessun ospedale, nemmeno a Belluno, dove spesso circolano vere e proprie leggende metropolitane su tagli mai esistiti e che mai esisteranno. Il Veneto ha, e avr\u00e0, 68 ospedali, ognuno dei quali con qualit\u00e0 e alte professionalit\u00e0, in un quadro di iperspecializzazione regionale nel quale rientra anche questo gioiello dell\u2019Unit\u00e0 Farmaci Antiblastici di Belluno\u201d.<\/em> Lo ha detto il Presidente della Regione del Veneto, Luca Zaia, inaugurando oggi all&#8217;ospedale San Martino di Belluno\u00a0 la nuova unit\u00e0 che autoprodurr\u00e0 farmaci per le terapie antitumorali in una struttura ricavata all\u2019interno dell\u2019Ospedale San Martino, con una spesa di 553 mila euro, grazie alla donazione di un benefattore privato. Zaia non ha mancato di fare riferimento alle polemiche che spesso coinvolgono la sanit\u00e0 bellunese: <em>\u201cChiedo alla gente \u2013 ha detto \u2013 di guardare ai fatti e non farsi condizionare dalle <a class=\"dt-pswp-item\" href=\"http:\/\/www.radiopiu.net\/wordpress\/wp-content\/uploads\/2019\/03\/ZAIA-BELLUNO-3.png\" data-dt-img-description=\"\" data-large_image_width=\"796\" data-large_image_height=\"561\"><img loading=\"lazy\" decoding=\"async\" class=\"wp-image-78231 alignright\" src=\"http:\/\/www.radiopiu.net\/wordpress\/wp-content\/uploads\/2019\/03\/ZAIA-BELLUNO-3.png\" alt=\"\" width=\"229\" height=\"161\" srcset=\"https:\/\/www.radiopiu.net\/wordpress\/wp-content\/uploads\/2019\/03\/ZAIA-BELLUNO-3.png 796w, https:\/\/www.radiopiu.net\/wordpress\/wp-content\/uploads\/2019\/03\/ZAIA-BELLUNO-3-300x211.png 300w, https:\/\/www.radiopiu.net\/wordpress\/wp-content\/uploads\/2019\/03\/ZAIA-BELLUNO-3-768x541.png 768w\" sizes=\"auto, (max-width: 229px) 100vw, 229px\" \/><\/a>leggende metropolitane messe in giro dagli immancabili catastrofisti. Belluno trascurata dalla sanit\u00e0 regionale? Falso, come si dimostra anche oggi e come dimostrano gli investimenti presenti e futuri e la presenza della sanit\u00e0 bellunese in tutte le reti regionali d\u2019eccellenza. Chiudiamo il Codivilla di Cortina? Falso. Abbiamo chiuso una collaborazione pubblico-privata come imponeva la legge e abbiamo assegnato, con gara pubblica, la gestione a un\u2019entit\u00e0 di caratura internazionale con una progettualit\u00e0 da 207 milioni. A Belluno la Regione non assume medici? Falso. Si tratta di una situazione nazionale, con 56 mila medici in meno del necessario (1.300 nel solo Veneto), legata a cattive programmazioni degli anni passati, con il numero chiuso a medicina e la sottostima delle necessit\u00e0 delle borse di specialit\u00e0. A Pieve di Cadore, tanto per fare un esempio<\/em><\/p>\n<p>&nbsp;<\/p>\n<p>&nbsp;<\/p>\n<p>&nbsp;<\/p>\n<p>&nbsp;<\/p>\n<h2>AUTONOMIA, VENETO: NOTA DEL PROFESSOR MARIO BERTOLISSI<\/h2>\n<p><strong>VENEZIA\u00a0<\/strong>L\u2019ufficio stampa della Giunta regionale del Veneto tramette una nota del professor Mario Bertolissi, membro della delegazione trattante per l\u2019autonomia differenziata della Regione del Veneto. Tra l&#8217;altro si legge:\u00a0\u00a0<em>\u00a0&#8220;E&#8217; bene essere chiari. Esiste un equilibrio, da rispettare, che riguarda, da un\u00a0 lato, il ruolo del binomio Governo-Parlamento e, dall\u2019altro, quello della Regione. Si esclude facolt\u00e0 emendative, che potrebbero favorire, piuttosto che buona fede e correttezza, un deleterio ostruzionismo: come \u00e8 accaduto, finora, assai di frequente in passato. Il Parlamento discute la bozza di intesa ad esso sottoposta; d\u00e0, ove occorra, le proprie indicazioni di massima; Governo e Regione elaborano il testo finale; il Parlamento provvede a maggioranza assoluta\u201d.<\/em><\/p>\n<p>&nbsp;<\/p>\n<p>&nbsp;<\/p>\n<p>&nbsp;<\/p>\n<p>&nbsp;<\/p>\n<h2>UNCEM ADERISCE ALLA CAMPAGNA CULTURALE E INFORMATIVA &#8220;L&#8217;ITALIA CHE RINNOVA&#8221;.<\/h2>\n<p><a class=\"dt-pswp-item\" href=\"http:\/\/www.radiopiu.net\/wordpress\/wp-content\/uploads\/2018\/12\/argentera_ferrere-3.jpg\" data-dt-img-description=\"\" data-large_image_width=\"865\" data-large_image_height=\"330\"><img loading=\"lazy\" decoding=\"async\" class=\"wp-image-71005 aligncenter\" src=\"http:\/\/www.radiopiu.net\/wordpress\/wp-content\/uploads\/2018\/12\/argentera_ferrere-3.jpg\" alt=\"\" width=\"668\" height=\"255\" srcset=\"https:\/\/www.radiopiu.net\/wordpress\/wp-content\/uploads\/2018\/12\/argentera_ferrere-3.jpg 865w, https:\/\/www.radiopiu.net\/wordpress\/wp-content\/uploads\/2018\/12\/argentera_ferrere-3-300x114.jpg 300w, https:\/\/www.radiopiu.net\/wordpress\/wp-content\/uploads\/2018\/12\/argentera_ferrere-3-768x293.jpg 768w\" sizes=\"auto, (max-width: 668px) 100vw, 668px\" \/><\/a>Per un calore che unisca ambiente, risparmio e sviluppo, valorizziamo la pi\u00f9 antica e pi\u00f9 moderna delle energie rinnovabili, il legno.\u00a0Rinnovare l&#8217;energia vuol dire rinnovare la qualit\u00e0 della vita. Di tutti. \u00c8 questo il cuore della campagna &#8220;L&#8217;Italia che rinnova&#8221;, un progetto culturale e informativo che nasce da associazioni, operatori, imprese per valorizzare, migliorare, sviluppare l&#8217;energia che viene dal legno.\u00a0Nell&#8217;interesse dell&#8217;ambiente, dei consumatori, del Paese. Uncem ci crede e ha confermato la sua adesione a Legambiente e Aiel, ideatori della campagna.\u00a0 Il Manifesto de &#8220;L&#8217;Italia che rinnova&#8221; \u00e8 chiarissimo: il legno la prima energia rinnovabile (40% nel mondo, 33% in Italia);\u00a0\u00e8 la seconda fonte di riscaldamento per le famiglie italiane; consente fino al 75% di risparmio sulla bolletta rispetto alle fonti fossili; genera imprese e posti di lavoro in Italia; \u00e8\u00a0un&#8217;eccellenza italiana: il 70% degli apparecchi a pellet in Europa sono Made in Italy; valorizza e tutela il patrimonio boschivo italiano; con le altre energie rinnovabili combatte l&#8217;effetto serra; \u00e8\u00a0tra i settori con i maggiori investimenti in nuove tecnologie; gi\u00e0 oggi i nuovi apparecchi abbattono le emissioni fino all&#8217;80% rispetto ai vecchi generatori; contribuisce a rispettare i parametri europei sulle energie rinnovabili. &#8220;Abbiamo bisogno di dire con questi argomenti, accanto a Legambiente e Aiel, che la gestione forestale italiana \u00e8 necessaria, urgente &#8211; spiega Marco Bussone, Presidente nazionale Uncem &#8211; come afferma la nuova legge forestale nazionale che ha bisogno di nove decreti attuativi e in particolare di scrivere la Strategia forestale nazionale.\u00c8 fondamentale fare positiva e diffusa informazione sull&#8217;uso di impianti domestici e caldaie di pi\u00f9 grandi dimensioni alimentate a legno, cippato, a tronchetti o a pellet. Si parte dai singoli cittadini e da tutti i Comuni. Vogliamo dire quanto \u00e8 importante ad esempio sostituire vecchi caminetti e stufe con moderni impianti che abbattono polveri ed emissioni. Generano posti di lavoro, filiere virtuose, dal bosco al generatore di calore&#8221;.\u00a0 Le bioenergie sono fondamentali nel Paese che vuole una corretta e strategica transizione energetica verso le rinnovabili. Contrastiamo il climate change se sappiamo usare bene la risorsa forestale, dare una gestione attiva a 12 milioni di ettari di bosco in Italia. &#8220;Serve uno scatto in avanti politico-istituzionale &#8211; afferma Bussone &#8211; Questi non sono temi per qualche nicchia, per qualche Deputato o Senatore, che non ha altri temi da trattare. Devono entrare nell&#8217;agenda di Mise e Presidenza del Consiglio. Di questo nostro impegno con Aiel e Legambiente bisogna parlare, anche nel mainstream della comunicazione politica, perch\u00e9 il nostro Paese \u00e8 un paese fatto di montagne e di boschi, che deve saper usare bene il bagaglio di risorse naturali, il nostro Capitale, in tutte le sue funzioni ecosistemiche-ambientali, che devono essere riconosciute. Gestire bene le foreste, usare bene il legno, avere moderni impianti nelle case e nei Comuni fa bene a tutti. All&#8217;ambiente e alla comunit\u00e0, ai paesi montane e alle grandi citt\u00e0. Lo racconteremo presto in un tour con Aiel. Perch\u00e9 qui passa il nostro futuro, su questo l&#8217;Italia degli 8000 Comuni potr\u00e0 costruire il suo assetto compatibile con ambiente e impegno delle imprese&#8221;. Come scrive Marino Berton, direttore generale Aiel, &#8220;Serve l&#8217;impegno di tutti, dai cittadini alle istituzioni, affinch\u00e9 il futuro della valorizzazione energetica delle biomasse sia costruito nel rispetto di una gestione forestale sostenibile e responsabile&#8221;.<\/p>\n<p>&nbsp;<\/p>\n<p>&nbsp;<\/p>\n<p>&nbsp;<\/p>\n<p>&nbsp;<\/p>\n<blockquote>\n<h2>ASCA E AZIENDA LONGARONE ZOLDO FANNO SCUOLA NEL SOCIO- SANITARIO<\/h2>\n<p><a class=\"dt-pswp-item\" href=\"http:\/\/www.radiopiu.net\/wordpress\/wp-content\/uploads\/2019\/03\/logo_secondowelfare.png\" data-dt-img-description=\"\" data-large_image_width=\"431\" data-large_image_height=\"140\"><img loading=\"lazy\" decoding=\"async\" class=\"wp-image-78245 alignleft\" src=\"http:\/\/www.radiopiu.net\/wordpress\/wp-content\/uploads\/2019\/03\/logo_secondowelfare.png\" alt=\"\" width=\"211\" height=\"68\" srcset=\"https:\/\/www.radiopiu.net\/wordpress\/wp-content\/uploads\/2019\/03\/logo_secondowelfare.png 431w, https:\/\/www.radiopiu.net\/wordpress\/wp-content\/uploads\/2019\/03\/logo_secondowelfare-300x97.png 300w\" sizes=\"auto, (max-width: 211px) 100vw, 211px\" \/><\/a><\/p><\/blockquote>\n<p><em>Soddisfatta la dottoressa Mariachiara Santin, amministratore unico dell&#8217;Azienda Sanitaria Agordina.<\/em><\/p>\n<blockquote><p><strong>AGORDO<\/strong> Se ne occupa la rivista specializzata SECONDO WELFARE, \u00e8 pubblicato nel sito \u00a0l&#8217;articolo relativo all&#8217;esperienza di ASCA. Questo il link: <a href=\"https:\/\/secondowelfare.it\/privati\/aziende\/il-welfare-aziendale-nelle-residenze-sanitarie-assistenziali-lesperienza-di-asca.html\">CLICCA QUI<\/a><\/p><\/blockquote>\n<h4>AI MICROFONI DI RADIO PIU, L&#8217;AMMINISTRATORE UNICO MARIACHIARA SANTIN<\/h4>\n<audio class=\"wp-audio-shortcode\" id=\"audio-78208-3\" preload=\"none\" style=\"width: 100%;\" controls=\"controls\"><source type=\"audio\/mpeg\" src=\"http:\/\/www.radiopiu.net\/wordpress\/wp-content\/uploads\/2019\/03\/SANTIN.mp3?_=3\" \/><a href=\"http:\/\/www.radiopiu.net\/wordpress\/wp-content\/uploads\/2019\/03\/SANTIN.mp3\">http:\/\/www.radiopiu.net\/wordpress\/wp-content\/uploads\/2019\/03\/SANTIN.mp3<\/a><\/audio>\n<p>&nbsp;<\/p>\n<p>&nbsp;<\/p>\n<p>&nbsp;<\/p>\n<p>&nbsp;<\/p>\n<h2>RALLY BELLUNESE, OGGETTO DI TESI DI LAUREA\u00a0 DI SIMONE ZACCARON<\/h2>\n<blockquote>\n<h3><em><a class=\"dt-pswp-item\" href=\"http:\/\/www.radiopiu.net\/wordpress\/wp-content\/uploads\/2019\/02\/WhatsApp-Image-2019-02-27-at-15.13.13-1.jpeg\" data-dt-img-description=\"\" data-large_image_width=\"1024\" data-large_image_height=\"768\"><img loading=\"lazy\" decoding=\"async\" class=\"wp-image-77701 alignleft\" src=\"http:\/\/www.radiopiu.net\/wordpress\/wp-content\/uploads\/2019\/02\/WhatsApp-Image-2019-02-27-at-15.13.13-1-1024x768.jpeg\" alt=\"\" width=\"196\" height=\"147\" srcset=\"https:\/\/www.radiopiu.net\/wordpress\/wp-content\/uploads\/2019\/02\/WhatsApp-Image-2019-02-27-at-15.13.13-1.jpeg 1024w, https:\/\/www.radiopiu.net\/wordpress\/wp-content\/uploads\/2019\/02\/WhatsApp-Image-2019-02-27-at-15.13.13-1-300x225.jpeg 300w, https:\/\/www.radiopiu.net\/wordpress\/wp-content\/uploads\/2019\/02\/WhatsApp-Image-2019-02-27-at-15.13.13-1-768x576.jpeg 768w\" sizes=\"auto, (max-width: 196px) 100vw, 196px\" \/><\/a><\/em><\/h3>\n<h3><em>Le ragioni di una scelta<\/em><\/h3>\n<\/blockquote>\n<p><span style=\"color: #ff0000;\">M E L\u00a0<\/span><\/p>\n<p>DI ROBERTO BONA<\/p>\n<audio class=\"wp-audio-shortcode\" id=\"audio-78208-4\" preload=\"none\" style=\"width: 100%;\" controls=\"controls\"><source type=\"audio\/mpeg\" src=\"http:\/\/www.radiopiu.net\/wordpress\/wp-content\/uploads\/2019\/03\/roberto-tesi.mp3?_=4\" \/><a href=\"http:\/\/www.radiopiu.net\/wordpress\/wp-content\/uploads\/2019\/03\/roberto-tesi.mp3\">http:\/\/www.radiopiu.net\/wordpress\/wp-content\/uploads\/2019\/03\/roberto-tesi.mp3<\/a><\/audio>\n<p>&nbsp;<\/p>\n<p>&nbsp;<\/p>\n<p>&nbsp;<\/p>\n<h2>DUE BANDI PER LE ATTIVITA&#8217; AGRICOLE<\/h2>\n<p><strong>BELLUNO<\/strong> Domani alle 11.30 in Camere di Commercio di Treviso Belluno in Piazza Santo Stefano saranno presentati\u00a0 due bandi relativi a \u201cCreazione e sviluppo di attivit\u00e0 agricole ed extra agricole\u201d, con una dotazione finanziaria di 1 milione e 600 mila euro a favore delle imprese locali. Saranno presenti il presidente e il direttore del Gal Prealpi e Dolomiti Alberto Peterle e Matteo Aguanno e il segreario generale della Camera di Commercio di Treviso-Belluno Romano Tiozzo.<\/p>\n<p>&nbsp;<\/p>\n<p>&nbsp;<\/p>\n<p>&nbsp;<\/p>\n<p>&nbsp;<\/p>\n<h2><a class=\"dt-pswp-item\" href=\"http:\/\/www.radiopiu.net\/wordpress\/wp-content\/uploads\/2019\/03\/22852096_1705474672820040_5394016427965356197_n.jpg\" data-dt-img-description=\"\" data-large_image_width=\"960\" data-large_image_height=\"960\"><img loading=\"lazy\" decoding=\"async\" class=\"wp-image-78248 alignright\" src=\"http:\/\/www.radiopiu.net\/wordpress\/wp-content\/uploads\/2019\/03\/22852096_1705474672820040_5394016427965356197_n.jpg\" alt=\"\" width=\"168\" height=\"168\" srcset=\"https:\/\/www.radiopiu.net\/wordpress\/wp-content\/uploads\/2019\/03\/22852096_1705474672820040_5394016427965356197_n.jpg 960w, https:\/\/www.radiopiu.net\/wordpress\/wp-content\/uploads\/2019\/03\/22852096_1705474672820040_5394016427965356197_n-150x150.jpg 150w, https:\/\/www.radiopiu.net\/wordpress\/wp-content\/uploads\/2019\/03\/22852096_1705474672820040_5394016427965356197_n-300x300.jpg 300w, https:\/\/www.radiopiu.net\/wordpress\/wp-content\/uploads\/2019\/03\/22852096_1705474672820040_5394016427965356197_n-768x768.jpg 768w\" sizes=\"auto, (max-width: 168px) 100vw, 168px\" \/><\/a>AMICI AGORDINI DI TUTTA LA VALLATA&#8230;<\/h2>\n<p><strong>AGORDO<\/strong> <em>Nicola Cassisi, studente di Agordo \u00e8 al lavoro su una tesi di laurea sui Dialetti Ladino-Veneto della Vallata Agordina. Per meglio riuscire nel suo intento ha chiesto la collaborazione di chi il nostro dialetto lo ama e lo conosce<\/em><\/p>\n<p><strong>audio<\/strong><\/p>\n<audio class=\"wp-audio-shortcode\" id=\"audio-78208-5\" preload=\"none\" style=\"width: 100%;\" controls=\"controls\"><source type=\"audio\/mpeg\" src=\"http:\/\/www.radiopiu.net\/wordpress\/wp-content\/uploads\/2019\/03\/NICOLA-CASSASI.mp3?_=5\" \/><a href=\"http:\/\/www.radiopiu.net\/wordpress\/wp-content\/uploads\/2019\/03\/NICOLA-CASSASI.mp3\">http:\/\/www.radiopiu.net\/wordpress\/wp-content\/uploads\/2019\/03\/NICOLA-CASSASI.mp3<\/a><\/audio>\n<p>&nbsp;<\/p>\n<p>&nbsp;<\/p>\n<p>&nbsp;<\/p>\n<p>&nbsp;<\/p>\n<h2>PREMIO ELISA E ALESSANDRO &#8220;SANDRI&#8221; PEREGO<\/h2>\n<blockquote>\n<h3><em>Per attivit\u00e0 di ricerca in ambito storico, geografico-ambientale e sanitario nelle Dolomiti.<\/em><\/h3>\n<\/blockquote>\n<p><a class=\"dt-pswp-item\" href=\"http:\/\/www.radiopiu.net\/wordpress\/wp-content\/uploads\/2019\/03\/logo1.png\" data-dt-img-description=\"\" data-large_image_width=\"320\" data-large_image_height=\"53\"><img loading=\"lazy\" decoding=\"async\" class=\"size-full wp-image-78226 alignleft\" src=\"http:\/\/www.radiopiu.net\/wordpress\/wp-content\/uploads\/2019\/03\/logo1.png\" alt=\"\" width=\"320\" height=\"53\" srcset=\"https:\/\/www.radiopiu.net\/wordpress\/wp-content\/uploads\/2019\/03\/logo1.png 320w, https:\/\/www.radiopiu.net\/wordpress\/wp-content\/uploads\/2019\/03\/logo1-300x50.png 300w\" sizes=\"auto, (max-width: 320px) 100vw, 320px\" \/><\/a>Il premio, biennale, \u00e8 stato voluto da Laura, Chiara, Giuliano, e Raffaele Perego, figlie-i di Elisa Lise e Alessandro \u201cSandri\u201d Perego, per ricordare le figure dei genitori. Un premio per dare valore e riconoscimento alla memoria. Perch\u00e9 la memoria privata dei figli di Elisa Lise e Alessandro Perego, delle loro famiglie e di chi li ha conosciuti, possa diventare una memoria condivisa.\u00a0 Un omaggio a due persone che hanno vissuto e lavorato con grande passione e amore nel territorio bellunese. Persone che, nel loro lavoro di medici, lo hanno conosciuto attraversandolo palmo a palmo. Che hanno partecipato, con la loro storia individuale, alla storia della collettivit\u00e0 che di tante vicende personali e umane \u00e8 fatta. Persone che quella storia l\u2019hanno indagata, studiata, approfondita negli aspetti sanitari, sociali, economici, nelle tradizioni, nei dialetti e nei saperi della vita quotidiana.<\/p>\n<blockquote><p><em><strong>Elisa Lise<\/strong> nasce ad Agordo il 15 settembre del 1927. Seconda di otto fratelli (due muoiono piccolissimi) \u00e8 figlia del medico condotto del paese, Gigi Lise. Grandissimo personaggio, fondatore dell\u2019ospedale, personalit\u00e0 poliedrica e volitiva, poeta dialettale, alpinista, esperto di funghi e piante. Per anni\u00a0 medico <a class=\"dt-pswp-item\" href=\"http:\/\/www.radiopiu.net\/wordpress\/wp-content\/uploads\/2019\/03\/Lise-Perego-5.jpeg\" data-dt-img-description=\"\" data-large_image_width=\"319\" data-large_image_height=\"240\"><img loading=\"lazy\" decoding=\"async\" class=\"wp-image-78227 alignleft\" src=\"http:\/\/www.radiopiu.net\/wordpress\/wp-content\/uploads\/2019\/03\/Lise-Perego-5.jpeg\" alt=\"\" width=\"217\" height=\"163\" srcset=\"https:\/\/www.radiopiu.net\/wordpress\/wp-content\/uploads\/2019\/03\/Lise-Perego-5.jpeg 319w, https:\/\/www.radiopiu.net\/wordpress\/wp-content\/uploads\/2019\/03\/Lise-Perego-5-300x226.jpeg 300w\" sizes=\"auto, (max-width: 217px) 100vw, 217px\" \/><\/a>negli ambulatori pediatrici della provincia, che raggiunge quotidianamente in macchina con qualsiasi tempo, da Longarone a Frassen\u00e8 e Voltago su strade lunghe e impervie.\u00a0 Muore a Belluno nel 2015.<\/em><\/p>\n<p><em><strong>Alessandro Perego<\/strong> nasce a Venezia il 7 ottobre 1925. Terzo di quattro fratelli, padre commerciante, titolare di una bottega di tessuti d\u2018arredamento e mamma maestra, fin da piccolo passa le vacanze nel bellunese, a Landris di Sedico, dove nei primi anni \u201830 la famiglia si trasferisce per ragioni di salute del primogenito Antonio. E nasce la splendida villa di famiglia, un palazzetto rosso stile Canal Grande trasferito nelle campagne bellunesi.\u00a0 Nel dopoguerra Alessandro studia e si laurea in Medicina all\u2019Universit\u00e0 di Padova, un periodo drammaticamente funestato nel \u201947 dalla morte del padre Raffaele per un incidente stradale sul Ponte della Libert\u00e0. Dopo la laurea Alessandro per necessit\u00e0 abbandona il sogno della carriera universitaria e ospedaliera, dove era stato allievo di Giovanni Angelini, e comincia a lavorare come medico condotto in varie sedi della provincia. Mette su famiglia con Elisa, fino ad approdare nel \u201960, dopo la morte del suocero, alla condotta di Agordo. Dove rimane per oltre dieci anni, medico amatissimo e protagonista attivo e impegnato della comunit\u00e0 locale. Muore a Roma nel 2018.<\/em><\/p><\/blockquote>\n<p><a class=\"dt-pswp-item\" href=\"http:\/\/www.radiopiu.net\/wordpress\/wp-content\/uploads\/2019\/03\/clip_image001.jpeg\" data-dt-img-description=\"\" data-large_image_width=\"320\" data-large_image_height=\"101\"><img loading=\"lazy\" decoding=\"async\" class=\" wp-image-78225 alignleft\" src=\"http:\/\/www.radiopiu.net\/wordpress\/wp-content\/uploads\/2019\/03\/clip_image001.jpeg\" alt=\"\" width=\"250\" height=\"79\" srcset=\"https:\/\/www.radiopiu.net\/wordpress\/wp-content\/uploads\/2019\/03\/clip_image001.jpeg 320w, https:\/\/www.radiopiu.net\/wordpress\/wp-content\/uploads\/2019\/03\/clip_image001-300x95.jpeg 300w\" sizes=\"auto, (max-width: 250px) 100vw, 250px\" \/><\/a>Il premio \u00e8 organizzato a Belluno dall\u2019I.S.B.R.E.C. Istituto Storico Bellunese della Resistenza e dell\u2019Et\u00e0 Contemporanea e dalla Fondazione Giovanni Angelini Centro Studi sulla Montagna. Le opere, complete della documentazione richiesta, dovranno essere spedite o consegnate entro il 31 Luglio di ogni anno. Informazioni:\u00a0 ISBREC\u00a0 Piazza Mercato, 26, 32100 Belluno, telefono 0437.944929. Orario di apertura: dal luned\u00ec al venerd\u00ec<\/p>\n<p>&nbsp;<\/p>\n<p>&nbsp;<\/p>\n<p>&nbsp;<\/p>\n<h2>LA CHIAVE DI AUBERON: L&#8217;ULTIMO VOLUME DI VANIA RUSSO<\/h2>\n<p><strong><a class=\"dt-pswp-item\" href=\"http:\/\/www.radiopiu.net\/wordpress\/wp-content\/uploads\/2019\/03\/ChiaveDiAuberonAMZ.jpg\" data-dt-img-description=\"\" data-large_image_width=\"1757\" data-large_image_height=\"2500\"><img loading=\"lazy\" decoding=\"async\" class=\"wp-image-78235 alignleft\" src=\"http:\/\/www.radiopiu.net\/wordpress\/wp-content\/uploads\/2019\/03\/ChiaveDiAuberonAMZ-720x1024.jpg\" alt=\"\" width=\"193\" height=\"274\" srcset=\"https:\/\/www.radiopiu.net\/wordpress\/wp-content\/uploads\/2019\/03\/ChiaveDiAuberonAMZ-720x1024.jpg 720w, https:\/\/www.radiopiu.net\/wordpress\/wp-content\/uploads\/2019\/03\/ChiaveDiAuberonAMZ-211x300.jpg 211w, https:\/\/www.radiopiu.net\/wordpress\/wp-content\/uploads\/2019\/03\/ChiaveDiAuberonAMZ-768x1093.jpg 768w, https:\/\/www.radiopiu.net\/wordpress\/wp-content\/uploads\/2019\/03\/ChiaveDiAuberonAMZ.jpg 1757w\" sizes=\"auto, (max-width: 193px) 100vw, 193px\" \/><\/a>FELTRE<\/strong> Storia e mistero, esoterismo e ricerca eugenetica, forze occulte e grandi passioni. Sono solo alcuni degli elementi che si intrecciano ne \u201cLa Chiave di Auberon\u201d, l\u2019ultimo libro della scrittrice di origini napoletane, ma feltrina d\u2019adozione, Vania Russo. Il volume conclude \u201cLa trilogia dell\u2019Inquisitore\u201d, il possente progetto editoriale che ha visto l\u2019autrice impegnata in una ricerca storica ed antropologia durata circa un decennio e che ha spaziato in numerosi ambiti, anche geografici, non solo nel nostro Paese. Ne \u00e8 scaturito un romanzo appassionante e ricco di sfumature, giocato su un serie di parallelismi di trame e personaggi che tengono il lettore incollato alla narrazione sino al movimentato epilogo. La presentazione al pubblico \u00e8 avvenuta nelle suggestive sale del Centro Unisono, a Palazzo Guarnieri, nel cuore della cittadella storica di Feltre. Ad accompagnare il dialogo di Vania Russo con il giornalista Nicola Maccagnan, l\u2019esecuzione di alcuni brani al pianoforte da parte della giovane musicista Eleonora Centa e le letture di Paolo Bottega, del Centro Internazionale del Libro Parlato di Feltre. L\u2019incontro \u00e8 stato l\u2019occasione per toccare alcuni temi affrontati dalla scrittrice in questo suo ultimo libro, che si presenta anche nella veste di una denuncia delle pericolose derive a cui \u00e8 esposta, oggi come e pi\u00f9 che in passato, la nostra societ\u00e0.<\/p>\n<p><strong>L&#8217;AUTRICE VANIA RUSSO<\/strong><\/p>\n<audio class=\"wp-audio-shortcode\" id=\"audio-78208-6\" preload=\"none\" style=\"width: 100%;\" controls=\"controls\"><source type=\"audio\/mpeg\" src=\"http:\/\/www.radiopiu.net\/wordpress\/wp-content\/uploads\/2019\/03\/scrittrice-feltrina-Vania-Russo.mp3?_=6\" \/><a href=\"http:\/\/www.radiopiu.net\/wordpress\/wp-content\/uploads\/2019\/03\/scrittrice-feltrina-Vania-Russo.mp3\">http:\/\/www.radiopiu.net\/wordpress\/wp-content\/uploads\/2019\/03\/scrittrice-feltrina-Vania-Russo.mp3<\/a><\/audio>\n<p>&nbsp;<\/p>\n<p><a class=\"dt-pswp-item\" href=\"http:\/\/www.radiopiu.net\/wordpress\/wp-content\/uploads\/2019\/03\/IMG_20190301_180520.jpg\" data-dt-img-description=\"\" data-large_image_width=\"5312\" data-large_image_height=\"2988\"><img loading=\"lazy\" decoding=\"async\" class=\"alignnone size-large wp-image-78236\" src=\"http:\/\/www.radiopiu.net\/wordpress\/wp-content\/uploads\/2019\/03\/IMG_20190301_180520-1024x576.jpg\" alt=\"\" width=\"1024\" height=\"576\" srcset=\"https:\/\/www.radiopiu.net\/wordpress\/wp-content\/uploads\/2019\/03\/IMG_20190301_180520-1024x576.jpg 1024w, https:\/\/www.radiopiu.net\/wordpress\/wp-content\/uploads\/2019\/03\/IMG_20190301_180520-300x169.jpg 300w, https:\/\/www.radiopiu.net\/wordpress\/wp-content\/uploads\/2019\/03\/IMG_20190301_180520-768x432.jpg 768w\" sizes=\"auto, (max-width: 1024px) 100vw, 1024px\" \/><\/a>Alla serata di presentazione de \u201cLa Chiave di Auberon\u201d \u00e8 intervenuto anche l\u2019editore Andrea Tralli, titolare di Panda Edizioni, la societ\u00e0 di Castelfranco Veneto che ha sposato il progetto editoriale della trilogia di Vania Russo. \u201cLa chiave di Auberon\u201d, uscito da poche settimane, ha gi\u00e0 riscosso un ottimo successo di critica; \u00e8 disponibile in tutte le librerie e negli store on line.<\/p>\n<p>&nbsp;<\/p>\n<p>&nbsp;<\/p>\n<p>&nbsp;<\/p>\n<h2>AFFIDAMENTO IN GESTIONE DELLA MALGA IN VALMOREL<\/h2>\n<p><strong>LIMANA\u00a0<\/strong><\/p>\n<p><strong>di DAMIANO TORMEN<\/strong><\/p>\n<audio class=\"wp-audio-shortcode\" id=\"audio-78208-7\" preload=\"none\" style=\"width: 100%;\" controls=\"controls\"><source type=\"audio\/mpeg\" src=\"http:\/\/www.radiopiu.net\/wordpress\/wp-content\/uploads\/2019\/03\/DAMIANO-1.mp3?_=7\" \/><a href=\"http:\/\/www.radiopiu.net\/wordpress\/wp-content\/uploads\/2019\/03\/DAMIANO-1.mp3\">http:\/\/www.radiopiu.net\/wordpress\/wp-content\/uploads\/2019\/03\/DAMIANO-1.mp3<\/a><\/audio>\n<p>&nbsp;<\/p>\n<p>&nbsp;<\/p>\n<p>&nbsp;<\/p>\n<h1>SCHIANTI, VENERDI 8\u00a0 IPOTESI DI INTERVENTO<\/h1>\n<p><strong>AGORDO<\/strong> Venerdi alle 20 in sala consiliare del Municipio il sindaco di Agordo Sisto Da Roit incontra i proprietari delle particelle boschive della Pala dell&#8217;Arion e Sotto Baster. Riunione informativa dove verr\u00e0 illustrata la situazione dell&#8217;area e le ipotesi di intervento.<\/p>\n<p>&nbsp;<\/p>\n<p>&nbsp;<\/p>\n<p>&nbsp;<\/p>\n<h2>SCHIANTI,\u00a0 SABATO 9 MARZO\u00a0 \u00a0INCONTRO A SAN TOMASO<\/h2>\n<p><strong>SAN TOMASO <\/strong>L&#8217;incontro con la popolazione e con i cittadini che hanno subito danni boschivi: sabato 9 marzo alle 17 in Sala Giovani, localit\u00e0 Pian. Saranno esposte le modalit\u00e0 di un eventuale recupero della massa legnosa.<\/p>\n<p>&nbsp;<\/p>\n<p>&nbsp;<\/p>\n<p>&nbsp;<\/p>\n<h1>CONSIGLI COMUNALI IN AGENDA<\/h1>\n<p><strong>ROCCA PIETORE<\/strong> Undici punti comunicazioni del sindaco Andrea De Bernardin comprese, \u00e8 il contenuto dell&#8217;invito inviato ai consigliere per la riunione di giovedi alle 17 in Municipio. Questi gli argomenti principali in discussione: prelevamento dal fondo di riserva, debito fuori bilancio per la sentenza del tribunale di Belluno, alienazione e valorizzazione patrimonio immobiliare, conferma aliquote canoni 2019, approvazione documento di programmazione, bilancio Asca e convenzione con i Comuni di La Valle, Colle Santa Lucia, Selva di Cadore, Livinallongo e Rocca Pietore per la gestione delle autorizzazioni paesaggistiche.<\/p>\n<p>&nbsp;<\/p>\n<p><strong>TAIBON<\/strong> Sabato 9 marzo consiglio comunale, ordine del giorno: Zona di degrado per il recupero del patrimonio esistente a Listolade, approvazione programma per il conferimento di incarichi di collaborazione autonoma, aliquote e detrazioni per l&#8217;IMU 2019, approvazione del documento programmatico<\/p>\n<p>&nbsp;<\/p>\n<p>&nbsp;<\/p>\n<h2>VIOLENZA IN FAMIGLIA AI MERCOLEDI DELLA SALUTE<\/h2>\n<p><strong><a class=\"dt-pswp-item\" href=\"http:\/\/www.radiopiu.net\/wordpress\/wp-content\/uploads\/2019\/03\/6_marzo-2019.jpg\" data-dt-img-description=\"\" data-large_image_width=\"793\" data-large_image_height=\"1122\"><img loading=\"lazy\" decoding=\"async\" class=\"wp-image-78265 alignleft\" src=\"http:\/\/www.radiopiu.net\/wordpress\/wp-content\/uploads\/2019\/03\/6_marzo-2019-724x1024.jpg\" alt=\"\" width=\"162\" height=\"230\" srcset=\"https:\/\/www.radiopiu.net\/wordpress\/wp-content\/uploads\/2019\/03\/6_marzo-2019-724x1024.jpg 724w, https:\/\/www.radiopiu.net\/wordpress\/wp-content\/uploads\/2019\/03\/6_marzo-2019-212x300.jpg 212w, https:\/\/www.radiopiu.net\/wordpress\/wp-content\/uploads\/2019\/03\/6_marzo-2019-768x1087.jpg 768w, https:\/\/www.radiopiu.net\/wordpress\/wp-content\/uploads\/2019\/03\/6_marzo-2019.jpg 793w\" sizes=\"auto, (max-width: 162px) 100vw, 162px\" \/><\/a>FELTRE\u00a0\u00a0<\/strong>Nell\u2019ambito del ciclo dei Mercoled\u00ec della salute, in occasione della festa della donna,\u00a0 domani alle 18 nella sala convegni dell\u2019ospedale di Feltre, si parler\u00e0 di \u201cviolenza in famiglia: percorsi d\u2019aiuto tra ospedale e territorio\u201d. L\u2019idea \u00e8 di fare luce su un fenomeno diffuso e informare sulle opportunit\u00e0 e sui supporti forniti dall\u2019Ulss Dolomiti e dalle forze dell\u2019ordine. Alla serata parteciperanno il medico legale Erika Leone, il medico di Pronto Soccorso Michela Faleschini e l\u2019\u00e8quipe del Consultorio familiare di Feltre guidata da Manuela Tonet. Inoltre, sar\u00e0 presente la squadra mobile della Polizia di Belluno. La serata \u00e8 stata organizzata in collaborazione con FIDAPA, sezione di Belluno.<\/p>\n<p>&nbsp;<\/p>\n<blockquote><p>&nbsp;<\/p><\/blockquote>\n<p>&nbsp;<\/p>\n<h2><\/h2>\n<h2><\/h2>\n<h2><\/h2>\n<blockquote>\n<h2><\/h2>\n<\/blockquote>\n<h2>XXIII CORSO DI INTRODUZIONE ALLA SPELEOLOGIA (S1)<\/h2>\n<p><strong><a class=\"dt-pswp-item\" href=\"http:\/\/www.radiopiu.net\/wordpress\/wp-content\/uploads\/2019\/03\/logo_gruppo_speleologico_cai_feltre.gif\" data-dt-img-description=\"\" data-large_image_width=\"300\" data-large_image_height=\"300\"><img loading=\"lazy\" decoding=\"async\" class=\"wp-image-78261 alignleft\" src=\"http:\/\/www.radiopiu.net\/wordpress\/wp-content\/uploads\/2019\/03\/logo_gruppo_speleologico_cai_feltre.gif\" alt=\"\" width=\"131\" height=\"130\" \/><\/a>FELTRE<\/strong> Il corso inizier\u00e0 il 4 maggio per concludersi il 7 luglio. Info e iscrizioni entro il 26 aprile in sede Cai di via Porta Imperiale il venerdi dalle 21. Referente Nevio De Col nevio.decol@gmail.com responsabile del gruppo spelelogico.<\/p>\n<p>&nbsp;<\/p>\n<p><strong>LA PRESENTAZIONE, DI MANUEL CONEDERA<\/strong> che ha conosciuto il gruppo speleo quando esploravano le miniere di Valle Imperina, fin da allora, dieci anni fa,\u00a0 Manuel (che allora aveva 19 anni) ha dimostrato grande amore e passione per il sito minerario<em> &#8220;Allora\u00a0 &#8211; dice Manuel &#8211;\u00a0 stavo svolgendo il corso di introduzione, grazie al gruppo da allora ho potuto esplorare molte miniere e cavit\u00e0&#8221;.<\/em><\/p>\n<p><strong>audio\u00a0<\/strong><\/p>\n<audio class=\"wp-audio-shortcode\" id=\"audio-78208-8\" preload=\"none\" style=\"width: 100%;\" controls=\"controls\"><source type=\"audio\/mpeg\" src=\"http:\/\/www.radiopiu.net\/wordpress\/wp-content\/uploads\/2019\/03\/MANUEL-CORSO.mp3?_=8\" \/><a href=\"http:\/\/www.radiopiu.net\/wordpress\/wp-content\/uploads\/2019\/03\/MANUEL-CORSO.mp3\">http:\/\/www.radiopiu.net\/wordpress\/wp-content\/uploads\/2019\/03\/MANUEL-CORSO.mp3<\/a><\/audio>\n<p>&nbsp;<\/p>\n<p>&nbsp;<\/p>\n<p>&nbsp;<\/p>\n<h2><a class=\"dt-pswp-item\" href=\"http:\/\/www.radiopiu.net\/wordpress\/wp-content\/uploads\/2018\/09\/appuntamenti.jpeg\" data-dt-img-description=\"\" data-large_image_width=\"800\" data-large_image_height=\"100\"><img loading=\"lazy\" decoding=\"async\" class=\"alignnone wp-image-61958 size-full\" src=\"http:\/\/www.radiopiu.net\/wordpress\/wp-content\/uploads\/2018\/09\/appuntamenti.jpeg\" alt=\"\" width=\"800\" height=\"100\" srcset=\"https:\/\/www.radiopiu.net\/wordpress\/wp-content\/uploads\/2018\/09\/appuntamenti.jpeg 800w, https:\/\/www.radiopiu.net\/wordpress\/wp-content\/uploads\/2018\/09\/appuntamenti-300x38.jpeg 300w, https:\/\/www.radiopiu.net\/wordpress\/wp-content\/uploads\/2018\/09\/appuntamenti-768x96.jpeg 768w\" sizes=\"auto, (max-width: 800px) 100vw, 800px\" \/><\/a><\/h2>\n<p>&nbsp;<\/p>\n<p><strong>CENCENIGHE<\/strong> Puntuale ritorno del carnevale nell&#8217;Agordino, epicentro come consuetudine vuole il Nof Filo&#8217; di Cencenighe. La festa in maschera \u00e8 in calendario per oggi\u00a0 ultimo di carnevale dalle 21.<\/p>\n<p>&nbsp;<\/p>\n<p><strong>CAVIOLA\u00a0<\/strong> \u00a0Festa in maschera per i bambini\u00a0 OGGI\u00a0 marted\u00ec \u201cGrasso\u201d, ritrovo delle maschere alle 14.30 nel piazzale della chiesa di Caviola. Il corteo proseguir\u00e0 lungo le vie del paese, al passaggio alla sede A.N.A. Caviola -Cime d\u2019Auta saranno offerti dolci e th\u00e8 caldo.<\/p>\n<p>&nbsp;<\/p>\n<h2>DA OGGI IL CORSO DI FORMAZIONE PER UFFICIALI DI GARA A BELLUNO<\/h2>\n<p><strong>ROBERTO BONA<\/strong><\/p>\n<audio class=\"wp-audio-shortcode\" id=\"audio-78208-9\" preload=\"none\" style=\"width: 100%;\" controls=\"controls\"><source type=\"audio\/mpeg\" src=\"http:\/\/www.radiopiu.net\/wordpress\/wp-content\/uploads\/2019\/03\/roberto.mp3?_=9\" \/><a href=\"http:\/\/www.radiopiu.net\/wordpress\/wp-content\/uploads\/2019\/03\/roberto.mp3\">http:\/\/www.radiopiu.net\/wordpress\/wp-content\/uploads\/2019\/03\/roberto.mp3<\/a><\/audio>\n<p>&nbsp;<\/p>\n<p>&nbsp;<\/p>\n<h2>TRE APPUNTAMENTI PER CELEBRARE LA FESTA DELLA DONNA, INGRESSO LIBERO E GRATUITO<\/h2>\n<blockquote>\n<h4><em>UNA BIANCA, BIANCHISSIMA NUVOLA, OMAGGIO POETICO MUSICALE AD ALDA MERINI<\/em><\/h4>\n<\/blockquote>\n<p><strong><a class=\"dt-pswp-item\" href=\"http:\/\/www.radiopiu.net\/wordpress\/wp-content\/uploads\/2019\/03\/8-marzo-2019-2.jpg\" data-dt-img-description=\"\" data-large_image_width=\"1240\" data-large_image_height=\"1754\"><img loading=\"lazy\" decoding=\"async\" class=\"wp-image-77958 alignleft\" src=\"http:\/\/www.radiopiu.net\/wordpress\/wp-content\/uploads\/2019\/03\/8-marzo-2019-2-724x1024.jpg\" alt=\"\" width=\"130\" height=\"184\" srcset=\"https:\/\/www.radiopiu.net\/wordpress\/wp-content\/uploads\/2019\/03\/8-marzo-2019-2-724x1024.jpg 724w, https:\/\/www.radiopiu.net\/wordpress\/wp-content\/uploads\/2019\/03\/8-marzo-2019-2-212x300.jpg 212w, https:\/\/www.radiopiu.net\/wordpress\/wp-content\/uploads\/2019\/03\/8-marzo-2019-2-768x1086.jpg 768w, https:\/\/www.radiopiu.net\/wordpress\/wp-content\/uploads\/2019\/03\/8-marzo-2019-2.jpg 1240w\" sizes=\"auto, (max-width: 130px) 100vw, 130px\" \/><\/a>PIEVE D&#8217;ALPAGO<\/strong> I versi di Alice e le canzoni di Stefania in uno spettacolo sul rapporto tra arte e follia nelle opere della poetessa milanese Alda Merini. Venerdi 8 marzo alle 20.30 nel Municipio di Pieve d&#8217;Alpago<\/p>\n<blockquote>\n<h4><em>D&#8217;AMORE NON SI MUORE, SECONDA EDIZIONE. PER LA GIORNATA INTERNAZIONALE DELLA DONNA\u00a0<\/em><\/h4>\n<\/blockquote>\n<p><strong>PONTE NELLE ALPI <\/strong>Sabato 9 marzo alle 17 interventi di Anna Cubattoli, presidente dell&#8217;associazione Belluno Donna. Letture: Paola Bettiol, Patrizia Burigo, Alice De Toni, Mario Franco, Sacha Rosel. Musiche: Valentina De March (voce chitarra), Teresa Pante (violoncello), Stefania Pillon (recitazione e canto), Trio musicale Domi-tan: Federico De Carli, Tatiana Munaro e Anna Zanella. Danza: Laura Zago e gruppo Korarte.<\/p>\n<blockquote>\n<h4><em><a class=\"dt-pswp-item\" href=\"http:\/\/www.radiopiu.net\/wordpress\/wp-content\/uploads\/2019\/03\/9-marzo-2019-2.jpg\" data-dt-img-description=\"\" data-large_image_width=\"907\" data-large_image_height=\"1512\"><img loading=\"lazy\" decoding=\"async\" class=\"wp-image-77960 alignleft\" src=\"http:\/\/www.radiopiu.net\/wordpress\/wp-content\/uploads\/2019\/03\/9-marzo-2019-2-614x1024.jpg\" alt=\"\" width=\"117\" height=\"195\" srcset=\"https:\/\/www.radiopiu.net\/wordpress\/wp-content\/uploads\/2019\/03\/9-marzo-2019-2-614x1024.jpg 614w, https:\/\/www.radiopiu.net\/wordpress\/wp-content\/uploads\/2019\/03\/9-marzo-2019-2-180x300.jpg 180w, https:\/\/www.radiopiu.net\/wordpress\/wp-content\/uploads\/2019\/03\/9-marzo-2019-2-768x1280.jpg 768w, https:\/\/www.radiopiu.net\/wordpress\/wp-content\/uploads\/2019\/03\/9-marzo-2019-2.jpg 907w\" sizes=\"auto, (max-width: 117px) 100vw, 117px\" \/><\/a>DIRITTI DELLE DONNE, UNA QUESTIONE APERTA. RIFLESSIONI, PAROLE E MUSICHE\u00a0<\/em><\/h4>\n<\/blockquote>\n<p><strong>BELLUNO<\/strong> Lunedi 11 marzo alle 18 nell&#8217;aula magna dell&#8217;Istituto Catullo di via Garibaldi per la giornata internazionale della donna interventi di Giovanna Ninni (attivista di ieri) &#8220;Un percorso di passione&#8221;, Cristina Da Rold (giornalista) &#8220;Viaggio tra i femminismi del terzo millenio&#8221;, Maria Rita Gentilin (Spi Cgil Belluno) &#8220;I diritti senza limiti di et\u00e0&#8221;, Rossana Mungiello (consigliera di parit\u00e0 della Provincia di Belluno) &#8220;Il rischio di tornare indietro&#8221;, Chiara Sacchet (casa dei beni comuni) &#8220;Unire le voci, da un&#8217;esperienza recente a una proposta futura&#8221;. Coordina Enrico Bacchetti (direttore Isbrec), Letture e musiche Patrizia Burigo, Alice De Toni, Valentina De March, e Stefania Pillon.<\/p>\n<p>&nbsp;<\/p>\n<p>&nbsp;<\/p>\n<h2>REFERENDUM 16 MESI DOPO. IL PUNTO<\/h2>\n<p><strong>BELLUNO<\/strong> Sabato alle 10 in sala Muccin al centro Giovanni XXIII di Piazza Piloni Indipendenza Veneta organizza l&#8217;incontro dibattito su &#8220;Autonomia del Veneto e di Belluno-Dolomiti, punto e prospettive\u00a0 a 16 mesi dal Referendum&#8221;. Interverranno l&#8217;Onorevole Dario Bond, l&#8217;avvocato Alessio Morosin di Indipendenza Veneta, l&#8217;avvocato Simonetta Rubinato di Veneto Vivo e il professor Daniele Trabucco docente di diritto costituzionale.<\/p>\n<p>&nbsp;<\/p>\n<p>&nbsp;<\/p>\n<p>&nbsp;<\/p>\n<p><strong>VOLTAGO<\/strong> FINO AL 5 APRILE\u00a0 tutti i giorni sabati e domeniche compresi, senso unico alternato regolato da semaforo lungo la provinciale 347 in Comune di Voltago per <a class=\"dt-pswp-item\" href=\"http:\/\/www.radiopiu.net\/wordpress\/wp-content\/uploads\/2018\/08\/VIABILIA.jpeg\" data-dt-img-description=\"\" data-large_image_width=\"1280\" data-large_image_height=\"768\"><img loading=\"lazy\" decoding=\"async\" class=\"wp-image-57053 alignleft\" src=\"http:\/\/www.radiopiu.net\/wordpress\/wp-content\/uploads\/2018\/08\/VIABILIA-1024x614.jpeg\" alt=\"\" width=\"127\" height=\"76\" srcset=\"https:\/\/www.radiopiu.net\/wordpress\/wp-content\/uploads\/2018\/08\/VIABILIA-1024x614.jpeg 1024w, https:\/\/www.radiopiu.net\/wordpress\/wp-content\/uploads\/2018\/08\/VIABILIA-300x180.jpeg 300w, https:\/\/www.radiopiu.net\/wordpress\/wp-content\/uploads\/2018\/08\/VIABILIA-768x461.jpeg 768w, https:\/\/www.radiopiu.net\/wordpress\/wp-content\/uploads\/2018\/08\/VIABILIA.jpeg 1280w\" sizes=\"auto, (max-width: 127px) 100vw, 127px\" \/><\/a>lavori di somma urgenza e messa in sicurezza del piano viabile.<\/p>\n<p><strong>CENCENIGHE<\/strong> FINO ALL&#8217;8 MARZO in prossimit\u00e0 di Cencenighe lungo la regionale 203 agordina ,esclusi sabati e domeniche, senso unico regolato da semaforo\u00a0 IN PROSSIMITA&#8217; DI CENCENIGHE LUNGO LA REGIONALE 203 AGORDINA, ESCLUSI FESTIVI E PREFESTIVI<\/p>\n<p><strong>SOSPIROLO<\/strong>\u00a0FINO AL 15 MARZO provinciale 2 della Valle del Mis chiude in localit\u00e0 Pascoli e Pian Falcina (Comune di Sospirolo) dalle 8 alle 12 e alle 13.30 alle 17.30, tutti i giorni feriali ad esclusione dei sabati, domeniche e festivi infrasettimanali. In particolare: dalle 8 alle 12 e dalle 13.30 alle 17.30 durante le lavorazioni esterne alla galleria, dalle 8 alle 17.30 nel corso delle lavorazioni in galleria. Negli altri periodi senso unico alternato regolato da impianto semaforico.<\/p>\n<p><strong>FALCADE<\/strong>\u00a0 FINO\u00a0 ALL&#8217;8 MARZO\u00a0 con esclusione dei giorni festivi e prefestivi, senso unico alternato regolato da semaforo lungo la 346 del San Pellegrino in Comune di Falcade.<\/p>\n<p>&nbsp;<\/p>\n<p>&nbsp;<\/p>\n<p>&nbsp;<\/p>\n<p>&nbsp;<\/p>\n<p><a class=\"dt-pswp-item\" href=\"http:\/\/www.radiopiu.net\/wordpress\/wp-content\/uploads\/2018\/09\/sport.jpg\" data-dt-img-description=\"\" data-large_image_width=\"800\" data-large_image_height=\"100\"><img loading=\"lazy\" decoding=\"async\" class=\"alignnone wp-image-60761 size-full\" src=\"http:\/\/www.radiopiu.net\/wordpress\/wp-content\/uploads\/2018\/09\/sport.jpg\" alt=\"\" width=\"800\" height=\"100\" srcset=\"https:\/\/www.radiopiu.net\/wordpress\/wp-content\/uploads\/2018\/09\/sport.jpg 800w, https:\/\/www.radiopiu.net\/wordpress\/wp-content\/uploads\/2018\/09\/sport-300x38.jpg 300w, https:\/\/www.radiopiu.net\/wordpress\/wp-content\/uploads\/2018\/09\/sport-768x96.jpg 768w\" sizes=\"auto, (max-width: 800px) 100vw, 800px\" \/><\/a><\/p>\n<p>&nbsp;<\/p>\n<h2>LORENZO BUSIN ALLA VASALOPPET CONTRO UN AVVERSARIO TEMIBILE: LA TOSSE.<\/h2>\n<p><strong><a class=\"dt-pswp-item\" href=\"http:\/\/www.radiopiu.net\/wordpress\/wp-content\/uploads\/2019\/03\/WhatsApp-Image-2019-03-04-at-14.04.25.jpeg\" data-dt-img-description=\"\" data-large_image_width=\"720\" data-large_image_height=\"1280\"><img loading=\"lazy\" decoding=\"async\" class=\"wp-image-78256 alignleft\" src=\"http:\/\/www.radiopiu.net\/wordpress\/wp-content\/uploads\/2019\/03\/WhatsApp-Image-2019-03-04-at-14.04.25-576x1024.jpeg\" alt=\"\" width=\"137\" height=\"243\" srcset=\"https:\/\/www.radiopiu.net\/wordpress\/wp-content\/uploads\/2019\/03\/WhatsApp-Image-2019-03-04-at-14.04.25-576x1024.jpeg 576w, https:\/\/www.radiopiu.net\/wordpress\/wp-content\/uploads\/2019\/03\/WhatsApp-Image-2019-03-04-at-14.04.25-169x300.jpeg 169w, https:\/\/www.radiopiu.net\/wordpress\/wp-content\/uploads\/2019\/03\/WhatsApp-Image-2019-03-04-at-14.04.25.jpeg 720w\" sizes=\"auto, (max-width: 137px) 100vw, 137px\" \/><\/a>SVEZIA<\/strong> Lorenzo Busin ritorna dalla &#8220;vasa&#8221; con il pettorale da incorniciare assieme al 129\u00b0posto che viste le sue condizioni fisiche \u00e8 un altro successo. Infatti il medico lo avrebbe fatto desistere domenica quando si \u00e8 presentato al via con gli occhi lucidi, la tozze e il fazzoletto a portata di naso&#8230;Nonostante il malessere che negli ultimi giorni non gli ha dato tregua Lorenzo ha messo gli sci stretti e ci ha dato dentro come ormai ci ha abituato. Per tre quarti di gara ha &#8220;menato&#8221; alla grande rimanendo francobollato ai primi, non pi\u00f9 di 20 secondi dai battistrada. Poi la tosse ha iniziato a farsi pi\u00f9 forte e Lorenzo ha dovuto rallentare ma a ritirarsi non c&#8217;ha mai pensato, per questo ha tagliato il traguardo con soddisfazione, sicuramente a testa alta. E in Valle del Biois&#8230;la festa continua.<\/p>\n<p><em>WIKIPEDIA DICE..<\/em>..La\u00a0<b>Vasaloppet<\/b>\u00a0\u00e8 una gara di\u00a0<a title=\"Sci di fondo\" href=\"https:\/\/it.wikipedia.org\/wiki\/Sci_di_fondo\">sci di fondo<\/a>\u00a0su lunga distanza (<a class=\"mw-redirect\" title=\"Maratona sciistica\" href=\"https:\/\/it.wikipedia.org\/wiki\/Maratona_sciistica\">maratona sciistica<\/a>), che si svolge annualmente\u00a0 in\u00a0<a title=\"Svezia\" href=\"https:\/\/it.wikipedia.org\/wiki\/Svezia\">Svezia<\/a>, la prima domenica di marzo. \u00c8 la pi\u00f9 vecchia, pi\u00f9 lunga e pi\u00f9 grande gara di sci di fondo del mondo. Durante l&#8217;ottantesima edizione, disputata il 7 marzo\u00a0<a title=\"2004\" href=\"https:\/\/it.wikipedia.org\/wiki\/2004\">2004<\/a>, circa 15.500 sciatori gareggiarono nella gara principale, che si svolge su una distanza di 90 chilometri tra il villaggio di\u00a0<a title=\"S\u00e4len\" href=\"https:\/\/it.wikipedia.org\/wiki\/S%C3%A4len\">S\u00e4len<\/a>\u00a0e la citt\u00e0 di\u00a0<a title=\"Mora (Svezia)\" href=\"https:\/\/it.wikipedia.org\/wiki\/Mora_(Svezia)\">Mora<\/a>. La gara nacque nel\u00a0<a title=\"1922\" href=\"https:\/\/it.wikipedia.org\/wiki\/1922\">1922<\/a>, ispirandosi al percorso che il futuro Re\u00a0<a title=\"Gustavo I di Svezia\" href=\"https:\/\/it.wikipedia.org\/wiki\/Gustavo_I_di_Svezia\">Gustavo Vasa<\/a>\u00a0aveva compiuto nel\u00a0<a title=\"1520\" href=\"https:\/\/it.wikipedia.org\/wiki\/1520\">1520<\/a>. Il vincitore della prima edizione fu Ernst Alm da\u00a0<a title=\"Norsj\u00f6\" href=\"https:\/\/it.wikipedia.org\/wiki\/Norsj%C3%B6\">Norsj\u00f6<\/a>, che ancora oggi \u00e8 il pi\u00f9 giovane vincitore della gara.<\/p>\n<p>&nbsp;<\/p>\n<p>&nbsp;<\/p>\n<h3><\/h3>\n<h3><\/h3>\n<h3><\/h3>\n<h3><\/h3>\n<h3>PROVACI ALLEGHE! QUESTA SERA GARA3 DEI QUARTI DI FINALE<\/h3>\n<p>Ultime speranze questa sera per l&#8217;Alleghe Hockey di allungare la serie dei quarti di finale playoff della IHL con il Merano. Le civette giocheranno questa sera alle ore 20:30 gara 3 alla MeranArena. Dopo le due sconfitte contro la squadra di Ansoldi, i ragazzi di Eskola sono chiamati ad una prova di forza contro la corazzata altoatesina. Vincere stasera vorrebbe dire rimettere in discussione la qualificazione e portare la squadra agordina a gara 4. in caso di sconfitta l&#8217;Alleghe terminerebbe la sua stagione, ma con l&#8217;obbiettivo stagionale centrato: qualificarsi alla fase finale del campionato. Radio Pi\u00f9 seguir\u00e0 la partita in diretta a partire dalle 20:30 all&#8217;interno di \u201cHockey Al Punto Giusto\u201d.<\/p>\n<p>&nbsp;<\/p>\n<p>&nbsp;<\/p>\n<p>&nbsp;<\/p>\n<h2>HOCKEY POSTICIPO PER LE FINALI DELL&#8217;AGORDINO<\/h2>\n<p><a class=\"dt-pswp-item\" href=\"http:\/\/www.radiopiu.net\/wordpress\/wp-content\/uploads\/2019\/02\/WhatsApp-Image-2019-02-26-at-10.12.09.jpeg\" data-dt-img-description=\"\" data-large_image_width=\"1050\" data-large_image_height=\"600\"><img loading=\"lazy\" decoding=\"async\" class=\"alignnone wp-image-77598 size-full\" src=\"http:\/\/www.radiopiu.net\/wordpress\/wp-content\/uploads\/2019\/02\/WhatsApp-Image-2019-02-26-at-10.12.09.jpeg\" alt=\"\" width=\"1050\" height=\"600\" srcset=\"https:\/\/www.radiopiu.net\/wordpress\/wp-content\/uploads\/2019\/02\/WhatsApp-Image-2019-02-26-at-10.12.09.jpeg 1050w, https:\/\/www.radiopiu.net\/wordpress\/wp-content\/uploads\/2019\/02\/WhatsApp-Image-2019-02-26-at-10.12.09-300x171.jpeg 300w, https:\/\/www.radiopiu.net\/wordpress\/wp-content\/uploads\/2019\/02\/WhatsApp-Image-2019-02-26-at-10.12.09-768x439.jpeg 768w, https:\/\/www.radiopiu.net\/wordpress\/wp-content\/uploads\/2019\/02\/WhatsApp-Image-2019-02-26-at-10.12.09-1024x585.jpeg 1024w\" sizes=\"auto, (max-width: 1050px) 100vw, 1050px\" \/><\/a><\/p>\n<p>Le finali del torneo agordino di hockey su ghiaccio sono posticipate di una settimana, non pi\u00f9 sabato 2 ma la settimana successiva.<\/p>\n<p>&nbsp;<\/p>\n<p>&nbsp;<\/p>\n<p>&nbsp;<\/p>\n<h2>BAIT NIGHT<\/h2>\n<p><strong>SELVA DI CADORE<\/strong> La gara di sci alpinismo Bait Night andr\u00e0 in scena domani\u00a0 alle 19.45 sulla pista Bait e ciaune\u00a0 di Pescul. E&#8217; una gara non competitiva in notturna con gli d&#8217;alpinismo. Partenza da Pescul (1415msm) e risalita fino al ristoro Belvedere a 2082 metri. Lunghezza 3,5 chilometri, dislivello 667 m. Iscrizioni on line sul sito www.valfiorentina.it fino a martedi 5 marzo, sul posto priama della gara tra le 18 e le 19.<\/p>\n<p>&nbsp;<\/p>\n<p>&nbsp;<\/p>\n<p>&nbsp;<\/p>\n<h2>CIASPARUN 2019, CIASPOLATA NON COMPETITIVA A PASSO GIAU<\/h2>\n<p>sabato 9 marzo 9^ edizione della ciaspolata non competitiva, partenza alle 18 30, dal Rifugio Fedare, percorso ad anello di circa 5 km. La quota di iscrizione comprende anche la cena tipica con canederli e goulash presso il Rifugio Fedare, numerosi i premi a estrazione. Le iscrizioni (disponibile il servizio di noleggio ciaspole) sono aperte presso l\u2019ufficio turistico in piazza a Colle S.Lucia fino a venerd\u00ec 8 marzo, oppure il giorno della gara al Rifugio Fedare dalle 16.30, per maggiori informazioni 347\/6189044 in orario ufficio. In palio il super premio BAITNIGHT + CIASPARUN, verr\u00e0 sorteggiato nella serata della CIASPARUN<\/p>\n<p>&nbsp;<\/p>\n<p>&nbsp;<\/p>\n<p>&nbsp;<\/p>\n<p>&nbsp;<\/p>\n<h2><a class=\"dt-pswp-item\" href=\"http:\/\/www.radiopiu.net\/wordpress\/wp-content\/uploads\/2018\/09\/WhatsApp-Image-2018-09-20-at-16.04.06.jpeg\" data-dt-img-description=\"\" data-large_image_width=\"800\" data-large_image_height=\"100\"><img loading=\"lazy\" decoding=\"async\" class=\"alignnone wp-image-61378 size-full\" src=\"http:\/\/www.radiopiu.net\/wordpress\/wp-content\/uploads\/2018\/09\/WhatsApp-Image-2018-09-20-at-16.04.06.jpeg\" alt=\"\" width=\"800\" height=\"100\" srcset=\"https:\/\/www.radiopiu.net\/wordpress\/wp-content\/uploads\/2018\/09\/WhatsApp-Image-2018-09-20-at-16.04.06.jpeg 800w, https:\/\/www.radiopiu.net\/wordpress\/wp-content\/uploads\/2018\/09\/WhatsApp-Image-2018-09-20-at-16.04.06-300x38.jpeg 300w, https:\/\/www.radiopiu.net\/wordpress\/wp-content\/uploads\/2018\/09\/WhatsApp-Image-2018-09-20-at-16.04.06-768x96.jpeg 768w\" sizes=\"auto, (max-width: 800px) 100vw, 800px\" \/><\/a><\/h2>\n<p>&nbsp;<\/p>\n<p><center><b>Martedi 5<\/b><\/center><b>Tempo atteso: <\/b>Tempo ben soleggiato dopo l&#8217;allontanamento della residua nuvolosit\u00e0 notturna e qualche velatura mattutina; da met\u00e0 mattinata in poi tempo ben soleggiato con cielo perlopi\u00f9 sereno. Clima mattutino piuttosto fresco, con gelate su molti settori, di nuovo relativamente mite di giorno nelle valli per il prolungato soleggiamento.<br \/>\n<b>Precipitazioni: <\/b>Assenti (0%).<br \/>\n<b>Temperature: <\/b>Minime in calo a tutte le quote; massime in lieve calo in quota e in ripresa nelle valli con punte massime di 11\/12\u00b0C nelle conche prealpine e di 8\/9\u00b0C a 1000\/1200 m. Su Prealpi a 1500 m min -1\u00b0C max 4\u00b0C, a 2000 m min -4\u00b0C max 0\u00b0C. Su Dolomiti a 2000 m min -5\u00b0C max -1\u00b0C, a 3000 m min -12\u00b0C max -8\u00b0C.<br \/>\n<b>Venti: <\/b>Nelle valli deboli\/moderati per brezze; in quota deboli, a tratti moderati, da Ovest Nord-Ovest, a 5-15 km\/h a 2000 m, 15-35 km\/h a 3000 m.<\/p>\n<hr \/>\n<p><center><b>Mercoledi 6<\/b><\/center><b>Tempo atteso: <\/b>Dopo i residui tratti soleggiati del mattino, specie in quota, la nuvolosit\u00e0 stratiforme medio-alta aumenter\u00e0 fino a coprire del tutto il cielo dalle ore centrali in poi, anche per nubi basse su molti settori prealpini. In questo contesto sempre pi\u00f9 umido, il rischio precipitazioni rimarr\u00e0 pressoch\u00e9 assente e l&#8217;escursione termica diurna sar\u00e0 piuttosto ridotta.<br \/>\n<b>Precipitazioni: <\/b>Assenti (0%) in giornata, in tarda serata non escluse locali pioviggine e qualche fiocco di neve in alta quota (10%).<br \/>\n<b>Temperature: <\/b>Minime in rialzo a tutte le quote; massime in generale lieve calo. Sono previste punte di 8\/9\u00b0C nei fondovalle prealpini e di 5\/6\u00b0C a 1000\/1200 m Su Prealpi a 1500 m min 0\u00b0C max 3\u00b0C, a 2000 m min -3\u00b0C max -1\u00b0C. Su Dolomiti a 2000 m min -4\u00b0C max -2\u00b0C, a 3000 m min -8\u00b0C max -5\u00b0C.<br \/>\n<b>Venti: <\/b>Nelle valli deboli di direzione variabile; in quota moderati\/tesi da Sud-Ovest, in rinforzo fino a forti sulle vette dolomitiche pi\u00f9 alte nel tardo pomeriggio\/sera, a 10-25 km\/h a 2000 m, 25-50 km\/h a 3000 m.<\/p>\n<hr \/>\n<p><center><b>Giovedi 7<\/b><\/center>Tempo in peggioramento, con cielo da molto nuvoloso a coperto, associato a precipitazioni deboli al mattino e moderate al pomeriggio, nevose sopra i 1500\/1600 m, con limite in lieve calo nel tardo pomeriggio\/sera. Clima diurno pi\u00f9 uggioso e assai pi\u00f9 fresco, specie nelle valli. Venti da Sud Sud-Ovest tesi\/forti in quota, deboli di direzione variabile nelle valli.<\/p>\n<hr \/>\n<p><center><b>Venerdi 8<\/b><\/center>Residua perturbabilit\u00e0 con cielo ancora assai nuvoloso e precipitazioni a carattere di rovescio, nevose oltre i 1100\/1400 m. Al pomeriggio il tempo tender\u00e0 ad essere variabile con addensamenti, associati a residui fenomeni, assieme alle prime schiarite. Temperature in generale lieve calo, salvo locali aumenti della massime a bassa quota. Venti deboli\/moderati da Sud-Ovest in quota. Previsore: R.L.Th<\/p>\n","protected":false},"excerpt":{"rendered":"<p>Grave incidente stradale in Valsugana, \u00e8 morta Gabriella Ocnaru, 47 anni, fatale lo scontro all&#8217;alba con un camion, dall&#8217;ospedale di Feltre dove era partita la dipendente Ulss,\u00a0 era diretta a casa a Borso del Grappa ed \u00e8 stata probabilmente tradita da un colpo di sonno (corriere delle alpi). A Belluno brucia completamente un edificio da&hellip;<\/p>\n","protected":false},"author":1,"featured_media":78275,"comment_status":"closed","ping_status":"closed","sticky":false,"template":"","format":"standard","meta":{"_monsterinsights_skip_tracking":false,"_monsterinsights_sitenote_active":false,"_monsterinsights_sitenote_note":"","_monsterinsights_sitenote_category":0,"footnotes":""},"categories":[86],"tags":[],"class_list":["post-78208","post","type-post","status-publish","format-standard","has-post-thumbnail","hentry","category-gr","category-86","description-off"],"img_url":"https:\/\/www.radiopiu.net\/wordpress\/wp-content\/uploads\/2019\/03\/ANAS_1.jpg","_links":{"self":[{"href":"https:\/\/www.radiopiu.net\/wordpress\/wp-json\/wp\/v2\/posts\/78208","targetHints":{"allow":["GET"]}}],"collection":[{"href":"https:\/\/www.radiopiu.net\/wordpress\/wp-json\/wp\/v2\/posts"}],"about":[{"href":"https:\/\/www.radiopiu.net\/wordpress\/wp-json\/wp\/v2\/types\/post"}],"author":[{"embeddable":true,"href":"https:\/\/www.radiopiu.net\/wordpress\/wp-json\/wp\/v2\/users\/1"}],"replies":[{"embeddable":true,"href":"https:\/\/www.radiopiu.net\/wordpress\/wp-json\/wp\/v2\/comments?post=78208"}],"version-history":[{"count":0,"href":"https:\/\/www.radiopiu.net\/wordpress\/wp-json\/wp\/v2\/posts\/78208\/revisions"}],"wp:featuredmedia":[{"embeddable":true,"href":"https:\/\/www.radiopiu.net\/wordpress\/wp-json\/wp\/v2\/media\/78275"}],"wp:attachment":[{"href":"https:\/\/www.radiopiu.net\/wordpress\/wp-json\/wp\/v2\/media?parent=78208"}],"wp:term":[{"taxonomy":"category","embeddable":true,"href":"https:\/\/www.radiopiu.net\/wordpress\/wp-json\/wp\/v2\/categories?post=78208"},{"taxonomy":"post_tag","embeddable":true,"href":"https:\/\/www.radiopiu.net\/wordpress\/wp-json\/wp\/v2\/tags?post=78208"}],"curies":[{"name":"wp","href":"https:\/\/api.w.org\/{rel}","templated":true}]}}