{"id":78239,"date":"2019-03-04T15:15:39","date_gmt":"2019-03-04T14:15:39","guid":{"rendered":"http:\/\/www.radiopiu.net\/wordpress\/?p=78239"},"modified":"2019-03-04T15:15:39","modified_gmt":"2019-03-04T14:15:39","slug":"la-chiave-di-auberon-lultimo-volume-di-vania-russo","status":"publish","type":"post","link":"https:\/\/www.radiopiu.net\/wordpress\/la-chiave-di-auberon-lultimo-volume-di-vania-russo\/","title":{"rendered":"LA CHIAVE DI AUBERON: L&#8217;ULTIMO VOLUME DI VANIA RUSSO"},"content":{"rendered":"<h2><\/h2>\n<p><strong><a class=\"dt-pswp-item\" href=\"http:\/\/www.radiopiu.net\/wordpress\/wp-content\/uploads\/2019\/03\/ChiaveDiAuberonAMZ.jpg\" data-dt-img-description=\"\" data-large_image_width=\"1757\" data-large_image_height=\"2500\"><img loading=\"lazy\" decoding=\"async\" class=\"wp-image-78235 alignleft\" src=\"http:\/\/www.radiopiu.net\/wordpress\/wp-content\/uploads\/2019\/03\/ChiaveDiAuberonAMZ-720x1024.jpg\" alt=\"\" width=\"193\" height=\"274\" srcset=\"https:\/\/www.radiopiu.net\/wordpress\/wp-content\/uploads\/2019\/03\/ChiaveDiAuberonAMZ-720x1024.jpg 720w, https:\/\/www.radiopiu.net\/wordpress\/wp-content\/uploads\/2019\/03\/ChiaveDiAuberonAMZ-211x300.jpg 211w, https:\/\/www.radiopiu.net\/wordpress\/wp-content\/uploads\/2019\/03\/ChiaveDiAuberonAMZ-768x1093.jpg 768w, https:\/\/www.radiopiu.net\/wordpress\/wp-content\/uploads\/2019\/03\/ChiaveDiAuberonAMZ.jpg 1757w\" sizes=\"auto, (max-width: 193px) 100vw, 193px\" \/><\/a>FELTRE<\/strong> Storia e mistero, esoterismo e ricerca eugenetica, forze occulte e grandi passioni. Sono solo alcuni degli elementi che si intrecciano ne \u201cLa Chiave di Auberon\u201d, l\u2019ultimo libro della scrittrice di origini napoletane, ma feltrina d\u2019adozione, Vania Russo. Il volume conclude \u201cLa trilogia dell\u2019Inquisitore\u201d, il possente progetto editoriale che ha visto l\u2019autrice impegnata in una ricerca storica ed antropologia durata circa un decennio e che ha spaziato in numerosi ambiti, anche geografici, non solo nel nostro Paese. Ne \u00e8 scaturito un romanzo appassionante e ricco di sfumature, giocato su un serie di parallelismi di trame e personaggi che tengono il lettore incollato alla narrazione sino al movimentato epilogo. La presentazione al pubblico \u00e8 avvenuta nelle suggestive sale del Centro Unisono, a Palazzo Guarnieri, nel cuore della cittadella storica di Feltre. Ad accompagnare il dialogo di Vania Russo con il giornalista Nicola Maccagnan, l\u2019esecuzione di alcuni brani al pianoforte da parte della giovane musicista Eleonora Centa e le letture di Paolo Bottega, del Centro Internazionale del Libro Parlato di Feltre. L\u2019incontro \u00e8 stato l\u2019occasione per toccare alcuni temi affrontati dalla scrittrice in questo suo ultimo libro, che si presenta anche nella veste di una denuncia delle pericolose derive a cui \u00e8 esposta, oggi come e pi\u00f9 che in passato, la nostra societ\u00e0.<\/p>\n<p><strong>L&#8217;AUTRICE VANIA RUSSO<\/strong><\/p>\n<audio class=\"wp-audio-shortcode\" id=\"audio-78239-1\" preload=\"none\" style=\"width: 100%;\" controls=\"controls\"><source type=\"audio\/mpeg\" src=\"http:\/\/www.radiopiu.net\/wordpress\/wp-content\/uploads\/2019\/03\/scrittrice-feltrina-Vania-Russo.mp3?_=1\" \/><a href=\"http:\/\/www.radiopiu.net\/wordpress\/wp-content\/uploads\/2019\/03\/scrittrice-feltrina-Vania-Russo.mp3\">http:\/\/www.radiopiu.net\/wordpress\/wp-content\/uploads\/2019\/03\/scrittrice-feltrina-Vania-Russo.mp3<\/a><\/audio>\n<p><a class=\"dt-pswp-item\" href=\"http:\/\/www.radiopiu.net\/wordpress\/wp-content\/uploads\/2019\/03\/IMG_20190301_180520.jpg\" data-dt-img-description=\"\" data-large_image_width=\"5312\" data-large_image_height=\"2988\"><img loading=\"lazy\" decoding=\"async\" class=\"alignnone size-large wp-image-78236\" src=\"http:\/\/www.radiopiu.net\/wordpress\/wp-content\/uploads\/2019\/03\/IMG_20190301_180520-1024x576.jpg\" alt=\"\" width=\"1024\" height=\"576\" srcset=\"https:\/\/www.radiopiu.net\/wordpress\/wp-content\/uploads\/2019\/03\/IMG_20190301_180520-1024x576.jpg 1024w, https:\/\/www.radiopiu.net\/wordpress\/wp-content\/uploads\/2019\/03\/IMG_20190301_180520-300x169.jpg 300w, https:\/\/www.radiopiu.net\/wordpress\/wp-content\/uploads\/2019\/03\/IMG_20190301_180520-768x432.jpg 768w\" sizes=\"auto, (max-width: 1024px) 100vw, 1024px\" \/><\/a>Alla serata di presentazione de \u201cLa Chiave di Auberon\u201d \u00e8 intervenuto anche l\u2019editore Andrea Tralli, titolare di Panda Edizioni, la societ\u00e0 di Castelfranco Veneto che ha sposato il progetto editoriale della trilogia di Vania Russo. \u201cLa chiave di Auberon\u201d, uscito da poche settimane, ha gi\u00e0 riscosso un ottimo successo di critica; \u00e8 disponibile in tutte le librerie e negli store on line.<\/p>\n<p>&nbsp;<\/p>\n<p>&nbsp;<\/p>\n","protected":false},"excerpt":{"rendered":"<p>FELTRE Storia e mistero, esoterismo e ricerca eugenetica, forze occulte e grandi passioni. Sono solo alcuni degli elementi che si intrecciano ne \u201cLa Chiave di Auberon\u201d, l\u2019ultimo libro della scrittrice di origini napoletane, ma feltrina d\u2019adozione, Vania Russo. Il volume conclude \u201cLa trilogia dell\u2019Inquisitore\u201d, il possente progetto editoriale che ha visto l\u2019autrice impegnata in una&hellip;<\/p>\n","protected":false},"author":1,"featured_media":78236,"comment_status":"closed","ping_status":"closed","sticky":false,"template":"","format":"standard","meta":{"_monsterinsights_skip_tracking":false,"_monsterinsights_sitenote_active":false,"_monsterinsights_sitenote_note":"","_monsterinsights_sitenote_category":0,"footnotes":""},"categories":[49],"tags":[],"class_list":["post-78239","post","type-post","status-publish","format-standard","has-post-thumbnail","hentry","category-news-18","category-49","description-off"],"img_url":"https:\/\/www.radiopiu.net\/wordpress\/wp-content\/uploads\/2019\/03\/IMG_20190301_180520.jpg","_links":{"self":[{"href":"https:\/\/www.radiopiu.net\/wordpress\/wp-json\/wp\/v2\/posts\/78239","targetHints":{"allow":["GET"]}}],"collection":[{"href":"https:\/\/www.radiopiu.net\/wordpress\/wp-json\/wp\/v2\/posts"}],"about":[{"href":"https:\/\/www.radiopiu.net\/wordpress\/wp-json\/wp\/v2\/types\/post"}],"author":[{"embeddable":true,"href":"https:\/\/www.radiopiu.net\/wordpress\/wp-json\/wp\/v2\/users\/1"}],"replies":[{"embeddable":true,"href":"https:\/\/www.radiopiu.net\/wordpress\/wp-json\/wp\/v2\/comments?post=78239"}],"version-history":[{"count":0,"href":"https:\/\/www.radiopiu.net\/wordpress\/wp-json\/wp\/v2\/posts\/78239\/revisions"}],"wp:featuredmedia":[{"embeddable":true,"href":"https:\/\/www.radiopiu.net\/wordpress\/wp-json\/wp\/v2\/media\/78236"}],"wp:attachment":[{"href":"https:\/\/www.radiopiu.net\/wordpress\/wp-json\/wp\/v2\/media?parent=78239"}],"wp:term":[{"taxonomy":"category","embeddable":true,"href":"https:\/\/www.radiopiu.net\/wordpress\/wp-json\/wp\/v2\/categories?post=78239"},{"taxonomy":"post_tag","embeddable":true,"href":"https:\/\/www.radiopiu.net\/wordpress\/wp-json\/wp\/v2\/tags?post=78239"}],"curies":[{"name":"wp","href":"https:\/\/api.w.org\/{rel}","templated":true}]}}