{"id":78255,"date":"2019-03-04T15:51:29","date_gmt":"2019-03-04T14:51:29","guid":{"rendered":"http:\/\/www.radiopiu.net\/wordpress\/?p=78255"},"modified":"2019-03-11T06:05:11","modified_gmt":"2019-03-11T05:05:11","slug":"lorenzo-busin-alla-vasaloppet-contro-un-avversario-temibile-la-tosse","status":"publish","type":"post","link":"https:\/\/www.radiopiu.net\/wordpress\/lorenzo-busin-alla-vasaloppet-contro-un-avversario-temibile-la-tosse\/","title":{"rendered":"LORENZO BUSIN ALLA VASALOPPET CONTRO UN AVVERSARIO TEMIBILE: LA TOSSE."},"content":{"rendered":"<p>&nbsp;<\/p>\n<p><strong><a class=\"dt-pswp-item\" href=\"http:\/\/www.radiopiu.net\/wordpress\/wp-content\/uploads\/2019\/03\/WhatsApp-Image-2019-03-04-at-14.04.25.jpeg\" data-dt-img-description=\"\" data-large_image_width=\"720\" data-large_image_height=\"1280\"><img loading=\"lazy\" decoding=\"async\" class=\"wp-image-78256 alignleft\" src=\"http:\/\/www.radiopiu.net\/wordpress\/wp-content\/uploads\/2019\/03\/WhatsApp-Image-2019-03-04-at-14.04.25-576x1024.jpeg\" alt=\"\" width=\"137\" height=\"243\" srcset=\"https:\/\/www.radiopiu.net\/wordpress\/wp-content\/uploads\/2019\/03\/WhatsApp-Image-2019-03-04-at-14.04.25-576x1024.jpeg 576w, https:\/\/www.radiopiu.net\/wordpress\/wp-content\/uploads\/2019\/03\/WhatsApp-Image-2019-03-04-at-14.04.25-169x300.jpeg 169w, https:\/\/www.radiopiu.net\/wordpress\/wp-content\/uploads\/2019\/03\/WhatsApp-Image-2019-03-04-at-14.04.25.jpeg 720w\" sizes=\"auto, (max-width: 137px) 100vw, 137px\" \/><\/a>SVEZIA<\/strong> Lorenzo Busin ritorna dalla &#8220;vasa&#8221; con il pettorale da incorniciare assieme al 129\u00b0posto che viste le sue condizioni fisiche \u00e8 un altro successo. Infatti il medico lo avrebbe fatto desistere domenica quando si \u00e8 presentato al via con gli occhi lucidi, la tozze e il fazzoletto a portata di naso&#8230;Nonostante il malessere che negli ultimi giorni non gli ha dato tregua Lorenzo ha messo gli sci stretti e ci ha dato dentro come ormai ci ha abituato. Per tre quarti di gara ha &#8220;menato&#8221; alla grande rimanendo francobollato ai primi, non pi\u00f9 di 20 secondi dai battistrada. Poi la tosse ha iniziato a farsi pi\u00f9 forte e Lorenzo ha dovuto rallentare ma a ritirarsi non c&#8217;ha mai pensato, per questo ha tagliato il traguardo con soddisfazione, sicuramente a testa alta. E in Valle del Biois&#8230;la festa continua.<\/p>\n<p>&nbsp;<\/p>\n<p>&nbsp;<\/p>\n<p><em>WIKIPEDIA DICE..<\/em>..La\u00a0<b>Vasaloppet<\/b>\u00a0\u00e8 una gara di\u00a0<a title=\"Sci di fondo\" href=\"https:\/\/it.wikipedia.org\/wiki\/Sci_di_fondo\">sci di fondo<\/a>\u00a0su lunga distanza (<a class=\"mw-redirect\" title=\"Maratona sciistica\" href=\"https:\/\/it.wikipedia.org\/wiki\/Maratona_sciistica\">maratona sciistica<\/a>), che si svolge annualmente\u00a0 in\u00a0<a title=\"Svezia\" href=\"https:\/\/it.wikipedia.org\/wiki\/Svezia\">Svezia<\/a>, la prima domenica di marzo. \u00c8 la pi\u00f9 vecchia, pi\u00f9 lunga e pi\u00f9 grande gara di sci di fondo del mondo. Durante l&#8217;ottantesima edizione, disputata il 7 marzo\u00a0<a title=\"2004\" href=\"https:\/\/it.wikipedia.org\/wiki\/2004\">2004<\/a>, circa 15.500 sciatori gareggiarono nella gara principale, che si svolge su una distanza di 90 chilometri tra il villaggio di\u00a0<a title=\"S\u00e4len\" href=\"https:\/\/it.wikipedia.org\/wiki\/S%C3%A4len\">S\u00e4len<\/a>\u00a0e la citt\u00e0 di\u00a0<a title=\"Mora (Svezia)\" href=\"https:\/\/it.wikipedia.org\/wiki\/Mora_(Svezia)\">Mora<\/a>. La gara nacque nel\u00a0<a title=\"1922\" href=\"https:\/\/it.wikipedia.org\/wiki\/1922\">1922<\/a>, ispirandosi al percorso che il futuro Re\u00a0<a title=\"Gustavo I di Svezia\" href=\"https:\/\/it.wikipedia.org\/wiki\/Gustavo_I_di_Svezia\">Gustavo Vasa<\/a>\u00a0aveva compiuto nel\u00a0<a title=\"1520\" href=\"https:\/\/it.wikipedia.org\/wiki\/1520\">1520<\/a>. Il vincitore della prima edizione fu Ernst Alm da\u00a0<a title=\"Norsj\u00f6\" href=\"https:\/\/it.wikipedia.org\/wiki\/Norsj%C3%B6\">Norsj\u00f6<\/a>, che ancora oggi \u00e8 il pi\u00f9 giovane vincitore della gara.<\/p>\n","protected":false},"excerpt":{"rendered":"<p>&nbsp; SVEZIA Lorenzo Busin ritorna dalla &#8220;vasa&#8221; con il pettorale da incorniciare assieme al 129\u00b0posto che viste le sue condizioni fisiche \u00e8 un altro successo. Infatti il medico lo avrebbe fatto desistere domenica quando si \u00e8 presentato al via con gli occhi lucidi, la tozze e il fazzoletto a portata di naso&#8230;Nonostante il malessere che&hellip;<\/p>\n","protected":false},"author":1,"featured_media":78256,"comment_status":"closed","ping_status":"closed","sticky":false,"template":"","format":"standard","meta":{"_monsterinsights_skip_tracking":false,"_monsterinsights_sitenote_active":false,"_monsterinsights_sitenote_note":"","_monsterinsights_sitenote_category":0,"footnotes":""},"categories":[49,72],"tags":[],"class_list":["post-78255","post","type-post","status-publish","format-standard","has-post-thumbnail","hentry","category-news-18","category-sport","category-49","category-72","description-off"],"img_url":"https:\/\/www.radiopiu.net\/wordpress\/wp-content\/uploads\/2019\/03\/WhatsApp-Image-2019-03-04-at-14.04.25.jpeg","_links":{"self":[{"href":"https:\/\/www.radiopiu.net\/wordpress\/wp-json\/wp\/v2\/posts\/78255","targetHints":{"allow":["GET"]}}],"collection":[{"href":"https:\/\/www.radiopiu.net\/wordpress\/wp-json\/wp\/v2\/posts"}],"about":[{"href":"https:\/\/www.radiopiu.net\/wordpress\/wp-json\/wp\/v2\/types\/post"}],"author":[{"embeddable":true,"href":"https:\/\/www.radiopiu.net\/wordpress\/wp-json\/wp\/v2\/users\/1"}],"replies":[{"embeddable":true,"href":"https:\/\/www.radiopiu.net\/wordpress\/wp-json\/wp\/v2\/comments?post=78255"}],"version-history":[{"count":0,"href":"https:\/\/www.radiopiu.net\/wordpress\/wp-json\/wp\/v2\/posts\/78255\/revisions"}],"wp:featuredmedia":[{"embeddable":true,"href":"https:\/\/www.radiopiu.net\/wordpress\/wp-json\/wp\/v2\/media\/78256"}],"wp:attachment":[{"href":"https:\/\/www.radiopiu.net\/wordpress\/wp-json\/wp\/v2\/media?parent=78255"}],"wp:term":[{"taxonomy":"category","embeddable":true,"href":"https:\/\/www.radiopiu.net\/wordpress\/wp-json\/wp\/v2\/categories?post=78255"},{"taxonomy":"post_tag","embeddable":true,"href":"https:\/\/www.radiopiu.net\/wordpress\/wp-json\/wp\/v2\/tags?post=78255"}],"curies":[{"name":"wp","href":"https:\/\/api.w.org\/{rel}","templated":true}]}}