{"id":78302,"date":"2019-03-06T06:30:50","date_gmt":"2019-03-06T05:30:50","guid":{"rendered":"http:\/\/www.radiopiu.net\/wordpress\/?p=78302"},"modified":"2019-03-06T10:38:30","modified_gmt":"2019-03-06T09:38:30","slug":"giornale-radiopiu-06-marzo-2019-direttore-mirko-mezzacasa","status":"publish","type":"post","link":"https:\/\/www.radiopiu.net\/wordpress\/giornale-radiopiu-06-marzo-2019-direttore-mirko-mezzacasa\/","title":{"rendered":"GIORNALE RADIOPIU 06 MARZO 2019 DIRETTORE MIRKO MEZZACASA"},"content":{"rendered":"<p>Sono 2500 i bellunesi che hanno diritto al <strong>reddito di cittadinanza <\/strong>da oggi via alle domande, Ammontano a 320 mila euro\u00a0 i danni all&#8217;agricoltura causati dalla <strong>fauna selvatica<\/strong> secondo l&#8217;assessore De Bon,\u00a0 6000 euro sono stati consegnati al Cai di Agordo dall&#8217;associazione <strong>Agordino dove rinascono le Dolomiti<\/strong><\/p>\n<p>&nbsp;<\/p>\n<p><strong>CRONACA<\/strong>\u00a0 A\u00a0Levego, in via Meassa,<strong> F.A. di\u00a074 anni\u00a0<\/strong> \u00e8 stata ritrovata senza vita,\u00a0\u00a0deceduta per cause naturali tra domenica e ieri, la sorella\u00a0ieri mattina non sentendola ha chiesto aiuto ai vigili del fuoco che sono entrate in casa da una finestra. L&#8217;elisoccorso del Suem ha soccorso\u00a0a<strong> Sappada<\/strong> una donna ha perso parecchio sangue da una gamba in seguito a una\u00a0 ferita causata dalle lamine degli sci.\u00a0 Una\u00a0 donna olandese di 49 anni sulla <strong>Marmolada<\/strong> si \u00e8 fratturata una gamba, un uomo di 68 anni, tedesco, ha riportato un trauma cranico di media entit\u00e0 in seguito a una caduta sul <strong>San Pellegrino.<\/strong> Ad Agordo \u00e8\u00a0mancata a 85 anni Giovanna Taio. Un mese e mezzo fa aveva perso il marito, il maestro Ignazio Ferrazza, di 96 anni.<\/p>\n<p>&nbsp;<\/p>\n<p>&nbsp;<\/p>\n<p><strong><a class=\"dt-pswp-item\" href=\"http:\/\/www.radiopiu.net\/wordpress\/wp-content\/uploads\/2015\/06\/bimgsp.jpg\" data-dt-img-description=\"\" data-large_image_width=\"300\" data-large_image_height=\"168\"><img loading=\"lazy\" decoding=\"async\" class=\"wp-image-6703 alignleft\" src=\"http:\/\/www.radiopiu.net\/wordpress\/wp-content\/uploads\/2015\/06\/bimgsp.jpg\" alt=\"\" width=\"98\" height=\"55\" \/><\/a>SELVA DI CADORE<\/strong> Gestione Servizi Pubblici informa che a SELVA DI CADORE nelle LOCALITA&#8217; L\u2019ANDRIA e TOFFOL\u00a0 l&#8217;acqua erogata dall&#8217;acquedotto non \u00e8 potabile e pu\u00f2 essere usata per scopi alimentari solo dopo bollitura.<\/p>\n<p><strong>GOSALDO<\/strong> in TUTTO IL COMUNE TRANNE NELLE LOCALITA&#8217; LAGON, VASSERE, DELUBI, RENON, SABE, MORI, CARCOI, CENCI, SCUSSEI, PAGANIN, VALLASIN E PONGAN l&#8217;acqua erogata dall&#8217;acquedotto \u00e8 di nuovo potabile e pu\u00f2 essere usata, quindi, per scopi alimentari.<\/p>\n<p><strong>FALCADE\u00a0<\/strong> per lavori alla rete idrica comunale, giovedi\u00a0 dalle 9 a FINE LAVORI verr\u00e0 sospesa l\u2019erogazione dell\u2019acqua a FALCADE, in LOCALITA&#8217; CAVIOLA, vie TRENTO e SALPIAN.<\/p>\n<p>&nbsp;<\/p>\n<p>&nbsp;<\/p>\n<p>&nbsp;<\/p>\n<p>&nbsp;<\/p>\n<blockquote class=\"wp-embedded-content\" data-secret=\"KsT0GuZoAq\"><p><a href=\"https:\/\/www.radiopiu.net\/wordpress\/31-maggio-fine-di-dolomitistars-intervista-a-sergio-pra\/\">31 MAGGIO&#8230;. FINE DI DOLOMITISTARS. intervista a Sergio Pra<\/a><\/p><\/blockquote>\n<p><iframe loading=\"lazy\" class=\"wp-embedded-content\" sandbox=\"allow-scripts\" security=\"restricted\" style=\"position: absolute; clip: rect(1px, 1px, 1px, 1px);\" src=\"https:\/\/www.radiopiu.net\/wordpress\/31-maggio-fine-di-dolomitistars-intervista-a-sergio-pra\/embed\/#?secret=KsT0GuZoAq\" data-secret=\"KsT0GuZoAq\" width=\"600\" height=\"338\" title=\"&#8220;31 MAGGIO&#8230;. FINE DI DOLOMITISTARS. intervista a Sergio Pra&#8221; &#8212; Radio Pi\u00f9\" frameborder=\"0\" marginwidth=\"0\" marginheight=\"0\" scrolling=\"no\"><\/iframe><\/p>\n<p>&nbsp;<\/p>\n<p>&nbsp;<\/p>\n<p>&nbsp;<\/p>\n<p>&nbsp;<\/p>\n<p>&nbsp;<\/p>\n<blockquote>\n<h3>OGGI ALLE 10.30 E ALLE 19.00 RADIO PIU&#8217; TRASMETTE CISL_LA VOCE DEI LAVORATORI. INTERVISTA ESCLUSIVA SUL NUOVO CONTRATTO DI LAVORO<\/h3>\n<\/blockquote>\n<h3>CON IL SEGRETARIO NAZIONALE DELLA CISL, RAFFAELE SALVATONI<\/h3>\n<p><em><a class=\"dt-pswp-item\" href=\"http:\/\/www.radiopiu.net\/wordpress\/wp-content\/uploads\/2019\/03\/WhatsApp-Image-2019-03-05-at-14.32.34.jpeg\" data-dt-img-description=\"\" data-large_image_width=\"1600\" data-large_image_height=\"898\"><img loading=\"lazy\" decoding=\"async\" class=\"alignnone size-large wp-image-78312\" src=\"http:\/\/www.radiopiu.net\/wordpress\/wp-content\/uploads\/2019\/03\/WhatsApp-Image-2019-03-05-at-14.32.34-1024x575.jpeg\" alt=\"\" width=\"1024\" height=\"575\" srcset=\"https:\/\/www.radiopiu.net\/wordpress\/wp-content\/uploads\/2019\/03\/WhatsApp-Image-2019-03-05-at-14.32.34-1024x575.jpeg 1024w, https:\/\/www.radiopiu.net\/wordpress\/wp-content\/uploads\/2019\/03\/WhatsApp-Image-2019-03-05-at-14.32.34-300x168.jpeg 300w, https:\/\/www.radiopiu.net\/wordpress\/wp-content\/uploads\/2019\/03\/WhatsApp-Image-2019-03-05-at-14.32.34-768x431.jpeg 768w, https:\/\/www.radiopiu.net\/wordpress\/wp-content\/uploads\/2019\/03\/WhatsApp-Image-2019-03-05-at-14.32.34.jpeg 1600w\" sizes=\"auto, (max-width: 1024px) 100vw, 1024px\" \/><\/a>&#8230;alla faccia del reddito di cittadinanza..<\/em><\/p>\n<audio class=\"wp-audio-shortcode\" id=\"audio-78302-1\" preload=\"none\" style=\"width: 100%;\" controls=\"controls\"><source type=\"audio\/mpeg\" src=\"http:\/\/www.radiopiu.net\/wordpress\/wp-content\/uploads\/2019\/03\/RAFFAELA-SALVATONI.mp3?_=1\" \/><a href=\"http:\/\/www.radiopiu.net\/wordpress\/wp-content\/uploads\/2019\/03\/RAFFAELA-SALVATONI.mp3\">http:\/\/www.radiopiu.net\/wordpress\/wp-content\/uploads\/2019\/03\/RAFFAELA-SALVATONI.mp3<\/a><\/audio>\n<p><strong>FOTO<\/strong>, da destra il Segretario Nazionale Cisl Raffaele Salvatoni con il Segratario Provinciale Femca_Cisl Nicola Brancher.<\/p>\n<p>&nbsp;<\/p>\n<p>&nbsp;<\/p>\n<h2>Cordoglio della Cisl per la scomparsa di Saber El Sissy, marito del Segretario generale Cinzia Bonan<\/h2>\n<p><a class=\"dt-pswp-item\" href=\"http:\/\/www.radiopiu.net\/wordpress\/wp-content\/uploads\/2019\/03\/Saber-El-Sissy.jpg\" data-dt-img-description=\"\" data-large_image_width=\"812\" data-large_image_height=\"897\"><img loading=\"lazy\" decoding=\"async\" class=\"size-medium wp-image-78365 alignleft\" src=\"http:\/\/www.radiopiu.net\/wordpress\/wp-content\/uploads\/2019\/03\/Saber-El-Sissy-272x300.jpg\" alt=\"\" width=\"272\" height=\"300\" srcset=\"https:\/\/www.radiopiu.net\/wordpress\/wp-content\/uploads\/2019\/03\/Saber-El-Sissy-272x300.jpg 272w, https:\/\/www.radiopiu.net\/wordpress\/wp-content\/uploads\/2019\/03\/Saber-El-Sissy-768x848.jpg 768w, https:\/\/www.radiopiu.net\/wordpress\/wp-content\/uploads\/2019\/03\/Saber-El-Sissy.jpg 812w\" sizes=\"auto, (max-width: 272px) 100vw, 272px\" \/><\/a>\u00c8 mancato nella serata di luned\u00ec 4 marzo all\u2019Ospedale Ca\u2019 Foncello di Treviso Saber Mohamed Abdel Monem El Sissy, 67 anni, marito del Segretario generale della Cisl Belluno Treviso Cinzia Bonan. L\u2019Unione sindacale trevigiana con tutti i suoi operatori, i sindacalisti, i rappresentanti dei servizi e delle federazioni di categoria, esprime in questo momento di grande dolore la pi\u00f9 profonda vicinanza a Cinzia e sentite condoglianze a tutti i suoi cari. Saber El Sissy, egiziano di mamma sudanese, era nato ad Alessandra d\u2019Egitto nel 1952 ed era giunto in Europa alla fine degli anni Settanta. Dopo l\u2019esperienza forte e sconvolgente della guerra del Kippur contro Israele, vissuta in prima persona come membro della polizia militare egiziana, Saber ha lavorato come perito tecnico nell\u2019universit\u00e0 di Ingegneria di Alessandria. Dopo la morte della madre, ha deciso di lasciare il Paese d\u2019origine per approdare in Europa, prima a Parigi e poi a Milano, dove nel 1986 ha conosciuto Cinzia Bonan. Un grande amore, da cui \u00e8 nato il figlio Yusef, che oggi ha 28 anni, e che li ha portati a tornare a vivere nei luoghi d\u2019origine di Cinzia alla fine degli ottanta, prima a Treviso, nel quartiere di Sant\u2019Antonino, poi a Casale sul Sile. Ad unirli, la forte sensibilit\u00e0 verso il prossimo, verso i deboli e verso chi arriva dal Mediterraneo alla ricerca di condizioni di vita migliori. El Sissy ha lavorato come serigrafo alla Tognana e alle Ceramiche di Treviso.\u00a0 Era una persona positiva, capace di affrontare sempre con il sorriso i problemi, molto legato alla sua famiglia, cos\u00ec come alla numerosa famiglia d\u2019origine in Egitto, che in questi lunghi anni di malattia \u00e8 riuscita ad essere molto presente, nonostante la lontananza, grazie al supporto dei social. Il ringraziamento della famiglia di Saber va al personale del reparto della Dialisi del Ca\u2019 Foncello di Treviso, che l\u2019ha assistito per molti anni, e a quelli di Terapia intensiva cardiochirurgica e generale.\u00a0 La cerimonia di commiato si svolger\u00e0 venerd\u00ec in tarda mattinata nella chiesa dell&#8217;ospedale Ca\u2019 Foncello di Treviso. La salma sar\u00e0 tumulata nel cimitero di Lughignano.<\/p>\n<p>&nbsp;<\/p>\n<p>&nbsp;<\/p>\n<p>&nbsp;<\/p>\n<p>&nbsp;<\/p>\n<h2>QUESTURA: INDIVIDUATO IL LADRO DEGLI STEMMI<\/h2>\n<p><strong><a class=\"dt-pswp-item\" href=\"http:\/\/www.radiopiu.net\/wordpress\/wp-content\/uploads\/2019\/03\/bicicletta-mtb.jpg\" data-dt-img-description=\"\" data-large_image_width=\"885\" data-large_image_height=\"581\"><img loading=\"lazy\" decoding=\"async\" class=\"wp-image-78296 alignleft\" src=\"http:\/\/www.radiopiu.net\/wordpress\/wp-content\/uploads\/2019\/03\/bicicletta-mtb.jpg\" alt=\"\" width=\"288\" height=\"189\" srcset=\"https:\/\/www.radiopiu.net\/wordpress\/wp-content\/uploads\/2019\/03\/bicicletta-mtb.jpg 885w, https:\/\/www.radiopiu.net\/wordpress\/wp-content\/uploads\/2019\/03\/bicicletta-mtb-300x197.jpg 300w, https:\/\/www.radiopiu.net\/wordpress\/wp-content\/uploads\/2019\/03\/bicicletta-mtb-768x504.jpg 768w\" sizes=\"auto, (max-width: 288px) 100vw, 288px\" \/><\/a>BELLUNO<\/strong> Questo fine settimana gli uomini della Squadra Volante hanno individuato il \u201cladro degli stemmi\u201d; il fatto, risalente a qualche giorno fa, era avvenuto nel parcheggio di via Caffi a Belluno.\u00a0 Durante la normale attivit\u00e0 di pattugliamento, la Volante, transitando nei pressi della stazione ha notato un ragazzo, con uno zainetto in spalla facilmente riconoscibile in quanto molto appariscente, a bordo di una mountain bike. Il ragazzo ha attirato immediatamente l\u2019attenzione dei poliziotti, in quanto le sue caratteristiche fisiche oltre ad alcuni suoi capi di abbigliamento e accessori corrispondevano a quelli del giovane che, in due recenti episodi, era stato immortalato dal circuito di videosorveglianza interna del parcheggio \u201cPark Caffi\u201d di Belluno, mentre si aggirava con fare sospetto tra le auto e le moto in sosta e sospettato di aver asportato due stemmi da una moto di grossa cilindrata; episodi per i quali era poi stata sporta denuncia.\u00a0 Gli agenti a questo punto hanno ritenuto opportuno procedere all\u2019identificazione del ragazzo che non appena si \u00e8 accorto della presenza della Volante \u00e8 scappato tentando di liberarsi della bici lanciandola nel giardino di una abitazione di via De Min: Il tentativo di fuga \u00e8 tuttavia durato poco, i poliziotti lo hanno immediatamente raggiunto e accompagnato in Questura dove ha subito ammesso che poco prima aveva rubato la bicicletta. Il ragazzo, un minore residente in provincia di Belluno, una volta in Questura, in seguito alle domande degli agenti, ha anche ammesso di essersi introdotto all\u2019interno del parcheggio di via Caffi e di aver rubato due stemmi dalle moto l\u00ec parcheggiate. Il giovane per il furto della bicicletta e degli stemmi \u00e8 stato denunciato all\u2019Autorit\u00e0 Giudiziaria; la bicicletta \u00e8 stata sequestrata in attesa di individuare il legittimo proprietario.<\/p>\n<p>&nbsp;<\/p>\n<p>&nbsp;<\/p>\n<p>&nbsp;<\/p>\n<p>&nbsp;<\/p>\n<p>&nbsp;<\/p>\n<h2>LA PROVINCIALE DELLA VAL FIORENTINA, LE ULTIME NOVITA&#8217; DAL SINDACO PAOLO FRENA<\/h2>\n<p><em>&#8220;Stiamo facendo il possibile per velocizzare i tempi&#8221;<\/em><\/p>\n<p><strong>COLLE SANTA LUCIA<\/strong><\/p>\n<p>di GIANNI SANTOMASO<\/p>\n<audio class=\"wp-audio-shortcode\" id=\"audio-78302-2\" preload=\"none\" style=\"width: 100%;\" controls=\"controls\"><source type=\"audio\/mpeg\" src=\"http:\/\/www.radiopiu.net\/wordpress\/wp-content\/uploads\/2019\/03\/GIANNI-FRENA.mp3?_=2\" \/><a href=\"http:\/\/www.radiopiu.net\/wordpress\/wp-content\/uploads\/2019\/03\/GIANNI-FRENA.mp3\">http:\/\/www.radiopiu.net\/wordpress\/wp-content\/uploads\/2019\/03\/GIANNI-FRENA.mp3<\/a><\/audio>\n<p><span style=\"color: #ff0000;\">SITUAZIONE BOSCHI<\/span><\/p>\n<p><strong>di Paolo Frena<\/strong><\/p>\n<blockquote><p><em>All&#8217;incontro di ieri presso gli uffici di Avepa di Padova, Soggetto Attuatore \u201cSettore rilievo e opere agricolo-forestali\u201d, alla presenza del direttore dott.Fabrizio Stella e dei rispettivi funzionari incaricati, hanno partecipato il Sindaco Paolo Frena, il Tecnico comunale De fanti Bernardino ed in rappresentanza della Regola Grande Agostini Celestino ed il dott. forestale Luigi Ciotti. Sul Tavolo la delicata questione relativa ai lavori di esbosco delle superfici schiantate pubbliche e private di tutto il territorio comunale. L&#8217;incontro \u00e8 stato estremamente utile per approfondire il ruolo e le competenze del Comune come Soggetto Attuatore per le operazioni di pulitura delle aree boschive soggette a schianti e soprattutto per capire quali procedure attivare per una corretta gestione delle pratiche autorizzatorie applicando le deroghe consentite e quindi per una pi\u00f9 celere attivazione del procedimento. Va ricordato questo proposito che la superficie interessata dagli schianti \u00e8 stimata in circa 60.000 metri cubi in un territorio disagiato e acclive e difficilmente accessibile, interessato da siti valanghivi e gravitanti su strade comunali, provinciali e regionali. Situazione estremamente difficile da gestire, per la quale c&#8217;\u00e8 l&#8217;assoluta necessita di una sinergie tra i diversi Soggetti Attuatori , al fine di definire le modalit\u00e0 e soprattutto i tempi per il possibile ritorno alla \u201cnormalit\u00e0\u201d. Per quanto riguarda la pulizia del versante soprastante la provinciale n\u00b020 della Val Fiorentina chiusa ormai da parecchio tempo, posso assicurare che stiamo facendo il possibile al fine di autorizzare la posa delle 34 funi previste dal progetto che serviranno per la pulizia delle aree boschive soggette a schianti per poi mettere nelle condizioni Veneto Strade di posizionare le barriere para-massi. Tali ritardi sono dovuti alle difficolt\u00e0 incontrate per stabilire la corretta procedura autorizzatoria da parte di questo Comune in qualit\u00e0 di Soggetto Attuatore in deroga alle procedure ordinarie, fatto salvo il parere ENAC (Ente Nazionale per l&#8217;Aviazione Civile) che risulta sempre obbligatorio per le funi di altezza superiore a ml. 15,00. Pertanto, si pu\u00f2 stabilire che gi\u00e0 da ora \u00e8 possibile rilasciare il documento autorizzatorio da parte del Soggetto Attuatore, limitatamente alla posa delle funi di altezza inferiore a ml.15,00, mentre per il documento autorizzatorio \u201ccompleto\u201d potr\u00e0 essere rilasciato sempre dal Soggetto Attuatore appena ottenuto il parere ENAC, che stando alle ultime notizie in nostro possesso dovrebbe arrivare nei prossimi giorni.<\/em><br \/>\n<em>Nei prossimi giorni, organizzeremo anche un incontro pubblico per spiegare a tutti gli interessati le procedure da attivare per la pulizia dei boschi privati per mettere tutti nelle condizioni di poter ottemperare a quanto previsto dalle Ordinanze Commissariali.<\/em><\/p><\/blockquote>\n<p>&nbsp;<\/p>\n<p>&nbsp;<\/p>\n<p>&nbsp;<\/p>\n<p>&nbsp;<\/p>\n<h1>AGORDINO DOVE RINASCONO LE DOLOMITI&#8230; ACCANTO AL CAI<\/h1>\n<p><strong>AGORDO<\/strong> Dopo Matteo che da Padova \u00e8 arrivato ad Agordo per portare il suo contributo (oltre 2000 euro) anche l&#8217;associazione Agordino Dove Rinascono le Dolomiti ha portato nella sede del Municipio del Cai oltre 6000 euro, importanti per il ripristino dei sentieri. Un buon acquisto per il materiale che sar\u00e0 necessario al taglio degli alberi e non solo. Ieri sera la consegna alla presenza della presidente Anna Magro, del vice Dario Dell&#8217;Osbel<\/p>\n<p><strong>IL VIDEO DELLA CONSEGNA<\/strong><\/p>\n<div id=\"fb-root\"><\/div>\n<p><script async=\"1\" defer=\"1\" crossorigin=\"anonymous\" src=\"https:\/\/connect.facebook.net\/it_IT\/sdk.js#xfbml=1&amp;version=v6.0\"><\/script><\/p>\n<div class=\"fb-video\" data-href=\"https:\/\/www.facebook.com\/mirko.mezzacasa\/videos\/10219154998172652\/\" data-width=\"1200\">\n<blockquote cite=\"https:\/\/www.facebook.com\/mirko.mezzacasa\/videos\/10219154998172652\/\" class=\"fb-xfbml-parse-ignore\"><p><a href=\"https:\/\/www.facebook.com\/mirko.mezzacasa\/videos\/10219154998172652\/\"><\/a><\/p>\n<p>da AGORDINO DOVE RINASCONO LE DOLOMITI6000 EURO AL CAI SEZIONE AGORDINA.PARTE 3<\/p>\n<p>Pubblicato da <a href=\"https:\/\/www.facebook.com\/mirko.mezzacasa\">Mirko Mezzacasa<\/a> su Marted\u00ec 5 marzo 2019<\/p><\/blockquote>\n<\/div>\n<p>&nbsp;<\/p>\n<div id=\"fb-root\"><\/div>\n<p><script async=\"1\" defer=\"1\" crossorigin=\"anonymous\" src=\"https:\/\/connect.facebook.net\/it_IT\/sdk.js#xfbml=1&amp;version=v6.0\"><\/script><\/p>\n<div class=\"fb-video\" data-href=\"https:\/\/www.facebook.com\/mirko.mezzacasa\/videos\/10219155887994897\/\" data-width=\"1200\">\n<blockquote cite=\"https:\/\/www.facebook.com\/mirko.mezzacasa\/videos\/10219155887994897\/\" class=\"fb-xfbml-parse-ignore\"><p><a href=\"https:\/\/www.facebook.com\/mirko.mezzacasa\/videos\/10219155887994897\/\"><\/a><\/p>\n<p>AGORDINO DOVE RINASCONO LE DOLOMITI 6000 EURO AL CAI DI  AGORDO PARTE 4 (ULTIMA)<\/p>\n<p>Pubblicato da <a href=\"https:\/\/www.facebook.com\/mirko.mezzacasa\">Mirko Mezzacasa<\/a> su Marted\u00ec 5 marzo 2019<\/p><\/blockquote>\n<\/div>\n<p>&nbsp;<\/p>\n<p>&nbsp;<\/p>\n<p>&nbsp;<\/p>\n<p>&nbsp;<\/p>\n<blockquote><p>&nbsp;<\/p><\/blockquote>\n<h2>REDDITO DI CITTADINANZA: DA OGGI AL VIA LE DOMANDE. AVVISI PUBBLICI NEI CENTRI PER L\u2019IMPIEGO DEL VENETO SU MODALIT\u00c0 E PROCEDURE<\/h2>\n<p><strong>VENEZIA\u00a0<\/strong> Da OGGI\u00a0 si aprono i termini per presentare domanda per il reddito di cittadinanza: le richieste vanno presentate alle Poste, oppure ai Caf o online nel sito www.redditodicittadinanza.gov.it se in possesso di SPID. \u201cPresso i 39 Centri per l\u2019impiego del Veneto gli interessati trovano gi\u00e0 da oggi gli avvisi su come richiedere il reddito \u2013 informa l\u2019assessore Donazzan- Anche se in questa prima fase operativa i CPI non sono coinvolti direttamente, in tutte le sedi centrale e decentrate sono disponibili cartelli informativi su dove presentare la domanda e sulle modalit\u00e0 di rilascio. Da aprile, dopo che l\u2019Inps avr\u00e0 verificato i requisiti dei richiedenti e le Poste avranno consegnato agli aventi diritto la carta prepagata che erogher\u00e0 il reddito, i Centri per l\u2019Impiego convocheranno i beneficiari per l\u2019inserimento occupazionale\u201d. I cartelli predisposti da VenetoLavoro e Regione Veneto e affissi nelle sedi dei CPI del Veneto spiegano che il reddito di cittadinanza deve essere richiesto a uffici postali, Caf e online. Per presentare domanda bisogna essere in possesso del proprio Isee in corso di validit\u00e0. L\u2019Inps verificher\u00e0 i requisiti e comunicher\u00e0 al cittadino l\u2019esito della richiesta tramite e-mail o sms. In caso di esito positivo, Poste Italiane contatter\u00e0 il cittadino per fissare un appuntamento all\u2019ufficio postale e ritirare la carta prepagata sulla quale sar\u00e0 erogato il reddito. I beneficiari del reddito saranno convocati dai Centri per l&#8217;Impiego successivamente al rilascio del reddito di cittadinanza da parte dell&#8217;Inps.<\/p>\n<p>&nbsp;<\/p>\n<p>&nbsp;<\/p>\n<p>&nbsp;<\/p>\n<p>&nbsp;<\/p>\n<p>&nbsp;<\/p>\n<h2><a class=\"dt-pswp-item\" href=\"http:\/\/www.radiopiu.net\/wordpress\/wp-content\/uploads\/2018\/04\/Giuliano-Vantaggi-1.jpg\" data-dt-img-description=\"\" data-large_image_width=\"240\" data-large_image_height=\"320\"><img loading=\"lazy\" decoding=\"async\" class=\"wp-image-46272 alignleft\" src=\"http:\/\/www.radiopiu.net\/wordpress\/wp-content\/uploads\/2018\/04\/Giuliano-Vantaggi-1.jpg\" alt=\"\" width=\"96\" height=\"128\" srcset=\"https:\/\/www.radiopiu.net\/wordpress\/wp-content\/uploads\/2018\/04\/Giuliano-Vantaggi-1.jpg 240w, https:\/\/www.radiopiu.net\/wordpress\/wp-content\/uploads\/2018\/04\/Giuliano-Vantaggi-1-225x300.jpg 225w\" sizes=\"auto, (max-width: 96px) 100vw, 96px\" \/><\/a><\/h2>\n<h2>GIULIANO VANTAGGI RICONFERMATO ALLA GUIDA DELLA DMO ANCHE PER I PROSSIMI 2 ANNI CON IL NUOVO AMMINISTRATORE MAGAGNIN<\/h2>\n<p><strong>DI DAMIANO TORMEN<\/strong><\/p>\n<audio class=\"wp-audio-shortcode\" id=\"audio-78302-3\" preload=\"none\" style=\"width: 100%;\" controls=\"controls\"><source type=\"audio\/mpeg\" src=\"http:\/\/www.radiopiu.net\/wordpress\/wp-content\/uploads\/2019\/03\/DAMIANO-2.mp3?_=3\" \/><a href=\"http:\/\/www.radiopiu.net\/wordpress\/wp-content\/uploads\/2019\/03\/DAMIANO-2.mp3\">http:\/\/www.radiopiu.net\/wordpress\/wp-content\/uploads\/2019\/03\/DAMIANO-2.mp3<\/a><\/audio>\n<p>&nbsp;<\/p>\n<p>&nbsp;<\/p>\n<p>&nbsp;<\/p>\n<p>&nbsp;<\/p>\n<h3><a class=\"dt-pswp-item\" href=\"http:\/\/www.radiopiu.net\/wordpress\/wp-content\/uploads\/2019\/03\/gallo.gif\" data-dt-img-description=\"\" data-large_image_width=\"271\" data-large_image_height=\"336\"><img loading=\"lazy\" decoding=\"async\" class=\"wp-image-78311 alignleft\" src=\"http:\/\/www.radiopiu.net\/wordpress\/wp-content\/uploads\/2019\/03\/gallo.gif\" alt=\"\" width=\"99\" height=\"123\" \/><\/a><\/h3>\n<h3><\/h3>\n<h3>IL GALLO DI SAN TOMASO ALLA TRASMISSIONE RADIOFONICA DI RADIO RAI &#8220;IL RUGGITO DEL CONIGLIO&#8221;&#8230;. &#8220;Presto una manifestazione delle volpi&#8230;.&#8221;<\/h3>\n<audio class=\"wp-audio-shortcode\" id=\"audio-78302-4\" preload=\"none\" style=\"width: 100%;\" controls=\"controls\"><source type=\"audio\/mpeg\" src=\"http:\/\/www.radiopiu.net\/wordpress\/wp-content\/uploads\/2019\/03\/RUGGITO-CONIGLIO.mp3?_=4\" \/><a href=\"http:\/\/www.radiopiu.net\/wordpress\/wp-content\/uploads\/2019\/03\/RUGGITO-CONIGLIO.mp3\">http:\/\/www.radiopiu.net\/wordpress\/wp-content\/uploads\/2019\/03\/RUGGITO-CONIGLIO.mp3<\/a><\/audio>\n<p>&nbsp;<\/p>\n<p>&nbsp;<\/p>\n<h2><a class=\"dt-pswp-item\" href=\"http:\/\/www.radiopiu.net\/wordpress\/wp-content\/uploads\/2019\/03\/gallo.gif\" data-dt-img-description=\"\" data-large_image_width=\"271\" data-large_image_height=\"336\"><img loading=\"lazy\" decoding=\"async\" class=\"wp-image-78311 alignleft\" src=\"http:\/\/www.radiopiu.net\/wordpress\/wp-content\/uploads\/2019\/03\/gallo.gif\" alt=\"\" width=\"68\" height=\"84\" \/><\/a>CHICCHIRICCHIIIIIIIII FA IL GALLETTO, COCCCODEEE&#8217; LA GALLINELLA<\/h2>\n<p><strong>DI RODOLFO PELLEGRINON_FALCADE<\/strong><\/p>\n<p>VOCE BRUNELLA MORO<\/p>\n<audio class=\"wp-audio-shortcode\" id=\"audio-78302-5\" preload=\"none\" style=\"width: 100%;\" controls=\"controls\"><source type=\"audio\/mpeg\" src=\"http:\/\/www.radiopiu.net\/wordpress\/wp-content\/uploads\/2019\/03\/BRUNELLA-GALLO.mp3?_=5\" \/><a href=\"http:\/\/www.radiopiu.net\/wordpress\/wp-content\/uploads\/2019\/03\/BRUNELLA-GALLO.mp3\">http:\/\/www.radiopiu.net\/wordpress\/wp-content\/uploads\/2019\/03\/BRUNELLA-GALLO.mp3<\/a><\/audio>\n<p>&nbsp;<\/p>\n<p>&nbsp;<\/p>\n<p>&nbsp;<\/p>\n<p>&nbsp;<\/p>\n<p>&nbsp;<\/p>\n<p align=\"JUSTIFY\"><span style=\"font-size: medium;\"><b>RIUNITA LA CONSULTA PER L\u2019AUTONOMIA DEL VENETO.<\/b><\/span><\/p>\n<p align=\"JUSTIFY\"><strong>IL PRESIDENTE DELLA REGIONE LUCA ZAIA, DAL NOTIZIARIO PRINCIPALE DELLE 12.30.<\/strong><\/p>\n<blockquote>\n<p align=\"JUSTIFY\"><strong><em><a class=\"dt-pswp-item\" href=\"http:\/\/www.radiopiu.net\/wordpress\/wp-content\/uploads\/2019\/03\/WhatsApp-Image-2019-03-05-at-15.25.37.jpeg\" data-dt-img-description=\"\" data-large_image_width=\"1599\" data-large_image_height=\"799\"><img loading=\"lazy\" decoding=\"async\" class=\"alignnone size-large wp-image-78341\" src=\"http:\/\/www.radiopiu.net\/wordpress\/wp-content\/uploads\/2019\/03\/WhatsApp-Image-2019-03-05-at-15.25.37-1024x512.jpeg\" alt=\"\" width=\"1024\" height=\"512\" srcset=\"https:\/\/www.radiopiu.net\/wordpress\/wp-content\/uploads\/2019\/03\/WhatsApp-Image-2019-03-05-at-15.25.37-1024x512.jpeg 1024w, https:\/\/www.radiopiu.net\/wordpress\/wp-content\/uploads\/2019\/03\/WhatsApp-Image-2019-03-05-at-15.25.37-300x150.jpeg 300w, https:\/\/www.radiopiu.net\/wordpress\/wp-content\/uploads\/2019\/03\/WhatsApp-Image-2019-03-05-at-15.25.37-768x384.jpeg 768w, https:\/\/www.radiopiu.net\/wordpress\/wp-content\/uploads\/2019\/03\/WhatsApp-Image-2019-03-05-at-15.25.37.jpeg 1599w\" sizes=\"auto, (max-width: 1024px) 100vw, 1024px\" \/><\/a>PUNTO STAMPA DI IERI, LE RISPOSTE ALLE DOMANDE DEI GIORNALISTI<\/em><\/strong><\/p>\n<audio class=\"wp-audio-shortcode\" id=\"audio-78302-6\" preload=\"none\" style=\"width: 100%;\" controls=\"controls\"><source type=\"audio\/mpeg\" src=\"http:\/\/www.radiopiu.net\/wordpress\/wp-content\/uploads\/2019\/03\/ZAIA-1-1.mp3?_=6\" \/><a href=\"http:\/\/www.radiopiu.net\/wordpress\/wp-content\/uploads\/2019\/03\/ZAIA-1-1.mp3\">http:\/\/www.radiopiu.net\/wordpress\/wp-content\/uploads\/2019\/03\/ZAIA-1-1.mp3<\/a><\/audio><\/blockquote>\n<p align=\"JUSTIFY\"><strong>NODO PARLAMENTO<\/strong><\/p>\n<audio class=\"wp-audio-shortcode\" id=\"audio-78302-7\" preload=\"none\" style=\"width: 100%;\" controls=\"controls\"><source type=\"audio\/mpeg\" src=\"http:\/\/www.radiopiu.net\/wordpress\/wp-content\/uploads\/2019\/03\/ZAIA-2.mp3?_=7\" \/><a href=\"http:\/\/www.radiopiu.net\/wordpress\/wp-content\/uploads\/2019\/03\/ZAIA-2.mp3\">http:\/\/www.radiopiu.net\/wordpress\/wp-content\/uploads\/2019\/03\/ZAIA-2.mp3<\/a><\/audio>\n<p align=\"JUSTIFY\"><strong>23 MATERIA ATTO DI ARROGANZA<\/strong><\/p>\n<audio class=\"wp-audio-shortcode\" id=\"audio-78302-8\" preload=\"none\" style=\"width: 100%;\" controls=\"controls\"><source type=\"audio\/mpeg\" src=\"http:\/\/www.radiopiu.net\/wordpress\/wp-content\/uploads\/2019\/03\/ZAIA-3.mp3?_=8\" \/><a href=\"http:\/\/www.radiopiu.net\/wordpress\/wp-content\/uploads\/2019\/03\/ZAIA-3.mp3\">http:\/\/www.radiopiu.net\/wordpress\/wp-content\/uploads\/2019\/03\/ZAIA-3.mp3<\/a><\/audio>\n<p align=\"JUSTIFY\"><strong>GOVERNO E MAGGIORANZA<\/strong><\/p>\n<audio class=\"wp-audio-shortcode\" id=\"audio-78302-9\" preload=\"none\" style=\"width: 100%;\" controls=\"controls\"><source type=\"audio\/mpeg\" src=\"http:\/\/www.radiopiu.net\/wordpress\/wp-content\/uploads\/2019\/03\/ZAIA-4.mp3?_=9\" \/><a href=\"http:\/\/www.radiopiu.net\/wordpress\/wp-content\/uploads\/2019\/03\/ZAIA-4.mp3\">http:\/\/www.radiopiu.net\/wordpress\/wp-content\/uploads\/2019\/03\/ZAIA-4.mp3<\/a><\/audio>\n<p align=\"JUSTIFY\"><strong>TEMPI?<\/strong><\/p>\n<audio class=\"wp-audio-shortcode\" id=\"audio-78302-10\" preload=\"none\" style=\"width: 100%;\" controls=\"controls\"><source type=\"audio\/mpeg\" src=\"http:\/\/www.radiopiu.net\/wordpress\/wp-content\/uploads\/2019\/03\/ZAIA-5.mp3?_=10\" \/><a href=\"http:\/\/www.radiopiu.net\/wordpress\/wp-content\/uploads\/2019\/03\/ZAIA-5.mp3\">http:\/\/www.radiopiu.net\/wordpress\/wp-content\/uploads\/2019\/03\/ZAIA-5.mp3<\/a><\/audio>\n<p align=\"JUSTIFY\"><strong>GIOVEDI DAL MINISTRO STEFANI<\/strong><\/p>\n<audio class=\"wp-audio-shortcode\" id=\"audio-78302-11\" preload=\"none\" style=\"width: 100%;\" controls=\"controls\"><source type=\"audio\/mpeg\" src=\"http:\/\/www.radiopiu.net\/wordpress\/wp-content\/uploads\/2019\/03\/ZAIA-6.mp3?_=11\" \/><a href=\"http:\/\/www.radiopiu.net\/wordpress\/wp-content\/uploads\/2019\/03\/ZAIA-6.mp3\">http:\/\/www.radiopiu.net\/wordpress\/wp-content\/uploads\/2019\/03\/ZAIA-6.mp3<\/a><\/audio>\n<p align=\"JUSTIFY\"><strong>PER IL SUD 30 MILIARDI DI SPRECHI<\/strong><\/p>\n<audio class=\"wp-audio-shortcode\" id=\"audio-78302-12\" preload=\"none\" style=\"width: 100%;\" controls=\"controls\"><source type=\"audio\/mpeg\" src=\"http:\/\/www.radiopiu.net\/wordpress\/wp-content\/uploads\/2019\/03\/ZAIA-7.mp3?_=12\" \/><a href=\"http:\/\/www.radiopiu.net\/wordpress\/wp-content\/uploads\/2019\/03\/ZAIA-7.mp3\">http:\/\/www.radiopiu.net\/wordpress\/wp-content\/uploads\/2019\/03\/ZAIA-7.mp3<\/a><\/audio>\n<h2 align=\"JUSTIFY\"><\/h2>\n<h2 align=\"JUSTIFY\"><\/h2>\n<blockquote>\n<h2 align=\"JUSTIFY\"><\/h2>\n<\/blockquote>\n<h2 align=\"JUSTIFY\">ENTRO MARZO FINE LAVORI A CHIOIPE<\/h2>\n<p align=\"JUSTIFY\"><span style=\"font-size: medium;\"><strong><a class=\"dt-pswp-item\" href=\"http:\/\/www.radiopiu.net\/wordpress\/wp-content\/uploads\/2019\/03\/338-2019-AMBIENTE.-NUOVI-SOPRALLUOGHI-DI-BOTTACIN-IN-AGORDINO1.jpg\" data-dt-img-description=\"\" data-large_image_width=\"1600\" data-large_image_height=\"1169\"><img loading=\"lazy\" decoding=\"async\" class=\"wp-image-78332 alignleft\" src=\"http:\/\/www.radiopiu.net\/wordpress\/wp-content\/uploads\/2019\/03\/338-2019-AMBIENTE.-NUOVI-SOPRALLUOGHI-DI-BOTTACIN-IN-AGORDINO1-1024x748.jpg\" alt=\"\" width=\"213\" height=\"155\" srcset=\"https:\/\/www.radiopiu.net\/wordpress\/wp-content\/uploads\/2019\/03\/338-2019-AMBIENTE.-NUOVI-SOPRALLUOGHI-DI-BOTTACIN-IN-AGORDINO1-1024x748.jpg 1024w, https:\/\/www.radiopiu.net\/wordpress\/wp-content\/uploads\/2019\/03\/338-2019-AMBIENTE.-NUOVI-SOPRALLUOGHI-DI-BOTTACIN-IN-AGORDINO1-300x219.jpg 300w, https:\/\/www.radiopiu.net\/wordpress\/wp-content\/uploads\/2019\/03\/338-2019-AMBIENTE.-NUOVI-SOPRALLUOGHI-DI-BOTTACIN-IN-AGORDINO1-768x561.jpg 768w, https:\/\/www.radiopiu.net\/wordpress\/wp-content\/uploads\/2019\/03\/338-2019-AMBIENTE.-NUOVI-SOPRALLUOGHI-DI-BOTTACIN-IN-AGORDINO1.jpg 1600w\" sizes=\"auto, (max-width: 213px) 100vw, 213px\" \/><\/a><\/strong><\/span><span style=\"font-size: medium;\"><strong>CENCENIGHE<\/strong> L\u2019assessore regionale alla Difesa del Suolo e Protezione Civile Gianpaolo Bottacin ha compiuto un nuovo sopralluogo in Agordino per controllare alcuni cantieri in fase di svolgimento seguiti direttamente dalle strutture regionali ed ha in programma di ritornare nella vallata anche venerd\u00ec per incontrare alcune amministrazioni comunali. I<\/span><span style=\"font-size: medium;\">nsieme ai tecnici del Genio Civile, Bottacin ha visitato il cantiere in localit\u00e0 Chioipe a Cencenighe. L&#8217;intervento avviato immediatamente dopo il maltempo prevede la realizzazione di una scogliera in massi di altezza pari a circa 3 metri, con materasso di fondazione profondo circa 2 metri e di larghezza complessiva pari a circa 5 metri.Il termine previsto dal verbale di consegna per l\u2019ultimazione dei lavori \u00e8 fine marzo.<\/span><\/p>\n<blockquote>\n<p align=\"JUSTIFY\"><em>\u00a0L&#8217;ASSESSORE GIANPAOLO BOTTACIN<\/em><\/p>\n<\/blockquote>\n<audio class=\"wp-audio-shortcode\" id=\"audio-78302-13\" preload=\"none\" style=\"width: 100%;\" controls=\"controls\"><source type=\"audio\/mpeg\" src=\"http:\/\/www.radiopiu.net\/wordpress\/wp-content\/uploads\/2019\/03\/BOTTA.mp3?_=13\" \/><a href=\"http:\/\/www.radiopiu.net\/wordpress\/wp-content\/uploads\/2019\/03\/BOTTA.mp3\">http:\/\/www.radiopiu.net\/wordpress\/wp-content\/uploads\/2019\/03\/BOTTA.mp3<\/a><\/audio>\n<p>&nbsp;<\/p>\n<p>&nbsp;<\/p>\n<p>&nbsp;<\/p>\n<blockquote><p>&nbsp;<\/p><\/blockquote>\n<h3>COMUNI IN PISTA 2019,\u00a0\u00a0DUE BANDI A TASSO ZERO DELL&#8217;ISTITUTO PER IL CREDITO SPORTIVO<\/h3>\n<p><a class=\"dt-pswp-item\" href=\"http:\/\/www.radiopiu.net\/wordpress\/wp-content\/uploads\/2019\/03\/banner_anci_ICS_bandi2019-wdtr.jpg\" data-dt-img-description=\"\" data-large_image_width=\"557\" data-large_image_height=\"330\"><img loading=\"lazy\" decoding=\"async\" class=\"alignnone size-full wp-image-78303\" src=\"http:\/\/www.radiopiu.net\/wordpress\/wp-content\/uploads\/2019\/03\/banner_anci_ICS_bandi2019-wdtr.jpg\" alt=\"\" width=\"557\" height=\"330\" srcset=\"https:\/\/www.radiopiu.net\/wordpress\/wp-content\/uploads\/2019\/03\/banner_anci_ICS_bandi2019-wdtr.jpg 557w, https:\/\/www.radiopiu.net\/wordpress\/wp-content\/uploads\/2019\/03\/banner_anci_ICS_bandi2019-wdtr-300x178.jpg 300w\" sizes=\"auto, (max-width: 557px) 100vw, 557px\" \/><\/a><\/p>\n<p>L&#8217;istituto per il Credito Sportivo apre i bandi &#8220;SPORT MISSIONE COMUNE&#8221; e &#8220;COMUNI IN PISTA&#8221;, a tasso zero dedicati agli Enti Locali. \u00c8 possibile presentare le istanze finalizzate al\u00a0miglioramento dell&#8217;impiantistica sportiva, anche scolastica, e agli investimenti sulle piste<br \/>\nciclabili e i ciclodromi. 40 milioni di euro a disposizione per mutui a tasso fisso della durata di 15 anni, da stipulare\u00a0obbligatoriamente entro il 31\/12\/2019, per due bandi che negli ultimi anni hanno consentito la\u00a0realizzazione di oltre 2.000 cantieri, sulla\u00a0strada dell&#8217;innovazione e della riqualificazione per impianti moderni, funzionali e sicuri in tutto\u00a0il Paese.\u00a0Ciascun mutuo potr\u00e0 godere del totale abbattimento degli interessi sino all&#8217;importo massimo di\u00a0 2 milioni di euro. I piccoli Comuni (fino a 5.000 abitanti) potranno ottenere il totale abbattimento degli interessi,\u00a0su uno o pi\u00f9 mutui, sino all&#8217;importo massimo complessivo di 2 milioni di euro<\/p>\n<p>&nbsp;<\/p>\n<p>&nbsp;<\/p>\n<p>&nbsp;<\/p>\n<p>&nbsp;<\/p>\n<h3>PIANO DI SVILUPPO BILANCIO, RIFIUTI E REGOLAMENTI, LUNEDI IN UNIONE MONTANA.<\/h3>\n<p><a class=\"dt-pswp-item\" href=\"http:\/\/www.radiopiu.net\/wordpress\/wp-content\/uploads\/2018\/12\/WhatsApp-Image-2018-12-05-at-04.50.34.jpeg\" data-dt-img-description=\"\" data-large_image_width=\"1599\" data-large_image_height=\"1200\"><img loading=\"lazy\" decoding=\"async\" class=\"alignnone size-large wp-image-68346\" src=\"http:\/\/www.radiopiu.net\/wordpress\/wp-content\/uploads\/2018\/12\/WhatsApp-Image-2018-12-05-at-04.50.34-1024x768.jpeg\" alt=\"\" width=\"1024\" height=\"768\" srcset=\"https:\/\/www.radiopiu.net\/wordpress\/wp-content\/uploads\/2018\/12\/WhatsApp-Image-2018-12-05-at-04.50.34-1024x768.jpeg 1024w, https:\/\/www.radiopiu.net\/wordpress\/wp-content\/uploads\/2018\/12\/WhatsApp-Image-2018-12-05-at-04.50.34-300x225.jpeg 300w, https:\/\/www.radiopiu.net\/wordpress\/wp-content\/uploads\/2018\/12\/WhatsApp-Image-2018-12-05-at-04.50.34-768x576.jpeg 768w, https:\/\/www.radiopiu.net\/wordpress\/wp-content\/uploads\/2018\/12\/WhatsApp-Image-2018-12-05-at-04.50.34.jpeg 1599w\" sizes=\"auto, (max-width: 1024px) 100vw, 1024px\" \/><\/a><\/p>\n<p><strong>AGORDO <\/strong>Per lunedi alle 20 il presidente dell&#8217;Unione Montana Fabio Luchetta ha convocato i consiglieri per discutere questi argomenti:\u00a0 regolamento per i controlli interni: presa d\u2019atto relazione dell\u2019Unit\u00e0 di controllo; adozione Piano Pluriennale di Sviluppo;\u00a0) servizio rifiuti: approvazione piano economico finanziario e tariffe corrispettive anno 2019; approvazione nota di aggiornamento al DUP e Bilancio di previsione 2019-2021; approvazione aggiornamento dell\u2019elenco delle strade di tipo silvo-pastorale ai sensi dell\u2019art. 3 della L. R. n. 14\/1992 \u2013 Aggiornamento anno 2019; approvazione nuovo Regolamento per l\u2019utilizzo della Sala Don Ferdinando Tamis e della saletta di via IV novembre.<\/p>\n<p>&nbsp;<\/p>\n<p>&nbsp;<\/p>\n<p>&nbsp;<\/p>\n<h1>CONSIGLI COMUNALI IN AGENDA<\/h1>\n<p><strong>ROCCA PIETORE<\/strong> Undici punti comunicazioni del sindaco Andrea De Bernardin comprese, \u00e8 il contenuto dell&#8217;invito inviato ai consigliere per la riunione di domani alle 17 in Municipio. Questi gli argomenti principali in discussione: prelevamento dal fondo di riserva, debito fuori bilancio per la sentenza del tribunale di Belluno, alienazione e valorizzazione patrimonio immobiliare, conferma aliquote canoni 2019, approvazione documento di programmazione, bilancio Asca e convenzione con i Comuni di La Valle, Colle Santa Lucia, Selva di Cadore, Livinallongo e Rocca Pietore per la gestione delle autorizzazioni paesaggistiche.<\/p>\n<p>&nbsp;<\/p>\n<p><strong>TAIBON<\/strong> Sabato 9 marzo consiglio comunale, ordine del giorno: Zona di degrado per il recupero del patrimonio esistente a Listolade, approvazione programma per il conferimento di incarichi di collaborazione autonoma, aliquote e detrazioni per l&#8217;IMU 2019, approvazione del documento programmatico<\/p>\n<p>&nbsp;<\/p>\n<p>&nbsp;<\/p>\n<p>&nbsp;<\/p>\n<p>&nbsp;<\/p>\n<h2>MONDIALI 2021<\/h2>\n<blockquote>\n<h3><em>De Menech: \u00abAncora in tempo, ma vedo difficolt\u00e0 nonostante il governo abbia ereditato tutti gli strumenti per completare le opere\u00bb<\/em><\/h3>\n<\/blockquote>\n<p>AUDIO<\/p>\n<audio class=\"wp-audio-shortcode\" id=\"audio-78302-14\" preload=\"none\" style=\"width: 100%;\" controls=\"controls\"><source type=\"audio\/mpeg\" src=\"http:\/\/www.radiopiu.net\/wordpress\/wp-content\/uploads\/2019\/03\/ROGER-1.mp3?_=14\" \/><a href=\"http:\/\/www.radiopiu.net\/wordpress\/wp-content\/uploads\/2019\/03\/ROGER-1.mp3\">http:\/\/www.radiopiu.net\/wordpress\/wp-content\/uploads\/2019\/03\/ROGER-1.mp3<\/a><\/audio>\n<p>&nbsp;<\/p>\n<p>&nbsp;<\/p>\n<p><strong><a class=\"dt-pswp-item\" href=\"http:\/\/www.radiopiu.net\/wordpress\/wp-content\/uploads\/2018\/07\/ROGER.jpg\" data-dt-img-description=\"\" data-large_image_width=\"193\" data-large_image_height=\"261\"><img loading=\"lazy\" decoding=\"async\" class=\"size-full wp-image-53882 alignleft\" src=\"http:\/\/www.radiopiu.net\/wordpress\/wp-content\/uploads\/2018\/07\/ROGER.jpg\" alt=\"\" width=\"193\" height=\"261\" \/><\/a>BELLUNO\u00a0\u00a0<\/strong>\u00abTemo che il Ministero delle infrastrutture stia rallentando i tempi. A essere sinceri, mi aspettavo maggiore concretezza dal vertice di Cortina sullo stato di avanzamento delle opere per i Mondiali del 2021\u00bb. Il deputato bellunese Roger De Menech rimane fiducioso sul rispetto dei tempi, ma evidenzia qualche preoccupazione per l\u2019atteggiamento del Ministero per le Infrastrutture. \u00abNon ci nascondiamo che l\u2019attuale ministro \u00e8 un avversario fiero di qualsiasi opera e questo influenza a cascata tutta la struttura burocratica del dicastero. Del resto, se \u00e8 l\u2019Anas a dover fare pressioni sul ministero e non viceversa, come se la messa in sicurezza della statale di Alemagna fosse faccenda particolare della societ\u00e0 e non interesse collettivo, sono comprensibili le resistenze che dobbiamo affrontare. Il governo attuale ha ereditato da quelli precedenti tutti gli strumenti finanziari e normativi per completare le opere entro la fine del 2020. Ci sono 242 milioni di euro per migliorare l\u2019accessibilit\u00e0 a Cortina lungo le statali 51 di Alemagna e 52 Carnica, c\u2019\u00e8 un piano di lavori approvato, c\u2019\u00e8 un commissario straordinario per l\u2019esecuzione delle opere e c\u2019\u00e8 un decreto che consente di alleggerire le procedure e dimezzare i tempi di autorizzazione. C\u2019\u00e8 infine la possibilit\u00e0 di intervenire con decreto d\u2019urgenza del consiglio dei Ministri, come ho chiesto espressamente al commissario. Mi sarei aspettato che la maggioranza al governo a questo punto arrivasse rilanciando, cio\u00e8 portasse altri 200-250 milioni di euro per la sistemazione della viabilit\u00e0 di tutto il Bellunese\u00bb. Il governo nazionale, cos\u00ec come la Regione Veneto, invece, sono arrivati a Cortina a mani vuote. \u00abHanno dispensato ai sindaci e ai portatori di interesse qualche dichiarazione di maniera e la preoccupazione sulle difficolt\u00e0 a terminare i lavori prima dell\u2019avvio dei Mondiali. Non un gran risultato\u00bb, afferma De Menech. Anche sulla mobilit\u00e0 ferroviaria, la spinta data dai governi precedenti si \u00e8 bloccata. \u00abAbbiamo raggiunto l\u2019obiettivo dell\u2019elettrificazione da Belluno verso la pianura, su entrambe le linee, ora bisognerebbe proseguire da Ponte nelle Alpi verso Calalzo, ma mi sembra di capire che i piani della Regione Veneto siano cambiati e quindi non si voglia investire nella realizzazione dell\u2019anello ferroviario delle Dolomiti. In questo caso bisognerebbe avere il coraggio di dichiarare le proprie scelte al territorio\u00bb. Infine sulla riqualificazione delle stazioni c\u2019\u00e8 la nota positiva dei lavori per Calalzo. \u00abEra ora, ma mi chiedo che fine abbia fatto il piano di Rfi (1000 stazioni) sull\u2019adeguamento delle piccole e medie stazioni grazie la quale tutte le stazioni bellunesi potrebbero diventare pi\u00f9 facilmente accessibili con ascensori e l\u2019innalzamento dei marciapiedi. Speriamo non sia finito nel dimenticatoio anche questo\u00bb.<\/p>\n<p>&nbsp;<\/p>\n<p>&nbsp;<\/p>\n<p>&nbsp;<\/p>\n<p>&nbsp;<\/p>\n<p>&nbsp;<\/p>\n<h2>IL PD CHIEDE MODIFICHE AL REGOLAMENTO DEL CONSIGLIO REGIONALE<\/h2>\n<p><strong><a class=\"dt-pswp-item\" href=\"http:\/\/www.radiopiu.net\/wordpress\/wp-content\/uploads\/2018\/11\/PD.png\" data-dt-img-description=\"\" data-large_image_width=\"226\" data-large_image_height=\"182\"><img loading=\"lazy\" decoding=\"async\" class=\"size-full wp-image-67744 alignleft\" src=\"http:\/\/www.radiopiu.net\/wordpress\/wp-content\/uploads\/2018\/11\/PD.png\" alt=\"\" width=\"226\" height=\"182\" \/><\/a>VENEZIA<\/strong> \u201cPi\u00f9 trasparenza per i lavori delle Commissioni, sia ordinarie che speciali: il regolamento deve essere rivisto\u201d. \u00c8 la convinzione di Andrea Zanoni (Partito Democratico) primo firmatario di una proposta di modifica del regolamento del Consiglio, sottoscritta dal capogruppo del PD Stefano Fracasso, dai colleghi Graziano Azzalin, Orietta Salemi e Francesca Zottis oltre a Cristina Guarda (AMP) e Patrizia Bartelle (IiC). \u201cSe la Regione \u00e8 una casa con le pareti di vetro, iniziamo da qui, con piccoli ma significativi cambiamenti. Le sedute devono essere pubbliche come accade per il Consiglio, con la possibilit\u00e0 per tutti i cittadini del Veneto e non solo, di seguirle in streaming. Le \u2018porte chiuse\u2019 siano l\u2019eccezione, motivata, e non la norma. Le sedute pubbliche, come accade in altre regioni dalla Lombardia al Piemonte passando per l\u2019Emilia Romagna e addirittura per le venti Commissioni dell\u2019Europarlamento, permetterebbero di abbattere un tab\u00f9: la segretezza dei verbali, che potranno cos\u00ec essere pubblicati come accade per quelli del Consiglio\u201d.<\/p>\n<blockquote><p><em>\u201cSempre per assicurare pi\u00f9 trasparenza e migliorare i lavori, proponiamo poi di far partecipare in qualit\u00e0 di uditori, un funzionario per ciascun gruppo, a supporto dei consiglieri. Si tratta di soluzioni che sono gi\u00e0 realt\u00e0 in altre Regioni come Lombardia, Emilia Romagna e Toscana; da ci\u00f2 che ho potuto vedere, studiando i vari regolamenti, mi sembra che quello del Veneto sia tra i pi\u00f9 chiusi. Se Zaia vuole una Regione che sia una casa di vetro, cominciamo da qua\u201d.\u00a0<\/em><\/p><\/blockquote>\n<p>&nbsp;<\/p>\n<p>&nbsp;<\/p>\n<p>&nbsp;<\/p>\n<p>&nbsp;<\/p>\n<p>&nbsp;<\/p>\n<p align=\"JUSTIFY\"><span style=\"font-size: medium;\"><b>SCUOLA: DAL 7 AL 9 MARZO LE GIORNATE DELLO SPORT IN VENETO \u2013\u00a0<\/b><\/span><\/p>\n<p align=\"JUSTIFY\"><strong><span style=\"font-size: medium;\"><a class=\"dt-pswp-item\" href=\"http:\/\/www.radiopiu.net\/wordpress\/wp-content\/uploads\/2017\/04\/DONAZZAN-INCONTRA-STUDENTI-PADOVA.png\" data-dt-img-description=\"\" data-large_image_width=\"1820\" data-large_image_height=\"760\"><img loading=\"lazy\" decoding=\"async\" class=\"alignnone size-large wp-image-31431\" src=\"http:\/\/www.radiopiu.net\/wordpress\/wp-content\/uploads\/2017\/04\/DONAZZAN-INCONTRA-STUDENTI-PADOVA-1024x428.png\" alt=\"\" width=\"1024\" height=\"428\" \/><\/a>VENEZIA\u00a0<\/span><\/strong><span style=\"color: #000000;\">Si svolgeranno <\/span><span style=\"color: #0000ff;\"><u><a href=\"x-apple-data-detectors:\/\/2\"><span style=\"color: #000000;\">dal 7 al 9 marzo<\/span><\/a><\/u><\/span> in Veneto le Giornate dello Sport, iniziativa promossa e sostenuta dalla Regione che vedr\u00e0 coinvolte tutti gli istituti scolastici del Veneto, statali e paritari, e le scuole di formazione professionale: tre giornate di eventi ed iniziative finalizzate ad approfondire l\u2019importanza dell\u2019attivit\u00e0 sportiva in termini educativi e di salute, e a far conoscere agli studenti le discipline sportive presenti nel territorio, offrendo l\u2019opportunit\u00e0 di praticarle anche negli ambienti scolastici.<\/p>\n<blockquote>\n<p align=\"JUSTIFY\"><em>\u201cDa quest\u2019anno le Giornate dello Sport sono state inserite nel calendario scolastico 2018\/19 &#8211; fa notare l\u2019assessore all\u2019istruzione e formazione della Regione Veneto, Elena Donazzan, promotrice dell\u2019iniziativa nel 2015 \u2013 Si tratta di una novit\u00e0 assoluta, che vede il Veneto prima regione in Italia a dedicare allo sport una tre-giorni educativo-esperienziale nel calendario scolastico regionale. Da tre anni In Veneto queste giornate sono un appuntamento molto atteso, che registra un grande successo per partecipazione di scuole e societ\u00e0 sportive\u201d.<\/em><\/p>\n<p>&nbsp;<\/p><\/blockquote>\n<p>&nbsp;<\/p>\n<h2>L&#8217;ANIMA COLORATA DELLE DONNE PER UN 8 MARZO DIVERSO<\/h2>\n<p><strong><a class=\"dt-pswp-item\" href=\"http:\/\/www.radiopiu.net\/wordpress\/wp-content\/uploads\/2019\/03\/festa-della-donna-mimosa-8-marzo-1024x768.jpg\" data-dt-img-description=\"\" data-large_image_width=\"1024\" data-large_image_height=\"768\"><img loading=\"lazy\" decoding=\"async\" class=\"wp-image-78308 alignleft\" src=\"http:\/\/www.radiopiu.net\/wordpress\/wp-content\/uploads\/2019\/03\/festa-della-donna-mimosa-8-marzo-1024x768-1024x768.jpg\" alt=\"\" width=\"235\" height=\"176\" srcset=\"https:\/\/www.radiopiu.net\/wordpress\/wp-content\/uploads\/2019\/03\/festa-della-donna-mimosa-8-marzo-1024x768.jpg 1024w, https:\/\/www.radiopiu.net\/wordpress\/wp-content\/uploads\/2019\/03\/festa-della-donna-mimosa-8-marzo-1024x768-300x225.jpg 300w, https:\/\/www.radiopiu.net\/wordpress\/wp-content\/uploads\/2019\/03\/festa-della-donna-mimosa-8-marzo-1024x768-768x576.jpg 768w\" sizes=\"auto, (max-width: 235px) 100vw, 235px\" \/><\/a>SEDICO_BELLUNO<\/strong> L&#8217; 8 marzo alle 18,30 a Villa Patt di Sedico la Provincia propone un evento insolito per celebrare la &#8220;giornata delle donne&#8221; dal titolo &#8220;L&#8217;anima colorata delle donne&#8221;.\u00a0 \u00a0Comunemente l&#8217;8 marzo viene festeggiato ricordando le disparit\u00e0 tra i generi mantenute ancora oggi nelle pi\u00f9 moderne societ\u00e0: diversit\u00e0 di retribuzione per uguali mansioni, minori opportunit\u00e0 di raggiungere pozioni apicali a fronte di una scolarit\u00e0 e un risultato scolastico e professionale spesso pi\u00f9 elevato che negli uomini, mantenimento di una cultura che giustifica sottilmente la violenza di genere ecc.\u00a0 Accanto a questa denuncia sempre doverosa, per questa giornata la Provincia vuole offrire un momento di riflessione per le donne, finalizzato ad affinare la consapevolezza del valore, potere e capacit\u00e0 personale dell&#8217;essere femminile. Venerd\u00ec 8 si terr\u00e0, quindi, un incontro di gruppo riservato a 25 donne, guidato da due psicologhe esperte in psicodramma e finalizzato in modo attivo e creativo a riscoprire risorse, paure e potenzialit\u00e0 che ciascuna ha in s\u00e9 come persona e come donna.\u00a0 Un esperimento, che se riuscir\u00e0 potr\u00e0 essere replicato con ulteriori incontri.<\/p>\n<p><strong>AI MICROFONI DI RADIO PIU, IL CONSIGLIERE PROVINCIALE FRANCESCA DE BIASI<\/strong><\/p>\n<audio class=\"wp-audio-shortcode\" id=\"audio-78302-15\" preload=\"none\" style=\"width: 100%;\" controls=\"controls\"><source type=\"audio\/mpeg\" src=\"http:\/\/www.radiopiu.net\/wordpress\/wp-content\/uploads\/2019\/03\/DE-BIASI-ULTIMO.mp3?_=15\" \/><a href=\"http:\/\/www.radiopiu.net\/wordpress\/wp-content\/uploads\/2019\/03\/DE-BIASI-ULTIMO.mp3\">http:\/\/www.radiopiu.net\/wordpress\/wp-content\/uploads\/2019\/03\/DE-BIASI-ULTIMO.mp3<\/a><\/audio>\n<p>&nbsp;<\/p>\n<p>&nbsp;<\/p>\n<p>&nbsp;<\/p>\n<h2>VIOLENZA IN FAMIGLIA AI MERCOLEDI DELLA SALUTE<\/h2>\n<p><strong><a class=\"dt-pswp-item\" href=\"http:\/\/www.radiopiu.net\/wordpress\/wp-content\/uploads\/2019\/03\/6_marzo-2019.jpg\" data-dt-img-description=\"\" data-large_image_width=\"793\" data-large_image_height=\"1122\"><img loading=\"lazy\" decoding=\"async\" class=\"wp-image-78265 alignleft\" src=\"http:\/\/www.radiopiu.net\/wordpress\/wp-content\/uploads\/2019\/03\/6_marzo-2019-724x1024.jpg\" alt=\"\" width=\"162\" height=\"230\" srcset=\"https:\/\/www.radiopiu.net\/wordpress\/wp-content\/uploads\/2019\/03\/6_marzo-2019-724x1024.jpg 724w, https:\/\/www.radiopiu.net\/wordpress\/wp-content\/uploads\/2019\/03\/6_marzo-2019-212x300.jpg 212w, https:\/\/www.radiopiu.net\/wordpress\/wp-content\/uploads\/2019\/03\/6_marzo-2019-768x1087.jpg 768w, https:\/\/www.radiopiu.net\/wordpress\/wp-content\/uploads\/2019\/03\/6_marzo-2019.jpg 793w\" sizes=\"auto, (max-width: 162px) 100vw, 162px\" \/><\/a>FELTRE\u00a0\u00a0<\/strong>Nell\u2019ambito del ciclo dei Mercoled\u00ec della salute, in occasione della festa della donna,\u00a0 oggi alle 18 nella sala convegni dell\u2019ospedale di Feltre, si parler\u00e0 di \u201cviolenza in famiglia: percorsi d\u2019aiuto tra ospedale e territorio\u201d. L\u2019idea \u00e8 di fare luce su un fenomeno diffuso e informare sulle opportunit\u00e0 e sui supporti forniti dall\u2019Ulss Dolomiti e dalle forze dell\u2019ordine. Alla serata parteciperanno il medico legale Erika Leone, il medico di Pronto Soccorso Michela Faleschini e l\u2019\u00e8quipe del Consultorio familiare di Feltre guidata da Manuela Tonet. Inoltre, sar\u00e0 presente la squadra mobile della Polizia di Belluno. La serata \u00e8 stata organizzata in collaborazione con FIDAPA, sezione di Belluno.<\/p>\n<p>&nbsp;<\/p>\n<p>&nbsp;<\/p>\n<p>&nbsp;<\/p>\n<p>&nbsp;<\/p>\n<p>&nbsp;<\/p>\n<h2>TRE APPUNTAMENTI PER CELEBRARE LA FESTA DELLA DONNA, INGRESSO LIBERO E GRATUITO<\/h2>\n<blockquote>\n<h4><em>UNA BIANCA, BIANCHISSIMA NUVOLA, OMAGGIO POETICO MUSICALE AD ALDA MERINI<\/em><\/h4>\n<\/blockquote>\n<p><strong><a class=\"dt-pswp-item\" href=\"http:\/\/www.radiopiu.net\/wordpress\/wp-content\/uploads\/2019\/03\/8-marzo-2019-2.jpg\" data-dt-img-description=\"\" data-large_image_width=\"1240\" data-large_image_height=\"1754\"><img loading=\"lazy\" decoding=\"async\" class=\"wp-image-77958 alignleft\" src=\"http:\/\/www.radiopiu.net\/wordpress\/wp-content\/uploads\/2019\/03\/8-marzo-2019-2-724x1024.jpg\" alt=\"\" width=\"130\" height=\"184\" srcset=\"https:\/\/www.radiopiu.net\/wordpress\/wp-content\/uploads\/2019\/03\/8-marzo-2019-2-724x1024.jpg 724w, https:\/\/www.radiopiu.net\/wordpress\/wp-content\/uploads\/2019\/03\/8-marzo-2019-2-212x300.jpg 212w, https:\/\/www.radiopiu.net\/wordpress\/wp-content\/uploads\/2019\/03\/8-marzo-2019-2-768x1086.jpg 768w, https:\/\/www.radiopiu.net\/wordpress\/wp-content\/uploads\/2019\/03\/8-marzo-2019-2.jpg 1240w\" sizes=\"auto, (max-width: 130px) 100vw, 130px\" \/><\/a>PIEVE D&#8217;ALPAGO<\/strong> I versi di Alice e le canzoni di Stefania in uno spettacolo sul rapporto tra arte e follia nelle opere della poetessa milanese Alda Merini. Venerdi 8 marzo alle 20.30 nel Municipio di Pieve d&#8217;Alpago<\/p>\n<blockquote>\n<h4><em>D&#8217;AMORE NON SI MUORE, SECONDA EDIZIONE. PER LA GIORNATA INTERNAZIONALE DELLA DONNA\u00a0<\/em><\/h4>\n<\/blockquote>\n<p><strong>PONTE NELLE ALPI <\/strong>Sabato 9 marzo alle 17 interventi di Anna Cubattoli, presidente dell&#8217;associazione Belluno Donna. Letture: Paola Bettiol, Patrizia Burigo, Alice De Toni, Mario Franco, Sacha Rosel. Musiche: Valentina De March (voce chitarra), Teresa Pante (violoncello), Stefania Pillon (recitazione e canto), Trio musicale Domi-tan: Federico De Carli, Tatiana Munaro e Anna Zanella. Danza: Laura Zago e gruppo Korarte.<\/p>\n<blockquote>\n<h4><em><a class=\"dt-pswp-item\" href=\"http:\/\/www.radiopiu.net\/wordpress\/wp-content\/uploads\/2019\/03\/9-marzo-2019-2.jpg\" data-dt-img-description=\"\" data-large_image_width=\"907\" data-large_image_height=\"1512\"><img loading=\"lazy\" decoding=\"async\" class=\"wp-image-77960 alignleft\" src=\"http:\/\/www.radiopiu.net\/wordpress\/wp-content\/uploads\/2019\/03\/9-marzo-2019-2-614x1024.jpg\" alt=\"\" width=\"117\" height=\"195\" srcset=\"https:\/\/www.radiopiu.net\/wordpress\/wp-content\/uploads\/2019\/03\/9-marzo-2019-2-614x1024.jpg 614w, https:\/\/www.radiopiu.net\/wordpress\/wp-content\/uploads\/2019\/03\/9-marzo-2019-2-180x300.jpg 180w, https:\/\/www.radiopiu.net\/wordpress\/wp-content\/uploads\/2019\/03\/9-marzo-2019-2-768x1280.jpg 768w, https:\/\/www.radiopiu.net\/wordpress\/wp-content\/uploads\/2019\/03\/9-marzo-2019-2.jpg 907w\" sizes=\"auto, (max-width: 117px) 100vw, 117px\" \/><\/a>DIRITTI DELLE DONNE, UNA QUESTIONE APERTA. RIFLESSIONI, PAROLE E MUSICHE\u00a0<\/em><\/h4>\n<\/blockquote>\n<p><strong>BELLUNO<\/strong> Lunedi 11 marzo alle 18 nell&#8217;aula magna dell&#8217;Istituto Catullo di via Garibaldi per la giornata internazionale della donna interventi di Giovanna Ninni (attivista di ieri) &#8220;Un percorso di passione&#8221;, Cristina Da Rold (giornalista) &#8220;Viaggio tra i femminismi del terzo millenio&#8221;, Maria Rita Gentilin (Spi Cgil Belluno) &#8220;I diritti senza limiti di et\u00e0&#8221;, Rossana Mungiello (consigliera di parit\u00e0 della Provincia di Belluno) &#8220;Il rischio di tornare indietro&#8221;, Chiara Sacchet (casa dei beni comuni) &#8220;Unire le voci, da un&#8217;esperienza recente a una proposta futura&#8221;. Coordina Enrico Bacchetti (direttore Isbrec), Letture e musiche Patrizia Burigo, Alice De Toni, Valentina De March, e Stefania Pillon.<\/p>\n<p>&nbsp;<\/p>\n<p>&nbsp;<\/p>\n<h2><\/h2>\n<h2><\/h2>\n<h2><\/h2>\n<blockquote>\n<h2><\/h2>\n<\/blockquote>\n<h2><\/h2>\n<h2>SELEZIONE REGIONALE OPERATORI USPS DELLA CROCE ROSSA ITALIANA<\/h2>\n<p><strong><a class=\"dt-pswp-item\" href=\"http:\/\/www.radiopiu.net\/wordpress\/wp-content\/uploads\/2019\/03\/selezione-operatori-USPS-monte-avena-2019-croce-rossa-italiana.jpg\" data-dt-img-description=\"\" data-large_image_width=\"1600\" data-large_image_height=\"1200\"><img loading=\"lazy\" decoding=\"async\" class=\"wp-image-78323 alignleft\" src=\"http:\/\/www.radiopiu.net\/wordpress\/wp-content\/uploads\/2019\/03\/selezione-operatori-USPS-monte-avena-2019-croce-rossa-italiana-1024x768.jpg\" alt=\"\" width=\"265\" height=\"199\" srcset=\"https:\/\/www.radiopiu.net\/wordpress\/wp-content\/uploads\/2019\/03\/selezione-operatori-USPS-monte-avena-2019-croce-rossa-italiana-1024x768.jpg 1024w, https:\/\/www.radiopiu.net\/wordpress\/wp-content\/uploads\/2019\/03\/selezione-operatori-USPS-monte-avena-2019-croce-rossa-italiana-300x225.jpg 300w, https:\/\/www.radiopiu.net\/wordpress\/wp-content\/uploads\/2019\/03\/selezione-operatori-USPS-monte-avena-2019-croce-rossa-italiana-768x576.jpg 768w, https:\/\/www.radiopiu.net\/wordpress\/wp-content\/uploads\/2019\/03\/selezione-operatori-USPS-monte-avena-2019-croce-rossa-italiana.jpg 1600w\" sizes=\"auto, (max-width: 265px) 100vw, 265px\" \/><\/a>FELTRE\u00a0 <\/strong>Sulle piste del Comprensorio sciistico del Monte Avena, si \u00e8 tenuta la selezione regionale per gli operatori dell\u2019Unit\u00e0 Soccorso Piste da Sci\u00a0 della Croce rossa italiana organizzata dal Comitato Regionale del Veneto. Un esame a cui sono stati sottoposti i candidati provenienti da tutta la regione del Veneto e che ha mirato alla selezione dei migliori aspiranti. Solo 9 su 26, quattro di questi del Comitato di Feltre, sono i volontari che hanno superato le prove preparate dagli istruttori a dimostrazione dell\u2019elevata preparazione richiesta. Per i volontari scelti si aprono ora le porte del corso che li porter\u00e0 a far parte dell\u2019USPS. I volontari della Croce rossa italiana sono chiamati a svolgere il primo soccorso nelle pi\u00f9 precarie situazioni, anche in una pista da sci. Proprio per questo motivo \u00e8 stata creata la USPS, un gruppo di operatori addestrati ad operare in massima sicurezza.<\/p>\n<blockquote>\n<p align=\"JUSTIFY\"><strong>ANDREA ZABOT, PRESIDENTE DEL COMITATO DI FELTRE<\/strong> <em>\u00abNon posso che dirmi soddisfatto per il risultato raggiunto dai volontari feltrini, ma pi\u00f9 in generale per quanto visto sulle piste del Monte Avena. La giornata di sabato coronato la collaborazione ormai solida fra il Comitato di Feltre e il Comitato Regionale e apre nuovi obiettivi di cooperazione\u00bb. Zabot conclude: \u00abUn ringraziamento particolare lo riservo alla famiglia Lionello Gorza per la massima disponibilit\u00e0 offerta per la buona riuscita della giornata di selezione\u00bb.<\/em><\/p>\n<\/blockquote>\n<p align=\"JUSTIFY\">Per informazioni sui servizi offerti dalla Croce rossa italiana di Feltre: terzo piano all&#8217;ex Casa di cura Villabruna Bellati di Feltre in viale Marconi 7, il luned\u00ec e il gioved\u00ec dalle 18 alle 21, Telefono 0439-81711.<\/p>\n<p>&nbsp;<\/p>\n<p>&nbsp;<\/p>\n<p>&nbsp;<\/p>\n<p>&nbsp;<\/p>\n<h2>MARATONA 2019, IL PROGRAMMA DEFINITIVO<\/h2>\n<p><strong><a class=\"dt-pswp-item\" href=\"http:\/\/www.radiopiu.net\/wordpress\/wp-content\/uploads\/2019\/03\/WhatsApp-Image-2019-03-05-at-16.19.00.jpeg\" data-dt-img-description=\"\" data-large_image_width=\"1600\" data-large_image_height=\"900\"><img loading=\"lazy\" decoding=\"async\" class=\"alignnone size-large wp-image-78353\" src=\"http:\/\/www.radiopiu.net\/wordpress\/wp-content\/uploads\/2019\/03\/WhatsApp-Image-2019-03-05-at-16.19.00-1024x576.jpeg\" alt=\"\" width=\"1024\" height=\"576\" srcset=\"https:\/\/www.radiopiu.net\/wordpress\/wp-content\/uploads\/2019\/03\/WhatsApp-Image-2019-03-05-at-16.19.00-1024x576.jpeg 1024w, https:\/\/www.radiopiu.net\/wordpress\/wp-content\/uploads\/2019\/03\/WhatsApp-Image-2019-03-05-at-16.19.00-300x169.jpeg 300w, https:\/\/www.radiopiu.net\/wordpress\/wp-content\/uploads\/2019\/03\/WhatsApp-Image-2019-03-05-at-16.19.00-768x432.jpeg 768w, https:\/\/www.radiopiu.net\/wordpress\/wp-content\/uploads\/2019\/03\/WhatsApp-Image-2019-03-05-at-16.19.00.jpeg 1600w\" sizes=\"auto, (max-width: 1024px) 100vw, 1024px\" \/><\/a>FELTRE\u00a0\u00a0<\/strong>\u201cSu il sipario\u201d sull\u2019edizione 2019 della Maratona di Lettura, presentata alla stampa dall\u2019assessore alla Cultura del Comune di Feltre Alessandro Del Bianco e dalla Responsabile dell\u2019Ufficio Cultura Anna Viviani. Il format della rassegna, che gi\u00e0 grande successo ha riscosso negli anni passati, si amplia ulteriormente diventando una sorta di festival della lettura che ne fa, in assoluto, l\u2019evento culturale pi\u00f9 rilevante della citt\u00e0. Come gi\u00e0 anticipato, l\u2019edizione 2019 della Maratona sar\u00e0 dedicata allo scrittore napoletano Antonio Scurati, gi\u00e0 premio Campiello nel 2005, il cui ultimo romanzo storico \u201cM. Il figlio del secolo\u201d, dedicato alla prima fase dell\u2019ascesa politica di Benito Mussolini e del Fascismo, sta riscuotendo uno straordinario successo tanto da averne gi\u00e0 fatto un vero e proprio caso editoriale.Le letture saranno intervallate da intermezzi musicali e saranno proposte, in alcuni casi, anche in lingua straniera (arabo, cinese, albanese), quale segno di apertura ed inclusione nei confronti dei molti cittadini stranieri.<\/p>\n<p><strong>AI MICROFONI DI RADIO PIU, L&#8217;ASSESSORE ALLA CULTURA ALESSANDRO DEL BIANCO<\/strong><\/p>\n<audio class=\"wp-audio-shortcode\" id=\"audio-78302-16\" preload=\"none\" style=\"width: 100%;\" controls=\"controls\"><source type=\"audio\/mpeg\" src=\"http:\/\/www.radiopiu.net\/wordpress\/wp-content\/uploads\/2019\/03\/DEL-BIANCO.mp3?_=16\" \/><a href=\"http:\/\/www.radiopiu.net\/wordpress\/wp-content\/uploads\/2019\/03\/DEL-BIANCO.mp3\">http:\/\/www.radiopiu.net\/wordpress\/wp-content\/uploads\/2019\/03\/DEL-BIANCO.mp3<\/a><\/audio>\n<p>&nbsp;<\/p>\n<p>&nbsp;<\/p>\n<p>&nbsp;<\/p>\n<h2>DUE BANDI PER LE ATTIVITA&#8217; AGRICOLE<\/h2>\n<p><strong>BELLUNO<\/strong>\u00a0Oggi\u00a0 alle 11.30 in Camere di Commercio di Treviso Belluno in Piazza Santo Stefano saranno presentati\u00a0 due bandi relativi a \u201cCreazione e sviluppo di attivit\u00e0 agricole ed extra agricole\u201d, con una dotazione finanziaria di 1 milione e 600 mila euro a favore delle imprese locali.<\/p>\n<p>&nbsp;<\/p>\n<p>&nbsp;<\/p>\n<p>&nbsp;<\/p>\n<h1>SCHIANTI, VENERDI 8\u00a0 IPOTESI DI INTERVENTO<\/h1>\n<p><strong>AGORDO<\/strong> Venerdi alle 20 in sala consiliare del Municipio il sindaco di Agordo Sisto Da Roit incontra i proprietari delle particelle boschive della Pala dell&#8217;Arion e Sotto Baster. Riunione informativa dove verr\u00e0 illustrata la situazione dell&#8217;area e le ipotesi di intervento.<\/p>\n<p>&nbsp;<\/p>\n<p>&nbsp;<\/p>\n<p>&nbsp;<\/p>\n<h2>SCHIANTI,\u00a0 SABATO 9 MARZO\u00a0 \u00a0INCONTRO A SAN TOMASO<\/h2>\n<p><strong>SAN TOMASO <\/strong>L&#8217;incontro con la popolazione e con i cittadini che hanno subito danni boschivi: sabato 9 marzo alle 17 in Sala Giovani, localit\u00e0 Pian. Saranno esposte le modalit\u00e0 di un eventuale recupero della massa legnosa.<\/p>\n<p>&nbsp;<\/p>\n<p>&nbsp;<\/p>\n<p>&nbsp;<\/p>\n<h2><a class=\"dt-pswp-item\" href=\"http:\/\/www.radiopiu.net\/wordpress\/wp-content\/uploads\/2018\/09\/appuntamenti.jpeg\" data-dt-img-description=\"\" data-large_image_width=\"800\" data-large_image_height=\"100\"><img loading=\"lazy\" decoding=\"async\" class=\"alignnone wp-image-61958 size-full\" src=\"http:\/\/www.radiopiu.net\/wordpress\/wp-content\/uploads\/2018\/09\/appuntamenti.jpeg\" alt=\"\" width=\"800\" height=\"100\" srcset=\"https:\/\/www.radiopiu.net\/wordpress\/wp-content\/uploads\/2018\/09\/appuntamenti.jpeg 800w, https:\/\/www.radiopiu.net\/wordpress\/wp-content\/uploads\/2018\/09\/appuntamenti-300x38.jpeg 300w, https:\/\/www.radiopiu.net\/wordpress\/wp-content\/uploads\/2018\/09\/appuntamenti-768x96.jpeg 768w\" sizes=\"auto, (max-width: 800px) 100vw, 800px\" \/><\/a><\/h2>\n<h2><\/h2>\n<h2>REFERENDUM 16 MESI DOPO. IL PUNTO<\/h2>\n<p><strong>BELLUNO<\/strong> Sabato alle 10 in sala Muccin al centro Giovanni XXIII di Piazza Piloni Indipendenza Veneta organizza l&#8217;incontro dibattito su &#8220;Autonomia del Veneto e di Belluno-Dolomiti, punto e prospettive\u00a0 a 16 mesi dal Referendum&#8221;. Interverranno l&#8217;Onorevole Dario Bond, l&#8217;avvocato Alessio Morosin di Indipendenza Veneta, l&#8217;avvocato Simonetta Rubinato di Veneto Vivo e il professor Daniele Trabucco docente di diritto costituzionale.<\/p>\n<p>&nbsp;<\/p>\n<h2>AL CITTA&#8217; DI CARPI CON IL CAI<\/h2>\n<p><strong>AGORDO<\/strong> Per domenica la sezione agordina del Cai di Agordo organizza un&#8217;escursione con le racchette da neve o a piedi al Rifugio Citt\u00e0 di Carpi (gruppo dei Cadini di Misurina) a 2110 metri di quota. Ritrovo alle 7 presso la sezione (Municipio di Agordo), 7.15 partenza per Misurina, 9.15 inizio escursione nei presso del lago, tempo 4-5 ore, dislivello 450 metri, responsabile Fabiana Luciani. Info 380 6983040<\/p>\n<p>&nbsp;<\/p>\n<p>&nbsp;<\/p>\n<p><a class=\"dt-pswp-item\" href=\"http:\/\/www.radiopiu.net\/wordpress\/wp-content\/uploads\/2018\/09\/viabilita.jpeg\" data-dt-img-description=\"\" data-large_image_width=\"800\" data-large_image_height=\"100\"><img loading=\"lazy\" decoding=\"async\" class=\"alignnone size-full wp-image-61954\" src=\"http:\/\/www.radiopiu.net\/wordpress\/wp-content\/uploads\/2018\/09\/viabilita.jpeg\" alt=\"\" width=\"800\" height=\"100\" srcset=\"https:\/\/www.radiopiu.net\/wordpress\/wp-content\/uploads\/2018\/09\/viabilita.jpeg 800w, https:\/\/www.radiopiu.net\/wordpress\/wp-content\/uploads\/2018\/09\/viabilita-300x38.jpeg 300w, https:\/\/www.radiopiu.net\/wordpress\/wp-content\/uploads\/2018\/09\/viabilita-768x96.jpeg 768w\" sizes=\"auto, (max-width: 800px) 100vw, 800px\" \/><\/a><\/p>\n<p><strong>VOLTAGO<\/strong> FINO AL 5 APRILE\u00a0 tutti i giorni sabati e domeniche compresi, senso unico alternato regolato da semaforo lungo la provinciale 347 in Comune di Voltago per lavori di somma urgenza e messa in sicurezza del piano viabile.<\/p>\n<p><strong>CENCENIGHE<\/strong> FINO ALL&#8217;8 MARZO in prossimit\u00e0 di Cencenighe lungo la regionale 203 agordina ,esclusi sabati e domeniche, senso unico regolato da semaforo\u00a0 IN PROSSIMITA&#8217; DI CENCENIGHE LUNGO LA REGIONALE 203 AGORDINA, ESCLUSI FESTIVI E PREFESTIVI<\/p>\n<p><strong>SOSPIROLO<\/strong>\u00a0FINO AL 15 MARZO provinciale 2 della Valle del Mis chiude in localit\u00e0 Pascoli e Pian Falcina (Comune di Sospirolo) dalle 8 alle 12 e alle 13.30 alle 17.30, tutti i giorni feriali ad esclusione dei sabati, domeniche e festivi infrasettimanali. In particolare: dalle 8 alle 12 e dalle 13.30 alle 17.30 durante le lavorazioni esterne alla galleria, dalle 8 alle 17.30 nel corso delle lavorazioni in galleria. Negli altri periodi senso unico alternato regolato da impianto semaforico.<\/p>\n<p><strong>FALCADE<\/strong>\u00a0 FINO\u00a0 ALL&#8217;8 MARZO\u00a0 con esclusione dei giorni festivi e prefestivi, senso unico alternato regolato da semaforo lungo la 346 del San Pellegrino in Comune di Falcade.<\/p>\n<p>&nbsp;<\/p>\n<p>&nbsp;<\/p>\n<p>&nbsp;<\/p>\n<p>&nbsp;<\/p>\n<p>&nbsp;<\/p>\n<p><a class=\"dt-pswp-item\" href=\"http:\/\/www.radiopiu.net\/wordpress\/wp-content\/uploads\/2018\/09\/sport.jpg\" data-dt-img-description=\"\" data-large_image_width=\"800\" data-large_image_height=\"100\"><img loading=\"lazy\" decoding=\"async\" class=\"alignnone wp-image-60761 size-full\" src=\"http:\/\/www.radiopiu.net\/wordpress\/wp-content\/uploads\/2018\/09\/sport.jpg\" alt=\"\" width=\"800\" height=\"100\" srcset=\"https:\/\/www.radiopiu.net\/wordpress\/wp-content\/uploads\/2018\/09\/sport.jpg 800w, https:\/\/www.radiopiu.net\/wordpress\/wp-content\/uploads\/2018\/09\/sport-300x38.jpg 300w, https:\/\/www.radiopiu.net\/wordpress\/wp-content\/uploads\/2018\/09\/sport-768x96.jpg 768w\" sizes=\"auto, (max-width: 800px) 100vw, 800px\" \/><\/a><\/p>\n<p>&nbsp;<\/p>\n<p>&nbsp;<\/p>\n<div class=\"page-title-head hgroup\">\n<h1 class=\"entry-title\">FINISCE IL CAMPIONATO PER L\u2019ALLEGHE HOCKEY<\/h1>\n<\/div>\n<blockquote class=\"wp-embedded-content\" data-secret=\"yGXfa0nesk\"><p><a href=\"http:\/\/www.radiopiu.net\/wordpress\/finisce-il-campionato-per-lalleghe-hockey\/\">FINISCE IL CAMPIONATO PER L\u2019ALLEGHE HOCKEY<\/a><\/p><\/blockquote>\n<p><iframe loading=\"lazy\" class=\"wp-embedded-content\" sandbox=\"allow-scripts\" security=\"restricted\" style=\"position: absolute; clip: rect(1px, 1px, 1px, 1px);\" src=\"http:\/\/www.radiopiu.net\/wordpress\/finisce-il-campionato-per-lalleghe-hockey\/embed\/#?secret=yGXfa0nesk\" data-secret=\"yGXfa0nesk\" width=\"600\" height=\"338\" title=\"&#8220;FINISCE IL CAMPIONATO PER L\u2019ALLEGHE HOCKEY&#8221; &#8212; Radio Pi\u00f9\" frameborder=\"0\" marginwidth=\"0\" marginheight=\"0\" scrolling=\"no\"><\/iframe><\/p>\n<p>&nbsp;<\/p>\n<p>&nbsp;<\/p>\n<p>&nbsp;<\/p>\n<div class=\"page-title title-left solid-bg breadcrumbs-mobile-off page-title-responsive-enabled\">\n<div class=\"wf-wrap\">\n<div class=\"page-title-head hgroup\">\n<h1 class=\"entry-title\">\u201c4 PAS IN DOI\u201d: AD AGORDO IL 2 GIUGNO<\/h1>\n<blockquote>\n<h3 style=\"text-align: left;\"><em><span style=\"color: #000000;\"><span style=\"font-family: verdana, sans-serif;\"><b>Organizzazione a cura di &#8220;Ad Agordo Pro Loco&#8221;. Iscrizioni agevolate fino al 24 marzo<\/b><\/span><\/span><\/em><\/h3>\n<\/blockquote>\n<p><span style=\"font-family: verdana, sans-serif;\"><span style=\"color: #000000;\"><b><a class=\"dt-pswp-item\" href=\"http:\/\/www.radiopiu.net\/wordpress\/wp-content\/uploads\/2019\/03\/4-pas-in-doi-2018-i-vincitori-Luca-Cagnati-e-Lorenzo-Cagnati-1.jpg\" data-dt-img-description=\"\" data-large_image_width=\"912\" data-large_image_height=\"707\"><img loading=\"lazy\" decoding=\"async\" class=\"wp-image-78304 alignleft\" src=\"http:\/\/www.radiopiu.net\/wordpress\/wp-content\/uploads\/2019\/03\/4-pas-in-doi-2018-i-vincitori-Luca-Cagnati-e-Lorenzo-Cagnati-1.jpg\" alt=\"\" width=\"272\" height=\"211\" srcset=\"https:\/\/www.radiopiu.net\/wordpress\/wp-content\/uploads\/2019\/03\/4-pas-in-doi-2018-i-vincitori-Luca-Cagnati-e-Lorenzo-Cagnati-1.jpg 912w, https:\/\/www.radiopiu.net\/wordpress\/wp-content\/uploads\/2019\/03\/4-pas-in-doi-2018-i-vincitori-Luca-Cagnati-e-Lorenzo-Cagnati-1-300x233.jpg 300w, https:\/\/www.radiopiu.net\/wordpress\/wp-content\/uploads\/2019\/03\/4-pas-in-doi-2018-i-vincitori-Luca-Cagnati-e-Lorenzo-Cagnati-1-768x595.jpg 768w\" sizes=\"auto, (max-width: 272px) 100vw, 272px\" \/><\/a>AGORDO\u00a0<\/b><\/span><\/span>\u00a0C&#8217;\u00e8 grande fermento ad Agordo (Belluno) per la terza edizione della &#8220;4 pas in doi&#8221;, la storica gara di corsa in montagna a coppie che i dinamici giovani organizzatori di &#8220;Ad Agordo Pro Loco&#8221; hanno fatto rinascere nel 2017 e riproposto con buon successo nel 2017 appunto e lo scorso anno.\u00a0L&#8217;evento 2019 si svolger\u00e0 domenica 2 giugno e proporr\u00e0 tante manifestazioni in una: la gara agonistica di 15 chilometri e 850 metri di dislivello positivo, la non competitiva sullo stesso percorso e la non competitiva sulla distanza di 6 chilometri e 300 metri di dislivello positivo. Per entrambi i tracciati partenza e arrivo sono fissati sul &#8220;Broi&#8221;, la suggestiva piazza centrale di Agordo. A fare da cornice le spettacolari vette del Framont, della Moiazza, del San Sebastiano e dell&#8217;Agner. Proprio sui sentieri che si sviluppano ai piedi di Framont e Moiazza gli organizzatori della &#8220;4 Pas in doi&#8221;, supportati da numerosi volontari, sono al lavoro per sistemare quei tratti parzialmente rovinati (piccoli smottamenti e cadute di alberi) a seguito degli straordinari eventi calamitosi che hanno colpito il territorio dolomitico lo scorso autunno. \u00abPer il 2 giugno ogni cosa sar\u00e0 al proprio posto per questa terza edizione di un evento che vuole essere un momento agonistico importante ma anche un&#8217;opportunit\u00e0 di conoscenza e promozione di Agordo e dell&#8217;Agordino, cuore delle Dolomiti patrimonio dell&#8217;umanit\u00e0 Unesco\u00bb spiega Enrico Farenzena, presidente di &#8220;Agordo Pro Loco&#8221;.<\/p>\n<blockquote><p><em>\u00abNelle prime due edizioni abbiamo avuto un riscontro importante in termini di partecipazione e interesse e in questo 2019 vogliamo proseguire sulla strada intrapresa, offrendo a partecipanti a pubblico una giornata che possano ricordare. Sar\u00e0 una giornata di agonismo ma non solo: proprio per questo riproporremo anche la &#8220;4 Pas in doi bocoi&#8221;, passeggiata enogastronomica a tappe sul tracciato di 6 chilometri con degustazione di prodotti tipici locali\u00bb.<\/em><\/p><\/blockquote>\n<p>Le iscrizioni alla &#8220;4 pas in doi&#8221; si sono aperte da qualche giorno e fino al 24 marzo permetteranno ai concorrenti di usufruire di una quota agevolata: 32 euro a coppia. Dal 25 marzo al 31 maggio la quota passer\u00e0 a 38 euro mentre per le coppie che si iscriveranno il giorno della gara il costo \u00e8 fissato a 44 euro. Per la prova sui 6 chilometri, la quota di iscrizione \u00e8 fissa ed \u00e8 di 20euro per i bambini e i ragazzi nati tra il 2004 e il 2019, di 30 euro per gli adulti (nati fino al 2003) e di 25 euro per le coppie formate da un adulto e un bambino.\u00a0La quota di iscrizione comprende, oltre ai servizi (ristori, assistenza e buono pasto), un pacco gara che, come per le due precedenti edizioni, \u00e8 forte di un gadget tecnico firmato Dynafit.\u00a0Per approfondimenti e per rimanere aggiornati sulla \u201c4 Pas in doi\u201d si possono consultare il sito\u00a0www.4pasindoi.it\u00a0e la pagina Facebook 4pasindoi. Per approfondimenti su \u201cAgordo Pro Loco\u201d:\u00a0www.agordo.net.\u00a0 FOTO LUCA E LORENZO CAGNATI, VINCITORI DELLO SCORSO ANNO<\/p>\n<\/div>\n<\/div>\n<\/div>\n<p>&nbsp;<\/p>\n<h2>HOCKEY POSTICIPO PER LE FINALI DELL&#8217;AGORDINO<\/h2>\n<p><a class=\"dt-pswp-item\" href=\"http:\/\/www.radiopiu.net\/wordpress\/wp-content\/uploads\/2019\/02\/WhatsApp-Image-2019-02-26-at-10.12.09.jpeg\" data-dt-img-description=\"\" data-large_image_width=\"1050\" data-large_image_height=\"600\"><img loading=\"lazy\" decoding=\"async\" class=\"alignnone wp-image-77598 size-full\" src=\"http:\/\/www.radiopiu.net\/wordpress\/wp-content\/uploads\/2019\/02\/WhatsApp-Image-2019-02-26-at-10.12.09.jpeg\" alt=\"\" width=\"1050\" height=\"600\" srcset=\"https:\/\/www.radiopiu.net\/wordpress\/wp-content\/uploads\/2019\/02\/WhatsApp-Image-2019-02-26-at-10.12.09.jpeg 1050w, https:\/\/www.radiopiu.net\/wordpress\/wp-content\/uploads\/2019\/02\/WhatsApp-Image-2019-02-26-at-10.12.09-300x171.jpeg 300w, https:\/\/www.radiopiu.net\/wordpress\/wp-content\/uploads\/2019\/02\/WhatsApp-Image-2019-02-26-at-10.12.09-768x439.jpeg 768w, https:\/\/www.radiopiu.net\/wordpress\/wp-content\/uploads\/2019\/02\/WhatsApp-Image-2019-02-26-at-10.12.09-1024x585.jpeg 1024w\" sizes=\"auto, (max-width: 1050px) 100vw, 1050px\" \/><\/a><\/p>\n<p>Le finali del torneo agordino di hockey su ghiaccio sono posticipate di una settimana, non pi\u00f9 sabato 2 ma la settimana successiva.<\/p>\n<p>&nbsp;<\/p>\n<p>&nbsp;<\/p>\n<p>&nbsp;<\/p>\n<h2>BAIT NIGHT<\/h2>\n<p><strong>SELVA DI CADORE<\/strong> La gara di sci alpinismo Bait Night andr\u00e0 in scena oggi\u00a0 alle 19.45 sulla pista Bait e ciaune\u00a0 di Pescul. E&#8217; una gara non competitiva in notturna con gli d&#8217;alpinismo. Partenza da Pescul (1415msm) e risalita fino al ristoro Belvedere a 2082 metri. Lunghezza 3,5 chilometri, dislivello 667 m. Iscrizioni on line sul sito www.valfiorentina.it fino a martedi 5 marzo, sul posto priama della gara tra le 18 e le 19.<\/p>\n<p>&nbsp;<\/p>\n<p>&nbsp;<\/p>\n<p>&nbsp;<\/p>\n<h2>CIASPARUN 2019, CIASPOLATA NON COMPETITIVA A PASSO GIAU<\/h2>\n<p>sabato 9 marzo 9^ edizione della ciaspolata non competitiva, partenza alle 18 30, dal Rifugio Fedare, percorso ad anello di circa 5 km. La quota di iscrizione comprende anche la cena tipica con canederli e goulash presso il Rifugio Fedare, numerosi i premi a estrazione. Le iscrizioni (disponibile il servizio di noleggio ciaspole) sono aperte presso l\u2019ufficio turistico in piazza a Colle S.Lucia fino a venerd\u00ec 8 marzo, oppure il giorno della gara al Rifugio Fedare dalle 16.30, per maggiori informazioni 347\/6189044 in orario ufficio. In palio il super premio BAITNIGHT + CIASPARUN, verr\u00e0 sorteggiato nella serata della CIASPARUN<\/p>\n<p>&nbsp;<\/p>\n<p>&nbsp;<\/p>\n<p>&nbsp;<\/p>\n<p>&nbsp;<\/p>\n<h2 class=\"page-title-breadcrumbs\"><strong>CARNEVALE A CENCENIGHE, LA PREMIAZIONE DEI GRUPPI.<\/strong><\/h2>\n<h2><strong>VINCONO I LAVORI STRADALI&#8230;.<\/strong><\/h2>\n<div><a href=\"https:\/\/www.facebook.com\/mirko.mezzacasa\/videos\/10219161174367053\/\">CLICCA QUI<\/a><\/div>\n<div><\/div>\n<div><\/div>\n<div>https:\/\/www.facebook.com\/mirko.mezzacasa\/videos\/10219161174367053\/<\/div>\n<div><\/div>\n<div><\/div>\n<div><\/div>\n<div><\/div>\n<div><\/div>\n<div>\n<h2><a class=\"dt-pswp-item\" href=\"http:\/\/www.radiopiu.net\/wordpress\/wp-content\/uploads\/2018\/09\/WhatsApp-Image-2018-09-20-at-16.04.06.jpeg\" data-dt-img-description=\"\" data-large_image_width=\"800\" data-large_image_height=\"100\"><img loading=\"lazy\" decoding=\"async\" class=\"alignnone wp-image-61378 size-full\" src=\"http:\/\/www.radiopiu.net\/wordpress\/wp-content\/uploads\/2018\/09\/WhatsApp-Image-2018-09-20-at-16.04.06.jpeg\" alt=\"\" width=\"800\" height=\"100\" srcset=\"https:\/\/www.radiopiu.net\/wordpress\/wp-content\/uploads\/2018\/09\/WhatsApp-Image-2018-09-20-at-16.04.06.jpeg 800w, https:\/\/www.radiopiu.net\/wordpress\/wp-content\/uploads\/2018\/09\/WhatsApp-Image-2018-09-20-at-16.04.06-300x38.jpeg 300w, https:\/\/www.radiopiu.net\/wordpress\/wp-content\/uploads\/2018\/09\/WhatsApp-Image-2018-09-20-at-16.04.06-768x96.jpeg 768w\" sizes=\"auto, (max-width: 800px) 100vw, 800px\" \/><\/a><\/h2>\n<\/div>\n<div><\/div>\n<div id=\"main\" class=\"sidebar-right sidebar-divider-off\">\n<div class=\"wf-wrap\">\n<div class=\"wf-container-main\">\n<div id=\"content\" class=\"content\" role=\"main\">\n<article id=\"post-78306\" class=\"horizontal-fancy-style post-78306 post type-post status-publish format-standard has-post-thumbnail category-news-18 category-49 description-off\">\n<div class=\"entry-content\"><center><b>Mercoledi 6<\/b><\/center><b>Tempo atteso: <\/b>Dopo i residui tratti soleggiati del mattino, specie in quota, la nuvolosit\u00e0 stratiforme medio-alta aumenter\u00e0 fino a coprire del tutto il cielo entro il tardo pomeriggio\/sera, anche con nubi basse su molti settori prealpini. In questo contesto sempre pi\u00f9 umido, il rischio precipitazioni rimarr\u00e0 pressoch\u00e9 assente.<br \/>\n<b>Precipitazioni: <\/b>Assenti (0%) in giornata, in tarda serata non escluse locali pioviggini e qualche fiocco di neve in alta quota (10\/30%).<br \/>\n<b>Temperature: <\/b>Minime in rialzo in quota e stazionarie nelle valli; massime in generale lieve calo. Su Prealpi a 1500 m min 1\u00b0C max 4\u00b0C, a 2000 m min -2\u00b0C max 0\u00b0C. Su Dolomiti a 2000 m min -3\u00b0C max -1\u00b0C, a 3000 m min -8\u00b0C max -5\u00b0C.<br \/>\n<b>Venti: <\/b>Nelle valli deboli di direzione variabile; in quota moderati\/tesi da Sud-Ovest, in rinforzo fino a forti sulle vette dolomitiche pi\u00f9 alte nel tardo pomeriggio\/sera, a 10-35 km\/h a 2000 m, 30-60 km\/h a 3000 m.<\/div>\n<\/article>\n<\/div>\n<\/div>\n<\/div>\n<\/div>\n<hr \/>\n<p><center><b>Giovedi 7<\/b><\/center><b>Tempo atteso: <\/b>Tempo in peggioramento, con cielo da molto nuvoloso a coperto, associato a fenomeni che diverranno maggiormente diffusi al pomeriggio. Clima diurno pi\u00f9 uggioso e assai pi\u00f9 fresco, specie nelle valli. Forti venti sud-occidentali in quota.<br \/>\n<b>Precipitazioni: <\/b>Al mattino crescente probabilit\u00e0 di precipitazioni perlopi\u00f9 deboli (60\/80%), con limite della neve a 1500\/1700 m, temporaneamente anche a 1800\/1900 m sulle Prealpi. Al pomeriggio fenomeni pi\u00f9 diffusi, anche moderati (80\/90%), con limite della neve in lieve calo fino sui 1300\/1500 m, anche a quote inferiori in qualche valle dolomitica in caso di maggiore intensit\u00e0 dei rovesci. Probabile attenuazione dei fenomeni alla sera\/notte.<br \/>\n<b>Temperature: <\/b>Minime in rialzo; massime stazionarie in quota, in calo nelle valli. Su Prealpi a 1500 m min 1\u00b0C max 3\u00b0C, a 2000 m min -1\u00b0C max 1\u00b0C. Su Dolomiti a 2000 m min -3\u00b0C max 0\u00b0C, a 3000 m min -7\u00b0C max -4\u00b0C.<br \/>\n<b>Venti: <\/b>Nelle valli deboli\/moderati meridionali; in quota moderati\/tesi da Sud-Ovest, in rinforzo fino a forti sulle vette dolomitiche pi\u00f9 alte, a 15-45 km\/h a 2000 m, 35-80 km\/h a 3000 m.<\/p>\n<hr \/>\n<p><center><b>Venerdi 8<\/b><\/center>Tempo variabile\/instabile, con nuvolosit\u00e0 irregolare pi\u00f9 intensa al mattino, quando saranno maggiormente probabili rovesci sparsi, in attenuazione al pomeriggio\/sera, quando i fenomeni diverranno pi\u00f9 sporadici. Limite della neve a 1200\/1400 m, pi\u00f9 basso solo in caso di rovesci intensi. Clima sempre uggioso e fresco. Venti in sensibile attenuazione, in rotazione da Ovest a Nord-Ovest al pomeriggio\/sera.<\/p>\n<hr \/>\n<p><center><b>Sabato 9<\/b><\/center>Tempo abbastanza soleggiato dopo l&#8217;allontanamento della residua nuvolosit\u00e0 notturna, anche se su alcuni settori, specie prealpini, potranno insistere nubi basse fino almeno alla mattina. Temperature minime in calo in caso di ampie schiarite notturne, massime in aumento con clima diurno pi\u00f9 mite. Venti deboli\/moderati occidentali in quota. Previsore: G.M.<\/p>\n","protected":false},"excerpt":{"rendered":"<p>Sono 2500 i bellunesi che hanno diritto al reddito di cittadinanza da oggi via alle domande, Ammontano a 320 mila euro\u00a0 i danni all&#8217;agricoltura causati dalla fauna selvatica secondo l&#8217;assessore De Bon,\u00a0 6000 euro sono stati consegnati al Cai di Agordo dall&#8217;associazione Agordino dove rinascono le Dolomiti &nbsp; CRONACA\u00a0 A\u00a0Levego, in via Meassa, F.A. di\u00a074&hellip;<\/p>\n","protected":false},"author":1,"featured_media":78341,"comment_status":"closed","ping_status":"closed","sticky":false,"template":"","format":"standard","meta":{"_monsterinsights_skip_tracking":false,"_monsterinsights_sitenote_active":false,"_monsterinsights_sitenote_note":"","_monsterinsights_sitenote_category":0,"footnotes":""},"categories":[86],"tags":[],"class_list":["post-78302","post","type-post","status-publish","format-standard","has-post-thumbnail","hentry","category-gr","category-86","description-off"],"img_url":"https:\/\/www.radiopiu.net\/wordpress\/wp-content\/uploads\/2019\/03\/WhatsApp-Image-2019-03-05-at-15.25.37.jpeg","_links":{"self":[{"href":"https:\/\/www.radiopiu.net\/wordpress\/wp-json\/wp\/v2\/posts\/78302","targetHints":{"allow":["GET"]}}],"collection":[{"href":"https:\/\/www.radiopiu.net\/wordpress\/wp-json\/wp\/v2\/posts"}],"about":[{"href":"https:\/\/www.radiopiu.net\/wordpress\/wp-json\/wp\/v2\/types\/post"}],"author":[{"embeddable":true,"href":"https:\/\/www.radiopiu.net\/wordpress\/wp-json\/wp\/v2\/users\/1"}],"replies":[{"embeddable":true,"href":"https:\/\/www.radiopiu.net\/wordpress\/wp-json\/wp\/v2\/comments?post=78302"}],"version-history":[{"count":0,"href":"https:\/\/www.radiopiu.net\/wordpress\/wp-json\/wp\/v2\/posts\/78302\/revisions"}],"wp:featuredmedia":[{"embeddable":true,"href":"https:\/\/www.radiopiu.net\/wordpress\/wp-json\/wp\/v2\/media\/78341"}],"wp:attachment":[{"href":"https:\/\/www.radiopiu.net\/wordpress\/wp-json\/wp\/v2\/media?parent=78302"}],"wp:term":[{"taxonomy":"category","embeddable":true,"href":"https:\/\/www.radiopiu.net\/wordpress\/wp-json\/wp\/v2\/categories?post=78302"},{"taxonomy":"post_tag","embeddable":true,"href":"https:\/\/www.radiopiu.net\/wordpress\/wp-json\/wp\/v2\/tags?post=78302"}],"curies":[{"name":"wp","href":"https:\/\/api.w.org\/{rel}","templated":true}]}}