{"id":78306,"date":"2019-03-05T11:22:53","date_gmt":"2019-03-05T10:22:53","guid":{"rendered":"http:\/\/www.radiopiu.net\/wordpress\/?p=78306"},"modified":"2019-03-05T11:22:53","modified_gmt":"2019-03-05T10:22:53","slug":"ecco-la-terza-edizione-della-4-pas-in-doi-ad-agordo-tanti-eventi-in-uno-per-la-gara-a-coppie-del-2-giugno","status":"publish","type":"post","link":"https:\/\/www.radiopiu.net\/wordpress\/ecco-la-terza-edizione-della-4-pas-in-doi-ad-agordo-tanti-eventi-in-uno-per-la-gara-a-coppie-del-2-giugno\/","title":{"rendered":"Ecco la terza edizione della &#8220;4 pas in doi&#8221;: ad Agordo, tanti eventi in uno per la gara a coppie del 2 giugno"},"content":{"rendered":"<blockquote><p><b><br \/>\n<\/b><\/p>\n<h3 style=\"text-align: left;\"><em><span style=\"color: #000000;\"><span style=\"font-family: verdana, sans-serif;\"><b>Organizzazione a cura di &#8220;Ad Agordo Pro Loco&#8221;. Iscrizioni agevolate fino al 24 marzo<\/b><\/span><\/span><\/em><\/h3>\n<\/blockquote>\n<p><span style=\"font-family: verdana, sans-serif;\"><span style=\"color: #000000;\"><b><a class=\"dt-pswp-item\" href=\"http:\/\/www.radiopiu.net\/wordpress\/wp-content\/uploads\/2019\/03\/4-pas-in-doi-2018-i-vincitori-Luca-Cagnati-e-Lorenzo-Cagnati-1.jpg\" data-dt-img-description=\"\" data-large_image_width=\"912\" data-large_image_height=\"707\"><img loading=\"lazy\" decoding=\"async\" class=\"wp-image-78304 alignleft\" src=\"http:\/\/www.radiopiu.net\/wordpress\/wp-content\/uploads\/2019\/03\/4-pas-in-doi-2018-i-vincitori-Luca-Cagnati-e-Lorenzo-Cagnati-1.jpg\" alt=\"\" width=\"250\" height=\"194\" srcset=\"https:\/\/www.radiopiu.net\/wordpress\/wp-content\/uploads\/2019\/03\/4-pas-in-doi-2018-i-vincitori-Luca-Cagnati-e-Lorenzo-Cagnati-1.jpg 912w, https:\/\/www.radiopiu.net\/wordpress\/wp-content\/uploads\/2019\/03\/4-pas-in-doi-2018-i-vincitori-Luca-Cagnati-e-Lorenzo-Cagnati-1-300x233.jpg 300w, https:\/\/www.radiopiu.net\/wordpress\/wp-content\/uploads\/2019\/03\/4-pas-in-doi-2018-i-vincitori-Luca-Cagnati-e-Lorenzo-Cagnati-1-768x595.jpg 768w\" sizes=\"auto, (max-width: 250px) 100vw, 250px\" \/><\/a>AGORDO\u00a0<\/b>\u00a0<\/span><span style=\"color: #000000;\"><span><span lang=\"zxx\">C&#8217;\u00e8 grande fermento ad Agordo (Belluno) per la terza edizione della <b>&#8220;4 pas in doi&#8221;<\/b>, la storica gara di corsa in montagna a coppie che i dinamici giovani organizzatori di <b>&#8220;Ad Agordo Pro Loco&#8221;<\/b> hanno fatto rinascere nel 2017 e riproposto con buon successo nel 2017 appunto e lo scorso anno.\u00a0<\/span><\/span><\/span><\/span><span style=\"font-family: verdana, sans-serif;\"><span style=\"color: #000000;\"><span><span lang=\"zxx\">L&#8217;evento 2019 si svolger\u00e0 <b>domenica 2 giugno<\/b> e proporr\u00e0 tante manifestazioni in una: la <b>gara agonistica di 15 chilometri e 850 metri di dislivello positivo<\/b>, la non competitiva sullo stesso percorso e la non competitiva sulla distanza di 6 chilometri e 300 metri di dislivello positivo. Per entrambi i tracciati partenza e arrivo sono fissati sul &#8220;Broi&#8221;, la suggestiva piazza centrale di <b>Agordo<\/b>. A fare da cornice le spettacolari vette del Framont, della Moiazza, del San Sebastiano e dell&#8217;Agner. Proprio sui sentieri che si sviluppano ai piedi di Framont e Moiazza gli organizzatori della &#8220;4 Pas in doi&#8221;, supportati da numerosi volontari, sono al lavoro per sistemare quei tratti parzialmente rovinati (piccoli smottamenti e cadute di alberi) a seguito degli straordinari eventi calamitosi che hanno colpito il territorio dolomitico lo scorso autunno. \u00abPer il 2 giugno ogni cosa sar\u00e0 al proprio posto per questa terza edizione di un evento che vuole essere un momento agonistico importante ma anche un&#8217;opportunit\u00e0 di conoscenza e promozione di Agordo e dell&#8217;Agordino, <b>cuore delle Dolomiti<\/b> patrimonio dell&#8217;umanit\u00e0 Unesco\u00bb spiega <b>Enrico Farenzena<\/b>, pres<\/span><\/span><\/span><span style=\"color: #000000;\"><span><span lang=\"zxx\">idente <\/span><\/span><\/span><span style=\"color: #000000;\"><span><span lang=\"zxx\">di &#8220;Agordo Pro Loco&#8221;. \u00abNelle prime due edizioni abbiamo avuto un riscontro importante in termini di partecipazione e interesse e in questo 2019 vogliamo proseguire sulla strada intrapresa, offrendo a partecipanti a pubblico una giornata che possano ricordare. Sar\u00e0 una giornata di agonismo ma non solo: proprio per questo riproporremo anche la <b>&#8220;4 Pas in doi bocoi&#8221;<\/b>, passeggiata enogastronomica a tappe sul tracciato di 6 chilometri con degustazione di prodotti tipici locali\u00bb.\u00a0<\/span><\/span><\/span><\/span><span style=\"color: #000000;\"><span style=\"font-family: verdana, sans-serif;\">Le <b>iscrizioni alla &#8220;4 pas in doi&#8221; si sono aperte da qualche giorno e fino al 24 marzo permetteranno ai concorrenti di usufruire di una quota agevolata<\/b>: 32 euro a coppia. Dal 25 marzo al 31 maggio la quota passer\u00e0 a 38 euro mentre per le coppie che si iscriveranno il giorno della gara il costo \u00e8 fissato a 44 euro. Per la prova sui 6 chilometri, la quota di iscrizione \u00e8 fissa ed \u00e8 di 20euro per i bambini e i ragazzi nati tra il 2004 e il 2019, di 30 euro per gli adulti (nati fino al 2003) e di 25 euro per le coppie formate da un adulto e un bambino.\u00a0<\/span><\/span><span style=\"color: #000000;\"><span style=\"font-family: verdana, sans-serif;\">La quota di iscrizione comprende, oltre ai servizi (ristori, assistenza e buono pasto), un pacco gara che, come per le due precedenti edizioni, \u00e8 forte di un gadget tecnico firmato <b>Dynafit<\/b>.\u00a0<\/span><\/span><span style=\"font-family: verdana, sans-serif;\"><span style=\"color: #000000;\"><span>Per approfondimenti e per rimanere aggiornati sulla \u201c4 Pas in doi\u201d si possono consultare il sito\u00a0<\/span><\/span><span style=\"color: #0000ff;\"><span lang=\"zxx\"><u><a href=\"http:\/\/www.4pasindoi.it\/\"><span style=\"color: #1155cc;\"><span>www.4pasindoi.it<\/span><\/span><\/a><\/u><\/span><\/span><span style=\"color: #000000;\">\u00a0<\/span><span style=\"color: #000000;\"><span>e la pagina Facebook 4pasindoi.<\/span><\/span><\/span><\/p>\n<p><span style=\"font-family: verdana, sans-serif;\"><span style=\"color: #000000;\"><span>Per approfondimenti su \u201cAgordo Pro Loco\u201d:\u00a0<\/span><\/span><span style=\"color: #0000ff;\"><span lang=\"zxx\"><u><a href=\"http:\/\/www.agordo.net\/\"><span style=\"color: #1155cc;\"><span>www.agordo.net<\/span><\/span><\/a><\/u><\/span><\/span><span style=\"color: #000000;\"><span>.\u00a0<\/span><\/span><\/span><\/p>\n<p>FOTO LUCA E LORENZO CAGNATI, VINCITORI DELLO SCORSO ANNO<\/p>\n","protected":false},"excerpt":{"rendered":"<p>Organizzazione a cura di &#8220;Ad Agordo Pro Loco&#8221;. Iscrizioni agevolate fino al 24 marzo AGORDO\u00a0\u00a0C&#8217;\u00e8 grande fermento ad Agordo (Belluno) per la terza edizione della &#8220;4 pas in doi&#8221;, la storica gara di corsa in montagna a coppie che i dinamici giovani organizzatori di &#8220;Ad Agordo Pro Loco&#8221; hanno fatto rinascere nel 2017 e riproposto&hellip;<\/p>\n","protected":false},"author":1,"featured_media":78304,"comment_status":"closed","ping_status":"closed","sticky":false,"template":"","format":"standard","meta":{"_monsterinsights_skip_tracking":false,"_monsterinsights_sitenote_active":false,"_monsterinsights_sitenote_note":"","_monsterinsights_sitenote_category":0,"footnotes":""},"categories":[49],"tags":[],"class_list":["post-78306","post","type-post","status-publish","format-standard","has-post-thumbnail","hentry","category-news-18","category-49","description-off"],"img_url":"https:\/\/www.radiopiu.net\/wordpress\/wp-content\/uploads\/2019\/03\/4-pas-in-doi-2018-i-vincitori-Luca-Cagnati-e-Lorenzo-Cagnati-1.jpg","_links":{"self":[{"href":"https:\/\/www.radiopiu.net\/wordpress\/wp-json\/wp\/v2\/posts\/78306","targetHints":{"allow":["GET"]}}],"collection":[{"href":"https:\/\/www.radiopiu.net\/wordpress\/wp-json\/wp\/v2\/posts"}],"about":[{"href":"https:\/\/www.radiopiu.net\/wordpress\/wp-json\/wp\/v2\/types\/post"}],"author":[{"embeddable":true,"href":"https:\/\/www.radiopiu.net\/wordpress\/wp-json\/wp\/v2\/users\/1"}],"replies":[{"embeddable":true,"href":"https:\/\/www.radiopiu.net\/wordpress\/wp-json\/wp\/v2\/comments?post=78306"}],"version-history":[{"count":0,"href":"https:\/\/www.radiopiu.net\/wordpress\/wp-json\/wp\/v2\/posts\/78306\/revisions"}],"wp:featuredmedia":[{"embeddable":true,"href":"https:\/\/www.radiopiu.net\/wordpress\/wp-json\/wp\/v2\/media\/78304"}],"wp:attachment":[{"href":"https:\/\/www.radiopiu.net\/wordpress\/wp-json\/wp\/v2\/media?parent=78306"}],"wp:term":[{"taxonomy":"category","embeddable":true,"href":"https:\/\/www.radiopiu.net\/wordpress\/wp-json\/wp\/v2\/categories?post=78306"},{"taxonomy":"post_tag","embeddable":true,"href":"https:\/\/www.radiopiu.net\/wordpress\/wp-json\/wp\/v2\/tags?post=78306"}],"curies":[{"name":"wp","href":"https:\/\/api.w.org\/{rel}","templated":true}]}}