{"id":78321,"date":"2019-03-05T23:59:49","date_gmt":"2019-03-05T22:59:49","guid":{"rendered":"http:\/\/www.radiopiu.net\/wordpress\/?p=78321"},"modified":"2019-03-06T06:02:25","modified_gmt":"2019-03-06T05:02:25","slug":"lanima-colorata-delle-donne-per-un-8-marzo-diverso","status":"publish","type":"post","link":"https:\/\/www.radiopiu.net\/wordpress\/lanima-colorata-delle-donne-per-un-8-marzo-diverso\/","title":{"rendered":"L&#8217;ANIMA COLORATA DELLE DONNE PER UN 8 MARZO DIVERSO"},"content":{"rendered":"<h2><\/h2>\n<p><strong><a class=\"dt-pswp-item\" href=\"http:\/\/www.radiopiu.net\/wordpress\/wp-content\/uploads\/2019\/03\/festa-della-donna-mimosa-8-marzo-1024x768.jpg\" data-dt-img-description=\"\" data-large_image_width=\"1024\" data-large_image_height=\"768\"><img loading=\"lazy\" decoding=\"async\" class=\"wp-image-78308 alignleft\" src=\"http:\/\/www.radiopiu.net\/wordpress\/wp-content\/uploads\/2019\/03\/festa-della-donna-mimosa-8-marzo-1024x768-1024x768.jpg\" alt=\"\" width=\"235\" height=\"176\" srcset=\"https:\/\/www.radiopiu.net\/wordpress\/wp-content\/uploads\/2019\/03\/festa-della-donna-mimosa-8-marzo-1024x768.jpg 1024w, https:\/\/www.radiopiu.net\/wordpress\/wp-content\/uploads\/2019\/03\/festa-della-donna-mimosa-8-marzo-1024x768-300x225.jpg 300w, https:\/\/www.radiopiu.net\/wordpress\/wp-content\/uploads\/2019\/03\/festa-della-donna-mimosa-8-marzo-1024x768-768x576.jpg 768w\" sizes=\"auto, (max-width: 235px) 100vw, 235px\" \/><\/a>SEDICO_BELLUNO<\/strong> L&#8217; 8 marzo alle 18,30 a Villa Patt di Sedico la Provincia propone un evento insolito per celebrare la &#8220;giornata delle donne&#8221; dal titolo &#8220;L&#8217;anima colorata delle donne&#8221;.\u00a0 \u00a0Comunemente l&#8217;8 marzo viene festeggiato ricordando le disparit\u00e0 tra i generi mantenute ancora oggi nelle pi\u00f9 moderne societ\u00e0: diversit\u00e0 di retribuzione per uguali mansioni, minori opportunit\u00e0 di raggiungere pozioni apicali a fronte di una scolarit\u00e0 e un risultato scolastico e professionale spesso pi\u00f9 elevato che negli uomini, mantenimento di una cultura che giustifica sottilmente la violenza di genere ecc.\u00a0 Accanto a questa denuncia sempre doverosa, per questa giornata la Provincia vuole offrire un momento di riflessione per le donne, finalizzato ad affinare la consapevolezza del valore, potere e capacit\u00e0 personale dell&#8217;essere femminile. Venerd\u00ec 8 si terr\u00e0, quindi, un incontro di gruppo riservato a 25 donne, guidato da due psicologhe esperte in psicodramma e finalizzato in modo attivo e creativo a riscoprire risorse, paure e potenzialit\u00e0 che ciascuna ha in s\u00e9 come persona e come donna.\u00a0 Un esperimento, che se riuscir\u00e0 potr\u00e0 essere replicato con ulteriori incontri.<\/p>\n<p><strong>AI MICROFONI DI RADIO PIU, IL CONSIGLIERE PROVINCIALE FRANCESCA DE BIASI<\/strong><\/p>\n<audio class=\"wp-audio-shortcode\" id=\"audio-78321-1\" preload=\"none\" style=\"width: 100%;\" controls=\"controls\"><source type=\"audio\/mpeg\" src=\"http:\/\/www.radiopiu.net\/wordpress\/wp-content\/uploads\/2019\/03\/DE-BIASI-ULTIMO.mp3?_=1\" \/><a href=\"http:\/\/www.radiopiu.net\/wordpress\/wp-content\/uploads\/2019\/03\/DE-BIASI-ULTIMO.mp3\">http:\/\/www.radiopiu.net\/wordpress\/wp-content\/uploads\/2019\/03\/DE-BIASI-ULTIMO.mp3<\/a><\/audio>\n<p>&nbsp;<\/p>\n<p>&nbsp;<\/p>\n<p>&nbsp;<\/p>\n","protected":false},"excerpt":{"rendered":"<p>SEDICO_BELLUNO L&#8217; 8 marzo alle 18,30 a Villa Patt di Sedico la Provincia propone un evento insolito per celebrare la &#8220;giornata delle donne&#8221; dal titolo &#8220;L&#8217;anima colorata delle donne&#8221;.\u00a0 \u00a0Comunemente l&#8217;8 marzo viene festeggiato ricordando le disparit\u00e0 tra i generi mantenute ancora oggi nelle pi\u00f9 moderne societ\u00e0: diversit\u00e0 di retribuzione per uguali mansioni, minori opportunit\u00e0&hellip;<\/p>\n","protected":false},"author":1,"featured_media":78308,"comment_status":"closed","ping_status":"closed","sticky":false,"template":"","format":"standard","meta":{"_monsterinsights_skip_tracking":false,"_monsterinsights_sitenote_active":false,"_monsterinsights_sitenote_note":"","_monsterinsights_sitenote_category":0,"footnotes":""},"categories":[49],"tags":[],"class_list":["post-78321","post","type-post","status-publish","format-standard","has-post-thumbnail","hentry","category-news-18","category-49","description-off"],"img_url":"https:\/\/www.radiopiu.net\/wordpress\/wp-content\/uploads\/2019\/03\/festa-della-donna-mimosa-8-marzo-1024x768.jpg","_links":{"self":[{"href":"https:\/\/www.radiopiu.net\/wordpress\/wp-json\/wp\/v2\/posts\/78321","targetHints":{"allow":["GET"]}}],"collection":[{"href":"https:\/\/www.radiopiu.net\/wordpress\/wp-json\/wp\/v2\/posts"}],"about":[{"href":"https:\/\/www.radiopiu.net\/wordpress\/wp-json\/wp\/v2\/types\/post"}],"author":[{"embeddable":true,"href":"https:\/\/www.radiopiu.net\/wordpress\/wp-json\/wp\/v2\/users\/1"}],"replies":[{"embeddable":true,"href":"https:\/\/www.radiopiu.net\/wordpress\/wp-json\/wp\/v2\/comments?post=78321"}],"version-history":[{"count":0,"href":"https:\/\/www.radiopiu.net\/wordpress\/wp-json\/wp\/v2\/posts\/78321\/revisions"}],"wp:featuredmedia":[{"embeddable":true,"href":"https:\/\/www.radiopiu.net\/wordpress\/wp-json\/wp\/v2\/media\/78308"}],"wp:attachment":[{"href":"https:\/\/www.radiopiu.net\/wordpress\/wp-json\/wp\/v2\/media?parent=78321"}],"wp:term":[{"taxonomy":"category","embeddable":true,"href":"https:\/\/www.radiopiu.net\/wordpress\/wp-json\/wp\/v2\/categories?post=78321"},{"taxonomy":"post_tag","embeddable":true,"href":"https:\/\/www.radiopiu.net\/wordpress\/wp-json\/wp\/v2\/tags?post=78321"}],"curies":[{"name":"wp","href":"https:\/\/api.w.org\/{rel}","templated":true}]}}