{"id":78350,"date":"2019-03-05T16:28:19","date_gmt":"2019-03-05T15:28:19","guid":{"rendered":"http:\/\/www.radiopiu.net\/wordpress\/?p=78350"},"modified":"2019-03-05T16:30:33","modified_gmt":"2019-03-05T15:30:33","slug":"maratona-2019-il-programma-definitivo","status":"publish","type":"post","link":"https:\/\/www.radiopiu.net\/wordpress\/maratona-2019-il-programma-definitivo\/","title":{"rendered":"MARATONA 2019, IL PROGRAMMA DEFINITIVO"},"content":{"rendered":"<p><strong><a class=\"dt-pswp-item\" href=\"http:\/\/www.radiopiu.net\/wordpress\/wp-content\/uploads\/2019\/03\/WhatsApp-Image-2019-03-05-at-16.19.00-1.jpeg\" data-dt-img-description=\"\" data-large_image_width=\"1600\" data-large_image_height=\"900\"><img loading=\"lazy\" decoding=\"async\" class=\"alignnone size-large wp-image-78352\" src=\"http:\/\/www.radiopiu.net\/wordpress\/wp-content\/uploads\/2019\/03\/WhatsApp-Image-2019-03-05-at-16.19.00-1-1024x576.jpeg\" alt=\"\" width=\"1024\" height=\"576\" srcset=\"https:\/\/www.radiopiu.net\/wordpress\/wp-content\/uploads\/2019\/03\/WhatsApp-Image-2019-03-05-at-16.19.00-1-1024x576.jpeg 1024w, https:\/\/www.radiopiu.net\/wordpress\/wp-content\/uploads\/2019\/03\/WhatsApp-Image-2019-03-05-at-16.19.00-1-300x169.jpeg 300w, https:\/\/www.radiopiu.net\/wordpress\/wp-content\/uploads\/2019\/03\/WhatsApp-Image-2019-03-05-at-16.19.00-1-768x432.jpeg 768w, https:\/\/www.radiopiu.net\/wordpress\/wp-content\/uploads\/2019\/03\/WhatsApp-Image-2019-03-05-at-16.19.00-1.jpeg 1600w\" sizes=\"auto, (max-width: 1024px) 100vw, 1024px\" \/><\/a>FELTRE\u00a0\u00a0<\/strong>\u201cSu il sipario\u201d sull\u2019edizione 2019 della Maratona di Lettura, presentata alla stampa dall\u2019assessore alla Cultura del Comune di Feltre Alessandro Del Bianco e dalla Responsabile dell\u2019Ufficio Cultura Anna Viviani. Il format della rassegna, che gi\u00e0 grande successo ha riscosso negli anni passati, si amplia ulteriormente diventando una sorta di festival della lettura che ne fa, in assoluto, l\u2019evento culturale pi\u00f9 rilevante della citt\u00e0. Come gi\u00e0 anticipato, l\u2019edizione 2019 della Maratona sar\u00e0 dedicata allo scrittore napoletano Antonio Scurati, gi\u00e0 premio Campiello nel 2005, il cui ultimo romanzo storico \u201cM. Il figlio del secolo\u201d, dedicato alla prima fase dell\u2019ascesa politica di Benito Mussolini e del Fascismo, sta riscuotendo uno straordinario successo tanto da averne gi\u00e0 fatto un vero e proprio caso editoriale.<br \/>\nLa manifestazione, che avr\u00e0 al proprio interno anche alcuni appuntamenti dedicati agli studenti delle scuole feltrine (in particolare quello che vedr\u00e0 protagonista alla media \u201cRocca\u201d il direttore del museo interattivo M9 di Mestre Marco Biscione) culminer\u00e0 nella giornata di sabato 4 maggio con le 12 ore della vera e propria \u201cmaratona di lettura\u201d che coinvolger\u00e0 una ventina di location sparse per la citt\u00e0, frazioni comprese. Le letture saranno intervallate da intermezzi musicali e saranno proposte, in alcuni casi, anche in lingua straniera (arabo, cinese, albanese), quale segno di apertura ed inclusione nei confronti dei molti cittadini stranieri residenti nel nostro territorio. Alla sera poi, nella consueta cornice dell\u2019Auditorium Canossiano, l\u2019atteso incontro conclusivo della rassegna con l\u2019autore a cui \u00e8 dedicata, appunto Antonio Scurati, che sar\u00e0 preceduto da un video-intervento di Corrado Augias. La rassegna sar\u00e0 anche affiancata da un\u2019importante mostra allestita nelle sale della Galleria Rizzarda di cui sono in corso di definizione gli ultimi dettagli e che costituir\u00e0 un \u201cevento nell\u2019evento\u201d di assoluto livello culturale.<\/p>\n<p>AI MICROFONI DI RADIO PIU, L&#8217;ASSESSORE ALLA CULTURA ALESSANDRO DEL BIANCO<\/p>\n<audio class=\"wp-audio-shortcode\" id=\"audio-78350-1\" preload=\"none\" style=\"width: 100%;\" controls=\"controls\"><source type=\"audio\/mpeg\" src=\"http:\/\/www.radiopiu.net\/wordpress\/wp-content\/uploads\/2019\/03\/DEL-BIANCO.mp3?_=1\" \/><a href=\"http:\/\/www.radiopiu.net\/wordpress\/wp-content\/uploads\/2019\/03\/DEL-BIANCO.mp3\">http:\/\/www.radiopiu.net\/wordpress\/wp-content\/uploads\/2019\/03\/DEL-BIANCO.mp3<\/a><\/audio>\n","protected":false},"excerpt":{"rendered":"<p>FELTRE\u00a0\u00a0\u201cSu il sipario\u201d sull\u2019edizione 2019 della Maratona di Lettura, presentata alla stampa dall\u2019assessore alla Cultura del Comune di Feltre Alessandro Del Bianco e dalla Responsabile dell\u2019Ufficio Cultura Anna Viviani. Il format della rassegna, che gi\u00e0 grande successo ha riscosso negli anni passati, si amplia ulteriormente diventando una sorta di festival della lettura che ne fa,&hellip;<\/p>\n","protected":false},"author":1,"featured_media":78353,"comment_status":"closed","ping_status":"closed","sticky":false,"template":"","format":"standard","meta":{"_monsterinsights_skip_tracking":false,"_monsterinsights_sitenote_active":false,"_monsterinsights_sitenote_note":"","_monsterinsights_sitenote_category":0,"footnotes":""},"categories":[49],"tags":[],"class_list":["post-78350","post","type-post","status-publish","format-standard","has-post-thumbnail","hentry","category-news-18","category-49","description-off"],"img_url":"https:\/\/www.radiopiu.net\/wordpress\/wp-content\/uploads\/2019\/03\/WhatsApp-Image-2019-03-05-at-16.19.00.jpeg","_links":{"self":[{"href":"https:\/\/www.radiopiu.net\/wordpress\/wp-json\/wp\/v2\/posts\/78350","targetHints":{"allow":["GET"]}}],"collection":[{"href":"https:\/\/www.radiopiu.net\/wordpress\/wp-json\/wp\/v2\/posts"}],"about":[{"href":"https:\/\/www.radiopiu.net\/wordpress\/wp-json\/wp\/v2\/types\/post"}],"author":[{"embeddable":true,"href":"https:\/\/www.radiopiu.net\/wordpress\/wp-json\/wp\/v2\/users\/1"}],"replies":[{"embeddable":true,"href":"https:\/\/www.radiopiu.net\/wordpress\/wp-json\/wp\/v2\/comments?post=78350"}],"version-history":[{"count":0,"href":"https:\/\/www.radiopiu.net\/wordpress\/wp-json\/wp\/v2\/posts\/78350\/revisions"}],"wp:featuredmedia":[{"embeddable":true,"href":"https:\/\/www.radiopiu.net\/wordpress\/wp-json\/wp\/v2\/media\/78353"}],"wp:attachment":[{"href":"https:\/\/www.radiopiu.net\/wordpress\/wp-json\/wp\/v2\/media?parent=78350"}],"wp:term":[{"taxonomy":"category","embeddable":true,"href":"https:\/\/www.radiopiu.net\/wordpress\/wp-json\/wp\/v2\/categories?post=78350"},{"taxonomy":"post_tag","embeddable":true,"href":"https:\/\/www.radiopiu.net\/wordpress\/wp-json\/wp\/v2\/tags?post=78350"}],"curies":[{"name":"wp","href":"https:\/\/api.w.org\/{rel}","templated":true}]}}