{"id":78390,"date":"2019-03-06T06:13:42","date_gmt":"2019-03-06T05:13:42","guid":{"rendered":"http:\/\/www.radiopiu.net\/wordpress\/?p=78390"},"modified":"2019-03-07T06:22:33","modified_gmt":"2019-03-07T05:22:33","slug":"la-provinciale-della-val-fiorentina-le-ultime-novita-dal-sindaco-paolo-frena","status":"publish","type":"post","link":"https:\/\/www.radiopiu.net\/wordpress\/la-provinciale-della-val-fiorentina-le-ultime-novita-dal-sindaco-paolo-frena\/","title":{"rendered":"LA PROVINCIALE DELLA VAL FIORENTINA, LE ULTIME NOVITA&#8217; DAL SINDACO PAOLO FRENA"},"content":{"rendered":"<h2><\/h2>\n<p><em>&#8220;Stiamo facendo il possibile per velocizzare i tempi&#8221;<\/em><\/p>\n<p><strong>COLLE SANTA LUCIA<\/strong><\/p>\n<p>di GIANNI SANTOMASO<\/p>\n<audio class=\"wp-audio-shortcode\" id=\"audio-78390-1\" preload=\"none\" style=\"width: 100%;\" controls=\"controls\"><source type=\"audio\/mpeg\" src=\"http:\/\/www.radiopiu.net\/wordpress\/wp-content\/uploads\/2019\/03\/GIANNI-FRENA.mp3?_=1\" \/><a href=\"http:\/\/www.radiopiu.net\/wordpress\/wp-content\/uploads\/2019\/03\/GIANNI-FRENA.mp3\">http:\/\/www.radiopiu.net\/wordpress\/wp-content\/uploads\/2019\/03\/GIANNI-FRENA.mp3<\/a><\/audio>\n<p><span style=\"color: #ff0000;\">SITUAZIONE BOSCHI<\/span><\/p>\n<p><strong>di Paolo Frena<\/strong><\/p>\n<blockquote><p><em>All&#8217;incontro di ieri presso gli uffici di Avepa di Padova, Soggetto Attuatore \u201cSettore rilievo e opere agricolo-forestali\u201d, alla presenza del direttore dott.Fabrizio Stella e dei rispettivi funzionari incaricati, hanno partecipato il Sindaco Paolo Frena, il Tecnico comunale De fanti Bernardino ed in rappresentanza della Regola Grande Agostini Celestino ed il dott. forestale Luigi Ciotti. Sul Tavolo la delicata questione relativa ai lavori di esbosco delle superfici schiantate pubbliche e private di tutto il territorio comunale. L&#8217;incontro \u00e8 stato estremamente utile per approfondire il ruolo e le competenze del Comune come Soggetto Attuatore per le operazioni di pulitura delle aree boschive soggette a schianti e soprattutto per capire quali procedure attivare per una corretta gestione delle pratiche autorizzatorie applicando le deroghe consentite e quindi per una pi\u00f9 celere attivazione del procedimento. Va ricordato questo proposito che la superficie interessata dagli schianti \u00e8 stimata in circa 60.000 metri cubi in un territorio disagiato e acclive e difficilmente accessibile, interessato da siti valanghivi e gravitanti su strade comunali, provinciali e regionali. Situazione estremamente difficile da gestire, per la quale c&#8217;\u00e8 l&#8217;assoluta necessita di una sinergie tra i diversi Soggetti Attuatori , al fine di definire le modalit\u00e0 e soprattutto i tempi per il possibile ritorno alla \u201cnormalit\u00e0\u201d. Per quanto riguarda la pulizia del versante soprastante la provinciale n\u00b020 della Val Fiorentina chiusa ormai da parecchio tempo, posso assicurare che stiamo facendo il possibile al fine di autorizzare la posa delle 34 funi previste dal progetto che serviranno per la pulizia delle aree boschive soggette a schianti per poi mettere nelle condizioni Veneto Strade di posizionare le barriere para-massi. Tali ritardi sono dovuti alle difficolt\u00e0 incontrate per stabilire la corretta procedura autorizzatoria da parte di questo Comune in qualit\u00e0 di Soggetto Attuatore in deroga alle procedure ordinarie, fatto salvo il parere ENAC (Ente Nazionale per l&#8217;Aviazione Civile) che risulta sempre obbligatorio per le funi di altezza superiore a ml. 15,00. Pertanto, si pu\u00f2 stabilire che gi\u00e0 da ora \u00e8 possibile rilasciare il documento autorizzatorio da parte del Soggetto Attuatore, limitatamente alla posa delle funi di altezza inferiore a ml.15,00, mentre per il documento autorizzatorio \u201ccompleto\u201d potr\u00e0 essere rilasciato sempre dal Soggetto Attuatore appena ottenuto il parere ENAC, che stando alle ultime notizie in nostro possesso dovrebbe arrivare nei prossimi giorni.<\/em><br \/>\n<em>Nei prossimi giorni, organizzeremo anche un incontro pubblico per spiegare a tutti gli interessati le procedure da attivare per la pulizia dei boschi privati per mettere tutti nelle condizioni di poter ottemperare a quanto previsto dalle Ordinanze Commissariali.<\/em><\/p><\/blockquote>\n<p>&nbsp;<\/p>\n","protected":false},"excerpt":{"rendered":"<p>&#8220;Stiamo facendo il possibile per velocizzare i tempi&#8221; COLLE SANTA LUCIA di GIANNI SANTOMASO SITUAZIONE BOSCHI di Paolo Frena All&#8217;incontro di ieri presso gli uffici di Avepa di Padova, Soggetto Attuatore \u201cSettore rilievo e opere agricolo-forestali\u201d, alla presenza del direttore dott.Fabrizio Stella e dei rispettivi funzionari incaricati, hanno partecipato il Sindaco Paolo Frena, il Tecnico&hellip;<\/p>\n","protected":false},"author":1,"featured_media":45409,"comment_status":"closed","ping_status":"closed","sticky":false,"template":"","format":"standard","meta":{"_monsterinsights_skip_tracking":false,"_monsterinsights_sitenote_active":false,"_monsterinsights_sitenote_note":"","_monsterinsights_sitenote_category":0,"footnotes":""},"categories":[49],"tags":[],"class_list":["post-78390","post","type-post","status-publish","format-standard","has-post-thumbnail","hentry","category-news-18","category-49","description-off"],"img_url":"https:\/\/www.radiopiu.net\/wordpress\/wp-content\/uploads\/2018\/03\/paolo_frena.jpg","_links":{"self":[{"href":"https:\/\/www.radiopiu.net\/wordpress\/wp-json\/wp\/v2\/posts\/78390","targetHints":{"allow":["GET"]}}],"collection":[{"href":"https:\/\/www.radiopiu.net\/wordpress\/wp-json\/wp\/v2\/posts"}],"about":[{"href":"https:\/\/www.radiopiu.net\/wordpress\/wp-json\/wp\/v2\/types\/post"}],"author":[{"embeddable":true,"href":"https:\/\/www.radiopiu.net\/wordpress\/wp-json\/wp\/v2\/users\/1"}],"replies":[{"embeddable":true,"href":"https:\/\/www.radiopiu.net\/wordpress\/wp-json\/wp\/v2\/comments?post=78390"}],"version-history":[{"count":0,"href":"https:\/\/www.radiopiu.net\/wordpress\/wp-json\/wp\/v2\/posts\/78390\/revisions"}],"wp:featuredmedia":[{"embeddable":true,"href":"https:\/\/www.radiopiu.net\/wordpress\/wp-json\/wp\/v2\/media\/45409"}],"wp:attachment":[{"href":"https:\/\/www.radiopiu.net\/wordpress\/wp-json\/wp\/v2\/media?parent=78390"}],"wp:term":[{"taxonomy":"category","embeddable":true,"href":"https:\/\/www.radiopiu.net\/wordpress\/wp-json\/wp\/v2\/categories?post=78390"},{"taxonomy":"post_tag","embeddable":true,"href":"https:\/\/www.radiopiu.net\/wordpress\/wp-json\/wp\/v2\/tags?post=78390"}],"curies":[{"name":"wp","href":"https:\/\/api.w.org\/{rel}","templated":true}]}}