{"id":78506,"date":"2019-03-06T23:59:01","date_gmt":"2019-03-06T22:59:01","guid":{"rendered":"http:\/\/www.radiopiu.net\/wordpress\/?p=78506"},"modified":"2019-03-07T12:55:46","modified_gmt":"2019-03-07T11:55:46","slug":"un-incontro-per-evitare-sovrapposizione-di-eventi","status":"publish","type":"post","link":"https:\/\/www.radiopiu.net\/wordpress\/un-incontro-per-evitare-sovrapposizione-di-eventi\/","title":{"rendered":"UN INCONTRO PER EVITARE SOVRAPPOSIZIONE DI EVENTI"},"content":{"rendered":"<h2><\/h2>\n<p><b><a class=\"dt-pswp-item\" href=\"http:\/\/www.radiopiu.net\/wordpress\/wp-content\/uploads\/2018\/09\/caviola.jpg\" data-dt-img-description=\"\" data-large_image_width=\"640\" data-large_image_height=\"416\"><img loading=\"lazy\" decoding=\"async\" class=\"wp-image-61045 alignleft\" src=\"http:\/\/www.radiopiu.net\/wordpress\/wp-content\/uploads\/2018\/09\/caviola.jpg\" alt=\"\" width=\"218\" height=\"142\" srcset=\"https:\/\/www.radiopiu.net\/wordpress\/wp-content\/uploads\/2018\/09\/caviola.jpg 640w, https:\/\/www.radiopiu.net\/wordpress\/wp-content\/uploads\/2018\/09\/caviola-300x195.jpg 300w\" sizes=\"auto, (max-width: 218px) 100vw, 218px\" \/><\/a>FALCADE\u00a0<\/b>La Pro Loco di Caviola in collaborazione con la Pro Loco di Canale d&#8217;Agordo e la Pro Loco di Vallada, invita le Associazioni e le Attivit\u00e0 presenti sul territorio della Valle del Biois che organizzano, o hanno organizzato eventi, ad una riunione per la definizione di un calendario condiviso delle manifestazioni per la stagione estiva 2019. L&#8217;incontro si svolger\u00e0\u00a0 domani alle 20.30 presso la Casa della Giovent\u00f9 di Caviola ed \u00e8 aperto a tutti. L&#8217;utilit\u00e0 di questo appuntamento sta nel far incontrare tra di loro gli operatori del settore turistico e le numerose realt\u00e0 che nel corso dell&#8217;estate organizzano gli eventi proposti a favore di turisti e residenti. Altro aspetto non secondario \u00e8 l&#8217;intenzione di non avere nel calendario spiacevoli sovrapposizioni tra le manifestazioni pi\u00f9 importanti.<\/p>\n","protected":false},"excerpt":{"rendered":"<p>FALCADE\u00a0La Pro Loco di Caviola in collaborazione con la Pro Loco di Canale d&#8217;Agordo e la Pro Loco di Vallada, invita le Associazioni e le Attivit\u00e0 presenti sul territorio della Valle del Biois che organizzano, o hanno organizzato eventi, ad una riunione per la definizione di un calendario condiviso delle manifestazioni per la stagione estiva&hellip;<\/p>\n","protected":false},"author":1,"featured_media":61045,"comment_status":"closed","ping_status":"closed","sticky":false,"template":"","format":"standard","meta":{"_monsterinsights_skip_tracking":false,"_monsterinsights_sitenote_active":false,"_monsterinsights_sitenote_note":"","_monsterinsights_sitenote_category":0,"footnotes":""},"categories":[49],"tags":[],"class_list":["post-78506","post","type-post","status-publish","format-standard","has-post-thumbnail","hentry","category-news-18","category-49","description-off"],"img_url":"https:\/\/www.radiopiu.net\/wordpress\/wp-content\/uploads\/2018\/09\/caviola.jpg","_links":{"self":[{"href":"https:\/\/www.radiopiu.net\/wordpress\/wp-json\/wp\/v2\/posts\/78506","targetHints":{"allow":["GET"]}}],"collection":[{"href":"https:\/\/www.radiopiu.net\/wordpress\/wp-json\/wp\/v2\/posts"}],"about":[{"href":"https:\/\/www.radiopiu.net\/wordpress\/wp-json\/wp\/v2\/types\/post"}],"author":[{"embeddable":true,"href":"https:\/\/www.radiopiu.net\/wordpress\/wp-json\/wp\/v2\/users\/1"}],"replies":[{"embeddable":true,"href":"https:\/\/www.radiopiu.net\/wordpress\/wp-json\/wp\/v2\/comments?post=78506"}],"version-history":[{"count":0,"href":"https:\/\/www.radiopiu.net\/wordpress\/wp-json\/wp\/v2\/posts\/78506\/revisions"}],"wp:featuredmedia":[{"embeddable":true,"href":"https:\/\/www.radiopiu.net\/wordpress\/wp-json\/wp\/v2\/media\/61045"}],"wp:attachment":[{"href":"https:\/\/www.radiopiu.net\/wordpress\/wp-json\/wp\/v2\/media?parent=78506"}],"wp:term":[{"taxonomy":"category","embeddable":true,"href":"https:\/\/www.radiopiu.net\/wordpress\/wp-json\/wp\/v2\/categories?post=78506"},{"taxonomy":"post_tag","embeddable":true,"href":"https:\/\/www.radiopiu.net\/wordpress\/wp-json\/wp\/v2\/tags?post=78506"}],"curies":[{"name":"wp","href":"https:\/\/api.w.org\/{rel}","templated":true}]}}