{"id":78602,"date":"2019-03-08T06:17:08","date_gmt":"2019-03-08T05:17:08","guid":{"rendered":"http:\/\/www.radiopiu.net\/wordpress\/?p=78602"},"modified":"2019-03-08T17:49:17","modified_gmt":"2019-03-08T16:49:17","slug":"prodotto-montagna-di-claudio-pra","status":"publish","type":"post","link":"https:\/\/www.radiopiu.net\/wordpress\/prodotto-montagna-di-claudio-pra\/","title":{"rendered":"PRODOTTO MONTAGNA&#8230; DI CLAUDIO PRA"},"content":{"rendered":"<p>&nbsp;<\/p>\n<h3><a class=\"dt-pswp-item\" href=\"http:\/\/www.radiopiu.net\/wordpress\/wp-content\/uploads\/2019\/03\/53296991_2274116026245203_8645796238026866688_n.jpg\" data-dt-img-description=\"\" data-large_image_width=\"960\" data-large_image_height=\"539\"><img loading=\"lazy\" decoding=\"async\" class=\" wp-image-78571 alignleft\" src=\"http:\/\/www.radiopiu.net\/wordpress\/wp-content\/uploads\/2019\/03\/53296991_2274116026245203_8645796238026866688_n-150x150.jpg\" alt=\"\" width=\"167\" height=\"167\" \/><\/a><\/h3>\n<h3>LA RIFLESSIONE<\/h3>\n<p><em>di Claudio Pra_La montagna nel cuore, 360 gradi di passione ad alta quota.<\/em><\/p>\n<p><strong>Il &#8220;prodotto montagna&#8221;<\/strong><\/p>\n<p>Mi viene l&#8217;orticaria quando sento definire\u00a0 da responsabili del marketing e operatori turistici i nostri luoghi &#8220;il prodotto montagna&#8221;, quasi fosse una cosa da mettere in vendita sullo scaffale del supermercato. Un prodotto va comprato, la montagna va vissuta, mi verrebbe da rispondergli di getto. La montagna \u00e8 contatto con la natura, \u00e8 cultura, \u00e8 un modo di vivere, \u00e8 genuinit\u00e0, \u00e8 riappropriarsi di cose perdute, come il silenzio e la tranquillit\u00e0, \u00e8 spogliarsi degli eccessi, \u00e8 godere dell&#8217;ambiente che ci circonda, \u00e8 riassaporare antichi sapori, \u00e8 vivere sensazioni piene, via dalla pazza folla. Ed \u00e8 questo che cerca tanta gente che ci viene a fare visita, di cui siamo onorati della presenza. Ho dei dubbi che chi definisce la montagna\u00a0 un prodotto si ritrovi nel mio pensiero, probabilmente per lui \u00e8 qualcosa da ritagliarsi su misura, come si fa con un abito. Eppure sembrerebbe logico, anche se ai nostri tempi probabilmente non lo \u00e8, che chi sale quass\u00f9 dovrebbe farlo per cercare quel che la montagna offre, che \u00e8 immenso, uscendo dalla opprimente vita di tutti i giorni. Che senso ha abbandonare la confusione per gettarsi nel casino?\u00a0 Perch\u00e9 \u00e8 a quello che si mira, ai grandi numeri senza qualit\u00e0, cercando di attirare qui chi con la montagna non ha niente a che fare, quelli che in montagna vorrebbero continuare a vivere come in citt\u00e0, quelli che la montagna la frequentano unicamente perch\u00e9 va di moda ed \u00e8 figo farsi il selfie in cima a qualche vetta, per far vedere agli amici quanto sono coraggiosi, dopo aver gettato carte e immondizie sul loro cammino. Che prenotano i bivacchi come fossero hotel, che si lamentano che in montagna non c&#8217;\u00e8 niente e come si fa a divertirsi? Magari si fanno i rally sui passi o si percorrono i sentieri con i quad, cos\u00ec l&#8217;adrenalina sale. Ecco, ho l&#8217;impressione che corriamo dietro a questo, elemosiniamo questo turismo svendendo il territorio. Ma un territorio non pu\u00f2 e non deve essere stravolto per far contenti questa tipologia di turisti. Non \u00e8 pi\u00f9 tempo di fare miliardi di km. di piste da sci per collegare (e deturpare) tutto, ben sapendo che fra qualche anno i cambiamenti climatici ridurranno a scheletri deturpanti tanti impianti di risalita, come gi\u00e0 successo alle quote pi\u00f9 basse, che chi ha installato non toglie mica. La montagna \u00e8 quello che la natura ha deciso che sia, con ovvi interventi umani compatibili, con il fatto sacrosanto che i montanari, che gi\u00e0 stentano, deve viverci e quindi il turismo \u00e8 un importantissima risorsa. Non possiamo per\u00f2 svendere il territorio o scendere a compromessi avvilenti, anche perch\u00e9 preservare e proteggere questi luoghi da fiaba, che verranno sempre pi\u00f9 ricercati in futuro come oasi rigeneratrici, ci garantir\u00e0 il futuro stesso. Altrimenti il prodotto montagna, una volta scartato e consumato, verr\u00e0 buttato nel cestino, come si fa con le cose che non servono o attirano pi\u00f9.<\/p>\n<p>AUDIO<\/p>\n<audio class=\"wp-audio-shortcode\" id=\"audio-78602-1\" preload=\"none\" style=\"width: 100%;\" controls=\"controls\"><source type=\"audio\/mpeg\" src=\"http:\/\/www.radiopiu.net\/wordpress\/wp-content\/uploads\/2019\/03\/Audio-il-prodotto-montagna.mp3?_=1\" \/><a href=\"http:\/\/www.radiopiu.net\/wordpress\/wp-content\/uploads\/2019\/03\/Audio-il-prodotto-montagna.mp3\">http:\/\/www.radiopiu.net\/wordpress\/wp-content\/uploads\/2019\/03\/Audio-il-prodotto-montagna.mp3<\/a><\/audio>\n<h2><\/h2>\n","protected":false},"excerpt":{"rendered":"<p>&nbsp; LA RIFLESSIONE di Claudio Pra_La montagna nel cuore, 360 gradi di passione ad alta quota. Il &#8220;prodotto montagna&#8221; Mi viene l&#8217;orticaria quando sento definire\u00a0 da responsabili del marketing e operatori turistici i nostri luoghi &#8220;il prodotto montagna&#8221;, quasi fosse una cosa da mettere in vendita sullo scaffale del supermercato. Un prodotto va comprato, la&hellip;<\/p>\n","protected":false},"author":1,"featured_media":78571,"comment_status":"closed","ping_status":"closed","sticky":false,"template":"","format":"standard","meta":{"_monsterinsights_skip_tracking":false,"_monsterinsights_sitenote_active":false,"_monsterinsights_sitenote_note":"","_monsterinsights_sitenote_category":0,"footnotes":""},"categories":[49],"tags":[],"class_list":["post-78602","post","type-post","status-publish","format-standard","has-post-thumbnail","hentry","category-news-18","category-49","description-off"],"img_url":"https:\/\/www.radiopiu.net\/wordpress\/wp-content\/uploads\/2019\/03\/53296991_2274116026245203_8645796238026866688_n.jpg","_links":{"self":[{"href":"https:\/\/www.radiopiu.net\/wordpress\/wp-json\/wp\/v2\/posts\/78602","targetHints":{"allow":["GET"]}}],"collection":[{"href":"https:\/\/www.radiopiu.net\/wordpress\/wp-json\/wp\/v2\/posts"}],"about":[{"href":"https:\/\/www.radiopiu.net\/wordpress\/wp-json\/wp\/v2\/types\/post"}],"author":[{"embeddable":true,"href":"https:\/\/www.radiopiu.net\/wordpress\/wp-json\/wp\/v2\/users\/1"}],"replies":[{"embeddable":true,"href":"https:\/\/www.radiopiu.net\/wordpress\/wp-json\/wp\/v2\/comments?post=78602"}],"version-history":[{"count":0,"href":"https:\/\/www.radiopiu.net\/wordpress\/wp-json\/wp\/v2\/posts\/78602\/revisions"}],"wp:featuredmedia":[{"embeddable":true,"href":"https:\/\/www.radiopiu.net\/wordpress\/wp-json\/wp\/v2\/media\/78571"}],"wp:attachment":[{"href":"https:\/\/www.radiopiu.net\/wordpress\/wp-json\/wp\/v2\/media?parent=78602"}],"wp:term":[{"taxonomy":"category","embeddable":true,"href":"https:\/\/www.radiopiu.net\/wordpress\/wp-json\/wp\/v2\/categories?post=78602"},{"taxonomy":"post_tag","embeddable":true,"href":"https:\/\/www.radiopiu.net\/wordpress\/wp-json\/wp\/v2\/tags?post=78602"}],"curies":[{"name":"wp","href":"https:\/\/api.w.org\/{rel}","templated":true}]}}