{"id":78620,"date":"2019-03-09T06:08:40","date_gmt":"2019-03-09T05:08:40","guid":{"rendered":"http:\/\/www.radiopiu.net\/wordpress\/?p=78620"},"modified":"2019-03-09T08:13:20","modified_gmt":"2019-03-09T07:13:20","slug":"giornale-radiopiu-09-marzo-2019-direttore-mirko-mezzacasa","status":"publish","type":"post","link":"https:\/\/www.radiopiu.net\/wordpress\/giornale-radiopiu-09-marzo-2019-direttore-mirko-mezzacasa\/","title":{"rendered":"GIORNALE RADIOPIU 09 MARZO 2019 DIRETTORE MIRKO MEZZACASA"},"content":{"rendered":"<p><strong>A Belluno<\/strong> &#8211; titola oggi il Corriere delle Alpi &#8211; mancano i medici, a rischio le donazioni del sangue. Da agosto infatti l&#8217;unit\u00e0 di Medicina trasfusionale perder\u00e0 uno dei quattro professionisti e l&#8217;attivit\u00e0 \u00e8 a rischio.\u00a0 Da <strong>Agordo<\/strong> ad alzare la voce \u00e8 il comitato per la sanit\u00e0 nell&#8217;Agordino che chiede un assunzione di responsabilit\u00e0 dagli amministratori che non hanno portato nelle sedi opportune quanto stabilito un anno fa con un preciso documento.\u00a0<strong>A Feltre<\/strong> I ladri sono arrivati a rubare le offerte in Duomo, sparito anche un candelabro. Un professionista finisce nei guai indagato per peculato e abuso d&#8217;ufficio, il dentista \u00a0avrebbe dirottato i pazienti dell&#8217;Ulss (con la quale aveva un contratto) nel suo studio. <strong>I lup<\/strong>i in un anno hanno causato danni per quasi 28 mila euro, lo rende noto la Regione proponendo un quadro sulle predazione in provincia con 46 eventi (38 nel 2017), 144\u00a0 capi morti e 15 feriti. <strong>Da Sospirolo<\/strong> un aiuto concreto alle popolazioni alluvionate,\u00a0 Il Comitato di San Bartolomeo in frazione Maras\u00a0 ha\u00a0 consegnato\u00a0 1000 euro al Comune di San Tomaso Agordino, frutto\u00a0della giornata \u201cExpo Misteri\u201d che si \u00e8 svolta nell\u2019ambito di \u201cSpettacoli di mistero\u201d.\u00a0 <strong>Il Sindaco di Belluno JACOPO MASSARO<\/strong> \u00e8 intervenuto all&#8217;assemblea dei sindaci delle Citt\u00e0 Medie &#8220;ultimo baluardo contro lo spopolamento.<\/p>\n<p><a class=\"dt-pswp-item\" href=\"http:\/\/www.radiopiu.net\/wordpress\/wp-content\/uploads\/2019\/03\/Massaro-Forum-Citt\u00e0-medie-Parma-1-2.jpeg\" data-dt-img-description=\"\" data-large_image_width=\"1315\" data-large_image_height=\"610\"><img loading=\"lazy\" decoding=\"async\" class=\"alignnone size-large wp-image-78657\" src=\"http:\/\/www.radiopiu.net\/wordpress\/wp-content\/uploads\/2019\/03\/Massaro-Forum-Citt\u00e0-medie-Parma-1-2-1024x475.jpeg\" alt=\"\" width=\"1024\" height=\"475\" srcset=\"https:\/\/www.radiopiu.net\/wordpress\/wp-content\/uploads\/2019\/03\/Massaro-Forum-Citt\u00e0-medie-Parma-1-2-1024x475.jpeg 1024w, https:\/\/www.radiopiu.net\/wordpress\/wp-content\/uploads\/2019\/03\/Massaro-Forum-Citt\u00e0-medie-Parma-1-2-300x139.jpeg 300w, https:\/\/www.radiopiu.net\/wordpress\/wp-content\/uploads\/2019\/03\/Massaro-Forum-Citt\u00e0-medie-Parma-1-2-768x356.jpeg 768w, https:\/\/www.radiopiu.net\/wordpress\/wp-content\/uploads\/2019\/03\/Massaro-Forum-Citt\u00e0-medie-Parma-1-2.jpeg 1315w\" sizes=\"auto, (max-width: 1024px) 100vw, 1024px\" \/><\/a><\/p>\n<p><span style=\"color: #ff0000;\">L&#8217;INTERVENTO COMPLETO DEL PRIMO CITTADINO DEL CAPOLUOGO<\/span><\/p>\n<audio class=\"wp-audio-shortcode\" id=\"audio-78620-1\" preload=\"none\" style=\"width: 100%;\" controls=\"controls\"><source type=\"audio\/mpeg\" src=\"http:\/\/www.radiopiu.net\/wordpress\/wp-content\/uploads\/2019\/03\/MASSARO.mp3?_=1\" \/><a href=\"http:\/\/www.radiopiu.net\/wordpress\/wp-content\/uploads\/2019\/03\/MASSARO.mp3\">http:\/\/www.radiopiu.net\/wordpress\/wp-content\/uploads\/2019\/03\/MASSARO.mp3<\/a><\/audio>\n<p><em>Trattamenti uguali per territori uguali e restituire alle province il ruolo di gestione e coordinamento tra le regioni e i comuni, per combattere lo spopolamento della montagna e della periferia: questo, in sintesi, il pensiero del Sindaco di Belluno, Jacopo Massaro, intervenuto questo pomeriggio alla Conferenza annuale dei Sindaci delle Citt\u00e0 medie, organizzato dall&#8217;Associazione Nazionale Comuni Italiani e dal Comune di Parma.<\/em><\/p>\n<p>&nbsp;<\/p>\n<p>&nbsp;<\/p>\n<p>&nbsp;<\/p>\n<h2>MARTEDI: IL PRESIDENTE SERGIO MATTARELLA A LONGARONE E BELLUNO<\/h2>\n<blockquote><p><a class=\"dt-pswp-item\" href=\"http:\/\/www.radiopiu.net\/wordpress\/wp-content\/uploads\/2019\/02\/Presidente_Sergio_Mattarella.jpg\" data-dt-img-description=\"Sergio Mattarella, Presidente della Repubblica Italiana (Foto tratta da quirinale.it)\" data-large_image_width=\"2000\" data-large_image_height=\"2314\"><img loading=\"lazy\" decoding=\"async\" class=\"wp-image-77300 alignleft\" src=\"http:\/\/www.radiopiu.net\/wordpress\/wp-content\/uploads\/2019\/02\/Presidente_Sergio_Mattarella-885x1024.jpg\" alt=\"\" width=\"123\" height=\"142\" srcset=\"https:\/\/www.radiopiu.net\/wordpress\/wp-content\/uploads\/2019\/02\/Presidente_Sergio_Mattarella-885x1024.jpg 885w, https:\/\/www.radiopiu.net\/wordpress\/wp-content\/uploads\/2019\/02\/Presidente_Sergio_Mattarella-259x300.jpg 259w, https:\/\/www.radiopiu.net\/wordpress\/wp-content\/uploads\/2019\/02\/Presidente_Sergio_Mattarella-768x889.jpg 768w, https:\/\/www.radiopiu.net\/wordpress\/wp-content\/uploads\/2019\/02\/Presidente_Sergio_Mattarella.jpg 2000w\" sizes=\"auto, (max-width: 123px) 100vw, 123px\" \/><\/a><\/p><\/blockquote>\n<p>&nbsp;<\/p>\n<blockquote><p>Il capo dello Stato martedi alle 10.30 sar\u00e0 a Longarone per deporre una corona presso il Cimitero Monumentale delle vittime del Vajont e alle 12 al Teatro Comunale presenzier\u00e0 alla cerimonia commemorativa dell&#8217;alluvione di ottobre e novembre 2018.<\/p>\n<p>&nbsp;<\/p><\/blockquote>\n<p><strong>IL PRESIDENTE DELLA PROVINCIA ROBERTO PADRIN<\/strong><\/p>\n<audio class=\"wp-audio-shortcode\" id=\"audio-78620-2\" preload=\"none\" style=\"width: 100%;\" controls=\"controls\"><source type=\"audio\/mpeg\" src=\"http:\/\/www.radiopiu.net\/wordpress\/wp-content\/uploads\/2019\/03\/PADRIN.mp3?_=2\" \/><a href=\"http:\/\/www.radiopiu.net\/wordpress\/wp-content\/uploads\/2019\/03\/PADRIN.mp3\">http:\/\/www.radiopiu.net\/wordpress\/wp-content\/uploads\/2019\/03\/PADRIN.mp3<\/a><\/audio>\n<p>&nbsp;<\/p>\n<p>&nbsp;<\/p>\n<p>&nbsp;<\/p>\n<p>&nbsp;<\/p>\n<p><strong><a class=\"dt-pswp-item\" href=\"http:\/\/www.radiopiu.net\/wordpress\/wp-content\/uploads\/2015\/06\/bimgsp.jpg\" data-dt-img-description=\"\" data-large_image_width=\"300\" data-large_image_height=\"168\"><img loading=\"lazy\" decoding=\"async\" class=\"wp-image-6703 alignleft\" src=\"http:\/\/www.radiopiu.net\/wordpress\/wp-content\/uploads\/2015\/06\/bimgsp.jpg\" alt=\"\" width=\"98\" height=\"55\" \/><\/a><br \/>\n<\/strong><\/p>\n<div class=\"\" data-block=\"true\" data-editor=\"73nra\" data-offset-key=\"36lna-0-0\">\n<div class=\"_1mf _1mj\" data-offset-key=\"36lna-0-0\"><span data-offset-key=\"36lna-0-0\"><strong>SELVA DI CADORE:<\/strong>\u00a0<\/span>ACQUA DI NUOVO POTABILE A L&#8217;ANDRIA E TOFFOL<\/div>\n<\/div>\n<div class=\"\" data-block=\"true\" data-editor=\"73nra\" data-offset-key=\"3ekvk-0-0\">\n<div data-offset-key=\"3ekvk-0-0\"><\/div>\n<\/div>\n<p><strong>FALCADE<\/strong> Per lavori alla rete idrica comunale,\u00a0 MERCOLEDI dalle 9 a\u00a0 fine lavori, verr\u00e0 sospesa l\u2019erogazione dell\u2019acqua a <strong>FALCADE, in LOCALITA&#8217; CAVIOLA, nelle vie TRENTO e SALPIAN<\/strong>. In caso di maltempo l\u2019intervento verr\u00e0 posticipato al giorno successivo.<\/p>\n<p>&nbsp;<\/p>\n<p>&nbsp;<\/p>\n<p>&nbsp;<\/p>\n<p>&nbsp;<\/p>\n<h2>COMITATO SANITA&#8217; AGORDINA: E&#8217; PASSATO UN ANNO MA NON E&#8217; CAMBIATO PROPRIO NULLA<\/h2>\n<p><span style=\"color: #ff0000;\">SINDACI SOTTO ACCUSA<\/span><\/p>\n<p><strong>DI GIANNI SANTOMASO &#8211;\u00a0 \u00a0Corriere delle Alpi<\/strong><\/p>\n<audio class=\"wp-audio-shortcode\" id=\"audio-78620-3\" preload=\"none\" style=\"width: 100%;\" controls=\"controls\"><source type=\"audio\/mpeg\" src=\"http:\/\/www.radiopiu.net\/wordpress\/wp-content\/uploads\/2019\/03\/GIANNI-OSPEDALE.mp3?_=3\" \/><a href=\"http:\/\/www.radiopiu.net\/wordpress\/wp-content\/uploads\/2019\/03\/GIANNI-OSPEDALE.mp3\">http:\/\/www.radiopiu.net\/wordpress\/wp-content\/uploads\/2019\/03\/GIANNI-OSPEDALE.mp3<\/a><\/audio>\n<p>&nbsp;<\/p>\n<blockquote><p><em>Di seguito il comunicato del comitato che difende l&#8217;ospedale di Agordo, la sua storia, i suoi servizi. Quello che dovrebbero fare gli amministratori che dal giorno dell&#8217;uragano Vaia (allora era previsto un incontro poi rinviato) non si sono pi\u00f9 espressi sulla tematica. Il comitato agordino al contrario\u00a0 si esprime con chiarezza per chi vuole intendere: &#8220;<\/em>Chiediamo a tutti un\u2019assunzione di responsabilit\u00e0, prima che sia troppo tardi&#8221;<\/p><\/blockquote>\n<p><strong><a class=\"dt-pswp-item\" href=\"http:\/\/www.radiopiu.net\/wordpress\/wp-content\/uploads\/2018\/02\/ospedale.jpg\" data-dt-img-description=\"\" data-large_image_width=\"620\" data-large_image_height=\"400\"><img loading=\"lazy\" decoding=\"async\" class=\"wp-image-43600 alignleft\" src=\"http:\/\/www.radiopiu.net\/wordpress\/wp-content\/uploads\/2018\/02\/ospedale.jpg\" alt=\"\" width=\"245\" height=\"158\" srcset=\"https:\/\/www.radiopiu.net\/wordpress\/wp-content\/uploads\/2018\/02\/ospedale.jpg 620w, https:\/\/www.radiopiu.net\/wordpress\/wp-content\/uploads\/2018\/02\/ospedale-300x194.jpg 300w\" sizes=\"auto, (max-width: 245px) 100vw, 245px\" \/><\/a>AGORDO<\/strong> \u00c9 passato esattamente un anno dagli incontri svoltisi in Unione Montana fra il Comitato Sanit\u00e0 Agordina e i Sindaci dell\u2019Agordino. In quell\u2019occasione avevamo esposto all\u2019intera Conferenza dei Sindaci dell\u2019Agordino il nostro documento che disegnava in modo semplice e chiaro il quadro dei servizi fondamentali da pretendere in Regione per salvare l\u2019Ospedale di Agordo, in vista della stesura delle nuove schede ospedaliere. Il nostro documento, prevedeva alcuni servizi essenziali per poter garantire l\u2019operativit\u00e0 dell\u2019Ospedale ed in particolare l\u2019H24 nei reparti di Chirurgia e Ortopedia grazie alla reperibilit\u00e0 notturna, la riattivazione di un\u2019unit\u00e0 operativa semplice di Laboratorio Analisi e la piena operativit\u00e0 del reparto di Radiologia. Altro punto fondamentale della nostra richiesta, era il ripristino dell\u2019 Automedica con medico d&#8217;emergenza-urgenza 24\/h.\u00a0 In quell\u2019occasione i Sindaci avevano approvato il documento all\u2019unanimit\u00e0 e si auspicava che per la prima volta arrivasse in Regione un messaggio forte e chiaro dall\u2019Agordino, con un\u2019idea comune ed unanime sul futuro della nostra sanit\u00e0.\u00a0 Lo scorso settembre avevamo infine preso posizione sulla questione dell\u2019 ormai famoso finanziamento da 2,5 milioni di euro da destinare alla riqualificazione del Pronto Soccorso; appoggiando anche in questa occasione la maggioranza dei Sindaci che ritenevano corretto subordinare il finanziamento ad una garanzia da parte di Ulss e Regione sul mantenimento dei servizi fondamentali.\u00a0 \u00c9 davvero triste constatare che dopo dodici mesi siamo praticamente al punto di partenza. Il Comitato \u00e8 sceso a Venezia pi\u00f9 volte per presentare la propria posizione, ma da quanto sappiamo, il documento ufficiale approvato dai Sindaci Agordini non \u00e8 mai giunto n\u00e9 in 5\u00b0 Commissione (la Commissione Sanit\u00e0 della Regione Veneto) n\u00e9 sulla scrivania dell\u2019Assessore competente e neppure alla Dirigenza dell\u2019ULSS Dolomiti.\u00a0 Cosa ancora pi\u00f9 grave \u00e8 che i servizi richiesti non sono stati ripristinati, anzi, in alcuni casi sono stati ulteriormente ridimensionati (vedi orari di operativit\u00e0 del reparto di Radiologia). Oggi, dopo un anno, chiediamo ai nostri Sindaci ancora una volta di prendere in mano e di pretendere ci\u00f2 che allora avevamo condiviso e di farlo valere davanti alla Dirigenza dell\u2019ULSS e soprattutto in Regione Veneto. Molte Amministrazioni stanno giungendo al termine del proprio mandato, \u00e8 bene, per il futuro dell\u2019Agordino, che queste questioni siano risolte prima delle nuove elezioni.\u00a0 Ricordiamoci che il Pronto Soccorso, con a supporto i servizi fondamentali per gestire le emergenze e le urgenze, \u00e8 di vitale importanza per il futuro di tutto l\u2019Agordino.<\/p>\n<h2><\/h2>\n<blockquote><p>&nbsp;<\/p><\/blockquote>\n<p>&nbsp;<\/p>\n<h2><\/h2>\n<blockquote><p>&nbsp;<\/p><\/blockquote>\n<h2>ESSILORLUXOTTICA: SOLIDITA&#8217;, CRESCITA, REDDITIVITA&#8217; DAI RISULTATI 2018, DIVIDENDO OLTRE I 2 EURO AD AZIONE<\/h2>\n<blockquote><p><em>Fatturato +, 3,2, Utile operativo 15,9% del fatturato, Utile netto 11,6% del fatturato, Generazione di cassa 1,8 miliardi di Euro, Dividendo proposto 2.04 euro per azione<\/em><\/p><\/blockquote>\n<h2>ma in borsa va male<\/h2>\n<h2>Ieri il titolo EssilorLuxottica sul listino parigino ha perso\u00a0 il 7,55%, chiudendo gli scambi a 101 euro per azione.<\/h2>\n<p>&nbsp;<\/p>\n<blockquote><p><strong><a class=\"dt-pswp-item\" href=\"http:\/\/www.radiopiu.net\/wordpress\/wp-content\/uploads\/2015\/05\/20130925_luxottica.jpg\" data-dt-img-description=\"\" data-large_image_width=\"660\" data-large_image_height=\"541\"><img loading=\"lazy\" decoding=\"async\" class=\"wp-image-5539 alignleft\" src=\"http:\/\/www.radiopiu.net\/wordpress\/wp-content\/uploads\/2015\/05\/20130925_luxottica.jpg\" alt=\"\" width=\"127\" height=\"104\" \/><\/a><\/strong><\/p><\/blockquote>\n<p><strong>CHARENTON LE PONT-FRANCIA<\/strong> EssilorLuxottica conferma l\u2019obiettivo di sinergie nette a livello di utile operativo tra 420 e 600 milioni di Euro entro cinque anni.<\/p>\n<p>&nbsp;<\/p>\n<p><strong>LEONARDO DEL VECCHIO, PRESIDENTE ESECUTIVO DI ESSILORLUXOTTICA<\/strong><br \/>\n<em>\u201cSiamo orgogliosi di presentare i risultati combinati di Luxottica ed Essilor. Il contributo di Luxottica \u00e8 significativo: le vendite, la redditivit\u00e0 e il flusso di cassa sono tutti positivi al netto dell&#8217;effetto cambio. La sua semplicit\u00e0 organizzativa, lo spirito imprenditoriale e la velocit\u00e0 di esecuzione hanno continuato a dare frutti. Oggi Luxottica \u00e8 ben organizzata e pronta per il suo futuro in EssilorLuxottica. Arriviamo al processo di integrazione nel miglior modo possibile, portando con noi i marchi pi\u00f9 amati, eccellenti capacit\u00e0 operative e n\u2019organizzazione digitalizzata in ogni sua parte. Quanto abbiamo costruito continuer\u00e0 a crescere su questi punti di forza negli anni a venire. Una volta completata l\u2019integrazione con Essilor e raggiunte le sinergie che ci aspettiamo, insieme ridefiniremo un modello di servizio rivoluzionario a beneficio dei nostri partner wholesale e dei consumatori in tutto il mondo\u201d<\/em><\/p>\n<p><strong>HUBERT SAGNIERES VICE PRESIDENTE ESECUTIVO ESSILORLUXOTTICA<\/strong><br \/>\n<em>&#8220;Costituita il 1\u00b0 ottobre 2018, EssilorLuxottica ha pienamente abbracciato la sua mission di aiutare le persone a vedere meglio, vivere meglio e godere appieno della vita. Per raggiungere questo importante obiettivo, il Gruppo pu\u00f2 contare su una straordinaria performance di Essilor, che ha generato una forte crescita del business in tutte le sue divisioni nel 2018 e ha superato i suoi obiettivi di crescita per l&#8217;anno, continuando a lavorare su numerose innovazioni a beneficio dell\u2019intero settore. I risultati riflettono la vivace cultura dell&#8217;imprenditorialit\u00e0 all&#8217;interno di Essilor e la creativit\u00e0 dei suoi dipendenti, i cui interessi sono pienamente allineati a quelli degli azionisti grazie alla partecipazione azionaria dei dipendenti a tutti i livelli della societ\u00e0. Questo modello di creazione di valore faciliter\u00e0 la generazione di sinergie nel futuro e sar\u00e0 esteso a tutto il Gruppo EssilorLuxottica\u201d<\/em><\/p>\n<p>&nbsp;<\/p>\n<p>&nbsp;<\/p>\n<p>&nbsp;<\/p>\n<h2>IL PARCHEGGIO DI TAMONICH PORTERA&#8217; IL NOME DI GIUSEPPE IMPASTATO<\/h2>\n<p><a class=\"dt-pswp-item\" href=\"http:\/\/www.radiopiu.net\/wordpress\/wp-content\/uploads\/2019\/03\/WhatsApp-Image-2019-03-08-at-18.30.55.jpeg\" data-dt-img-description=\"\" data-large_image_width=\"1600\" data-large_image_height=\"901\"><img loading=\"lazy\" decoding=\"async\" class=\"alignnone size-large wp-image-78668\" src=\"http:\/\/www.radiopiu.net\/wordpress\/wp-content\/uploads\/2019\/03\/WhatsApp-Image-2019-03-08-at-18.30.55-1024x577.jpeg\" alt=\"\" width=\"1024\" height=\"577\" srcset=\"https:\/\/www.radiopiu.net\/wordpress\/wp-content\/uploads\/2019\/03\/WhatsApp-Image-2019-03-08-at-18.30.55-1024x577.jpeg 1024w, https:\/\/www.radiopiu.net\/wordpress\/wp-content\/uploads\/2019\/03\/WhatsApp-Image-2019-03-08-at-18.30.55-300x169.jpeg 300w, https:\/\/www.radiopiu.net\/wordpress\/wp-content\/uploads\/2019\/03\/WhatsApp-Image-2019-03-08-at-18.30.55-768x432.jpeg 768w, https:\/\/www.radiopiu.net\/wordpress\/wp-content\/uploads\/2019\/03\/WhatsApp-Image-2019-03-08-at-18.30.55.jpeg 1600w\" sizes=\"auto, (max-width: 1024px) 100vw, 1024px\" \/><\/a><\/p>\n<p><strong>AGORDO<\/strong> Il 29 marzo il parcheggio di Tamonich sar\u00e0 dedicato al giornalista ucciso dalla mafia a Cinisi (Palermo), con la sua radio Aut denunci\u00f2 i delitti e gli affari dei mafiosi locali ad iniziare da Gaetano Badalamenti.<\/p>\n<p><strong>DI GIANNI SANTOMASO<\/strong><\/p>\n<audio class=\"wp-audio-shortcode\" id=\"audio-78620-4\" preload=\"none\" style=\"width: 100%;\" controls=\"controls\"><source type=\"audio\/mpeg\" src=\"http:\/\/www.radiopiu.net\/wordpress\/wp-content\/uploads\/2019\/03\/IMPASTATO.mp3?_=4\" \/><a href=\"http:\/\/www.radiopiu.net\/wordpress\/wp-content\/uploads\/2019\/03\/IMPASTATO.mp3\">http:\/\/www.radiopiu.net\/wordpress\/wp-content\/uploads\/2019\/03\/IMPASTATO.mp3<\/a><\/audio>\n<p>&nbsp;<\/p>\n<p>&nbsp;<\/p>\n<p>&nbsp;<\/p>\n<h2>UN PIANO STRAORDINARIO PER LA VIABILITA&#8217; DEL BELLUNESE, 1 MILIONE DI EURO TRA CENCENIGHE ED ALLEGHE<\/h2>\n<p><strong>BELLUNO<\/strong> Venerdi sciopero del settore edile, in provincia si sono persi posti di lavoro, sono chiuse le aziende nonostante i grandi cantieri che apriranno in provincia,<\/p>\n<p><strong>di DAMIANO TORMEN\u00a0<\/strong><\/p>\n<audio class=\"wp-audio-shortcode\" id=\"audio-78620-5\" preload=\"none\" style=\"width: 100%;\" controls=\"controls\"><source type=\"audio\/mpeg\" src=\"http:\/\/www.radiopiu.net\/wordpress\/wp-content\/uploads\/2019\/03\/DAMIANO-STRADEF.mp3?_=5\" \/><a href=\"http:\/\/www.radiopiu.net\/wordpress\/wp-content\/uploads\/2019\/03\/DAMIANO-STRADEF.mp3\">http:\/\/www.radiopiu.net\/wordpress\/wp-content\/uploads\/2019\/03\/DAMIANO-STRADEF.mp3<\/a><\/audio>\n<h2><\/h2>\n<blockquote><p>&nbsp;<\/p><\/blockquote>\n<h2><\/h2>\n<h2><\/h2>\n<blockquote><p>&nbsp;<\/p><\/blockquote>\n<h2>FONDI CONFINE &#8211; Moretto e De Menech (Pd): \u201cPenalizzati i Comuni del Veneto\u201d<\/h2>\n<p>audio dal giornale radio principale, ROGER DE MENECH<\/p>\n<audio class=\"wp-audio-shortcode\" id=\"audio-78620-6\" preload=\"none\" style=\"width: 100%;\" controls=\"controls\"><source type=\"audio\/mpeg\" src=\"http:\/\/www.radiopiu.net\/wordpress\/wp-content\/uploads\/2019\/03\/ROGER-2.mp3?_=6\" \/><a href=\"http:\/\/www.radiopiu.net\/wordpress\/wp-content\/uploads\/2019\/03\/ROGER-2.mp3\">http:\/\/www.radiopiu.net\/wordpress\/wp-content\/uploads\/2019\/03\/ROGER-2.mp3<\/a><\/audio>\n<p>&nbsp;<\/p>\n<p>&#8220;La Lega quando arriva a Roma fa perdere occasioni al Veneto&#8221;. \u00c8 l&#8217;accusa dei deputati del Pd Sara Moretto e Roger De Menech che hanno presentato un&#8217;interrogazione in Commissione per chiedere chiarimenti sul cosiddetto Fondo Letta. Il fondo era dimenticato e vuoto da anni. Poi, nel 2017, il governo del Partito democratico lo ha riattivato proprio grazie a un emendamento dei due deputati, introducendo criteri specifici per privilegiare i 64 Comuni veneti confinanti con le Regioni a statuto speciale. Era previsto uno stanziamento di 16 milioni nel triennio 2018\/2020. \u201cL\u2019obiettivo del fondo &#8211; spiegano i deputati &#8211; era quello di dare risposte concrete a quei Comuni, specialmente di piccole dimensioni, che soffrono una disparit\u00e0 nei servizi rispetto ai Comuni confinanti di una regione a statuto speciale. La Lega non solo ha bloccato per un anno i fondi gi\u00e0 stanziati dal Pd ma, pur aumentando le risorse, ha messo nel calderone dei beneficiari molti altri Comuni di tutta Italia, allargando la platea a 99 enti locali. Una scelta che non guarda agli obiettivi per i quali il fondo era stato riattivato e che nei fatti non accontenter\u00e0 nessuno. Con buona pace dei Comuni del Veneto che su quel fondo contavano davvero\u201d.<\/p>\n<p>&nbsp;<\/p>\n<p>&nbsp;<\/p>\n<p>&nbsp;<\/p>\n<p>&nbsp;<\/p>\n<h3>LUPO: IN VENETO 196 PREDAZIONI ACCERTATE E DANNI PER 168 MILA EURO NEL 2018.<\/h3>\n<p><strong><a class=\"dt-pswp-item\" href=\"http:\/\/www.radiopiu.net\/wordpress\/wp-content\/uploads\/2015\/12\/20151218_lupo.jpg\" data-dt-img-description=\"\" data-large_image_width=\"880\" data-large_image_height=\"304\"><img loading=\"lazy\" decoding=\"async\" class=\" wp-image-14049 alignleft\" src=\"http:\/\/www.radiopiu.net\/wordpress\/wp-content\/uploads\/2015\/12\/20151218_lupo.jpg\" alt=\"\" width=\"150\" height=\"52\" \/><\/a>VENEZIA\u00a0<\/strong> Nel corso del 2018 il lupo in Veneto ha ucciso 400 capi di bestiame e ne ha feriti 50. Le prede preferite sono state pecore e capre (282 capi tra morti e feriti), seguiti dai bovini (125 capi tra morti e feriti) e dagli asini (33 capi). Altri 125 capi risultano dispersi a causa degli assalti del grande predatore. Complessivamente nel 2018 sono stati accertati 196 eventi di predazione da lupo; nel 2017 erano state 176. Il valore economico delle predazioni accertate nel 2018 e avviate a liquidazione ammonta a 168.047 euro: per il 66 per cento dei casi il danno quantificato \u00e8 inferiore ai mille euro; per il 28,4% si attesta tra i mille e i 2 mila euro; nel 5,3 per cento dei casi supera i 2 mila euro. I territori provinciali pi\u00f9 colpiti sono quelli di Vicenza e Verona, rispettivamente con 91 e 48 eventi di predazione accertati, seguiti da Belluno con 46 e Treviso con 11. Agli allevatori vicentini sono stati riconosciuti 87 mila euro di indennizzi tra danni diretti e indiretti, a quelli veronesi poco pi\u00f9 di 37 mila euro, ai bellunesi circa 28 mila euro e ai trevigiani 5.100 euro.\u00a0<em>\u201cA quasi tutte le istanze pervenute la Regione ha assicurato un indennizzo certo\u2013 commenta l\u2019assessore regionale all\u2019agricoltura Giuseppe Pan \u2013 Rispetto agli anni scorsi abbiamo cercato di accelerare al massimo le istruttorie di accertamento, quantificazione del danno e liquidazione risarcitoria, dando esecuzione a tutte le pratiche in corso. Ma l\u2019azione riparativa della Regione nei confronti dei danni subiti dagli allevatori rappresenta solo una risposta parziale e insufficiente al problema della difficile convivenza tra la presenza predatoria di un grande carnivoro, come il lupo, e le produzioni zootecniche\u201d.\u00a0<\/em> Pan\u00a0 torna a sollecitare la riapertura del confronto nazionale sul piano di gestione della presenza del lupo, in particolare nelle aree in quota tradizionalmente vocate alla pastorizia e all\u2019allevamento. <em>&#8220;L\u2019incremento del numero di attacchi e dei valori economici delle perdite subite &#8211; conclude l&#8217;assessore &#8211; deve imporre una rivisitazione complessiva delle strategie di prevenzione e contenimento della presenza del lupo, almeno nelle aree antropizzate e ad alta densit\u00e0 di allevamento\u201d.<\/em><\/p>\n<p>&nbsp;<\/p>\n<p>&nbsp;<\/p>\n<p>&nbsp;<\/p>\n<h2>EDILIZIA SCOLASTICA: REGIONE VENETO, 1,4 MLN A BANDO PER SICUREZZA<\/h2>\n<p><strong>VENEZIA<\/strong>\u00a0 Un milione 400 mila euro di contributi per rendere pi\u00f9 sicure e confortevoli le scuole materne, elementari e medie del Veneto, anche attraverso l\u2019installazione di telecamere. E\u2019 quanto prevede il bando regionale, pubblicato sul Bollettino ufficiale della Regione Veneto di venerd\u00ec prossimo, rivolto alle scuole pubbliche e paritarie del territorio regionale. Gli enti pubblici e i comitati di gestione delle paritarie hanno trenta giorni di tempo dalla data di pubblicazione del provvedimento per presentare domanda e relativi progetti alla Direzione Infrastrutture, Trasporti e Logistica della Regione Veneto. Il contributo regionale in conto capitale, che potr\u00e0 arrivare fino al 70 per cento della spesa ammissibile, \u00e8 diretto a finanziare interventi puntuali e cantierabili per la messa in sicurezza degli edifici scolastici, l\u2019adeguamento degli impianti tecnologici e dei servizi igienici, il consolidamento e l\u2019impermeabilizzazione dei tetti. Tra i criteri di priorit\u00e0 nella concessione del finanziamento \u00e8 stata inserita anche l\u2019installazione di impianti di videosorveglianza e antifurto. Gli interventi non dovranno superare i 500 mila euro di spesa. I lavoro dovranno essere conclusi e rendicontati entro il termine ultimo di novembre 2020. La graduatoria sar\u00e0 duplice: un milione di euro \u00e8 riservato agli interventi nelle scuole pubbliche, 400 mila euro per quelli nelle scuole paritarie.<\/p>\n<blockquote><p><em>\u201cCon questo bando, sostenuto con risorse proprie del bilancio regionale \u2013 dichiara l\u2019assessore alla scuola Elena Donazzan \u2013 aiuteremo molti comuni e scuole paritarie ad affrontare le spese per la buona manutenzione degli edifici scolastici e per rafforzare la vigilanza. Ogni anno la Regione mette a disposizione contributi propri, che affiancano il piano dei grandi cantieri finanziati con i fondi ministeriali, per dare una mano agli enti pubblici e ai gestori delle scuole paritarie nell\u2019adeguamento, messa a norma e funzionalit\u00e0 degli edifici che ospitano i bambini della scuola dell\u2019infanzia e i ragazzi del ciclo primario e secondario. Scuole belle, sicure e funzionanti sono un diritto prioritario per allievi, insegnanti e famiglie\u201d.<\/em><\/p><\/blockquote>\n<p>&nbsp;<\/p>\n<p>&nbsp;<\/p>\n<p>&nbsp;<\/p>\n<p>&nbsp;<\/p>\n<p><strong>PRESENTATA LA TERZA EDIZIONE DI INNOVALP, IL FESTIVAL DELLE IDEE PER LA MONTAGNA <\/strong><\/p>\n<p><em>Dalla sua terra natia, i monti del Friuli Venezia Giulia, il festival delle idee per la montagna ideato dalla Cooperativa Cramars arriva in Veneto per diffondere in tutta Italia una nuova cultura che vuole rendere le aree montane protagoniste di un rinnovato sviluppo. Il tema dell\u2019edizione 2019, presentato in Confindustria Belluno Dolomiti, \u00e8 \u201cVoglia di volare, la montagna come luogo in cui trasformare le disuguaglianze in opportunit\u00e0 di crescita\u201d<\/em><\/p>\n<p><strong><em>\u00a0<a class=\"dt-pswp-item\" href=\"http:\/\/www.radiopiu.net\/wordpress\/wp-content\/uploads\/2019\/03\/foto3.jpg\" data-dt-img-description=\"\" data-large_image_width=\"3264\" data-large_image_height=\"2448\"><img loading=\"lazy\" decoding=\"async\" class=\"wp-image-78635 alignleft\" src=\"http:\/\/www.radiopiu.net\/wordpress\/wp-content\/uploads\/2019\/03\/foto3-1024x768.jpg\" alt=\"\" width=\"231\" height=\"173\" srcset=\"https:\/\/www.radiopiu.net\/wordpress\/wp-content\/uploads\/2019\/03\/foto3-1024x768.jpg 1024w, https:\/\/www.radiopiu.net\/wordpress\/wp-content\/uploads\/2019\/03\/foto3-300x225.jpg 300w, https:\/\/www.radiopiu.net\/wordpress\/wp-content\/uploads\/2019\/03\/foto3-768x576.jpg 768w\" sizes=\"auto, (max-width: 231px) 100vw, 231px\" \/><\/a><\/em><\/strong><strong>BELLUNO\u00a0<\/strong>Al via la terza edizione di Innovalp, il festival delle idee per la montagna, che si terr\u00e0 a Tolmezzo dal 27 al 30 marzo. Innovalp 2019 \u00e8 stato presentato questa mattina alle 11.30 in Confindustria Belluno Dolomiti alla presenza di Andrea Ferrazzi, direttore di Confindustria Belluno Dolomiti, Augusto Guerriero, vicepresidente di Confindustria Belluno Dolomiti, Danilo Farinelli, direttore di Carnia Industrial Park, Maurizio Ionico, presidente Ferrovie Udine \u2013 Cividale e Vanni Treu, co-fondatore della Cooperativa Cramars, ente ideatore e organizzatore della manifestazione. Giunto alla terza edizione Innovalp nasce nel 2017 a Tolmezzo, ai piedi delle Alpi Carniche in Friuli Venezia Giulia, per trattare il tema della vita in montagna, terreno potenzialmente fertile e attivo, in cui intessere relazioni e avviare nuove operativit\u00e0. Da due anni, il festival si pone l\u2019obiettivo di far riflettere sulla dimensione antropologica e culturale della montagna, per comprendere il contesto montano e scoprire da dove nasce la dicotomia esistente fra origine e destinazione di un territorio. Innovalp \u00e8 la voce dei luoghi della montagna, geograficamente distanti tra loro ma accomunati dagli stessi obiettivi: trovare opportunit\u00e0, valorizzare le potenzialit\u00e0 presenti e attrarre nuove risorse. Ecco perch\u00e9 quest\u2019anno Innovalp sceglie di presentarsi a Belluno, al di fuori dei confini regionali di appartenenza, per far diventare le montagne italiane protagoniste di un nuovo sviluppo, teatro di nuova crescita.<\/p>\n<p>&nbsp;<\/p>\n<p>&nbsp;<\/p>\n<p>&nbsp;<\/p>\n<p>&nbsp;<\/p>\n<h2>8 MARZO, IL GIORNO DOPO. TROPPE DONNE VITTIME DI DISCRIMINAZIONE E VIOLENZA<\/h2>\n<p><strong><a class=\"dt-pswp-item\" href=\"http:\/\/www.radiopiu.net\/wordpress\/wp-content\/uploads\/2019\/03\/festa-della-donna-mimosa-8-marzo-1024x768.jpg\" data-dt-img-description=\"\" data-large_image_width=\"1024\" data-large_image_height=\"768\"><img loading=\"lazy\" decoding=\"async\" class=\"wp-image-78308 alignleft\" src=\"http:\/\/www.radiopiu.net\/wordpress\/wp-content\/uploads\/2019\/03\/festa-della-donna-mimosa-8-marzo-1024x768-1024x768.jpg\" alt=\"\" width=\"193\" height=\"145\" srcset=\"https:\/\/www.radiopiu.net\/wordpress\/wp-content\/uploads\/2019\/03\/festa-della-donna-mimosa-8-marzo-1024x768.jpg 1024w, https:\/\/www.radiopiu.net\/wordpress\/wp-content\/uploads\/2019\/03\/festa-della-donna-mimosa-8-marzo-1024x768-300x225.jpg 300w, https:\/\/www.radiopiu.net\/wordpress\/wp-content\/uploads\/2019\/03\/festa-della-donna-mimosa-8-marzo-1024x768-768x576.jpg 768w\" sizes=\"auto, (max-width: 193px) 100vw, 193px\" \/><\/a>VENEZIA<\/strong> <em>\u201cSalari pi\u00f9 bassi a parit\u00e0 di mansioni; servizi alle famiglie insufficienti per la conciliazione dei tempi di vita e lavoro; discriminazioni continue. E soprattutto troppa violenza: fisica, psicologica, verbale ed economica. Sono ancora tante le donne che ogni giorno vengono ammazzate dai loro mariti, compagni o ex. Ed \u00e8 sempre troppo poco quello che si fa per contrastare questo fenomeno che non si combatte solo incrementando le pene! Si combatte prima di tutto con una rivoluzione culturale da promuovere nelle scuole; aumentando i fondi per i progetti di formazione sulla parit\u00e0 di genere contro ogni forma di discriminazione\u201d<\/em>. \u00c8 quanto affermato ieri\u00a0 in una nota da Alessandra Moretti, consigliera regionale del Partito Democratico, in occasione dell\u20198 marzo. \u00a0 <em>Il lavoro \u00e8 la prima e vera forma di emancipazione sociale per rendere le donne libere dal bisogno e, spesso, libere dalla violenza economica esercitata da parte dei compagni. Ma anche qua c\u2019\u00e8 tanta strada fare, perch\u00e9 sono sempre gli uomini a decidere sul nostro futuro: se farci fare o no carriera; se aumentarci lo stipendio; se assumerci o licenziarci. Questa condizione di subalternit\u00e0 deve farci riflettere, anche per iniziare davvero ad essere pi\u00f9 unite e solidali tra noi, sostenendoci a vicenda e rafforzando la lobby femminile&#8221;.<\/em><\/p>\n<p>&nbsp;<\/p>\n<h3>IMPRENDITORIA FEMMINILE, APPROVATO DALLA GIUNTA REGIONALE IL NUOVO BANDO DI CONTRIBUTI<\/h3>\n<p><strong>VENEZIA\u00a0<\/strong>\u201cQuesto \u00e8 il nostro 8 marzo. Abbiamo voluto fare qualcosa di concreto per dare un segnale di attenzione al mondo femminile che trova ancora molte difficolt\u00e0 a fare impresa\u201d. In occasione della Giornata internazionale della Donna l\u2019assessore veneto allo sviluppo economico Roberto Marcato ha presentato il nuovo bando, approvato dalla giunta regionale, per l&#8217;erogazione di contributi alle imprese a prevalente partecipazione femminile. La dotazione sar\u00e0 complessivamente di quasi 3,2 milioni di euro da assegnare come finanziamenti a fondo perduto. Le domande potranno essere presentate a sportello dalle ore 10.00 del 10 aprile alle ore 18.00 del 18 aprile.<\/p>\n<blockquote><p><em>I contributi regionali sono rivolti sia all&#8217;avvio di nuove imprese femminili, sia al consolidamento e allo sviluppo di quelle esistenti. Il bando prevede la concessione di contributi a fondo perduto, in regime de minimis, in misura pari al 30% della spesa rendicontata ammissibile per interventi di importo non inferiore a 30.000,00 euro e non superiore a 170.000,00 euro. Saranno ammissibili spese in macchinari, impianti produttivi, hardware ed attrezzature; arredi; negozi mobili; mezzi di trasporto ad esclusivo uso aziendale; impianti tecnici di servizio agli impianti produttivi e programmi informatici.<\/em><\/p><\/blockquote>\n<p>&nbsp;<\/p>\n<p>&nbsp;<\/p>\n<h2>CELEBRANDO LE DONNE IN MUSICA, STASERA SI FESTEGGIA L&#8217;8 MARZO alle 20.30 a Limana<\/h2>\n<p><strong>LIMANA <\/strong>Evento per Belluno Donna, lo spettacolo con le Regione dello swing, le canzoni della seconda guerra mondiale con Barbara Padrin, Veronica Bronzato, Candida Capraro, Leonardo Dalle Cort e Stefano Funes.<\/p>\n<p><strong>DI DAMIANO TORMEN<\/strong><\/p>\n<audio class=\"wp-audio-shortcode\" id=\"audio-78620-7\" preload=\"none\" style=\"width: 100%;\" controls=\"controls\"><source type=\"audio\/mpeg\" src=\"http:\/\/www.radiopiu.net\/wordpress\/wp-content\/uploads\/2019\/03\/DAMIANO-DONNA.mp3?_=7\" \/><a href=\"http:\/\/www.radiopiu.net\/wordpress\/wp-content\/uploads\/2019\/03\/DAMIANO-DONNA.mp3\">http:\/\/www.radiopiu.net\/wordpress\/wp-content\/uploads\/2019\/03\/DAMIANO-DONNA.mp3<\/a><\/audio>\n<p>&nbsp;<\/p>\n<p>&nbsp;<\/p>\n<p>&nbsp;<\/p>\n<h2>D&#8217;AMORE NON SI MUORE PER LA GIORNATA INTERNAZIONALE DELLA DONNA<\/h2>\n<p><strong>PONTE NELLE ALPI\u00a0 <\/strong>Oggi\u00a0 alle 17 nella sala del parco ex Casa Rossa Alessanro Mares,\u00a0 interventi di Anna Cubattoli, presidente dell&#8217;associazione Belluno Donna. Letture: Paola Bettiol, Patrizia Burigo, Alice De Toni, Mario Franco, Sacha Rosel. Musiche: Valentina De March (voce chitarra), Teresa Pante (violoncello), Stefania Pillon (recitazione e canto), Trio musicale Domi-tan: Federico De Carli, Tatiana Munaro e Anna Zanella. Danza: Laura Zago e gruppo Korarte.<\/p>\n<p>&nbsp;<\/p>\n<p>&nbsp;<\/p>\n<p>&nbsp;<\/p>\n<h3>INFLUENZA. DECIMO REPORT VENETO. IN DISCESA L\u2019INCIDENZA. LANZARIN, \u201cE\u2019 LA FASE FINALE\u201d. FINORA 424.000 AMMALATI CON 16 DECESSI.<\/h3>\n<p><strong>VENEZIA\u00a0\u00a0<\/strong>\u201cL\u2019influenza stagionale in Veneto ha raggiunto il suo picco nella settimana a cavallo tra fine gennaio e inizio febbraio ed \u00e8 ora nella sua fase finale\u201d. Lo indica l\u2019Assessore regionale alla Sanit\u00e0, Manuela Lanzarin, che ha diffuso oggi il decimo Rapporto Epidemiologico della Regione Veneto, elaborato dalla Direzione Prevenzione sui dati raccolti dai 116 medici di famiglia che costituiscono la rete \u201csentinella\u201d sul territorio nella settimana dal 25 febbraio al 3 marzo. L\u2019incidenza regionale ha fatto registrare una nuova, significativa discesa, dopo quella della scorsa settimana, con 4,63 casi per mille abitanti contro il 9,27 precedente, il che significa che in questa settimana si sono messi a letto circa 22.700 veneti, numero che sale a 424.000 dall\u2019inizio della sorveglianza (partita a ottobre). Il virus, si legge nel Rapporto, ha provocato finora 84 casi gravi con complicanze, con 16 decessi, segnalati dall\u2019Ulss Euganea (8), dalla Scaligera (2), Marca Trevigiana (2), Serenissima (2), Polesana (1) e Veneto Orientale (1). Le persone colpite sono state per il 78% maschi, con un\u2019et\u00e0 media di 59,2 anni. Tutti sono stati ricoverati nelle Terapie Intensive degli ospedali. Come ogni anno, la fascia di et\u00e0 pi\u00f9 colpita \u00e8 quella pediatrica tra 0 e 4 anni, seguita da quella tra 5 e 14 anni , dalla fascia centrale, tra 15 e 64 anni e, da ultima, quella degli over 65. Tutte le fasce d\u2019et\u00e0 sono ora in ampio calo d\u2019incidenza.<\/p>\n<p>&nbsp;<\/p>\n<p>&nbsp;<\/p>\n<p>&nbsp;<\/p>\n<h3>GRANDE GUERRA. L\u2019IMPEGNO DELLA REGIONE NON SI ESAURISCE COL CENTENARIO. NUOVI FINANZIAMENTI PER 1.222.300 EURO DESTINATI ALLE TESTIMONIANZE STORICHE<\/h3>\n<p><strong>VENEZIA\u00a0\u00a0<\/strong>Un finanziamento complessivo di 1.222.300 euro &#8211; nell\u2019ambito della riprogrammazione delle economie derivanti dal Fondo per lo Sviluppo e la Coesione destinate ad \u201cInterventi di conservazione, fruizione dei beni culturali messa in rete e promozione di attivit\u00e0 ed eventi culturali\u201d \u2013 \u00e8 stato deliberato a favore di una serie di opere di restauro, recupero e conservazione di beni storici legati al primo conflitto mondiale.<\/p>\n<blockquote><p><em>\u201cNon si esaurisce con la conclusione del Centenario l\u2019impegno della Regione del Veneto nella valorizzazione delle testimonianze storiche della Grande Guerra\u201d. Sono parole dell\u2019assessore al Turismo Federico Caner che aggiunge: \u201cGli interventi riconosciuti nel finanziamento sono stati ritenuti particolarmente significativi in rapporto alla storia dei luoghi e a quella di tutta la Regione. Una delle tante cose per cui il Veneto \u00e8 conosciuto a livello internazionale \u00e8 l\u2019essere stato il teatro di un settore importante della prima guerra mondiale. La valorizzazione delle testimonianze storiche di quel periodo oltre ad essere un dovere morale \u00e8 un valore aggiunto per l\u2019immagine del nostro territorio che si vuole presentare al visitatore\u201d.<\/em><\/p><\/blockquote>\n<p>&nbsp;<\/p>\n<p>&nbsp;<\/p>\n<p>&nbsp;<\/p>\n<h2>INTERVENTI E ATTIVIT\u00c0 DEL 2018: PRESENTAZIONE DEI DATI IL 15 MARZO<\/h2>\n<p><strong>BELLUNO<\/strong> Venerd\u00ec\u00a0 15 marzo, la dirigenza del Soccorso Alpino e Speleologico Veneto illustrer\u00e0 a Belluno i dati relativi agli interventi e all&#8217;attivit\u00e0 del 2018, oltre a descrivere le prossime iniziative. La presentazione si terr\u00e0 nella sede consigliare di Palazzo Rosso, in Piazza Duomo n.1, alle 10.30.<\/p>\n<p>&nbsp;<\/p>\n<p>&nbsp;<\/p>\n<p>&nbsp;<\/p>\n<h2>AL LIBRO PARLATO DI FELTRE LABORATORI PER BAMBINI E RAGAZZI CON DSA<\/h2>\n<p><a class=\"dt-pswp-item\" href=\"http:\/\/www.radiopiu.net\/wordpress\/wp-content\/uploads\/2019\/03\/libroparlato.jpg\" data-dt-img-description=\"\" data-large_image_width=\"506\" data-large_image_height=\"116\"><img loading=\"lazy\" decoding=\"async\" class=\"alignnone size-large wp-image-78679\" src=\"http:\/\/www.radiopiu.net\/wordpress\/wp-content\/uploads\/2019\/03\/libroparlato.jpg\" alt=\"\" width=\"506\" height=\"116\" srcset=\"https:\/\/www.radiopiu.net\/wordpress\/wp-content\/uploads\/2019\/03\/libroparlato.jpg 506w, https:\/\/www.radiopiu.net\/wordpress\/wp-content\/uploads\/2019\/03\/libroparlato-300x69.jpg 300w\" sizes=\"auto, (max-width: 506px) 100vw, 506px\" \/><\/a><\/p>\n<p><strong>FELTRE<\/strong><\/p>\n<p><strong>DI LUISA ALCHINI<\/strong><\/p>\n<audio class=\"wp-audio-shortcode\" id=\"audio-78620-8\" preload=\"none\" style=\"width: 100%;\" controls=\"controls\"><source type=\"audio\/mpeg\" src=\"http:\/\/www.radiopiu.net\/wordpress\/wp-content\/uploads\/2019\/03\/cilpAID.mp3?_=8\" \/><a href=\"http:\/\/www.radiopiu.net\/wordpress\/wp-content\/uploads\/2019\/03\/cilpAID.mp3\">http:\/\/www.radiopiu.net\/wordpress\/wp-content\/uploads\/2019\/03\/cilpAID.mp3<\/a><\/audio>\n<p>&nbsp;<\/p>\n<p>&nbsp;<\/p>\n<p>&nbsp;<\/p>\n<h2>CENTRI SOLLIEVO, RINNOVO DELLE CONVENZIONI<\/h2>\n<p><a class=\"dt-pswp-item\" href=\"http:\/\/www.radiopiu.net\/wordpress\/wp-content\/uploads\/2019\/03\/trichiana.jpg\" data-dt-img-description=\"dav\" data-large_image_width=\"2304\" data-large_image_height=\"1728\"><img loading=\"lazy\" decoding=\"async\" class=\"wp-image-78640 alignleft\" src=\"http:\/\/www.radiopiu.net\/wordpress\/wp-content\/uploads\/2019\/03\/trichiana-1024x768.jpg\" alt=\"\" width=\"240\" height=\"180\" srcset=\"https:\/\/www.radiopiu.net\/wordpress\/wp-content\/uploads\/2019\/03\/trichiana-1024x768.jpg 1024w, https:\/\/www.radiopiu.net\/wordpress\/wp-content\/uploads\/2019\/03\/trichiana-300x225.jpg 300w, https:\/\/www.radiopiu.net\/wordpress\/wp-content\/uploads\/2019\/03\/trichiana-768x576.jpg 768w\" sizes=\"auto, (max-width: 240px) 100vw, 240px\" \/><\/a><\/p>\n<p><strong>FELTRE<\/strong>. Dopo un anno di attivit\u00e0 che si \u00e8 rivelata utile e positiva, sono state rinnovate le convenzioni con le associazioni di volontariato che gestiscono i due Centri sollievo per persone con demenza declino cognitivo nel Distretto di Feltre a Cesio e a Trichiana. I \u201cCentri di sollievo\u201d per persone con demenza e declino cognitivo sono luoghi nei quali volontari preparati e formati accolgono gratuitamente persone con iniziale declini cognitivo per qualche ora e qualche giorno alla settimana. In questi Centri si svolgono attivit\u00e0 specifiche, adeguate e mirate alle esigenze delle persone coinvolte e al loro livello di abilit\u00e0, con la supervisione di professionisti esperti che garantiscono la coerenza delle azioni svolte dai volontari con l\u2019evidenza scientifica, pur nei limiti previsti dal ruolo dell\u2019operatore volontario. L\u2019obiettivo \u00e8 di favorire un clima di socializzazione e di attivit\u00e0 occupazionali all&#8217;interno di luoghi di comune frequentazione sociale; di promuovere uno spazio di benessere per il malato e di offrire un tempo di sollievo alla famiglia; di veicolare informazioni e conoscenze che possono servire alla famiglia, sia per orientarsi all&#8217;interno della rete dei servizi, sia per acquistare maggiore competenza nella relazione con il malato. Inoltre, offre ai familiari la possibilit\u00e0 di usufruire di spazi temporali propri alleggerendo quindi il carico assistenziale favorendo il mantenimento pi\u00f9 a lungo possibile c\/o il proprio domicilio.<\/p>\n<blockquote><p><a class=\"dt-pswp-item\" href=\"http:\/\/www.radiopiu.net\/wordpress\/wp-content\/uploads\/2019\/03\/cesio-1.jpg\" data-dt-img-description=\"cof\" data-large_image_width=\"3968\" data-large_image_height=\"2976\"><img loading=\"lazy\" decoding=\"async\" class=\" wp-image-78639\" src=\"http:\/\/www.radiopiu.net\/wordpress\/wp-content\/uploads\/2019\/03\/cesio-1-1024x768.jpg\" alt=\"\" width=\"196\" height=\"148\" srcset=\"https:\/\/www.radiopiu.net\/wordpress\/wp-content\/uploads\/2019\/03\/cesio-1-1024x768.jpg 1024w, https:\/\/www.radiopiu.net\/wordpress\/wp-content\/uploads\/2019\/03\/cesio-1-300x225.jpg 300w, https:\/\/www.radiopiu.net\/wordpress\/wp-content\/uploads\/2019\/03\/cesio-1-768x576.jpg 768w\" sizes=\"auto, (max-width: 196px) 100vw, 196px\" \/><\/a><\/p>\n<p><em>\u00abI centri sollievo, che abbiamo fortemente voluto venissero attivati anche nel nostro Distretto, si inseriscono in un\u2019ampia serie di iniziative dell\u2019Azienda Ulss Dolomiti per la cura e il sostegno alle persone con declino cognitivo e demenza\u00bb, spiega il direttore del distretto di Feltre Alessio Gioffredi, \u00abrappresentano un\u2019altra tappa del percorso intrapreso che vede l\u2019unit\u00e0 di intenti tra servizi Ulss sia territoriali e ospedalieri, Centri di servizio e volontariato, coordinati dal Centro Decadimento Cognitivo e Demenze, per una reale presa in carico di questa particolare categoria di persone e delle loro famiglie. Ringrazio le associazioni di volontariato che hanno permesso di poter partire con questa opportunit\u00e0 e auspico che le famiglie coinvolte possano avere un ruolo sempre pi\u00f9 attivo nella creazione di servizi a misura dei loro bisogni\u00bb.<\/em><\/p><\/blockquote>\n<p>&nbsp;<\/p>\n<p>&nbsp;<\/p>\n<p>&nbsp;<\/p>\n<h2>l presidente Abm Oscar De Bona incontra la presidente di Confindustria Belluno Dolomiti Maria Lorraine Berton<\/h2>\n<p><a class=\"dt-pswp-item\" href=\"http:\/\/www.radiopiu.net\/wordpress\/wp-content\/uploads\/2019\/03\/abm_confindustria-debona_berton_crepaz.jpg\" data-dt-img-description=\"\" data-large_image_width=\"1050\" data-large_image_height=\"1400\"><img loading=\"lazy\" decoding=\"async\" class=\"wp-image-78654 alignleft\" src=\"http:\/\/www.radiopiu.net\/wordpress\/wp-content\/uploads\/2019\/03\/abm_confindustria-debona_berton_crepaz-768x1024.jpg\" alt=\"\" width=\"257\" height=\"342\" srcset=\"https:\/\/www.radiopiu.net\/wordpress\/wp-content\/uploads\/2019\/03\/abm_confindustria-debona_berton_crepaz-768x1024.jpg 768w, https:\/\/www.radiopiu.net\/wordpress\/wp-content\/uploads\/2019\/03\/abm_confindustria-debona_berton_crepaz-225x300.jpg 225w, https:\/\/www.radiopiu.net\/wordpress\/wp-content\/uploads\/2019\/03\/abm_confindustria-debona_berton_crepaz.jpg 1050w\" sizes=\"auto, (max-width: 257px) 100vw, 257px\" \/><\/a>Il presidente dell\u2019Associazione Bellunesi nel Mondo, Oscar De Bona, ha incontrato incontrato la presidente di Confindustria Belluno Dolomiti Maria Lorraine Berton. L\u2019incontro, tenutosi nella mattinata di oggi presso l\u2019azienda di famiglia della Berton, la \u201cArlecchino\u201d, situata a Quero &#8211; Vas, aveva l\u2019obiettivo di formalizzare un rapporto di collaborazione tra le due Associazioni di categoria. \u00abVogliamo creare uno sportello virtuale che metta in contatto diretto le imprese e gli enti locali con le eccellenze bellunesi presenti all\u2019estero, che siano esse liberi professionisti o imprenditori\u00bb, sono le parole del presidente Abm Oscar De Bona, \u00abPer questo motivo il matrimonio deve essere fatto con Confindustria Belluno Dolomiti e la Provincia di Belluno\u00bb. La presidente Berton, accompagnata dal suo direttore Andrea Ferrazzi, si \u00e8 subito resa disponibile confermando grande interesse per questa nuova collaborazione: \u00abLa provincia di Belluno sta vivendo un serio problema di spopolamento. Dobbiamo lavorare in squadra e sono convinta che la rete mondiale in possesso dall\u2019Abm possa essere una carta vincente\u00bb. \u00abUna rete fatta anche di giovani studenti bellunesi\u00bb, ha sottolineato il direttore Abm Marco Crepaz, anch\u2019egli presente all\u2019incontro, \u00abiscritti alle Superiori e all\u2019Universit\u00e0 e che possono essere messi in contatto diretto con le nostre imprese\u00bb.<\/p>\n<p>&nbsp;<\/p>\n<p>&nbsp;<\/p>\n<p>&nbsp;<\/p>\n<h2>IL DOLOMITES BIKE DAY SI ARRICCHISCE DIVENTANDO IL BIKE DAY PI\u00d9 LUNGO D&#8217;EUROPA<\/h2>\n<p><a class=\"dt-pswp-item\" href=\"http:\/\/www.radiopiu.net\/wordpress\/wp-content\/uploads\/2019\/03\/Dolomites-Bike-Day_Falzarego-_-freddy-planinschek-_2_-min.jpg\" data-dt-img-description=\"\" data-large_image_width=\"2016\" data-large_image_height=\"1344\"><img loading=\"lazy\" decoding=\"async\" class=\"wp-image-78631 alignleft\" src=\"http:\/\/www.radiopiu.net\/wordpress\/wp-content\/uploads\/2019\/03\/Dolomites-Bike-Day_Falzarego-_-freddy-planinschek-_2_-min-1024x683.jpg\" alt=\"\" width=\"200\" height=\"133\" srcset=\"https:\/\/www.radiopiu.net\/wordpress\/wp-content\/uploads\/2019\/03\/Dolomites-Bike-Day_Falzarego-_-freddy-planinschek-_2_-min-1024x683.jpg 1024w, https:\/\/www.radiopiu.net\/wordpress\/wp-content\/uploads\/2019\/03\/Dolomites-Bike-Day_Falzarego-_-freddy-planinschek-_2_-min-300x200.jpg 300w, https:\/\/www.radiopiu.net\/wordpress\/wp-content\/uploads\/2019\/03\/Dolomites-Bike-Day_Falzarego-_-freddy-planinschek-_2_-min-768x512.jpg 768w, https:\/\/www.radiopiu.net\/wordpress\/wp-content\/uploads\/2019\/03\/Dolomites-Bike-Day_Falzarego-_-freddy-planinschek-_2_-min.jpg 2016w\" sizes=\"auto, (max-width: 200px) 100vw, 200px\" \/><\/a>L\u2019appuntamento \u00e8 previsto per domenica 16 giugno 2019 sui passi dolomitici Campolongo, Falzarego, Valparola, Fedaia e Pordoi<br \/>\nRocca Pietore (BL), 8 marzo 2019 &#8211; Le Dolomiti, ed i suoi passi, resi leggendari dalle gesta dei pi\u00f9 grandi campioni del ciclismo, sono da sempre un\u2019ispirazione per tutti gli amanti di questo sport. Dai professionisti agli amatori, l\u2019attrazione per questi luoghi epici e per la fatica e la soddisfazione intrinseca a queste salite, sono diventati un\u2019importante attrazione turistica per le valli dolomitiche che da vari anni lavorano insieme per proporre agli appassionati appuntamenti sempre pi\u00f9 interessanti e con importanti valori legati allo sport e all\u2019ecosostenibilit\u00e0. In questa direzione \u00e8 nato due anni fa il Dolomites Bike Day, evento non competitivo e chiuso al traffico motorizzato, pensato per tutti gli amanti <a class=\"dt-pswp-item\" href=\"http:\/\/www.radiopiu.net\/wordpress\/wp-content\/uploads\/2019\/03\/Dolomites-Bike-Day_Valparola-_-freddy-planinschek-_3_-min.jpg\" data-dt-img-description=\"\" data-large_image_width=\"2016\" data-large_image_height=\"1344\"><img loading=\"lazy\" decoding=\"async\" class=\"wp-image-78632 alignright\" src=\"http:\/\/www.radiopiu.net\/wordpress\/wp-content\/uploads\/2019\/03\/Dolomites-Bike-Day_Valparola-_-freddy-planinschek-_3_-min-1024x683.jpg\" alt=\"\" width=\"218\" height=\"145\" srcset=\"https:\/\/www.radiopiu.net\/wordpress\/wp-content\/uploads\/2019\/03\/Dolomites-Bike-Day_Valparola-_-freddy-planinschek-_3_-min-1024x683.jpg 1024w, https:\/\/www.radiopiu.net\/wordpress\/wp-content\/uploads\/2019\/03\/Dolomites-Bike-Day_Valparola-_-freddy-planinschek-_3_-min-300x200.jpg 300w, https:\/\/www.radiopiu.net\/wordpress\/wp-content\/uploads\/2019\/03\/Dolomites-Bike-Day_Valparola-_-freddy-planinschek-_3_-min-768x512.jpg 768w, https:\/\/www.radiopiu.net\/wordpress\/wp-content\/uploads\/2019\/03\/Dolomites-Bike-Day_Valparola-_-freddy-planinschek-_3_-min.jpg 2016w\" sizes=\"auto, (max-width: 218px) 100vw, 218px\" \/><\/a>della bicicletta. L\u2019evento, alla sua terza edizione, in programma per domenica 16 giugno, presenta quest\u2019anno un\u2019importante novit\u00e0, che lo rende di fatto il bike day pi\u00f9 lungo d\u2019Europa. Grazie all\u2019impegno ed alla lungimiranza dei Sindaci di Livinallongo del Col di Lana, Rocca Pietore e Canazei, oltre ai loro colleghi di Corvara e Badia ed alle organizzazioni turistiche delle localit\u00e0, il percorso tradizionale, che prevede il tratto Alta Badia, Arabba, Passo Falzarego e Passo Valparola, si arricchisce quest\u2019anno di un ulteriore anello di indiscusso prestigio. Il percorso complessivo, chiuso al traffico motorizzato dalle\u00a0 9 alle 15 raggiunge pertanto i 108km complessivi, grazie all\u2019aggiunta dell\u2019anello Arabba, Passo Pordoi, Canazei, Passo Fedaia ed il rientro ad Arabba.<\/p>\n<p>&nbsp;<\/p>\n<p>&nbsp;<\/p>\n<blockquote><p><strong>SAN TOMASO <\/strong>L&#8217;incontro con la popolazione e con i cittadini che hanno subito danni boschivi: oggi alle 17 in Sala Giovani, localit\u00e0 Pian. Saranno esposte le modalit\u00e0 di un eventuale recupero della massa legnosa<\/p><\/blockquote>\n<p>&nbsp;<\/p>\n<p>&nbsp;<\/p>\n<h3><\/h3>\n<h3>PIANO DI SVILUPPO BILANCIO, RIFIUTI E REGOLAMENTI, LUNEDI IN UNIONE MONTANA.<\/h3>\n<p><a class=\"dt-pswp-item\" href=\"http:\/\/www.radiopiu.net\/wordpress\/wp-content\/uploads\/2018\/12\/WhatsApp-Image-2018-12-05-at-04.50.34.jpeg\" data-dt-img-description=\"\" data-large_image_width=\"1599\" data-large_image_height=\"1200\"><img loading=\"lazy\" decoding=\"async\" class=\"wp-image-68346 alignleft\" src=\"http:\/\/www.radiopiu.net\/wordpress\/wp-content\/uploads\/2018\/12\/WhatsApp-Image-2018-12-05-at-04.50.34-1024x768.jpeg\" alt=\"\" width=\"228\" height=\"171\" srcset=\"https:\/\/www.radiopiu.net\/wordpress\/wp-content\/uploads\/2018\/12\/WhatsApp-Image-2018-12-05-at-04.50.34-1024x768.jpeg 1024w, https:\/\/www.radiopiu.net\/wordpress\/wp-content\/uploads\/2018\/12\/WhatsApp-Image-2018-12-05-at-04.50.34-300x225.jpeg 300w, https:\/\/www.radiopiu.net\/wordpress\/wp-content\/uploads\/2018\/12\/WhatsApp-Image-2018-12-05-at-04.50.34-768x576.jpeg 768w, https:\/\/www.radiopiu.net\/wordpress\/wp-content\/uploads\/2018\/12\/WhatsApp-Image-2018-12-05-at-04.50.34.jpeg 1599w\" sizes=\"auto, (max-width: 228px) 100vw, 228px\" \/><\/a><\/p>\n<p><strong>AGORDO <\/strong>Per lunedi alle 20 il presidente dell&#8217;Unione Montana Fabio Luchetta ha convocato i consiglieri per discutere questi argomenti:\u00a0 regolamento per i controlli interni: presa d\u2019atto relazione dell\u2019Unit\u00e0 di controllo; adozione Piano Pluriennale di Sviluppo;\u00a0) servizio rifiuti: approvazione piano economico finanziario e tariffe corrispettive anno 2019; approvazione nota di aggiornamento al DUP e Bilancio di previsione 2019-2021; approvazione aggiornamento dell\u2019elenco delle strade di tipo silvo-pastorale ai sensi dell\u2019art. 3 della L. R. n. 14\/1992 \u2013 Aggiornamento anno 2019; approvazione nuovo Regolamento per l\u2019utilizzo della Sala Don Ferdinando Tamis e della saletta di via IV novembre.<\/p>\n<p>&nbsp;<\/p>\n<p>&nbsp;<\/p>\n<p>&nbsp;<\/p>\n<h2>OSPEDALE DI FELTRE, ORARI AMPLIATI<\/h2>\n<p><strong>FELTRE\u00a0<\/strong> Sono stati ampliati gli orari di consegna dei referti cartacei e dell\u2019 aiuto allo scarico dei referti online nella hall dell\u2019ospedale di Feltre: tutti i giorni dalle 8 alle 20. L\u2019ampliamento degli orari consente un servizio pi\u00f9 attento ai bisogni degli utenti.<\/p>\n<p>&nbsp;<\/p>\n<p>&nbsp;<\/p>\n<p>&nbsp;<\/p>\n<h2>GIORGIO MORODER PROTAGONISTA TRA LE DOLOMITI<\/h2>\n<blockquote><p><em>Il 7 aprile a San Martino di Castrozza un dj set da Oscar a 2.200 metri di quota<\/em><\/p><\/blockquote>\n<p><a class=\"dt-pswp-item\" href=\"http:\/\/www.radiopiu.net\/wordpress\/wp-content\/uploads\/2019\/03\/692eb36e-becc-450f-bc01-09aa9c28cac0.png\" data-dt-img-description=\"\" data-large_image_width=\"2500\" data-large_image_height=\"1313\"><img loading=\"lazy\" decoding=\"async\" class=\"alignnone size-large wp-image-78622\" src=\"http:\/\/www.radiopiu.net\/wordpress\/wp-content\/uploads\/2019\/03\/692eb36e-becc-450f-bc01-09aa9c28cac0-1024x538.png\" alt=\"\" width=\"1024\" height=\"538\" srcset=\"https:\/\/www.radiopiu.net\/wordpress\/wp-content\/uploads\/2019\/03\/692eb36e-becc-450f-bc01-09aa9c28cac0-1024x538.png 1024w, https:\/\/www.radiopiu.net\/wordpress\/wp-content\/uploads\/2019\/03\/692eb36e-becc-450f-bc01-09aa9c28cac0-300x158.png 300w, https:\/\/www.radiopiu.net\/wordpress\/wp-content\/uploads\/2019\/03\/692eb36e-becc-450f-bc01-09aa9c28cac0-768x403.png 768w\" sizes=\"auto, (max-width: 1024px) 100vw, 1024px\" \/><\/a><\/p>\n<p><strong>SAN MARTINO DI CASTROZZA<\/strong> Un evento unico, in un contesto unico, contraddistinto dalla presenza di una vera leggenda vivente, Giorgio Moroder. Domenica 7 aprile 2019 il celebre compositore altoatesino, vincitore di tre Premi Oscar, terr\u00e0 un dj set a quota 2.200 metri sull\u2019Alpe Tognola, a San Martino di Castrozza. Attraverso l\u2019invito ad esibirsi nella splendida cornice delle Pale di San Martino, Patrimonio Mondiale dell&#8217;Umanit\u00e0, gli organizzatori hanno voluto rendere omaggio al genio di questo straordinario artista: la sua vita, raccontata attraverso la musica che lui ha creato, in un contesto fortemente legato alle sue origini, le Dolomiti. Giorgio Moroder, oggi sicuramente cittadino del mondo, \u00e8 infatti nato a Ortisei, in Val Gardena, a pochi chilometri dal luogo che ospiter\u00e0 l&#8217;evento.<\/p>\n<p>&nbsp;<\/p>\n<p>&nbsp;<\/p>\n<p>&nbsp;<\/p>\n<h2><a class=\"dt-pswp-item\" href=\"http:\/\/www.radiopiu.net\/wordpress\/wp-content\/uploads\/2018\/09\/appuntamenti.jpeg\" data-dt-img-description=\"\" data-large_image_width=\"800\" data-large_image_height=\"100\"><img loading=\"lazy\" decoding=\"async\" class=\"alignnone wp-image-61958 size-full\" src=\"http:\/\/www.radiopiu.net\/wordpress\/wp-content\/uploads\/2018\/09\/appuntamenti.jpeg\" alt=\"\" width=\"800\" height=\"100\" srcset=\"https:\/\/www.radiopiu.net\/wordpress\/wp-content\/uploads\/2018\/09\/appuntamenti.jpeg 800w, https:\/\/www.radiopiu.net\/wordpress\/wp-content\/uploads\/2018\/09\/appuntamenti-300x38.jpeg 300w, https:\/\/www.radiopiu.net\/wordpress\/wp-content\/uploads\/2018\/09\/appuntamenti-768x96.jpeg 768w\" sizes=\"auto, (max-width: 800px) 100vw, 800px\" \/><\/a><\/h2>\n<p>&nbsp;<\/p>\n<p style=\"text-align: left;\"><strong>FELTRE<\/strong>\u00a0 Questa sera alle 20.30 nell&#8217;auditorium dell&#8217;istituto Canossiano si terr\u00e0 l&#8217;evento &#8220;Giotto e la cappella degli Scrovegni: un viaggio tra colori, sguardi, gesti e simbologie&#8221;. Una video proiezione explorer guider\u00e0 virtualmente il pubblico all&#8217;interno della Cappella degli Scrovegni rivelando i dettagli inediti delle scene giottesche e simbologiche di un linguaggio apparentemente semplice, ma profondamente eloquente. La mostra rimarr\u00e0 aperta dal 9 marzo\u00a0 al 14 aprile.<\/p>\n<p>&nbsp;<\/p>\n<p><strong>AGORDO<\/strong> Per domani la sezione agordina del Cai di Agordo organizza un&#8217;escursione con le racchette da neve o a piedi al Rifugio Citt\u00e0 di Carpi (gruppo dei Cadini di Misurina) a 2110 metri di quota. Ritrovo alle 7 presso la sezione (Municipio di Agordo), 7.15 partenza per Misurina, 9.15 inizio escursione nei presso del lago, tempo 4-5 ore, dislivello 450 metri, responsabile Fabiana Luciani. Info 380 6983040<\/p>\n<p>&nbsp;<\/p>\n<p><strong>BELLUNO<\/strong> Lunedi\u00a0 alle 18 nell&#8217;aula magna dell&#8217;Istituto Catullo di via Garibaldi per la giornata internazionale della donna interventi di Giovanna Ninni, Cristina Da Rold (giornalista), Maria Rita Gentilin (Spi Cgil Belluno) , Rossana Mungiello (consigliera di parit\u00e0 della Provincia di Belluno, Chiara Sacchet (casa dei beni comuni) . Coordina Enrico Bacchetti (direttore Isbrec), Letture e musiche Patrizia Burigo, Alice De Toni, Valentina De March, e Stefania Pillon.<\/p>\n<p>&nbsp;<\/p>\n<p><em>\u00a0<\/em><strong>BELLUNO<\/strong> Sabato 16 marzo alle 17,30 presso la Sala &#8221; Teatro&#8221; del Centro\u00a0 Congressi &#8221; Giovanni XXIII\u00b0&#8221;\u00a0 di Piazza Piloni &#8211; Belluno, si terr\u00e0 l&#8217;incontro sul tema\u00a0 &#8221; IL FASCISMO RACCONTATO DAI CORRISPONDENTI AMERICANI IN ITALIA&#8221;&#8221; Intervento di\u00a0 Mauro Canali\u00a0 gi\u00e0\u00a0 Professore\u00a0 Ordinario\u00a0 di\u00a0 Storia\u00a0 Contemporanea\u00a0\u00a0all&#8217;Universit\u00e0 di Camerino. Conduzione del docente Andrea Basile.<\/p>\n<p>&nbsp;<\/p>\n<p><a class=\"dt-pswp-item\" href=\"http:\/\/www.radiopiu.net\/wordpress\/wp-content\/uploads\/2018\/09\/sport.jpg\" data-dt-img-description=\"\" data-large_image_width=\"800\" data-large_image_height=\"100\"><img loading=\"lazy\" decoding=\"async\" class=\"alignnone wp-image-60761 size-full\" src=\"http:\/\/www.radiopiu.net\/wordpress\/wp-content\/uploads\/2018\/09\/sport.jpg\" alt=\"\" width=\"800\" height=\"100\" srcset=\"https:\/\/www.radiopiu.net\/wordpress\/wp-content\/uploads\/2018\/09\/sport.jpg 800w, https:\/\/www.radiopiu.net\/wordpress\/wp-content\/uploads\/2018\/09\/sport-300x38.jpg 300w, https:\/\/www.radiopiu.net\/wordpress\/wp-content\/uploads\/2018\/09\/sport-768x96.jpg 768w\" sizes=\"auto, (max-width: 800px) 100vw, 800px\" \/><\/a><\/p>\n<p>&nbsp;<\/p>\n<h2>GLI APPUNTAMENTI DEL FINE SETTIMANA<\/h2>\n<p><strong>DI MARCO GAZ<\/strong><\/p>\n<p>AUDIO, INTERVISTA A MANFREDI BERNARDI SULLE FINALI DEL TORNEO AGORDINO DI HOCKEY SU GHIACCIO<\/p>\n<audio class=\"wp-audio-shortcode\" id=\"audio-78620-9\" preload=\"none\" style=\"width: 100%;\" controls=\"controls\"><source type=\"audio\/mpeg\" src=\"http:\/\/www.radiopiu.net\/wordpress\/wp-content\/uploads\/2019\/03\/gr-09-sport-appuntamentihockey-agordinosci-lattebusche.mp3?_=9\" \/><a href=\"http:\/\/www.radiopiu.net\/wordpress\/wp-content\/uploads\/2019\/03\/gr-09-sport-appuntamentihockey-agordinosci-lattebusche.mp3\">http:\/\/www.radiopiu.net\/wordpress\/wp-content\/uploads\/2019\/03\/gr-09-sport-appuntamentihockey-agordinosci-lattebusche.mp3<\/a><\/audio>\n<p>&nbsp;<\/p>\n<p><strong>HOCKEY<\/strong><\/p>\n<p>Si gioca questa sera gara 2 delle semifinali playoff del campionato di hockey femminile. Al Drio Le Rive di Feltre, alle 17:30, l&#8217;Alleghe Girls prover\u00e0 a chiudere la serie contro le Torino Bulls. Con una vittoria le ragazze di Schivo strapperebbero il biglietto per la finale. In caso contrario si dovr\u00e0 ricorrere a gara 3 che, in caso di sconfitta delle agordine, \u00e8 in programma domani alle 15 ad Alleghe. Per il settore giovanile sono terminati i campionati under 19 e 17 dell&#8217;Alleghe. Nessuna partita in programma per l&#8217;under 15 e 13.<\/p>\n<p><strong>CALCIO<\/strong><\/p>\n<p>Continuano i campionati del settore giovanile dell&#8217;Agordina. La Juniores di Piergiorgio De Bastiani scende in campo oggi all&#8217;Ivano Dorigo di Agordo per scontrarsi con il Limana. Gli Allievi di Renato Orzetti giocano domani mattina alle 10, in trasferta contro il Fiori Barp. Giovanissimi di Alessandro De Lazzer in campo oggi alle 15 in trasferta contro il Limana. Domani alle 14:30, all&#8217;interno di \u201cDomenica + Sport\u201d Radio Pi\u00f9 seguir\u00e0 in diretta le partite di Agordina e Fiori Barp Mas. Per la Seconda Categoria girone R, l&#8217;Agordina gioca in casa contro il Castion. In Prima Categoria giorne G, il Fiori Barp ospita la Plavis sul campo di Mas di Sedico.<\/p>\n<p><strong>VOLLEY<\/strong><\/p>\n<p>Volley Club Agordino impegnato con l&#8217;under 16 e 14. Oggi alle 18 le ragazze di Prima Divisione under 16 giocheranno in terra trevigiana contro il Cessalto. Le pi\u00f9 giovani saranno in terra cadorina per sfidare il Cadore domani alle 16:30.<\/p>\n<p>&nbsp;<\/p>\n<p>&nbsp;<\/p>\n<h2>LA CONFERMA: SIGNOR E BERNARDI NEL CAMPIONATO ITALIANO RALLY<\/h2>\n<p><strong>DI ROBERTO BONA<\/strong><\/p>\n<audio class=\"wp-audio-shortcode\" id=\"audio-78620-10\" preload=\"none\" style=\"width: 100%;\" controls=\"controls\"><source type=\"audio\/mpeg\" src=\"http:\/\/www.radiopiu.net\/wordpress\/wp-content\/uploads\/2019\/03\/ROBERTO-1.mp3?_=10\" \/><a href=\"http:\/\/www.radiopiu.net\/wordpress\/wp-content\/uploads\/2019\/03\/ROBERTO-1.mp3\">http:\/\/www.radiopiu.net\/wordpress\/wp-content\/uploads\/2019\/03\/ROBERTO-1.mp3<\/a><\/audio>\n<p>&nbsp;<\/p>\n<p><a class=\"dt-pswp-item\" href=\"http:\/\/www.radiopiu.net\/wordpress\/wp-content\/uploads\/2019\/03\/01-Signor-Bernardi.jpg\" data-dt-img-description=\"\" data-large_image_width=\"2200\" data-large_image_height=\"1467\"><img loading=\"lazy\" decoding=\"async\" class=\"alignnone size-large wp-image-78642\" src=\"http:\/\/www.radiopiu.net\/wordpress\/wp-content\/uploads\/2019\/03\/01-Signor-Bernardi-1024x683.jpg\" alt=\"\" width=\"1024\" height=\"683\" srcset=\"https:\/\/www.radiopiu.net\/wordpress\/wp-content\/uploads\/2019\/03\/01-Signor-Bernardi-1024x683.jpg 1024w, https:\/\/www.radiopiu.net\/wordpress\/wp-content\/uploads\/2019\/03\/01-Signor-Bernardi-300x200.jpg 300w, https:\/\/www.radiopiu.net\/wordpress\/wp-content\/uploads\/2019\/03\/01-Signor-Bernardi-768x512.jpg 768w\" sizes=\"auto, (max-width: 1024px) 100vw, 1024px\" \/><\/a><\/p>\n<p>&nbsp;<\/p>\n<p>&nbsp;<\/p>\n<p>&nbsp;<\/p>\n<h2>LE FINALI DEL LATTEBUSCHE AD ALLEGHE<\/h2>\n<p>La 41.ma edizione del Circuito della neve Lattebusche proposta dal Comitato di Feltre del Centro Sportivo Italiano, in collaborazione con il Comitato Veneto ed il Comitato provinciale di Belluno, \u00e8 giunta al termine.\u00a0 Domenica 17 marzo si correr\u00e0 l&#8217;ultima prova a Alleghe, con il supporto logistico dello Sci Club Trichiana.\u00a0 Al termine della gara, durante le premiazioni, si celebreranno il Campioni Veneti del CSI 2019 oltre a decretare la Societ\u00e0 vincitrice del Circuito.<\/p>\n<p>&nbsp;<\/p>\n<p>&nbsp;<\/p>\n<p>&nbsp;<\/p>\n<h2>HOCKEY LE FINALI DELL&#8217;AGORDINO<\/h2>\n<blockquote>\n<h3>Ad Alleghe giornata dedicata all&#8217;hockey agordino, alle 20.45 la finalissima<\/h3>\n<\/blockquote>\n<p><a class=\"dt-pswp-item\" href=\"http:\/\/www.radiopiu.net\/wordpress\/wp-content\/uploads\/2019\/02\/WhatsApp-Image-2019-02-26-at-10.12.09.jpeg\" data-dt-img-description=\"\" data-large_image_width=\"1050\" data-large_image_height=\"600\"><img loading=\"lazy\" decoding=\"async\" class=\"alignnone wp-image-77598 size-full\" src=\"http:\/\/www.radiopiu.net\/wordpress\/wp-content\/uploads\/2019\/02\/WhatsApp-Image-2019-02-26-at-10.12.09.jpeg\" alt=\"\" width=\"1050\" height=\"600\" srcset=\"https:\/\/www.radiopiu.net\/wordpress\/wp-content\/uploads\/2019\/02\/WhatsApp-Image-2019-02-26-at-10.12.09.jpeg 1050w, https:\/\/www.radiopiu.net\/wordpress\/wp-content\/uploads\/2019\/02\/WhatsApp-Image-2019-02-26-at-10.12.09-300x171.jpeg 300w, https:\/\/www.radiopiu.net\/wordpress\/wp-content\/uploads\/2019\/02\/WhatsApp-Image-2019-02-26-at-10.12.09-768x439.jpeg 768w, https:\/\/www.radiopiu.net\/wordpress\/wp-content\/uploads\/2019\/02\/WhatsApp-Image-2019-02-26-at-10.12.09-1024x585.jpeg 1024w\" sizes=\"auto, (max-width: 1050px) 100vw, 1050px\" \/><\/a><\/p>\n<blockquote>\n<h3><\/h3>\n<\/blockquote>\n<h3><\/h3>\n<p><a class=\"dt-pswp-item\" href=\"http:\/\/www.radiopiu.net\/wordpress\/wp-content\/uploads\/2018\/09\/viabilita.jpeg\" data-dt-img-description=\"\" data-large_image_width=\"800\" data-large_image_height=\"100\"><img loading=\"lazy\" decoding=\"async\" class=\"alignnone size-full wp-image-61954\" src=\"http:\/\/www.radiopiu.net\/wordpress\/wp-content\/uploads\/2018\/09\/viabilita.jpeg\" alt=\"\" width=\"800\" height=\"100\" srcset=\"https:\/\/www.radiopiu.net\/wordpress\/wp-content\/uploads\/2018\/09\/viabilita.jpeg 800w, https:\/\/www.radiopiu.net\/wordpress\/wp-content\/uploads\/2018\/09\/viabilita-300x38.jpeg 300w, https:\/\/www.radiopiu.net\/wordpress\/wp-content\/uploads\/2018\/09\/viabilita-768x96.jpeg 768w\" sizes=\"auto, (max-width: 800px) 100vw, 800px\" \/><\/a><\/p>\n<p>&nbsp;<\/p>\n<p><strong>VOLTAGO<\/strong> FINO AL 5 APRILE\u00a0 tutti i giorni sabati e domeniche compresi, senso unico alternato regolato da semaforo lungo la provinciale 347 in Comune di Voltago per lavori di somma urgenza e messa in sicurezza del piano viabile.<\/p>\n<p><strong>SOSPIROLO<\/strong>\u00a0FINO AL 15 MARZO provinciale 2 della Valle del Mis chiude in localit\u00e0 Pascoli e Pian Falcina (Comune di Sospirolo) dalle 8 alle 12 e alle 13.30 alle 17.30, tutti i giorni feriali ad esclusione dei sabati, domeniche e festivi infrasettimanali. In particolare: dalle 8 alle 12 e dalle 13.30 alle 17.30 durante le lavorazioni esterne alla galleria, dalle 8 alle 17.30 nel corso delle lavorazioni in galleria. Negli altri periodi senso unico alternato regolato da impianto semaforico.<\/p>\n<p>&nbsp;<\/p>\n<p>&nbsp;<\/p>\n<h2><a class=\"dt-pswp-item\" href=\"http:\/\/www.radiopiu.net\/wordpress\/wp-content\/uploads\/2018\/09\/WhatsApp-Image-2018-09-20-at-16.04.06.jpeg\" data-dt-img-description=\"\" data-large_image_width=\"800\" data-large_image_height=\"100\"><img loading=\"lazy\" decoding=\"async\" class=\"alignnone wp-image-61378 size-full\" src=\"http:\/\/www.radiopiu.net\/wordpress\/wp-content\/uploads\/2018\/09\/WhatsApp-Image-2018-09-20-at-16.04.06.jpeg\" alt=\"\" width=\"800\" height=\"100\" srcset=\"https:\/\/www.radiopiu.net\/wordpress\/wp-content\/uploads\/2018\/09\/WhatsApp-Image-2018-09-20-at-16.04.06.jpeg 800w, https:\/\/www.radiopiu.net\/wordpress\/wp-content\/uploads\/2018\/09\/WhatsApp-Image-2018-09-20-at-16.04.06-300x38.jpeg 300w, https:\/\/www.radiopiu.net\/wordpress\/wp-content\/uploads\/2018\/09\/WhatsApp-Image-2018-09-20-at-16.04.06-768x96.jpeg 768w\" sizes=\"auto, (max-width: 800px) 100vw, 800px\" \/><\/a><\/h2>\n<p><center><b>Sabato 9<\/b><\/center><b>Tempo atteso: <\/b>Tempo abbastanza soleggiato dopo l&#8217;allontanamento della residua nuvolosit\u00e0 notturna, anche se su alcuni settori, specie nelle conche prealpine, potranno insistere nubi basse fino a met\u00e0 mattinata. Al pomeriggio nuvolosit\u00e0 alta e medio-alta in grado di velare o a tratti di mascherare il sole. Clima diurno un po&#8217; pi\u00f9 mite a tutte le quote.<br \/>\n<b>Precipitazioni: <\/b>Assenti (0%).<br \/>\n<b>Temperature: <\/b>Minime in calo, specie nelle valli, e massime in generale ripresa, con punte di 10\/12\u00b0C nei fondovalle prealpini e di 8\/10\u00b0C a 1000\/1200 m. Su Prealpi a 1500 m min 0\u00b0C max 5\u00b0C, a 2000 m min -2\u00b0C max 2\u00b0C. Su Dolomiti a 2000 m min -3\u00b0C max 2\u00b0C, a 3000 m min -9\u00b0C max -3\u00b0C.<br \/>\n<b>Venti: <\/b>Nelle valli deboli di direzione variabile; in quota deboli\/moderati da Nord-Ovest al mattino, in rinforzo fino a tesi oltre i 2400\/2500 m nel corso del pomeriggio, sempre da Nord-Ovest, a 10-20 km\/h a 2000 m, 30-45 km\/h a 3000 m.<\/p>\n<hr \/>\n<p><center><b>Domenica 10<\/b><\/center><b>Tempo atteso: <\/b>Al mattino parzialmente nuvoloso per nubi alte, anche estese; su alcuni settori prealpini non esclusi del tutto banchi di nubi basse. Al pomeriggio maggiore nuvolosit\u00e0, assieme a sporadici fiocchi di neve sulle cime dolomitiche pi\u00f9 settentrionali. Clima meno fresco per avvezione d&#8217;aria pi\u00f9 mite in quota. Atmosfera un po&#8217; ventilata in quota al pomeriggio.<br \/>\n<b>Precipitazioni: <\/b>Assenti, eccetto qualche burrasca di neve sulle cime dolomitiche pi\u00f9 settentrionali nel tardo pomeriggio\/sera (10%).<br \/>\n<b>Temperature: <\/b>In generale rialzo ovunque, specie le massime in alta quota. Sono previste punte di 12\/13\u00b0C nei fondovalle prealpini e di 9\/11\u00b0C a 1000\/1200 m. Su Prealpi a 1500 m min 4\u00b0C max 6\u00b0C, a 2000 m min 2\u00b0C max 4\u00b0C. Su Dolomiti a 2000 m min 1\u00b0C max 4\u00b0C, a 3000 m min -7\u00b0C max -2\u00b0C.<br \/>\n<b>Venti: <\/b>Nelle valli deboli di direzione variabile; in quota inizialmente moderati da Ovest, poi in rinforzo fino a tesi oltre i 2200\/2400 m, anche forti a fine pomeriggio sopra le suddette quote, sempre da Ovest, a 10-25 km\/h a 2000 m, 35-60 km\/h a 3000 m.<\/p>\n<hr \/>\n<p><center><b>Lunedi 11<\/b><\/center>Tempo discreto\/variabile con tratti soleggiati, pi\u00f9 frequenti ed ampi sulle Prealpi, ed addensamenti, pi\u00f9 presenti sulle Dolomiti, dove saranno associati a qualche rovescio burrascoso. Non escluso qualche fiocco fino sui 1000\/1100 m sui settori centro-settentrionali. Temperature in netto calo, eccetto locali aumenti per Foehn nelle valli. (Minime osservate alla sera con -6\/7\u00b0C a 1500 m, -10\/-11\u00b0C a 2000 m e -17\/-18\u00b0C a 3000 m). Intensificazione dei venti da Nord fino a tesi\/forti in quota, assieme a episodi di Foehn nelle valli.<\/p>\n<hr \/>\n<p><center><b>Martedi 12<\/b><\/center>Tempo ben soleggiato con cielo sereno, aria tersa ed ottima visibilit\u00e0. Clima assai freddo di notte con diffuse gelate, anche intense in montagna. Il freddo persister\u00e0 anche di giorno in quota, mentre il sole mitigher\u00e0 il clima diurno nelle valli. Venti moderati settentrionali in quota, inizialmente tesi a 3000 m. Previsore: R.L.Th.<\/p>\n<p>&nbsp;<\/p>\n","protected":false},"excerpt":{"rendered":"<p>A Belluno &#8211; titola oggi il Corriere delle Alpi &#8211; mancano i medici, a rischio le donazioni del sangue. Da agosto infatti l&#8217;unit\u00e0 di Medicina trasfusionale perder\u00e0 uno dei quattro professionisti e l&#8217;attivit\u00e0 \u00e8 a rischio.\u00a0 Da Agordo ad alzare la voce \u00e8 il comitato per la sanit\u00e0 nell&#8217;Agordino che chiede un assunzione di responsabilit\u00e0&hellip;<\/p>\n","protected":false},"author":1,"featured_media":78657,"comment_status":"closed","ping_status":"closed","sticky":false,"template":"","format":"standard","meta":{"_monsterinsights_skip_tracking":false,"_monsterinsights_sitenote_active":false,"_monsterinsights_sitenote_note":"","_monsterinsights_sitenote_category":0,"footnotes":""},"categories":[86],"tags":[],"class_list":["post-78620","post","type-post","status-publish","format-standard","has-post-thumbnail","hentry","category-gr","category-86","description-off"],"img_url":"https:\/\/www.radiopiu.net\/wordpress\/wp-content\/uploads\/2019\/03\/Massaro-Forum-Citt\u00e0-medie-Parma-1-2.jpeg","_links":{"self":[{"href":"https:\/\/www.radiopiu.net\/wordpress\/wp-json\/wp\/v2\/posts\/78620","targetHints":{"allow":["GET"]}}],"collection":[{"href":"https:\/\/www.radiopiu.net\/wordpress\/wp-json\/wp\/v2\/posts"}],"about":[{"href":"https:\/\/www.radiopiu.net\/wordpress\/wp-json\/wp\/v2\/types\/post"}],"author":[{"embeddable":true,"href":"https:\/\/www.radiopiu.net\/wordpress\/wp-json\/wp\/v2\/users\/1"}],"replies":[{"embeddable":true,"href":"https:\/\/www.radiopiu.net\/wordpress\/wp-json\/wp\/v2\/comments?post=78620"}],"version-history":[{"count":0,"href":"https:\/\/www.radiopiu.net\/wordpress\/wp-json\/wp\/v2\/posts\/78620\/revisions"}],"wp:featuredmedia":[{"embeddable":true,"href":"https:\/\/www.radiopiu.net\/wordpress\/wp-json\/wp\/v2\/media\/78657"}],"wp:attachment":[{"href":"https:\/\/www.radiopiu.net\/wordpress\/wp-json\/wp\/v2\/media?parent=78620"}],"wp:term":[{"taxonomy":"category","embeddable":true,"href":"https:\/\/www.radiopiu.net\/wordpress\/wp-json\/wp\/v2\/categories?post=78620"},{"taxonomy":"post_tag","embeddable":true,"href":"https:\/\/www.radiopiu.net\/wordpress\/wp-json\/wp\/v2\/tags?post=78620"}],"curies":[{"name":"wp","href":"https:\/\/api.w.org\/{rel}","templated":true}]}}