{"id":78624,"date":"2019-03-09T06:11:23","date_gmt":"2019-03-09T05:11:23","guid":{"rendered":"http:\/\/www.radiopiu.net\/wordpress\/?p=78624"},"modified":"2019-03-11T06:04:12","modified_gmt":"2019-03-11T05:04:12","slug":"essilorluxottica-solidita-crescita-redditivita-dai-risultati-2018-dividendo-oltre-i-2-euro-ad-azione","status":"publish","type":"post","link":"https:\/\/www.radiopiu.net\/wordpress\/essilorluxottica-solidita-crescita-redditivita-dai-risultati-2018-dividendo-oltre-i-2-euro-ad-azione\/","title":{"rendered":"ESSILORLUXOTTICA: SOLIDITA&#8217;, CRESCITA, REDDITIVITA&#8217; DAI RISULTATI 2018, DIVIDENDO OLTRE I 2 EURO AD AZIONE"},"content":{"rendered":"<blockquote><p><em>Fatturato +, 3,2, Utile operativo 15,9% del fatturato, Utile netto 11,6% del fatturato, Generazione di cassa 1,8 miliardi di Euro, Dividendo proposto 2.04 euro per azione<\/em><\/p>\n<p>&nbsp;<\/p><\/blockquote>\n<p><strong><a class=\"dt-pswp-item\" href=\"http:\/\/www.radiopiu.net\/wordpress\/wp-content\/uploads\/2015\/05\/20130925_luxottica.jpg\" data-dt-img-description=\"\" data-large_image_width=\"660\" data-large_image_height=\"541\"><img loading=\"lazy\" decoding=\"async\" class=\"wp-image-5539 alignleft\" src=\"http:\/\/www.radiopiu.net\/wordpress\/wp-content\/uploads\/2015\/05\/20130925_luxottica.jpg\" alt=\"\" width=\"127\" height=\"104\" \/><\/a>CHARENTON LE PONT-FRANCIA<\/strong> EssilorLuxottica conferma l\u2019obiettivo di sinergie nette a livello di utile operativo tra 420 e 600 milioni di Euro entro cinque anni.<\/p>\n<p>&nbsp;<\/p>\n<p>&nbsp;<\/p>\n<p><strong>LEONARDO DEL VECCHIO, PRESIDENTE ESECUTIVO DI ESSILORLUXOTTICA<\/strong><br \/>\n<em>\u201cSiamo orgogliosi di presentare i risultati combinati di Luxottica ed Essilor. Il contributo di Luxottica \u00e8 significativo: le vendite, la redditivit\u00e0 e il flusso di cassa sono tutti positivi al netto dell&#8217;effetto cambio. La sua semplicit\u00e0 organizzativa, lo spirito imprenditoriale e la velocit\u00e0 di esecuzione hanno continuato a dare frutti. Oggi Luxottica \u00e8 ben organizzata e pronta per il suo futuro in EssilorLuxottica. Arriviamo al processo di integrazione nel miglior modo possibile, portando con noi i marchi pi\u00f9 amati, eccellenti capacit\u00e0 operative e n\u2019organizzazione digitalizzata in ogni sua parte. Quanto abbiamo costruito continuer\u00e0 a crescere su questi punti di forza negli anni a venire. Una volta completata l\u2019integrazione con Essilor e raggiunte le sinergie che ci aspettiamo, insieme ridefiniremo un modello di servizio rivoluzionario a beneficio dei nostri partner wholesale e dei consumatori in tutto il mondo\u201d<\/em><\/p>\n<p><strong>HUBERT SAGNIERES VICE PRESIDENTE ESECUTIVO ESSILORLUXOTTICA<\/strong><br \/>\n<em>&#8220;Costituita il 1\u00b0 ottobre 2018, EssilorLuxottica ha pienamente abbracciato la sua mission di aiutare le persone a vedere meglio, vivere meglio e godere appieno della vita. Per raggiungere questo importante obiettivo, il Gruppo pu\u00f2 contare su una straordinaria performance di Essilor, che ha generato una forte crescita del business in tutte le sue divisioni nel 2018 e ha superato i suoi obiettivi di crescita per l&#8217;anno, continuando a lavorare su numerose innovazioni a beneficio dell\u2019intero settore. I risultati riflettono la vivace cultura dell&#8217;imprenditorialit\u00e0 all&#8217;interno di Essilor e la creativit\u00e0 dei suoi dipendenti, i cui interessi sono pienamente allineati a quelli degli azionisti grazie alla partecipazione azionaria dei dipendenti a tutti i livelli della societ\u00e0. Questo modello di creazione di valore faciliter\u00e0 la generazione di sinergie nel futuro e sar\u00e0 esteso a tutto il Gruppo EssilorLuxottica\u201d<\/em><\/p>\n","protected":false},"excerpt":{"rendered":"<p>Fatturato +, 3,2, Utile operativo 15,9% del fatturato, Utile netto 11,6% del fatturato, Generazione di cassa 1,8 miliardi di Euro, Dividendo proposto 2.04 euro per azione &nbsp; CHARENTON LE PONT-FRANCIA EssilorLuxottica conferma l\u2019obiettivo di sinergie nette a livello di utile operativo tra 420 e 600 milioni di Euro entro cinque anni. &nbsp; &nbsp; LEONARDO DEL&hellip;<\/p>\n","protected":false},"author":1,"featured_media":0,"comment_status":"closed","ping_status":"closed","sticky":false,"template":"","format":"standard","meta":{"_monsterinsights_skip_tracking":false,"_monsterinsights_sitenote_active":false,"_monsterinsights_sitenote_note":"","_monsterinsights_sitenote_category":0,"footnotes":""},"categories":[49],"tags":[],"class_list":["post-78624","post","type-post","status-publish","format-standard","hentry","category-news-18","category-49","description-off"],"img_url":false,"_links":{"self":[{"href":"https:\/\/www.radiopiu.net\/wordpress\/wp-json\/wp\/v2\/posts\/78624","targetHints":{"allow":["GET"]}}],"collection":[{"href":"https:\/\/www.radiopiu.net\/wordpress\/wp-json\/wp\/v2\/posts"}],"about":[{"href":"https:\/\/www.radiopiu.net\/wordpress\/wp-json\/wp\/v2\/types\/post"}],"author":[{"embeddable":true,"href":"https:\/\/www.radiopiu.net\/wordpress\/wp-json\/wp\/v2\/users\/1"}],"replies":[{"embeddable":true,"href":"https:\/\/www.radiopiu.net\/wordpress\/wp-json\/wp\/v2\/comments?post=78624"}],"version-history":[{"count":0,"href":"https:\/\/www.radiopiu.net\/wordpress\/wp-json\/wp\/v2\/posts\/78624\/revisions"}],"wp:attachment":[{"href":"https:\/\/www.radiopiu.net\/wordpress\/wp-json\/wp\/v2\/media?parent=78624"}],"wp:term":[{"taxonomy":"category","embeddable":true,"href":"https:\/\/www.radiopiu.net\/wordpress\/wp-json\/wp\/v2\/categories?post=78624"},{"taxonomy":"post_tag","embeddable":true,"href":"https:\/\/www.radiopiu.net\/wordpress\/wp-json\/wp\/v2\/tags?post=78624"}],"curies":[{"name":"wp","href":"https:\/\/api.w.org\/{rel}","templated":true}]}}