{"id":78707,"date":"2019-03-10T10:01:57","date_gmt":"2019-03-10T09:01:57","guid":{"rendered":"http:\/\/www.radiopiu.net\/wordpress\/?p=78707"},"modified":"2019-03-10T10:01:57","modified_gmt":"2019-03-10T09:01:57","slug":"le-famiglie-spendono-meno-ma-preferiscono-i-centri-commerciali-ai-piccoli-negozi","status":"publish","type":"post","link":"https:\/\/www.radiopiu.net\/wordpress\/le-famiglie-spendono-meno-ma-preferiscono-i-centri-commerciali-ai-piccoli-negozi\/","title":{"rendered":"LE FAMIGLIE SPENDONO MENO: MA PREFERISCONO I CENTRI COMMERCIALI AI PICCOLI NEGOZI"},"content":{"rendered":"<p><a class=\"dt-pswp-item\" href=\"http:\/\/www.radiopiu.net\/wordpress\/wp-content\/uploads\/2019\/03\/Schermata-2019-03-10-alle-09.56.03.png\" data-dt-img-description=\"\" data-large_image_width=\"1342\" data-large_image_height=\"508\"><img loading=\"lazy\" decoding=\"async\" class=\"alignleft wp-image-78708 size-medium\" src=\"http:\/\/www.radiopiu.net\/wordpress\/wp-content\/uploads\/2019\/03\/Schermata-2019-03-10-alle-09.56.03-300x114.png\" alt=\"\" width=\"300\" height=\"114\" srcset=\"https:\/\/www.radiopiu.net\/wordpress\/wp-content\/uploads\/2019\/03\/Schermata-2019-03-10-alle-09.56.03-300x114.png 300w, https:\/\/www.radiopiu.net\/wordpress\/wp-content\/uploads\/2019\/03\/Schermata-2019-03-10-alle-09.56.03-768x291.png 768w, https:\/\/www.radiopiu.net\/wordpress\/wp-content\/uploads\/2019\/03\/Schermata-2019-03-10-alle-09.56.03-1024x388.png 1024w, https:\/\/www.radiopiu.net\/wordpress\/wp-content\/uploads\/2019\/03\/Schermata-2019-03-10-alle-09.56.03.png 1342w\" sizes=\"auto, (max-width: 300px) 100vw, 300px\" \/><\/a>Rispetto all\u2019anno pre-crisi, segnala l\u2019Ufficio studi della CGIA, le famiglie italiane spendono meno (*). Se nel 2007 le uscite mensili medie erano pari a 2.649 euro, 10 anni dopo, sebbene dal 2013 sia in corso una lenta ripresa, la soglia si \u00e8 attestata a 2.564 euro (-3 per cento, pari in valore assoluto a -85 euro). Se al Nord (- 47 euro) e al Centro (-75 euro) le contrazioni registrate sono al di sotto della media nazionale, preoccupa, invece, la situazione del Sud. Negli ultimi 10 anni, infatti, la spesa delle famiglie meridionali \u00e8 crollata di 170 euro (-7,7 per cento): era pari a 2.212 euro nel 2007 ed \u00e8 scesa a 2.042 euro un decennio dopo (vedi Graf. 1).<\/p>\n<p>Il calo dei consumi, purtroppo, ha provocato degli effetti molto negativi anche sui fatturati delle piccole attivit\u00e0 commerciali e artigianali.<\/p>\n<p>\u201cI negozi di prossimit\u00e0 e le botteghe artigiane &#8211; afferma il coordinatore dell\u2019Ufficio studi Paolo Zabeo &#8211; vivono quasi esclusivamente dei consumi delle famiglie e sebbene negli ultimi anni i consumi siano tornati lentamente a salire, i benefici di questa ripresa hanno interessato quasi esclusivamente la grande distribuzione organizzata. Dal 2007 al 2018, ad esempio, il valore delle vendite al dettaglio nell\u2019artigianato e i nei piccoli negozi di vicinato \u00e8 crollato del 14,5 per cento; nella grande distribuzione, invece, \u00e8 aumentato del 6,5 per cento.<\/p>\n<p><a class=\"dt-pswp-item\" href=\"http:\/\/www.radiopiu.net\/wordpress\/wp-content\/uploads\/2019\/03\/Schermata-2019-03-10-alle-09.56.30.png\" data-dt-img-description=\"\" data-large_image_width=\"1236\" data-large_image_height=\"928\"><img loading=\"lazy\" decoding=\"async\" class=\"alignleft wp-image-78709 size-medium\" src=\"http:\/\/www.radiopiu.net\/wordpress\/wp-content\/uploads\/2019\/03\/Schermata-2019-03-10-alle-09.56.30-300x225.png\" alt=\"\" width=\"300\" height=\"225\" srcset=\"https:\/\/www.radiopiu.net\/wordpress\/wp-content\/uploads\/2019\/03\/Schermata-2019-03-10-alle-09.56.30-300x225.png 300w, https:\/\/www.radiopiu.net\/wordpress\/wp-content\/uploads\/2019\/03\/Schermata-2019-03-10-alle-09.56.30-768x577.png 768w, https:\/\/www.radiopiu.net\/wordpress\/wp-content\/uploads\/2019\/03\/Schermata-2019-03-10-alle-09.56.30-1024x769.png 1024w, https:\/\/www.radiopiu.net\/wordpress\/wp-content\/uploads\/2019\/03\/Schermata-2019-03-10-alle-09.56.30.png 1236w\" sizes=\"auto, (max-width: 300px) 100vw, 300px\" \/><\/a>(*) le uscite mensili si riferiscono al pagamento delle bollette, dell\u2019acquisto di beni (alimentari e non) e di servizi (sanit\u00e0, trasporti, alberghi, ristoranti)<br \/>\nNonostante la diffusione sempre pi\u00f9 massiccia dell\u2019 e-commerce, questo trend \u00e8 proseguito anche nel 2018: mentre nei supermercati, nei discount e nei grandi magazzini le vendite sono aumentate dello 0,9 per cento, nei piccoli negozi la diminuzione \u00e8 stata dell\u2019 1,3 per cento\u201d (vedi Tab. 1) (vedi Graf. 2).<\/p>\n<p>\u201cCon le tasse in aumento e con una platea di servizi erogati dal pubblico che negli ultimi anni \u00e8 diminuita sia in qualit\u00e0 sia in quantit\u00e0 \u2013 segnala il segretario Renato Mason \u2013 si sono sacrificati i consumi e gli investimenti. Inoltre, \u00e8 diventato sempre pi\u00f9\u00a0 difficile fare impresa e redistribuire la ricchezza. Alle piccole e piccolissime imprese, in particolar modo, il calo dei consumi delle famiglie ha creato non pochi problemi finanziari, costringendo molte partite Iva\u00a0 a chiudere i battenti\u201d.<\/p>\n<p>Se nell\u2019ultimo decennio (2007-2018) i consumi delle famiglie per funzione principale hanno visto i beni crollare del 10,4 per cento, le spese per i servizi, invece, sono aumentate del 6,9 per cento. Tra i beni, quelli pi\u00f9 penalizzati dalle scelte d\u2019acquisto sono stati i non durevoli che sono scesi del 12,8 per cento. I beni durevoli hanno registrato una diminuzione del 5,5 per cento, mentre i beni semidurevoli sono scesi del 5,1 per cento.<\/p>\n<p>Analizzando le singole voci, le pi\u00f9 penalizzate sono state i trasporti (-15 per cento), le bevande alcoliche (-13,4 per cento) e l\u2019arredamento (-10,5 per cento). Segno positivo, in particolare, per alberghi\/ristoranti (+8,2 per cento) e le comunicazioni (+17,9 per cento).<\/p>\n<p>Nel 2018, invece, sia la vendita di beni sia quella di servizi \u00e8 aumentata, rispetto al 2017, dello 0,7 per cento. Le uniche voci precedute da segno negativo sono state gli alimentari (-0,1 per cento), la sanit\u00e0 (-0,6 per cento) e le bevande alcoliche (-1,4 per cento).<\/p>\n<p><a class=\"dt-pswp-item\" href=\"http:\/\/www.radiopiu.net\/wordpress\/wp-content\/uploads\/2019\/03\/Schermata-2019-03-10-alle-09.57.03.png\" data-dt-img-description=\"\" data-large_image_width=\"1280\" data-large_image_height=\"1084\"><img loading=\"lazy\" decoding=\"async\" class=\"alignleft wp-image-78710 size-medium\" src=\"http:\/\/www.radiopiu.net\/wordpress\/wp-content\/uploads\/2019\/03\/Schermata-2019-03-10-alle-09.57.03-300x254.png\" alt=\"\" width=\"300\" height=\"254\" srcset=\"https:\/\/www.radiopiu.net\/wordpress\/wp-content\/uploads\/2019\/03\/Schermata-2019-03-10-alle-09.57.03-300x254.png 300w, https:\/\/www.radiopiu.net\/wordpress\/wp-content\/uploads\/2019\/03\/Schermata-2019-03-10-alle-09.57.03-768x650.png 768w, https:\/\/www.radiopiu.net\/wordpress\/wp-content\/uploads\/2019\/03\/Schermata-2019-03-10-alle-09.57.03-1024x867.png 1024w, https:\/\/www.radiopiu.net\/wordpress\/wp-content\/uploads\/2019\/03\/Schermata-2019-03-10-alle-09.57.03.png 1280w\" sizes=\"auto, (max-width: 300px) 100vw, 300px\" \/><\/a>La CGIA, infine, segnala che per l\u2019anno in corso c\u2019\u00e8 il pericolo che la disponibilit\u00e0 economica delle famiglie subisca una ulteriore contrazione a seguito del possibile aumento delle tasse locali. Avendo rimosso con la manovra di Bilancio 2019 il blocco delle aliquote dei tributi locali introdotto nel 2015 dall\u2019allora Governo Renzi, \u00e8 molto probabile che molti Sindaci torneranno ad innalzarle. Secondo alcune stime, degli 8.000 Comuni presenti in Italia ben l\u201981 per cento ha i margini per aumentare l\u2019Imu sulle seconde case e addirittura l\u201985 per cento per innalzare l\u2019addizionale Irpef. Non \u00e8 da escludere, inoltre, che avendo aumentato la deducibilit\u00e0 dell\u2019Imu sui capannoni, alcuni primi cittadini potrebbero essere tentati ad innalzare l\u2019aliquota di propria competenza, almeno fino alla soglia che non consente agli imprenditori di pagare di pi\u00f9 di quanto realmente fatto nel 2018.<\/p>\n<p>Va altres\u00ec segnalato che tra il 2010 e il 2017 le manovre di finanza pubblica a carico delle Autonomie locali hanno comportato una contrazione delle risorse disponibili pari a 22 miliardi di euro. I pi\u00f9 colpiti sono stati i Comuni. Se nelle casse dei Sindaci la \u201csforbiciata\u201d ha raggiunto l\u2019anno scorso gli 8,3 miliardi di euro, alle Regioni a Statuto ordinario le minori entrate si sono stabilizzate sui 7,2 miliardi. Le Province, invece, hanno subito una diminuzione delle risorse pari a 3,5 miliardi, mentre le Regioni a Statuto speciale formalmente non hanno sopportato alcuna contrazione, anche se lo Stato centrale ha imposto loro di accantonare ben 2,9 miliardi di euro.<br \/>\nE\u2019 pertanto evidente che molti Sindaci,\u00a0 a fronte dei tagli ai trasferimenti avvenuti in questi anni, se avranno la possibilit\u00e0 non si lasceranno certamente sfuggire l\u2019occasione di mettere mano alle entrate, agendo sulla leva fiscale.<\/p>\n","protected":false},"excerpt":{"rendered":"<p>Rispetto all\u2019anno pre-crisi, segnala l\u2019Ufficio studi della CGIA, le famiglie italiane spendono meno (*). Se nel 2007 le uscite mensili medie erano pari a 2.649 euro, 10 anni dopo, sebbene dal 2013 sia in corso una lenta ripresa, la soglia si \u00e8 attestata a 2.564 euro (-3 per cento, pari in valore assoluto a -85&hellip;<\/p>\n","protected":false},"author":1,"featured_media":78711,"comment_status":"closed","ping_status":"closed","sticky":false,"template":"","format":"standard","meta":{"_monsterinsights_skip_tracking":false,"_monsterinsights_sitenote_active":false,"_monsterinsights_sitenote_note":"","_monsterinsights_sitenote_category":0,"footnotes":""},"categories":[49],"tags":[],"class_list":["post-78707","post","type-post","status-publish","format-standard","has-post-thumbnail","hentry","category-news-18","category-49","description-off"],"img_url":"https:\/\/www.radiopiu.net\/wordpress\/wp-content\/uploads\/2019\/03\/family-2923690_1280.jpg","_links":{"self":[{"href":"https:\/\/www.radiopiu.net\/wordpress\/wp-json\/wp\/v2\/posts\/78707","targetHints":{"allow":["GET"]}}],"collection":[{"href":"https:\/\/www.radiopiu.net\/wordpress\/wp-json\/wp\/v2\/posts"}],"about":[{"href":"https:\/\/www.radiopiu.net\/wordpress\/wp-json\/wp\/v2\/types\/post"}],"author":[{"embeddable":true,"href":"https:\/\/www.radiopiu.net\/wordpress\/wp-json\/wp\/v2\/users\/1"}],"replies":[{"embeddable":true,"href":"https:\/\/www.radiopiu.net\/wordpress\/wp-json\/wp\/v2\/comments?post=78707"}],"version-history":[{"count":0,"href":"https:\/\/www.radiopiu.net\/wordpress\/wp-json\/wp\/v2\/posts\/78707\/revisions"}],"wp:featuredmedia":[{"embeddable":true,"href":"https:\/\/www.radiopiu.net\/wordpress\/wp-json\/wp\/v2\/media\/78711"}],"wp:attachment":[{"href":"https:\/\/www.radiopiu.net\/wordpress\/wp-json\/wp\/v2\/media?parent=78707"}],"wp:term":[{"taxonomy":"category","embeddable":true,"href":"https:\/\/www.radiopiu.net\/wordpress\/wp-json\/wp\/v2\/categories?post=78707"},{"taxonomy":"post_tag","embeddable":true,"href":"https:\/\/www.radiopiu.net\/wordpress\/wp-json\/wp\/v2\/tags?post=78707"}],"curies":[{"name":"wp","href":"https:\/\/api.w.org\/{rel}","templated":true}]}}