{"id":78751,"date":"2019-03-10T19:45:07","date_gmt":"2019-03-10T18:45:07","guid":{"rendered":"http:\/\/www.radiopiu.net\/wordpress\/?p=78751"},"modified":"2019-03-11T06:07:59","modified_gmt":"2019-03-11T05:07:59","slug":"meteo-da-domani-stato-di-attenzione-nel-veneto-per-forte-vento","status":"publish","type":"post","link":"https:\/\/www.radiopiu.net\/wordpress\/meteo-da-domani-stato-di-attenzione-nel-veneto-per-forte-vento\/","title":{"rendered":"STATO DI ATTENZIONE NEL VENETO PER FORTE VENTO"},"content":{"rendered":"<p>In riferimento alla situazione meteorologica attesa sul territorio regionale, come da avviso emesso oggi alle ore 13:00, il Centro Funzionale Decentrato, al fine di garantire un monitoraggio costante della situazione e la massima prontezza operativa del Sistema Regionale di Protezione Civile, dichiara per forte vento, su tutta la regione, la fase operativa di attenzione (da riconfigurare, a livello locale, in fase di preallarme o allarme a seconda dell\u2019intensit\u00e0 del vento), nella giornata di luned\u00ec 11 e nella mattinata di marted\u00ec 12 marzo.<\/p>\n<p>Queste le previsioni meteo: \u201ctra luned\u00ec 11 e il mattino di marted\u00ec 12, venti forti settentrionali in quota, a tratti anche nelle valli e in pianura specie nel pomeriggio\/sera di luned\u00ec. Possibili raffiche di Foehn nelle valli e sulla pedemontana e rinforzi in occasione di eventuali rovesci\/temporali in pianura\u201d.<\/p>\n","protected":false},"excerpt":{"rendered":"<p>In riferimento alla situazione meteorologica attesa sul territorio regionale, come da avviso emesso oggi alle ore 13:00, il Centro Funzionale Decentrato, al fine di garantire un monitoraggio costante della situazione e la massima prontezza operativa del Sistema Regionale di Protezione Civile, dichiara per forte vento, su tutta la regione, la fase operativa di attenzione (da&hellip;<\/p>\n","protected":false},"author":1,"featured_media":78752,"comment_status":"closed","ping_status":"closed","sticky":false,"template":"","format":"standard","meta":{"_monsterinsights_skip_tracking":false,"_monsterinsights_sitenote_active":false,"_monsterinsights_sitenote_note":"","_monsterinsights_sitenote_category":0,"footnotes":""},"categories":[49],"tags":[],"class_list":["post-78751","post","type-post","status-publish","format-standard","has-post-thumbnail","hentry","category-news-18","category-49","description-off"],"img_url":"https:\/\/www.radiopiu.net\/wordpress\/wp-content\/uploads\/2019\/03\/vento-2.jpg","_links":{"self":[{"href":"https:\/\/www.radiopiu.net\/wordpress\/wp-json\/wp\/v2\/posts\/78751","targetHints":{"allow":["GET"]}}],"collection":[{"href":"https:\/\/www.radiopiu.net\/wordpress\/wp-json\/wp\/v2\/posts"}],"about":[{"href":"https:\/\/www.radiopiu.net\/wordpress\/wp-json\/wp\/v2\/types\/post"}],"author":[{"embeddable":true,"href":"https:\/\/www.radiopiu.net\/wordpress\/wp-json\/wp\/v2\/users\/1"}],"replies":[{"embeddable":true,"href":"https:\/\/www.radiopiu.net\/wordpress\/wp-json\/wp\/v2\/comments?post=78751"}],"version-history":[{"count":0,"href":"https:\/\/www.radiopiu.net\/wordpress\/wp-json\/wp\/v2\/posts\/78751\/revisions"}],"wp:featuredmedia":[{"embeddable":true,"href":"https:\/\/www.radiopiu.net\/wordpress\/wp-json\/wp\/v2\/media\/78752"}],"wp:attachment":[{"href":"https:\/\/www.radiopiu.net\/wordpress\/wp-json\/wp\/v2\/media?parent=78751"}],"wp:term":[{"taxonomy":"category","embeddable":true,"href":"https:\/\/www.radiopiu.net\/wordpress\/wp-json\/wp\/v2\/categories?post=78751"},{"taxonomy":"post_tag","embeddable":true,"href":"https:\/\/www.radiopiu.net\/wordpress\/wp-json\/wp\/v2\/tags?post=78751"}],"curies":[{"name":"wp","href":"https:\/\/api.w.org\/{rel}","templated":true}]}}