{"id":78818,"date":"2019-03-12T05:49:13","date_gmt":"2019-03-12T04:49:13","guid":{"rendered":"http:\/\/www.radiopiu.net\/wordpress\/?p=78818"},"modified":"2019-03-12T09:36:07","modified_gmt":"2019-03-12T08:36:07","slug":"giornale-radiopiu-12-marzo-2019-direttore-mirko-mezzacasa","status":"publish","type":"post","link":"https:\/\/www.radiopiu.net\/wordpress\/giornale-radiopiu-12-marzo-2019-direttore-mirko-mezzacasa\/","title":{"rendered":"GIORNALE RADIOPIU 12 MARZO 2019, DIRETTORE MIRKO MEZZACASA"},"content":{"rendered":"<p>Benvenuto Presidente,\u00a0 l&#8217;Agordino un po&#8217; amareggiato lo \u00e8, sperava, sopratutto credeva nella possibilit\u00e0 di ritrovare tra le Dolomiti il Presidente della Repubblica Italiana, come 36 anni fa con la visita dell&#8217;amato Sandro Pertini. Era il momento giusto dopo il maltempo di fine ottobre e che importa se il PalaLuxottica \u00e8 struttura privata, non \u00e8 forse il Cavalier Del Vecchio tra i contribuenti pi\u00f9 importanti di questo paese? Non \u00e8 forse Luxottica uno dei brand di maggior prestigio di cui si onora l&#8217;Italia? Il vicepremier<strong> Matteo Salvini\u00a0<\/strong>sostiene i Giochi olimpici 2026 a Milano-Cortina,\u00a0 lo ha confermato ieri invitando il Consiglio dei Ministri a trovare soldi pubblici &#8220;Si danno a tutti oppure a nessuno&#8221;, ha detto Salvini. Sono 17 i genitori sotto inchiesta per i vaccini e le autocertificazioni false a scuola, ne da notizia il Corriere delle Alpi informando che il procuratore Luca ha ricevuto solo il dato dell&#8217;Istituto Comprensivo di Trichiana, come dire che in provincia potrebbero essere centinaia. <strong>Luca De Carlo<\/strong> interviene sulla problematica del lupo ed invita ad aiutare gli allevatori, presentata l&#8217;interrogazione al Ministro.<\/p>\n<p><strong>CRONACA<\/strong> Terribile incendio a Vallesella di Cadore, distrutta una casa ed edificio attiguo, nessuna persona \u00e8 rimasta coinvolta, in casa non c&#8217;era nessuno. Un secondo incendio sul tetto di un condominio a <strong>Trichiana.<\/strong> Dopo 12 anni un uomo di 30 anni\u00a0 responsabile di rissa e rapina in piazza Isola \u00e8 stato arrestato e portato a<strong> Baldenich<\/strong> dove deve scontare una pena di 3 anni. Ieri a Belluno alla Cerva un pregiudicato \u00e8 stato denunciato per rifiuto di fornire le proprie generalit\u00e0 e resistenza a pubblico ufficiale, la Polizia \u00e8 intervenuta in seguito alla telefonata al 113 di un passante perch\u00e9 l&#8217;uomo (non residente a Belluno) stava picchiando la compagna. L&#8217;uomo ha pure tentato la fuga ma \u00e8 stato fermato e denunciato. (mm)<\/p>\n<p>&nbsp;<\/p>\n<p>&nbsp;<\/p>\n<p>&nbsp;<\/p>\n<p><strong><a class=\"dt-pswp-item\" href=\"http:\/\/www.radiopiu.net\/wordpress\/wp-content\/uploads\/2017\/04\/MyRadioPiu_miaidea.png\" data-dt-img-description=\"\" data-large_image_width=\"483\" data-large_image_height=\"374\"><img loading=\"lazy\" decoding=\"async\" class=\"wp-image-30709 alignleft\" src=\"http:\/\/www.radiopiu.net\/wordpress\/wp-content\/uploads\/2017\/04\/MyRadioPiu_miaidea.png\" alt=\"\" width=\"109\" height=\"84\" \/><\/a>GIOVEDI DALLE 8.30 ALLE 12 INTERRUZIONE DI ENERGIA ELETTRICA A BRIES DI AGORDO. E&#8217; INTERESSATA ANCHE LA POSTAZIONE PRINCIPALE DI RADIO PIU. DALLE 8.30 ALLE 12.00 SARANNO ATTIVE SOLO LE FREQUENZE 88.200 PER LA CONCA AGORDINA, 97.700 LUNGO LA REGIONALE 203 AGORDINA, AGORDO-BELLUNO. NEL RESTO DELLA PROVINCIA SARA&#8217; POSSIBILE ASCOLTARE RADIO PIU SOLO SUL SITO\u00a0 WWW.RADIOPIU.NET PREMENDO ASCOLTA LA RADIO.<\/strong><\/p>\n<p>&nbsp;<\/p>\n<p>&nbsp;<\/p>\n<p>&nbsp;<\/p>\n<p>&nbsp;<\/p>\n<p><strong><a class=\"dt-pswp-item\" href=\"http:\/\/www.radiopiu.net\/wordpress\/wp-content\/uploads\/2015\/06\/bimgsp.jpg\" data-dt-img-description=\"\" data-large_image_width=\"300\" data-large_image_height=\"168\"><img loading=\"lazy\" decoding=\"async\" class=\"wp-image-6703 alignleft\" src=\"http:\/\/www.radiopiu.net\/wordpress\/wp-content\/uploads\/2015\/06\/bimgsp.jpg\" alt=\"\" width=\"98\" height=\"55\" \/><\/a><\/strong><\/p>\n<div class=\"\" data-block=\"true\" data-editor=\"73nra\" data-offset-key=\"3ekvk-0-0\">\n<div data-offset-key=\"3ekvk-0-0\"><strong>FALCADE<\/strong> Per lavori alla rete idrica comunale,\u00a0 domani dalle 9 a\u00a0 fine lavori, verr\u00e0 sospesa l\u2019erogazione dell\u2019acqua a <strong>FALCADE, in LOCALITA&#8217;\u00a0 vie TRENTO e SALPIAN<\/strong>. In caso di maltempo l\u2019intervento verr\u00e0 posticipato al giorno successivo.<\/div>\n<\/div>\n<h3><\/h3>\n<p>&nbsp;<\/p>\n<p>&nbsp;<\/p>\n<h3>AGORDO IN SEGUITO AGLI EVENTI CALAMITOSI DI FINE OTTOBRE 2018, I PROPRIETARI DELLE PARTICELLE BOSCHIVE DELLA \u201cPALA LARION\u201d E \u201cSOTTO BASTER\u201d SONO CONVOCATI, PER UN SECONDO INCONTRO, VENERD\u00cc 15 MARZO 2019, ORE 20.00, PRESSO LA SALA CONSILIARE DEL MUNICIPIO.<\/h3>\n<p>&nbsp;<\/p>\n<p>&nbsp;<\/p>\n<p>&nbsp;<\/p>\n<h2>IN CADORE BRUCIANO LE CASE A TRICHIANA UN TETTO<\/h2>\n<p class=\"gmail-Textbody\"><strong><a class=\"dt-pswp-item\" href=\"http:\/\/www.radiopiu.net\/wordpress\/wp-content\/uploads\/2019\/03\/vallesella_2019-03-11_18-19-05.jpg\" data-dt-img-description=\"\" data-large_image_width=\"1280\" data-large_image_height=\"960\"><img loading=\"lazy\" decoding=\"async\" class=\"alignnone size-large wp-image-78850\" src=\"http:\/\/www.radiopiu.net\/wordpress\/wp-content\/uploads\/2019\/03\/vallesella_2019-03-11_18-19-05-1024x768.jpg\" alt=\"\" width=\"1024\" height=\"768\" srcset=\"https:\/\/www.radiopiu.net\/wordpress\/wp-content\/uploads\/2019\/03\/vallesella_2019-03-11_18-19-05-1024x768.jpg 1024w, https:\/\/www.radiopiu.net\/wordpress\/wp-content\/uploads\/2019\/03\/vallesella_2019-03-11_18-19-05-300x225.jpg 300w, https:\/\/www.radiopiu.net\/wordpress\/wp-content\/uploads\/2019\/03\/vallesella_2019-03-11_18-19-05-768x576.jpg 768w, https:\/\/www.radiopiu.net\/wordpress\/wp-content\/uploads\/2019\/03\/vallesella_2019-03-11_18-19-05.jpg 1280w\" sizes=\"auto, (max-width: 1024px) 100vw, 1024px\" \/><\/a>VALLESELLA<\/strong> Notevole impegno nel pomeriggio di ieri\u00a0 dei vigili del fuoco a Vallesella a Domegge di Cadore per un incendio che ha coinvolto due edifici attigui. Nessuna persona \u00e8 rimasta coinvolta. I pompieri accorsi con dodici automezzi dai distaccamenti permanenti e volontari, sono riusciti a circoscrivere le fiamme alle solo due costruzioni, evitando il coinvolgimento delle altre vicine abitazioni e del bosco limitrofo. Le operazioni di spegnimento sono state rese molto difficoltose dalle forti raffiche di vento. Sono poi proseguite\u00a0 le operazioni di raffreddamento e controllo per scongiurare eventuali focolai. Le cause dell\u2019incendio sono in fase di valutazione.<\/p>\n<p class=\"gmail-Textbody\"><strong><a class=\"dt-pswp-item\" href=\"http:\/\/www.radiopiu.net\/wordpress\/wp-content\/uploads\/2019\/03\/trichiana1.jpg\" data-dt-img-description=\"\" data-large_image_width=\"959\" data-large_image_height=\"1280\"><img loading=\"lazy\" decoding=\"async\" class=\"alignnone size-large wp-image-78849\" src=\"http:\/\/www.radiopiu.net\/wordpress\/wp-content\/uploads\/2019\/03\/trichiana1-767x1024.jpg\" alt=\"\" width=\"767\" height=\"1024\" srcset=\"https:\/\/www.radiopiu.net\/wordpress\/wp-content\/uploads\/2019\/03\/trichiana1-767x1024.jpg 767w, https:\/\/www.radiopiu.net\/wordpress\/wp-content\/uploads\/2019\/03\/trichiana1-225x300.jpg 225w, https:\/\/www.radiopiu.net\/wordpress\/wp-content\/uploads\/2019\/03\/trichiana1-768x1025.jpg 768w, https:\/\/www.radiopiu.net\/wordpress\/wp-content\/uploads\/2019\/03\/trichiana1.jpg 959w\" sizes=\"auto, (max-width: 767px) 100vw, 767px\" \/><\/a>TRICHIANA<\/strong> Un secondo incendio \u00e8 divampato alle 15 30 nella frazione di Castelfidardo a Trichiana, interessando il tetto di un piccolo condominio. Le squadre dei pompieri accorse da Belluno e Feltre con sei automezzi, \u00a0sono riusciti a contenere \u00a0e spegnere le fiamme, evitando il coinvolgimento dell\u2019intero stabile. Le cause dell\u2019incendio probabilmente innescate da una canna fumaria sono al vaglio dei vigili del fuoco.<\/p>\n<p>&nbsp;<\/p>\n<p>&nbsp;<\/p>\n<p>&nbsp;<\/p>\n<h2>OSPEDALE DI AGORDO, IL PUNTO CON SISTO DA ROIT.\u00a0 DOPO LE CRITICHE DEL COMITATO SANITA&#8217; AGORDINO E DEL SINDACO LEANDRO GRONES<\/h2>\n<p><a class=\"dt-pswp-item\" href=\"http:\/\/www.radiopiu.net\/wordpress\/wp-content\/uploads\/2019\/01\/SISTO.jpg\" data-dt-img-description=\"\" data-large_image_width=\"620\" data-large_image_height=\"340\"><img loading=\"lazy\" decoding=\"async\" class=\"wp-image-73465 alignleft\" src=\"http:\/\/www.radiopiu.net\/wordpress\/wp-content\/uploads\/2019\/01\/SISTO.jpg\" alt=\"\" width=\"186\" height=\"102\" srcset=\"https:\/\/www.radiopiu.net\/wordpress\/wp-content\/uploads\/2019\/01\/SISTO.jpg 620w, https:\/\/www.radiopiu.net\/wordpress\/wp-content\/uploads\/2019\/01\/SISTO-300x165.jpg 300w\" sizes=\"auto, (max-width: 186px) 100vw, 186px\" \/><\/a><strong>AGORDO<\/strong> Quando si parla del documento approvato dai sindaci in materia di servizi da garantire presso la struttura ospedaliera di Agordo e di ristrutturazione dell\u2019area di Pronto Soccorso, si parla di due cose diverse.<br \/>\nIl documento relativo ai servizi nacque da una sollecitazione del \u201ccomitato per l\u2019ospedale Cadore Agordino\u201d, alla quale sia gli amministratori agordini che cadorini hanno dato riscontro approvando un documento condiviso. I contenuti del documento, dopo un confronto durato 3 mesi all\u2019interno dell\u2019esecutivo ex Ulss n. 1, allargato ad alcuni componenti esterni, sindaca di Taibon Tormen , vice sindaco di Falcade Ferrini, Presidente Magnifica Comunit\u00e0 del Cadore Bortolot, e poi anche con i componenti dell\u2019ex Ulss n. 2, sono stati recepiti all\u2019interno di un documento pi\u00f9 generale riguardante l\u2019organizzazione immaginata per l\u2019intera Ulss. Il documento era stato approvato dalla Conferenza dei Sindaci in settembre e presentato dal presidente Massaro agli organismi regionali competenti. Mi preme ricordare che, il sottoscritto e la vice sindaca di Vigo di Cadore Calligaro, non solo avevano pi\u00f9 volte fatto presente la necessit\u00e0 di far presto nello stilare il documento, ma avevano preso anche una posizione pubblica in questo senso. Per quanto concerne, invece, la ristrutturazione del Pronto Soccorso, da finanziarsi con i fondi dei comuni di confine, mi limito a dire che alcuni amministratori agordini, a seguito della lettera inviata dal Presidente della provincia Padrin, hanno avuto un incontro con gli uffici provinciali e con il Direttore Generale della Azienda Sanitaria Dolomiti. I contenuti precisi dell\u2019incontro li conoscono i partecipanti alla riunione, personalmente so che, dopo l\u2019incontro, il Presidente Padrin mi ha dato l\u2019incarico di trovare una mediazione tra le posizioni al fine di sbloccare i fondi, tenuto conto che, formalmente, l\u2019iter amministrativo consentirebbe all\u2019ente provinciale la sottoscrizione della convenzione. Nel solco del mandato conferitomi sto lavorando per trovare formali assicurazioni sui servizi garantiti dalla struttura ospedaliera sperando, anche, di trovare un possibile accordo che consenta una ristrutturazione completa dell\u2019ospedale di Agordo.\u00a0 Mi sembra, pertanto, di fare la mia parte anche perch\u00e9 Agordo \u00e8 sempre stato presente mentre non si pu\u00f2 dire la stessa cosa per altri comuni.<\/p>\n<h3>DAI NOTIZIARI DI IERI E DI SABATO, LEANDRO GRONES E IL COMITATO SANITA&#8217; AGORDINO<\/h3>\n<blockquote class=\"wp-embedded-content\" data-secret=\"bEm1MZj1bF\"><p><a href=\"http:\/\/www.radiopiu.net\/wordpress\/i-sindaci-non-si-grattano-leandro-grones-risponde-al-comitato-sanita-agordino\/\">&#8220;I Sindaci non si grattano&#8221;, Leandro Grones risponde al comitato sanit\u00e0 agordino<\/a><\/p><\/blockquote>\n<p><iframe loading=\"lazy\" class=\"wp-embedded-content\" sandbox=\"allow-scripts\" security=\"restricted\" style=\"position: absolute; clip: rect(1px, 1px, 1px, 1px);\" src=\"http:\/\/www.radiopiu.net\/wordpress\/i-sindaci-non-si-grattano-leandro-grones-risponde-al-comitato-sanita-agordino\/embed\/#?secret=bEm1MZj1bF\" data-secret=\"bEm1MZj1bF\" width=\"600\" height=\"338\" title=\"&#8220;&#8220;I Sindaci non si grattano&#8221;, Leandro Grones risponde al comitato sanit\u00e0 agordino&#8221; &#8212; Radio Pi\u00f9\" frameborder=\"0\" marginwidth=\"0\" marginheight=\"0\" scrolling=\"no\"><\/iframe><\/p>\n<p>&nbsp;<\/p>\n<p>&nbsp;<\/p>\n<p>&nbsp;<\/p>\n<h3 class=\"western\"><span style=\"color: #000000;\"><b>IL PRESIDENTE ZAIA ACCOGLIE IL CAPO DELLO STATO. INSIEME NEL RICORDO DEL VAJONT E DEL MALTEMPO DI QUEST\u2019AUTUNNO.<\/b><\/span><\/h3>\n<p class=\"western\" align=\"JUSTIFY\"><strong>LONGARONE-BELLUNO<\/strong> Alle 10.30 presso il Cimitero monumentale di Fortogna, il Presidente della Regione del Veneto Luca Zaia parteciper\u00e0 all\u2019omaggio che il Presidente della Repubblica Sergio Mattarella render\u00e0 alle Vittime della tragedia del Vajont.\u00a0Alle 12.00, al Teatro Comunale di Belluno, il Presidente della Repubblica e il Presidente della Regione saranno presenti alla cerimonia in ricordo della calamit\u00e0 naturale che ha colpito il Bellunese con il maltempo di fine ottobre &#8211; inizio novembre scorsi.<\/p>\n<h2 align=\"JUSTIFY\">DAL BARD, LETTERA APERTA AL PRESIDENTE<\/h2>\n<p><em>Le scriviamo questa lettera aperta nell\u2019impossibilit\u00e0 di incontrarla direttamente durante la sua visita nella nostra Provincia. Sinceramente, avremmo preferito, dopo sedici anni dall\u2019ultima visita di un Presidente della Repubblica a Belluno, che ci fosse un momento di maggiore condivisione popolare, invece di un incontro in un teatro a numero chiuso. A questo proposito, Lei di certo sapr\u00e0 che la nostra provincia \u00e8 una delle pi\u00f9 sicure d\u2019Italia e noi bellunesi siamo gente disciplinata e lavoratrice, abituata a sopportare con pazienza le avversit\u00e0 di un ambiente magnifico, ma difficile. \u00a0Negli ultimi anni, per\u00f2, abbiamo per\u00f2 l\u2019impressione che lo Stato italiano abbia abusato di questa pazienza, dimenticandosi del nostro contributo, in termini di lavoro, ingegno ed anche vite umane, alla crescita del nostro Paese.\u00a0Siamo orgogliosi che Lei venga ad onorare i nostri morti e i nostri boschi distrutti, ma ci aspettiamo un riconoscimento di quanto lo Stato, di cui Lei oggi \u00e8 Capo, in questi anni non ha fatto per il Bellunese. Le ricordiamo la proroga del commissariamento della nostra Provincia per ben tre anni, dal 2011 al 2014, senza convocare, in spregio a tutte le leggi vigenti, elezioni democratiche, ed anche l\u2019applicazione anche alla nostra Provincia della sciagurata legge n\u00b056\/2014, che ha consegnato il nostro Ente di riferimento, a causa degli sconsiderati tagli di bilancio e della riduzione del personale, nelle mani di una Regione che ci \u00e8 matrigna, piuttosto che madre. La Regione Veneto riconosce nel suo Statuto la speciale situazione di provincia interamente montana, ma lo ha mai applicato.\u00a0 Le evidenziamo il mancato ripristino, dopo il referendum costituzionale del 4 dicembre 2016, degli organi elettivi e delle risorse della nostra Provincia, come richiesto anche dal rapporto del Congresso delle Autonomie locali del Consiglio d\u2019Europa del 26 settembre e del 17 ottobre 2017.\u00a0 Oltre a questo, non possiamo accettare i pesanti tagli al bilancio dei nostri Comuni che sono stati privati, pur essendo tutti montani e gi\u00e0 sottofinanziati prima della crisi, delle risorse minime per provvedere ai bisogni dei loro cittadini.\u00a0 Ci aspetteremmo, inoltre, fatti concreti, oltre alle promesse mai mantenute da decenni dalla politica regionale e nazionale, di riconoscere l\u2019autonomia e il diritto all\u2019autogoverno delle popolazioni alpine della Provincia di Belluno, costrette, ogni giorno, a confrontarsi con l\u2019efficienza e la disponibilit\u00e0 di mezzi e competenze delle confinanti Regioni e Province a statuto speciale.\u00a0 Vorremmo fosse riconosciuta, a nome dello Stato e del Parlamento, l\u2019inadempienza verso gli otto comuni che hanno il diritto, sulla base di referendum ai sensi dell\u2019art. 132 comma 2\u00b0 della Costituzione, di passare ad una confinante Provincia a statuto speciale. Anche se non siamo affatto contenti che delle nostre comunit\u00e0 ci abbandonino, non possiamo negare loro il diritto alla sopravvivenza.\u00a0 \u00a0Si sottolinea che le scelte del Parlamento e dei Governi della Repubblica\u00a0 hanno privato le nostre comunit\u00e0 degli strumenti per contrastare l\u2019emigrazione di migliaia di giovani e lo spopolamento delle nostre vallate, mentre continua l\u2019indifferenza verso la nostra minoranza linguistica ladina e l\u2019arrogante commiserazione con cui siamo sempre trattati. Nessuno per\u00f2 si ricorda che meno di duecentomila bellunesi contribuiscono alla ricchezza di questa nazione con un P.I.L. di 5 miliardi e 700 milioni di Euro e con un residuo fiscale di quasi un miliardo. Ogni giorno, noi vediamo i nostri confinanti Trentini e Sud-Tirolesi andare avanti, mentre noi continuiamo a scivolare indietro.\u00a0 Le ricordiamo, inoltre, che, insieme al referendum promosso dalla Regione Veneto nel 2017, c\u2019\u00e8 stato un altro contestuale referendum, organizzato dalla Provincia di Belluno, con il quale si chiede, ai sensi dell\u2019art.116 della Costituzione, maggiori risorse, competenze ed autonomia. \u00c8 inaccettabile perdere ancora tempo di fronte alla richiesta di maggior efficienza nel governo del territorio di popolazioni che contribuiscono alla ricchezza e allo sviluppo di questo Paese. Se lo Stato riceve i nostri tributi deve lasciarci competere con le autonomie speciali ai nostri confini, in Europa e nel mondo.\u00a0 \u00a0Stia pur certo, Signor Presidente, che i bellunesi continueranno ogni giorno a fare con dedizione il loro dovere, ma \u00e8 ormai inaccettabile che lo Stato italiano non faccia il proprio, riconoscendo a questa terra democrazia, competenze e risorse per un efficiente autogoverno.\u00a0\u00a0<\/em><em>Benvenuto nelle Dolomiti bellunesi, che sono un patrimonio dell\u2019Umanit\u00e0, non del Veneto.\u00a0<\/em><\/p>\n<h3>VISITA DEL PRESIDENTE MATTARELLA &#8220;CHE ZAIA PARLI DI CAMBIAMENTI CLIMATICI NON DI AUTONOMIA&#8221;<\/h3>\n<p><strong>VENEZIA<\/strong> \u201cAnzich\u00e9 di autonomia, Zaia parli dei cambiamenti climatici, vera causa dell\u2019uragano di fine ottobre, ribattezzato Vaia, che ha massacrato il Bellunese e non solo. Anche perch\u00e9 la Regione potrebbe fare molto per diminuire le emissioni climalteranti, fin da subito senza bisogno di chiedere nuove competenze\u201d. \u00c8 quanto dichiara Andrea Zanoni, consigliere del Partito Democratico che domani, con gli altri colleghi del gruppo, sar\u00e0 a Belluno in occasione della visita del presidente della Repubblica Sergio Mattarella per commemorare le vittime del maltempo di fine ottobre. Seconda tappa dopo Longarone, per rendere omaggio ai morti del Vajont. \u201cRicordi al Capo dello Stato non soltanto il referendum autonomista,\u00a0ma anche come il Veneto non stia attuando nessuna politica per contrastare i cambiamenti climatici\u201d.<\/p>\n<blockquote><p><em> I cambiamenti climatici sono una realt\u00e0 con cui fare i conti, \u2018la sfida chiave del nostro tempo\u2019 l\u2019ha definita Mattarella. E in Veneto conosciamo bene le conseguenze di questo fenomeno con il tornado del 2015 sulla Riviera del Brenta, l\u2019uragano del 2018 sul Bellunese, i lunghi periodi di siccit\u00e0, i nuovi parassiti e malattie che colpiscono il comparto agricolo. La Regione ha la possibilit\u00e0 di intervenire per combatterli con le politiche su trasporti, energia, tutela del suolo, agricoltura e zootecnia, gi\u00e0 da adesso senza che ci sia alcun trasferimento di competenze da Roma. Ma, evidentemente, non interessa granch\u00e9. <\/em><\/p><\/blockquote>\n<p>&nbsp;<\/p>\n<h2 align=\"JUSTIFY\"><\/h2>\n<p>&nbsp;<\/p>\n<p>&nbsp;<\/p>\n<blockquote><p>&nbsp;<\/p><\/blockquote>\n<h2 align=\"JUSTIFY\">ARRESTATO, DEVE SCONTARE 3 ANNI<\/h2>\n<p><strong><a class=\"dt-pswp-item\" href=\"http:\/\/www.radiopiu.net\/wordpress\/wp-content\/uploads\/2018\/10\/IMG_5363.jpeg\" data-dt-img-description=\"\" data-large_image_width=\"339\" data-large_image_height=\"245\"><img loading=\"lazy\" decoding=\"async\" class=\"wp-image-63764 alignleft\" src=\"http:\/\/www.radiopiu.net\/wordpress\/wp-content\/uploads\/2018\/10\/IMG_5363.jpeg\" alt=\"\" width=\"216\" height=\"156\" srcset=\"https:\/\/www.radiopiu.net\/wordpress\/wp-content\/uploads\/2018\/10\/IMG_5363.jpeg 339w, https:\/\/www.radiopiu.net\/wordpress\/wp-content\/uploads\/2018\/10\/IMG_5363-300x217.jpeg 300w\" sizes=\"auto, (max-width: 216px) 100vw, 216px\" \/><\/a>BELLUNO<\/strong> La Questura di Belluno ha arrestato B. M. B., cittadino marocchino classe 1988, destinatario di un ordine di esecuzione. La Squadra mobile lo ha rintracciato a Feltre presso un\u2019abitazione dove era da poco domiciliato, notificandogli un provvedimento restrittivo emesso dalla Corte d\u2019Appello di Venezia alla reclusione di 3 anni e 9 giorni, per rapina aggravata.\u00a0 I delitti per cui \u00e8 stato condannato in via definitiva riguardano episodi relativi al 2007 quando lo stesso, presso il bar Principe, si era reso protagonista unitamente ad altri connazionali di una rapina. L\u2019arrestato, con vari precedenti per reati contro la persona, contro il patrimonio e in materia di droga, gi\u00e0 destinatario di un avviso orale da parte del Questore a gennaio 2019, \u00e8 stato condotto presso la locale Casa Circondariale.<\/p>\n<p>&nbsp;<\/p>\n<p>&nbsp;<\/p>\n<h2>UNA BUONA NOTIZIA DALLA VALPE AMBIENTE: LE TARIFFE NON AUMENTERANNO.<\/h2>\n<p><a class=\"dt-pswp-item\" href=\"http:\/\/www.radiopiu.net\/wordpress\/wp-content\/uploads\/2019\/03\/WhatsApp-Image-2019-03-12-at-05.21.35.jpeg\" data-dt-img-description=\"\" data-large_image_width=\"1599\" data-large_image_height=\"1200\"><img loading=\"lazy\" decoding=\"async\" class=\"alignnone size-large wp-image-78861\" src=\"http:\/\/www.radiopiu.net\/wordpress\/wp-content\/uploads\/2019\/03\/WhatsApp-Image-2019-03-12-at-05.21.35-1024x768.jpeg\" alt=\"\" width=\"1024\" height=\"768\" srcset=\"https:\/\/www.radiopiu.net\/wordpress\/wp-content\/uploads\/2019\/03\/WhatsApp-Image-2019-03-12-at-05.21.35-1024x768.jpeg 1024w, https:\/\/www.radiopiu.net\/wordpress\/wp-content\/uploads\/2019\/03\/WhatsApp-Image-2019-03-12-at-05.21.35-300x225.jpeg 300w, https:\/\/www.radiopiu.net\/wordpress\/wp-content\/uploads\/2019\/03\/WhatsApp-Image-2019-03-12-at-05.21.35-768x576.jpeg 768w, https:\/\/www.radiopiu.net\/wordpress\/wp-content\/uploads\/2019\/03\/WhatsApp-Image-2019-03-12-at-05.21.35.jpeg 1599w\" sizes=\"auto, (max-width: 1024px) 100vw, 1024px\" \/><\/a><\/p>\n<p><strong>AGORDO<\/strong> Nessuna variazione, nessun aumento, nessuna sorpresa\u00a0 n\u00e8 per le utenze domestiche n\u00e8 per le altre. In consiglio dell&#8217;Unione Montana la Valpe presenta i dati ma anche i progetti per gli ecocentri diventati numerosi e costosi da mettere a norma, la discussione \u00e8 aperta. OGGI ALLE 15.20 E 21.10 RADIO PIU TRASMETTE L&#8217;INTERVENTO DEL DIRETTORE MICHELE RASERA E IL SUCCESSIVO DIBATTITO CON I SINDACI<\/p>\n<p><strong>DI GIANNI SANTOMASO<\/strong><\/p>\n<audio class=\"wp-audio-shortcode\" id=\"audio-78818-1\" preload=\"none\" style=\"width: 100%;\" controls=\"controls\"><source type=\"audio\/mpeg\" src=\"http:\/\/www.radiopiu.net\/wordpress\/wp-content\/uploads\/2019\/03\/GIANNI-1.mp3?_=1\" \/><a href=\"http:\/\/www.radiopiu.net\/wordpress\/wp-content\/uploads\/2019\/03\/GIANNI-1.mp3\">http:\/\/www.radiopiu.net\/wordpress\/wp-content\/uploads\/2019\/03\/GIANNI-1.mp3<\/a><\/audio>\n<p>&nbsp;<\/p>\n<p>&nbsp;<\/p>\n<p>&nbsp;<\/p>\n<h2>DATI ARPAV: DOPO LE GRANDI PIOGGE AUTUNNALI LA SICCITA&#8217;.<\/h2>\n<p><strong><a class=\"dt-pswp-item\" href=\"http:\/\/www.radiopiu.net\/wordpress\/wp-content\/uploads\/2019\/03\/bavarian-forest-3385966_960_720.jpg\" data-dt-img-description=\"\" data-large_image_width=\"960\" data-large_image_height=\"539\"><img loading=\"lazy\" decoding=\"async\" class=\"alignnone size-full wp-image-78867\" src=\"http:\/\/www.radiopiu.net\/wordpress\/wp-content\/uploads\/2019\/03\/bavarian-forest-3385966_960_720.jpg\" alt=\"\" width=\"960\" height=\"539\" srcset=\"https:\/\/www.radiopiu.net\/wordpress\/wp-content\/uploads\/2019\/03\/bavarian-forest-3385966_960_720.jpg 960w, https:\/\/www.radiopiu.net\/wordpress\/wp-content\/uploads\/2019\/03\/bavarian-forest-3385966_960_720-300x168.jpg 300w, https:\/\/www.radiopiu.net\/wordpress\/wp-content\/uploads\/2019\/03\/bavarian-forest-3385966_960_720-768x431.jpg 768w\" sizes=\"auto, (max-width: 960px) 100vw, 960px\" \/><\/a>BELLUNO<\/strong> Rapporto idrico, in cinque mesi 430 millimetri di pioggia sul Veneto, ben sotto la media. Fiumi e torrenti in deficit, anche in quota dove di neve ne \u00e8 caduta poca.<\/p>\n<p><strong>DI DAMIANO TORMEN<\/strong><\/p>\n<audio class=\"wp-audio-shortcode\" id=\"audio-78818-2\" preload=\"none\" style=\"width: 100%;\" controls=\"controls\"><source type=\"audio\/mpeg\" src=\"http:\/\/www.radiopiu.net\/wordpress\/wp-content\/uploads\/2019\/03\/DAMIANO-3.mp3?_=2\" \/><a href=\"http:\/\/www.radiopiu.net\/wordpress\/wp-content\/uploads\/2019\/03\/DAMIANO-3.mp3\">http:\/\/www.radiopiu.net\/wordpress\/wp-content\/uploads\/2019\/03\/DAMIANO-3.mp3<\/a><\/audio>\n<p>&nbsp;<\/p>\n<p>&nbsp;<\/p>\n<p>&nbsp;<\/p>\n<h3>L\u2019INCASSO DI UNO SPETTACOLO A BELLUNO DEVOLUTO PER AIUTARE LE AREE COLPITE DAL MALTEMPO<\/h3>\n<p><strong>VENEZIA<\/strong>\u00a0 \u201cArteven, la Fondazione Teatri delle Dolomiti di Belluno e il Nuovo Teatro di Napoli hanno devoluto quasi 8 mila euro per aiutare le aree della montagna veneta devastate dalla tempesta di fine ottobre, mostrando cos\u00ec grande sensibilit\u00e0 per la pesante emergenza che ha colpito la nostra regione\u201d. Con questa parole il vicepresidente Gianluca Forcolin e l\u2019assessore alla cultura e allo spettacolo Cristiano Corazzari hanno accompagnato il ringraziamento della Regione ad Arteven \u2013 Circuito Teatrale Multidisciplinare del Veneto, alla Fondazione Teatri delle Dolomiti di Belluno e al Nuovo Teatro di Napoli che hanno comunicato di aver devoluto l\u2019incasso raccolto in occasione dello spettacolo con Stefano Accorsi, dal titolo \u201cGiocando con Orlando\u201d, presso il Teatro Comunale di Belluno lo scorso 29 gennaio 2019. L\u2019iniziativa ha riscosso un grande successo con un incasso (al netto delle sole spese obbligatorie) di 7.617,72 euro versato ora sul conto corrente che la Regione del Veneto ha aperto per far confluire le donazioni. \u201cL\u2019evento \u2013 hanno sottolineato Forcolin e Corazzari \u2013 ha raccolto l\u2019invito della Regione al mondo della cultura ad organizzare manifestazioni pro-montagna. Anche da questa iniziativa giunge la conferma della vicinanza del mondo dello spettacolo ai nostri territori. Grazie quindi per la generosit\u00e0 dimostrata, che contribuir\u00e0 a finanziare interventi di sostegno alle aree colpite dagli eventi calamitosi dei mesi scorsi\u201d.<\/p>\n<p>&nbsp;<\/p>\n<h2><\/h2>\n<h2><\/h2>\n<p>&nbsp;<\/p>\n<blockquote><p>&nbsp;<\/p><\/blockquote>\n<h2>\u201cDICHIARAZIONI SALVINI BEL SEGNALE PER MILANO-CORTINA.<\/h2>\n<p><strong><a class=\"dt-pswp-item\" href=\"http:\/\/www.radiopiu.net\/wordpress\/wp-content\/uploads\/2018\/10\/OLIMPIADI-TERRAZZO.jpg\" data-dt-img-description=\"\" data-large_image_width=\"1600\" data-large_image_height=\"1067\"><img loading=\"lazy\" decoding=\"async\" class=\"wp-image-62841 alignleft\" src=\"http:\/\/www.radiopiu.net\/wordpress\/wp-content\/uploads\/2018\/10\/OLIMPIADI-TERRAZZO-1024x683.jpg\" alt=\"\" width=\"219\" height=\"146\" srcset=\"https:\/\/www.radiopiu.net\/wordpress\/wp-content\/uploads\/2018\/10\/OLIMPIADI-TERRAZZO-1024x683.jpg 1024w, https:\/\/www.radiopiu.net\/wordpress\/wp-content\/uploads\/2018\/10\/OLIMPIADI-TERRAZZO-300x200.jpg 300w, https:\/\/www.radiopiu.net\/wordpress\/wp-content\/uploads\/2018\/10\/OLIMPIADI-TERRAZZO-768x512.jpg 768w, https:\/\/www.radiopiu.net\/wordpress\/wp-content\/uploads\/2018\/10\/OLIMPIADI-TERRAZZO.jpg 1600w\" sizes=\"auto, (max-width: 219px) 100vw, 219px\" \/><\/a>VENEZIA\u00a0<\/strong> \u201cLe dichiarazioni rilasciate dal Ministro Salvini oggi a Bergamo sono un bel segnale in direzione delle Olimpiadi di Milano-Cortina 2026. Per vincere la candidatura \u00e8 infatti fondamentale che il Governo italiano ci sia a pieno titolo\u201d. Lo dice il Presidente della Regione del Veneto, Luca Zaia, commentando le dichiarazioni del Ministro dell\u2019Interno Matteo Salvini che, parlando a margine del Comitato provinciale Ordine e Sicurezza a Bergamo, si \u00e8 detto favorevole al reperimento di fondi da parte del Governo per sostenere la candidatura alle Olimpiadi Invernali 2026, dopo che Palazzo Chigi si \u00e8 impegnato per il sostegno alla candidatura di Torino a ospitare le finali Atp di Tennis. \u201cE\u2019 obbiettivamente vero \u2013 aggiunge Zaia \u2013 che non esistono manifestazioni di serie A e di Serie B e penso sia assolutamente corretto ci\u00f2 che dice Salvini e cio\u00e8 che, oltre all\u2019Atp di tennis, che sar\u00e0 una grande opportunit\u00e0 per Torino, il Piemonte e l\u2019Italia, parallelamente vanno sostenute le Olimpiadi, che avranno un impatto enorme sul Veneto, sulla Lombardia, ma anche sulla promozione, gli investimenti e lo sport in tutta Italia\u201d. \u201cQuesta disponibilit\u00e0 del Governo a trovare una soluzione va nella direzione da sempre auspicata \u2013 prosegue il Governatore del Veneto \u2013 e arriva in un momento cruciale, quando \u00e8 alle porte l\u2019arrivo dei valutatori del Cio, che quindi troveranno un contesto positivo anche sul fronte delle posizioni istituzionali. Le olimpiadi \u2013 conclude Zaia \u2013 si portano a casa con un buon dossier e con una squadra coesa. Questa squadra, alla luce delle dichiarazioni del Ministro dell\u2019Interno, \u00e8 sempre pi\u00f9 compatta\u201d<\/p>\n<p>&nbsp;<\/p>\n<p>&nbsp;<\/p>\n<p>&nbsp;<\/p>\n<h1>BORSA DI STUDIO ALLA ULSS1<\/h1>\n<p>e&#8217; stato indetto avviso pubblico per il conferimento di una Borsa di studio nell\u2019ambito del progetto \u201c Ricerca clinica e gruppi oncologici multidisciplinari \u201c dell&#8217;Oncologia dell\u2019ospedale di Belluno, finanziata dall\u2019Associazione Italiana contro le Leucemie, linfomi e mieloma (AIL) \u2013 sezione di Belluno. L\u2019avviso scadr\u00e0 il 26 marzo. L\u2019 Oncologia dell\u2019Ospedale di Belluno, nell\u2019ambito della valutazione prospettica dei nuovi casi di neoplasia, sta sviluppando un progetto per la raccolta dei dati nelle patologie in cui la casistica \u00e8 particolarmente ricca, utile alla pianificazione di ricerche e a migliorare il livello assistenziale. La borsa di studio, del valore lordo di 14.000 euro, \u00e8 finalizzata allo svolgimento di attivit\u00e0 di studio e ricerca nell\u2019ambito della raccolta dati e della ricerca clinica spontanea e sponsorizzata ed avr\u00e0 la durata di 12 mesi. Si tratta della prosecuzione di una precedente borsa annuale, conferita sempre grazie ad un finanziamento dell\u2019AIL, conclusasi nel maggio 2018.<\/p>\n<p>&nbsp;<\/p>\n<p>&nbsp;<\/p>\n<p>&nbsp;<\/p>\n<p>&nbsp;<\/p>\n<h2>UNA TRENTINA DI RAGAZZI AL DOPOSCUOLA FELTRINO<\/h2>\n<p>audio ASSESSORE, DEBORA NICOLETTO, DALLA RASSEGNA STAMPA LOCALE.<\/p>\n<audio class=\"wp-audio-shortcode\" id=\"audio-78818-3\" preload=\"none\" style=\"width: 100%;\" controls=\"controls\"><source type=\"audio\/mpeg\" src=\"http:\/\/www.radiopiu.net\/wordpress\/wp-content\/uploads\/2019\/03\/nicoletto.mp3?_=3\" \/><a href=\"http:\/\/www.radiopiu.net\/wordpress\/wp-content\/uploads\/2019\/03\/nicoletto.mp3\">http:\/\/www.radiopiu.net\/wordpress\/wp-content\/uploads\/2019\/03\/nicoletto.mp3<\/a><\/audio>\n<p>&nbsp;<\/p>\n<p><strong><a class=\"dt-pswp-item\" href=\"http:\/\/www.radiopiu.net\/wordpress\/wp-content\/uploads\/2019\/03\/IMG_20190310_091949.jpg\" data-dt-img-description=\"\" data-large_image_width=\"5312\" data-large_image_height=\"2988\"><img loading=\"lazy\" decoding=\"async\" class=\"wp-image-78821 alignleft\" src=\"http:\/\/www.radiopiu.net\/wordpress\/wp-content\/uploads\/2019\/03\/IMG_20190310_091949-1024x576.jpg\" alt=\"\" width=\"178\" height=\"100\" srcset=\"https:\/\/www.radiopiu.net\/wordpress\/wp-content\/uploads\/2019\/03\/IMG_20190310_091949-1024x576.jpg 1024w, https:\/\/www.radiopiu.net\/wordpress\/wp-content\/uploads\/2019\/03\/IMG_20190310_091949-300x169.jpg 300w, https:\/\/www.radiopiu.net\/wordpress\/wp-content\/uploads\/2019\/03\/IMG_20190310_091949-768x432.jpg 768w\" sizes=\"auto, (max-width: 178px) 100vw, 178px\" \/><\/a>FELTRE<\/strong> L\u2019anno scolastico 2018\/2019 ha portato con s\u00e9 un\u2019importante novit\u00e0, relativa ai &#8220;Pomeriggi al Centro Giovani&#8221;, il servizio gratuito di doposcuola pomeridiano, rivolto ai ragazzi e alle ragazze che risiedono nel Comune di Feltre e che frequentano la Scuola secondaria di 1\u00b0 grado (scuole medie). Agli alunni viene offerto supporto allo svolgimento dei compiti e un sostegno per il superamento delle difficolt\u00e0 riscontrate nelle diverse aree disciplinari, promuovendo lo sviluppo di un efficace metodo di studio. Il progetto prevede quest\u2019anno, come detto, una novit\u00e0 importante, ovvero il potenziamento del doposcuola comunale con un servizio specializzato per alunni con certificazione di DSA (Disturbi Specifici di Apprendimento). Quest&#8217;azione \u00e8 realizzata nell&#8217;ambito del progetto \u201cUna comunit\u00e0 a sostegno della famiglia\u201d, finanziato dalla Fondazione Cariverona, avente come capofila l&#8217;Azienda Ulss n. 1 Dolomiti. Il gruppo di lavoro del doposcuola, gestito dalla cooperativa Sumo, \u00e8 formato da 5 operatrici, due delle quali con pregressa formazione ed esperienza nel sostegno a ragazzi con certificazione DSA e una coordinatrice. La presenza degli operatori durante le ore di apertura del doposcuola garantisce attualmente un rapporto educatore\/destinatari pari a 1\/7, (che \u00e8 superiore al rapporto educatore\/bambino previsto dalla normativa per gli asili nido per i bambini della fascia d&#8217;et\u00e0 12-36 mesi che attualmente prevede un rapporto di 1 a 8).\u00a0 Nello specifico ad oggi i\/le ragazzi\/e iscritti al doposcuola sono 27, 8 dei quali con certificazione per i disturbi dell&#8217;apprendimento (DSA) [su 9 posti riservati da progetto] e sono suddivisi in 19 ragazzi e 8 ragazze. I\/le ragazzi\/e iscritti\/e, residenti nel Comune di Feltre, frequentano le scuole secondarie di primo grado del territorio e sono cos\u00ec distribuiti tra i vari istituti scolastici: 15 iscritti alla Scuola Secondaria di I grado Gino Rocca dell&#8217;Istituto Comprensivo di Feltre, 2 iscritti alla Scuola secondaria di primo grado Dante Alighieri dell&#8217;Istituto Comprensivo di Cesiomaggiore, 9 iscritti alla Scuola Secondaria di I grado di Pedavena e 1 iscritto Scuola Secondaria di I grado di Seren del Grappa per un totale di 10 iscritti dell&#8217;Istituto Comprensivo di Pedavena. In particolare la distribuzione tra le diverse classi \u00e8 la seguente: 14 ragazzi\/e iscritti frequentano la classe I, 5 ragazzi\/e iscritti frequentano la classe II e 8 ragazzi\/e iscritti frequentano la classe III. \u201cIl doposcuola assistito per i ragazzi feltrini che frequentano le medie ha riscontrato anche quest\u2019anno il favore delle famiglie, come dimostrano i numeri dell\u2019adesione al progetto. Il fatto che pi\u00f9 ci rende orgogliosi per\u00f2 &#8211; sottolinea l\u2019assessora alle politiche giovanili e della famiglia del Comune di Feltre Debora Nicoletto &#8211; \u00e8 aver potuto introdurre da alcuni mesi un servizio dedicato ai ragazzi con disturbi specifici di apprendimento. Grazie al lavoro attento e competente degli operatori della cooperativa Sumo, siamo cos\u00ec in grado di dare una risposta anche alle famiglie che pi\u00f9 necessitano, in questo ambito, di un accompagnamento e di un sostegno, in un\u2019ottica di autentica inclusione sociale che abbraccia anche le fasci pi\u00f9 giovani della nostra popolazione\u201d, conclude Nicoletto.<\/p>\n<p>&nbsp;<\/p>\n<p>&nbsp;<\/p>\n<p>&nbsp;<\/p>\n<p>&nbsp;<\/p>\n<p>&nbsp;<\/p>\n<p>&nbsp;<\/p>\n<h2>COOPERAZIONE NELLO SPAZIO ALPINO. DOMANI INCONTRO A VENEZIA<\/h2>\n<p><strong>VENEZIA\u00a0<\/strong> L\u2019Assessore allo Sviluppo Economico, Ricerca e Innovazione della Regione del Veneto, Roberto Marcato, aprir\u00e0 nel pomeriggio di domani a Venezia i lavori dell\u2019incontro dei referenti della Commissione Europea e della Macro-Strategia EUSALP per un confronto politico con i rappresentanti di istituzionali regionali dell\u2019arco alpino sulle future sfide e azioni che favoriscano i processi di innovazione attuati tramite le Strategie di Specializzazione Intelligente, basandosi sulle potenzialit\u00e0 di distretti produttivi, reti innovative e aggregazioni impresa-ricerca delle singole regioni.\u00a0L\u2019incontro si terr\u00e0 nell\u2019ambito degli eventi finali del progetto di Cooperazione Territoriale Spazio Alpino \u201cS3-4AlpClusters\u201d, che vede la partecipazione in qualit\u00e0 di partner sia della Regione del Veneto sia di Veneto Innovazione, agenzia regionale per l\u2019innovazione.<\/p>\n<p>&nbsp;<\/p>\n<p>&nbsp;<\/p>\n<p>&nbsp;<\/p>\n<h2>INTERROGAZIONE DI DE CARLO SUL LUPO, OGNI GIORNO UN ANIMALE PREDATO.<\/h2>\n<p><strong>AUDIO DALLA RASSEGNA STAMPA DELLE 8.05<\/strong><\/p>\n<audio class=\"wp-audio-shortcode\" id=\"audio-78818-4\" preload=\"none\" style=\"width: 100%;\" controls=\"controls\"><source type=\"audio\/mpeg\" src=\"http:\/\/www.radiopiu.net\/wordpress\/wp-content\/uploads\/2019\/03\/Luca-De-Carlo-Dichiarazione-su-dati-di-predazioni-del-lupo.mp3?_=4\" \/><a href=\"http:\/\/www.radiopiu.net\/wordpress\/wp-content\/uploads\/2019\/03\/Luca-De-Carlo-Dichiarazione-su-dati-di-predazioni-del-lupo.mp3\">http:\/\/www.radiopiu.net\/wordpress\/wp-content\/uploads\/2019\/03\/Luca-De-Carlo-Dichiarazione-su-dati-di-predazioni-del-lupo.mp3<\/a><\/audio>\n<p>&nbsp;<\/p>\n<p><a class=\"dt-pswp-item\" href=\"http:\/\/www.radiopiu.net\/wordpress\/wp-content\/uploads\/2019\/03\/DE-CARLO.jpg\" data-dt-img-description=\"\" data-large_image_width=\"471\" data-large_image_height=\"471\"><img loading=\"lazy\" decoding=\"async\" class=\"wp-image-78825 alignleft\" src=\"http:\/\/www.radiopiu.net\/wordpress\/wp-content\/uploads\/2019\/03\/DE-CARLO.jpg\" alt=\"\" width=\"138\" height=\"138\" srcset=\"https:\/\/www.radiopiu.net\/wordpress\/wp-content\/uploads\/2019\/03\/DE-CARLO.jpg 471w, https:\/\/www.radiopiu.net\/wordpress\/wp-content\/uploads\/2019\/03\/DE-CARLO-150x150.jpg 150w, https:\/\/www.radiopiu.net\/wordpress\/wp-content\/uploads\/2019\/03\/DE-CARLO-300x300.jpg 300w\" sizes=\"auto, (max-width: 138px) 100vw, 138px\" \/><\/a>Una nuova interrogazione per chiedere al Ministero dell&#8217;Ambiente quali\u00a0 sono i programmi per contrastare le predazioni del lupo e difendere gli\u00a0 agricoltori: ad annunciarla, l&#8217;onorevole di Fratelli d&#8217;Italia, Luca De\u00a0 Carlo, segretario della Commissione Agricoltura della Camera dei\u00a0 Deputati, all&#8217;indomani della diffusione dei dati sugli attacchi dei lupi\u00a0 ai danni delle produzioni zootecniche del Veneto. \u201cIn Veneto, ogni giorno, si registra un animale predato dal lupo; anche\u00a0 a Belluno il numero delle predazioni \u00e8 consistente e in crescita, dai 38\u00a0 del 2017 ai 46 dello scorso anno, senza contare le bestie fuggite e\u00a0 morte negli strapiombi o nei boschi\u201d, evidenzia De Carlo. \u201cNon mi\u00a0 schiero con chi chiede con forza l&#8217;abbattimento dei lupi, ma voglio\u00a0 difendere le attivit\u00e0 agricole, gi\u00e0 messe in difficolt\u00e0 dalla crisi\u00a0 economica, dalle difficolt\u00e0 legate al meteo, dagli alti costi di\u00a0 produzione in montagna\u201d. Ecco quindi l&#8217;interrogazione al Ministero dell&#8217;Ambiente, \u201cla seconda\u00a0 dopo che la precedente \u00e8 rimasta senza risposta, per chiedere\u00a0 l&#8217;aggiornamento del Piano Lupo: stiamo ancora parlando di una specie a\u00a0 rischio estinzione? E quali operazioni si vogliono mettere in campo per\u00a0 tutelare gli agricoltori? Sappiamo che i recinti elettrici non sono una\u00a0 soluzione proponibile per i pascoli e gli allevamenti montani, quindi\u00a0 cosa si intende fare?\u201d. \u201cC&#8217;\u00e8 uno squilibrio \u2013 sottolinea ancora De Carlo \u2013 tra questi predatori\u00a0 senza predatori e il mondo agricolo, che vive con animali domestici e\u00a0 incapaci di difendersi; il conto di questo squilibrio non pu\u00f2 essere\u00a0 pagato dagli allevatori\u201d. De Carlo chiede che vengano presi presto provvedimenti \u201cprima che\u00a0 diventi un problema serio. Quali? Non spetta a me dirlo, ma basta\u00a0 leggere i dati per capire che \u00e8 necessario intervenire per difendere un\u00a0 intero settore economico e produttivo, prima che questi dati diventino\u00a0 costanti e si confermi la crescita delle predazioni. Ribadisco: non sono\u00a0a priori per l&#8217;abbattimento dei lupi, ma non si pu\u00f2 pi\u00f9 nascondere la\u00a0 testa sotto la sabbia, \u00e8 necessario prendere posizione e trovare\u00a0 soluzioni. So che per chi vive nel salotto di citt\u00e0 questo non \u00e8 un\u00a0 problema, ma per chi conosce e vive il mondo dell&#8217;agricoltura lo \u00e8, e\u00a0 servono urgentemente risposte\u201d.<\/p>\n<p>&nbsp;<\/p>\n<p>&nbsp;<\/p>\n<p>&nbsp;<\/p>\n<h2>AI MERCOLEDI DELLA SALUTE IL COMPORTAMENTO ALIMENTARE<\/h2>\n<p><strong>FELTRE.<\/strong> In occasione della giornata nazionale per i disturbi del comportamento alimentare (15 marzo), aderendo alla campagna nazionale #coloriamocidililla, l\u2019Ulss Dolomiti ha organizzato un \u201cMercoled\u00ec della salute\u201d sul tema, in collaborazione con l\u2019Associazione Margherita. Appuntamento domani alle 180 nella sala convegni dell\u2019Ospedale di Feltre con lo psichiatra Cosimo Smiraglia, la psicologa Lia Lazzaro e la dietista Giovanna Foschini. Il distretto di Feltre aveva attivato nel marzo 2014 il Centro DCA, Centro di primo livello per il trattamento dei Disturbi del Comportamento Alimentare nel quale operano \u00e9quipe multiprofessionali, per una presa in carico precoce, multidisciplinare trasversale tra ospedale e territorio. I Disturbi del Comportamento Alimentare (DCA) comprendono un complesso di forme morbose, riassuntivo di quadri clinici d&#8217;interesse psichiatrico e internistico pi\u00f9 specificamente noti come: anoressia nervosa, bulimia nervosa, disturbi del comportamento alimentare non altrimenti specificati. I cardini organizzativi fondamentali del Centro sono la multidisciplinariet\u00e0 dell\u2019equipe, l\u2019integrazione con la medicina di famiglia e il coordinamento sotto un\u2019unica regia di gruppi di professionisti. Positiva e consolidata nel tempo anche la collaborazione con l\u2019Associazione Margherita che cura in particolare il supporto alle famiglie.<\/p>\n<p>&nbsp;<\/p>\n<p>&nbsp;<\/p>\n<p>&nbsp;<\/p>\n<h2>14 MARZO LA GIORNATA DEL RENE<\/h2>\n<p align=\"JUSTIFY\"><span style=\"font-family: Calibri, sans-serif;\"><span style=\"font-size: medium;\"><strong><a class=\"dt-pswp-item\" href=\"http:\/\/www.radiopiu.net\/wordpress\/wp-content\/uploads\/2019\/03\/14-marzo.jpg\" data-dt-img-description=\"\" data-large_image_width=\"671\" data-large_image_height=\"960\"><img loading=\"lazy\" decoding=\"async\" class=\"wp-image-78855 alignleft\" src=\"http:\/\/www.radiopiu.net\/wordpress\/wp-content\/uploads\/2019\/03\/14-marzo.jpg\" alt=\"\" width=\"206\" height=\"295\" srcset=\"https:\/\/www.radiopiu.net\/wordpress\/wp-content\/uploads\/2019\/03\/14-marzo.jpg 671w, https:\/\/www.radiopiu.net\/wordpress\/wp-content\/uploads\/2019\/03\/14-marzo-210x300.jpg 210w\" sizes=\"auto, (max-width: 206px) 100vw, 206px\" \/><\/a>BELLUNO<\/strong> Giovedi ricorrer\u00e0 la Giornata Mondiale del Rene, promossa dalla Societ\u00e0 Italiana di Nefrologia e dalla Fondazione italiana del Rene in collaborazione con la Croce Rossa Italiana, con iniziative che si terranno in tutta Italia.\u00a0<\/span><\/span><span style=\"font-size: medium; font-family: Calibri, sans-serif;\">La Nefrologia e Dialisi di Belluno aderisce a tale iniziativa, come di consuetudine negli ultimi anni.\u00a0<\/span><span style=\"font-family: Calibri, sans-serif;\"><span style=\"font-size: medium;\">La giornata ha come finalit\u00e0 l\u2019informazione alla popolazione sulla prevenzione delle patologie renali e sui fattori favorenti lo sviluppo e la progressione della malattie, nell\u2019ottica di agire sugli stili di vita e favorire lo stato di salute , nonch\u00e9 promuovere l&#8217;accesso equo e giusto alle cure , all&#8217;educazione e alla prevenzione delle malattie renali. La tematica di quest\u2019anno \u00e8 infatti: \u201c Prevenzione per tutti ovunque\u201d.\u00a0<\/span><\/span><span style=\"font-size: medium; font-family: Calibri, sans-serif;\">Il personale medico e infermieristico della\u00a0 Nefrologia e Dialisi di Belluno, in collaborazione con i volontari della Croce Rossa Italiana, con l\u2019AIDO provinciale Belluno (Associazione Italiana Donatori di Organi), l&#8217;ANED (Associazione Nazionale Emodializzati) sar\u00e0 presente, il 14 marzo con due strutture gazebo posizionate nel piazzale antistante l\u2019ospedale San Martino.\u00a0\u00a0<\/span><span style=\"font-family: Calibri, sans-serif;\"><span style=\"font-size: medium;\">A partire dalle ore 9,00 e fino alle ore 14,00 si effettueranno colloqui informativi, raccolta dati tramite questionario proposto dalla Fondazione Italiana del Rene ed\u00a0<\/span><\/span><span style=\"font-family: Calibri, sans-serif;\"><span style=\"font-size: medium;\">esecuzione stick urinario<\/span><\/span><span style=\"font-family: Calibri, sans-serif;\"><span style=\"font-size: medium;\">.\u00a0<\/span><\/span><span style=\"font-family: Calibri, sans-serif;\"><span style=\"font-size: medium;\">Un semplice esame delle urine e il dosaggio della creatinina nel sangue sono il primo passo per diagnosticare una malattia del rene. Nel caso in cui gli esami rilevino apprezzabili anomalie verr\u00e0 programmata una visita specialistica ospedaliera di secondo livello.<\/span><\/span><\/p>\n<p>&nbsp;<\/p>\n<p>&nbsp;<\/p>\n<p>&nbsp;<\/p>\n<p>&nbsp;<\/p>\n<h2>VENERDI L&#8217;OTTAVA GIORNATA NAZIONALE DEL FIOCCHETTO LILLA<\/h2>\n<p>Venerd\u00ec 15 marzo \u00e8 l\u2019ottava giornata nazionale del Fiocchetto Lilla per la sensibilizzazione sui disturbi alimentari promossa dalle associazioni di familiari di tutta Italia. A Belluno da anni opera in questo campo l\u2019Associazione Margherita Fenice con un gruppo di auto mutuo aiuto che si ritrova ogni quindici giorni. Anche quest\u2019anno vari sono stati gli aiuti ricevuti da tanti amici raccolti con un libro, un calendario, una rappresentazione teatrale, ma soprattutto il tempo e la fatica per realizzare questi eventi sono stati donati all\u2019associazione, grazie a tutti, in questo modo i progetti possono essere realizzati. A Feltre \u00e8 ripresa la collaborazione della psicologa con l\u2019ambulatorio DCA e in una scuola media \u00e8 al via un progetto di formazione per gli insegnanti. A Belluno partir\u00e0 un ciclo di incontri per i genitori delle ragazze in cura. Il \u201cProgetto Corpo\u201d studiato per ridurre i fattori di rischio di cadere in un disturbo alimentare nei ragazzi \u00e8 a disposizione di tutte le scuole medie e superiori con le psicologhe che lo propongono e i fondi dell\u2019associazione.<\/p>\n<p>&nbsp;<\/p>\n<p>&nbsp;<\/p>\n<p>&nbsp;<\/p>\n<p>&nbsp;<\/p>\n<h2 align=\"JUSTIFY\">GIOVEDI DELLA SALUTE IN ROSA<\/h2>\n<p>\u201cPercorso Rosa: incontro con il team della rete antiviolenza di Belluno\u201d , questo \u00e8 il titolo dell\u2019appuntamento che si terr\u00e0 gioved\u00ec 14 marzo presso la sala riunioni dell&#8217; Ospedale San Martino di Belluno, all&#8217;interno della rassegna &#8220;I Gioved\u00ec della Salute&#8221;. Interverranno gli specialisti che nel\u00a0 territorio hanno dato il via al Percorso Rosa, un percorso che si prefigge di aiutare sotto ogni aspetto la vittima di violenza al momento del suo arrivo in Pronto Soccorso. L&#8217;approccio dunque non \u00e8 soltanto sanitario, ma anche medico legale, psicologico, socio assistenziale. Per un fenomeno cos\u00ec complesso e con cos\u00ec tanti risvolti \u00e8 infatti necessario una collaborazione tra diverse figure che la rete si prefigge di garantire nella nostra comunit\u00e0. Interverranno Maria Laura Bisogno, Dirigente Medico Pronto Soccorso Ospedale di Belluno, Erika Leone, Medico legale dell\u2019ULSS 1, Francesca De Biasi, psicologa ospedale di Belluno, Stefania Bordin, Assistente Sociale Consultorio Familiare Belluno.\u00a0\u00a0Saranno inoltre presenti gli agenti della Squadra Mobile della Polizia di Belluno.La serata \u00e8 organizzata in collaborazione con Fidapa- Federazione Italiana Arti e Professioni Affari \u2013 BPW Italy, sez. di Belluno.<\/p>\n<p>&nbsp;<\/p>\n<p>&nbsp;<\/p>\n<p>&nbsp;<\/p>\n<p>&nbsp;<\/p>\n<h2>DOMANI ASSEMBLEA DEL PARCO NAZIONALE DOLOMITI BELLUNESI<\/h2>\n<p><strong>SEDICO<\/strong> Domani alle 17.30 nella sala dell&#8217;Ente Parco si riunisce il consiglio direttivo. Ordine del giorno:\u00a0\u201cAffidamento a Simonetta Dalla Corte delle funzioni di direzione.\u00a0\u00a0Approvazione dello schema dell\u2019accordo quadro per la costituzione del fondo da destinare alle attivit\u00e0 di coordinamento e gestione amministrativa e tecnico finanziaria della 20^ tappa di Feltre \u2013 Croce d&#8217;Aune del Giro d&#8217;Italia del 1 giugno. \u00a0Convenzione per la gestione del Centro Visitatori del Parco \u201cIl Sasso nello Stagno\u201d e del Punto Informazioni Area Pic-nic di Pian d\u2019Avena per l\u2019anno 2019.\u00a0\u00a0Approvazione dello schema di convenzione tra l\u2019Universit\u00e0 Ca\u2019 Foscari di Venezia\u00a0\u00a0per una collaborazione nei settori dell\u2019informazione scientifica, della didattica e della ricerca, finalizzata all\u2019attuazione di un progetto di ricerca dal titolo \u201cIl gatto selvatico nel Parco Nazionale Dolomiti Bellunesi: distribuzione, ecologia e linee guida per una corretta gestione della specie\u201d.<\/p>\n<p>&nbsp;<\/p>\n<p>&nbsp;<\/p>\n<p>&nbsp;<\/p>\n<p>&nbsp;<\/p>\n<h2>AL LIBRO PARLATO DI FELTRE LABORATORI PER BAMBINI E RAGAZZI CON DSA<\/h2>\n<p><a class=\"dt-pswp-item\" href=\"http:\/\/www.radiopiu.net\/wordpress\/wp-content\/uploads\/2019\/03\/libroparlato.jpg\" data-dt-img-description=\"\" data-large_image_width=\"506\" data-large_image_height=\"116\"><img loading=\"lazy\" decoding=\"async\" class=\"alignnone size-large wp-image-78679\" src=\"http:\/\/www.radiopiu.net\/wordpress\/wp-content\/uploads\/2019\/03\/libroparlato.jpg\" alt=\"\" width=\"506\" height=\"116\" srcset=\"https:\/\/www.radiopiu.net\/wordpress\/wp-content\/uploads\/2019\/03\/libroparlato.jpg 506w, https:\/\/www.radiopiu.net\/wordpress\/wp-content\/uploads\/2019\/03\/libroparlato-300x69.jpg 300w\" sizes=\"auto, (max-width: 506px) 100vw, 506px\" \/><\/a><\/p>\n<p><strong>FELTRE<\/strong><\/p>\n<p><strong>DI LUISA ALCHINI<\/strong><\/p>\n<audio class=\"wp-audio-shortcode\" id=\"audio-78818-5\" preload=\"none\" style=\"width: 100%;\" controls=\"controls\"><source type=\"audio\/mpeg\" src=\"http:\/\/www.radiopiu.net\/wordpress\/wp-content\/uploads\/2019\/03\/cilpAID.mp3?_=5\" \/><a href=\"http:\/\/www.radiopiu.net\/wordpress\/wp-content\/uploads\/2019\/03\/cilpAID.mp3\">http:\/\/www.radiopiu.net\/wordpress\/wp-content\/uploads\/2019\/03\/cilpAID.mp3<\/a><\/audio>\n<p>&nbsp;<\/p>\n<p>&nbsp;<\/p>\n<p>&nbsp;<\/p>\n<p>&nbsp;<\/p>\n<p>&nbsp;<\/p>\n<h2>PER LA RICOSTRUZIONE DEL CASTELLO DI ALBOINO<\/h2>\n<p><strong>FELTRE<\/strong>\u00a0Domani presso la sala consiliare del Comune di Feltre (BL), sar\u00e0 presentata alla stampa la consegna da parte del Conservatorio di musica \u201cAGOSTINO STEFFANI\u201d di Castelfranco Veneto (TV), promotore dell\u2019iniziativa, del ricavato del concerto natalizio di beneficenza (tenutosi al Teatro Comunale di Belluno il 19 dicembre 2018) in favore della ricostruzione del castello di Alboino, fortemente danneggiato dal maltempo lo scorso ottobre. Interverranno: Paolo Perenzin, Sindaco del Comune di Feltre Marco Perale, Assessore alla Cultura del Comune di Belluno Stefano Canazza, Direttore del Conservatorio \u201cAgostino Steffani\u201d Elisabetta Bastianon, Presidente del Conservatorio \u201cAgostino Steffani\u201d Melita Fontana, Direttrice della Scuola Comunale di Musica \u201cAntonio Miari\u201d Romano Tiozzo, Segretario Generale della Camera di Commercio Treviso e Belluno Renzo Poloni, Presidente della Fondazione Teatri delle Dolomiti<\/p>\n<p>&nbsp;<\/p>\n<p>&nbsp;<\/p>\n<p>&nbsp;<\/p>\n<p>&nbsp;<\/p>\n<p>&nbsp;<\/p>\n<h2><a class=\"dt-pswp-item\" href=\"http:\/\/www.radiopiu.net\/wordpress\/wp-content\/uploads\/2018\/09\/appuntamenti.jpeg\" data-dt-img-description=\"\" data-large_image_width=\"800\" data-large_image_height=\"100\"><img loading=\"lazy\" decoding=\"async\" class=\"alignnone wp-image-61958 size-full\" src=\"http:\/\/www.radiopiu.net\/wordpress\/wp-content\/uploads\/2018\/09\/appuntamenti.jpeg\" alt=\"\" width=\"800\" height=\"100\" srcset=\"https:\/\/www.radiopiu.net\/wordpress\/wp-content\/uploads\/2018\/09\/appuntamenti.jpeg 800w, https:\/\/www.radiopiu.net\/wordpress\/wp-content\/uploads\/2018\/09\/appuntamenti-300x38.jpeg 300w, https:\/\/www.radiopiu.net\/wordpress\/wp-content\/uploads\/2018\/09\/appuntamenti-768x96.jpeg 768w\" sizes=\"auto, (max-width: 800px) 100vw, 800px\" \/><\/a><\/h2>\n<h2><a class=\"dt-pswp-item\" href=\"http:\/\/www.radiopiu.net\/wordpress\/wp-content\/uploads\/2019\/03\/53794372_2301282659930909_534976573724426240_n.jpg\" data-dt-img-description=\"\" data-large_image_width=\"686\" data-large_image_height=\"960\"><img loading=\"lazy\" decoding=\"async\" class=\"wp-image-78829 alignleft\" src=\"http:\/\/www.radiopiu.net\/wordpress\/wp-content\/uploads\/2019\/03\/53794372_2301282659930909_534976573724426240_n.jpg\" alt=\"\" width=\"200\" height=\"280\" srcset=\"https:\/\/www.radiopiu.net\/wordpress\/wp-content\/uploads\/2019\/03\/53794372_2301282659930909_534976573724426240_n.jpg 686w, https:\/\/www.radiopiu.net\/wordpress\/wp-content\/uploads\/2019\/03\/53794372_2301282659930909_534976573724426240_n-214x300.jpg 214w\" sizes=\"auto, (max-width: 200px) 100vw, 200px\" \/><\/a><\/h2>\n<h2>GIGI SIMONI A FALCADE CON L&#8217;INTERCLUB FACCHETTI<\/h2>\n<p>Sar\u00e0 Gigi Simoni l&#8217;ospite alla cena sociale dell&#8217;InterClub Giacinto Facchetti il prossimo 13 aprile allo Sport Hotel Cristal di Falcade. Presenter\u00e0 la sua biografia dal titolo &#8220;Simoni si nasce. Tre vite per il calcio&#8221;, raccontata da Luca Camignani, Luca Tronchetti e Rudi Ghedini. La cena, dalle 20.30 \u00e8 aperta a soci, familiari, amici, simpatizzanti, prenotazioni entro l&#8217;11aprile.<\/p>\n<p>&nbsp;<\/p>\n<p>&nbsp;<\/p>\n<blockquote><p>&nbsp;<\/p><\/blockquote>\n<p>&nbsp;<\/p>\n<p>&nbsp;<\/p>\n<h1>GIOVEDI AD AGORDO<\/h1>\n<p><a class=\"dt-pswp-item\" href=\"http:\/\/www.radiopiu.net\/wordpress\/wp-content\/uploads\/2019\/03\/WhatsApp-Image-2019-03-11-at-20.53.02.jpeg\" data-dt-img-description=\"\" data-large_image_width=\"757\" data-large_image_height=\"1600\"><img loading=\"lazy\" decoding=\"async\" class=\"alignnone size-large wp-image-78872\" src=\"http:\/\/www.radiopiu.net\/wordpress\/wp-content\/uploads\/2019\/03\/WhatsApp-Image-2019-03-11-at-20.53.02-484x1024.jpeg\" alt=\"\" width=\"484\" height=\"1024\" srcset=\"https:\/\/www.radiopiu.net\/wordpress\/wp-content\/uploads\/2019\/03\/WhatsApp-Image-2019-03-11-at-20.53.02-484x1024.jpeg 484w, https:\/\/www.radiopiu.net\/wordpress\/wp-content\/uploads\/2019\/03\/WhatsApp-Image-2019-03-11-at-20.53.02-142x300.jpeg 142w, https:\/\/www.radiopiu.net\/wordpress\/wp-content\/uploads\/2019\/03\/WhatsApp-Image-2019-03-11-at-20.53.02.jpeg 757w\" sizes=\"auto, (max-width: 484px) 100vw, 484px\" \/><\/a><\/p>\n<p>&nbsp;<\/p>\n<p>&nbsp;<\/p>\n<p>&nbsp;<\/p>\n<p>&nbsp;<\/p>\n<p><strong>BELLUNO<\/strong> Sabato 16 marzo alle 17,30 presso la Sala &#8221; Teatro&#8221; del Centro\u00a0 Congressi &#8221; Giovanni XXIII\u00b0&#8221;\u00a0 di Piazza Piloni &#8211; Belluno, si terr\u00e0 l&#8217;incontro sul tema\u00a0 &#8221; IL FASCISMO RACCONTATO DAI CORRISPONDENTI AMERICANI IN ITALIA&#8221;&#8221; Intervento di\u00a0 Mauro Canali\u00a0 gi\u00e0\u00a0 Professore\u00a0 Ordinario\u00a0 di\u00a0 Storia\u00a0 Contemporanea\u00a0\u00a0all&#8217;Universit\u00e0 di Camerino. Conduzione del docente Andrea Basile.<\/p>\n<p>&nbsp;<\/p>\n<p>&nbsp;<\/p>\n<p>&nbsp;<\/p>\n<p><strong>LONGARONE<\/strong> Domenica convegno regionale di apicoltura. Gli argomenti: IL Nosema e i cambiamenti climatici nella relazione del dottor Antonio Nanetti del CRAA di Bologna. \u00a0 Se in questi ultimi anni ci sono stati spopolamenti negli alveari e la produzione di miele \u00e8 stata limitata, la probabie causa \u00e8 il Nosema.<\/p>\n<p>&nbsp;<\/p>\n<p>&nbsp;<\/p>\n<h2>VERTICAL WINTER TOUR 2019,\u00a0 INGRESSO GRATUITO<\/h2>\n<p><strong><a class=\"dt-pswp-item\" href=\"http:\/\/www.radiopiu.net\/wordpress\/wp-content\/uploads\/2019\/03\/mini_Il-Football-Freestyle-di-Swann-Ritossa-al-Vertical-Village-1.jpg\" data-dt-img-description=\"\" data-large_image_width=\"1440\" data-large_image_height=\"1080\"><img loading=\"lazy\" decoding=\"async\" class=\"wp-image-78826 alignleft\" src=\"http:\/\/www.radiopiu.net\/wordpress\/wp-content\/uploads\/2019\/03\/mini_Il-Football-Freestyle-di-Swann-Ritossa-al-Vertical-Village-1-1024x768.jpg\" alt=\"\" width=\"214\" height=\"161\" srcset=\"https:\/\/www.radiopiu.net\/wordpress\/wp-content\/uploads\/2019\/03\/mini_Il-Football-Freestyle-di-Swann-Ritossa-al-Vertical-Village-1-1024x768.jpg 1024w, https:\/\/www.radiopiu.net\/wordpress\/wp-content\/uploads\/2019\/03\/mini_Il-Football-Freestyle-di-Swann-Ritossa-al-Vertical-Village-1-300x225.jpg 300w, https:\/\/www.radiopiu.net\/wordpress\/wp-content\/uploads\/2019\/03\/mini_Il-Football-Freestyle-di-Swann-Ritossa-al-Vertical-Village-1-768x576.jpg 768w, https:\/\/www.radiopiu.net\/wordpress\/wp-content\/uploads\/2019\/03\/mini_Il-Football-Freestyle-di-Swann-Ritossa-al-Vertical-Village-1.jpg 1440w\" sizes=\"auto, (max-width: 214px) 100vw, 214px\" \/><\/a>LIVINALLONGO\u00a0\u00a0<\/strong>9 tappe italiane all\u2019insegna del divertimento sulla neve \u2013 torna anche quest\u2019inverno ad ARABBA, Il Villaggio Vacanze itinerante \u2013 che nelle sue versioni \u201cSummer\u201d e \u201cWinter\u201d attraversa l\u2019Italia due volte all\u2019anno &#8211; far\u00e0 sosta sabato 16 e domenica 17 marzo ai 2.160 m di quota di Bec de Roces (arrivo Seggiovia Campolongo) per portare 2 giornate ricche di musica, sport e animazione sulla neve. Da mattino a pomeriggio inoltrato, all\u2019interno del Village, un palinsesto di attivit\u00e0, giochi, quiz, coreografie di gruppo, degustazioni, momenti musicali e tante occasioni per aggiudicarsi esclusivi gadget e omaggi.<\/p>\n<p>&nbsp;<\/p>\n<p>&nbsp;<\/p>\n<p>&nbsp;<\/p>\n<h2><\/h2>\n<h2>OBEREGGEN ROCK AND RIDE<\/h2>\n<p><strong><a class=\"dt-pswp-item\" href=\"http:\/\/www.radiopiu.net\/wordpress\/wp-content\/uploads\/2019\/03\/rnr_xweb_obereggen_w564_h797.jpg\" data-dt-img-description=\"\" data-large_image_width=\"564\" data-large_image_height=\"797\"><img loading=\"lazy\" decoding=\"async\" class=\"wp-image-78827 alignleft\" src=\"http:\/\/www.radiopiu.net\/wordpress\/wp-content\/uploads\/2019\/03\/rnr_xweb_obereggen_w564_h797.jpg\" alt=\"\" width=\"137\" height=\"193\" srcset=\"https:\/\/www.radiopiu.net\/wordpress\/wp-content\/uploads\/2019\/03\/rnr_xweb_obereggen_w564_h797.jpg 564w, https:\/\/www.radiopiu.net\/wordpress\/wp-content\/uploads\/2019\/03\/rnr_xweb_obereggen_w564_h797-212x300.jpg 212w\" sizes=\"auto, (max-width: 137px) 100vw, 137px\" \/><\/a>OBEREGGEN<\/strong> Il 30 e 31 marzo ad Obereggen\u00a0 weekend\u00a0 che mette assieme snowboard contest, test materiali, session\u00a0di\u00a0tatuaggi gratuita\u00a0e musica live con tribute band dei Led Zeppelin.\u00a0 \u00a0Obereggen\u00a0sar\u00e0 il resort centro esclusivo di questo fine settimana fuori dal comune, con un programma\u00a0 \u201cRock and Roll\u201d \u2026 anzi \u201cRock and Ride\u201d.\u00a0 Sabato 30 marzo apertura notturna straordinaria della pista Obereggen e del Night Snowpark. Per tutta la serata si svolger\u00e0 una Free Tattoo Session completamente gratuita per chiunque voglia dipingersi un ricordo indelebile sulla pelle.<\/p>\n<p>&nbsp;<\/p>\n<p>&nbsp;<\/p>\n<p>&nbsp;<\/p>\n<p>&nbsp;<\/p>\n<p>&nbsp;<\/p>\n<p>&nbsp;<\/p>\n<p><a class=\"dt-pswp-item\" href=\"http:\/\/www.radiopiu.net\/wordpress\/wp-content\/uploads\/2018\/09\/viabilita.jpeg\" data-dt-img-description=\"\" data-large_image_width=\"800\" data-large_image_height=\"100\"><img loading=\"lazy\" decoding=\"async\" class=\"alignnone size-full wp-image-61954\" src=\"http:\/\/www.radiopiu.net\/wordpress\/wp-content\/uploads\/2018\/09\/viabilita.jpeg\" alt=\"\" width=\"800\" height=\"100\" srcset=\"https:\/\/www.radiopiu.net\/wordpress\/wp-content\/uploads\/2018\/09\/viabilita.jpeg 800w, https:\/\/www.radiopiu.net\/wordpress\/wp-content\/uploads\/2018\/09\/viabilita-300x38.jpeg 300w, https:\/\/www.radiopiu.net\/wordpress\/wp-content\/uploads\/2018\/09\/viabilita-768x96.jpeg 768w\" sizes=\"auto, (max-width: 800px) 100vw, 800px\" \/><\/a><\/p>\n<p><strong>VOLTAGO<\/strong> FINO AL 5 APRILE\u00a0 tutti i giorni sabati e domeniche compresi, senso unico alternato regolato da semaforo lungo la provinciale 347 in Comune di Voltago per lavori di somma urgenza e messa in sicurezza del piano viabile.<\/p>\n<p><strong>SOSPIROLO<\/strong>\u00a0FINO AL 15 MARZO provinciale 2 della Valle del Mis chiude in localit\u00e0 Pascoli e Pian Falcina (Comune di Sospirolo) dalle 8 alle 12 e alle 13.30 alle 17.30, tutti i giorni feriali ad esclusione dei sabati, domeniche e festivi infrasettimanali. In particolare: dalle 8 alle 12 e dalle 13.30 alle 17.30 durante le lavorazioni esterne alla galleria, dalle 8 alle 17.30 nel corso delle lavorazioni in galleria. Negli altri periodi senso unico alternato regolato da impianto semaforico.<\/p>\n<p>&nbsp;<\/p>\n<p>&nbsp;<\/p>\n<p>&nbsp;<\/p>\n<p>&nbsp;<\/p>\n<p><a class=\"dt-pswp-item\" href=\"http:\/\/www.radiopiu.net\/wordpress\/wp-content\/uploads\/2018\/09\/sport.jpg\" data-dt-img-description=\"\" data-large_image_width=\"800\" data-large_image_height=\"100\"><img loading=\"lazy\" decoding=\"async\" class=\"alignnone wp-image-60761 size-full\" src=\"http:\/\/www.radiopiu.net\/wordpress\/wp-content\/uploads\/2018\/09\/sport.jpg\" alt=\"\" width=\"800\" height=\"100\" srcset=\"https:\/\/www.radiopiu.net\/wordpress\/wp-content\/uploads\/2018\/09\/sport.jpg 800w, https:\/\/www.radiopiu.net\/wordpress\/wp-content\/uploads\/2018\/09\/sport-300x38.jpg 300w, https:\/\/www.radiopiu.net\/wordpress\/wp-content\/uploads\/2018\/09\/sport-768x96.jpg 768w\" sizes=\"auto, (max-width: 800px) 100vw, 800px\" \/><\/a><\/p>\n<p>&nbsp;<\/p>\n<h2>DUE BRONZI PER DANIELA BELLETTI<\/h2>\n<p><a class=\"dt-pswp-item\" href=\"http:\/\/www.radiopiu.net\/wordpress\/wp-content\/uploads\/2019\/03\/daniela-belletti.jpg\" data-dt-img-description=\"\" data-large_image_width=\"1200\" data-large_image_height=\"1600\"><img loading=\"lazy\" decoding=\"async\" class=\"alignnone size-large wp-image-78814\" src=\"http:\/\/www.radiopiu.net\/wordpress\/wp-content\/uploads\/2019\/03\/daniela-belletti-768x1024.jpg\" alt=\"\" width=\"768\" height=\"1024\" srcset=\"https:\/\/www.radiopiu.net\/wordpress\/wp-content\/uploads\/2019\/03\/daniela-belletti-768x1024.jpg 768w, https:\/\/www.radiopiu.net\/wordpress\/wp-content\/uploads\/2019\/03\/daniela-belletti-225x300.jpg 225w, https:\/\/www.radiopiu.net\/wordpress\/wp-content\/uploads\/2019\/03\/daniela-belletti.jpg 1200w\" sizes=\"auto, (max-width: 768px) 100vw, 768px\" \/><\/a>Daniela Belletti conquista due bronzi ai campionati italiani assoluti invernali della Federazione Italiana Nuoto Parolimpico. L&#8217;atleta parolimpica Daniela Belletti che si allena con la societ\u00e0 Ondablu di S.Giustina, Pedavena ed Agordo e che gareggia con la Sport Life di Montebelluna, ha partecipato positivamente ai Campionati Assoluti Italiani invernali di nuoto parolimpico che si sono tenuti a Bologna gli scorsi 2 e tre marzo. Soddisfazioni per lei, per l&#8217;istruttrice Ornella Brancaleone che la segue e per tutta la societ\u00e0 per i due podi conquistati: terza nei 50 dorso e nei 100 stile libero categoria\/classe S S03.<\/p>\n<p>&nbsp;<\/p>\n<p>&nbsp;<\/p>\n<p>&nbsp;<\/p>\n<blockquote class=\"wp-embedded-content\" data-secret=\"qdkM74KxHb\"><p><a href=\"http:\/\/www.radiopiu.net\/wordpress\/alleghe-obiettivo-raggiunto-6500-euro-per-continuare-a-vivere-dal-piovese-fierezza-biancorossa\/\">ALLEGHE, OBIETTIVO RAGGIUNTO. 6500 EURO PER CONTINUARE A &#8220;VIVERE&#8221; DAL PIOVESE FIEREZZA BIANCOROSSA<\/a><\/p><\/blockquote>\n<p><iframe loading=\"lazy\" class=\"wp-embedded-content\" sandbox=\"allow-scripts\" security=\"restricted\" style=\"position: absolute; clip: rect(1px, 1px, 1px, 1px);\" src=\"http:\/\/www.radiopiu.net\/wordpress\/alleghe-obiettivo-raggiunto-6500-euro-per-continuare-a-vivere-dal-piovese-fierezza-biancorossa\/embed\/#?secret=qdkM74KxHb\" data-secret=\"qdkM74KxHb\" width=\"600\" height=\"338\" title=\"&#8220;ALLEGHE, OBIETTIVO RAGGIUNTO. 6500 EURO PER CONTINUARE A &#8220;VIVERE&#8221; DAL PIOVESE FIEREZZA BIANCOROSSA&#8221; &#8212; Radio Pi\u00f9\" frameborder=\"0\" marginwidth=\"0\" marginheight=\"0\" scrolling=\"no\"><\/iframe><\/p>\n<p>&nbsp;<\/p>\n<p>&nbsp;<\/p>\n<p>&nbsp;<\/p>\n<h3>Grand Prix Lattebusche, festa per\u00a0 700 in Ampezzo. A vincere lo Sci club Cortina e l&#8217;Unione sportiva Valpadola. E anche il Fair Play<\/h3>\n<p><strong><a class=\"dt-pswp-item\" href=\"http:\/\/www.radiopiu.net\/wordpress\/wp-content\/uploads\/2019\/03\/Grand-Prix-Lattebusche-2019-il-podio-dello-sci-di-fondo.jpg\" data-dt-img-description=\"\" data-large_image_width=\"1300\" data-large_image_height=\"866\"><img loading=\"lazy\" decoding=\"async\" class=\"alignnone size-large wp-image-78822\" src=\"http:\/\/www.radiopiu.net\/wordpress\/wp-content\/uploads\/2019\/03\/Grand-Prix-Lattebusche-2019-il-podio-dello-sci-di-fondo-1024x682.jpg\" alt=\"\" width=\"1024\" height=\"682\" srcset=\"https:\/\/www.radiopiu.net\/wordpress\/wp-content\/uploads\/2019\/03\/Grand-Prix-Lattebusche-2019-il-podio-dello-sci-di-fondo-1024x682.jpg 1024w, https:\/\/www.radiopiu.net\/wordpress\/wp-content\/uploads\/2019\/03\/Grand-Prix-Lattebusche-2019-il-podio-dello-sci-di-fondo-300x200.jpg 300w, https:\/\/www.radiopiu.net\/wordpress\/wp-content\/uploads\/2019\/03\/Grand-Prix-Lattebusche-2019-il-podio-dello-sci-di-fondo-768x512.jpg 768w, https:\/\/www.radiopiu.net\/wordpress\/wp-content\/uploads\/2019\/03\/Grand-Prix-Lattebusche-2019-il-podio-dello-sci-di-fondo.jpg 1300w\" sizes=\"auto, (max-width: 1024px) 100vw, 1024px\" \/><\/a><\/strong><\/p>\n<p><strong>BELLUNO<\/strong> Festa per 700 a Cortina d&#8217;Ampezzo (Belluno) sabato 9 e domenica 10 marzo, con la disputa della 41.ma edizione del\u00a0Grand Prix Lattebusche, l&#8217;evento dello sci alpino e dello sci di fondo dedicato alle categorie Baby (Under 10) e Cuccioli (under 12).\u00a0La manifestazione, curata dallo Sci club Cortina, ha visto i ragazzi del fondo confrontarsi in due giornate di gare\u00a0pista di Passo Tre Croci mentre quelli dello sci alpino, sempre su due giornate, a Pi\u00e8 Tofana, nell&#8217;area che ospiter\u00e0 i Mondiali del 2021.\u00a0 Nello sci alpino vincono lo Sci club Cortina e &#8230; il Fair Play &#8211;\u00a0In un Grand Prix dove a vincere \u00e8 stato anche il Fair Play, lo Sci club Cortina si \u00e8 ripreso lo scettro. Dopo il secondo posto del 2018, il sodalizio ampezzano ieri \u00e8 tornato sul gradino pi\u00f9 alto del podio. Con 817.50 punti lo Sci club Cortina ha preceduto proprio il Drusci\u00e9 (696.50) e lo Sci club Trichiana (479). Ai piedi del podio lo Sci club 18 e lo Sci club Arabba. \u00abUna bella soddisfazione essere ritornati sul gradino pi\u00f9 alto del podio con i nostro ragazzi\u00bb sottolinea il presidente dello Sci club Cortina, Igor Ghedina. \u00abUn risultato che premia il lavoro dei nostri tecnici ma anche l&#8217;impegno dei ragazzi e delle loro famiglie. La soddisfazione di questo fine settimana \u00e8 doppia perch\u00e9 ci godiamo anche un bel successo organizzativo: oltre duecento concorrenti nello sci alpino, quasi duecento nel nordico, 160 volontari che hanno collaborato alle due giorni, un migliaio i pasti serviti al pranzo per ragazzi e familiari la domenica. Diciamo che \u00e8 stata un&#8217;esperienza piacevolmente faticosa\u00bb.\u00a0\u00abMa oltre a ci\u00f2 e al clima di festa che si \u00e8 respirato qui a Cortina nel week-end\u00bb dice ancora Ghedina \u00abvoglio sottolineare anche il bellissimo gesto di fair play del quale \u00e8 stata protagonista una ragazza della categoria Cucciole nello slalom di sabato: il suo salto di porta non era stato rilevato e lei, al momento della premiazione, ha fatto presente la cosa, dicendo che era giusto rifare la premiazione, a beneficio dell&#8217;avversaria rimasta esclusa dal podio. Cos\u00ec abbiamo provveduto a una nuova premiazione. Un gesto davvero bello che le rende onore e che ci ricorda qual \u00e8 lo spirito che dovrebbe animare lo sport, a tutti i livelli\u00bb.\u00a0 Vittoria dell&#8217;Unione sportiva Valpadola nel fondo &#8211;\u00a0\u00a0Va all&#8217;Unione sportiva Valpadola la vittoria della 41.ma edizione Grand Prix Lattebusche per quanto riguarda il fondo. Al termine della due giorni di gara la societ\u00e0 di Comelico Superiore ha preceduto tre societ\u00e0 veronesi, nell&#8217;ordine Orsi Bianchi, Bosco e Rover\u00e8. Nella top fine anche gli agordini del Valbiois, quinti con 266 punti. Al sesto posto i padroni di casa dello Sci club Cortina (212 punti).<\/p>\n<p><a class=\"dt-pswp-item\" href=\"http:\/\/www.radiopiu.net\/wordpress\/wp-content\/uploads\/2019\/03\/Grand-Prix-Lattebusche-2019-il-podio-dello-sci-alpino.jpg\" data-dt-img-description=\"\" data-large_image_width=\"1300\" data-large_image_height=\"866\"><img loading=\"lazy\" decoding=\"async\" class=\"alignnone size-large wp-image-78823\" src=\"http:\/\/www.radiopiu.net\/wordpress\/wp-content\/uploads\/2019\/03\/Grand-Prix-Lattebusche-2019-il-podio-dello-sci-alpino-1024x682.jpg\" alt=\"\" width=\"1024\" height=\"682\" srcset=\"https:\/\/www.radiopiu.net\/wordpress\/wp-content\/uploads\/2019\/03\/Grand-Prix-Lattebusche-2019-il-podio-dello-sci-alpino-1024x682.jpg 1024w, https:\/\/www.radiopiu.net\/wordpress\/wp-content\/uploads\/2019\/03\/Grand-Prix-Lattebusche-2019-il-podio-dello-sci-alpino-300x200.jpg 300w, https:\/\/www.radiopiu.net\/wordpress\/wp-content\/uploads\/2019\/03\/Grand-Prix-Lattebusche-2019-il-podio-dello-sci-alpino-768x512.jpg 768w, https:\/\/www.radiopiu.net\/wordpress\/wp-content\/uploads\/2019\/03\/Grand-Prix-Lattebusche-2019-il-podio-dello-sci-alpino.jpg 1300w\" sizes=\"auto, (max-width: 1024px) 100vw, 1024px\" \/><\/a><\/p>\n<p>\u00abSono davvero contento, dopo un po&#8217; siamo tornati sul primo gradino del podio\u00bb commenta il presidente del Valpadola, Nicola De Martin. \u00abIl lavoro dei nostri allenatori che seguono con tanta passione i ragazzi \u00e8 stato premiato\u00bb. Grand Prix Lattebusche, tra soddisfazione e futuro &#8211;\u00a0\u00abDopo le trenta gare circoscrizionali, disputate da inizio gennaio allo scorso fine settimana, abbiamo completato una finale del 41.mo Grand prix Lattebusche davvero bellissima\u00bb dice Roberto Bortoluzzi, presidente del comitato regionale Fisi. \u00abI numeri dei partecipanti hanno tenuto in questa edizione e la finale \u00e8 stata perfetta, grazie alla grande organizzazione dello Sci club Cortina che ha saputo allestire delle piste ottime nonostante le alte temperature\u00bb.\u00a0\u00abIn questa occasione abbiamo assegnato le tradizionali borse di studio intitolate a Ivano Giopp, l&#8217;ideatore del Lattebusche (sono andate a Irene Monti, dello Sci club Auronzo, per l&#8217;alpino, e a Federico De Bernardin, dello Sci club Canale d&#8217;Agordo, per il fondo ndr) e anche i premi di\u00a0#TeamCortina2021 (vittoria dell&#8217;Unione sportiva Asiago sci ndr), l&#8217;iniziativa proposta insieme alla Fondazione Cortina 2021 in vista dei Mondiali.\u00a0Il coinvolgimento del Grand Prix nel cammino di avvicinamento alla rassegna iridata \u00e8\u00a0 motivo di soddisfazione perch\u00e9 rappresenta il riconoscimento dell&#8217;importante ruolo che l&#8217;attivit\u00e0 di base riveste nel movimento degli sport invernali\u00bb.\u00a0 Archiviata l&#8217;edizione numero 41, \u00e8 tempo di pensare alla numero 42.\u00a0\u00abSiamo molto soddisfatti di come si \u00e8 sviluppata questa 41. edizione\u00bb dice Matteo Bortoli, responsabile marketing di Lattebusche.\u00a0\u00abFa piacere vedere una grande partecipazione come quella di Cortina, partecipazione che conferma nella bont\u00e0 della scelta della azienda di essere al fianco dei giovani del territorio, ai quali saremo vicini anche il prossimo anno\u00bb.<\/p>\n<p>Per le classifiche della 41. edizione del Grand prix Lattebusche: www.fisiveneto.com<\/p>\n<p>&nbsp;<\/p>\n<p>&nbsp;<\/p>\n<p>&nbsp;<\/p>\n<p>&nbsp;<\/p>\n<h2><a class=\"dt-pswp-item\" href=\"http:\/\/www.radiopiu.net\/wordpress\/wp-content\/uploads\/2018\/09\/WhatsApp-Image-2018-09-20-at-16.04.06.jpeg\" data-dt-img-description=\"\" data-large_image_width=\"800\" data-large_image_height=\"100\"><img loading=\"lazy\" decoding=\"async\" class=\"alignnone wp-image-61378 size-full\" src=\"http:\/\/www.radiopiu.net\/wordpress\/wp-content\/uploads\/2018\/09\/WhatsApp-Image-2018-09-20-at-16.04.06.jpeg\" alt=\"\" width=\"800\" height=\"100\" srcset=\"https:\/\/www.radiopiu.net\/wordpress\/wp-content\/uploads\/2018\/09\/WhatsApp-Image-2018-09-20-at-16.04.06.jpeg 800w, https:\/\/www.radiopiu.net\/wordpress\/wp-content\/uploads\/2018\/09\/WhatsApp-Image-2018-09-20-at-16.04.06-300x38.jpeg 300w, https:\/\/www.radiopiu.net\/wordpress\/wp-content\/uploads\/2018\/09\/WhatsApp-Image-2018-09-20-at-16.04.06-768x96.jpeg 768w\" sizes=\"auto, (max-width: 800px) 100vw, 800px\" \/><\/a><\/h2>\n<p><center><b>Martedi 12<\/b><\/center><b>Tempo atteso: <\/b>Cielo sereno o poco nuvoloso nella prima met\u00e0 di giornata, eccetto per residue nubi da Nord sulle Dolomiti; tra il pomeriggio e la sera nuvolosit\u00e0 alta in aumento fino a cielo parzialmente nuvoloso. Clima inizialmente ventoso, anche per Foehn fino al mattino.<br \/>\n<b>Precipitazioni: <\/b>Assenti (0%).<br \/>\n<b>Temperature: <\/b>In calo nelle valli dopo la cessazione del Foehn, perlopi\u00f9 stazionarie in quota. Su Prealpi a 1500 m min -4\u00b0C max 2\u00b0C, a 2000 m min -8\u00b0C max -2\u00b0C. Su Dolomiti a 2000 m min -10\u00b0C max -3\u00b0C, a 3000 m min -18\u00b0C max -7\u00b0C.<br \/>\n<b>Venti: <\/b>Nelle valli in attenuazione, con raffiche di Foehn possibili fino al mattino; in quota in attenuazione da tesi\/forti a moderati settentrionali, in rotazione a Ovest alla sera, a 15-30 km\/h a 2000 m, 30-70 km\/h a 3000 m.<\/p>\n<hr \/>\n<p><center><b>Mercoledi 13<\/b><\/center><b>Tempo atteso: <\/b>Dopo le schiarite mattutine, parziale aumento della nuvolosit\u00e0, pi\u00f9 intensa al pomeriggio sulle Dolomiti, dove saranno maggiormente probabili deboli fenomeni.<br \/>\n<b>Precipitazioni: <\/b>Sulle Prealpi non escluse deboli o debolissime precipitazioni sparse tra le ore centrali e il pomeriggio (30\/50%); sulle Dolomiti fenomeni pi\u00f9 probabili e pi\u00f9 diffusi (60\/80%), sempre deboli. Limite delle deboli nevicate a 900\/1200 m, in calo, specie nelle valli dolomitiche, anche fino sui 700\/800 m in caso di fenomeni duraturi.<br \/>\n<b>Temperature: <\/b>Senza variazioni di rilievo, eccetto le minime in quota, in aumento. Su Prealpi a 1500 m min -3\u00b0C max 1\u00b0C, a 2000 m min -5\u00b0C max -3\u00b0C. su Dolomiti a 2000 m min -5\u00b0C max -3\u00b0C, a 3000 m min -12\u00b0C max -7\u00b0C.<br \/>\n<b>Venti: <\/b>Nelle valli deboli meridionali; in quota deboli\/moderati in rotazione da Ovest a Nord Nord-Ovest, a 10-20 km\/h a 2000 m, 15-30 km\/h a 3000 m.<\/p>\n<hr \/>\n<p><center><b>Giovedi 14<\/b><\/center>Tempo soleggiato al mattino, con aumento della nuvolosit\u00e0 alta e medio-alta al pomeriggio fino a cielo molto nuvoloso, anche coperto sulle Dolomiti, dove saranno probabili delle precipitazioni, via via pi\u00f9 diffuse alla sera verso Nord, nevose a 1200\/1400 m, con limite in rialzo nella notte; i fenomeni potrebbero risultare del tutto assenti sulle Prealpi e nelle valli dolomitiche pi\u00f9 basse. Clima piuttosto ventoso con condizioni di Foehn.<\/p>\n<hr \/>\n<p><center><b>Venerdi 15<\/b><\/center>Nella notte e al mattino nuvolosit\u00e0 piuttosto estesa, specie sulle Dolomiti, dove saranno possibili ancora deboli fenomeni, con limite della neve in rialzo a 1500\/1700 m. Sulle Prealpi precipitazioni perlopi\u00f9 assenti e nuvolosit\u00e0 in pi\u00f9 rapido diradamento. Al pomeriggio\/sera ampi tratti di sereno. Temperature in aumento. Previsore: G.M.<\/p>\n<p>&nbsp;<\/p>\n","protected":false},"excerpt":{"rendered":"<p>Benvenuto Presidente,\u00a0 l&#8217;Agordino un po&#8217; amareggiato lo \u00e8, sperava, sopratutto credeva nella possibilit\u00e0 di ritrovare tra le Dolomiti il Presidente della Repubblica Italiana, come 36 anni fa con la visita dell&#8217;amato Sandro Pertini. Era il momento giusto dopo il maltempo di fine ottobre e che importa se il PalaLuxottica \u00e8 struttura privata, non \u00e8 forse&hellip;<\/p>\n","protected":false},"author":1,"featured_media":78847,"comment_status":"closed","ping_status":"closed","sticky":false,"template":"","format":"standard","meta":{"_monsterinsights_skip_tracking":false,"_monsterinsights_sitenote_active":false,"_monsterinsights_sitenote_note":"","_monsterinsights_sitenote_category":0,"footnotes":""},"categories":[86],"tags":[],"class_list":["post-78818","post","type-post","status-publish","format-standard","has-post-thumbnail","hentry","category-gr","category-86","description-off"],"img_url":"https:\/\/www.radiopiu.net\/wordpress\/wp-content\/uploads\/2019\/03\/trichia3.jpg","_links":{"self":[{"href":"https:\/\/www.radiopiu.net\/wordpress\/wp-json\/wp\/v2\/posts\/78818","targetHints":{"allow":["GET"]}}],"collection":[{"href":"https:\/\/www.radiopiu.net\/wordpress\/wp-json\/wp\/v2\/posts"}],"about":[{"href":"https:\/\/www.radiopiu.net\/wordpress\/wp-json\/wp\/v2\/types\/post"}],"author":[{"embeddable":true,"href":"https:\/\/www.radiopiu.net\/wordpress\/wp-json\/wp\/v2\/users\/1"}],"replies":[{"embeddable":true,"href":"https:\/\/www.radiopiu.net\/wordpress\/wp-json\/wp\/v2\/comments?post=78818"}],"version-history":[{"count":0,"href":"https:\/\/www.radiopiu.net\/wordpress\/wp-json\/wp\/v2\/posts\/78818\/revisions"}],"wp:featuredmedia":[{"embeddable":true,"href":"https:\/\/www.radiopiu.net\/wordpress\/wp-json\/wp\/v2\/media\/78847"}],"wp:attachment":[{"href":"https:\/\/www.radiopiu.net\/wordpress\/wp-json\/wp\/v2\/media?parent=78818"}],"wp:term":[{"taxonomy":"category","embeddable":true,"href":"https:\/\/www.radiopiu.net\/wordpress\/wp-json\/wp\/v2\/categories?post=78818"},{"taxonomy":"post_tag","embeddable":true,"href":"https:\/\/www.radiopiu.net\/wordpress\/wp-json\/wp\/v2\/tags?post=78818"}],"curies":[{"name":"wp","href":"https:\/\/api.w.org\/{rel}","templated":true}]}}