{"id":78933,"date":"2019-03-13T06:01:41","date_gmt":"2019-03-13T05:01:41","guid":{"rendered":"http:\/\/www.radiopiu.net\/wordpress\/?p=78933"},"modified":"2019-03-13T16:31:37","modified_gmt":"2019-03-13T15:31:37","slug":"giornale-radiopiu-13-marzo-2019-direttore-mirko-mezzacasa","status":"publish","type":"post","link":"https:\/\/www.radiopiu.net\/wordpress\/giornale-radiopiu-13-marzo-2019-direttore-mirko-mezzacasa\/","title":{"rendered":"GIORNALE RADIOPIU 13 MARZO 2019 DIRETTORE MIRKO MEZZACASA"},"content":{"rendered":"<p>Proseguire sulla strada di iniziative per la salvaguardia degli <strong>assetti idrogeologici<\/strong>, necessario un impegno condiviso da tutte le istituzioni locali e nazionali: lo ha detto il Presidente della Repubblica Sergio Mattarella ieri in visita a Longarone e Belluno. A Longarone davanti ai superstiti del Vajont per la prima volta le scuse dallo Stato. Mattarella dichiarando il suo legame con le montagne che conosce molto bene,\u00a0 ha garantito l&#8217;appoggio per la candidatura olimpica Milano-Cortina e ha sorvolato senza tante piroette sul tema dell&#8217;autonomia.<\/p>\n<p><strong>Spopolamento<\/strong> sempre peggio nell&#8217;Agordino, 200 mila euro in meno di tasse nell&#8217;ultimo quinquennio. In Unione Montana \u00e8 stato lanciato l&#8217;allarme per una vallata destinata a collassare in pochi anni. Oggi alle 15.10 Radio Pi\u00f9 trasmette gli interventi di alcuni sindaci agordini.<\/p>\n<p><strong>CRONACA<\/strong> Frana sul Rifugio Scotter-Palatini ieri alle 7 a Cima Belpr\u00e0, come a Bries di\u00a0 Agordo lo scorso mese. I massi hanno distrutto il tetto della struttura, nessun ferito. Tutta l&#8217;area \u00e8 stata chiusa per pericolo di ulteriori crolli. A <strong>Cortina<\/strong> incidente tra due auto ad Acquabona, una donna di 36 anni\u00a0 \u00e8 stata portata in ospedale a Pieve di Cadore (non grave). (mm)<\/p>\n<p>&nbsp;<\/p>\n<p>&nbsp;<\/p>\n<p><strong><a class=\"dt-pswp-item\" href=\"http:\/\/www.radiopiu.net\/wordpress\/wp-content\/uploads\/2017\/04\/MyRadioPiu_miaidea.png\" data-dt-img-description=\"\" data-large_image_width=\"483\" data-large_image_height=\"374\"><img loading=\"lazy\" decoding=\"async\" class=\"wp-image-30709 alignleft\" src=\"http:\/\/www.radiopiu.net\/wordpress\/wp-content\/uploads\/2017\/04\/MyRadioPiu_miaidea.png\" alt=\"\" width=\"109\" height=\"84\" \/><\/a>DOMANI DALLE 8.30 ALLE 12 INTERRUZIONE DI ENERGIA ELETTRICA A BRIES DI AGORDO. E&#8217; INTERESSATA ANCHE LA POSTAZIONE PRINCIPALE DI RADIO PIU. DALLE 8.30 ALLE 12.00 SARANNO ATTIVE SOLO LE FREQUENZE 88.200 PER LA CONCA AGORDINA, 97.700 LUNGO LA REGIONALE 203 AGORDINA, AGORDO-BELLUNO. NEL RESTO DELLA PROVINCIA SARA&#8217; POSSIBILE ASCOLTARE RADIO PIU SOLO SUL SITO\u00a0 WWW.RADIOPIU.NET PREMENDO ASCOLTA LA RADIO.<\/strong><\/p>\n<p>&nbsp;<\/p>\n<p>&nbsp;<\/p>\n<p><strong><a class=\"dt-pswp-item\" href=\"http:\/\/www.radiopiu.net\/wordpress\/wp-content\/uploads\/2015\/06\/bimgsp.jpg\" data-dt-img-description=\"\" data-large_image_width=\"300\" data-large_image_height=\"168\"><img loading=\"lazy\" decoding=\"async\" class=\"wp-image-6703 alignleft\" src=\"http:\/\/www.radiopiu.net\/wordpress\/wp-content\/uploads\/2015\/06\/bimgsp.jpg\" alt=\"\" width=\"98\" height=\"55\" \/><\/a><\/strong><\/p>\n<div class=\"\" data-block=\"true\" data-editor=\"73nra\" data-offset-key=\"3ekvk-0-0\">\n<div data-offset-key=\"3ekvk-0-0\"><strong>FALCADE<\/strong> Per lavori alla rete idrica comunale,\u00a0 oggi dalle 9 a\u00a0 fine lavori, verr\u00e0 sospesa l\u2019erogazione dell\u2019acqua a <strong>FALCADE, in LOCALITA&#8217;\u00a0 vie TRENTO e SALPIAN<\/strong>. In caso di maltempo l\u2019intervento verr\u00e0 posticipato al giorno successivo.<\/div>\n<\/div>\n<p><strong>SELVA DI CADORE<\/strong>\u00a0 per lavori alla rete idrica comunale, domani e venerdi dalle 8.30 a FINE LAVORI, potrebbe mancare l&#8217;acqua a SELVA DI CADORE in TUTTO IL COMUNE.<\/p>\n<p>&nbsp;<\/p>\n<p>&nbsp;<\/p>\n<h5>AGORDO IN SEGUITO AGLI EVENTI CALAMITOSI DI FINE OTTOBRE 2018, I PROPRIETARI DELLE PARTICELLE BOSCHIVE DELLA \u201cPALA LARION\u201d E \u201cSOTTO BASTER\u201d SONO CONVOCATI, PER UN SECONDO INCONTRO, VENERD\u00cc 15 MARZO 2019, ORE 20.00, PRESSO LA SALA CONSILIARE DEL MUNICIPIO.<\/h5>\n<p>&nbsp;<\/p>\n<p>&nbsp;<\/p>\n<h2>MONTAGNA FRAGILE. SASSI SUL RIFUGIO<\/h2>\n<p>DALLA RASSEGNA STAMPA DI QUESTA MATTINA PIERANTONIO ZANCHETTA<\/p>\n<audio class=\"wp-audio-shortcode\" id=\"audio-78933-1\" preload=\"none\" style=\"width: 100%;\" controls=\"controls\"><source type=\"audio\/mpeg\" src=\"http:\/\/www.radiopiu.net\/wordpress\/wp-content\/uploads\/2019\/03\/PIEROGGI.mp3?_=1\" \/><a href=\"http:\/\/www.radiopiu.net\/wordpress\/wp-content\/uploads\/2019\/03\/PIEROGGI.mp3\">http:\/\/www.radiopiu.net\/wordpress\/wp-content\/uploads\/2019\/03\/PIEROGGI.mp3<\/a><\/audio>\n<p>&nbsp;<\/p>\n<p>&nbsp;<\/p>\n<p><a class=\"dt-pswp-item\" href=\"http:\/\/www.radiopiu.net\/wordpress\/wp-content\/uploads\/2019\/03\/WhatsApp-Image-2019-03-12-at-13.22.11.jpeg\" data-dt-img-description=\"\" data-large_image_width=\"900\" data-large_image_height=\"1600\"><img loading=\"lazy\" decoding=\"async\" class=\"wp-image-78912 alignleft\" src=\"http:\/\/www.radiopiu.net\/wordpress\/wp-content\/uploads\/2019\/03\/WhatsApp-Image-2019-03-12-at-13.22.11-576x1024.jpeg\" alt=\"\" width=\"166\" height=\"295\" srcset=\"https:\/\/www.radiopiu.net\/wordpress\/wp-content\/uploads\/2019\/03\/WhatsApp-Image-2019-03-12-at-13.22.11-576x1024.jpeg 576w, https:\/\/www.radiopiu.net\/wordpress\/wp-content\/uploads\/2019\/03\/WhatsApp-Image-2019-03-12-at-13.22.11-169x300.jpeg 169w, https:\/\/www.radiopiu.net\/wordpress\/wp-content\/uploads\/2019\/03\/WhatsApp-Image-2019-03-12-at-13.22.11-768x1365.jpeg 768w, https:\/\/www.radiopiu.net\/wordpress\/wp-content\/uploads\/2019\/03\/WhatsApp-Image-2019-03-12-at-13.22.11.jpeg 900w\" sizes=\"auto, (max-width: 166px) 100vw, 166px\" \/><\/a>La frana caduta dall&#8217;Antelao ha colpito il rifugio Scotter a San Vito,\u00a0 sfondando una parte della copertura e invadendo una camera, attorno alle 7 di ieri.<\/p>\n<p><strong>MASSIMO BORTOLUZZI CONSIGLIERE PROVINCIALE<\/strong>:<em> &#8220;Nel giorno dell&#8217;arrivo del Presidente della Repubblica la montagna ha mostrato di nuovo la sua fragilit\u00e0. Dei massi di grosse dimensioni si sono staccati da Cima Bel Pra a San Vito di Cadore e uno ha finito la sua corsa sul Rifugio Scotter, sfondando il tetto e distruggendo la camera da letto, fortunatamente per l&#8217;ennesima volta \u00e8 andata bene e non sono state coinvolte persone.\u00a0<\/em><em>Questo deve essere da monito per non sottovalutare la forza della natura e rispettare la montagna&#8221;.<\/em><\/p>\n<p>&nbsp;<\/p>\n<p><strong>PIERANTONIO ZANCHETTA SERVIZI FORESTALI PROVINCIA<\/strong><\/p>\n<div style=\"width: 640px;\" class=\"wp-video\"><video class=\"wp-video-shortcode\" id=\"video-78933-1\" width=\"640\" height=\"352\" preload=\"metadata\" controls=\"controls\"><source type=\"video\/mp4\" src=\"http:\/\/www.radiopiu.net\/wordpress\/wp-content\/uploads\/2019\/03\/WhatsApp-Video-2019-03-12-at-13.18.03.mp4?_=1\" \/><a href=\"http:\/\/www.radiopiu.net\/wordpress\/wp-content\/uploads\/2019\/03\/WhatsApp-Video-2019-03-12-at-13.18.03.mp4\">http:\/\/www.radiopiu.net\/wordpress\/wp-content\/uploads\/2019\/03\/WhatsApp-Video-2019-03-12-at-13.18.03.mp4<\/a><\/video><\/div>\n<div style=\"width: 640px;\" class=\"wp-video\"><video class=\"wp-video-shortcode\" id=\"video-78933-2\" width=\"640\" height=\"352\" preload=\"metadata\" controls=\"controls\"><source type=\"video\/mp4\" src=\"http:\/\/www.radiopiu.net\/wordpress\/wp-content\/uploads\/2019\/03\/WhatsApp-Video-2019-03-12-at-13.11.11.mp4?_=2\" \/><a href=\"http:\/\/www.radiopiu.net\/wordpress\/wp-content\/uploads\/2019\/03\/WhatsApp-Video-2019-03-12-at-13.11.11.mp4\">http:\/\/www.radiopiu.net\/wordpress\/wp-content\/uploads\/2019\/03\/WhatsApp-Video-2019-03-12-at-13.11.11.mp4<\/a><\/video><\/div>\n<div style=\"width: 800px;\" class=\"wp-video\"><video class=\"wp-video-shortcode\" id=\"video-78933-3\" width=\"800\" height=\"450\" preload=\"metadata\" controls=\"controls\"><source type=\"video\/mp4\" src=\"http:\/\/www.radiopiu.net\/wordpress\/wp-content\/uploads\/2019\/03\/WhatsApp-Video-2019-03-12-at-13.48.35.mp4?_=3\" \/><a href=\"http:\/\/www.radiopiu.net\/wordpress\/wp-content\/uploads\/2019\/03\/WhatsApp-Video-2019-03-12-at-13.48.35.mp4\">http:\/\/www.radiopiu.net\/wordpress\/wp-content\/uploads\/2019\/03\/WhatsApp-Video-2019-03-12-at-13.48.35.mp4<\/a><\/video><\/div>\n<p>&nbsp;<\/p>\n<h2>LE FOTO<\/h2>\n<blockquote class=\"wp-embedded-content\" data-secret=\"anThO8bzE7\"><p><a href=\"http:\/\/www.radiopiu.net\/wordpress\/frana-sul-rifugio-scotter-incastonato-a-1580-mt-tra-i-gruppi-dellantelao-delle-marmarole-occidentali-e-del-sorapiss-nelle-dolomiti-patrimonio-unesco-il-rifugio-scotter-palati\/\">FRANA SUL RIFUGIO SCOTTER  Incastonato a 1580 mt tra i gruppi dell&#8217;Antelao, delle Marmarole Occidentali e del Sorap\u00ecss, nelle Dolomiti \u2013 patrimonio UNESCO, il rifugio Scotter \u2013 Palatini<\/a><\/p><\/blockquote>\n<p><iframe loading=\"lazy\" class=\"wp-embedded-content\" sandbox=\"allow-scripts\" security=\"restricted\" style=\"position: absolute; clip: rect(1px, 1px, 1px, 1px);\" src=\"http:\/\/www.radiopiu.net\/wordpress\/frana-sul-rifugio-scotter-incastonato-a-1580-mt-tra-i-gruppi-dellantelao-delle-marmarole-occidentali-e-del-sorapiss-nelle-dolomiti-patrimonio-unesco-il-rifugio-scotter-palati\/embed\/#?secret=anThO8bzE7\" data-secret=\"anThO8bzE7\" width=\"600\" height=\"338\" title=\"&#8220;FRANA SUL RIFUGIO SCOTTER  Incastonato a 1580 mt tra i gruppi dell&#8217;Antelao, delle Marmarole Occidentali e del Sorap\u00ecss, nelle Dolomiti \u2013 patrimonio UNESCO, il rifugio Scotter \u2013 Palatini&#8221; &#8212; Radio Pi\u00f9\" frameborder=\"0\" marginwidth=\"0\" marginheight=\"0\" scrolling=\"no\"><\/iframe><\/p>\n<p>&nbsp;<\/p>\n<p>&nbsp;<\/p>\n<p>&nbsp;<\/p>\n<p>&nbsp;<\/p>\n<p><strong>SCIVOLA SUL GHIACCIO Ieri attorno a\u00a0<\/strong>mezzogiorno e mezza il Soccorso alpino dell&#8217;Alpago \u00e8 stato allertato dalla Centrale del 118 per una donna scivolata sul ghiaccio in Cansiglio. D.G., 47 anni, di Padova, era partita a piedi assieme a un&#8217;amica dal Bar Bianco e, arrivata nella zona del parcheggio del Bus de la Lum, aveva proseguito oltre lungo la strada che per\u00f2 presenta ancora tratti ghiacciati. In seguito alla caduta, aveva messo male un braccio riportando un conseguente trauma. Una squadra la ha raggiunta e le ha prestato le prime cure, per poi caricarla a bordo del fuoristrada e trasportarla fino a Farra d&#8217;Alpago, dove attendeva l&#8217;ambulanza arrivata da Belluno. L&#8217;amica \u00e8 stata riaccompagnata dai soccorritori alla macchina.<\/p>\n<p>&nbsp;<\/p>\n<p>&nbsp;<\/p>\n<p>&nbsp;<\/p>\n<h2>LE SCUSE DELLO STATO AI SUPERSTITI DEL VAJONT, IL PLAUSO ALLE GENTI DELLE TERRE ALTE CHE SAPRANNO ESSERE DA ESEMPIO DOPO L&#8217;URAGANO VAIA.<\/h2>\n<p>&nbsp;<\/p>\n<p>CLICCA QUI_\u00a0\u00a0<strong><span style=\"color: #0000ff;\"><a style=\"color: #0000ff;\" href=\"http:\/\/admin12.antherica.com\/newsletter\/\/tk\/get.html?&amp;ui=33486&amp;cid=407&amp;cid=407&amp;ag=am&amp;newsid=463&amp;exid=405&amp;ui=33486&amp;cid=407&amp;cid=407&amp;linkid=1540\" target=\"_blank\" rel=\"noopener\">discorso del Presidente della Repubblica<\/a><\/span><\/strong><\/p>\n<p>&nbsp;<\/p>\n<p><span style=\"color: #ff0000;\">foto LUCA ZANFRON<\/span><\/p>\n<p><strong><a class=\"dt-pswp-item\" href=\"http:\/\/www.radiopiu.net\/wordpress\/wp-content\/uploads\/2019\/03\/WhatsApp-Image-2019-03-12-at-15.13.30-e1552401238228.jpeg\" data-dt-img-description=\"\" data-large_image_width=\"1425\" data-large_image_height=\"1600\"><img loading=\"lazy\" decoding=\"async\" class=\"wp-image-78936 alignleft\" src=\"http:\/\/www.radiopiu.net\/wordpress\/wp-content\/uploads\/2019\/03\/WhatsApp-Image-2019-03-12-at-15.13.30-e1552401238228-912x1024.jpeg\" alt=\"\" width=\"207\" height=\"233\" srcset=\"https:\/\/www.radiopiu.net\/wordpress\/wp-content\/uploads\/2019\/03\/WhatsApp-Image-2019-03-12-at-15.13.30-e1552401238228-912x1024.jpeg 912w, https:\/\/www.radiopiu.net\/wordpress\/wp-content\/uploads\/2019\/03\/WhatsApp-Image-2019-03-12-at-15.13.30-e1552401238228-267x300.jpeg 267w, https:\/\/www.radiopiu.net\/wordpress\/wp-content\/uploads\/2019\/03\/WhatsApp-Image-2019-03-12-at-15.13.30-e1552401238228-768x862.jpeg 768w, https:\/\/www.radiopiu.net\/wordpress\/wp-content\/uploads\/2019\/03\/WhatsApp-Image-2019-03-12-at-15.13.30-e1552401238228.jpeg 1425w\" sizes=\"auto, (max-width: 207px) 100vw, 207px\" \/><\/a>LONGARONE-BELLUNO\u00a0<\/strong>\u00a0Alle 10.30 di ieri l&#8217;omaggio alle vittime del Vajont da parte del Capo dello Stato Sergio Mattarella. Si \u00e8 aperta cos\u00ec la giornata bellunese del Presidente con la deposizione di una Corona al monumento.\u00a0 Al teatro comunale ad accoglierlo un coro di bambini che ha intonato l&#8217;inno nazionale. Interventi del presidente della Provincia Roberto Padrin, del Governatore Regionale Luca Zaia e di Robert Thierry Luciani del Centro Meteorologico di Arabba. Zaia ha ringraziato il Presidente per la visita in un territorio duramente colpito: ben 208 i Comuni alluvionati dove \u00e8 emersa la forza del volontariato. Immancacabile il tema dell&#8217;autonomia, l&#8217;inizio di un percorso condiviso con tutto il Paese. Per le Olimpiadi in attesa della corsa finale con la Svezia ha chiesto l&#8217;aiuto del Presidente della Repubblica. Anche il Presidente della Provincia Roberto Padrin ha avuto parole di elogio per il <a class=\"dt-pswp-item\" href=\"http:\/\/www.radiopiu.net\/wordpress\/wp-content\/uploads\/2019\/03\/WhatsApp-Image-2019-03-12-at-15.00.22.jpeg\" data-dt-img-description=\"\" data-large_image_width=\"1280\" data-large_image_height=\"861\"><img loading=\"lazy\" decoding=\"async\" class=\"wp-image-78935 alignright\" src=\"http:\/\/www.radiopiu.net\/wordpress\/wp-content\/uploads\/2019\/03\/WhatsApp-Image-2019-03-12-at-15.00.22-1024x689.jpeg\" alt=\"\" width=\"223\" height=\"150\" srcset=\"https:\/\/www.radiopiu.net\/wordpress\/wp-content\/uploads\/2019\/03\/WhatsApp-Image-2019-03-12-at-15.00.22-1024x689.jpeg 1024w, https:\/\/www.radiopiu.net\/wordpress\/wp-content\/uploads\/2019\/03\/WhatsApp-Image-2019-03-12-at-15.00.22-300x202.jpeg 300w, https:\/\/www.radiopiu.net\/wordpress\/wp-content\/uploads\/2019\/03\/WhatsApp-Image-2019-03-12-at-15.00.22-768x517.jpeg 768w, https:\/\/www.radiopiu.net\/wordpress\/wp-content\/uploads\/2019\/03\/WhatsApp-Image-2019-03-12-at-15.00.22.jpeg 1280w\" sizes=\"auto, (max-width: 223px) 100vw, 223px\" \/><\/a>volontariato, forze dell&#8217;ordine, vigili del fuoco, esercito, amministratori.Il messaggio dal mondo della Protezione Civile \u00e8 stato affidato a Ivo Gasperin coordinatore dell&#8217;Ana. Alice e Valerio hanno raccontato i tristi giorni della tempesta.Il Presidente della Repubblica pi\u00f9 volte applaudito durante i 15 minuti di intervento ha parlato di una provincia a lui nota per averla frequentata, le Olimpiadi le ha definite un&#8217;occasione di grande importanza assicurando il suo sostegno. Il Presidente ha ribadito la sua convinzione che le terre alte sapranno essere esempio di grande valore per tutto il Paese tra genti che non difettano per laboriosit\u00e0 e tenacia. Nel suo intervento richiamando i boschi distrutti dalla prima guerra mondiale ha citato Mario Rigoni Stern e il suo altopiano.<\/p>\n<p><strong>AUDIO SERVIZIO GIORNALE RADIO PRINCIPALE<\/strong><\/p>\n<audio class=\"wp-audio-shortcode\" id=\"audio-78933-2\" preload=\"none\" style=\"width: 100%;\" controls=\"controls\"><source type=\"audio\/mpeg\" src=\"http:\/\/www.radiopiu.net\/wordpress\/wp-content\/uploads\/2019\/03\/mattarella-servizio.mp3?_=2\" \/><a href=\"http:\/\/www.radiopiu.net\/wordpress\/wp-content\/uploads\/2019\/03\/mattarella-servizio.mp3\">http:\/\/www.radiopiu.net\/wordpress\/wp-content\/uploads\/2019\/03\/mattarella-servizio.mp3<\/a><\/audio>\n<p><strong>AUDIO NOTIZIARIO NAZIONALE, IERI ALLE 15.00<\/strong><\/p>\n<audio class=\"wp-audio-shortcode\" id=\"audio-78933-3\" preload=\"none\" style=\"width: 100%;\" controls=\"controls\"><source type=\"audio\/mpeg\" src=\"http:\/\/www.radiopiu.net\/wordpress\/wp-content\/uploads\/2019\/03\/mattarella-notiziario-15.mp3?_=3\" \/><a href=\"http:\/\/www.radiopiu.net\/wordpress\/wp-content\/uploads\/2019\/03\/mattarella-notiziario-15.mp3\">http:\/\/www.radiopiu.net\/wordpress\/wp-content\/uploads\/2019\/03\/mattarella-notiziario-15.mp3<\/a><\/audio>\n<p><strong>IL PRESIDENTE DELLA PROVINCIA ROBERTO PADRIN<\/strong><\/p>\n<audio class=\"wp-audio-shortcode\" id=\"audio-78933-4\" preload=\"none\" style=\"width: 100%;\" controls=\"controls\"><source type=\"audio\/mpeg\" src=\"http:\/\/www.radiopiu.net\/wordpress\/wp-content\/uploads\/2019\/03\/PADRIN-1.mp3?_=4\" \/><a href=\"http:\/\/www.radiopiu.net\/wordpress\/wp-content\/uploads\/2019\/03\/PADRIN-1.mp3\">http:\/\/www.radiopiu.net\/wordpress\/wp-content\/uploads\/2019\/03\/PADRIN-1.mp3<\/a><\/audio>\n<p><strong>IL COMMENTO DEL DEPUTATO FEDERICO D&#8217;INCA&#8217;<\/strong><\/p>\n<audio class=\"wp-audio-shortcode\" id=\"audio-78933-5\" preload=\"none\" style=\"width: 100%;\" controls=\"controls\"><source type=\"audio\/mpeg\" src=\"http:\/\/www.radiopiu.net\/wordpress\/wp-content\/uploads\/2019\/03\/INCA-1.mp3?_=5\" \/><a href=\"http:\/\/www.radiopiu.net\/wordpress\/wp-content\/uploads\/2019\/03\/INCA-1.mp3\">http:\/\/www.radiopiu.net\/wordpress\/wp-content\/uploads\/2019\/03\/INCA-1.mp3<\/a><\/audio>\n<p><strong>IL COMMENTO DEL DEPUTATO DARIO BOND<\/strong><\/p>\n<audio class=\"wp-audio-shortcode\" id=\"audio-78933-6\" preload=\"none\" style=\"width: 100%;\" controls=\"controls\"><source type=\"audio\/mpeg\" src=\"http:\/\/www.radiopiu.net\/wordpress\/wp-content\/uploads\/2019\/03\/bond-1.mp3?_=6\" \/><a href=\"http:\/\/www.radiopiu.net\/wordpress\/wp-content\/uploads\/2019\/03\/bond-1.mp3\">http:\/\/www.radiopiu.net\/wordpress\/wp-content\/uploads\/2019\/03\/bond-1.mp3<\/a><\/audio>\n<p><strong>IL COMMENTO DEL DEPUTATO FEDERICO D&#8217;INCA&#8217;<\/strong><\/p>\n<p>La visita del presidente della Repubblica nel bellunese conferma la vicinanza dello Stato a una comunit\u00e0 che \u00e8 stata d\u2019esempio per tutto il Paese in occasione dell\u2019alluvione dello scorso autunno, e rinnova l\u2019importanza dei temi legati ai cambiamenti climatici. A dirlo \u00e8 il parlamentare bellunese del Movimento 5 Stelle Federico D\u2019Inc\u00e0, che ricopre anche il ruolo di Questore alla Camera dei Deputati, in occasione della visita del Capo dello Stato nella provincia di Belluno. \u201cVoglio ringraziare il Presidente per essere stato presente a Belluno \u2013 spiega D\u2019Inc\u00e0 &#8211; a testimonianza dell\u2019impegno profuso da parte delle nostre comunit\u00e0 durante e dopo l\u2019alluvione. Lo ringrazio anche perch\u00e9 con questa visita dimostra grande vicinanza ad una comunit\u00e0 che \u00e8 stata d\u2019esempio per tutto il Paese con i suoi volontari, con la protezione civile, con il prefetto Francesco Esposito, con le forze dell\u2019ordine e con tutta la sua parte amministrativa, che assieme ai cittadini hanno lavorato alacremente durante e dopo l\u2019evento calamitoso dello scorso anno\u201d. \u201cIl Movimento 5 Stelle ed il governo hanno gi\u00e0 messo in Legge di Bilancio 2 miliardi e 600 milioni di euro per combattere il dissesto idrogeologico \u2013 sottolinea il parlamentare \u2013 756 milioni di euro sono destinati al Veneto e quindi al bellunese. Questa \u00e8 una promessa mantenuta, della quale vado particolarmente orgoglioso e fiero e che aiuter\u00e0 il bellunese a rialzare la testa in fretta e meglio di prima.&#8221; \u201cMi sono inoltre vicine e mi stanno a cuore le parole di Mattarella sull\u2019ambiente \u2013 ricorda quindi il deputato bellunese &#8211; perch\u00e9 siamo di fatto davanti a una crisi globale dal punto di vista climatico. Le tempeste e l\u2019alluvione bellunese, e le prossime che purtroppo verranno, ci devono portare a una profonda revisione del nostro stile di vita\u201d. \u201cDobbiamo combattere l\u2019inquinamento e il surriscaldamento globale, che potrebbero creare nei prossimi anni pi\u00f9 morti delle guerre \u2013 avverte D\u2019Inc\u00e0 &#8211; e che saranno alla base delle migrazioni che avverranno dai Paesi desertificati dell\u2019Africa verso l\u2019Europa\u201d. &#8220;Una parola infine sulle Olimpiadi &#8211; conclude il parlamentare &#8211; si scrive troppo di questo tema, adesso \u00e8 il momento di attivarsi per convincere i delegati dei Paesi stranieri, ognuno faccia la sua parte, io sono convinto da sempre dell&#8217;importanza di questa manifestazione perch\u00e9 ne vale dell&#8217;offerta turistica veneta dei prossimi 20 anni&#8221;.<\/p>\n<p><strong>IL COMMENTO DEL DEPUTATO LUCA DE CARLO\u00a0<\/strong><\/p>\n<p>\u201cMolto positiva la visita del Presidente della Repubblica Sergio Mattarella che oggi a Belluno ha voluto portare il suo sostegno ad una popolazione che ha dimostrato con grande orgoglio non solo di non arrendersi mai ma di essere in grado di risalire in sella senza accusare la caduta ripartendo dalla candidatura alle Olimpiadi di Cortina e Milano del 2026 per cui oggi \u00e8 giunto anche l\u2019avallo del Presidente. Ho trovato estremamente profondi i ragionamenti che ha fatto in merito ai cambiamenti climatici che inevitabilmente si ripercuoto sulla vita dell\u2019uomo non totalmente incolpevole, ma anche il Presidente ha riconosciuto il grande ruolo che hanno avuto i Sindaci e il volontariato in occasione della gestione dell\u2019emergenza alluvione, per\u00f2 mi preme sottolineare il grande merito che ha avuto il prefetto Esposito che con l\u2019attivit\u00e0 di prevenzione messa in campo ha salvato numerose vite umane. Ora messe da parte le commemorazioni dobbiamo lavorare per mettere in sicurezza le vie di comunicazioni, le abitazioni e i luoghi pubblici, consci del fatto che questo richieder\u00e0 molto tempo e porter\u00e0 numerosi disagi, ma come nei momenti di emergenza sappiamo anche che i nostri cittadini sapranno comprendere, saranno pazienti e sapranno capire il valore che hanno questo interventi\u201d.\u00a0 E\u2019 quanto ha dichiarato al termine della cerimonia,\u00a0 il Sindaco di Calalzo di Cadore, l\u2019On. Luca De Carlo di Fratelli d\u2019Italia.<\/p>\n<p><strong>IL DISCORSO DEL PRESIDENTE DELLA PROVINCIA DI BELLUNO, ROBERTO PADRIN<\/strong><\/p>\n<p>Signor Presidente, \u00e8 per me un privilegio unico e speciale, un grande onore, porgerLe il saluto caloroso e affettuoso della popolazione bellunese che rappresento. Al nostro Presidente della Regione, al Sindaco che ci ospita nella sua citt\u00e0, al Vescovo e a tutti i presenti, estendo il saluto mio personale e della Provincia che ho l&#8217;onore di rappresentare. Siamo qui, oggi, perch\u00e9, quattro mesi fa, eventi atmosferici imprevedibili hanno devastato questo territorio montano recando danni incalcolabili e timori inusuali agli abitanti dell\u2019intera provincia di Belluno. Le immagini dei nostri boschi, delle strade, dei fiumi sono ancora scolpite nelle nostre menti e nei nostri cuori. Ecco perch\u00e8 il mio primo pensiero va a Sandro Pompolani, deceduto all&#8217;interno della propria auto a Feltre sulla quale cadde un albero travolto dalla furia del vento, a Ennio Piccolin inghiottito dalla acque del torrente Focobon e a Valeria Lorenzini colpita da un tronco. Nel mio breve saluto, Signor residente, intendo sottolineare su pochi, ma concreti aspetti che gli eventi dello scorso ottobre hanno messo in luce: l&#8217;imponderabilit\u00e0 della pianificazione territoriale a fronte di un nuovo avversario: il climate change, i mutamenti climatici che stanno cambiando il nostro pianeta; la fragilit\u00e0 dei territori montani, in particolare, che collassando trascinano, senza scampo, le aree della pianura ed i relativi insediamenti urbani e produttivi; l&#8217;urgenza sempre pi\u00f9 pressante di politiche specifiche per la montagna, partendo dagli \u201cStati Generali della montagna\u201d, da poco insediati, che non dovranno limitarsi ad un momento di confronto, ma concretizzarsi in azioni puntuali ed efficaci. Poco fa siamo stati al Cimitero monumentale delle Vittime del Vajont di Fortogna, il luogo della memoria dove riposano le vittime innocenti di una tragedia che si doveva evitare. L&#8217;incontro con i superstiti e i sopravvissuti ha voluto testimoniare che questo Paese non dimentica e che non siamo soli nel dolore. La Sua presenza, Presidente, \u00e8 sempre un significativo richiamo alla responsabilit\u00e0 di tutte le Istituzioni affinch\u00e9 simili eventi non debbano ripetersi; essa rappresenta un atto di omaggio alle vittime e alle loro famiglie, ma allo stesso tempo valorizza quell\u2019ineguagliabile patrimonio di solidariet\u00e0 che sbocci\u00f2 fra le genti d\u2019Italia e la popolazione colpita dalla tragedia. Quell&#8217;omaggio, riconosciuto anche dal Parlamento Italiano il 9 ottobre con l&#8217;Istituzione della \u201cGiornata nazionale della memoria dei disastri naturali e industriali causati dall&#8217;incuria dell&#8217;uomo\u201d, che chiediamo possa diventare veramente un monito universale. Oggi al Capo dello Stato, all&#8217;uomo Sergio Mattarella, rendiamo il pi\u00f9 sentito ringraziamento per questa visita, segno di vicinanza e profonda solidariet\u00e0 ad una Provincia fragile ma con una straordinaria dignit\u00e0 che, nell&#8217;ottobre scorso, ha tradotto in realt\u00e0, forse, per la prima volta dopo quasi 56 anni dal Vajont, una lezione a questo territorio, insegnando qualcosa di importante. Si \u00e8 cominciato a fare prevenzione, seriamente, ed allora ecco che mi corre l&#8217;obbligo davanti a Lei, Signor Presidente, ringraziare quanti si sono prodigati in quelle giornate cos\u00ec drammatiche a compiere delle scelte difficili, ma di grande responsabilit\u00e0 che hanno contribuito a salvare quelle vite umane, che il Vajont invece si \u00e8 portato via: il nostro Prefetto, l&#8217;Unit\u00e0 di crisi coordinata dalla Regione Veneto, le forze dell&#8217;ordine di ogni genere e grado, i Vigili del Fuoco, la Protezione civile nazionale e locale, l\u2018Esercito, il mondo del volontariato, i miei colleghi sindaci, tutti insieme abbiamo contribuito ad evitare che questo disastro si trasformasse in tragedia. A tutti loro va il nostro pi\u00f9 grande GRAZIE! A tutte queste persone che si sono prodigate con abnegazione insieme ai cittadini bellunesi e delle altre Province colpite, a rialzarsi il giorno dopo dimostrando al Paese una straordinaria forza di volont\u00e0 che da sempre contraddistingue la nostra Italia e che non ha eguali quando si tratta di correre in soccorso a chi ha bisogno. Sono questi i valori che ci devono rendere orgogliosi e che dobbiamo trasmettere ai nostri giovani affinch\u00e8 comprendano cosa significhi aiutare il prossimo. Questa nostra Provincia ha dimostrato una volta di pi\u00f9 la propria fragilit\u00e0 che ne ha minato la bellezza incontaminata di un territorio parte del quale \u00e8 stato riconosciuto dall&#8217;Unesco Patrimonio dell&#8217;Umanit\u00e0. Una Provincia che ha trovato tante mani pronte a farla ripartire e oggi siamo qui a dirle, caro Presidente, grazie di esserci, grazie di esserci vicino come ci sono vicine le Istituzioni pronte a stanziare risorse preziose per la ricostruzione. Ma da qui, anche oggi, non mi stanco di invocare l&#8217;attenzione verso la sicurezza dei territori in cui viviamo, affinch\u00e9 non ci si debba trovare ancora a declinare altri dolori, per superficialit\u00e0, omissioni, se non addirittura spregiudicatezza. Non possiamo permetterci di rimanere impotenti spettatori di tragedie che tolgono i figli alle proprie madri e madri ai propri figli. Ecco perch\u00e8 \u00e8 necessario rafforzare l\u2019autonomia specifica, le funzioni proprie e le possibilit\u00e0 di autogoverno di una Provincia totalmente montana di confine che deve poter gestire con responsabilit\u00e0 i bisogni peculiari e le risorse ambientali del proprio territorio, contando ovviamente anche su un supporto mirato di Regione, che da sempre sosteniamo con forza nel percorso autonomistico, e Stato. Vado a concludere appellandomi alla sensibilit\u00e0 del Presidente della Repubblica affinch\u00e9, presa visione delle problematiche esposte in questa sede, si erga a garante, quale egli \u00e8, vigili ed accompagni le nostre richieste di attenzione verso territori che non chiedono meramente interventi finanziari, oltre al dovuto, ma, anzitutto, libert\u00e0 di governo nel segno della conoscenza, del senso di responsabilit\u00e0 e nella visione di sviluppo che hanno sempre dimostrato. La ringrazio, a nome di tutti gli amministratori locali, dei cittadini che avrebbero desiderato ringraziarLa, uno ad uno, degli operatori economici e delle forze sociali bellunesi, per l&#8217;attenzione dedicata alla montagna e alle sue genti e, soprattutto, per questa straordinaria Sua presenza. Grazie, Presidente.<\/p>\n<p><strong>IL DISCORSO DEL SINDACO DI BELLUNO JACOPO MASSARO<\/strong><\/p>\n<p>Stimato Presidente, ho l\u2019immeritato onore non solo di accoglierla, ma, nel farlo, di preservare nel tempo la memoria del tributo che tanti bellunesi, qui e all\u2019estero, per guerra o per emigrazione, hanno versato al proprio Paese. E\u2019 con sentimenti di sincera gratitudine e di profondo orgoglio che Le porgo il saluto dei Cittadini di Belluno. Il sentimento di gratitudine Le \u00e8 rivolto perch\u00e9 &#8211; a distanza di 16 anni dalla visita del Presidente Ciampi &#8211; il massimo garante della nostra Costituzione torna a Belluno. E per noi nulla pu\u00f2 essere pi\u00f9 gradito: la nostra Citt\u00e0 \u00e8 Medaglia d&#8217;oro per la lotta di liberazione dall&#8217;oppressore nazista e, proprio per tale circostanza, particolarmente affezionata alla carta costituzionale e alle Istituzioni repubblicane. Il sentimento di orgoglio \u00e8 legato alla nostra natura di gente di montagna: siamo abituati a rifuggire dalla ostentazione, siamo miti d&#8217;animo perch\u00e9 rispettosi del prossimo, e ci siamo rimboccati le maniche in ogni occasione, lavorando per la nostra e l\u2019altrui Comunit\u00e0, nelle tragiche circostanze: sia che fossero originate degli eventi meteorologici &#8211; come avvenuto lo scorso ottobre -, sia che fossero il risultato della mano dell&#8217;uomo, nel passato e purtroppo anche recentemente. E non possiamo che essere orgogliosi, dunque, di ospitare tra noi un Presidente esempio di mitezza d&#8217;animo, di silenziosa laboriosit\u00e0 e di impegno per le Istituzioni, che rappresentano la Comunit\u00e0. Una persona che nel nostro piccolo sentiamo tanto assomigliarci, pur partendo da terre a noi geograficamente tanto lontane. Qui fuori ad aspettarla &#8211; e qui sul palco &#8211; ha incontrato tanti bambini e tanti ragazzi. Belluno \u00e8 esempio di una Comunit\u00e0 inclusiva ed incline a lavorare per il futuro, che non considera i propri giovani \u201ccittadini di domani\u201d, bens\u00ec protagonisti di oggi: hanno diritti, legittime aspettative, ma anche doveri e responsabilit\u00e0. Sono il nostro orgoglio e il centro della nostra attenzione. Li abbiamo voluti protagonisti di questa sua visita, affinch\u00e9 conoscano il Capo dello Stato di cui fanno parte e ne colgano la solennit\u00e0 nel rappresentarci e tutelarci tutti, indistintamente. A loro affidiamo la nostra Citt\u00e0, la nostra Europa e le nostre Istituzioni, ma anche la rielaborazione dei nostri errori, passati e presenti, affinch\u00e9, ancor meglio di noi, costruiscano il proprio futuro. E la Sua presenza ci aiuta immensamente proprio in questo, imprimendo in loro un indelebile ricordo dell\u2019importanza delle nostre Istituzioni, della nostra Carta costituzionale e delle nostre responsabilit\u00e0..E di ci\u00f2 La ringrazio, di cuore, a nome di tutti. Viva la Costituzione Repubblicana, Viva l\u2019Italia!<\/p>\n<p><strong>L&#8217;UNCEM COMMENTA LE PAROLE DI MATTARELLA<\/strong><\/p>\n<p>&#8220;Ancora una volta, <strong>il Presidente della Repubblica Sergio Mattarella ha invitato il Paese a prendere atto che la <\/strong><strong>montagna \u00e8 &#8216;<\/strong><em><strong>una grande questione nazionale<\/strong>, assieme a quella di tutte le aree interne<\/em>&#8216;. Oggi a Belluno, il Presidente ha spinto tutti, dalle Alpi, a una rinnovata riflessione sul &#8216;<em>tema delle risorse naturali del nostro Paese, della loro tutela, della garanzia ai cittadini della sicurezza dei territori<\/em>&#8216;. Sono parole molto importanti, in particolare a seguito del disastro avvenuto con la tempesta Vaia, analogo a quelli successi in molte altre aree montane italiane in occasione di calamit\u00e0, dissesto, incendi boschivi, altre emergenze. Le tragedie ambientali sono ormai cicliche. Ma non vogliamo, non dobbiamo certo farci l&#8217;abitudine. Vogliamo fare prevenzione, guidare Enti locali e soggetti privati verso una nuova cultura della protezione civile. Oggi il presidente \u00e8 stato chiaro, in particolare ricordando le vittime del Vajont: &#8216;<em>Il rapporto con la natura<\/em> &#8211; ha detto Mattarella &#8211; <em>\u00e8 fatto di rispetto degli equilibri dell&#8217;ecosistema, pur se l&#8217;umanit\u00e0 ha dimostrato una costante propensione a misurarsi quotidianamente con i limiti conosciuti.\u00a0<\/em><em>La civilt\u00e0 montana ha saputo confrontarsi con questi limiti e svilupparsi per millenni, in una competizione quotidiana con condizioni di vita non facili, ma ben inserita in questi ambienti, senza stravolgerli<\/em>&#8216;. &#8216;<em>Sono convinto che<\/em> &#8211; ha proseguito Mattarella &#8211; <em>ancora una volta, dalle &#8220;Terre alte&#8221; sapr\u00e0 venire un esempio di grande valore per tutta la nostra comunit\u00e0 nazionale, frutto del patrimonio di civilt\u00e0 accumulato nei secoli dalle genti di montagna<\/em>&#8216;. Deve essere cos\u00ec, ne siamo certi. <strong>Questo ennesimo intervento sulla e dalla montagna del Presidente Mattarella, che ringrazio a nome di tutta l&#8217;Uncem, deve essere il monito definitivo per la politica<\/strong>, per tutti i nostri Enti, per il Parlamento e il Governo affinch\u00e9 mettano in moto azioni concrete, investimenti, nel concretizzare pienamente l&#8217;articolo 44 della Costituzione. Ne abbiamo grande bisogno&#8221;. Lo affermano il Presidente Uncem Marco Bussone, insieme con Presidente Uncem Veneto Ennio Vigne e i membri di Giunta nazionale Flaminio Da Deppo e Galdino Zanchetta, oggi uniti al Presidente Mattarella a Longarone e Belluno. Il <a href=\"http:\/\/admin12.antherica.com\/newsletter\/\/tk\/get.html?&amp;ui=33486&amp;cid=407&amp;cid=407&amp;ag=am&amp;newsid=463&amp;exid=405&amp;ui=33486&amp;cid=407&amp;cid=407&amp;linkid=1540\" target=\"_blank\" rel=\"noopener\">discorso del Presidente della Repubblica di oggi<\/a> non lascia spazio a interpretazioni. L&#8217;ultima parte dell&#8217;intervento, dopo aver ricordato le tragedie ambientali e le vittime del Vajont, \u00e8 particolarmente significativa per costruire nuovi percorsi virtuosi, con tutto il sistema-montagna, a partire dagli Enti locali, in una dimensione europea: &#8220;<em>Il territorio del nostro Paese <\/em>&#8211; ha detto il Presidente Mattarella a Belluno &#8211;<em> \u00e8 fragile e le conseguenze dell&#8217;<strong>abbandono dei territori<\/strong>, verificatosi sulle Alpi e sugli Appennini, vengono pagate, a caro prezzo, da queste zone ma anche dagli insediamenti urbani e produttivi in pianura.\u00a0<\/em><em>Occorre <strong>proseguire sulla strada di iniziative per la salvaguardia degli assetti idro-geologici<\/strong>. Queste iniziative sono state ampiamente delineate dal Parlamento in questi decenni ed \u00e8 necessario un impegno condiviso delle istituzioni ai vari livelli per svilupparli e attuarli concretamente.\u00a0<\/em><em>La tutela ambientale e idro-geologica \u00e8 amica delle persone, ne salvaguarda la vita e difende cos\u00ec il futuro delle nostre comunit\u00e0, accompagnata, come deve essere, da un uso razionale e sostenibile delle risorse esistenti nell&#8217;area.\u00a0<\/em><em><strong>Il rilancio di una politica per la montagna e le popolazioni che la abitano<\/strong> va non solo nella direzione della effettiva affermazione della eguaglianza fra i cittadini della Repubblica, ma rappresenta una sfida per il recupero pieno di aree abbandonate o sottoutilizzate, preziose per il processo di crescita dell&#8217;Italia.\u00a0<\/em><em>\u00c8 una consapevolezza che trova diffusione anche a livello continentale, confermata dalla collaborazione nell&#8217;ambito di &#8220;Euregio senza confini&#8221;, della Regione Veneto, di quella del Fri\u00f9li-Venezia Giulia, con il Land della Carinzia.\u00a0<\/em><em>Quest&#8217;anno, inoltre, sar\u00e0 esercitata dalla Lombardia la<strong> presidenza di Eusalp<\/strong> che costituisce, sin qui, l&#8217;ambito pi\u00f9 ampio di cooperazione tra Regioni, Stati e Unione Europea in tema di montagna.\u00a0<\/em><em>Rimane ancora molto <strong>strada da fare per un pi\u00f9 incisivo impegno delle istituzioni comunitarie<\/strong> in argomento, n\u00e9, sul tema della montagna, pu\u00f2 essere considerato esaustivo il riferimento all&#8217;art.174 del Trattato sul funzionamento della Ue.\u00a0<\/em><em>Ripristinare la buona salute di un territorio &#8211; come qui si sta provvedendo a fare &#8211; richiede laboriosit\u00e0 e tenacia, qualit\u00e0 che non difettano certo alle popolazioni di queste terre.\u00a0<\/em><em>Esaurita rapidamente la fase dell&#8217;emergenza con il generoso contributo del mondo del volontariato, evocato qui da Ivo Gasperin, le ragioni del recupero, per non provocare alterazioni permanenti e gravi nel tessuto del bosco, si sono fatte imperiose, con il ritorno della buona stagione.\u00a0<\/em><em>\u00c8 bene ricordare che la Prima guerra mondiale aveva prodotto devastazioni immani nel Triveneto, anche sul piano ambientale.\u00a0<\/em><em>Con impegno, in quel dopoguerra, misero radici importanti <strong>foreste e boschi divenuti &#8220;della memoria&#8221;<\/strong>. Sono quelli oggi duramente colpiti, cos\u00ec come quelli sull&#8217;<strong>altipiano tanto caro a Mario Rigoni Stern<\/strong>, che ha narrato le bellezze di queste montagne.\u00a0<\/em><em>Appartiene alla vocazione del nostro popolo saper esprimere saggezza, fermezza e industriosit\u00e0 nei momenti pi\u00f9 ardui, ed \u00e8 una tradizione forte della gente di queste contrade.\u00a0<\/em><em>Sono convinto che, ancora una volta, <strong>dalle &#8220;Terre alte&#8221; sapr\u00e0 venire un esempio di grande valore per tutta la nostra comunit\u00e0 nazionale<\/strong>, frutto del patrimonio di civilt\u00e0 accumulato nei secoli dalle genti di montagna<\/em>&#8220;.<\/p>\n<p>&nbsp;<\/p>\n<p>&nbsp;<\/p>\n<p>&nbsp;<\/p>\n<h3>ALICE E VALERIO RACCONTANO I TRISTI GIORNI AL PRESIDENTE DELLA REPUBBLICA SERGIO MATTARELLA<\/h3>\n<p>TEATRO COMUNALE DI BELLUNO<\/p>\n<p>LA VISITA DEL PRESIDENTE DELLA REPUBBLICA, IL RACCONTO DEI RAGAZZI DI ROCCA PIETORE, IL DISCORSO DEL PRESIDENTE A CHI ABITA LA MONTAGNA.<\/p>\n<audio class=\"wp-audio-shortcode\" id=\"audio-78933-7\" preload=\"none\" style=\"width: 100%;\" controls=\"controls\"><source type=\"audio\/mpeg\" src=\"http:\/\/www.radiopiu.net\/wordpress\/wp-content\/uploads\/2019\/03\/MATTARELLA.mp3?_=7\" \/><a href=\"http:\/\/www.radiopiu.net\/wordpress\/wp-content\/uploads\/2019\/03\/MATTARELLA.mp3\">http:\/\/www.radiopiu.net\/wordpress\/wp-content\/uploads\/2019\/03\/MATTARELLA.mp3<\/a><\/audio>\n<p>&nbsp;<\/p>\n<p>&nbsp;<\/p>\n<p>&nbsp;<\/p>\n<p>&nbsp;<\/p>\n<p>&nbsp;<\/p>\n<h2>ZANONI DEL PD: &#8220;DA MATTARELLA PAROLE IMPORTANTI SUI CAMBIAMENTI CLIMATICI, DA ZAIA SILENZIO&#8221;.<\/h2>\n<p><strong>VENEZIA\u00a0<\/strong> \u201cRingraziamo Mattarella per le parole sui cambiamenti climatici. Come ha sottolineato il capo dello Stato, siamo sull\u2019orlo di una crisi globale e le misure fin qui adottate hanno prodotto risultati insufficienti. Peccato che su questo tema, invece, il presidente Zaia non abbia detto assolutamente niente. Mi auguro che almeno abbia preso appunti\u201d. \u00c8 quanto afferma Andrea Zanoni, consigliere del Partito Democratico oggi a Belluno insieme al capogruppo Stefano Fracasso, ai colleghi Graziano Azzalin, Orietta Salemi e Francesca Zottis, al segretario regionale Alessandro Bisato e ai parlamentari Roger De Menech e Andrea Ferrazzi, in occasione della visita di Mattarella per commemorare le vittime della tempesta di fine ottobre. \u201cLe dichiarazioni del presidente della Repubblica, ripensando a quanto accaduto lo scorso autunno sulle nostre montagne, devono far riflettere: non possiamo parlare di eventi straordinari per giustificare la mancanza di pianificazione. Anche perch\u00e9 questi eventi sono sempre pi\u00f9 frequenti. Occorre investire per la tutela idrogeologica del nostro territorio, lo dobbiamo ai nostri figli e ai bambini come quelli che stamani erano presenti in gran numero a Belluno, fuori e dentro il teatro, dove hanno letto i loro ricordi dei giorni dell\u2019uragano. Tutti sono chiamati a dare un contributo: i singoli Stati, l\u2019Unione Europea e, per la propria parte, anche gli enti locali. Come la Regione, con le politiche su trasporti, energia e agricoltura per ridurre le emissioni che alterano il clima. Non si vive soltanto di autonomia e Prosecco\u201d.<\/p>\n<p>&nbsp;<\/p>\n<p>&nbsp;<\/p>\n<p>&nbsp;<\/p>\n<p>&nbsp;<\/p>\n<p>&nbsp;<\/p>\n<h3>GRAVISSIMO TAGLIARE GLI INCENTIVI SU BIOMASSE, BIOGAS, BIOLIQUIDI.\u00a0 MORTIFICATO IL VALORE DELLE FILIERE E DEGLI IMPRENDITORI NELLE AREE MONTANE&#8221;<\/h3>\n<blockquote><p><em>Interviene Marco Bussone, Presidente nazionale Uncem, a seguito dell&#8217;abrogazione delle disposizioni recanti estensione del periodo di incentivazione per gli impianti a biomasse, biogas e bioliquidi, sancita oggi dalla Camera dei Deputati, su proposta del Governo, all&#8217;interno della Legge Europea.<\/em><\/p><\/blockquote>\n<p><a class=\"dt-pswp-item\" href=\"http:\/\/www.radiopiu.net\/wordpress\/wp-content\/uploads\/2018\/12\/argentera_ferrere-3.jpg\" data-dt-img-description=\"\" data-large_image_width=\"865\" data-large_image_height=\"330\"><img loading=\"lazy\" decoding=\"async\" class=\"alignnone size-full wp-image-71005\" src=\"http:\/\/www.radiopiu.net\/wordpress\/wp-content\/uploads\/2018\/12\/argentera_ferrere-3.jpg\" alt=\"\" width=\"865\" height=\"330\" srcset=\"https:\/\/www.radiopiu.net\/wordpress\/wp-content\/uploads\/2018\/12\/argentera_ferrere-3.jpg 865w, https:\/\/www.radiopiu.net\/wordpress\/wp-content\/uploads\/2018\/12\/argentera_ferrere-3-300x114.jpg 300w, https:\/\/www.radiopiu.net\/wordpress\/wp-content\/uploads\/2018\/12\/argentera_ferrere-3-768x293.jpg 768w\" sizes=\"auto, (max-width: 865px) 100vw, 865px\" \/><\/a>\u00c8 un grave colpo per un settore che stava crescendo anche con piccoli impianti a dimensione di borgo alpino, provando a strutturale in autonomia delle piccole green communities &#8220;Ritengo gravissima la scelta del Governo di tagliare gli incentivi per la produzione elettrica da biomasse, biogas e bioliquidi sostenibili. La proposta \u00e8 stata approvata nella legge Europea in discussione alla Camera. La riteniamo pericolosa, in primo luogo perch\u00e9 fa saltare i piani economici-finanziari, l&#8217;erogazione di servizi ai cittadini e l&#8217;impegno di centinaia di imprenditori del Paese, in particolare nelle aree rurali e montane. Si distruggendo intere filiere energetiche proprio nel giorno in cui il Presidente Mattarella auspica una nuova attenzione per le terre alte da parte della politica. Filiere che hanno buon indotto vengono chiuse togliendo gli incentivi che servivano a sostenere impianti capaci di garantire produzione elettrica e termica, moltissime reti di teleriscaldamento nelle citt\u00e0 e nei paesi, posti di lavoro nell&#8217;approvvigionamento, riduzione di consumi di carburanti fossili, impatto ambientale nullo dovuto all&#8217;altissimo controllo di emissioni.<\/p>\n<p>&nbsp;<\/p>\n<p>&nbsp;<\/p>\n<p>&nbsp;<\/p>\n<p>&nbsp;<\/p>\n<h2>DRAMMA SPOPOLAMENTO<\/h2>\n<p><strong>DI GIANNI SANTOMASO\u00a0\u00a0<\/strong><\/p>\n<audio class=\"wp-audio-shortcode\" id=\"audio-78933-8\" preload=\"none\" style=\"width: 100%;\" controls=\"controls\"><source type=\"audio\/mpeg\" src=\"http:\/\/www.radiopiu.net\/wordpress\/wp-content\/uploads\/2019\/03\/GIANNI-2.mp3?_=8\" \/><a href=\"http:\/\/www.radiopiu.net\/wordpress\/wp-content\/uploads\/2019\/03\/GIANNI-2.mp3\">http:\/\/www.radiopiu.net\/wordpress\/wp-content\/uploads\/2019\/03\/GIANNI-2.mp3<\/a><\/audio>\n<p>&nbsp;<\/p>\n<p><strong><a class=\"dt-pswp-item\" href=\"http:\/\/www.radiopiu.net\/wordpress\/wp-content\/uploads\/2019\/01\/SISTO.jpg\" data-dt-img-description=\"\" data-large_image_width=\"620\" data-large_image_height=\"340\"><img loading=\"lazy\" decoding=\"async\" class=\"wp-image-73465 alignleft\" src=\"http:\/\/www.radiopiu.net\/wordpress\/wp-content\/uploads\/2019\/01\/SISTO.jpg\" alt=\"\" width=\"253\" height=\"139\" srcset=\"https:\/\/www.radiopiu.net\/wordpress\/wp-content\/uploads\/2019\/01\/SISTO.jpg 620w, https:\/\/www.radiopiu.net\/wordpress\/wp-content\/uploads\/2019\/01\/SISTO-300x165.jpg 300w\" sizes=\"auto, (max-width: 253px) 100vw, 253px\" \/><\/a><\/strong><\/p>\n<p><strong>AGORDO<\/strong> Nella discussione per il piano pluriennale di sviluppo 2018-23 (i consiglieri non hanno portato alcuna integrazione) la parola ricorrente \u00e8 stata quella dello spopolamento. Maurizio Troi da Colle Santa Lucia come gi\u00e0 fatto in precedenza, ha puntato il dito sul redditometro basato su un Isee che non fotografa l&#8217;Agordino con il dato medio, le differenze sono notevoli tra tutti i Comuni: Colle Santa Lucia 17 mila euro pro capite, 19.300 \u00e8 il dato medio, 22.700 quello di Agordo. Un&#8217;analisi precisa sul malessere agordino l&#8217;ha presentata il sindaco di Agordo Sisto Da Roit.<\/p>\n<audio class=\"wp-audio-shortcode\" id=\"audio-78933-9\" preload=\"none\" style=\"width: 100%;\" controls=\"controls\"><source type=\"audio\/mpeg\" src=\"http:\/\/www.radiopiu.net\/wordpress\/wp-content\/uploads\/2019\/03\/SISTO-DA-ROIT.mp3?_=9\" \/><a href=\"http:\/\/www.radiopiu.net\/wordpress\/wp-content\/uploads\/2019\/03\/SISTO-DA-ROIT.mp3\">http:\/\/www.radiopiu.net\/wordpress\/wp-content\/uploads\/2019\/03\/SISTO-DA-ROIT.mp3<\/a><\/audio>\n<p><strong>FLAVIO COLCERGNAN<\/strong><\/p>\n<audio class=\"wp-audio-shortcode\" id=\"audio-78933-10\" preload=\"none\" style=\"width: 100%;\" controls=\"controls\"><source type=\"audio\/mpeg\" src=\"http:\/\/www.radiopiu.net\/wordpress\/wp-content\/uploads\/2019\/03\/FLAVIO.mp3?_=10\" \/><a href=\"http:\/\/www.radiopiu.net\/wordpress\/wp-content\/uploads\/2019\/03\/FLAVIO.mp3\">http:\/\/www.radiopiu.net\/wordpress\/wp-content\/uploads\/2019\/03\/FLAVIO.mp3<\/a><\/audio>\n<p><strong>FABIO LUCHETTA_ANDREA DE BERNARDIN<\/strong><\/p>\n<audio class=\"wp-audio-shortcode\" id=\"audio-78933-11\" preload=\"none\" style=\"width: 100%;\" controls=\"controls\"><source type=\"audio\/mpeg\" src=\"http:\/\/www.radiopiu.net\/wordpress\/wp-content\/uploads\/2019\/03\/FABIO-E-ANDREA-1.mp3?_=11\" \/><a href=\"http:\/\/www.radiopiu.net\/wordpress\/wp-content\/uploads\/2019\/03\/FABIO-E-ANDREA-1.mp3\">http:\/\/www.radiopiu.net\/wordpress\/wp-content\/uploads\/2019\/03\/FABIO-E-ANDREA-1.mp3<\/a><\/audio>\n<p>&nbsp;<\/p>\n<p>&nbsp;<\/p>\n<p>&nbsp;<\/p>\n<p>&nbsp;<\/p>\n<h2><a class=\"dt-pswp-item\" href=\"http:\/\/www.radiopiu.net\/wordpress\/wp-content\/uploads\/2019\/03\/tessera-elettorale-3-3-2.jpg\" data-dt-img-description=\"\" data-large_image_width=\"1000\" data-large_image_height=\"540\"><img loading=\"lazy\" decoding=\"async\" class=\"wp-image-78973 alignleft\" src=\"http:\/\/www.radiopiu.net\/wordpress\/wp-content\/uploads\/2019\/03\/tessera-elettorale-3-3-2.jpg\" alt=\"\" width=\"221\" height=\"119\" srcset=\"https:\/\/www.radiopiu.net\/wordpress\/wp-content\/uploads\/2019\/03\/tessera-elettorale-3-3-2.jpg 1000w, https:\/\/www.radiopiu.net\/wordpress\/wp-content\/uploads\/2019\/03\/tessera-elettorale-3-3-2-300x162.jpg 300w, https:\/\/www.radiopiu.net\/wordpress\/wp-content\/uploads\/2019\/03\/tessera-elettorale-3-3-2-768x415.jpg 768w\" sizes=\"auto, (max-width: 221px) 100vw, 221px\" \/><\/a>NUOVE TESSERE ELETTORALI PER UN NUOVO COMUNE<\/h2>\n<p><strong>BORGOVALBELLUNA<\/strong><\/p>\n<p><strong>DI DAMIANO TORMEN<\/strong><\/p>\n<audio class=\"wp-audio-shortcode\" id=\"audio-78933-12\" preload=\"none\" style=\"width: 100%;\" controls=\"controls\"><source type=\"audio\/mpeg\" src=\"http:\/\/www.radiopiu.net\/wordpress\/wp-content\/uploads\/2019\/03\/DAMIANO-4.mp3?_=12\" \/><a href=\"http:\/\/www.radiopiu.net\/wordpress\/wp-content\/uploads\/2019\/03\/DAMIANO-4.mp3\">http:\/\/www.radiopiu.net\/wordpress\/wp-content\/uploads\/2019\/03\/DAMIANO-4.mp3<\/a><\/audio>\n<h2><\/h2>\n<h2><\/h2>\n<p>&nbsp;<\/p>\n<p>&nbsp;<\/p>\n<h2>DOPO VAIA IL 18 MARZO RIPARTE LA FORMAZIONE<\/h2>\n<p><strong><a class=\"dt-pswp-item\" href=\"http:\/\/www.radiopiu.net\/wordpress\/wp-content\/uploads\/2019\/03\/41347753_865828967140241_8863466146955788288_n.jpg\" data-dt-img-description=\"\" data-large_image_width=\"960\" data-large_image_height=\"960\"><img loading=\"lazy\" decoding=\"async\" class=\"wp-image-78958 alignleft\" src=\"http:\/\/www.radiopiu.net\/wordpress\/wp-content\/uploads\/2019\/03\/41347753_865828967140241_8863466146955788288_n.jpg\" alt=\"\" width=\"100\" height=\"100\" srcset=\"https:\/\/www.radiopiu.net\/wordpress\/wp-content\/uploads\/2019\/03\/41347753_865828967140241_8863466146955788288_n.jpg 960w, https:\/\/www.radiopiu.net\/wordpress\/wp-content\/uploads\/2019\/03\/41347753_865828967140241_8863466146955788288_n-150x150.jpg 150w, https:\/\/www.radiopiu.net\/wordpress\/wp-content\/uploads\/2019\/03\/41347753_865828967140241_8863466146955788288_n-300x300.jpg 300w, https:\/\/www.radiopiu.net\/wordpress\/wp-content\/uploads\/2019\/03\/41347753_865828967140241_8863466146955788288_n-768x768.jpg 768w\" sizes=\"auto, (max-width: 100px) 100vw, 100px\" \/><\/a><\/strong><\/p>\n<p>&nbsp;<\/p>\n<p><strong>ROCCA PIETORE<\/strong> Dopo gli eventi alluvionali con il ritorno alla normalit\u00e0 riprendono anche i corsi nell&#8217;ambito del progetto Marketing Medio e Alto Agordino. Un percorso completamente gratuito, le iscrizioni non solo sono aperte ma anche gradite. E&#8217; solo une delle notizie di cui ci informa da Dolomites Maadness, Emma Taveri.<\/p>\n<audio class=\"wp-audio-shortcode\" id=\"audio-78933-13\" preload=\"none\" style=\"width: 100%;\" controls=\"controls\"><source type=\"audio\/mpeg\" src=\"http:\/\/www.radiopiu.net\/wordpress\/wp-content\/uploads\/2019\/03\/emma-taveri.mp3?_=13\" \/><a href=\"http:\/\/www.radiopiu.net\/wordpress\/wp-content\/uploads\/2019\/03\/emma-taveri.mp3\">http:\/\/www.radiopiu.net\/wordpress\/wp-content\/uploads\/2019\/03\/emma-taveri.mp3<\/a><\/audio>\n<p>&nbsp;<\/p>\n<p>&nbsp;<\/p>\n<p>&nbsp;<\/p>\n<p>&nbsp;<\/p>\n<p>&nbsp;<\/p>\n<h2>SCHIANTI, RECUPERI AD ALLEGHE<\/h2>\n<blockquote><p><strong><a class=\"dt-pswp-item\" href=\"http:\/\/www.radiopiu.net\/wordpress\/wp-content\/uploads\/2018\/11\/46850100_2084189858316807_7711443982730919936_n.jpg\" data-dt-img-description=\"\" data-large_image_width=\"960\" data-large_image_height=\"960\"><img loading=\"lazy\" decoding=\"async\" class=\"wp-image-67685 alignleft\" src=\"http:\/\/www.radiopiu.net\/wordpress\/wp-content\/uploads\/2018\/11\/46850100_2084189858316807_7711443982730919936_n.jpg\" alt=\"\" width=\"166\" height=\"166\" srcset=\"https:\/\/www.radiopiu.net\/wordpress\/wp-content\/uploads\/2018\/11\/46850100_2084189858316807_7711443982730919936_n.jpg 960w, https:\/\/www.radiopiu.net\/wordpress\/wp-content\/uploads\/2018\/11\/46850100_2084189858316807_7711443982730919936_n-150x150.jpg 150w, https:\/\/www.radiopiu.net\/wordpress\/wp-content\/uploads\/2018\/11\/46850100_2084189858316807_7711443982730919936_n-300x300.jpg 300w, https:\/\/www.radiopiu.net\/wordpress\/wp-content\/uploads\/2018\/11\/46850100_2084189858316807_7711443982730919936_n-768x768.jpg 768w\" sizes=\"auto, (max-width: 166px) 100vw, 166px\" \/><\/a>ALLEGHE <\/strong>L&#8217;amministrazione comunale informa che sta avviando le procedure per il recupero delle piante, del legname e dei residui vegetali, derivanti dagli schianti di fine ottobre, nelle aree del territorio non soggette a valanga. Per questo i proprietari interessati dagli schianti sono invitati a dichiarare la propria volont\u00e0 in merito al recupero della massa legnosa ed al ripristino dello stato dei luoghi compresa la rimozione delle ceppaie, la raccolta delle ramaglie. Dovr\u00e0 essere presentata una dichiarazione sottoscritta presso gli uffici comunali. Il modulo \u00e8 disponibile anche sul sito del Comune. Nel caso in cui il privato non intenda asportare il materiale schiantato nel terreno di sua propriet\u00e0, provveder\u00e0 il Comune in qualit\u00e0 di soggetto attuattore e ai proprietari non spetta alcun riconoscimento economico.<\/p><\/blockquote>\n<p>&nbsp;<\/p>\n<p>&nbsp;<\/p>\n<p>&nbsp;<\/p>\n<p>&nbsp;<\/p>\n<p>&nbsp;<\/p>\n<h3>REDDITO DI CITTADINANZA: ASSESSORE DONAZZAN, \u201cMENO NAVIGATOR E PI\u00d9 COORDINAMENTO<\/h3>\n<p><strong>VENEZIA<\/strong>\u00a0 L\u2019assessore al lavoro della Regione Veneto, Elena Donazzan, esprime \u201csoddisfazione\u201d e \u201capprezzamento\u201d per il raggiunto accordo tra governo e Regioni sui Centri per l\u2019impiego e la questione dei \u2018navigator\u2019. Presente a Roma, su delega del presidente Zaia, alla Conferenza dei presidenti delle Regioni e in conferenza unificata presso la Presidenza del Consiglio dei ministri per esprimere il parere delle Regioni sul disegno di legge di conversine del decreto legge \u201cDisposizioni urgenti in materia di reddito di cittadinanza e di pensioni\u201d, l\u2019assessore Donazzan ha dato voce alla posizione del Veneto e si \u00e8 resa protagonista dell\u2019intesa raggiunta. Le Regioni dopo una articolata fase di approfondimento e trattativa tra di loro e con il ministero del lavoro \u2013 riassume Donazzan &#8211; hanno dato un parere favorevole condizionato all\u2019accoglimento di tre punti fondamentali: a) una intesa forte che ribadisce le prerogative esclusive delle Regioni in tema di formazione e concorrenti in tema di politiche del lavoro; b) l\u2019approvazione di un piano di rafforzamento delle politiche legate alla nuova misura chiamata \u2018reddito di cittadinanza\u2019; e, infine c) la semplificazione delle procedure per l\u2019assunzione degli operatori nei Centri per l\u2019Impiego di spettanza esclusiva delle regioni. \u201cIl Veneto \u2013 annota Donazzan &#8211; ha sempre partecipato attivamente ai tavoli della IX commissione della Conferenza delle Regioni, sia sul tavolo tecnico che sul tavolo politico. E la commissione ha dimostrato, al di l\u00e0 delle appartenenze politiche diverse, grande seriet\u00e0 e capacit\u00e0 politica non solo nel difendere le prerogative delle Regioni in tema di politiche del lavoro, ma soprattutto nell\u2019apportare emendamenti propositivi\u201d.<\/p>\n<p>&nbsp;<\/p>\n<p>&nbsp;<\/p>\n<p>&nbsp;<\/p>\n<p>&nbsp;<\/p>\n<h3>ACCORDO TERNA-REGIONE VENETO, ATTIVATA COMMISSIONE TECNICA DI COORDINAMENTO<\/h3>\n<p><strong>VENEZIA<\/strong>\u00a0 E\u2019 stata attivata, con provvedimento della giunta regionale, la Commissione tecnica di Coordinamento prevista dal Protocollo d\u2019intesa sottoscritto il 21 gennaio scorso tra la Regione del Veneto e TERNA S.p.A. finalizzato alla realizzazione di interventi straordinari per la sicurezza del sistema elettrico e lo sviluppo del territorio\u201d. Lo rende noto l\u2019assessore regionale allo sviluppo economico e all\u2019energia Roberto Marcato ricordando che il protocollo impegna i firmatari a svolgere azioni sinergiche per lo sviluppo sostenibile delle infrastrutture elettriche nell\u2019ambito delle proprie attivit\u00e0 istituzionali. \u201cCon questo accordo \u2013 sottolinea Marcato \u2013 abbiamo\u00a0 aperto una strada nuova e straordinaria. Consente infatti di raggiungere risultati di grande portata come l\u2019interramento dell\u2019elettrodotto Dolo-Camin, un sogno che verr\u00e0 finalmente trasformato in realt\u00e0 dopo battaglie portate avanti per molti anni. Complessivamente questo accordo vedr\u00e0 investimenti nel sistema veneto per un miliardo di euro e diventa rilevante anche per la crescita economica della nostra regione\u201d.<\/p>\n<p>&nbsp;<\/p>\n<p>&nbsp;<\/p>\n<p>&nbsp;<\/p>\n<p>&nbsp;<\/p>\n<h3>PER LA RICOSTRUZIONE DEL CASTELLO DI ALBOINO<\/h3>\n<p><strong>FELTRE<\/strong>\u00a0Oggi presso la sala consiliare del Comune di Feltre (BL), sar\u00e0 presentata alla stampa la consegna da parte del Conservatorio di musica \u201cAGOSTINO STEFFANI\u201d di Castelfranco Veneto (TV), promotore dell\u2019iniziativa, del ricavato del concerto natalizio di beneficenza (tenutosi al Teatro Comunale di Belluno il 19 dicembre 2018) in favore della ricostruzione del castello di Alboino, fortemente danneggiato dal maltempo lo scorso ottobre.<\/p>\n<p>&nbsp;<\/p>\n<p>&nbsp;<\/p>\n<p>&nbsp;<\/p>\n<h3>OGGI ASSEMBLEA DEL PARCO NAZIONALE DOLOMITI BELLUNESI<\/h3>\n<p><strong>SEDICO<\/strong>\u00a0Oggi alle 17.30 nella sala dell&#8217;Ente Parco si riunisce il consiglio direttivo. Ordine del giorno:\u00a0\u201cAffidamento a Simonetta Dalla Corte delle funzioni di direzione.\u00a0\u00a0Approvazione dello schema dell\u2019accordo quadro per la costituzione del fondo da destinare alle attivit\u00e0 di coordinamento e gestione amministrativa e tecnico finanziaria della 20^ tappa di Feltre \u2013 Croce d&#8217;Aune del Giro d&#8217;Italia del 1 giugno. \u00a0Convenzione per la gestione del Centro Visitatori del Parco \u201cIl Sasso nello Stagno\u201d e del Punto Informazioni Area Pic-nic di Pian d\u2019Avena per l\u2019anno 2019.\u00a0\u00a0Approvazione dello schema di convenzione tra l\u2019Universit\u00e0 Ca\u2019 Foscari di Venezia\u00a0\u00a0per una collaborazione nei settori dell\u2019informazione scientifica, della didattica e della ricerca, finalizzata all\u2019attuazione di un progetto di ricerca dal titolo \u201cIl gatto selvatico nel Parco Nazionale Dolomiti Bellunesi: distribuzione, ecologia e linee guida per una corretta gestione della specie\u201d.<\/p>\n<p>&nbsp;<\/p>\n<p>&nbsp;<\/p>\n<p>&nbsp;<\/p>\n<h3>RIAPRE LA SCUOLA DI TOMO<\/h3>\n<p>l&#8217;assessore ADIS ZATTA dai notiziari di RADIO PIU<\/p>\n<audio class=\"wp-audio-shortcode\" id=\"audio-78933-14\" preload=\"none\" style=\"width: 100%;\" controls=\"controls\"><source type=\"audio\/mpeg\" src=\"http:\/\/www.radiopiu.net\/wordpress\/wp-content\/uploads\/2019\/03\/ZATTA-SCUOLA-TOMO.mp3?_=14\" \/><a href=\"http:\/\/www.radiopiu.net\/wordpress\/wp-content\/uploads\/2019\/03\/ZATTA-SCUOLA-TOMO.mp3\">http:\/\/www.radiopiu.net\/wordpress\/wp-content\/uploads\/2019\/03\/ZATTA-SCUOLA-TOMO.mp3<\/a><\/audio>\n<p>&nbsp;<\/p>\n<p><strong><a class=\"dt-pswp-item\" href=\"http:\/\/www.radiopiu.net\/wordpress\/wp-content\/uploads\/2019\/03\/IMG-20190308-WA0032.jpg\" data-dt-img-description=\"\" data-large_image_width=\"1599\" data-large_image_height=\"1200\"><img loading=\"lazy\" decoding=\"async\" class=\"wp-image-78943 alignleft\" src=\"http:\/\/www.radiopiu.net\/wordpress\/wp-content\/uploads\/2019\/03\/IMG-20190308-WA0032-1024x768.jpg\" alt=\"\" width=\"205\" height=\"154\" srcset=\"https:\/\/www.radiopiu.net\/wordpress\/wp-content\/uploads\/2019\/03\/IMG-20190308-WA0032-1024x768.jpg 1024w, https:\/\/www.radiopiu.net\/wordpress\/wp-content\/uploads\/2019\/03\/IMG-20190308-WA0032-300x225.jpg 300w, https:\/\/www.radiopiu.net\/wordpress\/wp-content\/uploads\/2019\/03\/IMG-20190308-WA0032-768x576.jpg 768w, https:\/\/www.radiopiu.net\/wordpress\/wp-content\/uploads\/2019\/03\/IMG-20190308-WA0032.jpg 1599w\" sizes=\"auto, (max-width: 205px) 100vw, 205px\" \/><\/a>FELTRE\u00a0<\/strong>Scuola di Tomo nuovamente agibile dopo i lavori per i danni causati da Vaia: i piccoli alunni da ieri nelle loro aule. Ha riaperto ufficialmente i battenti ieri la scuola dell\u2019infanzia di Tomo, gravemente danneggiata dalla violentissima ondata di maltempo di fine ottobre. Durante i lavori di ripristino dell\u2019edificio, terminati la scorsa settimana, gli insegnanti e i piccoli alunni dell\u2019istituto, erano stati temporaneamente trasferiti, come si ricorder\u00e0, nei plessi di Mugnai e di Vellai per poter dare continuit\u00e0 all\u2019attivit\u00e0 didattica.\u00a0 \u00a0Gli interventi di ripristino e messa in sicurezza dell\u2019edificio hanno riguardato principalmente il tetto, compromesso in alcune parti dalle fortissime folate di vento, e la bonifica degli intonaci interni, danneggiati dalle infiltrazioni d\u2019acqua; le murature sono state asciugate con potenti deumidificatori industriali e ritinteggiate a nuovo. Il costo complessivo dell\u2019intervento \u00e8 stato sinora di quasi 80 mila euro (32 mila per il tetto e 45 mila per gli interventi sui muri), ma non \u00e8 finita qui. E\u2019 infatti alle viste, nei prossimi mesi, la sostituzione completa dei vecchi infissi con nuove strutture che garantiranno adeguati livelli di insonorizzazione e di isolamento termico. Per questo ulteriore intervento verranno utilizzate risorse per altri 50 mila euro. \u201cLa scuola dell\u2019infanzia di Tomo \u00e8 diventata \u2013 suo malgrado \u2013 uno degli edifici-simbolo del disastro causato nella nostra citt\u00e0 dalla tempesta Vaia. Anche per questo, e per dare un segnale importante che la vita riprende proprio dai pi\u00f9 piccoli, ci siamo presi l\u2019impegno di mettere il recupero dello stabile nella lista delle priorit\u00e0 assolute tra gli interventi di ripristino\u201d, commenta l\u2019assessore ai lavori pubblici del Comune di Feltre Adis Zatta. \u201cGrazie anche alla sostituzione degli infissi, programmata nei prossimi mesi, e ad un investimento complessivo di circa 130 mila euro &#8211; aggiunge Zatta \u2013 siamo in grado di restituire alla frazione di Tomo la propria scuola dell\u2019infanzia in condizioni decisamente migliori di quanto non fosse prima del drammatico evento di Vaia\u201d.<\/p>\n<p>&nbsp;<\/p>\n<p>&nbsp;<\/p>\n<p>&nbsp;<\/p>\n<h3>BORSA DI STUDIO ALLA ULSS1<\/h3>\n<blockquote><p>e&#8217; stato indetto avviso pubblico per il conferimento di una Borsa di studio nell\u2019ambito del progetto \u201c Ricerca clinica e gruppi oncologici multidisciplinari \u201c dell&#8217;Oncologia dell\u2019ospedale di Belluno, finanziata dall\u2019Associazione Italiana contro le Leucemie, linfomi e mieloma (AIL) \u2013 sezione di Belluno. L\u2019avviso scadr\u00e0 il 26 marzo. L\u2019 Oncologia dell\u2019Ospedale di Belluno, nell\u2019ambito della valutazione prospettica dei nuovi casi di neoplasia, sta sviluppando un progetto per la raccolta dei dati nelle patologie in cui la casistica \u00e8 particolarmente ricca, utile alla pianificazione di ricerche e a migliorare il livello assistenziale. La borsa di studio, del valore lordo di 14.000 euro, \u00e8 finalizzata allo svolgimento di attivit\u00e0 di studio e ricerca nell\u2019ambito della raccolta dati e della ricerca clinica spontanea e sponsorizzata ed avr\u00e0 la durata di 12 mesi. Si tratta della prosecuzione di una precedente borsa annuale, conferita sempre grazie ad un finanziamento dell\u2019AIL, conclusasi nel maggio 2018.<\/p><\/blockquote>\n<p>&nbsp;<\/p>\n<p>&nbsp;<\/p>\n<p>&nbsp;<\/p>\n<p>&nbsp;<\/p>\n<h3>OGGI ALLA RADIO alle 10.30 e 1900 in REPORTER<\/h3>\n<p><a class=\"dt-pswp-item\" href=\"http:\/\/www.radiopiu.net\/wordpress\/wp-content\/uploads\/2018\/03\/alleghe-baiteaperte.jpg\" data-dt-img-description=\"\" data-large_image_width=\"1920\" data-large_image_height=\"1080\"><img loading=\"lazy\" decoding=\"async\" class=\"alignnone size-large wp-image-44924\" src=\"http:\/\/www.radiopiu.net\/wordpress\/wp-content\/uploads\/2018\/03\/alleghe-baiteaperte-1024x576.jpg\" alt=\"\" width=\"1024\" height=\"576\" srcset=\"https:\/\/www.radiopiu.net\/wordpress\/wp-content\/uploads\/2018\/03\/alleghe-baiteaperte-1024x576.jpg 1024w, https:\/\/www.radiopiu.net\/wordpress\/wp-content\/uploads\/2018\/03\/alleghe-baiteaperte-300x169.jpg 300w, https:\/\/www.radiopiu.net\/wordpress\/wp-content\/uploads\/2018\/03\/alleghe-baiteaperte-768x432.jpg 768w, https:\/\/www.radiopiu.net\/wordpress\/wp-content\/uploads\/2018\/03\/alleghe-baiteaperte.jpg 1920w\" sizes=\"auto, (max-width: 1024px) 100vw, 1024px\" \/><\/a><strong>ALLEGHE<\/strong> Cristian Moretti e Andrea Dal Farra di Alleghe Funivie sono nostri ospiti in studio per parlarci di Baite Aperte, la fortunata manifestazione che anche quest&#8217;anno si terr\u00e0 nello Ski Civetta domenica 17 marzo. Oltre 15 baite del comprensorio ospiteranno turisti e vallligiani per un tour con gli sci per scoprire le bellezze e l&#8217;accoglienza di questi caratteristici manufatti di montagna. Il tour con le ciaspe \u00e8 gi\u00e0 sold out, mentre \u00e8 ancora possibile partecipare al tour guidato sugli sci. i dettagli nell&#8217;intervista.<\/p>\n<p>&nbsp;<\/p>\n<p>&nbsp;<\/p>\n<p>&nbsp;<\/p>\n<p>&nbsp;<\/p>\n<h3>AI MERCOLEDI DELLA SALUTE IL COMPORTAMENTO ALIMENTARE<\/h3>\n<p><strong>FELTRE.<\/strong> In occasione della giornata nazionale per i disturbi del comportamento alimentare (15 marzo), aderendo alla campagna nazionale #coloriamocidililla, l\u2019Ulss Dolomiti ha organizzato un \u201cMercoled\u00ec della salute\u201d sul tema, in collaborazione con l\u2019Associazione Margherita. Appuntamento oggi\u00a0 alle 180 nella sala convegni dell\u2019Ospedale di Feltre con lo psichiatra Cosimo Smiraglia, la psicologa Lia Lazzaro e la dietista Giovanna Foschini.<\/p>\n<p>&nbsp;<\/p>\n<p>&nbsp;<\/p>\n<p>&nbsp;<\/p>\n<h3 align=\"JUSTIFY\">GIOVEDI DELLA SALUTE IN ROSA<\/h3>\n<p>\u201cPercorso Rosa: incontro con il team della rete antiviolenza di Belluno\u201d , questo \u00e8 il titolo dell\u2019appuntamento che si terr\u00e0 domani presso la sala riunioni dell&#8217; Ospedale San Martino di Belluno, all&#8217;interno della rassegna &#8220;I Gioved\u00ec della Salute&#8221;. Interverranno gli specialisti che nel\u00a0 territorio hanno dato il via al Percorso Rosa, un percorso che si prefigge di aiutare sotto ogni aspetto la vittima di violenza al momento del suo arrivo in Pronto Soccorso.<\/p>\n<p>&nbsp;<\/p>\n<p>&nbsp;<\/p>\n<p>&nbsp;<\/p>\n<p>&nbsp;<\/p>\n<h3>14 MARZO LA GIORNATA DEL RENE<\/h3>\n<p align=\"JUSTIFY\"><span style=\"font-family: Calibri, sans-serif;\"><span style=\"font-size: medium;\"><strong><a class=\"dt-pswp-item\" href=\"http:\/\/www.radiopiu.net\/wordpress\/wp-content\/uploads\/2019\/03\/14-marzo.jpg\" data-dt-img-description=\"\" data-large_image_width=\"671\" data-large_image_height=\"960\"><img loading=\"lazy\" decoding=\"async\" class=\"wp-image-78855 alignleft\" src=\"http:\/\/www.radiopiu.net\/wordpress\/wp-content\/uploads\/2019\/03\/14-marzo.jpg\" alt=\"\" width=\"206\" height=\"295\" srcset=\"https:\/\/www.radiopiu.net\/wordpress\/wp-content\/uploads\/2019\/03\/14-marzo.jpg 671w, https:\/\/www.radiopiu.net\/wordpress\/wp-content\/uploads\/2019\/03\/14-marzo-210x300.jpg 210w\" sizes=\"auto, (max-width: 206px) 100vw, 206px\" \/><\/a>BELLUNO<\/strong>\u00a0Domani ricorrer\u00e0 la Giornata Mondiale del Rene, promossa dalla Societ\u00e0 Italiana di Nefrologia e dalla Fondazione italiana del Rene in collaborazione con la Croce Rossa Italiana, con iniziative che si terranno in tutta Italia.\u00a0<\/span><\/span><span style=\"font-size: medium; font-family: Calibri, sans-serif;\">La Nefrologia e Dialisi di Belluno aderisce a tale iniziativa, come di consuetudine negli ultimi anni.\u00a0<\/span><span style=\"font-family: Calibri, sans-serif;\"><span style=\"font-size: medium;\">La giornata ha come finalit\u00e0 l\u2019informazione alla popolazione sulla prevenzione delle patologie renali e sui fattori favorenti lo sviluppo e la progressione della malattie, nell\u2019ottica di agire sugli stili di vita e favorire lo stato di salute , nonch\u00e9 promuovere l&#8217;accesso equo e giusto alle cure , all&#8217;educazione e alla prevenzione delle malattie renali.<\/span><\/span><\/p>\n<h3><\/h3>\n<h3><\/h3>\n<h3><\/h3>\n<h3><\/h3>\n<h3>VENERDI L&#8217;OTTAVA GIORNATA NAZIONALE DEL FIOCCHETTO LILLA<\/h3>\n<p>Venerd\u00ec 15 marzo \u00e8 l\u2019ottava giornata nazionale del Fiocchetto Lilla per la sensibilizzazione sui disturbi alimentari promossa dalle associazioni di familiari di tutta Italia. A Belluno da anni opera in questo campo l\u2019Associazione Margherita Fenice con un gruppo di auto mutuo aiuto che si ritrova ogni quindici giorni. Anche quest\u2019anno vari sono stati gli aiuti ricevuti da tanti amici raccolti con un libro, un calendario, una rappresentazione teatrale, ma soprattutto il tempo e la fatica per realizzare questi eventi sono stati donati all\u2019associazione, grazie a tutti, in questo modo i progetti possono essere realizzati. A Feltre \u00e8 ripresa la collaborazione della psicologa con l\u2019ambulatorio DCA e in una scuola media \u00e8 al via un progetto di formazione per gli insegnanti. A Belluno partir\u00e0 un ciclo di incontri per i genitori delle ragazze in cura. Il \u201cProgetto Corpo\u201d studiato per ridurre i fattori di rischio di cadere in un disturbo alimentare nei ragazzi \u00e8 a disposizione di tutte le scuole medie e superiori con le psicologhe che lo propongono e i fondi dell\u2019associazione.<\/p>\n<p>&nbsp;<\/p>\n<p>&nbsp;<\/p>\n<p>&nbsp;<\/p>\n<p>&nbsp;<\/p>\n<p>&nbsp;<\/p>\n<h3>RIAPERTURA MUSEO DELLE ZOCHE, DELLA TARSIA E DELLE STAMPE ANTICHE<\/h3>\n<p><a class=\"dt-pswp-item\" href=\"http:\/\/www.radiopiu.net\/wordpress\/wp-content\/uploads\/2019\/03\/zoche2.jpg\" data-dt-img-description=\"\" data-large_image_width=\"1800\" data-large_image_height=\"1200\"><img loading=\"lazy\" decoding=\"async\" class=\"wp-image-78953 alignleft\" src=\"http:\/\/www.radiopiu.net\/wordpress\/wp-content\/uploads\/2019\/03\/zoche2-1024x683.jpg\" alt=\"\" width=\"214\" height=\"142\" srcset=\"https:\/\/www.radiopiu.net\/wordpress\/wp-content\/uploads\/2019\/03\/zoche2-1024x683.jpg 1024w, https:\/\/www.radiopiu.net\/wordpress\/wp-content\/uploads\/2019\/03\/zoche2-300x200.jpg 300w, https:\/\/www.radiopiu.net\/wordpress\/wp-content\/uploads\/2019\/03\/zoche2-768x512.jpg 768w, https:\/\/www.radiopiu.net\/wordpress\/wp-content\/uploads\/2019\/03\/zoche2.jpg 1800w\" sizes=\"auto, (max-width: 214px) 100vw, 214px\" \/><\/a>Ha riaperto dopo il periodo di chiusura invernale il Museo delle Zoche, della Tarsia e della stampe antiche di San Gregorio nelle Alpi. Si ricorda che sono collocate oltre trecento opere di una sessantina di autori, lavori in legno che sono stati esposti nelle sei edizioni della Mostra delle Zoche del 1970, 1973, 1990, 1997 e 2002. Al piano terra, nella Sala Tina Merlin, si possono ammirare un centinaio di stampe antiche a partire dal 1500 fino agli anni del 1800, donate dal conte Damiano Miari Fulcis. Il Museo \u00e8 visitabile tutte le domeniche dalle ore 15 alle 18. Possibilit\u00e0 di visite di scolaresche, gruppi e comitive telefonando al 338 8375256 o 0437 800.018. L\u2019ingresso \u00e8 libero.<\/p>\n<p>&nbsp;<\/p>\n<p>&nbsp;<\/p>\n<p>&nbsp;<\/p>\n<h2>IL MUSEO &#8220;FORMA&#8221; GLI OPERATORI TURISTICI<\/h2>\n<p>Gli operatori turistici della valle del Biois sono stati invitati\u00a0 a visitare il Museo Albino Luciani &#8220;MusAL&#8221; di Canale d&#8217;Agordo. Si tratta di una visita guidata gratuita di circa 1 ora da scegliere tra le seguenti date: 1, 2 o 5 aprile 2019 dalle 15. Gi\u00e0 inviate le lettere\u00a0per formalizzare la prenotazione.<\/p>\n<p>&nbsp;<\/p>\n<p>&nbsp;<\/p>\n<p>&nbsp;<\/p>\n<p>&nbsp;<\/p>\n<h2><a class=\"dt-pswp-item\" href=\"http:\/\/www.radiopiu.net\/wordpress\/wp-content\/uploads\/2018\/09\/appuntamenti.jpeg\" data-dt-img-description=\"\" data-large_image_width=\"800\" data-large_image_height=\"100\"><img loading=\"lazy\" decoding=\"async\" class=\"alignnone wp-image-61958 size-full\" src=\"http:\/\/www.radiopiu.net\/wordpress\/wp-content\/uploads\/2018\/09\/appuntamenti.jpeg\" alt=\"\" width=\"800\" height=\"100\" srcset=\"https:\/\/www.radiopiu.net\/wordpress\/wp-content\/uploads\/2018\/09\/appuntamenti.jpeg 800w, https:\/\/www.radiopiu.net\/wordpress\/wp-content\/uploads\/2018\/09\/appuntamenti-300x38.jpeg 300w, https:\/\/www.radiopiu.net\/wordpress\/wp-content\/uploads\/2018\/09\/appuntamenti-768x96.jpeg 768w\" sizes=\"auto, (max-width: 800px) 100vw, 800px\" \/><\/a><\/h2>\n<p>&nbsp;<\/p>\n<blockquote><p><strong>AGRIMONT AL VIA<\/strong>. A Longarone Fiere tutto \u00e8 pronto per la presentazione della 40esima edizione di Agrimont. La conferenza stampa \u00e8 stata indetta per oggi alle 11 nella sede dell&#8217;azienda agricola &#8220;Terre Delle Dolomiti&#8221; di Soverzene.<\/p><\/blockquote>\n<p>&nbsp;<\/p>\n<h2><a class=\"dt-pswp-item\" href=\"http:\/\/www.radiopiu.net\/wordpress\/wp-content\/uploads\/2019\/03\/53794372_2301282659930909_534976573724426240_n.jpg\" data-dt-img-description=\"\" data-large_image_width=\"686\" data-large_image_height=\"960\"><img loading=\"lazy\" decoding=\"async\" class=\"wp-image-78829 alignleft\" src=\"http:\/\/www.radiopiu.net\/wordpress\/wp-content\/uploads\/2019\/03\/53794372_2301282659930909_534976573724426240_n.jpg\" alt=\"\" width=\"200\" height=\"280\" srcset=\"https:\/\/www.radiopiu.net\/wordpress\/wp-content\/uploads\/2019\/03\/53794372_2301282659930909_534976573724426240_n.jpg 686w, https:\/\/www.radiopiu.net\/wordpress\/wp-content\/uploads\/2019\/03\/53794372_2301282659930909_534976573724426240_n-214x300.jpg 214w\" sizes=\"auto, (max-width: 200px) 100vw, 200px\" \/><\/a><\/h2>\n<h2>GIGI SIMONI A FALCADE CON L&#8217;INTERCLUB FACCHETTI<\/h2>\n<p>Sar\u00e0 Gigi Simoni l&#8217;ospite alla cena sociale dell&#8217;InterClub Giacinto Facchetti il prossimo 13 aprile allo Sport Hotel Cristal di Falcade. Presenter\u00e0 la sua biografia dal titolo &#8220;Simoni si nasce. Tre vite per il calcio&#8221;, raccontata da Luca Camignani, Luca Tronchetti e Rudi Ghedini. La cena, dalle 20.30 \u00e8 aperta a soci, familiari, amici, simpatizzanti, prenotazioni entro l&#8217;11aprile.<\/p>\n<p>&nbsp;<\/p>\n<p>&nbsp;<\/p>\n<blockquote><p>&nbsp;<\/p><\/blockquote>\n<p>&nbsp;<\/p>\n<p>&nbsp;<\/p>\n<h1>DOMANI AD AGORDO<\/h1>\n<p><a class=\"dt-pswp-item\" href=\"http:\/\/www.radiopiu.net\/wordpress\/wp-content\/uploads\/2019\/03\/WhatsApp-Image-2019-03-11-at-20.53.02.jpeg\" data-dt-img-description=\"\" data-large_image_width=\"757\" data-large_image_height=\"1600\"><img loading=\"lazy\" decoding=\"async\" class=\"alignnone size-large wp-image-78872\" src=\"http:\/\/www.radiopiu.net\/wordpress\/wp-content\/uploads\/2019\/03\/WhatsApp-Image-2019-03-11-at-20.53.02-484x1024.jpeg\" alt=\"\" width=\"484\" height=\"1024\" srcset=\"https:\/\/www.radiopiu.net\/wordpress\/wp-content\/uploads\/2019\/03\/WhatsApp-Image-2019-03-11-at-20.53.02-484x1024.jpeg 484w, https:\/\/www.radiopiu.net\/wordpress\/wp-content\/uploads\/2019\/03\/WhatsApp-Image-2019-03-11-at-20.53.02-142x300.jpeg 142w, https:\/\/www.radiopiu.net\/wordpress\/wp-content\/uploads\/2019\/03\/WhatsApp-Image-2019-03-11-at-20.53.02.jpeg 757w\" sizes=\"auto, (max-width: 484px) 100vw, 484px\" \/><\/a><\/p>\n<p>&nbsp;<\/p>\n<p>&nbsp;<\/p>\n<p>&nbsp;<\/p>\n<p><b>BELLUNO venerd\u00ec alle\u00a0 11.30 al MiM Belluno &#8211; Museo interattivo delle Migrazioni\u00a0 nella\u00a0<\/b>Sede dell&#8217; Associazione Bellunesi nel Mondo, sar\u00e0 presentato\u00a0 il<b> nuovo percorso a 360\u00b0 dedicato al lavoro in miniera<\/b> che arricchir\u00e0 la sala museale &#8220;Il lato dolce e amaro dell&#8217;emigrazione&#8221;.<\/p>\n<p><i>\u00abUn\u2019esperienza unica in fondo a una miniera. Tra stretti cunicoli, gallerie senza fine, angoli bui, sbarramenti impenetrabili. Rivivi in prima persona la vita dei minatori, ascolta i rumori dei carrelli, osserva le pareti oscure, immergiti a 360\u00b0 in un ambiente ai limiti dell\u2019umano. Un viaggio in un mondo ormai perduto, alla scoperta di un mestiere fatto di fatica, coraggio e determinazione. Visita un museo come non l\u2019hai mai fatto prima\u00bb.<\/i><\/p>\n<p>&nbsp;<\/p>\n<p>&nbsp;<\/p>\n<p><strong>BELLUNO<\/strong> Sabato 16 marzo alle 17,30 presso la Sala &#8221; Teatro&#8221; del Centro\u00a0 Congressi &#8221; Giovanni XXIII\u00b0&#8221;\u00a0 di Piazza Piloni &#8211; Belluno, si terr\u00e0 l&#8217;incontro sul tema\u00a0 &#8221; IL FASCISMO RACCONTATO DAI CORRISPONDENTI AMERICANI IN ITALIA&#8221;&#8221; Intervento di\u00a0 Mauro Canali\u00a0 gi\u00e0\u00a0 Professore\u00a0 Ordinario\u00a0 di\u00a0 Storia\u00a0 Contemporanea\u00a0\u00a0all&#8217;Universit\u00e0 di Camerino. Conduzione del docente Andrea Basile.<\/p>\n<p>&nbsp;<\/p>\n<p>&nbsp;<\/p>\n<p>&nbsp;<\/p>\n<p><strong>LONGARONE<\/strong> Domenica convegno regionale di apicoltura. Gli argomenti: IL Nosema e i cambiamenti climatici nella relazione del dottor Antonio Nanetti del CRAA di Bologna. \u00a0 Se in questi ultimi anni ci sono stati spopolamenti negli alveari e la produzione di miele \u00e8 stata limitata, la probabie causa \u00e8 il Nosema.<\/p>\n<p>&nbsp;<\/p>\n<h3><\/h3>\n<p><strong>BELLUNO<\/strong> In occasione della Settimana Mondiale dell\u2019Acqua\u00a0 il Rotary Club di Belluno\u00a0 propone lo spettacolo \u201cSiam mica qui a farci salvare dai panda\u2026l\u2019Ecologia come opportunit\u00e0 di benessere per tutti\u201d. Con\u00a0Michele Dotti, educaTTore, scrittore, formatore.\u00a0 Luned\u00ec 18 marzo, ore 20.30 al Giovanni XXIII a Belluno, in Piazza Piloni.<\/p>\n<p>&nbsp;<\/p>\n<p><strong>AGORDO<\/strong> Giovedi 21 marzo alle 20.30 nella saletta della Biblioteca, assemblea del comitato di Gemellaggio. L&#8217;ordine del giorno in discussione: Rendicontazione anno 2018 e approvazione bilancio; Libro per i 30 anni di gemellaggio con Zugliano;\u00a0\u00a0Programma ed organizzazione della visita dei gemelli francesi del prossimo 3-4 maggio;\u00a0\u00a0Rinnovo direttivo; Rinnovo Tesseramento per l\u2019anno 2019<\/p>\n<p>&nbsp;<\/p>\n<p>&nbsp;<\/p>\n<p><a class=\"dt-pswp-item\" href=\"http:\/\/www.radiopiu.net\/wordpress\/wp-content\/uploads\/2018\/09\/viabilita.jpeg\" data-dt-img-description=\"\" data-large_image_width=\"800\" data-large_image_height=\"100\"><img loading=\"lazy\" decoding=\"async\" class=\"alignnone size-full wp-image-61954\" src=\"http:\/\/www.radiopiu.net\/wordpress\/wp-content\/uploads\/2018\/09\/viabilita.jpeg\" alt=\"\" width=\"800\" height=\"100\" srcset=\"https:\/\/www.radiopiu.net\/wordpress\/wp-content\/uploads\/2018\/09\/viabilita.jpeg 800w, https:\/\/www.radiopiu.net\/wordpress\/wp-content\/uploads\/2018\/09\/viabilita-300x38.jpeg 300w, https:\/\/www.radiopiu.net\/wordpress\/wp-content\/uploads\/2018\/09\/viabilita-768x96.jpeg 768w\" sizes=\"auto, (max-width: 800px) 100vw, 800px\" \/><\/a><\/p>\n<p><strong>VOLTAGO<\/strong> FINO AL 5 APRILE\u00a0 tutti i giorni sabati e domeniche compresi, senso unico alternato regolato da semaforo lungo la provinciale 347 in Comune di Voltago per lavori di somma urgenza e messa in sicurezza del piano viabile.<\/p>\n<p><strong>SOSPIROLO<\/strong>\u00a0FINO AL 15 MARZO provinciale 2 della Valle del Mis chiude in localit\u00e0 Pascoli e Pian Falcina (Comune di Sospirolo) dalle 8 alle 12 e alle 13.30 alle 17.30, tutti i giorni feriali ad esclusione dei sabati, domeniche e festivi infrasettimanali. In particolare: dalle 8 alle 12 e dalle 13.30 alle 17.30 durante le lavorazioni esterne alla galleria, dalle 8 alle 17.30 nel corso delle lavorazioni in galleria. Negli altri periodi senso unico alternato regolato da impianto semaforico.<\/p>\n<p>&nbsp;<\/p>\n<p>&nbsp;<\/p>\n<h2>TOURING CLUB BELLUNO TRA I COLLI EUGANEI<\/h2>\n<p>Nella foto il gruppo Touring Club Italiano Belluno, ha effettuato una gita a Villa Bassi di Abano Terme, ora museo.<\/p>\n<p><a class=\"dt-pswp-item\" href=\"http:\/\/www.radiopiu.net\/wordpress\/wp-content\/uploads\/2019\/03\/Gruppo.jpg\" data-dt-img-description=\"\" data-large_image_width=\"2360\" data-large_image_height=\"1530\"><img loading=\"lazy\" decoding=\"async\" class=\"alignnone size-large wp-image-78970\" src=\"http:\/\/www.radiopiu.net\/wordpress\/wp-content\/uploads\/2019\/03\/Gruppo-1024x664.jpg\" alt=\"\" width=\"1024\" height=\"664\" srcset=\"https:\/\/www.radiopiu.net\/wordpress\/wp-content\/uploads\/2019\/03\/Gruppo-1024x664.jpg 1024w, https:\/\/www.radiopiu.net\/wordpress\/wp-content\/uploads\/2019\/03\/Gruppo-300x194.jpg 300w, https:\/\/www.radiopiu.net\/wordpress\/wp-content\/uploads\/2019\/03\/Gruppo-768x498.jpg 768w\" sizes=\"auto, (max-width: 1024px) 100vw, 1024px\" \/><\/a><\/p>\n<p>&nbsp;<\/p>\n<p>&nbsp;<\/p>\n<p>&nbsp;<\/p>\n<p>&nbsp;<\/p>\n<p><a class=\"dt-pswp-item\" href=\"http:\/\/www.radiopiu.net\/wordpress\/wp-content\/uploads\/2018\/09\/sport.jpg\" data-dt-img-description=\"\" data-large_image_width=\"800\" data-large_image_height=\"100\"><img loading=\"lazy\" decoding=\"async\" class=\"alignnone wp-image-60761 size-full\" src=\"http:\/\/www.radiopiu.net\/wordpress\/wp-content\/uploads\/2018\/09\/sport.jpg\" alt=\"\" width=\"800\" height=\"100\" srcset=\"https:\/\/www.radiopiu.net\/wordpress\/wp-content\/uploads\/2018\/09\/sport.jpg 800w, https:\/\/www.radiopiu.net\/wordpress\/wp-content\/uploads\/2018\/09\/sport-300x38.jpg 300w, https:\/\/www.radiopiu.net\/wordpress\/wp-content\/uploads\/2018\/09\/sport-768x96.jpg 768w\" sizes=\"auto, (max-width: 800px) 100vw, 800px\" \/><\/a><\/p>\n<p>&nbsp;<\/p>\n<h2>AGORDO: 200 ATLETI AD ACQUASPORT<\/h2>\n<p><a class=\"dt-pswp-item\" href=\"http:\/\/www.radiopiu.net\/wordpress\/wp-content\/uploads\/2019\/03\/atleti-ondablu-durante-linno.jpg\" data-dt-img-description=\"\" data-large_image_width=\"1600\" data-large_image_height=\"1200\"><img loading=\"lazy\" decoding=\"async\" class=\"wp-image-78949 alignleft\" src=\"http:\/\/www.radiopiu.net\/wordpress\/wp-content\/uploads\/2019\/03\/atleti-ondablu-durante-linno-1024x768.jpg\" alt=\"\" width=\"238\" height=\"179\" srcset=\"https:\/\/www.radiopiu.net\/wordpress\/wp-content\/uploads\/2019\/03\/atleti-ondablu-durante-linno-1024x768.jpg 1024w, https:\/\/www.radiopiu.net\/wordpress\/wp-content\/uploads\/2019\/03\/atleti-ondablu-durante-linno-300x225.jpg 300w, https:\/\/www.radiopiu.net\/wordpress\/wp-content\/uploads\/2019\/03\/atleti-ondablu-durante-linno-768x576.jpg 768w, https:\/\/www.radiopiu.net\/wordpress\/wp-content\/uploads\/2019\/03\/atleti-ondablu-durante-linno.jpg 1600w\" sizes=\"auto, (max-width: 238px) 100vw, 238px\" \/><\/a>Domenica 10 marzo la piscina comprensoriale di Agordo ha ospitato la giornata interprovinciale del circuito di nuoto e nuoto per salvamento delle province di Belluno e Treviso destra Piave. La giornata \u00e8 stata divisa in due fasi, la prima rivolta ai quasi cento giovani delle categorie giovanissimi, ragazzi e allievi e la seconda per gli altrettanti quasi cento atleti delle categorie cadetti, juniores e seniores. Cinque le societ\u00e0 presenti: Nottoli Nuoto 74 di Vittorio Veneto, Dolomiti Nuoto di Pelos di Cadore, Polisportiva Mondo Sport di Pieve di Cadore, Sportivamente Belluno e Ondablu di Agordo, Pedavena e Santa Giustina. Acquasport unisce discipline di nuoto e quelle di nuoto per salvamento ed \u00e8 una valida offerta ulteriore che viene data ai giovanissimi e giovani che intendono mantenersi in forma con una attivit\u00e0 continuativa, con allenamenti che porta loro ad apprendere anche le discipline di salvamento e permette loro di fare circa una gara al mese. Tra le gare del settore nuoto per salvamento la gara ostacoli che prevede un\u2019immersione durante la nuotata, il trasporto del torpedo e la gara di torpedo con trasporto di un compagno di squadra che si appende al torpedo (salvagente moderno) e si fa trascinare. All\u2019inizio di ciascuna delle due fasi della manifestazione come in tutti gli eventi sportivi organizzati dall\u2019Ondablu atleti, tecnici e staff hanno ascoltato l\u2019Inno d\u2019Italia mentre due atleti di ciascuna squadra tenevano in mano le bandiere d\u2019Europa, d\u2019Italia, del Coni e dell\u2019Ondablu. A seguire il saluto delle bandiere e la sfilata di tutti gli atleti prima di dare il via alle gare. Soddisfatti tutti i tecnici per il risultato dei propri atleti: Claudia Foltran per la Nottoli; Federica Gallarotti , Caterina Piazza e Vania Agnoli per la Dolomiti Nuoto; Barbara Vidori, Rosinda De Zordo e Martina Fontanelle per la Mondo Sport; Marco Sommacal e Luciano Tulimiero per la Sportivamente Belluno e Myrene Funke, Giorgio De Nardin e Laura Pria per l\u2019Ondablu.<\/p>\n<p><strong>Ecco i primi tre classificati per ogni gara e per ciascuna categoria.<\/strong><br \/>\n<a class=\"dt-pswp-item\" href=\"http:\/\/www.radiopiu.net\/wordpress\/wp-content\/uploads\/2019\/03\/atleti-durante-la-sfilataa.jpg\" data-dt-img-description=\"\" data-large_image_width=\"1600\" data-large_image_height=\"1200\"><img loading=\"lazy\" decoding=\"async\" class=\"wp-image-78948 alignleft\" src=\"http:\/\/www.radiopiu.net\/wordpress\/wp-content\/uploads\/2019\/03\/atleti-durante-la-sfilataa-1024x768.jpg\" alt=\"\" width=\"212\" height=\"159\" srcset=\"https:\/\/www.radiopiu.net\/wordpress\/wp-content\/uploads\/2019\/03\/atleti-durante-la-sfilataa-1024x768.jpg 1024w, https:\/\/www.radiopiu.net\/wordpress\/wp-content\/uploads\/2019\/03\/atleti-durante-la-sfilataa-300x225.jpg 300w, https:\/\/www.radiopiu.net\/wordpress\/wp-content\/uploads\/2019\/03\/atleti-durante-la-sfilataa-768x576.jpg 768w, https:\/\/www.radiopiu.net\/wordpress\/wp-content\/uploads\/2019\/03\/atleti-durante-la-sfilataa.jpg 1600w\" sizes=\"auto, (max-width: 212px) 100vw, 212px\" \/><\/a>Giovanissimi \u2013 Allievi- Ragazzi:<br \/>\n25 farfalla M: Elias Bomben (Ondablu), Lorenzo Della Libera e Mattia Corapi (Nottoli).\u00a0 25 farfalla F: Linda Tranquillin (Ondablu), Federica Pazienza (Mondo Sport), Greta Lambiassi (Nottoli). 50 dorso M: Federico Arseni\u00a0 Sportivamente), Tommaso Pol e Nicola Fadig\u00e1 (Ondablu). 50 dorso F: Giulia Meneghetti (Nottoli), Laura Pocchetto (Ondablu), Ilaria Del Favero (Mondo Sport). 50 stile libero M: Samuel Bozzo Doriguzzi (Dolomiti N.), Gabriele Agosti e Thomas Barp (Ondablu). 50 stile libero F: Alice Savio (Ondablu), Alice Valmassoi (Dolomiti N.), Alessia Zandon\u00e1 (Ondablu). 50 rana M: Emanuele Bottacin (Nottoli), Andreas Losito (Sportivamente), Paolo Zambelli Franz (Dolomiti N.). 50 rana F: Vera Laguna (Dolomiti), Lisa Stiz (Sportivamente), Maddalena Pagotto (Nottoli).\u00a0100 misti M: Emanuele De Luca (Sportivamente), Andrea De Luca (Nottoli), Simne Cecchin (Ondablu). 100 misti F: Angelica Sanson (Nottoli), Rebecca Tormen (Mondo Sport), Viviana Doriguzzi Bozzo (Dolomiti). 4&#215;25 stile libero M: Sportivamente Belluno (Giacomo Del Bene, Emanuele De Luca, Federico Arseni, Andreas Losito), Nottoli (Aaron Penoni, Lorenzo Della Libera, Emanuele Bottacin, Andrea De Luca), Ondablu (Elias Bomben, Tommaso Pol, Simone Cecchin, Gabriele Agosti). 4&#215;25 stile libero F: Ondablu (Alessia Zandon\u00e1, Ilaria Pasqualetto, Carlotta Gobbi, Alice Savio), Nottoli (Maddalena Pagotto, Jasmine Lucchetta, Giulia Meneghetti, Angelica Sanson), Sportivamente Belluno (Lisa Stiz, Iris Bortoluzzi, Caterina Capponi, Arianna Bogo). 50 ostacoli M: Samuel Doriguzzi Bozzo (Dolomiti), Federico Arseni (Sportivamente), Elias Bomben (Ondablu). 50 ostacoli F: Giulia Meneghetti (Nottoli), Alessia Zandon\u00e1 (Ondablu), Lara Skye Piovesana (Nottoli).<br \/>\n50 torpedo M: Gabriele Agosti (Ondablu), Thomas Barp (Ondablu), Simone Cecchin (Ondablu). 50 torpedo F: Alice Savio (Ondablu), Ambra Piccoli (Nottoli), Angelica Sanson (Nottoli). 4&#215;25 torpedo con trasporto mista: Mondo Sport (Federica Pazienza, Franceso Pazienza), Rebecca Tormen, Martin Durigon), Ondablu (Gabriele Agosti, Linda Tranquillini, Thomas Barp, Chiara Pocchetto), Nottoli (Mattia Corapi, Greta Lambiassi, Klei Elezi, Ambra Piccoli).<\/p>\n<p><strong>Juniores \u2013 Cadetti \u2013 Seniores:<\/strong><br \/>\n<a class=\"dt-pswp-item\" href=\"http:\/\/www.radiopiu.net\/wordpress\/wp-content\/uploads\/2019\/03\/le-bandiere-e-lo-staff.jpg\" data-dt-img-description=\"\" data-large_image_width=\"1600\" data-large_image_height=\"1200\"><img loading=\"lazy\" decoding=\"async\" class=\"wp-image-78947 alignleft\" src=\"http:\/\/www.radiopiu.net\/wordpress\/wp-content\/uploads\/2019\/03\/le-bandiere-e-lo-staff-1024x768.jpg\" alt=\"\" width=\"231\" height=\"173\" srcset=\"https:\/\/www.radiopiu.net\/wordpress\/wp-content\/uploads\/2019\/03\/le-bandiere-e-lo-staff-1024x768.jpg 1024w, https:\/\/www.radiopiu.net\/wordpress\/wp-content\/uploads\/2019\/03\/le-bandiere-e-lo-staff-300x225.jpg 300w, https:\/\/www.radiopiu.net\/wordpress\/wp-content\/uploads\/2019\/03\/le-bandiere-e-lo-staff-768x576.jpg 768w, https:\/\/www.radiopiu.net\/wordpress\/wp-content\/uploads\/2019\/03\/le-bandiere-e-lo-staff.jpg 1600w\" sizes=\"auto, (max-width: 231px) 100vw, 231px\" \/><\/a>25 farfalla M: Davide Crupi (ondablu), Roberto Savi (Sportivamente), Nicol\u00f2 Zappetti (Dolomiti) 25 farfalla F: Sabrina Biddau (Sportivamente), Sasha Villabruna (Ondablu), Martina Delfauro (Ondablu). 50 dorso M: Giacomo Luca Lena (Ondablu), Giovanni Bona (Sportivamente), Samuele Topran Cutin (Dolomiti)<br \/>\n50 dorso F: Sara Odolo (Sportivamente), Veronica Ausilia Zanella (Dolomiti), Lisa Tormen (Sportivamente). 50 stile libero M: Nicol\u00f3 Fadig\u00e1 (ondablu), Marco Dal Mas (Sportivamente), Matias Boccanegra (Sportivamente)<br \/>\n50 stile libero F: Alessia Zandegiacomo De Lugan (Dolomiti), Leila Bridda (Sportivamente), Alice D\u2019Inc\u00e1 (Sportivamente) 50 rana M: Francesco Capretta (Ondablu), Luca Bona (Sportivamente), Alex Fusina (Ondablu). 50 rana F: Anna Vianllo (Ondablu), Maddalena De Menego (Dolomiti), Giorgia Tomaselli (Ondablu). 100 misti M: Daniele Olivotto (Dolomiti), Lorenzo Gasperin (Sportivamente), Davide Savi (Sportivamente). 100 misti F: Annalisa Nardi (Ondablu), Giada Reverzani (Mondo Sport), Nicole Luisetto Sportivamente)<br \/>\n4&#215;25 stile libero M: Ondablu (Alex Fusina, Nicol\u00f3 Fadig\u00e1, Riccarod Xais, Francesco Capretta), Sportivamente Belluno (Matias Boccanegra, Lorenzo Gasperin, Davide Savi, Marco Dal Mas), Nottoli (Aaron Dal Bo, Diego De Luca, Riccardo Alberti, Leonardo Poser). 4&#215;25 stile libero F: Sportivamente Belluno (Alice D\u2019Inc\u00e1, Nicole Luisetto, Sara Odolo, Leila Bridda), Ondablu (Aice Bertelle, Saha Villabruna, Martina Dlfauro, Annalisa Nardi), Dolomiti Nuoto (Alessia Zandegiacomo De Lugan, Matile Masiol, Veronica Ausilia Zanella, Anna Boscaro).\u00a0 50 ostacoli M: Francesco Capretta (Ondablu), Marco Dal Mas (Sportivamente), Davide Crupi (Ondablu). 50 ostacoli F: Alessia Zandegiacomo De Lugan (Dolomiti), Annalisa Nardi (Ondablu), Leila Bridda (Sportivamente). 50 torpedo M: Nicol\u00f3 Fadig\u00e1 (ondablu), Alex Fusina (Ondablu), Lorenzo Gasperin (Sportivamente). 50 torpedo F: Sasha Villabruna (Ondablu), Giada Tonin (Ondablu) prime a pari merito, Martina Delfauro (Ondablu) 4&#215;25 torpedo con trasporto mista: Ondablu (Davide Crupi, Anna Vianello, Filippo Da Rugna, Desy Zatta), Dolomiti Nuoto (Nicol\u00f3 Zappetti, Samuele Topran Cutin, Serena De Martin, Ambra Laguna).<\/p>\n<p>&nbsp;<\/p>\n<p>&nbsp;<\/p>\n<p>&nbsp;<\/p>\n<h2><a class=\"dt-pswp-item\" href=\"http:\/\/www.radiopiu.net\/wordpress\/wp-content\/uploads\/2018\/09\/WhatsApp-Image-2018-09-20-at-16.04.06.jpeg\" data-dt-img-description=\"\" data-large_image_width=\"800\" data-large_image_height=\"100\"><img loading=\"lazy\" decoding=\"async\" class=\"alignnone wp-image-61378 size-full\" src=\"http:\/\/www.radiopiu.net\/wordpress\/wp-content\/uploads\/2018\/09\/WhatsApp-Image-2018-09-20-at-16.04.06.jpeg\" alt=\"\" width=\"800\" height=\"100\" srcset=\"https:\/\/www.radiopiu.net\/wordpress\/wp-content\/uploads\/2018\/09\/WhatsApp-Image-2018-09-20-at-16.04.06.jpeg 800w, https:\/\/www.radiopiu.net\/wordpress\/wp-content\/uploads\/2018\/09\/WhatsApp-Image-2018-09-20-at-16.04.06-300x38.jpeg 300w, https:\/\/www.radiopiu.net\/wordpress\/wp-content\/uploads\/2018\/09\/WhatsApp-Image-2018-09-20-at-16.04.06-768x96.jpeg 768w\" sizes=\"auto, (max-width: 800px) 100vw, 800px\" \/><\/a><\/h2>\n<p><center><b>Mercoledi 13<\/b><\/center><b>Tempo atteso: <\/b>Dopo le schiarite mattutine, parziale aumento della nuvolosit\u00e0 nelle ore centrali, un po&#8217; pi\u00f9 intensa al pomeriggio sulle Dolomiti, dove saranno maggiormente probabili deboli fenomeni. Probabili schiarite alla sera.<br \/>\n<b>Precipitazioni: <\/b>Al mattino assenti (0%). Sulle Prealpi non escluse del tutto deboli o debolissime precipitazioni sparse tra le ore centrali e il pomeriggio (20\/40%); sulle Dolomiti fenomeni pi\u00f9 probabili (50\/70%), sempre deboli. Limite delle deboli nevicate a 900\/1200 m, in lieve calo, specie nelle valli dolomitiche, solo in caso di fenomeni duraturi. Si tratter\u00e0 in ogni caso di fenomeni di poco conto, con al massimo 3\/7 cm di neve fresca oltre i 1200\/1400 m sulle Dolomiti.<br \/>\n<b>Temperature: <\/b>Minime stazionarie nelle valli, in aumento in quota; massime in lieve calo nelle valli, stazionarie in quota. Su Prealpi a 1500 m min -2\u00b0C max 2\u00b0C, a 2000 m min -4\u00b0C max -2\u00b0C. Su Dolomiti a 2000 m min -5\u00b0C max -2\u00b0C, a 3000 m min -12\u00b0C max -6\u00b0C.<br \/>\n<b>Venti: <\/b>Nelle valli deboli meridionali al mattino, poi deboli settentrionali al pomeriggio\/sera; in quota deboli\/moderati perlopi\u00f9 occidentali, in rotazione a Nord-Ovest alla sera, a 10-20 km\/h a 2000 m, 20-35 km\/h a 3000 m.<\/p>\n<hr \/>\n<p><center><b>Giovedi 14<\/b><\/center><b>Tempo atteso: <\/b>Tempo soleggiato al mattino, con aumento della nuvolosit\u00e0 alta e medio-alta al pomeriggio fino a cielo molto nuvoloso, anche coperto sulle Dolomiti, dove saranno probabili fenomeni piuttosto diffusi. Clima mattutino fresco con gelate diffuse anche se non intense.<br \/>\n<b>Precipitazioni: <\/b>Al mattino assenti (0%); al pomeriggio\/sera precipitazioni deboli diffuse sulle Dolomiti, specie sui settori centro-settentrionali ed in quota anche sui settori meridionali (60\/80%), mentre sulle Prealpi i fenomeni saranno perlopi\u00f9 assenti, o limitati a qualche burrasca sulle vette (30\/40%). Limite della neve a 1100\/1400 m, anche pi\u00f9 bassa al tardo pomeriggio nella fase pi\u00f9 intensa, localmente fino a 800\/1000 m su qualche settore dolomitico.<br \/>\n<b>Temperature: <\/b>Senza variazioni di rilievo. Su Prealpi a 1500 m min -1\u00b0C max 3\u00b0C, a 2000 m min -3\u00b0C max -1\u00b0C. Su Dolomiti a 2000 m min -4\u00b0C max -1\u00b0C, a 3000 m min -12\u00b0C max -6\u00b0C.<br \/>\n<b>Venti: <\/b>Nelle valli deboli, con qualche locale rinforzo di Foehn; in quota moderati, a tratti tesi sulle vette, da Ovest Nord-Ovest, a 10-25 km\/h a 2000 m, 30-50 km\/h a 3000 m.<\/p>\n<hr \/>\n<p><center><b>Venerdi 15<\/b><\/center>Fino al primo mattino nuvolosit\u00e0 piuttosto estesa, specie sulle Dolomiti, dove saranno possibili ancora deboli fenomeni, con limite della neve in rialzo a 1500\/1700 m. Su Prealpi precipitazioni assenti e nuvolosit\u00e0 in pi\u00f9 rapido diradamento, eccetto possibili nubi da sottovento in giornata. Al pomeriggio\/sera ampie schiarite e comparsa di velature. Temperature in aumento. Venti tesi nord-occidentali in quota, locale Foehn nelle valli.<\/p>\n<hr \/>\n<p><center><b>Sabato 16<\/b><\/center>Tempo perlopi\u00f9 soleggiato con cielo sereno o poco nuvoloso. Clima molto mite in quota e nelle valli assolate, con inversione termica mattutina. Venti in sensibile attenuazione. Previsore: G.M.<\/p>\n","protected":false},"excerpt":{"rendered":"<p>Proseguire sulla strada di iniziative per la salvaguardia degli assetti idrogeologici, necessario un impegno condiviso da tutte le istituzioni locali e nazionali: lo ha detto il Presidente della Repubblica Sergio Mattarella ieri in visita a Longarone e Belluno. A Longarone davanti ai superstiti del Vajont per la prima volta le scuse dallo Stato. Mattarella dichiarando&hellip;<\/p>\n","protected":false},"author":1,"featured_media":78936,"comment_status":"closed","ping_status":"closed","sticky":false,"template":"","format":"standard","meta":{"_monsterinsights_skip_tracking":false,"_monsterinsights_sitenote_active":false,"_monsterinsights_sitenote_note":"","_monsterinsights_sitenote_category":0,"footnotes":""},"categories":[1,86],"tags":[],"class_list":["post-78933","post","type-post","status-publish","format-standard","has-post-thumbnail","hentry","category-senza-categoria","category-gr","category-1","category-86","description-off"],"img_url":"https:\/\/www.radiopiu.net\/wordpress\/wp-content\/uploads\/2019\/03\/WhatsApp-Image-2019-03-12-at-15.13.30-e1552401238228.jpeg","_links":{"self":[{"href":"https:\/\/www.radiopiu.net\/wordpress\/wp-json\/wp\/v2\/posts\/78933","targetHints":{"allow":["GET"]}}],"collection":[{"href":"https:\/\/www.radiopiu.net\/wordpress\/wp-json\/wp\/v2\/posts"}],"about":[{"href":"https:\/\/www.radiopiu.net\/wordpress\/wp-json\/wp\/v2\/types\/post"}],"author":[{"embeddable":true,"href":"https:\/\/www.radiopiu.net\/wordpress\/wp-json\/wp\/v2\/users\/1"}],"replies":[{"embeddable":true,"href":"https:\/\/www.radiopiu.net\/wordpress\/wp-json\/wp\/v2\/comments?post=78933"}],"version-history":[{"count":0,"href":"https:\/\/www.radiopiu.net\/wordpress\/wp-json\/wp\/v2\/posts\/78933\/revisions"}],"wp:featuredmedia":[{"embeddable":true,"href":"https:\/\/www.radiopiu.net\/wordpress\/wp-json\/wp\/v2\/media\/78936"}],"wp:attachment":[{"href":"https:\/\/www.radiopiu.net\/wordpress\/wp-json\/wp\/v2\/media?parent=78933"}],"wp:term":[{"taxonomy":"category","embeddable":true,"href":"https:\/\/www.radiopiu.net\/wordpress\/wp-json\/wp\/v2\/categories?post=78933"},{"taxonomy":"post_tag","embeddable":true,"href":"https:\/\/www.radiopiu.net\/wordpress\/wp-json\/wp\/v2\/tags?post=78933"}],"curies":[{"name":"wp","href":"https:\/\/api.w.org\/{rel}","templated":true}]}}