{"id":79121,"date":"2019-03-15T06:18:22","date_gmt":"2019-03-15T05:18:22","guid":{"rendered":"http:\/\/www.radiopiu.net\/wordpress\/?p=79121"},"modified":"2019-03-15T06:43:26","modified_gmt":"2019-03-15T05:43:26","slug":"con-in-fondi-di-confine-lunione-montana-acquista-immobili-da-affittare","status":"publish","type":"post","link":"https:\/\/www.radiopiu.net\/wordpress\/con-in-fondi-di-confine-lunione-montana-acquista-immobili-da-affittare\/","title":{"rendered":"CON IN FONDI DI CONFINE L&#8217;UNIONE MONTANA ACQUISTA IMMOBILI DA AFFITTARE"},"content":{"rendered":"<p>&nbsp;<\/p>\n<h3>STRADE SILVO PASTORALI, ELENCO DI AUSPICI<\/h3>\n<p><strong><a class=\"dt-pswp-item\" href=\"http:\/\/www.radiopiu.net\/wordpress\/wp-content\/uploads\/2018\/12\/WhatsApp-Image-2018-12-05-at-04.50.34.jpeg\" data-dt-img-description=\"\" data-large_image_width=\"1599\" data-large_image_height=\"1200\"><img loading=\"lazy\" decoding=\"async\" class=\"wp-image-68346 alignleft\" src=\"http:\/\/www.radiopiu.net\/wordpress\/wp-content\/uploads\/2018\/12\/WhatsApp-Image-2018-12-05-at-04.50.34-1024x768.jpeg\" alt=\"\" width=\"160\" height=\"120\" srcset=\"https:\/\/www.radiopiu.net\/wordpress\/wp-content\/uploads\/2018\/12\/WhatsApp-Image-2018-12-05-at-04.50.34-1024x768.jpeg 1024w, https:\/\/www.radiopiu.net\/wordpress\/wp-content\/uploads\/2018\/12\/WhatsApp-Image-2018-12-05-at-04.50.34-300x225.jpeg 300w, https:\/\/www.radiopiu.net\/wordpress\/wp-content\/uploads\/2018\/12\/WhatsApp-Image-2018-12-05-at-04.50.34-768x576.jpeg 768w, https:\/\/www.radiopiu.net\/wordpress\/wp-content\/uploads\/2018\/12\/WhatsApp-Image-2018-12-05-at-04.50.34.jpeg 1599w\" sizes=\"auto, (max-width: 160px) 100vw, 160px\" \/><\/a>AGORDO<\/strong> Il consiglio dell&#8217;Unione Montana ha approvato il nuovo elenco delle strade silvo pastorali, Rivamonte ne inserisce 8 di nuove. Ma Vaia ha cambiato i connotati all&#8217;ambiente e le strade silvo pastorali diventano fondamentali per la ricostruzione<\/p>\n<p><strong>IL DIBATTITO IN UNIONE MONTANA, IL PRESIDENTE FABIO LUCHETTA<\/strong><\/p>\n<audio class=\"wp-audio-shortcode\" id=\"audio-79121-1\" preload=\"none\" style=\"width: 100%;\" controls=\"controls\"><source type=\"audio\/mpeg\" src=\"http:\/\/www.radiopiu.net\/wordpress\/wp-content\/uploads\/2019\/03\/LUCHETTA.mp3?_=1\" \/><a href=\"http:\/\/www.radiopiu.net\/wordpress\/wp-content\/uploads\/2019\/03\/LUCHETTA.mp3\">http:\/\/www.radiopiu.net\/wordpress\/wp-content\/uploads\/2019\/03\/LUCHETTA.mp3<\/a><\/audio>\n<p>&nbsp;<\/p>\n<p>&nbsp;<\/p>\n<h2>L&#8217;UNIONE MONTANA PER LA COOPERATIVA<\/h2>\n<blockquote><p><strong><a class=\"dt-pswp-item\" href=\"http:\/\/www.radiopiu.net\/wordpress\/wp-content\/uploads\/2018\/07\/UNIONE-MONTANA.jpg\" data-dt-img-description=\"\" data-large_image_width=\"464\" data-large_image_height=\"660\"><img loading=\"lazy\" decoding=\"async\" class=\"wp-image-53717 alignleft\" src=\"http:\/\/www.radiopiu.net\/wordpress\/wp-content\/uploads\/2018\/07\/UNIONE-MONTANA.jpg\" alt=\"\" width=\"76\" height=\"108\" srcset=\"https:\/\/www.radiopiu.net\/wordpress\/wp-content\/uploads\/2018\/07\/UNIONE-MONTANA.jpg 464w, https:\/\/www.radiopiu.net\/wordpress\/wp-content\/uploads\/2018\/07\/UNIONE-MONTANA-211x300.jpg 211w\" sizes=\"auto, (max-width: 76px) 100vw, 76px\" \/><\/a>AGORDO <\/strong>L&#8217;Unione Montana prevede di dare in affitto i locali per attivit\u00e0 economiche locali. Per questo ha inserito in bilancio un progetto per la realizzazione di locali agro alimentari, operazione con i Fondi di Confine, ovvero l&#8217;acquisto dell&#8217;immobile da dare poi in affitto alla Cooperativa Agricola Agordina. Il presidente Fabio Luchetta.<strong><\/p>\n<p><\/strong><\/p><\/blockquote>\n<audio class=\"wp-audio-shortcode\" id=\"audio-79121-2\" preload=\"none\" style=\"width: 100%;\" controls=\"controls\"><source type=\"audio\/mpeg\" src=\"http:\/\/www.radiopiu.net\/wordpress\/wp-content\/uploads\/2019\/03\/luchetta-coop.mp3?_=2\" \/><a href=\"http:\/\/www.radiopiu.net\/wordpress\/wp-content\/uploads\/2019\/03\/luchetta-coop.mp3\">http:\/\/www.radiopiu.net\/wordpress\/wp-content\/uploads\/2019\/03\/luchetta-coop.mp3<\/a><\/audio>\n<p>&nbsp;<\/p>\n<p>&nbsp;<\/p>\n<p>&nbsp;<\/p>\n<p>&nbsp;<\/p>\n<h2>IL BILANCIO DELL&#8217;UNIONE MONTANA<\/h2>\n<p><strong><a class=\"dt-pswp-item\" href=\"http:\/\/www.radiopiu.net\/wordpress\/wp-content\/uploads\/2018\/12\/WhatsApp-Image-2018-12-05-at-04.49.57.jpeg\" data-dt-img-description=\"\" data-large_image_width=\"1599\" data-large_image_height=\"1200\"><img loading=\"lazy\" decoding=\"async\" class=\"wp-image-68345 alignleft\" src=\"http:\/\/www.radiopiu.net\/wordpress\/wp-content\/uploads\/2018\/12\/WhatsApp-Image-2018-12-05-at-04.49.57-1024x768.jpeg\" alt=\"\" width=\"181\" height=\"136\" srcset=\"https:\/\/www.radiopiu.net\/wordpress\/wp-content\/uploads\/2018\/12\/WhatsApp-Image-2018-12-05-at-04.49.57-1024x768.jpeg 1024w, https:\/\/www.radiopiu.net\/wordpress\/wp-content\/uploads\/2018\/12\/WhatsApp-Image-2018-12-05-at-04.49.57-300x225.jpeg 300w, https:\/\/www.radiopiu.net\/wordpress\/wp-content\/uploads\/2018\/12\/WhatsApp-Image-2018-12-05-at-04.49.57-768x576.jpeg 768w, https:\/\/www.radiopiu.net\/wordpress\/wp-content\/uploads\/2018\/12\/WhatsApp-Image-2018-12-05-at-04.49.57.jpeg 1599w\" sizes=\"auto, (max-width: 181px) 100vw, 181px\" \/><\/a>AGORDO <\/strong>Prudenza, questa la parola che guida la mano di chi firma il bilancio anche perch\u00e9 i finanziamenti non sono n\u00e8 noti n\u00e8 certi. Cinquantamila euro per i danni di\u00a0 Vaia. Oltre un milione per la palestra di Narae e si riparla di piste ciclabili della Conca Agordina<\/p>\n<p><strong>IL PRESIDENTE DELL&#8217;UNIONE MONTANA FABIO LUCHETTA<\/strong><\/p>\n<audio class=\"wp-audio-shortcode\" id=\"audio-79121-3\" preload=\"none\" style=\"width: 100%;\" controls=\"controls\"><source type=\"audio\/mpeg\" src=\"http:\/\/www.radiopiu.net\/wordpress\/wp-content\/uploads\/2019\/03\/luchetta-bilancio.mp3?_=3\" \/><a href=\"http:\/\/www.radiopiu.net\/wordpress\/wp-content\/uploads\/2019\/03\/luchetta-bilancio.mp3\">http:\/\/www.radiopiu.net\/wordpress\/wp-content\/uploads\/2019\/03\/luchetta-bilancio.mp3<\/a><\/audio>\n<p>&nbsp;<\/p>\n","protected":false},"excerpt":{"rendered":"<p>&nbsp; STRADE SILVO PASTORALI, ELENCO DI AUSPICI AGORDO Il consiglio dell&#8217;Unione Montana ha approvato il nuovo elenco delle strade silvo pastorali, Rivamonte ne inserisce 8 di nuove. Ma Vaia ha cambiato i connotati all&#8217;ambiente e le strade silvo pastorali diventano fondamentali per la ricostruzione IL DIBATTITO IN UNIONE MONTANA, IL PRESIDENTE FABIO LUCHETTA &nbsp; &nbsp;&hellip;<\/p>\n","protected":false},"author":1,"featured_media":68346,"comment_status":"closed","ping_status":"closed","sticky":false,"template":"","format":"standard","meta":{"_monsterinsights_skip_tracking":false,"_monsterinsights_sitenote_active":false,"_monsterinsights_sitenote_note":"","_monsterinsights_sitenote_category":0,"footnotes":""},"categories":[49],"tags":[],"class_list":["post-79121","post","type-post","status-publish","format-standard","has-post-thumbnail","hentry","category-news-18","category-49","description-off"],"img_url":"https:\/\/www.radiopiu.net\/wordpress\/wp-content\/uploads\/2018\/12\/WhatsApp-Image-2018-12-05-at-04.50.34.jpeg","_links":{"self":[{"href":"https:\/\/www.radiopiu.net\/wordpress\/wp-json\/wp\/v2\/posts\/79121","targetHints":{"allow":["GET"]}}],"collection":[{"href":"https:\/\/www.radiopiu.net\/wordpress\/wp-json\/wp\/v2\/posts"}],"about":[{"href":"https:\/\/www.radiopiu.net\/wordpress\/wp-json\/wp\/v2\/types\/post"}],"author":[{"embeddable":true,"href":"https:\/\/www.radiopiu.net\/wordpress\/wp-json\/wp\/v2\/users\/1"}],"replies":[{"embeddable":true,"href":"https:\/\/www.radiopiu.net\/wordpress\/wp-json\/wp\/v2\/comments?post=79121"}],"version-history":[{"count":0,"href":"https:\/\/www.radiopiu.net\/wordpress\/wp-json\/wp\/v2\/posts\/79121\/revisions"}],"wp:featuredmedia":[{"embeddable":true,"href":"https:\/\/www.radiopiu.net\/wordpress\/wp-json\/wp\/v2\/media\/68346"}],"wp:attachment":[{"href":"https:\/\/www.radiopiu.net\/wordpress\/wp-json\/wp\/v2\/media?parent=79121"}],"wp:term":[{"taxonomy":"category","embeddable":true,"href":"https:\/\/www.radiopiu.net\/wordpress\/wp-json\/wp\/v2\/categories?post=79121"},{"taxonomy":"post_tag","embeddable":true,"href":"https:\/\/www.radiopiu.net\/wordpress\/wp-json\/wp\/v2\/tags?post=79121"}],"curies":[{"name":"wp","href":"https:\/\/api.w.org\/{rel}","templated":true}]}}