{"id":79159,"date":"2019-03-15T06:20:25","date_gmt":"2019-03-15T05:20:25","guid":{"rendered":"http:\/\/www.radiopiu.net\/wordpress\/?p=79159"},"modified":"2019-03-16T05:59:18","modified_gmt":"2019-03-16T04:59:18","slug":"il-comitato-marmolada-chiarisce-e-ribadisce-al-sindaco-andrea-de-bernardin","status":"publish","type":"post","link":"https:\/\/www.radiopiu.net\/wordpress\/il-comitato-marmolada-chiarisce-e-ribadisce-al-sindaco-andrea-de-bernardin\/","title":{"rendered":"IL COMITATO MARMOLADA CHIARISCE E RIBADISCE AL SINDACO ANDREA DE BERNARDIN"},"content":{"rendered":"<h2><\/h2>\n<p><strong><a class=\"dt-pswp-item\" href=\"http:\/\/www.radiopiu.net\/wordpress\/wp-content\/uploads\/2018\/12\/Marmolada_Sottoguda.jpg\" data-dt-img-description=\"\" data-large_image_width=\"5760\" data-large_image_height=\"3840\"><img loading=\"lazy\" decoding=\"async\" class=\"wp-image-68368 alignleft\" src=\"http:\/\/www.radiopiu.net\/wordpress\/wp-content\/uploads\/2018\/12\/Marmolada_Sottoguda-1024x683.jpg\" alt=\"\" width=\"236\" height=\"157\" srcset=\"https:\/\/www.radiopiu.net\/wordpress\/wp-content\/uploads\/2018\/12\/Marmolada_Sottoguda-1024x683.jpg 1024w, https:\/\/www.radiopiu.net\/wordpress\/wp-content\/uploads\/2018\/12\/Marmolada_Sottoguda-300x200.jpg 300w, https:\/\/www.radiopiu.net\/wordpress\/wp-content\/uploads\/2018\/12\/Marmolada_Sottoguda-768x512.jpg 768w\" sizes=\"auto, (max-width: 236px) 100vw, 236px\" \/><\/a>ROCCA PIETORE<\/strong> Apprendiamo con stupore e rammarico le dichiarazioni rese alla stampa del Sindaco uscente Andrea de Bernardin, nella cui esposizione egli accusa, in maniera fantasiosa ed alquanto ingenerosa gli operatori turistici di averlo gravemente attaccato ed essere la causa della sua passeggera titubanza nel ricandidarsi per il suo terzo mandato.<br \/>\nPremesso che il nostro gruppo si \u00e8 formato NON con finalit\u00e0 politiche e tantomeno per contrapporsi all\u2019attuale amministrazione, cosa peraltro mai avvenuta, ma al contrario per coordinarsi e condividere scelte che in primis ricadono sulle nostre attivit\u00e0.\u00a0 Purtroppo per\u00f2 constatiamo che il Sindaco, nelle sue ripetute dichiarazioni continua ad esprimere tutto il suo disappunto nei confronti della nostra categoria negando in maniera alquanto decisa la sua vicinanza ai nostri problemi e il suo appoggio.<br \/>\nMolte sono le strutture ricettive, della ristorazione, dei negozi, della scuola di sci che formano questo comitato, e che da anni soffrono una situazione di costante declino e non possiamo accettare ora, dopo aver espresso il nostro disagio e chiesto vicinanza da parte dell\u2019amministrazione, di essere additati in modo alquanto scorretto come \u201cil partito degli albergatori\u201d.<br \/>\nRibadiamo che non siamo e non vogliamo essere il capro espiatorio di nessuno, ma vogliamo essere considerati, come accade in tutti i Comuni a vocazione Turistica, il volano per nuove opportunit\u00e0 , per il bene della nostra comunit\u00e0.<\/p>\n<p>&nbsp;<\/p>\n<h2>LA RISPOSTA DEL SINDACO<\/h2>\n<p><em>Radio Pi\u00f9 attende una mia risposta che non dar\u00f2. Ho gi\u00e0 detto quello che pensavo e continuo a lavorare in questi ultimi 2 mesi di legislatura. Sono davvero troppi i problemi da risolvere sul nostro territorio devastato. Se non va bene quello che ho fatto e sto facendo, l&#8217;occasione \u00e8 propizia. Proporre un candidato che governi il Comune nei prossimi cinque anni. Questa \u00e8 democrazia. Il resto sono chiacchiere.\u00a0E confesso che sono stanco e a tratti triste per non essere capace di fare di pi\u00f9. Piange il cuore vedere come due ore di alluvione e vento ci abbiano messo in ginocchio. La ricostruzione sar\u00e0 lunga e difficile. Questa \u00e8 la realt\u00e0<\/em><\/p>\n<p>&nbsp;<\/p>\n","protected":false},"excerpt":{"rendered":"<p>ROCCA PIETORE Apprendiamo con stupore e rammarico le dichiarazioni rese alla stampa del Sindaco uscente Andrea de Bernardin, nella cui esposizione egli accusa, in maniera fantasiosa ed alquanto ingenerosa gli operatori turistici di averlo gravemente attaccato ed essere la causa della sua passeggera titubanza nel ricandidarsi per il suo terzo mandato. Premesso che il nostro&hellip;<\/p>\n","protected":false},"author":1,"featured_media":68368,"comment_status":"closed","ping_status":"closed","sticky":false,"template":"","format":"standard","meta":{"_monsterinsights_skip_tracking":false,"_monsterinsights_sitenote_active":false,"_monsterinsights_sitenote_note":"","_monsterinsights_sitenote_category":0,"footnotes":""},"categories":[49],"tags":[],"class_list":["post-79159","post","type-post","status-publish","format-standard","has-post-thumbnail","hentry","category-news-18","category-49","description-off"],"img_url":"https:\/\/www.radiopiu.net\/wordpress\/wp-content\/uploads\/2018\/12\/Marmolada_Sottoguda.jpg","_links":{"self":[{"href":"https:\/\/www.radiopiu.net\/wordpress\/wp-json\/wp\/v2\/posts\/79159","targetHints":{"allow":["GET"]}}],"collection":[{"href":"https:\/\/www.radiopiu.net\/wordpress\/wp-json\/wp\/v2\/posts"}],"about":[{"href":"https:\/\/www.radiopiu.net\/wordpress\/wp-json\/wp\/v2\/types\/post"}],"author":[{"embeddable":true,"href":"https:\/\/www.radiopiu.net\/wordpress\/wp-json\/wp\/v2\/users\/1"}],"replies":[{"embeddable":true,"href":"https:\/\/www.radiopiu.net\/wordpress\/wp-json\/wp\/v2\/comments?post=79159"}],"version-history":[{"count":0,"href":"https:\/\/www.radiopiu.net\/wordpress\/wp-json\/wp\/v2\/posts\/79159\/revisions"}],"wp:featuredmedia":[{"embeddable":true,"href":"https:\/\/www.radiopiu.net\/wordpress\/wp-json\/wp\/v2\/media\/68368"}],"wp:attachment":[{"href":"https:\/\/www.radiopiu.net\/wordpress\/wp-json\/wp\/v2\/media?parent=79159"}],"wp:term":[{"taxonomy":"category","embeddable":true,"href":"https:\/\/www.radiopiu.net\/wordpress\/wp-json\/wp\/v2\/categories?post=79159"},{"taxonomy":"post_tag","embeddable":true,"href":"https:\/\/www.radiopiu.net\/wordpress\/wp-json\/wp\/v2\/tags?post=79159"}],"curies":[{"name":"wp","href":"https:\/\/api.w.org\/{rel}","templated":true}]}}