{"id":79210,"date":"2019-03-16T05:58:00","date_gmt":"2019-03-16T04:58:00","guid":{"rendered":"http:\/\/www.radiopiu.net\/wordpress\/?p=79210"},"modified":"2019-03-16T11:34:09","modified_gmt":"2019-03-16T10:34:09","slug":"giornale-radiopiu-16-marzo-2019-direttore-mirko-mezzacasa","status":"publish","type":"post","link":"https:\/\/www.radiopiu.net\/wordpress\/giornale-radiopiu-16-marzo-2019-direttore-mirko-mezzacasa\/","title":{"rendered":"GIORNALE RADIOPIU 16 MARZO 2019, DIRETTORE MIRKO MEZZACASA"},"content":{"rendered":"<p>Migliaia di <strong>studenti in piazza<\/strong> a Belluno e Feltre, successo dei giovani, una delegazione ricevuta dal Prefetto per chiedere anche una provincia carbon neutral. Pubblichiamo la lettera consegnata ad amministratori ed autorit\u00e0. Lo zio finisce in carcere per aver usato <strong>violenza sulla nipotina<\/strong> di 10 anni, il 58enne straniero fermato dai Carabinieri, era barricato al buio in un appartamento cercando di nascondersi. I <strong>mondiali 2023 di canoa<\/strong> si terranno ad Auronzo, la decisione presa ieri a Pechino. Ancora <strong>lupi in Alpago<\/strong>, ne da notizia il Corriere delle Alpi con le foto di Luca Zanchetta dal Cansiglio che ha immortalato due animali con la fototrappola. Societ\u00e0 Nuova in campo nel ricordo di <strong>Martina Bonavera\u00a0<\/strong>convocati: Enrico, Fabio, Nicola, Marco, Luca, Claudio, Mauro e Vincenzo del centro diurno per persone disabili di Belluno. L&#8217;elisoccorso di Pieve di Cadore ha lanciato il progetto <strong>&#8220;uniti per sempre&#8221;\u00a0<\/strong>per mettere in sicurezza un tratto sul Rio Gere, sfere segnaletiche su quei cavi che 10 anni fa uccisero Stefano, Dario, Fabio e Marco.<\/p>\n<p>&nbsp;<\/p>\n<p>&nbsp;<\/p>\n<p>&nbsp;<\/p>\n<h2>L&#8217;ORCO&#8230;DI FAMIGLIA. VIOLENZA SU UNA PICCOLA DI 10 ANNI. L&#8217;AUTORE IN CARCERE<\/h2>\n<p><strong><a class=\"dt-pswp-item\" href=\"http:\/\/www.radiopiu.net\/wordpress\/wp-content\/uploads\/2019\/03\/oppression-458621_960_720-1.jpg\" data-dt-img-description=\"\" data-large_image_width=\"960\" data-large_image_height=\"640\"><img loading=\"lazy\" decoding=\"async\" class=\"wp-image-79295 alignleft\" src=\"http:\/\/www.radiopiu.net\/wordpress\/wp-content\/uploads\/2019\/03\/oppression-458621_960_720-1.jpg\" alt=\"\" width=\"211\" height=\"141\" srcset=\"https:\/\/www.radiopiu.net\/wordpress\/wp-content\/uploads\/2019\/03\/oppression-458621_960_720-1.jpg 960w, https:\/\/www.radiopiu.net\/wordpress\/wp-content\/uploads\/2019\/03\/oppression-458621_960_720-1-300x200.jpg 300w, https:\/\/www.radiopiu.net\/wordpress\/wp-content\/uploads\/2019\/03\/oppression-458621_960_720-1-768x512.jpg 768w\" sizes=\"auto, (max-width: 211px) 100vw, 211px\" \/><\/a>BELLUNO<\/strong> Sconcertante e preoccupante in Valbelluna, una piccola fatta oggetto di attenzioni da un &#8220;amico&#8221; di famiglia senza lavoro se non quello di accudire i figli degli altri. Ma la mamma \u00e8 la mamma e quando qualche cosa non va \u00e8 la prima ad alzare l&#8217;attenzione e cos\u00ec \u00e8 stato. Un grave caso di violenza nei confronti di una piccola che non ha ancora compiuto i 10 anni. L&#8217;autore della violenza \u00e8 gi\u00e0 in carcere a Pordenone, lo hanno fermato i Carabinieri mentre tentava di nascondersi con la moglie in casa di connoazionali, \u00e8 il marito della zia della bambina offesa. Extracomunitario di 58 anni, regolarmente in Italia grazie alle leggi sul ricongiungimento familiare.<em> \u00a0&#8220;Abbiamo attivato il protocollo previsto dalla legge con il nucleo operativo specializzato dei Carabinieri di Belluno&#8221;<\/em> ha spiegato il Maggiore Marco Stabile (FOTO) che non manca di invitare le famiglie a stare attenti, soprattutto agli &#8220;amici&#8221; di famiglia..<\/p>\n<blockquote><p><strong><a class=\"dt-pswp-item\" href=\"http:\/\/www.radiopiu.net\/wordpress\/wp-content\/uploads\/2019\/03\/WhatsApp-Image-2019-03-16-at-05.41.56.jpeg\" data-dt-img-description=\"\" data-large_image_width=\"1599\" data-large_image_height=\"799\"><img loading=\"lazy\" decoding=\"async\" class=\"wp-image-79323 alignleft\" src=\"http:\/\/www.radiopiu.net\/wordpress\/wp-content\/uploads\/2019\/03\/WhatsApp-Image-2019-03-16-at-05.41.56-1024x512.jpeg\" alt=\"\" width=\"198\" height=\"99\" srcset=\"https:\/\/www.radiopiu.net\/wordpress\/wp-content\/uploads\/2019\/03\/WhatsApp-Image-2019-03-16-at-05.41.56-1024x512.jpeg 1024w, https:\/\/www.radiopiu.net\/wordpress\/wp-content\/uploads\/2019\/03\/WhatsApp-Image-2019-03-16-at-05.41.56-300x150.jpeg 300w, https:\/\/www.radiopiu.net\/wordpress\/wp-content\/uploads\/2019\/03\/WhatsApp-Image-2019-03-16-at-05.41.56-768x384.jpeg 768w, https:\/\/www.radiopiu.net\/wordpress\/wp-content\/uploads\/2019\/03\/WhatsApp-Image-2019-03-16-at-05.41.56.jpeg 1599w\" sizes=\"auto, (max-width: 198px) 100vw, 198px\" \/><\/a>La bimba avrebbe raccontato ai propri genitori ad un giorno di distanza lo spregevole episodio patito, \u00e8 stata visitata al pronto soccorso dell&#8217;ospedale di Belluno. I Carabinieri avrebbero raccolto consistenti indizi di responsabilit\u00e0 a carico dell&#8217;uomo che non appena ha saputo di essere stato denunciato \u00e8 sparito per poi essere arrestato e tradotto in carcere.<\/strong><\/p><\/blockquote>\n<p>&nbsp;<\/p>\n<p>&nbsp;<\/p>\n<p>I Vigili del fuoco del Distaccamento di Pieve di Cadore sono intervenuti alle 4 sulla Alemagna nel comune di Pieve di Cadore per un incidente stradale che ha coinvolto in modo autonomo un mezzo pesante che trasportava latte in confezioni. Il conducente \u00e8 rimasto ferito lievemente.\u00a0 Dopo la messa in sicurezza del mezzo e della strada \u00e8 stata effettuata la sua rimozione con l&#8217;ausilio dell&#8217;Autogru arrivata dalla Sede Centrale di Belluno.<\/p>\n<p><a class=\"dt-pswp-item\" href=\"http:\/\/www.radiopiu.net\/wordpress\/wp-content\/uploads\/2019\/03\/photo_2019-03-16_04-26-08.jpg\" data-dt-img-description=\"\" data-large_image_width=\"940\" data-large_image_height=\"735\"><img loading=\"lazy\" decoding=\"async\" class=\"alignnone size-full wp-image-79344\" src=\"http:\/\/www.radiopiu.net\/wordpress\/wp-content\/uploads\/2019\/03\/photo_2019-03-16_04-26-08.jpg\" alt=\"\" width=\"940\" height=\"735\" srcset=\"https:\/\/www.radiopiu.net\/wordpress\/wp-content\/uploads\/2019\/03\/photo_2019-03-16_04-26-08.jpg 940w, https:\/\/www.radiopiu.net\/wordpress\/wp-content\/uploads\/2019\/03\/photo_2019-03-16_04-26-08-300x235.jpg 300w, https:\/\/www.radiopiu.net\/wordpress\/wp-content\/uploads\/2019\/03\/photo_2019-03-16_04-26-08-768x601.jpg 768w\" sizes=\"auto, (max-width: 940px) 100vw, 940px\" \/><\/a><\/p>\n<p>&nbsp;<\/p>\n<p>&nbsp;<\/p>\n<p>&nbsp;<\/p>\n<p><strong>INCIDENTE SENZA FERITI IERI A FORTOGNA, L&#8217;INTERVENTO DEI VIGILI DEL FUOCO DI BELLUNO<\/strong><\/p>\n<p><strong>FORTOGNA<\/strong> Uscita autonoma ieri alle 12.15 e ringhiera abbattuta. Danni ingenti per l&#8217;auto, incolume il guidatore anche se \u00e8 ricorso per un controllo al Pronto Soccorso. Sul posto i vigili del fuoco.<\/p>\n\n\t\t\t<style type='text\/css'>\n\t\t\t\t#gallery-1 {\n\t\t\t\t\tmargin: auto;\n\t\t\t\t}\n\t\t\t\t#gallery-1 .gallery-item {\n\t\t\t\t\tfloat: left;\n\t\t\t\t\tmargin-top: 10px;\n\t\t\t\t\ttext-align: center;\n\t\t\t\t\twidth: 33%;\n\t\t\t\t}\n\t\t\t\t#gallery-1 img {\n\t\t\t\t\tborder: 2px solid #cfcfcf;\n\t\t\t\t}\n\t\t\t\t#gallery-1 .gallery-caption {\n\t\t\t\t\tmargin-left: 0;\n\t\t\t\t}\n\t\t\t\t\/* see gallery_shortcode() in wp-includes\/media.php *\/\n\t\t\t<\/style>\n\t\t<div id='gallery-1' class='dt-gallery-container gallery galleryid-79210 gallery-columns-3 gallery-size-thumbnail'><dl class='gallery-item'>\n\t\t\t\t<dt class='gallery-icon landscape'>\n\t\t\t\t\t<a class=\"rollover\" href='https:\/\/www.radiopiu.net\/wordpress\/giornale-radiopiu-16-marzo-2019-direttore-mirko-mezzacasa\/whatsapp-image-2019-03-15-at-19-32-17\/'><img loading=\"lazy\" decoding=\"async\" width=\"150\" height=\"150\" src=\"https:\/\/www.radiopiu.net\/wordpress\/wp-content\/uploads\/2019\/03\/WhatsApp-Image-2019-03-15-at-19.32.17-150x150.jpeg\" class=\"attachment-thumbnail size-thumbnail\" alt=\"\" \/><\/a>\n\t\t\t\t<\/dt><\/dl><dl class='gallery-item'>\n\t\t\t\t<dt class='gallery-icon landscape'>\n\t\t\t\t\t<a class=\"rollover\" href='https:\/\/www.radiopiu.net\/wordpress\/giornale-radiopiu-16-marzo-2019-direttore-mirko-mezzacasa\/whatsapp-image-2019-03-15-at-19-32-13\/'><img loading=\"lazy\" decoding=\"async\" width=\"150\" height=\"150\" src=\"https:\/\/www.radiopiu.net\/wordpress\/wp-content\/uploads\/2019\/03\/WhatsApp-Image-2019-03-15-at-19.32.13-150x150.jpeg\" class=\"attachment-thumbnail size-thumbnail\" alt=\"\" \/><\/a>\n\t\t\t\t<\/dt><\/dl><dl class='gallery-item'>\n\t\t\t\t<dt class='gallery-icon landscape'>\n\t\t\t\t\t<a class=\"rollover\" href='https:\/\/www.radiopiu.net\/wordpress\/giornale-radiopiu-16-marzo-2019-direttore-mirko-mezzacasa\/whatsapp-image-2019-03-15-at-19-32-15\/'><img loading=\"lazy\" decoding=\"async\" width=\"150\" height=\"150\" src=\"https:\/\/www.radiopiu.net\/wordpress\/wp-content\/uploads\/2019\/03\/WhatsApp-Image-2019-03-15-at-19.32.15-150x150.jpeg\" class=\"attachment-thumbnail size-thumbnail\" alt=\"\" \/><\/a>\n\t\t\t\t<\/dt><\/dl><br style=\"clear: both\" \/>\n\t\t\t<\/div>\n\n<p>&nbsp;<\/p>\n<p><strong>INCIDENTE IN VIA VITTORIO VENETO<\/strong><\/p>\n<p><strong>BELLUNO.<\/strong> Tamponamento\u00a0 alle 19.30 in via Vittorio Veneto. Sul posto<br \/>\nuna volante della polizia e l\u2019ambulanza. Ferita una donna condotta all\u2019ospedale di Belluno. Traffico\u00a0 paralizzato nell&#8217;ora di punta.<\/p>\n<p>&nbsp;<\/p>\n<p>&nbsp;<\/p>\n<p><strong>DA BELLUNO A FELTRE PER PORTARE UN MESSAGGIO IMPORTANTE. DAL PREFETTO CON PROPOSTE PER LA COMUNITA&#8217;. RIUSCITA LA MANIFESTAZIONE <em>FRIDAY FOR FUTURE<\/em><\/strong><\/p>\n<p><strong><a class=\"dt-pswp-item\" href=\"http:\/\/www.radiopiu.net\/wordpress\/wp-content\/uploads\/2019\/03\/WhatsApp-Image-2019-03-15-at-13.11.12.jpeg\" data-dt-img-description=\"\" data-large_image_width=\"1600\" data-large_image_height=\"1200\"><img loading=\"lazy\" decoding=\"async\" class=\"alignnone size-large wp-image-79262\" src=\"http:\/\/www.radiopiu.net\/wordpress\/wp-content\/uploads\/2019\/03\/WhatsApp-Image-2019-03-15-at-13.11.12-1024x768.jpeg\" alt=\"\" width=\"1024\" height=\"768\" srcset=\"https:\/\/www.radiopiu.net\/wordpress\/wp-content\/uploads\/2019\/03\/WhatsApp-Image-2019-03-15-at-13.11.12-1024x768.jpeg 1024w, https:\/\/www.radiopiu.net\/wordpress\/wp-content\/uploads\/2019\/03\/WhatsApp-Image-2019-03-15-at-13.11.12-300x225.jpeg 300w, https:\/\/www.radiopiu.net\/wordpress\/wp-content\/uploads\/2019\/03\/WhatsApp-Image-2019-03-15-at-13.11.12-768x576.jpeg 768w, https:\/\/www.radiopiu.net\/wordpress\/wp-content\/uploads\/2019\/03\/WhatsApp-Image-2019-03-15-at-13.11.12.jpeg 1600w\" sizes=\"auto, (max-width: 1024px) 100vw, 1024px\" \/><\/a>BELLUNO<\/strong> Migliaia di studenti, in corteo e dal Prefetto per esporre le proprie idee offuscate da un futuro preoccupante in un Pianeta che cambia, perch\u00e9 \u00e8 il clima che cambia. Sar\u00e0 ricordata come una delle pi\u00f9 partecipate manifestazioni del mondo della scuola. <strong>BELLUNO<\/strong> la manifestazione \u00e8 partita alle 9 alla stazione, poi dell\u2019incontro previsto in Prefettura, chiesto dalla Consulta provinciale degli studenti con il\u00a0 prefetto, il presidente della Provincia e il sindaco di Belluno dove i ragazzi hanno presentato la loro lettera aperta con proposte concrete.<strong> FELTRE <\/strong>\u00a0la manifestazione \u00e8 iniziata alle 9.30 in Largo Castaldi fino a piazza Maggiore per un dibattito con esperti del Cnr.<\/p>\n<h3><\/h3>\n<h3>LE FOTO DA BELLUNO, LA MANIFESTAZIONE DEI GIOVANI.<\/h3>\n<blockquote class=\"wp-embedded-content\" data-secret=\"zmHjr6v35H\"><p><a href=\"http:\/\/www.radiopiu.net\/wordpress\/le-foto-da-belluno-la-manifestazione-dei-giovani\/\">LE FOTO DA BELLUNO, LA MANIFESTAZIONE DEI GIOVANI.<\/a><\/p><\/blockquote>\n<p><iframe loading=\"lazy\" class=\"wp-embedded-content\" sandbox=\"allow-scripts\" security=\"restricted\" style=\"position: absolute; clip: rect(1px, 1px, 1px, 1px);\" src=\"http:\/\/www.radiopiu.net\/wordpress\/le-foto-da-belluno-la-manifestazione-dei-giovani\/embed\/#?secret=zmHjr6v35H\" data-secret=\"zmHjr6v35H\" width=\"600\" height=\"338\" title=\"&#8220;LE FOTO DA BELLUNO, LA MANIFESTAZIONE DEI GIOVANI.&#8221; &#8212; Radio Pi\u00f9\" frameborder=\"0\" marginwidth=\"0\" marginheight=\"0\" scrolling=\"no\"><\/iframe><\/p>\n<h3><\/h3>\n<blockquote><p>&nbsp;<\/p><\/blockquote>\n<h3>LE FOTO DA FELTRE , FACEBOOK <strong><span style=\"color: #0000ff;\"><a style=\"color: #0000ff;\" href=\"https:\/\/www.facebook.com\/groups\/1649063228724999\/permalink\/2098862627078388\/\">CLICCA QUI<\/a><\/span><\/strong><\/h3>\n<p>&nbsp;<\/p>\n<p>&nbsp;<\/p>\n<h1>LA LETTERA DEGLI STUDENTI BELLUNESI<\/h1>\n<blockquote><p>A tutti gli adulti, A tutti gli attori politici ed economici della Provincia, Al Presidente della Repubblica.<\/p><\/blockquote>\n<p>Cari adulti, decisori e attori del destino delle nostre vite e dei vostri e nostri figli, ci avete educati al rispetto degli altri e alla programmazione delle nostre vite. Forse oggi le cause e gli effetti del riscaldamento climatico sono talmente evidenti che i negazionisti sono finalmente pochi, anche se purtroppo molto importanti. Forse oggi appare con sufficiente evidenza la relazione tra i cambiamenti climatici globali, le malattie, le guerre, le migrazioni, gli estremi metereologici, le alluvioni, le siccit\u00e0 e le carestie. Forse oggi appare pi\u00f9 importante che a scuola si parli anche di attualit\u00e0 e di futuro. Forse oggi il mondo dei media e della politica parler\u00e0 un po\u2019 pi\u00f9 del futuro, che \u00e8 anche il nostro futuro: &#8220;Siamo sull\u2019orlo di una crisi climatica globale, per scongiurare la quale occorrono misure concordate a livello planetario&#8221;! Grazie signor Presidente Mattarella per aver sintetizzato in una piccola frase tutto ci\u00f2 che la politica e l&#8217;azione concreta di ognuno devono fare: collaborare\u00a0 per cambiare strada, ciascuno facendo la propria parte. Non vogliamo qui ricordare tutte le prove che gli scienziati producono a ritmo sempre pi\u00f9 incalzante sui rischi del riscaldamento climatico e dell&#8217;inquinamento, responsabile, ad esempio, di un quarto delle morti premature del pianeta, per citare solo l&#8217;ultimo studio dell\u2019ONU uscito due giorni fa; magari ricordiamo solo che i ghiacciai delle Dolomiti sono destinati a scomparire e lasciamo agli scienziati e ricercatori, che abbiamo sentito direttamente anche nei percorsi che abbiamo seguito con le Scuole in Rete o sentito anche oggi in piazza dei Martiri dalla viva voce dei ricercatori del CNR descrivere meglio di noi con dati reali cause, conseguenze e interazioni dei complessi fenomeni che governano il clima e l&#8217;ecologia. Greta Thumberg vi direbbe: &#8220;Voi non avete pi\u00f9 scuse e noi abbiamo poco tempo. Noi siamo qui per farvi sapere che il cambiamento sta arrivando, che vi piaccia o no.&#8221; Noi vogliamo solo dire che ci avete educati al rispetto degli altri, della conoscenza e della scienza, e alla programmazione delle nostre vite. Noi vogliamo che alla luce della scienza ciascuno programmi il proprio spazio di futuro per cambiare strada, visto che sappiamo dove va quella che stiamo percorrendo: come dice Greta o si cambia il sistema o si cambia sistema. Vogliamo, per essere concreti, visto che ciascuno deve fare la propria parte, proporre alla nostra realt\u00e0 provinciale di imboccare la strada che la porter\u00e0 ad essere una delle prime province Carbon Neutral. Vogliamo che I prossimi mondiali e le Olimpiadi possano fregiarsi del titolo di primi mondiali Carbon Neutral e che le olimpiadi siano assegnate a Cortina perch\u00e9 si trova in una Provincia Carbon Neutral. Come ci ha spiegato il prof. Simone Bastianoni dell&#8217;Universit\u00e0 di Siena, provincia gi\u00e0 carbon neutral, alla nostra provincia basterebbe poco per fregiarsi di questo titolo, che potrebbe\u00a0 essere ampiamente sfruttato per la promozione turistica e quindi per un ritorno economico, d&#8217;immagine e forse per l&#8217;assegnazione delle Olimpiade. Ma il ritorno pi\u00f9 importante sar\u00e0 per la nostra vita e quella dei nostri figli. Chiediamo al signor Prefetto di organizzare in questa sala un prossimo incontro tra un mese con gli attori politici ed economici pi\u00f9 importanti della nostra provincia che volessero confrontarsi con noi, perch\u00e9 possano illustrarci i loro obiettivi e progetti concreti che intendono mettere in atto per contribuire al raggiungimento di questo obiettivo comune. Cominciamo da questa provincia, signor Prefetto! Chiediamo al Presidente Mattarella che, forte dell&#8217;impegno che prender\u00e0 la nostra provincia, possa stimolare il governo e i decisori politici ed economici del livello nazionale ad aggiustare il sistema o a cambiare il sistema, seguendo piuttosto la scienza che lo storytelling. Sappiamo che il problema \u00e8 complesso e globale, ma proprio per questo \u00e8 necessario che tutti da ora facciano la propria parte. Sperando di poterci ritrovare qui pi\u00f9 numerosi tra un mese, ringraziamo tutti per l&#8217;attenzione nei nostri confronti.\u00a0 <em><strong>Simone Garavana Presidente della Consulta Provinciale degli Studenti di Belluno<\/strong><\/em><\/p>\n<p>&nbsp;<\/p>\n<p>&nbsp;<\/p>\n<h2>ZANONI: BISOGNA AGIRE SUBITO<\/h2>\n<p><strong><a class=\"dt-pswp-item\" href=\"http:\/\/www.radiopiu.net\/wordpress\/wp-content\/uploads\/2019\/03\/54525339_10214440323583689_6946960613159469056_n.jpg\" data-dt-img-description=\"\" data-large_image_width=\"960\" data-large_image_height=\"466\"><img loading=\"lazy\" decoding=\"async\" class=\"alignnone size-full wp-image-79281\" src=\"http:\/\/www.radiopiu.net\/wordpress\/wp-content\/uploads\/2019\/03\/54525339_10214440323583689_6946960613159469056_n.jpg\" alt=\"\" width=\"960\" height=\"466\" srcset=\"https:\/\/www.radiopiu.net\/wordpress\/wp-content\/uploads\/2019\/03\/54525339_10214440323583689_6946960613159469056_n.jpg 960w, https:\/\/www.radiopiu.net\/wordpress\/wp-content\/uploads\/2019\/03\/54525339_10214440323583689_6946960613159469056_n-300x146.jpg 300w, https:\/\/www.radiopiu.net\/wordpress\/wp-content\/uploads\/2019\/03\/54525339_10214440323583689_6946960613159469056_n-768x373.jpg 768w\" sizes=\"auto, (max-width: 960px) 100vw, 960px\" \/><\/a><\/strong><\/p>\n<p>FOTO FACEBOOK,\u00a0 Feltre, di Sonia Comiotto<\/p>\n<p><strong>VENEZIA <\/strong><em>\u201cI giovani scesi in piazza oggi hanno messo il dito nella piaga dell\u2019inefficienza della politica. Le azioni dei governi, nazionali ma anche regionali, sono state insufficienti. Questo monito deve essere colto, \u00e8 il momento di cambiare rotta, non c\u2019\u00e8 pi\u00f9 tempo da perdere. Rimandare il problema serve solo ad aggravarlo\u201d<\/em>. Cos\u00ec Andrea Zanoni ha commentato la mobilitazione contro i cambiamenti climatici. <em>&#8220;Purtroppo siamo ancora indietro, la prima azione concreta \u00e8 quella di abbandonare posizioni negazioniste sui cambiamenti climatici, il male maggiore della nostra epoca e che hanno in Donald Trump il principale sostenitore. Cos\u00ec come bisogna sbugiardare chi, e a livello regionale non mancano, insiste nel \u2018liquidare\u2019 le responsabilit\u00e0 umane e si ostina a parlare di fenomeni naturali\u201d, <\/em>aggiunge Zanoni, come gruppo consiliare ha depositato due mozioni\u00a0 con l\u2019intento di lanciare in Veneto le politiche energetico-ambientali utili ad abbattere le emissioni climalteranti . <em>&#8220;Abbiamo il compito di ascoltare questi ragazzi e tradurre in leggi, ovvero fatti e regole concrete, le loro richieste utili a salvare il pianeta. Zaia se ci sei batti un colpo\u201d.<\/em><\/p>\n<p>&nbsp;<\/p>\n<p>&nbsp;<\/p>\n<h2>APPELLO AI GIOVANI<\/h2>\n<blockquote><p><em><strong>Venerd\u00ec per il futuro, De Carlo e Trancassini ai giovani:\u00a0 \u201c oggi siete in piazza ma non esauritevi qui,\u00a0 il vostro impegno e il vostro entusiasmo possono cambiare il mondo\u201d<\/strong>.<\/em><\/p><\/blockquote>\n<p>foto, Aurora_Belluno, da Feltre Sonia Comiotto (facebook)<\/p>\n<p><a class=\"dt-pswp-item\" href=\"http:\/\/www.radiopiu.net\/wordpress\/wp-content\/uploads\/2019\/03\/WhatsApp-Image-2019-03-15-at-13.10.55.jpeg\" data-dt-img-description=\"\" data-large_image_width=\"1600\" data-large_image_height=\"1200\"><img loading=\"lazy\" decoding=\"async\" class=\"wp-image-79258 alignleft\" src=\"http:\/\/www.radiopiu.net\/wordpress\/wp-content\/uploads\/2019\/03\/WhatsApp-Image-2019-03-15-at-13.10.55-1024x768.jpeg\" alt=\"\" width=\"216\" height=\"162\" srcset=\"https:\/\/www.radiopiu.net\/wordpress\/wp-content\/uploads\/2019\/03\/WhatsApp-Image-2019-03-15-at-13.10.55-1024x768.jpeg 1024w, https:\/\/www.radiopiu.net\/wordpress\/wp-content\/uploads\/2019\/03\/WhatsApp-Image-2019-03-15-at-13.10.55-300x225.jpeg 300w, https:\/\/www.radiopiu.net\/wordpress\/wp-content\/uploads\/2019\/03\/WhatsApp-Image-2019-03-15-at-13.10.55-768x576.jpeg 768w, https:\/\/www.radiopiu.net\/wordpress\/wp-content\/uploads\/2019\/03\/WhatsApp-Image-2019-03-15-at-13.10.55.jpeg 1600w\" sizes=\"auto, (max-width: 216px) 100vw, 216px\" \/><\/a>Nel pieno del \u201cVenerd\u00ec per il futuro\u201d, lo sciopero scolastico per il clima che oggi porta in piazza decine di migliaia di studenti di tutto il mondo per chiedere ai governi di implementare politiche e azioni pi\u00f9 incisive per contrastare il cambiamento climatico e il riscaldamento globale, i deputati di Fratelli d\u2019Italia, Luca De Carlo e Paolo Trancassini, rispettivamente sindaci dei comuni di Calalzo di Cadore nel bellunese e di Leonessa nel reatino, lanciano un appello ai giovani d\u2019Italia : \u201c non fermatevi qui, il vostro impegno e il vostro entusiasmo possono cambiare il mondo\u201d.<br \/>\n\u201c \u2018 Prendete in mano la vostra vita e fatene un capolavoro \u2018 diceva Papa Giovanni Paolo II, ecco, prendete in mano la vostra vita, ma non solo, prendete in mano il presente e costruite un futuro degno della vostra esistenza! Impegnatevi, non arrendetevi, oggi siete in piazza ma non <a class=\"dt-pswp-item\" href=\"http:\/\/www.radiopiu.net\/wordpress\/wp-content\/uploads\/2019\/03\/53668336_10214440318663566_8533064625090985984_n.jpg\" data-dt-img-description=\"\" data-large_image_width=\"466\" data-large_image_height=\"960\"><img loading=\"lazy\" decoding=\"async\" class=\"wp-image-79282 alignright\" src=\"http:\/\/www.radiopiu.net\/wordpress\/wp-content\/uploads\/2019\/03\/53668336_10214440318663566_8533064625090985984_n.jpg\" alt=\"\" width=\"136\" height=\"280\" srcset=\"https:\/\/www.radiopiu.net\/wordpress\/wp-content\/uploads\/2019\/03\/53668336_10214440318663566_8533064625090985984_n.jpg 466w, https:\/\/www.radiopiu.net\/wordpress\/wp-content\/uploads\/2019\/03\/53668336_10214440318663566_8533064625090985984_n-146x300.jpg 146w\" sizes=\"auto, (max-width: 136px) 100vw, 136px\" \/><\/a>esauritevi qui. Che il vostro impegno parta da una presa di coscienza importante, la vostra collaborazione, la vostra partecipazione \u00e8 fondamentale per tracciare la linea su cui costruire un mondo diverso. Il presente, come un soffio di vento, \u00e8 gi\u00e0 domani, non lasciate che vi sfiori senza accorgervene, siatene protagonisti. Non permettete a nessuno di dirvi \u2018che \u00e8 tutto inutile\u2019, siate voi a decidere cosa sia utile e cosa no, fatelo per la vostra comunit\u00e0, mettetevi al servizio degli anziani, delle associazioni, dei pi\u00f9 deboli o anche dei partiti, qualunque sia la vostra attitudine seminate e raccoglierete i frutti. Abbiate il coraggio di scegliere, abbiate il coraggio di ribellarvi al consumismo che vi vuole numeri incapaci di decidere, abbiate il coraggio di essere, di sporc<a class=\"dt-pswp-item\" href=\"http:\/\/www.radiopiu.net\/wordpress\/wp-content\/uploads\/2019\/03\/WhatsApp-Image-2019-03-15-at-13.10.58.jpeg\" data-dt-img-description=\"\" data-large_image_width=\"1600\" data-large_image_height=\"1200\"><img loading=\"lazy\" decoding=\"async\" class=\"wp-image-79259 alignright\" src=\"http:\/\/www.radiopiu.net\/wordpress\/wp-content\/uploads\/2019\/03\/WhatsApp-Image-2019-03-15-at-13.10.58-1024x768.jpeg\" alt=\"\" width=\"257\" height=\"193\" srcset=\"https:\/\/www.radiopiu.net\/wordpress\/wp-content\/uploads\/2019\/03\/WhatsApp-Image-2019-03-15-at-13.10.58-1024x768.jpeg 1024w, https:\/\/www.radiopiu.net\/wordpress\/wp-content\/uploads\/2019\/03\/WhatsApp-Image-2019-03-15-at-13.10.58-300x225.jpeg 300w, https:\/\/www.radiopiu.net\/wordpress\/wp-content\/uploads\/2019\/03\/WhatsApp-Image-2019-03-15-at-13.10.58-768x576.jpeg 768w, https:\/\/www.radiopiu.net\/wordpress\/wp-content\/uploads\/2019\/03\/WhatsApp-Image-2019-03-15-at-13.10.58.jpeg 1600w\" sizes=\"auto, (max-width: 257px) 100vw, 257px\" \/><\/a>arvi le mani con la terra, con la vita. Cercate nel mondo la voglia di esserci come protagonisti e non solo come spettatori. Arrampicatevi nella rete che compone la societ\u00e0 e lottate senza esclusione di colpi, con i ragionamenti, con la presenza, con la conoscenza, aderite a qualcosa, costruite in voi una visione del futuro. \u2018La libert\u00e0 non \u00e8 star sopra un albero, non \u00e8 neanche il volo di un moscone, la libert\u00e0 non \u00e8 uno spazio libero, libert\u00e0 \u00e8 partecipazione\u2019 diceva Giorgio Gaber e allora siate partecipi della vita dei vostri comuni, dei luoghi che abitate, del mondo che vivete perch\u00e9 soltanto cos\u00ec potrete sentirvi nella piena realizzazione delle vostre idee consapevoli di aver lottato fino in fondo per cambiare il mondo!<br \/>\nCi sono uomini che nel silenzio dei media, con i riflettori rivolti altrove hanno costruito strutture, fondato movimenti, avviato campagne che inesorabilmente andranno avanti finch\u00e8 ci sar\u00e0 anche soltanto un\u2019idealista coraggioso che vorr\u00e0 crederci fino in fondo. Il pensiero inevitabilmente oggi va a Paolo Colli, che dell\u2019ambiente \u00e8 stato paladino, difensore della Terra perch\u00e9 l\u2019 \u2018Ecologia: una questione di civilt\u00e0\u2019. Abbiate il l\u2019audacia di distinguervi, abbiate la forza di alzarvi al mattino e di scegliere di essere come chi per cambiare il mondo non ha atteso neanche un secondo\u201c.\u00a0 Questo l\u2019invito che i due Sindaci\u00a0 e Deputati hanno voluto lanciare ad una generazione in movimento, una generazione in fermento, colma di energia ma priva di rifermenti. \u201cOggi \u00e8 gi\u00e0 domani e non c\u2019\u00e8 tempo per non sporcarsi le mani\u201d.<\/p>\n<p>&nbsp;<\/p>\n<p>&nbsp;<\/p>\n<h2>FEDERICO D&#8217;INCA&#8217;: GRAZIE GIOVANI<\/h2>\n<p>AUDIO DAL GIORNALE RADIO PRINCIPALE<\/p>\n<audio class=\"wp-audio-shortcode\" id=\"audio-79210-1\" preload=\"none\" style=\"width: 100%;\" controls=\"controls\"><source type=\"audio\/mpeg\" src=\"http:\/\/www.radiopiu.net\/wordpress\/wp-content\/uploads\/2019\/03\/FEDERICO-2.mp3?_=1\" \/><a href=\"http:\/\/www.radiopiu.net\/wordpress\/wp-content\/uploads\/2019\/03\/FEDERICO-2.mp3\">http:\/\/www.radiopiu.net\/wordpress\/wp-content\/uploads\/2019\/03\/FEDERICO-2.mp3<\/a><\/audio>\n<p>&nbsp;<\/p>\n<p><strong><a class=\"dt-pswp-item\" href=\"http:\/\/www.radiopiu.net\/wordpress\/wp-content\/uploads\/2019\/03\/WhatsApp-Image-2019-03-15-at-13.11.14-1.jpeg\" data-dt-img-description=\"\" data-large_image_width=\"1600\" data-large_image_height=\"1200\"><img loading=\"lazy\" decoding=\"async\" class=\"wp-image-79264 alignleft\" src=\"http:\/\/www.radiopiu.net\/wordpress\/wp-content\/uploads\/2019\/03\/WhatsApp-Image-2019-03-15-at-13.11.14-1-1024x768.jpeg\" alt=\"\" width=\"204\" height=\"153\" srcset=\"https:\/\/www.radiopiu.net\/wordpress\/wp-content\/uploads\/2019\/03\/WhatsApp-Image-2019-03-15-at-13.11.14-1-1024x768.jpeg 1024w, https:\/\/www.radiopiu.net\/wordpress\/wp-content\/uploads\/2019\/03\/WhatsApp-Image-2019-03-15-at-13.11.14-1-300x225.jpeg 300w, https:\/\/www.radiopiu.net\/wordpress\/wp-content\/uploads\/2019\/03\/WhatsApp-Image-2019-03-15-at-13.11.14-1-768x576.jpeg 768w, https:\/\/www.radiopiu.net\/wordpress\/wp-content\/uploads\/2019\/03\/WhatsApp-Image-2019-03-15-at-13.11.14-1.jpeg 1600w\" sizes=\"auto, (max-width: 204px) 100vw, 204px\" \/><\/a>BELLUNO<\/strong> \u201cVoglio ringraziare tutti i giovani che oggi hanno riempito le piazze italiane\u201d: dichiara il deputato bellunese, Questore della Camera dei deputati. \u201cSono stato con loro in Piazza a Belluno \u2013 commenta il parlamentare del Movimento 5 Stelle \u2013 Ho provato un\u2019emozione enorme nel vedere cos\u00ec tanti ragazzi uniti nel chiedere di intervenire per salvare il nostro Pianeta\u201d. \u201cL\u2019ambiente \u00e8 una delle stelle del Movimento \u2013 prosegue il deputato Veneto \u2013 I giovani oggi ci hanno ricordato di continuare nella nostra politica di salvaguardia ambientale che da sempre seguiamo con grande attenzione e di impegnarci ancora di pi\u00f9 per salvare tutti insieme l\u2019ambiente. Per troppo tempo in questo Paese si sono trattati esclusivamente i temi legati all\u2019immigrazione mentre la casa dove abitiamo chiamata Terra sta prendendo fuoco a causa del surriscaldamento, con danni miliardari e migliaia di vite umane perse.\u201d \u201cGli effetti sono davanti agli occhi di tutti noi \u2013 conclude D\u2019Inc\u00e0 \u2013 Siamo di fronte a una crisi globale climatica come ha ricordato proprio a Belluno il Presidente Mattarella. Ognuno di noi \u00e8 chiamato a fare la sua parte. Oggi con tutti questi giovani in ogni luogo del mondo a manifestare in piazza possiamo dire finalmente di avere speranza\u201d.<\/p>\n<p>&nbsp;<\/p>\n<p>&nbsp;<\/p>\n<h2><a class=\"dt-pswp-item\" href=\"http:\/\/www.radiopiu.net\/wordpress\/wp-content\/uploads\/2019\/03\/DSC_2500_web.jpg\" data-dt-img-description=\"\" data-large_image_width=\"1600\" data-large_image_height=\"1068\"><img loading=\"lazy\" decoding=\"async\" class=\"wp-image-79313 alignleft\" src=\"http:\/\/www.radiopiu.net\/wordpress\/wp-content\/uploads\/2019\/03\/DSC_2500_web-1024x684.jpg\" alt=\"\" width=\"138\" height=\"92\" srcset=\"https:\/\/www.radiopiu.net\/wordpress\/wp-content\/uploads\/2019\/03\/DSC_2500_web-1024x684.jpg 1024w, https:\/\/www.radiopiu.net\/wordpress\/wp-content\/uploads\/2019\/03\/DSC_2500_web-300x200.jpg 300w, https:\/\/www.radiopiu.net\/wordpress\/wp-content\/uploads\/2019\/03\/DSC_2500_web-768x513.jpg 768w, https:\/\/www.radiopiu.net\/wordpress\/wp-content\/uploads\/2019\/03\/DSC_2500_web.jpg 1600w\" sizes=\"auto, (max-width: 138px) 100vw, 138px\" \/><\/a>VILLA SAN GIUSEPPE RADDOPPIA<\/h2>\n<p><strong>LIVINALLONGO<\/strong> Si concludono i\u00a0 lavori alla casa di riposo Fodom. Lo scorso anno completato il quarto piano anche con l&#8217;impianto per l&#8217;ossigeno, spesi 500 mila euro, fondi di confine compresi<\/p>\n<p>LEANDRO GRONES SINDACO DI LIVINALLONGO<\/p>\n<audio class=\"wp-audio-shortcode\" id=\"audio-79210-2\" preload=\"none\" style=\"width: 100%;\" controls=\"controls\"><source type=\"audio\/mpeg\" src=\"http:\/\/www.radiopiu.net\/wordpress\/wp-content\/uploads\/2019\/03\/LEANDRO-2.mp3?_=2\" \/><a href=\"http:\/\/www.radiopiu.net\/wordpress\/wp-content\/uploads\/2019\/03\/LEANDRO-2.mp3\">http:\/\/www.radiopiu.net\/wordpress\/wp-content\/uploads\/2019\/03\/LEANDRO-2.mp3<\/a><\/audio>\n<p>&nbsp;<\/p>\n<p>&nbsp;<\/p>\n<p>&nbsp;<\/p>\n<h2>LUXOTTICA, AUMENTANO LE CORSE DEL SERVIZIO NAVETTA GRATUITO<\/h2>\n<p><strong><a class=\"dt-pswp-item\" href=\"http:\/\/www.radiopiu.net\/wordpress\/wp-content\/uploads\/2019\/03\/WhatsApp-Image-2019-03-15-at-12.57.12.jpeg\" data-dt-img-description=\"\" data-large_image_width=\"1024\" data-large_image_height=\"841\"><img loading=\"lazy\" decoding=\"async\" class=\"wp-image-79269 alignleft\" src=\"http:\/\/www.radiopiu.net\/wordpress\/wp-content\/uploads\/2019\/03\/WhatsApp-Image-2019-03-15-at-12.57.12-1024x841.jpeg\" alt=\"\" width=\"213\" height=\"175\" srcset=\"https:\/\/www.radiopiu.net\/wordpress\/wp-content\/uploads\/2019\/03\/WhatsApp-Image-2019-03-15-at-12.57.12.jpeg 1024w, https:\/\/www.radiopiu.net\/wordpress\/wp-content\/uploads\/2019\/03\/WhatsApp-Image-2019-03-15-at-12.57.12-300x246.jpeg 300w, https:\/\/www.radiopiu.net\/wordpress\/wp-content\/uploads\/2019\/03\/WhatsApp-Image-2019-03-15-at-12.57.12-768x631.jpeg 768w\" sizes=\"auto, (max-width: 213px) 100vw, 213px\" \/><\/a>AGORDO<\/strong> Dal 20 marzo il servizio navetta gratuito coprir\u00e0 anche l&#8217;orario 8-17 e sar\u00e0 attivo nelle seguenti fasce orarie: 7-9, 13-14, 17-18.30, 22-22.30. Luxottica continua a potenziare i servizi di trasporto collettivo con l&#8217;obiettivo di decongestrionare il traffico e migliorare la mobilit\u00e0 casa-lavoro. Con l&#8217;estensione del servizio navetta saranno usufuibili h24 i parcheggi in localit\u00e0 Polane e via Tissi. Potranno beneficiare anche chi effettua car pooling zero car le quali a partire dal 20 marzo non avranno pi\u00f9 la necessit\u00e0 di disporre di posti auto interni riservati che saranno utilizzati diversamente. Saranno invece mantenuti i posti per disabili e gestanti. Chi abita ad Agordo pu\u00f2 prendere la navetta alla fermata che ritiene pi\u00f9 comoda mentre per coloro che arrivano ad Agordo con l&#8217;auto nell&#8217;area Polane sono disponibili ambi parcheggi.<\/p>\n<p>&nbsp;<\/p>\n<p>&nbsp;<\/p>\n<p>&nbsp;<\/p>\n<h2>ASCA &#8211; selezione personale infermieristico<\/h2>\n<p><strong>AGORDO<\/strong>\u00a0L&#8217;azienda sanitaria ASCA ha indetto una nuova selezione pubblica finalizzata alla formulazione di una graduatoria cui attingere per l\u2019assunzione a tempo determinato e indeterminato di INFERMIERI. Le modalit\u00e0 di presentazione delle domande si trovano sul sito aziendale www.servizisocialiasca.it. Il termine perentorio previsto per la presentazione della domanda \u00e8 fissato per giovedi 11 aprile 2019 entro le ore 12.00, mentre le selezioni verranno effettuate nelle giornate del 18 e 19 aprile 2019.<\/p>\n<p>&nbsp;<\/p>\n<p>&nbsp;<\/p>\n<h2>ASCA &#8211; selezione di fisioterapista<\/h2>\n<p><strong>AGORDO<\/strong> L&#8217;azienda sanitaria ASCA ha indetto una selezione pubblica finalizzata alla formulazione di una graduatoria cui attingere per l\u2019assunzione a tempo determinato e indeterminato di FISIOTERAPISTI. Le modalit\u00e0 di presentazione delle domande si trovano sul sito aziendale www.servizisocialiasca.it. Il termine perentorio previsto per la presentazione della domanda \u00e8 fissato per giovedi 11 aprile 2019 entro le ore 12.00, mentre le selezioni verranno effettuate nelle giornate del 18 e 19 aprile 2019.<\/p>\n<p>&nbsp;<\/p>\n<p>&nbsp;<\/p>\n<p>&nbsp;<\/p>\n<h2>SOCIETA&#8217; NUOVA IN CAMPO AL TROFEO NEL RICORDO DI MARTINA BONAVERA<\/h2>\n<p><a class=\"dt-pswp-item\" href=\"http:\/\/www.radiopiu.net\/wordpress\/wp-content\/uploads\/2019\/03\/F.C.-Societ\u00e0-Nuova.jpeg\" data-dt-img-description=\"\" data-large_image_width=\"1393\" data-large_image_height=\"1079\"><img loading=\"lazy\" decoding=\"async\" class=\"alignnone size-large wp-image-79230\" src=\"http:\/\/www.radiopiu.net\/wordpress\/wp-content\/uploads\/2019\/03\/F.C.-Societ\u00e0-Nuova-1024x793.jpeg\" alt=\"\" width=\"1024\" height=\"793\" srcset=\"https:\/\/www.radiopiu.net\/wordpress\/wp-content\/uploads\/2019\/03\/F.C.-Societ\u00e0-Nuova-1024x793.jpeg 1024w, https:\/\/www.radiopiu.net\/wordpress\/wp-content\/uploads\/2019\/03\/F.C.-Societ\u00e0-Nuova-300x232.jpeg 300w, https:\/\/www.radiopiu.net\/wordpress\/wp-content\/uploads\/2019\/03\/F.C.-Societ\u00e0-Nuova-768x595.jpeg 768w, https:\/\/www.radiopiu.net\/wordpress\/wp-content\/uploads\/2019\/03\/F.C.-Societ\u00e0-Nuova.jpeg 1393w\" sizes=\"auto, (max-width: 1024px) 100vw, 1024px\" \/><\/a><br \/>\nDomenica 17 marzo, allo Spes Arena di Belluno, la squadra di calcetto della Cooperativa Societ\u00e0 Nuova parteciper\u00e0 al Trofeo Martina Bonavera. Un appuntamento arrivato alla sesta edizione e che la famiglia Bonavera promuove per ricordare la figlia Martina, scomparsa nel 2013 a seguito di un incidente. Societ\u00e0 Nuova \u00e8 coinvolta nell\u2019iniziativa anche per un altro importante aspetto. L\u2019associazione Martina Bonavera infatti promuove, durante il torneo, una raccolta fondi volontaria, il cui ricavato viene destinato al finanziamento di progetti sociali individuati di volta in volta.<\/p>\n<p><strong>DI GIANNI SANTOMASO<\/strong><\/p>\n<audio class=\"wp-audio-shortcode\" id=\"audio-79210-3\" preload=\"none\" style=\"width: 100%;\" controls=\"controls\"><source type=\"audio\/mpeg\" src=\"http:\/\/www.radiopiu.net\/wordpress\/wp-content\/uploads\/2019\/03\/gianni.mp3?_=3\" \/><a href=\"http:\/\/www.radiopiu.net\/wordpress\/wp-content\/uploads\/2019\/03\/gianni.mp3\">http:\/\/www.radiopiu.net\/wordpress\/wp-content\/uploads\/2019\/03\/gianni.mp3<\/a><\/audio>\n<p>&nbsp;<\/p>\n<p>&nbsp;<\/p>\n<p>&nbsp;<\/p>\n<p>&nbsp;<\/p>\n<h3><a class=\"dt-pswp-item\" href=\"http:\/\/www.radiopiu.net\/wordpress\/wp-content\/uploads\/2018\/10\/NEVEGAL.jpg\" data-dt-img-description=\"\" data-large_image_width=\"275\" data-large_image_height=\"183\"><img loading=\"lazy\" decoding=\"async\" class=\" wp-image-62712 alignleft\" src=\"http:\/\/www.radiopiu.net\/wordpress\/wp-content\/uploads\/2018\/10\/NEVEGAL.jpg\" alt=\"\" width=\"134\" height=\"89\" \/><\/a>NEVEGAL CHIUDE LA STAGIONE INVERNALE<\/h3>\n<p><strong>BELLUNO<\/strong> Un inverno iniziato con il rischio \u00e8 proseguito con il botto. Mostra storica\u00a0 per i saluti e l&#8217;ultima discesa.<\/p>\n<p>di DAMIANO TORMEN<\/p>\n<audio class=\"wp-audio-shortcode\" id=\"audio-79210-4\" preload=\"none\" style=\"width: 100%;\" controls=\"controls\"><source type=\"audio\/mpeg\" src=\"http:\/\/www.radiopiu.net\/wordpress\/wp-content\/uploads\/2019\/03\/DAMIANO-5.mp3?_=4\" \/><a href=\"http:\/\/www.radiopiu.net\/wordpress\/wp-content\/uploads\/2019\/03\/DAMIANO-5.mp3\">http:\/\/www.radiopiu.net\/wordpress\/wp-content\/uploads\/2019\/03\/DAMIANO-5.mp3<\/a><\/audio>\n<p>&nbsp;<\/p>\n<p>&nbsp;<\/p>\n<p>&nbsp;<\/p>\n<div class=\"page-title-head hgroup\">\n<h1 class=\"entry-title\">DOPO VAIA IL 18 MARZO RIPARTE LA FORMAZIONE<\/h1>\n<\/div>\n<div class=\"page-title-breadcrumbs\"><\/div>\n<blockquote class=\"wp-embedded-content\" data-secret=\"ew6qKlmI7h\"><p><a href=\"http:\/\/www.radiopiu.net\/wordpress\/dopo-vaia-il-18-marzo-riparte-la-formazione\/\">DOPO VAIA IL 18 MARZO RIPARTE LA FORMAZIONE<\/a><\/p><\/blockquote>\n<p><iframe loading=\"lazy\" class=\"wp-embedded-content\" sandbox=\"allow-scripts\" security=\"restricted\" style=\"position: absolute; clip: rect(1px, 1px, 1px, 1px);\" src=\"http:\/\/www.radiopiu.net\/wordpress\/dopo-vaia-il-18-marzo-riparte-la-formazione\/embed\/#?secret=ew6qKlmI7h\" data-secret=\"ew6qKlmI7h\" width=\"600\" height=\"338\" title=\"&#8220;DOPO VAIA IL 18 MARZO RIPARTE LA FORMAZIONE&#8221; &#8212; Radio Pi\u00f9\" frameborder=\"0\" marginwidth=\"0\" marginheight=\"0\" scrolling=\"no\"><\/iframe><\/p>\n<p>&nbsp;<\/p>\n<p>&nbsp;<\/p>\n<p>&nbsp;<\/p>\n<h3>ALL\u2019OSPEDALE DI FELTRE IN DIRITTURA D\u2019ARRIVO LA NUOVA PIASTRA CHIRURGICA E IL PRONTO SOCCORSO PER UN INVESTIMENTO DI OLTRE 40 MILIONI.<\/h3>\n<p><strong><a class=\"dt-pswp-item\" href=\"http:\/\/www.radiopiu.net\/wordpress\/wp-content\/uploads\/2019\/02\/ospedale-di-feltre.jpeg\" data-dt-img-description=\"\" data-large_image_width=\"650\" data-large_image_height=\"463\"><img loading=\"lazy\" decoding=\"async\" class=\"wp-image-76822 alignleft\" src=\"http:\/\/www.radiopiu.net\/wordpress\/wp-content\/uploads\/2019\/02\/ospedale-di-feltre.jpeg\" alt=\"\" width=\"213\" height=\"152\" srcset=\"https:\/\/www.radiopiu.net\/wordpress\/wp-content\/uploads\/2019\/02\/ospedale-di-feltre.jpeg 650w, https:\/\/www.radiopiu.net\/wordpress\/wp-content\/uploads\/2019\/02\/ospedale-di-feltre-300x214.jpeg 300w\" sizes=\"auto, (max-width: 213px) 100vw, 213px\" \/><\/a>VENEZIA <\/strong>L&#8217;assessore alla Sanit\u00e0 della Regione del Veneto, Manuela Lanzarin,\u00a0 ha compiuto la sua prima visita all\u2019Ospedale di Feltre dove \u00e8 stata ricevuta dal Direttore generale dell\u2019Ulss 1\u201d Dolomiti, Adriano Rasi Caldogno, ed ha incontrato anche i direttori di unit\u00e0 operativa ed i coordinatori infermieristici. Visita in cui ha avuto modo vedere i lavori per la realizzazione della nuova Piastra Chirurgica, ormai giunti alle fasi finali. \u00a0<em>\u201cI lavori in via di completamento all\u2019ospedale di Feltre &#8211; ha detto &#8211;\u00a0 sono un forte messaggio di attenzione alla montagna e alle zone disagiate, dove sono indispensabili presidi certi e dotati di attrezzature di ultima generazione. I residenti di questo territorio come tutte le popolazioni montane devono avere risposte adeguate, come hanno confermato anche le recenti schede ospedaliere: nel Bellunese nessun ospedale viene chiuso o declassato. Continuer\u00e0 a rimanere l\u2019attuale rete con Belluno hub, quello di Feltre spoke, che viene anche riconosciuto come centro regionale di chirurgia oncologica gastrointestinale, e gli altri presidi di Pieve di Cadore e Agordo, a cui si aggiungono Lamon, centro riabilitativo provinciale, e il Codivilla di Cortina. Tutte le apicalit\u00e0 e soprattutto le specialit\u00e0 sono confermate e i posti letto vengono garantiti con una distribuzione pi\u00f9 efficace rispetto all\u2019invecchiamento della popolazione. Un modello che \u00e8 anche fonte di attrazione da fuori regione e come tale va mantenuto e rafforzato\u201d <\/em>Le nuove realizzazioni in corso all\u2019Ospedale di Feltre sono progettate su una superficie complessiva di 8.000 metri quadrati con un investimento che, comprese le dotazioni tecnologiche, sfiora i 45 milioni di euro. La Piastra sar\u00e0 completata a breve con il Pronto Soccorso e il blocco operatorio, comprendente 7 sale chirurgiche, Rianimazione e Centrale di sterilizzazione, rispettivamente pronti per l\u2019estate ed entro l\u2019anno.<\/p>\n<p>&nbsp;<\/p>\n<p>&nbsp;<\/p>\n<p>&nbsp;<\/p>\n<p>&nbsp;<\/p>\n<h2>FORMAZIONE: CORSO DI COMUNICAZIONE PER FORZE DEL\u2019ORDINE<\/h2>\n<p><strong><a class=\"dt-pswp-item\" href=\"http:\/\/www.radiopiu.net\/wordpress\/wp-content\/uploads\/2019\/03\/395-20129-assesosre-donazzan-a-corso-di-comunicazione-per-forze-ordine-e-pa-1.jpg\" data-dt-img-description=\"\" data-large_image_width=\"1600\" data-large_image_height=\"900\"><img loading=\"lazy\" decoding=\"async\" class=\"alignnone size-large wp-image-79279\" src=\"http:\/\/www.radiopiu.net\/wordpress\/wp-content\/uploads\/2019\/03\/395-20129-assesosre-donazzan-a-corso-di-comunicazione-per-forze-ordine-e-pa-1-1024x576.jpg\" alt=\"\" width=\"1024\" height=\"576\" srcset=\"https:\/\/www.radiopiu.net\/wordpress\/wp-content\/uploads\/2019\/03\/395-20129-assesosre-donazzan-a-corso-di-comunicazione-per-forze-ordine-e-pa-1-1024x576.jpg 1024w, https:\/\/www.radiopiu.net\/wordpress\/wp-content\/uploads\/2019\/03\/395-20129-assesosre-donazzan-a-corso-di-comunicazione-per-forze-ordine-e-pa-1-300x169.jpg 300w, https:\/\/www.radiopiu.net\/wordpress\/wp-content\/uploads\/2019\/03\/395-20129-assesosre-donazzan-a-corso-di-comunicazione-per-forze-ordine-e-pa-1-768x432.jpg 768w, https:\/\/www.radiopiu.net\/wordpress\/wp-content\/uploads\/2019\/03\/395-20129-assesosre-donazzan-a-corso-di-comunicazione-per-forze-ordine-e-pa-1.jpg 1600w\" sizes=\"auto, (max-width: 1024px) 100vw, 1024px\" \/><\/a>VENEZIA <\/strong>Qualificata partecipazione all\u2019evento formativo residenziale \u201cComunicazione interculturale e abilita\u0300 relazionali per forze dell\u2019ordine e operatori dell\u2019emergenza. Nuovi strumenti per la sicurezza del territorio\u201d promosso da Regione Veneto e Universit\u00e0 di C\u00e0 Foscar al quale partecipano rappresentanti dell\u2019Esercito Italiano, Vigili del Fuoco, Polizia Locale, Polizia di Stato, Guardia di Finanza, Carabinieri e Protezione Civile. I 75 partecipanti hanno fatto registrare il tutto esaurito. Cos\u00ec l\u2019iniziativa sar\u00e0 presto sviluppata su pi\u00f9 livelli e ripetuta in altre citt\u00e0 del Veneto, come richiesto anche dalle amministrazioni di appartenenza. Obiettivo della due-giorni \u00e8 offrire agli operatori della sicurezza della Pubblica Amministrazione strumenti sempre pi\u00f9 efficaci di competenze culturali e interculturali e di gestione dell\u2019empatia in condizioni difficili: il tutto grazie alla contributo di alte professionalit\u00e0 coordinate dall\u2019Universit\u00e0 C\u00e0 Foscari di Venezia, che ha promosso percorsi di studio che la rendono unica nel panorama nazionale.<\/p>\n<blockquote><p><em>\u201cLa comunicazione interculturale e le abilita\u0300 relazionali per le Forze dell\u2019Ordine e per gli operatori dell\u2019emergenza sono veri e propri strumenti per la sicurezza del territorio\u201d \u2013 ha sottolineato l\u2019assessore regionale alla formazione e al lavoro del Veneto, Elena Donazzan, intervendo alla seconda giornata del modulo di formazione,\u201cL\u2019Unione Europea ha indicato tra gli obiettivi del Fondo Sociale Europeo il rafforzamento delle competenze nella Pubblica Amministrazione \u2013 ha proseguito &#8211; e all\u2019interno di questa specifica abbiamo voluto prevedere strumenti innovativi rivolti alle Forze dell\u2019Ordine e di Polizia, ed in senso pi\u00f9 ampio a tutti coloro che si trovano a gestire emergenze nel campo della sicurezza\u201d.<\/em><\/p><\/blockquote>\n<p>&nbsp;<\/p>\n<p>&nbsp;<\/p>\n<p>&nbsp;<\/p>\n<h2>ATTESA UNA STREPITOSA 40a AGRIMONT \u2013 APERTURA\u00a0 CON L\u2019ASSESSORE REGIONALE GIUSEPPE PAN<\/h2>\n<p style=\"text-align: center;\"><strong><em>Agrimont 2019 sar\u00e0 aperta oggi e domani dalle 9 alle 19, il venerd\u00ec dalle 14.30 alle 19.<\/em><\/strong><\/p>\n<p><strong><a class=\"dt-pswp-item\" href=\"http:\/\/www.radiopiu.net\/wordpress\/wp-content\/uploads\/2019\/03\/Agrimont-interni.jpg\" data-dt-img-description=\"\" data-large_image_width=\"1278\" data-large_image_height=\"917\"><img loading=\"lazy\" decoding=\"async\" class=\"wp-image-79289 alignleft\" src=\"http:\/\/www.radiopiu.net\/wordpress\/wp-content\/uploads\/2019\/03\/Agrimont-interni-1024x735.jpg\" alt=\"\" width=\"209\" height=\"150\" srcset=\"https:\/\/www.radiopiu.net\/wordpress\/wp-content\/uploads\/2019\/03\/Agrimont-interni-1024x735.jpg 1024w, https:\/\/www.radiopiu.net\/wordpress\/wp-content\/uploads\/2019\/03\/Agrimont-interni-300x215.jpg 300w, https:\/\/www.radiopiu.net\/wordpress\/wp-content\/uploads\/2019\/03\/Agrimont-interni-768x551.jpg 768w, https:\/\/www.radiopiu.net\/wordpress\/wp-content\/uploads\/2019\/03\/Agrimont-interni.jpg 1278w\" sizes=\"auto, (max-width: 209px) 100vw, 209px\" \/><\/a>LONGARONE <\/strong>Si apre oggi nel quartiere di Longarone Fiere Dolomiti la 40. edizione di Agrimont, la fiera dell\u2019agricoltura di montagna, che proseguir\u00e0 anche domenica 17 per poi riprendere da venerd\u00ec 22 a domenica 24 marzo. Alla cerimonia inaugurale (ore 12.00) interverranno l\u2019Assessore regionale all\u2019agricoltura, caccia e pesca, Giuseppe Pan e il Presidente nazionale di Coldiretti, Ettore Prandini. Agrimont registra anche quest\u2019anno il tutto esaurito per quanto riguarda gli spazi espositivi, confermando il suo ruolo di punto di riferimento per un settore fondamentale per la tutela e lo sviluppo del territorio montano. Presenti 277 marchi aziendali da 14 regioni italiane e 13 Paesi esteri. Anche quest\u2019anno Agrimont dedica un\u2019attenzione particolare alla produzione di miele protagonista nel convegno di domani alle 9.15, a cura dell\u2019associazione Apimarca con gli interventi \u201cIl nosema: una minaccia spesso sottovalutata\u201d e \u201cIl rapporto tra i cambiamenti climatici e l\u2019apicoltura\u201d del dottor Antonio Nanetti e domani alle 10 con Apidolomiti che organizza la tradizionale giornata dell\u2019Apicoltura di montagna con l\u2019intervento del dottor Angelo Sommaruga dal titolo \u201cLa cera d\u2019ape: note per gli apicoltori\u201d con l\u2019approfondimento sulle caratteristiche e sui metodi di lavorazione.<\/p>\n<h2><a class=\"dt-pswp-item\" href=\"http:\/\/www.radiopiu.net\/wordpress\/wp-content\/uploads\/2018\/09\/banner-speciali-1.png\" data-dt-img-description=\"\" data-large_image_width=\"250\" data-large_image_height=\"175\"><img loading=\"lazy\" decoding=\"async\" class=\" wp-image-59743 alignleft\" src=\"http:\/\/www.radiopiu.net\/wordpress\/wp-content\/uploads\/2018\/09\/banner-speciali-1.png\" alt=\"\" width=\"160\" height=\"112\" \/><\/a><\/h2>\n<h2>SPECIALE AGRIMONT, IERI ALLA RADIO.<\/h2>\n<blockquote><p><em><span style=\"color: #ff0000;\">LE INTERVISTE E GLI INTERVENTI<\/span><\/em><\/p><\/blockquote>\n<p><strong>LONGARONE FIERE<\/strong><\/p>\n<p><strong>Sabrina Graziani<\/strong> &#8211; Az. Agricola Terra delle Dolomiti <strong>Gian Angelo Bellati<\/strong> &#8211; Presidente Longarone Fiere Dolomiti <strong>Roberto Padrin<\/strong> &#8211; Presidente Provincia Belluno e Sindaco Longarone <strong>Chiara Bortolas<\/strong> &#8211; CdA Longarone Fiere e Coldiretti Donne <strong>Flavia Colle<\/strong> &#8211; CdA Longarone Fiere e ISS Agrario &#8220;A. Della Lucia&#8221; di Feltre<strong> Alessandro De Rocco<\/strong> &#8211; Presidente Coldiretti Belluno<\/p>\n<p><strong>AUDIO<\/strong><\/p>\n<audio class=\"wp-audio-shortcode\" id=\"audio-79210-5\" preload=\"none\" style=\"width: 100%;\" controls=\"controls\"><source type=\"audio\/mpeg\" src=\"http:\/\/www.radiopiu.net\/wordpress\/wp-content\/uploads\/2019\/03\/SPECIALE-AGRIMONT.mp3?_=5\" \/><a href=\"http:\/\/www.radiopiu.net\/wordpress\/wp-content\/uploads\/2019\/03\/SPECIALE-AGRIMONT.mp3\">http:\/\/www.radiopiu.net\/wordpress\/wp-content\/uploads\/2019\/03\/SPECIALE-AGRIMONT.mp3<\/a><\/audio>\n<p>&nbsp;<\/p>\n<p>&nbsp;<\/p>\n<p>&nbsp;<\/p>\n<p>&nbsp;<\/p>\n<p>&nbsp;<\/p>\n<h2>SCUOLA PRIMARIA di TAIBON AGORDINO,\u00a0 GIORNATE DELLO SPORT DEL 7 E 8 MARZO<\/h2>\n<p><a class=\"dt-pswp-item\" href=\"http:\/\/www.radiopiu.net\/wordpress\/wp-content\/uploads\/2019\/03\/DSC_0985.jpg\" data-dt-img-description=\"\" data-large_image_width=\"4928\" data-large_image_height=\"2928\"><img loading=\"lazy\" decoding=\"async\" class=\"alignnone size-large wp-image-79231\" src=\"http:\/\/www.radiopiu.net\/wordpress\/wp-content\/uploads\/2019\/03\/DSC_0985-1024x608.jpg\" alt=\"\" width=\"1024\" height=\"608\" srcset=\"https:\/\/www.radiopiu.net\/wordpress\/wp-content\/uploads\/2019\/03\/DSC_0985-1024x608.jpg 1024w, https:\/\/www.radiopiu.net\/wordpress\/wp-content\/uploads\/2019\/03\/DSC_0985-300x178.jpg 300w, https:\/\/www.radiopiu.net\/wordpress\/wp-content\/uploads\/2019\/03\/DSC_0985-768x456.jpg 768w\" sizes=\"auto, (max-width: 1024px) 100vw, 1024px\" \/><\/a><br \/>\n<strong>TAIBON<\/strong> Per il terzo anno consecutivo, grazie all\u2019intervento delle diverse associazioni sportive locali, \u00e8 stato possibile organizzare nella scuola primaria di Taibon due giornate dedicate allo Sport. Come sempre si sono rivelate un successo, anche per l\u2019entusiasmo e la partecipazione molto sentita da parte dei 95 piccoli atleti, che si sono dimostrati rispettosi e collaborativi durante le attivit\u00e0 proposte. Nel corso di queste giornate, i ragazzi hanno potuto cimentarsi nei diversi sport gi\u00e0 conosciuti gli anni precedenti: arrampicata, atletica, calcio, danza, karate, volley e la novit\u00e0\u00a0 Judo\u00a0 con l\u2019istruttore che ha saputo coinvolgere e appassionare i bambini con esercizi divertenti ed entusiasmanti.<\/p>\n<blockquote><p><em><a class=\"dt-pswp-item\" href=\"http:\/\/www.radiopiu.net\/wordpress\/wp-content\/uploads\/2019\/03\/bd0c073d-eba3-4441-94a2-3e521017b27e.jpg\" data-dt-img-description=\"\" data-large_image_width=\"1600\" data-large_image_height=\"900\"><img loading=\"lazy\" decoding=\"async\" class=\"alignnone size-large wp-image-79227\" src=\"http:\/\/www.radiopiu.net\/wordpress\/wp-content\/uploads\/2019\/03\/bd0c073d-eba3-4441-94a2-3e521017b27e-1024x576.jpg\" alt=\"\" width=\"1024\" height=\"576\" srcset=\"https:\/\/www.radiopiu.net\/wordpress\/wp-content\/uploads\/2019\/03\/bd0c073d-eba3-4441-94a2-3e521017b27e-1024x576.jpg 1024w, https:\/\/www.radiopiu.net\/wordpress\/wp-content\/uploads\/2019\/03\/bd0c073d-eba3-4441-94a2-3e521017b27e-300x169.jpg 300w, https:\/\/www.radiopiu.net\/wordpress\/wp-content\/uploads\/2019\/03\/bd0c073d-eba3-4441-94a2-3e521017b27e-768x432.jpg 768w, https:\/\/www.radiopiu.net\/wordpress\/wp-content\/uploads\/2019\/03\/bd0c073d-eba3-4441-94a2-3e521017b27e.jpg 1600w\" sizes=\"auto, (max-width: 1024px) 100vw, 1024px\" \/><\/a>&#8220;Un vivo ringraziamento &#8211; dice il personale docente &#8211;\u00a0 a tutte le associazioni che hanno partecipato e in particolare al maestro Silvano e agli istruttori della Rivolta che hanno consentito ai bambini di provare l\u2019ebbrezza di mantenersi in equilibrio e di raggiungere la \u201cvetta pi\u00f9 alta\u201d nella Palestra di Arrampicata. A Ivano, Valeria e Gabriele dell\u2019 Atletica Agordina, coordinata dal presidente Fernando Soccol, i quali hanno proposto esercizi e giochi accattivanti e preparatori per la corsa. Ad Antimo Savaris e a Ngoc Lam Kim del Gruppo Sportivo, che come al solito hanno permesso ai ragazzi di sferrare qualche calcio al pallone per poter realizzare dei tiri in porta come dei veri e propri campioni.\u00a0 A Roberta e Gabriella dell\u2019Associazione\u00a0 Danza Agordina, che con le loro musiche hanno fatto divertire i bambini a ritmo di danza. Al maestro Vittorio Moreno della Karate\u00a0 Tean Dolomiti\u00a0 che ha proposto esercizi, capovolte e vere mosse di Karate. Ad Eros Follador e Mario Modonesi, che con la loro professionalit\u00e0 hanno presentato esercizi preparatori per l\u2019acquisizione della tecnica del Volley e simulazioni di partite. A Massimiliano Viezzer dell\u2019Associazione Judo di Agordo che ha saputo portare nella scuola di Taibon una nuova disciplina orientale, con l\u2019 obiettivo fondamentale basato sul rispetto degli altri. Un ringraziamento particolare \u00e8 rivolto anche all\u2019Amministrazione Comunale sempre presente per aiutare a realizzare quanto viene organizzato in ambito scolastico&#8221;.<\/em><\/p><\/blockquote>\n<p>&nbsp;<\/p>\n<p>&nbsp;<\/p>\n<h2>FESTA DEL TRICOLORE CON GLI ALPINI<\/h2>\n<p><strong><a class=\"dt-pswp-item\" href=\"http:\/\/www.radiopiu.net\/wordpress\/wp-content\/uploads\/2019\/03\/IC-FELTRE-Festa-del-Tricolore.jpg\" data-dt-img-description=\"\" data-large_image_width=\"1024\" data-large_image_height=\"768\"><img loading=\"lazy\" decoding=\"async\" class=\"alignnone size-large wp-image-79275\" src=\"http:\/\/www.radiopiu.net\/wordpress\/wp-content\/uploads\/2019\/03\/IC-FELTRE-Festa-del-Tricolore-1024x768.jpg\" alt=\"\" width=\"1024\" height=\"768\" srcset=\"https:\/\/www.radiopiu.net\/wordpress\/wp-content\/uploads\/2019\/03\/IC-FELTRE-Festa-del-Tricolore.jpg 1024w, https:\/\/www.radiopiu.net\/wordpress\/wp-content\/uploads\/2019\/03\/IC-FELTRE-Festa-del-Tricolore-300x225.jpg 300w, https:\/\/www.radiopiu.net\/wordpress\/wp-content\/uploads\/2019\/03\/IC-FELTRE-Festa-del-Tricolore-768x576.jpg 768w\" sizes=\"auto, (max-width: 1024px) 100vw, 1024px\" \/><\/a>FELTRE<\/strong> Festa del Tricolore alla scuola elementare di Farra-Boscariz dell&#8217;Istituto Comprensivo di Feltre. Gli alpini del gruppo di Farra della sezione Ana di Feltre hanno donato un Tricolore alla scuola primaria in occasione della festa dell&#8217;Unit\u00e0 d&#8217;Italia, prevista per domenica prossima, 17 marzo. I bambini hanno cantato l&#8217;Inno d&#8217;Italia e altri brani, hanno fatto l&#8217;alzabandiera e alla fine si sono gustati la sorpresa \u201ctricolore\u201d consistente in un vassoio pieno di fazzoletti verdi bianchi e rossi a racchiudere ciascuno un uovo di zucchero regalo per tutti i bimbi. Presente alla manifestazione l&#8217;assessore comunale Anna Rossi, il vicecapogruppo del gruppo alpini di Farra e una rappresentanza delle penne nere. \u201cIl Tricolore \u00e8 il simbolo della Patria e vessillo dell\u2019Italia unita \u2013 ha voluto sottolineare nel suo discorso il vicecapgruppo degli Alpini gruppo di Farra, Dino Cecchetta \u2013 identit\u00e0 di un popolo e di una nazione. La nostra Bandiera va rispettata, per i caduti e per i sacrifici che rappresenta\u201d. Rivolgendosi poi direttamente ai ragazzini ha espresso loro la speranza in un futuro guidato dai valori della convivenza civile e sociale, vento di rinnovamento e di sprone per tutti. \u201cAbbiatene cura \u2013 ha concluso Mariech riguardo al Tricolore \u2013 donategli la considerazione che si merita e non dimenticatevi di salutarla, anche solo con uno sguardo, come forte segno di appartenenza alla nostra Italia\u201d.<\/p>\n<p><strong>GALLERIA FOTO, CLICCA PER INGRANDIRE<\/strong><\/p>\n\n\t\t\t<style type='text\/css'>\n\t\t\t\t#gallery-2 {\n\t\t\t\t\tmargin: auto;\n\t\t\t\t}\n\t\t\t\t#gallery-2 .gallery-item {\n\t\t\t\t\tfloat: left;\n\t\t\t\t\tmargin-top: 10px;\n\t\t\t\t\ttext-align: center;\n\t\t\t\t\twidth: 33%;\n\t\t\t\t}\n\t\t\t\t#gallery-2 img {\n\t\t\t\t\tborder: 2px solid #cfcfcf;\n\t\t\t\t}\n\t\t\t\t#gallery-2 .gallery-caption {\n\t\t\t\t\tmargin-left: 0;\n\t\t\t\t}\n\t\t\t\t\/* see gallery_shortcode() in wp-includes\/media.php *\/\n\t\t\t<\/style>\n\t\t<div id='gallery-2' class='dt-gallery-container gallery galleryid-79210 gallery-columns-3 gallery-size-thumbnail'><dl class='gallery-item'>\n\t\t\t\t<dt class='gallery-icon portrait'>\n\t\t\t\t\t<a class=\"rollover\" href='https:\/\/www.radiopiu.net\/wordpress\/giornale-radiopiu-16-marzo-2019-direttore-mirko-mezzacasa\/ic-feltre-festa-del-tricolore-2\/'><img loading=\"lazy\" decoding=\"async\" width=\"150\" height=\"150\" src=\"https:\/\/www.radiopiu.net\/wordpress\/wp-content\/uploads\/2019\/03\/IC-FELTRE-Festa-del-Tricolore-2-150x150.jpg\" class=\"attachment-thumbnail size-thumbnail\" alt=\"\" \/><\/a>\n\t\t\t\t<\/dt><\/dl><dl class='gallery-item'>\n\t\t\t\t<dt class='gallery-icon landscape'>\n\t\t\t\t\t<a class=\"rollover\" href='https:\/\/www.radiopiu.net\/wordpress\/giornale-radiopiu-16-marzo-2019-direttore-mirko-mezzacasa\/ic-feltre-festa-del-tricolore-5\/'><img loading=\"lazy\" decoding=\"async\" width=\"150\" height=\"150\" src=\"https:\/\/www.radiopiu.net\/wordpress\/wp-content\/uploads\/2019\/03\/IC-FELTRE-Festa-del-Tricolore-5-150x150.jpg\" class=\"attachment-thumbnail size-thumbnail\" alt=\"\" \/><\/a>\n\t\t\t\t<\/dt><\/dl><dl class='gallery-item'>\n\t\t\t\t<dt class='gallery-icon landscape'>\n\t\t\t\t\t<a class=\"rollover\" href='https:\/\/www.radiopiu.net\/wordpress\/giornale-radiopiu-16-marzo-2019-direttore-mirko-mezzacasa\/ic-feltre-festa-del-tricolore-3\/'><img loading=\"lazy\" decoding=\"async\" width=\"150\" height=\"150\" src=\"https:\/\/www.radiopiu.net\/wordpress\/wp-content\/uploads\/2019\/03\/IC-FELTRE-Festa-del-Tricolore-3-150x150.jpg\" class=\"attachment-thumbnail size-thumbnail\" alt=\"\" \/><\/a>\n\t\t\t\t<\/dt><\/dl><br style=\"clear: both\" \/><dl class='gallery-item'>\n\t\t\t\t<dt class='gallery-icon portrait'>\n\t\t\t\t\t<a class=\"rollover\" href='https:\/\/www.radiopiu.net\/wordpress\/giornale-radiopiu-16-marzo-2019-direttore-mirko-mezzacasa\/ic-feltre-festa-del-tricolore-1\/'><img loading=\"lazy\" decoding=\"async\" width=\"150\" height=\"150\" src=\"https:\/\/www.radiopiu.net\/wordpress\/wp-content\/uploads\/2019\/03\/IC-FELTRE-Festa-del-Tricolore-1-150x150.jpg\" class=\"attachment-thumbnail size-thumbnail\" alt=\"\" \/><\/a>\n\t\t\t\t<\/dt><\/dl><dl class='gallery-item'>\n\t\t\t\t<dt class='gallery-icon landscape'>\n\t\t\t\t\t<a class=\"rollover\" href='https:\/\/www.radiopiu.net\/wordpress\/giornale-radiopiu-16-marzo-2019-direttore-mirko-mezzacasa\/ic-feltre-festa-del-tricolore-4\/'><img loading=\"lazy\" decoding=\"async\" width=\"150\" height=\"150\" src=\"https:\/\/www.radiopiu.net\/wordpress\/wp-content\/uploads\/2019\/03\/IC-FELTRE-Festa-del-Tricolore-4-150x150.jpg\" class=\"attachment-thumbnail size-thumbnail\" alt=\"\" \/><\/a>\n\t\t\t\t<\/dt><\/dl><dl class='gallery-item'>\n\t\t\t\t<dt class='gallery-icon landscape'>\n\t\t\t\t\t<a class=\"rollover\" href='https:\/\/www.radiopiu.net\/wordpress\/giornale-radiopiu-16-marzo-2019-direttore-mirko-mezzacasa\/ic-feltre-festa-del-tricolore\/'><img loading=\"lazy\" decoding=\"async\" width=\"150\" height=\"150\" src=\"https:\/\/www.radiopiu.net\/wordpress\/wp-content\/uploads\/2019\/03\/IC-FELTRE-Festa-del-Tricolore-150x150.jpg\" class=\"attachment-thumbnail size-thumbnail\" alt=\"\" \/><\/a>\n\t\t\t\t<\/dt><\/dl><br style=\"clear: both\" \/>\n\t\t\t<\/div>\n\n<p>&nbsp;<\/p>\n<p>&nbsp;<\/p>\n<h2>MERCOLEDI CONSIGLIO COMUNALE<\/h2>\n<p><strong>FALCADE<\/strong> Il consiglio comunale si riunir\u00e0 mercoledi alle 20 in Municipio. All&#8217;ordine del giorno l&#8217;approvazione di aliquote e detrazione dei tributi Tasi e Imu; approvazione piano delle alienazioni e valorizzazioni immobiliari; bilancio preventivo Asca; approvazione nota di aggiornamento al DUP; approvazione bilancio di previsioni; revisione piano di accertamento e riordino terre di uso civico;\u00a0 approvazione regolamenti per l&#8217;uso di prodotti fito sanitari e per gli oggetti rinvenuti sul territorio comunale.<\/p>\n<p>&nbsp;<\/p>\n<p>&nbsp;<\/p>\n<h2><a class=\"dt-pswp-item\" href=\"http:\/\/www.radiopiu.net\/wordpress\/wp-content\/uploads\/2019\/03\/GoccediSole-2.jpg\" data-dt-img-description=\"\" data-large_image_width=\"1869\" data-large_image_height=\"2590\"><img loading=\"lazy\" decoding=\"async\" class=\"wp-image-79170 alignleft\" src=\"http:\/\/www.radiopiu.net\/wordpress\/wp-content\/uploads\/2019\/03\/GoccediSole-2-739x1024.jpg\" alt=\"\" width=\"165\" height=\"229\" srcset=\"https:\/\/www.radiopiu.net\/wordpress\/wp-content\/uploads\/2019\/03\/GoccediSole-2-739x1024.jpg 739w, https:\/\/www.radiopiu.net\/wordpress\/wp-content\/uploads\/2019\/03\/GoccediSole-2-216x300.jpg 216w, https:\/\/www.radiopiu.net\/wordpress\/wp-content\/uploads\/2019\/03\/GoccediSole-2-768x1064.jpg 768w, https:\/\/www.radiopiu.net\/wordpress\/wp-content\/uploads\/2019\/03\/GoccediSole-2.jpg 1869w\" sizes=\"auto, (max-width: 165px) 100vw, 165px\" \/><\/a><\/h2>\n<h2><\/h2>\n<h2>CONCORSO NAZIONALE MUSICALE CITTA&#8217; DI BELLUNO<\/h2>\n<p>Rassegna piccoli talenti, prima edizione. Iscrizioni fino al 28 febbraio.<\/p>\n<p>di ROBERTO BONA<\/p>\n<audio class=\"wp-audio-shortcode\" id=\"audio-79210-6\" preload=\"none\" style=\"width: 100%;\" controls=\"controls\"><source type=\"audio\/mpeg\" src=\"http:\/\/www.radiopiu.net\/wordpress\/wp-content\/uploads\/2019\/03\/roberto-musical.mp3?_=6\" \/><a href=\"http:\/\/www.radiopiu.net\/wordpress\/wp-content\/uploads\/2019\/03\/roberto-musical.mp3\">http:\/\/www.radiopiu.net\/wordpress\/wp-content\/uploads\/2019\/03\/roberto-musical.mp3<\/a><\/audio>\n<p>&nbsp;<\/p>\n<p>&nbsp;<\/p>\n<p>&nbsp;<\/p>\n<h2>SAGRA DE PASCA, TAIBON GIA&#8217; IN FERMENTO<\/h2>\n<p><strong><a class=\"dt-pswp-item\" href=\"http:\/\/www.radiopiu.net\/wordpress\/wp-content\/uploads\/2019\/03\/WhatsApp-Image-2019-03-13-at-12.18.35.jpeg\" data-dt-img-description=\"\" data-large_image_width=\"1600\" data-large_image_height=\"824\"><img loading=\"lazy\" decoding=\"async\" class=\"alignnone size-large wp-image-79053\" src=\"http:\/\/www.radiopiu.net\/wordpress\/wp-content\/uploads\/2019\/03\/WhatsApp-Image-2019-03-13-at-12.18.35-1024x527.jpeg\" alt=\"\" width=\"1024\" height=\"527\" srcset=\"https:\/\/www.radiopiu.net\/wordpress\/wp-content\/uploads\/2019\/03\/WhatsApp-Image-2019-03-13-at-12.18.35-1024x527.jpeg 1024w, https:\/\/www.radiopiu.net\/wordpress\/wp-content\/uploads\/2019\/03\/WhatsApp-Image-2019-03-13-at-12.18.35-300x155.jpeg 300w, https:\/\/www.radiopiu.net\/wordpress\/wp-content\/uploads\/2019\/03\/WhatsApp-Image-2019-03-13-at-12.18.35-768x396.jpeg 768w, https:\/\/www.radiopiu.net\/wordpress\/wp-content\/uploads\/2019\/03\/WhatsApp-Image-2019-03-13-at-12.18.35.jpeg 1600w\" sizes=\"auto, (max-width: 1024px) 100vw, 1024px\" \/><\/a>TAIBON<\/strong> Dal 18 al 21 aprile, quattro giorni di festa con le associazioni del paese: Gruppo Sportivo, Donatori del Sangue e Proloco. Giovedi 18 nella serata RADIO PIU presentazione del campionato agordino di calcio, pastasciutta pro pompieri volontari di Agordo e graditi ospiti gli artisti di Belluno Alza la Voce. Venerdi 19 l&#8217;orchestra spettacolo di Franco Bagutti, polena baccal\u00e0 e seppie. Sabato 20 Orchestra spettacolo Renzo Biondi preceduto dall&#8217;aperitivo superalativo. Domenica 21 serata Pasca in Frasca con Morgan, Bisso e la cover band Mamalover, musica dagli anni settanta ad oggi. Domenica alle 22.30 estrazione della lotteria, tutte le serate in diretta su RADIO PIU&#8217;.<\/p>\n<p>&nbsp;<\/p>\n<p>&nbsp;<\/p>\n<p>&nbsp;<\/p>\n<p>&nbsp;<\/p>\n<h2><a class=\"dt-pswp-item\" href=\"http:\/\/www.radiopiu.net\/wordpress\/wp-content\/uploads\/2018\/09\/appuntamenti.jpeg\" data-dt-img-description=\"\" data-large_image_width=\"800\" data-large_image_height=\"100\"><img loading=\"lazy\" decoding=\"async\" class=\"alignnone wp-image-61958 size-full\" src=\"http:\/\/www.radiopiu.net\/wordpress\/wp-content\/uploads\/2018\/09\/appuntamenti.jpeg\" alt=\"\" width=\"800\" height=\"100\" srcset=\"https:\/\/www.radiopiu.net\/wordpress\/wp-content\/uploads\/2018\/09\/appuntamenti.jpeg 800w, https:\/\/www.radiopiu.net\/wordpress\/wp-content\/uploads\/2018\/09\/appuntamenti-300x38.jpeg 300w, https:\/\/www.radiopiu.net\/wordpress\/wp-content\/uploads\/2018\/09\/appuntamenti-768x96.jpeg 768w\" sizes=\"auto, (max-width: 800px) 100vw, 800px\" \/><\/a><\/h2>\n<p>&nbsp;<\/p>\n<h3>OGGI CON LO SPI CGIL E FERRUCCIO BORTOLI<\/h3>\n<pre class=\"moz-quote-pre\"><strong>BELLUNO<\/strong> Lo Spi Cgil di Belluno propone un incontro con il giornalista  Ferruccio De Bortoli in un pomeriggio dedicato all'analisi del \"Linguaggio della Politica al tempo dei socialmedia\". Partecipano: Elena Di Gregorio Segretaria Regionale Spi Cgil Veneto, Adriana Lotto presidente Associazione culturale Tina Merlin Francesco Piero Franchi docente e italianista, membro Isbrec \r\nFederica Moritsch stundentessa. Alle 17.30 al Teatro Parrocchiale di Cavarzano<\/pre>\n<p>&nbsp;<\/p>\n<p>&nbsp;<\/p>\n<h2>GLI APPUNTAMENTI DELLA LEGA<\/h2>\n<p><strong><a class=\"dt-pswp-item\" href=\"http:\/\/www.radiopiu.net\/wordpress\/wp-content\/uploads\/2019\/03\/Incontro-16-marzo-2019-2.jpeg\" data-dt-img-description=\"\" data-large_image_width=\"452\" data-large_image_height=\"640\"><img loading=\"lazy\" decoding=\"async\" class=\"wp-image-79011 alignleft\" src=\"http:\/\/www.radiopiu.net\/wordpress\/wp-content\/uploads\/2019\/03\/Incontro-16-marzo-2019-2.jpeg\" alt=\"\" width=\"145\" height=\"205\" srcset=\"https:\/\/www.radiopiu.net\/wordpress\/wp-content\/uploads\/2019\/03\/Incontro-16-marzo-2019-2.jpeg 452w, https:\/\/www.radiopiu.net\/wordpress\/wp-content\/uploads\/2019\/03\/Incontro-16-marzo-2019-2-212x300.jpeg 212w\" sizes=\"auto, (max-width: 145px) 100vw, 145px\" \/><\/a>BELLUNO<\/strong>\u00a0Oggi si terranno a Belluno presso la sala Gaio del Centro Giovanni XXIII, piazza Piloni 11,\u00a0 dalle\u00a0 9 e a Feltre presso la sala OCRI , via Negrelli 7, dalle\u00a0 14,30, due incontri aperti a tutti e rivolti principalmente ai giovani, nei quali verranno illustrate da tecnici che operano presso il Parlamento Europeo a Bruxelles le attivit\u00e0 che ivi vengono svolte. Gli incontri introdotti dall&#8217;Europarlamentare Giancarlo Scott\u00e0<\/p>\n<p>&nbsp;<\/p>\n<p>&nbsp;<\/p>\n<p>&nbsp;<\/p>\n<h2>PROGETTI PER IL NEVEGAL<\/h2>\n<p><strong><a class=\"dt-pswp-item\" href=\"http:\/\/www.radiopiu.net\/wordpress\/wp-content\/uploads\/2019\/03\/manifestino-18-marzo-.jpeg\" data-dt-img-description=\"\" data-large_image_width=\"227\" data-large_image_height=\"320\"><img loading=\"lazy\" decoding=\"async\" class=\" wp-image-79042 alignleft\" src=\"http:\/\/www.radiopiu.net\/wordpress\/wp-content\/uploads\/2019\/03\/manifestino-18-marzo-.jpeg\" alt=\"\" width=\"158\" height=\"223\" srcset=\"https:\/\/www.radiopiu.net\/wordpress\/wp-content\/uploads\/2019\/03\/manifestino-18-marzo-.jpeg 227w, https:\/\/www.radiopiu.net\/wordpress\/wp-content\/uploads\/2019\/03\/manifestino-18-marzo--213x300.jpeg 213w\" sizes=\"auto, (max-width: 158px) 100vw, 158px\" \/><\/a>BELLUNO<\/strong> Il Gruppo #progettaNevegaldomani\u00a0 composto dall\u2019insieme dei soggetti (operatori economici , associazioni culturali , turistiche e \u00a0sportive , societ\u00e0 di gestione , cittadini \u00a0residenti ) che lavorano, vivono e a cui sta a cuore il futuro del Nevegal , presenta l\u2019Agenda strategica Nevegaldomani:<br \/>\nluned\u00ec 18 marzo\u00a0 alle 20.30 \u00a0presso la Sala Muccin del Centro Giovanni XXIII in \u00a0Piazza Piloni a Belluno.<\/p>\n<p>&nbsp;<\/p>\n<p>&nbsp;<\/p>\n<p><strong>BELLUNO<\/strong> In occasione della Settimana Mondiale dell\u2019Acqua\u00a0 il Rotary Club di Belluno\u00a0 propone lo spettacolo \u201cSiam mica qui a farci salvare dai panda\u2026l\u2019Ecologia come opportunit\u00e0 di benessere per tutti\u201d. Con\u00a0Michele Dotti, educaTTore, scrittore, formatore.\u00a0 Luned\u00ec 18 marzo, ore 20.30 al Giovanni XXIII a Belluno, in Piazza Piloni.<\/p>\n<p>&nbsp;<\/p>\n<p>&nbsp;<\/p>\n<p><strong>AGORDO<\/strong> Giovedi 21 marzo alle 20.30 nella saletta della Biblioteca, assemblea del comitato di Gemellaggio. L&#8217;ordine del giorno in discussione: Rendicontazione anno 2018 e approvazione bilancio; Libro per i 30 anni di gemellaggio con Zugliano;\u00a0\u00a0Programma ed organizzazione della visita dei gemelli francesi del prossimo 3-4 maggio;\u00a0\u00a0Rinnovo direttivo; Rinnovo Tesseramento per l\u2019anno 2019<\/p>\n<p>&nbsp;<\/p>\n<p>&nbsp;<\/p>\n<p><strong>SEDICO<\/strong> Sabato\u00a023 marzo alle 20.45 nella Chiesa Parrocchiale del Mas<br \/>\nIl coro Monti del Sole diretto dal maestro Luca Lotto propone una serata di beneficienza a favore della popolazione del Comune di Taibon colpita dell\u2019alluvione dello scorso mese di ottobre, con canti e riflessioni per l\u2019Agordino. Graditi ospiti gli amici del coro Valcavasia di Cavaso del Tomba (TV). La serata sar\u00e0 presentata da Michela Da Canal.<\/p>\n<p>&nbsp;<\/p>\n<p>&nbsp;<\/p>\n<p>&nbsp;<\/p>\n<blockquote><p>&nbsp;<\/p><\/blockquote>\n<h2><a class=\"dt-pswp-item\" href=\"http:\/\/www.radiopiu.net\/wordpress\/wp-content\/uploads\/2018\/03\/alleghe-baiteaperte.jpg\" data-dt-img-description=\"\" data-large_image_width=\"1920\" data-large_image_height=\"1080\"><img loading=\"lazy\" decoding=\"async\" class=\"wp-image-44924 alignleft\" src=\"http:\/\/www.radiopiu.net\/wordpress\/wp-content\/uploads\/2018\/03\/alleghe-baiteaperte-1024x576.jpg\" alt=\"\" width=\"206\" height=\"116\" srcset=\"https:\/\/www.radiopiu.net\/wordpress\/wp-content\/uploads\/2018\/03\/alleghe-baiteaperte-1024x576.jpg 1024w, https:\/\/www.radiopiu.net\/wordpress\/wp-content\/uploads\/2018\/03\/alleghe-baiteaperte-300x169.jpg 300w, https:\/\/www.radiopiu.net\/wordpress\/wp-content\/uploads\/2018\/03\/alleghe-baiteaperte-768x432.jpg 768w, https:\/\/www.radiopiu.net\/wordpress\/wp-content\/uploads\/2018\/03\/alleghe-baiteaperte.jpg 1920w\" sizes=\"auto, (max-width: 206px) 100vw, 206px\" \/><\/a>SPECIALE BAITE APERTE, DOMANI AD ALLEGHE<\/h2>\n<p>L&#8217;INTERVISTA ALLA RADIO, DI CLAUDIO FONTANIVE<\/p>\n<audio class=\"wp-audio-shortcode\" id=\"audio-79210-7\" preload=\"none\" style=\"width: 100%;\" controls=\"controls\"><source type=\"audio\/mpeg\" src=\"http:\/\/www.radiopiu.net\/wordpress\/wp-content\/uploads\/2019\/03\/baite-aperte-cristian-andrea-1.mp3?_=7\" \/><a href=\"http:\/\/www.radiopiu.net\/wordpress\/wp-content\/uploads\/2019\/03\/baite-aperte-cristian-andrea-1.mp3\">http:\/\/www.radiopiu.net\/wordpress\/wp-content\/uploads\/2019\/03\/baite-aperte-cristian-andrea-1.mp3<\/a><\/audio>\n<p>&nbsp;<\/p>\n<p>&nbsp;<\/p>\n<p>&nbsp;<\/p>\n<p>&nbsp;<\/p>\n<p>&nbsp;<\/p>\n<p><a class=\"dt-pswp-item\" href=\"http:\/\/www.radiopiu.net\/wordpress\/wp-content\/uploads\/2018\/09\/viabilita.jpeg\" data-dt-img-description=\"\" data-large_image_width=\"800\" data-large_image_height=\"100\"><img loading=\"lazy\" decoding=\"async\" class=\"alignnone size-full wp-image-61954\" src=\"http:\/\/www.radiopiu.net\/wordpress\/wp-content\/uploads\/2018\/09\/viabilita.jpeg\" alt=\"\" width=\"800\" height=\"100\" srcset=\"https:\/\/www.radiopiu.net\/wordpress\/wp-content\/uploads\/2018\/09\/viabilita.jpeg 800w, https:\/\/www.radiopiu.net\/wordpress\/wp-content\/uploads\/2018\/09\/viabilita-300x38.jpeg 300w, https:\/\/www.radiopiu.net\/wordpress\/wp-content\/uploads\/2018\/09\/viabilita-768x96.jpeg 768w\" sizes=\"auto, (max-width: 800px) 100vw, 800px\" \/><\/a><\/p>\n<p><strong>FINO AL 29 MARZO<\/strong> dalle 8 alle 17 senso unico alternato in Comune di Cencenighe lungo la regionale 203 agordina per la messa in sicurezza del tratto stradale.<\/p>\n<p><strong>VOLTAGO<\/strong> FINO AL 5 APRILE\u00a0 tutti i giorni sabati e domeniche compresi, senso unico alternato regolato da semaforo lungo la provinciale 347 in Comune di Voltago per lavori di somma urgenza e messa in sicurezza del piano viabile.<\/p>\n<p>&nbsp;<\/p>\n<p>&nbsp;<\/p>\n<p><a class=\"dt-pswp-item\" href=\"http:\/\/www.radiopiu.net\/wordpress\/wp-content\/uploads\/2018\/09\/sport.jpg\" data-dt-img-description=\"\" data-large_image_width=\"800\" data-large_image_height=\"100\"><img loading=\"lazy\" decoding=\"async\" class=\"alignnone wp-image-60761 size-full\" src=\"http:\/\/www.radiopiu.net\/wordpress\/wp-content\/uploads\/2018\/09\/sport.jpg\" alt=\"\" width=\"800\" height=\"100\" srcset=\"https:\/\/www.radiopiu.net\/wordpress\/wp-content\/uploads\/2018\/09\/sport.jpg 800w, https:\/\/www.radiopiu.net\/wordpress\/wp-content\/uploads\/2018\/09\/sport-300x38.jpg 300w, https:\/\/www.radiopiu.net\/wordpress\/wp-content\/uploads\/2018\/09\/sport-768x96.jpg 768w\" sizes=\"auto, (max-width: 800px) 100vw, 800px\" \/><\/a><\/p>\n<p>&nbsp;<\/p>\n<p>SPECIALE CAMPIONATO AGORDINO DI MARCO GAZ<\/p>\n<blockquote><p><strong>INTERVISTA A NICOLETTA CASTELLINI PRESIDENTE DEL CSI BELLUNO<\/strong><\/p><\/blockquote>\n<audio class=\"wp-audio-shortcode\" id=\"audio-79210-8\" preload=\"none\" style=\"width: 100%;\" controls=\"controls\"><source type=\"audio\/mpeg\" src=\"http:\/\/www.radiopiu.net\/wordpress\/wp-content\/uploads\/2019\/03\/gr-16-sport-campionato-agordino.mp3?_=8\" \/><a href=\"http:\/\/www.radiopiu.net\/wordpress\/wp-content\/uploads\/2019\/03\/gr-16-sport-campionato-agordino.mp3\">http:\/\/www.radiopiu.net\/wordpress\/wp-content\/uploads\/2019\/03\/gr-16-sport-campionato-agordino.mp3<\/a><\/audio>\n<p>&nbsp;<\/p>\n<h2>IERI DAL NOTIZIARIO<\/h2>\n<blockquote class=\"wp-embedded-content\" data-secret=\"a3me8lYxJx\"><p><a href=\"http:\/\/www.radiopiu.net\/wordpress\/campionato-agordino-di-calcio-la-nuova-stagione\/\">CAMPIONATO AGORDINO DI CALCIO, LA NUOVA STAGIONE<\/a><\/p><\/blockquote>\n<p><iframe loading=\"lazy\" class=\"wp-embedded-content\" sandbox=\"allow-scripts\" security=\"restricted\" style=\"position: absolute; clip: rect(1px, 1px, 1px, 1px);\" src=\"http:\/\/www.radiopiu.net\/wordpress\/campionato-agordino-di-calcio-la-nuova-stagione\/embed\/#?secret=a3me8lYxJx\" data-secret=\"a3me8lYxJx\" width=\"600\" height=\"338\" title=\"&#8220;CAMPIONATO AGORDINO DI CALCIO, LA NUOVA STAGIONE&#8221; &#8212; Radio Pi\u00f9\" frameborder=\"0\" marginwidth=\"0\" marginheight=\"0\" scrolling=\"no\"><\/iframe><\/p>\n<p>&nbsp;<\/p>\n<p>&nbsp;<\/p>\n<p>&nbsp;<\/p>\n<p>&nbsp;<\/p>\n<div dir=\"ltr\">\n<h2>APPUNTAMENTI SPORTIVI DEL FINE SETTIMANA<\/h2>\n<p>di Marzo Gaz<\/p>\n<p><strong>HOCKEY <\/strong>Si gioca oggi alle 16:15 gara 1 finale playoff del campionato Italiano di hockey su ghiaccio femminile. In campo l&#8217;Alleghe Girls di Cristian Schivo che al De Toni di Alleghe si scontrer\u00e0 con le Eagles Sud Tirol. Le bolzanine campionesse in carica sono una squadra ostica e le agordine ce la metteranno tutta per cercare di portarsi in vantaggio nella serie che vale il titolo. <strong>CALCIO <\/strong>Settore giovanile dell&#8217;Agordina impegnato con la Juniores che oggi pomeriggio alle 15 giocher\u00e0 in trasferta contro il San Vittore. Allievi dell&#8217;Agordina che giocheranno domani alle 10 in trasferta contro il Domegge. I Giovanissimi di Alessandro De Lazzer scenderanno in campo oggi alle 15 all&#8217;Ivano Dorigo di Agordo dove arriva il Cadore 1919. Questa settimana si recuperano le giornate del quinto turno di ritorno in Prima e Seconda categoria. Il Fiori Barp Mas giocher\u00e0 in trasferta contro il Cavarzano mentre l&#8217;Agordina scender\u00e0 in terra trevigiana per scontrarsi con l&#8217;Union Feletto Vallata, partite che Radio Pi\u00f9 seguir\u00e0 in diretta all&#8217;interno di \u201cDomenica + Sport\u201d domani a partire dalle 14:30. <strong>VOLLEY <\/strong>Doppio appuntamento al PalaRova di Agordo per il Volley Club Agordino. Oggi alle 17:30 in campo l&#8217;under 14 che si scontrer\u00e0 con il Ponte. Under 16 di Terza Divisione in campo domani alle 17 per ospitare l&#8217;Olympo di Quinto di Treviso.<\/p>\n<\/div>\n<div id=\"DAB4FAD8-2DD7-40BB-A1B8-4E2AA1F9FDF2\"><\/div>\n<p>&nbsp;<\/p>\n<p>&nbsp;<\/p>\n<h3>MONDIALI DI CANOA 2023 AD AURONZO (BL). ZAIA: \u201cLO SPORT STA TROVANDO NEL VENETO LA SUA TERRA D\u2019ELEZIONE\u201d<\/h3>\n<p><strong><a class=\"dt-pswp-item\" href=\"http:\/\/www.radiopiu.net\/wordpress\/wp-content\/uploads\/2019\/02\/CANOA-EUROPEI-AURONZO-2018.png\" data-dt-img-description=\"\" data-large_image_width=\"933\" data-large_image_height=\"550\"><img loading=\"lazy\" decoding=\"async\" class=\"alignnone size-full wp-image-75303\" src=\"http:\/\/www.radiopiu.net\/wordpress\/wp-content\/uploads\/2019\/02\/CANOA-EUROPEI-AURONZO-2018.png\" alt=\"\" width=\"933\" height=\"550\" srcset=\"https:\/\/www.radiopiu.net\/wordpress\/wp-content\/uploads\/2019\/02\/CANOA-EUROPEI-AURONZO-2018.png 933w, https:\/\/www.radiopiu.net\/wordpress\/wp-content\/uploads\/2019\/02\/CANOA-EUROPEI-AURONZO-2018-300x177.png 300w, https:\/\/www.radiopiu.net\/wordpress\/wp-content\/uploads\/2019\/02\/CANOA-EUROPEI-AURONZO-2018-768x453.png 768w\" sizes=\"auto, (max-width: 933px) 100vw, 933px\" \/><\/a>VENEZIA <\/strong>\u201cUn altro grande traguardo raggiunto dal Veneto, un nuovo riconoscimento alla nostra regione che si sta sempre pi\u00f9 affermando come terra d\u2019elezione per lo sport\u201d. Cos\u00ec, con grande soddisfazione, il presidente della Regione del Veneto, Luca Zaia, saluta l\u2019assegnazione ad Auronzo, in provincia di Belluno, dei campionati mondiali di canoa del 2023, decisa oggi a Pechino dall\u2019International Canoe Federation. \u201cPer Auronzo, per il Cadore e per l\u2019area dolomitica veneta \u2013 prosegue Zaia \u2013, la rassegna iridata rappresenta una straordinaria occasione di proporsi all\u2019attenzione internazionale, ma soprattutto di proporre le proprie ricchezze ambientali e naturali, quegli straordinari scenari nei quali numerose discipline sportive trovano la loro sede ideale per l\u2019organizzazione di eventi e competizioni di livello mondiale\u201d. \u201cDopo quello di sci alpino del 2021, un altro mondiale torner\u00e0 solo due anni dopo a pochi chilometri di distanza, sulle acque del lago di Auronzo \u2013 conclude il presidente Zaia \u2013: al lavoro, dunque, per preparare al meglio questi appuntamenti che il Veneto ha fortemente voluto e per i quali sapr\u00e0, come sempre, offrire una bellissima vetrina e un\u2019efficiente organizzazione\u201d.<\/p>\n<p>&nbsp;<\/p>\n<p>&nbsp;<\/p>\n<h2>RICORDANDO MARIO IL LEPROTTO<\/h2>\n<p><strong>GOSALDO<\/strong> Domenica a Forcella Aurine 5\u00b0 trofeo Mario Leprotto, competizione a squadre, trofeo Gruppo Alpini Frassen\u00e9. Partenza del primo concorrente alle 9.30, gara aperta a tutte le categorie machili e femminili, trofeo a squadre ai migliori 4 tempi di ogni squadra. Iscrizioni al bar Alpino 0437 67253 o Little Bar sempre a Frassen\u00e9 0437 67257.<\/p>\n<p>&nbsp;<\/p>\n<p>&nbsp;<\/p>\n<h2><a class=\"dt-pswp-item\" href=\"http:\/\/www.radiopiu.net\/wordpress\/wp-content\/uploads\/2018\/09\/WhatsApp-Image-2018-09-20-at-16.04.06.jpeg\" data-dt-img-description=\"\" data-large_image_width=\"800\" data-large_image_height=\"100\"><img loading=\"lazy\" decoding=\"async\" class=\"alignnone wp-image-61378 size-full\" src=\"http:\/\/www.radiopiu.net\/wordpress\/wp-content\/uploads\/2018\/09\/WhatsApp-Image-2018-09-20-at-16.04.06.jpeg\" alt=\"\" width=\"800\" height=\"100\" srcset=\"https:\/\/www.radiopiu.net\/wordpress\/wp-content\/uploads\/2018\/09\/WhatsApp-Image-2018-09-20-at-16.04.06.jpeg 800w, https:\/\/www.radiopiu.net\/wordpress\/wp-content\/uploads\/2018\/09\/WhatsApp-Image-2018-09-20-at-16.04.06-300x38.jpeg 300w, https:\/\/www.radiopiu.net\/wordpress\/wp-content\/uploads\/2018\/09\/WhatsApp-Image-2018-09-20-at-16.04.06-768x96.jpeg 768w\" sizes=\"auto, (max-width: 800px) 100vw, 800px\" \/><\/a><\/h2>\n<p>&nbsp;<\/p>\n<p><center><b>Sabato 16<\/b><\/center><b>Tempo atteso: <\/b>Tempo abbastanza soleggiato con cielo poco o temporaneamente parzialmente nuvoloso per nubi medio-alte al mattino sulle Dolomiti e qualche nube da sottovento (lee-clouds) sulle Prealpi. Al pomeriggio cielo perlopi\u00f9 sereno, mentre a fine giornata potrebbero comparire nubi basse sulle Prealpi. Clima diurno molto mite, specie in quota e nelle valli pi\u00f9 assolate, con inversione termica mattutina.<br \/>\n<b>Precipitazioni: <\/b>Assenti (0%)<br \/>\n<b>Temperature: <\/b>In generale aumento, anche sensibile nei valori massimi, eccetto le minime nei fondovalle, in calo. Sono previsti massimi di 16\/17\u00b0C nei fondovalle prealpini e di 12\/14\u00b0C a 1000\/1200 m. Su Prealpi a 1500 m min 5\u00b0C max 10\u00b0C, a 2000 m min 2\u00b0C max 8\u00b0C. Su Dolomiti a 2000 m min 0\u00b0C max 7\u00b0C, a 3000 m min -3\u00b0C max 1\u00b0C.<br \/>\n<b>Venti: <\/b>Nelle valli perlopi\u00f9 deboli, con locali residui episodi di Foehn; in quota perlopi\u00f9 deboli\/moderati da Ovest Nord-Ovest, a tratti tesi sulle vette dolomitiche pi\u00f9 alte, a 10-20 km\/h a 2000 m, 30-45 km\/h a 3000 m.<\/p>\n<hr \/>\n<p><center><b>Domenica 17<\/b><\/center><b>Tempo atteso: <\/b>Iniziali tratti soleggiati, specie sulle Dolomiti, mentre la presenza di nubi basse potrebbe impedire la comparsa del sole su molti settori prealpini. In giornata progressivo aumento della nuvolosit\u00e0 fino a molto nuvoloso al pomeriggio, anche coperto alla sera, quando saranno possibili i primi fenomeni. Clima diurno ancora relativamente mite, ma con calo termico alla sera, specie in quota.<br \/>\n<b>Precipitazioni: <\/b>Fino al tardo pomeriggio assenti (0%); poi possibili deboli precipitazione in estensione nella notte da Ovest a Est (50\/60%), eventualmente nevose a 1600\/1800 m, con limite in calo.<br \/>\n<b>Temperature: <\/b>Minime in ulteriore aumento nelle valli, in calo alla sera in quota; massime in calo in funzione del limitato soleggiamento. Su Prealpi a 1500 m min 2\u00b0C max 6\u00b0C, a 2000 m min -1\u00b0C max 3\u00b0C. Su Dolomiti a 2000 m min -1\u00b0C max 4\u00b0C, a 3000 m min -7\u00b0C max 0\u00b0C.<br \/>\n<b>Venti: <\/b>Nelle valli perlopi\u00f9 deboli meridionali; in quota in rinforzo da moderati a tesi da Sud-Ovest, a 10-30 km\/h a 2000 m, 30-60 km\/h a 3000 m.<\/p>\n<hr \/>\n<p><center><b>Lunedi 18<\/b><\/center>Fino alle ore centrali tempo perturbato con cielo molto nuvoloso\/coperto e precipitazioni diffuse spesso di moderata intensit\u00e0, con limite della neve in calo da 1500\/1700 m a 1000\/1200 m, anche 800\/1000 m, specie in qualche valle dolomitica al pomeriggio\/sera, quando tuttavia i fenomeni saranno in sensibile attenuazione. Netto calo termico con minime alla sera. Venti deboli\/moderati meridionali al mattino, in contenuto rinforzo disponendosi da Nord-Est al pomeriggio.<\/p>\n<hr \/>\n<p><center><b>Martedi 19<\/b><\/center>Tempo in miglioramento con possibili precipitazioni residue nella notte, poi sporadiche o perlopi\u00f9 assenti in giornata, eventualmente nevose a 900\/1200 m ma senza accumuli significativi, in un contesto ancora piuttosto umido, con nuvolosit\u00e0 medio-bassa spesso presente. Clima fresco in quota, in parte mitigato dal parziale soleggiamento nelle valli. Venti deboli. Previsore: G.M.<\/p>\n","protected":false},"excerpt":{"rendered":"<p>Migliaia di studenti in piazza a Belluno e Feltre, successo dei giovani, una delegazione ricevuta dal Prefetto per chiedere anche una provincia carbon neutral. Pubblichiamo la lettera consegnata ad amministratori ed autorit\u00e0. Lo zio finisce in carcere per aver usato violenza sulla nipotina di 10 anni, il 58enne straniero fermato dai Carabinieri, era barricato al&hellip;<\/p>\n","protected":false},"author":1,"featured_media":79295,"comment_status":"closed","ping_status":"closed","sticky":false,"template":"","format":"standard","meta":{"_monsterinsights_skip_tracking":false,"_monsterinsights_sitenote_active":false,"_monsterinsights_sitenote_note":"","_monsterinsights_sitenote_category":0,"footnotes":""},"categories":[86],"tags":[],"class_list":["post-79210","post","type-post","status-publish","format-standard","has-post-thumbnail","hentry","category-gr","category-86","description-off"],"img_url":"https:\/\/www.radiopiu.net\/wordpress\/wp-content\/uploads\/2019\/03\/oppression-458621_960_720-1.jpg","_links":{"self":[{"href":"https:\/\/www.radiopiu.net\/wordpress\/wp-json\/wp\/v2\/posts\/79210","targetHints":{"allow":["GET"]}}],"collection":[{"href":"https:\/\/www.radiopiu.net\/wordpress\/wp-json\/wp\/v2\/posts"}],"about":[{"href":"https:\/\/www.radiopiu.net\/wordpress\/wp-json\/wp\/v2\/types\/post"}],"author":[{"embeddable":true,"href":"https:\/\/www.radiopiu.net\/wordpress\/wp-json\/wp\/v2\/users\/1"}],"replies":[{"embeddable":true,"href":"https:\/\/www.radiopiu.net\/wordpress\/wp-json\/wp\/v2\/comments?post=79210"}],"version-history":[{"count":0,"href":"https:\/\/www.radiopiu.net\/wordpress\/wp-json\/wp\/v2\/posts\/79210\/revisions"}],"wp:featuredmedia":[{"embeddable":true,"href":"https:\/\/www.radiopiu.net\/wordpress\/wp-json\/wp\/v2\/media\/79295"}],"wp:attachment":[{"href":"https:\/\/www.radiopiu.net\/wordpress\/wp-json\/wp\/v2\/media?parent=79210"}],"wp:term":[{"taxonomy":"category","embeddable":true,"href":"https:\/\/www.radiopiu.net\/wordpress\/wp-json\/wp\/v2\/categories?post=79210"},{"taxonomy":"post_tag","embeddable":true,"href":"https:\/\/www.radiopiu.net\/wordpress\/wp-json\/wp\/v2\/tags?post=79210"}],"curies":[{"name":"wp","href":"https:\/\/api.w.org\/{rel}","templated":true}]}}