{"id":79306,"date":"2019-03-16T05:58:38","date_gmt":"2019-03-16T04:58:38","guid":{"rendered":"http:\/\/www.radiopiu.net\/wordpress\/?p=79306"},"modified":"2019-03-16T16:46:10","modified_gmt":"2019-03-16T15:46:10","slug":"speciale-friday-for-future","status":"publish","type":"post","link":"https:\/\/www.radiopiu.net\/wordpress\/speciale-friday-for-future\/","title":{"rendered":"SPECIALE  FRIDAY FOR FUTURE"},"content":{"rendered":"<p><strong>DA BELLUNO A FELTRE PER PORTARE UN MESSAGGIO IMPORTANTE. DAL PREFETTO CON PROPOSTE PER LA COMUNITA&#8217;. RIUSCITA LA MANIFESTAZIONE <em>FRIDAY FOR FUTURE<\/em><\/strong><\/p>\n<p><strong><a class=\"dt-pswp-item\" href=\"http:\/\/www.radiopiu.net\/wordpress\/wp-content\/uploads\/2019\/03\/WhatsApp-Image-2019-03-15-at-13.11.12.jpeg\" data-dt-img-description=\"\" data-large_image_width=\"1600\" data-large_image_height=\"1200\"><img loading=\"lazy\" decoding=\"async\" class=\"alignnone size-large wp-image-79262\" src=\"http:\/\/www.radiopiu.net\/wordpress\/wp-content\/uploads\/2019\/03\/WhatsApp-Image-2019-03-15-at-13.11.12-1024x768.jpeg\" alt=\"\" width=\"1024\" height=\"768\" srcset=\"https:\/\/www.radiopiu.net\/wordpress\/wp-content\/uploads\/2019\/03\/WhatsApp-Image-2019-03-15-at-13.11.12-1024x768.jpeg 1024w, https:\/\/www.radiopiu.net\/wordpress\/wp-content\/uploads\/2019\/03\/WhatsApp-Image-2019-03-15-at-13.11.12-300x225.jpeg 300w, https:\/\/www.radiopiu.net\/wordpress\/wp-content\/uploads\/2019\/03\/WhatsApp-Image-2019-03-15-at-13.11.12-768x576.jpeg 768w, https:\/\/www.radiopiu.net\/wordpress\/wp-content\/uploads\/2019\/03\/WhatsApp-Image-2019-03-15-at-13.11.12.jpeg 1600w\" sizes=\"auto, (max-width: 1024px) 100vw, 1024px\" \/><\/a>BELLUNO<\/strong> Migliaia di studenti, in corteo e dal Prefetto per esporre le proprie idee offuscate da un futuro preoccupante in un Pianeta che cambia, perch\u00e9 \u00e8 il clima che cambia. Sar\u00e0 ricordata come una delle pi\u00f9 partecipate manifestazioni del mondo della scuola. <strong>BELLUNO<\/strong> la manifestazione \u00e8 partita alle 9 alla stazione, poi dell\u2019incontro previsto in Prefettura, chiesto dalla Consulta provinciale degli studenti con il\u00a0 prefetto, il presidente della Provincia e il sindaco di Belluno dove i ragazzi hanno presentato la loro lettera aperta con proposte concrete.<strong> FELTRE <\/strong>\u00a0la manifestazione \u00e8 iniziata alle 9.30 in Largo Castaldi fino a piazza Maggiore per un dibattito con esperti del Cnr.<\/p>\n<h3><\/h3>\n<h3>LE FOTO DA BELLUNO, LA MANIFESTAZIONE DEI GIOVANI.<\/h3>\n<blockquote class=\"wp-embedded-content\" data-secret=\"EZ7yDdapfy\"><p><a href=\"http:\/\/www.radiopiu.net\/wordpress\/le-foto-da-belluno-la-manifestazione-dei-giovani\/\">LE FOTO DA BELLUNO, LA MANIFESTAZIONE DEI GIOVANI.<\/a><\/p><\/blockquote>\n<p><iframe loading=\"lazy\" class=\"wp-embedded-content\" sandbox=\"allow-scripts\" security=\"restricted\" style=\"position: absolute; clip: rect(1px, 1px, 1px, 1px);\" src=\"http:\/\/www.radiopiu.net\/wordpress\/le-foto-da-belluno-la-manifestazione-dei-giovani\/embed\/#?secret=EZ7yDdapfy\" data-secret=\"EZ7yDdapfy\" width=\"600\" height=\"338\" title=\"&#8220;LE FOTO DA BELLUNO, LA MANIFESTAZIONE DEI GIOVANI.&#8221; &#8212; Radio Pi\u00f9\" frameborder=\"0\" marginwidth=\"0\" marginheight=\"0\" scrolling=\"no\"><\/iframe><\/p>\n<h3><\/h3>\n<h3>LE FOTO DA FELTRE , FACEBOOK <strong><span style=\"color: #0000ff;\"><a style=\"color: #0000ff;\" href=\"https:\/\/www.facebook.com\/groups\/1649063228724999\/permalink\/2098862627078388\/\">CLICCA QUI<\/a><\/span><\/strong><\/h3>\n<p>&nbsp;<\/p>\n<p>&nbsp;<\/p>\n<h1>LA LETTERA DEGLI STUDENTI BELLUNESI<\/h1>\n<blockquote><p>A tutti gli adulti, A tutti gli attori politici ed economici della Provincia, Al Presidente della Repubblica.<\/p><\/blockquote>\n<p>Cari adulti, decisori e attori del destino delle nostre vite e dei vostri e nostri figli, ci avete educati al rispetto degli altri e alla programmazione delle nostre vite. Forse oggi le cause e gli effetti del riscaldamento climatico sono talmente evidenti che i negazionisti sono finalmente pochi, anche se purtroppo molto importanti. Forse oggi appare con sufficiente evidenza la relazione tra i cambiamenti climatici globali, le malattie, le guerre, le migrazioni, gli estremi metereologici, le alluvioni, le siccit\u00e0 e le carestie. Forse oggi appare pi\u00f9 importante che a scuola si parli anche di attualit\u00e0 e di futuro. Forse oggi il mondo dei media e della politica parler\u00e0 un po\u2019 pi\u00f9 del futuro, che \u00e8 anche il nostro futuro: &#8220;Siamo sull\u2019orlo di una crisi climatica globale, per scongiurare la quale occorrono misure concordate a livello planetario&#8221;! Grazie signor Presidente Mattarella per aver sintetizzato in una piccola frase tutto ci\u00f2 che la politica e l&#8217;azione concreta di ognuno devono fare: collaborare\u00a0 per cambiare strada, ciascuno facendo la propria parte. Non vogliamo qui ricordare tutte le prove che gli scienziati producono a ritmo sempre pi\u00f9 incalzante sui rischi del riscaldamento climatico e dell&#8217;inquinamento, responsabile, ad esempio, di un quarto delle morti premature del pianeta, per citare solo l&#8217;ultimo studio dell\u2019ONU uscito due giorni fa; magari ricordiamo solo che i ghiacciai delle Dolomiti sono destinati a scomparire e lasciamo agli scienziati e ricercatori, che abbiamo sentito direttamente anche nei percorsi che abbiamo seguito con le Scuole in Rete o sentito anche oggi in piazza dei Martiri dalla viva voce dei ricercatori del CNR descrivere meglio di noi con dati reali cause, conseguenze e interazioni dei complessi fenomeni che governano il clima e l&#8217;ecologia. Greta Thumberg vi direbbe: &#8220;Voi non avete pi\u00f9 scuse e noi abbiamo poco tempo. Noi siamo qui per farvi sapere che il cambiamento sta arrivando, che vi piaccia o no.&#8221; Noi vogliamo solo dire che ci avete educati al rispetto degli altri, della conoscenza e della scienza, e alla programmazione delle nostre vite. Noi vogliamo che alla luce della scienza ciascuno programmi il proprio spazio di futuro per cambiare strada, visto che sappiamo dove va quella che stiamo percorrendo: come dice Greta o si cambia il sistema o si cambia sistema. Vogliamo, per essere concreti, visto che ciascuno deve fare la propria parte, proporre alla nostra realt\u00e0 provinciale di imboccare la strada che la porter\u00e0 ad essere una delle prime province Carbon Neutral. Vogliamo che I prossimi mondiali e le Olimpiadi possano fregiarsi del titolo di primi mondiali Carbon Neutral e che le olimpiadi siano assegnate a Cortina perch\u00e9 si trova in una Provincia Carbon Neutral. Come ci ha spiegato il prof. Simone Bastianoni dell&#8217;Universit\u00e0 di Siena, provincia gi\u00e0 carbon neutral, alla nostra provincia basterebbe poco per fregiarsi di questo titolo, che potrebbe\u00a0 essere ampiamente sfruttato per la promozione turistica e quindi per un ritorno economico, d&#8217;immagine e forse per l&#8217;assegnazione delle Olimpiade. Ma il ritorno pi\u00f9 importante sar\u00e0 per la nostra vita e quella dei nostri figli. Chiediamo al signor Prefetto di organizzare in questa sala un prossimo incontro tra un mese con gli attori politici ed economici pi\u00f9 importanti della nostra provincia che volessero confrontarsi con noi, perch\u00e9 possano illustrarci i loro obiettivi e progetti concreti che intendono mettere in atto per contribuire al raggiungimento di questo obiettivo comune. Cominciamo da questa provincia, signor Prefetto! Chiediamo al Presidente Mattarella che, forte dell&#8217;impegno che prender\u00e0 la nostra provincia, possa stimolare il governo e i decisori politici ed economici del livello nazionale ad aggiustare il sistema o a cambiare il sistema, seguendo piuttosto la scienza che lo storytelling. Sappiamo che il problema \u00e8 complesso e globale, ma proprio per questo \u00e8 necessario che tutti da ora facciano la propria parte. Sperando di poterci ritrovare qui pi\u00f9 numerosi tra un mese, ringraziamo tutti per l&#8217;attenzione nei nostri confronti.\u00a0 <em><strong>Simone Garavana Presidente della Consulta Provinciale degli Studenti di Belluno<\/strong><\/em><\/p>\n<p>&nbsp;<\/p>\n<p>&nbsp;<\/p>\n<h2>ZANONI: BISOGNA AGIRE SUBITO<\/h2>\n<p><strong><a class=\"dt-pswp-item\" href=\"http:\/\/www.radiopiu.net\/wordpress\/wp-content\/uploads\/2019\/03\/54525339_10214440323583689_6946960613159469056_n.jpg\" data-dt-img-description=\"\" data-large_image_width=\"960\" data-large_image_height=\"466\"><img loading=\"lazy\" decoding=\"async\" class=\"alignnone size-full wp-image-79281\" src=\"http:\/\/www.radiopiu.net\/wordpress\/wp-content\/uploads\/2019\/03\/54525339_10214440323583689_6946960613159469056_n.jpg\" alt=\"\" width=\"960\" height=\"466\" srcset=\"https:\/\/www.radiopiu.net\/wordpress\/wp-content\/uploads\/2019\/03\/54525339_10214440323583689_6946960613159469056_n.jpg 960w, https:\/\/www.radiopiu.net\/wordpress\/wp-content\/uploads\/2019\/03\/54525339_10214440323583689_6946960613159469056_n-300x146.jpg 300w, https:\/\/www.radiopiu.net\/wordpress\/wp-content\/uploads\/2019\/03\/54525339_10214440323583689_6946960613159469056_n-768x373.jpg 768w\" sizes=\"auto, (max-width: 960px) 100vw, 960px\" \/><\/a><\/strong><\/p>\n<p>FOTO FACEBOOK,\u00a0 Feltre, di Sonia Comiotto<\/p>\n<p><strong>VENEZIA <\/strong><em>\u201cI giovani scesi in piazza oggi hanno messo il dito nella piaga dell\u2019inefficienza della politica. Le azioni dei governi, nazionali ma anche regionali, sono state insufficienti. Questo monito deve essere colto, \u00e8 il momento di cambiare rotta, non c\u2019\u00e8 pi\u00f9 tempo da perdere. Rimandare il problema serve solo ad aggravarlo\u201d<\/em>. Cos\u00ec Andrea Zanoni ha commentato la mobilitazione contro i cambiamenti climatici. <em>&#8220;Purtroppo siamo ancora indietro, la prima azione concreta \u00e8 quella di abbandonare posizioni negazioniste sui cambiamenti climatici, il male maggiore della nostra epoca e che hanno in Donald Trump il principale sostenitore. Cos\u00ec come bisogna sbugiardare chi, e a livello regionale non mancano, insiste nel \u2018liquidare\u2019 le responsabilit\u00e0 umane e si ostina a parlare di fenomeni naturali\u201d, <\/em>aggiunge Zanoni, come gruppo consiliare ha depositato due mozioni\u00a0 con l\u2019intento di lanciare in Veneto le politiche energetico-ambientali utili ad abbattere le emissioni climalteranti . <em>&#8220;Abbiamo il compito di ascoltare questi ragazzi e tradurre in leggi, ovvero fatti e regole concrete, le loro richieste utili a salvare il pianeta. Zaia se ci sei batti un colpo\u201d.<\/em><\/p>\n<p>&nbsp;<\/p>\n<p>&nbsp;<\/p>\n<h2>APPELLO AI GIOVANI<\/h2>\n<blockquote><p><em><strong>Venerd\u00ec per il futuro, De Carlo e Trancassini ai giovani:\u00a0 \u201c oggi siete in piazza ma non esauritevi qui,\u00a0 il vostro impegno e il vostro entusiasmo possono cambiare il mondo\u201d<\/strong>.<\/em><\/p><\/blockquote>\n<p>foto, Aurora_Belluno, da Feltre Sonia Comiotto (facebook)<\/p>\n<p><a class=\"dt-pswp-item\" href=\"http:\/\/www.radiopiu.net\/wordpress\/wp-content\/uploads\/2019\/03\/WhatsApp-Image-2019-03-15-at-13.10.55.jpeg\" data-dt-img-description=\"\" data-large_image_width=\"1600\" data-large_image_height=\"1200\"><img loading=\"lazy\" decoding=\"async\" class=\"wp-image-79258 alignleft\" src=\"http:\/\/www.radiopiu.net\/wordpress\/wp-content\/uploads\/2019\/03\/WhatsApp-Image-2019-03-15-at-13.10.55-1024x768.jpeg\" alt=\"\" width=\"216\" height=\"162\" srcset=\"https:\/\/www.radiopiu.net\/wordpress\/wp-content\/uploads\/2019\/03\/WhatsApp-Image-2019-03-15-at-13.10.55-1024x768.jpeg 1024w, https:\/\/www.radiopiu.net\/wordpress\/wp-content\/uploads\/2019\/03\/WhatsApp-Image-2019-03-15-at-13.10.55-300x225.jpeg 300w, https:\/\/www.radiopiu.net\/wordpress\/wp-content\/uploads\/2019\/03\/WhatsApp-Image-2019-03-15-at-13.10.55-768x576.jpeg 768w, https:\/\/www.radiopiu.net\/wordpress\/wp-content\/uploads\/2019\/03\/WhatsApp-Image-2019-03-15-at-13.10.55.jpeg 1600w\" sizes=\"auto, (max-width: 216px) 100vw, 216px\" \/><\/a>Nel pieno del \u201cVenerd\u00ec per il futuro\u201d, lo sciopero scolastico per il clima che oggi porta in piazza decine di migliaia di studenti di tutto il mondo per chiedere ai governi di implementare politiche e azioni pi\u00f9 incisive per contrastare il cambiamento climatico e il riscaldamento globale, i deputati di Fratelli d\u2019Italia, Luca De Carlo e Paolo Trancassini, rispettivamente sindaci dei comuni di Calalzo di Cadore nel bellunese e di Leonessa nel reatino, lanciano un appello ai giovani d\u2019Italia : \u201c non fermatevi qui, il vostro impegno e il vostro entusiasmo possono cambiare il mondo\u201d.<br \/>\n\u201c \u2018 Prendete in mano la vostra vita e fatene un capolavoro \u2018 diceva Papa Giovanni Paolo II, ecco, prendete in mano la vostra vita, ma non solo, prendete in mano il presente e costruite un futuro degno della vostra esistenza! Impegnatevi, non arrendetevi, oggi siete in piazza ma non <a class=\"dt-pswp-item\" href=\"http:\/\/www.radiopiu.net\/wordpress\/wp-content\/uploads\/2019\/03\/53668336_10214440318663566_8533064625090985984_n.jpg\" data-dt-img-description=\"\" data-large_image_width=\"466\" data-large_image_height=\"960\"><img loading=\"lazy\" decoding=\"async\" class=\"wp-image-79282 alignright\" src=\"http:\/\/www.radiopiu.net\/wordpress\/wp-content\/uploads\/2019\/03\/53668336_10214440318663566_8533064625090985984_n.jpg\" alt=\"\" width=\"136\" height=\"280\" srcset=\"https:\/\/www.radiopiu.net\/wordpress\/wp-content\/uploads\/2019\/03\/53668336_10214440318663566_8533064625090985984_n.jpg 466w, https:\/\/www.radiopiu.net\/wordpress\/wp-content\/uploads\/2019\/03\/53668336_10214440318663566_8533064625090985984_n-146x300.jpg 146w\" sizes=\"auto, (max-width: 136px) 100vw, 136px\" \/><\/a>esauritevi qui. Che il vostro impegno parta da una presa di coscienza importante, la vostra collaborazione, la vostra partecipazione \u00e8 fondamentale per tracciare la linea su cui costruire un mondo diverso. Il presente, come un soffio di vento, \u00e8 gi\u00e0 domani, non lasciate che vi sfiori senza accorgervene, siatene protagonisti. Non permettete a nessuno di dirvi \u2018che \u00e8 tutto inutile\u2019, siate voi a decidere cosa sia utile e cosa no, fatelo per la vostra comunit\u00e0, mettetevi al servizio degli anziani, delle associazioni, dei pi\u00f9 deboli o anche dei partiti, qualunque sia la vostra attitudine seminate e raccoglierete i frutti. Abbiate il coraggio di scegliere, abbiate il coraggio di ribellarvi al consumismo che vi vuole numeri incapaci di decidere, abbiate il coraggio di essere, di sporc<a class=\"dt-pswp-item\" href=\"http:\/\/www.radiopiu.net\/wordpress\/wp-content\/uploads\/2019\/03\/WhatsApp-Image-2019-03-15-at-13.10.58.jpeg\" data-dt-img-description=\"\" data-large_image_width=\"1600\" data-large_image_height=\"1200\"><img loading=\"lazy\" decoding=\"async\" class=\"wp-image-79259 alignright\" src=\"http:\/\/www.radiopiu.net\/wordpress\/wp-content\/uploads\/2019\/03\/WhatsApp-Image-2019-03-15-at-13.10.58-1024x768.jpeg\" alt=\"\" width=\"257\" height=\"193\" srcset=\"https:\/\/www.radiopiu.net\/wordpress\/wp-content\/uploads\/2019\/03\/WhatsApp-Image-2019-03-15-at-13.10.58-1024x768.jpeg 1024w, https:\/\/www.radiopiu.net\/wordpress\/wp-content\/uploads\/2019\/03\/WhatsApp-Image-2019-03-15-at-13.10.58-300x225.jpeg 300w, https:\/\/www.radiopiu.net\/wordpress\/wp-content\/uploads\/2019\/03\/WhatsApp-Image-2019-03-15-at-13.10.58-768x576.jpeg 768w, https:\/\/www.radiopiu.net\/wordpress\/wp-content\/uploads\/2019\/03\/WhatsApp-Image-2019-03-15-at-13.10.58.jpeg 1600w\" sizes=\"auto, (max-width: 257px) 100vw, 257px\" \/><\/a>arvi le mani con la terra, con la vita. Cercate nel mondo la voglia di esserci come protagonisti e non solo come spettatori. Arrampicatevi nella rete che compone la societ\u00e0 e lottate senza esclusione di colpi, con i ragionamenti, con la presenza, con la conoscenza, aderite a qualcosa, costruite in voi una visione del futuro. \u2018La libert\u00e0 non \u00e8 star sopra un albero, non \u00e8 neanche il volo di un moscone, la libert\u00e0 non \u00e8 uno spazio libero, libert\u00e0 \u00e8 partecipazione\u2019 diceva Giorgio Gaber e allora siate partecipi della vita dei vostri comuni, dei luoghi che abitate, del mondo che vivete perch\u00e9 soltanto cos\u00ec potrete sentirvi nella piena realizzazione delle vostre idee consapevoli di aver lottato fino in fondo per cambiare il mondo!<br \/>\nCi sono uomini che nel silenzio dei media, con i riflettori rivolti altrove hanno costruito strutture, fondato movimenti, avviato campagne che inesorabilmente andranno avanti finch\u00e8 ci sar\u00e0 anche soltanto un\u2019idealista coraggioso che vorr\u00e0 crederci fino in fondo. Il pensiero inevitabilmente oggi va a Paolo Colli, che dell\u2019ambiente \u00e8 stato paladino, difensore della Terra perch\u00e9 l\u2019 \u2018Ecologia: una questione di civilt\u00e0\u2019. Abbiate il l\u2019audacia di distinguervi, abbiate la forza di alzarvi al mattino e di scegliere di essere come chi per cambiare il mondo non ha atteso neanche un secondo\u201c.\u00a0 Questo l\u2019invito che i due Sindaci\u00a0 e Deputati hanno voluto lanciare ad una generazione in movimento, una generazione in fermento, colma di energia ma priva di rifermenti. \u201cOggi \u00e8 gi\u00e0 domani e non c\u2019\u00e8 tempo per non sporcarsi le mani\u201d.<\/p>\n<p>&nbsp;<\/p>\n<p>&nbsp;<\/p>\n<h2>FEDERICO D&#8217;INCA&#8217;: GRAZIE GIOVANI<\/h2>\n<p><strong><a class=\"dt-pswp-item\" href=\"http:\/\/www.radiopiu.net\/wordpress\/wp-content\/uploads\/2019\/03\/WhatsApp-Image-2019-03-15-at-13.11.14-1.jpeg\" data-dt-img-description=\"\" data-large_image_width=\"1600\" data-large_image_height=\"1200\"><img loading=\"lazy\" decoding=\"async\" class=\"wp-image-79264 alignleft\" src=\"http:\/\/www.radiopiu.net\/wordpress\/wp-content\/uploads\/2019\/03\/WhatsApp-Image-2019-03-15-at-13.11.14-1-1024x768.jpeg\" alt=\"\" width=\"204\" height=\"153\" srcset=\"https:\/\/www.radiopiu.net\/wordpress\/wp-content\/uploads\/2019\/03\/WhatsApp-Image-2019-03-15-at-13.11.14-1-1024x768.jpeg 1024w, https:\/\/www.radiopiu.net\/wordpress\/wp-content\/uploads\/2019\/03\/WhatsApp-Image-2019-03-15-at-13.11.14-1-300x225.jpeg 300w, https:\/\/www.radiopiu.net\/wordpress\/wp-content\/uploads\/2019\/03\/WhatsApp-Image-2019-03-15-at-13.11.14-1-768x576.jpeg 768w, https:\/\/www.radiopiu.net\/wordpress\/wp-content\/uploads\/2019\/03\/WhatsApp-Image-2019-03-15-at-13.11.14-1.jpeg 1600w\" sizes=\"auto, (max-width: 204px) 100vw, 204px\" \/><\/a>BELLUNO<\/strong> \u201cVoglio ringraziare tutti i giovani che oggi hanno riempito le piazze italiane\u201d: dichiara il deputato bellunese, Questore della Camera dei deputati. \u201cSono stato con loro in Piazza a Belluno \u2013 commenta il parlamentare del Movimento 5 Stelle \u2013 Ho provato un\u2019emozione enorme nel vedere cos\u00ec tanti ragazzi uniti nel chiedere di intervenire per salvare il nostro Pianeta\u201d. \u201cL\u2019ambiente \u00e8 una delle stelle del Movimento \u2013 prosegue il deputato Veneto \u2013 I giovani oggi ci hanno ricordato di continuare nella nostra politica di salvaguardia ambientale che da sempre seguiamo con grande attenzione e di impegnarci ancora di pi\u00f9 per salvare tutti insieme l\u2019ambiente. Per troppo tempo in questo Paese si sono trattati esclusivamente i temi legati all\u2019immigrazione mentre la casa dove abitiamo chiamata Terra sta prendendo fuoco a causa del surriscaldamento, con danni miliardari e migliaia di vite umane perse.\u201d \u201cGli effetti sono davanti agli occhi di tutti noi \u2013 conclude D\u2019Inc\u00e0 \u2013 Siamo di fronte a una crisi globale climatica come ha ricordato proprio a Belluno il Presidente Mattarella. Ognuno di noi \u00e8 chiamato a fare la sua parte. Oggi con tutti questi giovani in ogni luogo del mondo a manifestare in piazza possiamo dire finalmente di avere speranza\u201d.<\/p>\n<p>&nbsp;<\/p>\n<p>&nbsp;<\/p>\n<p>&nbsp;<\/p>\n","protected":false},"excerpt":{"rendered":"<p>DA BELLUNO A FELTRE PER PORTARE UN MESSAGGIO IMPORTANTE. DAL PREFETTO CON PROPOSTE PER LA COMUNITA&#8217;. RIUSCITA LA MANIFESTAZIONE FRIDAY FOR FUTURE BELLUNO Migliaia di studenti, in corteo e dal Prefetto per esporre le proprie idee offuscate da un futuro preoccupante in un Pianeta che cambia, perch\u00e9 \u00e8 il clima che cambia. Sar\u00e0 ricordata come&hellip;<\/p>\n","protected":false},"author":1,"featured_media":79261,"comment_status":"closed","ping_status":"closed","sticky":false,"template":"","format":"standard","meta":{"_monsterinsights_skip_tracking":false,"_monsterinsights_sitenote_active":false,"_monsterinsights_sitenote_note":"","_monsterinsights_sitenote_category":0,"footnotes":""},"categories":[49],"tags":[],"class_list":["post-79306","post","type-post","status-publish","format-standard","has-post-thumbnail","hentry","category-news-18","category-49","description-off"],"img_url":"https:\/\/www.radiopiu.net\/wordpress\/wp-content\/uploads\/2019\/03\/WhatsApp-Image-2019-03-15-at-13.11.03.jpeg","_links":{"self":[{"href":"https:\/\/www.radiopiu.net\/wordpress\/wp-json\/wp\/v2\/posts\/79306","targetHints":{"allow":["GET"]}}],"collection":[{"href":"https:\/\/www.radiopiu.net\/wordpress\/wp-json\/wp\/v2\/posts"}],"about":[{"href":"https:\/\/www.radiopiu.net\/wordpress\/wp-json\/wp\/v2\/types\/post"}],"author":[{"embeddable":true,"href":"https:\/\/www.radiopiu.net\/wordpress\/wp-json\/wp\/v2\/users\/1"}],"replies":[{"embeddable":true,"href":"https:\/\/www.radiopiu.net\/wordpress\/wp-json\/wp\/v2\/comments?post=79306"}],"version-history":[{"count":0,"href":"https:\/\/www.radiopiu.net\/wordpress\/wp-json\/wp\/v2\/posts\/79306\/revisions"}],"wp:featuredmedia":[{"embeddable":true,"href":"https:\/\/www.radiopiu.net\/wordpress\/wp-json\/wp\/v2\/media\/79261"}],"wp:attachment":[{"href":"https:\/\/www.radiopiu.net\/wordpress\/wp-json\/wp\/v2\/media?parent=79306"}],"wp:term":[{"taxonomy":"category","embeddable":true,"href":"https:\/\/www.radiopiu.net\/wordpress\/wp-json\/wp\/v2\/categories?post=79306"},{"taxonomy":"post_tag","embeddable":true,"href":"https:\/\/www.radiopiu.net\/wordpress\/wp-json\/wp\/v2\/tags?post=79306"}],"curies":[{"name":"wp","href":"https:\/\/api.w.org\/{rel}","templated":true}]}}