{"id":79395,"date":"2019-03-17T18:55:45","date_gmt":"2019-03-17T17:55:45","guid":{"rendered":"http:\/\/www.radiopiu.net\/wordpress\/?p=79395"},"modified":"2019-03-18T14:32:48","modified_gmt":"2019-03-18T13:32:48","slug":"giornale-radiopiu-18-marzo-2019-direttore-mirko-mezzacasa","status":"publish","type":"post","link":"https:\/\/www.radiopiu.net\/wordpress\/giornale-radiopiu-18-marzo-2019-direttore-mirko-mezzacasa\/","title":{"rendered":"GIORNALE RADIOPIU 18 MARZO 2019 DIRETTORE MIRKO MEZZACASA"},"content":{"rendered":"<p>Ritorna d&#8217;attualit\u00e0 il collegamento sciistico del <strong>Comelico<\/strong> con la Pusteria, l&#8217;assessore Gianpaolo Bottacin chiede che si riformi la Sovrintendenza. Una quarantenne trevigiana \u00e8 ricoverata in ospedale a Feltre per le ferite in prossimit\u00e0 del polmone,\u00a0 provocate dalla lama di un<strong> coltello da cucina<\/strong>, il colpo vibrato dal compagno nel corso di una una lite. Giornata impegnativa anche ieri per uomini e donne del <strong>soccorso<\/strong>. Incidenti stradali a Cavarzano, Cencenighe, interventi del Soccorso Alpino in montagna e sulle piste di sci. La dottoressa bellunese <strong>Miranda Zoleo 53 anni,\u00a0<\/strong> mercoledi prender\u00e0 servizio al Pronto Soccorso di Portogruaro, \u00e8 stata infatti nominata direttore di unit\u00e0.<\/p>\n<p>&nbsp;<\/p>\n<p>&nbsp;<\/p>\n<h3 class=\"entry-title\">ARRESTATO UN 45ENNE, HA TENTATO DI SEQUESTRARE LA MOGLIE TRASCINANDOLA NELL\u2019AUTO<\/h3>\n<blockquote class=\"wp-embedded-content\" data-secret=\"GtOPzRlmma\"><p><a href=\"https:\/\/www.radiopiu.net\/wordpress\/arrestato-un-45enne-ha-tentato-di-sequestrare-la-moglie-trascinandola-nellauto\/\">ARRESTATO UN 45ENNE, HA TENTATO DI SEQUESTRARE LA MOGLIE TRASCINANDOLA NELL&#8217;AUTO<\/a><\/p><\/blockquote>\n<p><iframe loading=\"lazy\" class=\"wp-embedded-content\" sandbox=\"allow-scripts\" security=\"restricted\" style=\"position: absolute; clip: rect(1px, 1px, 1px, 1px);\" src=\"https:\/\/www.radiopiu.net\/wordpress\/arrestato-un-45enne-ha-tentato-di-sequestrare-la-moglie-trascinandola-nellauto\/embed\/#?secret=GtOPzRlmma\" data-secret=\"GtOPzRlmma\" width=\"600\" height=\"338\" title=\"&#8220;ARRESTATO UN 45ENNE, HA TENTATO DI SEQUESTRARE LA MOGLIE TRASCINANDOLA NELL&#8217;AUTO&#8221; &#8212; Radio Pi\u00f9\" frameborder=\"0\" marginwidth=\"0\" marginheight=\"0\" scrolling=\"no\"><\/iframe><\/p>\n<p>&nbsp;<\/p>\n<p>&nbsp;<\/p>\n<h2 class=\"entry-title\">DENUNCIANO IL FURTO DI 2000 EURO DALLA STANZA D\u2019ALBERGO A FALCADE, TROVA UN PORTAFOGLI CON QUASI 500 EURO E LO RESTITUISCE<\/h2>\n<blockquote class=\"wp-embedded-content\" data-secret=\"tvfeeN3LpP\"><p><a href=\"http:\/\/www.radiopiu.net\/wordpress\/denunciano-il-furto-di-2000-euro-dalla-stanza-dalbergo-a-falcade-trova-un-portafogli-con-quasi-500-euro-e-lo-restituisce\/\">DENUNCIANO IL FURTO DI 2000 EURO DALLA STANZA D&#8217;ALBERGO A FALCADE, TROVA UN PORTAFOGLI CON QUASI 500 EURO E LO RESTITUISCE<\/a><\/p><\/blockquote>\n<p><iframe loading=\"lazy\" class=\"wp-embedded-content\" sandbox=\"allow-scripts\" security=\"restricted\" style=\"position: absolute; clip: rect(1px, 1px, 1px, 1px);\" src=\"http:\/\/www.radiopiu.net\/wordpress\/denunciano-il-furto-di-2000-euro-dalla-stanza-dalbergo-a-falcade-trova-un-portafogli-con-quasi-500-euro-e-lo-restituisce\/embed\/#?secret=tvfeeN3LpP\" data-secret=\"tvfeeN3LpP\" width=\"600\" height=\"338\" title=\"&#8220;DENUNCIANO IL FURTO DI 2000 EURO DALLA STANZA D&#8217;ALBERGO A FALCADE, TROVA UN PORTAFOGLI CON QUASI 500 EURO E LO RESTITUISCE&#8221; &#8212; Radio Pi\u00f9\" frameborder=\"0\" marginwidth=\"0\" marginheight=\"0\" scrolling=\"no\"><\/iframe><\/p>\n<p>&nbsp;<\/p>\n<p>&nbsp;<\/p>\n<div class=\"page-title-head hgroup\">\n<h2 class=\"entry-title\">SCIANI MAESTRA MARIA E DIOVELPAIE. DI DENNI DORIGO<\/h2>\n<\/div>\n<blockquote class=\"wp-embedded-content\" data-secret=\"mgXhl2Ndoz\"><p><a href=\"http:\/\/www.radiopiu.net\/wordpress\/sciani-maestra-maria-e-diovelpaie-di-denni-dorigo\/\">Sciani Maestra Maria e Diovelpaie. Di Denni Dorigo<\/a><\/p><\/blockquote>\n<p><iframe loading=\"lazy\" class=\"wp-embedded-content\" sandbox=\"allow-scripts\" security=\"restricted\" style=\"position: absolute; clip: rect(1px, 1px, 1px, 1px);\" src=\"http:\/\/www.radiopiu.net\/wordpress\/sciani-maestra-maria-e-diovelpaie-di-denni-dorigo\/embed\/#?secret=mgXhl2Ndoz\" data-secret=\"mgXhl2Ndoz\" width=\"600\" height=\"338\" title=\"&#8220;Sciani Maestra Maria e Diovelpaie. Di Denni Dorigo&#8221; &#8212; Radio Pi\u00f9\" frameborder=\"0\" marginwidth=\"0\" marginheight=\"0\" scrolling=\"no\"><\/iframe><\/p>\n<p>&nbsp;<\/p>\n<p>&nbsp;<\/p>\n<p>&nbsp;<\/p>\n<h2>DUE INTERVENTI IN MONTAGNA<\/h2>\n<p><strong>BELLUNO<\/strong> Ieri attorno alle 15.30 l&#8217;elicottero del Suem di Pieve di Cadore \u00e8 decollato in direzione della Val Cristallino, ad Auronzo di Cadore, per uno scialpinista che era caduto e non riusciva pi\u00f9 a proseguire la discesa per il forte dolore a una spalla. Sbarcati in hovering nelle vicinanze, medico, infermiere e tecnico del Soccorso alpino dell&#8217;equipaggio hanno prestato le prime cure a A.R., 60 anni, di Treviso, che si trovava con un gruppo di 8 persone. Caricato a bordo con un verricello di 15 metri, l&#8217;uomo \u00e8 stato accompagnato all&#8217;ospedale di Belluno. Successivamente l&#8217;eliambulanza \u00e8 volata in Val di Zoldo, dove uno sciatore era finito una quindicina di metri fuori pista a Palafavera, sbattendo sulle piante. L&#8217;infortunato, che aveva riportato un possibile trauma alla colonna e diverse contusioni, \u00e8 stato medicato e recuperato con il verricello per essere trasportato al San Martino.<\/p>\n<p>&nbsp;<\/p>\n<p>&nbsp;<\/p>\n<h2>BOTTO\u00a0 ALL&#8217;USCITA DELLA GALLERIA<\/h2>\n<p><strong><a class=\"dt-pswp-item\" href=\"http:\/\/www.radiopiu.net\/wordpress\/wp-content\/uploads\/2019\/03\/Incidente-Agordo-1.jpg\" data-dt-img-description=\"\" data-large_image_width=\"3982\" data-large_image_height=\"1648\"><img loading=\"lazy\" decoding=\"async\" class=\"alignnone size-large wp-image-79454\" src=\"http:\/\/www.radiopiu.net\/wordpress\/wp-content\/uploads\/2019\/03\/Incidente-Agordo-1-1024x424.jpg\" alt=\"\" width=\"1024\" height=\"424\" srcset=\"https:\/\/www.radiopiu.net\/wordpress\/wp-content\/uploads\/2019\/03\/Incidente-Agordo-1-1024x424.jpg 1024w, https:\/\/www.radiopiu.net\/wordpress\/wp-content\/uploads\/2019\/03\/Incidente-Agordo-1-300x124.jpg 300w, https:\/\/www.radiopiu.net\/wordpress\/wp-content\/uploads\/2019\/03\/Incidente-Agordo-1-768x318.jpg 768w\" sizes=\"auto, (max-width: 1024px) 100vw, 1024px\" \/><\/a>CENCENIGHE<\/strong> Poco oltre il centro di Cencenighe collisione tra due vetture nella tarda mattinata di ieri. La Bmw con a bordo turisti romani usciva, la Kia condotta da un agordino, probabilmente svoltava per San Tomaso. \u00c8 rimasto ferito il conducente della Kia, non gravemente, mentre la passeggera della Bmw \u00e8 stata portata in ospedale per gli accertamenti diagnostici, ma non\u00a0 in gravi condizioni. Sul posto i Carabinieri di Gosaldo e i Vigili del Fuoco.<\/p>\n<p>&nbsp;<\/p>\n<p>&nbsp;<\/p>\n<p>&nbsp;<\/p>\n<h2>RUOTE ALL&#8217;ARIA A CAVARZANO<\/h2>\n<p><strong>BELLUNO<\/strong> I vigili del fuoco del comando provinciale di Belluno sono intervenuti ieri pomeriggio\u00a0 per uno scontro tra due autovetture nei pressi dell&#8217;incrocio tra via Francesco Pellegrini e via Pietro Trois. Due\u00a0 Fiat Panda coinvolte, ad avere necessit\u00e0 di soccorso una 70enne bellunese, L.M. che non \u00e8 considerata in gravi condizioni.<\/p>\n<p><a class=\"dt-pswp-item\" href=\"http:\/\/www.radiopiu.net\/wordpress\/wp-content\/uploads\/2019\/03\/Incidente-Cavarzano.jpg\" data-dt-img-description=\"\" data-large_image_width=\"1037\" data-large_image_height=\"515\"><img loading=\"lazy\" decoding=\"async\" class=\"alignnone size-large wp-image-79424\" src=\"http:\/\/www.radiopiu.net\/wordpress\/wp-content\/uploads\/2019\/03\/Incidente-Cavarzano-1024x509.jpg\" alt=\"\" width=\"1024\" height=\"509\" srcset=\"https:\/\/www.radiopiu.net\/wordpress\/wp-content\/uploads\/2019\/03\/Incidente-Cavarzano-1024x509.jpg 1024w, https:\/\/www.radiopiu.net\/wordpress\/wp-content\/uploads\/2019\/03\/Incidente-Cavarzano-300x149.jpg 300w, https:\/\/www.radiopiu.net\/wordpress\/wp-content\/uploads\/2019\/03\/Incidente-Cavarzano-768x381.jpg 768w, https:\/\/www.radiopiu.net\/wordpress\/wp-content\/uploads\/2019\/03\/Incidente-Cavarzano.jpg 1037w\" sizes=\"auto, (max-width: 1024px) 100vw, 1024px\" \/><\/a><\/p>\n<p>&nbsp;<\/p>\n<p>&nbsp;<\/p>\n<p>&nbsp;<\/p>\n<h2>DOMANI I FUNERALI DI ENRICO, IERI IL MINUTO DI RACCOGLIMENTO SUI CAMPI DI CALCIO<\/h2>\n<p><strong><a class=\"dt-pswp-item\" href=\"http:\/\/www.radiopiu.net\/wordpress\/wp-content\/uploads\/2019\/03\/Minuto-di-silenzio-per-Pizzoni-a-Domegge-categoria-Allievi.jpeg\" data-dt-img-description=\"\" data-large_image_width=\"1600\" data-large_image_height=\"900\"><img loading=\"lazy\" decoding=\"async\" class=\"alignnone size-large wp-image-79396\" src=\"http:\/\/www.radiopiu.net\/wordpress\/wp-content\/uploads\/2019\/03\/Minuto-di-silenzio-per-Pizzoni-a-Domegge-categoria-Allievi-1024x576.jpeg\" alt=\"\" width=\"1024\" height=\"576\" srcset=\"https:\/\/www.radiopiu.net\/wordpress\/wp-content\/uploads\/2019\/03\/Minuto-di-silenzio-per-Pizzoni-a-Domegge-categoria-Allievi-1024x576.jpeg 1024w, https:\/\/www.radiopiu.net\/wordpress\/wp-content\/uploads\/2019\/03\/Minuto-di-silenzio-per-Pizzoni-a-Domegge-categoria-Allievi-300x169.jpeg 300w, https:\/\/www.radiopiu.net\/wordpress\/wp-content\/uploads\/2019\/03\/Minuto-di-silenzio-per-Pizzoni-a-Domegge-categoria-Allievi-768x432.jpeg 768w, https:\/\/www.radiopiu.net\/wordpress\/wp-content\/uploads\/2019\/03\/Minuto-di-silenzio-per-Pizzoni-a-Domegge-categoria-Allievi.jpeg 1600w\" sizes=\"auto, (max-width: 1024px) 100vw, 1024px\" \/><\/a>AGORDO<\/strong> Domani alle 15 nell&#8217;Arcidiaconale la comunit\u00e0 dar\u00e0 l&#8217;ultimo saluto ad Enrico Pizzoni, gi\u00e0 Presidente dell&#8217;Agordina Calcio. Il ricordo e la sua storia nelle parole di Gianni Santomaso. (foto ieri gli allievi a Domegge).<\/p>\n<audio class=\"wp-audio-shortcode\" id=\"audio-79395-1\" preload=\"none\" style=\"width: 100%;\" controls=\"controls\"><source type=\"audio\/mpeg\" src=\"http:\/\/www.radiopiu.net\/wordpress\/wp-content\/uploads\/2019\/03\/pizzoni.mp3?_=1\" \/><a href=\"http:\/\/www.radiopiu.net\/wordpress\/wp-content\/uploads\/2019\/03\/pizzoni.mp3\">http:\/\/www.radiopiu.net\/wordpress\/wp-content\/uploads\/2019\/03\/pizzoni.mp3<\/a><\/audio>\n<p>Tanti i messaggi di cordoglio sulla pagina facebook RADIO PIU EMITTENTE AGORDINA, tra questi anche il ricordo di Mario Scussel<\/p>\n<p>&nbsp;<\/p>\n<p>&nbsp;<\/p>\n<p>&nbsp;<\/p>\n<h2 class=\"entry-title\">AGRICOLTURA \u2013 DARIO BOND: \u00abLA PROVINCIA DI BELLUNO PU\u00d2 E DEVE CRESCERE CON L\u2019AGRICOLTURA DI MONTAGNA\u00bb<\/h2>\n<p><a class=\"dt-pswp-item\" href=\"http:\/\/www.radiopiu.net\/wordpress\/wp-content\/uploads\/2018\/05\/Bond-Festa-agricoltura-Trichiana-1.jpeg\" data-dt-img-description=\"\" data-large_image_width=\"1200\" data-large_image_height=\"1600\"><img loading=\"lazy\" decoding=\"async\" class=\"wp-image-47661 alignleft\" src=\"http:\/\/www.radiopiu.net\/wordpress\/wp-content\/uploads\/2018\/05\/Bond-Festa-agricoltura-Trichiana-1-768x1024.jpeg\" alt=\"\" width=\"152\" height=\"202\" srcset=\"https:\/\/www.radiopiu.net\/wordpress\/wp-content\/uploads\/2018\/05\/Bond-Festa-agricoltura-Trichiana-1-768x1024.jpeg 768w, https:\/\/www.radiopiu.net\/wordpress\/wp-content\/uploads\/2018\/05\/Bond-Festa-agricoltura-Trichiana-1-225x300.jpeg 225w, https:\/\/www.radiopiu.net\/wordpress\/wp-content\/uploads\/2018\/05\/Bond-Festa-agricoltura-Trichiana-1.jpeg 1200w\" sizes=\"auto, (max-width: 152px) 100vw, 152px\" \/><\/a><\/p>\n<p><strong>SEDICO<\/strong><\/p>\n<p>\u00abDopo il disastro provocato dalla tempesta Vaia, abbiamo l\u2019occasione e il dovere di ripartire dall\u2019agricoltura, dalla cura del territorio e dal rafforzamento di quelle attivit\u00e0 che possono produrre ricchezza sia come risvolto turistico, sia con i prodotti della filiera campi-pascoli. Penso soprattutto al biologico, che rappresenta una nicchia di mercato in grande espansione\u00bb. \u00c8 quanto afferma il deputato di Forza Italia, Dario Bond, che stamattina ha partecipato al tavolo tecnico sul agricoltura e Piano di Sviluppo Rurale organizzato dal Centro Consorzi di Sedico, con la partecipazione dei vertici nazionali della Cia, la Confederazione Italiana Agricoltori. Durante il convegno, sono intervenuti anche il dottor Franco Contarin della Regione Veneto e l\u2019eurodeputato Herbert Dorfmann.<\/p>\n<p><strong>audio<\/strong><\/p>\n<audio class=\"wp-audio-shortcode\" id=\"audio-79395-2\" preload=\"none\" style=\"width: 100%;\" controls=\"controls\"><source type=\"audio\/mpeg\" src=\"http:\/\/www.radiopiu.net\/wordpress\/wp-content\/uploads\/2019\/03\/bond-2.mp3?_=2\" \/><a href=\"http:\/\/www.radiopiu.net\/wordpress\/wp-content\/uploads\/2019\/03\/bond-2.mp3\">http:\/\/www.radiopiu.net\/wordpress\/wp-content\/uploads\/2019\/03\/bond-2.mp3<\/a><\/audio>\n<p>&nbsp;<\/p>\n<p>&nbsp;<\/p>\n<p>&nbsp;<\/p>\n<p>&nbsp;<\/p>\n<h3>COLLEGAMENTO SCIISTICO COMELICO-PUSTERIA. ASSESSORE BOTTACIN: \u201cSOVRINTENDENZE, ENTI DA RIFORMARE\u201d.<\/h3>\n<p><strong>VENEZIA <\/strong>&#8220;Da tempo sto seguendo la vicenda delle autorizzazioni e, per quanto riguarda gli aspetti di competenza regionale, ho cercato di supportare il Comune di Comelico Superiore affinch\u00e9 ci fosse massima rapidit\u00e0 nel giungere a conclusione dell&#8217;iter burocratico per poter finalmente vedere il via dei lavori all\u2019impianto sciistico Comelico &#8211; Pusteria&#8221;. A dirlo l&#8217;assessore all&#8217;Ambiente Gianpaolo Bottacin, che sar\u00e0 in municipio gioved\u00ec per confrontarsi anche su questo tema in un incontro che era gi\u00e0 stato programmato con il sindaco.\u00a0 &#8220;Purtroppo \u2013 aggiunge l\u2019assessore &#8211; in questo momento ci troviamo di fronte all&#8217;ultimo ostacolo, rappresentato dal potere di veto della Sovrintendenza, un ente per molti aspetti ormai assolutamente da riformare&#8221;. &#8220;Anche su questa partita stiamo lavorando &#8211; prosegue Bottacin &#8211; affinch\u00e9 tali strutture, ora in capo al Ministero dei Beni Culturali, con l&#8217;autonomia possano essere regionalizzate in una visione pi\u00f9 collegata al territorio oltrech\u00e9 riformate nelle potest\u00e0 decisionali, limitandone le decisioni unilaterali ormai paradossalmente inconcepibili in uno stato democratico. \u201cQuella della regionalizzazione \u2013 sottolinea &#8211; non sar\u00e0 una partita facile ma per quanto riguarda il collegamento del Comelico siamo assolutamente al fianco del territorio per sensibilizzare il Ministero affinch\u00e9 si giunga a una chiusura positiva della pratica burocrocratica\u201d. \u201c\u00c8 indegno che si parli di rivitalizzare la montagna &#8211; conclude l&#8217;assessore &#8211; e poi, di fronte a una popolazione al cento per cento schierata a favore dello sviluppo, ci si fermi per dei cavilli o per le proteste di qualche gruppo di ambientalisti fuori dal tempo, che a causa delle loro visioni spesso radicali si dimostrano nella realt\u00e0 i peggiori nemici dell&#8217;ambiente&#8221;.<\/p>\n<p>&nbsp;<\/p>\n<p>&nbsp;<\/p>\n<p>&nbsp;<\/p>\n<h2>INAUGURATA AGRIMONT, GLI INTERVENTI<\/h2>\n<p><a class=\"dt-pswp-item\" href=\"http:\/\/www.radiopiu.net\/wordpress\/wp-content\/uploads\/2019\/03\/Aperta-una-straordinaria-40a-Agrimont-2019-mp3-image.jpg\" data-dt-img-description=\"\" data-large_image_width=\"320\" data-large_image_height=\"180\"><img loading=\"lazy\" decoding=\"async\" class=\"wp-image-79401 alignleft\" src=\"http:\/\/www.radiopiu.net\/wordpress\/wp-content\/uploads\/2019\/03\/Aperta-una-straordinaria-40a-Agrimont-2019-mp3-image.jpg\" alt=\"\" width=\"208\" height=\"117\" srcset=\"https:\/\/www.radiopiu.net\/wordpress\/wp-content\/uploads\/2019\/03\/Aperta-una-straordinaria-40a-Agrimont-2019-mp3-image.jpg 320w, https:\/\/www.radiopiu.net\/wordpress\/wp-content\/uploads\/2019\/03\/Aperta-una-straordinaria-40a-Agrimont-2019-mp3-image-300x169.jpg 300w\" sizes=\"auto, (max-width: 208px) 100vw, 208px\" \/><\/a><\/p>\n<p><strong>LONGARONE<\/strong> Agrimont, il tradizionale appuntamento di inizio primavera che Longarone Fiere Dolomiti dedica all\u2019agricoltura di montagna, \u00e8 ormai giunto al prestigioso traguardo della 40esima edizione diventando autentico punto di riferimento per un settore strategico per la salvaguardia e la manutenzione dell\u2019ambiente e funzionale alla crescita delle altre attivit\u00e0 economiche. La rassegna, che si terr\u00e0 nei due fine settimana il 16 e 17 e dal 22 al 24 marzo 2019, si \u00e8 affermata negli anni sia in termini di successo di pubblico sia per la qualit\u00e0 degli espositori specializzati, con un\u2019ampia rappresentazione delle principali aziende di prodotti, macchine e attrezzature per l\u2019agricoltura e tutto ci\u00f2 che riguarda il mondo rurale montano. Presenti in esposizione, tra le altre, aziende legate al settore del giardinaggio del florovivaismo, dei frutti e piccoli frutti, delle piante aromatiche e di quelle antiche, con una bella variet\u00e0 di prodotti e piccole attrezzature da utilizzare nella cura dell\u2019orto e del giardino di casa.<\/p>\n<p><span style=\"color: #ff0000;\"><strong><a class=\"dt-pswp-item\" href=\"http:\/\/www.radiopiu.net\/wordpress\/wp-content\/uploads\/2019\/03\/DSCF1471.jpg\" data-dt-img-description=\"\" data-large_image_width=\"2000\" data-large_image_height=\"1333\"><img loading=\"lazy\" decoding=\"async\" class=\"alignnone size-large wp-image-79413\" src=\"http:\/\/www.radiopiu.net\/wordpress\/wp-content\/uploads\/2019\/03\/DSCF1471-1024x682.jpg\" alt=\"\" width=\"1024\" height=\"682\" srcset=\"https:\/\/www.radiopiu.net\/wordpress\/wp-content\/uploads\/2019\/03\/DSCF1471-1024x682.jpg 1024w, https:\/\/www.radiopiu.net\/wordpress\/wp-content\/uploads\/2019\/03\/DSCF1471-300x200.jpg 300w, https:\/\/www.radiopiu.net\/wordpress\/wp-content\/uploads\/2019\/03\/DSCF1471-768x512.jpg 768w, https:\/\/www.radiopiu.net\/wordpress\/wp-content\/uploads\/2019\/03\/DSCF1471.jpg 2000w\" sizes=\"auto, (max-width: 1024px) 100vw, 1024px\" \/><\/a><\/strong><\/span><\/p>\n<p><span style=\"color: #ff0000;\"><strong>VIDEO LONGARONE FIERE<\/strong><\/span><\/p>\n<p><iframe loading=\"lazy\" title=\"Aperta una straordinaria 40a Agrimont 2019\" width=\"1200\" height=\"675\" src=\"https:\/\/www.youtube.com\/embed\/Vc4so9yXvdI?feature=oembed\" frameborder=\"0\" allow=\"accelerometer; autoplay; encrypted-media; gyroscope; picture-in-picture\" allowfullscreen><\/iframe><\/p>\n<h2>GLI INTERVENTI<\/h2>\n<p><strong>PRESIDENTE LONGARONE FIERE GIAN ANGELO BELLATI<\/strong><\/p>\n<audio class=\"wp-audio-shortcode\" id=\"audio-79395-3\" preload=\"none\" style=\"width: 100%;\" controls=\"controls\"><source type=\"audio\/mpeg\" src=\"http:\/\/www.radiopiu.net\/wordpress\/wp-content\/uploads\/2019\/03\/01-pres-longarone-fiere-Gian-Angelo-Bellati-2.mp3?_=3\" \/><a href=\"http:\/\/www.radiopiu.net\/wordpress\/wp-content\/uploads\/2019\/03\/01-pres-longarone-fiere-Gian-Angelo-Bellati-2.mp3\">http:\/\/www.radiopiu.net\/wordpress\/wp-content\/uploads\/2019\/03\/01-pres-longarone-fiere-Gian-Angelo-Bellati-2.mp3<\/a><\/audio>\n<p><strong>QUESTORE ANZIANO CAMERA DEPUTATI FEDERICO D&#8217;INCA&#8217;<\/strong><\/p>\n<audio class=\"wp-audio-shortcode\" id=\"audio-79395-4\" preload=\"none\" style=\"width: 100%;\" controls=\"controls\"><source type=\"audio\/mpeg\" src=\"http:\/\/www.radiopiu.net\/wordpress\/wp-content\/uploads\/2019\/03\/03-Federico-d-inc\u00e0-Questore-Camera-Deputati.mp3?_=4\" \/><a href=\"http:\/\/www.radiopiu.net\/wordpress\/wp-content\/uploads\/2019\/03\/03-Federico-d-inc\u00e0-Questore-Camera-Deputati.mp3\">http:\/\/www.radiopiu.net\/wordpress\/wp-content\/uploads\/2019\/03\/03-Federico-d-inc\u00e0-Questore-Camera-Deputati.mp3<\/a><\/audio>\n<p><strong>ASSESSORE REGIONALE GIUSEPPE PAN<\/strong><\/p>\n<audio class=\"wp-audio-shortcode\" id=\"audio-79395-5\" preload=\"none\" style=\"width: 100%;\" controls=\"controls\"><source type=\"audio\/mpeg\" src=\"http:\/\/www.radiopiu.net\/wordpress\/wp-content\/uploads\/2019\/03\/06-Giuseppe-Pan-Assessore-regionale-Agricoltura.mp3?_=5\" \/><a href=\"http:\/\/www.radiopiu.net\/wordpress\/wp-content\/uploads\/2019\/03\/06-Giuseppe-Pan-Assessore-regionale-Agricoltura.mp3\">http:\/\/www.radiopiu.net\/wordpress\/wp-content\/uploads\/2019\/03\/06-Giuseppe-Pan-Assessore-regionale-Agricoltura.mp3<\/a><\/audio>\n<p><strong>PRESIDENTE DELLA PROVINCIA ROBERTO PADRIN<\/strong><\/p>\n<audio class=\"wp-audio-shortcode\" id=\"audio-79395-6\" preload=\"none\" style=\"width: 100%;\" controls=\"controls\"><source type=\"audio\/mpeg\" src=\"http:\/\/www.radiopiu.net\/wordpress\/wp-content\/uploads\/2019\/03\/02-pres-prov-BL-Roberto-Padrin-2.mp3?_=6\" \/><a href=\"http:\/\/www.radiopiu.net\/wordpress\/wp-content\/uploads\/2019\/03\/02-pres-prov-BL-Roberto-Padrin-2.mp3\">http:\/\/www.radiopiu.net\/wordpress\/wp-content\/uploads\/2019\/03\/02-pres-prov-BL-Roberto-Padrin-2.mp3<\/a><\/audio>\n<p><strong>PRESIDENTE BELLUNESI NEL MONDO OSCAR DE BONA<\/strong><\/p>\n<audio class=\"wp-audio-shortcode\" id=\"audio-79395-7\" preload=\"none\" style=\"width: 100%;\" controls=\"controls\"><source type=\"audio\/mpeg\" src=\"http:\/\/www.radiopiu.net\/wordpress\/wp-content\/uploads\/2019\/03\/04-Oscar-De-Bona-Presidente-Bellunesi-nel-Mondo.mp3?_=7\" \/><a href=\"http:\/\/www.radiopiu.net\/wordpress\/wp-content\/uploads\/2019\/03\/04-Oscar-De-Bona-Presidente-Bellunesi-nel-Mondo.mp3\">http:\/\/www.radiopiu.net\/wordpress\/wp-content\/uploads\/2019\/03\/04-Oscar-De-Bona-Presidente-Bellunesi-nel-Mondo.mp3<\/a><\/audio>\n<p><strong>PREMIO IVANO POCCHIESA A GIUSEPPE CASAGRANDE<\/strong><\/p>\n<p><a class=\"dt-pswp-item\" href=\"http:\/\/www.radiopiu.net\/wordpress\/wp-content\/uploads\/2019\/03\/Consegna-6-premio-Pocchiesa-Bebi-Casagrande.jpg\" data-dt-img-description=\"\" data-large_image_width=\"2000\" data-large_image_height=\"1333\"><img loading=\"lazy\" decoding=\"async\" class=\"alignnone size-large wp-image-79414\" src=\"http:\/\/www.radiopiu.net\/wordpress\/wp-content\/uploads\/2019\/03\/Consegna-6-premio-Pocchiesa-Bebi-Casagrande-1024x682.jpg\" alt=\"\" width=\"1024\" height=\"682\" srcset=\"https:\/\/www.radiopiu.net\/wordpress\/wp-content\/uploads\/2019\/03\/Consegna-6-premio-Pocchiesa-Bebi-Casagrande-1024x682.jpg 1024w, https:\/\/www.radiopiu.net\/wordpress\/wp-content\/uploads\/2019\/03\/Consegna-6-premio-Pocchiesa-Bebi-Casagrande-300x200.jpg 300w, https:\/\/www.radiopiu.net\/wordpress\/wp-content\/uploads\/2019\/03\/Consegna-6-premio-Pocchiesa-Bebi-Casagrande-768x512.jpg 768w, https:\/\/www.radiopiu.net\/wordpress\/wp-content\/uploads\/2019\/03\/Consegna-6-premio-Pocchiesa-Bebi-Casagrande.jpg 2000w\" sizes=\"auto, (max-width: 1024px) 100vw, 1024px\" \/><\/a><\/p>\n<p>Spicca infine la celebrazione della 7^ Giornata Europea del Gelato Artigianale, istituita dal Parlamento Europeo nel 2012 e con la consegna del 6. Premio \u201cIvano Pocchiesa\u201d per l\u2019attenzione e il contributo dato al mondo del gelato artigianale nell\u2019attivit\u00e0 giornalistica.<\/p>\n<audio class=\"wp-audio-shortcode\" id=\"audio-79395-8\" preload=\"none\" style=\"width: 100%;\" controls=\"controls\"><source type=\"audio\/mpeg\" src=\"http:\/\/www.radiopiu.net\/wordpress\/wp-content\/uploads\/2019\/03\/05-Giuseppe-Casagrande-6-Premio-Pocchiesa-2019.mp3?_=8\" \/><a href=\"http:\/\/www.radiopiu.net\/wordpress\/wp-content\/uploads\/2019\/03\/05-Giuseppe-Casagrande-6-Premio-Pocchiesa-2019.mp3\">http:\/\/www.radiopiu.net\/wordpress\/wp-content\/uploads\/2019\/03\/05-Giuseppe-Casagrande-6-Premio-Pocchiesa-2019.mp3<\/a><\/audio>\n<p>&nbsp;<\/p>\n<p>&nbsp;<\/p>\n<p>&nbsp;<\/p>\n<p>&nbsp;<\/p>\n<h2>SNALS, ASSEMBEA SINDACALE<\/h2>\n<p><strong>BELLUNO<\/strong> Mercoledi alle 11 nell&#8217; si terr\u00e0, presso L\u2019Aula Magna dell\u2019ITI Segato, in Piazza Piloni, via J. Tasso n. 11,\u00a0 l&#8217; assemblea territoriale per tutto il personale scolastico, docente ed ATA delle Scuole dell&#8217;Infanzia, Primaria, Secondaria di Primo e Secondo Grado. Ordine del giorno: Stress lavoro-correlato, sicurezza e salute a scuola: valutare, prevenire e intervenire.\u00a0 Pensioni e situazioni contributive: stipendi, carriera. Interverr\u00e0 il Professor Rocco Italiano, Segretario Provinciale dello SNALS di Padova<\/p>\n<p>&nbsp;<\/p>\n<p>&nbsp;<\/p>\n<p>&nbsp;<\/p>\n<h2 style=\"text-align: left;\"><a class=\"dt-pswp-item\" href=\"http:\/\/www.radiopiu.net\/wordpress\/wp-content\/uploads\/2019\/03\/Scuola-Elementare-pergamena-colore_page-0001.jpg\" data-dt-img-description=\"\" data-large_image_width=\"1241\" data-large_image_height=\"1754\"><img loading=\"lazy\" decoding=\"async\" class=\"wp-image-79393 alignleft\" src=\"http:\/\/www.radiopiu.net\/wordpress\/wp-content\/uploads\/2019\/03\/Scuola-Elementare-pergamena-colore_page-0001-725x1024.jpg\" alt=\"\" width=\"266\" height=\"376\" srcset=\"https:\/\/www.radiopiu.net\/wordpress\/wp-content\/uploads\/2019\/03\/Scuola-Elementare-pergamena-colore_page-0001-725x1024.jpg 725w, https:\/\/www.radiopiu.net\/wordpress\/wp-content\/uploads\/2019\/03\/Scuola-Elementare-pergamena-colore_page-0001-212x300.jpg 212w, https:\/\/www.radiopiu.net\/wordpress\/wp-content\/uploads\/2019\/03\/Scuola-Elementare-pergamena-colore_page-0001-768x1085.jpg 768w, https:\/\/www.radiopiu.net\/wordpress\/wp-content\/uploads\/2019\/03\/Scuola-Elementare-pergamena-colore_page-0001.jpg 1241w\" sizes=\"auto, (max-width: 266px) 100vw, 266px\" \/><\/a><\/h2>\n<h2><\/h2>\n<h2><\/h2>\n<h2><\/h2>\n<h2 style=\"text-align: left;\">AGORDO SCUOLA ELEMENTARE &#8220;1967, i ragazzi del maestro Talamini&#8221;<\/h2>\n<p><em>Con un pensiero a chi no c&#8217;\u00e8 pi\u00f9&#8230; Luciana Zasso e Dino Scussel<\/em><\/p>\n<p><strong>AGORDO<\/strong> La maestra Paola Miola ha fatto l&#8217;appello chiamando anche Federico che nonostante la &#8220;sospensione&#8221; la prima nella carriera della maestra Miola era comunque presente, seduto sul suo banco, non come Paola invece\u00a0 in giro per la classe&#8230; Un pensiero comune per tutti, quello del ricordo del maestro Emanuele Talamini, immancabile da parte dei suoi studenti, quelli della quinta classe del 1967. E brava Paola Lanciato che \u00e8 riuscita a metterli tutti assieme per una serata di ricordi e di piacere alla Pizzeria Agordina.<\/p>\n<p><a class=\"dt-pswp-item\" href=\"http:\/\/www.radiopiu.net\/wordpress\/wp-content\/uploads\/2019\/03\/WhatsApp-Image-2019-03-17-at-11.20.00.jpeg\" data-dt-img-description=\"\" data-large_image_width=\"1600\" data-large_image_height=\"1200\"><img loading=\"lazy\" decoding=\"async\" class=\"alignnone size-large wp-image-79391\" src=\"http:\/\/www.radiopiu.net\/wordpress\/wp-content\/uploads\/2019\/03\/WhatsApp-Image-2019-03-17-at-11.20.00-1024x768.jpeg\" alt=\"\" width=\"1024\" height=\"768\" srcset=\"https:\/\/www.radiopiu.net\/wordpress\/wp-content\/uploads\/2019\/03\/WhatsApp-Image-2019-03-17-at-11.20.00-1024x768.jpeg 1024w, https:\/\/www.radiopiu.net\/wordpress\/wp-content\/uploads\/2019\/03\/WhatsApp-Image-2019-03-17-at-11.20.00-300x225.jpeg 300w, https:\/\/www.radiopiu.net\/wordpress\/wp-content\/uploads\/2019\/03\/WhatsApp-Image-2019-03-17-at-11.20.00-768x576.jpeg 768w, https:\/\/www.radiopiu.net\/wordpress\/wp-content\/uploads\/2019\/03\/WhatsApp-Image-2019-03-17-at-11.20.00.jpeg 1600w\" sizes=\"auto, (max-width: 1024px) 100vw, 1024px\" \/><\/a><\/p>\n<div style=\"width: 480px;\" class=\"wp-video\"><video class=\"wp-video-shortcode\" id=\"video-79395-1\" width=\"480\" height=\"848\" preload=\"metadata\" controls=\"controls\"><source type=\"video\/mp4\" src=\"http:\/\/www.radiopiu.net\/wordpress\/wp-content\/uploads\/2019\/03\/WhatsApp-Video-2019-03-17-at-11.20.00.mp4?_=1\" \/><a href=\"http:\/\/www.radiopiu.net\/wordpress\/wp-content\/uploads\/2019\/03\/WhatsApp-Video-2019-03-17-at-11.20.00.mp4\">http:\/\/www.radiopiu.net\/wordpress\/wp-content\/uploads\/2019\/03\/WhatsApp-Video-2019-03-17-at-11.20.00.mp4<\/a><\/video><\/div>\n<p>&nbsp;<\/p>\n<p>&nbsp;<\/p>\n<p>&nbsp;<\/p>\n<div class=\"page-title-head hgroup\">\n<h1 class=\"entry-title\">LA TAV CI COSTA L\u20191,4% DELLA SPESA PUBBLICA TOTALE<\/h1>\n<\/div>\n<div class=\"page-title-breadcrumbs\"><\/div>\n<blockquote class=\"wp-embedded-content\" data-secret=\"VqWJYMmvtQ\"><p><a href=\"http:\/\/www.radiopiu.net\/wordpress\/la-tav-ci-costa-l14-della-spesa-pubblica-totale\/\">LA TAV CI COSTA L\u20191,4% DELLA SPESA PUBBLICA TOTALE<\/a><\/p><\/blockquote>\n<p><iframe loading=\"lazy\" class=\"wp-embedded-content\" sandbox=\"allow-scripts\" security=\"restricted\" style=\"position: absolute; clip: rect(1px, 1px, 1px, 1px);\" src=\"http:\/\/www.radiopiu.net\/wordpress\/la-tav-ci-costa-l14-della-spesa-pubblica-totale\/embed\/#?secret=VqWJYMmvtQ\" data-secret=\"VqWJYMmvtQ\" width=\"600\" height=\"338\" title=\"&#8220;LA TAV CI COSTA L\u20191,4% DELLA SPESA PUBBLICA TOTALE&#8221; &#8212; Radio Pi\u00f9\" frameborder=\"0\" marginwidth=\"0\" marginheight=\"0\" scrolling=\"no\"><\/iframe><\/p>\n<p>&nbsp;<\/p>\n<p>&nbsp;<\/p>\n<h2>LA DONAZIONE<\/h2>\n<h3>ROCCA PIETORE RINGRAZIA L&#8217;ANA VERONESE MONTI DELLA LESSINIA<\/h3>\n<p><a class=\"dt-pswp-item\" href=\"http:\/\/www.radiopiu.net\/wordpress\/wp-content\/uploads\/2019\/03\/WhatsApp-Image-2019-03-16-at-18.11.03.jpeg\" data-dt-img-description=\"\" data-large_image_width=\"1600\" data-large_image_height=\"1200\"><img loading=\"lazy\" decoding=\"async\" class=\"alignnone size-large wp-image-79479\" src=\"http:\/\/www.radiopiu.net\/wordpress\/wp-content\/uploads\/2019\/03\/WhatsApp-Image-2019-03-16-at-18.11.03-1024x768.jpeg\" alt=\"\" width=\"1024\" height=\"768\" srcset=\"https:\/\/www.radiopiu.net\/wordpress\/wp-content\/uploads\/2019\/03\/WhatsApp-Image-2019-03-16-at-18.11.03-1024x768.jpeg 1024w, https:\/\/www.radiopiu.net\/wordpress\/wp-content\/uploads\/2019\/03\/WhatsApp-Image-2019-03-16-at-18.11.03-300x225.jpeg 300w, https:\/\/www.radiopiu.net\/wordpress\/wp-content\/uploads\/2019\/03\/WhatsApp-Image-2019-03-16-at-18.11.03-768x576.jpeg 768w, https:\/\/www.radiopiu.net\/wordpress\/wp-content\/uploads\/2019\/03\/WhatsApp-Image-2019-03-16-at-18.11.03.jpeg 1600w\" sizes=\"auto, (max-width: 1024px) 100vw, 1024px\" \/><\/a><\/p>\n<p>&nbsp;<\/p>\n<p>&nbsp;<\/p>\n<p>&nbsp;<\/p>\n<p>&nbsp;<\/p>\n<h2>ASCA &#8211; selezione personale infermieristico<\/h2>\n<p><strong>AGORDO<\/strong>\u00a0L&#8217;azienda sanitaria ASCA ha indetto una nuova selezione pubblica finalizzata alla formulazione di una graduatoria cui attingere per l\u2019assunzione a tempo determinato e indeterminato di INFERMIERI. Le modalit\u00e0 di presentazione delle domande si trovano sul sito aziendale www.servizisocialiasca.it. Il termine perentorio previsto per la presentazione della domanda \u00e8 fissato per giovedi 11 aprile 2019 entro le ore 12.00, mentre le selezioni verranno effettuate nelle giornate del 18 e 19 aprile 2019.<\/p>\n<p>&nbsp;<\/p>\n<p>&nbsp;<\/p>\n<h2>ASCA &#8211; selezione di fisioterapista<\/h2>\n<p><strong>AGORDO<\/strong> L&#8217;azienda sanitaria ASCA ha indetto una selezione pubblica finalizzata alla formulazione di una graduatoria cui attingere per l\u2019assunzione a tempo determinato e indeterminato di FISIOTERAPISTI. Le modalit\u00e0 di presentazione delle domande si trovano sul sito aziendale www.servizisocialiasca.it. Il termine perentorio previsto per la presentazione della domanda \u00e8 fissato per giovedi 11 aprile 2019 entro le ore 12.00, mentre le selezioni verranno effettuate nelle giornate del 18 e 19 aprile 2019.<\/p>\n<p>&nbsp;<\/p>\n<p>&nbsp;<\/p>\n<h2>MERCOLEDI CONSIGLIO COMUNALE<\/h2>\n<p><strong>FALCADE<\/strong> Il consiglio comunale si riunir\u00e0 mercoledi alle 20 in Municipio. All&#8217;ordine del giorno l&#8217;approvazione di aliquote e detrazione dei tributi Tasi e Imu; approvazione piano delle alienazioni e valorizzazioni immobiliari; bilancio preventivo Asca; approvazione nota di aggiornamento al DUP; approvazione bilancio di previsioni; revisione piano di accertamento e riordino terre di uso civico;\u00a0 approvazione regolamenti per l&#8217;uso di prodotti fito sanitari e per gli oggetti rinvenuti sul territorio comunale.<\/p>\n<p>&nbsp;<\/p>\n<p>&nbsp;<\/p>\n<h3>\u201cLUNGO LA STRADA\u201d\u2026. IL SOGNO IN MUSICA DI VALTER FELTRIN DIVENTA REALT\u00c0<\/h3>\n<p><strong><a class=\"dt-pswp-item\" href=\"http:\/\/www.radiopiu.net\/wordpress\/wp-content\/uploads\/2019\/03\/Locandina-Feltrin.jpg\" data-dt-img-description=\"\" data-large_image_width=\"1169\" data-large_image_height=\"1732\"><img loading=\"lazy\" decoding=\"async\" class=\"wp-image-79417 alignleft\" src=\"http:\/\/www.radiopiu.net\/wordpress\/wp-content\/uploads\/2019\/03\/Locandina-Feltrin-691x1024.jpg\" alt=\"\" width=\"207\" height=\"307\" srcset=\"https:\/\/www.radiopiu.net\/wordpress\/wp-content\/uploads\/2019\/03\/Locandina-Feltrin-691x1024.jpg 691w, https:\/\/www.radiopiu.net\/wordpress\/wp-content\/uploads\/2019\/03\/Locandina-Feltrin-202x300.jpg 202w, https:\/\/www.radiopiu.net\/wordpress\/wp-content\/uploads\/2019\/03\/Locandina-Feltrin-768x1138.jpg 768w, https:\/\/www.radiopiu.net\/wordpress\/wp-content\/uploads\/2019\/03\/Locandina-Feltrin.jpg 1169w\" sizes=\"auto, (max-width: 207px) 100vw, 207px\" \/><\/a>FELTRE<\/strong> Venerd\u00ec 22 marzo alle 21 presso l\u2019Officinema di Feltre la Scuola comunale di Musica Sandi con il patrocinio del Comune di Feltre presenta il primo CD Del cantautore feltrino. Una piccola perla musicale tutta feltrina: \u00e8 la compilation \u201cLungo la Strada\u201d di Valter Feltrin che verr\u00e0 presentata venerd\u00ec 22 febbraio alle 21 presso l\u2019Officinema di Feltre. Dodici pezzi, con parole e musica dello stesso Feltrin, sbocciati nel contesto della scuola comunale di Musica Sandi di cui Feltrin \u00e8 allievo, e che l\u2019Istituto feltrino presenta orgogliosamente alla citt\u00e0 in questa occasione. Suoneranno dal vivo sul palco tutti gli artisti che hanno collaborato alla realizzazione del CD:\u00a0 oltre a Valter (Chitarre e voce) ci saranno \u00a0Andrea Palonta (chitarre e voce), Daniele Bortoluz (violino), Denis Sasset (fisarmonica e tastiere), Elettra Feltrin (voce), Valerio Zanin (basso elettrico e fretless), Max Palma (percussioni), Fabrizio Tamburlin (batteria). \u201cCon questi pezzi Walter ci ha sorpreso \u2013 spiega il Direttore della Scuola Maestro Claudio Caretta \u2013 sono intensi nel contenuto testuale, ricchi di spontanea musicalit\u00e0 mai scontata o banale, e spesso assai accattivanti all\u2019ascolto. Una vera sorpresa, che meritava di essere condivisa\u201d. A permettere che il sogno si realizzasse hanno contribuito in tanti: dai docenti e amici della scuola, che hanno affiancato Walter nella registrazione dei pezzi, ai suoi familiari e ai colleghi che hanno sostenuto il progetto come regalo per la pensione. A dare il titolo all\u2019album \u00e8 il primo brano del cd, intitolato \u201cLungo la strada\u201d e immagine del cammino di vita di ognuno. \u201cCi sono voluti 15 anni per scrivere questi pezzi \u2013 spiega Valter \u2013 e i temi che raccontano sono tanti: l\u2019emigrazione, la nostalgia, la fatica di alcune scelte, il coraggio di essere s\u00e8 stessi. Sono pagine della mia vita, ma potrebbero essere quelle di chiunque di noi almeno per una volta si \u00e8 detto \u201cvoglio fare le cose per scelta e per piacere. Non voglio pi\u00f9 agire per obbligo e dovere\u201d. E\u2019una grande ballata di amore alla vita, alla sua bellezza e alle sue fragilit\u00e0, nella quale ognuno potr\u00e0 riconoscersi, sorridendo\u201d. Per ascoltare uno dei brani di Valter Feltrin<span style=\"color: #0000ff;\"><a style=\"color: #0000ff;\" href=\"https:\/\/drive.google.com\/file\/d\/1C3CFP6n63sHIJgvZFg3QdtAFt2v7pawh\/view?usp=sharing\"> clicca qui:\u00a0<\/a><\/span><\/p>\n<p>&nbsp;<\/p>\n<p>&nbsp;<\/p>\n<p>&nbsp;<\/p>\n<h2><a class=\"dt-pswp-item\" href=\"http:\/\/www.radiopiu.net\/wordpress\/wp-content\/uploads\/2019\/03\/GoccediSole-2.jpg\" data-dt-img-description=\"\" data-large_image_width=\"1869\" data-large_image_height=\"2590\"><img loading=\"lazy\" decoding=\"async\" class=\"wp-image-79170 alignleft\" src=\"http:\/\/www.radiopiu.net\/wordpress\/wp-content\/uploads\/2019\/03\/GoccediSole-2-739x1024.jpg\" alt=\"\" width=\"165\" height=\"229\" srcset=\"https:\/\/www.radiopiu.net\/wordpress\/wp-content\/uploads\/2019\/03\/GoccediSole-2-739x1024.jpg 739w, https:\/\/www.radiopiu.net\/wordpress\/wp-content\/uploads\/2019\/03\/GoccediSole-2-216x300.jpg 216w, https:\/\/www.radiopiu.net\/wordpress\/wp-content\/uploads\/2019\/03\/GoccediSole-2-768x1064.jpg 768w, https:\/\/www.radiopiu.net\/wordpress\/wp-content\/uploads\/2019\/03\/GoccediSole-2.jpg 1869w\" sizes=\"auto, (max-width: 165px) 100vw, 165px\" \/><\/a><\/h2>\n<h2><\/h2>\n<h2>CONCORSO NAZIONALE MUSICALE CITTA&#8217; DI BELLUNO<\/h2>\n<p>Rassegna piccoli talenti, prima edizione. Iscrizioni fino al 28 febbraio.<\/p>\n<p>di ROBERTO BONA<\/p>\n<audio class=\"wp-audio-shortcode\" id=\"audio-79395-9\" preload=\"none\" style=\"width: 100%;\" controls=\"controls\"><source type=\"audio\/mpeg\" src=\"http:\/\/www.radiopiu.net\/wordpress\/wp-content\/uploads\/2019\/03\/roberto-musical.mp3?_=9\" \/><a href=\"http:\/\/www.radiopiu.net\/wordpress\/wp-content\/uploads\/2019\/03\/roberto-musical.mp3\">http:\/\/www.radiopiu.net\/wordpress\/wp-content\/uploads\/2019\/03\/roberto-musical.mp3<\/a><\/audio>\n<p>&nbsp;<\/p>\n<p>&nbsp;<\/p>\n<p>&nbsp;<\/p>\n<p>&nbsp;<\/p>\n<h2>SAGRA DE PASCA, TAIBON GIA&#8217; IN FERMENTO<\/h2>\n<p><strong><a class=\"dt-pswp-item\" href=\"http:\/\/www.radiopiu.net\/wordpress\/wp-content\/uploads\/2019\/03\/WhatsApp-Image-2019-03-13-at-12.18.35.jpeg\" data-dt-img-description=\"\" data-large_image_width=\"1600\" data-large_image_height=\"824\"><img loading=\"lazy\" decoding=\"async\" class=\"alignnone size-large wp-image-79053\" src=\"http:\/\/www.radiopiu.net\/wordpress\/wp-content\/uploads\/2019\/03\/WhatsApp-Image-2019-03-13-at-12.18.35-1024x527.jpeg\" alt=\"\" width=\"1024\" height=\"527\" srcset=\"https:\/\/www.radiopiu.net\/wordpress\/wp-content\/uploads\/2019\/03\/WhatsApp-Image-2019-03-13-at-12.18.35-1024x527.jpeg 1024w, https:\/\/www.radiopiu.net\/wordpress\/wp-content\/uploads\/2019\/03\/WhatsApp-Image-2019-03-13-at-12.18.35-300x155.jpeg 300w, https:\/\/www.radiopiu.net\/wordpress\/wp-content\/uploads\/2019\/03\/WhatsApp-Image-2019-03-13-at-12.18.35-768x396.jpeg 768w, https:\/\/www.radiopiu.net\/wordpress\/wp-content\/uploads\/2019\/03\/WhatsApp-Image-2019-03-13-at-12.18.35.jpeg 1600w\" sizes=\"auto, (max-width: 1024px) 100vw, 1024px\" \/><\/a>TAIBON<\/strong> Dal 18 al 21 aprile, quattro giorni di festa con le associazioni del paese: Gruppo Sportivo, Donatori del Sangue e Proloco. Giovedi 18 nella serata RADIO PIU presentazione del campionato agordino di calcio, pastasciutta pro pompieri volontari di Agordo e graditi ospiti gli artisti di Belluno Alza la Voce. Venerdi 19 l&#8217;orchestra spettacolo di Franco Bagutti, polena baccal\u00e0 e seppie. Sabato 20 Orchestra spettacolo Renzo Biondi preceduto dall&#8217;aperitivo superalativo. Domenica 21 serata Pasca in Frasca con Morgan, Bisso e la cover band Mamalover, musica dagli anni settanta ad oggi. Domenica alle 22.30 estrazione della lotteria, tutte le serate in diretta su RADIO PIU&#8217;.<\/p>\n<p>&nbsp;<\/p>\n<p>&nbsp;<\/p>\n<p>&nbsp;<\/p>\n<p>&nbsp;<\/p>\n<h2><a class=\"dt-pswp-item\" href=\"http:\/\/www.radiopiu.net\/wordpress\/wp-content\/uploads\/2018\/09\/appuntamenti.jpeg\" data-dt-img-description=\"\" data-large_image_width=\"800\" data-large_image_height=\"100\"><img loading=\"lazy\" decoding=\"async\" class=\"alignnone wp-image-61958 size-full\" src=\"http:\/\/www.radiopiu.net\/wordpress\/wp-content\/uploads\/2018\/09\/appuntamenti.jpeg\" alt=\"\" width=\"800\" height=\"100\" srcset=\"https:\/\/www.radiopiu.net\/wordpress\/wp-content\/uploads\/2018\/09\/appuntamenti.jpeg 800w, https:\/\/www.radiopiu.net\/wordpress\/wp-content\/uploads\/2018\/09\/appuntamenti-300x38.jpeg 300w, https:\/\/www.radiopiu.net\/wordpress\/wp-content\/uploads\/2018\/09\/appuntamenti-768x96.jpeg 768w\" sizes=\"auto, (max-width: 800px) 100vw, 800px\" \/><\/a><\/h2>\n<p>&nbsp;<\/p>\n<p>&nbsp;<\/p>\n<p>&nbsp;<\/p>\n<p><strong>BELLUNO<\/strong> In occasione della Settimana Mondiale dell\u2019Acqua\u00a0 il Rotary Club di Belluno\u00a0 propone lo spettacolo \u201cSiam mica qui a farci salvare dai panda\u2026l\u2019Ecologia come opportunit\u00e0 di benessere per tutti\u201d. Con Michele Dotti, educaTTore, scrittore, formatore.\u00a0 Questa sera, ore 20.30 al Giovanni XXIII a Belluno, in Piazza Piloni.<\/p>\n<p>&nbsp;<\/p>\n<p>&nbsp;<\/p>\n<p><strong>AGORDO<\/strong> Giovedi 21 marzo alle 20.30 nella saletta della Biblioteca, assemblea del comitato di Gemellaggio. L&#8217;ordine del giorno in discussione: Rendicontazione anno 2018 e approvazione bilancio; Libro per i 30 anni di gemellaggio con Zugliano;\u00a0\u00a0Programma ed organizzazione della visita dei gemelli francesi del prossimo 3-4 maggio;\u00a0\u00a0Rinnovo direttivo; Rinnovo Tesseramento per l\u2019anno 2019<\/p>\n<p>&nbsp;<\/p>\n<p>&nbsp;<\/p>\n<p><strong>SAN GREGORIO NELLE ALPI<\/strong> Sabato alle 20.45 in chiesa concerto di solidariet\u00e0 della Corale Zumellese diretta da Manolo Da Rold. Ingresso ad offerta libera, il ricavato sar\u00e0 devoluto ai lavori di restauro per la sistemazione del tetto della chiesa di San Felice distrutto dal maltempo.<\/p>\n<p>&nbsp;<\/p>\n<p>&nbsp;<\/p>\n<p><strong>TRICHIANA<\/strong> Sabato alle 20.45 in sala San Felice concerto La Musica del cuore, musica e donna in ricordo di Milena. Partecipano Mario e Bruno, The Covers on eat, Jdpb e Fabrizio. Ingresso ad offerta libera, il ricavato viene devoluto all&#8217;Asla, associazione italiana sclerosi laterale amiotrofica.<\/p>\n<p>&nbsp;<\/p>\n<p>&nbsp;<\/p>\n<p><strong>SEDICO<\/strong> Sabato 23 marzo alle 20.45 nella Chiesa Parrocchiale del Mas Il coro Monti del Sole diretto dal maestro Luca Lotto propone una serata di beneficienza a favore della popolazione del Comune di Taibon colpita dell\u2019alluvione dello scorso mese di ottobre, con canti e riflessioni per l\u2019Agordino. Graditi ospiti gli amici del coro Valcavasia di Cavaso del Tomba (TV). La serata sar\u00e0 presentata da Michela Da Canal.<\/p>\n<p>&nbsp;<\/p>\n<p>&nbsp;<\/p>\n<p><a class=\"dt-pswp-item\" href=\"http:\/\/www.radiopiu.net\/wordpress\/wp-content\/uploads\/2018\/09\/viabilita.jpeg\" data-dt-img-description=\"\" data-large_image_width=\"800\" data-large_image_height=\"100\"><img loading=\"lazy\" decoding=\"async\" class=\"alignnone size-full wp-image-61954\" src=\"http:\/\/www.radiopiu.net\/wordpress\/wp-content\/uploads\/2018\/09\/viabilita.jpeg\" alt=\"\" width=\"800\" height=\"100\" srcset=\"https:\/\/www.radiopiu.net\/wordpress\/wp-content\/uploads\/2018\/09\/viabilita.jpeg 800w, https:\/\/www.radiopiu.net\/wordpress\/wp-content\/uploads\/2018\/09\/viabilita-300x38.jpeg 300w, https:\/\/www.radiopiu.net\/wordpress\/wp-content\/uploads\/2018\/09\/viabilita-768x96.jpeg 768w\" sizes=\"auto, (max-width: 800px) 100vw, 800px\" \/><\/a><\/p>\n<p><strong>FINO AL 29 MARZO<\/strong> dalle 8 alle 17 senso unico alternato in Comune di Cencenighe lungo la regionale 203 agordina per la messa in sicurezza del tratto stradale.<\/p>\n<p><strong>VOLTAGO<\/strong> FINO AL 5 APRILE\u00a0 tutti i giorni sabati e domeniche compresi, senso unico alternato regolato da semaforo lungo la provinciale 347 in Comune di Voltago per lavori di somma urgenza e messa in sicurezza del piano viabile.<\/p>\n<p>&nbsp;<\/p>\n<p>&nbsp;<\/p>\n<p><a class=\"dt-pswp-item\" href=\"http:\/\/www.radiopiu.net\/wordpress\/wp-content\/uploads\/2018\/09\/sport.jpg\" data-dt-img-description=\"\" data-large_image_width=\"800\" data-large_image_height=\"100\"><img loading=\"lazy\" decoding=\"async\" class=\"alignnone wp-image-60761 size-full\" src=\"http:\/\/www.radiopiu.net\/wordpress\/wp-content\/uploads\/2018\/09\/sport.jpg\" alt=\"\" width=\"800\" height=\"100\" srcset=\"https:\/\/www.radiopiu.net\/wordpress\/wp-content\/uploads\/2018\/09\/sport.jpg 800w, https:\/\/www.radiopiu.net\/wordpress\/wp-content\/uploads\/2018\/09\/sport-300x38.jpg 300w, https:\/\/www.radiopiu.net\/wordpress\/wp-content\/uploads\/2018\/09\/sport-768x96.jpg 768w\" sizes=\"auto, (max-width: 800px) 100vw, 800px\" \/><\/a><\/p>\n<h2><\/h2>\n<h2>CALCIO, HOCKEY E VOLLEY&#8230;SEGUITI DA RADIO PIU&#8217;<\/h2>\n<p class=\"p1\"><span class=\"s1\"><b>CALCIO <\/b><\/span><span class=\"s1\"><b>SECONDA CATEGORIA GIR. R VENETO <\/b><\/span><span class=\"s1\">UNION FELETTO VALLATA &#8211; AGORDINA 4-2 <\/span><span class=\"s1\">GOL: 42\u2019 Cidin, 52\u2019 Del Puppo, 66\u2019 Geato, 75\u2019 Zannoni, 81\u2019 Donati, 92\u2019 F. Marcon<\/span><\/p>\n<p class=\"p1\"><span class=\"s1\">Ancora una sconfitta per l\u2019Agordina che gioca bene nella prima frazione ma vacilla in difesa. L\u2019Union Feletto Vallata fa bottino pieno dopo una partita discreta. La squadra di Lorenzi rimane in zona playout ed ora non pu\u00f2 sbagliare un colpo. Ancora una sconfitta e l\u2019Agordina dovrebbe giocarsi la partita per la salvezza. <\/span><span class=\"s1\">Parte bene la squadra di Lorenzi che nei primi 10\u2019 di gara tiene in mano la partita avvicinandosi al gol in 4 occasioni ma il punteggio non si sblocca. Prova a reagire il Feletto che impegna Palla subito dopo. Continuano a premere gli agordini che per\u00f2 non riescono a trovare la rete del vantaggio. Lo fanno invece i padroni di casa che alla prima vera occasione sbloccano il punteggio con Cidin che batte Palla con un diagonale e la prima frazione termina 1 a 0. Nella seconda frazione i trevigiani raddoppiano dopo 7\u2019. Tutto nasce da una punizione veloce, palla al centro e tiro di prima di Del Puppo con il pallone che colpisce la traversa prima di insaccarsi. Padroni di casa che chiudono la partita al 66\u2019. Calcio d\u2019angolo di Geato e pallone che si insacca direttamente dopo una smanacciata del portiere agordino. Ad accorciare le distanze ci pensa Zannoni con una punizione che si infila sotto la traversa. Intanto il Feletto rimane in 10 per fallo da ultimo uomo ma cala il poker con Donati che beffa il portiere di Agordo dopo un\u2019uscita sbagliata. In pieno recupero la seconda rete dell\u2019Agordina arriva da Federico Marcon che di testa insacca. <\/span><\/p>\n<p>&nbsp;<\/p>\n<p class=\"p1\"><span class=\"s1\"><b>PRIMA CATEGORIA GIR. G VENETO <\/b><\/span><span class=\"s1\">CAVARZANO &#8211; FIORI BARP 1-1 <\/span><span class=\"s1\">GOL: 17\u2019 Del Din, 70\u2019 Da Silva<\/span><\/p>\n<p class=\"p1\"><span class=\"s1\">Il Fiori Barp Mas strappa un pareggio al Cavarzano nel derby valido per il recupero della 20\u00aa giornata di prima categoria. Bella prestazione della squadra di Mas di Sedico che con il punto messo in saccoccia batte il record di punti in questa categoria. Per il Cavarzano un pareggio amaro, infatti i bellunesi non riescono a conquistare il primo posto in classifica. <\/span>La prima occasione \u00e8 del Fiori Barp e nasce da una incomprensione tra difensore e portiere del Cavarzano con quest\u2019ultimo che sbaglia il rinvio e consegna palla a Da Silva che per\u00f2 non centra i pali. La squadra di De Battista ci prova con Piaz ma la sfera termina fuori. Padroni di casa che al 17\u2019 si portano in vantaggio con Lorenzo Del Din che di sinistro trova la porta. Prova a reagire la squadra di Mas ma la mira non \u00e8 delle migliori e la prima frazione termina col vantaggio del Cavarzano. Nel secondo tempo la partita si anima e le squadre giocano a viso aperto. Da Silva ci prova su punizione ma la sfera termina alta. Al 70\u2019 il Fiori Barp pareggia i conti. Palla per Da Silva che infila il pallone sotto l\u2019incrocio. Prova subito a reagire il Cavarzano ma la difesa ospite si chiude bene. Nel finale i ragazzi di De Battista si divorano il gol del possibile vantaggio.<\/p>\n<p>&nbsp;<\/p>\n<p class=\"p1\"><span class=\"s1\"><b>GIOVANILI AGORDINA <\/b><\/span><span class=\"s1\"><b>JUNIORES <\/b><\/span><span class=\"s1\">SAN VITTORE &#8211; AGORDINA 5-3<\/span><\/p>\n<p class=\"p1\"><span class=\"s1\">Sagra del gol tra San Vittore ed Agordina. 8 reti per decidere la sfida del campionato juniores. Soppelsa porta in vantaggio gli agordini ma i padroni di casa rispondono subito. Crepaz va a segno per l\u2019Agordina ma il San Vittore pareggia di nuovo. Padroni di casa scatenati che passano in vantaggio. Nella ripresa Soppelsa sigla la doppietta personale portando di nuovo in pareggio la sfida. Ad avere la meglio \u00e8 il San Vittore che chiude definitivamente il match mettendo a segno altri 2 gol. <\/span><\/p>\n<p>&nbsp;<\/p>\n<p class=\"p1\"><span class=\"s1\"><b>ALLIEVI <\/b><\/span><span class=\"s1\">DOMEGGE &#8211; AGORDINA 4-1<\/span><\/p>\n<p class=\"p1\"><span class=\"s1\">Termina con una sconfitta la partita dell\u2019Agordina contro il Domegge. Padroni di casa che dominano la partita per gran parte della sfida che vede proprio i cadorini passare in vantaggio dopo 2\u2019 su calcio di rigore. Il raddoppio al 25\u2019 su azione di calcio d\u2019angolo. Miana colpisce la traversa per gli agordini ma il Domegge chiude la prima frazione mettendo a segno ancora una marcatura. Nella ripresa arriva il poker dei padroni di casa e l\u2019Agordina sigla il gol della bandiera con una punizione di Baiolla.<\/span><\/p>\n<p>&nbsp;<\/p>\n<p class=\"p1\"><span class=\"s1\"><b>GIOVANISSIMI <\/b><\/span><span class=\"s1\">AGORDINA &#8211; CADORE 1919 2-3<\/span><\/p>\n<p class=\"p1\"><span class=\"s1\">Il Cadore espugna l\u2019Ivano Dorigo di Agordo. Ospiti che passano subito in vantaggio e Agordina che stenta a macinare gioco per tutta la prima frazione di gara. Nella ripresa il Cadore va a segno altre due volte. Padroni di casa che si svegliano dopo un autogol avversario. Cassisi accorcia ulteriormente le distanze ma la squadra di De Lazzer non riesce a pareggiare i conti. Agordina che rimane a met\u00e0 classifica e la prossima settimana giocher\u00e0 in trasferta contro il San Giorgio.<\/span><\/p>\n<p>&nbsp;<\/p>\n<p>&nbsp;<\/p>\n<p class=\"p1\"><span class=\"s1\">\u2014\u2014\u2014\u2014\u2014\u2014\u2014\u2014\u2014\u2014\u2014\u2014\u2014\u2014\u2014\u2014\u2014\u2014\u2014\u2014\u2014\u2014\u2014\u2014\u2014\u2014\u2014\u2014\u2014\u2014\u2014\u2014\u2014\u2014\u2014\u2014\u2014\u2014\u2014\u2014<\/span><\/p>\n<p class=\"p1\"><span class=\"s1\"><b>HOCKEY <\/b><\/span><span class=\"s1\"><b>IHL FEMMINILE <\/b><\/span><span class=\"s1\"><b>FINALE &#8211; GARA 1 <\/b><\/span><span class=\"s1\">ALLEGHE GIRLS \u2013 EAGLES SUD TIROL 3-4 <\/span><span class=\"s1\">PARZIALI: 1-1, 1-1, 1-2 <\/span><span class=\"s1\">GOL ALLEGHE GIRLS: pt. 5&#8217;52\u201d Zandegiacomo. st. 1&#8217;22\u201d Roccella. tt. 12&#8217;35\u201d Mattivi<\/span><\/p>\n<p class=\"p1\"><span class=\"s1\">L&#8217;Alleghe Girls non riesce nell&#8217;impresa di vincere gara 1 della finale scudetto contro le Eagles Sud Tirol. La squadra allenata da Schivo fa un&#8217;ottima prestazione giocando alla pari delle bolzanine per tutti i 60&#8242; di gara. Alleghesi in vantaggio per due volte ma nel terzo drittel le altoatesine vanno a segno due volte nel giro di 5&#8242;. <\/span><span class=\"s1\">Bastano 5&#8242; alle agordine per portarsi in vantaggio. A siglare il primo gol dell&#8217;Alleghe Girls \u00e8 Zandegiacomo. Subito la risposta delle campionesse in carica che pareggiano i conti. Nel secondo tempo Roccella riporta in vantaggio le padrone di casa ma, come nella prima frazione, le Eagles pareggiano subito. Decisiva il terzo tempo con le bolzanine che vanno a segno 2 volte in pochi minuti. Mattivi accorcia le distanze ma nel pressing finale la squadra di Schivo non riesce a pareggiare. <\/span>Nel prossimo fine settimana l&#8217;atto finale a Bolzano. Sabato pomeriggio in programma gara 2 al Palaonda. In caso di vittoria delle agordine la serie andr\u00e0 alla decisiva gara 3 in programma domenica mattina sempre dalle bolzanine.<\/p>\n<p class=\"p1\"><span class=\"s1\"><a class=\"dt-pswp-item\" href=\"http:\/\/www.radiopiu.net\/wordpress\/wp-content\/uploads\/2019\/03\/DONAZIONE-ALLEGHE-GIRLS-2.jpeg\" data-dt-img-description=\"\" data-large_image_width=\"1600\" data-large_image_height=\"1200\"><img loading=\"lazy\" decoding=\"async\" class=\"aligncenter wp-image-79372 size-large\" src=\"http:\/\/www.radiopiu.net\/wordpress\/wp-content\/uploads\/2019\/03\/DONAZIONE-ALLEGHE-GIRLS-2-1024x768.jpeg\" alt=\"\" width=\"1024\" height=\"768\" srcset=\"https:\/\/www.radiopiu.net\/wordpress\/wp-content\/uploads\/2019\/03\/DONAZIONE-ALLEGHE-GIRLS-2-1024x768.jpeg 1024w, https:\/\/www.radiopiu.net\/wordpress\/wp-content\/uploads\/2019\/03\/DONAZIONE-ALLEGHE-GIRLS-2-300x225.jpeg 300w, https:\/\/www.radiopiu.net\/wordpress\/wp-content\/uploads\/2019\/03\/DONAZIONE-ALLEGHE-GIRLS-2-768x576.jpeg 768w, https:\/\/www.radiopiu.net\/wordpress\/wp-content\/uploads\/2019\/03\/DONAZIONE-ALLEGHE-GIRLS-2.jpeg 1600w\" sizes=\"auto, (max-width: 1024px) 100vw, 1024px\" \/><\/a><\/span><\/p>\n<p><strong>LA CONSEGNA DEI 500 \u20ac IN BENEFICENZA ALL&#8217;ALLEGHE HOCKEY DA PARTE DELL&#8217;ALLEGHE GIRLS<\/strong><\/p>\n<p class=\"p1\"><span class=\"s1\">\u2014\u2014\u2014\u2014\u2014\u2014\u2014\u2014\u2014\u2014\u2014\u2014\u2014\u2014\u2014\u2014\u2014\u2014\u2014\u2014\u2014\u2014\u2014\u2014\u2014\u2014\u2014\u2014\u2014\u2014\u2014\u2014\u2014\u2014\u2014\u2014\u2014\u2014\u2014\u2014<\/span><\/p>\n<p>&nbsp;<\/p>\n<p class=\"p1\"><span class=\"s1\"><b>VOLLEY UNDER 16 &#8211; TERZA DIVISIONE <\/b><\/span><span class=\"s1\">VOLLEY CLUB AGORDINO &#8211; OLYMPO 0-3 <\/span><span class=\"s1\">PARZIALI: 19-25, 21-25, 18-25<\/span><\/p>\n<p class=\"p1\"><span class=\"s1\">Subito una sconfitta per il Volley Club Agordino under 16 che nel girone di qualificazione per accedere alla fase finale del campionato di Terza Divisione crolla contro l\u2019Olympo di Paese. Le trevigiane vincono tutti e 3 i set e le agordine provano a reagire nel tempo centrale giocando punto a punto ma concedendo alle avversarie 4 punti nel finale di set. Tutto da dimenticare per le ragazze di Agordo che dovranno lottare per accedere alla fase finale del torneo.<\/span><\/p>\n<p>&nbsp;<\/p>\n<p class=\"p1\"><span class=\"s1\"><b>UNDER 14 <\/b><\/span><span class=\"s1\">VOLLEY CLUB AGORDINO &#8211; PONTE 0-3 <\/span><span class=\"s1\">PARZIALI: 15-25, 14-25, 23-25<\/span><\/p>\n<p class=\"p1\"><span class=\"s1\">Sabato da dimenticare per le ragazze del Volley Club Agordino under 14. Al Palarova di Agordo il Ponte incamera il bottino pieno battendo le agordine con un secco 3 a 0. Partita a senso unico per le ragazze ospiti che stentano solo nel terzo set quando la squadra di Agordo si sveglia e gioca punto a punto. Terza posizione in classifica per il Volley Club Agordino che in queso momento dista a 10 punti dalla secnoda della classe.<\/span><\/p>\n<p>&nbsp;<\/p>\n<p>&nbsp;<\/p>\n<h2>4 PROVA FINALE CIRCUITO DELLA NEVE<\/h2>\n<p><a class=\"dt-pswp-item\" href=\"http:\/\/www.radiopiu.net\/wordpress\/wp-content\/uploads\/2019\/03\/Campioni-Veneti-CSI-2019-1.jpg\" data-dt-img-description=\"\" data-large_image_width=\"1600\" data-large_image_height=\"799\"><img loading=\"lazy\" decoding=\"async\" class=\"alignnone size-large wp-image-79423\" src=\"http:\/\/www.radiopiu.net\/wordpress\/wp-content\/uploads\/2019\/03\/Campioni-Veneti-CSI-2019-1-1024x511.jpg\" alt=\"\" width=\"1024\" height=\"511\" srcset=\"https:\/\/www.radiopiu.net\/wordpress\/wp-content\/uploads\/2019\/03\/Campioni-Veneti-CSI-2019-1-1024x511.jpg 1024w, https:\/\/www.radiopiu.net\/wordpress\/wp-content\/uploads\/2019\/03\/Campioni-Veneti-CSI-2019-1-300x150.jpg 300w, https:\/\/www.radiopiu.net\/wordpress\/wp-content\/uploads\/2019\/03\/Campioni-Veneti-CSI-2019-1-768x384.jpg 768w, https:\/\/www.radiopiu.net\/wordpress\/wp-content\/uploads\/2019\/03\/Campioni-Veneti-CSI-2019-1.jpg 1600w\" sizes=\"auto, (max-width: 1024px) 100vw, 1024px\" \/><\/a>Si \u00e8 conclusa sulla pista Baldi di Alleghe, la 4. ed ultima prova del Circuito della neve, kermesse sciistica proposta da 41 anni dal Centro Sportivo Italiano di Feltre, con sempre al proprio fianco Lattebusche, l&#8217;azienda cooperativa del Feltrino, leader nel settore caseario veneto.<br \/>\nPer la prova odierna il CSI si \u00e8 avvalso della preziosa collaborazione dello Sci Club Trichiana, capitanato dalla Presidente Lorena Tramontin, che ha assolto con successo la difficile parte logistica che una gara di sci alpino comporta. 118 gli iscritti di 13 societ\u00e0 provenienti da tutta la provincia bellunese, hanno dato vita ad una entusiasmante gara, soprattutto per la presenza di ben 100 concorrenti del settore giovanile.<br \/>\nIl meteo non era dei pi\u00f9 promettenti ma gi\u00e0 dalla partenza del primo concorrente \u00e8 spuntato il sole, che ha accompagnato tutti i concorrenti.<br \/>\nIl miglior tempo di 29&#8243;77 lo ha fatto registrare Dal Magro Edoardo, categoria Allievi del 2003, Sci Club Ponte nelle Alpi. Lo Ski Team Vallata Feltrina ha vinto la tappa odierna, ma a portarsi a casa il Trofeo di Societ\u00e0 vincitrice del Circuito \u00e8 stato lo Sci Club Feltre, che ha affondato la zampata finale sorpassando definitivamente lo Ski Team Vallata Feltrina, diretto rivale. Onorevole il terzo posto dello Sci Club Marmolada, che ha partecipato a tutte le 4 prove quasi sempre con la stessa formazione. Durante le premiazioni, dopo il saluto del Centro Sportivo Italiano, portato dal Vice Presidente Gianluigi Da Col, ed il saluto di Lattebusche, che per l&#8217;assenza dovuta ad una indisposizione del Direttore Marketing Matteo Bortoli \u00e8 stato portato da Matteo Scanavacca, team leader del Gruppo Cronometristi e Giudici del CSI, sono stati proclamati i Campioni Veneti CSI 2019.<\/p>\n<p>&nbsp;<\/p>\n<p>&nbsp;<\/p>\n<div class=\"page-title-head hgroup\">\n<h1 class=\"entry-title\">SCI: TROFEO ANA FRASSENE\u2019 MEMORIAL MARIO \u201cLEPROTTO\u201d<\/h1>\n<\/div>\n<div class=\"page-title-breadcrumbs\"><\/div>\n<blockquote class=\"wp-embedded-content\" data-secret=\"JkDrvcCr0q\"><p><a href=\"https:\/\/www.radiopiu.net\/wordpress\/sci-trofeo-ana-frassene-memorial-mario-leprotto\/\">SCI: TROFEO ANA FRASSENE&#8217; MEMORIAL MARIO &#8220;LEPROTTO&#8221;<\/a><\/p><\/blockquote>\n<p><iframe loading=\"lazy\" class=\"wp-embedded-content\" sandbox=\"allow-scripts\" security=\"restricted\" style=\"position: absolute; clip: rect(1px, 1px, 1px, 1px);\" src=\"https:\/\/www.radiopiu.net\/wordpress\/sci-trofeo-ana-frassene-memorial-mario-leprotto\/embed\/#?secret=JkDrvcCr0q\" data-secret=\"JkDrvcCr0q\" width=\"600\" height=\"338\" title=\"&#8220;SCI: TROFEO ANA FRASSENE&#8217; MEMORIAL MARIO &#8220;LEPROTTO&#8221;&#8221; &#8212; Radio Pi\u00f9\" frameborder=\"0\" marginwidth=\"0\" marginheight=\"0\" scrolling=\"no\"><\/iframe><\/p>\n<p>&nbsp;<\/p>\n<p>&nbsp;<\/p>\n<h1><span style=\"color: #1a1a1a;\"><span style=\"font-family: ArialMT, Arial, sans-serif;\"><span style=\"font-size: medium;\"><b>I master Ondablu al 9\u00b0 Trofeo Master Buoncosiglio di Trento<\/b><\/span><\/span><\/span><\/h1>\n<p><a class=\"dt-pswp-item\" href=\"http:\/\/www.radiopiu.net\/wordpress\/wp-content\/uploads\/2019\/03\/sq.-ondablu-atleti-della-mattina.jpg\" data-dt-img-description=\"\" data-large_image_width=\"2592\" data-large_image_height=\"1944\"><img loading=\"lazy\" decoding=\"async\" class=\"alignnone size-large wp-image-79446\" src=\"http:\/\/www.radiopiu.net\/wordpress\/wp-content\/uploads\/2019\/03\/sq.-ondablu-atleti-della-mattina-1024x768.jpg\" alt=\"\" width=\"1024\" height=\"768\" srcset=\"https:\/\/www.radiopiu.net\/wordpress\/wp-content\/uploads\/2019\/03\/sq.-ondablu-atleti-della-mattina-1024x768.jpg 1024w, https:\/\/www.radiopiu.net\/wordpress\/wp-content\/uploads\/2019\/03\/sq.-ondablu-atleti-della-mattina-300x225.jpg 300w, https:\/\/www.radiopiu.net\/wordpress\/wp-content\/uploads\/2019\/03\/sq.-ondablu-atleti-della-mattina-768x576.jpg 768w\" sizes=\"auto, (max-width: 1024px) 100vw, 1024px\" \/><\/a><\/p>\n<p><span style=\"font-family: Arial, sans-serif;\"><span style=\"font-size: medium;\">Ieri 13 atleti masters Ondablu\u00a0 si sono presentati ai blocchi di partenza nella piscina comunale di Gardolo a Trento. Grandi le soddisfazioni con ben dieci primi posti, quattro secondi posti e due terzi posti. La sezione femminile porta a casa sei ori. La prima a scendere in acqua \u00e8 Giulia Abatangelo nei 200 stile e agguanta subito la prima medaglia, sempre sul primo gradino anche nei 50 delfino, nella categoria master 70. Segue Mara Grelloni, nonch\u00e9 coach-atleta, prima sia nei 50 dorso, che negli 800 stile, nella cat. M. 40. Mentre nella cat. M. 55 \u00e8 Emanuela Bittante a guadagnare i primi due posti del podio nelle stesse gare, 50 dorso e 800 stile. <\/span><\/span><span style=\"font-family: Arial, sans-serif;\"><span style=\"font-size: medium;\">Negli ori maschili a fare ambo \u00e8 Nicola Scopel, che nella categoria master 25 \u00e8 primo sia nei 200 stile che nei 50 delfino. Oro \u00e8 anche per il presidente-atleta Angelo Paganin, primo nei 50 dorso e terzo nei 50 stile, nella cat. M. 55. Il quarto oro maschile arriva da Fabio Zuglian nei 50 dorso, cat.M. 25. Il primo argento nella mattinata lo guadagna Thomas Dal Piva negli 800 stile nella cat. M.30, mentre un bel bronzo \u00e8 per Francesco Torchiani nei 50 stile cat.M.45. <\/span><\/span><span style=\"font-family: Arial, sans-serif;\"><span style=\"font-size: medium;\">Nel pomeriggio arrivano le altre medaglie, le ultime tre d&#8217;argento con Roberto Pasqualotto nei 100 rana cat.M.50, sempre nella stessa gara con un bell&#8217;argento, \u00e8 Federico Zampiero nella cat.M.40, e Federico Longo nei 400 stile cat.M.25. Appena gi\u00f9 dal podio troviamo Michele Tonin, quarto nei 50 rana cat.M.45. I complimenti vanno anche al neo-master Alberto Marchetti che si \u00e8 messo alla prova nei 50 e 100 stile.<\/span><\/span><\/p>\n<p>&nbsp;<\/p>\n<h3>AGORDINO GHIAGGIO E SPORT ALLA INTERSOCIALE DI PINEROLO<\/h3>\n<p><a class=\"dt-pswp-item\" href=\"http:\/\/www.radiopiu.net\/wordpress\/wp-content\/uploads\/2019\/03\/nuoto.jpg\" data-dt-img-description=\"\" data-large_image_width=\"2336\" data-large_image_height=\"4160\"><img loading=\"lazy\" decoding=\"async\" class=\"alignnone size-large wp-image-79452\" src=\"http:\/\/www.radiopiu.net\/wordpress\/wp-content\/uploads\/2019\/03\/nuoto-575x1024.jpg\" alt=\"\" width=\"575\" height=\"1024\" srcset=\"https:\/\/www.radiopiu.net\/wordpress\/wp-content\/uploads\/2019\/03\/nuoto-575x1024.jpg 575w, https:\/\/www.radiopiu.net\/wordpress\/wp-content\/uploads\/2019\/03\/nuoto-168x300.jpg 168w, https:\/\/www.radiopiu.net\/wordpress\/wp-content\/uploads\/2019\/03\/nuoto-768x1368.jpg 768w\" sizes=\"auto, (max-width: 575px) 100vw, 575px\" \/><\/a><\/p>\n<p>Gli atleti dell&#8217;Agordino Ghiaccio, in trasferta a Pinerolo, hanno conquistato tutti e 5 il gradino pi\u00f9 alto del podio. Martina Da Tos nella categoria esordienti B.\u00a0 Matilde Rosson nella categoria principianti A. Alexandra Cominato nella categoria cadetti . Mattia De Zorzi nella categoria novice. Laura Todesco nella categoria junior <em>&#8220;Siamo molto soddisfatti dei risultati dei nostri ragazzi e soprattutto dei miglioramenti ottenuti in stagione&#8221;<\/em> ha commentato la presidente Valeria Rosson.<\/p>\n<p>&nbsp;<\/p>\n<h2><a class=\"dt-pswp-item\" href=\"http:\/\/www.radiopiu.net\/wordpress\/wp-content\/uploads\/2018\/09\/WhatsApp-Image-2018-09-20-at-16.04.06.jpeg\" data-dt-img-description=\"\" data-large_image_width=\"800\" data-large_image_height=\"100\"><img loading=\"lazy\" decoding=\"async\" class=\"alignnone wp-image-61378 size-full\" src=\"http:\/\/www.radiopiu.net\/wordpress\/wp-content\/uploads\/2018\/09\/WhatsApp-Image-2018-09-20-at-16.04.06.jpeg\" alt=\"\" width=\"800\" height=\"100\" srcset=\"https:\/\/www.radiopiu.net\/wordpress\/wp-content\/uploads\/2018\/09\/WhatsApp-Image-2018-09-20-at-16.04.06.jpeg 800w, https:\/\/www.radiopiu.net\/wordpress\/wp-content\/uploads\/2018\/09\/WhatsApp-Image-2018-09-20-at-16.04.06-300x38.jpeg 300w, https:\/\/www.radiopiu.net\/wordpress\/wp-content\/uploads\/2018\/09\/WhatsApp-Image-2018-09-20-at-16.04.06-768x96.jpeg 768w\" sizes=\"auto, (max-width: 800px) 100vw, 800px\" \/><\/a><\/h2>\n<p><center><b>Lunedi 18<\/b><\/center><b>Tempo atteso: <\/b>Fino a met\u00e0 giornata maltempo, con fenomeni pi\u00f9 significativi e persistenti nella notte e verso l&#8217;alba. Nel pomeriggio tendenza ad attenuazione della nuvolosit\u00e0, con possibili residui fenomeni, nella provincia di Belluno. In serata rasserenamenti.<br \/>\n<b>Precipitazioni: <\/b>Nella notte e verso l&#8217;alba persistenti, di moderata intensit\u00e0, anche a carattere di rovescio (100%), in mattinata deboli (90%) e da met\u00e0 giornata tendenti ad esaurirsi definitivamente da Ovest (20-40% su Prealpi veronesi e vicentine, 50-70% sul Bellunese). Limite delle nevicate in abbassamento nella notte fino a 600-700 m sulla Dolomiti e 700-900 m sulle Prealpi (un po&#8217; pi\u00f9 in alto su quelle Veronesi), poi in lieve innalzamento in giornata. Attesi complessivamente, da domenica sera, 10-20 mm, localmente 25-30 mm, con altrettanti cm di neve a 2000 m.<br \/>\n<b>Temperature: <\/b>In generale diminuzione, anche marcata in quota. Su Prealpi a 1500 m min -2\u00b0C max 0\u00b0C, a 2000 m min -6\u00b0C max -3\u00b0C. Su Dolomiti a 2000 m min -8\u00b0C max -4\u00b0C, a 3000 m min -14\u00b0C max -12\u00b0C.<br \/>\n<b>Venti: <\/b>Nelle valli in genere deboli o moderati, settentrionali, con locali raffiche; in quota moderati o tesi, da Sud-Ovest nella notte, ma in rapida rotazione a Nord in mattinata, ad iniziare dalle Dolomiti, temporaneamente forti sulle cime prealpine, a 20-40 km\/h a 2000 m, 20-50 km\/h a 3000 m.<\/p>\n<hr \/>\n<p><center><b>Martedi 19<\/b><\/center><b>Tempo atteso: <\/b>Tempo bello ma abbastanza freddo, soprattutto in quota. Cielo sereno o poco nuvoloso, con qualche nube sulle Dolomiti settentrionali e formazione di innocui cumuli a ridosso dei rilievi nelle ore pi\u00f9 calde sulle Prealpi.<br \/>\n<b>Precipitazioni: <\/b>Assenti (0%)<br \/>\n<b>Temperature: <\/b>Minime ovunque in diminuzione, con gelate notturne anche nei fondovalle prealpini; massime in aumento nelle valli, per il buon soleggiamento, in diminuzione in quota, dove i valori saranno 3-4\u00b0C inferiori alla norma. Su Prealpi a 1500 m min -3\u00b0C max 0\u00b0C, a 2000 m min -6\u00b0C max -4\u00b0C. Su Dolomiti a 2000 m min -10\u00b0C max -4\u00b0C, a 3000 m min -15\u00b0C max -13\u00b0C.<br \/>\n<b>Venti: <\/b>Nelle valli deboli o moderati, con qualche rinforzo di F\u00f6hn; in quota deboli o moderati da Nord Nord-est, a tratti tesi sulle cime, a 10-20 km\/h a 2000 m, 20-35 km\/h a 3000 m.<\/p>\n<hr \/>\n<p><center><b>Mercoledi 20<\/b><\/center>Giornata splendida, con cielo sereno e terso e clima ancora un po&#8217; freddo e ventilato, specie sui monti. Temperature stazionarie, su valori inferiori alla norma e nuove gelate notturne, anche nei fondovalle prealpini. Venti in quota moderati o tesi da Est Nord-est.<\/p>\n<hr \/>\n<p><center><b>Giovedi 21<\/b><\/center>Tempo bello e pi\u00f9 mite, con cielo sereno o al pi\u00f9 parzialmente velato da nubi alte e sottili. Temperature in aumento, che rientreranno nella norma. Venti in quota deboli o moderati da Est Nord-Est, a tratti tesi sulle cime prealpine. Previsore: B.R.<\/p>\n","protected":false},"excerpt":{"rendered":"<p>Ritorna d&#8217;attualit\u00e0 il collegamento sciistico del Comelico con la Pusteria, l&#8217;assessore Gianpaolo Bottacin chiede che si riformi la Sovrintendenza. Una quarantenne trevigiana \u00e8 ricoverata in ospedale a Feltre per le ferite in prossimit\u00e0 del polmone,\u00a0 provocate dalla lama di un coltello da cucina, il colpo vibrato dal compagno nel corso di una una lite. Giornata&hellip;<\/p>\n","protected":false},"author":1,"featured_media":79454,"comment_status":"closed","ping_status":"closed","sticky":false,"template":"","format":"standard","meta":{"_monsterinsights_skip_tracking":false,"_monsterinsights_sitenote_active":false,"_monsterinsights_sitenote_note":"","_monsterinsights_sitenote_category":0,"footnotes":""},"categories":[86],"tags":[],"class_list":["post-79395","post","type-post","status-publish","format-standard","has-post-thumbnail","hentry","category-gr","category-86","description-off"],"img_url":"https:\/\/www.radiopiu.net\/wordpress\/wp-content\/uploads\/2019\/03\/Incidente-Agordo-1.jpg","_links":{"self":[{"href":"https:\/\/www.radiopiu.net\/wordpress\/wp-json\/wp\/v2\/posts\/79395","targetHints":{"allow":["GET"]}}],"collection":[{"href":"https:\/\/www.radiopiu.net\/wordpress\/wp-json\/wp\/v2\/posts"}],"about":[{"href":"https:\/\/www.radiopiu.net\/wordpress\/wp-json\/wp\/v2\/types\/post"}],"author":[{"embeddable":true,"href":"https:\/\/www.radiopiu.net\/wordpress\/wp-json\/wp\/v2\/users\/1"}],"replies":[{"embeddable":true,"href":"https:\/\/www.radiopiu.net\/wordpress\/wp-json\/wp\/v2\/comments?post=79395"}],"version-history":[{"count":0,"href":"https:\/\/www.radiopiu.net\/wordpress\/wp-json\/wp\/v2\/posts\/79395\/revisions"}],"wp:featuredmedia":[{"embeddable":true,"href":"https:\/\/www.radiopiu.net\/wordpress\/wp-json\/wp\/v2\/media\/79454"}],"wp:attachment":[{"href":"https:\/\/www.radiopiu.net\/wordpress\/wp-json\/wp\/v2\/media?parent=79395"}],"wp:term":[{"taxonomy":"category","embeddable":true,"href":"https:\/\/www.radiopiu.net\/wordpress\/wp-json\/wp\/v2\/categories?post=79395"},{"taxonomy":"post_tag","embeddable":true,"href":"https:\/\/www.radiopiu.net\/wordpress\/wp-json\/wp\/v2\/tags?post=79395"}],"curies":[{"name":"wp","href":"https:\/\/api.w.org\/{rel}","templated":true}]}}