{"id":79561,"date":"2019-03-19T18:23:46","date_gmt":"2019-03-19T17:23:46","guid":{"rendered":"http:\/\/www.radiopiu.net\/wordpress\/?p=79561"},"modified":"2019-03-19T18:23:25","modified_gmt":"2019-03-19T17:23:25","slug":"comuni-del-poi-di-nuovo-senza-medico","status":"publish","type":"post","link":"https:\/\/www.radiopiu.net\/wordpress\/comuni-del-poi-di-nuovo-senza-medico\/","title":{"rendered":"COMUNI DEL POI DI NUOVO SENZA MEDICO"},"content":{"rendered":"<p><strong><span style=\"color: #ff0000;\">LO SPOPOLAMENTO DELLA MONTAGNA&#8230;<\/span><\/strong><\/p>\n<h3>\u00a0 \u00a0 \u00a0 \u00a0 \u00a0 \u00a0COSTRETTO A LASCIARE PER TORNARE A &#8220;SCUOLA&#8221; NONOSTANTE UNA NOMINA LEGGITTIMATA DA CONCORSO.<\/h3>\n<blockquote><p><em>L&#8217;annuncio durante la messa di domenica da parte del professionista, in paese una raccolta di firme perch\u00e8 il giovane medico ritorni presto al suo posto.<\/em><\/p><\/blockquote>\n<p><strong><a class=\"dt-pswp-item\" href=\"http:\/\/www.radiopiu.net\/wordpress\/wp-content\/uploads\/2019\/03\/10553639_10202343505455815_4352576928637394813_n.jpg\" data-dt-img-description=\"\" data-large_image_width=\"960\" data-large_image_height=\"720\"><img loading=\"lazy\" decoding=\"async\" class=\"size-medium wp-image-79559 alignleft\" src=\"http:\/\/www.radiopiu.net\/wordpress\/wp-content\/uploads\/2019\/03\/10553639_10202343505455815_4352576928637394813_n-300x225.jpg\" alt=\"\" width=\"300\" height=\"225\" srcset=\"https:\/\/www.radiopiu.net\/wordpress\/wp-content\/uploads\/2019\/03\/10553639_10202343505455815_4352576928637394813_n-300x225.jpg 300w, https:\/\/www.radiopiu.net\/wordpress\/wp-content\/uploads\/2019\/03\/10553639_10202343505455815_4352576928637394813_n-768x576.jpg 768w, https:\/\/www.radiopiu.net\/wordpress\/wp-content\/uploads\/2019\/03\/10553639_10202343505455815_4352576928637394813_n.jpg 960w\" sizes=\"auto, (max-width: 300px) 100vw, 300px\" \/><\/a>VOLTAGO<\/strong> Dopo 11 mesi il dottor Alberto Barosso, padovano 26enne con una grande passione per la sua professione e soprattutto per la montagna \u00e8 costretto a lasciare gli ambulatori medici del Poi, perch\u00e9 dovr\u00e0 iniziare un corso di formazione specifica per medici di medicina generale. Dal 27 marzo non sar\u00e0 pi\u00f9 medico di base negli ambulatori di Rivamonte, Voltago e Frassen\u00e8. L&#8217;attaccamento al lavoro e alla gente che ha imparato a conoscere lo ha spinto a lavorare ancora di pi\u00f9 in questi giorni.<br \/>\n<strong><em>&#8220;Garantir\u00f2 pi\u00f9 ore di ambulatorio &#8211; dice &#8211; per consentire agli assistiti di richiedere impegnative per farmaci e visite per coprire il periodo futuro senza medico. Effettuer\u00f2 visite agli anziani in assistenza domiciliare che ne faranno richiesta&#8221;.<\/em><\/strong> In paese il malumore \u00e8 evidente, piaceva questo giovane medico e il pensiero di ricominciare daccapo con un altro dottore e chiss\u00e0 quando non \u00e8 il modo migliore per continuare a vivere in montagna, ne prendano nota coloro che si riempiono la bocca della parola spopolamento, oggi pi\u00f9 che mai in piena campagna elettorale.<br \/>\nRitornando al dottor Alberto Barosso:<em><strong> &#8220;Me l&#8217;aspettavo di dover tornare al corso di formazione &#8211; dice &#8211; avendo un incarico provvisorio, ma non cos\u00ec presto. Per avere l&#8217;incarico fisso, oltre alla laurea che ho gi\u00e0, devo completare un ciclo di studi <\/strong><\/em><br \/>\n<em><strong>di 3 anni, solo dopo potr\u00f2 continuare a lavorare&#8221;.<\/strong> <\/em><br \/>\nBarosso deve dunque lasciare il posto che aveva ottenuto con concorso ed \u00e8 obbligato a farlo. <em><strong>&#8220;Come faccio a spiegare ai miei assistiti che dopo un anno che sto operando devo tornare a &#8220;scuola&#8221; per fare quello che gi\u00e0 stavo facendo?&#8221;.<\/strong><\/em><br \/>\nPer Rivamonte il servizio \u00e9 garantito dalla dottoressa Roberta Guber medico a Gosaldo. Il medico padovano \u00e8 dispiaciuto di dover lasciare ma le intenzioni sono quelle di ritornare in un posto che gli piace.<em><strong> &#8220;Io &#8211; dice &#8211; ho promesso in chiesa e quindi vale, che finiti i 3 anni se ci sar\u00e0 ancora posto io sono pronto a tornare&#8221;.<\/strong><\/em><\/p>\n<p>&nbsp;<\/p>\n<blockquote><p><a class=\"_6qw4\" href=\"https:\/\/www.facebook.com\/denisa.soppelsa\" data-hovercard=\"\/ajax\/hovercard\/user.php?id=1531189639\">Denisa Soppelsa<\/a>\u00a0<span dir=\"ltr\"><span class=\"_3l3x\">Medico di grande professionalit\u00e0 ed empatia,dote spesso difficile da trovare in un dottore. Spero per i suoi pazienti che questi 3 anni passino in fretta!<\/span><\/span><\/p><\/blockquote>\n<p>&nbsp;<\/p>\n<h3>PER DARIO BOND UN ASPETTO DELIRANTE<\/h3>\n<audio class=\"wp-audio-shortcode\" id=\"audio-79561-1\" preload=\"none\" style=\"width: 100%;\" controls=\"controls\"><source type=\"audio\/mpeg\" src=\"http:\/\/www.radiopiu.net\/wordpress\/wp-content\/uploads\/2019\/03\/BOND-2.mp3?_=1\" \/><a href=\"http:\/\/www.radiopiu.net\/wordpress\/wp-content\/uploads\/2019\/03\/BOND-2.mp3\">http:\/\/www.radiopiu.net\/wordpress\/wp-content\/uploads\/2019\/03\/BOND-2.mp3<\/a><\/audio>\n<p>&nbsp;<\/p>\n","protected":false},"excerpt":{"rendered":"<p>LO SPOPOLAMENTO DELLA MONTAGNA&#8230; \u00a0 \u00a0 \u00a0 \u00a0 \u00a0 \u00a0COSTRETTO A LASCIARE PER TORNARE A &#8220;SCUOLA&#8221; NONOSTANTE UNA NOMINA LEGGITTIMATA DA CONCORSO. L&#8217;annuncio durante la messa di domenica da parte del professionista, in paese una raccolta di firme perch\u00e8 il giovane medico ritorni presto al suo posto. VOLTAGO Dopo 11 mesi il dottor Alberto Barosso,&hellip;<\/p>\n","protected":false},"author":1,"featured_media":79559,"comment_status":"closed","ping_status":"closed","sticky":false,"template":"","format":"standard","meta":{"_monsterinsights_skip_tracking":false,"_monsterinsights_sitenote_active":false,"_monsterinsights_sitenote_note":"","_monsterinsights_sitenote_category":0,"footnotes":""},"categories":[49],"tags":[],"class_list":["post-79561","post","type-post","status-publish","format-standard","has-post-thumbnail","hentry","category-news-18","category-49","description-off"],"img_url":"https:\/\/www.radiopiu.net\/wordpress\/wp-content\/uploads\/2019\/03\/10553639_10202343505455815_4352576928637394813_n.jpg","_links":{"self":[{"href":"https:\/\/www.radiopiu.net\/wordpress\/wp-json\/wp\/v2\/posts\/79561","targetHints":{"allow":["GET"]}}],"collection":[{"href":"https:\/\/www.radiopiu.net\/wordpress\/wp-json\/wp\/v2\/posts"}],"about":[{"href":"https:\/\/www.radiopiu.net\/wordpress\/wp-json\/wp\/v2\/types\/post"}],"author":[{"embeddable":true,"href":"https:\/\/www.radiopiu.net\/wordpress\/wp-json\/wp\/v2\/users\/1"}],"replies":[{"embeddable":true,"href":"https:\/\/www.radiopiu.net\/wordpress\/wp-json\/wp\/v2\/comments?post=79561"}],"version-history":[{"count":0,"href":"https:\/\/www.radiopiu.net\/wordpress\/wp-json\/wp\/v2\/posts\/79561\/revisions"}],"wp:featuredmedia":[{"embeddable":true,"href":"https:\/\/www.radiopiu.net\/wordpress\/wp-json\/wp\/v2\/media\/79559"}],"wp:attachment":[{"href":"https:\/\/www.radiopiu.net\/wordpress\/wp-json\/wp\/v2\/media?parent=79561"}],"wp:term":[{"taxonomy":"category","embeddable":true,"href":"https:\/\/www.radiopiu.net\/wordpress\/wp-json\/wp\/v2\/categories?post=79561"},{"taxonomy":"post_tag","embeddable":true,"href":"https:\/\/www.radiopiu.net\/wordpress\/wp-json\/wp\/v2\/tags?post=79561"}],"curies":[{"name":"wp","href":"https:\/\/api.w.org\/{rel}","templated":true}]}}