{"id":79759,"date":"2019-03-20T23:59:23","date_gmt":"2019-03-20T22:59:23","guid":{"rendered":"http:\/\/www.radiopiu.net\/wordpress\/?p=79759"},"modified":"2019-03-21T11:12:07","modified_gmt":"2019-03-21T10:12:07","slug":"giornale-radiopiu-21-marzo-2019-direttore-mirko-mezzacasa","status":"publish","type":"post","link":"https:\/\/www.radiopiu.net\/wordpress\/giornale-radiopiu-21-marzo-2019-direttore-mirko-mezzacasa\/","title":{"rendered":"GIORNALE RADIOPIU 21 MARZO 2019 DIRETTORE MIRKO MEZZACASA"},"content":{"rendered":"<p>&nbsp;<\/p>\n<h2>LUXOTTICA-ESSILOR A LA <em>GUERRE<\/em>?<\/h2>\n<p><a class=\"dt-pswp-item\" href=\"http:\/\/www.radiopiu.net\/wordpress\/wp-content\/uploads\/2015\/12\/Leonardo-del-vecchio-e1432128501559.jpg\" data-dt-img-description=\"\" data-large_image_width=\"1280\" data-large_image_height=\"640\"><img loading=\"lazy\" decoding=\"async\" class=\" wp-image-13912 alignleft\" src=\"http:\/\/www.radiopiu.net\/wordpress\/wp-content\/uploads\/2015\/12\/Leonardo-del-vecchio-e1432128501559-1024x512.jpg\" alt=\"\" width=\"222\" height=\"111\" \/><\/a>Luxottica ed Essilor oggi in Italia, da giorni i Francia, riempiono le pagine di tutti i quotidiani, Del Vecchio allo scontro &#8220;Essilor non rispetta i patti&#8221; titola il Corriere delle Alpi. Dura accusa di Delfin &#8220;Comportamenti che violano palesemente l&#8217;accordo, respinte le accuse di prendere il controllo del gruppo&#8221;. L\u2019irrigidimento della posizione di Del Vecchio \u00e8 arrivata dopo l\u2019ennesimo articolo in cui si dava conto della difficile convivenza delle anime italiana e francese. Al termine del cda fiume di luned\u00ec 18 (cinque ore) in cui si doveva trovare una quadra sul percorso per l\u2019identificazione del nuovo ad di gruppo tutto si \u00e8 risolto con un nulla di fatto. Tant\u2019\u00e8 che ancora non \u00e8 stato identificato neppure il cacciatore di teste cui conferire l\u2019incarico per trovare l\u2019uomo giusto<em>. \u00abDelfin si riserva di intraprendere tutte <\/em><em>le azioni che riterr\u00e0 necessarie o appropriate per proteggere il suo interesse, quello <\/em><em>di EssilorLuxottica e di tutti i suoi stakeholder\u00bb (foto internet da www.investiremag.it)<\/em><\/p>\n<p>&nbsp;<\/p>\n<h2>PRESA AL VOLO: CORRIERE DELLA SERA, ECONOMIA&#8230;.<\/h2>\n<p><a class=\"dt-pswp-item\" href=\"http:\/\/www.radiopiu.net\/wordpress\/wp-content\/uploads\/2019\/03\/WhatsApp-Image-2019-03-21-at-07.37.26.jpeg\" data-dt-img-description=\"\" data-large_image_width=\"1600\" data-large_image_height=\"1200\"><img loading=\"lazy\" decoding=\"async\" class=\"alignnone size-large wp-image-79817\" src=\"http:\/\/www.radiopiu.net\/wordpress\/wp-content\/uploads\/2019\/03\/WhatsApp-Image-2019-03-21-at-07.37.26-1024x768.jpeg\" alt=\"\" width=\"1024\" height=\"768\" srcset=\"https:\/\/www.radiopiu.net\/wordpress\/wp-content\/uploads\/2019\/03\/WhatsApp-Image-2019-03-21-at-07.37.26-1024x768.jpeg 1024w, https:\/\/www.radiopiu.net\/wordpress\/wp-content\/uploads\/2019\/03\/WhatsApp-Image-2019-03-21-at-07.37.26-300x225.jpeg 300w, https:\/\/www.radiopiu.net\/wordpress\/wp-content\/uploads\/2019\/03\/WhatsApp-Image-2019-03-21-at-07.37.26-768x576.jpeg 768w, https:\/\/www.radiopiu.net\/wordpress\/wp-content\/uploads\/2019\/03\/WhatsApp-Image-2019-03-21-at-07.37.26.jpeg 1600w\" sizes=\"auto, (max-width: 1024px) 100vw, 1024px\" \/><\/a><\/p>\n<p>&nbsp;<\/p>\n<p>&nbsp;<\/p>\n<p>&nbsp;<\/p>\n<p>Un uomo perde la vita durante dei lavori domestici, un anziano finisce fuori strada con l&#8217;Ape contro una barriera, tutto in poche ore, tutto a Sedico. A Seghe di Villa ha perso la vita <strong>Luigi Dal Pan di 63 anni,<\/strong> stava aprendo una saracinesca nel fondo di un tombino, una caduta a testa in gi\u00f9 che gli \u00e8 costata la vita <a href=\"http:\/\/www.radiopiu.net\/wordpress\/muore-cadendo-nel-tombino-tra-le-mura-di-casa\/\">CLICCA QUI<\/a>. In via Cal de Messa a Sedico un <strong>ottantenne Giampietro Edotto \u00e8 uscito di strada<\/strong> con la sua Ape finendo contro delle barriere di protezione.\u00a0 L\u2019uomo \u00e8 stato estratto dall\u2019abitacolo dai vigili del fuoco privo di segni vitali. Il personale del suem 118 ha praticato la rianimazione cardio polmonare e dopo la ripresa dei segni vitali \u00e8 stato stabilizzato e trasferito in ospedale <a href=\"http:\/\/www.radiopiu.net\/wordpress\/80enne-allospedale-in-gravi-condizioni-rianimato-dal-suem-dopo-lincidente\/\">CLICCA QUI<\/a>. <strong>A Belluno la Squadra Volante<\/strong> \u00e8 intervenuta in aiuto di una donna bellunese, che esasperata dalle continue attenzioni di un uomo, Sergio Verzi, di 50 anni pluripregiudicato bellunese, noto alle forze dell\u2019ordine, ha chiamato la Polizia. La donna, che ha gi\u00e0 denunciato in passato il suo persecutore, ha raccontato ai poliziotti che l\u2019uomo aveva appena incendiato una roulotte parcheggiata vicino casa sua e che l\u2019aveva minacciata per l\u2019ennesima volta dicendole che avrebbe ammazzato lei e il suo cane. I poliziotti hanno a questo punto proceduto all\u2019arresto di Sergio Verzi per i reati di incendio e di atti persecutori. L\u2019arresto \u00e8 stato convalidato da parte del G.I.P. e carico dell\u2019uomo \u00e8 stata disposta la custodia in carcere <a href=\"http:\/\/www.radiopiu.net\/wordpress\/polizia-di-stato-arresto-per-stalking\/?fbclid=IwAR1SD1xt008HJ8SsjLKPXzjsvpTMaHKd4JtdyTfyIsNag3c8ods_Dyme64k\">CLICCA QUI<\/a>. <strong>Soccorso Alpino a Falcade<\/strong> ieri mattina per uno scialpinista che stava scendendo dal Rifugio Mulaz con il proprio cane,\u00a0 ha contattato il 118, poich\u00e9 l&#8217;animale aveva riportato un taglio su una zampa al contatto con la lamina degli sci. L&#8217;uomo aveva tentato di portarlo gi\u00f9 da solo, ma la bestiola perdeva sangue e lui non sapeva cosa fare. L&#8217;uomo e il suo cagnolino sono stati imbarcati dall&#8217;elicottero e trasportati a Falcade, dove attendeva un amico per accompagnarli dal veterniario. (mm)<\/p>\n<p>&nbsp;<\/p>\n<p>&nbsp;<\/p>\n<p>&nbsp;<\/p>\n<h3>RITROVATO MORTO IN CASA<\/h3>\n<p><strong>FELTRE<\/strong> Un anziano Luigi Mussoi,\u00a0 che non si vedeva da due giorni \u00e8 stato ritrovato privo di vita nella sua abitazione, ieri il sopralluogo di vigili del fuoco e carabinieri. A dare l&#8217;allarme l&#8217;amico di Luigi Mussoi, conosciuto a Foen dove conduceva una dignitosa esistenza da pensionato.<\/p>\n<p>&nbsp;<\/p>\n<p>&nbsp;<\/p>\n<p>&nbsp;<\/p>\n<p>&nbsp;<\/p>\n<p>&nbsp;<\/p>\n<h2>TENSIONI IN LUXOTTICA A SEDICO, SABATO SCIOPERO<\/h2>\n<p>La Rsu di Sedico proclama lo sciopero, due ore nel sabato di flessibilit\u00e0 a seconda dei turni. Una protesta\u00a0 per chiedere che la voce dei lavoratori venga presa maggiormente in considerazione e che Luxottica si adoperi per risolvere i problemi segnalati. \u00a0Al centro della mobilitazione i rapporti tesi all\u2019interno dello stabilimento e problemi di organizzazione del lavoro non risolti a livello locale, che non coinvolgono dunque gli altri siti di Luxottica. \u00abMeritiamo rispetto\u00bb, rivendica la rsu, \u00abper l\u2019impegno dimostrato con seriet\u00e0 nel rispondere alle richieste dell\u2019azienda sempre pi\u00f9 pesanti\u00bb.<\/p>\n<p>&nbsp;<\/p>\n<p>&nbsp;<\/p>\n<p>&nbsp;<\/p>\n<p><a class=\"dt-pswp-item\" href=\"http:\/\/www.radiopiu.net\/wordpress\/wp-content\/uploads\/2015\/06\/bimgsp.jpg\" data-dt-img-description=\"\" data-large_image_width=\"300\" data-large_image_height=\"168\"><img loading=\"lazy\" decoding=\"async\" class=\"wp-image-6703 alignleft\" src=\"http:\/\/www.radiopiu.net\/wordpress\/wp-content\/uploads\/2015\/06\/bimgsp-300x168.jpg\" alt=\"\" width=\"73\" height=\"41\" \/><\/a>Gestione Servizi Pubblici informa che, per lavori alla rete idrica comunale, oggi dalle 9.30 a FINE LAVORI, verr\u00e0 sospesa l\u2019erogazione dell\u2019acqua a CANALE D&#8217;AGORDO, nelle VIE TANCON,SOFRAIDE e SOIA.<\/p>\n<p>&nbsp;<\/p>\n<p>&nbsp;<\/p>\n<p>&nbsp;<\/p>\n<h3>OPERAZIONE TISPOL, 30 INDISCIPLINATI DELLE CINTURE IN PROVINCIA<\/h3>\n<p>Il Network Europeo delle Polizie Stradali \u201cTISPOL\u201d ha programmato, dal 11 al 17 marzo 2019, l\u2019effettuazione della campagna europea congiunta denominata \u201cSeatbelt\u201d (cinture di sicurezza). Lo scopo: contrastare efficacemente, su tutte le arterie stradali europee di grande viabilit\u00e0, il mancato uso di tale importante dispositivo da parte dei conducenti.La Sezione Polizia Stradale di Belluno, anche in questa circostanza, ha partecipato all\u2019Operazione predisponendo, in date ed orari diversi, esclusivi servizi sulle principali arterie provinciali, concretizzando ragguardevoli risultati sotto il profilo del numero dei veicoli controllati (316 mezzi e 345 persone), rilevando un totale di 30 infrazioni relative al mancato uso delle cinture di sicurezza.<\/p>\n<p>&nbsp;<\/p>\n<p>&nbsp;<\/p>\n<p>&nbsp;<\/p>\n<h2><a class=\"dt-pswp-item\" href=\"http:\/\/www.radiopiu.net\/wordpress\/wp-content\/uploads\/2017\/04\/autovelox-sara\u00e0-attivato-a-cencenighe-per-ora-il-palo.jpg\" data-dt-img-description=\"\" data-large_image_width=\"3264\" data-large_image_height=\"1836\"><img loading=\"lazy\" decoding=\"async\" class=\"wp-image-31141 alignleft\" src=\"http:\/\/www.radiopiu.net\/wordpress\/wp-content\/uploads\/2017\/04\/autovelox-sara\u00e0-attivato-a-cencenighe-per-ora-il-palo-1024x576.jpg\" alt=\"\" width=\"156\" height=\"87\" \/><\/a>AUTOVELOX<\/h2>\n<h2>OLTRE A FARE CASSA C&#8217;E&#8217; DI PIU&#8217;<\/h2>\n<p>300 Comuni italiani relazionano sul come vengono usati i soldi ricavati dagli autovelox, gli altri si limitano a fare cassa e spenderli in maniera diversa. Serve una stretta dice il deputato Dario Bond, un regolamento chiaro e maggiore trasparenza<\/p>\n<p><strong>IL DEPUTATO DARIO BOND<\/strong><\/p>\n<audio class=\"wp-audio-shortcode\" id=\"audio-79759-1\" preload=\"none\" style=\"width: 100%;\" controls=\"controls\"><source type=\"audio\/mpeg\" src=\"http:\/\/www.radiopiu.net\/wordpress\/wp-content\/uploads\/2019\/03\/BOND-4.mp3?_=1\" \/><a href=\"http:\/\/www.radiopiu.net\/wordpress\/wp-content\/uploads\/2019\/03\/BOND-4.mp3\">http:\/\/www.radiopiu.net\/wordpress\/wp-content\/uploads\/2019\/03\/BOND-4.mp3<\/a><\/audio>\n<blockquote>\n<h2>SELVA DI CADORE, PAGANO LA MULTA MA IL COMUNE DI SOLDI NE VUOLE ANCORA<\/h2>\n<\/blockquote>\n<p><em>Una famiglia bellunese aveva fatto un bonifico nei tempi corretti<\/em><br \/>\n<em>ci sono voluti sei giorni per la valuta e dopo 3 anni \u00e8 arrivata la sanzione<\/em><\/p>\n<blockquote><p>Il Corriere delle Alpi a proposito di autovelox rende nota un&#8217;altra vicenda legata all&#8217;autovelox di Selva di Cadore. Un automobilista prende la multa, paga e dopo 3 anni il Comune gli chiede di nuovo i soldi: 300 euro perche&#8217; non sono stati rispettati i tempi per la riduzione del 30%, ma i tempi sono stati rispettati, piuttosto le valute e il passaggio da banca a banca ha ritardato i tempi&#8230; Tutto questo per aver superato il limite di velocita&#8217; di 11 chilometri orari alle 7 del mattino su una strada con il limite dei 70 orari. Impossibile qualsiasi ricorso. Caso simile alcune settimana fa per a Diego Riva ex portiere di hockey ghiaccio. A lui la polizia locale di Selva chiedeva di pagare 700 euro per multe prese sempre nel 2015. Per fortuna aveva tenuto le ricevute dei bollettini, regolarmente pagati.<\/p><\/blockquote>\n<p>&nbsp;<\/p>\n<p>&nbsp;<\/p>\n<p>&nbsp;<\/p>\n<h2>PRELIMINARE DI STRATEGIA, I CONTENUTI<\/h2>\n<p><strong><a class=\"dt-pswp-item\" href=\"http:\/\/www.radiopiu.net\/wordpress\/wp-content\/uploads\/2019\/03\/Schermata-2019-03-20-alle-09.02.20.png\" data-dt-img-description=\"\" data-large_image_width=\"834\" data-large_image_height=\"1092\"><img loading=\"lazy\" decoding=\"async\" class=\"wp-image-79723 alignleft\" src=\"http:\/\/www.radiopiu.net\/wordpress\/wp-content\/uploads\/2019\/03\/Schermata-2019-03-20-alle-09.02.20-782x1024.png\" alt=\"\" width=\"102\" height=\"134\" srcset=\"https:\/\/www.radiopiu.net\/wordpress\/wp-content\/uploads\/2019\/03\/Schermata-2019-03-20-alle-09.02.20-782x1024.png 782w, https:\/\/www.radiopiu.net\/wordpress\/wp-content\/uploads\/2019\/03\/Schermata-2019-03-20-alle-09.02.20-229x300.png 229w, https:\/\/www.radiopiu.net\/wordpress\/wp-content\/uploads\/2019\/03\/Schermata-2019-03-20-alle-09.02.20-768x1006.png 768w, https:\/\/www.radiopiu.net\/wordpress\/wp-content\/uploads\/2019\/03\/Schermata-2019-03-20-alle-09.02.20.png 834w\" sizes=\"auto, (max-width: 102px) 100vw, 102px\" \/><\/a><\/strong><\/p>\n<p>&nbsp;<\/p>\n<p>&nbsp;<\/p>\n<p><strong>AGORDO<\/strong> Ieri abbiamo anticipato che l&#8217;Unione Montana ha inviato il Preliminare di Strategia\u00a0 al Ministero dopo aver fatto le modifiche richieste dagli stessi uffici.<\/p>\n<p>&nbsp;<\/p>\n<p>Ecco i contenuti sintetizzati nella ricerca <strong>di Gianni Santomaso<\/strong><\/p>\n<audio class=\"wp-audio-shortcode\" id=\"audio-79759-2\" preload=\"none\" style=\"width: 100%;\" controls=\"controls\"><source type=\"audio\/mpeg\" src=\"http:\/\/www.radiopiu.net\/wordpress\/wp-content\/uploads\/2019\/03\/GIANNI-AREE.mp3?_=2\" \/><a href=\"http:\/\/www.radiopiu.net\/wordpress\/wp-content\/uploads\/2019\/03\/GIANNI-AREE.mp3\">http:\/\/www.radiopiu.net\/wordpress\/wp-content\/uploads\/2019\/03\/GIANNI-AREE.mp3<\/a><\/audio>\n<p><strong>IL PRESIDENTE DELL\u2019UNIONE MONTANA AGORDINA FABIO LUCHETTA<\/strong><\/p>\n<audio class=\"wp-audio-shortcode\" id=\"audio-79759-3\" preload=\"none\" style=\"width: 100%;\" controls=\"controls\"><source type=\"audio\/mpeg\" src=\"http:\/\/www.radiopiu.net\/wordpress\/wp-content\/uploads\/2019\/03\/lucchetta.mp3?_=3\" \/><a href=\"http:\/\/www.radiopiu.net\/wordpress\/wp-content\/uploads\/2019\/03\/lucchetta.mp3\">http:\/\/www.radiopiu.net\/wordpress\/wp-content\/uploads\/2019\/03\/lucchetta.mp3<\/a><\/audio>\n<p>&nbsp;<\/p>\n<p>&nbsp;<\/p>\n<p>&nbsp;<\/p>\n<p>&nbsp;<\/p>\n<h2>NUOVA COLLABORAZIONE TRA L&#8217;ASSOCIAZIONE BELLUNESI NEL MONDO E LUXOTTICA<\/h2>\n<p><a class=\"dt-pswp-item\" href=\"http:\/\/www.radiopiu.net\/wordpress\/wp-content\/uploads\/2019\/03\/de_bona_francavilla_crepaz.jpg\" data-dt-img-description=\"\" data-large_image_width=\"1400\" data-large_image_height=\"1050\"><img loading=\"lazy\" decoding=\"async\" class=\"alignnone size-large wp-image-79790\" src=\"http:\/\/www.radiopiu.net\/wordpress\/wp-content\/uploads\/2019\/03\/de_bona_francavilla_crepaz-1024x768.jpg\" alt=\"\" width=\"1024\" height=\"768\" srcset=\"https:\/\/www.radiopiu.net\/wordpress\/wp-content\/uploads\/2019\/03\/de_bona_francavilla_crepaz-1024x768.jpg 1024w, https:\/\/www.radiopiu.net\/wordpress\/wp-content\/uploads\/2019\/03\/de_bona_francavilla_crepaz-300x225.jpg 300w, https:\/\/www.radiopiu.net\/wordpress\/wp-content\/uploads\/2019\/03\/de_bona_francavilla_crepaz-768x576.jpg 768w, https:\/\/www.radiopiu.net\/wordpress\/wp-content\/uploads\/2019\/03\/de_bona_francavilla_crepaz.jpg 1400w\" sizes=\"auto, (max-width: 1024px) 100vw, 1024px\" \/><\/a>Voglia di collaborazione tra l\u2019Associazione Bellunesi nel Mondo e Luxottica.\u00a0 Il presidente Abm Oscar De Bona, con il direttore Marco Crepaz, ha fatto visita al vice presidente Luxottica Luigi Francavilla. L\u2019incontro aveva l\u2019obiettivo di intraprendere un\u2019iniziativa comune, che avr\u00e0 come protagonisti il mondo dell\u2019occhiale e di giovani bellunesi residenti all\u2019estero. La prestigiosa azienda bellunese si \u00e8 resa subito disponibile ad avviare questa collaborazione, che prevede un incontro internazionale programmato per il 2020.<\/p>\n<blockquote><p><em>\u00abRingrazio il vice presidente Francavilla per la sua disponibilit\u00e0\u00bb, sono le parole del presidente Oscar De Bona, \u00abda sempre Luxottica sostiene il nostro innovativo strumento che \u00e8 Bellunoradici.net, ma da questo incontro concretizzeremo prossimamente nuovi canali affinch\u00e9 i nostri cervelli bellunesi in fuga possano rientrano, o almeno abbiamo scegliere di farlo\u00bb.<\/em><\/p><\/blockquote>\n<p>&nbsp;<\/p>\n<p>&nbsp;<\/p>\n<p>&nbsp;<\/p>\n<p>&nbsp;<\/p>\n<h2>LA FAMIGLIA BELLUNESE CREDE NEI GIOVANI LUCA URPI, LORENZO FASCINA E CHRISTIAN ROLANDI<\/h2>\n<p><a class=\"dt-pswp-item\" href=\"http:\/\/www.radiopiu.net\/wordpress\/wp-content\/uploads\/2019\/03\/zurigo.jpg\" data-dt-img-description=\"\" data-large_image_width=\"1500\" data-large_image_height=\"1125\"><img loading=\"lazy\" decoding=\"async\" class=\"alignnone size-large wp-image-79793\" src=\"http:\/\/www.radiopiu.net\/wordpress\/wp-content\/uploads\/2019\/03\/zurigo-1024x768.jpg\" alt=\"\" width=\"1024\" height=\"768\" srcset=\"https:\/\/www.radiopiu.net\/wordpress\/wp-content\/uploads\/2019\/03\/zurigo-1024x768.jpg 1024w, https:\/\/www.radiopiu.net\/wordpress\/wp-content\/uploads\/2019\/03\/zurigo-300x225.jpg 300w, https:\/\/www.radiopiu.net\/wordpress\/wp-content\/uploads\/2019\/03\/zurigo-768x576.jpg 768w, https:\/\/www.radiopiu.net\/wordpress\/wp-content\/uploads\/2019\/03\/zurigo.jpg 1500w\" sizes=\"auto, (max-width: 1024px) 100vw, 1024px\" \/><\/a>La 52.ma Assemblea generale della Famiglia bellunese di Zurigo, svoltasi nella sede della Missione cattolica della citt\u00e0 elvetica nella giornata di domenica 17 marzo, \u00e8 stata un omaggio al presidente Saverio Sanvido, recentemente scomparso, ma anche un riscatto per continuare ad andare avanti e svolgere le molteplici attivit\u00e0 che da oltre mezzo secolo vengono svolte dai soci. Dalla Casa madre erano presenti il presidente Oscar De Bona, il consigliere Antonio Dazzi e il direttore Marco Crepaz. \u00abEra doveroso essere presenti oggi qui con voi\u00bb, sono le parole di De Bona, \u00abed \u00e8 doveroso fare un minuto di silenzio per ricordare l\u2019amico Saverio Sanvido ringraziandolo per quando fatto fin dalla nascita della Famiglia Bellunese di Zurigo\u00bb. Presenti all\u2019assemblea anche la moglie Esther di Saverio, con i figli Stefano e Simone, ma anche molti soci e diversi giovani tra cui Luca Urpi, Lorenzo Fascina e Christian Rolandi. Tre ragazzi, membri di Bellunoradici.net, che hanno voluto mettersi in gioco e collaborare per la continuit\u00e0 della Famiglia. \u00abSar\u00e0 difficile realizzare quanto fatto da Saverio\u00bb, sono le parole di Luca Urpi, presidente pro tempore, \u00abMa sono certo che assieme affronteremo il futuro con la giusta energia. Grazie quindi per il supporto di tutti, noi giovani ne abbiamo bisogno\u00bb. Confermate quindi le principali e storiche attivit\u00e0, in primis la \u201cFesta campestre\u201d che riscontra sempre un grande successo di partecipazione. \u00c8 stato chiesto a Piergiorgio Martinetti di mantenere la carica di segretario e tesoriere, mentre sono state confermate le altre cariche, tra cui quella di vice presidente pro-tempore di Lorenzo Fascina. Un\u2019assemblea intensa, che ha visto la partecipazione anche del presidente onorario dell\u2019Unaie Franco Narducci e del presidente della Caves Luciano Alban. Lo stesso Narducci ha esposto una riflessione in merito all\u2019attuale aumento degli emigranti italiani in Svizzera: \u00abIn questo Paese in meno di dieci anni vi \u00e8 stato un aumento di italiani pare a 200mila unit\u00e0, per lo pi\u00f9 giovani. Al nostro associazionismo aspetta una grande sfida, che deve avere il supporto del nostro Governo\u00bb.<\/p>\n<p>&nbsp;<\/p>\n<p>&nbsp;<\/p>\n<p>&nbsp;<\/p>\n<p>&nbsp;<\/p>\n<h2>DOLOMITIBUS IN PIAZZA CON I NUOVI MEZZI<\/h2>\n<p><strong><a class=\"dt-pswp-item\" href=\"http:\/\/www.radiopiu.net\/wordpress\/wp-content\/uploads\/2018\/03\/DOLOMITIBUS.jpg\" data-dt-img-description=\"\" data-large_image_width=\"621\" data-large_image_height=\"329\"><img loading=\"lazy\" decoding=\"async\" class=\"wp-image-44427 alignleft\" src=\"http:\/\/www.radiopiu.net\/wordpress\/wp-content\/uploads\/2018\/03\/DOLOMITIBUS.jpg\" alt=\"\" width=\"255\" height=\"135\" srcset=\"https:\/\/www.radiopiu.net\/wordpress\/wp-content\/uploads\/2018\/03\/DOLOMITIBUS.jpg 621w, https:\/\/www.radiopiu.net\/wordpress\/wp-content\/uploads\/2018\/03\/DOLOMITIBUS-300x159.jpg 300w\" sizes=\"auto, (max-width: 255px) 100vw, 255px\" \/><\/a>BELLUNO<\/strong> Mercoledi alle 12 in Piazza dei Martiri Dolomitibus presenta alla popolazione i 12 nuovi autobus ecologici, sicuri e confortevoli. Sono 7 gli\u00a0 autobus logati con il claim &#8220;Take care of our planet&#8221;, ogni autobus \u00e8 stato personalizzato con una grafica dedicata ai partner del progetto: Provincia di Belluno, Fondazione Dolomiti UNESCO, Fondazione Cortina 2021, Comune di Auronzo, Comune di Belluno, Comune di Feltre e Dolomites Maadness-Hosted by Nature, al fine di sensibilizzare la promozione del territorio della Provincia di Belluno anche a seguito degli eventi atmosferici intensi verificatisi in ottobre\/novembre 2018. Il claim nasce da un&#8217;idea della Fondazione Cortina 2021.<\/p>\n<p>&nbsp;<\/p>\n<p>&nbsp;<\/p>\n<p>&nbsp;<\/p>\n<p>&nbsp;<\/p>\n<h2>VIA MONTE GRAPPA: E LUCE FU!<\/h2>\n<p><strong><a class=\"dt-pswp-item\" href=\"http:\/\/www.radiopiu.net\/wordpress\/wp-content\/uploads\/2019\/03\/IMG_20190320_114532.jpg\" data-dt-img-description=\"\" data-large_image_width=\"5312\" data-large_image_height=\"2988\"><img loading=\"lazy\" decoding=\"async\" class=\"wp-image-79763 alignleft\" src=\"http:\/\/www.radiopiu.net\/wordpress\/wp-content\/uploads\/2019\/03\/IMG_20190320_114532-1024x576.jpg\" alt=\"\" width=\"238\" height=\"134\" srcset=\"https:\/\/www.radiopiu.net\/wordpress\/wp-content\/uploads\/2019\/03\/IMG_20190320_114532-1024x576.jpg 1024w, https:\/\/www.radiopiu.net\/wordpress\/wp-content\/uploads\/2019\/03\/IMG_20190320_114532-300x169.jpg 300w, https:\/\/www.radiopiu.net\/wordpress\/wp-content\/uploads\/2019\/03\/IMG_20190320_114532-768x432.jpg 768w\" sizes=\"auto, (max-width: 238px) 100vw, 238px\" \/><\/a>FELTRE<\/strong> Passata l\u2019emergenza, non si sono certo conclusi gli interventi sul territorio comunale per cercare di ripristinare la lunga serie di beni e servizi pubblici compromessi dalla terribile ondata di maltempo di fine ottobre. Gli operari comunali sono al lavoro in questi giorni su pi\u00f9 fronti; in particolare, grazie ad un intervento di sostituzione di alcuni pali piegati dal vento e di riallaccio dei cavi elettrici, \u00e8 stata ripristinata in queste ore l\u2019illuminazione pubblica stradale sul tratto di via Monte Grappa compreso tra l\u2019incrocio con via Montelungo e il monumento ai caduti, dove le folate di vento avevano abbattuto tutti gli alberi al lato della carreggiata. Le squadre comunali sono anche al lavoro, con l\u2019ausilio di alcune ditte esterne impegnate con l\u2019idrospurgo, per la pulizia delle caditoie stradali in alcuni punti della citt\u00e0, mentre presso il cimitero urbano sono in corso le ultime operazioni di recupero e asportazione di materiali legnosi dopo l\u2019intervento di taglio delle piante abbattute o gravemente danneggiate dal vento.<\/p>\n<p><strong>Il punto con l&#8217;assessore Adis Zatta<\/strong><\/p>\n<audio class=\"wp-audio-shortcode\" id=\"audio-79759-4\" preload=\"none\" style=\"width: 100%;\" controls=\"controls\"><source type=\"audio\/mpeg\" src=\"http:\/\/www.radiopiu.net\/wordpress\/wp-content\/uploads\/2019\/03\/ZATTA-MALTEMPO.mp3?_=4\" \/><a href=\"http:\/\/www.radiopiu.net\/wordpress\/wp-content\/uploads\/2019\/03\/ZATTA-MALTEMPO.mp3\">http:\/\/www.radiopiu.net\/wordpress\/wp-content\/uploads\/2019\/03\/ZATTA-MALTEMPO.mp3<\/a><\/audio>\n<p>&nbsp;<\/p>\n<p>&nbsp;<\/p>\n<p>&nbsp;<\/p>\n<p>&nbsp;<\/p>\n<h3>ANCHE FELTRE ALLA GIORNATA NEL RICORDO DELLE VITTIME DELLA MAFIA<\/h3>\n<p><strong><a class=\"dt-pswp-item\" href=\"http:\/\/www.radiopiu.net\/wordpress\/wp-content\/uploads\/2017\/03\/libera-bl-2015.jpg\" data-dt-img-description=\"\" data-large_image_width=\"871\" data-large_image_height=\"581\"><img loading=\"lazy\" decoding=\"async\" class=\"wp-image-29735 alignleft\" src=\"http:\/\/www.radiopiu.net\/wordpress\/wp-content\/uploads\/2017\/03\/libera-bl-2015.jpg\" alt=\"\" width=\"263\" height=\"175\" \/><\/a>FELTRE<\/strong> La criminalit\u00e0 organizzata non \u00e8 pi\u00f9 un fenomeno che \u201cNON ci riguarda\u201d. Lo testimoniano, tra l\u2019altro, anche le inchieste svolte di recente dalla Direzione distrettuale antimafia di Venezia e dalla Direzione investigativa antimafia di Padova, che hanno svelato la presenza di persone e gruppi legati ad organizzazioni criminali di stampo mafioso, in particolar modo alla \u2018ndrangheta e alla camorra, interessate a riciclare denaro di provenienza illecita nell\u2019economia legale del Nord Est e a trafficare e spacciare ingenti quantitative di sostanze stupefacenti. L\u20198 marzo 2017 il Parlamento Italiano ha votato la legge con la quale istituisce la \u201cGiornata nazionale della memoria e dell\u2019impegno in ricordo delle vittime delle mafie\u201d, da celebrarsi il 21 marzo di ogni anno.\u00a0 La giunta comunale di Feltre ha deciso all\u2019unanimit\u00e0 di: \u00a0di promuovere, attraverso i propri canali di comunicazione, la XXIV edizione della \u201cGiornata nazionale della memoria e dell\u2019impegno in ricordo delle vittime delle mafie\u201d;\u00a0 di sottoscrivere e promuovere l\u2019appello \u201cRibelliamoci alle mafie\u201d, promosso da Avviso Pubblico ed il Corriere del Veneto.<\/p>\n<blockquote>\n<h3>APPELLO \u201cRIBELLIAMOCI ALLE MAFIE\u201d<\/h3>\n<p>Il Veneto e il Nord Est non sono un\u2019isola felice. Le mafie si sono radicate, non semplicemente infiltrate. Lo hanno fatto sfruttando a proprio favore la crisi economica, la sfiducia verso le istituzioni e i partiti, giovandosi anche di un certo consenso sociale presente in alcune fasce della popolazione, della politica, delle libere professioni, dell\u2019economia e della finanza. \u00c8 questo il dato che segna un passaggio di fase, come attestano le recenti inchieste giudiziarie, ed \u00e8 questa \u00e8 la consapevolezza che deve maturare in Veneto a livello politico, economico, sociale e culturale. Non basta dichiararsi sorpresi e indignati. Serve un impegno straordinario, a partire dalla politica, che si traduca in una maggiore capacit\u00e0 di reazione e di mobilitazione coordinata a livello generale, con un\u2019attenzione particolare alla dimensione educativa e culturale. Le mafie si possono sconfiggere a condizione che non vi sia un\u2019esclusiva delega alle forze di polizia e alla magistratura. Ognuno deve impegnarsi a fare la propria parte, difendendo i diritti, adempiendo responsabilmente ai propri doveri; rifiutando la cultura del favore e del privilegio, l\u2019omert\u00e0 e la violenza; evitando di essere indifferenti, superficiali, complici e conniventi; denunciando alle autorit\u00e0 competenti qualsiasi tentativo di minaccia, intimidazione e corruzione; non chiedendo voti, capitali, e \u00abservizi\u00bb a mafiosi e corrotti. Impegniamoci per difendere il nostro territorio, la nostra economia e la nostra democrazia. Facciamolo per il presente e il futuro nostro e dei nostri figli, per mantenere viva la memoria di tante vittime innocenti di mafia che ricorderemo il 19 e il 21 marzo a Treviso e a Padova, nella Giornata regionale e nazionale a loro dedicata.<\/p><\/blockquote>\n<p>&nbsp;<\/p>\n<p>&nbsp;<\/p>\n<p>&nbsp;<\/p>\n<p>&nbsp;<\/p>\n<h2>PD A PADOVA CONTRO LE MAFIE<\/h2>\n<p><strong>VENEZIA\u00a0 <\/strong>Il Gruppo consiliare del Partito Democratico aderisce, e parteciper\u00e0, alla XXV Giornata nazionale in memoria di tutte le vittime innocenti delle mafie, organizzata da Libera a Padova. \u201cLa scelta del Veneto come sede della manifestazione ha un significato molto importante &#8211; spiegano gli esponenti democratici &#8211; Nella nostra regione la criminalit\u00e0 organizzata si \u00e8 infiltrata da tempo, ormai \u00e8 radicata. Nelle ultime settimane si stanno susseguendo inchieste giudiziarie con numerosi arresti legati al traffico di rifiuti, al riciclaggio che testimoniano una presenza forte di \u2018ndrangheta, camorra e mafia. E dalla parte sana del Veneto, che \u00e8 la stragrande maggioranza, deve arrivare una reazione altrettanto forte. Per questo domani saremo in piazza a manifestare\u201d. Il corteo partir\u00e0 alle 9 da piazzale Boschetti per arrivare alle 11 in Prato della Valle, dove saranno letti i nomi delle vittime innocenti, alle 12 l\u2019intervento finale affidato a don Luigi Ciotti.<\/p>\n<p>&nbsp;<\/p>\n<p>&nbsp;<\/p>\n<p>&nbsp;<\/p>\n<h3>REGIONE VENETO INVESTE ULTERIORI 7 MLN PER TIROCINI, FORMAZIONE E INSERIMENTO OCCUPAZIONALE OVER 30<\/h3>\n<p><strong>VENEZIA <\/strong>Il termine tecnico \u00e8 \u2018work experience\u2019, esperienza di lavoro proposta agli over 30. Destinatari: gli adulti disoccupati o inoccupati, per incentivarne e accompagnarne l\u2019inserimento lavorativo. Dal 2012 ad oggi la Regione Veneto ha investito 38 milioni di euro (risorse FSE) per sostenere i progetti di \u2018work experience\u2019 declinati dagli enti di formazione, le aziende e i partner privati che si sono fatti carico del tirocinio, i tutor per gli inserimenti occupazionali, nonch\u00e9 l\u2019indennit\u00e0 (dai 3 ai 6 euro l\u2019ora) per i partecipanti. Per il 2019-20 la Giunta regionale, su proposta dell\u2019assessore al lavoro Elena Donazzan, ha rifinanziato con altri 7 milioni di euro le \u2018work experience\u2019 per chi ha pi\u00f9 di trent\u2019anni e non ha un lavoro. \u201cSe il Veneto ha recuperato tutti i posti di lavoro persi dal 2008 negli anni della \u2018grande crisi\u2019 e, anzi, vede incrementare gli occupati il merito \u00e8 anche dei percorsi professionalizzanti e specialistici che da sette anni la Regione ha proposto alle persone senza un lavoro o disoccupate da lungo tempo e prive di ammortizzatori\u201d, mette in evidenza l\u2019assessore Donazzan. Dal 2015 al 2017 (ultimo anno per cui la rilevazione a 12 mesi dalla conclusione del progetto \u00e8 completa) i progetti di \u2018work experience\u2019 hanno coinvolti 4293 inoccupati o disoccupati, di cui oltre 2300 donne. Uno su tre ha trovato lavoro stabile, oltre il 50 per cento ha avuto almeno una esperienza di lavoro nei sei mesi successivi.<\/p>\n<p>&nbsp;<\/p>\n<p>&nbsp;<\/p>\n<p>&nbsp;<\/p>\n<p>&nbsp;<\/p>\n<h2>SPAZZACORROTTI, UNCEM: MODIFICARE LA NORMA. BUSSONE<\/h2>\n<p><a class=\"dt-pswp-item\" href=\"http:\/\/www.radiopiu.net\/wordpress\/wp-content\/uploads\/2018\/12\/argentera_ferrere-3.jpg\" data-dt-img-description=\"\" data-large_image_width=\"865\" data-large_image_height=\"330\"><img loading=\"lazy\" decoding=\"async\" class=\"alignnone size-full wp-image-71005\" src=\"http:\/\/www.radiopiu.net\/wordpress\/wp-content\/uploads\/2018\/12\/argentera_ferrere-3.jpg\" alt=\"\" width=\"865\" height=\"330\" srcset=\"https:\/\/www.radiopiu.net\/wordpress\/wp-content\/uploads\/2018\/12\/argentera_ferrere-3.jpg 865w, https:\/\/www.radiopiu.net\/wordpress\/wp-content\/uploads\/2018\/12\/argentera_ferrere-3-300x114.jpg 300w, https:\/\/www.radiopiu.net\/wordpress\/wp-content\/uploads\/2018\/12\/argentera_ferrere-3-768x293.jpg 768w\" sizes=\"auto, (max-width: 865px) 100vw, 865px\" \/><\/a>Bocciofile, Pro Loco, associazioni di volontariato non sono certo partiti politici. Eppure per la legge (vigente) 3 del 2019, la &#8220;spazzacorrotti&#8221;, sono la stessa cosa. C&#8217;\u00e8 infatti un comma che secondo Uncem va al pi\u00f9 presto cambiato. Perch\u00e9 di fatto mete a rischio il terzo settore, in particolare nei piccoli Comuni, dove chi ha fatto o fa l&#8217;Amministratore pubblico, anche solo il Consigliere comunale, \u00e8 molto spesso impegnato in associazioni del territorio. E con la nuova norma le trascinerebbe di fatto in un caos burocratico e amministrativo (con conseguenti costi elevatissimi) senza uscita. Il comma da cambiare \u00e8 questo: &#8220;Sono equiparate ai partiti e ai movimenti politici le fondazioni, le associazioni, i comitati i cui organi direttivi siano composti in tutto o in parte da persone che siano o siano state, nei dieci anni precedenti, membri del Parlamento nazionale o europeo o di assemblee elettive regionali o locali, ovvero che abbiano ricoperto nei dieci anni precedenti incarichi di governo al livello nazionale, regionale e locale\u2026&#8221;.\u00a0 &#8220;Ho scritto al Ministro Bonafede &#8211; spiega il Presidente Uncem, Marco Bussone &#8211; perch\u00e9 qui ci sono due errori di fondo. Il primo \u00e8 pensare che chi \u00e8 impegnato in istituzioni locali, in assemblee elettive anche comunali, sia a rischio di corruzione o di altri reati. La politica non \u00e8 fonte naturale di corruzione, ci mancherebbe! Ma il messaggio che passa \u00e8 questo. Il secondo \u00e8 trascinare nel caos burocratico tutte le associazioni dove sono presenti ex amministratori locali, comunali, o politici nazionali che sarebbero costrette a revisioni dei bilanci da societ\u00e0, a pubblicazione degli stessi bilanci sul sito del Parlamento italiano, dopo averli inviati al Presidente della Camera che li deve registrare. E molto altro. Con costi assurdi e rischi ancor maggiori per inadempienze o errori. Tutto questo vale per la bocciofila, la Pro Loco, la San Vincenzo se al suo interno ha anche solo un ex Amministratore comunale, un ex consigliere. Una cosa assurda che va subito modificata&#8221;. Nello &#8220;spazzacorrotti&#8221; finisce il terzo settore, messo sulla graticola, non srl e societ\u00e0. Da capire quando scatta l&#8217;applicazione di questo comma.\u00a0 Uncem si unisce alle richieste del Forum del Terzo Settore per un immediata modifica della norma.<\/p>\n<p>&nbsp;<\/p>\n<p>&nbsp;<\/p>\n<p>&nbsp;<\/p>\n<blockquote><p><strong>FELTRE<\/strong> Oggi alle 18 presso la sala consiliare dell&#8217;Ente Parco Nazionale Dolomiti Bellunesi a Feltre &#8211; Piazzale Zancanaro, consiglio direttivo del parco nazionale delle Dolomiti, all&#8217;ordine del giorno bilancio e dimissioni del consiglio direttivo.<\/p><\/blockquote>\n<p>&nbsp;<\/p>\n<p>&nbsp;<\/p>\n<p>&nbsp;<\/p>\n<h1>SALVIAMO IL PARCO DEL PIAVE<\/h1>\n<p><strong>QUERO VAS<\/strong> Una serata per il Parco. Si intitola \u201cSave the Park\u201d ed \u00e8 la manifestazione organizzata per il 30 marzo dalle 14,30 alle 24,00 alla Cartiera di Vas per raccogliere fondi per la messa a posto del Parco del Piave di Fener, distrutto dagli eventi atmosferici dello scorso 29 ottobre. L&#8217;evento \u00e8 promosso dal Comitato Salviamo il Parco del Piave che ha gi\u00e0 avviato una campagna di sensibilizzazione verso le istituzioni e il mondo imprenditoriale.<br \/>\nMusica dal vivo, burattini, stand enogastronomici, automodellismo, e poi pizze, panini, e tanto altro ancora.\u00a0 Ventimila euro per ripartire, i soldi che sono stati stimati grazie a una perizia dello studio Da Corte che ha contato in oltre 90 mila i danni complessivi.<em> \u201cCon ventimila euro \u2013 dice Marco Bollotto, rappresentante del Comitato dei genitori dello School Festival, e una delle anime del Comitato \u2013 si pu\u00f2 gi\u00e0 rimettere in sesto il minimo per ripartire con le attivit\u00e0\u201d.<\/em><\/p>\n<p>&nbsp;<\/p>\n<p>&nbsp;<\/p>\n<p>&nbsp;<\/p>\n<h2>DOMENICA L&#8217;ASSEMBLEA DEL CAI AD AGORDO, LA MESSA A TAIBON<\/h2>\n<div><strong><a class=\"dt-pswp-item\" href=\"http:\/\/www.radiopiu.net\/wordpress\/wp-content\/uploads\/2015\/07\/sentieri_cai.jpg\" data-dt-img-description=\"\" data-large_image_width=\"450\" data-large_image_height=\"337\"><img loading=\"lazy\" decoding=\"async\" class=\"wp-image-7543 alignleft\" src=\"http:\/\/www.radiopiu.net\/wordpress\/wp-content\/uploads\/2015\/07\/sentieri_cai.jpg\" alt=\"\" width=\"271\" height=\"203\" \/><\/a>AGORDO <\/strong>Come di consueto i soci della sezione agordina del Cai una volta all&#8217;anno si ritrovano per la messa nella Chiesa di San Cipriano a Taibon (domenica alle 9) e per l&#8217;assemblea annuale in sala Don Tamis alle 10. L&#8217;Assemblea Annuale \u00e8 il momento in cui i soci possono confrontarsi con il Consiglio Direttivo e sul suo operato durante l&#8217;anno appena trascorso e nella quale vengono messi al corrente delle problematiche della Sezione, dei progetti e iniziative portate a termine e programmate per il corrente anno. Durante l&#8217;Assemblea come di consueto verranno esposte e messe ai voti le relazioni del Presidente e del Tesoriere e vi saranno i riconoscimenti ai Soci.\u00a0 Uno degli argomenti principali dell&#8217;Assemblea 2019 sar\u00e0 sicuramente l&#8217;alluvione di fine ottobre 2018. <strong>DAL SITO DEL CAI DI AGORDO<\/strong> aggiornamento delle donazioni ricevute dalla Sezione Agordina per il ripristino di sentieri e opere alpine danneggiati da tale evento calamitoso. Continua la solidariet\u00e0 per la Sezione Agordina&#8230;. materiale donato dall&#8217;azienda<strong> Stihl.<\/strong> <strong>Matteo Grassi<\/strong> per riportare alle cronache i tragici fatti di fine ottobre e non dimenticare che il lavoro da fare \u00e8 veramente tanto, \u00e8 partito a piedi da Padova con destinazione la sede del Cai ad Agordo per consegnare virtualmente un assegno di 2235. Nella serata di marted\u00ec 5 marzo in sede del CAI \u00e8 arrivata l&#8217;Associazione <strong>&#8220;Dove Rinascono le Dolomiti&#8221;<\/strong> che con una semplice ma calorosa accoglienza alla presenza di Radio Pi\u00f9 che ha trasmesso in diretta Facebook il momento, ha consegnato un assegno di 6000\u20ac destinato alla sentieristica. Molte persone, soci e non, stanno manifestando la loro solidariet\u00e0 verso la Sezione e verso il territorio lasciando un loro contributo a volte anche generoso.<\/div>\n<div>\n<p>&nbsp;<\/p>\n<\/div>\n<p>&nbsp;<\/p>\n<blockquote>\n<h3>IC FELTRE: Rianimazione polmonare in classe, ma non c\u2019\u00e8 nessun ferito: \u00e8 solo la prova di esercitazione di \u201c123 Soccorso\u201d, l\u2019attivit\u00e0 promossa da Dolomiti Emergency e dall\u2019Ulss per le scuole. Stamattina alla media \u201cRocca\u201d.<\/h3>\n<p><a class=\"dt-pswp-item\" href=\"http:\/\/www.radiopiu.net\/wordpress\/wp-content\/uploads\/2019\/03\/IC-FELTRE-123-Soccorso-1.jpg\" data-dt-img-description=\"\" data-large_image_width=\"2560\" data-large_image_height=\"1440\"><img loading=\"lazy\" decoding=\"async\" class=\"alignnone size-large wp-image-79813\" src=\"http:\/\/www.radiopiu.net\/wordpress\/wp-content\/uploads\/2019\/03\/IC-FELTRE-123-Soccorso-1-1024x576.jpg\" alt=\"\" width=\"1024\" height=\"576\" srcset=\"https:\/\/www.radiopiu.net\/wordpress\/wp-content\/uploads\/2019\/03\/IC-FELTRE-123-Soccorso-1-1024x576.jpg 1024w, https:\/\/www.radiopiu.net\/wordpress\/wp-content\/uploads\/2019\/03\/IC-FELTRE-123-Soccorso-1-300x169.jpg 300w, https:\/\/www.radiopiu.net\/wordpress\/wp-content\/uploads\/2019\/03\/IC-FELTRE-123-Soccorso-1-768x432.jpg 768w\" sizes=\"auto, (max-width: 1024px) 100vw, 1024px\" \/><\/a><\/p><\/blockquote>\n<p>Alunni impegnati nel tentativo di rianimazione polmonare. Ma niente panico, non c\u2019\u00e8 nessun malore, si tratta solo di esercitazione su una Mini Anne, manichino della Laerdel. Si chiama \u201c123 Soccorso\u201d ed \u00e8 l\u2019iniziativa della Dolomiti Emergency, con l\u2019Ulss 1, rivolta agli alunni delle scuole medie e delle elementari. Prove di rianimazione polmonare questa mattina nell\u2019aula magna della scuola media \u201cRocca\u201d dell\u2019IC di Feltre, a conclusione degli incontri con gli operatori del 118, Emma Dadi\u00e8, e di Carmen Carbogno del Poliambulatorio di Pieve di Cadore. Una attivit\u00e0 che si ripete ormai da diversi anni nella sensibilizzazione alle tematiche dell\u2019emergenza. \u201cLa maggior parte dei bambini risponde sempre con entusiasmo \u2013 spiegano Dadi\u00e8 e Carbogno \u2013 e dimostrano attenzione verso la tematica della rianimazione. Una questione complessa che va affrontata nella giusta maniera, e questo \u00e8 un messaggio che riescono sempre a percepire\u201d. Durante la speciale lezione di rianimazione \u00e8 stato proiettato anche un video-tutorial. Il manichino rimane per una settimana in prestito agli alunni, che possono portarlo a casa per allenarsi e riconsegnarlo poi alla scuola.<\/p>\n<p>&nbsp;<\/p>\n<p>&nbsp;<\/p>\n<p>&nbsp;<\/p>\n<h2><a class=\"dt-pswp-item\" href=\"http:\/\/www.radiopiu.net\/wordpress\/wp-content\/uploads\/2018\/09\/appuntamenti.jpeg\" data-dt-img-description=\"\" data-large_image_width=\"800\" data-large_image_height=\"100\"><img loading=\"lazy\" decoding=\"async\" class=\"alignnone wp-image-61958 size-full\" src=\"http:\/\/www.radiopiu.net\/wordpress\/wp-content\/uploads\/2018\/09\/appuntamenti.jpeg\" alt=\"\" width=\"800\" height=\"100\" srcset=\"https:\/\/www.radiopiu.net\/wordpress\/wp-content\/uploads\/2018\/09\/appuntamenti.jpeg 800w, https:\/\/www.radiopiu.net\/wordpress\/wp-content\/uploads\/2018\/09\/appuntamenti-300x38.jpeg 300w, https:\/\/www.radiopiu.net\/wordpress\/wp-content\/uploads\/2018\/09\/appuntamenti-768x96.jpeg 768w\" sizes=\"auto, (max-width: 800px) 100vw, 800px\" \/><\/a><\/h2>\n<p>&nbsp;<\/p>\n<p><strong>AGORDO<\/strong> OGGI alle 20.30 nella saletta della Biblioteca, assemblea del comitato di Gemellaggio. L&#8217;ordine del giorno in discussione: Rendicontazione anno 2018 e approvazione bilancio; Libro per i 30 anni di gemellaggio con Zugliano;\u00a0\u00a0Programma ed organizzazione della visita dei gemelli francesi del prossimo 3-4 maggio;\u00a0\u00a0Rinnovo direttivo; Rinnovo Tesseramento per l\u2019anno 2019<\/p>\n<p>&nbsp;<\/p>\n<p>&nbsp;<\/p>\n<p><strong>BELLUNO<\/strong>\u00a0 Domani alle 18 in sala Bianchi di Viale Fantuzzi &#8220;Portfolio Alpino&#8221; orizzonti di vita, letteratura, arte e libert\u00e0 di Giuseppe Mendicino, introduce Adriana Lotto alla presenza dell&#8217;autore del libro.<\/p>\n<p>&nbsp;<\/p>\n<p>&nbsp;<\/p>\n<p><strong>SAN GREGORIO NELLE ALPI<\/strong> Sabato alle 20.45 in chiesa concerto di solidariet\u00e0 della Corale Zumellese diretta da Manolo Da Rold. Ingresso ad offerta libera, il ricavato sar\u00e0 devoluto ai lavori di restauro per la sistemazione del tetto della chiesa di San Felice distrutto dal maltempo.<\/p>\n<p>&nbsp;<\/p>\n<p>&nbsp;<\/p>\n<p style=\"text-align: left;\"><strong>ALLEGHE<\/strong> Per l\u2019edizione n. 53 l\u2019Associazione Nazionale Alpini ha affidato l\u2019organizzazione del proprio campionato di slalom gigante alla Sezione di Belluno che si avvale della fattiva collaborazione del Gruppo di Alleghe capeggiato da Cristian De Toni. L\u2019appuntamento sulle piste del Comprensorio Civetta \u00e8 fissato per le giornate di sabato 23 e domenica 24 marzo.<\/p>\n<p>&nbsp;<\/p>\n<p>&nbsp;<\/p>\n<p><strong>TRICHIANA<\/strong> Sabato alle 20.45 in sala San Felice concerto La Musica del cuore, musica e donna in ricordo di Milena. Partecipano Mario e Bruno, The Covers on eat, Jdpb e Fabrizio. Ingresso ad offerta libera, il ricavato viene devoluto all&#8217;Asla, associazione italiana sclerosi laterale amiotrofica.<\/p>\n<p>&nbsp;<\/p>\n<p>&nbsp;<\/p>\n<p><strong>SEDICO<\/strong> Sabato alle 20.45 nella Chiesa Parrocchiale del Mas Il coro Monti del Sole diretto dal maestro Luca Lotto propone una serata di beneficienza a favore della popolazione del Comune di Taibon colpita dell\u2019alluvione dello scorso mese di ottobre, con canti e riflessioni per l\u2019Agordino. Graditi ospiti gli amici del coro Valcavasia di Cavaso del Tomba (TV). La serata sar\u00e0 presentata da Michela Da Canal.<\/p>\n<p>&nbsp;<\/p>\n<p>&nbsp;<\/p>\n<p><strong>PONTE NELLE ALPI<\/strong> Venerdi 29 marzo al ristorante Da Benito, La Cooperativa CoSoMi\u00a0 promuove un incontro \u201cletterario poetico\u201d per una solidariet\u00e0 anche culturale a tutte quelle comunit\u00e0 delle Terre Alte Bellunesi, colpite dal disastroso maltempo di fine ottobre 2018. Nel libro: \u201cLa casa in mezzo al prato\u201d che sar\u00e0 presentato dall\u2019autrice, Maria Luisa Daniele Toffanin.<\/p>\n<p>&nbsp;<\/p>\n<p>&nbsp;<\/p>\n<p><strong>SEDICO<\/strong> Per raccogliere fondi per il ripristino della passerella del Peron,\u00a0 il gruppo Sospirolo Futura organizza una serata, \u201cPasserella senza barriere\u201d, il 30 marzo alle 20.45 al centro civico di Sospirolo. Tema della serata saranno le disabilit\u00e0 fisiche, e fra gli ospiti ci sar\u00e0 anche il campione paralimpico di tiro con l\u2019arco Oscar De Pellegrin. La serata sar\u00e0 condotta da Tiziana Bolognani e sar\u00e0 allietata dalle canzoni del coro Voci dai cortivi.<\/p>\n<p>&nbsp;<\/p>\n<p>&nbsp;<\/p>\n<p>&nbsp;<\/p>\n<h3>DOMENICA A RIVAMONTE CON MENCINI PER&#8230;VIVERE IN PENDENZA<\/h3>\n<p><a class=\"dt-pswp-item\" href=\"http:\/\/www.radiopiu.net\/wordpress\/wp-content\/uploads\/2019\/03\/53621293_1036233333231400_3091411451278000128_n.jpg\" data-dt-img-description=\"\" data-large_image_width=\"682\" data-large_image_height=\"960\"><img loading=\"lazy\" decoding=\"async\" class=\" wp-image-79629 alignleft\" src=\"http:\/\/www.radiopiu.net\/wordpress\/wp-content\/uploads\/2019\/03\/53621293_1036233333231400_3091411451278000128_n-213x300.jpg\" alt=\"\" width=\"146\" height=\"206\" srcset=\"https:\/\/www.radiopiu.net\/wordpress\/wp-content\/uploads\/2019\/03\/53621293_1036233333231400_3091411451278000128_n-213x300.jpg 213w, https:\/\/www.radiopiu.net\/wordpress\/wp-content\/uploads\/2019\/03\/53621293_1036233333231400_3091411451278000128_n.jpg 682w\" sizes=\"auto, (max-width: 146px) 100vw, 146px\" \/><\/a>Vivere in pendenza \u00e8 il nuovo libro di Gianandrea Mencini che sar\u00e0 presentato domenica pomeriggio alle 17 al ristorante al Molin di Rivamonte. Il giornalista, scrittore, ambientalista veneziano \u00e8 innamorato tanto della sua laguna che della montagna e con il suo vivere in pendenza, scelte di vita, lancia un segnale positivo per il territorio. Per chi investe sulla terra e non smette di credere nelle origini contadine. Quello di Mencini \u00e8 un viaggio tra le nostre vallate e i pionieri della montagna<\/p>\n<p><strong>IL SERVIZIO DA LEGGERMENTE BELLUNESI DI LUISA ALCHINI<\/strong><\/p>\n<audio class=\"wp-audio-shortcode\" id=\"audio-79759-5\" preload=\"none\" style=\"width: 100%;\" controls=\"controls\"><source type=\"audio\/mpeg\" src=\"http:\/\/www.radiopiu.net\/wordpress\/wp-content\/uploads\/2019\/03\/23mencinigiannandrea-1.mp3?_=5\" \/><a href=\"http:\/\/www.radiopiu.net\/wordpress\/wp-content\/uploads\/2019\/03\/23mencinigiannandrea-1.mp3\">http:\/\/www.radiopiu.net\/wordpress\/wp-content\/uploads\/2019\/03\/23mencinigiannandrea-1.mp3<\/a><\/audio>\n<p>&nbsp;<\/p>\n<p>&nbsp;<\/p>\n<p>&nbsp;<\/p>\n<p>&nbsp;<\/p>\n<h1>IL CAMPIONATO DELLA POLPETTA<\/h1>\n<blockquote>\n<h3><em>Dalla famiglia De Cia domenica dalle 16: premiazioni,\u00a0 assaggi, musica e allegria.<\/em><\/h3>\n<div><a class=\"dt-pswp-item\" href=\"http:\/\/www.radiopiu.net\/wordpress\/wp-content\/uploads\/2019\/03\/slider-1_stanga.jpg\" data-dt-img-description=\"\" data-large_image_width=\"1298\" data-large_image_height=\"538\"><img loading=\"lazy\" decoding=\"async\" class=\"alignnone wp-image-79712 size-large\" src=\"http:\/\/www.radiopiu.net\/wordpress\/wp-content\/uploads\/2019\/03\/slider-1_stanga-1024x424.jpg\" alt=\"\" width=\"1024\" height=\"424\" srcset=\"https:\/\/www.radiopiu.net\/wordpress\/wp-content\/uploads\/2019\/03\/slider-1_stanga-1024x424.jpg 1024w, https:\/\/www.radiopiu.net\/wordpress\/wp-content\/uploads\/2019\/03\/slider-1_stanga-300x124.jpg 300w, https:\/\/www.radiopiu.net\/wordpress\/wp-content\/uploads\/2019\/03\/slider-1_stanga-768x318.jpg 768w, https:\/\/www.radiopiu.net\/wordpress\/wp-content\/uploads\/2019\/03\/slider-1_stanga.jpg 1298w\" sizes=\"auto, (max-width: 1024px) 100vw, 1024px\" \/><\/a><\/div>\n<\/blockquote>\n<div>\n<pre>E' ormai una tradizione che si rinnova da 13 anni. Il Ristorante alla Stanga \r\ndomenica premia i vincitori della coppa polpetta, la singolare e simpatica inziativa \r\nche ha visto per tutta la stagione \"cimentarsi\" centinaia di visitatori nell'assaggio.<\/pre>\n<p>di CLAUDIO FONTANIVE<\/p>\n<\/div>\n<audio class=\"wp-audio-shortcode\" id=\"audio-79759-6\" preload=\"none\" style=\"width: 100%;\" controls=\"controls\"><source type=\"audio\/mpeg\" src=\"http:\/\/www.radiopiu.net\/wordpress\/wp-content\/uploads\/2019\/03\/luca-de-cia-tagliato.mp3?_=6\" \/><a href=\"http:\/\/www.radiopiu.net\/wordpress\/wp-content\/uploads\/2019\/03\/luca-de-cia-tagliato.mp3\">http:\/\/www.radiopiu.net\/wordpress\/wp-content\/uploads\/2019\/03\/luca-de-cia-tagliato.mp3<\/a><\/audio>\n<p>&nbsp;<\/p>\n<p>&nbsp;<\/p>\n<p>&nbsp;<\/p>\n<p>&nbsp;<\/p>\n<p><a class=\"dt-pswp-item\" href=\"http:\/\/www.radiopiu.net\/wordpress\/wp-content\/uploads\/2018\/09\/viabilita.jpeg\" data-dt-img-description=\"\" data-large_image_width=\"800\" data-large_image_height=\"100\"><img loading=\"lazy\" decoding=\"async\" class=\"alignnone size-full wp-image-61954\" src=\"http:\/\/www.radiopiu.net\/wordpress\/wp-content\/uploads\/2018\/09\/viabilita.jpeg\" alt=\"\" width=\"800\" height=\"100\" srcset=\"https:\/\/www.radiopiu.net\/wordpress\/wp-content\/uploads\/2018\/09\/viabilita.jpeg 800w, https:\/\/www.radiopiu.net\/wordpress\/wp-content\/uploads\/2018\/09\/viabilita-300x38.jpeg 300w, https:\/\/www.radiopiu.net\/wordpress\/wp-content\/uploads\/2018\/09\/viabilita-768x96.jpeg 768w\" sizes=\"auto, (max-width: 800px) 100vw, 800px\" \/><\/a><\/p>\n<p><strong>FINO AL 29 MARZO<\/strong> dalle 8 alle 17 senso unico alternato in Comune di Cencenighe lungo la regionale 203 agordina per la messa in sicurezza del tratto stradale.<\/p>\n<p><strong>VOLTAGO<\/strong> FINO AL 5 APRILE\u00a0 tutti i giorni sabati e domeniche compresi, senso unico alternato regolato da semaforo lungo la provinciale 347 in Comune di Voltago per lavori di somma urgenza e messa in sicurezza del piano viabile.<\/p>\n<p>&nbsp;<\/p>\n<h2><\/h2>\n<p><a class=\"dt-pswp-item\" href=\"http:\/\/www.radiopiu.net\/wordpress\/wp-content\/uploads\/2018\/09\/sport.jpg\" data-dt-img-description=\"\" data-large_image_width=\"800\" data-large_image_height=\"100\"><img loading=\"lazy\" decoding=\"async\" class=\"alignnone wp-image-60761 size-full\" src=\"http:\/\/www.radiopiu.net\/wordpress\/wp-content\/uploads\/2018\/09\/sport.jpg\" alt=\"\" width=\"800\" height=\"100\" srcset=\"https:\/\/www.radiopiu.net\/wordpress\/wp-content\/uploads\/2018\/09\/sport.jpg 800w, https:\/\/www.radiopiu.net\/wordpress\/wp-content\/uploads\/2018\/09\/sport-300x38.jpg 300w, https:\/\/www.radiopiu.net\/wordpress\/wp-content\/uploads\/2018\/09\/sport-768x96.jpg 768w\" sizes=\"auto, (max-width: 800px) 100vw, 800px\" \/><\/a><\/p>\n<p>&nbsp;<\/p>\n<p>&nbsp;<\/p>\n<h2>34 RALLY BELLUNESE NEL RICORDO DI DA LAN<\/h2>\n<p>di ROBERTO BONA<\/p>\n<audio class=\"wp-audio-shortcode\" id=\"audio-79759-7\" preload=\"none\" style=\"width: 100%;\" controls=\"controls\"><source type=\"audio\/mpeg\" src=\"http:\/\/www.radiopiu.net\/wordpress\/wp-content\/uploads\/2019\/03\/BONA-DA-LAN.mp3?_=7\" \/><a href=\"http:\/\/www.radiopiu.net\/wordpress\/wp-content\/uploads\/2019\/03\/BONA-DA-LAN.mp3\">http:\/\/www.radiopiu.net\/wordpress\/wp-content\/uploads\/2019\/03\/BONA-DA-LAN.mp3<\/a><\/audio>\n<p>&nbsp;<\/p>\n<p>&nbsp;<\/p>\n<p>&nbsp;<\/p>\n<h2>HOCKEY FEMMINILE, WEEK END DA FINALE<\/h2>\n<p><a class=\"dt-pswp-item\" href=\"http:\/\/www.radiopiu.net\/wordpress\/wp-content\/uploads\/2019\/03\/DONAZIONE-ALLEGHE-GIRLS-3.jpeg\" data-dt-img-description=\"\" data-large_image_width=\"1600\" data-large_image_height=\"1200\"><img loading=\"lazy\" decoding=\"async\" class=\"wp-image-79374 alignleft\" src=\"http:\/\/www.radiopiu.net\/wordpress\/wp-content\/uploads\/2019\/03\/DONAZIONE-ALLEGHE-GIRLS-3-1024x768.jpeg\" alt=\"\" width=\"235\" height=\"176\" srcset=\"https:\/\/www.radiopiu.net\/wordpress\/wp-content\/uploads\/2019\/03\/DONAZIONE-ALLEGHE-GIRLS-3-1024x768.jpeg 1024w, https:\/\/www.radiopiu.net\/wordpress\/wp-content\/uploads\/2019\/03\/DONAZIONE-ALLEGHE-GIRLS-3-300x225.jpeg 300w, https:\/\/www.radiopiu.net\/wordpress\/wp-content\/uploads\/2019\/03\/DONAZIONE-ALLEGHE-GIRLS-3-768x576.jpeg 768w, https:\/\/www.radiopiu.net\/wordpress\/wp-content\/uploads\/2019\/03\/DONAZIONE-ALLEGHE-GIRLS-3.jpeg 1600w\" sizes=\"auto, (max-width: 235px) 100vw, 235px\" \/><\/a>Si giocher\u00e0 sabato pomeriggio alle 14 gara 2 della finale scudetto del Campionato Italiano di hockey femminile. Le ragazze dell&#8217;Alleghe Girls sono chiamate alla riscossa contro le Eagles Sud Tirol. Dopo la sconfitta di misura al De Toni di Alleghe sabato scorso, dopodomani alle 14 le alleghesi scenderanno in campo al Palaonda di Bolzano per cercare di pareggiare la serie contro le campionesse in carica. Una partita difficile per la squadra di Schivo che in questo momento non \u00e8 sicuro di presentare la squadra al completo per l&#8217;occasione.<\/p>\n<p><strong>L&#8217;INTERVISTA DAL GR PRINCIPALE, MARCO GAZ<\/strong><\/p>\n<audio class=\"wp-audio-shortcode\" id=\"audio-79759-8\" preload=\"none\" style=\"width: 100%;\" controls=\"controls\"><source type=\"audio\/mpeg\" src=\"http:\/\/www.radiopiu.net\/wordpress\/wp-content\/uploads\/2019\/03\/gr-21-sport-alleghe-girls.mp3?_=8\" \/><a href=\"http:\/\/www.radiopiu.net\/wordpress\/wp-content\/uploads\/2019\/03\/gr-21-sport-alleghe-girls.mp3\">http:\/\/www.radiopiu.net\/wordpress\/wp-content\/uploads\/2019\/03\/gr-21-sport-alleghe-girls.mp3<\/a><\/audio>\n<p>&nbsp;<\/p>\n<p>&nbsp;<\/p>\n<p>&nbsp;<\/p>\n<h2>TOMMY SECONDO E QUINTO IN SVIZZERA<\/h2>\n<p>Ancora un fine settimana da campioni per Tommy De Martin a Laax in Svizzera al\u00a0 \u201cLAAX OPENING KIDS\u201d, il giovane snowboarder ha infatti\u00a0 portato a casa un 2^ posto in SLOPESTYLE mentre la domenica un 5^ posto in HALF-PIPE. \u2022 Laax opening kids \u00e8 una tappa del circuito svizzero AUDI SNOWBOARD SERIES , gara a livello mondiale<\/p>\n<p><a class=\"dt-pswp-item\" href=\"http:\/\/www.radiopiu.net\/wordpress\/wp-content\/uploads\/2019\/03\/53607183_565134703985239_8684021940882505728_n.jpg\" data-dt-img-description=\"\" data-large_image_width=\"960\" data-large_image_height=\"720\"><img loading=\"lazy\" decoding=\"async\" class=\"alignnone size-full wp-image-79778\" src=\"http:\/\/www.radiopiu.net\/wordpress\/wp-content\/uploads\/2019\/03\/53607183_565134703985239_8684021940882505728_n.jpg\" alt=\"\" width=\"960\" height=\"720\" srcset=\"https:\/\/www.radiopiu.net\/wordpress\/wp-content\/uploads\/2019\/03\/53607183_565134703985239_8684021940882505728_n.jpg 960w, https:\/\/www.radiopiu.net\/wordpress\/wp-content\/uploads\/2019\/03\/53607183_565134703985239_8684021940882505728_n-300x225.jpg 300w, https:\/\/www.radiopiu.net\/wordpress\/wp-content\/uploads\/2019\/03\/53607183_565134703985239_8684021940882505728_n-768x576.jpg 768w\" sizes=\"auto, (max-width: 960px) 100vw, 960px\" \/><\/a><\/p>\n<p>&nbsp;<\/p>\n<p>&nbsp;<\/p>\n<p>&nbsp;<\/p>\n<p>&nbsp;<\/p>\n<h2><a class=\"dt-pswp-item\" href=\"http:\/\/www.radiopiu.net\/wordpress\/wp-content\/uploads\/2018\/09\/WhatsApp-Image-2018-09-20-at-16.04.06.jpeg\" data-dt-img-description=\"\" data-large_image_width=\"800\" data-large_image_height=\"100\"><img loading=\"lazy\" decoding=\"async\" class=\"alignnone wp-image-61378 size-full\" src=\"http:\/\/www.radiopiu.net\/wordpress\/wp-content\/uploads\/2018\/09\/WhatsApp-Image-2018-09-20-at-16.04.06.jpeg\" alt=\"\" width=\"800\" height=\"100\" srcset=\"https:\/\/www.radiopiu.net\/wordpress\/wp-content\/uploads\/2018\/09\/WhatsApp-Image-2018-09-20-at-16.04.06.jpeg 800w, https:\/\/www.radiopiu.net\/wordpress\/wp-content\/uploads\/2018\/09\/WhatsApp-Image-2018-09-20-at-16.04.06-300x38.jpeg 300w, https:\/\/www.radiopiu.net\/wordpress\/wp-content\/uploads\/2018\/09\/WhatsApp-Image-2018-09-20-at-16.04.06-768x96.jpeg 768w\" sizes=\"auto, (max-width: 800px) 100vw, 800px\" \/><\/a><\/h2>\n<p><center><b>Giovedi 21<\/b><\/center><b>Tempo atteso: <\/b>Bel tempo assai pi\u00f9 mite di giorno, con cielo sereno, eccetto temporanei banchi di sottili nubi alte nel tardo pomeriggio\/sera sulle Dolomiti. L&#8217;aria sar\u00e0 ancora molto secca in quota con atmosfera limpida e ottima visibilit\u00e0 ovunque, salvo lievi foschie mattutine nelle conche prealpine. Nelle valli il clima sar\u00e0 fresco di notte e mite di giorno con forte escursione termica diurna.<br \/>\n<b>Precipitazioni: <\/b>Assenti (0%).<br \/>\n<b>Temperature: <\/b>In generale aumento, pi\u00f9 sensibile per le minime in quota e i massimi nelle valli. Le gelate notturne saranno ancora presenti, ma meno diffuse e di minore intensit\u00e0. Sono previsti minimi di -1\/-2\u00b0C nelle conche prealpine e di -2\/-5\u00b0C a 1000\/1200 m. Le punte massime toccheranno i 17\/18\u00b0C nelle conche prealpine e di 12\/14\u00b0C a 1000\/1200 m. Su Prealpi a 1500 m min 1\u00b0C max 8\u00b0C, a 2000 m min 0\u00b0C max 5\u00b0C. Su Dolomiti a 2000 m min -1\u00b0C max 5\u00b0C, a 3000 m min -4\u00b0C max -1\u00b0C.<br \/>\n<b>Venti: <\/b>Nelle valli deboli per brezze, con qualche rinforzo per brezze notturne su alcuni settori prealpini; in quota deboli\/moderati da Nord-Est al mattino e da Est al pomeriggio, a 5-10 km\/h a 2000 m, 15-25 km\/h a 3000 m.<\/p>\n<hr \/>\n<p><center><b>Venerdi 22<\/b><\/center><b>Tempo atteso: <\/b>Tempo ben soleggiato con clima diurno particolarmente mite per il periodo. Il cielo sar\u00e0 sereno, salvo transito di qualche sottile velatura tra le ore centrali e il primo pomeriggio. Come nei giorni precedenti la presenza di aria molto secca in quota favorir\u00e0 un ottima visibilit\u00e0 in montagna.<br \/>\n<b>Precipitazioni: <\/b>Assenti (0%).<br \/>\n<b>Temperature: <\/b>In ulteriore lieve aumento a tutte le quote, con lieve inversione termica notturna nelle valli. In giornata sono previste punte massime di 19\/20\u00b0C nelle conche prealpine e di 15\/17\u00b0C a 1000\/1200 m. Su Prealpi a 1500 m min 4\u00b0C max 11\u00b0C, a 2000 m min 3\u00b0C max 7\u00b0C. Su Dolomiti a 2000 m min 2\u00b0C max 8\u00b0C, a 3000 m min -1\u00b0C max 1\u00b0C.<br \/>\n<b>Venti: <\/b>Nelle valli deboli per brezze, con qualche rinforzo per brezze di monte su alcuni settori prealpini; in quota deboli da Sud-Est, a 5-10 km\/h a 2000 m, 10-15 km\/h a 3000 m.<\/p>\n<hr \/>\n<p><center><b>Sabato 23<\/b><\/center>Tempo ben soleggiato con clima mite. Il cielo sar\u00e0 sereno e la visibilit\u00e0 ottima in montagna. Temperature senza variazioni di rilievo o in leggero aumento rispetto a venerd\u00ec per assenza di velature, specie nelle valli pi\u00f9 assolate. Venti deboli o molto deboli da Est Nord-Est in quota e brezze nelle valli.<\/p>\n<hr \/>\n<p><center><b>Domenica 24<\/b><\/center>Per gran parte del giorno sole velato per il transito di estese e sottili nubi alte. Temperature minime in leggera flessione in quota e in aumento nelle valli, massime in generale lieve diminuzione a tutte le quote. Venti deboli dai quadranti settentrionali in quota. Previsore: R.L.Th.<\/p>\n","protected":false},"excerpt":{"rendered":"<p>&nbsp; LUXOTTICA-ESSILOR A LA GUERRE? Luxottica ed Essilor oggi in Italia, da giorni i Francia, riempiono le pagine di tutti i quotidiani, Del Vecchio allo scontro &#8220;Essilor non rispetta i patti&#8221; titola il Corriere delle Alpi. Dura accusa di Delfin &#8220;Comportamenti che violano palesemente l&#8217;accordo, respinte le accuse di prendere il controllo del gruppo&#8221;. L\u2019irrigidimento&hellip;<\/p>\n","protected":false},"author":1,"featured_media":79742,"comment_status":"closed","ping_status":"closed","sticky":false,"template":"","format":"standard","meta":{"_monsterinsights_skip_tracking":false,"_monsterinsights_sitenote_active":false,"_monsterinsights_sitenote_note":"","_monsterinsights_sitenote_category":0,"footnotes":""},"categories":[86],"tags":[],"class_list":["post-79759","post","type-post","status-publish","format-standard","has-post-thumbnail","hentry","category-gr","category-86","description-off"],"img_url":"https:\/\/www.radiopiu.net\/wordpress\/wp-content\/uploads\/2019\/03\/sedico-2.jpg","_links":{"self":[{"href":"https:\/\/www.radiopiu.net\/wordpress\/wp-json\/wp\/v2\/posts\/79759","targetHints":{"allow":["GET"]}}],"collection":[{"href":"https:\/\/www.radiopiu.net\/wordpress\/wp-json\/wp\/v2\/posts"}],"about":[{"href":"https:\/\/www.radiopiu.net\/wordpress\/wp-json\/wp\/v2\/types\/post"}],"author":[{"embeddable":true,"href":"https:\/\/www.radiopiu.net\/wordpress\/wp-json\/wp\/v2\/users\/1"}],"replies":[{"embeddable":true,"href":"https:\/\/www.radiopiu.net\/wordpress\/wp-json\/wp\/v2\/comments?post=79759"}],"version-history":[{"count":0,"href":"https:\/\/www.radiopiu.net\/wordpress\/wp-json\/wp\/v2\/posts\/79759\/revisions"}],"wp:featuredmedia":[{"embeddable":true,"href":"https:\/\/www.radiopiu.net\/wordpress\/wp-json\/wp\/v2\/media\/79742"}],"wp:attachment":[{"href":"https:\/\/www.radiopiu.net\/wordpress\/wp-json\/wp\/v2\/media?parent=79759"}],"wp:term":[{"taxonomy":"category","embeddable":true,"href":"https:\/\/www.radiopiu.net\/wordpress\/wp-json\/wp\/v2\/categories?post=79759"},{"taxonomy":"post_tag","embeddable":true,"href":"https:\/\/www.radiopiu.net\/wordpress\/wp-json\/wp\/v2\/tags?post=79759"}],"curies":[{"name":"wp","href":"https:\/\/api.w.org\/{rel}","templated":true}]}}