{"id":79946,"date":"2019-03-22T11:10:38","date_gmt":"2019-03-22T10:10:38","guid":{"rendered":"http:\/\/www.radiopiu.net\/wordpress\/?p=79946"},"modified":"2019-03-22T11:10:38","modified_gmt":"2019-03-22T10:10:38","slug":"la-cultura-veneta-a-sostegno-della-montagna-bellunese-nuovi-appuntamenti-da-treviso-a-falcade","status":"publish","type":"post","link":"https:\/\/www.radiopiu.net\/wordpress\/la-cultura-veneta-a-sostegno-della-montagna-bellunese-nuovi-appuntamenti-da-treviso-a-falcade\/","title":{"rendered":"LA CULTURA VENETA A SOSTEGNO DELLA MONTAGNA BELLUNESE: NUOVI APPUNTAMENTI DA TREVISO A FALCADE"},"content":{"rendered":"<p>&nbsp;<\/p>\n<p>&nbsp;<\/p>\n<blockquote>\n<h3 class=\"western\" align=\"JUSTIFY\"><span style=\"color: #000000;\"><span style=\"font-family: Times New Roman, serif;\"><span style=\"font-size: medium;\">Prosegue l\u2019azione di solidariet\u00e0 di Istituzioni, enti e associazioni del mondo della cultura e dello spettacolo del Veneto a favore delle aree montane della nostra regione duramente colpite dagli eventi calamitosi di ottobre e novembre scorsi. <\/span><\/span><\/span><\/h3>\n<\/blockquote>\n<h3 class=\"western\" align=\"JUSTIFY\"><span style=\"color: #000000;\"><span style=\"font-family: Times New Roman, serif;\"><span style=\"font-size: medium;\">Il prossimo appuntamento si terr\u00e0 domani a Treviso: alle ore 21.00, al Teatro Mario Del Monaco, l\u2019Orchestra Ritmico Sinfonica Italiana, diretta dal Maestro Diego Basso, proporr\u00e0 il concerto \u201c<\/span><\/span><\/span><span style=\"color: #000000;\"><span style=\"font-family: Times New Roman, serif;\"><span style=\"font-size: medium;\"><i>La mia Terra<\/i><\/span><\/span><\/span><span style=\"color: #000000;\"><span style=\"font-family: Times New Roman, serif;\"><span style=\"font-size: medium;\">\u201d,\u00a0inedito progetto musicale ideato espressamente per sostenere la montagna veneta. Nelle stessa serata sar\u00e0 presentata un\u2019anteprima, a cura del Teatro Stabile del Veneto, dell\u2019ultima opera dello scrittore padovano Matteo Righetto con le letture di Andrea Pennacchi.<\/span><\/span><\/span><\/h3>\n<h3 class=\"western\" align=\"JUSTIFY\"><span style=\"color: #000000;\"><span style=\"font-family: Times New Roman, serif;\"><span style=\"font-size: medium;\">Lo stesso spettacolo sar\u00e0 poi riproposto sabato 10 agosto al \u201cBosco degli Artisti\u201d di Falcade (Bl): tappa significativa proprio in uno dei boschi delle Dolomiti bellunesi, galleria a cielo aperto, in uno scenario suggestivo, che ospita le opere di scultori e pittori della Val Biois.<\/span><\/span><\/span><\/h3>\n<blockquote>\n<h3 class=\"western\" align=\"JUSTIFY\"><em><span style=\"color: #000000;\">\u201c<span style=\"font-family: Times New Roman, serif;\"><span style=\"font-size: medium;\">In molti hanno raccolto l\u2019appello della Regione e dell\u2019Unione Interregionale Triveneta Agis \u2013 sottolinea l\u2019assessore alla cultura Cristiano Corazzari \u2013 testimoniando la grande sensibilit\u00e0 e generosit\u00e0 dei tanti soggetti che compongono e animano la realt\u00e0 culturale e dello spettacolo del Veneto. Grazie al loro aiuto, con le risorse ottenute attraverso l\u2019organizzazione di vari eventi, potranno essere finanziati interventi per il ripristino dei territori devastati dal maltempo\u201d.<\/span><\/span><\/span><\/em><\/h3>\n<\/blockquote>\n<h3 class=\"western\" align=\"JUSTIFY\"><\/h3>\n","protected":false},"excerpt":{"rendered":"<p>&nbsp; &nbsp; Prosegue l\u2019azione di solidariet\u00e0 di Istituzioni, enti e associazioni del mondo della cultura e dello spettacolo del Veneto a favore delle aree montane della nostra regione duramente colpite dagli eventi calamitosi di ottobre e novembre scorsi. Il prossimo appuntamento si terr\u00e0 domani a Treviso: alle ore 21.00, al Teatro Mario Del Monaco, l\u2019Orchestra&hellip;<\/p>\n","protected":false},"author":1,"featured_media":79934,"comment_status":"closed","ping_status":"closed","sticky":false,"template":"","format":"standard","meta":{"_monsterinsights_skip_tracking":false,"_monsterinsights_sitenote_active":false,"_monsterinsights_sitenote_note":"","_monsterinsights_sitenote_category":0,"footnotes":""},"categories":[49],"tags":[],"class_list":["post-79946","post","type-post","status-publish","format-standard","has-post-thumbnail","hentry","category-news-18","category-49","description-off"],"img_url":"https:\/\/www.radiopiu.net\/wordpress\/wp-content\/uploads\/2019\/03\/WhatsApp-Image-2019-03-22-at-08.50.04.jpeg","_links":{"self":[{"href":"https:\/\/www.radiopiu.net\/wordpress\/wp-json\/wp\/v2\/posts\/79946","targetHints":{"allow":["GET"]}}],"collection":[{"href":"https:\/\/www.radiopiu.net\/wordpress\/wp-json\/wp\/v2\/posts"}],"about":[{"href":"https:\/\/www.radiopiu.net\/wordpress\/wp-json\/wp\/v2\/types\/post"}],"author":[{"embeddable":true,"href":"https:\/\/www.radiopiu.net\/wordpress\/wp-json\/wp\/v2\/users\/1"}],"replies":[{"embeddable":true,"href":"https:\/\/www.radiopiu.net\/wordpress\/wp-json\/wp\/v2\/comments?post=79946"}],"version-history":[{"count":0,"href":"https:\/\/www.radiopiu.net\/wordpress\/wp-json\/wp\/v2\/posts\/79946\/revisions"}],"wp:featuredmedia":[{"embeddable":true,"href":"https:\/\/www.radiopiu.net\/wordpress\/wp-json\/wp\/v2\/media\/79934"}],"wp:attachment":[{"href":"https:\/\/www.radiopiu.net\/wordpress\/wp-json\/wp\/v2\/media?parent=79946"}],"wp:term":[{"taxonomy":"category","embeddable":true,"href":"https:\/\/www.radiopiu.net\/wordpress\/wp-json\/wp\/v2\/categories?post=79946"},{"taxonomy":"post_tag","embeddable":true,"href":"https:\/\/www.radiopiu.net\/wordpress\/wp-json\/wp\/v2\/tags?post=79946"}],"curies":[{"name":"wp","href":"https:\/\/api.w.org\/{rel}","templated":true}]}}