{"id":79975,"date":"2019-03-23T05:52:11","date_gmt":"2019-03-23T04:52:11","guid":{"rendered":"http:\/\/www.radiopiu.net\/wordpress\/?p=79975"},"modified":"2019-03-23T18:43:58","modified_gmt":"2019-03-23T17:43:58","slug":"il-dottore-bertone-direttore-della-chirurgia-di-pieve-di-cadore","status":"publish","type":"post","link":"https:\/\/www.radiopiu.net\/wordpress\/il-dottore-bertone-direttore-della-chirurgia-di-pieve-di-cadore\/","title":{"rendered":"IL DOTTORE BERTONE DIRETTORE DELLA CHIRURGIA DI PIEVE DI CADORE"},"content":{"rendered":"<blockquote>\n<p align=\"JUSTIFY\"><strong><a class=\"dt-pswp-item\" href=\"http:\/\/www.radiopiu.net\/wordpress\/wp-content\/uploads\/2019\/03\/02R.B..jpg\" data-dt-img-description=\"\" data-large_image_width=\"1664\" data-large_image_height=\"2400\"><img loading=\"lazy\" decoding=\"async\" class=\"size-medium wp-image-79976 alignleft\" src=\"http:\/\/www.radiopiu.net\/wordpress\/wp-content\/uploads\/2019\/03\/02R.B.-208x300.jpg\" alt=\"\" width=\"208\" height=\"300\" srcset=\"https:\/\/www.radiopiu.net\/wordpress\/wp-content\/uploads\/2019\/03\/02R.B.-208x300.jpg 208w, https:\/\/www.radiopiu.net\/wordpress\/wp-content\/uploads\/2019\/03\/02R.B.-768x1108.jpg 768w, https:\/\/www.radiopiu.net\/wordpress\/wp-content\/uploads\/2019\/03\/02R.B.-710x1024.jpg 710w, https:\/\/www.radiopiu.net\/wordpress\/wp-content\/uploads\/2019\/03\/02R.B..jpg 1664w\" sizes=\"auto, (max-width: 208px) 100vw, 208px\" \/><\/a>AGORDO\u00a0<\/strong>Roberto Bertone, volto noto tra le mura dell&#8217;ospedale di Agordo, professionista eccellente\u00a0 dentro quelle mura, altrettanto fuori nell&#8217;ambito del Soccorso Alpino e le cime delle Dolomiti Agordine sono a lui ben note. Per questo un po&#8217; dispiace che il dottor Bertone si &#8220;trasferisca&#8221; nel Cadore, ma di fatto il dottor Bertone non perder\u00e0 il contatto con Agordo perch\u00e9 Pieve e Agordo condividono l&#8217;apicalit\u00e0.\u00a0 Il merito al dottor Bertone non si toglie e il <span style=\"font-size: medium;\"><span style=\"font-family: Calibri, sans-serif;\">Direttore Generale gli\u00a0 ha conferito l\u2019incarico di durata quinquennale di Direttore della struttura complessa\u00a0 di Chirurgia Generale dell\u2019ospedale di Pieve di Cadore. Roberto Bertone, primo classificato nella terna di candidati risultati idonei a seguito di selezione pubblica tenutasi il 22 febbraio scorso. <\/span><\/span><\/p>\n<\/blockquote>\n<p align=\"JUSTIFY\"><span style=\"font-size: medium;\"><span style=\"font-family: Calibri, sans-serif;\">Il dr. Bertone \u00e8 nato a Torino il 14\/10\/52. <\/span><\/span><span style=\"font-size: medium; font-family: Calibri, sans-serif;\">Laureato in Medicina e Chirurgia presso l\u2019Universit\u00e0 di Padova, ha conseguito il Diploma di Specializzazione in Chirurgia di Urgenza e di Pronto Soccorso, sempre presso l\u2019Universit\u00e0 degli Studi di Padova. <\/span><span style=\"font-family: Calibri, sans-serif;\"><span style=\"font-size: medium;\">Il dr. Bertone ha lavorato presso l\u2019UOC di Chirurgia Generale dell\u2019Ospedale di Tirano (SO) e successivamente, dal 1990 al 1998, presso l\u2019UOC di Chirurgia Generale dell\u2019Ospedale di Agordo. <\/span><\/span><span style=\"font-size: medium; font-family: Calibri, sans-serif;\">Dal 1998 al 2000 ha ricoperto le funzioni di Direzione di Pronto Soccorso, dedicandosi alla formazione dei volontari delle ambulanze. <\/span><span style=\"font-family: Calibri, sans-serif;\"><span style=\"font-size: medium;\">Dal 2000 ad oggi \u00e8 dirigente medico presso l\u2019UOC di Chirurgia Generale dell\u2019ospedale di Agordo , dal 2001 con incarico di Responsabile dell\u2019UOS di Week surgery. <\/span><\/span><span style=\"font-family: Calibri, sans-serif;\"><span style=\"font-size: medium;\">Lo specialista ha sviluppato una consolidata esperienza per quanto attiene al volume e alla complessit\u00e0 delle prestazioni chirurgiche, nonch\u00e9 nella gestione delle attivit\u00e0 caratteristiche del regime chirurgico eseguibile in Day surgery , Week surgery e ambulatoriale. <\/span><\/span><\/p>\n<blockquote>\n<p align=\"JUSTIFY\"><span style=\"font-family: Calibri, sans-serif;\"><span style=\"font-size: medium;\">Soddisfazione \u00e8 stata espressa dal Direttore Generale per la nomina del dott. Bertone alla guida dell\u2019UOC di Chirurgia dell\u2019Ospedale di Pieve di Cadore, specialista che si \u00e8 formato all\u2019interno della realt\u00e0 aziendale, ove ha maturato una buona esperienza nell\u2019ambito professionale richiesto. <\/span><\/span><\/p>\n<\/blockquote>\n","protected":false},"excerpt":{"rendered":"<p>AGORDO\u00a0Roberto Bertone, volto noto tra le mura dell&#8217;ospedale di Agordo, professionista eccellente\u00a0 dentro quelle mura, altrettanto fuori nell&#8217;ambito del Soccorso Alpino e le cime delle Dolomiti Agordine sono a lui ben note. Per questo un po&#8217; dispiace che il dottor Bertone si &#8220;trasferisca&#8221; nel Cadore, ma di fatto il dottor Bertone non perder\u00e0 il contatto&hellip;<\/p>\n","protected":false},"author":1,"featured_media":79976,"comment_status":"closed","ping_status":"closed","sticky":false,"template":"","format":"standard","meta":{"_monsterinsights_skip_tracking":false,"_monsterinsights_sitenote_active":false,"_monsterinsights_sitenote_note":"","_monsterinsights_sitenote_category":0,"footnotes":""},"categories":[49],"tags":[],"class_list":["post-79975","post","type-post","status-publish","format-standard","has-post-thumbnail","hentry","category-news-18","category-49","description-off"],"img_url":"https:\/\/www.radiopiu.net\/wordpress\/wp-content\/uploads\/2019\/03\/02R.B..jpg","_links":{"self":[{"href":"https:\/\/www.radiopiu.net\/wordpress\/wp-json\/wp\/v2\/posts\/79975","targetHints":{"allow":["GET"]}}],"collection":[{"href":"https:\/\/www.radiopiu.net\/wordpress\/wp-json\/wp\/v2\/posts"}],"about":[{"href":"https:\/\/www.radiopiu.net\/wordpress\/wp-json\/wp\/v2\/types\/post"}],"author":[{"embeddable":true,"href":"https:\/\/www.radiopiu.net\/wordpress\/wp-json\/wp\/v2\/users\/1"}],"replies":[{"embeddable":true,"href":"https:\/\/www.radiopiu.net\/wordpress\/wp-json\/wp\/v2\/comments?post=79975"}],"version-history":[{"count":0,"href":"https:\/\/www.radiopiu.net\/wordpress\/wp-json\/wp\/v2\/posts\/79975\/revisions"}],"wp:featuredmedia":[{"embeddable":true,"href":"https:\/\/www.radiopiu.net\/wordpress\/wp-json\/wp\/v2\/media\/79976"}],"wp:attachment":[{"href":"https:\/\/www.radiopiu.net\/wordpress\/wp-json\/wp\/v2\/media?parent=79975"}],"wp:term":[{"taxonomy":"category","embeddable":true,"href":"https:\/\/www.radiopiu.net\/wordpress\/wp-json\/wp\/v2\/categories?post=79975"},{"taxonomy":"post_tag","embeddable":true,"href":"https:\/\/www.radiopiu.net\/wordpress\/wp-json\/wp\/v2\/tags?post=79975"}],"curies":[{"name":"wp","href":"https:\/\/api.w.org\/{rel}","templated":true}]}}