{"id":80022,"date":"2019-03-23T05:50:50","date_gmt":"2019-03-23T04:50:50","guid":{"rendered":"http:\/\/www.radiopiu.net\/wordpress\/?p=80022"},"modified":"2019-03-23T05:51:15","modified_gmt":"2019-03-23T04:51:15","slug":"la-cultura-veneta-a-sostegno-della-montagna-bellunese-nuovi-appuntamenti-da-treviso-a-falcade-2","status":"publish","type":"post","link":"https:\/\/www.radiopiu.net\/wordpress\/la-cultura-veneta-a-sostegno-della-montagna-bellunese-nuovi-appuntamenti-da-treviso-a-falcade-2\/","title":{"rendered":"LA CULTURA VENETA A SOSTEGNO DELLA MONTAGNA BELLUNESE: NUOVI APPUNTAMENTI DA TREVISO A FALCADE"},"content":{"rendered":"<p><a class=\"dt-pswp-item\" href=\"http:\/\/www.radiopiu.net\/wordpress\/wp-content\/uploads\/2019\/03\/WhatsApp-Image-2019-03-22-at-08.50.04.jpeg\" data-dt-img-description=\"\" data-large_image_width=\"1600\" data-large_image_height=\"1200\"><img loading=\"lazy\" decoding=\"async\" class=\" wp-image-79934 alignleft\" src=\"http:\/\/www.radiopiu.net\/wordpress\/wp-content\/uploads\/2019\/03\/WhatsApp-Image-2019-03-22-at-08.50.04-300x225.jpeg\" alt=\"\" width=\"241\" height=\"181\" srcset=\"https:\/\/www.radiopiu.net\/wordpress\/wp-content\/uploads\/2019\/03\/WhatsApp-Image-2019-03-22-at-08.50.04-300x225.jpeg 300w, https:\/\/www.radiopiu.net\/wordpress\/wp-content\/uploads\/2019\/03\/WhatsApp-Image-2019-03-22-at-08.50.04-768x576.jpeg 768w, https:\/\/www.radiopiu.net\/wordpress\/wp-content\/uploads\/2019\/03\/WhatsApp-Image-2019-03-22-at-08.50.04-1024x768.jpeg 1024w, https:\/\/www.radiopiu.net\/wordpress\/wp-content\/uploads\/2019\/03\/WhatsApp-Image-2019-03-22-at-08.50.04.jpeg 1600w\" sizes=\"auto, (max-width: 241px) 100vw, 241px\" \/><\/a>Prosegue l\u2019azione di solidariet\u00e0 di Istituzioni, enti e associazioni del mondo della cultura e dello spettacolo del Veneto a favore delle aree montane della nostra regione duramente colpite dagli eventi calamitosi di ottobre e novembre scorsi.\u00a0 Il prossimo appuntamento si terr\u00e0 domani a Treviso: alle ore 21.00, al Teatro Mario Del Monaco, l\u2019Orchestra Ritmico Sinfonica Italiana, diretta dal Maestro Diego Basso, proporr\u00e0 il concerto \u201cLa mia Terra\u201d, inedito progetto musicale ideato espressamente per sostenere la montagna veneta. Nelle stessa serata sar\u00e0 presentata un\u2019anteprima, a cura del Teatro Stabile del Veneto, dell\u2019ultima opera dello scrittore padovano Matteo Righetto con le letture di Andrea Pennacchi. Lo stesso spettacolo sar\u00e0 poi riproposto sabato 10 agosto al \u201cBosco degli Artisti\u201d di Falcade (Bl): tappa significativa proprio in uno dei boschi delle Dolomiti bellunesi, galleria a cielo aperto, in uno scenario suggestivo, che ospita le opere di scultori e pittori della Val Biois.<\/p>\n<blockquote><p><em>\u201cIn molti hanno raccolto l\u2019appello della Regione e dell\u2019Unione Interregionale Triveneta Agis \u2013 sottolinea l\u2019assessore alla cultura Cristiano Corazzari \u2013 testimoniando la grande sensibilit\u00e0 e generosit\u00e0 dei tanti soggetti che compongono e animano la realt\u00e0 culturale e dello spettacolo del Veneto. Grazie al loro aiuto, con le risorse ottenute attraverso l\u2019organizzazione di vari eventi, potranno essere finanziati interventi per il ripristino dei territori devastati dal maltempo\u201d.<\/em><\/p><\/blockquote>\n<p>&nbsp;<\/p>\n<h3><\/h3>\n","protected":false},"excerpt":{"rendered":"<p>Prosegue l\u2019azione di solidariet\u00e0 di Istituzioni, enti e associazioni del mondo della cultura e dello spettacolo del Veneto a favore delle aree montane della nostra regione duramente colpite dagli eventi calamitosi di ottobre e novembre scorsi.\u00a0 Il prossimo appuntamento si terr\u00e0 domani a Treviso: alle ore 21.00, al Teatro Mario Del Monaco, l\u2019Orchestra Ritmico Sinfonica&hellip;<\/p>\n","protected":false},"author":1,"featured_media":80023,"comment_status":"closed","ping_status":"closed","sticky":false,"template":"","format":"standard","meta":{"_monsterinsights_skip_tracking":false,"_monsterinsights_sitenote_active":false,"_monsterinsights_sitenote_note":"","_monsterinsights_sitenote_category":0,"footnotes":""},"categories":[1],"tags":[],"class_list":["post-80022","post","type-post","status-publish","format-standard","has-post-thumbnail","hentry","category-senza-categoria","category-1","description-off"],"img_url":"https:\/\/www.radiopiu.net\/wordpress\/wp-content\/uploads\/2019\/03\/images-1.jpg","_links":{"self":[{"href":"https:\/\/www.radiopiu.net\/wordpress\/wp-json\/wp\/v2\/posts\/80022","targetHints":{"allow":["GET"]}}],"collection":[{"href":"https:\/\/www.radiopiu.net\/wordpress\/wp-json\/wp\/v2\/posts"}],"about":[{"href":"https:\/\/www.radiopiu.net\/wordpress\/wp-json\/wp\/v2\/types\/post"}],"author":[{"embeddable":true,"href":"https:\/\/www.radiopiu.net\/wordpress\/wp-json\/wp\/v2\/users\/1"}],"replies":[{"embeddable":true,"href":"https:\/\/www.radiopiu.net\/wordpress\/wp-json\/wp\/v2\/comments?post=80022"}],"version-history":[{"count":0,"href":"https:\/\/www.radiopiu.net\/wordpress\/wp-json\/wp\/v2\/posts\/80022\/revisions"}],"wp:featuredmedia":[{"embeddable":true,"href":"https:\/\/www.radiopiu.net\/wordpress\/wp-json\/wp\/v2\/media\/80023"}],"wp:attachment":[{"href":"https:\/\/www.radiopiu.net\/wordpress\/wp-json\/wp\/v2\/media?parent=80022"}],"wp:term":[{"taxonomy":"category","embeddable":true,"href":"https:\/\/www.radiopiu.net\/wordpress\/wp-json\/wp\/v2\/categories?post=80022"},{"taxonomy":"post_tag","embeddable":true,"href":"https:\/\/www.radiopiu.net\/wordpress\/wp-json\/wp\/v2\/tags?post=80022"}],"curies":[{"name":"wp","href":"https:\/\/api.w.org\/{rel}","templated":true}]}}