{"id":80028,"date":"2019-03-23T05:50:18","date_gmt":"2019-03-23T04:50:18","guid":{"rendered":"http:\/\/www.radiopiu.net\/wordpress\/?p=80028"},"modified":"2019-03-23T18:43:50","modified_gmt":"2019-03-23T17:43:50","slug":"una-settimana-alla-radio-nel-ricordo-di-peppino-impastato-e-radio-aut-2","status":"publish","type":"post","link":"https:\/\/www.radiopiu.net\/wordpress\/una-settimana-alla-radio-nel-ricordo-di-peppino-impastato-e-radio-aut-2\/","title":{"rendered":"UNA SETTIMANA ALLA RADIO, NEL RICORDO DI PEPPINO IMPASTATO E RADIO AUT"},"content":{"rendered":"<h2><\/h2>\n<p>Peppino Impastato: un ponte di impegno e giustizia tra Agordo e Cinisi<\/p>\n<p><span style=\"color: #ff0000;\"><em>\u00a0Chi \u00e8 colui al quale l&#8217;amministrazione di Agordo ha intitolato il parcheggio di Tamonich? Radio Pi\u00f9 vi propone una settimana di approfondimenti, di interviste, di spettacoli, di poesie e musiche per scoprire di pi\u00f9 su Peppino Impastato e sulle mafie di casa nostra<\/em><\/span><\/p>\n<p><strong>LA PRESENTAZIONE, DI GIANNI SANTOMASO<\/strong><\/p>\n<p>audio<\/p>\n<audio class=\"wp-audio-shortcode\" id=\"audio-80028-1\" preload=\"none\" style=\"width: 100%;\" controls=\"controls\"><source type=\"audio\/mpeg\" src=\"http:\/\/www.radiopiu.net\/wordpress\/wp-content\/uploads\/2019\/03\/GIANNI-IMPASTATO-VENERDI.mp3?_=1\" \/><a href=\"http:\/\/www.radiopiu.net\/wordpress\/wp-content\/uploads\/2019\/03\/GIANNI-IMPASTATO-VENERDI.mp3\">http:\/\/www.radiopiu.net\/wordpress\/wp-content\/uploads\/2019\/03\/GIANNI-IMPASTATO-VENERDI.mp3<\/a><\/audio>\n<p><strong><a class=\"dt-pswp-item\" href=\"http:\/\/www.radiopiu.net\/wordpress\/wp-content\/uploads\/2018\/04\/ascoltalaradio.png\" data-dt-img-description=\"\" data-large_image_width=\"365\" data-large_image_height=\"255\"><img loading=\"lazy\" decoding=\"async\" class=\" wp-image-46070 alignleft\" src=\"http:\/\/www.radiopiu.net\/wordpress\/wp-content\/uploads\/2018\/04\/ascoltalaradio-300x210.png\" alt=\"\" width=\"164\" height=\"115\" srcset=\"https:\/\/www.radiopiu.net\/wordpress\/wp-content\/uploads\/2018\/04\/ascoltalaradio-300x210.png 300w, https:\/\/www.radiopiu.net\/wordpress\/wp-content\/uploads\/2018\/04\/ascoltalaradio.png 365w\" sizes=\"auto, (max-width: 164px) 100vw, 164px\" \/><\/a>Radio Pi\u00f9 ha pensato di fare la sua parte cercando di avvicinare, di far conoscere agli agordini, ma non solo, giorno dopo giorno, a partire da luned\u00ec, la figura di Peppino Impastato senza perdere di vista il contesto attuale del nord-est. Lo abbiamo fatto chiedendo dei contributi e registrando delle interviste con personaggi del mondo della scuola, della politica, della religione, dell\u2019informazione: Antonio Zanetel, studente del secondo anno del liceo linguistico Dal Piaz di Feltre e delle Scuole in rete; gli alunni della classe 3A della scuola media di Canale d\u2019Agordo dell\u2019anno scolastico 2015-16; Nicol\u00f2 Luciani del Coordinamento di Libera Belluno; Francesco Trotta, scrittore dell\u2019associazione Cosa Vostra; Ugo Dinello, giornalista della Nuova di Venezia e Mestre e autore con Luana De Francisco e Giampiero Rossi del libro \u201cMafia a Nord-Est\u201d; Umberto Santino, presidente del Centro siciliano di documentazione intitolato a Peppino Impastato; don Luigi Ciotti, presidente e fondatore di Libera; Rosy Bindi, presidente della Commissione parlamentare anti-mafia dal 2013 al 2018; Beppe Giulietti, presidente della Federazione nazionale della stampa italiana; Luigi Lo Cascio, attore che ha interpretato Peppino Impastato nel film \u201cI cento passi\u201d. Non solo. Sempre da luned\u00ec trasmetteremo ogni giorno all\u2019interno di \u201cIn Vivo Verso\u201d, una poesia di Peppino Impastato, letta da Loris Santomaso e accompagnata al flauto da Candida Capraro e alla chitarra da Simone Fabris. Tutto questo per cercare di dire che Peppino \u00e8 ancora vivo, ma che anche quass\u00f9, fra le Dolomiti, occorre che ciascuno lotti oggi assieme a lui.<\/strong><\/p>\n<p>&nbsp;<\/p>\n<p>FOTO COPERTINA IL MEGAFONOQUOTIDIANO.IT<\/p>\n","protected":false},"excerpt":{"rendered":"<p>Peppino Impastato: un ponte di impegno e giustizia tra Agordo e Cinisi \u00a0Chi \u00e8 colui al quale l&#8217;amministrazione di Agordo ha intitolato il parcheggio di Tamonich? Radio Pi\u00f9 vi propone una settimana di approfondimenti, di interviste, di spettacoli, di poesie e musiche per scoprire di pi\u00f9 su Peppino Impastato e sulle mafie di casa nostra&hellip;<\/p>\n","protected":false},"author":1,"featured_media":80029,"comment_status":"closed","ping_status":"closed","sticky":false,"template":"","format":"standard","meta":{"_monsterinsights_skip_tracking":false,"_monsterinsights_sitenote_active":false,"_monsterinsights_sitenote_note":"","_monsterinsights_sitenote_category":0,"footnotes":""},"categories":[49],"tags":[],"class_list":["post-80028","post","type-post","status-publish","format-standard","has-post-thumbnail","hentry","category-news-18","category-49","description-off"],"img_url":"https:\/\/www.radiopiu.net\/wordpress\/wp-content\/uploads\/2019\/03\/images-2.jpg","_links":{"self":[{"href":"https:\/\/www.radiopiu.net\/wordpress\/wp-json\/wp\/v2\/posts\/80028","targetHints":{"allow":["GET"]}}],"collection":[{"href":"https:\/\/www.radiopiu.net\/wordpress\/wp-json\/wp\/v2\/posts"}],"about":[{"href":"https:\/\/www.radiopiu.net\/wordpress\/wp-json\/wp\/v2\/types\/post"}],"author":[{"embeddable":true,"href":"https:\/\/www.radiopiu.net\/wordpress\/wp-json\/wp\/v2\/users\/1"}],"replies":[{"embeddable":true,"href":"https:\/\/www.radiopiu.net\/wordpress\/wp-json\/wp\/v2\/comments?post=80028"}],"version-history":[{"count":0,"href":"https:\/\/www.radiopiu.net\/wordpress\/wp-json\/wp\/v2\/posts\/80028\/revisions"}],"wp:featuredmedia":[{"embeddable":true,"href":"https:\/\/www.radiopiu.net\/wordpress\/wp-json\/wp\/v2\/media\/80029"}],"wp:attachment":[{"href":"https:\/\/www.radiopiu.net\/wordpress\/wp-json\/wp\/v2\/media?parent=80028"}],"wp:term":[{"taxonomy":"category","embeddable":true,"href":"https:\/\/www.radiopiu.net\/wordpress\/wp-json\/wp\/v2\/categories?post=80028"},{"taxonomy":"post_tag","embeddable":true,"href":"https:\/\/www.radiopiu.net\/wordpress\/wp-json\/wp\/v2\/tags?post=80028"}],"curies":[{"name":"wp","href":"https:\/\/api.w.org\/{rel}","templated":true}]}}