{"id":80104,"date":"2019-03-25T05:59:18","date_gmt":"2019-03-25T04:59:18","guid":{"rendered":"http:\/\/www.radiopiu.net\/wordpress\/?p=80104"},"modified":"2019-03-25T11:42:22","modified_gmt":"2019-03-25T10:42:22","slug":"giornale-radiopiu-25-marzo-2019-direttore-mirko-mezzacasa","status":"publish","type":"post","link":"https:\/\/www.radiopiu.net\/wordpress\/giornale-radiopiu-25-marzo-2019-direttore-mirko-mezzacasa\/","title":{"rendered":"GIORNALE RADIOPIU 25 MARZO 2019 DIRETTORE MIRKO MEZZACASA"},"content":{"rendered":"<h2><\/h2>\n<blockquote><p>Oggi \u00e8 in programma il CDA della Fondazione Unesco: Serrai di Sottoguda, mobilit\u00e0 in quota, impianti di sci, soprattutto viene lanciata la raccolta per la ricostruzione del canyon dei Serrai come ricorda in un ampio articolo di apertura sul Corriere delle Alpi Francesco Dal Mas che affronta anche un altro tema: strade e passi bloccati \u00e8 di nuovo scontro sulle chiusure.<\/p><\/blockquote>\n<p>Fine settimana di incidenti in montagna, incidenti nei cieli (atterraggio in emergenza per un aliante), strani furti di\u00a0 auto ad Agordo (ritrovata dopo poche ore nello stesso posto dove era parcheggiata) mentre a Feltre i Carabinieri assicurano alla giustizia i ladri di offerte in Duomo, smascherati dalla telecamere. Ma \u00e8 stato anche un fine settimana di festa per le ragazze dell&#8217;Alleghe Hockey campionesse d&#8217;Italia, per Alessandro Valt e Leonardo D&#8217;Inc\u00e0 sul podio del GP giovanissimi di sci, per Marco Tormen un altro successo con il Kart a Jesolo nella prima del campionato austriaco. Ieri \u00e8 stato anche il giorno dell&#8217;assemblea del Cai di Agordo, oggi sul Corriere delle Alpi e nei notiziari di RADIOPIU dettagliati servizi di Gianni Santomaso che cura anche il reportage dalla mostra di Mel sul grande Torino. Sempre il Corriere oggi festeggia le ragazze dell&#8217;hockey Alleghe campionesse d&#8217;Italia!<\/p>\n<h2><\/h2>\n<h2><\/h2>\n<h2>DA OGGI\u00a0 PER UNA SETTIMANA, NEL RICORDO DI PEPPINO IMPASTATO E RADIO AUT<\/h2>\n<p>Peppino Impastato: un ponte di impegno e giustizia tra Agordo e Cinisi<\/p>\n<p><span style=\"color: #ff0000;\"><em>\u00a0Chi \u00e8 colui al quale l&#8217;amministrazione di Agordo ha intitolato il parcheggio di Tamonich? Radio Pi\u00f9 vi propone una settimana di approfondimenti, di interviste, di spettacoli, di poesie e musiche per scoprire di pi\u00f9 su Peppino Impastato e sulle mafie di casa nostra<\/em><\/span><\/p>\n<p><strong>LA PRESENTAZIONE, DI GIANNI SANTOMASO<\/strong><\/p>\n<p>audio<\/p>\n<audio class=\"wp-audio-shortcode\" id=\"audio-80104-1\" preload=\"none\" style=\"width: 100%;\" controls=\"controls\"><source type=\"audio\/mpeg\" src=\"http:\/\/www.radiopiu.net\/wordpress\/wp-content\/uploads\/2019\/03\/GIANNI-IMPASTATO-VENERDI.mp3?_=1\" \/><a href=\"http:\/\/www.radiopiu.net\/wordpress\/wp-content\/uploads\/2019\/03\/GIANNI-IMPASTATO-VENERDI.mp3\">http:\/\/www.radiopiu.net\/wordpress\/wp-content\/uploads\/2019\/03\/GIANNI-IMPASTATO-VENERDI.mp3<\/a><\/audio>\n<p>&nbsp;<\/p>\n<p><strong><a class=\"dt-pswp-item\" href=\"http:\/\/www.radiopiu.net\/wordpress\/wp-content\/uploads\/2018\/04\/ascoltalaradio.png\" data-dt-img-description=\"\" data-large_image_width=\"365\" data-large_image_height=\"255\"><img loading=\"lazy\" decoding=\"async\" class=\" wp-image-46070 alignleft\" src=\"http:\/\/www.radiopiu.net\/wordpress\/wp-content\/uploads\/2018\/04\/ascoltalaradio-300x210.png\" alt=\"\" width=\"164\" height=\"115\" srcset=\"https:\/\/www.radiopiu.net\/wordpress\/wp-content\/uploads\/2018\/04\/ascoltalaradio-300x210.png 300w, https:\/\/www.radiopiu.net\/wordpress\/wp-content\/uploads\/2018\/04\/ascoltalaradio.png 365w\" sizes=\"auto, (max-width: 164px) 100vw, 164px\" \/><\/a>Radio Pi\u00f9 ha pensato di fare la sua parte cercando di avvicinare, di far conoscere agli agordini, ma non solo, giorno dopo giorno, a partire da luned\u00ec, la figura di Peppino Impastato senza perdere di vista il contesto attuale del nord-est. Lo abbiamo fatto chiedendo dei contributi e registrando delle interviste con personaggi del mondo della scuola, della politica, della religione, dell\u2019informazione: Antonio Zanetel, studente del secondo anno del liceo linguistico Dal Piaz di Feltre e delle Scuole in rete; gli alunni della classe 3A della scuola media di Canale d\u2019Agordo dell\u2019anno scolastico 2015-16; Nicol\u00f2 Luciani del Coordinamento di Libera Belluno; Francesco Trotta, scrittore dell\u2019associazione Cosa Vostra; Ugo Dinello, giornalista della Nuova di Venezia e Mestre e autore con Luana De Francisco e Giampiero Rossi del libro \u201cMafia a Nord-Est\u201d; Umberto Santino, presidente del Centro siciliano di documentazione intitolato a Peppino Impastato; don Luigi Ciotti, presidente e fondatore di Libera; Rosy Bindi, presidente della Commissione parlamentare anti-mafia dal 2013 al 2018; Beppe Giulietti, presidente della Federazione nazionale della stampa italiana; Luigi Lo Cascio, attore che ha interpretato Peppino Impastato nel film \u201cI cento passi\u201d. Non solo. Sempre da luned\u00ec trasmetteremo ogni giorno all\u2019interno di \u201cIn Vivo Verso\u201d, una poesia di Peppino Impastato, letta da Loris Santomaso e accompagnata al flauto da Candida Capraro e alla chitarra da Simone Fabris. Tutto questo per cercare di dire che Peppino \u00e8 ancora vivo, ma che anche quass\u00f9, fra le Dolomiti, occorre che ciascuno lotti oggi assieme a lui.<\/strong><\/p>\n<p>&nbsp;<\/p>\n<blockquote><p>&nbsp;<\/p>\n<h2><span style=\"color: #000000;\">WE ARE THE CHAMPION:\u00a0 <\/span><\/h2>\n<h2><span style=\"color: #000000;\"><span style=\"color: #ff0000;\">PER VOI RAGAZZE<\/span><\/span><span style=\"color: #ff0000;\"> ALLEGHESI, GRAZIE PER AVERCI DI NUOVO FATTO BATTERE IL CUORE.<\/span><\/h2>\n<h2><span style=\"color: #008000;\">ALLEGHE FEMMINILE: CAMPIONESSE D&#8217;ITALIA 2019<\/span><\/h2>\n<p><a class=\"dt-pswp-item\" href=\"http:\/\/www.radiopiu.net\/wordpress\/wp-content\/uploads\/2019\/03\/54799408_10218564991020040_6095212175377301504_n.jpg\" data-dt-img-description=\"\" data-large_image_width=\"720\" data-large_image_height=\"960\"><img loading=\"lazy\" decoding=\"async\" class=\"wp-image-80272 alignleft\" src=\"http:\/\/www.radiopiu.net\/wordpress\/wp-content\/uploads\/2019\/03\/54799408_10218564991020040_6095212175377301504_n.jpg\" alt=\"\" width=\"195\" height=\"260\" srcset=\"https:\/\/www.radiopiu.net\/wordpress\/wp-content\/uploads\/2019\/03\/54799408_10218564991020040_6095212175377301504_n.jpg 720w, https:\/\/www.radiopiu.net\/wordpress\/wp-content\/uploads\/2019\/03\/54799408_10218564991020040_6095212175377301504_n-225x300.jpg 225w\" sizes=\"auto, (max-width: 195px) 100vw, 195px\" \/><\/a>Sono incollato alla Radio PI\u00f9, come per anni sono stato incollato al microfono dall&#8217;altra parte. Dalla radio la voce di\u00a0<a class=\"profileLink\" href=\"https:\/\/www.facebook.com\/marcobaghy?__tn__=K-R&amp;eid=ARBkdN01mWb7vcrmL6M251SrG3i-wjXwek5F22qEWPuHn1v6mHWL8I1_vPQNX46y0LXtLFuqBYcAMqtf&amp;fref=mentions&amp;__xts__%5B0%5D=68.ARCgLCs5t8cH1cx4JQM8c1IwDuokUgXfUaM5FsQ3IbGSc-qJqwH8k8w-8dS8KEd_a8BRYxecPtCZ2csIDLLvi66sCz3VsKzX4M4JoyY2CXehbyXYzzxoea27ZP1DPlPHpmrcrW7O2iIZ5_IfBTj_mxY7qCSbJ10b-ye0A_rQKstEEszH7JdvDHxfZfbJOi6rn3obeqXN7Eh7Sv2zFw\" data-hovercard=\"\/ajax\/hovercard\/user.php?id=1354256941&amp;extragetparams=%7B%22__tn__%22%3A%22%2CdK-R-R%22%2C%22eid%22%3A%22ARBkdN01mWb7vcrmL6M251SrG3i-wjXwek5F22qEWPuHn1v6mHWL8I1_vPQNX46y0LXtLFuqBYcAMqtf%22%2C%22fref%22%3A%22mentions%22%7D\" data-hovercard-prefer-more-content-show=\"1\">Marco Gaz<\/a>,\u00a0<a class=\"profileLink\" href=\"https:\/\/www.facebook.com\/alleghehockeygirl\/?__tn__=K-R&amp;eid=ARBpU3DxMkCkDVrk5vV3660BXTECMNAQVcEQ1SyATqJC0hGDsLUoCqlXHVmOpSkFYveFnz45Fv1NqF5j&amp;fref=mentions&amp;__xts__%5B0%5D=68.ARCgLCs5t8cH1cx4JQM8c1IwDuokUgXfUaM5FsQ3IbGSc-qJqwH8k8w-8dS8KEd_a8BRYxecPtCZ2csIDLLvi66sCz3VsKzX4M4JoyY2CXehbyXYzzxoea27ZP1DPlPHpmrcrW7O2iIZ5_IfBTj_mxY7qCSbJ10b-ye0A_rQKstEEszH7JdvDHxfZfbJOi6rn3obeqXN7Eh7Sv2zFw\" data-hovercard=\"\/ajax\/hovercard\/page.php?id=1499302960328709&amp;extragetparams=%7B%22__tn__%22%3A%22%2CdK-R-R%22%2C%22eid%22%3A%22ARBpU3DxMkCkDVrk5vV3660BXTECMNAQVcEQ1SyATqJC0hGDsLUoCqlXHVmOpSkFYveFnz45Fv1NqF5j%22%2C%22fref%22%3A%22mentions%22%7D\" data-hovercard-prefer-more-content-show=\"1\">SEFI Alleghe Hockey Girls<\/a> in vantaggio per 1-0&#8230; un po&#8217; incredulo alzo il volume, ma \u00e8 da ieri sera che che dico a Brunella, guarda che domani queste sono capaci di ficcargliela, alle aquilotte bolzanine&#8230;<br \/>\nLa tecnologia e la mano di\u00a0<a class=\"profileLink\" href=\"https:\/\/www.facebook.com\/bruno.giolai?__tn__=K-R&amp;eid=ARA23wPO7U-LyTJgjnY0PQbRrsuFkpeukANCyxEhqrB2KcqH67ednSKbDVNMxKrdWsMddD304LJHFsbb&amp;fref=mentions&amp;__xts__%5B0%5D=68.ARCgLCs5t8cH1cx4JQM8c1IwDuokUgXfUaM5FsQ3IbGSc-qJqwH8k8w-8dS8KEd_a8BRYxecPtCZ2csIDLLvi66sCz3VsKzX4M4JoyY2CXehbyXYzzxoea27ZP1DPlPHpmrcrW7O2iIZ5_IfBTj_mxY7qCSbJ10b-ye0A_rQKstEEszH7JdvDHxfZfbJOi6rn3obeqXN7Eh7Sv2zFw\" data-hovercard=\"\/ajax\/hovercard\/user.php?id=100003098900197&amp;extragetparams=%7B%22__tn__%22%3A%22%2CdK-R-R%22%2C%22eid%22%3A%22ARA23wPO7U-LyTJgjnY0PQbRrsuFkpeukANCyxEhqrB2KcqH67ednSKbDVNMxKrdWsMddD304LJHFsbb%22%2C%22fref%22%3A%22mentions%22%7D\" data-hovercard-prefer-more-content-show=\"1\">Bruno Giolai<\/a>\u00a0con le immagini in diretta facebook mi hanno aperto gli occhi&#8230; al Palaonda, che per me rimane il<span class=\"text_exposed_show\">\u00a0tempio di Bolzano-Alleghe, quasi come il Palaroma di\u00a0<a class=\"profileLink\" href=\"https:\/\/www.facebook.com\/gino.pasqualotto?__tn__=K-R&amp;eid=ARB0ThKpUm8N2L0pAkyNcCfWN3VFYJ7jF5LaqXFyegsqrKJiz67S9moYJyq9lz0pdok8syn1niMA8Iyl&amp;fref=mentions&amp;__xts__%5B0%5D=68.ARCgLCs5t8cH1cx4JQM8c1IwDuokUgXfUaM5FsQ3IbGSc-qJqwH8k8w-8dS8KEd_a8BRYxecPtCZ2csIDLLvi66sCz3VsKzX4M4JoyY2CXehbyXYzzxoea27ZP1DPlPHpmrcrW7O2iIZ5_IfBTj_mxY7qCSbJ10b-ye0A_rQKstEEszH7JdvDHxfZfbJOi6rn3obeqXN7Eh7Sv2zFw\" data-hovercard=\"\/ajax\/hovercard\/user.php?id=100007478654116&amp;extragetparams=%7B%22__tn__%22%3A%22%2CdK-R-R%22%2C%22eid%22%3A%22ARB0ThKpUm8N2L0pAkyNcCfWN3VFYJ7jF5LaqXFyegsqrKJiz67S9moYJyq9lz0pdok8syn1niMA8Iyl%22%2C%22fref%22%3A%22mentions%22%7D\" data-hovercard-prefer-more-content-show=\"1\">Gino Pasqualotto<\/a>. Ogni volta \u00e8 una stretta al cuore guardando quel ghiaccio. Ma questa volta la voce di Marco che scandisce il 2-0 mi ricorda che vincere si pu\u00f2, basta crederci. Anche al mio Alleghe \u00e8 successo una volta, e anche quella volta c&#8217;era il Bolzano.<br \/>\n<a class=\"profileLink\" href=\"https:\/\/www.facebook.com\/cristian.schivo?__tn__=K-R&amp;eid=ARC8B_m0tLkNqdWSydEohIAoCwc-V9bnlEY7Ap6lNgOISqDnyt18oN5pI5YfKRxrP0jFtpdfxgjE9wkv&amp;fref=mentions&amp;__xts__%5B0%5D=68.ARCgLCs5t8cH1cx4JQM8c1IwDuokUgXfUaM5FsQ3IbGSc-qJqwH8k8w-8dS8KEd_a8BRYxecPtCZ2csIDLLvi66sCz3VsKzX4M4JoyY2CXehbyXYzzxoea27ZP1DPlPHpmrcrW7O2iIZ5_IfBTj_mxY7qCSbJ10b-ye0A_rQKstEEszH7JdvDHxfZfbJOi6rn3obeqXN7Eh7Sv2zFw\" data-hovercard=\"\/ajax\/hovercard\/user.php?id=1820374472&amp;extragetparams=%7B%22__tn__%22%3A%22%2CdK-R-R%22%2C%22eid%22%3A%22ARC8B_m0tLkNqdWSydEohIAoCwc-V9bnlEY7Ap6lNgOISqDnyt18oN5pI5YfKRxrP0jFtpdfxgjE9wkv%22%2C%22fref%22%3A%22mentions%22%7D\" data-hovercard-prefer-more-content-show=\"1\">Cristian Sky Schivo<\/a>\u00a0, cinque anni a tessere sogni, trascorrere ore in auto con\u00a0<a class=\"profileLink\" href=\"https:\/\/www.facebook.com\/pondrodxt?__tn__=K-R&amp;eid=ARA6rAWObijNvnwMgV1gmfkFTd_3d9j8vzQkpk0IjNkPvZ6yKgVBba_1lHvHRzYgqSH0McvOVvpezhzm&amp;fref=mentions&amp;__xts__%5B0%5D=68.ARCgLCs5t8cH1cx4JQM8c1IwDuokUgXfUaM5FsQ3IbGSc-qJqwH8k8w-8dS8KEd_a8BRYxecPtCZ2csIDLLvi66sCz3VsKzX4M4JoyY2CXehbyXYzzxoea27ZP1DPlPHpmrcrW7O2iIZ5_IfBTj_mxY7qCSbJ10b-ye0A_rQKstEEszH7JdvDHxfZfbJOi6rn3obeqXN7Eh7Sv2zFw\" data-hovercard=\"\/ajax\/hovercard\/user.php?id=790219612&amp;extragetparams=%7B%22__tn__%22%3A%22%2CdK-R-R%22%2C%22eid%22%3A%22ARA6rAWObijNvnwMgV1gmfkFTd_3d9j8vzQkpk0IjNkPvZ6yKgVBba_1lHvHRzYgqSH0McvOVvpezhzm%22%2C%22fref%22%3A%22mentions%22%7D\" data-hovercard-prefer-more-content-show=\"1\">Matteo De Mori<\/a>\u00a0Pondro&#8230;che quando inizia a parlare di hockey \u00e8 molto peggio di me. Cristian, sei da libro di storia, non solo per avermi riportato lo scudetto con le tue magnifiche atlete&#8230; ma anche per l&#8217;amore per una &#8220;gladiatrice&#8221;, per un passato nell&#8217;hockey biancorosso dove hai capito quasi subito come girava allora virando sul ruolo importante dell&#8217;allenatore, il pi\u00f9 rischioso, perch\u00e9 la storia alla fine arriva sempre a chiudere il cerchio sul timoniere, come gi\u00e0 \u00e8 successo con il compianto allenatore dell&#8217;Alleghe, Zappia &#8220;c&#8217;hanno rubbato la partita -disse quella notte ai giornalisti ad Asiago &#8211; qualcuno questa notte non dormir\u00e0&#8221;&#8230;.e questo \u00e8 per connettermi a tuo pap\u00e0 Mario, perch\u00e9 questa \u00e8 la storia che con lui condivido e oggi lui sarebbe pronto a condividere con noi &#8220;una vaisa de ombre&#8221;.<br \/>\nGRAZIE RAGAZZE&#8230;.. CON IL CUORE ALLEGHESE&#8230;.ROSA<br \/>\nmirko.<\/span><\/p><\/blockquote>\n<p><strong>L&#8217;ARRIVO A CENCENIGHE, AD ACCOGLIERE LE CAMPIONESSE I MICROFONI DI RADIO PIU. VIDEO SU FACEBOOK.<\/strong><\/p>\n<audio class=\"wp-audio-shortcode\" id=\"audio-80104-2\" preload=\"none\" style=\"width: 100%;\" controls=\"controls\"><source type=\"audio\/mpeg\" src=\"http:\/\/www.radiopiu.net\/wordpress\/wp-content\/uploads\/2019\/03\/femminile.mp3?_=2\" \/><a href=\"http:\/\/www.radiopiu.net\/wordpress\/wp-content\/uploads\/2019\/03\/femminile.mp3\">http:\/\/www.radiopiu.net\/wordpress\/wp-content\/uploads\/2019\/03\/femminile.mp3<\/a><\/audio>\n<p>&nbsp;<\/p>\n<p>&nbsp;<\/p>\n<p>&nbsp;<\/p>\n<h3>I CARABINIERI DENUNCIANO I LADRI DEL DUOMO, REFURTIVA SCOMPARSA.<\/h3>\n<p><strong>FELTRE<\/strong> I Carabinieri hanno denunciato in stato di liber\u00e0 per furto aggravato\u00a0 i responsabili\u00a0 del furto della colonnina con le offerte e di due paramenti\u00a0 asportati dal Duomo di Feltre lo scorso 8 marzo. Si tratta di due cittadini marocchini regolari di 27 e 38 anni entrambi residenti nel feltrino, I Carabinieri hanno chiuso il cerchio dopo le visioni delle immagini della video sorveglianza. E&#8217; stata immediata anche la perquisizione presso i locali dove risiedono i due uomini ma la refurtiva, al momento, non \u00e8 stata ritrovata.<\/p>\n<h3><\/h3>\n<p>&nbsp;<\/p>\n<p>&nbsp;<\/p>\n<h3>UBRIACHI NELLA NOTTE FINISCONO FUORI STRADA E AL CONTROLLO DEI CARABINIERI SCATTANO SEVERE SANZIONI<\/h3>\n<blockquote><p><em>Incidenti a Belluno e Cortina, due fuoriuscite autonome con danni solo ai mezzi. Due patenti ritirate, altrettanti i mezzi sequestrati<\/em><\/p><\/blockquote>\n<p><strong>BELLUNO<\/strong> Nonostante i continui inviti alla prudenza, nonostante i continui sequestri di mezzi e ritiro di patenti, nonostante i sempre troppi incidenti stradali causati da chi si mette al volante ubriaco e le severe pene per omicidio stradale, nonostante tutto&#8230; anche in questo fine settimana due persone sono state denunciate dai Carabinieri di Belluno che garantiscono il controllo del territorio.\u00a0 questa notte lungo l via San Lorenzo,\u00a0 un&#8217;auto \u00e8 fuoriuscita autonomamente dalla sede stradale Il Norm di belluno intervenuto sul posto rilevava al guidatore un tasso alcoolico di 3,03 grammi litro, 6 volte il limite massimo (0,50).<\/p>\n<p><strong>CORTINA<\/strong> Nella notte del capoluogo ampezzano in via Marconi fuoriuscita dalla sede stradale un&#8217;altra auto condotta da un 44 enne veneziano che all&#8217;esito del controllo aveva 2,44 grammi litro di alcool nel sangue.<\/p>\n<p>&nbsp;<\/p>\n<p>&nbsp;<\/p>\n<p>&nbsp;<\/p>\n<h3>IL FURTO CURIOSO&#8230;<\/h3>\n<p><strong>AGORDO<\/strong> Denunciato sabato\u00a0 sera alle 19 ad Agordo un furto di una Panda 4\u00d74 di propriet\u00e0 di un uomo del posto. Alle 21 La moglie dello stesso richiamava il 112 dicendo di averla ritrovata nel medesimo posto dove l&#8217;aveva parcheggiata il marito.<\/p>\n<p>&nbsp;<\/p>\n<p>&nbsp;<\/p>\n<p>&nbsp;<\/p>\n<h3>PRECIPITA ALIANTE, ILLESO IL PILOTA<\/h3>\n<p><strong>PERAROLO DI CADORE <\/strong>Attorno alle 16 di ieri, l&#8217;elicottero del Suem di Pieve di Cadore \u00e8 decollato in direzione di Caralte, a seguito della segnalazione di alcune persone che avevano visto precipitare un aliante su un grande prato prima del ponte. Una volta atterrato sul posto l&#8217;equipaggio ha verificato che il pilota, un cinquantaquattrenne di Udine, che era stato subito aiutato ad uscire dall&#8217;abitacolo del mezzo dai presenti, era fortunatamente illeso. L&#8217;eliambulanza \u00e8 quindi rientrata quando l&#8217;uomo ha rifiutato il ricovero.<\/p>\n\n\t\t\t<style type='text\/css'>\n\t\t\t\t#gallery-1 {\n\t\t\t\t\tmargin: auto;\n\t\t\t\t}\n\t\t\t\t#gallery-1 .gallery-item {\n\t\t\t\t\tfloat: left;\n\t\t\t\t\tmargin-top: 10px;\n\t\t\t\t\ttext-align: center;\n\t\t\t\t\twidth: 33%;\n\t\t\t\t}\n\t\t\t\t#gallery-1 img {\n\t\t\t\t\tborder: 2px solid #cfcfcf;\n\t\t\t\t}\n\t\t\t\t#gallery-1 .gallery-caption {\n\t\t\t\t\tmargin-left: 0;\n\t\t\t\t}\n\t\t\t\t\/* see gallery_shortcode() in wp-includes\/media.php *\/\n\t\t\t<\/style>\n\t\t<div id='gallery-1' class='dt-gallery-container gallery galleryid-80104 gallery-columns-3 gallery-size-thumbnail'><dl class='gallery-item'>\n\t\t\t\t<dt class='gallery-icon landscape'>\n\t\t\t\t\t<a class=\"rollover\" href='https:\/\/www.radiopiu.net\/wordpress\/giornale-radiopiu-25-marzo-2019-direttore-mirko-mezzacasa\/aliante4\/'><img loading=\"lazy\" decoding=\"async\" width=\"150\" height=\"150\" src=\"https:\/\/www.radiopiu.net\/wordpress\/wp-content\/uploads\/2019\/03\/aliante4-150x150.jpg\" class=\"attachment-thumbnail size-thumbnail\" alt=\"\" \/><\/a>\n\t\t\t\t<\/dt><\/dl><dl class='gallery-item'>\n\t\t\t\t<dt class='gallery-icon landscape'>\n\t\t\t\t\t<a class=\"rollover\" href='https:\/\/www.radiopiu.net\/wordpress\/giornale-radiopiu-25-marzo-2019-direttore-mirko-mezzacasa\/aliante3\/'><img loading=\"lazy\" decoding=\"async\" width=\"150\" height=\"150\" src=\"https:\/\/www.radiopiu.net\/wordpress\/wp-content\/uploads\/2019\/03\/aliante3-150x150.jpg\" class=\"attachment-thumbnail size-thumbnail\" alt=\"\" \/><\/a>\n\t\t\t\t<\/dt><\/dl><dl class='gallery-item'>\n\t\t\t\t<dt class='gallery-icon landscape'>\n\t\t\t\t\t<a class=\"rollover\" href='https:\/\/www.radiopiu.net\/wordpress\/giornale-radiopiu-25-marzo-2019-direttore-mirko-mezzacasa\/aliante2\/'><img loading=\"lazy\" decoding=\"async\" width=\"150\" height=\"150\" src=\"https:\/\/www.radiopiu.net\/wordpress\/wp-content\/uploads\/2019\/03\/aliante2-150x150.jpg\" class=\"attachment-thumbnail size-thumbnail\" alt=\"\" \/><\/a>\n\t\t\t\t<\/dt><\/dl><br style=\"clear: both\" \/>\n\t\t\t<\/div>\n\n<p>&nbsp;<\/p>\n<p>&nbsp;<\/p>\n<h3>SCIVOLA SULLA NEVE E SI FA MALE<\/h3>\n<p><strong>TAMBRE\u00a0<\/strong> Attorno alle 11 di ieri\u00a0 la Centrale del 118 \u00e8 stata allertata dal compagno di un&#8217;escursionista infortunatasi in Val Salatis. Partita da Malga Cate, la coppia aveva seguito il sentiero 924 che porta al Bivacco Last\u00e8, non distante dal Rifugio Semenza, ma arrivati nel tratto innevato a un certo punto la donna, N.M., 52 anni, di Mira (VE), era scivolata ruzzolando lungo il pendio, fino a fermarsi battendo la spalla. L&#8217;elicottero del Suem di Pieve di Cadore ha individuato il luogo dove si trovavano i due ed \u00e8 atterrato nelle vicinanze. Prestate le prime cure, l&#8217;infortunata \u00e8 stata imbarcata e trasportata all&#8217;ospedale. Pronta a intervenire una squadra del Soccorso alpino dell&#8217;Alpago.<\/p>\n<h3><\/h3>\n<p>&nbsp;<\/p>\n<h3>SOCCORSI ALPINISTI IN DIFFICOLT\u00c0<\/h3>\n<p><strong>LA VALLE\u00a0 <\/strong>Nel pomeriggio di sabato l&#8217;elicottero del Suem di Pieve di Cadore \u00e8 intervenuto nel Gruppo della Moiazza, poich\u00e9 due alpinisti ventinovenni, uno di Castelfranco Veneto (TV) e uno di Vedelago (TV), completata la Via Spigolo Sorar\u00f9 sulla Pala del Belia, avevano trovato neve in cima e non erano attrezzati adeguatamente per poter rientrare. Una volta individuati, il tecnico di elisoccorso \u00e8 sbarcato e li ha fatti salire in hovering sull&#8217;eliambulanza, che li ha poi trasportati al Rifugio Carestiato.<\/p>\n<p>&nbsp;<\/p>\n<p>&nbsp;<\/p>\n<h3><strong>PARAPENDIO SOSPESO TRA GLI ALBERI<\/strong><\/h3>\n<p><strong>BELLUNO\u00a0 <\/strong>Attorno alle 14.30 di sabato\u00a0 il 118 ha allertato il Soccorso alpino di Belluno per un prapendio precipitato nella zona di Tisoi, sopra Casera Zoppa. A dare l&#8217;allarme lo stesso pilota, M.D.A, 59 anni, di Belluno, che era decollato dall&#8217;Alpago e aveva perso il controllo della vela finendo tra gli alberi e rimanendo sospeso a 10 metri dal suolo, senza per fortuna riportare conseguenze. Grazie alle coordinate Gps, una squadra lo ha individuato e raggiunto, camminando una ventina di minuti. Mediante tecniche di tree-climbing i soccorritori lo hanno quindi calato a terra e con lui sono rientrati a valle.<\/p>\n<p>&nbsp;<\/p>\n<p>&nbsp;<\/p>\n<p>&nbsp;<\/p>\n<p>&nbsp;<\/p>\n<h2><a class=\"dt-pswp-item\" href=\"http:\/\/www.radiopiu.net\/wordpress\/wp-content\/uploads\/2019\/03\/download-9.jpg\" data-dt-img-description=\"\" data-large_image_width=\"246\" data-large_image_height=\"205\"><img loading=\"lazy\" decoding=\"async\" class=\" wp-image-80017 alignleft\" src=\"http:\/\/www.radiopiu.net\/wordpress\/wp-content\/uploads\/2019\/03\/download-9.jpg\" alt=\"\" width=\"196\" height=\"163\" \/><\/a><\/h2>\n<h2><\/h2>\n<h2>IL RITROVAMENTO DI GIOCONDO GHIRARDO, LE CONSIDERAZIONI DI DARIO BOND &#8220;Oltre la tecnologia e razionalit\u00e0 con l&#8217;amore di un figlia&#8221;<\/h2>\n<p>&nbsp;<\/p>\n<p><strong>DARIO BOND<\/strong><\/p>\n<audio class=\"wp-audio-shortcode\" id=\"audio-80104-3\" preload=\"none\" style=\"width: 100%;\" controls=\"controls\"><source type=\"audio\/mpeg\" src=\"http:\/\/www.radiopiu.net\/wordpress\/wp-content\/uploads\/2019\/03\/GHIRARDO-BOND.mp3?_=3\" \/><a href=\"http:\/\/www.radiopiu.net\/wordpress\/wp-content\/uploads\/2019\/03\/GHIRARDO-BOND.mp3\">http:\/\/www.radiopiu.net\/wordpress\/wp-content\/uploads\/2019\/03\/GHIRARDO-BOND.mp3<\/a><\/audio>\n<p>&nbsp;<\/p>\n<p>&nbsp;<\/p>\n<p>&nbsp;<\/p>\n<h3><a class=\"dt-pswp-item\" href=\"http:\/\/www.radiopiu.net\/wordpress\/wp-content\/uploads\/2015\/05\/Elezioni1.jpg\" data-dt-img-description=\"\" data-large_image_width=\"1600\" data-large_image_height=\"1200\"><img loading=\"lazy\" decoding=\"async\" class=\"wp-image-5024 alignleft\" src=\"http:\/\/www.radiopiu.net\/wordpress\/wp-content\/uploads\/2015\/05\/Elezioni1.jpg\" alt=\"\" width=\"192\" height=\"144\" \/><\/a><\/h3>\n<h3><\/h3>\n<h3>LE ELEZIONI DI MAGGIO, A LA VALLE ZUANEL BIS CON CROSE CHE LAVORA ALLA LISTA ALTERNATIVA ANTI QUORUM<\/h3>\n<p>&nbsp;<\/p>\n<p>&nbsp;<\/p>\n<p><strong>DI GIANNI SANTOMASO<\/strong><\/p>\n<audio class=\"wp-audio-shortcode\" id=\"audio-80104-4\" preload=\"none\" style=\"width: 100%;\" controls=\"controls\"><source type=\"audio\/mpeg\" src=\"http:\/\/www.radiopiu.net\/wordpress\/wp-content\/uploads\/2019\/03\/GIANNI-ZUANEL.mp3?_=4\" \/><a href=\"http:\/\/www.radiopiu.net\/wordpress\/wp-content\/uploads\/2019\/03\/GIANNI-ZUANEL.mp3\">http:\/\/www.radiopiu.net\/wordpress\/wp-content\/uploads\/2019\/03\/GIANNI-ZUANEL.mp3<\/a><\/audio>\n<p>&nbsp;<\/p>\n<p>&nbsp;<\/p>\n<p>&nbsp;<\/p>\n<h1><a class=\"dt-pswp-item\" href=\"http:\/\/www.radiopiu.net\/wordpress\/wp-content\/uploads\/2019\/03\/leandro.jpg\" data-dt-img-description=\"\" data-large_image_width=\"960\" data-large_image_height=\"773\"><img loading=\"lazy\" decoding=\"async\" class=\"wp-image-80119 alignleft\" src=\"http:\/\/www.radiopiu.net\/wordpress\/wp-content\/uploads\/2019\/03\/leandro.jpg\" alt=\"\" width=\"212\" height=\"171\" srcset=\"https:\/\/www.radiopiu.net\/wordpress\/wp-content\/uploads\/2019\/03\/leandro.jpg 960w, https:\/\/www.radiopiu.net\/wordpress\/wp-content\/uploads\/2019\/03\/leandro-300x242.jpg 300w, https:\/\/www.radiopiu.net\/wordpress\/wp-content\/uploads\/2019\/03\/leandro-768x618.jpg 768w\" sizes=\"auto, (max-width: 212px) 100vw, 212px\" \/><\/a><\/h1>\n<h1><\/h1>\n<h1>200 CAMPI DA CALCIO DI LEGNAME A TERRA DA METTERE ALL&#8217;ASTA<\/h1>\n<p><strong>LIVINALLONGO<\/strong> Bandi ed aste in territorio Fodom per il bosco schiantato nelle aree periferiche, ma non saranno affari, non per Comuni, enti e privati. Ne abbiamo parlato con il sindaco Leandro Grones.<\/p>\n<p><strong>LEANDRO GRONES\u00a0<\/strong><\/p>\n<audio class=\"wp-audio-shortcode\" id=\"audio-80104-5\" preload=\"none\" style=\"width: 100%;\" controls=\"controls\"><source type=\"audio\/mpeg\" src=\"http:\/\/www.radiopiu.net\/wordpress\/wp-content\/uploads\/2019\/03\/LEANDRO-BOSCHI.mp3?_=5\" \/><a href=\"http:\/\/www.radiopiu.net\/wordpress\/wp-content\/uploads\/2019\/03\/LEANDRO-BOSCHI.mp3\">http:\/\/www.radiopiu.net\/wordpress\/wp-content\/uploads\/2019\/03\/LEANDRO-BOSCHI.mp3<\/a><\/audio>\n<p>&nbsp;<\/p>\n<h1><\/h1>\n<p>&nbsp;<\/p>\n<blockquote class=\"wp-embedded-content\" data-secret=\"esI6EwEfQl\"><p><a href=\"http:\/\/www.radiopiu.net\/wordpress\/per-ripristinare-le-terre-alte-non-e-sufficiente-il-solo-volontariato-lopinione-di-franco-piacentini\/\">\u201cPer ripristinare le Terre Alte non \u00e8 sufficiente il solo Volontariato\u201d L&#8217;opinione di Franco Piacentini<\/a><\/p><\/blockquote>\n<p><iframe loading=\"lazy\" class=\"wp-embedded-content\" sandbox=\"allow-scripts\" security=\"restricted\" style=\"position: absolute; clip: rect(1px, 1px, 1px, 1px);\" src=\"http:\/\/www.radiopiu.net\/wordpress\/per-ripristinare-le-terre-alte-non-e-sufficiente-il-solo-volontariato-lopinione-di-franco-piacentini\/embed\/#?secret=esI6EwEfQl\" data-secret=\"esI6EwEfQl\" width=\"600\" height=\"338\" title=\"&#8220;\u201cPer ripristinare le Terre Alte non \u00e8 sufficiente il solo Volontariato\u201d L&#8217;opinione di Franco Piacentini&#8221; &#8212; Radio Pi\u00f9\" frameborder=\"0\" marginwidth=\"0\" marginheight=\"0\" scrolling=\"no\"><\/iframe><\/p>\n<p>&nbsp;<\/p>\n<p>&nbsp;<\/p>\n<p>&nbsp;<\/p>\n<p>&nbsp;<\/p>\n<h1>74 NUOVI SOCI GUARDANDO AL POST VAIA<\/h1>\n<p><strong>AGORDO<\/strong> Ieri l&#8217;assemblea del Cai e la notizia di forze nuove e fresche, il modo migliore per tenere sempre viva la sezione Armando Tama Da Roit.<\/p>\n<p>di GIANNI SANTOMASO<\/p>\n<audio class=\"wp-audio-shortcode\" id=\"audio-80104-6\" preload=\"none\" style=\"width: 100%;\" controls=\"controls\"><source type=\"audio\/mpeg\" src=\"http:\/\/www.radiopiu.net\/wordpress\/wp-content\/uploads\/2019\/03\/ass-cai.mp3?_=6\" \/><a href=\"http:\/\/www.radiopiu.net\/wordpress\/wp-content\/uploads\/2019\/03\/ass-cai.mp3\">http:\/\/www.radiopiu.net\/wordpress\/wp-content\/uploads\/2019\/03\/ass-cai.mp3<\/a><\/audio>\n<p>GALLERIA FOTO<\/p>\n\n\t\t\t<style type='text\/css'>\n\t\t\t\t#gallery-2 {\n\t\t\t\t\tmargin: auto;\n\t\t\t\t}\n\t\t\t\t#gallery-2 .gallery-item {\n\t\t\t\t\tfloat: left;\n\t\t\t\t\tmargin-top: 10px;\n\t\t\t\t\ttext-align: center;\n\t\t\t\t\twidth: 33%;\n\t\t\t\t}\n\t\t\t\t#gallery-2 img {\n\t\t\t\t\tborder: 2px solid #cfcfcf;\n\t\t\t\t}\n\t\t\t\t#gallery-2 .gallery-caption {\n\t\t\t\t\tmargin-left: 0;\n\t\t\t\t}\n\t\t\t\t\/* see gallery_shortcode() in wp-includes\/media.php *\/\n\t\t\t<\/style>\n\t\t<div id='gallery-2' class='dt-gallery-container gallery galleryid-80104 gallery-columns-3 gallery-size-thumbnail'><dl class='gallery-item'>\n\t\t\t\t<dt class='gallery-icon landscape'>\n\t\t\t\t\t<a class=\"rollover\" href='https:\/\/www.radiopiu.net\/wordpress\/giornale-radiopiu-25-marzo-2019-direttore-mirko-mezzacasa\/ass-cai-2-2\/'><img loading=\"lazy\" decoding=\"async\" width=\"150\" height=\"150\" src=\"https:\/\/www.radiopiu.net\/wordpress\/wp-content\/uploads\/2019\/03\/ASS-CAI-2-1-150x150.jpeg\" class=\"attachment-thumbnail size-thumbnail\" alt=\"\" \/><\/a>\n\t\t\t\t<\/dt><\/dl><dl class='gallery-item'>\n\t\t\t\t<dt class='gallery-icon landscape'>\n\t\t\t\t\t<a class=\"rollover\" href='https:\/\/www.radiopiu.net\/wordpress\/giornale-radiopiu-25-marzo-2019-direttore-mirko-mezzacasa\/ass-cai-3-2\/'><img loading=\"lazy\" decoding=\"async\" width=\"150\" height=\"150\" src=\"https:\/\/www.radiopiu.net\/wordpress\/wp-content\/uploads\/2019\/03\/ASS-CAI-3-1-150x150.jpeg\" class=\"attachment-thumbnail size-thumbnail\" alt=\"\" \/><\/a>\n\t\t\t\t<\/dt><\/dl><dl class='gallery-item'>\n\t\t\t\t<dt class='gallery-icon landscape'>\n\t\t\t\t\t<a class=\"rollover\" href='https:\/\/www.radiopiu.net\/wordpress\/giornale-radiopiu-25-marzo-2019-direttore-mirko-mezzacasa\/ass-cai-5\/'><img loading=\"lazy\" decoding=\"async\" width=\"150\" height=\"150\" src=\"https:\/\/www.radiopiu.net\/wordpress\/wp-content\/uploads\/2019\/03\/ASS-CAI-5-150x150.jpeg\" class=\"attachment-thumbnail size-thumbnail\" alt=\"\" \/><\/a>\n\t\t\t\t<\/dt><\/dl><br style=\"clear: both\" \/><dl class='gallery-item'>\n\t\t\t\t<dt class='gallery-icon landscape'>\n\t\t\t\t\t<a class=\"rollover\" href='https:\/\/www.radiopiu.net\/wordpress\/giornale-radiopiu-25-marzo-2019-direttore-mirko-mezzacasa\/ass-cai-8\/'><img loading=\"lazy\" decoding=\"async\" width=\"150\" height=\"150\" src=\"https:\/\/www.radiopiu.net\/wordpress\/wp-content\/uploads\/2019\/03\/ASS-CAI-8-150x150.jpeg\" class=\"attachment-thumbnail size-thumbnail\" alt=\"\" \/><\/a>\n\t\t\t\t<\/dt><\/dl><dl class='gallery-item'>\n\t\t\t\t<dt class='gallery-icon landscape'>\n\t\t\t\t\t<a class=\"rollover\" href='https:\/\/www.radiopiu.net\/wordpress\/giornale-radiopiu-25-marzo-2019-direttore-mirko-mezzacasa\/ass-cai-7\/'><img loading=\"lazy\" decoding=\"async\" width=\"150\" height=\"150\" src=\"https:\/\/www.radiopiu.net\/wordpress\/wp-content\/uploads\/2019\/03\/ASS-CAI-7-150x150.jpeg\" class=\"attachment-thumbnail size-thumbnail\" alt=\"\" \/><\/a>\n\t\t\t\t<\/dt><\/dl><dl class='gallery-item'>\n\t\t\t\t<dt class='gallery-icon landscape'>\n\t\t\t\t\t<a class=\"rollover\" href='https:\/\/www.radiopiu.net\/wordpress\/giornale-radiopiu-25-marzo-2019-direttore-mirko-mezzacasa\/ass-cai-1-2\/'><img loading=\"lazy\" decoding=\"async\" width=\"150\" height=\"150\" src=\"https:\/\/www.radiopiu.net\/wordpress\/wp-content\/uploads\/2019\/03\/ASS-CAI-1-1-150x150.jpeg\" class=\"attachment-thumbnail size-thumbnail\" alt=\"\" \/><\/a>\n\t\t\t\t<\/dt><\/dl><br style=\"clear: both\" \/>\n\t\t\t<\/div>\n\n<p>&nbsp;<\/p>\n<h1><\/h1>\n<p>&nbsp;<\/p>\n<h1>OLIMPIADI 2026 PER D&#8217;INCA&#8217;\u00a0 SARA&#8217; CRESCITA ECONOMICA<\/h1>\n<p><a class=\"dt-pswp-item\" href=\"http:\/\/www.radiopiu.net\/wordpress\/wp-content\/uploads\/2018\/07\/DInc\u00e0-festa-vitalizi.jpg\" data-dt-img-description=\"\" data-large_image_width=\"1264\" data-large_image_height=\"1280\"><img loading=\"lazy\" decoding=\"async\" class=\"wp-image-53845 alignleft\" src=\"http:\/\/www.radiopiu.net\/wordpress\/wp-content\/uploads\/2018\/07\/DInc\u00e0-festa-vitalizi.jpg\" alt=\"\" width=\"258\" height=\"261\" srcset=\"https:\/\/www.radiopiu.net\/wordpress\/wp-content\/uploads\/2018\/07\/DInc\u00e0-festa-vitalizi.jpg 1264w, https:\/\/www.radiopiu.net\/wordpress\/wp-content\/uploads\/2018\/07\/DInc\u00e0-festa-vitalizi-296x300.jpg 296w, https:\/\/www.radiopiu.net\/wordpress\/wp-content\/uploads\/2018\/07\/DInc\u00e0-festa-vitalizi-768x778.jpg 768w, https:\/\/www.radiopiu.net\/wordpress\/wp-content\/uploads\/2018\/07\/DInc\u00e0-festa-vitalizi-1011x1024.jpg 1011w\" sizes=\"auto, (max-width: 258px) 100vw, 258px\" \/><\/a>\u201cL\u2019Analisi di impatto economico e finanziario delle Olimpiadi invernali 2026, prodotta dal Dipartimento di Economia e diritto dell\u2019Universit\u00e0 la Sapienza e presentata a Palazzo Chigi, parla chiaro: le Olimpiadi invernali contribuiranno positivamente alla crescita dell\u2019economica italiana \u2013 dichiara Federico D&#8217;Inc\u00e0 \u2013 Da questi dati emerge che gli incrementi del PIL tra il 2020 e il 2028 vanno da 93 milioni fino ad un picco di 374 milioni nel 2025 per tornare a 81 milioni nell\u2019ultimo anno, pari ad un PIL cumulato massimo di 2,3 miliardi di euro. Il picco massimo di occupazione sar\u00e0 alla fine del 2026 con un aumento di oltre 8500 unita\u0300 di lavoro equivalenti a tempo pieno\u201d. \u201cRisulta importante segnalare come l\u2019aumento cumulato delle entrate fiscali prodotto dall\u2019evento dovrebbe essere pari a circa 600 milioni di euro \u2013 commenta il deputato bellunese \u2013 Togliendo le spese che dovrebbe sostenere l\u2019amministrazione centrale cio\u00e8 415 milioni, l\u2019evento sar\u00e0 positivo per 185 milioni di euro\u201d. \u201cLa differenza con i governi precedenti \u2013 prosegue il portavoce del Movimento 5 Stelle \u2013 \u00e8 che, su richiesta del Movimento 5 Stelle, i numeri devono tornare nelle casse dello Stato e lo studio della Sapienza dimostra la positivit\u00e0 finanziaria della manifestazione di Milano e Cortina . \u201c\u201cMi sono confrontato su questi dati con il Sottosegretario Valente condividendo l\u2019importanza di individuare nel prossimo futuro le opere utili dal punto di vista sociale che il Governo potr\u00e0 finanziare. Personalmente penso ad un percorso condiviso con il territorio per individuare quali opere sono da realizzare per permettere che l\u2019evento possa lasciare un segno positivo sul lungo periodo \u2013 dichiara il parlamentare pentastellato \u2013 Il mio sogno \u00e8 la variante di Longarone, ponendo finalmente la parola fine alle code da rientro dalle Dolomiti\u201d. \u201cSicuramente vi sono anche altre opere che possono impattare con un miglioramento della vita sul Veneto e Bellunese \u2013 propone il deputato veneto \u2013 Apriamo un tavolo aperto con tutti gli enti territoriali, decidiamo insieme il nostro futuro con tecnici, cittadini e politica. Questa \u00e8 una vera rivoluzione olimpica.\u201d \u201cPrima di cantar vittoria \u2013 conlude D&#8217;Inc\u00e0 \u2013 la concentrazione della politica e del Governo deve essere posta sull\u2019opera di convincimento dei delegati del Cio, dove ognuno deve fare la sua parte. Sappiamo come funzionano queste cose, ci vuole la forza dei rapporti internazionali con altri Stati\u201d.<\/p>\n<p>&nbsp;<\/p>\n<p>&nbsp;<\/p>\n<p>&nbsp;<\/p>\n<h2>INVESTIRE IL RICAVATO DEL LEGNAME SUL NEVEGAL<\/h2>\n<blockquote><p><em>De Menech propone di rilanciare l\u2019area<\/em><\/p><\/blockquote>\n<p><a class=\"dt-pswp-item\" href=\"http:\/\/www.radiopiu.net\/wordpress\/wp-content\/uploads\/2018\/11\/Massaro-Soprallugo-Nevegal-4.jpg\" data-dt-img-description=\"\" data-large_image_width=\"5184\" data-large_image_height=\"3456\"><img loading=\"lazy\" decoding=\"async\" class=\"wp-image-66160 alignleft\" src=\"http:\/\/www.radiopiu.net\/wordpress\/wp-content\/uploads\/2018\/11\/Massaro-Soprallugo-Nevegal-4.jpg\" alt=\"\" width=\"204\" height=\"136\" srcset=\"https:\/\/www.radiopiu.net\/wordpress\/wp-content\/uploads\/2018\/11\/Massaro-Soprallugo-Nevegal-4.jpg 5184w, https:\/\/www.radiopiu.net\/wordpress\/wp-content\/uploads\/2018\/11\/Massaro-Soprallugo-Nevegal-4-300x200.jpg 300w, https:\/\/www.radiopiu.net\/wordpress\/wp-content\/uploads\/2018\/11\/Massaro-Soprallugo-Nevegal-4-768x512.jpg 768w, https:\/\/www.radiopiu.net\/wordpress\/wp-content\/uploads\/2018\/11\/Massaro-Soprallugo-Nevegal-4-1024x683.jpg 1024w\" sizes=\"auto, (max-width: 204px) 100vw, 204px\" \/><\/a>I 512 mila euro incassati dal Comune di Belluno con la vendita del legname del Neveg\u00e0l vengano investiti tutti per il rilancio del colle. Lo chiede il deputato bellunese Roger De Menech consapevole delle difficolt\u00e0 attraversate dall\u2019amministrazione comunale e dalla societ\u00e0 Alpe del Neveg\u00e0l per la gestione del comprensorio. L\u2019incasso di 512 mila euro dalla vendita del legname \u00e8 circa il doppio di quanto previsto ed \u00e8 \u00abun ottimo segnale\u00bb, commenta il deputato. \u00abUno dei pericoli maggiori per la nostra economia dopo la tempesta di fine ottobre \u00e8 il deprezzamento del legname, con un calo del valore complessivo fino a cinque volte rispetto al periodo precedente\u00bb. Bisogna approfittare di questa opportunit\u00e0, dice De Menech, \u00abe utilizzare tutte le risorse raccolte per aiutare il Neveg\u00e0l, i suoi operatori e la societ\u00e0 di gestione a mettere le basi per uno sviluppo duraturo dell\u2019area. Ne ha bisogno il turismo veneto, ne ha bisogno Belluno\u00bb.<\/p>\n<p>&nbsp;<\/p>\n<p>&nbsp;<\/p>\n<p>&nbsp;<\/p>\n<p>&nbsp;<\/p>\n<h1>CONGRESSO PATT A PERGINE IL BARD FIRMA IL \u201cPATTO PER LE AUTONOMIE\u201d<\/h1>\n<p><a class=\"dt-pswp-item\" href=\"http:\/\/www.radiopiu.net\/wordpress\/wp-content\/uploads\/2019\/03\/Bard-Congresso-PATT-2.jpg\" data-dt-img-description=\"\" data-large_image_width=\"1600\" data-large_image_height=\"1200\"><img loading=\"lazy\" decoding=\"async\" class=\"alignnone size-full wp-image-80226\" src=\"http:\/\/www.radiopiu.net\/wordpress\/wp-content\/uploads\/2019\/03\/Bard-Congresso-PATT-2.jpg\" alt=\"\" width=\"1600\" height=\"1200\" srcset=\"https:\/\/www.radiopiu.net\/wordpress\/wp-content\/uploads\/2019\/03\/Bard-Congresso-PATT-2.jpg 1600w, https:\/\/www.radiopiu.net\/wordpress\/wp-content\/uploads\/2019\/03\/Bard-Congresso-PATT-2-300x225.jpg 300w, https:\/\/www.radiopiu.net\/wordpress\/wp-content\/uploads\/2019\/03\/Bard-Congresso-PATT-2-768x576.jpg 768w, https:\/\/www.radiopiu.net\/wordpress\/wp-content\/uploads\/2019\/03\/Bard-Congresso-PATT-2-1024x768.jpg 1024w\" sizes=\"auto, (max-width: 1600px) 100vw, 1600px\" \/><\/a>A Pergine Valsugana, il movimento Belluno Autonoma Regione Dolomiti ha sottoscritto, insieme agli altri partiti e movimenti autonomisti dell&#8217;arco alpino, il documento \u201cUniti per un&#8217;autonomia pi\u00f9 forte, un patto che unisce Veneto, Trentino-Alto Adige, Val d&#8217;Aosta e Slovenia. <strong>Il patto per le autonomia <\/strong>Tra i punti salienti del documento sottoscritto, c&#8217;\u00e8 \u201cl&#8217;adesione ai valori autentici del federalismo e al principio di sussidiariet\u00e0 quale modello di autogoverno responsabile per i territori e le comunit\u00e0 che vi abitano; l&#8217;obiettivo politico della tutela delle minoranze etnico-linguistiche; l\u00b4importanza di una rappresentanza politica autonomista autorevole; la preoccupazione per il clima di ignoranza, se non di ostilit\u00e0, generato da una riduzione delle Autonomie a una dimensione meramente finanziaria; la volont\u00e0 delle autonomie speciali di voler contribuire in maniera responsabile, per la quota di propria competenza, all&#8217;azione di risanamento finanziario nazionale; il riconoscimento dell\u2019eccezionale contributo offerto dalle Regioni a statuto ordinario dell\u2019arco alpino al risanamento finanziario nazionale e della necessit\u00e0 di ridurre progressivamente la quota dei trasferimenti allo Stato per garantire uno standard omogeneo di servizi ai cittadini, che si adegui al livello pi\u00f9 alto, tra Regioni e Province speciali e ordinarie\u201d. L&#8217;alleanza politica cos\u00ec sottoscritta ha gli obbiettivi di \u201crivendicare con convinzione le ragioni delle Autonomie in un contesto politico e in un clima d&#8217;opinione incline al centralismo; mettere in campo una rappresentanza politica e istituzionale in grado di operare su tutti i livelli (Parlamento <a class=\"dt-pswp-item\" href=\"http:\/\/www.radiopiu.net\/wordpress\/wp-content\/uploads\/2019\/03\/Bard-Congresso-PATT-1.jpg\" data-dt-img-description=\"\" data-large_image_width=\"1008\" data-large_image_height=\"1343\"><img loading=\"lazy\" decoding=\"async\" class=\"wp-image-80225 alignright\" src=\"http:\/\/www.radiopiu.net\/wordpress\/wp-content\/uploads\/2019\/03\/Bard-Congresso-PATT-1.jpg\" alt=\"\" width=\"261\" height=\"348\" srcset=\"https:\/\/www.radiopiu.net\/wordpress\/wp-content\/uploads\/2019\/03\/Bard-Congresso-PATT-1.jpg 1008w, https:\/\/www.radiopiu.net\/wordpress\/wp-content\/uploads\/2019\/03\/Bard-Congresso-PATT-1-225x300.jpg 225w, https:\/\/www.radiopiu.net\/wordpress\/wp-content\/uploads\/2019\/03\/Bard-Congresso-PATT-1-768x1023.jpg 768w, https:\/\/www.radiopiu.net\/wordpress\/wp-content\/uploads\/2019\/03\/Bard-Congresso-PATT-1-769x1024.jpg 769w\" sizes=\"auto, (max-width: 261px) 100vw, 261px\" \/><\/a>Europeo, Parlamento Italiano, Conferenza Stato-Regioni, Macroregione Alpina, Enti Locali) per tutelare e valorizzare le ragioni e le potenzialit\u00e0 delle Autonomie e garantire il pieno rispetto degli accordi raggiunti e da raggiungere sul piano dei rapporti finanziari e delle competenze con lo Stato centrale; portare avanti ogni iniziativa utile per valorizzare la dimensione e la vocazione plurilingue dei rispettivi territori di confine, per promuovere l&#8217;Europa dei Popoli e le Euro-regioni; rinnovare il comune impegno a favore dei territori di montagna e delle comunit\u00e0 che li popolano, anche mediante iniziative parlamentari condivise; sostenere e favorire lo sviluppo a livello comunitario della Macroregione Alpina ed agire perch\u00e9 valorizzi le prerogative e le potenzialit\u00e0 delle comunit\u00e0 di montagna; operare in maniera coordinata nelle fasi fondamentali che riguardano l&#8217;elaborazione e l&#8217;approvazione di nuovi assetti nazionali e costituzionali e in particolare sostenere la nascita e lo sviluppo di nuove forme di autonomia e federalismo nelle Regioni dove i cittadini ed i rappresentanti politici ne hanno fatto richiesta; condurre un&#8217;azione politica unitaria in tutte le iniziative che puntino alla rivendicazione di una maggiore autonomia delle Regioni o Province ordinarie e al completamento delle competenze statutarie delle Autonomie speciali gi\u00e0 esistenti; rivendicare, nell&#8217;attivit\u00e0 legislativa ordinaria e nei processi di definizione delle riforme, la dinamicit\u00e0 delle Autonomie\u201d. Inoltre, l&#8217;accordo prevede una stretta collaborazione e iniziative comuni tra le sezioni giovanili dei partiti e movimenti sottoscrittori; inoltre, \u00e8 stato costituito un tavolo permanente per confrontarsi regolarmente sugli sviluppi del federalismo e delle Autonomie.<\/p>\n<p>&nbsp;<\/p>\n<p>&nbsp;<\/p>\n<p>&nbsp;<\/p>\n<p>&nbsp;<\/p>\n<h1 class=\"entry-title\">NON CREDEVAMO DI AMARLI TANTO, IL GRANDE TORINO A MEL<\/h1>\n<h3><em><a class=\"dt-pswp-item\" href=\"http:\/\/www.radiopiu.net\/wordpress\/wp-content\/uploads\/2019\/03\/GRANDE-TORINO-GIANNI-26.jpeg\" data-dt-img-description=\"\" data-large_image_width=\"1600\" data-large_image_height=\"901\"><img loading=\"lazy\" decoding=\"async\" class=\"alignnone size-full wp-image-80133\" src=\"http:\/\/www.radiopiu.net\/wordpress\/wp-content\/uploads\/2019\/03\/GRANDE-TORINO-GIANNI-26.jpeg\" alt=\"\" width=\"1600\" height=\"901\" srcset=\"https:\/\/www.radiopiu.net\/wordpress\/wp-content\/uploads\/2019\/03\/GRANDE-TORINO-GIANNI-26.jpeg 1600w, https:\/\/www.radiopiu.net\/wordpress\/wp-content\/uploads\/2019\/03\/GRANDE-TORINO-GIANNI-26-300x169.jpeg 300w, https:\/\/www.radiopiu.net\/wordpress\/wp-content\/uploads\/2019\/03\/GRANDE-TORINO-GIANNI-26-768x432.jpeg 768w, https:\/\/www.radiopiu.net\/wordpress\/wp-content\/uploads\/2019\/03\/GRANDE-TORINO-GIANNI-26-1024x577.jpeg 1024w\" sizes=\"auto, (max-width: 1600px) 100vw, 1600px\" \/><\/a>TORINO CAMPIONE D\u2019ITALIA, LA COLONNA PORTANTE DELLA NAZIONALE ITALIANA, UN SOGNO REALE\u00a0 FINITO IL 4 MAGGIO DI 70 ANNI FA. UNA TRAGEDIA CHE COMMOSSE L\u2019ITALIA. ANCHE IL BELLUNESE CELEBRA IL GRANDE TORINO<\/em><\/h3>\n<p><strong>DI GIANNI SANTOMASO<\/strong><\/p>\n<audio class=\"wp-audio-shortcode\" id=\"audio-80104-7\" preload=\"none\" style=\"width: 100%;\" controls=\"controls\"><source type=\"audio\/mpeg\" src=\"http:\/\/www.radiopiu.net\/wordpress\/wp-content\/uploads\/2019\/03\/GIANNI-IL-GRANDE-TORINO.mp3?_=7\" \/><a href=\"http:\/\/www.radiopiu.net\/wordpress\/wp-content\/uploads\/2019\/03\/GIANNI-IL-GRANDE-TORINO.mp3\">http:\/\/www.radiopiu.net\/wordpress\/wp-content\/uploads\/2019\/03\/GIANNI-IL-GRANDE-TORINO.mp3<\/a><\/audio>\n<p>&nbsp;<\/p>\n<h2><strong>LE INTERVISTE\u00a0<\/strong><\/h2>\n<p><strong>Giampaolo-Muliari-direttore-Museo-Grande-Torino-di-Grugliasco<\/strong><\/p>\n<audio class=\"wp-audio-shortcode\" id=\"audio-80104-8\" preload=\"none\" style=\"width: 100%;\" controls=\"controls\"><source type=\"audio\/mpeg\" src=\"http:\/\/www.radiopiu.net\/wordpress\/wp-content\/uploads\/2019\/03\/Giampaolo-Muliari-direttore-Museo-Grande-Torino-di-Grugliasco.mp3?_=8\" \/><a href=\"http:\/\/www.radiopiu.net\/wordpress\/wp-content\/uploads\/2019\/03\/Giampaolo-Muliari-direttore-Museo-Grande-Torino-di-Grugliasco.mp3\">http:\/\/www.radiopiu.net\/wordpress\/wp-content\/uploads\/2019\/03\/Giampaolo-Muliari-direttore-Museo-Grande-Torino-di-Grugliasco.mp3<\/a><\/audio>\n<p><strong>Gianni-De-Biasi-ex-allenatore-Torino-e-nazionale-Albania<\/strong><\/p>\n<audio class=\"wp-audio-shortcode\" id=\"audio-80104-9\" preload=\"none\" style=\"width: 100%;\" controls=\"controls\"><source type=\"audio\/mpeg\" src=\"http:\/\/www.radiopiu.net\/wordpress\/wp-content\/uploads\/2019\/03\/Gianni-De-Biasi-ex-allenatore-Torino-e-nazionale-Albania.mp3?_=9\" \/><a href=\"http:\/\/www.radiopiu.net\/wordpress\/wp-content\/uploads\/2019\/03\/Gianni-De-Biasi-ex-allenatore-Torino-e-nazionale-Albania.mp3\">http:\/\/www.radiopiu.net\/wordpress\/wp-content\/uploads\/2019\/03\/Gianni-De-Biasi-ex-allenatore-Torino-e-nazionale-Albania.mp3<\/a><\/audio>\n<p><strong>Andrea-Robassa-presidente-associazione-Il-Feudo-di-Mel<\/strong><\/p>\n<audio class=\"wp-audio-shortcode\" id=\"audio-80104-10\" preload=\"none\" style=\"width: 100%;\" controls=\"controls\"><source type=\"audio\/mpeg\" src=\"http:\/\/www.radiopiu.net\/wordpress\/wp-content\/uploads\/2019\/03\/Andrea-Robassa-presidente-associazione-Il-Feudo-di-Mel.mp3?_=10\" \/><a href=\"http:\/\/www.radiopiu.net\/wordpress\/wp-content\/uploads\/2019\/03\/Andrea-Robassa-presidente-associazione-Il-Feudo-di-Mel.mp3\">http:\/\/www.radiopiu.net\/wordpress\/wp-content\/uploads\/2019\/03\/Andrea-Robassa-presidente-associazione-Il-Feudo-di-Mel.mp3<\/a><\/audio>\n<p><span style=\"color: #ff0000;\">GALLERIA FOTO<\/span><\/p>\n\n\t\t\t<style type='text\/css'>\n\t\t\t\t#gallery-3 {\n\t\t\t\t\tmargin: auto;\n\t\t\t\t}\n\t\t\t\t#gallery-3 .gallery-item {\n\t\t\t\t\tfloat: left;\n\t\t\t\t\tmargin-top: 10px;\n\t\t\t\t\ttext-align: center;\n\t\t\t\t\twidth: 33%;\n\t\t\t\t}\n\t\t\t\t#gallery-3 img {\n\t\t\t\t\tborder: 2px solid #cfcfcf;\n\t\t\t\t}\n\t\t\t\t#gallery-3 .gallery-caption {\n\t\t\t\t\tmargin-left: 0;\n\t\t\t\t}\n\t\t\t\t\/* see gallery_shortcode() in wp-includes\/media.php *\/\n\t\t\t<\/style>\n\t\t<div id='gallery-3' class='dt-gallery-container gallery galleryid-80104 gallery-columns-3 gallery-size-thumbnail'><dl class='gallery-item'>\n\t\t\t\t<dt class='gallery-icon portrait'>\n\t\t\t\t\t<a class=\"rollover\" href='https:\/\/www.radiopiu.net\/wordpress\/giornale-radiopiu-25-marzo-2019-direttore-mirko-mezzacasa\/toro-1-2\/'><img loading=\"lazy\" decoding=\"async\" width=\"150\" height=\"150\" src=\"https:\/\/www.radiopiu.net\/wordpress\/wp-content\/uploads\/2019\/03\/toro-1-1-150x150.jpg\" class=\"attachment-thumbnail size-thumbnail\" alt=\"\" \/><\/a>\n\t\t\t\t<\/dt><\/dl><dl class='gallery-item'>\n\t\t\t\t<dt class='gallery-icon portrait'>\n\t\t\t\t\t<a class=\"rollover\" href='https:\/\/www.radiopiu.net\/wordpress\/giornale-radiopiu-25-marzo-2019-direttore-mirko-mezzacasa\/grande-torino-gianni-16\/'><img loading=\"lazy\" decoding=\"async\" width=\"150\" height=\"150\" src=\"https:\/\/www.radiopiu.net\/wordpress\/wp-content\/uploads\/2019\/03\/GRANDE-TORINO-GIANNI-16-150x150.jpeg\" class=\"attachment-thumbnail size-thumbnail\" alt=\"\" \/><\/a>\n\t\t\t\t<\/dt><\/dl><dl class='gallery-item'>\n\t\t\t\t<dt class='gallery-icon portrait'>\n\t\t\t\t\t<a class=\"rollover\" href='https:\/\/www.radiopiu.net\/wordpress\/giornale-radiopiu-25-marzo-2019-direttore-mirko-mezzacasa\/grande-torino-gianni-15\/'><img loading=\"lazy\" decoding=\"async\" width=\"150\" height=\"150\" src=\"https:\/\/www.radiopiu.net\/wordpress\/wp-content\/uploads\/2019\/03\/GRANDE-TORINO-GIANNI-15-150x150.jpeg\" class=\"attachment-thumbnail size-thumbnail\" alt=\"\" \/><\/a>\n\t\t\t\t<\/dt><\/dl><br style=\"clear: both\" \/><dl class='gallery-item'>\n\t\t\t\t<dt class='gallery-icon landscape'>\n\t\t\t\t\t<a class=\"rollover\" href='https:\/\/www.radiopiu.net\/wordpress\/giornale-radiopiu-25-marzo-2019-direttore-mirko-mezzacasa\/grande-torino-gianni-14\/'><img loading=\"lazy\" decoding=\"async\" width=\"150\" height=\"150\" src=\"https:\/\/www.radiopiu.net\/wordpress\/wp-content\/uploads\/2019\/03\/GRANDE-TORINO-GIANNI-14-150x150.jpeg\" class=\"attachment-thumbnail size-thumbnail\" alt=\"\" \/><\/a>\n\t\t\t\t<\/dt><\/dl><dl class='gallery-item'>\n\t\t\t\t<dt class='gallery-icon portrait'>\n\t\t\t\t\t<a class=\"rollover\" href='https:\/\/www.radiopiu.net\/wordpress\/giornale-radiopiu-25-marzo-2019-direttore-mirko-mezzacasa\/grande-torino-gianni-13\/'><img loading=\"lazy\" decoding=\"async\" width=\"150\" height=\"150\" src=\"https:\/\/www.radiopiu.net\/wordpress\/wp-content\/uploads\/2019\/03\/GRANDE-TORINO-GIANNI-13-150x150.jpeg\" class=\"attachment-thumbnail size-thumbnail\" alt=\"\" \/><\/a>\n\t\t\t\t<\/dt><\/dl><dl class='gallery-item'>\n\t\t\t\t<dt class='gallery-icon landscape'>\n\t\t\t\t\t<a class=\"rollover\" href='https:\/\/www.radiopiu.net\/wordpress\/giornale-radiopiu-25-marzo-2019-direttore-mirko-mezzacasa\/grande-torino-gianni-12\/'><img loading=\"lazy\" decoding=\"async\" width=\"150\" height=\"150\" src=\"https:\/\/www.radiopiu.net\/wordpress\/wp-content\/uploads\/2019\/03\/GRANDE-TORINO-GIANNI-12-150x150.jpeg\" class=\"attachment-thumbnail size-thumbnail\" alt=\"\" \/><\/a>\n\t\t\t\t<\/dt><\/dl><br style=\"clear: both\" \/><dl class='gallery-item'>\n\t\t\t\t<dt class='gallery-icon portrait'>\n\t\t\t\t\t<a class=\"rollover\" href='https:\/\/www.radiopiu.net\/wordpress\/giornale-radiopiu-25-marzo-2019-direttore-mirko-mezzacasa\/grande-torino-gianni-11\/'><img loading=\"lazy\" decoding=\"async\" width=\"150\" height=\"150\" src=\"https:\/\/www.radiopiu.net\/wordpress\/wp-content\/uploads\/2019\/03\/GRANDE-TORINO-GIANNI-11-150x150.jpeg\" class=\"attachment-thumbnail size-thumbnail\" alt=\"\" \/><\/a>\n\t\t\t\t<\/dt><\/dl><dl class='gallery-item'>\n\t\t\t\t<dt class='gallery-icon landscape'>\n\t\t\t\t\t<a class=\"rollover\" href='https:\/\/www.radiopiu.net\/wordpress\/giornale-radiopiu-25-marzo-2019-direttore-mirko-mezzacasa\/grande-torino-gianni-10\/'><img loading=\"lazy\" decoding=\"async\" width=\"150\" height=\"150\" src=\"https:\/\/www.radiopiu.net\/wordpress\/wp-content\/uploads\/2019\/03\/GRANDE-TORINO-GIANNI-10-150x150.jpeg\" class=\"attachment-thumbnail size-thumbnail\" alt=\"\" \/><\/a>\n\t\t\t\t<\/dt><\/dl><dl class='gallery-item'>\n\t\t\t\t<dt class='gallery-icon landscape'>\n\t\t\t\t\t<a class=\"rollover\" href='https:\/\/www.radiopiu.net\/wordpress\/giornale-radiopiu-25-marzo-2019-direttore-mirko-mezzacasa\/grande-torino-gianni-9\/'><img loading=\"lazy\" decoding=\"async\" width=\"150\" height=\"150\" src=\"https:\/\/www.radiopiu.net\/wordpress\/wp-content\/uploads\/2019\/03\/GRANDE-TORINO-GIANNI-9-150x150.jpeg\" class=\"attachment-thumbnail size-thumbnail\" alt=\"\" \/><\/a>\n\t\t\t\t<\/dt><\/dl><br style=\"clear: both\" \/><dl class='gallery-item'>\n\t\t\t\t<dt class='gallery-icon landscape'>\n\t\t\t\t\t<a class=\"rollover\" href='https:\/\/www.radiopiu.net\/wordpress\/giornale-radiopiu-25-marzo-2019-direttore-mirko-mezzacasa\/grande-torino-gianni-8\/'><img loading=\"lazy\" decoding=\"async\" width=\"150\" height=\"150\" src=\"https:\/\/www.radiopiu.net\/wordpress\/wp-content\/uploads\/2019\/03\/GRANDE-TORINO-GIANNI-8-150x150.jpeg\" class=\"attachment-thumbnail size-thumbnail\" alt=\"\" \/><\/a>\n\t\t\t\t<\/dt><\/dl><dl class='gallery-item'>\n\t\t\t\t<dt class='gallery-icon landscape'>\n\t\t\t\t\t<a class=\"rollover\" href='https:\/\/www.radiopiu.net\/wordpress\/giornale-radiopiu-25-marzo-2019-direttore-mirko-mezzacasa\/grande-torino-gianni-7\/'><img loading=\"lazy\" decoding=\"async\" width=\"150\" height=\"150\" src=\"https:\/\/www.radiopiu.net\/wordpress\/wp-content\/uploads\/2019\/03\/GRANDE-TORINO-GIANNI-7-150x150.jpeg\" class=\"attachment-thumbnail size-thumbnail\" alt=\"\" \/><\/a>\n\t\t\t\t<\/dt><\/dl><dl class='gallery-item'>\n\t\t\t\t<dt class='gallery-icon portrait'>\n\t\t\t\t\t<a class=\"rollover\" href='https:\/\/www.radiopiu.net\/wordpress\/giornale-radiopiu-25-marzo-2019-direttore-mirko-mezzacasa\/grande-torino-gianni-6\/'><img loading=\"lazy\" decoding=\"async\" width=\"150\" height=\"150\" src=\"https:\/\/www.radiopiu.net\/wordpress\/wp-content\/uploads\/2019\/03\/GRANDE-TORINO-GIANNI-6-150x150.jpeg\" class=\"attachment-thumbnail size-thumbnail\" alt=\"\" \/><\/a>\n\t\t\t\t<\/dt><\/dl><br style=\"clear: both\" \/><dl class='gallery-item'>\n\t\t\t\t<dt class='gallery-icon portrait'>\n\t\t\t\t\t<a class=\"rollover\" href='https:\/\/www.radiopiu.net\/wordpress\/giornale-radiopiu-25-marzo-2019-direttore-mirko-mezzacasa\/grande-torino-gianni-5\/'><img loading=\"lazy\" decoding=\"async\" width=\"150\" height=\"150\" src=\"https:\/\/www.radiopiu.net\/wordpress\/wp-content\/uploads\/2019\/03\/GRANDE-TORINO-GIANNI-5-150x150.jpeg\" class=\"attachment-thumbnail size-thumbnail\" alt=\"\" \/><\/a>\n\t\t\t\t<\/dt><\/dl><dl class='gallery-item'>\n\t\t\t\t<dt class='gallery-icon portrait'>\n\t\t\t\t\t<a class=\"rollover\" href='https:\/\/www.radiopiu.net\/wordpress\/giornale-radiopiu-25-marzo-2019-direttore-mirko-mezzacasa\/grande-torino-gianni-4\/'><img loading=\"lazy\" decoding=\"async\" width=\"150\" height=\"150\" src=\"https:\/\/www.radiopiu.net\/wordpress\/wp-content\/uploads\/2019\/03\/GRANDE-TORINO-GIANNI-4-150x150.jpeg\" class=\"attachment-thumbnail size-thumbnail\" alt=\"\" \/><\/a>\n\t\t\t\t<\/dt><\/dl><dl class='gallery-item'>\n\t\t\t\t<dt class='gallery-icon landscape'>\n\t\t\t\t\t<a class=\"rollover\" href='https:\/\/www.radiopiu.net\/wordpress\/giornale-radiopiu-25-marzo-2019-direttore-mirko-mezzacasa\/grande-torino-gianni-3\/'><img loading=\"lazy\" decoding=\"async\" width=\"150\" height=\"150\" src=\"https:\/\/www.radiopiu.net\/wordpress\/wp-content\/uploads\/2019\/03\/GRANDE-TORINO-GIANNI-3-150x150.jpeg\" class=\"attachment-thumbnail size-thumbnail\" alt=\"\" \/><\/a>\n\t\t\t\t<\/dt><\/dl><br style=\"clear: both\" \/><dl class='gallery-item'>\n\t\t\t\t<dt class='gallery-icon landscape'>\n\t\t\t\t\t<a class=\"rollover\" href='https:\/\/www.radiopiu.net\/wordpress\/giornale-radiopiu-25-marzo-2019-direttore-mirko-mezzacasa\/grande-torino-gianni-2\/'><img loading=\"lazy\" decoding=\"async\" width=\"150\" height=\"150\" src=\"https:\/\/www.radiopiu.net\/wordpress\/wp-content\/uploads\/2019\/03\/GRANDE-TORINO-GIANNI-2-150x150.jpeg\" class=\"attachment-thumbnail size-thumbnail\" alt=\"\" \/><\/a>\n\t\t\t\t<\/dt><\/dl><dl class='gallery-item'>\n\t\t\t\t<dt class='gallery-icon landscape'>\n\t\t\t\t\t<a class=\"rollover\" href='https:\/\/www.radiopiu.net\/wordpress\/giornale-radiopiu-25-marzo-2019-direttore-mirko-mezzacasa\/grande-torino-gianni-1\/'><img loading=\"lazy\" decoding=\"async\" width=\"150\" height=\"150\" src=\"https:\/\/www.radiopiu.net\/wordpress\/wp-content\/uploads\/2019\/03\/GRANDE-TORINO-GIANNI-1-150x150.jpeg\" class=\"attachment-thumbnail size-thumbnail\" alt=\"\" \/><\/a>\n\t\t\t\t<\/dt><\/dl><dl class='gallery-item'>\n\t\t\t\t<dt class='gallery-icon portrait'>\n\t\t\t\t\t<a class=\"rollover\" href='https:\/\/www.radiopiu.net\/wordpress\/giornale-radiopiu-25-marzo-2019-direttore-mirko-mezzacasa\/toro-1-3\/'><img loading=\"lazy\" decoding=\"async\" width=\"150\" height=\"150\" src=\"https:\/\/www.radiopiu.net\/wordpress\/wp-content\/uploads\/2019\/03\/toro-1-2-150x150.jpg\" class=\"attachment-thumbnail size-thumbnail\" alt=\"\" \/><\/a>\n\t\t\t\t<\/dt><\/dl><br style=\"clear: both\" \/><dl class='gallery-item'>\n\t\t\t\t<dt class='gallery-icon landscape'>\n\t\t\t\t\t<a class=\"rollover\" href='https:\/\/www.radiopiu.net\/wordpress\/giornale-radiopiu-25-marzo-2019-direttore-mirko-mezzacasa\/grande-torino-gianni-27\/'><img loading=\"lazy\" decoding=\"async\" width=\"150\" height=\"150\" src=\"https:\/\/www.radiopiu.net\/wordpress\/wp-content\/uploads\/2019\/03\/GRANDE-TORINO-GIANNI-27-150x150.jpeg\" class=\"attachment-thumbnail size-thumbnail\" alt=\"\" \/><\/a>\n\t\t\t\t<\/dt><\/dl><dl class='gallery-item'>\n\t\t\t\t<dt class='gallery-icon landscape'>\n\t\t\t\t\t<a class=\"rollover\" href='https:\/\/www.radiopiu.net\/wordpress\/giornale-radiopiu-25-marzo-2019-direttore-mirko-mezzacasa\/grande-torino-gianni-26-2\/'><img loading=\"lazy\" decoding=\"async\" width=\"150\" height=\"150\" src=\"https:\/\/www.radiopiu.net\/wordpress\/wp-content\/uploads\/2019\/03\/GRANDE-TORINO-GIANNI-26-1-150x150.jpeg\" class=\"attachment-thumbnail size-thumbnail\" alt=\"\" \/><\/a>\n\t\t\t\t<\/dt><\/dl><dl class='gallery-item'>\n\t\t\t\t<dt class='gallery-icon landscape'>\n\t\t\t\t\t<a class=\"rollover\" href='https:\/\/www.radiopiu.net\/wordpress\/giornale-radiopiu-25-marzo-2019-direttore-mirko-mezzacasa\/grande-torino-gianni-25\/'><img loading=\"lazy\" decoding=\"async\" width=\"150\" height=\"150\" src=\"https:\/\/www.radiopiu.net\/wordpress\/wp-content\/uploads\/2019\/03\/GRANDE-TORINO-GIANNI-25-150x150.jpeg\" class=\"attachment-thumbnail size-thumbnail\" alt=\"\" \/><\/a>\n\t\t\t\t<\/dt><\/dl><br style=\"clear: both\" \/><dl class='gallery-item'>\n\t\t\t\t<dt class='gallery-icon landscape'>\n\t\t\t\t\t<a class=\"rollover\" href='https:\/\/www.radiopiu.net\/wordpress\/giornale-radiopiu-25-marzo-2019-direttore-mirko-mezzacasa\/grande-torino-gianni-24\/'><img loading=\"lazy\" decoding=\"async\" width=\"150\" height=\"150\" src=\"https:\/\/www.radiopiu.net\/wordpress\/wp-content\/uploads\/2019\/03\/GRANDE-TORINO-GIANNI-24-150x150.jpeg\" class=\"attachment-thumbnail size-thumbnail\" alt=\"\" \/><\/a>\n\t\t\t\t<\/dt><\/dl><dl class='gallery-item'>\n\t\t\t\t<dt class='gallery-icon landscape'>\n\t\t\t\t\t<a class=\"rollover\" href='https:\/\/www.radiopiu.net\/wordpress\/giornale-radiopiu-25-marzo-2019-direttore-mirko-mezzacasa\/grande-torino-gianni-23\/'><img loading=\"lazy\" decoding=\"async\" width=\"150\" height=\"150\" src=\"https:\/\/www.radiopiu.net\/wordpress\/wp-content\/uploads\/2019\/03\/GRANDE-TORINO-GIANNI-23-150x150.jpeg\" class=\"attachment-thumbnail size-thumbnail\" alt=\"\" \/><\/a>\n\t\t\t\t<\/dt><\/dl><dl class='gallery-item'>\n\t\t\t\t<dt class='gallery-icon landscape'>\n\t\t\t\t\t<a class=\"rollover\" href='https:\/\/www.radiopiu.net\/wordpress\/giornale-radiopiu-25-marzo-2019-direttore-mirko-mezzacasa\/grande-torino-gianni-22\/'><img loading=\"lazy\" decoding=\"async\" width=\"150\" height=\"150\" src=\"https:\/\/www.radiopiu.net\/wordpress\/wp-content\/uploads\/2019\/03\/GRANDE-TORINO-GIANNI-22-150x150.jpeg\" class=\"attachment-thumbnail size-thumbnail\" alt=\"\" \/><\/a>\n\t\t\t\t<\/dt><\/dl><br style=\"clear: both\" \/><dl class='gallery-item'>\n\t\t\t\t<dt class='gallery-icon landscape'>\n\t\t\t\t\t<a class=\"rollover\" href='https:\/\/www.radiopiu.net\/wordpress\/giornale-radiopiu-25-marzo-2019-direttore-mirko-mezzacasa\/grande-torino-gianni-26\/'><img loading=\"lazy\" decoding=\"async\" width=\"150\" height=\"150\" src=\"https:\/\/www.radiopiu.net\/wordpress\/wp-content\/uploads\/2019\/03\/GRANDE-TORINO-GIANNI-26-150x150.jpeg\" class=\"attachment-thumbnail size-thumbnail\" alt=\"\" \/><\/a>\n\t\t\t\t<\/dt><\/dl>\n\t\t\t\t<br style='clear: both' \/>\n\t\t\t<\/div>\n\n<p>&nbsp;<\/p>\n<p>&nbsp;<\/p>\n<p>&nbsp;<\/p>\n<p>&nbsp;<\/p>\n<h2><\/h2>\n<h2><a class=\"dt-pswp-item\" style=\"color: #005177; outline: 0px; text-decoration-line: none;\" href=\"http:\/\/www.radiopiu.net\/wordpress\/wp-content\/uploads\/2019\/03\/Agrimont-interni.jpg\" data-dt-img-description=\"\" data-large_image_width=\"1278\" data-large_image_height=\"917\"><img loading=\"lazy\" decoding=\"async\" class=\"wp-image-79289 alignleft\" src=\"http:\/\/www.radiopiu.net\/wordpress\/wp-content\/uploads\/2019\/03\/Agrimont-interni.jpg\" alt=\"\" width=\"171\" height=\"123\" srcset=\"https:\/\/www.radiopiu.net\/wordpress\/wp-content\/uploads\/2019\/03\/Agrimont-interni.jpg 1278w, https:\/\/www.radiopiu.net\/wordpress\/wp-content\/uploads\/2019\/03\/Agrimont-interni-300x215.jpg 300w, https:\/\/www.radiopiu.net\/wordpress\/wp-content\/uploads\/2019\/03\/Agrimont-interni-768x551.jpg 768w, https:\/\/www.radiopiu.net\/wordpress\/wp-content\/uploads\/2019\/03\/Agrimont-interni-1024x735.jpg 1024w\" sizes=\"auto, (max-width: 171px) 100vw, 171px\" \/><\/a><\/h2>\n<h2>FATTORIE SOCIALI E LONGARONE FIERE, CONSIDERAZIONE DI DARIO BOND<\/h2>\n<p>&#8220;Le fattorie sociali possono essere di grande aiuto alle persone con disabilit\u00e0&#8221;.<\/p>\n<p><strong>DARIO BOND<\/strong><\/p>\n<audio class=\"wp-audio-shortcode\" id=\"audio-80104-11\" preload=\"none\" style=\"width: 100%;\" controls=\"controls\"><source type=\"audio\/mpeg\" src=\"http:\/\/www.radiopiu.net\/wordpress\/wp-content\/uploads\/2019\/03\/BOND-FATTORIE.mp3?_=11\" \/><a href=\"http:\/\/www.radiopiu.net\/wordpress\/wp-content\/uploads\/2019\/03\/BOND-FATTORIE.mp3\">http:\/\/www.radiopiu.net\/wordpress\/wp-content\/uploads\/2019\/03\/BOND-FATTORIE.mp3<\/a><\/audio>\n<p>&nbsp;<\/p>\n<p>&nbsp;<\/p>\n<p>&nbsp;<\/p>\n<h3>L&#8217;ASSEMBLEA DI VIVAIO DOLOMITI<\/h3>\n<p><strong>BELLUNO<\/strong> Questa sera alle 20.30\u00a0 nella sala della cooperativa di Cirvoi\u00a0 si terr\u00e0 l&#8217;assemblea di Vivaio Dolomiti. In discussione: la relazione del presidente sulle attivit\u00e0 svolte nel 2018 e gli eventi in programma; elettrodotto Terna: relazione ultimo incontro in Regione con assessore Marcato; approvazione rendiconto finanziario 2018 e\u00a0 bilancio previsionale 2019; rinnovo del consiglio direttivo.<\/p>\n<p>&nbsp;<\/p>\n<p>&nbsp;<\/p>\n<h3>INCONTRI INFORMATIVI &#8211; EMERGENZA MALTEMPO OTTOBRE-NOVEMBRE 2018<\/h3>\n<p>Le Amministrazioni Comunali dell&#8217;Agordino organizzano per domani due incontri informativi, relativi alle modalit\u00e0 di intervento e di esbosco sulle aree soggette a schianto a seguito degli eccezionali eventi atmosferici di fine ottobre-novembre 2018. Saranno presenti: \u00a0Fabrizio Stella \u2013 Direttore di AVEPA \u2013 Soggetto Attuatore per il Settore rilievo e opere Agricolo-Forestali; \u00a0Gianmaria Sommavilla \u30fb Regione del Veneto &#8211; Direttore dell&#8217;U.O Forestale Est &#8211; Soggetto Attuatore per il ripristino ambientale e forestale. Gli incontri si terranno marted\u00ec 26 marzo, nei seguenti orari e luoghi: \u00a0alle 15 a Livinallongo del Col di Lana a\u00a0 Pieve, presso la sala Taulac, alle\u00a0 18 ad Agordo sala Don Tamis.<\/p>\n<p>&nbsp;<\/p>\n<p>&nbsp;<\/p>\n<p>&nbsp;<\/p>\n<h3>INCONTRO CON IL COMITATO UTENTI<\/h3>\n<p>Il Comitato Consultivo Utenti , organo istituzionale\u00a0 presso il Consiglio di Bacino Dolomiti Bellunesi, convoca una conferenza stampa\u00a0 per martedi 26 \u00a0alle ore 12, presso la Sala Calvi della Provincia di Belluno. Il tema sar\u00e0 il nuovo regolamento d\u2019utenza del Servizio Idrico Integrato, la cui approvazione verr\u00e0 presumibilmente decisa il 28\/03\/2109 dall\u2019Assemblea dei Sindaci convocata allo scopo.<\/p>\n<p>&nbsp;<\/p>\n<p>&nbsp;<\/p>\n<p>&nbsp;<\/p>\n<h2>BIM PIAVE IN ASSEMBLEA<\/h2>\n<p>L\u2019Assemblea Generale del Consorzio BIM Piave di Belluno \u00e8 convocata in seduta pubblica per gioved\u00ec 28 alle\u00a0 16 presso la Sala Affreschi dell\u2019Amministrazione Provinciale in Via Sant\u2019Andrea. Ordine del giorno:\u00a0 I variazione al Bilancio di Previsione 2019-2021; Modifica Regolamento per l\u2019assegnazione di contributi in conto capitale ai Comuni consorziati.<\/p>\n<p>&nbsp;<\/p>\n<p>&nbsp;<\/p>\n<p>&nbsp;<\/p>\n<h2>MERCOLEDI A CELLARDA LA LETTURA ANIMATA<\/h2>\n<p><strong>FELTRE.<\/strong> Una lettura animata per promuovere la settimana dell&#8217;affido familiare. Appuntamento per bambini e genitori mercoled\u00ec 27 marzo dalle 17 alle 18.00 al Casel di Cellarda.\u00a0 Gli adulti potranno contemporaneamente concedersi uno spazio di tranquillit\u00e0 e di scambio con gli operatori del Centro per l&#8217;Affido, ascoltando anche una testimonianza di una famiglia affidataria.<\/p>\n<p>&nbsp;<\/p>\n<p>&nbsp;<\/p>\n<p>&nbsp;<\/p>\n<p>&nbsp;<\/p>\n<h3 class=\"entry-title\">\u201cPER RIPRISTINARE LE TERRE ALTE NON \u00c8 SUFFICIENTE IL SOLO VOLONTARIATO\u201d L\u2019OPINIONE DI FRANCO PIACENTINI<\/h3>\n<blockquote class=\"wp-embedded-content\" data-secret=\"esI6EwEfQl\"><p><a href=\"http:\/\/www.radiopiu.net\/wordpress\/per-ripristinare-le-terre-alte-non-e-sufficiente-il-solo-volontariato-lopinione-di-franco-piacentini\/\">\u201cPer ripristinare le Terre Alte non \u00e8 sufficiente il solo Volontariato\u201d L&#8217;opinione di Franco Piacentini<\/a><\/p><\/blockquote>\n<p><iframe loading=\"lazy\" class=\"wp-embedded-content\" sandbox=\"allow-scripts\" security=\"restricted\" style=\"position: absolute; clip: rect(1px, 1px, 1px, 1px);\" src=\"http:\/\/www.radiopiu.net\/wordpress\/per-ripristinare-le-terre-alte-non-e-sufficiente-il-solo-volontariato-lopinione-di-franco-piacentini\/embed\/#?secret=esI6EwEfQl\" data-secret=\"esI6EwEfQl\" width=\"600\" height=\"338\" title=\"&#8220;\u201cPer ripristinare le Terre Alte non \u00e8 sufficiente il solo Volontariato\u201d L&#8217;opinione di Franco Piacentini&#8221; &#8212; Radio Pi\u00f9\" frameborder=\"0\" marginwidth=\"0\" marginheight=\"0\" scrolling=\"no\"><\/iframe><\/p>\n<p>&nbsp;<\/p>\n<p>&nbsp;<\/p>\n<p>&nbsp;<\/p>\n<h1 class=\"entry-title\">IMU-TASI, QUASI 156 MILIARDI DAL 2012<\/h1>\n<blockquote class=\"wp-embedded-content\" data-secret=\"R57m2A68fo\"><p><a href=\"http:\/\/www.radiopiu.net\/wordpress\/imu-tasi-quasi-156-miliardi-dal-2012\/\">IMU-TASI, QUASI 156 MILIARDI DAL 2012<\/a><\/p><\/blockquote>\n<p><iframe loading=\"lazy\" class=\"wp-embedded-content\" sandbox=\"allow-scripts\" security=\"restricted\" style=\"position: absolute; clip: rect(1px, 1px, 1px, 1px);\" src=\"http:\/\/www.radiopiu.net\/wordpress\/imu-tasi-quasi-156-miliardi-dal-2012\/embed\/#?secret=R57m2A68fo\" data-secret=\"R57m2A68fo\" width=\"600\" height=\"338\" title=\"&#8220;IMU-TASI, QUASI 156 MILIARDI DAL 2012&#8221; &#8212; Radio Pi\u00f9\" frameborder=\"0\" marginwidth=\"0\" marginheight=\"0\" scrolling=\"no\"><\/iframe><\/p>\n<p>&nbsp;<\/p>\n<p>&nbsp;<\/p>\n<h3>IL COMUNE APPROVA IL DOCUMENTO UNICO DI PROGRAMMAZIONE<\/h3>\n<p><strong>RIVAMONTE<\/strong> Mercoledi alle 19 nel consiglio comunale convocato dal sindaco Giovanni Deon i consiglieri discuteranno: il dup 2019-2021, l&#8217;imposta comunale Imu e Tasi, nomineranno il revisore dei conti e approveranno la convenzione per la gestione associata dei servizi sociali.<\/p>\n<p>&nbsp;<\/p>\n<p>&nbsp;<\/p>\n<h3>NUOVE CONVENZIONI E DOCUMENTO DI PROGRAMMAZIONE<\/h3>\n<p><strong>CANALE D&#8217;AGORDO<\/strong> Si riunisce mercoledi alle 20 il consiglio comunale di Canale d&#8217;Agordo, all&#8217;ordine del giorno lo scioglimento della convenzione per il segretario comunale con Voltago, determinazione delle tariffe del servizio trasporto scolastico e tributi locali, documento di programmazione DUP e approvazione del bilancio di previsione.<\/p>\n<p>&nbsp;<\/p>\n<p>&nbsp;<\/p>\n<h3>IL BILANCIO, NEL CONSIGLIO COMUNALE DI GIOVEDI<\/h3>\n<p><strong>CENCENIGHE<\/strong> Il consiglio comunale convocato dal sindaco Mauro Soppelsa si riunir\u00e0 gioved\u00ec 28 alle 20.30. All&#8217;ordine del giorno: riconognizione immobili suscettibili di alienazione, approvazione bilancio del Comune e dell&#8217;Asca, acquisizione infrastruttura nel sito diffusione al Monte delle Anime, adozione variante al piano degli interventi e adeguamento compenso organo revisione economica.<\/p>\n<h3><\/h3>\n<blockquote><p>&nbsp;<\/p><\/blockquote>\n<h3>L&#8217;ULTIMO DI GRONES? SI PREANNUNCIA\u00a0 UNA SEDUTA FIUME<\/h3>\n<p><strong>LIVINALLONGO<\/strong> Se non l&#8217;ultimo della legislatura sar\u00e0 il consiglio comunale pi\u00f9 lungo di fine legislatura, perch\u00e9 i punti all&#8217;ordine del giorno della riunione mercoledi alle 9 sono ben 13 comunicazioni del sindaco Leandro Grones compreso. I consiglieri saranno chiamati ad approvare le nuove tariffe (Imu, Tasi, Irpef) ma anche lo schema di programma triennale, la verifica delle aree fabbricabili, l&#8217;aggiornamento del Dup, il bilancio dell&#8217;azienda consortile agordina Asca e alcune convenzioni. In discussione anche il parcheggio in localit\u00e0 Corte, l&#8217;ampliamento dell&#8217;hotel Genziana e l&#8217;acquisizione di area demaniale.<\/p>\n<p>&nbsp;<\/p>\n<p>&nbsp;<\/p>\n<p>&nbsp;<\/p>\n<p>&nbsp;<\/p>\n<h3 class=\"entry-title\">GLI SPECIALI DELLA SETTIMANA: LA FANFARA AD AGORDO, ALESSIO CREMONESE MANIFATTURA VALCISMON, VIAGGI CON RAIKA FAGHERAZZI, MARCIALONGA CON DAVIDE STOFFIE<\/h3>\n<p>&nbsp;<\/p>\n<blockquote class=\"wp-embedded-content\" data-secret=\"MAetocgt6n\"><p><a href=\"http:\/\/www.radiopiu.net\/wordpress\/gli-speciali-della-settimana-la-fanfara-ad-agordo-alessio-cremonese-manifattura-valcismon-viaggi-con-raika-fagherazzi-marcialonga-con-davide-stoffie\/\">GLI SPECIALI DELLA SETTIMANA: LA FANFARA AD AGORDO, ALESSIO CREMONESE MANIFATTURA VALCISMON, VIAGGI CON RAIKA FAGHERAZZI,  MARCIALONGA CON DAVIDE STOFFIE<\/a><\/p><\/blockquote>\n<p><iframe loading=\"lazy\" class=\"wp-embedded-content\" sandbox=\"allow-scripts\" security=\"restricted\" style=\"position: absolute; clip: rect(1px, 1px, 1px, 1px);\" src=\"http:\/\/www.radiopiu.net\/wordpress\/gli-speciali-della-settimana-la-fanfara-ad-agordo-alessio-cremonese-manifattura-valcismon-viaggi-con-raika-fagherazzi-marcialonga-con-davide-stoffie\/embed\/#?secret=MAetocgt6n\" data-secret=\"MAetocgt6n\" width=\"600\" height=\"338\" title=\"&#8220;GLI SPECIALI DELLA SETTIMANA: LA FANFARA AD AGORDO, ALESSIO CREMONESE MANIFATTURA VALCISMON, VIAGGI CON RAIKA FAGHERAZZI,  MARCIALONGA CON DAVIDE STOFFIE&#8221; &#8212; Radio Pi\u00f9\" frameborder=\"0\" marginwidth=\"0\" marginheight=\"0\" scrolling=\"no\"><\/iframe><\/p>\n<p>&nbsp;<\/p>\n<p>&nbsp;<\/p>\n<h1>GLI SPECIALI DI RENATO BONA<\/h1>\n<p>&nbsp;<\/p>\n<blockquote class=\"wp-embedded-content\" data-secret=\"vnXLs2Mqo3\"><p><a href=\"http:\/\/www.radiopiu.net\/wordpress\/moriva-a-roma-57-anni-fa-un-grande-personaggio-bellunese-della-chiesa-felice-maria-cappello-di-caviola-confessore-di-roma-e-servo-di-dio-di-renato-bona\/\">Moriva a Roma 57 anni fa un grande personaggio bellunese della Chiesa FELICE MARIA CAPPELLO DI CAVIOLA: \u201cCONFESSORE DI ROMA\u201d E SERVO DI DIO,  di  RENATO BONA<\/a><\/p><\/blockquote>\n<p><iframe loading=\"lazy\" class=\"wp-embedded-content\" sandbox=\"allow-scripts\" security=\"restricted\" style=\"position: absolute; clip: rect(1px, 1px, 1px, 1px);\" src=\"http:\/\/www.radiopiu.net\/wordpress\/moriva-a-roma-57-anni-fa-un-grande-personaggio-bellunese-della-chiesa-felice-maria-cappello-di-caviola-confessore-di-roma-e-servo-di-dio-di-renato-bona\/embed\/#?secret=vnXLs2Mqo3\" data-secret=\"vnXLs2Mqo3\" width=\"600\" height=\"338\" title=\"&#8220;Moriva a Roma 57 anni fa un grande personaggio bellunese della Chiesa FELICE MARIA CAPPELLO DI CAVIOLA: \u201cCONFESSORE DI ROMA\u201d E SERVO DI DIO,  di  RENATO BONA&#8221; &#8212; Radio Pi\u00f9\" frameborder=\"0\" marginwidth=\"0\" marginheight=\"0\" scrolling=\"no\"><\/iframe><\/p>\n<p>&nbsp;<\/p>\n<p>&nbsp;<\/p>\n<h2><a class=\"dt-pswp-item\" href=\"http:\/\/www.radiopiu.net\/wordpress\/wp-content\/uploads\/2018\/09\/appuntamenti.jpeg\" data-dt-img-description=\"\" data-large_image_width=\"800\" data-large_image_height=\"100\"><img loading=\"lazy\" decoding=\"async\" class=\"alignnone wp-image-61958 size-full\" src=\"http:\/\/www.radiopiu.net\/wordpress\/wp-content\/uploads\/2018\/09\/appuntamenti.jpeg\" alt=\"\" width=\"800\" height=\"100\" srcset=\"https:\/\/www.radiopiu.net\/wordpress\/wp-content\/uploads\/2018\/09\/appuntamenti.jpeg 800w, https:\/\/www.radiopiu.net\/wordpress\/wp-content\/uploads\/2018\/09\/appuntamenti-300x38.jpeg 300w, https:\/\/www.radiopiu.net\/wordpress\/wp-content\/uploads\/2018\/09\/appuntamenti-768x96.jpeg 768w\" sizes=\"auto, (max-width: 800px) 100vw, 800px\" \/><\/a><\/h2>\n<p><a class=\"dt-pswp-item\" href=\"http:\/\/www.radiopiu.net\/wordpress\/wp-content\/uploads\/2019\/03\/WhatsApp-Image-2019-03-21-at-16.47.02.jpeg\" data-dt-img-description=\"\" data-large_image_width=\"722\" data-large_image_height=\"1024\"><img loading=\"lazy\" decoding=\"async\" class=\"wp-image-79894 aligncenter\" src=\"http:\/\/www.radiopiu.net\/wordpress\/wp-content\/uploads\/2019\/03\/WhatsApp-Image-2019-03-21-at-16.47.02-722x1024.jpeg\" alt=\"\" width=\"442\" height=\"627\" srcset=\"https:\/\/www.radiopiu.net\/wordpress\/wp-content\/uploads\/2019\/03\/WhatsApp-Image-2019-03-21-at-16.47.02.jpeg 722w, https:\/\/www.radiopiu.net\/wordpress\/wp-content\/uploads\/2019\/03\/WhatsApp-Image-2019-03-21-at-16.47.02-212x300.jpeg 212w\" sizes=\"auto, (max-width: 442px) 100vw, 442px\" \/><\/a><\/p>\n<p>&nbsp;<\/p>\n<p><strong>BELLUNO<\/strong> Giovedi 28 marzo\u00a0 \u00a0alle 18,30\u00a0 al\u00a0 ristorante\u00a0 &#8220;Taverna&#8221; di\u00a0 via Cipro nell&#8217;ambito della Conversazioni in Taverna, si terr\u00e0 l&#8217;incontro &#8221;\u00a0 LA POLITICA ESTERA DEL VATICANO&#8221;. interviene: -Alessandro GROSSATO &#8211; geopolitico, orientalista e storico delle religioni- conduce: -Francesco BOCO &#8211; saggista.<\/p>\n<p>&nbsp;<\/p>\n<p><strong>PONTE NELLE ALPI<\/strong> Venerdi 29 marzo al ristorante Da Benito, La Cooperativa CoSoMi\u00a0 promuove un incontro \u201cletterario poetico\u201d per una solidariet\u00e0 anche culturale a tutte quelle comunit\u00e0 delle Terre Alte Bellunesi, colpite dal disastroso maltempo di fine ottobre 2018. Nel libro: \u201cLa casa in mezzo al prato\u201d che sar\u00e0 presentato dall\u2019autrice, Maria Luisa Daniele Toffanin.<\/p>\n<p>&nbsp;<\/p>\n<p><strong>BELLUNO<\/strong> L&#8217;associazione culturale Centro UPM organizza per venerdi alle 20.45 presso la sala\u00a0 &#8220;un noce&#8221;,\u00a0 in Via Borozzi, l&#8217;incontro pubblico &#8220;Non conosciamo mai il valore dell&#8217;acqua finch\u00e8 il pozzo non \u00e8 asciutto&#8221; <span style=\"font-size: medium;\">T. Fuller<\/span>, storie dal Sud e dal Nord del Mondo con Federica De Carli di Insieme si Puo&#8217;.<\/p>\n<p>&nbsp;<\/p>\n<p><strong>FELTRE<\/strong> Sabato 30 Marzo alle 14,30 presso la sala convegni della Birreria Pedavena, l ASSEMBLEA GENERALE delle iscritte e degli iscritti al Circolo Auser \u201cal Castello\u201d di Feltre, con il seguente ordine del giorno: \u00a0presentazione rapporto attivit\u00e0 2018; \u00a0presentazione e approvazione bilancio consuntivo 2018; \u00a0riconoscimenti ad alcuni volontari attivi;\u00a0prime proposte per iniziative sui trent\u2019anni di Auser Feltre.<\/p>\n<p>&nbsp;<\/p>\n<p><strong>SEDICO<\/strong> Per raccogliere fondi per il ripristino della passerella del Peron,\u00a0 il gruppo Sospirolo Futura organizza una serata, \u201cPasserella senza barriere\u201d, il 30 marzo alle 20.45 al centro civico di Sospirolo. Tema della serata saranno le disabilit\u00e0 fisiche, e fra gli ospiti ci sar\u00e0 anche il campione paralimpico di tiro con l\u2019arco Oscar De Pellegrin. La serata sar\u00e0 condotta da Tiziana Bolognani e sar\u00e0 allietata dalle canzoni del coro Voci dai cortivi.<\/p>\n<p>&nbsp;<\/p>\n<p>&nbsp;<\/p>\n<p>&nbsp;<\/p>\n<p>&nbsp;<\/p>\n<p><a class=\"dt-pswp-item\" href=\"http:\/\/www.radiopiu.net\/wordpress\/wp-content\/uploads\/2018\/09\/viabilita.jpeg\" data-dt-img-description=\"\" data-large_image_width=\"800\" data-large_image_height=\"100\"><img loading=\"lazy\" decoding=\"async\" class=\"alignnone size-full wp-image-61954\" src=\"http:\/\/www.radiopiu.net\/wordpress\/wp-content\/uploads\/2018\/09\/viabilita.jpeg\" alt=\"\" width=\"800\" height=\"100\" srcset=\"https:\/\/www.radiopiu.net\/wordpress\/wp-content\/uploads\/2018\/09\/viabilita.jpeg 800w, https:\/\/www.radiopiu.net\/wordpress\/wp-content\/uploads\/2018\/09\/viabilita-300x38.jpeg 300w, https:\/\/www.radiopiu.net\/wordpress\/wp-content\/uploads\/2018\/09\/viabilita-768x96.jpeg 768w\" sizes=\"auto, (max-width: 800px) 100vw, 800px\" \/><\/a><\/p>\n<p><strong>CAPRILE DI ALLEGHE<\/strong> Fino al 5 aprile con esclusione dei giorni festivi e prefestivi, senso unco alternato lungo la regionale 203 agordina a monte dell&#8217;abitato di Caprile. Possibili interdizioni totale al transito fino a 15 minuti.<\/p>\n<p><strong>SAN TOMASO<\/strong> Lungo la regionale 203 agordina in Comune di San Tomaso da lunedi al 29 marzo senso unico alternato regolato da semaforo.<\/p>\n<p><strong>CENCENIGHE <\/strong>Fino al 29 marzo dalle 8 alle 17 senso unico alternato in Comune di Cencenighe lungo la regionale 203 agordina per la messa in sicurezza del tratto stradale.<\/p>\n<p><strong>VOLTAGO<\/strong> Fino al 5 aprile\u00a0 tutti i giorni sabati e domeniche compresi, senso unico alternato regolato da semaforo lungo la provinciale 347 in Comune di Voltago per lavori di somma urgenza e messa in sicurezza del piano viabile.<\/p>\n<p>&nbsp;<\/p>\n<p>&nbsp;<\/p>\n<p>&nbsp;<\/p>\n<p>&nbsp;<\/p>\n<p><a class=\"dt-pswp-item\" href=\"http:\/\/www.radiopiu.net\/wordpress\/wp-content\/uploads\/2018\/09\/sport.jpg\" data-dt-img-description=\"\" data-large_image_width=\"800\" data-large_image_height=\"100\"><img loading=\"lazy\" decoding=\"async\" class=\"alignnone wp-image-60761 size-full\" src=\"http:\/\/www.radiopiu.net\/wordpress\/wp-content\/uploads\/2018\/09\/sport.jpg\" alt=\"\" width=\"800\" height=\"100\" srcset=\"https:\/\/www.radiopiu.net\/wordpress\/wp-content\/uploads\/2018\/09\/sport.jpg 800w, https:\/\/www.radiopiu.net\/wordpress\/wp-content\/uploads\/2018\/09\/sport-300x38.jpg 300w, https:\/\/www.radiopiu.net\/wordpress\/wp-content\/uploads\/2018\/09\/sport-768x96.jpg 768w\" sizes=\"auto, (max-width: 800px) 100vw, 800px\" \/><\/a><\/p>\n<p>&nbsp;<\/p>\n<p>&nbsp;<\/p>\n<div class=\"page-title-head hgroup\">\n<h2 class=\"entry-title\">L\u2019ALLEGHE GIRLS E\u2019 CAMPIONE ITALIANO DI HOCKEY SU GHIACCIO FEMMINILE<\/h2>\n<\/div>\n<div class=\"page-title-breadcrumbs\"><\/div>\n<blockquote class=\"wp-embedded-content\" data-secret=\"f84S9j2gdR\"><p><a href=\"http:\/\/www.radiopiu.net\/wordpress\/lalleghe-girls-e-campione-italiano-di-hockey-su-ghiaccio-femminile\/\">L&#8217;ALLEGHE GIRLS E&#8217; CAMPIONE ITALIANO DI HOCKEY SU GHIACCIO FEMMINILE<\/a><\/p><\/blockquote>\n<p><iframe loading=\"lazy\" class=\"wp-embedded-content\" sandbox=\"allow-scripts\" security=\"restricted\" style=\"position: absolute; clip: rect(1px, 1px, 1px, 1px);\" src=\"http:\/\/www.radiopiu.net\/wordpress\/lalleghe-girls-e-campione-italiano-di-hockey-su-ghiaccio-femminile\/embed\/#?secret=f84S9j2gdR\" data-secret=\"f84S9j2gdR\" width=\"600\" height=\"338\" title=\"&#8220;L&#8217;ALLEGHE GIRLS E&#8217; CAMPIONE ITALIANO DI HOCKEY SU GHIACCIO FEMMINILE&#8221; &#8212; Radio Pi\u00f9\" frameborder=\"0\" marginwidth=\"0\" marginheight=\"0\" scrolling=\"no\"><\/iframe><\/p>\n<p>AUDIO DAL GR PRINCIPALE<\/p>\n<audio class=\"wp-audio-shortcode\" id=\"audio-80104-12\" preload=\"none\" style=\"width: 100%;\" controls=\"controls\"><source type=\"audio\/mpeg\" src=\"http:\/\/www.radiopiu.net\/wordpress\/wp-content\/uploads\/2019\/03\/gr-25-sport-alleghe-girls-con-sigla.mp3?_=12\" \/><a href=\"http:\/\/www.radiopiu.net\/wordpress\/wp-content\/uploads\/2019\/03\/gr-25-sport-alleghe-girls-con-sigla.mp3\">http:\/\/www.radiopiu.net\/wordpress\/wp-content\/uploads\/2019\/03\/gr-25-sport-alleghe-girls-con-sigla.mp3<\/a><\/audio>\n<p>&nbsp;<\/p>\n<p>&nbsp;<\/p>\n<p>&nbsp;<\/p>\n<h2>ALESSANDRO VALT PRIMO TRA I GIOVANISSIMI A SESTOLA (MODENA) D&#8217;INCA&#8217; SECONDO<\/h2>\n<p><a class=\"dt-pswp-item\" href=\"http:\/\/www.radiopiu.net\/wordpress\/wp-content\/uploads\/2019\/03\/Equipe_GPGiovanissimi2019.jpg\" data-dt-img-description=\"\" data-large_image_width=\"1920\" data-large_image_height=\"1282\"><img loading=\"lazy\" decoding=\"async\" class=\"alignnone size-full wp-image-80101\" src=\"http:\/\/www.radiopiu.net\/wordpress\/wp-content\/uploads\/2019\/03\/Equipe_GPGiovanissimi2019.jpg\" alt=\"\" width=\"1920\" height=\"1282\" srcset=\"https:\/\/www.radiopiu.net\/wordpress\/wp-content\/uploads\/2019\/03\/Equipe_GPGiovanissimi2019.jpg 1920w, https:\/\/www.radiopiu.net\/wordpress\/wp-content\/uploads\/2019\/03\/Equipe_GPGiovanissimi2019-300x200.jpg 300w, https:\/\/www.radiopiu.net\/wordpress\/wp-content\/uploads\/2019\/03\/Equipe_GPGiovanissimi2019-768x513.jpg 768w, https:\/\/www.radiopiu.net\/wordpress\/wp-content\/uploads\/2019\/03\/Equipe_GPGiovanissimi2019-1024x684.jpg 1024w\" sizes=\"auto, (max-width: 1920px) 100vw, 1920px\" \/><\/a>La Scuola Sci &amp; Snowboard Equipe plaude al suo atleta Alessandro Valt,\u00a0 che vince a Sestola il Campionato Nazionale riservato alle categorie giovanili, il prestigioso GP Giovanissimi 2019 giunto alla 42\u00b0 edizione. In seconda posizione si classifica un altro agordino,\u00a0 Leonardo D\u2019Inc\u00e0 Leonardo, portacolori della Scuola Sci Selva Val Fiorentina.Il Gran Premio Giovanissimi conta, anche in questa edizione, oltre 1600 partecipanti provenienti da tutte le regioni italiane, con atleti nati negli anni 2007 \u2013 2008- 2009 \u2013 2010, che partecipano alle discipline alpine, nordiche e snowboard.<\/p>\n<p>AUDIO DAL GR PRINCIPALE<\/p>\n<audio class=\"wp-audio-shortcode\" id=\"audio-80104-13\" preload=\"none\" style=\"width: 100%;\" controls=\"controls\"><source type=\"audio\/mpeg\" src=\"http:\/\/www.radiopiu.net\/wordpress\/wp-content\/uploads\/2019\/03\/gr-25-sport-sci-alessandro-valt.mp3?_=13\" \/><a href=\"http:\/\/www.radiopiu.net\/wordpress\/wp-content\/uploads\/2019\/03\/gr-25-sport-sci-alessandro-valt.mp3\">http:\/\/www.radiopiu.net\/wordpress\/wp-content\/uploads\/2019\/03\/gr-25-sport-sci-alessandro-valt.mp3<\/a><\/audio>\n<p>&nbsp;<\/p>\n<h2><\/h2>\n<h2><a class=\"dt-pswp-item\" href=\"http:\/\/www.radiopiu.net\/wordpress\/wp-content\/uploads\/2019\/03\/01-Signor-Bernardi-1-1.jpg\" data-dt-img-description=\"\" data-large_image_width=\"2200\" data-large_image_height=\"1467\"><img loading=\"lazy\" decoding=\"async\" class=\"wp-image-79890 alignleft\" src=\"http:\/\/www.radiopiu.net\/wordpress\/wp-content\/uploads\/2019\/03\/01-Signor-Bernardi-1-1.jpg\" alt=\"\" width=\"186\" height=\"124\" srcset=\"https:\/\/www.radiopiu.net\/wordpress\/wp-content\/uploads\/2019\/03\/01-Signor-Bernardi-1-1.jpg 2200w, https:\/\/www.radiopiu.net\/wordpress\/wp-content\/uploads\/2019\/03\/01-Signor-Bernardi-1-1-300x200.jpg 300w, https:\/\/www.radiopiu.net\/wordpress\/wp-content\/uploads\/2019\/03\/01-Signor-Bernardi-1-1-768x512.jpg 768w, https:\/\/www.radiopiu.net\/wordpress\/wp-content\/uploads\/2019\/03\/01-Signor-Bernardi-1-1-1024x683.jpg 1024w\" sizes=\"auto, (max-width: 186px) 100vw, 186px\" \/><\/a>34 RALLY, SIGNOR BERNARDIN VINCONO UNA SCINTILLANTE EDIZIONE DELLA COMPETIZIONE BELLUNESE<\/h2>\n<p>DI ROBERTO BONA<\/p>\n<audio class=\"wp-audio-shortcode\" id=\"audio-80104-14\" preload=\"none\" style=\"width: 100%;\" controls=\"controls\"><source type=\"audio\/mpeg\" src=\"http:\/\/www.radiopiu.net\/wordpress\/wp-content\/uploads\/2019\/03\/roberto-bona.mp3?_=14\" \/><a href=\"http:\/\/www.radiopiu.net\/wordpress\/wp-content\/uploads\/2019\/03\/roberto-bona.mp3\">http:\/\/www.radiopiu.net\/wordpress\/wp-content\/uploads\/2019\/03\/roberto-bona.mp3<\/a><\/audio>\n<p>&nbsp;<\/p>\n<p>&nbsp;<\/p>\n<p>&nbsp;<\/p>\n<div class=\"page-title-head hgroup\">\n<h1 class=\"entry-title\">LO SPORT DI RADIO PIU\u2019: BENE HOCKEY E CALCIO\u2026WEEKEND DA DIMENTICARE PER IL VOLLEY<\/h1>\n<\/div>\n<blockquote class=\"wp-embedded-content\" data-secret=\"RBAbXXYGNs\"><p><a href=\"http:\/\/www.radiopiu.net\/wordpress\/lo-sport-di-radio-piu-bene-hockey-e-calcio-weekend-da-dimenticare-per-il-volley\/\">LO SPORT DI RADIO PIU&#8217;: BENE HOCKEY E CALCIO&#8230;WEEKEND DA DIMENTICARE PER IL VOLLEY<\/a><\/p><\/blockquote>\n<p><iframe loading=\"lazy\" class=\"wp-embedded-content\" sandbox=\"allow-scripts\" security=\"restricted\" style=\"position: absolute; clip: rect(1px, 1px, 1px, 1px);\" src=\"http:\/\/www.radiopiu.net\/wordpress\/lo-sport-di-radio-piu-bene-hockey-e-calcio-weekend-da-dimenticare-per-il-volley\/embed\/#?secret=RBAbXXYGNs\" data-secret=\"RBAbXXYGNs\" width=\"600\" height=\"338\" title=\"&#8220;LO SPORT DI RADIO PIU&#8217;: BENE HOCKEY E CALCIO&#8230;WEEKEND DA DIMENTICARE PER IL VOLLEY&#8221; &#8212; Radio Pi\u00f9\" frameborder=\"0\" marginwidth=\"0\" marginheight=\"0\" scrolling=\"no\"><\/iframe><\/p>\n<p>&nbsp;<\/p>\n<p>&nbsp;<\/p>\n<h1 class=\"entry-title\">MARCO TORMEN VINCE A JESOLO NELLA PRIMA GARA DEL CAMPIONATO AUSTRIACO<\/h1>\n<blockquote class=\"wp-embedded-content\" data-secret=\"tpubN6kOYM\"><p><a href=\"http:\/\/www.radiopiu.net\/wordpress\/marco-tormen-vince-a-jesolo-nella-prima-gara-del-campionato-austriaco\/\">MARCO TORMEN VINCE A JESOLO NELLA PRIMA GARA DEL CAMPIONATO AUSTRIACO<\/a><\/p><\/blockquote>\n<p><iframe loading=\"lazy\" class=\"wp-embedded-content\" sandbox=\"allow-scripts\" security=\"restricted\" style=\"position: absolute; clip: rect(1px, 1px, 1px, 1px);\" src=\"http:\/\/www.radiopiu.net\/wordpress\/marco-tormen-vince-a-jesolo-nella-prima-gara-del-campionato-austriaco\/embed\/#?secret=tpubN6kOYM\" data-secret=\"tpubN6kOYM\" width=\"600\" height=\"338\" title=\"&#8220;MARCO TORMEN VINCE A JESOLO NELLA PRIMA GARA DEL CAMPIONATO AUSTRIACO&#8221; &#8212; Radio Pi\u00f9\" frameborder=\"0\" marginwidth=\"0\" marginheight=\"0\" scrolling=\"no\"><\/iframe><\/p>\n<p>AUDIO DAL GR PRINCIPALE<\/p>\n<audio class=\"wp-audio-shortcode\" id=\"audio-80104-15\" preload=\"none\" style=\"width: 100%;\" controls=\"controls\"><source type=\"audio\/mpeg\" src=\"http:\/\/www.radiopiu.net\/wordpress\/wp-content\/uploads\/2019\/03\/gr-25-sport-marco-tormen-kart.mp3?_=15\" \/><a href=\"http:\/\/www.radiopiu.net\/wordpress\/wp-content\/uploads\/2019\/03\/gr-25-sport-marco-tormen-kart.mp3\">http:\/\/www.radiopiu.net\/wordpress\/wp-content\/uploads\/2019\/03\/gr-25-sport-marco-tormen-kart.mp3<\/a><\/audio>\n<p>&nbsp;<\/p>\n<h2>NUOTO PARALIMPICO: DUE BRONZI TRICOLORE PER ALESSIA CORTE<\/h2>\n<blockquote><p><em> L\u2019atleta ha centrato l\u2019impresa dopo la preparazione svolta nella piscina di Belluno<\/em><\/p>\n<p><a class=\"dt-pswp-item\" href=\"http:\/\/www.radiopiu.net\/wordpress\/wp-content\/uploads\/2019\/03\/Alessia_Corte_Bologna_2019-1.jpg\" data-dt-img-description=\"\" data-large_image_width=\"1389\" data-large_image_height=\"896\"><img loading=\"lazy\" decoding=\"async\" class=\"alignnone size-full wp-image-80118\" src=\"http:\/\/www.radiopiu.net\/wordpress\/wp-content\/uploads\/2019\/03\/Alessia_Corte_Bologna_2019-1.jpg\" alt=\"\" width=\"1389\" height=\"896\" srcset=\"https:\/\/www.radiopiu.net\/wordpress\/wp-content\/uploads\/2019\/03\/Alessia_Corte_Bologna_2019-1.jpg 1389w, https:\/\/www.radiopiu.net\/wordpress\/wp-content\/uploads\/2019\/03\/Alessia_Corte_Bologna_2019-1-300x194.jpg 300w, https:\/\/www.radiopiu.net\/wordpress\/wp-content\/uploads\/2019\/03\/Alessia_Corte_Bologna_2019-1-768x495.jpg 768w, https:\/\/www.radiopiu.net\/wordpress\/wp-content\/uploads\/2019\/03\/Alessia_Corte_Bologna_2019-1-1024x661.jpg 1024w\" sizes=\"auto, (max-width: 1389px) 100vw, 1389px\" \/><\/a><\/p><\/blockquote>\n<p>\u00c8 tesserata con l\u2019Asd Sport Life Montebelluna, ma \u00e8 una bellunese doc. Non a caso, si allena nella piscina di Lambioi. Dopo una lunga assenza, Alessia Corte \u00e8 tornata. E ha centrato ben due volte il podio. Non in una competizione qualsiasi, ma ai campionati italiani Assoluti di nuoto paralimpico, in vasca lunga, andati in scena a Bologna. \u00abPer motivi di salute &#8211; racconta proprio la nuotatrice &#8211; sono rimasta ferma un anno e mezzo. Ma, una volta ripresi gli allenamenti, sono riuscita a classi\ufb01carmi a questa rassegna\u00bb. Il bilancio \u00e8 semplicemente straordinario: \u00abMi sono cimentata nei 50 e 100 stile. E, in entrambe le specialit\u00e0, ho conquistato la medaglia di bronzo\u00bb. Due podi tricolore: Alessia \u00e8 tornata a esprimersi ad altissimi livelli nel nuoto paralimpico. E, insieme a lei, festeggia tutta la Sportivamente Belluno. Sportivamente Belluno S.r.l. &#8211; Societ\u00e0 Sportiva Dilettantistica<\/p>\n<p>&nbsp;<\/p>\n<p>&nbsp;<\/p>\n<div class=\"page-title-head hgroup\">\n<h3 class=\"entry-title\"><\/h3>\n<\/div>\n<p>&nbsp;<\/p>\n<p>&nbsp;<\/p>\n<p>&nbsp;<\/p>\n<p>&nbsp;<\/p>\n<p><a class=\"dt-pswp-item\" href=\"http:\/\/www.radiopiu.net\/wordpress\/wp-content\/uploads\/2018\/09\/WhatsApp-Image-2018-09-20-at-16.04.06.jpeg\" data-dt-img-description=\"\" data-large_image_width=\"800\" data-large_image_height=\"100\"><img loading=\"lazy\" decoding=\"async\" class=\"alignnone wp-image-61378 size-full\" src=\"http:\/\/www.radiopiu.net\/wordpress\/wp-content\/uploads\/2018\/09\/WhatsApp-Image-2018-09-20-at-16.04.06.jpeg\" alt=\"\" width=\"800\" height=\"100\" srcset=\"https:\/\/www.radiopiu.net\/wordpress\/wp-content\/uploads\/2018\/09\/WhatsApp-Image-2018-09-20-at-16.04.06.jpeg 800w, https:\/\/www.radiopiu.net\/wordpress\/wp-content\/uploads\/2018\/09\/WhatsApp-Image-2018-09-20-at-16.04.06-300x38.jpeg 300w, https:\/\/www.radiopiu.net\/wordpress\/wp-content\/uploads\/2018\/09\/WhatsApp-Image-2018-09-20-at-16.04.06-768x96.jpeg 768w\" sizes=\"auto, (max-width: 800px) 100vw, 800px\" \/><\/a><\/p>\n<p><b>Lunedi 25<\/b> <b>Tempo atteso: <\/b>Dopo una mattinata ben soleggiata, il cielo si annuvoler\u00e0 a partire dalle Dolomiti, successivamente anche sulle Prealpi. Sulle prime si verificheranno burrasche di neve in quota, mentre sulle seconde si formeranno addensamenti, specie da met\u00e0 pomeriggio in poi, quando vi sar\u00e0 la probabilit\u00e0 di sporadici rovesci. Clima pi\u00f9 fresco, anche ventilato a fine giornata.<br \/>\n<b>Precipitazioni: <\/b>Assenti fino a met\u00e0 pomeriggio (0%), poi probabilit\u00e0 piuttosto bassa di qualche burrasca di neve in quota sulle Dolomiti (10\/20%), mentre sulle Prealpi il rischio sar\u00e0 maggiore (30\/50%)tra met\u00e0 pomeriggio e la sera per sporadici rovesci, nevosi sopra i 1700\/1800 m. Gli apporti di pioggia sulle Prealpi saranno di 1\/5 mm con altrettanti cm di neve sopra i 1800\/2000 m. Sulle Dolomiti gli apporti saranno perlopi\u00f9 inesistenti.<br \/>\n<b>Temperature: <\/b>In generale calo, pi\u00f9 marcato in quota dal pomeriggio, con minime raggiunte alla sera. Nelle valli l&#8217;andamento delle massime saranno condizionato dal verificarsi o meno del Foehn nel tardo pomeriggio\/sera. Si prevedono punte di 16\/18\u00b0C nelle conche prealpine e di 11\/13\u00b0C a 1000\/1200 m. Sulle Prealpi a 1500 m min -3\u00b0C e max 7\u00b0C, a 2000 m min -5\u00b0C e max 4\u00b0C; sulle Dolomiti a 2000 m min -6\u00b0C e max 3\u00b0C, a 3000 m min -14\u00b0C e max -5\u00b0C.<br \/>\n<b>Venti: <\/b>Nelle valli, perlopi\u00f9 deboli al mattino, in rinforzo al pomeriggio e soprattutto alla sera per raffiche di Foehn; in quota deboli\/moderati da Ovest al mattino, poi moderati\/tesi da Nord-Ovest, anche forti alla sera, a 5-35 km\/h a 2000 m, a 20-70 km\/h a 3000 m.<\/p>\n<hr \/>\n<p><b>Martedi 26<\/b> <b>Tempo atteso: <\/b>Tempo ben soleggiato con cielo sereno o poco nuvoloso per qualche nube lenticolare mattutine sulle Prealpi (nube di sottovento), aria tersa ed ottima visibilit\u00e0. Atmosfera assai fredda, anche arieggiata in quota. Il calo termico sar\u00e0 sensibile in quota, mentre gli episodi di Foehn e il soleggiamento mitigheranno il clima diurno in molte valli.<br \/>\n<b>Precipitazioni: <\/b>Assenti (0%).<br \/>\n<b>Temperature: <\/b>In generale calo, pi\u00f9 marcato in quota, mentre nelle valli le minime potrebbero subire qualche aumento per Foehn. Il calo delle massime sar\u00e0 assai sensibile in quota e pi\u00f9 contenuto nelle valli, dove le punte raggiungeranno i 12\/13\u00b0C nelle conche prealpine e i 6\/7\u00b0C a 1000\/1200 m. Sulle Prealpi a 1500 m min -4\u00b0C e max 0\u00b0C, a 2000 m min -7\u00b0C e max -4\u00b0C; sulle Dolomiti a 2000 m min -8\u00b0C e max -5\u00b0C, a 3000 m min -16\u00b0C e max -9\u00b0C.<br \/>\n<b>Venti: <\/b>Nelle valli, perlopi\u00f9 moderati, con rinforzi da Foehn nella notte ed al mattino, in attenuazione ovunque al pomeriggio. In quota e sulle dorsali prealpine tesi\/forti da Nord durante la notte e le prime ore giorno, poi in attenuazione fino a moderati\/tesi da Nord-Est, a 15-45 km\/h a 2000 m, a 35-80 km\/h a 3000 m.<\/p>\n<hr \/>\n<p><b>Mercoledi 27<\/b>Tempo solo in parte soleggiato per nubi medio-alte, a tratti estese al mattino sui settori dolomitici. Al pomeriggio il tempo torner\u00e0 ad essere in prevalenza soleggiato con cielo perlopi\u00f9 sereno. Atmosfera ancora fresca con ulteriore calo termico, eccetto le massime in quota. Venti deboli\/moderati da Nord Nord-Est in quota e brezze nelle valli.<\/p>\n<hr \/>\n<p><b>Giovedi 28<\/b>Tempo in prevalenza soleggiato con cielo sereno. Temperature diurne in rialzo, eccetto leggera diminuzione delle minime nei fondovalle. Vento deboli da Nord-Est in quota e brezze nelle valli. Previsore: R.L.Th.<\/p>\n","protected":false},"excerpt":{"rendered":"<p>Oggi \u00e8 in programma il CDA della Fondazione Unesco: Serrai di Sottoguda, mobilit\u00e0 in quota, impianti di sci, soprattutto viene lanciata la raccolta per la ricostruzione del canyon dei Serrai come ricorda in un ampio articolo di apertura sul Corriere delle Alpi Francesco Dal Mas che affronta anche un altro tema: strade e passi bloccati&hellip;<\/p>\n","protected":false},"author":1,"featured_media":80238,"comment_status":"closed","ping_status":"closed","sticky":false,"template":"","format":"standard","meta":{"_monsterinsights_skip_tracking":false,"_monsterinsights_sitenote_active":false,"_monsterinsights_sitenote_note":"","_monsterinsights_sitenote_category":0,"footnotes":""},"categories":[86],"tags":[],"class_list":["post-80104","post","type-post","status-publish","format-standard","has-post-thumbnail","hentry","category-gr","category-86","description-off"],"img_url":"https:\/\/www.radiopiu.net\/wordpress\/wp-content\/uploads\/2019\/03\/55905164_10218564992020065_8361820465068507136_n.jpg","_links":{"self":[{"href":"https:\/\/www.radiopiu.net\/wordpress\/wp-json\/wp\/v2\/posts\/80104","targetHints":{"allow":["GET"]}}],"collection":[{"href":"https:\/\/www.radiopiu.net\/wordpress\/wp-json\/wp\/v2\/posts"}],"about":[{"href":"https:\/\/www.radiopiu.net\/wordpress\/wp-json\/wp\/v2\/types\/post"}],"author":[{"embeddable":true,"href":"https:\/\/www.radiopiu.net\/wordpress\/wp-json\/wp\/v2\/users\/1"}],"replies":[{"embeddable":true,"href":"https:\/\/www.radiopiu.net\/wordpress\/wp-json\/wp\/v2\/comments?post=80104"}],"version-history":[{"count":0,"href":"https:\/\/www.radiopiu.net\/wordpress\/wp-json\/wp\/v2\/posts\/80104\/revisions"}],"wp:featuredmedia":[{"embeddable":true,"href":"https:\/\/www.radiopiu.net\/wordpress\/wp-json\/wp\/v2\/media\/80238"}],"wp:attachment":[{"href":"https:\/\/www.radiopiu.net\/wordpress\/wp-json\/wp\/v2\/media?parent=80104"}],"wp:term":[{"taxonomy":"category","embeddable":true,"href":"https:\/\/www.radiopiu.net\/wordpress\/wp-json\/wp\/v2\/categories?post=80104"},{"taxonomy":"post_tag","embeddable":true,"href":"https:\/\/www.radiopiu.net\/wordpress\/wp-json\/wp\/v2\/tags?post=80104"}],"curies":[{"name":"wp","href":"https:\/\/api.w.org\/{rel}","templated":true}]}}