{"id":80314,"date":"2019-03-26T06:02:29","date_gmt":"2019-03-26T05:02:29","guid":{"rendered":"http:\/\/www.radiopiu.net\/wordpress\/?p=80314"},"modified":"2019-03-26T09:57:12","modified_gmt":"2019-03-26T08:57:12","slug":"giornale-radiopiu-26-marzo-2019-direttore-mirko-mezzacasa","status":"publish","type":"post","link":"https:\/\/www.radiopiu.net\/wordpress\/giornale-radiopiu-26-marzo-2019-direttore-mirko-mezzacasa\/","title":{"rendered":"GIORNALE RADIOPIU 26 MARZO 2019 DIRETTORE MIRKO MEZZACASA"},"content":{"rendered":"<p>&nbsp;<\/p>\n<h1>ORE 5<\/h1>\n<h2>UN VASTO INCENDIO STA INTERESSANDO DA IERI SERA LA SOMMITA&#8217; DI COL VISENTIN, VIGILI DEL FUOCO AL LAVORO<\/h2>\n<p><strong>VIDEO NEWS VITTORIESI<\/strong><\/p>\n<div style=\"width: 400px;\" class=\"wp-video\"><video class=\"wp-video-shortcode\" id=\"video-80314-1\" width=\"400\" height=\"224\" preload=\"metadata\" controls=\"controls\"><source type=\"video\/mp4\" src=\"http:\/\/www.radiopiu.net\/wordpress\/wp-content\/uploads\/2019\/03\/WhatsApp-Video-2019-03-26-at-05.43.38.mp4?_=1\" \/><a href=\"http:\/\/www.radiopiu.net\/wordpress\/wp-content\/uploads\/2019\/03\/WhatsApp-Video-2019-03-26-at-05.43.38.mp4\">http:\/\/www.radiopiu.net\/wordpress\/wp-content\/uploads\/2019\/03\/WhatsApp-Video-2019-03-26-at-05.43.38.mp4<\/a><\/video><\/div>\n<p>&nbsp;<\/p>\n<h2>ORE 9 INCENDIO SPENTO SITUAZIONE SOTTO CONTROLLO<\/h2>\n<p><a class=\"dt-pswp-item\" href=\"http:\/\/www.radiopiu.net\/wordpress\/wp-content\/uploads\/2019\/03\/WhatsApp-Image-2019-03-26-at-08.44.17.jpeg\" data-dt-img-description=\"\" data-large_image_width=\"998\" data-large_image_height=\"1600\"><img loading=\"lazy\" decoding=\"async\" class=\"alignnone size-medium wp-image-80415\" src=\"http:\/\/www.radiopiu.net\/wordpress\/wp-content\/uploads\/2019\/03\/WhatsApp-Image-2019-03-26-at-08.44.17-187x300.jpeg\" alt=\"\" width=\"187\" height=\"300\" srcset=\"https:\/\/www.radiopiu.net\/wordpress\/wp-content\/uploads\/2019\/03\/WhatsApp-Image-2019-03-26-at-08.44.17-187x300.jpeg 187w, https:\/\/www.radiopiu.net\/wordpress\/wp-content\/uploads\/2019\/03\/WhatsApp-Image-2019-03-26-at-08.44.17-768x1231.jpeg 768w, https:\/\/www.radiopiu.net\/wordpress\/wp-content\/uploads\/2019\/03\/WhatsApp-Image-2019-03-26-at-08.44.17-639x1024.jpeg 639w, https:\/\/www.radiopiu.net\/wordpress\/wp-content\/uploads\/2019\/03\/WhatsApp-Image-2019-03-26-at-08.44.17.jpeg 998w\" sizes=\"auto, (max-width: 187px) 100vw, 187px\" \/><\/a><\/p>\n<p>&nbsp;<\/p>\n<p>&nbsp;<\/p>\n<p>&nbsp;<\/p>\n<p>&nbsp;<\/p>\n<p><strong>Il Giro d&#8217;Italia dei dilettanti<\/strong> si concluder\u00e0 nell&#8217;Agordino tra Agordo (arrivo e partenza di tappa) e Malga Ciapela \u00e8 il pi\u00f9 importante nel calendario mondiale ed \u00e8 seguitissimo dalla Rai. \u00c8 alla 42 esima edizione e una volta ai tempi di Pantani vincitore ad Agordo e Alleghe si chiamava Giro d Italia dilettanti. A <strong>Falcade<\/strong> la Lega Nord scende in campo per proporre un nuovo modello di viabilit\u00e0 attraverso i passi San Pellegrino e Valles, svelati i particolari, per venerdi \u00e8 previsto un incontro pubblico. A <strong>Livinallongo ed Agordo\u00a0<\/strong>oggi sono in programma gli incontri sull&#8217;esbosco.\u00a0 Il vento \u00e8 tornato a soffiare forte sull&#8217;intero territorio provinciale e sar\u00e0 cos\u00ec fino al primo pomeriggio. In<strong> Valle del Boite<\/strong> non sono mancati i black out per alcune piante cadute sulle linee elettriche. L&#8217;ondata di maltempo pur di breve durata ha riportato il freddo invernale. La Fondazione Unesco a 10 anni dalla sua costituzione \u00e8 capofila per il recupero dei Serrai di Sottoguda che diventeranno il simbolo della rinascita. Chiude anche l&#8217;edicola a <strong>Taibon, <\/strong>come gi\u00e0 ampiamente anticipato \u00e8 arrivato il termine ultimo, Luisa Bulf lascia e il paese perde un altro servizio dopo che anche il panificio ha abbassato le serrande. Ad Agordo in via<strong> Teto Piciol<\/strong> sono iniziati i lavori di sgombero dell&#8217;area trasformata in discarica dallo scorso 29 ottobre. Per il secondo giorno il <strong>Corriere delle Alpi <\/strong>tiene in alto la notizia dei Passi chiusi con la Provincia che nonostante le proteste degli operatori turistici delle strade dolomitiche \u00e8 intenzionata a dire si alle richieste degli organizzatori di maratone ciclistiche che potrebbero portare fino a 180 mila presenze.<\/p>\n<blockquote><p><strong>SPORT<\/strong> Il <strong>Corriere delle Alpi<\/strong> nelle pagine dello sport dedica ampio spazio alle ragazze dell&#8217;Alleghe Hockey Femminile e ad Alex Cossalter che trascina il Bologna in finale al Viareggio, tre reti in altrettante gare. Ad Alleghe sono arrivati i complimenti del governatore Luca Zaia e del presidente della Provincia Roberto Padrin alle campionesse italiane dell&#8217;Alleghe Hockey,<strong><span style=\"color: #ff0000;\"> il 18 aprile (giovedi di Pasqua) saranno premiate da Gruppo Sportivo e Radio Pi\u00f9<\/span><\/strong> nella serata iniziale della Sagra de Pasca in concomitanza con la presentazione del campionato agordino e molte altre sorprese.<\/p><\/blockquote>\n<p>&nbsp;<\/p>\n<p>&nbsp;<\/p>\n<blockquote>\n<h3><a class=\"dt-pswp-item\" href=\"http:\/\/www.radiopiu.net\/wordpress\/wp-content\/uploads\/2018\/08\/instabilita.jpg\" data-dt-img-description=\"\" data-large_image_width=\"1280\" data-large_image_height=\"768\"><img loading=\"lazy\" decoding=\"async\" class=\"wp-image-57488 alignleft\" src=\"http:\/\/www.radiopiu.net\/wordpress\/wp-content\/uploads\/2018\/08\/instabilita.jpg\" alt=\"\" width=\"82\" height=\"49\" srcset=\"https:\/\/www.radiopiu.net\/wordpress\/wp-content\/uploads\/2018\/08\/instabilita.jpg 1280w, https:\/\/www.radiopiu.net\/wordpress\/wp-content\/uploads\/2018\/08\/instabilita-300x180.jpg 300w, https:\/\/www.radiopiu.net\/wordpress\/wp-content\/uploads\/2018\/08\/instabilita-768x461.jpg 768w, https:\/\/www.radiopiu.net\/wordpress\/wp-content\/uploads\/2018\/08\/instabilita-1024x614.jpg 1024w\" sizes=\"auto, (max-width: 82px) 100vw, 82px\" \/><\/a>METEO. STATO DI ATTENZIONE NEL VENETO PER FORTE VENTO<\/h3>\n<p>Il Centro Funzionale Decentrato, dichiara per forte vento, su tutta la regione, la fase operativa di attenzione fino alle\u00a0 14 di\u00a0 oggi<\/p><\/blockquote>\n<p>&nbsp;<\/p>\n<p>&nbsp;<\/p>\n<p>&nbsp;<\/p>\n<h2>PER UNA SETTIMANA, NEL RICORDO DI PEPPINO IMPASTATO E RADIO AUT<\/h2>\n<p>Peppino Impastato: un ponte di impegno e giustizia tra Agordo e Cinisi<\/p>\n<p><span style=\"color: #ff0000;\"><em>\u00a0Chi \u00e8 colui al quale l&#8217;amministrazione di Agordo ha intitolato il parcheggio di Tamonich? Radio Pi\u00f9 vi propone una settimana di approfondimenti, di interviste, di spettacoli, di poesie e musiche per scoprire di pi\u00f9 su Peppino Impastato e sulle mafie di casa nostra<\/em><\/span><\/p>\n<p>OGGI: Alle 12.30 e alle 18.30\u00a0 <strong>Antonio Zanetel, studente del secondo anno del liceo linguistico Dal Piaz di Feltre e delle Scuole in rete;<\/strong><\/p>\n<p>Alle 16.30 <strong>Beppe Giulietti, presidente della Federazione nazionale della stampa italiana;<\/strong><\/p>\n<p>&nbsp;<\/p>\n<p>&nbsp;<\/p>\n<p>&nbsp;<\/p>\n<h3><a class=\"dt-pswp-item\" href=\"http:\/\/www.radiopiu.net\/wordpress\/wp-content\/uploads\/2019\/02\/Lambioi-3.jpg\" data-dt-img-description=\"\" data-large_image_width=\"1336\" data-large_image_height=\"1004\"><img loading=\"lazy\" decoding=\"async\" class=\"wp-image-76309 alignleft\" src=\"http:\/\/www.radiopiu.net\/wordpress\/wp-content\/uploads\/2019\/02\/Lambioi-3.jpg\" alt=\"\" width=\"170\" height=\"128\" srcset=\"https:\/\/www.radiopiu.net\/wordpress\/wp-content\/uploads\/2019\/02\/Lambioi-3.jpg 1336w, https:\/\/www.radiopiu.net\/wordpress\/wp-content\/uploads\/2019\/02\/Lambioi-3-300x225.jpg 300w, https:\/\/www.radiopiu.net\/wordpress\/wp-content\/uploads\/2019\/02\/Lambioi-3-768x577.jpg 768w, https:\/\/www.radiopiu.net\/wordpress\/wp-content\/uploads\/2019\/02\/Lambioi-3-1024x770.jpg 1024w\" sizes=\"auto, (max-width: 170px) 100vw, 170px\" \/><\/a>29 MARZO SPES ARENA GRATUITA PER IL RICONOSCIMENTO AI VOLONTARI.<\/h3>\n<p><strong>BELLUNO <\/strong>La Giunta Comunale, ha deciso di concedere gratuitamente la Spes Arena alla Regione Veneto, su richiesta di quest&#8217;ultima, per il meeting della protezione civile in programma venerd\u00ec\u00a0 alle 18,30. Il perch\u00e9 lo abbiamo chiesto al sindaco Jacopo Massaro<\/p>\n<p><strong>AUDIO<\/strong><\/p>\n<audio class=\"wp-audio-shortcode\" id=\"audio-80314-1\" preload=\"none\" style=\"width: 100%;\" controls=\"controls\"><source type=\"audio\/mpeg\" src=\"http:\/\/www.radiopiu.net\/wordpress\/wp-content\/uploads\/2019\/03\/MASSSSS.mp3?_=1\" \/><a href=\"http:\/\/www.radiopiu.net\/wordpress\/wp-content\/uploads\/2019\/03\/MASSSSS.mp3\">http:\/\/www.radiopiu.net\/wordpress\/wp-content\/uploads\/2019\/03\/MASSSSS.mp3<\/a><\/audio>\n<p>&nbsp;<\/p>\n<p>&nbsp;<\/p>\n<p>&nbsp;<\/p>\n<p>&nbsp;<\/p>\n<h3>UN NUOVO PROGETTO PER LA MOBILITA&#8217; ESTIVA SOSTENIBILE TRA VENETO E TRENTINO: PASSO VALLES E PASSO SAN PELLEGRINO<\/h3>\n<p><strong>PASSO VALLES<\/strong> Venerdi alle 18 al Rifugio Capanna Passo Valles sar\u00e0 presentata la proposta di nuova mobilit\u00e0 sostenibile pubblica per i passi San Pellegrino e Valles. Iniziativa supportata dal capogruppo di minoranza di Falcade Cesare Bon e dal commissario della sezione della Lega Nord Cesare Rizzi del Gruppo Consigliare Uniti per la Val Biois rilanciAmo Falcade.<\/p>\n<p><strong><a class=\"dt-pswp-item\" href=\"http:\/\/www.radiopiu.net\/wordpress\/wp-content\/uploads\/2019\/03\/mappa-linea-valles-intero-2_page-0001.jpg\" data-dt-img-description=\"\" data-large_image_width=\"1755\" data-large_image_height=\"1240\"><img loading=\"lazy\" decoding=\"async\" class=\"alignnone size-full wp-image-80329\" src=\"http:\/\/www.radiopiu.net\/wordpress\/wp-content\/uploads\/2019\/03\/mappa-linea-valles-intero-2_page-0001.jpg\" alt=\"\" width=\"1755\" height=\"1240\" srcset=\"https:\/\/www.radiopiu.net\/wordpress\/wp-content\/uploads\/2019\/03\/mappa-linea-valles-intero-2_page-0001.jpg 1755w, https:\/\/www.radiopiu.net\/wordpress\/wp-content\/uploads\/2019\/03\/mappa-linea-valles-intero-2_page-0001-300x212.jpg 300w, https:\/\/www.radiopiu.net\/wordpress\/wp-content\/uploads\/2019\/03\/mappa-linea-valles-intero-2_page-0001-768x543.jpg 768w, https:\/\/www.radiopiu.net\/wordpress\/wp-content\/uploads\/2019\/03\/mappa-linea-valles-intero-2_page-0001-1024x724.jpg 1024w\" sizes=\"auto, (max-width: 1755px) 100vw, 1755px\" \/><\/a><\/strong><\/p>\n<p><strong>LE MOTIVAZIONI:<\/strong> Constatato che attualmente i due passi in questione sono serviti solamente in estate come di seguito:<br \/>\nPasso San Pellegrino &#8211; due linee gestite dalla Provincia di Trento e dalla Provincia di Belluno che si sovrappongono tra le due aree. Questi servizi assieme assicurano la possibilit\u00e0 per l\u2019utenza di percorrere il passo San Pellegrino due volte in andata (al mattino ) e due volte in ritorno ( il pomeriggio ). Le due aziende di trasporto si sovrappongono sulla stessa tratta. Passo Valles \u2013 nessun collegamento di linea <strong>LA PROPOSTA\u00a0<\/strong> Passo San Pellegrino &#8211; si propone di rivedere le linee esistenti proponendo l\u2019interscambio al passo con relativa coincidenza degli orari tra i bus delle due aziende interessate.<br \/>\nIn questo modo ogni azienda avrebbe un risparmio chilometrico non indifferente utilizzabile per un possibile potenziamento delle tratte o per attivare, come spiegheremo in seguito relativamente al Passo Valles ( vedi l\u2019esempio del Passo Pordoi ). Passo Valles &#8211; si propone di attivare una nuova linea da Falcade Municipio al Passo con relativa coincidenza degli orari tra i bus delle due aziende interessate. Auspichiamo naturalmente che il servizio sia possibilmente equivalente a quello gi\u00e0 attivo per il Passo San Pellegrino. Facciamo presente che se dalla parte bellunese, attualmente non esiste nessun servizio pubblico, cos\u00ec non si pu\u00f2 dire della parte trentina, attualmente servita molto bene e frequentemente fino alla Val Venegia ( pochi chilometri dal passo ).<\/p>\n<p><a class=\"dt-pswp-item\" href=\"http:\/\/www.radiopiu.net\/wordpress\/wp-content\/uploads\/2019\/03\/Mappa-linea-Passo-S.Pellegrino-2_page-0001.jpg\" data-dt-img-description=\"\" data-large_image_width=\"1755\" data-large_image_height=\"1240\"><img loading=\"lazy\" decoding=\"async\" class=\"alignnone size-full wp-image-80328\" src=\"http:\/\/www.radiopiu.net\/wordpress\/wp-content\/uploads\/2019\/03\/Mappa-linea-Passo-S.Pellegrino-2_page-0001.jpg\" alt=\"\" width=\"1755\" height=\"1240\" srcset=\"https:\/\/www.radiopiu.net\/wordpress\/wp-content\/uploads\/2019\/03\/Mappa-linea-Passo-S.Pellegrino-2_page-0001.jpg 1755w, https:\/\/www.radiopiu.net\/wordpress\/wp-content\/uploads\/2019\/03\/Mappa-linea-Passo-S.Pellegrino-2_page-0001-300x212.jpg 300w, https:\/\/www.radiopiu.net\/wordpress\/wp-content\/uploads\/2019\/03\/Mappa-linea-Passo-S.Pellegrino-2_page-0001-768x543.jpg 768w, https:\/\/www.radiopiu.net\/wordpress\/wp-content\/uploads\/2019\/03\/Mappa-linea-Passo-S.Pellegrino-2_page-0001-1024x724.jpg 1024w\" sizes=\"auto, (max-width: 1755px) 100vw, 1755px\" \/><\/a> I <strong>RISULTATI SPERATI<\/strong> Se per il Passo San Pellegrino \u00e8 notorio l\u2019interesse turistico e anche economico legato a eccellenti presenze alberghiere e di ristorazione che giustificano ampiamente l\u2019attuale interesse per attivare linee di servizio pubblico, non di meno il Passo Valles risulta ogni anno di pi\u00f9 meta di frequentazione turistica a vari livelli e numericamente sempre pi\u00f9 elevata. Nella presentazione ufficiale verranno esposte con dovizia di particolari, tutte le opportunit\u00e0 offerte al visitatore dal Passo Valles che nulla hanno da invidiare al San Pellegrino o localit\u00e0 pi\u00f9 note.<\/p>\n<blockquote><p><em>&#8220;Anche se esposta in maniera sintetica- dicono i promotori &#8211;\u00a0 crediamo che la nostra proposta possa essere recepita da chi potr\u00e0 attuarla, in maniera positiva. <\/em><em>Confidiamo che, i possibili Enti e Soggetti Attuatori, colgano l\u2019importanza dei collegamenti proposti per lo sviluppo sostenibile del turismo delle zone interessate&#8221;.\u00a0<\/em><\/p><\/blockquote>\n<p>&nbsp;<\/p>\n<p>&nbsp;<\/p>\n<p>&nbsp;<\/p>\n<h1>Presentato il Giro d&#8217;Italia U23, A Falcade e Agordo le tappe decisive<\/h1>\n<blockquote>\n<h4><em>I migliori talenti del ciclismo mondiale si confronteranno dal 13 al 23 giugno in 10 tappe \u2013 Partenza da Riccione, tocca 5 Regioni al via 29 squadre, di cui 13 straniere da 10 nazioni<\/em><\/h4>\n<\/blockquote>\n<p>dal CORRIERE DELLE ALPI, ILARIO TANCON<\/p>\n<blockquote><p>&nbsp;<\/p>\n<audio class=\"wp-audio-shortcode\" id=\"audio-80314-2\" preload=\"none\" style=\"width: 100%;\" controls=\"controls\"><source type=\"audio\/mpeg\" src=\"http:\/\/www.radiopiu.net\/wordpress\/wp-content\/uploads\/2019\/03\/ILARIO-TANTON.mp3?_=2\" \/><a href=\"http:\/\/www.radiopiu.net\/wordpress\/wp-content\/uploads\/2019\/03\/ILARIO-TANTON.mp3\">http:\/\/www.radiopiu.net\/wordpress\/wp-content\/uploads\/2019\/03\/ILARIO-TANTON.mp3<\/a><\/audio>\n<p>&nbsp;<\/p>\n<p><a class=\"dt-pswp-item\" href=\"http:\/\/www.radiopiu.net\/wordpress\/wp-content\/uploads\/2019\/03\/4928234b-1a48-44eb-9d4f-09d3d6304a20_medium_p.jpg\" data-dt-img-description=\"\" data-large_image_width=\"820\" data-large_image_height=\"620\"><img loading=\"lazy\" decoding=\"async\" class=\"alignnone size-full wp-image-80356\" src=\"http:\/\/www.radiopiu.net\/wordpress\/wp-content\/uploads\/2019\/03\/4928234b-1a48-44eb-9d4f-09d3d6304a20_medium_p.jpg\" alt=\"\" width=\"820\" height=\"620\" srcset=\"https:\/\/www.radiopiu.net\/wordpress\/wp-content\/uploads\/2019\/03\/4928234b-1a48-44eb-9d4f-09d3d6304a20_medium_p.jpg 820w, https:\/\/www.radiopiu.net\/wordpress\/wp-content\/uploads\/2019\/03\/4928234b-1a48-44eb-9d4f-09d3d6304a20_medium_p-300x227.jpg 300w, https:\/\/www.radiopiu.net\/wordpress\/wp-content\/uploads\/2019\/03\/4928234b-1a48-44eb-9d4f-09d3d6304a20_medium_p-768x581.jpg 768w\" sizes=\"auto, (max-width: 820px) 100vw, 820px\" \/><\/a><\/p><\/blockquote>\n<p><strong>AGORDO<\/strong> Come nel 1991 ad Agordo e l&#8217;anno dopo ad Alleghe quando il &#8220;pirata&#8221; Marco Pantani allora agli albori vinse per due volte, fu l&#8217;inizio della sua meravigliosa carriera. Come quasi 30 anni fa il giro d&#8217;Italia Under 23 torna nell&#8217;Agordino non con una ma con due tappe, peraltro quelle decisive da Vicenza a Falcade, da Agordo a Passo Fedaia.<\/p>\n<p>8\/a tappa | sabato 22 giugno |\u00a0<strong>Ros\u00e0 (VI) \u2013 Falcade (BL)<\/strong>\u00a0\u2013 km 134,2<\/p>\n<p><em>Si entra in Veneto per gli atti conclusivi del Giro. La tappa parte da Ros\u00e0 e si accende dopo la met\u00e0, quando si sale verso Passo Cereda (1.361m); poi Forcella Aurine (1.297m) e discesa, per tornare a salire verso il traguardo di Falcade (1.155m).<\/em><\/p>\n<p>9\/a tappa | domenica 23 giugno |<strong>\u00a0<\/strong><strong>Agordo (BL) \u2013 Passo Fedaia (BL)<\/strong>\u00a0\u2013 km 35,8<\/p>\n<p><em>Tappa in linea di 35 km, senza discesa, tra Agordo e la cima del Passo Fedaia (2.057m), la \u201cvetta\u201d di questo Giro d\u2019Italia Giovani Under 23. Un finale impegnativo, con gli uomini di classifica che dovranno tentare il tutto per tutto per conquistare la corsa a tappe pi\u00f9 impegnativa e ambita al mondo.<\/em><\/p>\n<p>tutti i particolari sul sito FEDERCICLISMO.IT<\/p>\n<p><a href=\"https:\/\/www.federciclismo.it\/it\/article\/2019\/03\/25\/presentato-il-giro-ditalia-u23\/1dae8c8b-6c0d-481e-a65c-731d1161c6b3\/\">CLICCA QUI<\/a><\/p>\n<p><a class=\"dt-pswp-item\" href=\"http:\/\/www.radiopiu.net\/wordpress\/wp-content\/uploads\/2019\/03\/WhatsApp-Image-2019-03-26-at-07.59.531.jpeg\" data-dt-img-description=\"\" data-large_image_width=\"1280\" data-large_image_height=\"996\"><img loading=\"lazy\" decoding=\"async\" class=\"alignnone size-full wp-image-80404\" src=\"http:\/\/www.radiopiu.net\/wordpress\/wp-content\/uploads\/2019\/03\/WhatsApp-Image-2019-03-26-at-07.59.531.jpeg\" alt=\"\" width=\"1280\" height=\"996\" srcset=\"https:\/\/www.radiopiu.net\/wordpress\/wp-content\/uploads\/2019\/03\/WhatsApp-Image-2019-03-26-at-07.59.531.jpeg 1280w, https:\/\/www.radiopiu.net\/wordpress\/wp-content\/uploads\/2019\/03\/WhatsApp-Image-2019-03-26-at-07.59.531-300x233.jpeg 300w, https:\/\/www.radiopiu.net\/wordpress\/wp-content\/uploads\/2019\/03\/WhatsApp-Image-2019-03-26-at-07.59.531-768x598.jpeg 768w, https:\/\/www.radiopiu.net\/wordpress\/wp-content\/uploads\/2019\/03\/WhatsApp-Image-2019-03-26-at-07.59.531-1024x797.jpeg 1024w\" sizes=\"auto, (max-width: 1280px) 100vw, 1280px\" \/><\/a><a class=\"dt-pswp-item\" href=\"http:\/\/www.radiopiu.net\/wordpress\/wp-content\/uploads\/2019\/03\/WhatsApp-Image-2019-03-26-at-07.59.53.jpeg\" data-dt-img-description=\"\" data-large_image_width=\"1280\" data-large_image_height=\"830\"><img loading=\"lazy\" decoding=\"async\" class=\"alignnone size-full wp-image-80405\" src=\"http:\/\/www.radiopiu.net\/wordpress\/wp-content\/uploads\/2019\/03\/WhatsApp-Image-2019-03-26-at-07.59.53.jpeg\" alt=\"\" width=\"1280\" height=\"830\" srcset=\"https:\/\/www.radiopiu.net\/wordpress\/wp-content\/uploads\/2019\/03\/WhatsApp-Image-2019-03-26-at-07.59.53.jpeg 1280w, https:\/\/www.radiopiu.net\/wordpress\/wp-content\/uploads\/2019\/03\/WhatsApp-Image-2019-03-26-at-07.59.53-300x195.jpeg 300w, https:\/\/www.radiopiu.net\/wordpress\/wp-content\/uploads\/2019\/03\/WhatsApp-Image-2019-03-26-at-07.59.53-768x498.jpeg 768w, https:\/\/www.radiopiu.net\/wordpress\/wp-content\/uploads\/2019\/03\/WhatsApp-Image-2019-03-26-at-07.59.53-1024x664.jpeg 1024w\" sizes=\"auto, (max-width: 1280px) 100vw, 1280px\" \/><\/a><\/p>\n<p>&nbsp;<\/p>\n<p>&nbsp;<\/p>\n<p>&nbsp;<\/p>\n<p>&nbsp;<\/p>\n<h3>RISARCIMENTO DEI CITTADINI DOPO I CRACK BANCARI. ZAIA: DARE RISTORO AI RISPARMIATORI \u00c8 DOVEROSO\u201d<\/h3>\n<p><strong>VENEZIA<\/strong>\u00a0 &#8220;Ben venga lo stanziamento da parte del Governo, ma auspico che giunga davvero nel pi\u00f9 breve tempo possibile ai cittadini che ne hanno diritto. Abbiamo famiglie e imprese ridotte sul lastrico e decine di migliaia di investitori che hanno perso tutto; non possono attendere ancora\u201d. Cos\u00ec il presidente della Regione del Veneto, Luca Zaia, commenta la dichiarazione del vicepremier Matteo Salvini con cui annuncia che entro questa settimana il Ministero dell\u2019Economia emaner\u00e0 i decreti per il risarcimento dei risparmiatori colpiti dai crack bancari. \u201cCi sono banche che nella nostra regione si sono rese protagoniste di un vero disastro \u2013 conclude -. I risparmiatori che hanno lavorato una vita con grandi sacrifici e hanno perso tutto da un giorno all\u2019altro non possono essere chiamati ancora a pagare il conto delle responsabilit\u00e0 altrui. Per dare ristoro a questi cittadini \u00e8 doveroso che il decreto sia emanato in tempi velocissimi\u201d.<\/p>\n<p>&nbsp;<\/p>\n<p>&nbsp;<\/p>\n<p>&nbsp;<\/p>\n<h3>BANCHE: DE CARLO, BASTA GIOCHINI SU RISPARMIATORI TRUFFATI<\/h3>\n<blockquote><p><em>Tria firmi decreti attuativi<\/em><\/p><\/blockquote>\n<p>Questa la dichiarazione del deputato di Fratelli D&#8217;Italia, Luca De Carlo:<\/p>\n<blockquote><p><em>\u201cA giudicare dagli appelli di Di Maio e di Salvini, parrebbe che Tria sia un ministro alieno e il Mef la sua astronave. Invece, al pari di Di Maio e al pari di Salvini, anche Tria \u00e8 ministro di questo Governo grilloleghista. Un governo che anche sui rimborsi ai risparmiatori truffati, dimostra tutte le sue contraddizioni. Peccato per\u00f2, che ad aspettare la sua firma siano migliaia di risparmiatori truffati. Fratelli d\u2019Italia dice basta giochini, basta teatrini. Tria se ne freghi di cosa dicono i burocrati in Europa e firmi subito i decreti attuativi\u201d.<\/em><\/p><\/blockquote>\n<p>&nbsp;<\/p>\n<p>&nbsp;<\/p>\n<p>&nbsp;<\/p>\n<h2>VIA TETO PICIOL NON PIU&#8217; LA DISCARICA DI VAIA<\/h2>\n<p><a class=\"dt-pswp-item\" href=\"http:\/\/www.radiopiu.net\/wordpress\/wp-content\/uploads\/2019\/03\/WhatsApp-Image-2019-03-26-at-08.19.581.jpeg\" data-dt-img-description=\"\" data-large_image_width=\"1024\" data-large_image_height=\"768\"><img loading=\"lazy\" decoding=\"async\" class=\"alignnone size-medium wp-image-80411\" src=\"http:\/\/www.radiopiu.net\/wordpress\/wp-content\/uploads\/2019\/03\/WhatsApp-Image-2019-03-26-at-08.19.581-300x225.jpeg\" alt=\"\" width=\"300\" height=\"225\" srcset=\"https:\/\/www.radiopiu.net\/wordpress\/wp-content\/uploads\/2019\/03\/WhatsApp-Image-2019-03-26-at-08.19.581-300x225.jpeg 300w, https:\/\/www.radiopiu.net\/wordpress\/wp-content\/uploads\/2019\/03\/WhatsApp-Image-2019-03-26-at-08.19.581-768x576.jpeg 768w, https:\/\/www.radiopiu.net\/wordpress\/wp-content\/uploads\/2019\/03\/WhatsApp-Image-2019-03-26-at-08.19.581.jpeg 1024w\" sizes=\"auto, (max-width: 300px) 100vw, 300px\" \/><\/a><a class=\"dt-pswp-item\" href=\"http:\/\/www.radiopiu.net\/wordpress\/wp-content\/uploads\/2019\/03\/WhatsApp-Image-2019-03-26-at-08.19.58.jpeg\" data-dt-img-description=\"\" data-large_image_width=\"1024\" data-large_image_height=\"768\"><img loading=\"lazy\" decoding=\"async\" class=\"alignnone wp-image-80412\" src=\"http:\/\/www.radiopiu.net\/wordpress\/wp-content\/uploads\/2019\/03\/WhatsApp-Image-2019-03-26-at-08.19.58.jpeg\" alt=\"\" width=\"299\" height=\"225\" srcset=\"https:\/\/www.radiopiu.net\/wordpress\/wp-content\/uploads\/2019\/03\/WhatsApp-Image-2019-03-26-at-08.19.58.jpeg 1024w, https:\/\/www.radiopiu.net\/wordpress\/wp-content\/uploads\/2019\/03\/WhatsApp-Image-2019-03-26-at-08.19.58-300x225.jpeg 300w, https:\/\/www.radiopiu.net\/wordpress\/wp-content\/uploads\/2019\/03\/WhatsApp-Image-2019-03-26-at-08.19.58-768x576.jpeg 768w\" sizes=\"auto, (max-width: 299px) 100vw, 299px\" \/><\/a><\/p>\n<p><strong>AGORDO<\/strong> Da ieri mattina uomini e mezzi stanno rimettendo ordine in via Teto Piciol divenuta deposito di ceppaie, inerti, tronchi schiantati, nelle ultime settimane c&#8217;era anche chi si \u00e8 sentito leggitimato a portare nel piazzale i proprio rifiuti inerti. Il piazzale, secondo le idee dell&#8217;attuale amministrazione avrebbe dovuto diventare il parcheggio per la zona Le Ville (Teto Piciol, Toccol, Parech, Prompicai) ma in seguito a Vaia le dinamiche sono cambiate, anche gli stanziamenti per il recupero del territorio.<\/p>\n\n\t\t\t<style type='text\/css'>\n\t\t\t\t#gallery-1 {\n\t\t\t\t\tmargin: auto;\n\t\t\t\t}\n\t\t\t\t#gallery-1 .gallery-item {\n\t\t\t\t\tfloat: left;\n\t\t\t\t\tmargin-top: 10px;\n\t\t\t\t\ttext-align: center;\n\t\t\t\t\twidth: 33%;\n\t\t\t\t}\n\t\t\t\t#gallery-1 img {\n\t\t\t\t\tborder: 2px solid #cfcfcf;\n\t\t\t\t}\n\t\t\t\t#gallery-1 .gallery-caption {\n\t\t\t\t\tmargin-left: 0;\n\t\t\t\t}\n\t\t\t\t\/* see gallery_shortcode() in wp-includes\/media.php *\/\n\t\t\t<\/style>\n\t\t<div id='gallery-1' class='dt-gallery-container gallery galleryid-80314 gallery-columns-3 gallery-size-thumbnail'><dl class='gallery-item'>\n\t\t\t\t<dt class='gallery-icon landscape'>\n\t\t\t\t\t<a class=\"rollover\" href='https:\/\/www.radiopiu.net\/wordpress\/via-teto-piciol-non-piu-la-discarica-di-vaia\/whatsapp-image-2019-03-25-at-17-29-20\/'><img loading=\"lazy\" decoding=\"async\" width=\"150\" height=\"150\" src=\"https:\/\/www.radiopiu.net\/wordpress\/wp-content\/uploads\/2019\/03\/WhatsApp-Image-2019-03-25-at-17.29.20-150x150.jpeg\" class=\"attachment-thumbnail size-thumbnail\" alt=\"\" \/><\/a>\n\t\t\t\t<\/dt><\/dl><dl class='gallery-item'>\n\t\t\t\t<dt class='gallery-icon landscape'>\n\t\t\t\t\t<a class=\"rollover\" href='https:\/\/www.radiopiu.net\/wordpress\/via-teto-piciol-non-piu-la-discarica-di-vaia\/whatsapp-image-2019-03-25-at-17-29-26\/'><img loading=\"lazy\" decoding=\"async\" width=\"150\" height=\"150\" src=\"https:\/\/www.radiopiu.net\/wordpress\/wp-content\/uploads\/2019\/03\/WhatsApp-Image-2019-03-25-at-17.29.26-150x150.jpeg\" class=\"attachment-thumbnail size-thumbnail\" alt=\"\" \/><\/a>\n\t\t\t\t<\/dt><\/dl><dl class='gallery-item'>\n\t\t\t\t<dt class='gallery-icon landscape'>\n\t\t\t\t\t<a class=\"rollover\" href='https:\/\/www.radiopiu.net\/wordpress\/via-teto-piciol-non-piu-la-discarica-di-vaia\/whatsapp-image-2019-03-25-at-17-29-34\/'><img loading=\"lazy\" decoding=\"async\" width=\"150\" height=\"150\" src=\"https:\/\/www.radiopiu.net\/wordpress\/wp-content\/uploads\/2019\/03\/WhatsApp-Image-2019-03-25-at-17.29.34-150x150.jpeg\" class=\"attachment-thumbnail size-thumbnail\" alt=\"\" \/><\/a>\n\t\t\t\t<\/dt><\/dl><br style=\"clear: both\" \/>\n\t\t\t<\/div>\n\n<p>&nbsp;<\/p>\n<p>&nbsp;<\/p>\n<p>&nbsp;<\/p>\n<p>&nbsp;<\/p>\n<h3>INCONTRI INFORMATIVI &#8211; EMERGENZA MALTEMPO OTTOBRE-NOVEMBRE 2018<\/h3>\n<p>Le Amministrazioni Comunali dell&#8217;Agordino organizzano per oggi due incontri informativi, relativi alle modalit\u00e0 di intervento e di esbosco sulle aree soggette a schianto a seguito degli eccezionali eventi atmosferici di fine ottobre-novembre 2018. Saranno presenti: \u00a0Fabrizio Stella \u2013 Direttore di AVEPA \u2013 Soggetto Attuatore per il Settore rilievo e opere Agricolo-Forestali; \u00a0Gianmaria Sommavilla \u30fb Regione del Veneto &#8211; Direttore dell&#8217;U.O Forestale Est &#8211; Soggetto Attuatore per il ripristino ambientale e forestale. Gli incontri si terranno\u00a0 alle 15 a Livinallongo del Col di Lana a\u00a0 Pieve, presso la sala Taulac, alle\u00a0 18 ad Agordo sala Don Tamis.<\/p>\n<p>&nbsp;<\/p>\n<p>&nbsp;<\/p>\n<p>&nbsp;<\/p>\n<h3>INCONTRO CON IL COMITATO UTENTI<\/h3>\n<p>Il Comitato Consultivo Utenti , organo istituzionale\u00a0 presso il Consiglio di Bacino Dolomiti Bellunesi, convoca una conferenza stampa\u00a0 per martedi 26 \u00a0alle ore 12, presso la Sala Calvi della Provincia di Belluno. Il tema sar\u00e0 il nuovo regolamento d\u2019utenza del Servizio Idrico Integrato, la cui approvazione verr\u00e0 presumibilmente decisa il 28\/03\/2109 dall\u2019Assemblea dei Sindaci convocata allo scopo.<\/p>\n<p>&nbsp;<\/p>\n<p>&nbsp;<\/p>\n<p>&nbsp;<\/p>\n<h2>BIM PIAVE IN ASSEMBLEA<\/h2>\n<p>L\u2019Assemblea Generale del Consorzio BIM Piave di Belluno \u00e8 convocata in seduta pubblica per gioved\u00ec 28 alle\u00a0 16 presso la Sala Affreschi dell\u2019Amministrazione Provinciale in Via Sant\u2019Andrea. Ordine del giorno:\u00a0 I variazione al Bilancio di Previsione 2019-2021; Modifica Regolamento per l\u2019assegnazione di contributi in conto capitale ai Comuni consorziati.<\/p>\n<p>&nbsp;<\/p>\n<p>&nbsp;<\/p>\n<h2>MERCOLEDI A CELLARDA LA LETTURA ANIMATA<\/h2>\n<p><strong>FELTRE.<\/strong> Una lettura animata per promuovere la settimana dell&#8217;affido familiare. Appuntamento per bambini e genitori mercoled\u00ec 27 marzo dalle 17 alle 18.00 al Casel di Cellarda.\u00a0 Gli adulti potranno contemporaneamente concedersi uno spazio di tranquillit\u00e0 e di scambio con gli operatori del Centro per l&#8217;Affido, ascoltando anche una testimonianza di una famiglia affidataria.<\/p>\n<p>&nbsp;<\/p>\n<p>&nbsp;<\/p>\n<p>&nbsp;<\/p>\n<p>&nbsp;<\/p>\n<h3>NUOVI CERTIFICATI DI ESENZIONE DAL TICKET SANITARIO PER CONDIZIONE ECONOMICA<\/h3>\n<p><strong>BELLUNO<\/strong> L\u2019Azienda ULSS n. 1 Dolomiti informa gli assistiti che dal 1\u00b0 aprile p.v. sar\u00e0 possibile stampare \u2013 attraverso l\u2019apposito servizio a disposizione sul portale della Sanit\u00e0 della Regione del Veneto \u2013 i nuovi certificati di esenzione dal ticket per condizione economica. A tal fine gli assistiti dovranno collegarsi al sito <span style=\"color: #0000ff;\">regione.veneto.it. <\/span>La stampa dei certificati potr\u00e0 essere anche richiesta agli sportelli anagrafici distrettuali dell&#8217;Azienda ULSS 1 Dolomiti, agli sportelli cassa e CUP dell\u2019Ospedale di Belluno e Feltre, agli uffici del Comune di residenza aderenti all&#8217;iniziativa.<\/p>\n<p>&nbsp;<\/p>\n<p>&nbsp;<\/p>\n<p>&nbsp;<\/p>\n<p>&nbsp;<\/p>\n<h2>APPROVATO IL\u00a0 PIANO DEL COMMISSARIO ZAIA<\/h2>\n<p><strong>VENEZIA\u00a0<\/strong> Angelo Borrelli, Capo Dipartimento della Protezione Civile nazionale, ha annunciato questa mattina da Padova che il suo Dipartimento ha approvato e dato il via libera al Piano del Commissario per il maltempo. Si tratta del piano di interventi nei territori colpiti dalla tempesta Vaia dell\u2019autunno 2018 che saranno realizzati nel 2019, presentato la scorsa settimana da Luca Zaia a Venezia. \u201cRingrazio il dottor Borrelli e la Protezione Civile Nazionale per la tempestiva risposta \u2013 commenta il Commissario Zaia \u2013 non c\u2019\u00e8 tempo da perdere ora. Il coordinatore Nicola Dell\u2019Acqua ha gi\u00e0 provveduto a convocare per oggi pomeriggio i soggetti attuatori per procedere con l\u2019attivazione di tutte le procedure per far s\u00ec che i cantieri siamo aperti prima possibile. La nostra montagna deve rinascere\u201d. I soggetti attuatori, in parte tecnici e in parte sindaci dei territori colpiti dal maltempo, sono i referenti che coordinano in loco gli interventi e i cantieri. Nel 2019 \u00e8 prevista l\u2019apertura di 350 cantieri finanziati in base ad un Decreto del Consiglio dei Ministri dello scorso 27 febbraio nel quale \u00e8 previsto un finanziamento triennale di oltre 927 milioni di euro, oltre 382 milioni da investire nel 2019.<\/p>\n<p>&nbsp;<\/p>\n<p>&nbsp;<\/p>\n<p>&nbsp;<\/p>\n<h2>IL FONDO WELFARE AIUTA LE POPOLAZIONI COLPITE DA VAIA<\/h2>\n<blockquote><p><em>Mandata ai Sindaci la modulistica per le richieste di danni superiori a 5000 euro<\/em><\/p><\/blockquote>\n<p><a class=\"dt-pswp-item\" href=\"http:\/\/www.radiopiu.net\/wordpress\/wp-content\/uploads\/2019\/03\/pp.jpg\" data-dt-img-description=\"\" data-large_image_width=\"640\" data-large_image_height=\"640\"><img loading=\"lazy\" decoding=\"async\" class=\"wp-image-80390 alignleft\" src=\"http:\/\/www.radiopiu.net\/wordpress\/wp-content\/uploads\/2019\/03\/pp.jpg\" alt=\"\" width=\"72\" height=\"72\" srcset=\"https:\/\/www.radiopiu.net\/wordpress\/wp-content\/uploads\/2019\/03\/pp.jpg 640w, https:\/\/www.radiopiu.net\/wordpress\/wp-content\/uploads\/2019\/03\/pp-150x150.jpg 150w, https:\/\/www.radiopiu.net\/wordpress\/wp-content\/uploads\/2019\/03\/pp-300x300.jpg 300w\" sizes=\"auto, (max-width: 72px) 100vw, 72px\" \/><\/a><\/p>\n<p>&nbsp;<\/p>\n<p>DALLA RASSEGNA STAMPA DI RADIO PIU, FRANCESCA DE BIASI<\/p>\n<audio class=\"wp-audio-shortcode\" id=\"audio-80314-3\" preload=\"none\" style=\"width: 100%;\" controls=\"controls\"><source type=\"audio\/mpeg\" src=\"http:\/\/www.radiopiu.net\/wordpress\/wp-content\/uploads\/2019\/03\/FRANCESCA.mp3?_=3\" \/><a href=\"http:\/\/www.radiopiu.net\/wordpress\/wp-content\/uploads\/2019\/03\/FRANCESCA.mp3\">http:\/\/www.radiopiu.net\/wordpress\/wp-content\/uploads\/2019\/03\/FRANCESCA.mp3<\/a><\/audio>\n<p><strong>BELLUNO<\/strong> Inviata ai Comuni la modulistica per la richiesta di ulteriori contributi da parte del cittadino al fondo Welfare e Identit\u00e0 territoriale per danni alla prima casa subiti a seguito della tempesta Vaia di cui era stata anticipazione durante l\u2019assemblea dei Sindaci del 26 febbraio scorso. Per rispettare l\u2019impegno di aiutare la nostra popolazione a rimanere in provincia e per far crescere il senso di comunit\u00e0, il Fondo Welfare ha deciso di dare priorit\u00e0 alle situazioni di maggior disagio. Per questo motivo verranno richiesti, in aggiunta ai dati sui danni subiti alla prima casa, l\u2019ISEE, lo stato famiglia (per la valorizzazione della presenza di anziani o minori) e la segnalazione della presenza nel nucleo famigliare di persone riconosciute invalide. Oltre a chi ha avuto danni alla prima casa potranno richiedere un contributo alle spese quanti sono stati costretti ad una permanenza fuori dalla propria abitazione. I sindacati CGIL e CISL si sono resi disponibili al calcolo dell\u2019ISEE per quanti non l\u2019avessero gi\u00e0. Saranno presi in considerazione le richieste per danni superiori a 5000 euro di danno: la Regione, infatti, a breve dovrebbe liquidare fino a questa cifra. Per le situazioni di particolare disagio con danni non contemplati nella modulistica predisposta dal Fondo, il Sindaco ha sempre la possibilit\u00e0 di avanzare per il cittadino una segnalazione al Fondo stesso che, ad oggi ha raccolto 503.000 euro, frutto di donazioni di singoli cittadini, scuole, diocesi, sindacati e aziende.<br \/>\nLe domande vanno presentate dal 27 marzo al 1 maggio 2019.<\/p>\n<p>&nbsp;<\/p>\n<p>&nbsp;<\/p>\n<p>&nbsp;<\/p>\n<p>&nbsp;<\/p>\n<h2>ATTIVITA&#8217; CHE CRESCONO<\/h2>\n<p><strong>TAIBON<\/strong> Cos\u00ec ieri il sito dello studio\u00a0 MTD che in una immagine ha svelato il futuro della Blackfin Pramaor.<\/p>\n<blockquote class=\"wp-embedded-content\" data-secret=\"eDLgrAqpoh\"><p><a href=\"https:\/\/www.studiomtd.it\/2019\/03\/04\/iniziati-i-lavori-dellampliamento-della-sede-centrale-di-blackfin-pramaor-srl-a-taibon-agordino-bl\/\">Iniziati i lavori dell\u2019ampliamento della sede centrale di Blackfin Pramaor srl a Taibon Agordino (BL).<\/a><\/p><\/blockquote>\n<p><iframe loading=\"lazy\" class=\"wp-embedded-content\" sandbox=\"allow-scripts\" security=\"restricted\" style=\"position: absolute; clip: rect(1px, 1px, 1px, 1px);\" src=\"https:\/\/www.studiomtd.it\/2019\/03\/04\/iniziati-i-lavori-dellampliamento-della-sede-centrale-di-blackfin-pramaor-srl-a-taibon-agordino-bl\/embed\/#?secret=eDLgrAqpoh\" data-secret=\"eDLgrAqpoh\" width=\"600\" height=\"338\" title=\"&#8220;Iniziati i lavori dell\u2019ampliamento della sede centrale di Blackfin Pramaor srl a Taibon Agordino (BL).&#8221; &#8212; Studio MTD\" frameborder=\"0\" marginwidth=\"0\" marginheight=\"0\" scrolling=\"no\"><\/iframe><\/p>\n<p>&nbsp;<\/p>\n<p>&nbsp;<\/p>\n<p>&nbsp;<\/p>\n<h2>AON SI PRESENTA ALLA PROVINCIA<\/h2>\n<p><strong><a class=\"dt-pswp-item\" href=\"http:\/\/www.radiopiu.net\/wordpress\/wp-content\/uploads\/2019\/03\/AON-wecanjob.png\" data-dt-img-description=\"\" data-large_image_width=\"1198\" data-large_image_height=\"600\"><img loading=\"lazy\" decoding=\"async\" class=\"wp-image-80326 alignleft\" src=\"http:\/\/www.radiopiu.net\/wordpress\/wp-content\/uploads\/2019\/03\/AON-wecanjob.png\" alt=\"\" width=\"230\" height=\"115\" srcset=\"https:\/\/www.radiopiu.net\/wordpress\/wp-content\/uploads\/2019\/03\/AON-wecanjob.png 1198w, https:\/\/www.radiopiu.net\/wordpress\/wp-content\/uploads\/2019\/03\/AON-wecanjob-300x150.png 300w, https:\/\/www.radiopiu.net\/wordpress\/wp-content\/uploads\/2019\/03\/AON-wecanjob-768x385.png 768w, https:\/\/www.radiopiu.net\/wordpress\/wp-content\/uploads\/2019\/03\/AON-wecanjob-1024x513.png 1024w\" sizes=\"auto, (max-width: 230px) 100vw, 230px\" \/><\/a>BELLUNO<\/strong>\u00a0 Aon, il primo gruppo in Italia e nel mondo nella consulenza dei rischi e delle risorse umane e nell\u2019intermediazione assicurativa e riassicurativa, grazie alla sinergia con Confindustria Belluno Dolomiti e Feinar apre una filiale a Belluno. Il Gruppo \u00e8 presente in Italia con 27 uffici e si avvale di oltre 1.600 dipendenti per fornire a PMI, ai grandi Gruppi industriali e finanziari, agli Enti Pubblici e ai professionisti soluzioni su misura per un\u2019adeguata gestione dei rischi. Nel 2017 Aon ha realizzato in Italia ricavi complessivi per 250 milioni di euro e ha intermediato premi per quasi 3 miliardi di euro. Tutti i dettagli saranno presentati nel corso di una conferenza stampa in programma gioved\u00ec\u00a0 a Palazzo Doglioni Dalmas\u00a0 alla quale interverranno, Lorraine Berton Presidente di Confindustria Belluno Dolomiti, \u00a0Enrico Vanin\u00a0 Amministratore Delegato Aon SpA e Aon Hewitt Risk &amp; Consulting About Aon Group<\/p>\n<blockquote><p><em>Presente in pi\u00f9 di 120 paesi con 50.000 dipendenti, Aon \u00e8 da sempre attenta all\u2019innovazione nel dinamico mercato assicurativo, fornisce supporto e competenze specifiche nella definizione delle strategie che consentono di gestire e controllare i diversi rischi aziendali. Aon plc, capogruppo quotata al NYSE che ha il suo quartiere generale a Londra, ha avuto una crescita esponenziale dalla sua nascita, raggiungendo oggi un fatturato consolidato di oltre 11,7 miliardi di dollari.<\/em><\/p><\/blockquote>\n<p>&nbsp;<\/p>\n<p>&nbsp;<\/p>\n<p>&nbsp;<\/p>\n<p>&nbsp;<\/p>\n<h2>MALTEMPO. BOTTACIN \u201cPRONTI A METTERE A PUNTO IL NOSTRO SISTEMA PER L\u2019ALLERTA E LA PREVISIONE DELLE PIENE<\/h2>\n<p><strong>VENEZIA<\/strong>\u00a0 \u201cLe relazioni tecniche relative all\u2019emergenza di fine ottobre 2018 \u2013 spiega Gianpaolo Bottacin, assessore regionale alla Protezione Civile \u2013 dimostrano che senza il modello previsionale messo a punto da Regione del Veneto quanto accaduto avrebbe potuto avere ben altre conseguenze, soprattutto in termini di vite umane\u201d. Il modello, realizzato con l\u2019Universit\u00e0 di Padova, \u00e8 stato illustrato oggi a Padova in occasione del seminario \u201cAutunno 2018: Emergenza nel Veneto\u201d, organizzato dalla Regione del Veneto e dall&#8217;Universit\u00e0 di Padova in collaborazione con il Dipartimento della Protezione Civile e il Corpo nazionale dei Vigili del Fuoco. Le varie relazioni tecniche sono state occasione per raccontare la tempesta Vaia in tutti i suoi risvolti, dagli aspetti metereologici alla gestione dell\u2019emergenza fino al post emergenza. Il professor Luigi D\u2019Alpaos ha descritto, in dettaglio, come funziona la piattaforma nella quale sono implementati una serie di codici di calcolo che consentono di simulare la formazione, la propagazione e l\u2019evoluzione delle piene in un bacino idrografico, partendo dalle previsioni meteorologiche. Tutto ci\u00f2 attualmente viene applicato al bacino del Brenta-Bacchiglione ed \u00e8 in fase di allestimento avanzato anche per il bacino del Piave. \u201cSta destando molta attenzione, a pi\u00f9 livelli, il modello meteo idrogeologico e idrodinamico che la Regione Veneto ha avviato dal 2014 \u2013 sottolinea l\u2019assessore Bottacin \u2013 siamo gli unici in Europa a disporre di un sistema che ci permette di prevedere se i corsi d\u2019acqua esonderanno, dove e a che ora. Sapere che sar\u00e0 fonte di approfondimento da parte della Protezione Civile nazionale per diventare un modello di riferimento nazionale ci inorgoglisce molto e dimostra quanto sia avanzata la nostra organizzazione in questo campo\u201d. Tra i relatori del seminario di Padova c\u2019era anche Angelo Borrelli, Capo dipartimento della Protezione Civile Nazionale che ha illustrato come in Veneto, in occasione dell\u2019emergenza dello scorso anno, \u00e8 stato applicato per la prima volta quanto previsto dal nuovo Codice di Protezione Civile nazionale. \u201cIl Veneto \u00e8 all\u2019avanguardia nella Protezione Civile\u201d ha dichiarato Borrelli nell\u2019occasione, lodando l\u2019organizzazione dell\u2019emergenza nella nostra Regione e dichiarandosi disponibile ad un approfondimento tecnico per verificare se il modello di previsione delle piene possa diventare riferimento nazionale.<\/p>\n<p>&nbsp;<\/p>\n<p>&nbsp;<\/p>\n<p>&nbsp;<\/p>\n<p>&nbsp;<\/p>\n<h1>SOSerrai:\u00a0 insieme per la rinascita!<\/h1>\n<p>E\u2019 partita la raccolta fondi, sul sito <strong><span style=\"color: #0000ff;\">www.dolomitiunesco.info<\/span><\/strong> trovate le informazioni per associare il vostro nome a un intervento che consentir\u00e0 di recuperare un luogo simbolo delle Dolomiti.<\/p>\n<p><strong><a class=\"dt-pswp-item\" href=\"http:\/\/www.radiopiu.net\/wordpress\/wp-content\/uploads\/2019\/03\/a66ad876-c952-494f-9399-18d40132e434.png\" data-dt-img-description=\"\" data-large_image_width=\"1750\" data-large_image_height=\"984\"><img loading=\"lazy\" decoding=\"async\" class=\"wp-image-80322 alignleft\" src=\"http:\/\/www.radiopiu.net\/wordpress\/wp-content\/uploads\/2019\/03\/a66ad876-c952-494f-9399-18d40132e434.png\" alt=\"\" width=\"148\" height=\"83\" srcset=\"https:\/\/www.radiopiu.net\/wordpress\/wp-content\/uploads\/2019\/03\/a66ad876-c952-494f-9399-18d40132e434.png 1750w, https:\/\/www.radiopiu.net\/wordpress\/wp-content\/uploads\/2019\/03\/a66ad876-c952-494f-9399-18d40132e434-300x169.png 300w, https:\/\/www.radiopiu.net\/wordpress\/wp-content\/uploads\/2019\/03\/a66ad876-c952-494f-9399-18d40132e434-768x432.png 768w, https:\/\/www.radiopiu.net\/wordpress\/wp-content\/uploads\/2019\/03\/a66ad876-c952-494f-9399-18d40132e434-1024x576.png 1024w\" sizes=\"auto, (max-width: 148px) 100vw, 148px\" \/><\/a>\u201cModello da esportare in tutto il mondo\u201d <\/strong>Il percorso pedonale che attraversava i Serrai di Sottoguda era uno dei tracciati del progetto Dolomiti Accessibili. Oscar De Pellegrin, campione paralimpico di tiro con l\u2019arco non ha dubbi<em>: \u201ccrediamo che possa diventare un progetto attrattivo dal punto di vista turistico e un modello da esportare in tutto il mondo\u201d.<\/em><\/p>\n<p style=\"text-align: left;\"><strong><a class=\"dt-pswp-item\" href=\"http:\/\/www.radiopiu.net\/wordpress\/wp-content\/uploads\/2019\/03\/f4b67eb1-c44d-42e1-a9a2-a939e1fcf3dd.png\" data-dt-img-description=\"\" data-large_image_width=\"777\" data-large_image_height=\"437\"><img loading=\"lazy\" decoding=\"async\" class=\"wp-image-80321 alignleft\" src=\"http:\/\/www.radiopiu.net\/wordpress\/wp-content\/uploads\/2019\/03\/f4b67eb1-c44d-42e1-a9a2-a939e1fcf3dd.png\" alt=\"\" width=\"148\" height=\"83\" srcset=\"https:\/\/www.radiopiu.net\/wordpress\/wp-content\/uploads\/2019\/03\/f4b67eb1-c44d-42e1-a9a2-a939e1fcf3dd.png 777w, https:\/\/www.radiopiu.net\/wordpress\/wp-content\/uploads\/2019\/03\/f4b67eb1-c44d-42e1-a9a2-a939e1fcf3dd-300x169.png 300w, https:\/\/www.radiopiu.net\/wordpress\/wp-content\/uploads\/2019\/03\/f4b67eb1-c44d-42e1-a9a2-a939e1fcf3dd-768x432.png 768w\" sizes=\"auto, (max-width: 148px) 100vw, 148px\" \/><\/a>&#8220;Il messaggio viaggia sul bus&#8221;<\/strong><\/p>\n<p>La raccolta fondi a favore del recupero dei Serrai sta gi\u00e0 entrando nel vivo grazie a numerosi progetti che veicolano il messaggio sul territorio. A volte in senso letterale&#8230; Da alcuni giorni sta infatti circolando un mezzo Dolomiti Bus interamente dedicato al progetto #SOSerrai.<\/p>\n<p><iframe loading=\"lazy\" title=\"#SOSerrai: 1 milione per i Serrai!\" width=\"1200\" height=\"675\" src=\"https:\/\/www.youtube.com\/embed\/-RVM6PjP2HA?feature=oembed\" frameborder=\"0\" allow=\"accelerometer; autoplay; clipboard-write; encrypted-media; gyroscope; picture-in-picture\" allowfullscreen><\/iframe><\/p>\n<blockquote><p><strong>audio dal giornale radio principale<\/strong><\/p><\/blockquote>\n<audio class=\"wp-audio-shortcode\" id=\"audio-80314-4\" preload=\"none\" style=\"width: 100%;\" controls=\"controls\"><source type=\"audio\/mpeg\" src=\"http:\/\/www.radiopiu.net\/wordpress\/wp-content\/uploads\/2019\/03\/andrea-1.mp3?_=4\" \/><a href=\"http:\/\/www.radiopiu.net\/wordpress\/wp-content\/uploads\/2019\/03\/andrea-1.mp3\">http:\/\/www.radiopiu.net\/wordpress\/wp-content\/uploads\/2019\/03\/andrea-1.mp3<\/a><\/audio>\n<p>&nbsp;<\/p>\n<p>&nbsp;<\/p>\n<p>&nbsp;<\/p>\n<p>&nbsp;<\/p>\n<p class=\"western\"><b>AUTONOMIA. ZAIA: \u201cGRAZIE A SALVINI, ORA UNA PREINTESA DA INVIARE AL PARLAMENTO\u201d<\/b><\/p>\n<p class=\"western\"><strong>VENEZIA\u00a0<\/strong> \u201cSono grato al vicepresidente del Consiglio Salvini per aver assicurato che l\u2019inizio del percorso dell\u2019autonomia sar\u00e0 concretizzato prima delle elezioni europee. \u00c8 la conferma della volont\u00e0 di andare avanti con un progetto voluto dai Veneti ma ormai condiviso da moltissimi italiani\u201d. Cos\u00ec il presidente della Regione del Veneto Luca Zaia, ringrazia il vicepremier per le dichiarazioni rilasciate oggi a sostegno del percorso dell\u2019autonomia.\u201cPer noi il progetto \u00e8 gi\u00e0 pronto \u2013 aggiunge Zaia &#8211; sarebbe sufficiente fare in modo che le nostre intese, intendo di Veneto, Lombardia ed Emilia Romagna, uscissero dal Consiglio dei ministri per essere portate in Parlamento. Penso che l\u2019obbiettivo possa essere firmare subito una preintesa e inviare il documento per essere incardinato direttamente nei lavori parlamentari\u201d.<\/p>\n<p>&nbsp;<\/p>\n<h2><\/h2>\n<p>&nbsp;<\/p>\n<h2>MANUTENZIONE DELLE MURA RINASCIMENTALI, 60 MILA EURO DAL BIM<\/h2>\n<p>DAL GIORNALE RADIO PRINCIPALE L&#8217;ASSESSORE ADIS ZATTA<\/p>\n<audio class=\"wp-audio-shortcode\" id=\"audio-80314-5\" preload=\"none\" style=\"width: 100%;\" controls=\"controls\"><source type=\"audio\/mpeg\" src=\"http:\/\/www.radiopiu.net\/wordpress\/wp-content\/uploads\/2019\/03\/ZATTA.mp3?_=5\" \/><a href=\"http:\/\/www.radiopiu.net\/wordpress\/wp-content\/uploads\/2019\/03\/ZATTA.mp3\">http:\/\/www.radiopiu.net\/wordpress\/wp-content\/uploads\/2019\/03\/ZATTA.mp3<\/a><\/audio>\n<p><strong>FELTRE<\/strong> Un altro importante tassello nel programma di manutenzioni e recupero conservativo della citt\u00e0 sta per andare al suo posto. E\u2019 di questi giorni, infatti, la notizia che il Consorzio dei Comuni Bim Piave ha accolto la richiesta da parte del Comune di Feltre di un contributo da destinare al progetto di \u201cValorizzazione delle mura rinascimentali della Cittadella di Feltre, della Galleria F.lli Angelini, ex Romita, fino a Porta Pusterla e del sovrastante percorso della Sentinella\u201d. Il Consorzio ha deciso di erogare, al riguardo, una somma di 60 mila euro, che potr\u00e0 eventualmente essere integrata, in base alle necessit\u00e0, da fondi propri comunali. Il progetto in questione prevede una serie di interventi integrati che comprendono la pulizia e il restauro delle mura, dell&#8217;acciottolato del percorso, degli elementi lapidei ed architettonici oggetto di vandalismo; la sostituzione\/recupero dei punti luce, oltre all\u2019 installazione di un sistema di videosorveglianza, al riposizionamento dei testi illustrativi sui pannelli esistenti ed altri interventi.<\/p>\n<blockquote><p><em>\u201cLe mura rinascimentali della citt\u00e0 rappresentano senza dubbio uno dei \u201cbiglietti da visita\u201d pi\u00f9 rilevanti sul piano turistico, ma anche \u2013 per i residenti \u2013 un bene-simbolo prezioso, che va manutenuto e preservato dal passare del tempo e dalle conseguenze di agenti atmosferici, come ben sappiamo, oggi sempre pi\u00f9 devastanti\u201d, commenta Adis Zatta, assessore comunale con delega ai Lavori Pubblici e alle Manutenzioni. \u201cPassata la prima emergenza del post-Vaia, guardiamo ora anche ad altri lavori necessari al decoro della nostra citt\u00e0 e delle sue straordinarie bellezze storiche ed architettoniche; gli uffici comunali sono gi\u00e0 al lavoro per istruire i documenti necessari per l\u2019iter autorizzativo; ci auguriamo \u2013 conclude Zatta \u2013 di poter realizzare l\u2019intervento entro la primavera, in modo da dare nuovo splendore alle mura per l\u2019intenso programma di eventi che attende la citt\u00e0 nei prossimi mesi\u201d.<\/em><\/p><\/blockquote>\n<p>&nbsp;<\/p>\n<p>&nbsp;<\/p>\n<p>&nbsp;<\/p>\n<h2><a class=\"dt-pswp-item\" href=\"http:\/\/www.radiopiu.net\/wordpress\/wp-content\/uploads\/2019\/03\/Vecia_popa.jpg\" data-dt-img-description=\"\" data-large_image_width=\"150\" data-large_image_height=\"200\"><img loading=\"lazy\" decoding=\"async\" class=\"size-full wp-image-80354 alignleft\" src=\"http:\/\/www.radiopiu.net\/wordpress\/wp-content\/uploads\/2019\/03\/Vecia_popa.jpg\" alt=\"\" width=\"150\" height=\"200\" \/><\/a><\/h2>\n<h2><\/h2>\n<h2><\/h2>\n<h2>LA VECIA POPA&#8230; DOMENICA DI FESTA AD AGORDO<\/h2>\n<p><strong>DI GIANNI SANTOMASO<\/strong><\/p>\n<audio class=\"wp-audio-shortcode\" id=\"audio-80314-6\" preload=\"none\" style=\"width: 100%;\" controls=\"controls\"><source type=\"audio\/mpeg\" src=\"http:\/\/www.radiopiu.net\/wordpress\/wp-content\/uploads\/2019\/03\/GIANNI-LA-VECIA.mp3?_=6\" \/><a href=\"http:\/\/www.radiopiu.net\/wordpress\/wp-content\/uploads\/2019\/03\/GIANNI-LA-VECIA.mp3\">http:\/\/www.radiopiu.net\/wordpress\/wp-content\/uploads\/2019\/03\/GIANNI-LA-VECIA.mp3<\/a><\/audio>\n<p>&nbsp;<\/p>\n<p>&nbsp;<\/p>\n<p>&nbsp;<\/p>\n<p>&nbsp;<\/p>\n<h2><a class=\"dt-pswp-item\" href=\"http:\/\/www.radiopiu.net\/wordpress\/wp-content\/uploads\/2019\/03\/is.jpg\" data-dt-img-description=\"\" data-large_image_width=\"147\" data-large_image_height=\"188\"><img loading=\"lazy\" decoding=\"async\" class=\" wp-image-80380 alignleft\" src=\"http:\/\/www.radiopiu.net\/wordpress\/wp-content\/uploads\/2019\/03\/is.jpg\" alt=\"\" width=\"123\" height=\"157\" \/><\/a>BRUSA LA VECIA A TRICHIANA CON LA PEDONATA IN NOTTURNA E IL MERCATINO DELL&#8217;ANTIQUARIATO. NELLA SETTIMANA SI VOTANO GLI ALLESTIMENTI PIU&#8217; CARATTERISTICI. SABATO IN PIAZZA MERLIN IL TESTAMENTO PRIMA DELLE FIAMME<\/h2>\n<p><strong>DI DAMIANO TORMEN<\/strong><\/p>\n<audio class=\"wp-audio-shortcode\" id=\"audio-80314-7\" preload=\"none\" style=\"width: 100%;\" controls=\"controls\"><source type=\"audio\/mpeg\" src=\"http:\/\/www.radiopiu.net\/wordpress\/wp-content\/uploads\/2019\/03\/DAMIANO-6.mp3?_=7\" \/><a href=\"http:\/\/www.radiopiu.net\/wordpress\/wp-content\/uploads\/2019\/03\/DAMIANO-6.mp3\">http:\/\/www.radiopiu.net\/wordpress\/wp-content\/uploads\/2019\/03\/DAMIANO-6.mp3<\/a><\/audio>\n<p>&nbsp;<\/p>\n<p>&nbsp;<\/p>\n<p>&nbsp;<\/p>\n<p>&nbsp;<\/p>\n<p>&nbsp;<\/p>\n<h2>UNA SEDE PER IL GRUPPO ALPINI FARRA<\/h2>\n<p><strong><a class=\"dt-pswp-item\" href=\"http:\/\/www.radiopiu.net\/wordpress\/wp-content\/uploads\/2019\/03\/ex-scuole-elementari-di-farra-di-feltre.jpg\" data-dt-img-description=\"\" data-large_image_width=\"1890\" data-large_image_height=\"1260\"><img loading=\"lazy\" decoding=\"async\" class=\"wp-image-80317 alignleft\" src=\"http:\/\/www.radiopiu.net\/wordpress\/wp-content\/uploads\/2019\/03\/ex-scuole-elementari-di-farra-di-feltre.jpg\" alt=\"\" width=\"190\" height=\"127\" srcset=\"https:\/\/www.radiopiu.net\/wordpress\/wp-content\/uploads\/2019\/03\/ex-scuole-elementari-di-farra-di-feltre.jpg 1890w, https:\/\/www.radiopiu.net\/wordpress\/wp-content\/uploads\/2019\/03\/ex-scuole-elementari-di-farra-di-feltre-300x200.jpg 300w, https:\/\/www.radiopiu.net\/wordpress\/wp-content\/uploads\/2019\/03\/ex-scuole-elementari-di-farra-di-feltre-768x512.jpg 768w, https:\/\/www.radiopiu.net\/wordpress\/wp-content\/uploads\/2019\/03\/ex-scuole-elementari-di-farra-di-feltre-1024x683.jpg 1024w\" sizes=\"auto, (max-width: 190px) 100vw, 190px\" \/><\/a>FELTRE<\/strong> Sono passati ormai cinque mesi dalla tempesta Vaia che si \u00e8 abbattuta sul territorio feltrino provocando danni alla parte verde della citt\u00e0 e a molte strutture. Nell\u2019elenco appaiono anche le ex scuole elementari di Farra di Feltre, sede della penne nere di Farra. L\u2019edificio che sorge in via Dolci \u00e8 a tutt\u2019oggi inagibile obbligando il Gruppo di alpini a rimanere senza una \u201ccasa\u201d.<\/p>\n<blockquote><p><em>\u00abAbbiamo avuto \u2013 spiega il capogruppo, Fabio Canal \u2013 molte rassicurazioni da parte dell\u2019Amministrazione sulla possibilit\u00e0 di ottenere una nuova sede, ma siamo ancora senza un tetto\u00bb. Dall\u2019Amministrazione era stata ventilata la possibilit\u00e0 di rendere nuovamente agibile la struttura di via Dolci, anche in questo caso per\u00f2 l\u2019attesa si sta protraendo: l\u2019unico intervento \u00e8 stato eseguito sul tetto per evitare la caduta di acqua all\u2019interno dello stabile, ma rimane l\u2019inagibilit\u00e0. <\/em><em>\u00abA nome del Gruppo Alpini Farra \u2013 prosegue Canal \u2013 \u00e8 stata protocollata negli uffici comunali una richiesta per avere a disposizione una parte della Caserma Zannettelli o una porzione della scuola Luzzo, agibile per le associazioni, non abbiamo ancora ottenuto risposta\u00bb. <\/em><em>Il capogruppo conclude: \u00abIl Gruppo Alpini Farra di Feltre, nel pieno rispetto dell\u2019Amministrazione, attende una risposta per poter ridare un po\u2019 di tranquillit\u00e0 ai propri tesserati e a quanti hanno potuto e potranno godere del nostro impegno per il territorio\u00bb.<\/em><\/p><\/blockquote>\n<p>&nbsp;<\/p>\n<p>&nbsp;<\/p>\n<h2>IN VISITA ALLA MOSTRA DI GIOTTO E ALLA CAPPELLA DEGLI SCROVEGNI<\/h2>\n<p><strong><a class=\"dt-pswp-item\" href=\"http:\/\/www.radiopiu.net\/wordpress\/wp-content\/uploads\/2019\/03\/IC-FELTRE-Foen-Giotto-1.jpg\" data-dt-img-description=\"\" data-large_image_width=\"3000\" data-large_image_height=\"4000\"><img loading=\"lazy\" decoding=\"async\" class=\"wp-image-80323 alignleft\" src=\"http:\/\/www.radiopiu.net\/wordpress\/wp-content\/uploads\/2019\/03\/IC-FELTRE-Foen-Giotto-1.jpg\" alt=\"\" width=\"218\" height=\"291\" srcset=\"https:\/\/www.radiopiu.net\/wordpress\/wp-content\/uploads\/2019\/03\/IC-FELTRE-Foen-Giotto-1.jpg 3000w, https:\/\/www.radiopiu.net\/wordpress\/wp-content\/uploads\/2019\/03\/IC-FELTRE-Foen-Giotto-1-225x300.jpg 225w, https:\/\/www.radiopiu.net\/wordpress\/wp-content\/uploads\/2019\/03\/IC-FELTRE-Foen-Giotto-1-768x1024.jpg 768w\" sizes=\"auto, (max-width: 218px) 100vw, 218px\" \/><\/a>FELTRE<\/strong> Alla scoperta di Giotto e del suo capolavoro: il ciclo di affreschi della Cappella degli Scrovegni. Gli alunni delle classi quarte e quinte della scuola Primaria di Foen, dell&#8217;Istituto Comprensivo di Feltre, nei giorni scorsi hanno effettuato la visita guidata alla mostra dal titolo \u201cGiotto. La Cappella degli Scrovegni\u201d, presso l\u2019Istituto Canossiano. Gli alunni erano stati precedentemente preparati in classe sull\u2019arte innovativa del maestro che realizz\u00f2 l&#8217;opera tra il 1303 e il 1305 a Padova, su incarico di Enrico degli Scrovegni, nella cappella intitolata a Santa Maria della Carit\u00e0. Nel presentare lo stile dell\u2019artista, sono stati analizzati alcuni affreschi, aiutati in questo dall&#8217;utilizzo di sussidi multimediali come LIM e pc. Poi sono stati invitati i ragazzi a scoprire particolari meno evidenti delle figure e a darne una propria interpretazione. Dal punto di vista linguistico, oltre ad una presentazione di Giotto nel suo ambiente geografico e temporale, sono state prese in analisi alcune leggende riferite al personaggio che hanno molto incuriosito gli allievi.<\/p>\n<p>&nbsp;<\/p>\n<p>&nbsp;<\/p>\n<p>&nbsp;<\/p>\n<h2><a class=\"dt-pswp-item\" href=\"http:\/\/www.radiopiu.net\/wordpress\/wp-content\/uploads\/2018\/09\/appuntamenti.jpeg\" data-dt-img-description=\"\" data-large_image_width=\"800\" data-large_image_height=\"100\"><img loading=\"lazy\" decoding=\"async\" class=\"alignnone wp-image-61958 size-full\" src=\"http:\/\/www.radiopiu.net\/wordpress\/wp-content\/uploads\/2018\/09\/appuntamenti.jpeg\" alt=\"\" width=\"800\" height=\"100\" srcset=\"https:\/\/www.radiopiu.net\/wordpress\/wp-content\/uploads\/2018\/09\/appuntamenti.jpeg 800w, https:\/\/www.radiopiu.net\/wordpress\/wp-content\/uploads\/2018\/09\/appuntamenti-300x38.jpeg 300w, https:\/\/www.radiopiu.net\/wordpress\/wp-content\/uploads\/2018\/09\/appuntamenti-768x96.jpeg 768w\" sizes=\"auto, (max-width: 800px) 100vw, 800px\" \/><\/a><\/h2>\n<p>&nbsp;<\/p>\n<p><a class=\"dt-pswp-item\" href=\"http:\/\/www.radiopiu.net\/wordpress\/wp-content\/uploads\/2019\/03\/WhatsApp-Image-2019-03-21-at-16.47.02.jpeg\" data-dt-img-description=\"\" data-large_image_width=\"722\" data-large_image_height=\"1024\"><img loading=\"lazy\" decoding=\"async\" class=\"wp-image-79894 aligncenter\" src=\"http:\/\/www.radiopiu.net\/wordpress\/wp-content\/uploads\/2019\/03\/WhatsApp-Image-2019-03-21-at-16.47.02-722x1024.jpeg\" alt=\"\" width=\"442\" height=\"627\" srcset=\"https:\/\/www.radiopiu.net\/wordpress\/wp-content\/uploads\/2019\/03\/WhatsApp-Image-2019-03-21-at-16.47.02.jpeg 722w, https:\/\/www.radiopiu.net\/wordpress\/wp-content\/uploads\/2019\/03\/WhatsApp-Image-2019-03-21-at-16.47.02-212x300.jpeg 212w\" sizes=\"auto, (max-width: 442px) 100vw, 442px\" \/><\/a><\/p>\n<h3><\/h3>\n<p>&nbsp;<\/p>\n<p>&nbsp;<\/p>\n<p><strong>FELTRE<\/strong> Nell\u2019ambito del ciclo dei Mercoled\u00ec della salute, mercoled\u00ec 27 marzo alle 18.00 nella sala convegni dell\u2019ospedale di Feltre, il direttore del dipartimento Ospedale Territorio e della Riabilitazione Massimo Ballotta e il presidente dell\u2019associazione Assi Oscar De Pellegrin presenteranno le esperienze vissute \u201coltre i limiti\u201d della disabilit\u00e0.<\/p>\n<p>&nbsp;<\/p>\n<p>&nbsp;<\/p>\n<p>&nbsp;<\/p>\n<p><strong>BELLUNO<\/strong> Giovedi 28 marzo\u00a0 \u00a0alle 18,30\u00a0 al\u00a0 ristorante\u00a0 &#8220;Taverna&#8221; di\u00a0 via Cipro nell&#8217;ambito della Conversazioni in Taverna, si terr\u00e0 l&#8217;incontro &#8221;\u00a0 LA POLITICA ESTERA DEL VATICANO&#8221;. interviene: -Alessandro GROSSATO &#8211; geopolitico, orientalista e storico delle religioni- conduce: -Francesco BOCO &#8211; saggista.<\/p>\n<p>&nbsp;<\/p>\n<p><strong>PONTE NELLE ALPI<\/strong> Venerdi 29 marzo al ristorante Da Benito, La Cooperativa CoSoMi\u00a0 promuove un incontro \u201cletterario poetico\u201d per una solidariet\u00e0 anche culturale a tutte quelle comunit\u00e0 delle Terre Alte Bellunesi, colpite dal disastroso maltempo di fine ottobre 2018. Nel libro: \u201cLa casa in mezzo al prato\u201d che sar\u00e0 presentato dall\u2019autrice, Maria Luisa Daniele Toffanin.<\/p>\n<p>&nbsp;<\/p>\n<p><strong>BELLUNO<\/strong> L&#8217;associazione culturale Centro UPM organizza per venerdi alle 20.45 presso la sala\u00a0 &#8220;un noce&#8221;,\u00a0 in Via Borozzi, l&#8217;incontro pubblico &#8220;Non conosciamo mai il valore dell&#8217;acqua finch\u00e8 il pozzo non \u00e8 asciutto&#8221; <span style=\"font-size: medium;\">T. Fuller<\/span>, storie dal Sud e dal Nord del Mondo con Federica De Carli di Insieme si Puo&#8217;.<\/p>\n<p>&nbsp;<\/p>\n<p><strong>FELTRE<\/strong> Sabato 30 Marzo alle 14,30 presso la sala convegni della Birreria Pedavena, l ASSEMBLEA GENERALE delle iscritte e degli iscritti al Circolo Auser \u201cal Castello\u201d di Feltre, con il seguente ordine del giorno: \u00a0presentazione rapporto attivit\u00e0 2018; \u00a0presentazione e approvazione bilancio consuntivo 2018; \u00a0riconoscimenti ad alcuni volontari attivi;\u00a0prime proposte per iniziative sui trent\u2019anni di Auser Feltre.<\/p>\n<p>&nbsp;<\/p>\n<p><strong>SEDICO<\/strong> Per raccogliere fondi per il ripristino della passerella del Peron,\u00a0 il gruppo Sospirolo Futura organizza una serata, \u201cPasserella senza barriere\u201d, il 30 marzo alle 20.45 al centro civico di Sospirolo. Tema della serata saranno le disabilit\u00e0 fisiche, e fra gli ospiti ci sar\u00e0 anche il campione paralimpico di tiro con l\u2019arco Oscar De Pellegrin. La serata sar\u00e0 condotta da Tiziana Bolognani e sar\u00e0 allietata dalle canzoni del coro Voci dai cortivi.<\/p>\n<p>&nbsp;<\/p>\n<p>&nbsp;<\/p>\n<p>&nbsp;<\/p>\n<p>&nbsp;<\/p>\n<p><a class=\"dt-pswp-item\" href=\"http:\/\/www.radiopiu.net\/wordpress\/wp-content\/uploads\/2018\/09\/viabilita.jpeg\" data-dt-img-description=\"\" data-large_image_width=\"800\" data-large_image_height=\"100\"><img loading=\"lazy\" decoding=\"async\" class=\"alignnone size-full wp-image-61954\" src=\"http:\/\/www.radiopiu.net\/wordpress\/wp-content\/uploads\/2018\/09\/viabilita.jpeg\" alt=\"\" width=\"800\" height=\"100\" srcset=\"https:\/\/www.radiopiu.net\/wordpress\/wp-content\/uploads\/2018\/09\/viabilita.jpeg 800w, https:\/\/www.radiopiu.net\/wordpress\/wp-content\/uploads\/2018\/09\/viabilita-300x38.jpeg 300w, https:\/\/www.radiopiu.net\/wordpress\/wp-content\/uploads\/2018\/09\/viabilita-768x96.jpeg 768w\" sizes=\"auto, (max-width: 800px) 100vw, 800px\" \/><\/a><\/p>\n<p>&nbsp;<\/p>\n<p><strong>PASSO DURAN\u00a0<\/strong> Dal 1 al 19 aprile lungo la provinciale 347 del Duran e Cereda tra CIbiana e Venas divieto di transito ai mezzi di massa superiore a 3,5 tonellate. Inoltre INTERDIZIONE TOTALE DELLA TRANSITABILITA&#8217; STRADALE NEI GIORNI LAVORATIVI (ESCLUSO SABATO E DOMENICA): DALLE 7.45 alle 9.45, dalel 10.15 alle 12.15, dalle 14 alle 15.30, dalle 16 alle 17.30<\/p>\n<p>&nbsp;<\/p>\n<p><strong>CAPRILE DI ALLEGHE<\/strong> Fino al 5 aprile con esclusione dei giorni festivi e prefestivi, senso unco alternato lungo la regionale 203 agordina a monte dell&#8217;abitato di Caprile. Possibili interdizioni totale al transito fino a 15 minuti.<\/p>\n<p><strong>SAN TOMASO<\/strong> Lungo la regionale 203 agordina in Comune di San Tomaso da lunedi al 29 marzo senso unico alternato regolato da semaforo.<\/p>\n<p><strong>CENCENIGHE <\/strong>Fino al 29 marzo dalle 8 alle 17 senso unico alternato in Comune di Cencenighe lungo la regionale 203 agordina per la messa in sicurezza del tratto stradale.<\/p>\n<p><strong>VOLTAGO<\/strong> Fino al 5 aprile\u00a0 tutti i giorni sabati e domeniche compresi, senso unico alternato regolato da semaforo lungo la provinciale 347 in Comune di Voltago per lavori di somma urgenza e messa in sicurezza del piano viabile.<\/p>\n<p>&nbsp;<\/p>\n<p>&nbsp;<\/p>\n<p>&nbsp;<\/p>\n<p>&nbsp;<\/p>\n<p><a class=\"dt-pswp-item\" href=\"http:\/\/www.radiopiu.net\/wordpress\/wp-content\/uploads\/2018\/09\/sport.jpg\" data-dt-img-description=\"\" data-large_image_width=\"800\" data-large_image_height=\"100\"><img loading=\"lazy\" decoding=\"async\" class=\"alignnone wp-image-60761 size-full\" src=\"http:\/\/www.radiopiu.net\/wordpress\/wp-content\/uploads\/2018\/09\/sport.jpg\" alt=\"\" width=\"800\" height=\"100\" srcset=\"https:\/\/www.radiopiu.net\/wordpress\/wp-content\/uploads\/2018\/09\/sport.jpg 800w, https:\/\/www.radiopiu.net\/wordpress\/wp-content\/uploads\/2018\/09\/sport-300x38.jpg 300w, https:\/\/www.radiopiu.net\/wordpress\/wp-content\/uploads\/2018\/09\/sport-768x96.jpg 768w\" sizes=\"auto, (max-width: 800px) 100vw, 800px\" \/><\/a><\/p>\n<p>&nbsp;<\/p>\n<h2>53 CAMPIONATI NAZIONALI ALPINI AD ALLEGHE<\/h2>\n\n\t\t\t<style type='text\/css'>\n\t\t\t\t#gallery-2 {\n\t\t\t\t\tmargin: auto;\n\t\t\t\t}\n\t\t\t\t#gallery-2 .gallery-item {\n\t\t\t\t\tfloat: left;\n\t\t\t\t\tmargin-top: 10px;\n\t\t\t\t\ttext-align: center;\n\t\t\t\t\twidth: 33%;\n\t\t\t\t}\n\t\t\t\t#gallery-2 img {\n\t\t\t\t\tborder: 2px solid #cfcfcf;\n\t\t\t\t}\n\t\t\t\t#gallery-2 .gallery-caption {\n\t\t\t\t\tmargin-left: 0;\n\t\t\t\t}\n\t\t\t\t\/* see gallery_shortcode() in wp-includes\/media.php *\/\n\t\t\t<\/style>\n\t\t<div id='gallery-2' class='dt-gallery-container gallery galleryid-80314 gallery-columns-3 gallery-size-thumbnail'><dl class='gallery-item'>\n\t\t\t\t<dt class='gallery-icon portrait'>\n\t\t\t\t\t<a class=\"rollover\" href='https:\/\/www.radiopiu.net\/wordpress\/giornale-radiopiu-26-marzo-2019-direttore-mirko-mezzacasa\/55529959_1087033364832034_5891548043131486208_n\/'><img loading=\"lazy\" decoding=\"async\" width=\"150\" height=\"150\" src=\"https:\/\/www.radiopiu.net\/wordpress\/wp-content\/uploads\/2019\/03\/55529959_1087033364832034_5891548043131486208_n-150x150.jpg\" class=\"attachment-thumbnail size-thumbnail\" alt=\"\" \/><\/a>\n\t\t\t\t<\/dt><\/dl><dl class='gallery-item'>\n\t\t\t\t<dt class='gallery-icon portrait'>\n\t\t\t\t\t<a class=\"rollover\" href='https:\/\/www.radiopiu.net\/wordpress\/giornale-radiopiu-26-marzo-2019-direttore-mirko-mezzacasa\/55832980_318752908999924_5264335672335925248_n\/'><img loading=\"lazy\" decoding=\"async\" width=\"150\" height=\"150\" src=\"https:\/\/www.radiopiu.net\/wordpress\/wp-content\/uploads\/2019\/03\/55832980_318752908999924_5264335672335925248_n-150x150.jpg\" class=\"attachment-thumbnail size-thumbnail\" alt=\"\" \/><\/a>\n\t\t\t\t<\/dt><\/dl><dl class='gallery-item'>\n\t\t\t\t<dt class='gallery-icon landscape'>\n\t\t\t\t\t<a class=\"rollover\" href='https:\/\/www.radiopiu.net\/wordpress\/giornale-radiopiu-26-marzo-2019-direttore-mirko-mezzacasa\/55646624_394311944732831_8183666338321924096_n\/'><img loading=\"lazy\" decoding=\"async\" width=\"150\" height=\"150\" src=\"https:\/\/www.radiopiu.net\/wordpress\/wp-content\/uploads\/2019\/03\/55646624_394311944732831_8183666338321924096_n-150x150.jpg\" class=\"attachment-thumbnail size-thumbnail\" alt=\"\" \/><\/a>\n\t\t\t\t<\/dt><\/dl><br style=\"clear: both\" \/><dl class='gallery-item'>\n\t\t\t\t<dt class='gallery-icon portrait'>\n\t\t\t\t\t<a class=\"rollover\" href='https:\/\/www.radiopiu.net\/wordpress\/giornale-radiopiu-26-marzo-2019-direttore-mirko-mezzacasa\/55704604_2633043833436703_705261611715133440_n\/'><img loading=\"lazy\" decoding=\"async\" width=\"150\" height=\"150\" src=\"https:\/\/www.radiopiu.net\/wordpress\/wp-content\/uploads\/2019\/03\/55704604_2633043833436703_705261611715133440_n-150x150.jpg\" class=\"attachment-thumbnail size-thumbnail\" alt=\"\" \/><\/a>\n\t\t\t\t<\/dt><\/dl><dl class='gallery-item'>\n\t\t\t\t<dt class='gallery-icon landscape'>\n\t\t\t\t\t<a class=\"rollover\" href='https:\/\/www.radiopiu.net\/wordpress\/giornale-radiopiu-26-marzo-2019-direttore-mirko-mezzacasa\/55614045_265355617737490_9046510338782003200_n\/'><img loading=\"lazy\" decoding=\"async\" width=\"150\" height=\"150\" src=\"https:\/\/www.radiopiu.net\/wordpress\/wp-content\/uploads\/2019\/03\/55614045_265355617737490_9046510338782003200_n-150x150.jpg\" class=\"attachment-thumbnail size-thumbnail\" alt=\"\" \/><\/a>\n\t\t\t\t<\/dt><\/dl>\n\t\t\t\t<br style='clear: both' \/>\n\t\t\t<\/div>\n\n<h3>Con i complimenti alla sezione di Belluno per il meraviglioso secondo posto nella classifica per sezioni, dietro a Trento e davanti a quella di Bergamo.<\/h3>\n<p>Vittorie: Cristian Monti (Cadore, A5); Roberto Siorpaes (Cadore, A6); Thomas Parissenti Belluno, aggregati B1); Alessandro Vanz (Belluno, aggregati B2); Alberto Bettini (Belluno, aggregati B4). Secondi posti: Livio Dell&#8217;Osbel (Belluno, B7); Herman Beninc\u00e0 (Feltre, aggregati B1). Terzi posti: Marco Martini (Belluno, A2); Claudio Da Ros (Belluno, A5); Nadir De Rocco (Belluno, B9); Fausto Facchin (Feltre, B10); Silvio Valt (Belluno, B11); Loris De Col (Belluno, aggregati B3); Giorgio Roccon (Belluno, aggregati B4). Per quanto riguarda i militari in servizio, successo per Stefano Botticelli su Nicol\u00f2 Gallio e Marco Arancio. La classifica assoluta: 1. Gian Muro Piantoni (Bergamo) 48.44; 2. Roberto Siorpaes (Cadore) 48.92; 3. Maurizio Nolli (Sal\u00f2) 49.29; 4. Moreno Rizzi (Trento) 49.00; 5. Cristian Monti (Cadore) 49.92; 6. Marco De Toma (Bergamo) 49.94; 7. Luca Zanon (Trento) 50.49; 8. Paolo Felicetti (Trento) 50.50; 9. Claudio Da Ros (Belluno) 51.33; 10. Matteo Giacomuzzi (Trento) 51.60; 12. Marco Martini (Belluno) 51.79; 14. Luca Carazzai (Feltre) 53.08; 29. Mirko Del Zenero (Belluno) 55.90; 31. Emanuele Fullin (Belluno) 56.67; 41. Romano Barp (Belluno) 58.40; 42. Marco De Mario (Belluno) 58.80; 47. Mario Fabrinetti (Belluno) 59.91.<\/p>\n<p>&nbsp;<\/p>\n<p>&nbsp;<\/p>\n<p>&nbsp;<\/p>\n<h2>FINE STAGIONE&#8230; DA GRUPPO SPORTIVO TAIBON<\/h2>\n<p><strong>DI GIANNI SANTOMASO<\/strong><\/p>\n<audio class=\"wp-audio-shortcode\" id=\"audio-80314-8\" preload=\"none\" style=\"width: 100%;\" controls=\"controls\"><source type=\"audio\/mpeg\" src=\"http:\/\/www.radiopiu.net\/wordpress\/wp-content\/uploads\/2019\/03\/TAIBON-GIANNI.mp3?_=8\" \/><a href=\"http:\/\/www.radiopiu.net\/wordpress\/wp-content\/uploads\/2019\/03\/TAIBON-GIANNI.mp3\">http:\/\/www.radiopiu.net\/wordpress\/wp-content\/uploads\/2019\/03\/TAIBON-GIANNI.mp3<\/a><\/audio>\n<h3>-I-campioni-2019-Gara-sociale-GS-Taibon.jpg<\/h3>\n<p><a class=\"dt-pswp-item\" href=\"http:\/\/www.radiopiu.net\/wordpress\/wp-content\/uploads\/2019\/03\/FORCELLA-AURINE-I-campioni-2019-Gara-sociale-GS-Taibon.jpg\" data-dt-img-description=\"sdr\" data-large_image_width=\"984\" data-large_image_height=\"1313\"><img loading=\"lazy\" decoding=\"async\" class=\"size-full wp-image-80335\" src=\"http:\/\/www.radiopiu.net\/wordpress\/wp-content\/uploads\/2019\/03\/FORCELLA-AURINE-I-campioni-2019-Gara-sociale-GS-Taibon.jpg\" alt=\"\" width=\"984\" height=\"1313\" srcset=\"https:\/\/www.radiopiu.net\/wordpress\/wp-content\/uploads\/2019\/03\/FORCELLA-AURINE-I-campioni-2019-Gara-sociale-GS-Taibon.jpg 984w, https:\/\/www.radiopiu.net\/wordpress\/wp-content\/uploads\/2019\/03\/FORCELLA-AURINE-I-campioni-2019-Gara-sociale-GS-Taibon-225x300.jpg 225w, https:\/\/www.radiopiu.net\/wordpress\/wp-content\/uploads\/2019\/03\/FORCELLA-AURINE-I-campioni-2019-Gara-sociale-GS-Taibon-768x1025.jpg 768w, https:\/\/www.radiopiu.net\/wordpress\/wp-content\/uploads\/2019\/03\/FORCELLA-AURINE-I-campioni-2019-Gara-sociale-GS-Taibon-767x1024.jpg 767w\" sizes=\"auto, (max-width: 984px) 100vw, 984px\" \/><\/a><\/p>\n<h3>Partecipanti-al-corso-sci-del-GS-Taibon<\/h3>\n<p><a class=\"dt-pswp-item\" href=\"http:\/\/www.radiopiu.net\/wordpress\/wp-content\/uploads\/2019\/03\/ALLEGHE-Partecipanti-al-corso-sci-del-GS-Taibon.jpg\" data-dt-img-description=\"\" data-large_image_width=\"984\" data-large_image_height=\"1312\"><img loading=\"lazy\" decoding=\"async\" class=\"alignnone size-full wp-image-80334\" src=\"http:\/\/www.radiopiu.net\/wordpress\/wp-content\/uploads\/2019\/03\/ALLEGHE-Partecipanti-al-corso-sci-del-GS-Taibon.jpg\" alt=\"\" width=\"984\" height=\"1312\" srcset=\"https:\/\/www.radiopiu.net\/wordpress\/wp-content\/uploads\/2019\/03\/ALLEGHE-Partecipanti-al-corso-sci-del-GS-Taibon.jpg 984w, https:\/\/www.radiopiu.net\/wordpress\/wp-content\/uploads\/2019\/03\/ALLEGHE-Partecipanti-al-corso-sci-del-GS-Taibon-225x300.jpg 225w, https:\/\/www.radiopiu.net\/wordpress\/wp-content\/uploads\/2019\/03\/ALLEGHE-Partecipanti-al-corso-sci-del-GS-Taibon-768x1024.jpg 768w\" sizes=\"auto, (max-width: 984px) 100vw, 984px\" \/><\/a><\/p>\n<p>&nbsp;<\/p>\n<h2><\/h2>\n<p>&nbsp;<\/p>\n<h3><a class=\"dt-pswp-item\" href=\"http:\/\/www.radiopiu.net\/wordpress\/wp-content\/uploads\/2019\/03\/55905164_10218564992020065_8361820465068507136_n.jpg\" data-dt-img-description=\"\" data-large_image_width=\"960\" data-large_image_height=\"720\"><img loading=\"lazy\" decoding=\"async\" class=\"wp-image-80238 alignleft\" src=\"http:\/\/www.radiopiu.net\/wordpress\/wp-content\/uploads\/2019\/03\/55905164_10218564992020065_8361820465068507136_n.jpg\" alt=\"\" width=\"223\" height=\"167\" srcset=\"https:\/\/www.radiopiu.net\/wordpress\/wp-content\/uploads\/2019\/03\/55905164_10218564992020065_8361820465068507136_n.jpg 960w, https:\/\/www.radiopiu.net\/wordpress\/wp-content\/uploads\/2019\/03\/55905164_10218564992020065_8361820465068507136_n-300x225.jpg 300w, https:\/\/www.radiopiu.net\/wordpress\/wp-content\/uploads\/2019\/03\/55905164_10218564992020065_8361820465068507136_n-768x576.jpg 768w\" sizes=\"auto, (max-width: 223px) 100vw, 223px\" \/><\/a>LE CONGRATULAZIONI DEL PRESIDENTE ZAIA ALLE ALLEGHE HOCKEY GIRLS: \u201dCAMPIONESSE NELLO SPORT E NELLA SOLIDARIETA\u2019\u201d<\/h3>\n<p><strong>VENEZIA\u00a0<\/strong> \u201cDue volte campionesse le Alleghe Hockey Girls che ieri si sono cucite sulla maglia lo scudetto: nello sport e nella solidariet\u00e0 verso la loro terra colpita dalla tempesta Vaia\u201d. Cos\u00ec il presidente Luca Zaia saluta il ritorno nell\u2019Agordino del titolo femminile di campione d\u2019Italia di Hockey su ghiaccio. \u201cA nome di tutti i Veneti \u2013 prosegue il Governatore &#8211; mi complimento con le ragazze appena proclamate campionesse non solo per l\u2019ottimo risultato ma anche per la generosit\u00e0 e la sensibilit\u00e0 che hanno dimostrato, devolvendo parte dei proventi della vendita del loro calendario alla ripresa dopo i gravi danni in seguito al maltempo di fine ottobre. Maltempo che, accanendosi sulle strutture, le ha costrette ad allenamenti in situazioni precarie e occasionali ma non ha loro impedito il trionfo\u201d.<\/p>\n<p>&nbsp;<\/p>\n<h3><a class=\"dt-pswp-item\" href=\"http:\/\/www.radiopiu.net\/wordpress\/wp-content\/uploads\/2018\/09\/WhatsApp-Image-2018-09-20-at-16.04.06.jpeg\" data-dt-img-description=\"\" data-large_image_width=\"800\" data-large_image_height=\"100\"><img loading=\"lazy\" decoding=\"async\" class=\"alignnone wp-image-61378 size-full\" src=\"http:\/\/www.radiopiu.net\/wordpress\/wp-content\/uploads\/2018\/09\/WhatsApp-Image-2018-09-20-at-16.04.06.jpeg\" alt=\"\" width=\"800\" height=\"100\" srcset=\"https:\/\/www.radiopiu.net\/wordpress\/wp-content\/uploads\/2018\/09\/WhatsApp-Image-2018-09-20-at-16.04.06.jpeg 800w, https:\/\/www.radiopiu.net\/wordpress\/wp-content\/uploads\/2018\/09\/WhatsApp-Image-2018-09-20-at-16.04.06-300x38.jpeg 300w, https:\/\/www.radiopiu.net\/wordpress\/wp-content\/uploads\/2018\/09\/WhatsApp-Image-2018-09-20-at-16.04.06-768x96.jpeg 768w\" sizes=\"auto, (max-width: 800px) 100vw, 800px\" \/><\/a><\/h3>\n<h3>ULTIMI GIORNI PER LE ISCRIZIONI AGEVOLATE ALLA TRANSCIVETTA KARPOS<\/h3>\n<p><strong><a class=\"dt-pswp-item\" href=\"http:\/\/www.radiopiu.net\/wordpress\/wp-content\/uploads\/2019\/03\/Trofeo-Admo.jpg\" data-dt-img-description=\"\" data-large_image_width=\"576\" data-large_image_height=\"768\"><img loading=\"lazy\" decoding=\"async\" class=\"wp-image-80327 alignleft\" src=\"http:\/\/www.radiopiu.net\/wordpress\/wp-content\/uploads\/2019\/03\/Trofeo-Admo.jpg\" alt=\"\" width=\"203\" height=\"271\" srcset=\"https:\/\/www.radiopiu.net\/wordpress\/wp-content\/uploads\/2019\/03\/Trofeo-Admo.jpg 576w, https:\/\/www.radiopiu.net\/wordpress\/wp-content\/uploads\/2019\/03\/Trofeo-Admo-225x300.jpg 225w\" sizes=\"auto, (max-width: 203px) 100vw, 203px\" \/><\/a>ALLEGHE<\/strong> Rimangono ancora pochi giorni per approfittare dell&#8217;iscrizione agevolata alla Transcivetta Karpos, classicissima a coppie della corsa in montagna, giunta alla 39.ma edizione, che si svolger\u00e0 domenica 21 luglio sul tracciato di 23 chilometri tra Listolade e i Piani di Pezz\u00e8, nel cuore delle Dolomiti bellunesi. Per chi si iscriver\u00e0 entro il 31 marzo, il costo di adesione \u00e8 fissato in 70 euro a coppia, quota rimasta invariata rispetto alle ultime edizioni. Per le coppie che si iscriveranno dall\u2019 1 aprile scatter\u00e0 una maggiorazione: 80 euro. Le iscrizioni, che si possono perfezionare andando sul sito ufficiale dell&#8217;evento, www.transcivetta.it. Anche quest&#8217;anno, come gi\u00e0 lo scorso, la Transcivetta proporr\u00e0 una combinata con un&#8217;altra manifestazione che si svolge sulle Dolomiti agordine. Si tratta della \u201c4 pas in doi\u201d, gara a coppie organizzata da \u201cAd Agordo \u00e8 Pro Loco\u201d e in programma domenica 2 giugno. Le coppie che parteciperanno ad entrambe le manifestazioni concorreranno a una classifica combinata che terr\u00e0 conto della somma dei tempi. In palio c&#8217;\u00e8 il Trofeo Admo. Entrambe le manifestazioni hanno infatti accolto con entusiasmo la collaborazione con l&#8217;Associazione donatori di midollo osseo, realt\u00e0 nata nel 1990 con lo scopo principale di informare la popolazione italiana sulla possibilit\u00e0 di combattere, attraverso la donazione e il trapianto di midollo osseo, le leucemie, i linfomi, il mieloma e altre neoplasie del sangue.\u00a0 Il trofeo Admo \u00e8 una scultura in bassorilievo rappresentante le sagome di due corridori che percorrono la linea rossa lungo il sentiero della vita, dal monte Framont alla Torre Venezia del monte Civetta. Le caratteristiche simboliche di quest\u2019opera realizzata in legno di acero, granito rosso, pirografia e pigmenti, racchiudono nella forma circolare dell\u2019universo gli elementi che contraddistinguono la natura della gara, dove i partecipanti non hanno un nome ma un grande cuore.\u201d L\u2019opera \u00e8 stata realizzato dall\u2019artista Gi\u00f2 Dal Piva, scultore, pittore ed incisore che vive e lavora a Villa di Villa (Belluno). Per tutte le informazioni sulla 4 pas in doi: www.4pasindoi.it Per tutte le informazioni sulla Transcivetta: www.transcivetta.it<\/p>\n<p>&nbsp;<\/p>\n<p>&nbsp;<\/p>\n<p>&nbsp;<\/p>\n<p><center><b>Martedi 26<\/b><\/center><b>Tempo atteso: <\/b>Tempo ben soleggiato con cielo sereno o poco nuvoloso per qualche residua nube lenticolare di sottovento mattutina sulle Prealpi, con aria tersa ed ottima visibilit\u00e0. Atmosfera assai fredda, anche arieggiata in quota. Il calo termico sar\u00e0 sensibile in quota, mentre gli episodi di Foehn e il soleggiamento mitigheranno il clima diurno in molte valli.<br \/>\n<b>Precipitazioni: <\/b>Assenti (0%).<br \/>\n<b>Temperature: <\/b>In generale calo, pi\u00f9 marcato in quota, mentre nelle valli le minime potrebbero subire qualche aumento per Foehn, nel qual caso saranno registrate alla sera. Il calo delle massime sar\u00e0 assai sensibile in quota e pi\u00f9 contenuto nelle valli, dove le punte raggiungeranno i 12\/13\u00b0C nelle conche prealpine e i 6\/7\u00b0C a 1000\/1200 m. Su Prealpi a 1500 m min -3\u00b0C max 3\u00b0C, a 2000 m min -7\u00b0C max -1\u00b0C. Su Dolomiti a 2000 m min -8\u00b0C max -2\u00b0C, a 3000 m min -16\u00b0C max -9\u00b0C.<br \/>\n<b>Venti: <\/b>Nelle valli perlopi\u00f9 moderati, con rinforzi di Foehn, in attenuazione al pomeriggio; in quota e sulle dorsali prealpine tesi\/forti da Nord durante la notte e le prime ore del giorno, poi in attenuazione fino a moderati\/tesi da Nord Nord-Est, a 15-45 km\/h a 2000 m, 35-80 km\/h a 3000 m.<\/p>\n<hr \/>\n<p><center><b>Mercoledi 27<\/b><\/center><b>Tempo atteso: <\/b>Tempo solo in parte soleggiato per nubi medio-alte, a tratti estese al mattino, specie sui settori dolomitici. Al pomeriggio il tempo torner\u00e0 ad essere in prevalenza soleggiato con cielo perlopi\u00f9 sereno. Atmosfera ancora fresca.<br \/>\n<b>Precipitazioni: <\/b>Assenti (0%), anche se sulle Dolomiti non si potr\u00e0 escludere del tutto qualche isolata burrasca sulle vette (10\/20%), eventualmente senza accumuli.<br \/>\n<b>Temperature: <\/b>Nelle valli minime in calo, specie nei settori precedentemente interessati da Foehn, massime stazionarie; in quota in lieve aumento. Su Prealpi a 1500 m min -2\u00b0C max 4\u00b0C, a 2000 m min -4\u00b0C max 0\u00b0C. Su Dolomiti a 2000 m min -6\u00b0C max 0\u00b0C, a 3000 m min -10\u00b0C max -8\u00b0C.<br \/>\n<b>Venti: <\/b>Nelle valli perlopi\u00f9 deboli o moderati a regime di brezza, anche se con qualche locale rinforzo di Foehn sulle Dolomiti; in quota e sulle dorsali prealpine in attenuazione da moderati\/tesi a deboli\/moderati da Nord-Est, a 5-25 km\/h a 2000 m, 15-40 km\/h a 3000 m.<\/p>\n<hr \/>\n<p><center><b>Giovedi 28<\/b><\/center>Tempo ben soleggiato con cielo sereno, con solo qualche velatura possibile alla sera. Temperature diurne in lieve rialzo, ancora fresche al mattino, anche con gelate fino nei fondovalle. Venti deboli da Nord-Est in quota e brezze nelle valli.<\/p>\n<hr \/>\n<p><center><b>Venerdi 29<\/b><\/center>Tempo abbastanza soleggiato, con qualche modesto addensamento irregolare e qualche nube alta, sempre stabile. Clima mattutino ancora fresco, un po&#8217; pi\u00f9 mite di giorno. Venti deboli nord-orientali in quota. Previsore: G.M.<\/p>\n<p>&nbsp;<\/p>\n","protected":false},"excerpt":{"rendered":"<p>&nbsp; ORE 5 UN VASTO INCENDIO STA INTERESSANDO DA IERI SERA LA SOMMITA&#8217; DI COL VISENTIN, VIGILI DEL FUOCO AL LAVORO VIDEO NEWS VITTORIESI &nbsp; ORE 9 INCENDIO SPENTO SITUAZIONE SOTTO CONTROLLO &nbsp; &nbsp; &nbsp; &nbsp; Il Giro d&#8217;Italia dei dilettanti si concluder\u00e0 nell&#8217;Agordino tra Agordo (arrivo e partenza di tappa) e Malga Ciapela \u00e8&hellip;<\/p>\n","protected":false},"author":1,"featured_media":80354,"comment_status":"closed","ping_status":"closed","sticky":false,"template":"","format":"standard","meta":{"_monsterinsights_skip_tracking":false,"_monsterinsights_sitenote_active":false,"_monsterinsights_sitenote_note":"","_monsterinsights_sitenote_category":0,"footnotes":""},"categories":[86],"tags":[],"class_list":["post-80314","post","type-post","status-publish","format-standard","has-post-thumbnail","hentry","category-gr","category-86","description-off"],"img_url":"https:\/\/www.radiopiu.net\/wordpress\/wp-content\/uploads\/2019\/03\/Vecia_popa.jpg","_links":{"self":[{"href":"https:\/\/www.radiopiu.net\/wordpress\/wp-json\/wp\/v2\/posts\/80314","targetHints":{"allow":["GET"]}}],"collection":[{"href":"https:\/\/www.radiopiu.net\/wordpress\/wp-json\/wp\/v2\/posts"}],"about":[{"href":"https:\/\/www.radiopiu.net\/wordpress\/wp-json\/wp\/v2\/types\/post"}],"author":[{"embeddable":true,"href":"https:\/\/www.radiopiu.net\/wordpress\/wp-json\/wp\/v2\/users\/1"}],"replies":[{"embeddable":true,"href":"https:\/\/www.radiopiu.net\/wordpress\/wp-json\/wp\/v2\/comments?post=80314"}],"version-history":[{"count":0,"href":"https:\/\/www.radiopiu.net\/wordpress\/wp-json\/wp\/v2\/posts\/80314\/revisions"}],"wp:featuredmedia":[{"embeddable":true,"href":"https:\/\/www.radiopiu.net\/wordpress\/wp-json\/wp\/v2\/media\/80354"}],"wp:attachment":[{"href":"https:\/\/www.radiopiu.net\/wordpress\/wp-json\/wp\/v2\/media?parent=80314"}],"wp:term":[{"taxonomy":"category","embeddable":true,"href":"https:\/\/www.radiopiu.net\/wordpress\/wp-json\/wp\/v2\/categories?post=80314"},{"taxonomy":"post_tag","embeddable":true,"href":"https:\/\/www.radiopiu.net\/wordpress\/wp-json\/wp\/v2\/tags?post=80314"}],"curies":[{"name":"wp","href":"https:\/\/api.w.org\/{rel}","templated":true}]}}