{"id":80332,"date":"2021-06-18T10:32:32","date_gmt":"2021-06-18T08:32:32","guid":{"rendered":"http:\/\/www.radiopiu.net\/wordpress\/?p=80332"},"modified":"2021-06-18T11:05:07","modified_gmt":"2021-06-18T09:05:07","slug":"un-nuovo-progetto-per-la-mobilita-estiva-sostenibile-tra-veneto-e-trentino-passo-valles-e-passo-san-pellegrino","status":"publish","type":"post","link":"https:\/\/www.radiopiu.net\/wordpress\/un-nuovo-progetto-per-la-mobilita-estiva-sostenibile-tra-veneto-e-trentino-passo-valles-e-passo-san-pellegrino\/","title":{"rendered":"DOLOMITIBUS NON RISPONDE, INTANTO TRENTINO TRASPORTI CON I FATTI DIMOSTRA COME SI FA"},"content":{"rendered":"<hr \/>\n<hr \/>\n<hr \/>\n<p>&nbsp;<\/p>\n<p><strong><a class=\"dt-pswp-item\" href=\"https:\/\/www.radiopiu.net\/wordpress\/wp-content\/uploads\/2019\/03\/download-18.jpg\" data-dt-img-description=\"\" data-large_image_width=\"200\" data-large_image_height=\"200\"><img loading=\"lazy\" decoding=\"async\" class=\"wp-image-216763 alignleft\" src=\"https:\/\/www.radiopiu.net\/wordpress\/wp-content\/uploads\/2019\/03\/download-18.jpg\" alt=\"\" width=\"96\" height=\"96\" srcset=\"https:\/\/www.radiopiu.net\/wordpress\/wp-content\/uploads\/2019\/03\/download-18.jpg 200w, https:\/\/www.radiopiu.net\/wordpress\/wp-content\/uploads\/2019\/03\/download-18-150x150.jpg 150w\" sizes=\"auto, (max-width: 96px) 100vw, 96px\" \/><\/a>FALCADE<\/strong> Cesare Bon ha avuto l&#8217;idea, ma Dolomitibus non ha mai risposto. Intanto in Trentino l&#8217;hanno messa in pratica.\u00a0 Il Capogruppo di minoranza in consiglio comunale. L&#8217;ultima lettera a Dolomitibus inviata dalla Provincia \u00e8 datata\u00a0 \u00a028 maggio e anche questa volta silenzio completo da via Col da Ren.<\/p>\n<p><em>&#8220;E&#8217; pervenuta la proposta di Cesare Bon relativa al collegamento Falcade-Passo Valles. Si coglie l&#8217;occasione per rimarcare la necessit\u00e0 che gli uffici competenti vengano costantemente informati circa l&#8217;iter di approvazione e finanziamento del progetto&#8230; Si chiede se l&#8217;integrazione degli orari tra servizio Dolomitibus e Trentino Trasporti possa essere applicata fin dal prossimo orario estivo&#8221;.<\/em><\/p>\n<p><span style=\"color: #ff0000;\"><strong>\u00a0ALLA RADIO<\/strong><\/span><\/p>\n<audio class=\"wp-audio-shortcode\" id=\"audio-80332-1\" preload=\"none\" style=\"width: 100%;\" controls=\"controls\"><source type=\"audio\/mpeg\" src=\"https:\/\/www.radiopiu.net\/wordpress\/wp-content\/uploads\/2019\/03\/CESARE-BON.mp3?_=1\" \/><a href=\"https:\/\/www.radiopiu.net\/wordpress\/wp-content\/uploads\/2019\/03\/CESARE-BON.mp3\">https:\/\/www.radiopiu.net\/wordpress\/wp-content\/uploads\/2019\/03\/CESARE-BON.mp3<\/a><\/audio>\n<p>&nbsp;<\/p>\n<p>uto l&#8217;idea, ma Dolomitibus non ha mai risposto. Intanto in Trentino l&#8217;hanno messa in pratica.\u00a0 Il Capogruppo di minoranza in consiglio comunale<\/p>\n<p>&nbsp;<\/p>\n<audio class=\"wp-audio-shortcode\" id=\"audio-80332-2\" preload=\"none\" style=\"width: 100%;\" controls=\"controls\"><source type=\"audio\/mpeg\" src=\"https:\/\/www.radiopiu.net\/wordpress\/wp-content\/uploads\/2019\/03\/CESARE-BON.mp3?_=2\" \/><a href=\"https:\/\/www.radiopiu.net\/wordpress\/wp-content\/uploads\/2019\/03\/CESARE-BON.mp3\">https:\/\/www.radiopiu.net\/wordpress\/wp-content\/uploads\/2019\/03\/CESARE-BON.mp3<\/a><\/audio>\n<p>&nbsp;<\/p>\n<p>&nbsp;<\/p>\n<hr \/>\n<hr \/>\n<hr \/>\n<p><span style=\"color: #ff0000;\"><strong>DAL NOTIZIARIO DI RADIO PIU DEL MARZO 2019<\/strong><\/span><\/p>\n<p><strong>PASSO VALLES<\/strong> Venerdi alle 18 al Rifugio Capanna Passo Valles sar\u00e0 presentata la proposta di nuova mobilit\u00e0 sostenibile pubblica per i passi San Pellegrino e Valles. Iniziativa supportata dal capogruppo di minoranza di Falcade Cesare Bon e dal commissario della sezione della Lega Nord Cesare Rizzi del Gruppo Consigliare Uniti per la Val Biois rilanciAmo Falcade.<strong><a class=\"dt-pswp-item\" href=\"http:\/\/www.radiopiu.net\/wordpress\/wp-content\/uploads\/2019\/03\/mappa-linea-valles-intero-2_page-0001.jpg\" data-dt-img-description=\"\" data-large_image_width=\"1755\" data-large_image_height=\"1240\"><img loading=\"lazy\" decoding=\"async\" class=\"wp-image-80329 alignleft\" src=\"http:\/\/www.radiopiu.net\/wordpress\/wp-content\/uploads\/2019\/03\/mappa-linea-valles-intero-2_page-0001.jpg\" alt=\"\" width=\"268\" height=\"189\" srcset=\"https:\/\/www.radiopiu.net\/wordpress\/wp-content\/uploads\/2019\/03\/mappa-linea-valles-intero-2_page-0001.jpg 1755w, https:\/\/www.radiopiu.net\/wordpress\/wp-content\/uploads\/2019\/03\/mappa-linea-valles-intero-2_page-0001-300x212.jpg 300w, https:\/\/www.radiopiu.net\/wordpress\/wp-content\/uploads\/2019\/03\/mappa-linea-valles-intero-2_page-0001-768x543.jpg 768w, https:\/\/www.radiopiu.net\/wordpress\/wp-content\/uploads\/2019\/03\/mappa-linea-valles-intero-2_page-0001-1024x724.jpg 1024w\" sizes=\"auto, (max-width: 268px) 100vw, 268px\" \/><\/a><\/strong><\/p>\n<p><strong>LE MOTIVAZIONI:<\/strong> Constatato che attualmente i due passi in questione sono serviti solamente in estate come di seguito:<br \/>\nPasso San Pellegrino &#8211; due linee gestite dalla Provincia di Trento e dalla Provincia di Belluno che si sovrappongono tra le due aree. Questi servizi assieme assicurano la possibilit\u00e0 per l\u2019utenza di percorrere il passo San Pellegrino due volte in andata (al mattino ) e due volte in ritorno ( il pomeriggio ). Le due aziende di trasporto si sovrappongono sulla stessa tratta. Passo Valles \u2013 nessun collegamento di linea <strong>LA PROPOSTA\u00a0<\/strong> Passo San Pellegrino &#8211; si propone di rivedere le linee esistenti proponendo l\u2019interscambio al passo con relativa coincidenza degli orari tra i bus delle due aziende interessate.<br \/>\nIn questo modo ogni azienda avrebbe un risparmio chilometrico non indifferente utilizzabile per un possibile potenziamento delle tratte o per attivare, come spiegheremo in seguito relativamente al Passo Valles ( vedi l\u2019esempio del Passo Pordoi ). Passo Valles &#8211; si propone di attivare una nuova linea da Falcade Municipio al Passo con relativa coincidenza degli orari tra i bus delle due aziende interessate. Auspichiamo naturalmente che il servizio sia possibilmente equivalente a quello gi\u00e0 attivo per il Passo San Pellegrino. Facciamo presente che se dalla parte bellunese, attualmente non esiste nessun servizio pubblico, cos\u00ec non si pu\u00f2 dire della parte trentina, attualmente servita molto bene e frequentemente fino alla Val Venegia ( pochi chilometri dal passo ).<\/p>\n<p><a class=\"dt-pswp-item\" href=\"http:\/\/www.radiopiu.net\/wordpress\/wp-content\/uploads\/2019\/03\/Mappa-linea-Passo-S.Pellegrino-2_page-0001.jpg\" data-dt-img-description=\"\" data-large_image_width=\"1755\" data-large_image_height=\"1240\"><img loading=\"lazy\" decoding=\"async\" class=\"wp-image-80328 alignright\" src=\"http:\/\/www.radiopiu.net\/wordpress\/wp-content\/uploads\/2019\/03\/Mappa-linea-Passo-S.Pellegrino-2_page-0001.jpg\" alt=\"\" width=\"344\" height=\"243\" srcset=\"https:\/\/www.radiopiu.net\/wordpress\/wp-content\/uploads\/2019\/03\/Mappa-linea-Passo-S.Pellegrino-2_page-0001.jpg 1755w, https:\/\/www.radiopiu.net\/wordpress\/wp-content\/uploads\/2019\/03\/Mappa-linea-Passo-S.Pellegrino-2_page-0001-300x212.jpg 300w, https:\/\/www.radiopiu.net\/wordpress\/wp-content\/uploads\/2019\/03\/Mappa-linea-Passo-S.Pellegrino-2_page-0001-768x543.jpg 768w, https:\/\/www.radiopiu.net\/wordpress\/wp-content\/uploads\/2019\/03\/Mappa-linea-Passo-S.Pellegrino-2_page-0001-1024x724.jpg 1024w\" sizes=\"auto, (max-width: 344px) 100vw, 344px\" \/><\/a> I <strong>RISULTATI SPERATI<\/strong> Se per il Passo San Pellegrino \u00e8 notorio l\u2019interesse turistico e anche economico legato a eccellenti presenze alberghiere e di ristorazione che giustificano ampiamente l\u2019attuale interesse per attivare linee di servizio pubblico, non di meno il Passo Valles risulta ogni anno di pi\u00f9 meta di frequentazione turistica a vari livelli e numericamente sempre pi\u00f9 elevata. Nella presentazione ufficiale verranno esposte con dovizia di particolari, tutte le opportunit\u00e0 offerte al visitatore dal Passo Valles che nulla hanno da invidiare al San Pellegrino o localit\u00e0 pi\u00f9 note.<\/p>\n<blockquote><p><em>&#8220;Anche se esposta in maniera sintetica- dicono i promotori &#8211;\u00a0 crediamo che la nostra proposta possa essere recepita da chi potr\u00e0 attuarla, in maniera positiva. <\/em><em>Confidiamo che, i possibili Enti e Soggetti Attuatori, colgano l\u2019importanza dei collegamenti proposti per lo sviluppo sostenibile del turismo delle zone interessate&#8221;.\u00a0<\/em><\/p><\/blockquote>\n","protected":false},"excerpt":{"rendered":"<p>&nbsp; FALCADE Cesare Bon ha avuto l&#8217;idea, ma Dolomitibus non ha mai risposto. Intanto in Trentino l&#8217;hanno messa in pratica.\u00a0 Il Capogruppo di minoranza in consiglio comunale. L&#8217;ultima lettera a Dolomitibus inviata dalla Provincia \u00e8 datata\u00a0 \u00a028 maggio e anche questa volta silenzio completo da via Col da Ren. &#8220;E&#8217; pervenuta la proposta di Cesare&hellip;<\/p>\n","protected":false},"author":1,"featured_media":80330,"comment_status":"closed","ping_status":"closed","sticky":false,"template":"","format":"standard","meta":{"_monsterinsights_skip_tracking":false,"_monsterinsights_sitenote_active":false,"_monsterinsights_sitenote_note":"","_monsterinsights_sitenote_category":0,"footnotes":""},"categories":[51,49],"tags":[],"class_list":["post-80332","post","type-post","status-publish","format-standard","has-post-thumbnail","hentry","category-evidenza-top","category-news-18","category-51","category-49","description-off"],"img_url":"https:\/\/www.radiopiu.net\/wordpress\/wp-content\/uploads\/2019\/03\/Nuovo-progetto-mobilita-sostenibile-nelle-Dolomiti-nuovo-2_page-0001.jpg","_links":{"self":[{"href":"https:\/\/www.radiopiu.net\/wordpress\/wp-json\/wp\/v2\/posts\/80332","targetHints":{"allow":["GET"]}}],"collection":[{"href":"https:\/\/www.radiopiu.net\/wordpress\/wp-json\/wp\/v2\/posts"}],"about":[{"href":"https:\/\/www.radiopiu.net\/wordpress\/wp-json\/wp\/v2\/types\/post"}],"author":[{"embeddable":true,"href":"https:\/\/www.radiopiu.net\/wordpress\/wp-json\/wp\/v2\/users\/1"}],"replies":[{"embeddable":true,"href":"https:\/\/www.radiopiu.net\/wordpress\/wp-json\/wp\/v2\/comments?post=80332"}],"version-history":[{"count":0,"href":"https:\/\/www.radiopiu.net\/wordpress\/wp-json\/wp\/v2\/posts\/80332\/revisions"}],"wp:featuredmedia":[{"embeddable":true,"href":"https:\/\/www.radiopiu.net\/wordpress\/wp-json\/wp\/v2\/media\/80330"}],"wp:attachment":[{"href":"https:\/\/www.radiopiu.net\/wordpress\/wp-json\/wp\/v2\/media?parent=80332"}],"wp:term":[{"taxonomy":"category","embeddable":true,"href":"https:\/\/www.radiopiu.net\/wordpress\/wp-json\/wp\/v2\/categories?post=80332"},{"taxonomy":"post_tag","embeddable":true,"href":"https:\/\/www.radiopiu.net\/wordpress\/wp-json\/wp\/v2\/tags?post=80332"}],"curies":[{"name":"wp","href":"https:\/\/api.w.org\/{rel}","templated":true}]}}