{"id":80451,"date":"2019-03-26T15:28:24","date_gmt":"2019-03-26T14:28:24","guid":{"rendered":"http:\/\/www.radiopiu.net\/wordpress\/?p=80451"},"modified":"2019-03-27T09:51:34","modified_gmt":"2019-03-27T08:51:34","slug":"giornale-radiopiu-27-marzo-2019-direttore-mirko-mezzacasa","status":"publish","type":"post","link":"https:\/\/www.radiopiu.net\/wordpress\/giornale-radiopiu-27-marzo-2019-direttore-mirko-mezzacasa\/","title":{"rendered":"GIORNALE RADIOPIU 27 MARZO 2019 DIRETTORE MIRKO MEZZACASA"},"content":{"rendered":"<p>&nbsp;<\/p>\n<h2>PEPPINO IMPASTATO E RADIO AUT<\/h2>\n<p>Peppino Impastato: un ponte di impegno e giustizia tra Agordo e Cinisi<\/p>\n<p><span style=\"color: #ff0000;\"><em>\u00a0Chi \u00e8 colui al quale l&#8217;amministrazione di Agordo ha intitolato il parcheggio di Tamonich? Radio Pi\u00f9 vi propone una settimana di approfondimenti, di interviste, di spettacoli, di poesie e musiche per scoprire di pi\u00f9 su Peppino Impastato e sulle mafie di casa nostra<\/em><\/span><\/p>\n<p>OGGI: Alle 10.30 e alle 19.00 <strong class=\"photoswipe-wrapper\">\u00a0Umberto Santino, presidente del Centro siciliano di documentazione intitolato a Peppino Impastato<\/strong><\/p>\n<p>Alle 12.30 e 18.30 <strong class=\"photoswipe-wrapper\">Nicol\u00f2 Luciani del Coordinamento di Libera Belluno<\/strong><\/p>\n<p>Alle 15.10 e 21.10 <strong class=\"photoswipe-wrapper\">\u00a0Luigi Lo Cascio, attore che ha interpretato Peppino Impastato nel film \u201cI cento passi\u201d <\/strong>ed inoltre <strong class=\"photoswipe-wrapper\">\u00a0gli alunni della classe 3A della scuola media di Canale d\u2019Agordo dell\u2019anno scolastico 2015-16<\/strong><\/p>\n<p>&nbsp;<\/p>\n<p>&nbsp;<\/p>\n<h3>GIRA PER BELLUNO CON LA MANNAIA DOPO AVER FATTO A PEZZI UNA CAPRA<\/h3>\n<p><a class=\"dt-pswp-item\" href=\"http:\/\/www.radiopiu.net\/wordpress\/wp-content\/uploads\/2019\/03\/IMG_6457.jpg\" data-dt-img-description=\"\" data-large_image_width=\"1984\" data-large_image_height=\"1187\"><img loading=\"lazy\" decoding=\"async\" class=\" wp-image-80442 alignleft\" src=\"http:\/\/www.radiopiu.net\/wordpress\/wp-content\/uploads\/2019\/03\/IMG_6457-300x179.jpg\" alt=\"\" width=\"235\" height=\"140\" srcset=\"https:\/\/www.radiopiu.net\/wordpress\/wp-content\/uploads\/2019\/03\/IMG_6457-300x179.jpg 300w, https:\/\/www.radiopiu.net\/wordpress\/wp-content\/uploads\/2019\/03\/IMG_6457-768x459.jpg 768w, https:\/\/www.radiopiu.net\/wordpress\/wp-content\/uploads\/2019\/03\/IMG_6457-1024x613.jpg 1024w, https:\/\/www.radiopiu.net\/wordpress\/wp-content\/uploads\/2019\/03\/IMG_6457.jpg 1984w\" sizes=\"auto, (max-width: 235px) 100vw, 235px\" \/><\/a><\/p>\n<p>&nbsp;<\/p>\n<p><strong>BELLUNO<\/strong> Girava per Belluno con una vistosa mannaia e un coltello di una certa dimensione sotto il braccio, l&#8217;uomo \u00e8 stato notato dagli\u00a0 agenti di Polizia che hanno immediatamente\u00a0 proceduto, con tutte le cautele del caso, al controllo dell&#8217;immigrato. Il 32enne di origini nigeriane, ha subito spiegato agli agenti perch\u00e9 si trovava in quella zona<\/p>\n<blockquote><p><em> &#8220;Con questi strumenti &#8211; ha detto- ho fatto a pezzi una capra che una mia amica ha avuto in regalo&#8221;.<\/em><\/p><\/blockquote>\n<p>Gli uomini della polizia hanno verificato \u00a0la veridicit\u00e0 delle affermazioni del ragazzo, che comunque \u00e8 apparso subito tranquillo e collaborativo e sono andati a casa della sua amica. Qui gli agenti hanno constatato che effettivamente il racconto dell\u2019uomo corrispondeva al vero. Il nigeriano \u00e8 stato per\u00f2 comunque accompagnato in Questura dove, tenuto conto delle circostanze, \u00e8 stato denunciato all\u2019Autorit\u00e0 Giudiziaria per possesso ingiustificato di armi. La mannaia e il coltello, entrambi sequestrati, misuravano la prima 34 cm e il secondo 31.5 cm. L\u2019uomo \u00e8 stato anche segnalato alla Prefettura, in quanto ospite di una struttura di accoglienza in attesa della decisione sulla richiesta di riconoscimento dell\u2019asilo politico. Gli uomini delle volanti mantengono sempre alta l\u2019attenzione e il controllo del territorio \u00e8 costante in citt\u00e0 e in provincia.<\/p>\n<p>&nbsp;<\/p>\n<p>&nbsp;<\/p>\n<p>&nbsp;<\/p>\n<h3>L&#8217;INFARTO UCCIDE BRUNO SELETTO.<\/h3>\n<p><strong>FALCADE<\/strong>. Dramma ai Campionati italiani Aspiranti e Assoluti in corso a passo San Pellegrino.\u00a0 E&#8217; morto colto da infarto \u00a0il tecnico valdostano Bruno Seletto di 67 anni\u00a0 responsabile dello sci club Azzurri del Cervino. E&#8217; stato \u00a0allenatore federale con pi\u00f9 di quarant\u2019anni di esperienza maturata tra squadre nazionali e regionali. La notizia ha destato grande impressione tra addetti ai lavori impegnati sulla pista La Volata, dove si stanno svolgendo le gare. L&#8217;uomo alloggiava in un albergo dove \u00e8 stato ritrovato privo di vita dai famigliari.<\/p>\n<p>&nbsp;<\/p>\n<p>&nbsp;<\/p>\n<p>&nbsp;<\/p>\n<p>&nbsp;<\/p>\n<h2>GLACIONS DA REBA, DIEGO GRONES ASSOLTO!<\/h2>\n<p><a class=\"dt-pswp-item\" href=\"http:\/\/www.radiopiu.net\/wordpress\/wp-content\/uploads\/2019\/03\/2305143b-921e-4ee1-97d1-86d4fb896163.jpg\" data-dt-img-description=\"\" data-large_image_width=\"900\" data-large_image_height=\"1600\"><img loading=\"lazy\" decoding=\"async\" class=\"wp-image-80513 alignright\" src=\"http:\/\/www.radiopiu.net\/wordpress\/wp-content\/uploads\/2019\/03\/2305143b-921e-4ee1-97d1-86d4fb896163.jpg\" alt=\"\" width=\"249\" height=\"443\" srcset=\"https:\/\/www.radiopiu.net\/wordpress\/wp-content\/uploads\/2019\/03\/2305143b-921e-4ee1-97d1-86d4fb896163.jpg 900w, https:\/\/www.radiopiu.net\/wordpress\/wp-content\/uploads\/2019\/03\/2305143b-921e-4ee1-97d1-86d4fb896163-169x300.jpg 169w, https:\/\/www.radiopiu.net\/wordpress\/wp-content\/uploads\/2019\/03\/2305143b-921e-4ee1-97d1-86d4fb896163-768x1365.jpg 768w, https:\/\/www.radiopiu.net\/wordpress\/wp-content\/uploads\/2019\/03\/2305143b-921e-4ee1-97d1-86d4fb896163-576x1024.jpg 576w\" sizes=\"auto, (max-width: 249px) 100vw, 249px\" \/><\/a><\/p>\n<p><strong>BELLUNO<\/strong> Nessun abuso edilizio per la palestra di ghiaccio di Arabba costruita con la gru nel parcheggio nei pressi del campo di ghiaccio. Non serviva il permesso a costruire, non c&#8217;\u00e8 stata nessuna invasione di terreno come contestato dal Comune dopo l&#8217;esposto di un imprenditore turistico locale. L\u2019ex presidente del Club alpino italiano, Diego Grones, \u00e8 stato prosciolto dall\u2019abuso per particolare tenuit\u00e0 del fatto e assolto dall\u2019altra imputazione perch\u00e9 il fatto non costituisce reato. Per Grones il Pm Gulli chiedeva due mesi di arresto, 32 mila euro di ammenda e 300 euro di multa.\u00a0 La vicenda al Cai di Arabba (Lia da Mont Fodom) \u00a0era costata un decreto penale di condanna a un\u2019ammenda di 16 mila 375 euro a cui erano seguite \u00a0le dimissioni di massa<\/p>\n<h2><\/h2>\n<h2><\/h2>\n<h2><\/h2>\n<h2><\/h2>\n<h2>ARCHIVIO RADIO PIU<\/h2>\n<blockquote class=\"wp-embedded-content\" data-secret=\"6kx2E5Edkb\"><p><a href=\"https:\/\/www.radiopiu.net\/wordpress\/leffetto-dei-veleni-di-paese-lia-da-mont-verso-il-commissariamento\/\">L&#8217;EFFETTO DEI &#8220;VELENI&#8221; DI PAESE: LIA DA MONT VERSO IL COMMISSARIAMENTO<\/a><\/p><\/blockquote>\n<p><iframe loading=\"lazy\" class=\"wp-embedded-content\" sandbox=\"allow-scripts\" security=\"restricted\" style=\"position: absolute; clip: rect(1px, 1px, 1px, 1px);\" src=\"https:\/\/www.radiopiu.net\/wordpress\/leffetto-dei-veleni-di-paese-lia-da-mont-verso-il-commissariamento\/embed\/#?secret=6kx2E5Edkb\" data-secret=\"6kx2E5Edkb\" width=\"600\" height=\"338\" title=\"&#8220;L&#8217;EFFETTO DEI &#8220;VELENI&#8221; DI PAESE: LIA DA MONT VERSO IL COMMISSARIAMENTO&#8221; &#8212; Radio Pi\u00f9\" frameborder=\"0\" marginwidth=\"0\" marginheight=\"0\" scrolling=\"no\"><\/iframe><\/p>\n<p>&nbsp;<\/p>\n<p>&nbsp;<\/p>\n<p>&nbsp;<\/p>\n<h3>DA BELLUNO A BELLUNO IN UN MESE<\/h3>\n<blockquote><p><em>De Bona: \u00abCi troviamo a uno scandaloso disservizio di Poste Italiane\u00bb<\/em><\/p><\/blockquote>\n<p><strong><a class=\"dt-pswp-item\" href=\"http:\/\/www.radiopiu.net\/wordpress\/wp-content\/uploads\/2019\/03\/55471848_2111057802334554_2229650224958144512_n.jpg\" data-dt-img-description=\"\" data-large_image_width=\"465\" data-large_image_height=\"558\"><img loading=\"lazy\" decoding=\"async\" class=\" wp-image-80428 alignleft\" src=\"http:\/\/www.radiopiu.net\/wordpress\/wp-content\/uploads\/2019\/03\/55471848_2111057802334554_2229650224958144512_n-250x300.jpg\" alt=\"\" width=\"177\" height=\"212\" srcset=\"https:\/\/www.radiopiu.net\/wordpress\/wp-content\/uploads\/2019\/03\/55471848_2111057802334554_2229650224958144512_n-250x300.jpg 250w, https:\/\/www.radiopiu.net\/wordpress\/wp-content\/uploads\/2019\/03\/55471848_2111057802334554_2229650224958144512_n.jpg 465w\" sizes=\"auto, (max-width: 177px) 100vw, 177px\" \/><\/a>BELLUNO<\/strong> C\u2019\u00e8 una famosa canzone degli emigranti che fa: \u00abTrenta giorni di macchina a vapore&#8230;\u00bb. Il testo racconta del periodo che un emigrante italiano impiegava, tra la fine dell\u2019Ottocento e gli inizi del Novecento, per attraversare l\u2019oceano e raggiungere l\u2019America via nave.Per assurdo \u00e8 il tempo che ha impiegato la riv<span class=\"text_exposed_show\">ista \u201cBellunesi nel mondo\u201d, del mese di febbraio e di marzo, spedita direttamente da Belluno, per arrivare alla casa dei soci residenti&#8230; nel comune di Belluno. Trenta giorni per fare dai 5 ai 10 km massimo di distanza dal luogo di partenza a quello di arrivo. \u00abSiamo davvero all\u2019assurdo\u00bb, il commento amaro del presidente dell\u2019Associazione Bellunesi nel Mondo Oscar De Bona, \u00ab\u00c8 impensabile, con quello che si paga anche per la spedizione, avere un servizio cos\u00ec scadente per i nostri lettori. \u00c8 scandaloso questo disservizio di Poste italiane, che invece di migliorare peggiora di giorno in giorno. Non oso immaginare la situazione che stanno vivendo i quotidiani e i settimanali che utilizzano Poste italiane per la spedizione, ai loro abbonati, della propria testata giornalistica\u00bb. \u00abUn danno all\u2019immagine che si ripercuote direttamente all\u2019Abm\u00bb, continua De Bona, \u00abBasti pensare che abbiamo avuto numerose lamentele da parte dei nostri soci, con minacce di disdetta immediata al giornale\u00bb.<\/span><\/p>\n<blockquote><p><span class=\"text_exposed_show\"><em>\u00abChiedo a Poste italiane\u00bb, conclude De Bona, \u00abche si impegni a consegnare con puntualit\u00e0 la nostra rivista, anche perch\u00e9 \u00e8 un suo dovere dato che percepisce il costo della spedizione ancora prima di spedire la rivista. Si potrebbe invertire il tempo di pagamento, ovvero alla consegna e non alla spedizione. Forse con questa modalit\u00e0 il servizio tornerebbe ad essere puntuale\u00bb. (da facebook, pagina &#8220;Bellunesi nel Mondo&#8221;<\/em><\/span><\/p><\/blockquote>\n<p>&nbsp;<\/p>\n<p>&nbsp;<\/p>\n<p>&nbsp;<\/p>\n<h2>FIAMME E BLACK OUT<\/h2>\n<p><strong>RIVAMONTE<\/strong> Probabilmente sono state le scintille di cavi elettrici spezzati dalla caduta\u00a0 di una pianta ad originare l&#8217;incendio di sterpaglie, che i vigili del fuoco di Agordo hanno prontamente spento ieri a mezzogiorno.Qualche disagio per le utenze rimaste temporaneamente senza luce a causa dell\u2019interruzione della linea della media tensione.<\/p>\n<p><a class=\"dt-pswp-item\" href=\"http:\/\/www.radiopiu.net\/wordpress\/wp-content\/uploads\/2019\/03\/dc615c46-8855-48c1-b5b8-f1e5a66b7653.jpg\" data-dt-img-description=\"\" data-large_image_width=\"1600\" data-large_image_height=\"1200\"><img loading=\"lazy\" decoding=\"async\" class=\"wp-image-80517 aligncenter\" src=\"http:\/\/www.radiopiu.net\/wordpress\/wp-content\/uploads\/2019\/03\/dc615c46-8855-48c1-b5b8-f1e5a66b7653.jpg\" alt=\"\" width=\"287\" height=\"215\" srcset=\"https:\/\/www.radiopiu.net\/wordpress\/wp-content\/uploads\/2019\/03\/dc615c46-8855-48c1-b5b8-f1e5a66b7653.jpg 1600w, https:\/\/www.radiopiu.net\/wordpress\/wp-content\/uploads\/2019\/03\/dc615c46-8855-48c1-b5b8-f1e5a66b7653-300x225.jpg 300w, https:\/\/www.radiopiu.net\/wordpress\/wp-content\/uploads\/2019\/03\/dc615c46-8855-48c1-b5b8-f1e5a66b7653-768x576.jpg 768w, https:\/\/www.radiopiu.net\/wordpress\/wp-content\/uploads\/2019\/03\/dc615c46-8855-48c1-b5b8-f1e5a66b7653-1024x768.jpg 1024w\" sizes=\"auto, (max-width: 287px) 100vw, 287px\" \/><\/a><\/p>\n<p>&nbsp;<\/p>\n<p>&nbsp;<\/p>\n<p>&nbsp;<\/p>\n<p>&nbsp;<\/p>\n<blockquote><p><a class=\"dt-pswp-item\" href=\"http:\/\/www.radiopiu.net\/wordpress\/wp-content\/uploads\/2019\/01\/Fabrizio-Stella.jpg\" data-dt-img-description=\"OLYMPUS DIGITAL CAMERA\" data-large_image_width=\"220\" data-large_image_height=\"125\"><img loading=\"lazy\" decoding=\"async\" class=\"size-full wp-image-74406 alignleft\" src=\"http:\/\/www.radiopiu.net\/wordpress\/wp-content\/uploads\/2019\/01\/Fabrizio-Stella.jpg\" alt=\"\" width=\"220\" height=\"125\" \/><\/a><\/p>\n<h2>GIORNATA DI INCONTRI QUELLA DI IERI A LIVINALLONGO ED AGORDO PER IL RECUPERO DEI BOSCHI DISASTRATI DA VAIA<\/h2>\n<\/blockquote>\n<p>IL SINDACO DI LIVINALLONGO LEANDRO GRONES<\/p>\n<p>FOTO FABRIZIO STELLA<\/p>\n<audio class=\"wp-audio-shortcode\" id=\"audio-80451-1\" preload=\"none\" style=\"width: 100%;\" controls=\"controls\"><source type=\"audio\/mpeg\" src=\"http:\/\/www.radiopiu.net\/wordpress\/wp-content\/uploads\/2019\/03\/LEANDRO-3.mp3?_=1\" \/><a href=\"http:\/\/www.radiopiu.net\/wordpress\/wp-content\/uploads\/2019\/03\/LEANDRO-3.mp3\">http:\/\/www.radiopiu.net\/wordpress\/wp-content\/uploads\/2019\/03\/LEANDRO-3.mp3<\/a><\/audio>\n<p>&nbsp;<\/p>\n<p>&nbsp;<\/p>\n<p>&nbsp;<\/p>\n<p>&nbsp;<\/p>\n<p><strong>SANITA\u2019. GIUNTA VENETA AUTORIZZA CONTRATTI A MEDICI PENSIONATI. ZAIA,<em> \u201cRISPOSTA ALL\u2019EMERGENZA PER RISPETTARE LA COSTITUZIONE E LA LEGGE. LARGO AI GIOVANI, MA NON BASTANO\u201d<\/em>.<\/strong><\/p>\n\n\t\t\t<style type='text\/css'>\n\t\t\t\t#gallery-1 {\n\t\t\t\t\tmargin: auto;\n\t\t\t\t}\n\t\t\t\t#gallery-1 .gallery-item {\n\t\t\t\t\tfloat: left;\n\t\t\t\t\tmargin-top: 10px;\n\t\t\t\t\ttext-align: center;\n\t\t\t\t\twidth: 33%;\n\t\t\t\t}\n\t\t\t\t#gallery-1 img {\n\t\t\t\t\tborder: 2px solid #cfcfcf;\n\t\t\t\t}\n\t\t\t\t#gallery-1 .gallery-caption {\n\t\t\t\t\tmargin-left: 0;\n\t\t\t\t}\n\t\t\t\t\/* see gallery_shortcode() in wp-includes\/media.php *\/\n\t\t\t<\/style>\n\t\t<div id='gallery-1' class='dt-gallery-container gallery galleryid-80451 gallery-columns-3 gallery-size-thumbnail'><dl class='gallery-item'>\n\t\t\t\t<dt class='gallery-icon landscape'>\n\t\t\t\t\t<a class=\"rollover\" href='https:\/\/www.radiopiu.net\/wordpress\/giornale-radiopiu-27-marzo-2019-direttore-mirko-mezzacasa\/dsc01739\/'><img loading=\"lazy\" decoding=\"async\" width=\"150\" height=\"150\" src=\"https:\/\/www.radiopiu.net\/wordpress\/wp-content\/uploads\/2019\/03\/DSC01739-150x150.jpg\" class=\"attachment-thumbnail size-thumbnail\" alt=\"\" \/><\/a>\n\t\t\t\t<\/dt><\/dl><dl class='gallery-item'>\n\t\t\t\t<dt class='gallery-icon landscape'>\n\t\t\t\t\t<a class=\"rollover\" href='https:\/\/www.radiopiu.net\/wordpress\/giornale-radiopiu-27-marzo-2019-direttore-mirko-mezzacasa\/dsc01737\/'><img loading=\"lazy\" decoding=\"async\" width=\"150\" height=\"150\" src=\"https:\/\/www.radiopiu.net\/wordpress\/wp-content\/uploads\/2019\/03\/DSC01737-150x150.jpg\" class=\"attachment-thumbnail size-thumbnail\" alt=\"\" \/><\/a>\n\t\t\t\t<\/dt><\/dl><dl class='gallery-item'>\n\t\t\t\t<dt class='gallery-icon landscape'>\n\t\t\t\t\t<a class=\"rollover\" href='https:\/\/www.radiopiu.net\/wordpress\/giornale-radiopiu-27-marzo-2019-direttore-mirko-mezzacasa\/dsc01734\/'><img loading=\"lazy\" decoding=\"async\" width=\"150\" height=\"150\" src=\"https:\/\/www.radiopiu.net\/wordpress\/wp-content\/uploads\/2019\/03\/DSC01734-150x150.jpg\" class=\"attachment-thumbnail size-thumbnail\" alt=\"\" \/><\/a>\n\t\t\t\t<\/dt><\/dl><br style=\"clear: both\" \/>\n\t\t\t<\/div>\n\n<p><strong>VENEZIA<\/strong> La Giunta regionale del Veneto ha approvato\u00a0 una delibera che assegna ai direttori generali delle Ullss la possibilit\u00e0 di conferire incarichi di lavoro autonomo ai medici in pensione per fronteggiare la carenza di organici che, nel solo Veneto, \u00e8 calcolata in 1.300 camici bianchi (56.000 \u00e8 la stima a livello nazionale). Il provvedimento, dal titolo \u201cConferimento incarichi di lavoro autonomo a personale medico in quiescenza\u201d, \u00e8 stato illustrato dal Presidente della Regione, Luca Zaia, nel corso del punto stampa svoltosi al termine della seduta dell\u2019Esecutivo.<\/p>\n<p><strong>DICHIARAZIONI PRESIDENTE ZAIA<\/strong> su carenza medici, autonomia, decreto risparmiatori banche venete, schede ospedaliere:<\/p>\n<audio class=\"wp-audio-shortcode\" id=\"audio-80451-2\" preload=\"none\" style=\"width: 100%;\" controls=\"controls\"><source type=\"audio\/mpeg\" src=\"http:\/\/www.radiopiu.net\/wordpress\/wp-content\/uploads\/2019\/03\/ZAIA-9.mp3?_=2\" \/><a href=\"http:\/\/www.radiopiu.net\/wordpress\/wp-content\/uploads\/2019\/03\/ZAIA-9.mp3\">http:\/\/www.radiopiu.net\/wordpress\/wp-content\/uploads\/2019\/03\/ZAIA-9.mp3<\/a><\/audio>\n<p>&nbsp;<\/p>\n<p>&nbsp;<\/p>\n<p>&nbsp;<\/p>\n<p>&nbsp;<\/p>\n<h3><em><a class=\"dt-pswp-item\" href=\"http:\/\/www.radiopiu.net\/wordpress\/wp-content\/uploads\/2019\/03\/insufficienza_mitralica.jpg\" data-dt-img-description=\"\" data-large_image_width=\"250\" data-large_image_height=\"214\"><img loading=\"lazy\" decoding=\"async\" class=\"wp-image-80463 alignleft\" src=\"http:\/\/www.radiopiu.net\/wordpress\/wp-content\/uploads\/2019\/03\/insufficienza_mitralica.jpg\" alt=\"\" width=\"134\" height=\"115\" \/><\/a><\/em>SANITA\u2019. PER LA VICENDA DELLE VALVOLE CARDIACHE DIFETTOSE, LA GIUNTA VENETA DELIBERA INTERVENTI DI SOSTEGNO A FAVORE DEI DANNEGGIATI E ISTITUISCE LA COMMISSIONE TECNICA.<\/h3>\n<h3>L\u2019ASSESSORE MANUELA LANZARIN:<\/h3>\n<blockquote><p><em>&#8220;\u00c8 stata mantenuta la promessa ai trapiantati e alle loro famiglie. La posizione di coloro che hanno subito un danno nella vicenda delle valvole cardiache difettose che, ormai diversi anni fa, ha visto suo malgrado coinvolta l\u2019Azienda Ospedaliera di Padova potr\u00e0 ora essere considerata per un ristoro economico. Pur essendo riconosciuto, infatti, che i danni cagionati non sono assolutamente imputabili n\u00e9 all\u2019Azienda ospedaliera n\u00e9 al servizio sanitario regionale ma ad altri soggetti non pi\u00f9 perseguibili, la Regione ha ritenuto doveroso avviare una serie di procedure per garantirlo ai cittadini interessati perch\u00e9 si tratta, comunque, di danni sofferti ingiustamente. Un atto sentito, soprattutto a fronte delle situazioni di difficolt\u00e0 economiche, legate anche ad un lungo e non semplice percorso giudiziario\u201d.<\/em><\/p><\/blockquote>\n<p>&nbsp;<\/p>\n<p>&nbsp;<\/p>\n<p>&nbsp;<\/p>\n<blockquote><p><strong>MINELLA (ANEF-CONFINDUSTRIA): \u00abIMPIANTI A IMPATTO ZERO SONO IL FUTURO: IL FRONTE DEL NO RISCHIA DI FARE MALE ALLA MONTAGNA\u00bb E SUI PASSI CHIUSI PER LE BICI: \u00ab\u00c8 L\u2019OCCASIONE PER PRESENTARCI AL MEGLIO. DISAGI LIMITATI\u00bb<\/strong><\/p>\n<p>DALLA RASSEGNA STAMPA DI RADIO PIU RENZO MINELLA<\/p><\/blockquote>\n<audio class=\"wp-audio-shortcode\" id=\"audio-80451-3\" preload=\"none\" style=\"width: 100%;\" controls=\"controls\"><source type=\"audio\/mpeg\" src=\"http:\/\/www.radiopiu.net\/wordpress\/wp-content\/uploads\/2019\/03\/RENZO.mp3?_=3\" \/><a href=\"http:\/\/www.radiopiu.net\/wordpress\/wp-content\/uploads\/2019\/03\/RENZO.mp3\">http:\/\/www.radiopiu.net\/wordpress\/wp-content\/uploads\/2019\/03\/RENZO.mp3<\/a><\/audio>\n<p>&nbsp;<\/p>\n<p><strong><a class=\"dt-pswp-item\" href=\"http:\/\/www.radiopiu.net\/wordpress\/wp-content\/uploads\/2018\/03\/Arabba.jpg\" data-dt-img-description=\"\" data-large_image_width=\"2584\" data-large_image_height=\"1800\"><img loading=\"lazy\" decoding=\"async\" class=\" wp-image-45201 alignleft\" src=\"http:\/\/www.radiopiu.net\/wordpress\/wp-content\/uploads\/2018\/03\/Arabba-300x209.jpg\" alt=\"\" width=\"164\" height=\"114\" srcset=\"https:\/\/www.radiopiu.net\/wordpress\/wp-content\/uploads\/2018\/03\/Arabba-300x209.jpg 300w, https:\/\/www.radiopiu.net\/wordpress\/wp-content\/uploads\/2018\/03\/Arabba-768x535.jpg 768w, https:\/\/www.radiopiu.net\/wordpress\/wp-content\/uploads\/2018\/03\/Arabba-1024x713.jpg 1024w\" sizes=\"auto, (max-width: 164px) 100vw, 164px\" \/><\/a>BELLUNO <\/strong>\u00a0<em>\u00abNuovi impianti e collegamenti sciistici sono una grossa opportunit\u00e0 per il nostro territorio e per chi in montagna vuole continuare a vivere e lavorare. Demonizzarli significa bloccare lo sviluppo delle nostre Aree, precluderci grosse opportunit\u00e0, rimanere indietro rispetto ad altri territori e ad altri Paesi. Rassicuro il fronte del no che gli impiantisti e gli operatori della montagna sono i primi difensori del loro territorio, i primi a essere consapevoli delle sue bellezze ambientali e paesaggistiche e delle sue potenzialit\u00e0. Parliamo di infrastrutture a impatto zero ed ecosostenibili\u00bb.<\/em><\/p>\n<p>A dirlo \u00e8 il presidente di Anef Veneto Renzo Minella, a seguito delle varie prese di posizione recentemente arrivate da varie voci del mondo ambientalista. <em>\u00abNon mi piace la polemica n\u00e9 lo scontro frontale, ma da rappresentante degli impiantisti non posso non sottolineare come gli impianti di ultima generazione siano\u00a0 perfettamente integrati con l\u2019ambiente circostante, sostenibili ed efficienti dal punto di vista energetico. Non solo: a questo si deve aggiungere come le ultime norme impongano agli operatori obblighi di ripristino chiari, precisi e inderogabili. Rispetto ai nostri stessi concorrenti, come Francia e Austria, i nostri standard sono molto pi\u00f9 elevati e rispettosi dell\u2019ambiente circostante\u00bb.<\/em><\/p>\n<blockquote><p><em>\u00abLa verit\u00e0 \u00e8 che se continuiamo a dire di no rischiamo di rimanere troppo indietro rispetto alla concorrenza di questi Paesi, che \u00e8 agguerritissima, e diventare sempre meno competitivi nonostante le nostre bellezze ineguagliabili\u00bb, rimarca Minella. \u00abTerritori come il Comelico, l\u2019Agordino, Cortina meritano un\u2019occasione di rilancio e la possibilit\u00e0 di trattenere persone e imprese sul territorio. Non si pu\u00f2 combattere lo spopolamento della nostra montagna senza infrastrutture adeguate e sostenibili\u00bb.<\/em><\/p><\/blockquote>\n<p><strong><a class=\"dt-pswp-item\" href=\"http:\/\/www.radiopiu.net\/wordpress\/wp-content\/uploads\/2017\/06\/road-bike-\u00a9arabba-fodom-turismo-IMG_9286.jpg\" data-dt-img-description=\"\" data-large_image_width=\"2953\" data-large_image_height=\"1969\"><img loading=\"lazy\" decoding=\"async\" class=\" wp-image-33059 alignleft\" src=\"http:\/\/www.radiopiu.net\/wordpress\/wp-content\/uploads\/2017\/06\/road-bike-\u00a9arabba-fodom-turismo-IMG_9286-300x200.jpg\" alt=\"\" width=\"189\" height=\"126\" \/><\/a><\/strong>Minella si esprime anche sul dibattito in corso nel Bellunese per i passi chiusi in occasione di alcune gare ciclistiche: <em>\u00abParliamo di eventi limitati in determinati periodi: \u00e8 un disagio gestibile. \u00c8 un\u2019occasione per mostrare ai tanti turisti attesi il lato migliore delle nostre Dolomiti. Quello delle gare ciclistiche \u00e8 un indotto enorme: persone, che se fidelizzate nel modo giusto, ritornano\u00bb,<\/em> conclude Minella.<\/p>\n<p>&nbsp;<\/p>\n<p>&nbsp;<\/p>\n<p>&nbsp;<\/p>\n<h2>BLACKOUT E OLIMPIADI 2026 &#8220;CON IL NO DEGLI AMBIENTALISTI NON C&#8217;E&#8217; SVILUPPO&#8221;<\/h2>\n<p><strong>ROMA<\/strong> \u201cBasta coi no pseudo-ambientalisti che vogliono cristallizzare la montagna nell&#8217;incuria, impedendo lo sviluppo e ostacolando chi vuole continuare a vivere e lavorare in montagna\u201d: lo sfogo del deputato e sindaco di Calalzo di Cadore, Luca De Carlo, prende spunto dai blackout che anche luned\u00ec sera hanno interessato la Val Boite e dalla lettera dei movimenti ambientalisti al Presidente della Repubblica contro le Olimpiadi 2026. \u201cQuesti pseudo-ambientalisti hanno una visione anacronistica del mondo: non si pu\u00f2 mantenere l&#8217;ambiente cos\u00ec disordinato e abbandonato all&#8217;incuria. C&#8217;\u00e8 una crescita sregolata di alberi, siepi e sterpi che ormai arrivano a ridosso delle case, con poche e restrittive regole per intervenire, ma questi signori non tengono in conto i costi per l&#8217;intera comunit\u00e0 del crollo di un albero che causa un blackout, lasciando per ore al buio interi paesi\u201d, sottolinea De Carlo. \u201cQuesta \u00e8 solo una visione egoistica di chi frequenta la montagna pochi mesi all&#8217;anno, e quando lo fa vuole trovare una perla vergine, incurante di chi qui vuole vivere e lavorare\u201d, continua De Carlo, che a sostegno del suo ragionamento porta dati chiari: nel 2018, la superficie agricola in Italia \u00e8 stata superata da quella forestale, che oggi rappresenta il 40% del territorio nazionale contro l&#8217;11% raggiunto nel 1950. \u201cIl vero ambientalista, oggi, \u00e8 quello che rispetta l&#8217;ambiente restituendogli giusti spazi. Ecco perch\u00e8 rilancio la mia richiesta di ripristinare a pascolo e aree coltivabili i boschi e i terreni colpiti dal passaggio di Vaia: per creare economia, certo, ma anche per tornare a manutentare e curare un territorio che, se abbandonato come ora, sar\u00e0 sempre pi\u00f9 a rischio incendio, frane e alluvioni\u201d, continua De Carlo. Anche sul tema Olimpiadi 2026, De Carlo spinge per la realizzazione dell&#8217;evento: \u201cFratelli d&#8217;Italia conferma il suo supporto a un evento che, insieme a Cortina 2021, pu\u00f2 cambiare le sorti di un territorio, cos\u00ec come continuiamo a lavorare per la realizzazione del collegamento tra il Comelico e la Pusteria.Ci sono movimenti e associazioni ambientaliste che basano la propria esistenza sul no a priori: nei mesi scorsi, ho parlato, assieme al presidente Padrin e al consigliere provinciale Bortoluzzi, con il sottosegretario Giorgetti e abbiamo avuto la conferma che, se Olimpiadi saranno, dovranno essere eco-sostenibili ed eco-compatibili. Avanti tutta, quindi, con il rispetto per l&#8217;ambiente, ma, prima ancora, per chi vive, lavora e vede il suo futuro in montagna\u201d.<\/p>\n<p>&nbsp;<\/p>\n<p>&nbsp;<\/p>\n<p>&nbsp;<\/p>\n<p>&nbsp;<\/p>\n<h3>PREMIATI I VINCITORI DEL BUSINESS GAME AL CALVI<\/h3>\n<blockquote><p><em>Undici ragazzi hanno ricevuto buoni Amazon per un valore di 500 euro<\/em><\/p>\n<p><a class=\"dt-pswp-item\" href=\"http:\/\/www.radiopiu.net\/wordpress\/wp-content\/uploads\/2019\/03\/premiazioni-business-game-calvi-2019-026.jpg\" data-dt-img-description=\"\" data-large_image_width=\"1600\" data-large_image_height=\"1200\"><img loading=\"lazy\" decoding=\"async\" class=\"alignnone wp-image-80459 size-full\" src=\"http:\/\/www.radiopiu.net\/wordpress\/wp-content\/uploads\/2019\/03\/premiazioni-business-game-calvi-2019-026.jpg\" alt=\"\" width=\"1600\" height=\"1200\" srcset=\"https:\/\/www.radiopiu.net\/wordpress\/wp-content\/uploads\/2019\/03\/premiazioni-business-game-calvi-2019-026.jpg 1600w, https:\/\/www.radiopiu.net\/wordpress\/wp-content\/uploads\/2019\/03\/premiazioni-business-game-calvi-2019-026-300x225.jpg 300w, https:\/\/www.radiopiu.net\/wordpress\/wp-content\/uploads\/2019\/03\/premiazioni-business-game-calvi-2019-026-768x576.jpg 768w, https:\/\/www.radiopiu.net\/wordpress\/wp-content\/uploads\/2019\/03\/premiazioni-business-game-calvi-2019-026-1024x768.jpg 1024w\" sizes=\"auto, (max-width: 1600px) 100vw, 1600px\" \/><\/a><\/p><\/blockquote>\n<p>Undici studenti dell\u2019istituto tecnico Calvi sono stati premiati al termine del percorso di formazione e simulazione \u201cbusiness game\u201d realizzato con il contributo della Fondazione Cariverona. Ieri mattina, luned\u00ec 25 marzo, l\u2019aula magna della scuola si \u00e8 riempita per l\u2019atto finale di un lavoro che ha coinvolto studenti e insegnanti per otto mesi in oltre 100 ore di formazione extracurricolare. I premiati sono i componenti delle tre squadre che hanno vinto il business game, una particolare attivit\u00e0 che ha permesso ai partecipanti di simulare due anni di attivit\u00e0 di un\u2019impresa nel mercato \u2013 virtuale \u2013 dei componenti elettronici. Al primo posto si \u00e8 qualificato il team composto da Milena Arcudi, Nicole Casagrande, Davide Filippin e Alan Savi. Per loro il premio \u00e8 un buono Amazon del valore di 250 euro. In seconda posizione la squadra di Christian Gazzi, Danny Prest e Angela Righes che si \u00e8 aggiudicata un buono Amazon da 150 euro; infine in terza posizione la squadra composta da Silvia Casanova, Elena Bonafede, Angelica Pagnussat e Nicola Ebone a cui \u00e8 andato un buono Amazon di 100 euro. Oltre ai premiati erano presenti tutti i 45 studenti che hanno partecipato alle attivit\u00e0 formative, la dirigente scolastica Renata Dal Farra, l\u2019insegnante che ha seguito il progetto, Claudia Greggio, la referente provinciale per l\u2019alternanza scuola lavoro, Daniela Sartor. Baldovino Sponga e il sig. Collarin hanno rappresentato l\u2019associazione ex studenti del Calvi. Ha consegnato i premi Michele Dal Farra, presidente di Met\u00e0logos, la societ\u00e0 che ha accompagnato la scuola in questo percorso. Tra gli ospiti anche Sofia Fregona, titolare dell\u2019azienda Plastics con cui la scuola ha avviato una collaborazione sul fronte dell\u2019alternanza.<\/p>\n<p>&nbsp;<\/p>\n<p>&nbsp;<\/p>\n<blockquote><p>&nbsp;<\/p><\/blockquote>\n<p>&nbsp;<\/p>\n<h3>VENERD\u00cc\u00a0 LA GRANDE FESTA DELLA PROTEZIONE CIVILE PER GLI &#8220;IMMENSAMENTI&#8221; DISPONIBILI<\/h3>\n<p><strong>VENEZIA<\/strong>\u00a0 Si svolger\u00e0 venerd\u00ec dalle 18.30 presso la Spes Arena di Belluno la cerimonia che la Regione Veneto ha voluto dedicare a tutte le componenti del volontariato regionale di Protezione Civile. Un appuntamento che intende essere momento di ringraziamento per il lavoro svolto nelle emergenze dai volontari che tanto si sono adoperati durante il maltempo dello scorso autunno ma anche in altre calamit\u00e0 succedutesi durante l\u2019anno. Numerosi gli ospiti che si alterneranno sul palco. Ad aprire la serata saranno, infatti, gli interventi del capo del Dipartimento Nazionale della Protezione Civile Angelo Borrelli e di quello dei vigili del Fuoco Fabio Dattilo, che daranno il benvenuto alle centinaia di volontari presenti. All\u2019assessore alla Protezione Civile Gianpaolo Bottacin, oltre che gli onori di casa di casa, spetter\u00e0 il compito della consegna degli attestati di benemerenza regionale alle organizzazioni di volontariato.<\/p>\n<p>&nbsp;<\/p>\n<p>&nbsp;<\/p>\n<h3><a class=\"dt-pswp-item\" href=\"http:\/\/www.radiopiu.net\/wordpress\/wp-content\/uploads\/2019\/02\/Lambioi-3.jpg\" data-dt-img-description=\"\" data-large_image_width=\"1336\" data-large_image_height=\"1004\"><img loading=\"lazy\" decoding=\"async\" class=\"wp-image-76309 alignleft\" src=\"http:\/\/www.radiopiu.net\/wordpress\/wp-content\/uploads\/2019\/02\/Lambioi-3.jpg\" alt=\"\" width=\"170\" height=\"128\" srcset=\"https:\/\/www.radiopiu.net\/wordpress\/wp-content\/uploads\/2019\/02\/Lambioi-3.jpg 1336w, https:\/\/www.radiopiu.net\/wordpress\/wp-content\/uploads\/2019\/02\/Lambioi-3-300x225.jpg 300w, https:\/\/www.radiopiu.net\/wordpress\/wp-content\/uploads\/2019\/02\/Lambioi-3-768x577.jpg 768w, https:\/\/www.radiopiu.net\/wordpress\/wp-content\/uploads\/2019\/02\/Lambioi-3-1024x770.jpg 1024w\" sizes=\"auto, (max-width: 170px) 100vw, 170px\" \/><\/a>29 MARZO SPES ARENA GRATUITA PER IL RICONOSCIMENTO AI VOLONTARI.<\/h3>\n<p><strong>BELLUNO <\/strong>La Giunta Comunale, ha deciso di concedere gratuitamente la Spes Arena alla Regione Veneto, su richiesta di quest&#8217;ultima, per il meeting della protezione civile in programma venerd\u00ec\u00a0 alle 18,30. Il perch\u00e9 lo abbiamo chiesto al sindaco Jacopo Massaro<\/p>\n<p><strong>AUDIO<\/strong><\/p>\n<audio class=\"wp-audio-shortcode\" id=\"audio-80451-4\" preload=\"none\" style=\"width: 100%;\" controls=\"controls\"><source type=\"audio\/mpeg\" src=\"http:\/\/www.radiopiu.net\/wordpress\/wp-content\/uploads\/2019\/03\/MASSSSS.mp3?_=4\" \/><a href=\"http:\/\/www.radiopiu.net\/wordpress\/wp-content\/uploads\/2019\/03\/MASSSSS.mp3\">http:\/\/www.radiopiu.net\/wordpress\/wp-content\/uploads\/2019\/03\/MASSSSS.mp3<\/a><\/audio>\n<p>&nbsp;<\/p>\n<p>&nbsp;<\/p>\n<p>&nbsp;<\/p>\n<p>&nbsp;<\/p>\n<h3>VIVAIO DOLOMITI SULLA ASSEMBLEA DI LUNEDI, BILANCIO E NUOVO CONSIGLIO<\/h3>\n<p><em>L\u2019assemblea si \u00e8 espressa all\u2019unanimit\u00e0 sulla nuova composizione del consiglio direttivo, che a breve si riunir\u00e0 per definire le cariche sociali.<\/em><\/p>\n<p><a class=\"dt-pswp-item\" href=\"http:\/\/www.radiopiu.net\/wordpress\/wp-content\/uploads\/2018\/07\/VIVAIO-DOLOMITI.jpg\" data-dt-img-description=\"\" data-large_image_width=\"247\" data-large_image_height=\"204\"><img loading=\"lazy\" decoding=\"async\" class=\" wp-image-53894 alignleft\" src=\"http:\/\/www.radiopiu.net\/wordpress\/wp-content\/uploads\/2018\/07\/VIVAIO-DOLOMITI.jpg\" alt=\"\" width=\"153\" height=\"126\" \/><\/a><strong>BELLUNO<\/strong> Si \u00e8 svolta luned\u00ec sera l\u2019assemblea dei soci, momento importante per trarre le conclusioni di un 2018 che ha visto l\u2019associazione impegnata a portare avanti le sue attivit\u00e0. Il presidente Gianni Pastella le ha riassunte, ricordando il lavoro fatto contro l\u2019elettrodotto Terna, per il Nevegal, per la mobilit\u00e0 e lo sviluppo del territorio. Scopo di Vivaio \u00e8 stimolare il dibattito su alcuni argomenti determinanti per il futuro della provincia e il lavoro proseguir\u00e0 anche nel 2019 con le attivit\u00e0 in programma (convegni e eventi in fase di organizzazione).<\/p>\n<p>DI DAMIANO TORMEN<\/p>\n<blockquote><audio class=\"wp-audio-shortcode\" id=\"audio-80451-5\" preload=\"none\" style=\"width: 100%;\" controls=\"controls\"><source type=\"audio\/mpeg\" src=\"http:\/\/www.radiopiu.net\/wordpress\/wp-content\/uploads\/2019\/03\/DAMIANO-7.mp3?_=5\" \/><a href=\"http:\/\/www.radiopiu.net\/wordpress\/wp-content\/uploads\/2019\/03\/DAMIANO-7.mp3\">http:\/\/www.radiopiu.net\/wordpress\/wp-content\/uploads\/2019\/03\/DAMIANO-7.mp3<\/a><\/audio>\n<p><em><strong>Il Nuovo Consiglio direttivo.<\/strong> Ai membri uscenti (Gianni Pastella, Adriano Barioli, Piero Balzan, Simonetta Buttignon, Lorena Ghirardini, Daiana Broi e Renata Dal Farra) si sono aggiunti tre rappresentanti del Gruppo Nevegal (Federica Tognon, Sergio Zilli e Daniele Libralon) e due del Gruppo Giovani, Matteo Zovi e Alessandro Zanchetta. L\u2019assemblea si \u00e8 espressa all\u2019unanimit\u00e0 sulla nuova composizione del consiglio direttivo, che a breve si riunir\u00e0 per definire le cariche sociali.<\/em><\/p><\/blockquote>\n<p>&nbsp;<\/p>\n<p>&nbsp;<\/p>\n<p>&nbsp;<\/p>\n<h2>ACCOGLIENZA DECISIVA E FONDAMENTALE PER MILANO CORTINA<\/h2>\n<p><strong><a class=\"dt-pswp-item\" href=\"http:\/\/www.radiopiu.net\/wordpress\/wp-content\/uploads\/2016\/07\/Preolimpicoitalia-640x360.jpg\" data-dt-img-description=\"\" data-large_image_width=\"640\" data-large_image_height=\"360\"><img loading=\"lazy\" decoding=\"async\" class=\" wp-image-21553 alignleft\" src=\"http:\/\/www.radiopiu.net\/wordpress\/wp-content\/uploads\/2016\/07\/Preolimpicoitalia-640x360-300x169.jpg\" alt=\"\" width=\"225\" height=\"127\" \/><\/a>BELLUNO<\/strong> A pochi giorni dal termine di chiusura per l&#8217;invio al Comitato Coordinatore della Candidatura Olimpica \u201cMilano Cortina 2026\u201d delle garanzie per le camere da parte degli alberghi del territorio, il sistema Federalberghi del nostro territorio stringe le fila e rafforza ulteriormente l&#8217;appello rivolto agli albergatori bellunesi affinch\u00e9 rispondano alle richieste di disponibilit\u00e0 delle camere cos\u00ec da rendere forte, anche sotto il profilo dell&#8217;accoglienza, la candidatura olimpica. Non \u00e8 per nulla secondario, secondo i rappresentanti locali degli albergatori, il fatto che dare ora il giusto peso alla candidatura con la garanzia dell&#8217;accoglienza richiesta dal CIO potrebbe costituire un fattore decisivo per l&#8217;assegnazione. Ed in tal caso, alla voce investimenti, Federalberghi ha gi\u00e0 avviato sotto il profilo politico le relazioni del caso affinch\u00e9 all&#8217;assegnazione corrisponda un piano finanziario dedicato alla riqualificazione del settore.<\/p>\n<p>&nbsp;<\/p>\n<p>&nbsp;<\/p>\n<p>&nbsp;<\/p>\n<h2>LIERA ALTA, PER IL COMITATO BENE DA DIFENDERE CON OGNI MEZZO<\/h2>\n<p><strong>DI GIANNI SANTOMASO<\/strong><\/p>\n<audio class=\"wp-audio-shortcode\" id=\"audio-80451-6\" preload=\"none\" style=\"width: 100%;\" controls=\"controls\"><source type=\"audio\/mpeg\" src=\"http:\/\/www.radiopiu.net\/wordpress\/wp-content\/uploads\/2019\/03\/GIANNI-LIERA.mp3?_=6\" \/><a href=\"http:\/\/www.radiopiu.net\/wordpress\/wp-content\/uploads\/2019\/03\/GIANNI-LIERA.mp3\">http:\/\/www.radiopiu.net\/wordpress\/wp-content\/uploads\/2019\/03\/GIANNI-LIERA.mp3<\/a><\/audio>\n<p><strong>CANALE D&#8217;AGORDO\u00a0<\/strong> Luned\u00ec alle 14.30\u00a0 in sala ex Cavallino: Dolomiti Derivazioni presenta alla cittadinanza il proprio progetto di centralina.<em> &#8220;Naturalmente dice Giulia Fiocco a nome del comitato cittadini per il territorio &#8211;\u00a0 si tratta della solita centralina, quella contro la quale \u00e8 stato promosso il ricorso dei cittadini nel 2017, non di un&#8217; altra, ulteriore centralina. Importante precisare. La presenza alla presentazione del progetto di un buon numero di cittadini \u00e8 molto importante, per cui come comitato &#8220;Cittadini per il territorio&#8221;, invitiamo chi ha tempo a partecipare&#8221;. <\/em>L&#8217;incontro \u00e8 \u00a0un atto dovuto, conseguente alla domanda di VIA (Valutazione di Impatto Ambientale) che la Societ\u00e0 ha inviato alla Commissione regionale, preliminare al rilascio dell\u2019 autorizzazione unica.<em><br \/>\n&#8220;Tutto perduto, quindi? -continua la Fiocco &#8211; a ssolutamente no Il ricorso dei cittadini di Canale d\u2019 Agordo al T. S.A.P. per l\u2019 annullamento della concessione rilasciata alla Societ\u00e0 dalla Provincia, va avanti regolarmente (prossima udienza il 15 maggio p.v.). Osservazioni potranno inoltre essere presentate alla Commissione VIA&#8221;.<br \/>\n<\/em><\/p>\n<p>&nbsp;<\/p>\n<p>&nbsp;<\/p>\n<p>&nbsp;<\/p>\n<h2>NUOVO SIMBOLO PER I LADINI BELLUNESI E L&#8217;INIZIATIVA E&#8217; DELL&#8217;UNIONE LADINA VAL BIOIS<\/h2>\n<p><strong><a class=\"dt-pswp-item\" href=\"http:\/\/www.radiopiu.net\/wordpress\/wp-content\/uploads\/2019\/03\/Simbolo-Ladin-Ladins-Ladign-1.jpg\" data-dt-img-description=\"\" data-large_image_width=\"2339\" data-large_image_height=\"1654\"><img loading=\"lazy\" decoding=\"async\" class=\" wp-image-80471 alignleft\" src=\"http:\/\/www.radiopiu.net\/wordpress\/wp-content\/uploads\/2019\/03\/Simbolo-Ladin-Ladins-Ladign-1-300x212.jpg\" alt=\"\" width=\"255\" height=\"180\" srcset=\"https:\/\/www.radiopiu.net\/wordpress\/wp-content\/uploads\/2019\/03\/Simbolo-Ladin-Ladins-Ladign-1-300x212.jpg 300w, https:\/\/www.radiopiu.net\/wordpress\/wp-content\/uploads\/2019\/03\/Simbolo-Ladin-Ladins-Ladign-1-768x543.jpg 768w, https:\/\/www.radiopiu.net\/wordpress\/wp-content\/uploads\/2019\/03\/Simbolo-Ladin-Ladins-Ladign-1-1024x724.jpg 1024w\" sizes=\"auto, (max-width: 255px) 100vw, 255px\" \/><\/a>FALCADE<\/strong> Quando tradizione e storia si uniscono al mondo social: \u00e8 nato dal confronto su Facebook il nuovo simbolo dei ladini bellunesi, su iniziativa dell&#8217;Union Ladina Val Biois supportata dalla grafica agordina Iliana Comina.<\/p>\n<p>&nbsp;<\/p>\n<p><em>\u201cAbbiamo voluto pensare ad un simbolo che rappresentasse l&#8217;area ladina dell&#8217;Alto Bellunese, che potesse unire le comunit\u00e0 dell&#8217;Agordino, dello Zoldano, del Cadore e del Comelico. &#8211; spiegano dall&#8217;Union Ladina Val Biois \u2013Cercavamo un simbolo che si distinguesse dalla classica bandiera ladina, natain un contesto storico particolare in rappresentanza delle comunit\u00e0 ladinebrissino-tirolesi\u201d.<\/em> Cos\u00ec, in poco tempo, l&#8217;idea lanciata sui social network ha raccolto molti apprezzamenti e tante proposte, che hanno preso forma grazie alla professionalit\u00e0 di Comina: un lavoro di settimane, puntualmente presentato al\u201cpopolo della rete\u201d che ha proseguito a suggerire migliorie e modifiche, fino alla versione definitiva. <em>\u201cHo provato a proporre una mia versione della questione ladina: &#8211; spiega Comina &#8211; ho immaginato un simbolo di apparenza delle aree dell\u2019Alto Bellunese che hanno comuni tradizioni, linguaggio, usi e costumi, socialit\u00e0, cucina, abbigliamento, con evoluzioni diverse e con mille e millesfaccettature, che hanno portato a identit\u00e0 diverse, ugualmente preziose, chevanno preservate\u201d. Dalla tradizionale idea della bandiera, si \u00e8 arrivati cos\u00ec ad un logo carico di valori simbolici: \u201cAbbiamo usato i colori come elementi che rendanotridimensionale la montagna, in un gioco di ombre e piani, &#8211; continua Comina\u2013 che si lega al concetto dei luoghi e delle persone che sfaccettano e rendonoparticolare il territorio, proprio come le rocce che si formano nel tempo econtinuano comunque e sempre a rimodellarsi e cambiare. La montagnadiventa il profilo di riconoscimento territoriale, il tracciato di un battito di molticuori, i nomi delle quattro zone si intrecciano nel cielo e alcune lettere siprestano per formare le altre parole\u201d. \u201cIl logo finale \u2013 conclude la grafica \u2013 \u00e8 un simbolo moderno e versatile che rappresenta la montagna e le particolarit\u00e0 di alcuni suoi popoli e culture, in una sinergia che rafforza l&#8217;identit\u00e0 sempre nell&#8217;ottica dell&#8217;avanzamento, della condivisione, della solidariet\u00e0 e cura reciproca. Questi sono i veri valori della montagna, questi sono i veri valori dei popoli ladini e di qualsiasi meravigliosa zona dolomitica\u201d. Dopo quello nel mondo virtuale, ci si augura che il simbolo sia ora utilizzato anche nel mondo reale, dall\u2019ambito culturale\/storico\/identitario a quello turistico\/informativo&#8221;.<\/em><\/p>\n<p>&nbsp;<\/p>\n<p>&nbsp;<\/p>\n<p>&nbsp;<\/p>\n<p>&nbsp;<\/p>\n<h2>SETTIMANA DELL&#8217;AFFIDO FAMILIARE COMUNE E\u00a0 ULSS 1 IN CAMPO<\/h2>\n<p style=\"text-align: left;\"><strong><a class=\"dt-pswp-item\" href=\"http:\/\/www.radiopiu.net\/wordpress\/wp-content\/uploads\/2019\/03\/IMG-20190321-WA0002.jpg\" data-dt-img-description=\"\" data-large_image_width=\"1080\" data-large_image_height=\"800\"><img loading=\"lazy\" decoding=\"async\" class=\" wp-image-80484 alignleft\" src=\"http:\/\/www.radiopiu.net\/wordpress\/wp-content\/uploads\/2019\/03\/IMG-20190321-WA0002-300x222.jpg\" alt=\"\" width=\"232\" height=\"172\" srcset=\"https:\/\/www.radiopiu.net\/wordpress\/wp-content\/uploads\/2019\/03\/IMG-20190321-WA0002-300x222.jpg 300w, https:\/\/www.radiopiu.net\/wordpress\/wp-content\/uploads\/2019\/03\/IMG-20190321-WA0002-768x569.jpg 768w, https:\/\/www.radiopiu.net\/wordpress\/wp-content\/uploads\/2019\/03\/IMG-20190321-WA0002-1024x759.jpg 1024w, https:\/\/www.radiopiu.net\/wordpress\/wp-content\/uploads\/2019\/03\/IMG-20190321-WA0002.jpg 1080w\" sizes=\"auto, (max-width: 232px) 100vw, 232px\" \/><\/a>FELTRE\u00a0<\/strong> Mancano 10 giorni all&#8217;avvio della settimana dell&#8217;affido familiare, iniziativa nata da una positiva sinergia tra i Centri per l&#8217;Affido e la Solidariet\u00e0 Familiare di Belluno e Feltre ed i comuni e le associazioni della provincia. In particolare, a Feltre l&#8217;iniziativa \u00e8 stata il frutto dell&#8217;incontro e lo scambio proficuo tra il Centro per l&#8217;Affido ed il Comune di Feltre, con la collaborazione del Comune di Fonzaso, che vede l\u2019importante collaborazione delle associazioni Tilt, Papiria, del Casel di Cellarda e della scuola primaria di Arten. L&#8217;obiettivo della settimana per l&#8217;affido \u00e8 sensibilizzare la popolazione sul tema dell&#8217;accoglienza e della solidariet\u00e0 familiare e far conoscere la realt\u00e0 dell&#8217;affido, attraverso iniziative che coinvolgano tutta la famiglia, bambini inclusi. Molti gli appuntamenti in programma. Il primo, che si terr\u00e0 mercoled\u00ec 27 marzo dalle 17 alle 18 presso il Casel di Celarda, prevede delle letture animate per i pi\u00f9 piccoli e delle testimonianze sull\u2019affido per i genitori. I bambini saranno coinvolti con una avvincente lettura a due voci, che preveder\u00e0 in un successivo momento anche un laboratorio per costruire manualmente i personaggi della storia. Gli adulti potranno contemporaneamente concedersi uno spazio di tranquillit\u00e0 e di scambio con gli operatori del Centro per l&#8217;Affido, ascoltando anche una testimonianza di una famiglia affidataria. Altri appuntamenti sono poi in programma, sempre con momenti specifici dedicati ai bambini e ai genitori, gioved\u00ec 4 aprile dalle 15.15 presso la biblioteca di Arten e sabato 6 aprile alle 15 presso la Bimboteca di Feltre. Lo stesso giorno, a partire dalle 17, il Baby Star di Feltre ospiter\u00e0 l\u2019appuntamento mensile di \u201cQuel bicchiere mezzo pieno\u201d dedicato proprio al tema dell\u2019affido. \u201cL\u2019istituto dell\u2019affido, da non confondere con l\u2019adozione, \u00e8 uno strumento che pu\u00f2 rivelarsi estremamente prezioso nell\u2019accompagnamento alla crescita di bambini con problematiche familiari di vario tipo, ma pu\u00f2 rappresentare anche per i genitori un\u2019occasione di crescita straordinaria\u201d, commenta l\u2019assessora alle politiche familiari del Comune di Feltre Debora Nicoletto. \u201cQuesta iniziativa condivisa vuole essere un momento di formazione-informazione prezioso per tutti i cittadini del bacino feltrino, un\u2019occasione da non perdere per conoscere da vicino opportunit\u00e0 e storie di vita legate all\u2019esperienza dell\u2019affido; invitiamo tutti coloro che sono potenzialmente interessati all\u2019argomento ad approfittare dell\u2019occasione\u201d, conclude Nicoletto, che ricorda come l\u2019iniziativa rientri nel pi\u00f9 ampio spettro della variegata offerta del Progetto Family, avviato lo scorso anno per diffondere una cultura dell\u2019accoglienza che faccia di Feltre sempre pi\u00f9 una citt\u00e0 a misura\u2026 di famiglia.<\/p>\n<p>&nbsp;<\/p>\n<p>&nbsp;<\/p>\n<p>&nbsp;<\/p>\n<p>&nbsp;<\/p>\n<h2>FELTRE LIMITAZIONI AL TRAFFICO<\/h2>\n<p>Al fine di procedere all&#8217;esecuzione di alcuni lavori inerenti il taglio di piante in viale del Piave e via C. Castaldi,\u00a0 oggi e domani\u00a0 dalle \u00a08,15 alle 17,00: chiusura al transito di tutti i veicoli, motocicli, cicli e pedoni (escluso autobus servizio scolastico) del tratto di viale del Piave compreso fra l&#8217;ingresso del Hotel Doriguzzi (escluso) e l&#8217;incrocio con via C. Castaldi e del tratto di via C. Castaldi compreso fra l&#8217;ingresso della scuola elementare (escluso) e l&#8217;incrocio con viale del Piave; divieto di sosta con rimozione per tutti i veicoli nel tratto di viale Del Piave compreso fra l&#8217;ingresso del Hotel Doriguzzi (escluso) e l&#8217;incrocio con via C. Castaldi e del tratto di via C. Castaldi compreso fra l&#8217;ingresso della scuola elementare (escluso) e l&#8217;incrocio con viale del Piave;<\/p>\n<p>&nbsp;<\/p>\n<p>&nbsp;<\/p>\n<p>&nbsp;<\/p>\n<blockquote>\n<h2>ONOREFICENZA A LUDOVICO TREVISSON<\/h2>\n<\/blockquote>\n<p><strong>LIMANA\u00a0<\/strong> Passaggio di grado nell\u2019ambito delle Onorificenze al merito per Ludovico Trevisson titolare della Meccanostampi di Limana che da Cavaliere diventa Ufficiale della Repubblica. Il prestigioso riconoscimento\u00a0 premia coloro che hanno favorito il progresso civile e culturale della collettivit\u00e0, il dialogo e la coesione sociale, l\u2019associazionismo e la solidariet\u00e0, il volontariato, la tutela del territorio e delle civilt\u00e0 locali. Lo spirito, la passione, le competenze tecniche, l\u2019intuito, la lungimiranza e l\u2019amore per il territorio sono alcune delle caratteristiche che contraddistinguono Ludovico Trevisson e che hanno portato all\u2019attribuzione di questo nuovo grado nell\u2019ambito delle Onorificenze al merito. Ludovico Trevisson \u00e8 una figura di primissimo piano del panorama imprenditoriale bellunese e a dimostrarlo sono i numeri: la Meccanostampi, l\u2019azienda che ha fondato 54 anni fa \u00e8 in continua crescita: conta oltre 260 collaboratori distribuiti su 4 stabilimenti nel Comune di Limana per 25 mila mq di copertura e dotati di 140 presse a iniezione, realizza un fatturato di circa 35 milioni di euro nel 2017 (+6% rispetto all\u2019anno precedente) e un valore nelle esportazioni pari al 25%.<\/p>\n<blockquote>\n<h2><\/h2>\n<h2><\/h2>\n<h2><\/h2>\n<h2>GATTO ASTUCCI A PARIGI AL POPAI AWARDS CON UN INTERVENTO SU SOSTENIBILITA&#8217; E TECNOLOGIA<\/h2>\n<\/blockquote>\n<p><strong>DOMEGGE DI CADORE<\/strong> Anche quest\u2019anno l\u2019appuntamento Parigino del POPAI AWARDS del 26 marzo, vede tra i suoi protagonisti il Gruppo Gatto: per la manifestazione pi\u00f9 importante del settore a livello internazionale, legata al POP, POS e display. Il Gruppo \u00e8 presente con due progetti legati al mondo della Cosmesi e con un intervento in plenaria sul tema della sostenibilit\u00e0 e della tecnologia. Il direttore generale del Gruppo, Dottor Cristian Paravano, sottolinea: \u201cLa nostra propensione a innovare i prodotti ed i processi coniugata alla consapevolezza per l\u2019ambiente sono e saranno gli obiettivi del nostro Gruppo. Saremo presenti a Parigi con delle soluzioni prodotte dalla Sarno Display, nostra sub-holding del BU Display, contraddistinte dall\u2019inconfondibile stile e livello qualitativo ma nel contempo consapevoli delle necessit\u00e0 del nostro ambiente. \u201c<\/p>\n<p>&nbsp;<\/p>\n<p>&nbsp;<\/p>\n<h3>SECONDO BANDO PER AIUTARE GIOVANI CON DISABILIT\u00c0 CON \u201cLA MONGOLFIERA DI GIORGIA\u201d<\/h3>\n<p><strong><a class=\"dt-pswp-item\" href=\"http:\/\/www.radiopiu.net\/wordpress\/wp-content\/uploads\/2019\/01\/la-Mongolfiera-di-Giorgia-consiglio-direttivo.jpg\" data-dt-img-description=\"\" data-large_image_width=\"1199\" data-large_image_height=\"809\"><img loading=\"lazy\" decoding=\"async\" class=\"wp-image-71347 alignleft\" src=\"http:\/\/www.radiopiu.net\/wordpress\/wp-content\/uploads\/2019\/01\/la-Mongolfiera-di-Giorgia-consiglio-direttivo.jpg\" alt=\"\" width=\"233\" height=\"157\" srcset=\"https:\/\/www.radiopiu.net\/wordpress\/wp-content\/uploads\/2019\/01\/la-Mongolfiera-di-Giorgia-consiglio-direttivo.jpg 1199w, https:\/\/www.radiopiu.net\/wordpress\/wp-content\/uploads\/2019\/01\/la-Mongolfiera-di-Giorgia-consiglio-direttivo-300x202.jpg 300w, https:\/\/www.radiopiu.net\/wordpress\/wp-content\/uploads\/2019\/01\/la-Mongolfiera-di-Giorgia-consiglio-direttivo-768x518.jpg 768w, https:\/\/www.radiopiu.net\/wordpress\/wp-content\/uploads\/2019\/01\/la-Mongolfiera-di-Giorgia-consiglio-direttivo-1024x691.jpg 1024w\" sizes=\"auto, (max-width: 233px) 100vw, 233px\" \/><\/a>BELLUNO<\/strong> L&#8217;associazione \u201cLa Mongolfiera di Giorgia\u201d ha pubblicato sul suo sito internet il secondo bando per l&#8217;erogazione di contributi a sostegno di giovani con disabilit\u00e0, anche temporanea. L&#8217;iniziativa vuole finanziare progetti ludico\/ricreativi, sportivi, educativi, scolastici e sanitari, insomma utili per la riabilitazione e il sollievo psico-fisico. La data non \u00e8 scelta a caso: il 26 marzo \u00e8 infatti il 22esimo compleanno di Giorgia Praloran, morta nell&#8217;ottobre 2016 a causa di un tumore al cervello all&#8217;et\u00e0 di 19 anni. Possono partecipare al presente bando i giovani, residenti in Veneto o seguite da strutture pubbliche sanitarie, affetti da disabilit\u00e0 (anche temporanea) legalmente certificate, con forme di disagio in genere ed et\u00e0 compresa tra i 13 ai 24 anni. Non \u00e8 possibile presentare pi\u00f9 di un progetto. L&#8217;associazione si riserva la libert\u00e0 di erogare parte dei fondi a soggetti segnalati ufficialmente dalle ULSS di competenza. La somma complessiva messa a disposizione \u00e8 di 3 mila euro. Eventuali fondi non assegnati saranno riutilizzati per il bando successivo. I progetti vanno presentati anche via mail all&#8217;indirizzo lamongolfieradigiorgia@gmail.com entro il 26 maggio con l&#8217;invio del materiale richiesto secondo le modalit\u00e0 ben esplicitate nel bando online all&#8217;indirizzo www.lamongolfieradigiorgia.it.<\/p>\n<p>&nbsp;<\/p>\n<p>&nbsp;<\/p>\n<p>&nbsp;<\/p>\n<h1 class=\"entry-title\"><a class=\"dt-pswp-item\" href=\"http:\/\/www.radiopiu.net\/wordpress\/wp-content\/uploads\/2019\/03\/CROCE-2.jpg\" data-dt-img-description=\"\" data-large_image_width=\"300\" data-large_image_height=\"168\"><img loading=\"lazy\" decoding=\"async\" class=\" wp-image-80525 alignleft\" src=\"http:\/\/www.radiopiu.net\/wordpress\/wp-content\/uploads\/2019\/03\/CROCE-2.jpg\" alt=\"\" width=\"229\" height=\"128\" \/><\/a><\/h1>\n<h1><\/h1>\n<h1><\/h1>\n<h1 class=\"entry-title\">SPECIALE CROCE VERDE VAL BIOIS 21 MILA CHILOMETRI IN UN ANNO PER 471 INTERVENTI<\/h1>\n<blockquote class=\"wp-embedded-content\" data-secret=\"eXdlzx3Akt\"><p><a href=\"https:\/\/www.radiopiu.net\/wordpress\/speciale-croce-verde-val-biois-21-mila-chilometri-in-un-anno-per-471-interventi\/\">SPECIALE CROCE VERDE VAL BIOIS 21 MILA CHILOMETRI IN UN ANNO PER 471 INTERVENTI<\/a><\/p><\/blockquote>\n<p><iframe loading=\"lazy\" class=\"wp-embedded-content\" sandbox=\"allow-scripts\" security=\"restricted\" style=\"position: absolute; clip: rect(1px, 1px, 1px, 1px);\" src=\"https:\/\/www.radiopiu.net\/wordpress\/speciale-croce-verde-val-biois-21-mila-chilometri-in-un-anno-per-471-interventi\/embed\/#?secret=eXdlzx3Akt\" data-secret=\"eXdlzx3Akt\" width=\"600\" height=\"338\" title=\"&#8220;SPECIALE CROCE VERDE VAL BIOIS 21 MILA CHILOMETRI IN UN ANNO PER 471 INTERVENTI&#8221; &#8212; Radio Pi\u00f9\" frameborder=\"0\" marginwidth=\"0\" marginheight=\"0\" scrolling=\"no\"><\/iframe><\/p>\n<p>&nbsp;<\/p>\n<p>&nbsp;<\/p>\n<p>&nbsp;<\/p>\n<h2>MERCOLEDI A CELLARDA LA LETTURA ANIMATA<\/h2>\n<p><strong>FELTRE.<\/strong> Una lettura animata per promuovere la settimana dell&#8217;affido familiare. Appuntamento per bambini e genitori oggi dalle 17 alle 18.00 al Casel di Cellarda.\u00a0 Gli adulti potranno contemporaneamente concedersi uno spazio di tranquillit\u00e0 e di scambio con gli operatori del Centro per l&#8217;Affido, ascoltando anche una testimonianza di una famiglia affidataria.<\/p>\n<p>&nbsp;<\/p>\n<h2>BIM PIAVE IN ASSEMBLEA<\/h2>\n<p><strong>BELLUNO<\/strong> L\u2019Assemblea Generale del Consorzio BIM Piave di Belluno \u00e8 convocata in seduta pubblica per domani 28 alle\u00a0 16 presso la Sala Affreschi dell\u2019Amministrazione Provinciale in Via Sant\u2019Andrea. Ordine del giorno:\u00a0 I variazione al Bilancio di Previsione 2019-2021; Modifica Regolamento per l\u2019assegnazione di contributi in conto capitale ai Comuni consorziati.<\/p>\n<p>&nbsp;<\/p>\n<h2>ATROSI O ATRITE AI GIOVEDI DELLA SALUTE<\/h2>\n<p><strong>BELLUNO<\/strong> Gioved\u00ec alle 18\u00a0 in sala riunioni dell\u2019ospedale San Martino, si terr\u00e0 il consueto appuntamento quindicinale dei Gioved\u00ec della Salute. L\u2019incontro avr\u00e0 come titolo: : <strong>\u201cArtrosi o artrite? Questo \u00e8 il dilemma.\u201d <\/strong>La dott.ssa Chiara Grava, Dirigente Medico Reumatologo dell\u2019ospedale di Belluno, partendo dalla descrizione di casi clinici spiegher\u00e0 la differenza tra artrosi e artrite, mettendo a confronto le due patologie. Seguiranno degli accenni alla terapia e verranno infine fornite alcune indicazioni per la prevenzione dell\u2019artrosi.<\/p>\n<p>&nbsp;<\/p>\n<p>&nbsp;<\/p>\n<h3>UNPLI, ASSEMBLEA ANNUALE<\/h3>\n<p><strong>ALANO DI PIAVE<\/strong> L&#8217;assemblea annuale dell Unpli (Comitato Proloco Belluno) di terr\u00e0 domenica ad Alano di Piave nella sala della Biblioteca. Programma: dalle 9 assemblea, \u00a013\u00a0 pranzo,\u00a0nel pomeriggio visita guidata del Museo storico territoriale di Campo<\/p>\n<p>&nbsp;<\/p>\n<p>&nbsp;<\/p>\n<p>&nbsp;<\/p>\n<p>&nbsp;<\/p>\n<p>&nbsp;<\/p>\n<p><a class=\"dt-pswp-item\" href=\"http:\/\/www.radiopiu.net\/wordpress\/wp-content\/uploads\/2019\/03\/spettacoli.jpg\" data-dt-img-description=\"\" data-large_image_width=\"800\" data-large_image_height=\"100\"><img loading=\"lazy\" decoding=\"async\" class=\"alignnone size-full wp-image-79254\" src=\"http:\/\/www.radiopiu.net\/wordpress\/wp-content\/uploads\/2019\/03\/spettacoli.jpg\" alt=\"\" width=\"800\" height=\"100\" srcset=\"https:\/\/www.radiopiu.net\/wordpress\/wp-content\/uploads\/2019\/03\/spettacoli.jpg 800w, https:\/\/www.radiopiu.net\/wordpress\/wp-content\/uploads\/2019\/03\/spettacoli-300x38.jpg 300w, https:\/\/www.radiopiu.net\/wordpress\/wp-content\/uploads\/2019\/03\/spettacoli-768x96.jpg 768w\" sizes=\"auto, (max-width: 800px) 100vw, 800px\" \/><\/a><\/p>\n<p>&nbsp;<\/p>\n<blockquote>\n<h2>SPLASH PARTY 2019: DOMENICA 31 MARZO AD ALLEGHE IL PARTY DI CHIUSURA DELLA STAGIONE INVERNALE PI\u00da FAMOSO DELLE DOLOMITI<\/h2>\n<\/blockquote>\n<p><strong><a class=\"dt-pswp-item\" href=\"http:\/\/www.radiopiu.net\/wordpress\/wp-content\/uploads\/2019\/03\/12108085_977203392367197_5835833030469826162_n.jpg\" data-dt-img-description=\"\" data-large_image_width=\"960\" data-large_image_height=\"640\"><img loading=\"lazy\" decoding=\"async\" class=\"alignnone size-full wp-image-80486\" src=\"http:\/\/www.radiopiu.net\/wordpress\/wp-content\/uploads\/2019\/03\/12108085_977203392367197_5835833030469826162_n.jpg\" alt=\"\" width=\"960\" height=\"640\" srcset=\"https:\/\/www.radiopiu.net\/wordpress\/wp-content\/uploads\/2019\/03\/12108085_977203392367197_5835833030469826162_n.jpg 960w, https:\/\/www.radiopiu.net\/wordpress\/wp-content\/uploads\/2019\/03\/12108085_977203392367197_5835833030469826162_n-300x200.jpg 300w, https:\/\/www.radiopiu.net\/wordpress\/wp-content\/uploads\/2019\/03\/12108085_977203392367197_5835833030469826162_n-768x512.jpg 768w\" sizes=\"auto, (max-width: 960px) 100vw, 960px\" \/><\/a>ALLEGHE<\/strong> La chiusura della stagione sciistica \u00e8 spesso accompagnata da sentimenti di tristezza e malinconia da parte di appassionati e amanti della neve che dovranno attendere ancora diversi mesi prima di rimettere ai piedi sci, tavole e scarponi. Fortunatamente per\u00f2, da oltre un decennio ad Alleghe, si \u00e8 trovata una soluzione per salutare con il sorriso la stagione invernale nelle Dolomiti: \u00e8 lo Splash Party, l&#8217;attesissimo evento ai piedi del Civetta che annualmente riunisce migliaia di giovani che si danno appuntamento per una giornata all&#8217;insegna del divertimento e della goliardia. Quest&#8217;anno l&#8217;evento \u00e8 fissato domenica 31 Marzo ai Piani di Pezz\u00e8. Il tema dell&#8217;edizione 2019 al quale si dovranno ispirare gli impavidi perfomers sar\u00e0 \u201cThe Spaceman\u201d. Si comincer\u00e0 alle 9.30 ai Piani di Pezz\u00e9 quando verr\u00e0 aperta a tutti i partecipanti, sciatori e snowboarder, la famigerata piscina, uno specchio d&#8217;acqua di 30 metri che dovr\u00e0 essere attraversato dai partecipanti con i pi\u00f9 disparati ed originali mezzi di fortuna. Sci, snowboard, bob o bellissimi ed originali carri allegorici costruiti appositamente per lo Splash Party: tutti i mezzi sono consentiti ma solo i pi\u00f9 abili e temerari, lanciati a tutta velocit\u00e0 lungo il pendio soprastante, riusciranno a rimanere in equilibrio, surfando lungo la piscina. L\u2019intrattenimento per tutta la giornata sar\u00e0 garantito dai deejay di Radio Piterpan Marco Baxo e Edo, che dalle 11.00 del <a class=\"dt-pswp-item\" href=\"http:\/\/www.radiopiu.net\/wordpress\/wp-content\/uploads\/2019\/03\/IMG-TOP.png\" data-dt-img-description=\"\" data-large_image_width=\"500\" data-large_image_height=\"523\"><img loading=\"lazy\" decoding=\"async\" class=\"wp-image-80487 alignright\" src=\"http:\/\/www.radiopiu.net\/wordpress\/wp-content\/uploads\/2019\/03\/IMG-TOP.png\" alt=\"\" width=\"213\" height=\"223\" srcset=\"https:\/\/www.radiopiu.net\/wordpress\/wp-content\/uploads\/2019\/03\/IMG-TOP.png 500w, https:\/\/www.radiopiu.net\/wordpress\/wp-content\/uploads\/2019\/03\/IMG-TOP-287x300.png 287w\" sizes=\"auto, (max-width: 213px) 100vw, 213px\" \/><\/a>mattino riscalderanno l&#8217;atmosfera con le ultime selezioni musicali. Alle 13.00 il momento clou della giornata con la discesa dei mezzi autocostruiti e la giura sar\u00e0 chiamata a decretare il mezzo pi\u00f9 pazzo ed originale dell&#8217;edizione 2019. Ma le sorprese non si esauriscono qui: al termine della scoppiettante discesa, si esibiranno live i The Bastards Sons of Dioniso, il gruppo rock disco d&#8217;oro con &#8220;L&#8217;Amor Carnale&#8221;, balzato all&#8217;attenzione del grande pubblico in seguito al secondo posto conquistato a X-Factor. Ad impreziosire la performance della band trentina sar\u00e0 Caterina Cropelli, cantautrice di Cles, anch&#8217;ella reduce dall&#8217;esperienza televisiva di X-Factor. Successivamente alle 17.00 avverranno le premiazioni della gara e a seguire ancora musica e divertimento con il dj set di Jack N Lallo e l&#8217;esibizione di Gere live sax. Per l\u2019occasione, la cabinovia che da Alleghe porta ai Piani di Pezz\u00e8 e viceversa sar\u00e0 aperta fino alle 21.00, per permettervi di trascorrere una giornata spensierata senza perderne neanche un momento!<\/p>\n<p>&nbsp;<\/p>\n<p>&nbsp;<\/p>\n<p>&nbsp;<\/p>\n<h2><a class=\"dt-pswp-item\" href=\"http:\/\/www.radiopiu.net\/wordpress\/wp-content\/uploads\/2019\/03\/Vecia_popa.jpg\" data-dt-img-description=\"\" data-large_image_width=\"150\" data-large_image_height=\"200\"><img loading=\"lazy\" decoding=\"async\" class=\"size-full wp-image-80354 alignleft\" src=\"http:\/\/www.radiopiu.net\/wordpress\/wp-content\/uploads\/2019\/03\/Vecia_popa.jpg\" alt=\"\" width=\"150\" height=\"200\" \/><\/a><\/h2>\n<h3><\/h3>\n<h3>VECIA POPA 2019, LA PRESENTAZIONE A RADIO PIU VALENTINA ED EVA<\/h3>\n<p><strong>AGORDO<\/strong><\/p>\n<p>DALLO STUDIO 2 DI RADIO PIU, SPAZIO POMERIDIANO &#8220;CARPE DIEM&#8221;<\/p>\n<audio class=\"wp-audio-shortcode\" id=\"audio-80451-7\" preload=\"none\" style=\"width: 100%;\" controls=\"controls\"><source type=\"audio\/mpeg\" src=\"http:\/\/www.radiopiu.net\/wordpress\/wp-content\/uploads\/2019\/03\/vecia-popa-2019.mp3?_=7\" \/><a href=\"http:\/\/www.radiopiu.net\/wordpress\/wp-content\/uploads\/2019\/03\/vecia-popa-2019.mp3\">http:\/\/www.radiopiu.net\/wordpress\/wp-content\/uploads\/2019\/03\/vecia-popa-2019.mp3<\/a><\/audio>\n<p>DAL GIORNALE RADIO PRINCIPALE DEL 26 MARZO, GIANNI SANTOMASO<\/p>\n<audio class=\"wp-audio-shortcode\" id=\"audio-80451-8\" preload=\"none\" style=\"width: 100%;\" controls=\"controls\"><source type=\"audio\/mpeg\" src=\"http:\/\/www.radiopiu.net\/wordpress\/wp-content\/uploads\/2019\/03\/GIANNI-LA-VECIA.mp3?_=8\" \/><a href=\"http:\/\/www.radiopiu.net\/wordpress\/wp-content\/uploads\/2019\/03\/GIANNI-LA-VECIA.mp3\">http:\/\/www.radiopiu.net\/wordpress\/wp-content\/uploads\/2019\/03\/GIANNI-LA-VECIA.mp3<\/a><\/audio>\n<p>&nbsp;<\/p>\n<p>&nbsp;<\/p>\n<p>&nbsp;<\/p>\n<p>&nbsp;<\/p>\n<p>&nbsp;<\/p>\n<h2><a class=\"dt-pswp-item\" href=\"http:\/\/www.radiopiu.net\/wordpress\/wp-content\/uploads\/2019\/03\/is.jpg\" data-dt-img-description=\"\" data-large_image_width=\"147\" data-large_image_height=\"188\"><img loading=\"lazy\" decoding=\"async\" class=\" wp-image-80380 alignleft\" src=\"http:\/\/www.radiopiu.net\/wordpress\/wp-content\/uploads\/2019\/03\/is.jpg\" alt=\"\" width=\"123\" height=\"157\" \/><\/a>BRUSA LA VECIA A TRICHIANA CON LA PEDONATA IN NOTTURNA E IL MERCATINO DELL&#8217;ANTIQUARIATO. NELLA SETTIMANA SI VOTANO GLI ALLESTIMENTI PIU&#8217; CARATTERISTICI. SABATO IN PIAZZA MERLIN IL TESTAMENTO PRIMA DELLE FIAMME<\/h2>\n<p><strong>DI DAMIANO TORMEN<\/strong><\/p>\n<audio class=\"wp-audio-shortcode\" id=\"audio-80451-9\" preload=\"none\" style=\"width: 100%;\" controls=\"controls\"><source type=\"audio\/mpeg\" src=\"http:\/\/www.radiopiu.net\/wordpress\/wp-content\/uploads\/2019\/03\/DAMIANO-6.mp3?_=9\" \/><a href=\"http:\/\/www.radiopiu.net\/wordpress\/wp-content\/uploads\/2019\/03\/DAMIANO-6.mp3\">http:\/\/www.radiopiu.net\/wordpress\/wp-content\/uploads\/2019\/03\/DAMIANO-6.mp3<\/a><\/audio>\n<p>&nbsp;<\/p>\n<p>&nbsp;<\/p>\n<p>&nbsp;<\/p>\n<p>&nbsp;<\/p>\n<h2><a class=\"dt-pswp-item\" href=\"http:\/\/www.radiopiu.net\/wordpress\/wp-content\/uploads\/2018\/09\/appuntamenti.jpeg\" data-dt-img-description=\"\" data-large_image_width=\"800\" data-large_image_height=\"100\"><img loading=\"lazy\" decoding=\"async\" class=\"alignnone wp-image-61958 size-full\" src=\"http:\/\/www.radiopiu.net\/wordpress\/wp-content\/uploads\/2018\/09\/appuntamenti.jpeg\" alt=\"\" width=\"800\" height=\"100\" srcset=\"https:\/\/www.radiopiu.net\/wordpress\/wp-content\/uploads\/2018\/09\/appuntamenti.jpeg 800w, https:\/\/www.radiopiu.net\/wordpress\/wp-content\/uploads\/2018\/09\/appuntamenti-300x38.jpeg 300w, https:\/\/www.radiopiu.net\/wordpress\/wp-content\/uploads\/2018\/09\/appuntamenti-768x96.jpeg 768w\" sizes=\"auto, (max-width: 800px) 100vw, 800px\" \/><\/a><\/h2>\n<p>&nbsp;<\/p>\n<p><a class=\"dt-pswp-item\" href=\"http:\/\/www.radiopiu.net\/wordpress\/wp-content\/uploads\/2019\/03\/WhatsApp-Image-2019-03-21-at-16.47.02.jpeg\" data-dt-img-description=\"\" data-large_image_width=\"722\" data-large_image_height=\"1024\"><img loading=\"lazy\" decoding=\"async\" class=\"wp-image-79894 aligncenter\" src=\"http:\/\/www.radiopiu.net\/wordpress\/wp-content\/uploads\/2019\/03\/WhatsApp-Image-2019-03-21-at-16.47.02-722x1024.jpeg\" alt=\"\" width=\"442\" height=\"627\" srcset=\"https:\/\/www.radiopiu.net\/wordpress\/wp-content\/uploads\/2019\/03\/WhatsApp-Image-2019-03-21-at-16.47.02.jpeg 722w, https:\/\/www.radiopiu.net\/wordpress\/wp-content\/uploads\/2019\/03\/WhatsApp-Image-2019-03-21-at-16.47.02-212x300.jpeg 212w\" sizes=\"auto, (max-width: 442px) 100vw, 442px\" \/><\/a><\/p>\n<h3><\/h3>\n<p>&nbsp;<\/p>\n<h3><strong>DOPPIO CONCERTO PER LA SAGRA DEI\u00a0\u00a0FISCIOT<\/strong><\/h3>\n<p><strong><span style=\"font-family: georgia, times, times new roman, serif;\">BELLUNO <\/span><\/strong><em><span style=\"font-family: georgia, times, times new roman, serif;\">La Filarmonica di Belluno, con il patrocinio del Comune di Belluno, organizza l&#8217;intrattenimento musicale per la tradizionale Sagra dei Fisc\u00ec\u00f2t, ospitando anche la Banda Citt\u00e0 di Feltre. In quest&#8217;occasione sar\u00e0\u00a0 possibile sostenere le attivit\u00e0 della scuola di musica della Filarmonica.\u00a0 <\/span><\/em><strong><span style=\"font-family: georgia, times, times new roman, serif;\">Domenica 7 aprile 2019\u00a0 &#8211; Piazza Duomo (Belluno)\u00a0 <\/span><\/strong><span style=\"font-family: georgia, times, times new roman, serif;\"><strong>\u00a010:45 <\/strong><\/span><span style=\"font-family: georgia, times, times new roman, serif;\">Concerto della Filarmonica di Belluno diretta dai maestri Andrea Gasperin e Sandro De Marchi.<\/span><span style=\"font-family: georgia, times, times new roman, serif;\"><strong> 14:30 <\/strong><\/span><span style=\"font-family: georgia, times, times new roman, serif;\">Concerto della Banda Citt\u00e0 di Feltre diretta dal maestro Ivan Villanova. <\/span><span style=\"font-family: georgia, times, times new roman, serif;\">In occasione degli spettacoli &#8211; ad offerta libera &#8211; verranno distribuite delle focacce prodotte artigianalmente dal Panificio De Paris (Via Lungardo, 76 &#8211; Belluno) a sostegno delle attivit\u00e0 didattiche che la scuola di musica della Filarmonica porta avanti ogni anno.<\/span><\/p>\n<p>&nbsp;<\/p>\n<p>&nbsp;<\/p>\n<p><strong>FELTRE<\/strong> Nell\u2019ambito del ciclo dei Mercoled\u00ec della salute, oggi alle 18.00 nella sala convegni dell\u2019ospedale di Feltre, il direttore del dipartimento Ospedale Territorio e della Riabilitazione Massimo Ballotta e il presidente dell\u2019associazione Assi Oscar De Pellegrin presenteranno le esperienze vissute \u201coltre i limiti\u201d della disabilit\u00e0.<\/p>\n<p>&nbsp;<\/p>\n<p><strong>BELLUNO<\/strong> Domani\u00a0 \u00a0alle 18,30\u00a0 al\u00a0 ristorante\u00a0 &#8220;Taverna&#8221; di\u00a0 via Cipro nell&#8217;ambito della Conversazioni in Taverna, si terr\u00e0 l&#8217;incontro &#8221;\u00a0 LA POLITICA ESTERA DEL VATICANO&#8221;. interviene: -Alessandro GROSSATO &#8211; geopolitico, orientalista e storico delle religioni- conduce: -Francesco BOCO &#8211; saggista.<\/p>\n<p>&nbsp;<\/p>\n<p><strong>PONTE NELLE ALPI<\/strong> Venerdi 29 marzo al ristorante Da Benito, La Cooperativa CoSoMi\u00a0 promuove un incontro \u201cletterario poetico\u201d per una solidariet\u00e0 anche culturale a tutte quelle comunit\u00e0 delle Terre Alte Bellunesi, colpite dal disastroso maltempo di fine ottobre 2018. Nel libro: \u201cLa casa in mezzo al prato\u201d che sar\u00e0 presentato dall\u2019autrice, Maria Luisa Daniele Toffanin.<\/p>\n<p>&nbsp;<\/p>\n<p><strong>BELLUNO<\/strong> L&#8217;associazione culturale Centro UPM organizza per venerdi alle 20.45 presso la sala\u00a0 &#8220;un noce&#8221;,\u00a0 in Via Borozzi, l&#8217;incontro pubblico &#8220;Non conosciamo mai il valore dell&#8217;acqua finch\u00e8 il pozzo non \u00e8 asciutto&#8221; <span style=\"font-size: medium;\">T. Fuller<\/span>, storie dal Sud e dal Nord del Mondo con Federica De Carli di Insieme si Puo&#8217;.<\/p>\n<p>&nbsp;<\/p>\n<p><strong>FELTRE<\/strong> Sabato 30 Marzo alle 14,30 presso la sala convegni della Birreria Pedavena, l ASSEMBLEA GENERALE delle iscritte e degli iscritti al Circolo Auser \u201cal Castello\u201d di Feltre, con il seguente ordine del giorno: \u00a0presentazione rapporto attivit\u00e0 2018; \u00a0presentazione e approvazione bilancio consuntivo 2018; \u00a0riconoscimenti ad alcuni volontari attivi;\u00a0prime proposte per iniziative sui trent\u2019anni di Auser Feltre.<\/p>\n<p>&nbsp;<\/p>\n<p><strong>SEDICO<\/strong> Per raccogliere fondi per il ripristino della passerella del Peron,\u00a0 il gruppo Sospirolo Futura organizza una serata, \u201cPasserella senza barriere\u201d, il 30 marzo alle 20.45 al centro civico di Sospirolo. Tema della serata saranno le disabilit\u00e0 fisiche, e fra gli ospiti ci sar\u00e0 anche il campione paralimpico di tiro con l\u2019arco Oscar De Pellegrin. La serata sar\u00e0 condotta da Tiziana Bolognani e sar\u00e0 allietata dalle canzoni del coro Voci dai cortivi.<\/p>\n<p>&nbsp;<\/p>\n<p>&nbsp;<\/p>\n<blockquote>\n<h2><em>I volontari del GAV e dell\u2019Associazione Nazionale Carabinieri saranno in Piazza Libert\u00e0 ad Agordo per la vendita delle Uova di Pasqua per AIL\u00a0<\/em><\/h2>\n<p style=\"text-align: center;\"><a class=\"dt-pswp-item\" href=\"http:\/\/www.radiopiu.net\/wordpress\/wp-content\/uploads\/2019\/03\/WhatsApp-Image-2019-03-26-at-12.14.45.jpeg\" data-dt-img-description=\"\" data-large_image_width=\"899\" data-large_image_height=\"1600\"><img loading=\"lazy\" decoding=\"async\" class=\"alignnone wp-image-80552\" src=\"http:\/\/www.radiopiu.net\/wordpress\/wp-content\/uploads\/2019\/03\/WhatsApp-Image-2019-03-26-at-12.14.45.jpeg\" alt=\"\" width=\"366\" height=\"651\" srcset=\"https:\/\/www.radiopiu.net\/wordpress\/wp-content\/uploads\/2019\/03\/WhatsApp-Image-2019-03-26-at-12.14.45.jpeg 899w, https:\/\/www.radiopiu.net\/wordpress\/wp-content\/uploads\/2019\/03\/WhatsApp-Image-2019-03-26-at-12.14.45-169x300.jpeg 169w, https:\/\/www.radiopiu.net\/wordpress\/wp-content\/uploads\/2019\/03\/WhatsApp-Image-2019-03-26-at-12.14.45-768x1367.jpeg 768w, https:\/\/www.radiopiu.net\/wordpress\/wp-content\/uploads\/2019\/03\/WhatsApp-Image-2019-03-26-at-12.14.45-575x1024.jpeg 575w\" sizes=\"auto, (max-width: 366px) 100vw, 366px\" \/><\/a><\/p>\n<\/blockquote>\n<p>&nbsp;<\/p>\n<p>&nbsp;<\/p>\n<p>&nbsp;<\/p>\n<p>&nbsp;<\/p>\n<p><a class=\"dt-pswp-item\" href=\"http:\/\/www.radiopiu.net\/wordpress\/wp-content\/uploads\/2018\/09\/viabilita.jpeg\" data-dt-img-description=\"\" data-large_image_width=\"800\" data-large_image_height=\"100\"><img loading=\"lazy\" decoding=\"async\" class=\"alignnone size-full wp-image-61954\" src=\"http:\/\/www.radiopiu.net\/wordpress\/wp-content\/uploads\/2018\/09\/viabilita.jpeg\" alt=\"\" width=\"800\" height=\"100\" srcset=\"https:\/\/www.radiopiu.net\/wordpress\/wp-content\/uploads\/2018\/09\/viabilita.jpeg 800w, https:\/\/www.radiopiu.net\/wordpress\/wp-content\/uploads\/2018\/09\/viabilita-300x38.jpeg 300w, https:\/\/www.radiopiu.net\/wordpress\/wp-content\/uploads\/2018\/09\/viabilita-768x96.jpeg 768w\" sizes=\"auto, (max-width: 800px) 100vw, 800px\" \/><\/a><\/p>\n<p>&nbsp;<\/p>\n<p><strong>PASSO DURAN\u00a0<\/strong> Dal 1 al 19 aprile lungo la provinciale 347 del Duran e Cereda tra CIbiana e Venas divieto di transito ai mezzi di massa superiore a 3,5 tonellate. Inoltre INTERDIZIONE TOTALE DELLA TRANSITABILITA&#8217; STRADALE NEI GIORNI LAVORATIVI (ESCLUSO SABATO E DOMENICA): DALLE 7.45 alle 9.45, dalel 10.15 alle 12.15, dalle 14 alle 15.30, dalle 16 alle 17.30<\/p>\n<p>&nbsp;<\/p>\n<p><strong>CAPRILE DI ALLEGHE<\/strong> Fino al 5 aprile con esclusione dei giorni festivi e prefestivi, senso unco alternato lungo la regionale 203 agordina a monte dell&#8217;abitato di Caprile. Possibili interdizioni totale al transito fino a 15 minuti.<\/p>\n<p><strong>SAN TOMASO<\/strong> Lungo la regionale 203 agordina in Comune di San Tomaso da lunedi al 29 marzo senso unico alternato regolato da semaforo.<\/p>\n<p><strong>CENCENIGHE <\/strong>Fino al 29 marzo dalle 8 alle 17 senso unico alternato in Comune di Cencenighe lungo la regionale 203 agordina per la messa in sicurezza del tratto stradale.<\/p>\n<p><strong>VOLTAGO<\/strong> Fino al 5 aprile\u00a0 tutti i giorni sabati e domeniche compresi, senso unico alternato regolato da semaforo lungo la provinciale 347 in Comune di Voltago per lavori di somma urgenza e messa in sicurezza del piano viabile.<\/p>\n<p>&nbsp;<\/p>\n<p>&nbsp;<\/p>\n<p>&nbsp;<\/p>\n<p>&nbsp;<\/p>\n<p><a class=\"dt-pswp-item\" href=\"http:\/\/www.radiopiu.net\/wordpress\/wp-content\/uploads\/2018\/09\/sport.jpg\" data-dt-img-description=\"\" data-large_image_width=\"800\" data-large_image_height=\"100\"><img loading=\"lazy\" decoding=\"async\" class=\"alignnone wp-image-60761 size-full\" src=\"http:\/\/www.radiopiu.net\/wordpress\/wp-content\/uploads\/2018\/09\/sport.jpg\" alt=\"\" width=\"800\" height=\"100\" srcset=\"https:\/\/www.radiopiu.net\/wordpress\/wp-content\/uploads\/2018\/09\/sport.jpg 800w, https:\/\/www.radiopiu.net\/wordpress\/wp-content\/uploads\/2018\/09\/sport-300x38.jpg 300w, https:\/\/www.radiopiu.net\/wordpress\/wp-content\/uploads\/2018\/09\/sport-768x96.jpg 768w\" sizes=\"auto, (max-width: 800px) 100vw, 800px\" \/><\/a><\/p>\n<p>&nbsp;<\/p>\n<h1><a class=\"dt-pswp-item\" href=\"http:\/\/www.radiopiu.net\/wordpress\/wp-content\/uploads\/2019\/03\/IMG_0705-1.jpg\" data-dt-img-description=\"\" data-large_image_width=\"640\" data-large_image_height=\"480\"><img loading=\"lazy\" decoding=\"async\" class=\"wp-image-79888 alignleft\" src=\"http:\/\/www.radiopiu.net\/wordpress\/wp-content\/uploads\/2019\/03\/IMG_0705-1.jpg\" alt=\"\" width=\"182\" height=\"137\" srcset=\"https:\/\/www.radiopiu.net\/wordpress\/wp-content\/uploads\/2019\/03\/IMG_0705-1.jpg 640w, https:\/\/www.radiopiu.net\/wordpress\/wp-content\/uploads\/2019\/03\/IMG_0705-1-300x225.jpg 300w\" sizes=\"auto, (max-width: 182px) 100vw, 182px\" \/><\/a><\/h1>\n<h1><\/h1>\n<h1>34 RALLY BELLUNESE, I GIORNI DEL GRAZIE<\/h1>\n<p><span style=\"color: #ff6600;\">DI ROBERTO BONA<\/span><\/p>\n<audio class=\"wp-audio-shortcode\" id=\"audio-80451-10\" preload=\"none\" style=\"width: 100%;\" controls=\"controls\"><source type=\"audio\/mpeg\" src=\"http:\/\/www.radiopiu.net\/wordpress\/wp-content\/uploads\/2019\/03\/ROBERTO-3.mp3?_=10\" \/><a href=\"http:\/\/www.radiopiu.net\/wordpress\/wp-content\/uploads\/2019\/03\/ROBERTO-3.mp3\">http:\/\/www.radiopiu.net\/wordpress\/wp-content\/uploads\/2019\/03\/ROBERTO-3.mp3<\/a><\/audio>\n<p>&nbsp;<\/p>\n<p>&nbsp;<\/p>\n<p>&nbsp;<\/p>\n<h3>NUOTO, GLI AGONISTI ONDABLU AI CRITERIA NAZIONALI DI RICCIONE<\/h3>\n\n\t\t\t<style type='text\/css'>\n\t\t\t\t#gallery-2 {\n\t\t\t\t\tmargin: auto;\n\t\t\t\t}\n\t\t\t\t#gallery-2 .gallery-item {\n\t\t\t\t\tfloat: left;\n\t\t\t\t\tmargin-top: 10px;\n\t\t\t\t\ttext-align: center;\n\t\t\t\t\twidth: 33%;\n\t\t\t\t}\n\t\t\t\t#gallery-2 img {\n\t\t\t\t\tborder: 2px solid #cfcfcf;\n\t\t\t\t}\n\t\t\t\t#gallery-2 .gallery-caption {\n\t\t\t\t\tmargin-left: 0;\n\t\t\t\t}\n\t\t\t\t\/* see gallery_shortcode() in wp-includes\/media.php *\/\n\t\t\t<\/style>\n\t\t<div id='gallery-2' class='dt-gallery-container gallery galleryid-80451 gallery-columns-3 gallery-size-thumbnail'><dl class='gallery-item'>\n\t\t\t\t<dt class='gallery-icon portrait'>\n\t\t\t\t\t<a class=\"rollover\" href='https:\/\/www.radiopiu.net\/wordpress\/giornale-radiopiu-27-marzo-2019-direttore-mirko-mezzacasa\/partecipanti-ondablu-agli-italiani-a-riccione\/'><img loading=\"lazy\" decoding=\"async\" width=\"150\" height=\"150\" src=\"https:\/\/www.radiopiu.net\/wordpress\/wp-content\/uploads\/2019\/03\/partecipanti-ondablu-agli-italiani-a-riccione-150x150.jpg\" class=\"attachment-thumbnail size-thumbnail\" alt=\"\" \/><\/a>\n\t\t\t\t<\/dt><\/dl><dl class='gallery-item'>\n\t\t\t\t<dt class='gallery-icon landscape'>\n\t\t\t\t\t<a class=\"rollover\" href='https:\/\/www.radiopiu.net\/wordpress\/giornale-radiopiu-27-marzo-2019-direttore-mirko-mezzacasa\/le-4-staffettiste\/'><img loading=\"lazy\" decoding=\"async\" width=\"150\" height=\"150\" src=\"https:\/\/www.radiopiu.net\/wordpress\/wp-content\/uploads\/2019\/03\/le-4-staffettiste-150x150.jpg\" class=\"attachment-thumbnail size-thumbnail\" alt=\"\" \/><\/a>\n\t\t\t\t<\/dt><\/dl><dl class='gallery-item'>\n\t\t\t\t<dt class='gallery-icon landscape'>\n\t\t\t\t\t<a class=\"rollover\" href='https:\/\/www.radiopiu.net\/wordpress\/giornale-radiopiu-27-marzo-2019-direttore-mirko-mezzacasa\/angela-gorza-giada-della-dora-sara-murer-e-anna-de-boni\/'><img loading=\"lazy\" decoding=\"async\" width=\"150\" height=\"150\" src=\"https:\/\/www.radiopiu.net\/wordpress\/wp-content\/uploads\/2019\/03\/angela-gorza-giada-della-dora-sara-murer-e-anna-de-boni-150x150.jpg\" class=\"attachment-thumbnail size-thumbnail\" alt=\"\" \/><\/a>\n\t\t\t\t<\/dt><\/dl><br style=\"clear: both\" \/>\n\t\t\t<\/div>\n\n<p>Partecipazione estremamente positiva dell\u2019Ondablu ai Criteria di Riccione (15\/17 marzo); 2 atlete presenti con quattro gare individuali: Anna De Boni, che nei 100 dorso nuota un notevolissimo 1\u201904\u2019\u201998 che le vale il quinto posto a livello nazionale per i nati nel 2006; buona la sua prova anche nella doppia distanza (200 dorso) dove migliora di tre decimi il suo personale (2\u201924\u2019\u201932) piazzandosi al quindicesimo posto.\u00a0Giada Della Dora, pur nuotando un secondo sopra il suo miglior tempo nei 100 rana ottiene un buon tredicesimo posto tra le nate 2005; mentre nei 200 rana fa segnare il suo miglior tempo stagionale (2\u201941\u2019\u201930) che le vale il ventiduesimo posto nazionale.\u00a0 Nella terza giornata di gare si sono aggiunte alle due nuotatrici anche Angela Gorza e Sara Murer: per la prima volta, infatti, l\u2019Ondablu si \u00e8 presentata ai campionati italiani di categoria anche con una staffetta, la 4&#215;100 mista, composta da Anna De Boni (dorso), Giada Della Dora (rana), Angela Gorza (farfalla), Sara Murer (stile libero): migliorato il precedente primato di due secondi, grazie soprattutto a Sara Murer che nuota la quarta frazione in 1\u201902\u2019\u201998, ben al di sotto del suo primato e grazie anche a Giada Della Dora che riscatta l\u2019opaca gara individuale nella sua frazione a rana (1\u201912\u2019\u201944); crono totale 4\u201933\u2019\u201962 e ventiseiesimo posto nella categoria Ragazze su 50 staffette iscritte.<\/p>\n<p>&nbsp;<\/p>\n<p>&nbsp;<\/p>\n<p>&nbsp;<\/p>\n<h1><a class=\"dt-pswp-item\" href=\"http:\/\/www.radiopiu.net\/wordpress\/wp-content\/uploads\/2019\/03\/4928234b-1a48-44eb-9d4f-09d3d6304a20_medium_p.jpg\" data-dt-img-description=\"\" data-large_image_width=\"820\" data-large_image_height=\"620\"><img loading=\"lazy\" decoding=\"async\" class=\"wp-image-80356 alignleft\" src=\"http:\/\/www.radiopiu.net\/wordpress\/wp-content\/uploads\/2019\/03\/4928234b-1a48-44eb-9d4f-09d3d6304a20_medium_p.jpg\" alt=\"\" width=\"149\" height=\"113\" srcset=\"https:\/\/www.radiopiu.net\/wordpress\/wp-content\/uploads\/2019\/03\/4928234b-1a48-44eb-9d4f-09d3d6304a20_medium_p.jpg 820w, https:\/\/www.radiopiu.net\/wordpress\/wp-content\/uploads\/2019\/03\/4928234b-1a48-44eb-9d4f-09d3d6304a20_medium_p-300x227.jpg 300w, https:\/\/www.radiopiu.net\/wordpress\/wp-content\/uploads\/2019\/03\/4928234b-1a48-44eb-9d4f-09d3d6304a20_medium_p-768x581.jpg 768w\" sizes=\"auto, (max-width: 149px) 100vw, 149px\" \/><\/a>Giro d&#8217;Italia U23, A Falcade e Agordo le tappe decisive<\/h1>\n<blockquote>\n<h4><\/h4>\n<h4><em>I migliori talenti del ciclismo mondiale si confronteranno dal 13 al 23 giugno in 10 tappe \u2013 Partenza da Riccione, tocca 5 Regioni al via 29 squadre, di cui 13 straniere da 10 nazioni<\/em><\/h4>\n<\/blockquote>\n<p><strong>RADIO PIU<\/strong> Una chiacchierata con Fiorendo Dalla Ca&#8217; che nel 1991 da assessore allo Sport ad Agordo port\u00f2 l&#8217;allora Giro d&#8217;Italia Dilettanti di Marco Pantani e l&#8217;anno successivo collabor\u00f2 per la tappa alleghese.<\/p>\n<p>&nbsp;<\/p>\n<audio class=\"wp-audio-shortcode\" id=\"audio-80451-11\" preload=\"none\" style=\"width: 100%;\" controls=\"controls\"><source type=\"audio\/mpeg\" src=\"http:\/\/www.radiopiu.net\/wordpress\/wp-content\/uploads\/2019\/03\/FIORENDO.mp3?_=11\" \/><a href=\"http:\/\/www.radiopiu.net\/wordpress\/wp-content\/uploads\/2019\/03\/FIORENDO.mp3\">http:\/\/www.radiopiu.net\/wordpress\/wp-content\/uploads\/2019\/03\/FIORENDO.mp3<\/a><\/audio>\n<p><a class=\"dt-pswp-item\" href=\"http:\/\/www.radiopiu.net\/wordpress\/wp-content\/uploads\/2019\/03\/WhatsApp-Image-2019-03-26-at-07.59.531.jpeg\" data-dt-img-description=\"\" data-large_image_width=\"1280\" data-large_image_height=\"996\"><img loading=\"lazy\" decoding=\"async\" class=\"alignnone wp-image-80404\" src=\"http:\/\/www.radiopiu.net\/wordpress\/wp-content\/uploads\/2019\/03\/WhatsApp-Image-2019-03-26-at-07.59.531.jpeg\" alt=\"\" width=\"227\" height=\"177\" srcset=\"https:\/\/www.radiopiu.net\/wordpress\/wp-content\/uploads\/2019\/03\/WhatsApp-Image-2019-03-26-at-07.59.531.jpeg 1280w, https:\/\/www.radiopiu.net\/wordpress\/wp-content\/uploads\/2019\/03\/WhatsApp-Image-2019-03-26-at-07.59.531-300x233.jpeg 300w, https:\/\/www.radiopiu.net\/wordpress\/wp-content\/uploads\/2019\/03\/WhatsApp-Image-2019-03-26-at-07.59.531-768x598.jpeg 768w, https:\/\/www.radiopiu.net\/wordpress\/wp-content\/uploads\/2019\/03\/WhatsApp-Image-2019-03-26-at-07.59.531-1024x797.jpeg 1024w\" sizes=\"auto, (max-width: 227px) 100vw, 227px\" \/><\/a><a class=\"dt-pswp-item\" href=\"http:\/\/www.radiopiu.net\/wordpress\/wp-content\/uploads\/2019\/03\/WhatsApp-Image-2019-03-26-at-07.59.53.jpeg\" data-dt-img-description=\"\" data-large_image_width=\"1280\" data-large_image_height=\"830\"><img loading=\"lazy\" decoding=\"async\" class=\"alignnone wp-image-80405\" src=\"http:\/\/www.radiopiu.net\/wordpress\/wp-content\/uploads\/2019\/03\/WhatsApp-Image-2019-03-26-at-07.59.53.jpeg\" alt=\"\" width=\"235\" height=\"152\" srcset=\"https:\/\/www.radiopiu.net\/wordpress\/wp-content\/uploads\/2019\/03\/WhatsApp-Image-2019-03-26-at-07.59.53.jpeg 1280w, https:\/\/www.radiopiu.net\/wordpress\/wp-content\/uploads\/2019\/03\/WhatsApp-Image-2019-03-26-at-07.59.53-300x195.jpeg 300w, https:\/\/www.radiopiu.net\/wordpress\/wp-content\/uploads\/2019\/03\/WhatsApp-Image-2019-03-26-at-07.59.53-768x498.jpeg 768w, https:\/\/www.radiopiu.net\/wordpress\/wp-content\/uploads\/2019\/03\/WhatsApp-Image-2019-03-26-at-07.59.53-1024x664.jpeg 1024w\" sizes=\"auto, (max-width: 235px) 100vw, 235px\" \/><\/a><\/p>\n<h3>IERI,\u00a0 ILARIO TANCON<\/h3>\n<blockquote><audio class=\"wp-audio-shortcode\" id=\"audio-80451-12\" preload=\"none\" style=\"width: 100%;\" controls=\"controls\"><source type=\"audio\/mpeg\" src=\"http:\/\/www.radiopiu.net\/wordpress\/wp-content\/uploads\/2019\/03\/ILARIO-TANTON.mp3?_=12\" \/><a href=\"http:\/\/www.radiopiu.net\/wordpress\/wp-content\/uploads\/2019\/03\/ILARIO-TANTON.mp3\">http:\/\/www.radiopiu.net\/wordpress\/wp-content\/uploads\/2019\/03\/ILARIO-TANTON.mp3<\/a><\/audio>\n<p>&nbsp;<\/p><\/blockquote>\n<p>&nbsp;<\/p>\n<p>&nbsp;<\/p>\n<h3>NUOTO ESORDIENTI: 5 MEDAGLIE NELLA VASCA DI CASA<\/h3>\n<blockquote><p><em>La piscina di Lambioi fa da teatro alla quinta giornata d\u2019attivit\u00e0: ottimo il bilancio <\/em><em>\u00abNemo propheta in patria\u00bb. Ma la locuzione in lingua latina non si addice agli Esordienti della Sportivamente<\/em><\/p>\n\n\t\t\t<style type='text\/css'>\n\t\t\t\t#gallery-3 {\n\t\t\t\t\tmargin: auto;\n\t\t\t\t}\n\t\t\t\t#gallery-3 .gallery-item {\n\t\t\t\t\tfloat: left;\n\t\t\t\t\tmargin-top: 10px;\n\t\t\t\t\ttext-align: center;\n\t\t\t\t\twidth: 33%;\n\t\t\t\t}\n\t\t\t\t#gallery-3 img {\n\t\t\t\t\tborder: 2px solid #cfcfcf;\n\t\t\t\t}\n\t\t\t\t#gallery-3 .gallery-caption {\n\t\t\t\t\tmargin-left: 0;\n\t\t\t\t}\n\t\t\t\t\/* see gallery_shortcode() in wp-includes\/media.php *\/\n\t\t\t<\/style>\n\t\t<div id='gallery-3' class='dt-gallery-container gallery galleryid-80451 gallery-columns-3 gallery-size-thumbnail'><dl class='gallery-item'>\n\t\t\t\t<dt class='gallery-icon portrait'>\n\t\t\t\t\t<a class=\"rollover\" href='https:\/\/www.radiopiu.net\/wordpress\/giornale-radiopiu-27-marzo-2019-direttore-mirko-mezzacasa\/brida_primo_posto\/'><img loading=\"lazy\" decoding=\"async\" width=\"150\" height=\"150\" src=\"https:\/\/www.radiopiu.net\/wordpress\/wp-content\/uploads\/2019\/03\/Brida_primo_posto-e1553614779182-150x150.jpg\" class=\"attachment-thumbnail size-thumbnail\" alt=\"\" \/><\/a>\n\t\t\t\t<\/dt><\/dl><dl class='gallery-item'>\n\t\t\t\t<dt class='gallery-icon portrait'>\n\t\t\t\t\t<a class=\"rollover\" href='https:\/\/www.radiopiu.net\/wordpress\/giornale-radiopiu-27-marzo-2019-direttore-mirko-mezzacasa\/sponga_secondo_posto\/'><img loading=\"lazy\" decoding=\"async\" width=\"150\" height=\"150\" src=\"https:\/\/www.radiopiu.net\/wordpress\/wp-content\/uploads\/2019\/03\/Sponga_secondo_posto-e1553614715817-150x150.jpg\" class=\"attachment-thumbnail size-thumbnail\" alt=\"\" \/><\/a>\n\t\t\t\t<\/dt><\/dl><dl class='gallery-item'>\n\t\t\t\t<dt class='gallery-icon portrait'>\n\t\t\t\t\t<a class=\"rollover\" href='https:\/\/www.radiopiu.net\/wordpress\/giornale-radiopiu-27-marzo-2019-direttore-mirko-mezzacasa\/sommacal_terzo_posto\/'><img loading=\"lazy\" decoding=\"async\" width=\"150\" height=\"150\" src=\"https:\/\/www.radiopiu.net\/wordpress\/wp-content\/uploads\/2019\/03\/Sommacal_terzo_posto-e1553614737489-150x150.jpg\" class=\"attachment-thumbnail size-thumbnail\" alt=\"\" \/><\/a>\n\t\t\t\t<\/dt><\/dl><br style=\"clear: both\" \/>\n\t\t\t<\/div>\n<\/blockquote>\n<p><strong>BELLUNO<\/strong> Grandi protagonisti nell\u2019impianto di casa, dove \u00e8 andata in scena la quinta giornata dell\u2019attivit\u00e0 zonale. Alla fine i podi saranno cinque. Per quanto riguarda la fascia B, nei 50 stile vola Carlotta Lorenza Brida, che conquista la medaglia di bronzo grazie a un ottimo 36\u201d6. Bene anche Emma Bortoluzzi, sesta assoluta con\u00a0 il tempo di 38\u201d7, mentre Alessandro Nerviani (35\u201d2) \u00e8 settimo in generale e terzo del suo anno (2009), seguito di pochissimo da Alberto Corr\u00f2 (35\u201d3). E migliora il suo personale pure Francesco Milani (34\u201d7), settimo. A<br \/>\nproposito di record personale, Davide Nenz, nei 200 rana, lo abbatte addirittura di 10 secondi (3\u201944\u201d4). Nei 100 dorso, invece, crescono Matteo Longi e Anna Simon. E le staffette? \u00c8 quarta la mista femminile con Simon, Visentini, Brida e Bortoluzzi. E quinta la maschile, arricchita da Longi, Lazzarin, Milani e<br \/>\nNenz. In merito agli Esordienti A, si tinge d\u2019argento Giacomo Sponga, nei 50 farfalla (33\u201d5): subito dietro, Cristian Pais Marden Nanon (34\u201d9). Sulla stessa distanza, terzo gradino del podio e medaglia anche per Sara Sommacal (35\u201d4). Nei 100 stile libero, inoltre, a primeggiare \u00e8 Tommaso Brida (1\u201901\u201d7), in<br \/>\nuna prova in cui brilla pure Ivan Somacal (1\u201909\u201d0), secondo del suo anno di nascita e dodicesimo assoluto. Ma in tema di medaglie ha voce in capitolo anche Alessandro Salton, terzo nei 100 misti (1\u201923\u201d5), mentre sfiora il podio Davide Zambito (2\u201936\u201d6). E Luca Odolo, sesto, perfeziona il proprio personale<br \/>\n(2\u201942\u201d7). Non solo, Zambito si mette in mostra perfino nei 400 stile libero, scendendo sotto i 5 minuti (4\u201959\u201d2) e piazzandosi in quinta posizione: 400 che confermano anche la crescita del giovane Somacal (5\u201925\u201d4). Il prossimo impegno degli Esordienti \u00e8 ora in programma domenica 14 aprile, a Vittorio Veneto. E nel<br \/>\nfrattempo, tutta la Sportivamente Belluno si sta preparando a uno degli appuntamenti pi\u00f9 attesi della stagione: la trasferta a Riccione per i campionati italiani Aics.<\/p>\n<p>&nbsp;<\/p>\n<p>&nbsp;<\/p>\n<p>&nbsp;<\/p>\n<h3><a class=\"dt-pswp-item\" href=\"http:\/\/www.radiopiu.net\/wordpress\/wp-content\/uploads\/2018\/09\/WhatsApp-Image-2018-09-20-at-16.04.06.jpeg\" data-dt-img-description=\"\" data-large_image_width=\"800\" data-large_image_height=\"100\"><img loading=\"lazy\" decoding=\"async\" class=\"alignnone wp-image-61378 size-full\" src=\"http:\/\/www.radiopiu.net\/wordpress\/wp-content\/uploads\/2018\/09\/WhatsApp-Image-2018-09-20-at-16.04.06.jpeg\" alt=\"\" width=\"800\" height=\"100\" srcset=\"https:\/\/www.radiopiu.net\/wordpress\/wp-content\/uploads\/2018\/09\/WhatsApp-Image-2018-09-20-at-16.04.06.jpeg 800w, https:\/\/www.radiopiu.net\/wordpress\/wp-content\/uploads\/2018\/09\/WhatsApp-Image-2018-09-20-at-16.04.06-300x38.jpeg 300w, https:\/\/www.radiopiu.net\/wordpress\/wp-content\/uploads\/2018\/09\/WhatsApp-Image-2018-09-20-at-16.04.06-768x96.jpeg 768w\" sizes=\"auto, (max-width: 800px) 100vw, 800px\" \/><\/a><\/h3>\n<p><center><b>Mercoledi 27<\/b><\/center><b>Tempo atteso: <\/b>Tempo solo in parte soleggiato per nubi medio-alte, a tratti estese al mattino. Al pomeriggio il tempo torner\u00e0 ad essere in prevalenza soleggiato con cielo perlopi\u00f9 sereno sulle Dolomiti, mentre sulle Prealpi potr\u00e0 formarsi qualche modesto addensamento cumuliforme. Atmosfera ancora fresca, con gelate mattutine in molte valli in caso di completa cessazione del Foehn.<br \/>\n<b>Precipitazioni: <\/b>Assenti (0%), anche se sulle Dolomiti non si potr\u00e0 escludere del tutto qualche isolata burrasca sulle vette (10%), eventualmente senza accumuli.<br \/>\n<b>Temperature: <\/b>Nelle valli minime in calo, specie nei settori precedentemente interessati da Foehn, massime stazionarie; in quota in lieve aumento. Su Prealpi a 1500 m min -1\u00b0C max 4\u00b0C, a 2000 m min -4\u00b0C max 0\u00b0C. Su Dolomiti a 2000 m min -6\u00b0C max 0\u00b0C, a 3000 m min -10\u00b0C max -7\u00b0C.<br \/>\n<b>Venti: <\/b>Nelle valli perlopi\u00f9 deboli o moderati a regime di brezza, anche se con qualche locale residuo rinforzo di Foehn sulle Dolomiti; in quota e sulle dorsali prealpine in attenuazione fino a deboli\/moderati da Nord Nord-Est, a 5-20 km\/h a 2000 m, 15-30 km\/h a 3000 m.<\/p>\n<hr \/>\n<p><center><b>Giovedi 28<\/b><\/center><b>Tempo atteso: <\/b>Tempo ben soleggiato con cielo sereno al mattino e poco nuvoloso al pomeriggio\/sera per nubi alte. Clima diurno un po&#8217; pi\u00f9 mite, ancora fresco al mattino, anche con gelate fino nei fondovalle.<br \/>\n<b>Precipitazioni: <\/b>Assenti (0%).<br \/>\n<b>Temperature: <\/b>Minime stazionarie o in locale calo nelle valli, in lieve aumento in quota; massime in moderato aumento. Su Prealpi a 1500 m min 0\u00b0C max 5\u00b0C, a 2000 m min -2\u00b0C max 2\u00b0C. Su Dolomiti a 2000 m min -4\u00b0C max 3\u00b0C, a 3000 m min -8\u00b0C max -5\u00b0C.<br \/>\n<b>Venti: <\/b>Nelle valli perlopi\u00f9 deboli o moderati a regime di brezza; in quota deboli\/moderati da Nord-Est, a 5-15 km\/h a 2000 m, 10-25 km\/h a 3000 m.<\/p>\n<hr \/>\n<p><center><b>Venerdi 29<\/b><\/center>Tempo stabile e perlopi\u00f9 soleggiato dopo l&#8217;allontanamento delle iniziali nubi alte. Clima mattutino ancora fresco, pi\u00f9 mite di giorno. Venti deboli nord-orientali in quota.<\/p>\n<hr \/>\n<p><center><b>Sabato 30<\/b><\/center>Tempo perlopi\u00f9 soleggiato con cielo sereno o leggermente velato da sottili nubi alte. Clima diurno decisamente pi\u00f9 mite, specie in quota, con lieve inversione termica mattutina. Venti deboli, a regime di brezza nelle valli. Previsore: G.M.<\/p>\n<p>&nbsp;<\/p>\n","protected":false},"excerpt":{"rendered":"<p>&nbsp; PEPPINO IMPASTATO E RADIO AUT Peppino Impastato: un ponte di impegno e giustizia tra Agordo e Cinisi \u00a0Chi \u00e8 colui al quale l&#8217;amministrazione di Agordo ha intitolato il parcheggio di Tamonich? Radio Pi\u00f9 vi propone una settimana di approfondimenti, di interviste, di spettacoli, di poesie e musiche per scoprire di pi\u00f9 su Peppino Impastato&hellip;<\/p>\n","protected":false},"author":1,"featured_media":80468,"comment_status":"closed","ping_status":"closed","sticky":false,"template":"","format":"standard","meta":{"_monsterinsights_skip_tracking":false,"_monsterinsights_sitenote_active":false,"_monsterinsights_sitenote_note":"","_monsterinsights_sitenote_category":0,"footnotes":""},"categories":[86],"tags":[],"class_list":["post-80451","post","type-post","status-publish","format-standard","has-post-thumbnail","hentry","category-gr","category-86","description-off"],"img_url":"https:\/\/www.radiopiu.net\/wordpress\/wp-content\/uploads\/2019\/03\/20150127_213042-1-e1553663366130.jpg","_links":{"self":[{"href":"https:\/\/www.radiopiu.net\/wordpress\/wp-json\/wp\/v2\/posts\/80451","targetHints":{"allow":["GET"]}}],"collection":[{"href":"https:\/\/www.radiopiu.net\/wordpress\/wp-json\/wp\/v2\/posts"}],"about":[{"href":"https:\/\/www.radiopiu.net\/wordpress\/wp-json\/wp\/v2\/types\/post"}],"author":[{"embeddable":true,"href":"https:\/\/www.radiopiu.net\/wordpress\/wp-json\/wp\/v2\/users\/1"}],"replies":[{"embeddable":true,"href":"https:\/\/www.radiopiu.net\/wordpress\/wp-json\/wp\/v2\/comments?post=80451"}],"version-history":[{"count":0,"href":"https:\/\/www.radiopiu.net\/wordpress\/wp-json\/wp\/v2\/posts\/80451\/revisions"}],"wp:featuredmedia":[{"embeddable":true,"href":"https:\/\/www.radiopiu.net\/wordpress\/wp-json\/wp\/v2\/media\/80468"}],"wp:attachment":[{"href":"https:\/\/www.radiopiu.net\/wordpress\/wp-json\/wp\/v2\/media?parent=80451"}],"wp:term":[{"taxonomy":"category","embeddable":true,"href":"https:\/\/www.radiopiu.net\/wordpress\/wp-json\/wp\/v2\/categories?post=80451"},{"taxonomy":"post_tag","embeddable":true,"href":"https:\/\/www.radiopiu.net\/wordpress\/wp-json\/wp\/v2\/tags?post=80451"}],"curies":[{"name":"wp","href":"https:\/\/api.w.org\/{rel}","templated":true}]}}