{"id":80504,"date":"2019-03-27T06:10:23","date_gmt":"2019-03-27T05:10:23","guid":{"rendered":"http:\/\/www.radiopiu.net\/wordpress\/?p=80504"},"modified":"2019-03-28T16:09:23","modified_gmt":"2019-03-28T15:09:23","slug":"nuovo-simbolo-per-i-ladini-bellunesi-e-liniziativa-e-dellunione-ladina-val-biois","status":"publish","type":"post","link":"https:\/\/www.radiopiu.net\/wordpress\/nuovo-simbolo-per-i-ladini-bellunesi-e-liniziativa-e-dellunione-ladina-val-biois\/","title":{"rendered":"NUOVO SIMBOLO PER I LADINI BELLUNESI E L&#8217;INIZIATIVA E&#8217; DELL&#8217;UNIONE LADINA VAL BIOIS"},"content":{"rendered":"<h2><\/h2>\n<p><strong><a class=\"dt-pswp-item\" href=\"http:\/\/www.radiopiu.net\/wordpress\/wp-content\/uploads\/2019\/03\/ladin.jpg\" data-dt-img-description=\"\" data-large_image_width=\"2339\" data-large_image_height=\"1654\"><img loading=\"lazy\" decoding=\"async\" class=\"alignleft wp-image-80502 \" src=\"http:\/\/www.radiopiu.net\/wordpress\/wp-content\/uploads\/2019\/03\/ladin-300x234.jpg\" alt=\"\" width=\"234\" height=\"189\" \/><\/a>FALCADE<\/strong> Quando tradizione e storia si uniscono al mondo social: \u00e8 nato dal confronto su Facebook il nuovo simbolo dei ladini bellunesi, su iniziativa dell&#8217;Union Ladina Val Biois supportata dalla grafica agordina Iliana Comina.<\/p>\n<p>&nbsp;<\/p>\n<p><em>\u201cAbbiamo voluto pensare ad un simbolo che rappresentasse l&#8217;area ladina dell&#8217;Alto Bellunese, che potesse unire le comunit\u00e0 dell&#8217;Agordino, dello Zoldano, del Cadore e del Comelico. &#8211; spiegano dall&#8217;Union Ladina Val Biois \u2013Cercavamo un simbolo che si distinguesse dalla classica bandiera ladina, nata in un contesto storico particolare in rappresentanza delle comunit\u00e0 ladine brissino-tirolesi\u201d.<\/em> Cos\u00ec, in poco tempo, l&#8217;idea lanciata sui social network ha raccolto molti apprezzamenti e tante proposte, che hanno preso forma grazie alla professionalit\u00e0 di Comina: un lavoro di settimane, puntualmente presentato al \u201cpopolo della rete\u201d che ha proseguito a suggerire migliorie e modifiche, fino alla versione definitiva. <em>\u201cHo provato a proporre una mia versione della questione ladina: &#8211; spiega Comina &#8211; ho immaginato un simbolo di apparenza delle aree dell\u2019Alto Bellunese che hanno comuni tradizioni, linguaggio, usi e costumi, socialit\u00e0, cucina, abbigliamento, con evoluzioni diverse e con mille e mille sfaccettature, che hanno portato a identit\u00e0 diverse, ugualmente preziose, che vanno preservate\u201d. Dalla tradizionale idea della bandiera, si \u00e8 arrivati cos\u00ec ad un logo carico di valori simbolici: \u201cAbbiamo usato i colori come elementi che rendano tridimensionale la montagna, in un gioco di ombre e piani, &#8211; continua Comina\u2013 che si lega al concetto dei luoghi e delle persone che sfaccettano e rendono particolare il territorio, proprio come le rocce che si formano nel tempo e continuano comunque e sempre a rimodellarsi e cambiare. La montagna diventa il profilo di riconoscimento territoriale, il tracciato di un battito di molti cuori, i nomi delle quattro zone si intrecciano nel cielo e alcune lettere si prestano per formare le altre parole\u201d. \u201cIl logo finale \u2013 conclude la grafica \u2013 \u00e8 un simbolo moderno e versatile che rappresenta la montagna e le particolarit\u00e0 di alcuni suoi popoli e culture, in una sinergia che rafforza l&#8217;identit\u00e0 sempre nell&#8217;ottica dell&#8217;avanzamento, della condivisione, della solidariet\u00e0 e cura reciproca. Questi sono i veri valori della montagna, questi sono i veri valori dei popoli ladini e di qualsiasi meravigliosa zona dolomitica\u201d. Dopo quello nel mondo virtuale, ci si augura che il simbolo sia ora utilizzato anche nel mondo reale, dall\u2019ambito culturale\/storico\/identitario a quello turistico\/informativo&#8221;.<\/em><\/p>\n","protected":false},"excerpt":{"rendered":"<p>FALCADE Quando tradizione e storia si uniscono al mondo social: \u00e8 nato dal confronto su Facebook il nuovo simbolo dei ladini bellunesi, su iniziativa dell&#8217;Union Ladina Val Biois supportata dalla grafica agordina Iliana Comina. &nbsp; \u201cAbbiamo voluto pensare ad un simbolo che rappresentasse l&#8217;area ladina dell&#8217;Alto Bellunese, che potesse unire le comunit\u00e0 dell&#8217;Agordino, dello Zoldano,&hellip;<\/p>\n","protected":false},"author":1,"featured_media":80502,"comment_status":"closed","ping_status":"closed","sticky":false,"template":"","format":"standard","meta":{"_monsterinsights_skip_tracking":false,"_monsterinsights_sitenote_active":false,"_monsterinsights_sitenote_note":"","_monsterinsights_sitenote_category":0,"footnotes":""},"categories":[51,49],"tags":[],"class_list":["post-80504","post","type-post","status-publish","format-standard","has-post-thumbnail","hentry","category-evidenza-top","category-news-18","category-51","category-49","description-off"],"img_url":"https:\/\/www.radiopiu.net\/wordpress\/wp-content\/uploads\/2019\/03\/ladin.jpg","_links":{"self":[{"href":"https:\/\/www.radiopiu.net\/wordpress\/wp-json\/wp\/v2\/posts\/80504","targetHints":{"allow":["GET"]}}],"collection":[{"href":"https:\/\/www.radiopiu.net\/wordpress\/wp-json\/wp\/v2\/posts"}],"about":[{"href":"https:\/\/www.radiopiu.net\/wordpress\/wp-json\/wp\/v2\/types\/post"}],"author":[{"embeddable":true,"href":"https:\/\/www.radiopiu.net\/wordpress\/wp-json\/wp\/v2\/users\/1"}],"replies":[{"embeddable":true,"href":"https:\/\/www.radiopiu.net\/wordpress\/wp-json\/wp\/v2\/comments?post=80504"}],"version-history":[{"count":0,"href":"https:\/\/www.radiopiu.net\/wordpress\/wp-json\/wp\/v2\/posts\/80504\/revisions"}],"wp:featuredmedia":[{"embeddable":true,"href":"https:\/\/www.radiopiu.net\/wordpress\/wp-json\/wp\/v2\/media\/80502"}],"wp:attachment":[{"href":"https:\/\/www.radiopiu.net\/wordpress\/wp-json\/wp\/v2\/media?parent=80504"}],"wp:term":[{"taxonomy":"category","embeddable":true,"href":"https:\/\/www.radiopiu.net\/wordpress\/wp-json\/wp\/v2\/categories?post=80504"},{"taxonomy":"post_tag","embeddable":true,"href":"https:\/\/www.radiopiu.net\/wordpress\/wp-json\/wp\/v2\/tags?post=80504"}],"curies":[{"name":"wp","href":"https:\/\/api.w.org\/{rel}","templated":true}]}}