{"id":80524,"date":"2019-03-27T06:13:40","date_gmt":"2019-03-27T05:13:40","guid":{"rendered":"http:\/\/www.radiopiu.net\/wordpress\/?p=80524"},"modified":"2019-03-27T06:18:41","modified_gmt":"2019-03-27T05:18:41","slug":"speciale-croce-verde-val-biois-21-mila-chilometri-in-un-anno-per-471-interventi","status":"publish","type":"post","link":"https:\/\/www.radiopiu.net\/wordpress\/speciale-croce-verde-val-biois-21-mila-chilometri-in-un-anno-per-471-interventi\/","title":{"rendered":"SPECIALE CROCE VERDE VAL BIOIS 21 MILA CHILOMETRI IN UN ANNO PER 471 INTERVENTI"},"content":{"rendered":"<p><strong>FALCADE<\/strong> Il 12 aprile il presidente della Croce Verde Val Biois, Stefano Murer presenter\u00e0 ai soci il bilancio 2018 che non evidenzia grosse differenze da quelli degli scorsi anni tranne che segna una perdita di esercizio di oltre 14 mila euro, coperta dalle riserve fin qui accantonate.<\/p>\n<blockquote><p><strong>GLI INTERVENTI DEL 2018: VIAGGI 471, CHILOMETRI ULSS 15.742, CHILOMETRI NO ULSS\u00a0 5.316 CHILOMETRI TOTALI 21.058 (23.491 NEL 2017, 20.674 NEL 2016, 18.365 NEL 2015 E 20.103 NEL 2014<\/strong><\/p><\/blockquote>\n<p>&nbsp;<\/p>\n<table border=\"0\" width=\"890\" cellspacing=\"0\" cellpadding=\"5\">\n<colgroup>\n<col width=\"481\" \/>\n<col width=\"61\" \/>\n<col width=\"99\" \/>\n<col width=\"99\" \/>\n<col width=\"99\" \/> <\/colgroup>\n<tbody>\n<tr>\n<td width=\"481\" height=\"11\"><span style=\"font-family: Arial, sans-serif;\"><span style=\"font-size: medium;\"><b>Totale Tessere anno 2018<\/b><\/span><\/span><\/td>\n<td valign=\"BOTTOM\" width=\"61\"><\/td>\n<td valign=\"BOTTOM\" width=\"99\">\n<p align=\"RIGHT\"><span style=\"font-family: Arial, sans-serif;\"><b>583<\/b><\/span><\/p>\n<\/td>\n<td valign=\"BOTTOM\" width=\"99\"><\/td>\n<td valign=\"BOTTOM\" width=\"99\"><\/td>\n<\/tr>\n<tr>\n<td width=\"481\" height=\"10\"><span style=\"font-family: Arial, sans-serif;\"><span style=\"font-size: medium;\">Totale tessere anno 2017:<\/span><\/span><\/td>\n<td width=\"61\"><\/td>\n<td valign=\"BOTTOM\" width=\"99\">\n<p align=\"RIGHT\"><span style=\"font-family: Arial, sans-serif;\">622<\/span><\/p>\n<\/td>\n<td valign=\"BOTTOM\" width=\"99\"><\/td>\n<td valign=\"BOTTOM\" width=\"99\"><\/td>\n<\/tr>\n<tr>\n<td width=\"481\" height=\"10\"><span style=\"font-family: Arial, sans-serif;\"><span style=\"font-size: medium;\">Totale tessere anno 2016:<\/span><\/span><\/td>\n<td width=\"61\"><\/td>\n<td valign=\"BOTTOM\" width=\"99\">\n<p align=\"RIGHT\"><span style=\"font-family: Arial, sans-serif;\">651<\/span><\/p>\n<\/td>\n<td valign=\"BOTTOM\" width=\"99\"><\/td>\n<td valign=\"BOTTOM\" width=\"99\"><\/td>\n<\/tr>\n<tr>\n<td width=\"481\" height=\"10\"><span style=\"font-family: Arial, sans-serif;\"><span style=\"font-size: medium;\"><u>minori tessere 2018:<\/u><\/span><\/span><\/td>\n<td width=\"61\"><\/td>\n<td valign=\"BOTTOM\" bgcolor=\"#ffff00\" width=\"99\">\n<p align=\"RIGHT\"><span style=\"color: #ff0000;\"><span style=\"font-family: Arial, sans-serif;\"><b>-39<\/b><\/span><\/span><\/p>\n<\/td>\n<td valign=\"BOTTOM\" bgcolor=\"#ffff00\" width=\"99\">\n<p align=\"CENTER\"><span style=\"color: #ff0000;\"><span style=\"font-family: Arial, sans-serif;\"><b>-6,27%<\/b><\/span><\/span><\/p>\n<\/td>\n<td valign=\"BOTTOM\" bgcolor=\"#ffff00\" width=\"99\">\n<p align=\"CENTER\"><span style=\"color: #ff0000;\">\u00a0<\/span><\/p>\n<\/td>\n<\/tr>\n<tr>\n<td colspan=\"2\" width=\"552\" height=\"11\"><span style=\"font-family: Arial, sans-serif;\"><span style=\"font-size: medium;\"><b>Totale incassi 2018<\/b><\/span><\/span><\/td>\n<td valign=\"BOTTOM\" bgcolor=\"#ffffff\" width=\"99\">\n<p align=\"RIGHT\">\u20ac <span style=\"font-family: Arial, sans-serif;\"><b>10.626,00<\/b><\/span><\/p>\n<\/td>\n<td valign=\"BOTTOM\" bgcolor=\"#ffffff\" width=\"99\">\n<p align=\"CENTER\"><span style=\"color: #ff0000;\">\u00a0<\/span><\/p>\n<\/td>\n<td valign=\"BOTTOM\" bgcolor=\"#ffffff\" width=\"99\">\n<p align=\"CENTER\"><span style=\"color: #ff0000;\">\u00a0<\/span><\/p>\n<\/td>\n<\/tr>\n<tr>\n<td width=\"481\" height=\"10\"><span style=\"font-family: Arial, sans-serif;\"><span style=\"font-size: medium;\">Totale incassi 2017<\/span><\/span><\/td>\n<td width=\"61\"><\/td>\n<td valign=\"BOTTOM\" width=\"99\">\n<p align=\"RIGHT\">\u20ac <span style=\"font-family: Arial, sans-serif;\">11.465,00<\/span><\/p>\n<\/td>\n<td valign=\"BOTTOM\" width=\"99\"><\/td>\n<td valign=\"BOTTOM\" width=\"99\"><\/td>\n<\/tr>\n<tr>\n<td width=\"481\" height=\"10\"><span style=\"font-family: Arial, sans-serif;\"><span style=\"font-size: medium;\">Totale incassi2016:<\/span><\/span><\/td>\n<td width=\"61\"><\/td>\n<td valign=\"BOTTOM\" width=\"99\">\n<p align=\"RIGHT\">\u20ac <span style=\"font-family: Arial, sans-serif;\">11.748,00<\/span><\/p>\n<\/td>\n<td valign=\"BOTTOM\" width=\"99\"><\/td>\n<td valign=\"BOTTOM\" width=\"99\"><\/td>\n<\/tr>\n<tr>\n<td width=\"481\" height=\"10\"><span style=\"font-family: Arial, sans-serif;\"><span style=\"font-size: medium;\"><u>minori incassi tesseramenti 2017:<\/u><\/span><\/span><\/td>\n<td width=\"61\"><\/td>\n<td valign=\"BOTTOM\" bgcolor=\"#ffff00\" width=\"99\">\n<p align=\"RIGHT\"><span style=\"color: #ff0000;\"><span style=\"font-family: Arial, sans-serif;\"><b>-\u20ac 839,00<\/b><\/span><\/span><\/p>\n<\/td>\n<td valign=\"BOTTOM\" bgcolor=\"#ffff00\" width=\"99\">\n<p align=\"CENTER\"><span style=\"color: #ff0000;\"><span style=\"font-family: Arial, sans-serif;\"><b>-7,32%<\/b><\/span><\/span><\/p>\n<\/td>\n<td valign=\"BOTTOM\" bgcolor=\"#ffff00\" width=\"99\">\n<p align=\"CENTER\"><span style=\"color: #ff0000;\">\u00a0<\/span><\/p>\n<\/td>\n<\/tr>\n<tr>\n<td width=\"481\" height=\"11\"><span style=\"font-family: Arial, sans-serif;\"><span style=\"font-size: medium;\"><b>Versamenti volontari 2018<\/b><\/span><\/span><\/td>\n<td width=\"61\"><\/td>\n<td valign=\"BOTTOM\" bgcolor=\"#ffffff\" width=\"99\">\n<p align=\"RIGHT\">\u20ac <span style=\"font-family: Arial, sans-serif;\"><b>581,20<\/b><\/span><\/p>\n<\/td>\n<td valign=\"BOTTOM\" bgcolor=\"#ffffff\" width=\"99\">\n<p align=\"CENTER\"><span style=\"color: #ff0000;\">\u00a0<\/span><\/p>\n<\/td>\n<td valign=\"BOTTOM\" bgcolor=\"#ffffff\" width=\"99\">\n<p align=\"CENTER\"><span style=\"color: #ff0000;\">\u00a0<\/span><\/p>\n<\/td>\n<\/tr>\n<tr>\n<td width=\"481\" height=\"10\"><span style=\"font-family: Arial, sans-serif;\"><span style=\"font-size: medium;\">Versamenti volontari 2017<\/span><\/span><\/td>\n<td width=\"61\"><\/td>\n<td valign=\"BOTTOM\" width=\"99\">\n<p align=\"RIGHT\">\u20ac <span style=\"font-family: Arial, sans-serif;\">500,00<\/span><\/p>\n<\/td>\n<td valign=\"BOTTOM\" width=\"99\"><\/td>\n<td valign=\"BOTTOM\" width=\"99\"><\/td>\n<\/tr>\n<tr>\n<td width=\"481\" height=\"10\"><span style=\"font-family: Arial, sans-serif;\"><span style=\"font-size: medium;\">Versamenti volontari 2016:<\/span><\/span><\/td>\n<td width=\"61\"><\/td>\n<td valign=\"BOTTOM\" width=\"99\">\n<p align=\"RIGHT\">\u20ac <span style=\"font-family: Arial, sans-serif;\"><b>607,00<\/b><\/span><\/p>\n<\/td>\n<td valign=\"BOTTOM\" width=\"99\"><\/td>\n<td valign=\"BOTTOM\" width=\"99\"><\/td>\n<\/tr>\n<tr>\n<td width=\"481\" height=\"9\"><span style=\"font-family: Arial, sans-serif;\"><span style=\"font-size: small;\"><u>minori versamenti volontari 2017:<\/u><\/span><\/span><\/td>\n<td width=\"61\"><\/td>\n<td valign=\"BOTTOM\" bgcolor=\"#ffff00\" width=\"99\">\n<p align=\"RIGHT\"><span style=\"color: #ff0000;\">\u20ac <span style=\"font-family: Arial, sans-serif;\"><b>81,20<\/b><\/span><\/span><\/p>\n<\/td>\n<td valign=\"BOTTOM\" bgcolor=\"#ffff00\" width=\"99\">\n<p align=\"CENTER\"><span style=\"color: #ff0000;\"><span style=\"font-family: Arial, sans-serif;\"><b>16,24%<\/b><\/span><\/span><\/p>\n<\/td>\n<td valign=\"BOTTOM\" bgcolor=\"#ffff00\" width=\"99\">\n<p align=\"CENTER\"><span style=\"color: #ff0000;\">\u00a0<\/span><\/p>\n<\/td>\n<\/tr>\n<\/tbody>\n<\/table>\n<p>&nbsp;<\/p>\n<p><strong>di Stefano Murer, la relazione.<\/strong><\/p>\n<p align=\"JUSTIFY\"><span style=\"font-family: Book Antiqua, serif;\"><span style=\"font-size: medium;\"><a class=\"dt-pswp-item\" href=\"http:\/\/www.radiopiu.net\/wordpress\/wp-content\/uploads\/2019\/03\/MURER.jpg\" data-dt-img-description=\"\" data-large_image_width=\"259\" data-large_image_height=\"194\"><img loading=\"lazy\" decoding=\"async\" class=\"size-full wp-image-80526 alignleft\" src=\"http:\/\/www.radiopiu.net\/wordpress\/wp-content\/uploads\/2019\/03\/MURER.jpg\" alt=\"\" width=\"259\" height=\"194\" \/><\/a>Il consiglio d\u2019amministrazione della Croce Verde Val Biois nel presentare il bilancio consultivo dell\u2019Associazione dell\u2019anno solare 2018 presenta ai soci la seguente situazione: <\/span><\/span><span style=\"font-family: Book Antiqua, serif;\"><span style=\"font-size: medium;\">L\u2019associazione \u00e8 censita nell\u2019albo regionale delle associazioni di volontariato al n. BL 0007, redige un bilancio civilistico come previsto dal codice civile ed uno su modello regionale. <\/span><\/span><span style=\"font-family: Book Antiqua, serif;\"><span style=\"font-size: medium;\">Siamo associati al Coordinamento Ambulanze Agordino e Zoldano con sede a Cencenighe Agordino, al Centro Servizi al Volontariato e Dolomiti Emergency con sede a Belluno. <\/span><\/span><span style=\"font-family: Book Antiqua, serif;\"><span style=\"font-size: medium;\">Dal 2018 siamo pure associati all\u2019ANPAS con il codice d\u2019iscrizione pa-1359. <\/span><\/span><span style=\"font-family: Book Antiqua, serif;\"><span style=\"font-size: medium;\">Siamo in servizio a copertura delle 24 ore giornaliere di Primo Soccorso tramite una convenzione con la ULSS n. 1 di Belluno che scaduta a fine luglio 2018 e prorogata fino a luglio 2019. <\/span><\/span><span style=\"font-family: Book Antiqua, serif;\"><span style=\"font-size: medium;\">L\u2019associazione \u00e8 disposta su una sede a Falcade ed un ricovero ambulanze a Canale d\u2019Agordo in localit\u00e0 Pisoliva. <\/span><\/span><span style=\"font-family: Book Antiqua, serif;\"><span style=\"font-size: medium;\">Nella sede principale vi sono allocate due ambulanze: la 08, modello Volkswagen T5 integrale di anni due con km 43.388 al 31\/12\/2018, la 06 di anni dodici con 122.992 km. Vi sono gli alloggi per il volontario che svolgono il proprio impegno in sede, il magazzino e l\u2019ufficio di segreteria. Nell\u2019anno 2018 la sede non ha subito interventi. L\u2019immobile \u00e8 videosorvegliato. <\/span><\/span><span style=\"font-family: Book Antiqua, serif;\"><span style=\"font-size: medium;\">Nel garage di Pisoliva vi \u00e8 rimessa l\u2019ambulanza 24 con km 8.985 di anni 2, oltre ad un piccolo ufficio, servizi e piccolo magazzino per le necessit\u00e0 immediate. L\u2019immobile \u00e8 videosorvegliato. <\/span><\/span><span style=\"font-family: Book Antiqua, serif;\"><span style=\"font-size: medium;\">I mezzi sono regolarmente manutentati, revisionati e assicurati. <\/span><\/span><span style=\"font-family: Book Antiqua, serif;\"><span style=\"font-size: medium;\">Il personale in attivit\u00e0 dell\u2019associazione \u00e8 tutto volontario, non \u00e8 presente alcun tipo di personale stipendiato, la copertura del servizio di primo soccorso \u00e8 svolta \u201ch24\u201d con un equipaggio formato BLS e almeno un volontario abilitato all\u2019uso del defibrillatore. In dotazione al personale volontario vi \u00e8 una divisa completa (pantaloni, giacca, maglia antivento, polo e scarpe antinfortunistiche). <\/span><\/span><span style=\"font-family: Book Antiqua, serif;\"><span style=\"font-size: medium;\">Nel corso del 2018, dovuto alla completa applicazione della legge Regionale 22\/2002 e in particolare della direttiva regionale 1515 del 2015 si sono adeguate le linee formative dei volontari e per poter assolvere ai sui dettami si son dovuti rendere disponibili dei volontari a essere formati come Istruttori di Base, tra i vari volontari, che si sono resi <\/span><\/span><span style=\"font-family: Book Antiqua, serif;\"><span style=\"font-size: medium;\">disponibili, solo Bortoli Daniele, Scardanzan Maria Grazia e Murer Stefano risultano certificati dalla AULSS n. 1 DOLOMITI. <\/span><\/span><span style=\"font-family: Book Antiqua, serif;\"><span style=\"font-size: medium;\">Nel corso del 2018 da parte del Coordinamento Volontari Agordino e Zoldano sono stati formati, con corso base BLS di 100 ore, 20 nuovi volontari di questi 17 sono certificati operativi, 2 devono ancora svolgere ore di formazione teorica e a due il corso per l\u2019uso del DAE. Sono stati aggiornati i volontari la cui autorizzazione all\u2019uso del DEA era in scadenza e sono stati formati ulteriori volontari al suo uso. Sono stati verificati, da parte della AULSS n. 1 Dolomiti, n. 35 volontari all\u2019uso dei presidi e a salvaguardia del paziente traumatizzato. <\/span><\/span><span style=\"font-family: Book Antiqua, serif;\"><span style=\"font-size: medium;\">Dal 2018 i volontari effettivi devono essere in regola con la formazione e aggiornamento come previsto dalle linee guida regionali per l\u2019autorizzazione all\u2019esercizio. Data ultima dettata da parte del nostro Direttore Sanitario \u00e8 il 30 aprile 2019. <\/span><\/span><span style=\"font-family: Book Antiqua, serif;\"><span style=\"font-size: medium;\">Si segnala che \u00e8 in progetto della scuola di formazione della AULSS 1 Dolomiti anche la formazione per PHBLS-D (pediatrico) e il corso per autisti. <\/span><\/span><span style=\"font-size: medium; font-family: 'Book Antiqua', serif;\">L\u2019associazione \u00e8 composto di 99 volontari di cui alcuni inattivi per varie problematiche, alcuni di questi al 30 aprile non potranno pi\u00f9 essere utilizzati in quanto carenti della dovuta formazione, altri dovranno essere cancellati dall\u2019albo dei volontari in quanto negli ultimi due anni non hanno svolto servizi o non hanno giustificati motivi per la loro inattivit\u00e0, altri li perderemo a fine 2019 se non si allineeranno con la formazione.<\/span><\/p>\n<p align=\"JUSTIFY\"><a class=\"dt-pswp-item\" href=\"http:\/\/www.radiopiu.net\/wordpress\/wp-content\/uploads\/2019\/03\/CROCE-2.jpg\" data-dt-img-description=\"\" data-large_image_width=\"300\" data-large_image_height=\"168\"><img loading=\"lazy\" decoding=\"async\" class=\"wp-image-80525 size-full alignleft\" src=\"http:\/\/www.radiopiu.net\/wordpress\/wp-content\/uploads\/2019\/03\/CROCE-2.jpg\" alt=\"\" width=\"300\" height=\"168\" \/><\/a><\/p>\n<blockquote>\n<p align=\"JUSTIFY\"><em><span style=\"font-family: Book Antiqua, serif;\"><span style=\"font-size: medium;\">Per la sopravvivenza della nostra attivit\u00e0 ci cingiamo ad affrontare nuove incombenze: <\/span><\/span><span style=\"font-size: medium; font-family: 'Book Antiqua', serif;\">tra breve dovremmo trovarci in assemblea straordinaria per le modifiche statutarie dovute alla nuova giurisprudenza che governa le organizzazioni di volontariato; <\/span><span style=\"font-size: medium; font-family: 'Book Antiqua', serif;\">il rinnovo dell\u2019accreditamento presso la Regione del Veneto; <\/span><span style=\"font-family: 'Book Antiqua', serif;\"><span style=\"font-size: medium;\">continuare sulla strada della formazione del volontario come previsto dalla DRV 1515 del 2015; <\/span><\/span><span style=\"font-family: 'Book Antiqua', serif;\"><span style=\"font-size: medium;\">procedere con gli interventi strutturali presso la sede associativa per migliorare gli standard di sicurezza e qualit\u00e0 degli interventi dei volontari. <\/span><\/span><span style=\"font-family: 'Book Antiqua', serif;\"><span style=\"font-size: medium;\">Ottemperare a quanto previsto dal regolamento UE 679\/2016 in materia dati personali.<\/span><\/span><\/em><\/p>\n<\/blockquote>\n","protected":false},"excerpt":{"rendered":"<p>FALCADE Il 12 aprile il presidente della Croce Verde Val Biois, Stefano Murer presenter\u00e0 ai soci il bilancio 2018 che non evidenzia grosse differenze da quelli degli scorsi anni tranne che segna una perdita di esercizio di oltre 14 mila euro, coperta dalle riserve fin qui accantonate. GLI INTERVENTI DEL 2018: VIAGGI 471, CHILOMETRI ULSS&hellip;<\/p>\n","protected":false},"author":1,"featured_media":80527,"comment_status":"closed","ping_status":"closed","sticky":false,"template":"","format":"standard","meta":{"_monsterinsights_skip_tracking":false,"_monsterinsights_sitenote_active":false,"_monsterinsights_sitenote_note":"","_monsterinsights_sitenote_category":0,"footnotes":""},"categories":[51,84],"tags":[],"class_list":["post-80524","post","type-post","status-publish","format-standard","has-post-thumbnail","hentry","category-evidenza-top","category-speciali","category-51","category-84","description-off"],"img_url":"https:\/\/www.radiopiu.net\/wordpress\/wp-content\/uploads\/2019\/03\/CROCE.jpg","_links":{"self":[{"href":"https:\/\/www.radiopiu.net\/wordpress\/wp-json\/wp\/v2\/posts\/80524","targetHints":{"allow":["GET"]}}],"collection":[{"href":"https:\/\/www.radiopiu.net\/wordpress\/wp-json\/wp\/v2\/posts"}],"about":[{"href":"https:\/\/www.radiopiu.net\/wordpress\/wp-json\/wp\/v2\/types\/post"}],"author":[{"embeddable":true,"href":"https:\/\/www.radiopiu.net\/wordpress\/wp-json\/wp\/v2\/users\/1"}],"replies":[{"embeddable":true,"href":"https:\/\/www.radiopiu.net\/wordpress\/wp-json\/wp\/v2\/comments?post=80524"}],"version-history":[{"count":0,"href":"https:\/\/www.radiopiu.net\/wordpress\/wp-json\/wp\/v2\/posts\/80524\/revisions"}],"wp:featuredmedia":[{"embeddable":true,"href":"https:\/\/www.radiopiu.net\/wordpress\/wp-json\/wp\/v2\/media\/80527"}],"wp:attachment":[{"href":"https:\/\/www.radiopiu.net\/wordpress\/wp-json\/wp\/v2\/media?parent=80524"}],"wp:term":[{"taxonomy":"category","embeddable":true,"href":"https:\/\/www.radiopiu.net\/wordpress\/wp-json\/wp\/v2\/categories?post=80524"},{"taxonomy":"post_tag","embeddable":true,"href":"https:\/\/www.radiopiu.net\/wordpress\/wp-json\/wp\/v2\/tags?post=80524"}],"curies":[{"name":"wp","href":"https:\/\/api.w.org\/{rel}","templated":true}]}}