{"id":80592,"date":"2019-03-28T06:14:19","date_gmt":"2019-03-28T05:14:19","guid":{"rendered":"http:\/\/www.radiopiu.net\/wordpress\/?p=80592"},"modified":"2019-03-28T17:33:49","modified_gmt":"2019-03-28T16:33:49","slug":"giornale-radiopiu-28-marzo-2019-direttore-mirko-mezzacasa","status":"publish","type":"post","link":"https:\/\/www.radiopiu.net\/wordpress\/giornale-radiopiu-28-marzo-2019-direttore-mirko-mezzacasa\/","title":{"rendered":"GIORNALE RADIOPIU 28 MARZO 2019 DIRETTORE MIRKO MEZZACASA"},"content":{"rendered":"<p>Un investimento che sfiora i <strong>56 milioni di euro per un totale di 21 progetti<\/strong> finanziati dai Fondi di Confine e coordinati dalla Provincia, risposta concreta nella lotta all&#8217;abbandono della montagna. A <strong>Belluno<\/strong> ieri sono stati presentati 7 autobus per promuovere la provincia e le Dolomiti. Chiude <strong>Dolomitistars\u00a0 <\/strong>&#8220;All&#8217;orizzonte non vedo granch\u00e8&#8221; dice il presidente\u00a0 Sergio Pra. Martedi sciopero all&#8217;\u00a0<strong>Ideal Standard\u00a0<\/strong> di Borgo Valbelluna, i lavoratori chiedono il rilancio dello stabilimento. A Rocca Pietore \u00e8 stato inaugurato il <strong>Centro Sollievo per anziani,<\/strong> sono gi\u00e0 35 le persone che ne usufruiscono nella sede di volontari ambulanza. E&#8217; Sonia d&#8217;Agostini la nuova presidente del Pettirosso Agordino, succede a Nadia dell&#8217;Agnola fondatrice della prima associazione Cucchini Agordo. In Cadore un uomo ha gettato i propri rifiuti nel lago, compreso un sacchetto contenente documenti che hanno permesso di risalire all&#8217; <em><strong>eco vandalo\u00a0<\/strong><\/em>multato per 600 euro oltre alla figuraccia di paese poich\u00e8\u00a0 D.P. (le iniziali) \u00e8 stato\u00a0 denunciato pubblicamente\u00a0 dall&#8217;assessore Stefano Campi proprio nei giorni in cui si rende noto che Pieve di Cadore indossa la maglia nera nella raccolta differenziata.<\/p>\n<p>&nbsp;<\/p>\n<p>&nbsp;<\/p>\n<p>&nbsp;<\/p>\n<blockquote><p><em><strong>AUTOVELOX PER FARE FASSA E AUMENTO DELLE TASSE, INTANTO A FALCADE&#8230; PROSSIMAMENTE?<\/strong><\/em><\/p><\/blockquote>\n<p><strong>FALCADE<\/strong> A Falcade aumentano le tasse, come per Canale d&#8217;Agordo \u00e8 l&#8217;effetto della famosa mancata fusione (Falcade-Canale), aumenta l&#8217;Imu e cambiano le esenzioni anche per gli iscritti Aire, ritoccata la Tosap e si prevedono entrate per 106 mila euro dalle multe con gli autovelox che per il controllo costeranno al Comune 50 mila euro, con un guadagno per il Comune di 56 mila euro, ammesso che ai controlli l&#8217;automobilista superi il limite cosa che potrebbe diventare anche difficile visto che ormai quasi tutti i Comuni mettono a posto il bilancio con l&#8217;autovelox quindi da Belluno ai Passi Dolomitici chiunque sa che qui o li&#8217; contavvenendo al limite la multa e&#8217; sicura cos\u00ec&#8217; come succede nel resto delle Regioni confinanti e i Comuni che ancora non hanno deciso di fare cassa con l&#8217;autovelox visti i tempi si dovranno organizzare con qualche cosa di diverso o pareggiare i bilanci non sar\u00e0 cosa facile.<\/p>\n<p>&nbsp;<\/p>\n<p>&nbsp;<\/p>\n<p>&nbsp;<\/p>\n<blockquote><p><strong>MORENO DE VAL\u00a0 ROMPE CON GSP CHE HA ABBANDONATO SAN TOMASO\u00a0 E LO ACCUSA DI SAPERE FARE SOLO PROMESSE<\/strong><\/p><\/blockquote>\n<p><strong><a class=\"dt-pswp-item\" href=\"http:\/\/www.radiopiu.net\/wordpress\/wp-content\/uploads\/2018\/08\/ACQUA.jpeg\" data-dt-img-description=\"\" data-large_image_width=\"1280\" data-large_image_height=\"768\"><img loading=\"lazy\" decoding=\"async\" class=\"wp-image-57052 alignleft\" src=\"http:\/\/www.radiopiu.net\/wordpress\/wp-content\/uploads\/2018\/08\/ACQUA.jpeg\" alt=\"\" width=\"210\" height=\"126\" srcset=\"https:\/\/www.radiopiu.net\/wordpress\/wp-content\/uploads\/2018\/08\/ACQUA.jpeg 1280w, https:\/\/www.radiopiu.net\/wordpress\/wp-content\/uploads\/2018\/08\/ACQUA-300x180.jpeg 300w, https:\/\/www.radiopiu.net\/wordpress\/wp-content\/uploads\/2018\/08\/ACQUA-768x461.jpeg 768w, https:\/\/www.radiopiu.net\/wordpress\/wp-content\/uploads\/2018\/08\/ACQUA-1024x614.jpeg 1024w\" sizes=\"auto, (max-width: 210px) 100vw, 210px\" \/><\/a>SAN TOMASO:<\/strong> Una petizione contro Gsp perch\u00e9 nelle frazioni Roi, La Costa e Avoscan l&#8217;acqua \u00e8 inquinata dallo scorso 29 ottobre. I cittadini si sentono dimenticati. Il Sindaco Moreno De Val scarica l&#8217;intera responsabilit\u00e0 su Bim Gsp che la soluzione ha saputo solo prometterla e anche il primo cittadino non esita a dire:<em> &#8220;Siamo stati abbandonati&#8221;<\/em> . <strong>A denunciare la situazione per\u00f2 non \u00e8 l&#8217;amministrazione comunale<\/strong>, piuttosto un cittadino, Francesco Avoscan che prima ha rimarcato il fatto a pi\u00f9 riprese e resosi conto delle parole al vento ha avviato la petizione.\u00a0 San Tomaso \u00e8 tra l&#8217;altro un Comune che a maggio andr\u00e0 ad elezioni, il sindaco che intende candidarsi inizi quindi a proporre soluzioni concrete anche per questa problematica, perch\u00e9 acquedotti e acqua inquinata da tempo sono un vero problema per il paese.<\/p>\n<p>&nbsp;<\/p>\n<p>&nbsp;<\/p>\n<blockquote>\n<p align=\"JUSTIFY\"><em><span style=\"font-family: Arial, sans-serif;\"><a class=\"dt-pswp-item\" href=\"http:\/\/www.radiopiu.net\/wordpress\/wp-content\/uploads\/2018\/08\/ACQUA.jpeg\" data-dt-img-description=\"\" data-large_image_width=\"1280\" data-large_image_height=\"768\"><img loading=\"lazy\" decoding=\"async\" class=\"wp-image-57052 alignleft\" src=\"http:\/\/www.radiopiu.net\/wordpress\/wp-content\/uploads\/2018\/08\/ACQUA.jpeg\" alt=\"\" width=\"134\" height=\"80\" srcset=\"https:\/\/www.radiopiu.net\/wordpress\/wp-content\/uploads\/2018\/08\/ACQUA.jpeg 1280w, https:\/\/www.radiopiu.net\/wordpress\/wp-content\/uploads\/2018\/08\/ACQUA-300x180.jpeg 300w, https:\/\/www.radiopiu.net\/wordpress\/wp-content\/uploads\/2018\/08\/ACQUA-768x461.jpeg 768w, https:\/\/www.radiopiu.net\/wordpress\/wp-content\/uploads\/2018\/08\/ACQUA-1024x614.jpeg 1024w\" sizes=\"auto, (max-width: 134px) 100vw, 134px\" \/><\/a>Gestione Servizi Pubblici informa che a Livinallongo del Col di Lana in localit\u00e0 Livin\u00e8 l&#8217;acqua erogata dall&#8217;acquedotto non \u00e8 potabile e pu\u00f2 essere usata per scopi alimentari solo previa bollitura<\/span><\/em><\/p>\n<\/blockquote>\n<p>&nbsp;<\/p>\n<p>&nbsp;<\/p>\n<p>&nbsp;<\/p>\n<p>&nbsp;<\/p>\n<h2>PEPPINO IMPASTATO E RADIO AUT<\/h2>\n<p>Peppino Impastato: un ponte di impegno e giustizia tra Agordo e Cinisi<\/p>\n<p><span style=\"color: #ff0000;\"><em>\u00a0Chi \u00e8 colui al quale l&#8217;amministrazione di Agordo ha intitolato il parcheggio di Tamonich? Radio Pi\u00f9 vi propone una settimana di approfondimenti, di interviste, di spettacoli, di poesie e musiche per scoprire di pi\u00f9 su Peppino Impastato e sulle mafie di casa nostra<\/em><\/span><\/p>\n<p>OGGI: Alle 15.10 e alle 21.10 <strong class=\"photoswipe-wrapper\"> Rosy Bindi, presidente della Commissione parlamentare anti-mafia dal 2013 al 2018 <\/strong>15.30 e 21.30 <strong class=\"photoswipe-wrapper\">Ugo Dinello, giornalista della Nuova di Venezia e Mestre e autore con Luana De Francisco e Giampiero Rossi del libro \u201cMafia a Nord-Est\u201d<\/strong><\/p>\n<p>Alle 16.30 <strong class=\"photoswipe-wrapper\">Francesco Trotta, scrittore dell\u2019associazione Cosa Vostra<\/strong><\/p>\n<p>&nbsp;<\/p>\n<p>&nbsp;<\/p>\n<blockquote>\n<h2><span style=\"color: #ff0000;\">Informazione ieri e oggi contro le mafie stasera parla Trotta<\/span><\/h2>\n<\/blockquote>\n<p><strong>di GIANNI SANTOMASO<\/strong><\/p>\n<p><strong><a class=\"dt-pswp-item\" href=\"http:\/\/www.radiopiu.net\/wordpress\/wp-content\/uploads\/2019\/03\/WhatsApp-Image-2019-03-27-at-18.12.10.jpeg\" data-dt-img-description=\"\" data-large_image_width=\"1600\" data-large_image_height=\"901\"><img loading=\"lazy\" decoding=\"async\" class=\"wp-image-80638 alignleft\" src=\"http:\/\/www.radiopiu.net\/wordpress\/wp-content\/uploads\/2019\/03\/WhatsApp-Image-2019-03-27-at-18.12.10.jpeg\" alt=\"\" width=\"185\" height=\"104\" srcset=\"https:\/\/www.radiopiu.net\/wordpress\/wp-content\/uploads\/2019\/03\/WhatsApp-Image-2019-03-27-at-18.12.10.jpeg 1600w, https:\/\/www.radiopiu.net\/wordpress\/wp-content\/uploads\/2019\/03\/WhatsApp-Image-2019-03-27-at-18.12.10-300x169.jpeg 300w, https:\/\/www.radiopiu.net\/wordpress\/wp-content\/uploads\/2019\/03\/WhatsApp-Image-2019-03-27-at-18.12.10-768x432.jpeg 768w, https:\/\/www.radiopiu.net\/wordpress\/wp-content\/uploads\/2019\/03\/WhatsApp-Image-2019-03-27-at-18.12.10-1024x577.jpeg 1024w\" sizes=\"auto, (max-width: 185px) 100vw, 185px\" \/><\/a>AGORDO<\/strong>. Peppino Impastato e Monica Andolfatto, due giornalisti contro le mafie di ieri e di oggi, di Sicilia e del Nord-Est. Si apre questa sera ad Agordo la due giorni dedicata alle vittime innocenti delle mafie e alla penetrazione della criminalit\u00e0 organizzata in Veneto<strong>. Alle 20 in sala \u201cdon Tamis\u201d<\/strong> ad Agordo,\u00a0lo scrittore Francesco Trotta (associazione Cosa Vostra) presenter\u00e0 il libro \u201cMafia come M. La criminalit\u00e0 organizzata del nord-est spiegata ai ragazzi\u201d. Seguir\u00e0 la premiazione, da parte di Beba De Dea e Antonio Bortoluzzi, degli studenti di tanti istituti della provincia che hanno partecipato al concorso letterario \u201cLa bellezza dell\u2019impegno: storie di vita al servizio degli altri\u201d. <strong>Domani<\/strong> alle 11 sar\u00e0 la volta della cerimonia di intitolazione del parcheggio di Tamonich, nei pressi del Follador<\/p>\n<p>&nbsp;<\/p>\n<p>&nbsp;<\/p>\n<p>&nbsp;<\/p>\n<p>&nbsp;<\/p>\n<p>&nbsp;<\/p>\n<h2>NUOVA OPERAZIONE &#8220;TISPOL&#8221; ANCHE CON\u00a0 LA POLIZIA DI BELLUNO<\/h2>\n<p><strong><a class=\"dt-pswp-item\" href=\"http:\/\/www.radiopiu.net\/wordpress\/wp-content\/uploads\/2018\/09\/polizia.jpg\" data-dt-img-description=\"\" data-large_image_width=\"1280\" data-large_image_height=\"853\"><img loading=\"lazy\" decoding=\"async\" class=\"wp-image-59542 alignleft\" src=\"http:\/\/www.radiopiu.net\/wordpress\/wp-content\/uploads\/2018\/09\/polizia.jpg\" alt=\"\" width=\"215\" height=\"143\" srcset=\"https:\/\/www.radiopiu.net\/wordpress\/wp-content\/uploads\/2018\/09\/polizia.jpg 1280w, https:\/\/www.radiopiu.net\/wordpress\/wp-content\/uploads\/2018\/09\/polizia-300x200.jpg 300w, https:\/\/www.radiopiu.net\/wordpress\/wp-content\/uploads\/2018\/09\/polizia-768x512.jpg 768w, https:\/\/www.radiopiu.net\/wordpress\/wp-content\/uploads\/2018\/09\/polizia-1024x682.jpg 1024w\" sizes=\"auto, (max-width: 215px) 100vw, 215px\" \/><\/a>BELLUNO<\/strong>\u00a0 Il Network Europeo delle Polizie Stradali &#8220;TISPOL&#8221; ha programmato dall&#8217; 1 al 7 april l&#8217;effettuazione della campagna europea congiunta denominata &#8220;Speed&#8221; (Velocit\u00e0).\u00a0Lo scopo della campagna\u00a0 \u00e8 di contrastare efficacemente, su tute le arterie europee di grande viabilit\u00e0, il superamento dei limiti di velocit\u00e0 da parte dei conducenti dei veicoli a motore, sicch\u00e9 si sviluppi la coscienza e la consapevolezza che nello stesso momento tutte le Forze di Polizia Stradale dell&#8217;Unione stanno operando con le medesime modalit\u00e0, strumenti omogenei e un obiettivo comune.<\/p>\n<blockquote><p><em>La Sezione Polizia Stradale di Belluno, anche in questa circostanza, concorrer\u00e0 all\u2019Operazione predisponendo, nelle date in questione, esclusivi servizi sulle principali arterie provinciali, impiegando tutte le risorse disponibili tratte dai Reparti operanti in provincia.<\/em><\/p><\/blockquote>\n<p>Per l&#8217;intera settimana, chiunque si metter\u00e0 alla guida sulle direttrici del &#8220;Vecchio Continente&#8221; sar\u00e0 pertanto conscio che, in ogni Paese che attraverser\u00e0, il rispetto dei limiti di velocit\u00e0 verr\u00e0 costantemente monitorato. Il Compartimento Polizia Stradale per il Trentino Alto Adige e Belluno nell&#8217;ambito delle attivit\u00e0 previste sull&#8217;intero territorio nazionale, ha predisposto e coordinato l&#8217;effettuazione sulle ventiquattrore, di mirati controlli.<\/p>\n<p>&nbsp;<\/p>\n<p>&nbsp;<\/p>\n<p>&nbsp;<\/p>\n<h2>UN NUOVO CENTRO SOLLIEVO A ROCCA PIETORE CON L&#8217;ASCA<\/h2>\n<blockquote><p><em>Anziani, familiari, volontari e istituzioni in festa al centro sollievo di Rocca Pietore<\/em><\/p>\n<p><a class=\"dt-pswp-item\" href=\"http:\/\/www.radiopiu.net\/wordpress\/wp-content\/uploads\/2019\/03\/IMG-20190327-WA0000-1.jpg\" data-dt-img-description=\"\" data-large_image_width=\"1314\" data-large_image_height=\"1200\"><img loading=\"lazy\" decoding=\"async\" class=\"wp-image-80597 alignleft\" src=\"http:\/\/www.radiopiu.net\/wordpress\/wp-content\/uploads\/2019\/03\/IMG-20190327-WA0000-1.jpg\" alt=\"\" width=\"201\" height=\"184\" srcset=\"https:\/\/www.radiopiu.net\/wordpress\/wp-content\/uploads\/2019\/03\/IMG-20190327-WA0000-1.jpg 1314w, https:\/\/www.radiopiu.net\/wordpress\/wp-content\/uploads\/2019\/03\/IMG-20190327-WA0000-1-300x274.jpg 300w, https:\/\/www.radiopiu.net\/wordpress\/wp-content\/uploads\/2019\/03\/IMG-20190327-WA0000-1-768x701.jpg 768w, https:\/\/www.radiopiu.net\/wordpress\/wp-content\/uploads\/2019\/03\/IMG-20190327-WA0000-1-1024x935.jpg 1024w\" sizes=\"auto, (max-width: 201px) 100vw, 201px\" \/><\/a><\/p><\/blockquote>\n<p><strong> ROCCA PIETORE <\/strong>Dopo sei mesi di attivit\u00e0 e con una sospensione forzata nei mesi di novembre e dicembre\u00a0 \u00e8\u00a0 stato inaugurato ieri il centro sollievo di Rocca Pietore, che utilizza i locali della sede dei Volontari Ambulanza e Protezione Civile, messi a disposizione dal Comune. Alla festa erano presenti il Sindaco Andrea De Bernardin, il parroco Don Franco Decima, i volontari di Rocca Pietore, che condotti dalla psicologa Stefania Troian gestiscono il servizio, e quelli dell&#8217;AUSER El Broi che organizzano i trasporti. Hanno espresso grande soddisfazione per l&#8217;attivit\u00e0 in corso, il Sindaco Andrea De Bernardin che ha sottolineato il grande riscontro del servizio in un territorio che non aveva mai potuto contare su simili risposte e Mariachiara Santin, Amministratore Unico di ASCA che ha marcato il valore del volontariato, e la tenacia con la quale si \u00e8 raggiunto un cos\u00ec importante traguardo, grazie all&#8217;impegno dei servizi sociali di ASCA, in particolare dell&#8217;assistente sociale Elena Pallua che opera nell&#8217;Alto Agordino. Dopo la benedizione del parroco si \u00e8 dato avvio alla festa alla quale hanno partecipato una quarantina di persone, a partire dagli 11 anziani che frequentano il centro e con la loro presenza lo hanno fatto diventare il pi\u00f9 grade di tutto il territorio.<\/p>\n<p>&nbsp;<\/p>\n<p>&nbsp;<\/p>\n<p>&nbsp;<\/p>\n<h2>DOLOMITISTARS CHIUDE MA ALL&#8217;ORIZZONTE?<\/h2>\n<blockquote>\n<h3><a class=\"dt-pswp-item\" href=\"http:\/\/www.radiopiu.net\/wordpress\/wp-content\/uploads\/2018\/01\/Dolomiti-Stars_Ferien-Messe-Wien.jpg\" data-dt-img-description=\"\" data-large_image_width=\"2464\" data-large_image_height=\"1800\"><img loading=\"lazy\" decoding=\"async\" class=\"wp-image-42045 alignleft\" src=\"http:\/\/www.radiopiu.net\/wordpress\/wp-content\/uploads\/2018\/01\/Dolomiti-Stars_Ferien-Messe-Wien.jpg\" alt=\"\" width=\"198\" height=\"145\" srcset=\"https:\/\/www.radiopiu.net\/wordpress\/wp-content\/uploads\/2018\/01\/Dolomiti-Stars_Ferien-Messe-Wien.jpg 2464w, https:\/\/www.radiopiu.net\/wordpress\/wp-content\/uploads\/2018\/01\/Dolomiti-Stars_Ferien-Messe-Wien-300x219.jpg 300w, https:\/\/www.radiopiu.net\/wordpress\/wp-content\/uploads\/2018\/01\/Dolomiti-Stars_Ferien-Messe-Wien-768x561.jpg 768w, https:\/\/www.radiopiu.net\/wordpress\/wp-content\/uploads\/2018\/01\/Dolomiti-Stars_Ferien-Messe-Wien-1024x748.jpg 1024w\" sizes=\"auto, (max-width: 198px) 100vw, 198px\" \/><\/a><\/h3>\n<h3><em>&#8220;NON VEDO UN GRANCHE&#8217; E I SINDACI CI HANNO LASCIATO PER STRADA &#8216;&#8221;,<\/em> RISPONDE SICURO SERGIO PRA.<\/h3>\n<\/blockquote>\n<p>&nbsp;<\/p>\n<p><strong><a class=\"dt-pswp-item\" href=\"http:\/\/www.radiopiu.net\/wordpress\/wp-content\/uploads\/2017\/03\/Sergio-Pra.jpg\" data-dt-img-description=\"\" data-large_image_width=\"450\" data-large_image_height=\"429\"><img loading=\"lazy\" decoding=\"async\" class=\"wp-image-29383 alignleft\" src=\"http:\/\/www.radiopiu.net\/wordpress\/wp-content\/uploads\/2017\/03\/Sergio-Pra.jpg\" alt=\"\" width=\"116\" height=\"110\" \/><\/a>ALLEGHE<\/strong><\/p>\n<p><strong>DI GIANNI SANTOMASO<\/strong><\/p>\n<audio class=\"wp-audio-shortcode\" id=\"audio-80592-1\" preload=\"none\" style=\"width: 100%;\" controls=\"controls\"><source type=\"audio\/mpeg\" src=\"http:\/\/www.radiopiu.net\/wordpress\/wp-content\/uploads\/2019\/03\/GIANNI-DS.mp3?_=1\" \/><a href=\"http:\/\/www.radiopiu.net\/wordpress\/wp-content\/uploads\/2019\/03\/GIANNI-DS.mp3\">http:\/\/www.radiopiu.net\/wordpress\/wp-content\/uploads\/2019\/03\/GIANNI-DS.mp3<\/a><\/audio>\n<p>&nbsp;<\/p>\n<p>&nbsp;<\/p>\n<p>&nbsp;<\/p>\n<p><strong>LA LETTERA A RADIO PIU&#8217;<\/strong><\/p>\n<p><strong><a class=\"dt-pswp-item\" href=\"http:\/\/www.radiopiu.net\/wordpress\/wp-content\/uploads\/2015\/10\/Entrata-Agordo-300x225.jpg\" data-dt-img-description=\"\" data-large_image_width=\"300\" data-large_image_height=\"225\"><img loading=\"lazy\" decoding=\"async\" class=\"wp-image-11952 alignleft\" src=\"http:\/\/www.radiopiu.net\/wordpress\/wp-content\/uploads\/2015\/10\/Entrata-Agordo-300x225.jpg\" alt=\"\" width=\"175\" height=\"131\" \/><\/a>AGORDO<\/strong> La Ulss1 non ha ancora stretto una patto di aggregazione con in sindaci dell&#8217;Agordino pronti a concedere 2,5 milioni e mezzo dei fondi di confine per la ristrutturazione del Pronto Soccorso di Agordo. I sindaci, anche memori del passato e dei continui tagli vogliono determinate garanzie, non ultimo il laboratorio analisi che \u00e8 stato il perno della discussione di un anno fa quando compatti i sindaci (prima che qualcuno cambiasse idea) avevano detto no ad una &#8220;donazione&#8221; dei fondi di confine ad occhi chiusi senza conoscere il futuro dell&#8217;ospedale di Agordo.<br \/>\nMa intanto c&#8217;\u00e8 chi del Pronto Soccorso non pu\u00f2 purtroppo farne a meno, come Graziano che di ritorno da quel &#8220;buco&#8221; comunque ben organizzato grazie alla\u00a0 professionalit\u00e0 e passione del personale, ci ha scritto:<\/p>\n<blockquote><p><em>Un &#8220;default giovanile&#8221; mi ha portato recentemente ed urgentemente al P.S. di Agordo. Mentre trascorrevano lentissime le ore della notte scorgevo, a circa un metro e mezzo di distanza sul soffitto, una serie di tralicci metallici che sostenevano gli impianti tecnologici, Chi ha sostato in quelle stanze ha sperimentato la miserevole condizione in cui versano. Mi sono venuti alla mente alcuni &#8220;intelligentissimi&#8221; sindaci dell&#8217; Agordino che da anni si contorcono in difesa di principi ormai senza significato. Arroccati su posizioni di protervia e di insensibilit\u00e0 nei confronti di un popolo, il nostro popolo che nel momento della sofferenza mai e poi mai pu\u00f2 comprendere le vetuste ed insignificanti diatribe tra i tradimenti della ULS ed i nostre impellenti bisogni. Bravi, molto bravi coltivate i vostri elevati pensieri mentre la gente sente l&#8217;esigenza di vivere nei momenti decisivi della propria esistenza in condizioni di minima dignit\u00e0 umana. Grazie con tutto il cuore ai medici ed alle meravigliose infermiere.\u00a0 \u00a0 \u00a0 \u00a0 \u00a0 \u00a0 \u00a0 \u00a0 \u00a0 \u00a0 \u00a0 \u00a0 \u00a0G.Ronchi.<\/em><\/p><\/blockquote>\n<p>&nbsp;<\/p>\n<p>&nbsp;<\/p>\n<p>&nbsp;<\/p>\n<p>&nbsp;<\/p>\n<h2><a class=\"dt-pswp-item\" href=\"http:\/\/www.radiopiu.net\/wordpress\/wp-content\/uploads\/2019\/02\/bond-e1549601699137.jpg\" data-dt-img-description=\"\" data-large_image_width=\"225\" data-large_image_height=\"225\"><img loading=\"lazy\" decoding=\"async\" class=\" wp-image-75797 alignleft\" src=\"http:\/\/www.radiopiu.net\/wordpress\/wp-content\/uploads\/2019\/02\/bond-e1549601699137.jpg\" alt=\"\" width=\"97\" height=\"97\" srcset=\"https:\/\/www.radiopiu.net\/wordpress\/wp-content\/uploads\/2019\/02\/bond-e1549601699137.jpg 225w, https:\/\/www.radiopiu.net\/wordpress\/wp-content\/uploads\/2019\/02\/bond-e1549601699137-150x150.jpg 150w\" sizes=\"auto, (max-width: 97px) 100vw, 97px\" \/><\/a><\/h2>\n<h2><\/h2>\n<h2>I PROBLEMI DELLA SANITA&#8217; DUBBI E RICETTE DI DARIO BOND<\/h2>\n<audio class=\"wp-audio-shortcode\" id=\"audio-80592-2\" preload=\"none\" style=\"width: 100%;\" controls=\"controls\"><source type=\"audio\/mpeg\" src=\"http:\/\/www.radiopiu.net\/wordpress\/wp-content\/uploads\/2019\/03\/BBOND.mp3?_=2\" \/><a href=\"http:\/\/www.radiopiu.net\/wordpress\/wp-content\/uploads\/2019\/03\/BBOND.mp3\">http:\/\/www.radiopiu.net\/wordpress\/wp-content\/uploads\/2019\/03\/BBOND.mp3<\/a><\/audio>\n<p>&nbsp;<\/p>\n<p>&nbsp;<\/p>\n<p>&nbsp;<\/p>\n<h2>I NUOVI AUTOBUS DOLOMITIBUS SERIGRAFATI <a class=\"\" href=\"https:\/\/www.facebook.com\/profile.php?id=860755277647610&amp;ref=br_rs\">DOLOMITES MAADNESS<\/a>\u00a0E &#8220;RICOSTRUIAMO I SERRAI&#8221;<\/h2>\n\n\t\t\t<style type='text\/css'>\n\t\t\t\t#gallery-1 {\n\t\t\t\t\tmargin: auto;\n\t\t\t\t}\n\t\t\t\t#gallery-1 .gallery-item {\n\t\t\t\t\tfloat: left;\n\t\t\t\t\tmargin-top: 10px;\n\t\t\t\t\ttext-align: center;\n\t\t\t\t\twidth: 33%;\n\t\t\t\t}\n\t\t\t\t#gallery-1 img {\n\t\t\t\t\tborder: 2px solid #cfcfcf;\n\t\t\t\t}\n\t\t\t\t#gallery-1 .gallery-caption {\n\t\t\t\t\tmargin-left: 0;\n\t\t\t\t}\n\t\t\t\t\/* see gallery_shortcode() in wp-includes\/media.php *\/\n\t\t\t<\/style>\n\t\t<div id='gallery-1' class='dt-gallery-container gallery galleryid-80592 gallery-columns-3 gallery-size-thumbnail'><dl class='gallery-item'>\n\t\t\t\t<dt class='gallery-icon landscape'>\n\t\t\t\t\t<a class=\"rollover\" href='https:\/\/www.radiopiu.net\/wordpress\/giornale-radiopiu-28-marzo-2019-direttore-mirko-mezzacasa\/fdc1d0c4-514b-4a93-a561-dd3790cb99c8\/'><img loading=\"lazy\" decoding=\"async\" width=\"150\" height=\"150\" src=\"https:\/\/www.radiopiu.net\/wordpress\/wp-content\/uploads\/2019\/03\/fdc1d0c4-514b-4a93-a561-dd3790cb99c8-150x150.jpg\" class=\"attachment-thumbnail size-thumbnail\" alt=\"\" \/><\/a>\n\t\t\t\t<\/dt><\/dl><dl class='gallery-item'>\n\t\t\t\t<dt class='gallery-icon landscape'>\n\t\t\t\t\t<a class=\"rollover\" href='https:\/\/www.radiopiu.net\/wordpress\/giornale-radiopiu-28-marzo-2019-direttore-mirko-mezzacasa\/df1d4c01-9721-494f-a4a0-f47a3d5e0855\/'><img loading=\"lazy\" decoding=\"async\" width=\"150\" height=\"150\" src=\"https:\/\/www.radiopiu.net\/wordpress\/wp-content\/uploads\/2019\/03\/df1d4c01-9721-494f-a4a0-f47a3d5e0855-150x150.jpg\" class=\"attachment-thumbnail size-thumbnail\" alt=\"\" \/><\/a>\n\t\t\t\t<\/dt><\/dl><dl class='gallery-item'>\n\t\t\t\t<dt class='gallery-icon landscape'>\n\t\t\t\t\t<a class=\"rollover\" href='https:\/\/www.radiopiu.net\/wordpress\/giornale-radiopiu-28-marzo-2019-direttore-mirko-mezzacasa\/d51ed1b8-bf0e-4770-b44f-9796514f1b1d\/'><img loading=\"lazy\" decoding=\"async\" width=\"150\" height=\"150\" src=\"https:\/\/www.radiopiu.net\/wordpress\/wp-content\/uploads\/2019\/03\/d51ed1b8-bf0e-4770-b44f-9796514f1b1d-150x150.jpg\" class=\"attachment-thumbnail size-thumbnail\" alt=\"\" \/><\/a>\n\t\t\t\t<\/dt><\/dl><br style=\"clear: both\" \/>\n\t\t\t<\/div>\n\n<p><strong><a class=\"dt-pswp-item\" href=\"http:\/\/www.radiopiu.net\/wordpress\/wp-content\/uploads\/2019\/03\/98663612-6b65-49d6-9c09-1b3636890ae1.jpg\" data-dt-img-description=\"\" data-large_image_width=\"1599\" data-large_image_height=\"1200\"><img loading=\"lazy\" decoding=\"async\" class=\"wp-image-80633 alignleft\" src=\"http:\/\/www.radiopiu.net\/wordpress\/wp-content\/uploads\/2019\/03\/98663612-6b65-49d6-9c09-1b3636890ae1.jpg\" alt=\"\" width=\"203\" height=\"152\" srcset=\"https:\/\/www.radiopiu.net\/wordpress\/wp-content\/uploads\/2019\/03\/98663612-6b65-49d6-9c09-1b3636890ae1.jpg 1599w, https:\/\/www.radiopiu.net\/wordpress\/wp-content\/uploads\/2019\/03\/98663612-6b65-49d6-9c09-1b3636890ae1-300x225.jpg 300w, https:\/\/www.radiopiu.net\/wordpress\/wp-content\/uploads\/2019\/03\/98663612-6b65-49d6-9c09-1b3636890ae1-768x576.jpg 768w, https:\/\/www.radiopiu.net\/wordpress\/wp-content\/uploads\/2019\/03\/98663612-6b65-49d6-9c09-1b3636890ae1-1024x768.jpg 1024w\" sizes=\"auto, (max-width: 203px) 100vw, 203px\" \/><\/a><\/strong><\/p>\n<p>&nbsp;<\/p>\n<p><strong>ROCCA PIETORE<\/strong> Per Andrea De Bernardin una proposta completa senza spendere tanti soldi<\/p>\n<p><strong>audio<\/strong><\/p>\n<audio class=\"wp-audio-shortcode\" id=\"audio-80592-3\" preload=\"none\" style=\"width: 100%;\" controls=\"controls\"><source type=\"audio\/mpeg\" src=\"http:\/\/www.radiopiu.net\/wordpress\/wp-content\/uploads\/2019\/03\/ANDREA-2.mp3?_=3\" \/><a href=\"http:\/\/www.radiopiu.net\/wordpress\/wp-content\/uploads\/2019\/03\/ANDREA-2.mp3\">http:\/\/www.radiopiu.net\/wordpress\/wp-content\/uploads\/2019\/03\/ANDREA-2.mp3<\/a><\/audio>\n<p>&nbsp;<\/p>\n<p>&nbsp;<\/p>\n<p>&nbsp;<\/p>\n<p>&nbsp;<\/p>\n<h3><a class=\"dt-pswp-item\" href=\"http:\/\/www.radiopiu.net\/wordpress\/wp-content\/uploads\/2016\/03\/cucc-pettirosso-15.jpg\" data-dt-img-description=\"\" data-large_image_width=\"400\" data-large_image_height=\"200\"><img loading=\"lazy\" decoding=\"async\" class=\"wp-image-17194 alignleft\" src=\"http:\/\/www.radiopiu.net\/wordpress\/wp-content\/uploads\/2016\/03\/cucc-pettirosso-15.jpg\" alt=\"\" width=\"202\" height=\"101\" \/><\/a>PETTIROSSO, SONIA D&#8217;AGOSTINI E MORENA FARENZENA NEL DOPO NADIA DELL&#8217;AGNOLA<\/h3>\n<p><strong>DI GIANNI SANTOMASO<\/strong><\/p>\n<audio class=\"wp-audio-shortcode\" id=\"audio-80592-4\" preload=\"none\" style=\"width: 100%;\" controls=\"controls\"><source type=\"audio\/mpeg\" src=\"http:\/\/www.radiopiu.net\/wordpress\/wp-content\/uploads\/2019\/03\/GIANNI-SONIA.mp3?_=4\" \/><a href=\"http:\/\/www.radiopiu.net\/wordpress\/wp-content\/uploads\/2019\/03\/GIANNI-SONIA.mp3\">http:\/\/www.radiopiu.net\/wordpress\/wp-content\/uploads\/2019\/03\/GIANNI-SONIA.mp3<\/a><\/audio>\n<p>&nbsp;<\/p>\n<p>&nbsp;<\/p>\n<p>&nbsp;<\/p>\n<h2><a class=\"dt-pswp-item\" href=\"http:\/\/www.radiopiu.net\/wordpress\/wp-content\/uploads\/2018\/08\/military-men-569899_960_720.jpg\" data-dt-img-description=\"\" data-large_image_width=\"960\" data-large_image_height=\"638\"><img loading=\"lazy\" decoding=\"async\" class=\"wp-image-57522 alignleft\" src=\"http:\/\/www.radiopiu.net\/wordpress\/wp-content\/uploads\/2018\/08\/military-men-569899_960_720.jpg\" alt=\"\" width=\"157\" height=\"104\" srcset=\"https:\/\/www.radiopiu.net\/wordpress\/wp-content\/uploads\/2018\/08\/military-men-569899_960_720.jpg 960w, https:\/\/www.radiopiu.net\/wordpress\/wp-content\/uploads\/2018\/08\/military-men-569899_960_720-300x199.jpg 300w, https:\/\/www.radiopiu.net\/wordpress\/wp-content\/uploads\/2018\/08\/military-men-569899_960_720-768x510.jpg 768w\" sizes=\"auto, (max-width: 157px) 100vw, 157px\" \/><\/a><\/h2>\n<h2><\/h2>\n<h2>PERCORSI FORMATIVI PER I GIOVANI IN AMBITO MILITARE E&#8217; LEGGE.<\/h2>\n<p><strong>DARIO BOND<\/strong><\/p>\n<audio class=\"wp-audio-shortcode\" id=\"audio-80592-5\" preload=\"none\" style=\"width: 100%;\" controls=\"controls\"><source type=\"audio\/mpeg\" src=\"http:\/\/www.radiopiu.net\/wordpress\/wp-content\/uploads\/2019\/03\/BOND-NAJA.mp3?_=5\" \/><a href=\"http:\/\/www.radiopiu.net\/wordpress\/wp-content\/uploads\/2019\/03\/BOND-NAJA.mp3\">http:\/\/www.radiopiu.net\/wordpress\/wp-content\/uploads\/2019\/03\/BOND-NAJA.mp3<\/a><\/audio>\n<p>&nbsp;<\/p>\n<p>&nbsp;<\/p>\n<p>&nbsp;<\/p>\n<p>&nbsp;<\/p>\n<h2>FONDO COMUNI CONFINANTI, 21 PROGETTI D&#8217;AREA VASTA<\/h2>\n<blockquote><p><em> \u201cTutti gli interlocutori\u00a0 &#8211; dice il presidente Roberto Padrin &#8211; stanno lavorando in un\u2019ottica di miglioramento costante affinch\u00e9 a bont\u00e0 dei progetti ed il loro impatto positivo per i cittadini siano garantiti attraverso la massima condivisione sulle progettualit\u00e0&#8221;.<\/em><\/p><\/blockquote>\n<p><strong>DI DAMIANO TORMEN<\/strong><\/p>\n<audio class=\"wp-audio-shortcode\" id=\"audio-80592-6\" preload=\"none\" style=\"width: 100%;\" controls=\"controls\"><source type=\"audio\/mpeg\" src=\"http:\/\/www.radiopiu.net\/wordpress\/wp-content\/uploads\/2019\/03\/DAMIANO-8.mp3?_=6\" \/><a href=\"http:\/\/www.radiopiu.net\/wordpress\/wp-content\/uploads\/2019\/03\/DAMIANO-8.mp3\">http:\/\/www.radiopiu.net\/wordpress\/wp-content\/uploads\/2019\/03\/DAMIANO-8.mp3<\/a><\/audio>\n<p>&nbsp;<\/p>\n<p><strong><a class=\"dt-pswp-item\" href=\"http:\/\/www.radiopiu.net\/wordpress\/wp-content\/uploads\/2015\/10\/roberto-padrin-2.jpg\" data-dt-img-description=\"\" data-large_image_width=\"201\" data-large_image_height=\"237\"><img loading=\"lazy\" decoding=\"async\" class=\" wp-image-11554 alignleft\" src=\"http:\/\/www.radiopiu.net\/wordpress\/wp-content\/uploads\/2015\/10\/roberto-padrin-2.jpg\" alt=\"\" width=\"156\" height=\"184\" \/><\/a>BELLUNO<\/strong> Sono 21 i progetti strategici fino ad ora avviati nell\u2019ambito della programmazione d\u2019area vasta della provincia di Belluno a valere sulle risorse di cui al Fondo Comuni Confinanti. E altri sono in via di definizione e partiranno nel mese di aprile. La Provincia di Belluno\u00a0 coordina l\u2019attuazione del programma siglando gli accordi che danno avvio ai progetti e monitorando i progressi tramite<br \/>\nun ufficio dedicato. <em>\u201cSi inizia cos\u00ec a vedere concretamente il risultato del lavoro fatto da tutti i soggetti coinvolti nell\u2019azione di concertazione territoriale avviata efficacemente nel 2016 con Roger De Menech alla guida del Fondo Comuni Confinanti e che sta proseguendo molto proficuamente anche oggi con <\/em><em>l\u2019attuale Presidente Paolo Saviane\u201d<\/em> Lo dice il presidente della Provincia Roberto Padrin. <em>&#8220;I 21 progetti, avviati tramite gli accordi sottoscritti dalla Provincia<\/em> &#8211; continua Padrin &#8211; <em>con i soggetti attuatori, sono finanziati dal Fondo Comuni Confinanti per 56 milioni di euro circa e hanno il comune obiettivo di contribuire alla riduzione dello spopolamento delle zone montane con interventi diretti allo sviluppo <\/em><em>del territorio ed al sostegno del cittadino in diversi ambiti: turismo, commercio, sport, industria digitale, sanit\u00e0, sicurezza, scolarit\u00e0, cultura, residenzialit\u00e0 nei paesi montani, mobilit\u00e0 ciclabile e ferroviaria&#8221;. <\/em>Alcuni di questi progetti sono attuati direttamente dall\u2019 Amministrazione provinciale attraverso l\u2019impegno di alcuni settori specifici, trattandosi di iniziative d\u2019area vasta a carattere provinciale. Tra questi l\u2019attuazione del <strong>piano di marketing territoriale<\/strong>, che si sta concretizzando con importanti iniziative, il sostegno alla <strong>scolarit\u00e0 dei giovani bellunesi<\/strong> con la prosecuzione di Investiscuola, l\u2019intervento dedicato alla trasformazione competitiva digitale della provincia di Belluno che prevede la realizzazione di un hub digitale presso l\u2019Istituto Negrelli; nell\u2019ambito della tutela delle minoranze linguistiche sta proseguendo anche il progetto \u201cPlurilinguismo interculturalit\u00e0 e metodologia CLIL con il ladino\u201d che coinvolge le classi primarie e secondarie di 6 istituti comprensivi della provincia. <strong>In tema di sicurezza<\/strong> \u00e8 in corso anche il progetto di rilevazione targhe e videosorveglianza fra enti locali e forze dell\u2019ordine che va a monitorare i passaggi nei punti d\u2019uscita dalla provincia mentre si sta per concretizzare con la definizione dei primi bandi il progetto volto a garantire il mantenimento dei servizi nelle aree marginali attraverso il sostegno dei negozi polifunzionali.<\/p>\n<p><a class=\"dt-pswp-item\" href=\"http:\/\/www.radiopiu.net\/wordpress\/wp-content\/uploads\/2019\/03\/comunicato_strategici_provincia-di-Belluno-3_page-0002.jpg\" data-dt-img-description=\"\" data-large_image_width=\"1241\" data-large_image_height=\"1754\"><img loading=\"lazy\" decoding=\"async\" class=\"alignnone size-full wp-image-80593\" src=\"http:\/\/www.radiopiu.net\/wordpress\/wp-content\/uploads\/2019\/03\/comunicato_strategici_provincia-di-Belluno-3_page-0002.jpg\" alt=\"\" width=\"1241\" height=\"1754\" srcset=\"https:\/\/www.radiopiu.net\/wordpress\/wp-content\/uploads\/2019\/03\/comunicato_strategici_provincia-di-Belluno-3_page-0002.jpg 1241w, https:\/\/www.radiopiu.net\/wordpress\/wp-content\/uploads\/2019\/03\/comunicato_strategici_provincia-di-Belluno-3_page-0002-212x300.jpg 212w, https:\/\/www.radiopiu.net\/wordpress\/wp-content\/uploads\/2019\/03\/comunicato_strategici_provincia-di-Belluno-3_page-0002-768x1085.jpg 768w, https:\/\/www.radiopiu.net\/wordpress\/wp-content\/uploads\/2019\/03\/comunicato_strategici_provincia-di-Belluno-3_page-0002-725x1024.jpg 725w\" sizes=\"auto, (max-width: 1241px) 100vw, 1241px\" \/><\/a><\/p>\n<p>&nbsp;<\/p>\n<p>&nbsp;<\/p>\n<p>&nbsp;<\/p>\n<h3>DAZN SANZIONATA DA ANTITRUS, NELLE AREE MONTANE LE PARTITE NON SI VEDONO E GLI SPOT ERANO INGANNEVOLI<\/h3>\n<p><a class=\"dt-pswp-item\" href=\"http:\/\/www.radiopiu.net\/wordpress\/wp-content\/uploads\/2018\/12\/argentera_ferrere-3.jpg\" data-dt-img-description=\"\" data-large_image_width=\"865\" data-large_image_height=\"330\"><img loading=\"lazy\" decoding=\"async\" class=\"alignnone size-full wp-image-71005\" src=\"http:\/\/www.radiopiu.net\/wordpress\/wp-content\/uploads\/2018\/12\/argentera_ferrere-3.jpg\" alt=\"\" width=\"865\" height=\"330\" srcset=\"https:\/\/www.radiopiu.net\/wordpress\/wp-content\/uploads\/2018\/12\/argentera_ferrere-3.jpg 865w, https:\/\/www.radiopiu.net\/wordpress\/wp-content\/uploads\/2018\/12\/argentera_ferrere-3-300x114.jpg 300w, https:\/\/www.radiopiu.net\/wordpress\/wp-content\/uploads\/2018\/12\/argentera_ferrere-3-768x293.jpg 768w\" sizes=\"auto, (max-width: 865px) 100vw, 865px\" \/><\/a><br \/>\nUncem era stata tra i primissimi a dirlo, il 20 agosto 2018: il campionato di calcio su Dazn nelle aree montane non si potr\u00e0 vedere. E non si vede oggi. Perch\u00e9 non c&#8217;\u00e8 sufficiente banda, perch\u00e9 il divario digitale in Italia \u00e8 troppo forte. Non si vede il Campionato, a causa dell&#8217;infrastruttura che per vent&#8217;anni non si \u00e8 fatta e che solo oggi viene realizzata con fondi pubblici da Infratel e Open Fiber &#8220;nelle aree a fallimento di mercato&#8221;, grazie a 3,5 miliardi di euro di investimenti. Eppure Dazn, senza ascoltare Uncem e le associazioni di consumatori, aveva detto nei suoi spot che il servizio sarebbe stato disponibile &#8220;quando vuoi, dove vuoi&#8221;. &#8220;Non \u00e8 stato proprio cos\u00ec e ieri l&#8217;Antitrust ha dato una multa di mezzo milione di euro a Dazn &#8211; spiega Marco Bussone, Presidente Uncem &#8211; L&#8217;avevamo detto, li avevamo avvisati. Le partite non si vedranno, non accettiamo spot ingannevoli, non prendeteci in giro. Dazn \u00e8 stata sanzionata proprio perch\u00e9 ha usato\u00a0messaggi pubblicitari attraverso cui veniva enfatizzata la possibilit\u00e0 di fruizione del servizio sempre e comunque, senza fare alcun riferimento alle limitazioni tecniche che avrebbero potuto, invece, renderla complicata o addirittura impedirla, come hanno dimostrato le difficolt\u00e0 incontrate in concreto dai consumatori all&#8217;inizio e durante la stagione, in particolare nelle zone alpine e appenniniche&#8221;.<\/p>\n<p>&nbsp;<\/p>\n<p>&nbsp;<\/p>\n<h1>GIARDINO DELL&#8217;OSPEDALE VIA CON LA RICOSTRUZIONE<\/h1>\n<p><a class=\"dt-pswp-item\" href=\"http:\/\/www.radiopiu.net\/wordpress\/wp-content\/uploads\/2019\/03\/IMG_20190327_171204-1.jpg\" data-dt-img-description=\"dav\" data-large_image_width=\"3456\" data-large_image_height=\"4608\"><img loading=\"lazy\" decoding=\"async\" class=\"wp-image-80616 alignleft\" src=\"http:\/\/www.radiopiu.net\/wordpress\/wp-content\/uploads\/2019\/03\/IMG_20190327_171204-1.jpg\" alt=\"\" width=\"143\" height=\"190\" srcset=\"https:\/\/www.radiopiu.net\/wordpress\/wp-content\/uploads\/2019\/03\/IMG_20190327_171204-1.jpg 3456w, https:\/\/www.radiopiu.net\/wordpress\/wp-content\/uploads\/2019\/03\/IMG_20190327_171204-1-225x300.jpg 225w, https:\/\/www.radiopiu.net\/wordpress\/wp-content\/uploads\/2019\/03\/IMG_20190327_171204-1-768x1024.jpg 768w\" sizes=\"auto, (max-width: 143px) 100vw, 143px\" \/><\/a><\/p>\n<p><strong>FELTRE<\/strong> Nei giardini dell\u2019ospedale di Feltre, \u00e8 iniziata la posa delle nuove piante che abbelliranno l\u2019ospedale, dopo la distruzione della tempesta Vaia del 29 ottobre scorso. In questa prima fase vengono piantati 50 ciliegi e 50 peschi. Il vento aveva pesantemente intaccato soprattutto i giardini dell\u2019ospedale, con centinaia di alberi caduti di cui uno anche sulla struttura ospedaliera tanto che era dovuto intervenire il corpo speciale dei SAF dei Vigili del fuoco di Trento per mettere in sicurezza la pediatria. Fondamentale poi l\u2019opera delle varie Protezioni Civile e dei numerosi volontari che si sono resi disponibili, con il coordinamento del COM e del COC per ripulire i giardini, mentre l\u2019ospedale gestiva l\u2019emergenza dell\u2019acqua non potabile nei reparti sempre dovuta alla tempesta. Passata l\u2019emergenza, si \u00e8 proceduto con l\u2019abbattimento degli alberi valutati come pericolosi da uno specialista e, ora, \u00e8 iniziata la piantumazione dei nuovi giardini. Tante anche le proposte di abbellimento o di allestimento di aree didattiche arrivate in questi mesi alla direzione e in fase di valutazione per cogliere l\u2019occasione per rendere vivo il parco. AL momento si stanno piantando, nell\u2019area antistante il nuovo ingresso, ciliegi e peschi, piante caratterizzate da basso fusto e radici ramificate e quindi pi\u00f9 resistenti al vento. Vaia insegna.<\/p>\n<p>&nbsp;<\/p>\n<p>&nbsp;<\/p>\n<p>&nbsp;<\/p>\n<h2>COLLEGAMENTO COMELICO PUSTERIA, IL PARERE DELLA CONFCOMMERCIO<\/h2>\n<p><strong>BELLUNO<\/strong> Vi \u00e8 seria preoccupazione, da parte degli organi dirigenziali di Confcommercio Belluno che hanno deciso di esternare pubblicamente le proprie riflessioni, derivanti da attente considerazioni raccolte dagli operatori del commercio turismo e servizi della vallata del Comelico e non solo, per il continuo arenarsi delle pratiche relative alle varianti urbanistiche che permetterebbero la realizzazione del collegamento scioviario tra la Val Pusteria e il Comelico.<br \/>\n\u00abDa anni la nostra Associazione ha mosso ogni sorta di pedina in proprio potere affinch\u00e9 fosse possibile dare avvio ad uno sbocco turistico in grado di dare nuova vitalit\u00e0 a questa valle\u00bb, afferma il presidente di Confcommercio, Paolo Doglioni. \u00abOggi notiamo con amarezza che gli organismi centrali preposti a fornire i pareri necessari latitano, nascondendosi dietro una pericolosa burocrazia che rischia di concorrere alla accelerazione della lenta agonia del sistema economico locale e, di conseguenza, allo spopolamento dei nostri paesi. C\u2019\u00e8 il concreto rischio \u2013 afferma il presidente \u2013 che uno scenario di questo tipo possa portare ad un secondo \u201cfenomeno Sappada\u201d. Non \u00e8 dunque un giorno fausto per il Comelico e comunque per tutta la provincia di Belluno, in quanto questo sistema di sabbie mobili non rende possibile sperare ad un futuro migliore per la nostra economia\u00bb.\u00a0 Conclude il presidente Doglioni: \u00ab\u00c8 estremamente importante che la vicenda venga esaminata al netto di pregiudizi di carattere ideologico. Tutti noi, imprenditori, lavoratori, amministratori siamo assolutamente sensibili ed attenti alla sostenibilit\u00e0 ambientale e sociale delle opere sul territorio e siamo convinti che l\u2019ambiente sia la materia prima del nostro modo di fare turismo. Questo per\u00f2 non ci deve dissuadere dal dotarci delle strutture necessarie per la sostenibilit\u00e0 anche economica delle nostre terre. Ci\u00f2 avviene studiando soluzioni all\u2019avanguardia e capaci di inserirsi al meglio nel contesto territoriale, cos\u00ec come sembrano essere le proposte portate al tavolo. Attenzione, per\u00f2: siamo alle ultime chiamate. Non si pu\u00f2 continuare a dilatare i tempi, potrebbero non esserci nuove opportunit\u00e0\u00bb. Ancora una volta, dunque, Confcommercio Belluno garantisce il proprio sostegno, morale, politico e operativo a chi, come l\u2019Amministrazione comunale di Comelico Superiore si adopera per dare lustro alle nostre eccellenze mettendo a disposizione la nostra struttura a favore della realizzazione di progetti come quello del collegamento scioviario, forieri di rilancio del Comelico e di tutta la provincia.<\/p>\n<p>&nbsp;<\/p>\n<p>&nbsp;<\/p>\n<p>&nbsp;<\/p>\n<h2>DATI TURISTICI IN CRESCITA CON LA CULTURA A FARE DA TRAINO<\/h2>\n<p><strong><a class=\"dt-pswp-item\" href=\"http:\/\/www.radiopiu.net\/wordpress\/wp-content\/uploads\/2018\/02\/FULCIS.jpg\" data-dt-img-description=\"\" data-large_image_width=\"299\" data-large_image_height=\"169\"><img loading=\"lazy\" decoding=\"async\" class=\" wp-image-43641 alignleft\" src=\"http:\/\/www.radiopiu.net\/wordpress\/wp-content\/uploads\/2018\/02\/FULCIS.jpg\" alt=\"\" width=\"198\" height=\"112\" \/><\/a>BELLUNO <\/strong>Continua la crescita del turismo a Belluno citt\u00e0: i dati forniti dalla Regione Veneto per l&#8217;anno 2018 fanno segnare infatti un&#8217;ulteriore saldo positivo rispetto alle annualit\u00e0 precedenti. Sfondati i 60mila arrivi (60.526) lo scorso anno, contro i 58.850 del 2017: 1676 unit\u00e0 in pi\u00f9, con una crescita del 2,8%. Ancora migliore il risultato sul fronte delle presenze, dove si \u00e8 sfiorata quota 170mila: 169.303 quelle registrate nel 2018, 160.377 nel 2017; un crescita di 8926 presenze, pari al 5,6%. La crescita turistica durante l&#8217;amministrazione Massaro: nel 2011, prima del primo mandato, gli arrivi erano stati 37.442, a fronte di 113.436 presenze. + 61% di arrivi e + 49% di presenze nell&#8217;arco di sette anni.<\/p>\n<blockquote><p><em>Numeri che confermano il buon lavoro di Palazzo Rosso: \u00abSono numeri molto positivi ed incoraggianti, segno di una politica turistica che funziona. &#8211; commenta il Sindaco, Jacopo Massaro \u2013 Abbiamo un territorio ricco di iniziative, che attira sotto il profilo ambientale, sportivo e culturale, e su questo dobbiamo continuare ad investire\u00bb.<\/em><\/p><\/blockquote>\n<p><a class=\"dt-pswp-item\" href=\"http:\/\/www.radiopiu.net\/wordpress\/wp-content\/uploads\/2017\/12\/Premiazione-concorso-stazione-Massaro.jpg\" data-dt-img-description=\"\" data-large_image_width=\"5184\" data-large_image_height=\"3456\"><img loading=\"lazy\" decoding=\"async\" class=\"wp-image-39967 alignright\" src=\"http:\/\/www.radiopiu.net\/wordpress\/wp-content\/uploads\/2017\/12\/Premiazione-concorso-stazione-Massaro.jpg\" alt=\"\" width=\"195\" height=\"130\" \/><\/a><strong>Proprio la cultura, per Massaro, \u00e8 il traino vincente per il turismo di qualit\u00e0: <\/strong><\/p>\n<blockquote><p><em>\u00abBasta guardare i dati della Giornata di primavera, organizzata dal FAI: 3mila persone sono arrivate in citt\u00e0, dalla provincia ma anche da fuori, per ammirare le bellezze di Palazzo Bembo e del \u201cBotegon\u201d di Borgo Piave. &#8211; sottolinea Massaro \u2013 Segno che si pu\u00f2 fare risultati positivi anche puntando su un turismo \u201cslow\u201d di qualit\u00e0, che coniughi offerta culturale, sostenibilit\u00e0 ed accoglienza, portando in citt\u00e0 turisti consapevoli e non le grandi masse, che fanno numeri, ma lasciano poco o nulla sul territorio.<\/em> <em>La grande sfida per la nostra citt\u00e0 diventa quella dell&#8217;accoglienza, dei posti letto: negli ultimi anni, sono stati fatti investimenti importanti in citt\u00e0 per un&#8217;ospitalit\u00e0 di alta qualit\u00e0, stiamo ragionando con dei privati sulla realizzazione di un ostello di fianco alla stazione, e un ruolo importante avr\u00e0 lo sviluppo dei fondi del Bando Periferie, ma abbiamo anche avviato esperienze di albergo diffuso, come quelle nella zona di Bolzano Bellunese o in Nevegal&#8221;<\/em>.<\/p><\/blockquote>\n<p>&nbsp;<\/p>\n<p>&nbsp;<\/p>\n<p>&nbsp;<\/p>\n<p>&nbsp;<\/p>\n<h2>PER L&#8217;EMERGENZA MEDICI UN PIANO DI ASSUNZIONE VERO<\/h2>\n<p><strong><a class=\"dt-pswp-item\" href=\"http:\/\/www.radiopiu.net\/wordpress\/wp-content\/uploads\/2018\/01\/CroppedImage720439-MEDICI.jpg\" data-dt-img-description=\"\" data-large_image_width=\"720\" data-large_image_height=\"439\"><img loading=\"lazy\" decoding=\"async\" class=\"wp-image-42392 alignleft\" src=\"http:\/\/www.radiopiu.net\/wordpress\/wp-content\/uploads\/2018\/01\/CroppedImage720439-MEDICI.jpg\" alt=\"\" width=\"197\" height=\"120\" srcset=\"https:\/\/www.radiopiu.net\/wordpress\/wp-content\/uploads\/2018\/01\/CroppedImage720439-MEDICI.jpg 720w, https:\/\/www.radiopiu.net\/wordpress\/wp-content\/uploads\/2018\/01\/CroppedImage720439-MEDICI-300x183.jpg 300w\" sizes=\"auto, (max-width: 197px) 100vw, 197px\" \/><\/a>VENEZIA\u00a0<\/strong> \u201cL\u2019emergenza medici non si risolve assumendo pensionati, ma investendo risorse adeguate nella sanit\u00e0 e in primis sul personale. \u00c8 la Regione Veneto ad avere la responsabilit\u00e0 della fuga di professionisti dal pubblico al privato; ed \u00e8 quota 100, voluta dal governo gialloverde, a creare un vero e proprio esodo nel pubblico impiego\u201d. \u00c8 quanto afferma Alessandra Moretti, consigliera del Partito Democratico a proposito della scelta della Giunta di richiamare in servizio i medici pensionati per far fronte alla carenza di 1.300 professionisti. \u201cLa questione del personale \u00e8 fondamentale e preoccupante. Senza interventi, a tutti i livelli, rischiamo il fallimento del Sistema sanitario nazionale &#8211; aggiunge senza girarci troppo intorno &#8211; Anzich\u00e9 lamentarsi per la scarsa partecipazione ai concorsi, Zaia si chieda come mai i giovani specialisti scelgano di lavorare nelle strutture private, con un impoverimento di talenti per il pubblico che inevitabilmente ha una ricaduta sui cittadini pi\u00f9 fragili, quelli che non possono permettersi una sanit\u00e0 a pagamento. Servirebbero risorse che invece il governo Salvini\/Di Maio ha dirottato nel reddito di cittadinanza: con 1,2 miliardi si potrebbero sostituire dal punto di vista numerico i medici in uscita dal Sistema sanitario pubblico e con un altro miliardo si rinnoverebbero contratti fermi da troppo tempo. A ci\u00f2 si aggiunga la preoccupazione per i medici di base: circa 2.300 andranno in pensione nei prossimi dieci anni e, con l\u2019attuale programmazione, nel 2027 quasi un veneto su cinque rester\u00e0 senza\u201d.<\/p>\n<p>&nbsp;<\/p>\n<p>&nbsp;<\/p>\n<p>&nbsp;<\/p>\n<h2>IL LUPO E&#8217; SALVO E PER IL PD E&#8217; BUON SENSO&#8230;<\/h2>\n<p><strong><a class=\"dt-pswp-item\" href=\"http:\/\/www.radiopiu.net\/wordpress\/wp-content\/uploads\/2015\/12\/20151218_lupo.jpg\" data-dt-img-description=\"\" data-large_image_width=\"880\" data-large_image_height=\"304\"><img loading=\"lazy\" decoding=\"async\" class=\"alignnone size-full wp-image-14049\" src=\"http:\/\/www.radiopiu.net\/wordpress\/wp-content\/uploads\/2015\/12\/20151218_lupo.jpg\" alt=\"\" width=\"880\" height=\"304\" \/><\/a>VENEZIA<\/strong> \u201cFinalmente la maggioranza si \u00e8 resa conto che \u00e8 rischioso approvare una legge identica a quella gi\u00e0 impugnata dal loro stesso Governo, Lega-Cinque Stelle, proposta dalle Province autonome di Trento e Bolzano\u201d, sottolineano Zanoni, Guarda e Bartelle. \u201cLa maggioranza a trazione leghista, dopo essere stata a lungo latitante nell\u2019affrontare il problema delle predazioni, aveva scelto la strada pi\u00f9 facile, proponendo soluzioni standardizzate per tutti gli allevatori veneti, ignorando completamente la grande diversit\u00e0 morfologica dei territori e delle comunit\u00e0 con le proprie abitudini e opportunit\u00e0. Non servono soluzioni bandiera, ma aiuti veri. In Veneto i lupi sono meno di 100 &#8211; aggiungono i tre consiglieri &#8211; Le predazioni vanno contrastate con la sinergica messa in atto sistemi di prevenzione studiati appositamente per ogni singolo appezzamento e mandria, dalle reti elettrificate ai cani pastori addestrati allo scopo, fino alle oltre 20 azioni mai realmente attivate con concretezza in Veneto. I fondi europei ci sono, bisogna andare in quella direzione anzich\u00e9 gettare benzina sul fuoco e scatenare pericolose reazioni come il bracconaggio. In Veneto c\u2019\u00e8 spazio per gli allevatori e gli animali da reddito in alpeggio, per gli amanti della montagna e dell\u2019escursionismo sostenibile e anche per i lupi. Se la convivenza riesce nel Parco Nazionale d\u2019Abruzzo o in Trentino, dove i progetti sono stati strutturati con certosina precisione\u00a0 sulle esigenze e caratteristiche del territorio, a maggiore e i lupi sono centinaia, a maggior ragione \u00e8 possibile qua, dove gli esemplari sono molti di meno\u201d.<\/p>\n<p>&nbsp;<\/p>\n<p>&nbsp;<\/p>\n<div><\/div>\n<div><\/div>\n<div><\/div>\n<h2>TRUFFE PER ACQUISTI A PREZZI SCONTATI, LA RIVINCITA DI &#8220;IO MI TUTELO&#8221;<\/h2>\n<div><a class=\"dt-pswp-item\" href=\"http:\/\/www.radiopiu.net\/wordpress\/wp-content\/uploads\/2019\/03\/Andrea-Brumruelli-Io-mi-tutelo-2-1.jpg\" data-dt-img-description=\"\" data-large_image_width=\"1500\" data-large_image_height=\"1500\"><img loading=\"lazy\" decoding=\"async\" class=\"wp-image-80620 alignleft\" src=\"http:\/\/www.radiopiu.net\/wordpress\/wp-content\/uploads\/2019\/03\/Andrea-Brumruelli-Io-mi-tutelo-2-1.jpg\" alt=\"\" width=\"203\" height=\"203\" srcset=\"https:\/\/www.radiopiu.net\/wordpress\/wp-content\/uploads\/2019\/03\/Andrea-Brumruelli-Io-mi-tutelo-2-1.jpg 1500w, https:\/\/www.radiopiu.net\/wordpress\/wp-content\/uploads\/2019\/03\/Andrea-Brumruelli-Io-mi-tutelo-2-1-150x150.jpg 150w, https:\/\/www.radiopiu.net\/wordpress\/wp-content\/uploads\/2019\/03\/Andrea-Brumruelli-Io-mi-tutelo-2-1-300x300.jpg 300w, https:\/\/www.radiopiu.net\/wordpress\/wp-content\/uploads\/2019\/03\/Andrea-Brumruelli-Io-mi-tutelo-2-1-768x768.jpg 768w, https:\/\/www.radiopiu.net\/wordpress\/wp-content\/uploads\/2019\/03\/Andrea-Brumruelli-Io-mi-tutelo-2-1-1024x1024.jpg 1024w\" sizes=\"auto, (max-width: 203px) 100vw, 203px\" \/><\/a>Una truffa preparata a tavolino con tre attori sulla scena e la vittima. C&#8217;\u00e8 un call center che seleziona le prede, un primo incaricato che si reca al domicilio delle vittime e fa firmare un contratto e un secondo incaricato che intimorisce, fa firmare un altro contratto e incassa la caparra. Ma tutto si gioca sull&#8217;equivoco appositamente creato. &#8220;Ci sono bastati un paio di giorni &#8211; racconta Andrea Brumurelli, responsabile dell&#8217;Associazione Io mi tutelo con sede in Feltre &#8211; per smascherare la truffa, recuperare la caparra di 200 euro e farci restituire i moduli fatti firmare in modo ingannevole&#8221;. La storia inizia a febbraio, quando la signora che chiameremo Maria riceve una telefonata da un call center con una proposta apparentemente interessante e vantaggiosa. Siamo in recessione &#8211; spiega l&#8217;incaricato del call center alla signora Maria &#8211; un pool di aziende per incrementare le proprie vendite ha deciso di creare una tessera per gli acquisti valida 5 anni, con la quale si accede a dei considerevoli sconti perch\u00e9 la vendita \u00e8 diretta dal produttore al consumatore senza intermediari. Si pu\u00f2 acquistare di tutto, dai casalinghi, cucine, elettrodomestici, televisori, cellulari ecc. l&#8217;unico impegno che deve assumersi la signora Maria \u00e8 quello di effettuare un acquisto entro i 5 anni di validit\u00e0 della tessera. Ma che non sia di importo superiore a 3.650 euro, per evitare che il cliente speculi comprando per rivendere. Viene quindi concordato un primo appuntamento e passa il primo incaricato a far firmare i moduli, che si tiene e non lascia copia, consegna un detersivo in omaggio e avvisa la signora che passer\u00e0 anche un secondo suo collega. Dopo un mese circa, il 21 marzo, arriva il secondo incaricato che si qualifica come rappresentante delle ditte convenzionate per gli acquisti il quale gioca sull&#8217;equivoco e dice alla signora Maria che lei ha sottoscritto un precedente contratto di acquisto per l&#8217;importo totale di 3.650 euro. Una sorta di tessera prepagata e che ora deve versare tale importo. La signora Maria a momenti sviene, anche perch\u00e9 le sue condizioni economiche non sono fiorenti, non ha un&#8217;occupazione fissa ma solo qualche lavoro temporaneo. Il secondo incaricato intimorisce la signora, perch\u00e9 dice che il diritto di recesso \u00e8 scaduto e che se non rispetta il contratto ci sar\u00e0 un&#8217;azione legale con ulteriori spese a suo carico. Allo smarrimento della signora l&#8217;incaricato finge di impietosirsi e invece sferra l&#8217;affondo finale. Simula una telefonata alla direzione per venirle incontro e propone un nuovo contratto di 2.500 euro a rate (con interessi superiori al 15%), anzich\u00e9 i 3.650 iniziali, con un set di coperte merinos e piumino d&#8217;oca in omaggio. A questo punto, la signora Maria credendo di limitare il danno accetta e firma un altro contratto lasciando una caparra di tutto quello che ha al momento in casa ossia 200 euro in contanti. &#8220;Quando l&#8217;incaricato se n&#8217;\u00e8 andato, la signora Maria si rende conto della truffa in cui \u00e8 caduta e viene da noi &#8211; racconta Brumurelli &#8211; consegnandoci l&#8217;unica cosa che aveva ossia i numeri telefonici di questa fantomatica societ\u00e0 interlocutrice e il secondo contratto. Facciamo presente che il diritto di recesso decorre da quando la merce \u00e8 stata consegnata al cliente e ci facciamo restituire tutti i moduli fatti firmare alla signora in modo fraudolento. Otteniamo la restituzione della caparra, che sar\u00e0 accreditata alla signora Maria e concordiamo anche che il detersivo consegnato in omaggio rimanga alla signora senza alcun addebito. Insomma, chiudiamo il caso in 24 ore! Ora stiamo valutando con la signora Maria di presentare anche una denuncia per truffa. E lanciamo l&#8217;appello attraverso il giornale &#8211; conclude Brumurelli, fondatore dell&#8217;associazione Io mi tutelo &#8211; che se vi fossero altri casi, come generalmente accade in queste situazioni, gli interessati non esitino a contattarci&#8221;.<\/div>\n<div id=\"DAB4FAD8-2DD7-40BB-A1B8-4E2AA1F9FDF2\"><\/div>\n<p>&nbsp;<\/p>\n<p>&nbsp;<\/p>\n<p>&nbsp;<\/p>\n<p>&nbsp;<\/p>\n<h1>DA OCCHIOBELLO A CANALE CON UN ASSEGNO PER LA PROLOCO<\/h1>\n<p><a class=\"dt-pswp-item\" href=\"http:\/\/www.radiopiu.net\/wordpress\/wp-content\/uploads\/2019\/03\/IMG_20190316_191613.jpg\" data-dt-img-description=\"\" data-large_image_width=\"3264\" data-large_image_height=\"2448\"><img loading=\"lazy\" decoding=\"async\" class=\"alignnone size-full wp-image-80604\" src=\"http:\/\/www.radiopiu.net\/wordpress\/wp-content\/uploads\/2019\/03\/IMG_20190316_191613.jpg\" alt=\"\" width=\"3264\" height=\"2448\" srcset=\"https:\/\/www.radiopiu.net\/wordpress\/wp-content\/uploads\/2019\/03\/IMG_20190316_191613.jpg 3264w, https:\/\/www.radiopiu.net\/wordpress\/wp-content\/uploads\/2019\/03\/IMG_20190316_191613-300x225.jpg 300w, https:\/\/www.radiopiu.net\/wordpress\/wp-content\/uploads\/2019\/03\/IMG_20190316_191613-768x576.jpg 768w, https:\/\/www.radiopiu.net\/wordpress\/wp-content\/uploads\/2019\/03\/IMG_20190316_191613-1024x768.jpg 1024w\" sizes=\"auto, (max-width: 3264px) 100vw, 3264px\" \/><\/a><\/p>\n<p>Pier (Pierina) e Giuseppina, Responsabili della struttura Casa Apina Sacro Cuore, non hanno perso un solo minuto: non appena appreso dell&#8217;iniziativa benefica \u201cLotteria di Pasqua 2019\u201dfrequentando gli esercizi di Canale d&#8217; Agordo, hanno subito informato l&#8217; Associazione Poppi Bortolai \u201cInsieme per Ricominciare\u201d(Occhiobello- RO). E la risposta non si \u00e8 fatta attendere: tre dei suoi Rappresentanti sono saliti\u00a0 a Canale e hanno donato 500 euro alla Pro Loco come sostegno nell&#8217;acquisto di un gruppo elettrogeno di primaria necessit\u00e0 per il Comando Vigili del Fuoco Val Biois. &#8220;<em>Un atto di generosit\u00e0 che fa bene al cuore e che contribuisce a portare avanti la Lotteria di Pasqua 2019 pi\u00f9 solidale di tutta la Valle del Biois&#8221; <\/em>ha detto\u00a0 il Presidente Pro Loco Vigilio Costa, ideatore del progetto. A inizio marzo sono state posizionate 16 uova di cioccolato formato gigante in svariati locali della Vallata. Il ricavato della lotteria sar\u00e0, per l&#8217;appunto, destinato all&#8217;acquisto di un generatore con fotocellula del costo totale di oltre 15,000 euro.<\/p>\n<blockquote><p><em>\u201cDati i recenti eventi alluvionali e comunque i sempre pi\u00f9 numerosi interventi nei quali vengono coinvolti i Vigili del Fuoco di Canale d&#8217; Agordo &#8211; continua Costa &#8211; (tra l&#8217;altro unico Comando in Val del Biois) ci \u00e8 sembrato doveroso aiutarli in qualche modo. Sono molto soddisfatto della Lotteria, che sta dando i suoi frutti e confidiamo continui cos\u00ec, con la partecipazione della gente del posto e la solidariet\u00e0 di quanti- come in questo caso- vorranno esserci\u201d.<\/em><\/p><\/blockquote>\n<p>&nbsp;<\/p>\n<p>&nbsp;<\/p>\n<p>&nbsp;<\/p>\n<h2>LIERA ALTA, PER IL COMITATO BENE DA DIFENDERE CON OGNI MEZZO<\/h2>\n<p><strong>DI GIANNI SANTOMASO<\/strong><\/p>\n<audio class=\"wp-audio-shortcode\" id=\"audio-80592-7\" preload=\"none\" style=\"width: 100%;\" controls=\"controls\"><source type=\"audio\/mpeg\" src=\"http:\/\/www.radiopiu.net\/wordpress\/wp-content\/uploads\/2019\/03\/GIANNI-LIERA.mp3?_=7\" \/><a href=\"http:\/\/www.radiopiu.net\/wordpress\/wp-content\/uploads\/2019\/03\/GIANNI-LIERA.mp3\">http:\/\/www.radiopiu.net\/wordpress\/wp-content\/uploads\/2019\/03\/GIANNI-LIERA.mp3<\/a><\/audio>\n<p><strong>CANALE D&#8217;AGORDO\u00a0<\/strong> Luned\u00ec alle 14.30\u00a0 in sala ex Cavallino: Dolomiti Derivazioni presenta alla cittadinanza il proprio progetto di centralina.<em> &#8220;Naturalmente dice Giulia Fiocco a nome del comitato cittadini per il territorio &#8211;\u00a0 si tratta della solita centralina, quella contro la quale \u00e8 stato promosso il ricorso dei cittadini nel 2017, non di un&#8217; altra, ulteriore centralina. Importante precisare. La presenza alla presentazione del progetto di un buon numero di cittadini \u00e8 molto importante, per cui come comitato &#8220;Cittadini per il territorio&#8221;, invitiamo chi ha tempo a partecipare&#8221;<\/em><\/p>\n<p>&nbsp;<\/p>\n<p>&nbsp;<\/p>\n<blockquote><p><strong><em>PIANO CASA, IL CONSIGLIO REGIONALE APPROVA LA LEGGE. L\u2019ASSESSORE AL TERRITORIO, \u201cUNA GRANDE OPPORTUNITA\u2019, IN COERENZA CON IL TERMINE DEL 2050 FISSATO DALL\u2019UE, PER RIQUALIFICARE L\u2019ASPETTO DEL VENETO, GARANTENDO LE NECESSITA\u2019 DELLE FAMIGLIE E LA REALTA\u2019 IMPRENDITORIALE\u201d<\/em><\/strong><\/p><\/blockquote>\n<p><strong>VENEZIA\u00a0<\/strong> \u201cFinalmente, con il voto di oggi in Consiglio regionale si concretizza una nuova filosofia nell\u2019approccio con la riqualificazione del territorio veneto, puntando sulla sua rinaturalizzazione, sul miglioramento della vita nei tessuti cittadini e sulla cancellazione degli edifici incongrui che deturpano l\u2019armonia del paesaggio. Questo, mantenendo l\u2019assetto del piano casa nel rispetto delle necessit\u00e0 delle famiglie ma anche intervenendo con un\u2019azione di pi\u00f9 ampio respiro verso la realt\u00e0 imprenditoriale\u201d. L\u2019assessore al Territorio della Regione del Veneto accoglie cos\u00ec l\u2019approvazione del progetto di legge n.402, proposto dalla Giunta regionale, in merito a \u201cPolitiche per la riqualificazione urbana e l&#8217;incentivazione alla rinaturalizzazione del territorio veneto\u201d, votata oggi dal Consiglio di Palazzo Ferro Fini. Un provvedimento \u2013 in coerenza con gli indirizzi dell\u2019Unione Europea che fissano per l\u2019anno 2050 il termine per l\u2019azzeramento del consumo del suolo &#8211; le cui finalit\u00e0 sono la rinaturalizzazione del suolo insieme ad una riqualificazione del patrimonio immobiliare, promuovendo interventi mirati al miglioramento e riordino dei centri urbani oltre che alla valorizzazione ambientale del territorio.<\/p>\n<p>&nbsp;<\/p>\n<p>&nbsp;<\/p>\n<p>&nbsp;<\/p>\n<h2>PIANO CASA, PER IL PD MISURE INSUFFICIENTI<\/h2>\n<p><strong>VENEZIA<\/strong> \u201cSperavamo che con questa legge si iniziasse a costruire la \u2018casa di Greta\u2019. Invece, nonostante qualche passo in avanti, non ci siamo ancora. Doveva essere rovesciato il paradigma: non dare stimolo al settore, come serviva nello scorso decennio, ma ridurre al massimo le emissioni di anidride carbonica e contrastare i cambiamenti climatici. Nonostante il testo sia migliorato rispetto a quello uscito dalla Commissione, non \u00e8 sufficiente. E dunque il nostro voto \u00e8 contrario\u201d. \u00c8 quanto ha dichiarato al termine della discussione sul nuovo Piano casa, ribattezzato Veneto 2050, il capogruppo del Partito Democratico Stefano Fracasso. \u201cIn Veneto le case hanno molti decenni e c\u2019\u00e8 bisogno di una vera riqualificazione energetica. Su questo si \u00e8 concentrata la nostra manovra emendativa, abbiamo contribuito al miglioramento del provvedimento nel suo complesso, ma su alcuni aspetti non ci siamo riusciti. Penso, in particolare, alla sua applicazione alle attivit\u00e0 produttive, come i capannoni, e alle zone agricole. Cos\u00ec come restano le perplessit\u00e0 sul meccanismo dei crediti, a partire da quelli sugli immobili pubblici\u201d. \u201cSiamo tuttavia convinti che le scadenze che si sono date l\u2019Unione Europea e l\u2019Italia, che auspichiamo vengano confermate, cos\u00ec come gli eventi che abbiamo visto a fine a ottobre ci costringeranno ad accelerare sul fronte dell\u2019efficientamento energetico. E se avverr\u00e0 questa accelerata, noi ci saremo\u201d.<\/p>\n<p>&nbsp;<\/p>\n<p>&nbsp;<\/p>\n<p>&nbsp;<\/p>\n<h2>CLIMA POSITIVO NELL&#8217;INCONTRO TRA VOLONTARI<\/h2>\n<p><strong>FELTRE<\/strong>. Si \u00e8 svolta una riunione con le associazioni di ambito socio sanitario per l\u2019organizzazione della prossima Festa della Salute, abbinata alla Corri Feltre, che si terr\u00e0 il 19 maggio 2019. L\u2019incontro, propedeutico all\u2019organizzazione della presenza delle associazioni alla manifestazione, si \u00e8 svolto in un clima di positiva collaborazione. Tra gli obiettivi della Festa della salute, infatti, ci sono quelli di far conoscere le associazioni di volontariato di ambito socio sanitario, intensificare e consolidare i rapporti tra l\u2019Ulss, le unit\u00e0 operative e le associazioni, aumentare la coesione sociale, promuovere e tutelare la salute quale bene collettivo ed individuale oltre che incentivare la pratica dell\u2019attivit\u00e0 fisica. Confermata anche la presenza delle scuole con l\u2019esposizione al Palaghiaccio dei lavori eseguiti durante l\u2019anno nelle varie classi sul tema della prevenzione e tutela della salute, con la regia della UO attivit\u00e0 motoria del Dipartimento di Prevenzione. Le adesioni delle associazioni possono essere inviate, entro il 15 aprile 2019, alla mail urp.fe@aulss1.veneto.it<\/p>\n<p>&nbsp;<\/p>\n<p>&nbsp;<\/p>\n<h2>BIBLIOTECA DI AGORDO TEMPO DI ASSEMBLEA<\/h2>\n<p><strong>AGORDO<\/strong> Sabato alle 10.30 nella sala riunioni della Biblioteca di Agordo si terr\u00e0 l&#8217;assemblea annuale: relazione sulle attivit\u00e0 della presidente Maria Teresa Cirronis, programma per l&#8217;anno in corso, rendiconto e consuntivo 2018, approvazione bilancio preventivo.<\/p>\n<p>&nbsp;<\/p>\n<h2>SETTIMANA DI PROMOZIONE DELL&#8217;AFFIDO FAMILIARE<\/h2>\n<blockquote><p><em>Appuntamenti a Limana, Belluno e Agordo\u00a0<\/em><\/p><\/blockquote>\n<p><strong><a class=\"dt-pswp-item\" href=\"http:\/\/www.radiopiu.net\/wordpress\/wp-content\/uploads\/2017\/03\/ulss-1-dolomiti.jpg\" data-dt-img-description=\"\" data-large_image_width=\"214\" data-large_image_height=\"110\"><img loading=\"lazy\" decoding=\"async\" class=\" wp-image-29759 alignleft\" src=\"http:\/\/www.radiopiu.net\/wordpress\/wp-content\/uploads\/2017\/03\/ulss-1-dolomiti.jpg\" alt=\"\" width=\"140\" height=\"72\" \/><\/a>AGORDO<\/strong> La settimana di promozione dell&#8217;affido familiare &#8220;Se mi fido mi affido&#8221; interesser\u00e0 direttamente anche l&#8217;Agordino con l&#8217;incontro di marted\u00ec 2 aprile alle 17.30 in Biblioteca ad Agordo. Sar\u00e0 presentata ai pi\u00f9 piccoli una storia con l&#8217;attore bellunese Roberto Faoro a cui seguir\u00e0 un momento di incontro con i genitori per spiegare cos&#8217;\u00e8 l&#8217;affido familiare. In pi\u00f9 i disegni dei bambini della scuola primaria di Cencenighe, Canale, Vallada e Falcade, che hanno aderito ad un progetto del Centro affido, verranno esposti nell&#8217;atrio dell&#8217;ospedale di Belluno. \u201cSe mi fido, mi affido\u201d \u00e8 un&#8217;iniziativaI dei Centri per l\u2019Affido e la Solidariet\u00e0 Familiare (CASF) dell\u2019Ulss 1 Dolomiti.<\/p>\n<p>&nbsp;<\/p>\n<p>&nbsp;<\/p>\n<p>&nbsp;<\/p>\n<h2>MI COLORO DI BLU, CONSAPEVOLEZZA DELL&#8217;AUTISMO<\/h2>\n<p><strong><a class=\"dt-pswp-item\" href=\"http:\/\/www.radiopiu.net\/wordpress\/wp-content\/uploads\/2019\/03\/download-11.jpg\" data-dt-img-description=\"\" data-large_image_width=\"270\" data-large_image_height=\"187\"><img loading=\"lazy\" decoding=\"async\" class=\" wp-image-80603 alignleft\" src=\"http:\/\/www.radiopiu.net\/wordpress\/wp-content\/uploads\/2019\/03\/download-11.jpg\" alt=\"\" width=\"227\" height=\"157\" \/><\/a>FELTRE<\/strong> In occasione della giornata mondiale della Consapevolezza dell\u2019Autismo (2 aprile) il Centro Educativo Il Centro educativo per minori con autismo il Palloncino Rosso della Cooperativa Portaperta ripropone anche quest\u2019anno l\u2019iniziativa Mi coloro di Blu. L\u2019evento \u00e8 patrocinato dell\u2019Ulss 1 Dolomiti, Comuni di Feltre, Cesiomaggiore e Lamon. L\u2019iniziativa prevede <strong>Marted\u00ec 2 aprile,<\/strong> ore 18: inaugurazione presso il Centro educativo Il Palloncino Rosso (Via Segusini 6 a Farra di Feltre) della Mostra \u201cLibri senza parole. Destinazione Lampedusa\u201d con aperitivo musicale. Interverranno con riflessioni, interpretazioni e musica Alessandro dalla Gasperina, Giorgio dell\u2019Osta, Martina Garlet e Pietro Jannon. La mostra rimarr\u00e0 aperta a disposizione delle scuole e delle persone che fossero interessate tutte le mattine dalle 10.00 alle 12.30 e i pomeriggi dalle 17.30 alle 19.00 fino al 13 aprile. L\u2019ingresso \u00e8 ad offerta libera. <strong>Venerd\u00ec 5 aprile,<\/strong> dalle 14.30 alle 18.30: pomeriggio di formazione con due workshop. I Comuni di Feltre, Cesiomaggiore e Lamon partecipano all\u2019iniziativa illuminando di blu (colore simbolo dell\u2019Autismo) vie o le facciate dei Municipi. Per informazioni e iscrizioni ai workshop: ilpalloncinorosso@portaperta.it entro il 3 aprile.<\/p>\n<p>&nbsp;<\/p>\n<p>&nbsp;<\/p>\n<p>&nbsp;<\/p>\n<h2>NUOVO SIMBOLO PER I LADINI BELLUNESI E L&#8217;INIZIATIVA E&#8217; DELL&#8217;UNIONE LADINA VAL BIOIS<\/h2>\n<p><strong><a class=\"dt-pswp-item\" href=\"http:\/\/www.radiopiu.net\/wordpress\/wp-content\/uploads\/2019\/03\/Simbolo-Ladin-Ladins-Ladign-1.jpg\" data-dt-img-description=\"\" data-large_image_width=\"2339\" data-large_image_height=\"1654\"><img loading=\"lazy\" decoding=\"async\" class=\" wp-image-80471 alignleft\" src=\"http:\/\/www.radiopiu.net\/wordpress\/wp-content\/uploads\/2019\/03\/Simbolo-Ladin-Ladins-Ladign-1-300x212.jpg\" alt=\"\" width=\"255\" height=\"180\" srcset=\"https:\/\/www.radiopiu.net\/wordpress\/wp-content\/uploads\/2019\/03\/Simbolo-Ladin-Ladins-Ladign-1-300x212.jpg 300w, https:\/\/www.radiopiu.net\/wordpress\/wp-content\/uploads\/2019\/03\/Simbolo-Ladin-Ladins-Ladign-1-768x543.jpg 768w, https:\/\/www.radiopiu.net\/wordpress\/wp-content\/uploads\/2019\/03\/Simbolo-Ladin-Ladins-Ladign-1-1024x724.jpg 1024w\" sizes=\"auto, (max-width: 255px) 100vw, 255px\" \/><\/a>FALCADE<\/strong> Quando tradizione e storia si uniscono al mondo social: \u00e8 nato dal confronto su Facebook il nuovo simbolo dei ladini bellunesi, su iniziativa dell&#8217;Union Ladina Val Biois supportata dalla grafica agordina Iliana Comina.<\/p>\n<p>&nbsp;<\/p>\n<p>&nbsp;<\/p>\n<p>&nbsp;<\/p>\n<h2>FELTRE LIMITAZIONI AL TRAFFICO<\/h2>\n<p>Al fine di procedere all&#8217;esecuzione di alcuni lavori inerenti il taglio di piante in viale del Piave e via C. Castaldi,\u00a0 oggi\u00a0 \u00a0dalle \u00a08,15 alle 17,00: chiusura al transito di tutti i veicoli, motocicli, cicli e pedoni (escluso autobus servizio scolastico) del tratto di viale del Piave compreso fra l&#8217;ingresso del Hotel Doriguzzi (escluso) e l&#8217;incrocio con via C. Castaldi e del tratto di via C. Castaldi compreso fra l&#8217;ingresso della scuola elementare (escluso) e l&#8217;incrocio con viale del Piave; divieto di sosta con rimozione per tutti i veicoli nel tratto di viale Del Piave compreso fra l&#8217;ingresso del Hotel Doriguzzi (escluso) e l&#8217;incrocio con via C. Castaldi e del tratto di via C. Castaldi compreso fra l&#8217;ingresso della scuola elementare (escluso) e l&#8217;incrocio con viale del Piave;<\/p>\n<p>&nbsp;<\/p>\n<p>&nbsp;<\/p>\n<h2>ATROSI O ATRITE AI GIOVEDI DELLA SALUTE<\/h2>\n<p><strong>BELLUNO<\/strong> Oggi alle 18\u00a0 in sala riunioni dell\u2019ospedale San Martino, si terr\u00e0 il consueto appuntamento quindicinale dei Gioved\u00ec della Salute. L\u2019incontro avr\u00e0 come titolo: : <strong>\u201cArtrosi o artrite? Questo \u00e8 il dilemma.\u201d <\/strong>La dott.ssa Chiara Grava, Dirigente Medico Reumatologo dell\u2019ospedale di Belluno, partendo dalla descrizione di casi clinici spiegher\u00e0 la differenza tra artrosi e artrite, mettendo a confronto le due patologie. Seguiranno degli accenni alla terapia e verranno infine fornite alcune indicazioni per la prevenzione dell\u2019artrosi.<\/p>\n<p>&nbsp;<\/p>\n<p>&nbsp;<\/p>\n<h3>UNPLI, ASSEMBLEA ANNUALE<\/h3>\n<p><strong>ALANO DI PIAVE<\/strong> L&#8217;assemblea annuale dell Unpli (Comitato Proloco Belluno) di terr\u00e0 domenica ad Alano di Piave nella sala della Biblioteca. Programma: dalle 9 assemblea, \u00a013\u00a0 pranzo,\u00a0nel pomeriggio visita guidata del Museo storico territoriale di Campo<\/p>\n<p>&nbsp;<\/p>\n<p>&nbsp;<\/p>\n<blockquote>\n<h3>RETTIFICA DATA DELL&#8217;INCONTRO &#8220;PARTIRE: STORIE DI EMIGRAZIONE DI IERI E DI OGGI&#8221; &#8211; RINVIO DA GIOVEDI&#8217; 28 MARZO A VENERDI&#8217; 3 MAGGIO<\/h3>\n<\/blockquote>\n<p>Rinvio alla data di venerd\u00ec 3 maggio prossimo del secondo appuntamento della Rassegna &#8220;Partire: storie di emigrazione di ieri e di oggi&#8221; a cura dell&#8217;Associazione Bellunesi nel Mondo, inizialmente programmato dalla Biblioteca comunale di Sospirolo per la serata odierna. La presentazione delle pi\u00f9 recenti pubblicazioni dell&#8217;AMB, &#8220;I ricordi della valigia, storie di Bellunesi nel mondo&#8221; e &#8220;Emigrazione 2.0&#8221; sono dunque rinviate di circa un mese.<\/p>\n<p>&nbsp;<\/p>\n<h3>ORCHIDEE PER L&#8217;UNICEF ANCHE IN PIAZZA AD AGORDO<\/h3>\n<p><strong>AGORDO <\/strong>Sabato 30 e Domenica 31 marzo in Piazza della Libert\u00e0 ad Agordo dalle ore 9 alle ore 12 si terr\u00e0 la tradizionale vendita di Orchidee sostenuta da Unicef per la sopravvivenza e la salute dei bambini del terzo mondo. Si ringraziano fin d&#8217;ora tutti coloro che vorranno collaborare con l&#8217;iniziativa in modo concreto.<\/p>\n<p>&nbsp;<\/p>\n<p>&nbsp;<\/p>\n<p>&nbsp;<\/p>\n<p><a class=\"dt-pswp-item\" href=\"http:\/\/www.radiopiu.net\/wordpress\/wp-content\/uploads\/2019\/03\/spettacoli.jpg\" data-dt-img-description=\"\" data-large_image_width=\"800\" data-large_image_height=\"100\"><img loading=\"lazy\" decoding=\"async\" class=\"alignnone size-full wp-image-79254\" src=\"http:\/\/www.radiopiu.net\/wordpress\/wp-content\/uploads\/2019\/03\/spettacoli.jpg\" alt=\"\" width=\"800\" height=\"100\" srcset=\"https:\/\/www.radiopiu.net\/wordpress\/wp-content\/uploads\/2019\/03\/spettacoli.jpg 800w, https:\/\/www.radiopiu.net\/wordpress\/wp-content\/uploads\/2019\/03\/spettacoli-300x38.jpg 300w, https:\/\/www.radiopiu.net\/wordpress\/wp-content\/uploads\/2019\/03\/spettacoli-768x96.jpg 768w\" sizes=\"auto, (max-width: 800px) 100vw, 800px\" \/><\/a><\/p>\n<h2>IL RITORNO DI MUSICA&#8230; IN SENA<\/h2>\n<p><strong>FELTRE\u00a0<\/strong> Ritorna, per la sua sesta edizione, \u201cMusica in Sena\u201d, la rassegna che porta al teatro cittadino, come di consueto, alcuni appuntamenti di assoluta qualit\u00e0. Il cartellone, redatto per la direzione artistica di Piervito Malus\u00e0, si apre domenica prossima, 31 marzo con il recital pianistico di Silvia Carlin, che proporr\u00e0 musiche di Brahms, Chopin, Schumann e Scriabin. Domenica 14 aprile sar\u00e0 poi la volta di un concerto per violino e pianoforte che vedr\u00e0 protagonisti Myriam Dal Don ed Enrico Pompili; sabato 27 e domenica 28 aprile spazio invece a \u201cLivia, festa teatrale per musica\u201d, ad opera del Corpo di ballo del Centro Studi Danza di Montebelluna, del Coro da Camera di Belluno e dell\u2019Orchestra Classica Italiana per la direzione di Fabrizio Da Ros e la regia di Enrico Bertolotti. \u201cL\u2019edizione 2019 di \u201cMusica in Sena\u201d si chiuder\u00e0 domenica 5 maggio con i \u201cMelologhi\u201d; protagonisti Anna D\u2019Errico al pianoforte e Giovanni Chessa quale voce recitante. Tutti gli spettacoli avranno inizio alle ore 21. \u201cMusica in Sena \u00e8 un appuntamento oramai fisso nel panorama culturale feltrino, che si \u00e8 guadagnato negli anni l\u2019affezione di un pubblico attento e preparato. Anche quest\u2019anno il maestro Piervito Malus\u00e0 \u00e8 riuscito ad allestire un palinsesto di qualit\u00e0 ed assoluto interesse, oltre che variegato nelle proposte musicali che lo caratterizzano\u201d, commenta l\u2019assessore alla cultura del Comune di Feltre Alessandro Del Bianco. La prenotazione agli spettacoli \u00e8 obbligatoria on-le su www.visitfeltre.info. Il biglietto intero \u00e8 di 10 euro e il ridotto (fino a 26 anni) di 5, ma vi \u00e8 anche la possibilit\u00e0 di sottoscrivere degli abbonamenti che riguardano i primi tre spettacoli al costo di 24 euro. Per eventuali informazioni: mail museoomune.feltre.bl.it o tel. 0439 885242.<\/p>\n<p>&nbsp;<\/p>\n<p>&nbsp;<\/p>\n<p>&nbsp;<\/p>\n<h2>VOCI IN VALLE SABATO IN CORO<\/h2>\n<p><a class=\"dt-pswp-item\" href=\"http:\/\/www.radiopiu.net\/wordpress\/wp-content\/uploads\/2019\/03\/voci-in-valle-1.jpg\" data-dt-img-description=\"\" data-large_image_width=\"5184\" data-large_image_height=\"3456\"><img loading=\"lazy\" decoding=\"async\" class=\"alignnone size-full wp-image-80631\" src=\"http:\/\/www.radiopiu.net\/wordpress\/wp-content\/uploads\/2019\/03\/voci-in-valle-1.jpg\" alt=\"\" width=\"5184\" height=\"3456\" srcset=\"https:\/\/www.radiopiu.net\/wordpress\/wp-content\/uploads\/2019\/03\/voci-in-valle-1.jpg 5184w, https:\/\/www.radiopiu.net\/wordpress\/wp-content\/uploads\/2019\/03\/voci-in-valle-1-300x200.jpg 300w, https:\/\/www.radiopiu.net\/wordpress\/wp-content\/uploads\/2019\/03\/voci-in-valle-1-768x512.jpg 768w, https:\/\/www.radiopiu.net\/wordpress\/wp-content\/uploads\/2019\/03\/voci-in-valle-1-1024x683.jpg 1024w\" sizes=\"auto, (max-width: 5184px) 100vw, 5184px\" \/><\/a><\/p>\n<p><strong>SEDICO<\/strong> Primavera\u201d di Sedico \u00e8 giunto alla sua sesta edizione che si terr\u00e0 sabato alle 20.30, nella chiesa arcipretale per l\u2019organizzazione del Gruppo corale \u201cVocinvalle\u201d in collaborazione con la Parrocchia di S. Maria Annunziata ed il patrocinio dell\u2019Amministrazione comunale.\u00a0 Il concerto, che quest\u2019anno sar\u00e0 dedicato all\u201980\u00b0 anniversario dell\u2019inaugurazione e consacrazione della parrocchiale di Sedico, sar\u00e0 condotto da Dino Bridda e sar\u00e0 aperto dal complesso organizzatore, presieduto da Claudia Da Gioz e diretto da Bruno Cargnel, Fulvio Sagui e Marisa Santomaso. Il Gruppo \u201cVocinvalle\u201d proporr\u00e0 brani firmati da Jakob Arcadelt, Lamberto Pietrop\u00f2li, Mauro Camisa, Roberto Padoin, Paolo Bon e Bruno Bettinelli. Ospite della serata sar\u00e0 il complesso corale con pi\u00f9 anzianit\u00e0 di servizio in provincia, ovvero il Coro \u201cMinimo Bellunese\u201d, attualmente presieduto da Giorgio Dal Farra e diretto da Gianluca Nicolai, che presenter\u00e0 un repertorio di canti con armonizzazioni di Bepi De Marzi, Marco M\u00e0iero, Gianni Malatesta, Guido Farina, Lamberto Pietrop\u00f2li, Arturo Zardini, Giovanni Ven\u00e8ri e Tonino Puddu.<\/p>\n<p>&nbsp;<\/p>\n<p>&nbsp;<\/p>\n<p>&nbsp;<\/p>\n<h2><a class=\"dt-pswp-item\" href=\"http:\/\/www.radiopiu.net\/wordpress\/wp-content\/uploads\/2018\/09\/appuntamenti.jpeg\" data-dt-img-description=\"\" data-large_image_width=\"800\" data-large_image_height=\"100\"><img loading=\"lazy\" decoding=\"async\" class=\"alignnone wp-image-61958 size-full\" src=\"http:\/\/www.radiopiu.net\/wordpress\/wp-content\/uploads\/2018\/09\/appuntamenti.jpeg\" alt=\"\" width=\"800\" height=\"100\" srcset=\"https:\/\/www.radiopiu.net\/wordpress\/wp-content\/uploads\/2018\/09\/appuntamenti.jpeg 800w, https:\/\/www.radiopiu.net\/wordpress\/wp-content\/uploads\/2018\/09\/appuntamenti-300x38.jpeg 300w, https:\/\/www.radiopiu.net\/wordpress\/wp-content\/uploads\/2018\/09\/appuntamenti-768x96.jpeg 768w\" sizes=\"auto, (max-width: 800px) 100vw, 800px\" \/><\/a><\/h2>\n<p><a class=\"dt-pswp-item\" href=\"http:\/\/www.radiopiu.net\/wordpress\/wp-content\/uploads\/2019\/03\/WhatsApp-Image-2019-03-21-at-16.47.02.jpeg\" data-dt-img-description=\"\" data-large_image_width=\"722\" data-large_image_height=\"1024\"><img loading=\"lazy\" decoding=\"async\" class=\"wp-image-79894 aligncenter\" src=\"http:\/\/www.radiopiu.net\/wordpress\/wp-content\/uploads\/2019\/03\/WhatsApp-Image-2019-03-21-at-16.47.02-722x1024.jpeg\" alt=\"\" width=\"307\" height=\"435\" srcset=\"https:\/\/www.radiopiu.net\/wordpress\/wp-content\/uploads\/2019\/03\/WhatsApp-Image-2019-03-21-at-16.47.02.jpeg 722w, https:\/\/www.radiopiu.net\/wordpress\/wp-content\/uploads\/2019\/03\/WhatsApp-Image-2019-03-21-at-16.47.02-212x300.jpeg 212w\" sizes=\"auto, (max-width: 307px) 100vw, 307px\" \/><\/a><\/p>\n<p><strong>BELLUNO<\/strong> Oggi\u00a0 alle 18,30\u00a0 al\u00a0 ristorante\u00a0 &#8220;Taverna&#8221; di\u00a0 via Cipro nell&#8217;ambito della Conversazioni in Taverna, si terr\u00e0 l&#8217;incontro &#8221;\u00a0 LA POLITICA ESTERA DEL VATICANO&#8221;. interviene: -Alessandro GROSSATO &#8211; geopolitico, orientalista e storico delle religioni- conduce: -Francesco BOCO &#8211; saggista.<\/p>\n<p>&nbsp;<\/p>\n<p><strong>PONTE NELLE ALPI<\/strong> Domani\u00a0 al ristorante Da Benito, La Cooperativa CoSoMi\u00a0 promuove un incontro \u201cletterario poetico\u201d per una solidariet\u00e0 anche culturale a tutte quelle comunit\u00e0 delle Terre Alte Bellunesi, colpite dal disastroso maltempo di fine ottobre 2018. Nel libro: \u201cLa casa in mezzo al prato\u201d che sar\u00e0 presentato dall\u2019autrice, Maria Luisa Daniele Toffanin.<\/p>\n<p>&nbsp;<\/p>\n<p><strong>BELLUNO<\/strong> L&#8217;associazione culturale Centro UPM organizza per domani\u00a0 alle 20.45 presso la sala\u00a0 &#8220;un noce&#8221;,\u00a0 in Via Borozzi, l&#8217;incontro pubblico &#8220;Non conosciamo mai il valore dell&#8217;acqua finch\u00e8 il pozzo non \u00e8 asciutto&#8221; <span style=\"font-size: medium;\">T. Fuller<\/span>, storie dal Sud e dal Nord del Mondo con Federica De Carli di Insieme si Puo&#8217;.<\/p>\n<p>&nbsp;<\/p>\n<p><strong>FELTRE<\/strong> Sabato 30 Marzo alle 14,30 presso la sala convegni della Birreria Pedavena, l ASSEMBLEA GENERALE delle iscritte e degli iscritti al Circolo Auser \u201cal Castello\u201d di Feltre, con il seguente ordine del giorno: \u00a0presentazione rapporto attivit\u00e0 2018; \u00a0presentazione e approvazione bilancio consuntivo 2018; \u00a0riconoscimenti ad alcuni volontari attivi;\u00a0prime proposte per iniziative sui trent\u2019anni di Auser Feltre.<\/p>\n<p>&nbsp;<\/p>\n<p><strong>SEDICO<\/strong> Per raccogliere fondi per il ripristino della passerella del Peron,\u00a0 il gruppo Sospirolo Futura organizza una serata, \u201cPasserella senza barriere\u201d, il 30 marzo alle 20.45 al centro civico di Sospirolo. Tema della serata saranno le disabilit\u00e0 fisiche, e fra gli ospiti ci sar\u00e0 anche il campione paralimpico di tiro con l\u2019arco Oscar De Pellegrin. La serata sar\u00e0 condotta da Tiziana Bolognani e sar\u00e0 allietata dalle canzoni del coro Voci dai cortivi.<\/p>\n<p>&nbsp;<\/p>\n<p><strong>CAPRILE<\/strong> Domenica escursione con il Cai in Val Veneggia, accompagnatore Gabriella Bellenzier. Ritrovo ore 8.30 a Cencenighe, info 328 5384339<\/p>\n<p>&nbsp;<\/p>\n<p>&nbsp;<\/p>\n<p>&nbsp;<\/p>\n<blockquote><p>&nbsp;<\/p><\/blockquote>\n<blockquote><p><strong><em>I volontari del GAV e dell\u2019Associazione Nazionale Carabinieri nei giorni 5-6-7 aprile saranno in Piazza Libert\u00e0 ad Agordo per la vendita delle Uova di Pasqua per AIL\u00a0<\/em><\/strong><\/p>\n<p style=\"text-align: center;\"><a class=\"dt-pswp-item\" href=\"http:\/\/www.radiopiu.net\/wordpress\/wp-content\/uploads\/2019\/03\/WhatsApp-Image-2019-03-26-at-12.14.45.jpeg\" data-dt-img-description=\"\" data-large_image_width=\"899\" data-large_image_height=\"1600\"><img loading=\"lazy\" decoding=\"async\" class=\"alignnone wp-image-80552\" src=\"http:\/\/www.radiopiu.net\/wordpress\/wp-content\/uploads\/2019\/03\/WhatsApp-Image-2019-03-26-at-12.14.45.jpeg\" alt=\"\" width=\"366\" height=\"651\" srcset=\"https:\/\/www.radiopiu.net\/wordpress\/wp-content\/uploads\/2019\/03\/WhatsApp-Image-2019-03-26-at-12.14.45.jpeg 899w, https:\/\/www.radiopiu.net\/wordpress\/wp-content\/uploads\/2019\/03\/WhatsApp-Image-2019-03-26-at-12.14.45-169x300.jpeg 169w, https:\/\/www.radiopiu.net\/wordpress\/wp-content\/uploads\/2019\/03\/WhatsApp-Image-2019-03-26-at-12.14.45-768x1367.jpeg 768w, https:\/\/www.radiopiu.net\/wordpress\/wp-content\/uploads\/2019\/03\/WhatsApp-Image-2019-03-26-at-12.14.45-575x1024.jpeg 575w\" sizes=\"auto, (max-width: 366px) 100vw, 366px\" \/><\/a><\/p>\n<\/blockquote>\n<p>&nbsp;<\/p>\n<p>&nbsp;<\/p>\n<p>&nbsp;<\/p>\n<p>&nbsp;<\/p>\n<h3><strong>DOPPIO CONCERTO PER LA SAGRA DEI\u00a0\u00a0FISCIOT<\/strong><\/h3>\n<p><strong><span style=\"font-family: georgia, times, times new roman, serif;\">BELLUNO <\/span><\/strong><em><span style=\"font-family: georgia, times, times new roman, serif;\">La Filarmonica di Belluno, con il patrocinio del Comune di Belluno, organizza l&#8217;intrattenimento musicale per la tradizionale Sagra dei Fisc\u00ec\u00f2t, ospitando anche la Banda Citt\u00e0 di Feltre. In quest&#8217;occasione sar\u00e0\u00a0 possibile sostenere le attivit\u00e0 della scuola di musica della Filarmonica.\u00a0 <\/span><\/em><strong><span style=\"font-family: georgia, times, times new roman, serif;\">Domenica 7 aprile 2019\u00a0 &#8211; Piazza Duomo (Belluno)\u00a0 <\/span><\/strong><span style=\"font-family: georgia, times, times new roman, serif;\"><strong>\u00a010:45 <\/strong><\/span><span style=\"font-family: georgia, times, times new roman, serif;\">Concerto della Filarmonica di Belluno diretta dai maestri Andrea Gasperin e Sandro De Marchi.<\/span><span style=\"font-family: georgia, times, times new roman, serif;\"><strong> 14:30 <\/strong><\/span><span style=\"font-family: georgia, times, times new roman, serif;\">Concerto della Banda Citt\u00e0 di Feltre diretta dal maestro Ivan Villanova. <\/span><span style=\"font-family: georgia, times, times new roman, serif;\">In occasione degli spettacoli &#8211; ad offerta libera &#8211; verranno distribuite delle focacce prodotte artigianalmente dal Panificio De Paris (Via Lungardo, 76 &#8211; Belluno) a sostegno delle attivit\u00e0 didattiche che la scuola di musica della Filarmonica porta avanti ogni anno.<\/span><\/p>\n<p>&nbsp;<\/p>\n<p>&nbsp;<\/p>\n<p>&nbsp;<\/p>\n<h2><a class=\"dt-pswp-item\" href=\"http:\/\/www.radiopiu.net\/wordpress\/wp-content\/uploads\/2018\/09\/sport.jpg\" data-dt-img-description=\"\" data-large_image_width=\"800\" data-large_image_height=\"100\"><img loading=\"lazy\" decoding=\"async\" class=\"alignnone size-full wp-image-60761\" src=\"http:\/\/www.radiopiu.net\/wordpress\/wp-content\/uploads\/2018\/09\/sport.jpg\" alt=\"\" width=\"800\" height=\"100\" srcset=\"https:\/\/www.radiopiu.net\/wordpress\/wp-content\/uploads\/2018\/09\/sport.jpg 800w, https:\/\/www.radiopiu.net\/wordpress\/wp-content\/uploads\/2018\/09\/sport-300x38.jpg 300w, https:\/\/www.radiopiu.net\/wordpress\/wp-content\/uploads\/2018\/09\/sport-768x96.jpg 768w\" sizes=\"auto, (max-width: 800px) 100vw, 800px\" \/><\/a><\/h2>\n<h2>QUESTA SERA ALL&#8217;IVANO DORIGO DI AGORDO IL LE VILLE GIOCA IL RECUPERO DEL CAMPIONATO CSI<\/h2>\n<p>Si gioca questa sera all&#8217;Ivano Dorigo di Agordo il recupero dell&#8217;ottava giornata di andata tra Le Ville e Soccher. La partita non era stata giocata ancora a fine ottobre quando a causa della tempesta Vaia erano stati fermati i campionati open del CSI. Il Le Ville \u00e8 costretto a vincere per lasciare la zona retrocessione del girone A1. Di fronte una squadra che milita a met\u00e0 classifica. La squadra di Agordo, dopo l&#8217;arrivo di alcuni innesti come Jari Monferone, sembra essere pi\u00f9 motivata ma per avere la certezza matematica della salvezza non pu\u00f2 sbagliare un colpo fino a fine campionato. La vittoria di sabato scorso contro il Nemeggio per 3 a 1 ha dato morale alla squadra capitanata da Matteo Chissal\u00e8.<\/p>\n<p>DI MARCO GAZ DAL GIORNALE RADIO PRINCIPALE<\/p>\n<audio class=\"wp-audio-shortcode\" id=\"audio-80592-8\" preload=\"none\" style=\"width: 100%;\" controls=\"controls\"><source type=\"audio\/mpeg\" src=\"http:\/\/www.radiopiu.net\/wordpress\/wp-content\/uploads\/2019\/03\/gr-28-sport-le-ville-csi.mp3?_=8\" \/><a href=\"http:\/\/www.radiopiu.net\/wordpress\/wp-content\/uploads\/2019\/03\/gr-28-sport-le-ville-csi.mp3\">http:\/\/www.radiopiu.net\/wordpress\/wp-content\/uploads\/2019\/03\/gr-28-sport-le-ville-csi.mp3<\/a><\/audio>\n<p>&nbsp;<\/p>\n<p><a class=\"dt-pswp-item\" href=\"http:\/\/www.radiopiu.net\/wordpress\/wp-content\/uploads\/2018\/09\/viabilita.jpeg\" data-dt-img-description=\"\" data-large_image_width=\"800\" data-large_image_height=\"100\"><img loading=\"lazy\" decoding=\"async\" class=\"alignnone size-full wp-image-61954\" src=\"http:\/\/www.radiopiu.net\/wordpress\/wp-content\/uploads\/2018\/09\/viabilita.jpeg\" alt=\"\" width=\"800\" height=\"100\" srcset=\"https:\/\/www.radiopiu.net\/wordpress\/wp-content\/uploads\/2018\/09\/viabilita.jpeg 800w, https:\/\/www.radiopiu.net\/wordpress\/wp-content\/uploads\/2018\/09\/viabilita-300x38.jpeg 300w, https:\/\/www.radiopiu.net\/wordpress\/wp-content\/uploads\/2018\/09\/viabilita-768x96.jpeg 768w\" sizes=\"auto, (max-width: 800px) 100vw, 800px\" \/><\/a><\/p>\n<p>&nbsp;<\/p>\n<p><strong>PASSO DURAN\u00a0<\/strong> Dal 1 al 19 aprile lungo la provinciale 347 del Duran e Cereda tra CIbiana e Venas divieto di transito ai mezzi di massa superiore a 3,5 tonellate. Inoltre INTERDIZIONE TOTALE DELLA TRANSITABILITA&#8217; STRADALE NEI GIORNI LAVORATIVI (ESCLUSO SABATO E DOMENICA): DALLE 7.45 alle 9.45, dalel 10.15 alle 12.15, dalle 14 alle 15.30, dalle 16 alle 17.30<\/p>\n<p><strong>CAPRILE DI ALLEGHE<\/strong> Fino al 5 aprile con esclusione dei giorni festivi e prefestivi, senso unco alternato lungo la regionale 203 agordina a monte dell&#8217;abitato di Caprile. Possibili interdizioni totale al transito fino a 15 minuti.<\/p>\n<p><strong>SAN TOMASO<\/strong> Lungo la regionale 203 agordina in Comune di San Tomaso da lunedi al 29 marzo senso unico alternato regolato da semaforo.<\/p>\n<p><strong>CENCENIGHE <\/strong>Fino al 29 marzo dalle 8 alle 17 senso unico alternato in Comune di Cencenighe lungo la regionale 203 agordina per la messa in sicurezza del tratto stradale.<\/p>\n<p><strong>VOLTAGO<\/strong> Fino al 5 aprile\u00a0 tutti i giorni sabati e domeniche compresi, senso unico alternato regolato da semaforo lungo la provinciale 347 in Comune di Voltago per lavori di somma urgenza e messa in sicurezza del piano viabile.<\/p>\n<p>&nbsp;<\/p>\n<p>&nbsp;<\/p>\n<p>&nbsp;<\/p>\n<h3><a class=\"dt-pswp-item\" href=\"http:\/\/www.radiopiu.net\/wordpress\/wp-content\/uploads\/2018\/09\/WhatsApp-Image-2018-09-20-at-16.04.06.jpeg\" data-dt-img-description=\"\" data-large_image_width=\"800\" data-large_image_height=\"100\"><img loading=\"lazy\" decoding=\"async\" class=\"alignnone wp-image-61378 size-full\" src=\"http:\/\/www.radiopiu.net\/wordpress\/wp-content\/uploads\/2018\/09\/WhatsApp-Image-2018-09-20-at-16.04.06.jpeg\" alt=\"\" width=\"800\" height=\"100\" srcset=\"https:\/\/www.radiopiu.net\/wordpress\/wp-content\/uploads\/2018\/09\/WhatsApp-Image-2018-09-20-at-16.04.06.jpeg 800w, https:\/\/www.radiopiu.net\/wordpress\/wp-content\/uploads\/2018\/09\/WhatsApp-Image-2018-09-20-at-16.04.06-300x38.jpeg 300w, https:\/\/www.radiopiu.net\/wordpress\/wp-content\/uploads\/2018\/09\/WhatsApp-Image-2018-09-20-at-16.04.06-768x96.jpeg 768w\" sizes=\"auto, (max-width: 800px) 100vw, 800px\" \/><\/a><\/h3>\n<p><center><b>Giovedi 28<\/b><\/center><b>Tempo atteso: <\/b>Tempo ben soleggiato con cielo in prevalenza sereno per tutto il giorno. Clima diurno un po&#8217; pi\u00f9 mite, ancora fresco al mattino, anche con gelate fino nei fondovalle.<br \/>\n<b>Precipitazioni: <\/b>Assenti (0%).<br \/>\n<b>Temperature: <\/b>Minime stazionarie o in locale calo nelle valli, in lieve aumento in quota; massime in moderato aumento. Su Prealpi a 1500 m min 0\u00b0C max 5\u00b0C, a 2000 m min -2\u00b0C max 2\u00b0C. Su Dolomiti a 2000 m min -4\u00b0C max 3\u00b0C, a 3000 m min -8\u00b0C max -5\u00b0C.<br \/>\n<b>Venti: <\/b>Nelle valli perlopi\u00f9 deboli o moderati a regime di brezza; in quota deboli\/moderati da Nord-Est, a 5-15 km\/h a 2000 m, 10-25 km\/h a 3000 m.<\/p>\n<hr \/>\n<p><center><b>Venerdi 29<\/b><\/center><b>Tempo atteso: <\/b>Tempo stabile e ben soleggiato con cielo sereno, aria limpida ed ottima visibilit\u00e0. Temperature in generale lieve rialzo con ritorno di una relativa mitezza diurna alle quote medio-basse.<br \/>\n<b>Precipitazioni: <\/b>Assenti (0%).<br \/>\n<b>Temperature: <\/b>In generale lieve aumento. Minore rischio di gelate sotto gli 800\/1000 m e le massime toccheranno i 18\/19\u00b0C nei fondovalle ed i 13\/14\u00b0C a 1000\/1200 m. Su Prealpi a 1500 m min 1\u00b0C max 8\u00b0C, a 2000 m min -2\u00b0C max 6\u00b0C. Su Dolomiti a 2000 m min -2\u00b0C max 5\u00b0C, a 3000 m min -7\u00b0C max -3\u00b0C.<br \/>\n<b>Venti: <\/b>Nelle valli perlopi\u00f9 deboli o moderati a regime di brezza; in quota deboli\/moderati da Nord-Est, a 5-15 km\/h a 2000 m, 10-25 km\/h a 3000 m.<\/p>\n<hr \/>\n<p><center><b>Sabato 30<\/b><\/center>Tempo perlopi\u00f9 soleggiato con cielo sereno o leggermente velato da sottili nubi alte durante le ore centrali del giorno. Clima diurno decisamente pi\u00f9 mite, specie in quota, con lieve inversione termica mattutina nei fondovalle. Venti deboli, a regime di brezza nelle valli.<\/p>\n<hr \/>\n<p><center><b>Domenica 31<\/b><\/center>Tempo stabile e ben soleggiato con cielo sereno, aria limpida ed ottima visibilit\u00e0. Qualche foschia sar\u00e0 possibile nelle ore pi\u00f9 fredde in alcune valli prealpine. Possibile lieve aumento della nuvolosit\u00e0 alla sera. Temperature minime pressoch\u00e9 stazionarie e massime in leggera flessione con relativa mitezza diurna nelle valli grazie al buon soleggiamento. Venti deboli dai quadranti occidentali. Previsore: R.L.Th.\/G.M.<\/p>\n<p>&nbsp;<\/p>\n","protected":false},"excerpt":{"rendered":"<p>Un investimento che sfiora i 56 milioni di euro per un totale di 21 progetti finanziati dai Fondi di Confine e coordinati dalla Provincia, risposta concreta nella lotta all&#8217;abbandono della montagna. A Belluno ieri sono stati presentati 7 autobus per promuovere la provincia e le Dolomiti. Chiude Dolomitistars\u00a0 &#8220;All&#8217;orizzonte non vedo granch\u00e8&#8221; dice il presidente\u00a0&hellip;<\/p>\n","protected":false},"author":1,"featured_media":80634,"comment_status":"closed","ping_status":"closed","sticky":false,"template":"","format":"standard","meta":{"_monsterinsights_skip_tracking":false,"_monsterinsights_sitenote_active":false,"_monsterinsights_sitenote_note":"","_monsterinsights_sitenote_category":0,"footnotes":""},"categories":[86],"tags":[],"class_list":["post-80592","post","type-post","status-publish","format-standard","has-post-thumbnail","hentry","category-gr","category-86","description-off"],"img_url":"https:\/\/www.radiopiu.net\/wordpress\/wp-content\/uploads\/2019\/03\/ce431e8e-acf5-4abe-add4-b11d97217b98.jpg","_links":{"self":[{"href":"https:\/\/www.radiopiu.net\/wordpress\/wp-json\/wp\/v2\/posts\/80592","targetHints":{"allow":["GET"]}}],"collection":[{"href":"https:\/\/www.radiopiu.net\/wordpress\/wp-json\/wp\/v2\/posts"}],"about":[{"href":"https:\/\/www.radiopiu.net\/wordpress\/wp-json\/wp\/v2\/types\/post"}],"author":[{"embeddable":true,"href":"https:\/\/www.radiopiu.net\/wordpress\/wp-json\/wp\/v2\/users\/1"}],"replies":[{"embeddable":true,"href":"https:\/\/www.radiopiu.net\/wordpress\/wp-json\/wp\/v2\/comments?post=80592"}],"version-history":[{"count":0,"href":"https:\/\/www.radiopiu.net\/wordpress\/wp-json\/wp\/v2\/posts\/80592\/revisions"}],"wp:featuredmedia":[{"embeddable":true,"href":"https:\/\/www.radiopiu.net\/wordpress\/wp-json\/wp\/v2\/media\/80634"}],"wp:attachment":[{"href":"https:\/\/www.radiopiu.net\/wordpress\/wp-json\/wp\/v2\/media?parent=80592"}],"wp:term":[{"taxonomy":"category","embeddable":true,"href":"https:\/\/www.radiopiu.net\/wordpress\/wp-json\/wp\/v2\/categories?post=80592"},{"taxonomy":"post_tag","embeddable":true,"href":"https:\/\/www.radiopiu.net\/wordpress\/wp-json\/wp\/v2\/tags?post=80592"}],"curies":[{"name":"wp","href":"https:\/\/api.w.org\/{rel}","templated":true}]}}