{"id":80607,"date":"2019-03-27T15:58:27","date_gmt":"2019-03-27T14:58:27","guid":{"rendered":"http:\/\/www.radiopiu.net\/wordpress\/?p=80607"},"modified":"2019-03-28T06:25:58","modified_gmt":"2019-03-28T05:25:58","slug":"da-occhiobello-a-canale-con-un-assegno-per-la-proloco","status":"publish","type":"post","link":"https:\/\/www.radiopiu.net\/wordpress\/da-occhiobello-a-canale-con-un-assegno-per-la-proloco\/","title":{"rendered":"DA OCCHIOBELLO A CANALE CON UN ASSEGNO PER LA PROLOCO"},"content":{"rendered":"<h1><\/h1>\n<p><a class=\"dt-pswp-item\" href=\"http:\/\/www.radiopiu.net\/wordpress\/wp-content\/uploads\/2019\/03\/IMG_20190316_191613.jpg\" data-dt-img-description=\"\" data-large_image_width=\"3264\" data-large_image_height=\"2448\"><img loading=\"lazy\" decoding=\"async\" class=\"alignnone size-full wp-image-80604\" src=\"http:\/\/www.radiopiu.net\/wordpress\/wp-content\/uploads\/2019\/03\/IMG_20190316_191613.jpg\" alt=\"\" width=\"3264\" height=\"2448\" srcset=\"https:\/\/www.radiopiu.net\/wordpress\/wp-content\/uploads\/2019\/03\/IMG_20190316_191613.jpg 3264w, https:\/\/www.radiopiu.net\/wordpress\/wp-content\/uploads\/2019\/03\/IMG_20190316_191613-300x225.jpg 300w, https:\/\/www.radiopiu.net\/wordpress\/wp-content\/uploads\/2019\/03\/IMG_20190316_191613-768x576.jpg 768w, https:\/\/www.radiopiu.net\/wordpress\/wp-content\/uploads\/2019\/03\/IMG_20190316_191613-1024x768.jpg 1024w\" sizes=\"auto, (max-width: 3264px) 100vw, 3264px\" \/><\/a><\/p>\n<p>Pier (Pierina) e Giuseppina, Responsabili della struttura Casa Apina Sacro Cuore, non hanno perso un solo minuto: non appena appreso dell&#8217;iniziativa benefica \u201cLotteria di Pasqua 2019\u201dfrequentando gli esercizi di Canale d&#8217; Agordo, hanno subito informato l&#8217; Associazione Poppi Bortolai \u201cInsieme per Ricominciare\u201d(Occhiobello- RO). E la risposta non si \u00e8 fatta attendere: tre dei suoi Rappresentanti sono saliti\u00a0 a Canale e hanno donato 500 euro alla Pro Loco come sostegno nell&#8217;acquisto di un gruppo elettrogeno di primaria necessit\u00e0 per il Comando Vigili del Fuoco Val Biois. &#8220;<em>Un atto di generosit\u00e0 che fa bene al cuore e che contribuisce a portare avanti la Lotteria di Pasqua 2019 pi\u00f9 solidale di tutta la Valle del Biois&#8221; <\/em>ha detto\u00a0 il Presidente Pro Loco Vigilio Costa, ideatore del progetto. A inizio marzo sono state posizionate 16 uova di cioccolato formato gigante in svariati locali della Vallata. Il ricavato della lotteria sar\u00e0, per l&#8217;appunto, destinato all&#8217;acquisto di un generatore con fotocellula del costo totale di oltre 15,000 euro.<\/p>\n<blockquote><p><em>\u201cDati i recenti eventi alluvionali e comunque i sempre pi\u00f9 numerosi interventi nei quali vengono coinvolti i Vigili del Fuoco di Canale d&#8217; Agordo &#8211; continua Costa &#8211; (tra l&#8217;altro unico Comando in Val del Biois) ci \u00e8 sembrato doveroso aiutarli in qualche modo. Sono molto soddisfatto della Lotteria, che sta dando i suoi frutti e confidiamo continui cos\u00ec, con la partecipazione della gente del posto e la solidariet\u00e0 di quanti- come in questo caso- vorranno esserci\u201d.<\/em><\/p><\/blockquote>\n<p>&nbsp;<\/p>\n","protected":false},"excerpt":{"rendered":"<p>Pier (Pierina) e Giuseppina, Responsabili della struttura Casa Apina Sacro Cuore, non hanno perso un solo minuto: non appena appreso dell&#8217;iniziativa benefica \u201cLotteria di Pasqua 2019\u201dfrequentando gli esercizi di Canale d&#8217; Agordo, hanno subito informato l&#8217; Associazione Poppi Bortolai \u201cInsieme per Ricominciare\u201d(Occhiobello- RO). E la risposta non si \u00e8 fatta attendere: tre dei suoi Rappresentanti&hellip;<\/p>\n","protected":false},"author":1,"featured_media":80604,"comment_status":"closed","ping_status":"closed","sticky":false,"template":"","format":"standard","meta":{"_monsterinsights_skip_tracking":false,"_monsterinsights_sitenote_active":false,"_monsterinsights_sitenote_note":"","_monsterinsights_sitenote_category":0,"footnotes":""},"categories":[49],"tags":[],"class_list":["post-80607","post","type-post","status-publish","format-standard","has-post-thumbnail","hentry","category-news-18","category-49","description-off"],"img_url":"https:\/\/www.radiopiu.net\/wordpress\/wp-content\/uploads\/2019\/03\/IMG_20190316_191613.jpg","_links":{"self":[{"href":"https:\/\/www.radiopiu.net\/wordpress\/wp-json\/wp\/v2\/posts\/80607","targetHints":{"allow":["GET"]}}],"collection":[{"href":"https:\/\/www.radiopiu.net\/wordpress\/wp-json\/wp\/v2\/posts"}],"about":[{"href":"https:\/\/www.radiopiu.net\/wordpress\/wp-json\/wp\/v2\/types\/post"}],"author":[{"embeddable":true,"href":"https:\/\/www.radiopiu.net\/wordpress\/wp-json\/wp\/v2\/users\/1"}],"replies":[{"embeddable":true,"href":"https:\/\/www.radiopiu.net\/wordpress\/wp-json\/wp\/v2\/comments?post=80607"}],"version-history":[{"count":0,"href":"https:\/\/www.radiopiu.net\/wordpress\/wp-json\/wp\/v2\/posts\/80607\/revisions"}],"wp:featuredmedia":[{"embeddable":true,"href":"https:\/\/www.radiopiu.net\/wordpress\/wp-json\/wp\/v2\/media\/80604"}],"wp:attachment":[{"href":"https:\/\/www.radiopiu.net\/wordpress\/wp-json\/wp\/v2\/media?parent=80607"}],"wp:term":[{"taxonomy":"category","embeddable":true,"href":"https:\/\/www.radiopiu.net\/wordpress\/wp-json\/wp\/v2\/categories?post=80607"},{"taxonomy":"post_tag","embeddable":true,"href":"https:\/\/www.radiopiu.net\/wordpress\/wp-json\/wp\/v2\/tags?post=80607"}],"curies":[{"name":"wp","href":"https:\/\/api.w.org\/{rel}","templated":true}]}}