{"id":80737,"date":"2019-03-28T17:04:08","date_gmt":"2019-03-28T16:04:08","guid":{"rendered":"http:\/\/www.radiopiu.net\/wordpress\/?p=80737"},"modified":"2019-03-28T17:04:08","modified_gmt":"2019-03-28T16:04:08","slug":"fontana-al-via-della-12-ore-del-mugello-con-il-team-paragon-by-rinaldi-racing","status":"publish","type":"post","link":"https:\/\/www.radiopiu.net\/wordpress\/fontana-al-via-della-12-ore-del-mugello-con-il-team-paragon-by-rinaldi-racing\/","title":{"rendered":"FONTANA AL VIA DELLA 12 ORE DEL MUGELLO CON IL TEAM PARAGON BY RINALDI RACING"},"content":{"rendered":"<p>.<br \/>\n<strong><a class=\"dt-pswp-item\" href=\"http:\/\/www.radiopiu.net\/wordpress\/wp-content\/uploads\/2019\/03\/IMG_5442.jpg\" data-dt-img-description=\"\" data-large_image_width=\"3873\" data-large_image_height=\"2631\"><img loading=\"lazy\" decoding=\"async\" class=\"alignnone size-large wp-image-80738\" src=\"http:\/\/www.radiopiu.net\/wordpress\/wp-content\/uploads\/2019\/03\/IMG_5442-1024x696.jpg\" alt=\"\" width=\"1024\" height=\"696\" srcset=\"https:\/\/www.radiopiu.net\/wordpress\/wp-content\/uploads\/2019\/03\/IMG_5442-1024x696.jpg 1024w, https:\/\/www.radiopiu.net\/wordpress\/wp-content\/uploads\/2019\/03\/IMG_5442-300x204.jpg 300w, https:\/\/www.radiopiu.net\/wordpress\/wp-content\/uploads\/2019\/03\/IMG_5442-768x522.jpg 768w\" sizes=\"auto, (max-width: 1024px) 100vw, 1024px\" \/><\/a>PONTE NELLA ALPI<\/strong>\u00a0 Parte nel modo migliore la stagione 2019 del giovane pilota bellunese Andrea Fontana il quale scender\u00e0 in pista questo week end sul tecnico tracciato toscano del Mugello per disputare la prima prova della prestigiosa serie internazionale endurance 24H Series by Creventic: 12 H del Mugello. Per questo importante debutto il driver veneto si \u00e8 accordato con il team tedesco Paragon by Rinaldi Racing e torner\u00e0 alla guida della bellissima Ferrari 488 GT3 che gi\u00e0 aveva guidato nel 2018 nell\u2019ambito del Campionato Italiano GT. Ad affiancarlo in questa importante gara endurance ci sar\u00e0 l\u2019ex pilota di F1 Andrea Montermini e due piloti gentlemen come Klaus Dieter Frers e Wolfgang Triller. In preparazione a questa gara Fontana ha disputato con il team una due giorni di test sul tracciato di Le Castellet ricavando ottime impressioni sulla vettura e dimostrando al team molta professionalit\u00e0 e preparazione tecnica. In virt\u00f9 di questo primo impegno della stagione con il team tedesco e sulla base dell\u2019andamento della gara stessa per il driver bellunese si potrebbero aprire ulteriori possibilit\u00e0 per ulteriori impegni sempre nella serie endurance 24h Series by Creventic.<\/p>\n<p>&nbsp;<\/p>\n<blockquote><p><em>Andrea Fontana: \u201cSono stato molto contento della chiamata del Team Paragon in quanto ero gi\u00e0 in contatto da qualche mese con il Team Rinaldi per poter correre con loro. \u00c8 la mia prima gara endurance della carriera e sono molto ansioso di correre per dimostrare il mio potenziale anche in queste condizioni. Il fatto di dividere il mio sedile con un pilota esperto e veloce come Montermini sar\u00e0 uno stimolo in pi\u00f9 per il sottoscritto e l\u2019occasione giusta per imparare molto soprattutto in termini di gestione della gara. Dita incrociate e massimo impegno come sempre.\u201d<\/em><\/p><\/blockquote>\n<p>Il programma ufficiale dell\u2019evento, che vedr\u00e0 al via quasi 60 vetture, avr\u00e0 il suo inizio Gioved\u00ec 28 Marzo con la disputa di due sessioni di free practice per poi proseguire il venerd\u00ec con un ulteriore sessione di prove libere, con le qualifiche e la partenza della prima parte della gara con start alle 15:30 (3h). Nella giornata di Sabato ci sar\u00e0 poi la seconda parte (9h) con start alle 09:00 per terminare il tutto alle 18.00 di sabato pomeriggio.<\/p>\n<p><strong>\u00a0Per chi volesse seguire in LIVE Streaming l\u2019evento sar\u00e0 sufficiente collegarsi con il sito ufficiale della serie www.24series.com\/2019\/12h-mugello-2019\/start\u00a0<\/strong><\/p>\n<p>&nbsp;<\/p>\n","protected":false},"excerpt":{"rendered":"<p>. PONTE NELLA ALPI\u00a0 Parte nel modo migliore la stagione 2019 del giovane pilota bellunese Andrea Fontana il quale scender\u00e0 in pista questo week end sul tecnico tracciato toscano del Mugello per disputare la prima prova della prestigiosa serie internazionale endurance 24H Series by Creventic: 12 H del Mugello. Per questo importante debutto il driver&hellip;<\/p>\n","protected":false},"author":1,"featured_media":80738,"comment_status":"closed","ping_status":"closed","sticky":false,"template":"","format":"standard","meta":{"_monsterinsights_skip_tracking":false,"_monsterinsights_sitenote_active":false,"_monsterinsights_sitenote_note":"","_monsterinsights_sitenote_category":0,"footnotes":""},"categories":[49],"tags":[],"class_list":["post-80737","post","type-post","status-publish","format-standard","has-post-thumbnail","hentry","category-news-18","category-49","description-off"],"img_url":"https:\/\/www.radiopiu.net\/wordpress\/wp-content\/uploads\/2019\/03\/IMG_5442.jpg","_links":{"self":[{"href":"https:\/\/www.radiopiu.net\/wordpress\/wp-json\/wp\/v2\/posts\/80737","targetHints":{"allow":["GET"]}}],"collection":[{"href":"https:\/\/www.radiopiu.net\/wordpress\/wp-json\/wp\/v2\/posts"}],"about":[{"href":"https:\/\/www.radiopiu.net\/wordpress\/wp-json\/wp\/v2\/types\/post"}],"author":[{"embeddable":true,"href":"https:\/\/www.radiopiu.net\/wordpress\/wp-json\/wp\/v2\/users\/1"}],"replies":[{"embeddable":true,"href":"https:\/\/www.radiopiu.net\/wordpress\/wp-json\/wp\/v2\/comments?post=80737"}],"version-history":[{"count":0,"href":"https:\/\/www.radiopiu.net\/wordpress\/wp-json\/wp\/v2\/posts\/80737\/revisions"}],"wp:featuredmedia":[{"embeddable":true,"href":"https:\/\/www.radiopiu.net\/wordpress\/wp-json\/wp\/v2\/media\/80738"}],"wp:attachment":[{"href":"https:\/\/www.radiopiu.net\/wordpress\/wp-json\/wp\/v2\/media?parent=80737"}],"wp:term":[{"taxonomy":"category","embeddable":true,"href":"https:\/\/www.radiopiu.net\/wordpress\/wp-json\/wp\/v2\/categories?post=80737"},{"taxonomy":"post_tag","embeddable":true,"href":"https:\/\/www.radiopiu.net\/wordpress\/wp-json\/wp\/v2\/tags?post=80737"}],"curies":[{"name":"wp","href":"https:\/\/api.w.org\/{rel}","templated":true}]}}