{"id":81047,"date":"2019-03-31T12:47:31","date_gmt":"2019-03-31T10:47:31","guid":{"rendered":"http:\/\/www.radiopiu.net\/wordpress\/?p=81047"},"modified":"2019-05-13T10:14:38","modified_gmt":"2019-05-13T08:14:38","slug":"24-aut-piu-un-gemellaggio-nelletere-dei-ricordi","status":"publish","type":"post","link":"https:\/\/www.radiopiu.net\/wordpress\/24-aut-piu-un-gemellaggio-nelletere-dei-ricordi\/","title":{"rendered":"24)  AUT-PIU&#8217;, UN GEMELLAGGIO NELL&#8217;ETERE DEI RICORDI"},"content":{"rendered":"<blockquote><p><em><strong>TAIBON<\/strong> Con questo ultimo contributo si chiude la settimana dedicata al ricordo di Peppino Impastato vittima innocente di mafia, giornalista radiofonico, editore radiofonico d&#8217;inizio era delle radio Libere. Con orgoglio abbiamo dedicato il nostro tempo e spazio a questa vicenda umana. Il grazie a Gianni Santomaso per coma ha saputo proporre la storia di Peppino coinvolgendo le nuove generazioni. Il palinsesto di Radio Pi\u00f9 ne \u00e8 uscito rafforzato dall&#8217;onda di storia, emozioni e ricordi.<\/em><\/p><\/blockquote>\n<p>&nbsp;<\/p>\n<h2><span style=\"color: #ff0000;\">GLI ARTICOLI DI GIANNI SANTOMASO<\/span><\/h2>\n<p><span style=\"font-size: large;\">All&#8217;intitolazione di piazzale Tamonich il sindaco Da Roit invita i giovani a \u00abscegliere la verit\u00e0 rifuggendo costumi mafiosi\u00bb<\/span><\/p>\n<p><span style=\"font-size: x-large;\"><b>\u00abImpastato sia esempio di vita per tutti\u00bb<\/b><\/span><\/p>\n<p>AGORDO. \u00abPortatevi dentro il nome di Peppino Impastato e di tutte le vittime innocenti delle mafie. Ricordatevi di loro quando dovrete fare delle scelte. Ne va della nostra vita, della nostra felicit\u00e0 e del nostro futuro\u00bb. Con queste parole pronunciate ieri mattina in occasione della cerimonia di intitolazione del parcheggio di Tamonich al giornalista ucciso dalla mafia, il sindaco di Agordo, Sisto Da Roit, ha affidato ai ragazzi dell&#8217;Istituto Follador e della media Pertile di Agordo un compito: quello di perpetuare nei loro comportamenti quotidiani la memoria del giovane di Cinisi ammazzato da Cosa Nostra nella notte tra l&#8217;8 e il 9 maggio 1978, il suo impegno contro le mafie, in difesa della libert\u00e0, della conoscenza e della giustizia sociale. \u00abSe la mamma di Peppino, Felicia Bartolotta\u00bb, ha detto Da Roit, \u00abdiceva che la mafia si combatte con la cultura e la conoscenza, significa che la mafia \u00e8 uno stile di vita, un modo di comportarsi che va oltre la violazione delle leggi e della libert\u00e0. Ma una cultura\u00bb, ha continuato il sindaco, \u00absi combatte con un&#8217;altra cultura. \u00c8 lo studio che ci permette di diventare donne e uomini liberi. \u00c8 la conoscenza che ci permette di capire quello che sta succedendo e quindi di scegliere di conseguenza. \u00c8 lei lo strumento per esplicitare la nostra libert\u00e0 che oggi abbiamo anche grazie ai sacrifici di persone come Peppino Impastato. Per queste ragioni abbiamo deciso di intitolare a lui questo posto di cultura in quanto vicino alle scuole superiori, medie ed elementari\u00bb. Alla cerimonia sono intervenuti anche Michela Morini del Coordinamento provinciale di Libera e i dirigenti scolastici del Follador, Paolo Giovanni Zanin, e del comprensivo, Bernardino Chiocchetti. \u00abDa una recente indagine dell&#8217;Istat\u00bb, ha detto quest&#8217;ultimo, \u00abrisulta che il 25% degli italiani giudica la corruzione un fatto naturale e inevitabile, un terzo ritiene inutile la denuncia per corruzione. Nel Nord-Est il 66% parte dal presupposto che sia controproducente effettuare la denuncia. Una manifestazione che ricorda le vittime innocenti delle mafie e in particolare Peppino Impastato \u00e8 dunque doverosa per cercare di arginare questo malcostume\u00bb. Un malcostume che in Veneto c&#8217;\u00e8, come ha ricordato Michela Morini agli alunni delle classi quarte del Follador, citando il boss dei casalesi Mario Crisci che spiegava il perch\u00e9 della penetrazione delle mafie in regione (&#8220;qui il tessuto economico non \u00e8 cos\u00ec onesto, il margine di guadagno era buono, perch\u00e9 la gente non ha voglia di pagare le tasse&#8221;). Un quadro che avvalora il pensiero del sindaco per cui quella contro la mafia \u00e8 in primis una battaglia culturale e di comunit\u00e0.\u00abNessuno di noi \u00e8 immune dall&#8217;assumere comportamenti mafiosi\u00bb, ha detto Da Roit, \u00abqualche tempo fa ero a Marghera con altre persone e a un semaforo abbiamo visto delle donne vestite con i costumi nordafricani. Uno di quelli che erano con me ha detto: &#8220;Li brucerei&#8221;. Subito ho pensato come potesse dire quelle cose senza conoscere nulla, per\u00f2 ho taciuto perch\u00e9 non avevo voglia di intavolare discussioni. Ho sbagliato. Il silenzio e l&#8217;omert\u00e0 sono comportamenti mafiosi. Dire &#8220;non mi interessa&#8221;, voltarsi dall&#8217;altra parte sono comportamenti mafiosi. Peppino Impastato \u00e8 stato ucciso anche perch\u00e9 la sua comunit\u00e0 accettava questo tipo di comportamenti\u00bb.<\/p>\n<p>&nbsp;<\/p>\n<p>&nbsp;<\/p>\n<p>&nbsp;<\/p>\n<blockquote><p>&nbsp;<\/p><\/blockquote>\n<p>&nbsp;<\/p>\n<p><span style=\"font-size: large;\">L&#8217;autore ha presentato il suo libro &#8220;Mafia come M&#8221; che parla delle infiltrazioni a Nord Est. Premiati i temi dei ragazzi delle scuole<\/span><\/p>\n<div id=\"Sezione1\" dir=\"LTR\">\n<p><span style=\"font-size: x-large;\"><b>In 300 all&#8217;incontro in sala Tamis con lo scrittore Francesco Trotta<\/b><\/span><\/p>\n<p>AGORDO. La bussola dell&#8217;impegno ha portato circa 300 persone di tutta la provincia in sala &#8220;don Tamis&#8221; ad Agordo per la serata di gioved\u00ec dedicata alle vittime innocenti delle mafie e all&#8217;approfondimento della criminalit\u00e0 organizzata del Nord-Est. Approfondimento che \u00e8 stato offerto ai tanti ragazzi presenti in sala da Francesco Trotta, giornalista e scrittore dell&#8217;Associazione Cosa Vostra che ha scritto il libro &#8220;Mafia come M. La criminalit\u00e0 organizzata nel nord-est spiegata ai ragazzi&#8221;. Con una grande capacit\u00e0 di variazione del registro, Trotta ha saputo catturare l&#8217;attenzione dei ragazzi ai quali ha cercato di far capire chi \u00e8 oggi il mafioso. Non pi\u00f9 quello della coppola e della lupara, ma il colletto bianco, il professionista che si presenta con fare suadente alla comunit\u00e0 proponendosi come risolutore di problemi. A piccoli e grandi lo scrittore ha ricordato i crimini orrendi contro i minori (108 le vittime innocenti) di cui si \u00e8 macchiata la mafia e ha concluso ricordando la confisca dei beni all&#8217;ex presidente della Regione, Giancarlo Galan, coinvolto nello scandalo del Mose. \u00abPeppino Impastato diceva che la mafia \u00e8 una montagna di merda\u00bb, ha chiuso Trotta, \u00abe allora qui in Veneto la classe dirigente veneta, la societ\u00e0 civile, gli imprenditori, gli avvocati che fanno affari con le mafie che odore hanno?\u00bb. Dopo i libri sulle foibe, \u00e8 quindi &#8220;Mafia come M&#8221; che l&#8217;assessore veneto all&#8217;istruzione, Elena Donazzan (che della giunta Galan faceva parte), potrebbe pensare di regalare alle scuole. Durante la serata sono stati premiati anche gli elaborati del concorso letterario sulle biografie di persone che si sono impegnate al servizio degli altri. Oltre 50 i testi che la giuria, formata da Gabriela De Dea e Antonio Bortoluzzi, ha esaminato e che sono arrivati dalle scuole medie di Domegge e Auronzo, di Castion, Sedico e Sospirolo, Agordo, Cencenighe e Canale d&#8217;Agordo. Don Pino Puglisi, Rita Atria, Giordano Coffen, Giancarlo Siani, Peppino Impastato, Tina Anselmi, Paolo Borsellino, Giovanni Falcone, Lea Garofalo, Peppino Impastato, Ilaria Alpi, Charles Sumner, Langhston Hughes sono alcuni dei nomi su cui si sono concentrati i ragazzi, ma anche don Bruno Soppelsa, sacerdote bellunese impegnato tutt&#8217;oggi in prima persona.<\/p>\n<\/div>\n<p>&nbsp;<\/p>\n<p>&nbsp;<\/p>\n<p>&nbsp;<\/p>\n<p>&nbsp;<\/p>\n<blockquote><p>&nbsp;<\/p><\/blockquote>\n<div id=\"Sezione1\" dir=\"LTR\">\n<p><span style=\"font-size: large;\">Al centro parrocchiale ieri sera<\/span><\/p>\n<\/div>\n<div id=\"Sezione2\" dir=\"LTR\">\n<p><span style=\"font-size: x-large;\"><b>\u00abAgordo grande capitale civile dell&#8217;educazione alla legalit\u00e0\u00bb<\/b><\/span><\/p>\n<p>AGORDO. \u00abOggi Agordo \u00e8 una grande capitale civile dell&#8217;educazione alla legalit\u00e0: grazie all&#8217;intitolazione Peppino Impastato vivr\u00e0 in eterno\u00bb. Lo ha detto ieri sera al centro parrocchiale di Agordo Beppe Giulietti, presidente della Federazione nazionale della stampa italiana, che, assieme a Monica Andolfatto e Ilario Tancon di Assostampa Bellunese, ha accolto l&#8217;invito del Comune, di Libera Belluno e delle scuole a ricordare Peppino Impastato e i giornalisti uccisi dalle mafie e a sostenere quelli che oggi sono sotto scorta (registrazione luned\u00ec alle 20.10 su Radio Pi\u00f9). Impastato era infatti un giornalista che, attraverso la carta stampata e Radio Aut, denunciava e raccontava le attivit\u00e0 mafiose a Cinisi e dintorni. \u00c8 quello che gi\u00e0 dieci anni fa in Veneto faceva Monica Andolfatto, cronista del Gazzettino e segretaria del Sindacato giornalisti del Veneto. Per questo \u00e8 finita nel mirino dei casalesi di Eraclea. A distanza di tempo da quegli articoli in cui raccontava la strana presenza a Eraclea di una colonia di gente di Casal di Principe, Andolfatto ha scoperto che il boss aveva ordinato di spararle. \u00abLa mafia si radica nel silenzio\u00bb, ha detto Andolfatto, \u00abnel fatto che nessuno parla. Il nostro ruolo di giornalisti \u00e8 quello di illuminare le periferie. Oggi dalle risultanze investigative emerge che si \u00e8 passati dalle infiltrazioni mafiose al radicamento: 50 arresti met\u00e0 dei quali di veneti doc che sapevano con chi avevano a che fare. Mai in Veneto si era arrivati a inquinare un voto amministrativo: dalle carte emerge che il sindaco di Eraclea \u00e8 stato eletto con i voti della camorra\u00bb. Tanti i nomi dei giornalisti citati ieri sera tra cui quello di Ilaria Alpi e Miran Hrovatin per cui ancora si attende giustizia. \u00abAvere intitolato un piazzale a Peppino Impastato\u00bb, ha concluso Giulietti che ha anche chiesto a Mattarella di nominare senatore a vita don Luigi Ciotti, \u00abvuol dire averne fatto un maestro di legalit\u00e0, un modello per chi oggi ha 15 anni, un modello che ispira sentimenti positivi di rispetto della persona. Il fratello Giovanni mi ha detto di dirvi che \u00e8 orgoglioso: vi ringrazia e vi invita a Cinisi\u00bb.<\/p>\n<\/div>\n","protected":false},"excerpt":{"rendered":"<p>TAIBON Con questo ultimo contributo si chiude la settimana dedicata al ricordo di Peppino Impastato vittima innocente di mafia, giornalista radiofonico, editore radiofonico d&#8217;inizio era delle radio Libere. Con orgoglio abbiamo dedicato il nostro tempo e spazio a questa vicenda umana. Il grazie a Gianni Santomaso per coma ha saputo proporre la storia di Peppino&hellip;<\/p>\n","protected":false},"author":1,"featured_media":80818,"comment_status":"closed","ping_status":"closed","sticky":false,"template":"","format":"standard","meta":{"_monsterinsights_skip_tracking":false,"_monsterinsights_sitenote_active":false,"_monsterinsights_sitenote_note":"","_monsterinsights_sitenote_category":0,"footnotes":""},"categories":[106,84],"tags":[],"class_list":["post-81047","post","type-post","status-publish","format-standard","has-post-thumbnail","hentry","category-peppino","category-speciali","category-106","category-84","description-off"],"img_url":"https:\/\/www.radiopiu.net\/wordpress\/wp-content\/uploads\/2019\/03\/IMG_20190328_222324.jpg","_links":{"self":[{"href":"https:\/\/www.radiopiu.net\/wordpress\/wp-json\/wp\/v2\/posts\/81047","targetHints":{"allow":["GET"]}}],"collection":[{"href":"https:\/\/www.radiopiu.net\/wordpress\/wp-json\/wp\/v2\/posts"}],"about":[{"href":"https:\/\/www.radiopiu.net\/wordpress\/wp-json\/wp\/v2\/types\/post"}],"author":[{"embeddable":true,"href":"https:\/\/www.radiopiu.net\/wordpress\/wp-json\/wp\/v2\/users\/1"}],"replies":[{"embeddable":true,"href":"https:\/\/www.radiopiu.net\/wordpress\/wp-json\/wp\/v2\/comments?post=81047"}],"version-history":[{"count":0,"href":"https:\/\/www.radiopiu.net\/wordpress\/wp-json\/wp\/v2\/posts\/81047\/revisions"}],"wp:featuredmedia":[{"embeddable":true,"href":"https:\/\/www.radiopiu.net\/wordpress\/wp-json\/wp\/v2\/media\/80818"}],"wp:attachment":[{"href":"https:\/\/www.radiopiu.net\/wordpress\/wp-json\/wp\/v2\/media?parent=81047"}],"wp:term":[{"taxonomy":"category","embeddable":true,"href":"https:\/\/www.radiopiu.net\/wordpress\/wp-json\/wp\/v2\/categories?post=81047"},{"taxonomy":"post_tag","embeddable":true,"href":"https:\/\/www.radiopiu.net\/wordpress\/wp-json\/wp\/v2\/tags?post=81047"}],"curies":[{"name":"wp","href":"https:\/\/api.w.org\/{rel}","templated":true}]}}