{"id":81252,"date":"2019-04-02T06:09:14","date_gmt":"2019-04-02T04:09:14","guid":{"rendered":"http:\/\/www.radiopiu.net\/wordpress\/?p=81252"},"modified":"2019-04-02T14:33:15","modified_gmt":"2019-04-02T12:33:15","slug":"giornale-radiopiu-02-aprile-2019-direttore-mirko-mezzacasa","status":"publish","type":"post","link":"https:\/\/www.radiopiu.net\/wordpress\/giornale-radiopiu-02-aprile-2019-direttore-mirko-mezzacasa\/","title":{"rendered":"GIORNALE RADIOPIU 02 APRILE 2019 DIRETTORE MIRKO MEZZACASA"},"content":{"rendered":"<h1><\/h1>\n<h1><\/h1>\n<h1><\/h1>\n<h2>DALLA UILTEC: ESSILORLUXOTTICA, Premio di risultato oltre i 2300 euro.<\/h2>\n<blockquote class=\"wp-embedded-content\" data-secret=\"NdwYwHzRNE\"><p><a href=\"http:\/\/www.radiopiu.net\/wordpress\/dalla-uiltec-premio-di-risultato-oltre-i-2300-euro\/\">DALLA UILTEC: Premio di risultato oltre i 2300 euro.<\/a><\/p><\/blockquote>\n<p><iframe loading=\"lazy\" class=\"wp-embedded-content\" sandbox=\"allow-scripts\" security=\"restricted\" style=\"position: absolute; clip: rect(1px, 1px, 1px, 1px);\" src=\"http:\/\/www.radiopiu.net\/wordpress\/dalla-uiltec-premio-di-risultato-oltre-i-2300-euro\/embed\/#?secret=NdwYwHzRNE\" data-secret=\"NdwYwHzRNE\" width=\"600\" height=\"338\" title=\"&#8220;DALLA UILTEC: Premio di risultato oltre i 2300 euro.&#8221; &#8212; Radio Pi\u00f9\" frameborder=\"0\" marginwidth=\"0\" marginheight=\"0\" scrolling=\"no\"><\/iframe><\/p>\n<h1><\/h1>\n<p>&nbsp;<\/p>\n<p>&nbsp;<\/p>\n<p>&nbsp;<\/p>\n<h1>OLIMPIADI DAL GOVERNO E&#8217; APPOGGIO TOTALE<\/h1>\n\n\t\t\t<style type='text\/css'>\n\t\t\t\t#gallery-1 {\n\t\t\t\t\tmargin: auto;\n\t\t\t\t}\n\t\t\t\t#gallery-1 .gallery-item {\n\t\t\t\t\tfloat: left;\n\t\t\t\t\tmargin-top: 10px;\n\t\t\t\t\ttext-align: center;\n\t\t\t\t\twidth: 33%;\n\t\t\t\t}\n\t\t\t\t#gallery-1 img {\n\t\t\t\t\tborder: 2px solid #cfcfcf;\n\t\t\t\t}\n\t\t\t\t#gallery-1 .gallery-caption {\n\t\t\t\t\tmargin-left: 0;\n\t\t\t\t}\n\t\t\t\t\/* see gallery_shortcode() in wp-includes\/media.php *\/\n\t\t\t<\/style>\n\t\t<div id='gallery-1' class='dt-gallery-container gallery galleryid-81252 gallery-columns-3 gallery-size-thumbnail'><dl class='gallery-item'>\n\t\t\t\t<dt class='gallery-icon landscape'>\n\t\t\t\t\t<a class=\"rollover\" href='https:\/\/www.radiopiu.net\/wordpress\/giornale-radiopiu-02-aprile-2019-direttore-mirko-mezzacasa\/49e27f83-8c69-4bbd-9f97-4d1bc98fbcfb\/'><img loading=\"lazy\" decoding=\"async\" width=\"150\" height=\"150\" src=\"https:\/\/www.radiopiu.net\/wordpress\/wp-content\/uploads\/2019\/04\/49e27f83-8c69-4bbd-9f97-4d1bc98fbcfb-150x150.jpg\" class=\"attachment-thumbnail size-thumbnail\" alt=\"\" \/><\/a>\n\t\t\t\t<\/dt><\/dl><dl class='gallery-item'>\n\t\t\t\t<dt class='gallery-icon landscape'>\n\t\t\t\t\t<a class=\"rollover\" href='https:\/\/www.radiopiu.net\/wordpress\/giornale-radiopiu-02-aprile-2019-direttore-mirko-mezzacasa\/img_4401\/'><img loading=\"lazy\" decoding=\"async\" width=\"150\" height=\"150\" src=\"https:\/\/www.radiopiu.net\/wordpress\/wp-content\/uploads\/2019\/04\/IMG_4401-150x150.jpg\" class=\"attachment-thumbnail size-thumbnail\" alt=\"\" \/><\/a>\n\t\t\t\t<\/dt><\/dl><dl class='gallery-item'>\n\t\t\t\t<dt class='gallery-icon landscape'>\n\t\t\t\t\t<a class=\"rollover\" href='https:\/\/www.radiopiu.net\/wordpress\/giornale-radiopiu-02-aprile-2019-direttore-mirko-mezzacasa\/dsc01748\/'><img loading=\"lazy\" decoding=\"async\" width=\"150\" height=\"150\" src=\"https:\/\/www.radiopiu.net\/wordpress\/wp-content\/uploads\/2019\/04\/DSC01748-150x150.jpg\" class=\"attachment-thumbnail size-thumbnail\" alt=\"\" \/><\/a>\n\t\t\t\t<\/dt><\/dl><br style=\"clear: both\" \/>\n\t\t\t<\/div>\n\n<p>Ieri a Venezia all&#8217;aeroporto Luca Zaia ha salutato in romeno Octavian Morariu il presidente della commissione Cio che valuter\u00e0 la candidatura olimpica 2026. Da oggi via alle ispezioni<\/p>\n<p><strong>DALLA CONFERENZA STAMPA IL GOVERNATORE LUCA ZAIA<\/strong><\/p>\n<audio class=\"wp-audio-shortcode\" id=\"audio-81252-1\" preload=\"none\" style=\"width: 100%;\" controls=\"controls\"><source type=\"audio\/mpeg\" src=\"http:\/\/www.radiopiu.net\/wordpress\/wp-content\/uploads\/2019\/04\/zaia.mp3?_=1\" \/><a href=\"http:\/\/www.radiopiu.net\/wordpress\/wp-content\/uploads\/2019\/04\/zaia.mp3\">http:\/\/www.radiopiu.net\/wordpress\/wp-content\/uploads\/2019\/04\/zaia.mp3<\/a><\/audio>\n<p>&nbsp;<\/p>\n<p>&nbsp;<\/p>\n<p>&nbsp;<\/p>\n<p>&nbsp;<\/p>\n<p>&nbsp;<\/p>\n<blockquote>\n<p align=\"JUSTIFY\"><em><span style=\"font-family: Arial, sans-serif;\"><a class=\"dt-pswp-item\" href=\"http:\/\/www.radiopiu.net\/wordpress\/wp-content\/uploads\/2018\/08\/ACQUA.jpeg\" data-dt-img-description=\"\" data-large_image_width=\"1280\" data-large_image_height=\"768\"><img loading=\"lazy\" decoding=\"async\" class=\"wp-image-57052 alignleft\" src=\"http:\/\/www.radiopiu.net\/wordpress\/wp-content\/uploads\/2018\/08\/ACQUA.jpeg\" alt=\"\" width=\"199\" height=\"119\" srcset=\"https:\/\/www.radiopiu.net\/wordpress\/wp-content\/uploads\/2018\/08\/ACQUA.jpeg 1280w, https:\/\/www.radiopiu.net\/wordpress\/wp-content\/uploads\/2018\/08\/ACQUA-300x180.jpeg 300w, https:\/\/www.radiopiu.net\/wordpress\/wp-content\/uploads\/2018\/08\/ACQUA-768x461.jpeg 768w, https:\/\/www.radiopiu.net\/wordpress\/wp-content\/uploads\/2018\/08\/ACQUA-1024x614.jpeg 1024w\" sizes=\"auto, (max-width: 199px) 100vw, 199px\" \/><\/a>Gestione Servizi Pubblici informa che a Livinallongo del Col di Lana in localit\u00e0 Livin\u00e8 l&#8217;acqua erogata dall&#8217;acquedotto non \u00e8 potabile e pu\u00f2 essere usata per scopi alimentari solo previa bollitura<\/span><\/em><\/p>\n<\/blockquote>\n<p><strong>Per lavori alla rete idrica comunale OGGI\u00a0 dalle 9 a fine lavori\u00a0 verr\u00e0 sospesa l\u2019erogazione dell\u2019acqua a VOLTAGO AGORDINO, in localit\u00e0 FRASSENE&#8217; in V.LE DELLA VITTORIA e VIA VICH. <\/strong><\/p>\n<p>&nbsp;<\/p>\n<p><strong><a class=\"dt-pswp-item\" href=\"http:\/\/www.radiopiu.net\/wordpress\/wp-content\/uploads\/2018\/09\/viabilita.jpeg\" data-dt-img-description=\"\" data-large_image_width=\"800\" data-large_image_height=\"100\"><img loading=\"lazy\" decoding=\"async\" class=\"wp-image-61954 alignleft\" src=\"http:\/\/www.radiopiu.net\/wordpress\/wp-content\/uploads\/2018\/09\/viabilita.jpeg\" alt=\"\" width=\"185\" height=\"23\" srcset=\"https:\/\/www.radiopiu.net\/wordpress\/wp-content\/uploads\/2018\/09\/viabilita.jpeg 800w, https:\/\/www.radiopiu.net\/wordpress\/wp-content\/uploads\/2018\/09\/viabilita-300x38.jpeg 300w, https:\/\/www.radiopiu.net\/wordpress\/wp-content\/uploads\/2018\/09\/viabilita-768x96.jpeg 768w\" sizes=\"auto, (max-width: 185px) 100vw, 185px\" \/><\/a>GOSALDO SOSPIROLO\u00a0<\/strong> Nei giorni 3-4 aprile strada provinciale del Mis chiusa dalle 8 alle 12 e dalle 13.30 alle 17.30 tra la localit\u00e0 Pascoli e Pian Falcina. Da oggi\u00a0 al 5 aprile nei giorni non interessati alla chiusura senso unico alternato regolato da semaforo.<\/p>\n<p><strong>CENCENIGHE<\/strong> Fino al 5 aprile dalle 8 alle 17 senso unico alternato e possibili interruzioni totali fino a 10 minuti lungo la regionale 203 agordina\u00a0 in prossimit\u00e0 di Cencenighe.<\/p>\n<p>&nbsp;<\/p>\n<p>&nbsp;<\/p>\n<p>&nbsp;<\/p>\n<h2 class=\"entry-title\">3 FAMIGLIE DI ALTRETTANTE ABITAZIONI (SU 5) FANNO RITORNO A CASA DOPO L\u2019EVACUAZIONE PER IL MASSO DI BRIES<\/h2>\n<p><strong><a class=\"dt-pswp-item\" href=\"http:\/\/www.radiopiu.net\/wordpress\/wp-content\/uploads\/2019\/02\/479229ec-10a7-4a0d-80e8-6aa3434c1915.jpg\" data-dt-img-description=\"\" data-large_image_width=\"900\" data-large_image_height=\"1600\"><img loading=\"lazy\" decoding=\"async\" class=\"wp-image-77670 alignleft\" src=\"http:\/\/www.radiopiu.net\/wordpress\/wp-content\/uploads\/2019\/02\/479229ec-10a7-4a0d-80e8-6aa3434c1915-576x1024.jpg\" alt=\"\" width=\"178\" height=\"316\" srcset=\"https:\/\/www.radiopiu.net\/wordpress\/wp-content\/uploads\/2019\/02\/479229ec-10a7-4a0d-80e8-6aa3434c1915-576x1024.jpg 576w, https:\/\/www.radiopiu.net\/wordpress\/wp-content\/uploads\/2019\/02\/479229ec-10a7-4a0d-80e8-6aa3434c1915-169x300.jpg 169w, https:\/\/www.radiopiu.net\/wordpress\/wp-content\/uploads\/2019\/02\/479229ec-10a7-4a0d-80e8-6aa3434c1915-768x1365.jpg 768w, https:\/\/www.radiopiu.net\/wordpress\/wp-content\/uploads\/2019\/02\/479229ec-10a7-4a0d-80e8-6aa3434c1915.jpg 900w\" sizes=\"auto, (max-width: 178px) 100vw, 178px\" \/><\/a><\/strong><\/p>\n<p>&nbsp;<\/p>\n<p><strong>AGORDO<\/strong> I sessanta giorni lavorativi non sono trascorsi, ma da oggi 3 famiglie rientreranno nelle loro abitazioni a Bries di Agordo, si tratta delle tre abitazioni sulla sinistra venendo da Agordo dopo la centrale Enel, finalmente porte aperte anche nell\u2019attivit\u00e0 artigianale-commerciale di Andrea Da Ronch. Per altre due abitazioni ancora qualche giorno di attesa. La casa della famiglia Tormen tra l\u2019altro ha riscontrato anche dei danni alla rete fognaria e alle reti tecnologiche che saranno ripristinate. Solo successivamente ci sar\u00e0 la riapertura della regionale 203 agordina tra Agordo e Taibon chiusa dallo scorso 1 febbraio. Prevista una deroga per l\u2019attivit\u00e0 della famiglia Case, che potr\u00e0 accedere a piazzali e locali. La notizia \u00e8 stata data dal sindaco di Agordo, Sisto Da Roit che non ha mancato di ringraziare la Provincia per come hanno rispettato i tempi e condotto i lavori.<\/p>\n<p>&nbsp;<\/p>\n<p><strong>IL SINDACO SISTO DA ROIT<\/strong><\/p>\n<audio class=\"wp-audio-shortcode\" id=\"audio-81252-2\" preload=\"none\" style=\"width: 100%;\" controls=\"controls\"><source type=\"audio\/mpeg\" src=\"http:\/\/www.radiopiu.net\/wordpress\/wp-content\/uploads\/2019\/04\/SISTO-DA-ROIT.mp3?_=2\" \/><a href=\"http:\/\/www.radiopiu.net\/wordpress\/wp-content\/uploads\/2019\/04\/SISTO-DA-ROIT.mp3\">http:\/\/www.radiopiu.net\/wordpress\/wp-content\/uploads\/2019\/04\/SISTO-DA-ROIT.mp3<\/a><\/audio>\n<p>&nbsp;<\/p>\n<p>&nbsp;<\/p>\n<p>&nbsp;<\/p>\n<h2>LA CENTRALINA SUL LIERA? MEGLIO SCORDARSELA DOPO VAIA<\/h2>\n<blockquote>\n<h3><strong><em>Una difesa a pugni chiusi di un intero paese, un no secco dal comitato presieduto da Giulia Fiocco. Gli agordini non ne possono pi\u00f9 e invitano la Dolomiti derivazioni srl\u00a0 a fare un passo indietro<\/em><\/strong><\/h3>\n<p><a class=\"dt-pswp-item\" href=\"http:\/\/www.radiopiu.net\/wordpress\/wp-content\/uploads\/2019\/04\/WhatsApp-Image-2019-04-01-at-15.53.18-1.jpeg\" data-dt-img-description=\"\" data-large_image_width=\"1599\" data-large_image_height=\"899\"><img loading=\"lazy\" decoding=\"async\" class=\"alignnone size-large wp-image-81308\" src=\"http:\/\/www.radiopiu.net\/wordpress\/wp-content\/uploads\/2019\/04\/WhatsApp-Image-2019-04-01-at-15.53.18-1-1024x576.jpeg\" alt=\"\" width=\"1024\" height=\"576\" srcset=\"https:\/\/www.radiopiu.net\/wordpress\/wp-content\/uploads\/2019\/04\/WhatsApp-Image-2019-04-01-at-15.53.18-1-1024x576.jpeg 1024w, https:\/\/www.radiopiu.net\/wordpress\/wp-content\/uploads\/2019\/04\/WhatsApp-Image-2019-04-01-at-15.53.18-1-300x169.jpeg 300w, https:\/\/www.radiopiu.net\/wordpress\/wp-content\/uploads\/2019\/04\/WhatsApp-Image-2019-04-01-at-15.53.18-1-768x432.jpeg 768w, https:\/\/www.radiopiu.net\/wordpress\/wp-content\/uploads\/2019\/04\/WhatsApp-Image-2019-04-01-at-15.53.18-1.jpeg 1599w\" sizes=\"auto, (max-width: 1024px) 100vw, 1024px\" \/><\/a><\/p><\/blockquote>\n<p><strong>CANALE<\/strong> La centrale idroelettrica sul Liera per un intero paese deve rimanere sulle carte, un&#8217;idea, un progetto ma niente di pi\u00f9. Lo hanno detto i cittadini del paese i veri custodi del territorio ed anche il sindaco Flavio Colcergnan. Un no secco agli ingegneri dello studio Zollet mandati in Valle del Biois a presentare il progetto idroelettrico, ennesimo per lo sfruttamento del bene idrico della montagna. La Dolomiti Derivazioni ha incassato il &#8220;muso duro&#8221; di un paese intuendo che\u00a0 Canale d&#8217;Agordo e in Valle del Biois non \u00e8 per nulla gradita. La tempesta Vaia ha cambiato gli equilibri, ha sconvolto i greti dei torrenti, a Canale c&#8217;\u00e8 gi\u00e0 una centralina, basta e avanza.<\/p>\n<p><strong><a class=\"dt-pswp-item\" href=\"http:\/\/www.radiopiu.net\/wordpress\/wp-content\/uploads\/2019\/04\/WhatsApp-Image-2019-04-01-at-15.53.31-1.jpeg\" data-dt-img-description=\"\" data-large_image_width=\"1599\" data-large_image_height=\"899\"><img loading=\"lazy\" decoding=\"async\" class=\"alignnone size-large wp-image-81309\" src=\"http:\/\/www.radiopiu.net\/wordpress\/wp-content\/uploads\/2019\/04\/WhatsApp-Image-2019-04-01-at-15.53.31-1-1024x576.jpeg\" alt=\"\" width=\"1024\" height=\"576\" srcset=\"https:\/\/www.radiopiu.net\/wordpress\/wp-content\/uploads\/2019\/04\/WhatsApp-Image-2019-04-01-at-15.53.31-1-1024x576.jpeg 1024w, https:\/\/www.radiopiu.net\/wordpress\/wp-content\/uploads\/2019\/04\/WhatsApp-Image-2019-04-01-at-15.53.31-1-300x169.jpeg 300w, https:\/\/www.radiopiu.net\/wordpress\/wp-content\/uploads\/2019\/04\/WhatsApp-Image-2019-04-01-at-15.53.31-1-768x432.jpeg 768w, https:\/\/www.radiopiu.net\/wordpress\/wp-content\/uploads\/2019\/04\/WhatsApp-Image-2019-04-01-at-15.53.31-1.jpeg 1599w\" sizes=\"auto, (max-width: 1024px) 100vw, 1024px\" \/><\/a>L&#8217;INTERVENTO\u00a0 DI FLAVIO COLCERGNAN SINDACO DI CANALE D&#8217;AGORDO, IL NO SECCO DEL PRIMO CITTADINO<\/strong><\/p>\n<audio class=\"wp-audio-shortcode\" id=\"audio-81252-3\" preload=\"none\" style=\"width: 100%;\" controls=\"controls\"><source type=\"audio\/mpeg\" src=\"http:\/\/www.radiopiu.net\/wordpress\/wp-content\/uploads\/2019\/04\/FLAVIO-1.mp3?_=3\" \/><a href=\"http:\/\/www.radiopiu.net\/wordpress\/wp-content\/uploads\/2019\/04\/FLAVIO-1.mp3\">http:\/\/www.radiopiu.net\/wordpress\/wp-content\/uploads\/2019\/04\/FLAVIO-1.mp3<\/a><\/audio>\n<p>&nbsp;<\/p>\n<p>&nbsp;<\/p>\n<p>&nbsp;<\/p>\n<p>&nbsp;<\/p>\n<h2>ARRESTATO PER SPACCIO, OPERAZIONE DELLA MOBILE IN CASA DI UN INSOSPETTABILE<\/h2>\n<p><strong><a class=\"dt-pswp-item\" href=\"http:\/\/www.radiopiu.net\/wordpress\/wp-content\/uploads\/2018\/07\/image1.jpeg\" data-dt-img-description=\"\" data-large_image_width=\"259\" data-large_image_height=\"194\"><img loading=\"lazy\" decoding=\"async\" class=\"size-full wp-image-54495 alignleft\" src=\"http:\/\/www.radiopiu.net\/wordpress\/wp-content\/uploads\/2018\/07\/image1.jpeg\" alt=\"\" width=\"259\" height=\"194\" \/><\/a>BELLUNO<\/strong> Un trentunenne bellunese, operaio di professione senza precedenti \u00e8 stato arrestato dagli uomini della Mobile, arresto convalidato dal Giudice per le indagini preliminari. L&#8217;intervento della Polizia su ordine della Procura di Belluno (Sostituto Procuratore Marco Faion) il blitz in un appartamento a Belluno. Il giovane \u00e8 stato arrestato poich\u00e9 in casa aveva\u00a0 ingenti quantitativi di cocaina e hashish.Inizialmente gli operatori di polizia hanno trovato in casa pi\u00f9 di etto di cocaina (del valore di 8.000 -10.000 euro), di ottima qualit\u00e0 e successivamente, all\u2019interno di una lavatrice, il cane antidroga \u201cZeus\u201d ha fiutato oltre 8 etti di hashish, abilmente nascosti tra i panni sporchi. Trovato anche materiale per il confezionamento e bilancini. E\u2019 stata denunciata una seconda persona per detenzione e spaccio di sostanze stupefacenti e nei prossimi giorni verranno sentiti i &#8220;clienti&#8221;\u00a0 nel giro di spaccio gestito dai due soggetti.<\/p>\n<p>&nbsp;<\/p>\n<p>&nbsp;<\/p>\n<p>&nbsp;<\/p>\n<h3><a class=\"dt-pswp-item\" href=\"http:\/\/www.radiopiu.net\/wordpress\/wp-content\/uploads\/2016\/08\/carabinieri-6-2.jpg\" data-dt-img-description=\"\" data-large_image_width=\"1000\" data-large_image_height=\"681\"><img loading=\"lazy\" decoding=\"async\" class=\"wp-image-22568 alignleft\" src=\"http:\/\/www.radiopiu.net\/wordpress\/wp-content\/uploads\/2016\/08\/carabinieri-6-2.jpg\" alt=\"\" width=\"233\" height=\"159\" \/><\/a>GIOSTRAIO IN CARCERE PER RESIDUO DI PENA DA SCONTARE<\/h3>\n<p><strong>BELLUNO:<\/strong> I carabinieri del nucleo investigativo di Belluno hanno rintracciato e tratto in arresto Ermes Rossetto, 55 anni\u00a0 residente a Roncade (TV) giostraio di professione. Nel carcere di Treviso dove \u00e8 stato condotto deve scontare due mesi di reclusione per furti in abitazione commessi nel\u00a0 2015\u00a0 a Ponte nelle Alpi e Seren del Grappa.<\/p>\n<p>&nbsp;<\/p>\n<p>&nbsp;<\/p>\n<p>&nbsp;<\/p>\n<h2>FURTO A TAMBRE<\/h2>\n<p><strong>ALPAGO<\/strong> Sono entrati in casa in frazione Sant&#8217;Anna mentre i proprietari erano usciti per una passeggiata, rubate borse, contanti e portafogli per almeno 500 euro. E&#8217; successo domenica pomeriggio in un&#8217;abitazione di turisti originari di Vittorio Veneto \u00a0Del caso si stanno occupando i carabinieri della stazione dove \u00e8 stata presentata la denuncia e che hanno effettuato i primi accertamenti e rilievi.<\/p>\n<p>&nbsp;<\/p>\n<p>&nbsp;<\/p>\n<h1>QUEST&#8217;ANNO NIENTE FESTA DEI ZUCHER<\/h1>\n<p><strong><a class=\"dt-pswp-item\" href=\"http:\/\/www.radiopiu.net\/wordpress\/wp-content\/uploads\/2019\/04\/56468224_786741888362388_3015907468107579392_n.jpg\" data-dt-img-description=\"\" data-large_image_width=\"960\" data-large_image_height=\"720\"><img loading=\"lazy\" decoding=\"async\" class=\"alignnone size-full wp-image-81291\" src=\"http:\/\/www.radiopiu.net\/wordpress\/wp-content\/uploads\/2019\/04\/56468224_786741888362388_3015907468107579392_n.jpg\" alt=\"\" width=\"960\" height=\"720\" srcset=\"https:\/\/www.radiopiu.net\/wordpress\/wp-content\/uploads\/2019\/04\/56468224_786741888362388_3015907468107579392_n.jpg 960w, https:\/\/www.radiopiu.net\/wordpress\/wp-content\/uploads\/2019\/04\/56468224_786741888362388_3015907468107579392_n-300x225.jpg 300w, https:\/\/www.radiopiu.net\/wordpress\/wp-content\/uploads\/2019\/04\/56468224_786741888362388_3015907468107579392_n-768x576.jpg 768w\" sizes=\"auto, (max-width: 960px) 100vw, 960px\" \/><\/a>TAIBON<\/strong> Tra le conseguenze di Vaia anche l&#8217;annullamento della festa dei Zucher, in Val Corpassa infatti l&#8217;acqua e le frane hanno danneggiato l&#8217;area adibita a festa ed a campo del ghiaccio. Ne ha dato notizia l&#8217;organizzazione con un messaggio in facebook<\/p>\n<blockquote><p>&#8220;<em>Con grande dispiacere comunichiamo che purtroppo quest&#8217;anno la Festa dei Zuch\u00e8r non si svolger\u00e0. Il piazzale che ci ha ospitato in questi 13 anni ha subito grossi danni con l&#8217;alluvione, come si vede dalle foto scattate pochi giorni dopo il 29 ottobre. L&#8217;ente competente di effettuare i lavori, che non \u00e8 il Comune di Taibon come si potrebbe di logica pensare, non ci pu\u00f2 dare garanzia assoluta di ripristinare il piazzale in tempi utili a permetterci di organizzare al meglio il tendone. Da qui, dopo attenta valutazione di alternative che purtroppo non abbiamo, la sofferta decisione di non fare la festa quest&#8217; anno.Ringraziando il nostro staff, i nostri sponsor e tutti i nostri clienti per queste 13 edizioni vissute insieme, ci auguriamo di poter riprendere pi\u00f9 carichi di prima con l edizione 2020!<\/em><\/p><\/blockquote>\n<p>&nbsp;<\/p>\n<p>&nbsp;<\/p>\n<p>&nbsp;<\/p>\n<p>&nbsp;<\/p>\n<h2>AUTISMO:\u00a0 GIORNATA MONDIALE, ASSESSORE VENETO, \u201cSOSTEGNO ALLE FAMIGLIE<\/h2>\n<p><strong>VENEZIA\u00a0<\/strong> Oggi, giornata mondiale dedicata alla consapevolezza sull\u2019autismo, l\u2019assessore regionale alla sanit\u00e0 e al sociale confermer\u00e0 l\u2019impegno della Regione Veneto ad intensificare l\u2019organizzazione dei servizi per i disturbi dello spettro autistico e a potenziare le esperienze di sostegno alle famiglie partecipando a due diverse iniziative, a Verona e Treviso. <em>\u201cLa Giornata mondiale sull\u2019autismo &#8211; sottolinea l\u2019assessore \u2013 \u00e8 occasione per affrontare in modo pi\u00f9 diretto e consapevole una patologia ancora invisibile, e per certi versi misteriosa, ma in crescita costante. Siamo tutti consapevoli che sul tema c\u2019\u00e8 ancora molta strada da fare, dalla diagnosi precoce ai percorsi di presa in carico e inserimento lavorativo. Ma l\u2019attenzione specifica garantita dalla Regione Veneto, che ha istituito due centri regionali di riferimento per infanzia\/adolescenza ed et\u00e0 adulta e un tavolo regionale di confronto e progettazione e che sostiene il Coordinamento Autismo Veneto e le iniziative spontanee del terzo settore, indica la prospettiva di lavoro: fare ancor pi\u00f9 rete tra i servizi e far sentire le famiglie meno sole nell\u2019affrontare le mille difficolt\u00e0 di una disabilit\u00e0 invisibile che isola e crea barriere, anche nelle relazioni primarie\u201d.<\/em><\/p>\n<p>&nbsp;<\/p>\n<p>&nbsp;<\/p>\n<p>&nbsp;<\/p>\n<p>&nbsp;<\/p>\n<p>&nbsp;<\/p>\n<h2>SICCIT\u00c0: REGIONE VENETO PRESENTA PIANO INTERVENTI 2019 &#8211;<\/h2>\n<p><strong>VENEZIA<\/strong> Oggi l\u2019assessore regionale all\u2019agricoltura e alla bonifica presenta, insieme ai Consorzi di bonifica del Veneto, il piano degli interventi anti-siccit\u00e0 2019. Il piano, del valore di oltre 160 milioni di euro, rappresenta l\u2019intervento pi\u00f9 cospicuo degli ultimi dieci anni in materia irrigua e di bonifica e prevede un\u2019ampia gamma interventi su invasi, condotte, impianti irrigui e barriere al cuneo salino. Sono gi\u00e0 24 i cantieri attivati in sei province venete. I dati sull\u2019emergenza siccit\u00e0 in agricoltura e sulla portata irrigua dei corsi d\u2019acqua, nonch\u00e8 la mappa degli interventi finanziati dalla Regione Veneto e affidati agli 11 Consorzi di bonifica veneti, vengono presentati a palazzo Balbi, Sala Pedenin.<\/p>\n<p>&nbsp;<\/p>\n<p>&nbsp;<\/p>\n<p>&nbsp;<\/p>\n<p>&nbsp;<\/p>\n<h1>NEVE? POCA<\/h1>\n<p><a class=\"dt-pswp-item\" href=\"http:\/\/www.radiopiu.net\/wordpress\/wp-content\/uploads\/2019\/04\/WhatsApp-Image-2019-04-01-at-11.35.48.jpeg\" data-dt-img-description=\"\" data-large_image_width=\"1599\" data-large_image_height=\"799\"><img loading=\"lazy\" decoding=\"async\" class=\"alignnone size-large wp-image-81274\" src=\"http:\/\/www.radiopiu.net\/wordpress\/wp-content\/uploads\/2019\/04\/WhatsApp-Image-2019-04-01-at-11.35.48-1024x512.jpeg\" alt=\"\" width=\"1024\" height=\"512\" srcset=\"https:\/\/www.radiopiu.net\/wordpress\/wp-content\/uploads\/2019\/04\/WhatsApp-Image-2019-04-01-at-11.35.48-1024x512.jpeg 1024w, https:\/\/www.radiopiu.net\/wordpress\/wp-content\/uploads\/2019\/04\/WhatsApp-Image-2019-04-01-at-11.35.48-300x150.jpeg 300w, https:\/\/www.radiopiu.net\/wordpress\/wp-content\/uploads\/2019\/04\/WhatsApp-Image-2019-04-01-at-11.35.48-768x384.jpeg 768w, https:\/\/www.radiopiu.net\/wordpress\/wp-content\/uploads\/2019\/04\/WhatsApp-Image-2019-04-01-at-11.35.48.jpeg 1599w\" sizes=\"auto, (max-width: 1024px) 100vw, 1024px\" \/><\/a>La sensazione era evidente visto l&#8217;inverno che si sta per concludere ma solo i dati dell&#8217;Arpav rendono l&#8217;idea di quanto poco \u00e8 nevicato rispetto ad un anno fa. A Malga Losch ad esempio sono caduti 320 cm di neve rispetto agli 840 dell&#8217;anno prima, sempre di pi\u00f9 di due anni fa (320) ma sotto la media delle ultime cinque stagioni considerando i 430 centimetri del 2015 e 2016. Il record gli ultimi 10 anni sono gli 863 centimetri del 2014.<\/p>\n<p>&nbsp;<\/p>\n<p>&nbsp;<\/p>\n<p>&nbsp;<\/p>\n<p>&nbsp;<\/p>\n<h2>NUOVI BANDI PER IL FELTRINO NELLE ATTIVITA&#8217; AGRICOLE<\/h2>\n<p><strong><a class=\"dt-pswp-item\" href=\"http:\/\/www.radiopiu.net\/wordpress\/wp-content\/uploads\/2019\/04\/2.jpg\" data-dt-img-description=\"\" data-large_image_width=\"3264\" data-large_image_height=\"1836\"><img loading=\"lazy\" decoding=\"async\" class=\"alignnone size-large wp-image-81269\" src=\"http:\/\/www.radiopiu.net\/wordpress\/wp-content\/uploads\/2019\/04\/2-1024x576.jpg\" alt=\"\" width=\"1024\" height=\"576\" srcset=\"https:\/\/www.radiopiu.net\/wordpress\/wp-content\/uploads\/2019\/04\/2-1024x576.jpg 1024w, https:\/\/www.radiopiu.net\/wordpress\/wp-content\/uploads\/2019\/04\/2-300x169.jpg 300w, https:\/\/www.radiopiu.net\/wordpress\/wp-content\/uploads\/2019\/04\/2-768x432.jpg 768w\" sizes=\"auto, (max-width: 1024px) 100vw, 1024px\" \/><\/a>FELTRE<\/strong> Appuntamento, gioved\u00ec\u00a0 alle 15.30 presso la Sala Consiglio dell\u2019Unione Montana Feltrina per la terza data di presentazione dei due nuovi bandi messi a punto dal Gal Prealpi e Dolomiti. L&#8217;incontro pubblico \u00e8 finalizzato ad illustrare i bandi &#8211; pubblicati il 22 febbraio scorso &#8211; relativi alla &#8220;Creazione e sviluppo della diversificazione delle imprese agricole&#8221; e alla \u201cCreazione e sviluppo di attivit\u00e0 extra-agricole nelle aree rurali&#8221;. Vale la pena ricordare che il primo bando \u00e8 rivolto ad imprese agricole che intendono ampliare e diversificare la propria attivit\u00e0 nell\u2019ambito, ad esempio, della trasformazione di prodotti agricoli in non agricoli, nella creazione di fattorie didattiche o sociali, nell\u2019ospitalit\u00e0 agrituristica e nel turismo rurale o, ancora, nei servizi ambientali per la cura e la manutenzione di spazi non agricoli.\u00a0 La seconda misura riguarda invece le micro e le piccole imprese non agricole, ma anche le persone fisiche ancora non titolari di partita IVA, che intendano cimentarsi nella creazione e nello sviluppo di attivit\u00e0 nelle aree rurali rivolte, principalmente, alla dimensione dell\u2019accoglienza turistica.\u00a0 La dotazione finanziaria complessiva delle due iniziative \u00e8 pari ad 1 milione e 600 mila euro, con un contributo agli investimenti nell\u2019ordine del 50% della spesa sostenuta.<\/p>\n<p><strong>Ai microfoni di RADIO PIU Matteo Aguanno, direttore del Gal Prealpi e Dolomiti.<\/strong><\/p>\n<audio class=\"wp-audio-shortcode\" id=\"audio-81252-4\" preload=\"none\" style=\"width: 100%;\" controls=\"controls\"><source type=\"audio\/mpeg\" src=\"http:\/\/www.radiopiu.net\/wordpress\/wp-content\/uploads\/2019\/04\/aguanno.mp3?_=4\" \/><a href=\"http:\/\/www.radiopiu.net\/wordpress\/wp-content\/uploads\/2019\/04\/aguanno.mp3\">http:\/\/www.radiopiu.net\/wordpress\/wp-content\/uploads\/2019\/04\/aguanno.mp3<\/a><\/audio>\n<p>Per ogni approfondimento, i bandi e il materiale presentato durante gli incontri sono pubblicati nel sito internet www.galprealpidolomiti.it sezione bandi pubblici.<\/p>\n<p>&nbsp;<\/p>\n<p>&nbsp;<\/p>\n<p>&nbsp;<\/p>\n<p>&nbsp;<\/p>\n<h2><a class=\"dt-pswp-item\" href=\"http:\/\/www.radiopiu.net\/wordpress\/wp-content\/uploads\/2015\/12\/rifiuti-discarica.jpg\" data-dt-img-description=\"\" data-large_image_width=\"600\" data-large_image_height=\"399\"><img loading=\"lazy\" decoding=\"async\" class=\"wp-image-13735 alignleft\" src=\"http:\/\/www.radiopiu.net\/wordpress\/wp-content\/uploads\/2015\/12\/rifiuti-discarica.jpg\" alt=\"\" width=\"212\" height=\"141\" \/><\/a><\/h2>\n<h2><\/h2>\n<h2>RACCOLTA RIFIUTI, TARIFFE OMOGENEE PER LA PROVINCIA, CONSIGLIO DI BACINO AL LAVORO<\/h2>\n<p><strong>DI DAMIANO TORMEN<\/strong><\/p>\n<audio class=\"wp-audio-shortcode\" id=\"audio-81252-5\" preload=\"none\" style=\"width: 100%;\" controls=\"controls\"><source type=\"audio\/mpeg\" src=\"http:\/\/www.radiopiu.net\/wordpress\/wp-content\/uploads\/2019\/04\/DAMIANO.mp3?_=5\" \/><a href=\"http:\/\/www.radiopiu.net\/wordpress\/wp-content\/uploads\/2019\/04\/DAMIANO.mp3\">http:\/\/www.radiopiu.net\/wordpress\/wp-content\/uploads\/2019\/04\/DAMIANO.mp3<\/a><\/audio>\n<p>&nbsp;<\/p>\n<p>&nbsp;<\/p>\n<p>&nbsp;<\/p>\n<p>&nbsp;<\/p>\n<blockquote>\n<h2>PROVE TECNICHE DI DESIGN:\u00a0 IL LICEO ARTISTICO VALBOITE A CERTOTTICA PER \u201cSCEGLIERE IL FUTURO\u201d<\/h2>\n<\/blockquote>\n<p><strong><a class=\"dt-pswp-item\" href=\"http:\/\/www.radiopiu.net\/wordpress\/wp-content\/uploads\/2019\/04\/IMG_4910.jpg\" data-dt-img-description=\"\" data-large_image_width=\"1024\" data-large_image_height=\"768\"><img loading=\"lazy\" decoding=\"async\" class=\"wp-image-81256 alignleft\" src=\"http:\/\/www.radiopiu.net\/wordpress\/wp-content\/uploads\/2019\/04\/IMG_4910-1024x768.jpg\" alt=\"\" width=\"274\" height=\"206\" srcset=\"https:\/\/www.radiopiu.net\/wordpress\/wp-content\/uploads\/2019\/04\/IMG_4910.jpg 1024w, https:\/\/www.radiopiu.net\/wordpress\/wp-content\/uploads\/2019\/04\/IMG_4910-300x225.jpg 300w, https:\/\/www.radiopiu.net\/wordpress\/wp-content\/uploads\/2019\/04\/IMG_4910-768x576.jpg 768w\" sizes=\"auto, (max-width: 274px) 100vw, 274px\" \/><\/a>LONGARONE<\/strong>\u00a0 Come esprimere la propria ispirazione nella creazione di un occhiale: questo il tema del laboratorio di sketch a mano libera tenuto in Certottica da Andrea Finotti, Responsabile prototipi e processo di design dell\u2019occhiale della cadorina Frameworks. Allievi d\u2019eccezione, i ragazzi del liceo artistico del Polo Valboite di Cortina che, dopo aver visitato l\u2019Ufficio Prodotto e Prototipia di De Rigo Vision, muniti di pennarelli e matite, hanno creato i propri modelli. Continuano cos\u00ec le iniziative del Progetto \u201cScelgo il mio futuro\u201d &#8211; finanziato dalla Regione del Veneto, e capitanato dal Liceo Dal Piaz e dalla rete provinciale di orientamento Bellunorienta \u2013 che vedono Certottica parte attiva nelle attivit\u00e0 rivolte agli studenti bellunesi con la finalit\u00e0 di supportarli nella scelta consapevole dei percorsi di studio o professionali. L\u2019Area Formazione dell\u2019Istituto di Longarone ha, infatti, il compito di organizzare laboratori di orientamento e giornate di filiera, finalizzati a far conoscere agli studenti degli ultimi due anni delle superiori il mondo dell\u2019occhiale e l\u2019offerta formativa dell\u2019Academy in Design e Tecnica dell\u2019occhiale. Da febbraio, gli allievi sono <a class=\"dt-pswp-item\" href=\"http:\/\/www.radiopiu.net\/wordpress\/wp-content\/uploads\/2019\/04\/IMG_9795.jpg\" data-dt-img-description=\"\" data-large_image_width=\"1024\" data-large_image_height=\"768\"><img loading=\"lazy\" decoding=\"async\" class=\"wp-image-81255 alignright\" src=\"http:\/\/www.radiopiu.net\/wordpress\/wp-content\/uploads\/2019\/04\/IMG_9795-1024x768.jpg\" alt=\"\" width=\"234\" height=\"176\" srcset=\"https:\/\/www.radiopiu.net\/wordpress\/wp-content\/uploads\/2019\/04\/IMG_9795.jpg 1024w, https:\/\/www.radiopiu.net\/wordpress\/wp-content\/uploads\/2019\/04\/IMG_9795-300x225.jpg 300w, https:\/\/www.radiopiu.net\/wordpress\/wp-content\/uploads\/2019\/04\/IMG_9795-768x576.jpg 768w\" sizes=\"auto, (max-width: 234px) 100vw, 234px\" \/><\/a>stati coinvolti in esperienze laboratoriali di progettazione grafica o tecnica dell\u2019occhiale, a seconda dell\u2019indirizzo di studi, toccando con mano come si approccia ad un progetto di ideazione e progettazione dell\u2019occhiale, con possibilit\u00e0 di focus sulla stampante 3D.\u00a0 Per capirci, le classi ad indirizzo occhialeria e meccanica dell\u2019ITI Segato di Belluno sono stati protagonisti del processo di progettazione dell\u2019occhiale con Fabrizio Pradal, consulente per la progettazione e l\u2019innovazione di molte imprese del settore, al quale \u00e8 seguita la visita al reparto industrializzazione di Thelios. \u201cRingrazio per queste iniziative \u2013 ha commentato la Responsabile dell\u2019Area, Simona Agnoli &#8211; i formatori che, provenendo dal mondo dell\u2019impresa, trasferiscono agli studenti tecniche e modalit\u00e0 lavorative proprie del contesto aziendale, le aziende del settore occhialeria, che ci aprono le porte per le visite ai reparti, e le scuole, che sempre con pi\u00f9 entusiasmo partecipano a questi momenti di scambio\u201d.<\/p>\n<p>&nbsp;<\/p>\n<p>&nbsp;<\/p>\n<p>&nbsp;<\/p>\n<h2>LA FORMAZIONE DEGLI INCURSORI DELL&#8217;ARMA PASSA DA AURONZO DI CADORE.<\/h2>\n\n\t\t\t<style type='text\/css'>\n\t\t\t\t#gallery-2 {\n\t\t\t\t\tmargin: auto;\n\t\t\t\t}\n\t\t\t\t#gallery-2 .gallery-item {\n\t\t\t\t\tfloat: left;\n\t\t\t\t\tmargin-top: 10px;\n\t\t\t\t\ttext-align: center;\n\t\t\t\t\twidth: 33%;\n\t\t\t\t}\n\t\t\t\t#gallery-2 img {\n\t\t\t\t\tborder: 2px solid #cfcfcf;\n\t\t\t\t}\n\t\t\t\t#gallery-2 .gallery-caption {\n\t\t\t\t\tmargin-left: 0;\n\t\t\t\t}\n\t\t\t\t\/* see gallery_shortcode() in wp-includes\/media.php *\/\n\t\t\t<\/style>\n\t\t<div id='gallery-2' class='dt-gallery-container gallery galleryid-81252 gallery-columns-3 gallery-size-thumbnail'><dl class='gallery-item'>\n\t\t\t\t<dt class='gallery-icon landscape'>\n\t\t\t\t\t<a class=\"rollover\" href='https:\/\/www.radiopiu.net\/wordpress\/giornale-radiopiu-02-aprile-2019-direttore-mirko-mezzacasa\/img-20190401-wa0005\/'><img loading=\"lazy\" decoding=\"async\" width=\"150\" height=\"150\" src=\"https:\/\/www.radiopiu.net\/wordpress\/wp-content\/uploads\/2019\/04\/IMG-20190401-WA0005-150x150.jpg\" class=\"attachment-thumbnail size-thumbnail\" alt=\"\" \/><\/a>\n\t\t\t\t<\/dt><\/dl><dl class='gallery-item'>\n\t\t\t\t<dt class='gallery-icon landscape'>\n\t\t\t\t\t<a class=\"rollover\" href='https:\/\/www.radiopiu.net\/wordpress\/giornale-radiopiu-02-aprile-2019-direttore-mirko-mezzacasa\/img-20190401-wa0003\/'><img loading=\"lazy\" decoding=\"async\" width=\"150\" height=\"150\" src=\"https:\/\/www.radiopiu.net\/wordpress\/wp-content\/uploads\/2019\/04\/IMG-20190401-WA0003-150x150.jpg\" class=\"attachment-thumbnail size-thumbnail\" alt=\"\" \/><\/a>\n\t\t\t\t<\/dt><\/dl><dl class='gallery-item'>\n\t\t\t\t<dt class='gallery-icon landscape'>\n\t\t\t\t\t<a class=\"rollover\" href='https:\/\/www.radiopiu.net\/wordpress\/giornale-radiopiu-02-aprile-2019-direttore-mirko-mezzacasa\/img-20190401-wa0001-2\/'><img loading=\"lazy\" decoding=\"async\" width=\"150\" height=\"150\" src=\"https:\/\/www.radiopiu.net\/wordpress\/wp-content\/uploads\/2019\/04\/IMG-20190401-WA0001-1-150x150.jpg\" class=\"attachment-thumbnail size-thumbnail\" alt=\"\" \/><\/a>\n\t\t\t\t<\/dt><\/dl><br style=\"clear: both\" \/>\n\t\t\t<\/div>\n\n<p><strong>AURONZO<\/strong> La scorsa settimana, presso il Centro Addestramento dell&#8217;Arma dei Carabinieri sito ad Auronzo di Cadore, il personale del 1\u00b0 Reggimento Carabinieri Paracadutisti &#8220;Tuscania&#8221; di Livorno ha svolto una parte della fase addestrativa che porta alla formazione dei Carabinieri che vogliono entrare a fare parte del Reggimento Paracadutisti. In particolare, dopo una prima propedeutica allo sci svolta prima sul sul monte Cimone e poi nell&#8217;area delle cinque Torri Ampezzane, con la cornice delle Dolomiti la formazione \u00e8 continuata con la fase del movimento in montagna, vedendo gli allievi aspiranti Esploratori alle prese con gli sci da alpinismo per il raggiungimento del rifugio Auronzo e la successiva discesa a valle. A chiusura dell&#8217;addestramento \u00e8 stata svolta una esercitazione complessa che ha visto il movimento per il raggiungimento dell&#8217;obiettivo con le pelli di foca, al fine di simulare l&#8217;individuazione e l&#8217;arresto di un pericoloso criminale.<br \/>\nIl personale del Reparto Addestrativo ha utilizzato come base logistica ed addestrativa il Centro Addestramento Alpino di Auronzo di Cadore.<\/p>\n<p>&nbsp;<\/p>\n<p>&nbsp;<\/p>\n<p>&nbsp;<\/p>\n<h2>CORTINA: ADDESTRAMENTO SAGF-CNSAS IN VALANGA<\/h2>\n<p><strong><a class=\"dt-pswp-item\" href=\"http:\/\/www.radiopiu.net\/wordpress\/wp-content\/uploads\/2019\/04\/IMG-20190401-WA0000-1.jpg\" data-dt-img-description=\"\" data-large_image_width=\"1599\" data-large_image_height=\"823\"><img loading=\"lazy\" decoding=\"async\" class=\"alignnone size-large wp-image-81259\" src=\"http:\/\/www.radiopiu.net\/wordpress\/wp-content\/uploads\/2019\/04\/IMG-20190401-WA0000-1-1024x527.jpg\" alt=\"\" width=\"1024\" height=\"527\" srcset=\"https:\/\/www.radiopiu.net\/wordpress\/wp-content\/uploads\/2019\/04\/IMG-20190401-WA0000-1-1024x527.jpg 1024w, https:\/\/www.radiopiu.net\/wordpress\/wp-content\/uploads\/2019\/04\/IMG-20190401-WA0000-1-300x154.jpg 300w, https:\/\/www.radiopiu.net\/wordpress\/wp-content\/uploads\/2019\/04\/IMG-20190401-WA0000-1-768x395.jpg 768w, https:\/\/www.radiopiu.net\/wordpress\/wp-content\/uploads\/2019\/04\/IMG-20190401-WA0000-1.jpg 1599w\" sizes=\"auto, (max-width: 1024px) 100vw, 1024px\" \/><\/a>CORTINA\u00a0 <\/strong>Sabato scorso il Col Gallina sul Passo Falzarego \u00e8 stato lo scenario dell&#8217;addestramento congiunto Sagf &#8211; Cnsas, mirato all&#8217;affinamento delle operazioni condivise tra i due enti, chiamati a intervenire fianco a fianco in caso di valanga, l&#8217;emergenza in assoluto pi\u00f9 impegnativa per la rapidit\u00e0 richiesta, la difficolt\u00e0 nelle comunicazioni e per il numero elevato di soccorritori in campo con diverse mansioni da regolare. Dopo un primo ripasso frontale delle procedure, le manovre si sono spostate all&#8217;aperto, con la simulazione di 4 probabili scialpinisti travolti &#8211; 2 con dispositivi Artva, 1 con Recco, 1 senza &#8211; e un testimone superstite a fornire le uniche informazioni. Allertati come realmente avviene, soccorritori e unit\u00e0 cinofile si sono messi a disposizione dei due direttori di valanga, di Soccorso alpino e Sagf, procedendo nelle varie fasi dell&#8217;intervento: disposizione delle sentinelle per valutare il rischio di ulteriori distacchi, ricerca con i cani, vista &#8211; udito, con l&#8217;Artva e con il Recco, diverse tipologie di sondaggio, disseppellimento. &#8220;\u00c8 stata un&#8217;esercitazione importante, frutto dell&#8217;ormai consolidato lavoro di squadra &#8211; ha sottolineato il comandante provinciale della Guardia di finanza Gaetano Giacchi, alla sua seconda esercitazione invernale a Cortina dopo quella del 17 marzo 2018 &#8211; non ho potuto che notare la grande cordialit\u00e0 esistente tra i due enti e l&#8217;affiatamento, requisiti fondamentali per il raggiungimento degli obiettivi stilati nel protocollo siglato il 23 settembre 2016, nell&#8217;interesse reciproco e soprattutto della collettivit\u00e0. Un&#8217;attivit\u00e0 rilevante per rinsaldare la sinergia in entrambe le Stazioni del Sagf, Cortina e Auronzo, e tra Sagf e Cnsas, per rafforzare e affinare le gi\u00e0 elevatissime capacit\u00e0 dei nostri uomini, per consolidare coordinamento e rapidit\u00e0 dei soccorritori entro una cornice di sicurezza innanzitutto per loro stessi&#8221;. Nel concludere elogiando il continuo duro addestramento che richiede in tutti i soccorritori sacrificio, vocazione e passione, il comandante Giachi ha ricordato il prossimo addestramento congiunto, previsto a giugno con il coinvolgimento della Sezione aerea di Bolzano della Guardia di finanza.<\/p>\n<p>&nbsp;<\/p>\n<p>&nbsp;<\/p>\n<p>&nbsp;<\/p>\n<h2>DAL ROTARY UNA DONAZIONE PER LA CHIRURGIA DEL SAN MARTINO<\/h2>\n<p><strong><a class=\"dt-pswp-item\" href=\"http:\/\/www.radiopiu.net\/wordpress\/wp-content\/uploads\/2019\/04\/IMG_5504.jpg\" data-dt-img-description=\"\" data-large_image_width=\"640\" data-large_image_height=\"480\"><img loading=\"lazy\" decoding=\"async\" class=\"alignnone size-full wp-image-81270\" src=\"http:\/\/www.radiopiu.net\/wordpress\/wp-content\/uploads\/2019\/04\/IMG_5504.jpg\" alt=\"\" width=\"640\" height=\"480\" srcset=\"https:\/\/www.radiopiu.net\/wordpress\/wp-content\/uploads\/2019\/04\/IMG_5504.jpg 640w, https:\/\/www.radiopiu.net\/wordpress\/wp-content\/uploads\/2019\/04\/IMG_5504-300x225.jpg 300w\" sizes=\"auto, (max-width: 640px) 100vw, 640px\" \/><\/a>BELLUNO<\/strong> Grazie alla generosit\u00e0 di alcuni imprenditori Bellunesi, l\u2019Unit\u00e0 Operativa Complessa di Chirurgia dell\u2019 Ospedale di Belluno si \u00e8 dotata di un sofisticato strumento chirurgico indispensabile per la chirurgia del fegato. Si tratta del bisturi ad ultrasuoni di ultima generazione del valore di circa 30.000,00 euro che, sfruttando appunto vibrazioni ad altissima frequenza (parliamo di 20.000 impulsi al secondo) \u00e8 in grado di \u201cdisintegrare\u201d con grande precisione le cellule di un tessuto, quale ad esempio il fegato o il cervello, preservando intatti i vasi sanguigni, i dotti biliari o i nervi in esso contenuti. Utilizzando questo strumento \u00e8 quindi possibile eseguire delicati interventi resettivi (principalmente sul fegato, ma anche sul cervello) per tumori di questi organi, minimizzando la perdita di sangue, aumentando la precisione e la sicurezza dell\u2019intervento. La peculiarit\u00e0 di questo strumento risiede inoltre nella possibilit\u00e0 del suo utilizzo in laparoscopia, consentendo quindi di eseguire interventi complessi con una tecnica poco invasiva, attraverso piccole incisioni, che riduce il dolore postoperatorio e la durata della convalescenza. Il Direttore Generale ha ringraziato in Chirurgia, alla presenza del Direttore, dott. Fabio Ricagna, e del personale, il Presidente del Rotary Club di Belluno, Angelo Paganin e il tesoriere Riccardo Zaccone che si sono attivati per la raccolta e i sovventori Luigi Francavilla, Ludovico Trevisson (Meccanostampi srl) e Ernesto Riva per Unifarco spa, per la donazione della sofisticata strumentazione per la Chirurgia di Belluno.<\/p>\n<p>&nbsp;<\/p>\n<p>&nbsp;<\/p>\n<p>&nbsp;<\/p>\n<h2>DELLA COMMISSIONE SPECIALE NEVEGAL \u2013 BELLUNO<\/h2>\n<p>AUDIO DAL GR PRINCIPALE, FRANCO ROCCON<\/p>\n<audio class=\"wp-audio-shortcode\" id=\"audio-81252-6\" preload=\"none\" style=\"width: 100%;\" controls=\"controls\"><source type=\"audio\/mpeg\" src=\"http:\/\/www.radiopiu.net\/wordpress\/wp-content\/uploads\/2019\/04\/franco.mp3?_=6\" \/><a href=\"http:\/\/www.radiopiu.net\/wordpress\/wp-content\/uploads\/2019\/04\/franco.mp3\">http:\/\/www.radiopiu.net\/wordpress\/wp-content\/uploads\/2019\/04\/franco.mp3<\/a><\/audio>\n<p><strong><a class=\"dt-pswp-item\" href=\"http:\/\/www.radiopiu.net\/wordpress\/wp-content\/uploads\/2018\/06\/Roccon-Franco.jpg\" data-dt-img-description=\"\" data-large_image_width=\"402\" data-large_image_height=\"483\"><img loading=\"lazy\" decoding=\"async\" class=\"wp-image-52102 alignleft\" src=\"http:\/\/www.radiopiu.net\/wordpress\/wp-content\/uploads\/2018\/06\/Roccon-Franco.jpg\" alt=\"\" width=\"117\" height=\"141\" srcset=\"https:\/\/www.radiopiu.net\/wordpress\/wp-content\/uploads\/2018\/06\/Roccon-Franco.jpg 402w, https:\/\/www.radiopiu.net\/wordpress\/wp-content\/uploads\/2018\/06\/Roccon-Franco-250x300.jpg 250w\" sizes=\"auto, (max-width: 117px) 100vw, 117px\" \/><\/a>BELLUNO\u00a0 <\/strong>Sono giorni particolari per Belluno e per il Nevegal. Il comitato internazionale FCA si avvia infatti a decidere quale localit\u00e0 ospiter\u00e0 il Camp Jepp 2019 di FCA ( Fiat) tra le quattro rimaste in lizza; Il Nevegal se la gioca con altre localit\u00e0 alpine di elevato valore come Madonna di Campiglio, San Martino di Castrozza e una localit\u00e0 piemontese, tutte che hanno accolto a braccia aperte la possibilit\u00e0 di avere una simile organizzazione, salvo Belluno che non ha ancora risposto ufficialmente. Saranno circa 2000 le persone coinvolte come equipaggi con famigliari al seguito, oltre all\u2019indotto e al richiamo che possono dare circa 800 auto del marchio Jepp FCA seguiti da oltre 200 giornalisti da tutto il mondo che scriveranno della localit\u00e0 ospitante. A detta degli organizzatori, l\u2019aspetto che pi\u00f9 fa propendere una localit\u00e0 piuttosto che un\u2019altra \u00e8 il paesaggio e la vista sulle montagne circostanti, agli aspetti culturali che vengono offerti oltre al contesto della vicinanza agli aeroporti e alla viabilit\u00e0 autostradale. Per questo, tutti e sei i componenti della Commissione Speciale per il Nevegal, di maggioranza ed opposizione, concordemente si augurano che la scelta cada sul Nevegal, trovando la Giunta ed il Sindaco disponibili a lavorare al 100% per questo importante momento per il Colle bellunese.<\/p>\n<p>&nbsp;<\/p>\n<p>&nbsp;<\/p>\n<p>&nbsp;<\/p>\n<p>&nbsp;<\/p>\n<h2>CENTRO PRELIEVI, SOSTITUZIONE TAGLIACODE<\/h2>\n<p><strong>FELTRE<\/strong> A seguito del guasto del sistema taglia code del Centro Prelievi del laboratorio analisi\u00a0 in Padiglione Gaggia, si potranno verificare dei disagi rispetto alla procedura di accettazione degli utenti. La direzione si \u00e8 attivata per il rapido ripristino del sistema che \u00e8 gi\u00e0 stato ordinato e sar\u00e0 installato mercoled\u00ec. L\u2019azienda si scusa per eventuali disagi.<\/p>\n<p>&nbsp;<\/p>\n<p>&nbsp;<\/p>\n<p>&nbsp;<\/p>\n<h2 style=\"text-align: left;\" align=\"CENTER\">ASSEMBLEA GENERALE AUSER AL CASTELLO<\/h2>\n<p align=\"JUSTIFY\"><span style=\"font-family: Arial, sans-serif;\"><span style=\"font-size: medium;\"><strong><a class=\"dt-pswp-item\" href=\"http:\/\/www.radiopiu.net\/wordpress\/wp-content\/uploads\/2019\/04\/Assemblea-Auser-Feltre-30.03.2019-1.jpg\" data-dt-img-description=\"\" data-large_image_width=\"3787\" data-large_image_height=\"2839\"><img loading=\"lazy\" decoding=\"async\" class=\"wp-image-81277 alignleft\" src=\"http:\/\/www.radiopiu.net\/wordpress\/wp-content\/uploads\/2019\/04\/Assemblea-Auser-Feltre-30.03.2019-1-1024x768.jpg\" alt=\"\" width=\"247\" height=\"186\" srcset=\"https:\/\/www.radiopiu.net\/wordpress\/wp-content\/uploads\/2019\/04\/Assemblea-Auser-Feltre-30.03.2019-1-1024x768.jpg 1024w, https:\/\/www.radiopiu.net\/wordpress\/wp-content\/uploads\/2019\/04\/Assemblea-Auser-Feltre-30.03.2019-1-300x225.jpg 300w, https:\/\/www.radiopiu.net\/wordpress\/wp-content\/uploads\/2019\/04\/Assemblea-Auser-Feltre-30.03.2019-1-768x576.jpg 768w\" sizes=\"auto, (max-width: 247px) 100vw, 247px\" \/><\/a>FELTRE<\/strong> Nel trentennale della sua costituzione, 1989 &#8211; 2019, il Circolo Auser &#8220;al Casello&#8221; di Feltre, sabato 30 marzo 2019, presso la sala convegni della Birreria Pedavena, ha svolto l&#8217;assemblea generale dei propri iscritti. L&#8217;incontro annuale dei soci Auser, previsto dalla statuto associativo, \u00e8 un passaggio obbligato per l&#8217;approvazione del bilancio consuntivo e per la presentazione del rapporto di attivit\u00e0. La presidente, Liliana Tomaselli, dopo il ringraziamento agli iscritti, ai volontari attivi (soci impegnati nelle attivit\u00e0 di sussidiariet\u00e0) e dopo aver rivolto un pensiero di riconoscenza ai soci deceduti, ha comunicato che il calcolo a consuntivo dei capitoli economici: entrate, uscite e patrimonio, nel 2018 ha determinato un bilancio di esercizio in pareggio, con ammortamenti e un po&#8217; di risparmi, che potranno essere utilizzati per le attivit\u00e0 2019. Prima del rapporto di attivit\u00e0, sono stati ringraziati: Antonio (detto Toni) Baldissera, Renato Antole e Annamaria Pagani, che dopo oltre quindici anni di attivit\u00e0 volontaria, rimanendo iscritti Auser, lasciano ad altri soci i loro compiti ed incarichi. Franco Piacentini (componente del direttivo) ha presentato il rapporto 2018, che prima della esposizione dei dati, ha brevemente ricordato la nascita di Auser. Grazie all&#8217;intuizione di Bruno Trentin (figlio del veneto Silvio Trentin) nel 1989 all&#8217;interno della CGIL e dello SPI, prende vita l&#8217;associazione &#8220;Autogestione Servizi&#8221; acronimo di Auser. Nello stesso anno anche in Veneto, primo presidente, Antonio Quadretti, e a Feltre, primo presidente, Luisa Peccenini, si costituiscono gli Auser regionale e comunale. La &#8220;fotografia&#8221; su quanto realizzato nel 2018 da Auser Feltre, evidenzia i seguenti dati: <\/span><\/span><span style=\"font-family: Arial, sans-serif;\"><span style=\"font-size: medium;\">iscritti: 663 (+ <a class=\"dt-pswp-item\" href=\"http:\/\/www.radiopiu.net\/wordpress\/wp-content\/uploads\/2019\/04\/Assemblea-Auser-Feltre-30.03.2019-2.jpg\" data-dt-img-description=\"\" data-large_image_width=\"3916\" data-large_image_height=\"2936\"><img loading=\"lazy\" decoding=\"async\" class=\"wp-image-81276 alignright\" src=\"http:\/\/www.radiopiu.net\/wordpress\/wp-content\/uploads\/2019\/04\/Assemblea-Auser-Feltre-30.03.2019-2-1024x768.jpg\" alt=\"\" width=\"380\" height=\"285\" srcset=\"https:\/\/www.radiopiu.net\/wordpress\/wp-content\/uploads\/2019\/04\/Assemblea-Auser-Feltre-30.03.2019-2-1024x768.jpg 1024w, https:\/\/www.radiopiu.net\/wordpress\/wp-content\/uploads\/2019\/04\/Assemblea-Auser-Feltre-30.03.2019-2-300x225.jpg 300w, https:\/\/www.radiopiu.net\/wordpress\/wp-content\/uploads\/2019\/04\/Assemblea-Auser-Feltre-30.03.2019-2-768x576.jpg 768w\" sizes=\"auto, (max-width: 380px) 100vw, 380px\" \/><\/a>44 sul 2017) di questi 446 donne e 197 uomini; trasporto sociale inteso come accompagnamento protetto, progetto STACCO Comitato di Intesa, filo d&#8217;argento (telefono amico) e centro sollievo = utenti n. 145 (95 donne e 46 uomini); viaggi n. 1.557; km n. 26.341; impegno volontari: n. 1.370 ore. Sommando altri trasporti e altre attivit\u00e0 associative (nonni vigili, vigilanza al museo, presenza al centro diurno, soggiorno marino, cure termali, cultura, tempo libero, ginnastica leggera, ballo, lettura quotidiani al bar casa di riposo, invecchiamento attivo, ecc) i numeri aumentano: utenti n. 350; trasporti n. 2.500; km n. 60.000; impegno volontari n. 9.000 ore. Tutte attivit\u00e0 volontarie di solidariet\u00e0, di sussidiariet\u00e0 e di aiuto alle persone fragili, sole e in difficolt\u00e0; alcune di queste attivit\u00e0 sono collegate a convenzioni con il Comune di Feltre e con l&#8217;Azienda Feltrina. In conclusione tre sono state le sottolineature: un invito alle persone pensionate, e soprattutto ai giovani, a dare un po&#8217; del loro tempo libero al volontariato entrando in Auser; un appello al Governo affinch\u00e9 il Codice del Terzo Settore non crei difficolt\u00e0 al volontariato; un fermo invito a tutte le Istituzioni pubbliche affinch\u00e9 non venga cancellata la quarantennale positiva esperienza del CSV di Belluno. Hanno partecipato, intervenendo nel dibattito: Gianluca Corsetti, Presidente Comitato di Intesa e CSV Belluno e Lorenzo Durante, Presidente Circolo Auser Lentiai. <\/span><\/span><\/p>\n<p>&nbsp;<\/p>\n<p>&nbsp;<\/p>\n<p>&nbsp;<\/p>\n<h3>NEL RICORDO DI BICE LAZZARI, A FINE SETTIMANA INTITOLAZIONE DEL CENTRO CULTURALE<\/h3>\n<p><strong> <a class=\"dt-pswp-item\" href=\"http:\/\/www.radiopiu.net\/wordpress\/wp-content\/uploads\/2019\/04\/Centro-culturale-Quero.jpg\" data-dt-img-description=\"\" data-large_image_width=\"4000\" data-large_image_height=\"3000\"><img loading=\"lazy\" decoding=\"async\" class=\"wp-image-81313 alignleft\" src=\"http:\/\/www.radiopiu.net\/wordpress\/wp-content\/uploads\/2019\/04\/Centro-culturale-Quero-1024x768.jpg\" alt=\"\" width=\"291\" height=\"218\" srcset=\"https:\/\/www.radiopiu.net\/wordpress\/wp-content\/uploads\/2019\/04\/Centro-culturale-Quero-1024x768.jpg 1024w, https:\/\/www.radiopiu.net\/wordpress\/wp-content\/uploads\/2019\/04\/Centro-culturale-Quero-300x225.jpg 300w, https:\/\/www.radiopiu.net\/wordpress\/wp-content\/uploads\/2019\/04\/Centro-culturale-Quero-768x576.jpg 768w\" sizes=\"auto, (max-width: 291px) 100vw, 291px\" \/><\/a>QUERO VAS<\/strong> da sabato 13 aprile il centro cuturale porter\u00e0 il prestigioso nome di Bice Lazzari (1900-1981), pittrice del \u2018900 conosciuta a livello nazionale ed internazionale, che con Quero ha intrattenuto un legame speciale. Nata nella \u201cCitt\u00e0 dei Dogi\u201d, Bice Lazzari ha trascorso la sua esistenza fra altre grandi citt\u00e0, come Milano, Firenze, Torino e Roma, respirando nei grandi ambienti culturali ed intellettuali della sua epoca. Ma come ultima dimora, l\u2019artista ha scelto un piccolo cimitero ai piedi delle montagne, quello appunto di Quero, paese del Piave al quale Bice fu legata sin dal 1938, insieme alla sua famiglia: Francesca Rinaldo Lazzari, la mamma, le sorelle Gina e Nini, con i rispettivi mariti Nico Oliva e Carlo Scarpa &#8211; il celebre architetto che per la cognata Bice e la suocera Francesca realizzer\u00e0 la tomba a Quero \u2013 e la nipote Maria Grazia Oliva, detta \u201cPupa\u201d. La pittrice, dei luoghi queresi amava, come i tutti villeggianti di ieri e di oggi, l\u2019aria buona, il paesaggio mite e sereno, dove poter rilassarsi per lavorare, passeggiare o riflettere, fino alle rive del Piave o alle pendici del Massiccio del Grappa. Soggiornava nei periodi in cui stava lontano delle citt\u00e0 nella casa querese di via Roma, in compagnia dei suoi cari, e nel frattempo veniva ispirata nei suoi pensieri e versi poetici dalla natura circostante.<br \/>\nLe celebrazioni per l\u2019intitolazione del Centro Culturale di Quero Vas di sabato 13 aprile vogliono rendere omaggio ad un\u2019artista multiforme e poliedrica \u2013 ora figurativa, ora informale, pittrice di luce e dal tocco veloce, interprete di un linguaggio fatto di geometrie, linee, spazi ed armonie musicali, ma anche creatrice di raffinati oggetti di design come stoffe, arazzi e cuscini che la portano a sperimentare anche nel complesso mondo delle arti applicate \u2013 con una serata articolata realizzata in collaborazione con l\u2019Archivio Bice Lazzari di Roma.<br \/>\nLe danze si apriranno alle ore 18.30 con il saluto delle autorit\u00e0. Seguir\u00e0 un intervento della storica dell\u2019arte Daniela Todoverto, \u201cL\u2019arte come misura\u201d, con Enis Pocchetto e Sonny Side Jazz Blues. Verr\u00e0 quindi proiettato \u201cL\u2019equilibrio dello spazio\u201d, un documentario-intervista a Bice Lazzari e a Maria Grazia Oliva che illustra la vita e l\u2019opera dell\u2019artista. \u201cMemoria dell\u2019artista, il ruolo e attivit\u00e0 dell\u2019archivio Archivio Bice Lazzari\u201d \u00e8 invece il titolo dell\u2019intervento di Nicoletta Lapadula e Luca Barrel, curatori dell\u2019Archivio dedicato all\u2019artista di origine veneziana. Concluder\u00e0 il ciclo di interventi la giornalista Isabella Pilo, parlando di \u201cCultura e territorio: arte, poesia, architettura: un percorso nuovo per uno sviluppo turistico sostenibile\u201d. Infine si proceder\u00e0 all\u2019Inaugurazione della nuova insegna del Centro Culturale, che da sabato 13 aprile porter\u00e0 il nome di Bice Lazzari. Alla Pro Loco di Quero, invece, spetter\u00e0 il compito di intrattenere gli ospiti presenti con un buffet conviviale.<\/p>\n<p>&nbsp;<\/p>\n<p>&nbsp;<\/p>\n<p>&nbsp;<\/p>\n<h2><a class=\"dt-pswp-item\" href=\"http:\/\/www.radiopiu.net\/wordpress\/wp-content\/uploads\/2018\/09\/appuntamenti.jpeg\" data-dt-img-description=\"\" data-large_image_width=\"800\" data-large_image_height=\"100\"><img loading=\"lazy\" decoding=\"async\" class=\"alignnone wp-image-61958 size-full\" src=\"http:\/\/www.radiopiu.net\/wordpress\/wp-content\/uploads\/2018\/09\/appuntamenti.jpeg\" alt=\"\" width=\"800\" height=\"100\" srcset=\"https:\/\/www.radiopiu.net\/wordpress\/wp-content\/uploads\/2018\/09\/appuntamenti.jpeg 800w, https:\/\/www.radiopiu.net\/wordpress\/wp-content\/uploads\/2018\/09\/appuntamenti-300x38.jpeg 300w, https:\/\/www.radiopiu.net\/wordpress\/wp-content\/uploads\/2018\/09\/appuntamenti-768x96.jpeg 768w\" sizes=\"auto, (max-width: 800px) 100vw, 800px\" \/><\/a><\/h2>\n<p>&nbsp;<\/p>\n<blockquote><p><strong><em>I volontari del GAV e dell\u2019Associazione Nazionale Carabinieri nei giorni 5-6-7 aprile saranno in Piazza Libert\u00e0 ad Agordo per la vendita delle Uova di Pasqua per AIL\u00a0<\/em><\/strong><\/p><\/blockquote>\n<p>&nbsp;<\/p>\n<h2><span style=\"font-family: verdana, sans-serif; font-size: large;\"><b>Presentazione del concorso fotografico del Giro del Lago di Santa Croce 2019<\/b><\/span><\/h2>\n<div><strong>ALPAGO<\/strong> Oggi alle 12 al Centro Servizi di Belluno\u00a0 \u00a0si svolger\u00e0 una conferenza stampa di presentazione del concorso fotografico proposto in vista dell&#8217;edizione 2019 del Giro del Lago di Santa Croce, evento dedicato ai ciclisti e ai podisti che si svolger\u00e0 domenica 18 agosto e che \u00e8 proposto dal\u00a0 comitato Alpago 2 ruote &amp; solidariet\u00e0.<\/div>\n<p>&nbsp;<\/p>\n<p>&nbsp;<\/p>\n<p>&nbsp;<\/p>\n<h2>LA SETTIMANA DELL&#8217;AFFIDO<\/h2>\n<p><strong><a class=\"dt-pswp-item\" href=\"http:\/\/www.radiopiu.net\/wordpress\/wp-content\/uploads\/2017\/03\/ulss-1-dolomiti.jpg\" data-dt-img-description=\"\" data-large_image_width=\"214\" data-large_image_height=\"110\"><img loading=\"lazy\" decoding=\"async\" class=\" wp-image-29759 alignleft\" src=\"http:\/\/www.radiopiu.net\/wordpress\/wp-content\/uploads\/2017\/03\/ulss-1-dolomiti.jpg\" alt=\"\" width=\"140\" height=\"72\" \/><\/a>AGORDO<\/strong> La settimana di promozione dell&#8217;affido familiare &#8220;Se mi fido mi affido&#8221; interesser\u00e0 direttamente anche l&#8217;Agordino con l&#8217;incontro di oggi\u00a0 alle 17.30 in Biblioteca ad Agordo. Sar\u00e0 presentata ai pi\u00f9 piccoli una storia con l&#8217;attore bellunese Roberto Faoro a cui seguir\u00e0 un momento di incontro con i genitori per spiegare cos&#8217;\u00e8 l&#8217;affido familiare. In pi\u00f9 i disegni dei bambini della scuola primaria di Cencenighe, Canale, Vallada e Falcade, che hanno aderito ad un progetto del Centro affido, verranno esposti nell&#8217;atrio dell&#8217;ospedale di Belluno. \u201cSe mi fido, mi affido\u201d \u00e8 un&#8217;iniziativaI dei Centri per l\u2019Affido e la Solidariet\u00e0 Familiare (CASF) dell\u2019Ulss 1 Dolomiti.<\/p>\n<p>&nbsp;<\/p>\n<p>&nbsp;<\/p>\n<p>&nbsp;<\/p>\n<h2>MI COLORO DI BLU, CONSAPEVOLEZZA DELL&#8217;AUTISMO<\/h2>\n<p><strong><a class=\"dt-pswp-item\" href=\"http:\/\/www.radiopiu.net\/wordpress\/wp-content\/uploads\/2019\/03\/download-11.jpg\" data-dt-img-description=\"\" data-large_image_width=\"270\" data-large_image_height=\"187\"><img loading=\"lazy\" decoding=\"async\" class=\" wp-image-80603 alignleft\" src=\"http:\/\/www.radiopiu.net\/wordpress\/wp-content\/uploads\/2019\/03\/download-11.jpg\" alt=\"\" width=\"227\" height=\"157\" \/><\/a>FELTRE<\/strong> In occasione della giornata mondiale della Consapevolezza dell\u2019Autismo (2 aprile) il Centro Educativo Il Centro educativo per minori con autismo il Palloncino Rosso della Cooperativa Portaperta ripropone anche quest\u2019anno l\u2019iniziativa Mi coloro di Blu. Oggi alle 18: inaugurazione presso il Centro educativo Il Palloncino Rosso (Via Segusini 6 a Farra di Feltre) . <strong>Venerd\u00ec 5 aprile,<\/strong> dalle 14.30 alle 18.30: pomeriggio di formazione con due workshop.<\/p>\n<p>&nbsp;<\/p>\n<p>&nbsp;<\/p>\n<p>&nbsp;<\/p>\n<h2>L&#8217;ASSEMBLEA UNIVOC ALLO ZODIACO<\/h2>\n<p><strong>BELLUNO<\/strong>\u00a0 Venerdi \u00a0alle\u00a0 18 presso la PIZZERIA \u201cLO ZODIACO\u201d a Belluno avr\u00e0 luogo l\u2019Assemblea ordinaria annuale dei soci dell\u2019U.N.I.Vo.C. \u2013 Unione Nazionale Italiana Volontari Pro Ciechi \u2013 di Belluno. L\u2019assemblea sar\u00e0 chiamata ad approvare i documenti dell\u2019anno 2018: relazione morale e bilancio consuntivo e i documenti per il 2020: programma attivit\u00e0 e budget.<\/p>\n<p>&nbsp;<\/p>\n<p>&nbsp;<\/p>\n<h3><strong>DOPPIO CONCERTO PER LA SAGRA DEI\u00a0\u00a0FISCIOT<\/strong><\/h3>\n<p><strong><span style=\"font-family: georgia, times, times new roman, serif;\">BELLUNO <\/span><\/strong><em><span style=\"font-family: georgia, times, times new roman, serif;\">La Filarmonica di Belluno, con il patrocinio del Comune di Belluno, organizza l&#8217;intrattenimento musicale per la tradizionale Sagra dei Fisc\u00ec\u00f2t, ospitando anche la Banda Citt\u00e0 di Feltre. In quest&#8217;occasione sar\u00e0\u00a0 possibile sostenere le attivit\u00e0 della scuola di musica della Filarmonica.\u00a0 <\/span><\/em><strong><span style=\"font-family: georgia, times, times new roman, serif;\">Domenica 7 aprile 2019\u00a0 &#8211; Piazza Duomo (Belluno)\u00a0 <\/span><\/strong><span style=\"font-family: georgia, times, times new roman, serif;\"><strong>\u00a010:45 <\/strong><\/span><span style=\"font-family: georgia, times, times new roman, serif;\">Concerto della Filarmonica di Belluno diretta dai maestri Andrea Gasperin e Sandro De Marchi.<\/span><span style=\"font-family: georgia, times, times new roman, serif;\"><strong> 14:30 <\/strong><\/span><span style=\"font-family: georgia, times, times new roman, serif;\">Concerto della Banda Citt\u00e0 di Feltre diretta dal maestro Ivan Villanova.\u00a0<\/span><\/p>\n<p>&nbsp;<\/p>\n<p>&nbsp;<\/p>\n<p>&nbsp;<\/p>\n<h1><span style=\"color: #ff0000;\">PUBBLICAZIONI<\/span><\/h1>\n<h1 lang=\"it-IT\" align=\"CENTER\"><span style=\"color: #000000;\"><span style=\"font-family: Helvetica, Arial, sans-serif;\"><span style=\"font-size: small;\"><span style=\"font-family: Times New Roman, serif;\"><span style=\"font-size: large;\"><b>MAFIA COME M\u00a0<\/b><\/span><\/span><\/span><\/span><\/span><\/h1>\n<h4 lang=\"it-IT\" align=\"CENTER\"><span style=\"color: #000000;\"><span style=\"font-family: Times New Roman, serif;\"><span style=\"font-size: large;\"><b>LA CRIMINALITA&#8217; ORGANIZZATA NEL NORDEST SPIEGATA AI RAGAZZI <\/b><\/span><\/span><\/span><b><\/b><\/h4>\n<p align=\"JUSTIFY\"><a class=\"dt-pswp-item\" href=\"http:\/\/www.radiopiu.net\/wordpress\/wp-content\/uploads\/2019\/04\/mafia-come-m-cop-1.jpg\" data-dt-img-description=\"\" data-large_image_width=\"353\" data-large_image_height=\"385\"><img loading=\"lazy\" decoding=\"async\" class=\" wp-image-81253 alignleft\" src=\"http:\/\/www.radiopiu.net\/wordpress\/wp-content\/uploads\/2019\/04\/mafia-come-m-cop-1.jpg\" alt=\"\" width=\"274\" height=\"299\" srcset=\"https:\/\/www.radiopiu.net\/wordpress\/wp-content\/uploads\/2019\/04\/mafia-come-m-cop-1.jpg 353w, https:\/\/www.radiopiu.net\/wordpress\/wp-content\/uploads\/2019\/04\/mafia-come-m-cop-1-275x300.jpg 275w\" sizes=\"auto, (max-width: 274px) 100vw, 274px\" \/><\/a>\u201c<span lang=\"it-IT\"><i>Mafia come M. La criminalit\u00e0 organizzata nel Nordest spiegata ai ragazzi<\/i><\/span><span lang=\"it-IT\">\u201d \u00e8 il libro scritto dai componenti dell&#8217;Associazione Cosa Vostra, diretta da giovani laureati e laureandi che collaborano con <\/span><span lang=\"it-IT\"><b>Repubblica.it (Blog Mafie)<\/b><\/span><span lang=\"it-IT\"> e pubblicato dalla casa editrice <\/span><span lang=\"it-IT\"><b>Linea Edizioni<\/b><\/span><span lang=\"it-IT\">. Il volume \u00e8 impreziosito dalla prefazione di<\/span><span lang=\"it-IT\"><b> Franco La Torre<\/b><\/span><span lang=\"it-IT\">, figlio dell&#8217;Onorevole Pio La Torre, primo firmatario della proposta di legge che ha introdotto il reato di associazione di stampo mafioso nel codice penale, e dalla postfazione di <\/span><span lang=\"it-IT\"><b>Attilio Bolzoni<\/b><\/span><span lang=\"it-IT\">, giornalista di Repubblica e scrittore che da oltre trent&#8217;anni segue le vicende di mafia. Con i contributi di giornalisti e le testimonianze dei familiari delle vittime innocenti di mafia, \u201cMafia come M\u201d si rivolge a tutti coloro interessati a saperne di pi\u00f9 sul fenomeno della criminalit\u00e0 organizzata nel Nordest. <\/span><span lang=\"it-IT\"><b>In particolare, \u201cMafia come M\u201d affronta un argomento che si \u00e8 rivelato di forte attualit\u00e0 nel Nordest: la presenza delle mafie<\/b><\/span><span lang=\"it-IT\">. E lo fa rivolgendosi agli studenti del Triveneto, dove per lo pi\u00f9 opera Cosa Vostra, arrivata ormai al quarto anno della sua attivit\u00e0. Fin dalla sua fondazione, l&#8217;associazione si \u00e8 posta l\u2019obiettivo di parlare ai giovani e di sensibilizzarli riguardo ai temi come la mafia e, pi\u00f9 in generale, la legalit\u00e0. Proprio per questo nasce il progetto di \u201cMafia come M\u201d, redatto per conoscere il mondo della criminalit\u00e0 organizzata, dando un mezzo per comprenderla e, quindi, investigarne le varie forme in cui essa si presenta. Il volume si apre con una domanda: che cos\u2019\u00e8 la mafia? Un quesito, questo, che i componenti di Cosa Vostra pongono all\u2019inizio di tutti gli incontri realizzati con gli studenti. Anche se la domanda pu\u00f2 sembrare semplice, le risposte non sono mai scontate. L&#8217;interesse evidenziato dai ragazzi di comprendere in maniera pi\u00f9 approfondita il sistema e il fenomeno mafiosi sono il motore di questo volume, che si presenta come un vademecum per l\u2019analisi della criminalit\u00e0 organizzata nel Nordest.<\/span><\/p>\n<p>&nbsp;<\/p>\n<p>&nbsp;<\/p>\n<p>&nbsp;<\/p>\n<p><a class=\"dt-pswp-item\" href=\"http:\/\/www.radiopiu.net\/wordpress\/wp-content\/uploads\/2018\/09\/viabilita.jpeg\" data-dt-img-description=\"\" data-large_image_width=\"800\" data-large_image_height=\"100\"><img loading=\"lazy\" decoding=\"async\" class=\"alignnone size-full wp-image-61954\" src=\"http:\/\/www.radiopiu.net\/wordpress\/wp-content\/uploads\/2018\/09\/viabilita.jpeg\" alt=\"\" width=\"800\" height=\"100\" srcset=\"https:\/\/www.radiopiu.net\/wordpress\/wp-content\/uploads\/2018\/09\/viabilita.jpeg 800w, https:\/\/www.radiopiu.net\/wordpress\/wp-content\/uploads\/2018\/09\/viabilita-300x38.jpeg 300w, https:\/\/www.radiopiu.net\/wordpress\/wp-content\/uploads\/2018\/09\/viabilita-768x96.jpeg 768w\" sizes=\"auto, (max-width: 800px) 100vw, 800px\" \/><\/a><\/p>\n<p><strong>GOSALDO SOSPIROLO\u00a0<\/strong> Nei giorni 3-4 aprile strada provinciale del Mis chiusa dalle 8 alle 12 e dalle 13.30 alle 17.30 tra la localit\u00e0 Pascoli e Pian Falcina. Dall&#8217;1 al 5 aprile nei giorni non interessati alla chiusura senso unico alternato regolato da semaforo.<\/p>\n<p><strong>CENCENIGHE<\/strong> Da lunedi al 5 aprile dalle 8 alle 17 senco unico alternato e possibili interruzioni totali fino a 10 minuti lungo la regionale 203 agordina\u00a0 in prossimit\u00e0 di Cencenighe.<\/p>\n<p><strong>PASSO DURAN\u00a0<\/strong> Dal 1 al 19 aprile lungo la provinciale 347 del Duran e Cereda tra CIbiana e Venas divieto di transito ai mezzi di massa superiore a 3,5 tonellate. Inoltre INTERDIZIONE TOTALE DELLA TRANSITABILITA&#8217; STRADALE NEI GIORNI LAVORATIVI (ESCLUSO SABATO E DOMENICA): DALLE 7.45 alle 9.45, dalel 10.15 alle 12.15, dalle 14 alle 15.30, dalle 16 alle 17.30<\/p>\n<p><strong>CAPRILE DI ALLEGHE<\/strong> Fino al 5 aprile con esclusione dei giorni festivi e prefestivi, senso unco alternato lungo la regionale 203 agordina a monte dell&#8217;abitato di Caprile. Possibili interdizioni totale al transito fino a 15 minuti.<\/p>\n<p><strong>SAN TOMASO<\/strong> Lungo la regionale 203 agordina in Comune di San Tomaso da lunedi al 29 marzo senso unico alternato regolato da semaforo.<\/p>\n<p><strong>CENCENIGHE <\/strong>Fino al 29 marzo dalle 8 alle 17 senso unico alternato in Comune di Cencenighe lungo la regionale 203 agordina per la messa in sicurezza del tratto stradale.<\/p>\n<p><strong>VOLTAGO<\/strong> Fino al 5 aprile\u00a0 tutti i giorni sabati e domeniche compresi, senso unico alternato regolato da semaforo lungo la provinciale 347 in Comune di Voltago per lavori di somma urgenza e messa in sicurezza del piano viabile.<\/p>\n<p>&nbsp;<\/p>\n<p>&nbsp;<\/p>\n<p>&nbsp;<\/p>\n<p>&nbsp;<\/p>\n<p>&nbsp;<\/p>\n<h2><a class=\"dt-pswp-item\" href=\"http:\/\/www.radiopiu.net\/wordpress\/wp-content\/uploads\/2018\/09\/sport.jpg\" data-dt-img-description=\"\" data-large_image_width=\"800\" data-large_image_height=\"100\"><img loading=\"lazy\" decoding=\"async\" class=\"alignnone size-full wp-image-60761\" src=\"http:\/\/www.radiopiu.net\/wordpress\/wp-content\/uploads\/2018\/09\/sport.jpg\" alt=\"\" width=\"800\" height=\"100\" srcset=\"https:\/\/www.radiopiu.net\/wordpress\/wp-content\/uploads\/2018\/09\/sport.jpg 800w, https:\/\/www.radiopiu.net\/wordpress\/wp-content\/uploads\/2018\/09\/sport-300x38.jpg 300w, https:\/\/www.radiopiu.net\/wordpress\/wp-content\/uploads\/2018\/09\/sport-768x96.jpg 768w\" sizes=\"auto, (max-width: 800px) 100vw, 800px\" \/><\/a><\/h2>\n<p>&nbsp;<\/p>\n<h2><a class=\"dt-pswp-item\" href=\"http:\/\/www.radiopiu.net\/wordpress\/wp-content\/uploads\/2019\/04\/45-AlpeNevegal.jpg\" data-dt-img-description=\"\" data-large_image_width=\"2489\" data-large_image_height=\"3007\"><img loading=\"lazy\" decoding=\"async\" class=\"wp-image-81300 alignleft\" src=\"http:\/\/www.radiopiu.net\/wordpress\/wp-content\/uploads\/2019\/04\/45-AlpeNevegal-848x1024.jpg\" alt=\"\" width=\"202\" height=\"244\" srcset=\"https:\/\/www.radiopiu.net\/wordpress\/wp-content\/uploads\/2019\/04\/45-AlpeNevegal-848x1024.jpg 848w, https:\/\/www.radiopiu.net\/wordpress\/wp-content\/uploads\/2019\/04\/45-AlpeNevegal-248x300.jpg 248w, https:\/\/www.radiopiu.net\/wordpress\/wp-content\/uploads\/2019\/04\/45-AlpeNevegal-768x928.jpg 768w\" sizes=\"auto, (max-width: 202px) 100vw, 202px\" \/><\/a><\/h2>\n<h2><\/h2>\n<h2><\/h2>\n<h2><\/h2>\n<h2><\/h2>\n<h2>45^ ALPE DEL NEVEGAL, IL TRE CIME PREME SULL&#8217;ACCELERATORE<\/h2>\n<p><strong>DI ROBERTO BONA<\/strong><\/p>\n<audio class=\"wp-audio-shortcode\" id=\"audio-81252-7\" preload=\"none\" style=\"width: 100%;\" controls=\"controls\"><source type=\"audio\/mpeg\" src=\"http:\/\/www.radiopiu.net\/wordpress\/wp-content\/uploads\/2019\/04\/ROBERTO.mp3?_=7\" \/><a href=\"http:\/\/www.radiopiu.net\/wordpress\/wp-content\/uploads\/2019\/04\/ROBERTO.mp3\">http:\/\/www.radiopiu.net\/wordpress\/wp-content\/uploads\/2019\/04\/ROBERTO.mp3<\/a><\/audio>\n\n\t\t\t<style type='text\/css'>\n\t\t\t\t#gallery-3 {\n\t\t\t\t\tmargin: auto;\n\t\t\t\t}\n\t\t\t\t#gallery-3 .gallery-item {\n\t\t\t\t\tfloat: left;\n\t\t\t\t\tmargin-top: 10px;\n\t\t\t\t\ttext-align: center;\n\t\t\t\t\twidth: 33%;\n\t\t\t\t}\n\t\t\t\t#gallery-3 img {\n\t\t\t\t\tborder: 2px solid #cfcfcf;\n\t\t\t\t}\n\t\t\t\t#gallery-3 .gallery-caption {\n\t\t\t\t\tmargin-left: 0;\n\t\t\t\t}\n\t\t\t\t\/* see gallery_shortcode() in wp-includes\/media.php *\/\n\t\t\t<\/style>\n\t\t<div id='gallery-3' class='dt-gallery-container gallery galleryid-81252 gallery-columns-3 gallery-size-thumbnail'><dl class='gallery-item'>\n\t\t\t\t<dt class='gallery-icon landscape'>\n\t\t\t\t\t<a class=\"rollover\" href='https:\/\/www.radiopiu.net\/wordpress\/giornale-radiopiu-02-aprile-2019-direttore-mirko-mezzacasa\/13-5\/'><img loading=\"lazy\" decoding=\"async\" width=\"150\" height=\"150\" src=\"https:\/\/www.radiopiu.net\/wordpress\/wp-content\/uploads\/2019\/04\/13-150x150.jpg\" class=\"attachment-thumbnail size-thumbnail\" alt=\"\" \/><\/a>\n\t\t\t\t<\/dt><\/dl><dl class='gallery-item'>\n\t\t\t\t<dt class='gallery-icon landscape'>\n\t\t\t\t\t<a class=\"rollover\" href='https:\/\/www.radiopiu.net\/wordpress\/giornale-radiopiu-02-aprile-2019-direttore-mirko-mezzacasa\/14-6\/'><img loading=\"lazy\" decoding=\"async\" width=\"150\" height=\"150\" src=\"https:\/\/www.radiopiu.net\/wordpress\/wp-content\/uploads\/2019\/04\/14-150x150.jpg\" class=\"attachment-thumbnail size-thumbnail\" alt=\"\" \/><\/a>\n\t\t\t\t<\/dt><\/dl><dl class='gallery-item'>\n\t\t\t\t<dt class='gallery-icon landscape'>\n\t\t\t\t\t<a class=\"rollover\" href='https:\/\/www.radiopiu.net\/wordpress\/giornale-radiopiu-02-aprile-2019-direttore-mirko-mezzacasa\/img_2250\/'><img loading=\"lazy\" decoding=\"async\" width=\"150\" height=\"150\" src=\"https:\/\/www.radiopiu.net\/wordpress\/wp-content\/uploads\/2019\/04\/IMG_2250-150x150.jpg\" class=\"attachment-thumbnail size-thumbnail\" alt=\"\" \/><\/a>\n\t\t\t\t<\/dt><\/dl><br style=\"clear: both\" \/>\n\t\t\t<\/div>\n\n<p>&nbsp;<\/p>\n<p>&nbsp;<\/p>\n<p>&nbsp;<\/p>\n<div class=\"page-title-head hgroup\">\n<h1 class=\"entry-title\"><a class=\"dt-pswp-item\" href=\"http:\/\/www.radiopiu.net\/wordpress\/wp-content\/uploads\/2018\/09\/banner-speciali-1.png\" data-dt-img-description=\"\" data-large_image_width=\"250\" data-large_image_height=\"175\"><img loading=\"lazy\" decoding=\"async\" class=\"size-full wp-image-59743 alignleft\" src=\"http:\/\/www.radiopiu.net\/wordpress\/wp-content\/uploads\/2018\/09\/banner-speciali-1.png\" alt=\"\" width=\"250\" height=\"175\" \/><\/a><\/h1>\n<h1><\/h1>\n<h1 class=\"entry-title\">GIUSEPPE ZAIS. \u201cPITTORE DEL ROCOCO\u2019\u201d NATO 310 ANNI FA A CANALE D\u2019AGORDO DI RENATO BONA<\/h1>\n<\/div>\n<p>&nbsp;<\/p>\n<p>&nbsp;<\/p>\n<p>&nbsp;<\/p>\n<blockquote class=\"wp-embedded-content\" data-secret=\"oPegXFMgXA\"><p><a href=\"http:\/\/www.radiopiu.net\/wordpress\/giuseppe-zais-pittore-del-rococo-nato-310-anni-fa-a-canale-dagordo-di-renato-bona\/\">GIUSEPPE ZAIS. \u201cPITTORE DEL ROCOCO\u2019\u201d NATO 310 ANNI FA A CANALE D\u2019AGORDO di RENATO BONA<\/a><\/p><\/blockquote>\n<p><iframe loading=\"lazy\" class=\"wp-embedded-content\" sandbox=\"allow-scripts\" security=\"restricted\" style=\"position: absolute; clip: rect(1px, 1px, 1px, 1px);\" src=\"http:\/\/www.radiopiu.net\/wordpress\/giuseppe-zais-pittore-del-rococo-nato-310-anni-fa-a-canale-dagordo-di-renato-bona\/embed\/#?secret=oPegXFMgXA\" data-secret=\"oPegXFMgXA\" width=\"600\" height=\"338\" title=\"&#8220;GIUSEPPE ZAIS. \u201cPITTORE DEL ROCOCO\u2019\u201d NATO 310 ANNI FA A CANALE D\u2019AGORDO di RENATO BONA&#8221; &#8212; Radio Pi\u00f9\" frameborder=\"0\" marginwidth=\"0\" marginheight=\"0\" scrolling=\"no\"><\/iframe><\/p>\n<div class=\"page-title-breadcrumbs\"><\/div>\n<div><\/div>\n<div><\/div>\n<div><\/div>\n<div><\/div>\n<div class=\"\" data-block=\"true\" data-editor=\"5duc9\" data-offset-key=\"1i0aq-0-0\">\n<div class=\"_1mf _1mj\" data-offset-key=\"1i0aq-0-0\"><\/div>\n<\/div>\n<div class=\"\" data-block=\"true\" data-editor=\"5duc9\" data-offset-key=\"ehpj6-0-0\">\n<div class=\"_1mf _1mj\" data-offset-key=\"ehpj6-0-0\"><\/div>\n<\/div>\n<p>&nbsp;<\/p>\n<p>&nbsp;<\/p>\n<p>&nbsp;<\/p>\n<h3><a class=\"dt-pswp-item\" href=\"http:\/\/www.radiopiu.net\/wordpress\/wp-content\/uploads\/2018\/09\/WhatsApp-Image-2018-09-20-at-16.04.06.jpeg\" data-dt-img-description=\"\" data-large_image_width=\"800\" data-large_image_height=\"100\"><img loading=\"lazy\" decoding=\"async\" class=\"alignnone wp-image-61378 size-full\" src=\"http:\/\/www.radiopiu.net\/wordpress\/wp-content\/uploads\/2018\/09\/WhatsApp-Image-2018-09-20-at-16.04.06.jpeg\" alt=\"\" width=\"800\" height=\"100\" srcset=\"https:\/\/www.radiopiu.net\/wordpress\/wp-content\/uploads\/2018\/09\/WhatsApp-Image-2018-09-20-at-16.04.06.jpeg 800w, https:\/\/www.radiopiu.net\/wordpress\/wp-content\/uploads\/2018\/09\/WhatsApp-Image-2018-09-20-at-16.04.06-300x38.jpeg 300w, https:\/\/www.radiopiu.net\/wordpress\/wp-content\/uploads\/2018\/09\/WhatsApp-Image-2018-09-20-at-16.04.06-768x96.jpeg 768w\" sizes=\"auto, (max-width: 800px) 100vw, 800px\" \/><\/a><\/h3>\n<p><center><b>Martedi 2<\/b><\/center><b>Tempo atteso: <\/b>Al mattino residui tratti soleggiati e nuvolosit\u00e0 medio-alta stratiforme. Al pomeriggio ulteriore intensificazione della nuvolosit\u00e0 fino a cielo molto nuvoloso\/coperto a fine giornata, quando non saranno da escludere deboli fenomeni sparsi. Clima diurno un po&#8217; pi\u00f9 fresco per forte riduzione del soleggiamento, l&#8217;atmosfera diventer\u00e0 uggiosa alla sera.<br \/>\n<b>Precipitazioni: <\/b>Fino al primo pomeriggio assenti (0%); in seguito in aumento fino a medio-bassa nel tardo pomeriggio\/sera (30\/40%) per deboli precipitazioni sparse, nevose oltre i 1600\/1900 m, il limite si abbasser\u00e0 nel corso della notte.<br \/>\n<b>Temperature: <\/b>Minime in lieve aumento nelle valli e in leggero calo in quota, dove saranno osservate alla sera. Massime in generale diminuzione con punte di 13\/15\u00b0C nei fondovalle prealpini e di 9\/11\u00b0C a 1000\/1200 m. Su Prealpi a 1500 m min 3\u00b0C max 7\u00b0C, a 2000 m min 0\u00b0C max 2\u00b0C. Su Dolomiti a 2000 m min 0\u00b0C max 2\u00b0C, a 3000 m min -7\u00b0C max -5\u00b0C.<br \/>\n<b>Venti: <\/b>Nelle valli perlopi\u00f9 deboli meridionali; in quota da deboli a moderati da Sud-Ovest, tesi in serata, a 5-20 km\/h a 2000 m, 20-30 km\/h a 3000 m.<\/p>\n<hr \/>\n<p><center><b>Mercoledi 3<\/b><\/center><b>Tempo atteso: <\/b>Tempo in peggioramento fino a risultare perturbato nel pomeriggio\/sera, con cielo coperto associato deboli precipitazioni sparse al mattino, diffuse e moderate tra il pomeriggio e la sera. Clima fresco ed uggioso con debole escursione termica.<br \/>\n<b>Precipitazioni: <\/b>Al mattino probabilit\u00e0 medio-alta (50\/70%) per deboli precipitazioni sparse, nevose a 1300\/1500 m. Al pomeriggio probabilit\u00e0 molto alta (90\/100%) per fenomeni pi\u00f9 diffusi, a tratti anche moderata intensit\u00e0. La neve cadr\u00e0 oltre i 1100\/1300 m sulle Dolomiti, localmente pi\u00f9 in basso nelle valli pi\u00f9 chiuse qualora la moderata intensit\u00e0 perdurasse nelle ore serali, e 1300\/1500 m sulle Prealpi. In 24 ore sono previsti 15\/20 mm, localmente 30\/40 mm tra Prealpi e Dolomiti meridionali, con altrettanti cm di neve oltre i 1600\/1800 m.<br \/>\n<b>Temperature: <\/b>Minime in lieve aumento nelle valli e in leggero calo in quota. Massime in ulteriore lieve diminuzione. Su Prealpi a 1500 m min 1\u00b0C max 3\u00b0C, a 2000 m min -2\u00b0C max -1\u00b0C. Su Dolomiti a 2000 m min -3\u00b0C max -2\u00b0C, a 3000 m min -8\u00b0C max -7\u00b0C.<br \/>\n<b>Venti: <\/b>Nelle valli perlopi\u00f9 deboli meridionali; in quota moderati\/tesi da Sud, a 5-25 km\/h a 2000 m, 30-45 km\/h a 3000 m.<\/p>\n<hr \/>\n<p><center><b>Giovedi 4<\/b><\/center>Spiccato maltempo con cielo coperto e precipitazioni di moderata\/forte intensit\u00e0, anche abbondanti sulle Prealpi e gran parte delle Dolomiti centro-meridionali. Per ora le piogge complessive sono mediamente di 80\/110 mm con massimi di 150\/180 mm). Il limite neve sar\u00e0 sui 1200\/1500 m sulle Prealpi e scender\u00e0 fino sui 1000\/1200 m sulle Dolomiti, anche a quote pi\u00f9 basse nelle valli dolomitiche pi\u00f9 chiuse (localmente e temporaneamente fino sui 700\/800 m). Temperature senza notevoli variazioni rispetto a mercoled\u00ec, eccetto calo delle massime. Venti tesi\/forti meridionali in quota. Clima molto uggioso e debole escursione termica.<\/p>\n<hr \/>\n<p><center><b>Venerdi 5<\/b><\/center>Residuo maltempo notturno con precipitazioni a carattere di rovescio, nevose oltre i 700\/800 m. In giornata netto miglioramento con ampi rasserenamenti al mattino e qualche modesto addensamento al pomeriggio, quest&#8217;ultimi pi\u00f9 frequente sulle Prealpi. Temperature in generale calo, eccetto le massime nelle valli per ricomparsa del sole. Venti deboli da Nord in quota. Previsore: R.L.Th.<\/p>\n","protected":false},"excerpt":{"rendered":"<p>DALLA UILTEC: ESSILORLUXOTTICA, Premio di risultato oltre i 2300 euro. DALLA UILTEC: Premio di risultato oltre i 2300 euro. &nbsp; &nbsp; &nbsp; OLIMPIADI DAL GOVERNO E&#8217; APPOGGIO TOTALE Ieri a Venezia all&#8217;aeroporto Luca Zaia ha salutato in romeno Octavian Morariu il presidente della commissione Cio che valuter\u00e0 la candidatura olimpica 2026. Da oggi via alle&hellip;<\/p>\n","protected":false},"author":1,"featured_media":81291,"comment_status":"closed","ping_status":"closed","sticky":false,"template":"","format":"standard","meta":{"_monsterinsights_skip_tracking":false,"_monsterinsights_sitenote_active":false,"_monsterinsights_sitenote_note":"","_monsterinsights_sitenote_category":0,"footnotes":""},"categories":[86],"tags":[],"class_list":["post-81252","post","type-post","status-publish","format-standard","has-post-thumbnail","hentry","category-gr","category-86","description-off"],"img_url":"https:\/\/www.radiopiu.net\/wordpress\/wp-content\/uploads\/2019\/04\/56468224_786741888362388_3015907468107579392_n.jpg","_links":{"self":[{"href":"https:\/\/www.radiopiu.net\/wordpress\/wp-json\/wp\/v2\/posts\/81252","targetHints":{"allow":["GET"]}}],"collection":[{"href":"https:\/\/www.radiopiu.net\/wordpress\/wp-json\/wp\/v2\/posts"}],"about":[{"href":"https:\/\/www.radiopiu.net\/wordpress\/wp-json\/wp\/v2\/types\/post"}],"author":[{"embeddable":true,"href":"https:\/\/www.radiopiu.net\/wordpress\/wp-json\/wp\/v2\/users\/1"}],"replies":[{"embeddable":true,"href":"https:\/\/www.radiopiu.net\/wordpress\/wp-json\/wp\/v2\/comments?post=81252"}],"version-history":[{"count":0,"href":"https:\/\/www.radiopiu.net\/wordpress\/wp-json\/wp\/v2\/posts\/81252\/revisions"}],"wp:featuredmedia":[{"embeddable":true,"href":"https:\/\/www.radiopiu.net\/wordpress\/wp-json\/wp\/v2\/media\/81291"}],"wp:attachment":[{"href":"https:\/\/www.radiopiu.net\/wordpress\/wp-json\/wp\/v2\/media?parent=81252"}],"wp:term":[{"taxonomy":"category","embeddable":true,"href":"https:\/\/www.radiopiu.net\/wordpress\/wp-json\/wp\/v2\/categories?post=81252"},{"taxonomy":"post_tag","embeddable":true,"href":"https:\/\/www.radiopiu.net\/wordpress\/wp-json\/wp\/v2\/tags?post=81252"}],"curies":[{"name":"wp","href":"https:\/\/api.w.org\/{rel}","templated":true}]}}